{"id":18912,"date":"2022-03-22T08:48:11","date_gmt":"2022-03-22T08:48:11","guid":{"rendered":"https:\/\/adra.md\/?p=18912"},"modified":"2022-03-22T08:48:11","modified_gmt":"2022-03-22T08:48:11","slug":"misiune-indeplinita-in-republica-moldova","status":"publish","type":"post","link":"https:\/\/adra.md\/ru\/misiune-indeplinita-in-republica-moldova\/","title":{"rendered":"Misiune \u00eendeplinit\u0103 \u00een Republica Moldova!"},"content":{"rendered":"<div dir=\"auto\">Misiune \u00eendeplinit\u0103 \u00een Republica Moldova! Primul ajutor umanitar ADRA Rom\u00e2nia pentru Republica Moldova s-a \u00eentors cu bine acas\u0103<\/div>\n<div dir=\"auto\">Dup\u0103 18 de ore de c\u0103l\u0103torie, voluntarii implica\u021bi \u00een primul ajutor umanitar ADRA Rom\u00e2nia pentru refugia\u021bii ucrainieni din Republica Moldova au ajuns \u00een siguran\u021b\u0103 acas\u0103.<\/div>\n<div dir=\"auto\"><\/div>\n<div dir=\"auto\">\n<div id='gallery-1' class='gallery galleryid-18912 gallery-columns-3 gallery-size-thumbnail'><figure class='gallery-item'>\n\t\t\t<div class='gallery-icon portrait'>\n\t\t\t\t<a href='https:\/\/adra.md\/ru\/misiune-indeplinita-in-republica-moldova\/275553588_111063784861315_2229621278385882871_n\/'><img decoding=\"async\" width=\"150\" height=\"150\" src=\"https:\/\/adra.md\/wp-content\/uploads\/2022\/03\/275553588_111063784861315_2229621278385882871_n-150x150.jpeg\" class=\"attachment-thumbnail size-thumbnail\" alt=\"\" srcset=\"https:\/\/adra.md\/wp-content\/uploads\/2022\/03\/275553588_111063784861315_2229621278385882871_n-150x150.jpeg 150w, https:\/\/adra.md\/wp-content\/uploads\/2022\/03\/275553588_111063784861315_2229621278385882871_n-100x100.jpeg 100w\" sizes=\"(max-width: 150px) 100vw, 150px\" \/><\/a>\n\t\t\t<\/div><\/figure><figure class='gallery-item'>\n\t\t\t<div class='gallery-icon landscape'>\n\t\t\t\t<a href='https:\/\/adra.md\/ru\/misiune-indeplinita-in-republica-moldova\/275556411_111063854861308_7777659945362357991_n\/'><img decoding=\"async\" width=\"150\" height=\"150\" src=\"https:\/\/adra.md\/wp-content\/uploads\/2022\/03\/275556411_111063854861308_7777659945362357991_n-150x150.jpeg\" class=\"attachment-thumbnail size-thumbnail\" alt=\"\" srcset=\"https:\/\/adra.md\/wp-content\/uploads\/2022\/03\/275556411_111063854861308_7777659945362357991_n-150x150.jpeg 150w, https:\/\/adra.md\/wp-content\/uploads\/2022\/03\/275556411_111063854861308_7777659945362357991_n-100x100.jpeg 100w\" sizes=\"(max-width: 150px) 100vw, 150px\" \/><\/a>\n\t\t\t<\/div><\/figure><figure class='gallery-item'>\n\t\t\t<div class='gallery-icon landscape'>\n\t\t\t\t<a href='https:\/\/adra.md\/ru\/misiune-indeplinita-in-republica-moldova\/275558056_111063731527987_4811475313210023854_n-2\/'><img decoding=\"async\" width=\"150\" height=\"150\" src=\"https:\/\/adra.md\/wp-content\/uploads\/2022\/03\/275558056_111063731527987_4811475313210023854_n-1-150x150.jpeg\" class=\"attachment-thumbnail size-thumbnail\" alt=\"\" srcset=\"https:\/\/adra.md\/wp-content\/uploads\/2022\/03\/275558056_111063731527987_4811475313210023854_n-1-150x150.jpeg 150w, https:\/\/adra.md\/wp-content\/uploads\/2022\/03\/275558056_111063731527987_4811475313210023854_n-1-100x100.jpeg 100w\" sizes=\"(max-width: 150px) 100vw, 150px\" \/><\/a>\n\t\t\t<\/div><\/figure><figure class='gallery-item'>\n\t\t\t<div class='gallery-icon portrait'>\n\t\t\t\t<a href='https:\/\/adra.md\/ru\/misiune-indeplinita-in-republica-moldova\/275565202_111063768194650_8440465536450138599_n\/'><img loading=\"lazy\" decoding=\"async\" width=\"150\" height=\"150\" src=\"https:\/\/adra.md\/wp-content\/uploads\/2022\/03\/275565202_111063768194650_8440465536450138599_n-150x150.jpeg\" class=\"attachment-thumbnail size-thumbnail\" alt=\"\" srcset=\"https:\/\/adra.md\/wp-content\/uploads\/2022\/03\/275565202_111063768194650_8440465536450138599_n-150x150.jpeg 150w, https:\/\/adra.md\/wp-content\/uploads\/2022\/03\/275565202_111063768194650_8440465536450138599_n-100x100.jpeg 100w\" sizes=\"(max-width: 150px) 100vw, 150px\" \/><\/a>\n\t\t\t<\/div><\/figure><figure class='gallery-item'>\n\t\t\t<div class='gallery-icon landscape'>\n\t\t\t\t<a href='https:\/\/adra.md\/ru\/misiune-indeplinita-in-republica-moldova\/275597946_111063824861311_7878243136909237234_n\/'><img loading=\"lazy\" decoding=\"async\" width=\"150\" height=\"150\" src=\"https:\/\/adra.md\/wp-content\/uploads\/2022\/03\/275597946_111063824861311_7878243136909237234_n-150x150.jpeg\" class=\"attachment-thumbnail size-thumbnail\" alt=\"\" srcset=\"https:\/\/adra.md\/wp-content\/uploads\/2022\/03\/275597946_111063824861311_7878243136909237234_n-150x150.jpeg 150w, https:\/\/adra.md\/wp-content\/uploads\/2022\/03\/275597946_111063824861311_7878243136909237234_n-100x100.jpeg 100w\" sizes=\"(max-width: 150px) 100vw, 150px\" \/><\/a>\n\t\t\t<\/div><\/figure><figure class='gallery-item'>\n\t\t\t<div class='gallery-icon portrait'>\n\t\t\t\t<a href='https:\/\/adra.md\/ru\/misiune-indeplinita-in-republica-moldova\/275606733_111063794861314_7022448489163813387_n\/'><img loading=\"lazy\" decoding=\"async\" width=\"150\" height=\"150\" src=\"https:\/\/adra.md\/wp-content\/uploads\/2022\/03\/275606733_111063794861314_7022448489163813387_n-150x150.jpeg\" class=\"attachment-thumbnail size-thumbnail\" alt=\"\" srcset=\"https:\/\/adra.md\/wp-content\/uploads\/2022\/03\/275606733_111063794861314_7022448489163813387_n-150x150.jpeg 150w, https:\/\/adra.md\/wp-content\/uploads\/2022\/03\/275606733_111063794861314_7022448489163813387_n-100x100.jpeg 100w\" sizes=\"(max-width: 150px) 100vw, 150px\" \/><\/a>\n\t\t\t<\/div><\/figure><figure class='gallery-item'>\n\t\t\t<div class='gallery-icon landscape'>\n\t\t\t\t<a href='https:\/\/adra.md\/ru\/misiune-indeplinita-in-republica-moldova\/275662488_111063864861307_2986694899400780249_n\/'><img loading=\"lazy\" decoding=\"async\" width=\"150\" height=\"150\" src=\"https:\/\/adra.md\/wp-content\/uploads\/2022\/03\/275662488_111063864861307_2986694899400780249_n-150x150.jpeg\" class=\"attachment-thumbnail size-thumbnail\" alt=\"\" srcset=\"https:\/\/adra.md\/wp-content\/uploads\/2022\/03\/275662488_111063864861307_2986694899400780249_n-150x150.jpeg 150w, https:\/\/adra.md\/wp-content\/uploads\/2022\/03\/275662488_111063864861307_2986694899400780249_n-100x100.jpeg 100w\" sizes=\"(max-width: 150px) 100vw, 150px\" \/><\/a>\n\t\t\t<\/div><\/figure>\n\t\t<\/div>\n\n<\/div>","protected":false},"excerpt":{"rendered":"<p>Misiune \u00eendeplinit\u0103 \u00een Republica Moldova! Primul ajutor umanitar ADRA Rom\u00e2nia pentru Republica Moldova s-a \u00eentors cu bine acas\u0103 Dup\u0103 18 de ore de c\u0103l\u0103torie, voluntarii implica\u021bi \u00een primul ajutor umanitar ADRA Rom\u00e2nia pentru refugia\u021bii ucrainieni din Republica Moldova au ajuns \u00een siguran\u021b\u0103 acas\u0103.<\/p>","protected":false},"author":9,"featured_media":18913,"comment_status":"closed","ping_status":"closed","sticky":false,"template":"","format":"standard","meta":{"_acf_changed":false,"footnotes":""},"categories":[294],"tags":[],"class_list":["post-18912","post","type-post","status-publish","format-standard","has-post-thumbnail","hentry","category-news"],"acf":[],"yoast_head":"<!-- This site is optimized with the Yoast SEO plugin v27.4 - https:\/\/yoast.com\/product\/yoast-seo-wordpress\/ -->\n<title>Misiune \u00eendeplinit\u0103 \u00een Republica Moldova! - ADRA Moldova<\/title>\n<meta name=\"robots\" content=\"index, follow, max-snippet:-1, max-image-preview:large, max-video-preview:-1\" \/>\n<link rel=\"canonical\" href=\"https:\/\/adra.md\/ru\/misiune-indeplinita-in-republica-moldova\/\" \/>\n<meta property=\"og:locale\" content=\"ru_RU\" \/>\n<meta property=\"og:type\" content=\"article\" \/>\n<meta property=\"og:title\" content=\"Misiune \u00eendeplinit\u0103 \u00een Republica Moldova! - ADRA Moldova\" \/>\n<meta property=\"og:description\" content=\"Misiune \u00eendeplinit\u0103 \u00een Republica Moldova! Primul ajutor umanitar ADRA Rom\u00e2nia pentru Republica Moldova s-a \u00eentors cu bine acas\u0103 Dup\u0103 18 de ore de c\u0103l\u0103torie, voluntarii implica\u021bi \u00een primul ajutor umanitar ADRA Rom\u00e2nia pentru refugia\u021bii ucrainieni din Republica Moldova au ajuns \u00een siguran\u021b\u0103 acas\u0103.\" \/>\n<meta property=\"og:url\" content=\"https:\/\/adra.md\/ru\/misiune-indeplinita-in-republica-moldova\/\" \/>\n<meta property=\"og:site_name\" content=\"ADRA Moldova\" \/>\n<meta property=\"article:published_time\" content=\"2022-03-22T08:48:11+00:00\" \/>\n<meta property=\"og:image\" content=\"https:\/\/adra.md\/wp-content\/uploads\/2022\/03\/275558056_111063731527987_4811475313210023854_n.jpeg\" \/>\n\t<meta property=\"og:image:width\" content=\"2048\" \/>\n\t<meta property=\"og:image:height\" content=\"1536\" \/>\n\t<meta property=\"og:image:type\" content=\"image\/jpeg\" \/>\n<meta name=\"author\" content=\"ADRA Moldova\" \/>\n<meta name=\"twitter:card\" content=\"summary_large_image\" \/>\n<meta name=\"twitter:label1\" content=\"\u041d\u0430\u043f\u0438\u0441\u0430\u043d\u043e \u0430\u0432\u0442\u043e\u0440\u043e\u043c\" \/>\n\t<meta name=\"twitter:data1\" content=\"ADRA Moldova\" \/>\n<script type=\"application\/ld+json\" class=\"yoast-schema-graph\">{\"@context\":\"https:\\\/\\\/schema.org\",\"@graph\":[{\"@type\":\"Article\",\"@id\":\"https:\\\/\\\/adra.md\\\/misiune-indeplinita-in-republica-moldova\\\/#article\",\"isPartOf\":{\"@id\":\"https:\\\/\\\/adra.md\\\/misiune-indeplinita-in-republica-moldova\\\/\"},\"author\":{\"name\":\"ADRA Moldova\",\"@id\":\"https:\\\/\\\/adra.md\\\/#\\\/schema\\\/person\\\/b0181e611ee89738cefb7dc2db2bb8d1\"},\"headline\":\"Misiune \u00eendeplinit\u0103 \u00een Republica Moldova!\",\"datePublished\":\"2022-03-22T08:48:11+00:00\",\"mainEntityOfPage\":{\"@id\":\"https:\\\/\\\/adra.md\\\/misiune-indeplinita-in-republica-moldova\\\/\"},\"wordCount\":55,\"publisher\":{\"@id\":\"https:\\\/\\\/adra.md\\\/#organization\"},\"image\":{\"@id\":\"https:\\\/\\\/adra.md\\\/misiune-indeplinita-in-republica-moldova\\\/#primaryimage\"},\"thumbnailUrl\":\"https:\\\/\\\/adra.md\\\/wp-content\\\/uploads\\\/2022\\\/03\\\/275558056_111063731527987_4811475313210023854_n.jpeg\",\"articleSection\":[\"News\"],\"inLanguage\":\"ru-RU\"},{\"@type\":\"WebPage\",\"@id\":\"https:\\\/\\\/adra.md\\\/misiune-indeplinita-in-republica-moldova\\\/\",\"url\":\"https:\\\/\\\/adra.md\\\/misiune-indeplinita-in-republica-moldova\\\/\",\"name\":\"Misiune \u00eendeplinit\u0103 \u00een Republica Moldova! - ADRA Moldova\",\"isPartOf\":{\"@id\":\"https:\\\/\\\/adra.md\\\/#website\"},\"primaryImageOfPage\":{\"@id\":\"https:\\\/\\\/adra.md\\\/misiune-indeplinita-in-republica-moldova\\\/#primaryimage\"},\"image\":{\"@id\":\"https:\\\/\\\/adra.md\\\/misiune-indeplinita-in-republica-moldova\\\/#primaryimage\"},\"thumbnailUrl\":\"https:\\\/\\\/adra.md\\\/wp-content\\\/uploads\\\/2022\\\/03\\\/275558056_111063731527987_4811475313210023854_n.jpeg\",\"datePublished\":\"2022-03-22T08:48:11+00:00\",\"breadcrumb\":{\"@id\":\"https:\\\/\\\/adra.md\\\/misiune-indeplinita-in-republica-moldova\\\/#breadcrumb\"},\"inLanguage\":\"ru-RU\",\"potentialAction\":[{\"@type\":\"ReadAction\",\"target\":[\"https:\\\/\\\/adra.md\\\/misiune-indeplinita-in-republica-moldova\\\/\"]}]},{\"@type\":\"ImageObject\",\"inLanguage\":\"ru-RU\",\"@id\":\"https:\\\/\\\/adra.md\\\/misiune-indeplinita-in-republica-moldova\\\/#primaryimage\",\"url\":\"https:\\\/\\\/adra.md\\\/wp-content\\\/uploads\\\/2022\\\/03\\\/275558056_111063731527987_4811475313210023854_n.jpeg\",\"contentUrl\":\"https:\\\/\\\/adra.md\\\/wp-content\\\/uploads\\\/2022\\\/03\\\/275558056_111063731527987_4811475313210023854_n.jpeg\",\"width\":2048,\"height\":1536},{\"@type\":\"BreadcrumbList\",\"@id\":\"https:\\\/\\\/adra.md\\\/misiune-indeplinita-in-republica-moldova\\\/#breadcrumb\",\"itemListElement\":[{\"@type\":\"ListItem\",\"position\":1,\"name\":\"Home\",\"item\":\"https:\\\/\\\/adra.md\\\/\"},{\"@type\":\"ListItem\",\"position\":2,\"name\":\"Misiune \u00eendeplinit\u0103 \u00een Republica Moldova!\"}]},{\"@type\":\"WebSite\",\"@id\":\"https:\\\/\\\/adra.md\\\/#website\",\"url\":\"https:\\\/\\\/adra.md\\\/\",\"name\":\"ADRA Moldova\",\"description\":\"Agen\u0163ia Adventist\u0103 pentru Dezvoltare, Refacere \u015fi Ajutor\",\"publisher\":{\"@id\":\"https:\\\/\\\/adra.md\\\/#organization\"},\"potentialAction\":[{\"@type\":\"SearchAction\",\"target\":{\"@type\":\"EntryPoint\",\"urlTemplate\":\"https:\\\/\\\/adra.md\\\/?s={search_term_string}\"},\"query-input\":{\"@type\":\"PropertyValueSpecification\",\"valueRequired\":true,\"valueName\":\"search_term_string\"}}],\"inLanguage\":\"ru-RU\"},{\"@type\":\"Organization\",\"@id\":\"https:\\\/\\\/adra.md\\\/#organization\",\"name\":\"ADRA Moldova\",\"url\":\"https:\\\/\\\/adra.md\\\/\",\"logo\":{\"@type\":\"ImageObject\",\"inLanguage\":\"ru-RU\",\"@id\":\"https:\\\/\\\/adra.md\\\/#\\\/schema\\\/logo\\\/image\\\/\",\"url\":\"https:\\\/\\\/adra.md\\\/wp-content\\\/uploads\\\/2019\\\/11\\\/group-435.png\",\"contentUrl\":\"https:\\\/\\\/adra.md\\\/wp-content\\\/uploads\\\/2019\\\/11\\\/group-435.png\",\"width\":500,\"height\":133,\"caption\":\"ADRA Moldova\"},\"image\":{\"@id\":\"https:\\\/\\\/adra.md\\\/#\\\/schema\\\/logo\\\/image\\\/\"}},{\"@type\":\"Person\",\"@id\":\"https:\\\/\\\/adra.md\\\/#\\\/schema\\\/person\\\/b0181e611ee89738cefb7dc2db2bb8d1\",\"name\":\"ADRA Moldova\",\"url\":\"https:\\\/\\\/adra.md\\\/ru\\\/author\\\/andrei-girleanu\\\/\"}]}<\/script>\n<!-- \/ Yoast SEO plugin. -->","yoast_head_json":{"title":"Misiune \u00eendeplinit\u0103 \u00een Republica Moldova! - ADRA Moldova","robots":{"index":"index","follow":"follow","max-snippet":"max-snippet:-1","max-image-preview":"max-image-preview:large","max-video-preview":"max-video-preview:-1"},"canonical":"https:\/\/adra.md\/ru\/misiune-indeplinita-in-republica-moldova\/","og_locale":"ru_RU","og_type":"article","og_title":"Misiune \u00eendeplinit\u0103 \u00een Republica Moldova! - ADRA Moldova","og_description":"Misiune \u00eendeplinit\u0103 \u00een Republica Moldova! Primul ajutor umanitar ADRA Rom\u00e2nia pentru Republica Moldova s-a \u00eentors cu bine acas\u0103 Dup\u0103 18 de ore de c\u0103l\u0103torie, voluntarii implica\u021bi \u00een primul ajutor umanitar ADRA Rom\u00e2nia pentru refugia\u021bii ucrainieni din Republica Moldova au ajuns \u00een siguran\u021b\u0103 acas\u0103.","og_url":"https:\/\/adra.md\/ru\/misiune-indeplinita-in-republica-moldova\/","og_site_name":"ADRA Moldova","article_published_time":"2022-03-22T08:48:11+00:00","og_image":[{"width":2048,"height":1536,"url":"https:\/\/adra.md\/wp-content\/uploads\/2022\/03\/275558056_111063731527987_4811475313210023854_n.jpeg","type":"image\/jpeg"}],"author":"ADRA Moldova","twitter_card":"summary_large_image","twitter_misc":{"\u041d\u0430\u043f\u0438\u0441\u0430\u043d\u043e \u0430\u0432\u0442\u043e\u0440\u043e\u043c":"ADRA Moldova"},"schema":{"@context":"https:\/\/schema.org","@graph":[{"@type":"Article","@id":"https:\/\/adra.md\/misiune-indeplinita-in-republica-moldova\/#article","isPartOf":{"@id":"https:\/\/adra.md\/misiune-indeplinita-in-republica-moldova\/"},"author":{"name":"ADRA Moldova","@id":"https:\/\/adra.md\/#\/schema\/person\/b0181e611ee89738cefb7dc2db2bb8d1"},"headline":"Misiune \u00eendeplinit\u0103 \u00een Republica Moldova!","datePublished":"2022-03-22T08:48:11+00:00","mainEntityOfPage":{"@id":"https:\/\/adra.md\/misiune-indeplinita-in-republica-moldova\/"},"wordCount":55,"publisher":{"@id":"https:\/\/adra.md\/#organization"},"image":{"@id":"https:\/\/adra.md\/misiune-indeplinita-in-republica-moldova\/#primaryimage"},"thumbnailUrl":"https:\/\/adra.md\/wp-content\/uploads\/2022\/03\/275558056_111063731527987_4811475313210023854_n.jpeg","articleSection":["News"],"inLanguage":"ru-RU"},{"@type":"WebPage","@id":"https:\/\/adra.md\/misiune-indeplinita-in-republica-moldova\/","url":"https:\/\/adra.md\/misiune-indeplinita-in-republica-moldova\/","name":"Misiune \u00eendeplinit\u0103 \u00een Republica Moldova! - ADRA Moldova","isPartOf":{"@id":"https:\/\/adra.md\/#website"},"primaryImageOfPage":{"@id":"https:\/\/adra.md\/misiune-indeplinita-in-republica-moldova\/#primaryimage"},"image":{"@id":"https:\/\/adra.md\/misiune-indeplinita-in-republica-moldova\/#primaryimage"},"thumbnailUrl":"https:\/\/adra.md\/wp-content\/uploads\/2022\/03\/275558056_111063731527987_4811475313210023854_n.jpeg","datePublished":"2022-03-22T08:48:11+00:00","breadcrumb":{"@id":"https:\/\/adra.md\/misiune-indeplinita-in-republica-moldova\/#breadcrumb"},"inLanguage":"ru-RU","potentialAction":[{"@type":"ReadAction","target":["https:\/\/adra.md\/misiune-indeplinita-in-republica-moldova\/"]}]},{"@type":"ImageObject","inLanguage":"ru-RU","@id":"https:\/\/adra.md\/misiune-indeplinita-in-republica-moldova\/#primaryimage","url":"https:\/\/adra.md\/wp-content\/uploads\/2022\/03\/275558056_111063731527987_4811475313210023854_n.jpeg","contentUrl":"https:\/\/adra.md\/wp-content\/uploads\/2022\/03\/275558056_111063731527987_4811475313210023854_n.jpeg","width":2048,"height":1536},{"@type":"BreadcrumbList","@id":"https:\/\/adra.md\/misiune-indeplinita-in-republica-moldova\/#breadcrumb","itemListElement":[{"@type":"ListItem","position":1,"name":"Home","item":"https:\/\/adra.md\/"},{"@type":"ListItem","position":2,"name":"Misiune \u00eendeplinit\u0103 \u00een Republica Moldova!"}]},{"@type":"WebSite","@id":"https:\/\/adra.md\/#website","url":"https:\/\/adra.md\/","name":"ADRA Moldova","description":"Agen\u0163ia Adventist\u0103 pentru Dezvoltare, Refacere \u015fi Ajutor","publisher":{"@id":"https:\/\/adra.md\/#organization"},"potentialAction":[{"@type":"SearchAction","target":{"@type":"EntryPoint","urlTemplate":"https:\/\/adra.md\/?s={search_term_string}"},"query-input":{"@type":"PropertyValueSpecification","valueRequired":true,"valueName":"search_term_string"}}],"inLanguage":"ru-RU"},{"@type":"Organization","@id":"https:\/\/adra.md\/#organization","name":"ADRA Moldova","url":"https:\/\/adra.md\/","logo":{"@type":"ImageObject","inLanguage":"ru-RU","@id":"https:\/\/adra.md\/#\/schema\/logo\/image\/","url":"https:\/\/adra.md\/wp-content\/uploads\/2019\/11\/group-435.png","contentUrl":"https:\/\/adra.md\/wp-content\/uploads\/2019\/11\/group-435.png","width":500,"height":133,"caption":"ADRA Moldova"},"image":{"@id":"https:\/\/adra.md\/#\/schema\/logo\/image\/"}},{"@type":"Person","@id":"https:\/\/adra.md\/#\/schema\/person\/b0181e611ee89738cefb7dc2db2bb8d1","name":"ADRA Moldova","url":"https:\/\/adra.md\/ru\/author\/andrei-girleanu\/"}]}},"_links":{"self":[{"href":"https:\/\/adra.md\/ru\/wp-json\/wp\/v2\/posts\/18912","targetHints":{"allow":["GET"]}}],"collection":[{"href":"https:\/\/adra.md\/ru\/wp-json\/wp\/v2\/posts"}],"about":[{"href":"https:\/\/adra.md\/ru\/wp-json\/wp\/v2\/types\/post"}],"author":[{"embeddable":true,"href":"https:\/\/adra.md\/ru\/wp-json\/wp\/v2\/users\/9"}],"replies":[{"embeddable":true,"href":"https:\/\/adra.md\/ru\/wp-json\/wp\/v2\/comments?post=18912"}],"version-history":[{"count":1,"href":"https:\/\/adra.md\/ru\/wp-json\/wp\/v2\/posts\/18912\/revisions"}],"predecessor-version":[{"id":18921,"href":"https:\/\/adra.md\/ru\/wp-json\/wp\/v2\/posts\/18912\/revisions\/18921"}],"wp:featuredmedia":[{"embeddable":true,"href":"https:\/\/adra.md\/ru\/wp-json\/wp\/v2\/media\/18913"}],"wp:attachment":[{"href":"https:\/\/adra.md\/ru\/wp-json\/wp\/v2\/media?parent=18912"}],"wp:term":[{"taxonomy":"category","embeddable":true,"href":"https:\/\/adra.md\/ru\/wp-json\/wp\/v2\/categories?post=18912"},{"taxonomy":"post_tag","embeddable":true,"href":"https:\/\/adra.md\/ru\/wp-json\/wp\/v2\/tags?post=18912"}],"curies":[{"name":"wp","href":"https:\/\/api.w.org\/{rel}","templated":true}]}}