{"id":18922,"date":"2022-03-22T08:56:43","date_gmt":"2022-03-22T08:56:43","guid":{"rendered":"https:\/\/adra.md\/?p=18922"},"modified":"2022-03-22T08:56:43","modified_gmt":"2022-03-22T08:56:43","slug":"adra-moldova-si-moldotelecom-impreuna-pentru-refugiatii-din-ucraina","status":"publish","type":"post","link":"https:\/\/adra.md\/ru\/adra-moldova-si-moldotelecom-impreuna-pentru-refugiatii-din-ucraina\/","title":{"rendered":"ADRA Moldova \u0219i Moldotelecom: \u00eempreun\u0103 pentru refugia\u021bii din Ucraina"},"content":{"rendered":"<div dir=\"auto\">Colaborare frumoas\u0103 dintre Uniunea de Biserici din Moldova, ADRA Moldova \u0219i <a class=\"oajrlxb2 g5ia77u1 qu0x051f esr5mh6w e9989ue4 r7d6kgcz rq0escxv nhd2j8a9 nc684nl6 p7hjln8o kvgmc6g5 cxmmr5t8 oygrvhab hcukyx3x jb3vyjys rz4wbd8a qt6c0cv9 a8nywdso i1ao9s8h esuyzwwr f1sip0of lzcic4wl gpro0wi8 q66pz984 b1v8xokw\" tabindex=\"0\" role=\"link\" href=\"https:\/\/www.facebook.com\/Moldtelecom\/?__cft__[0]=AZW61lVksh6vN1ctLneXx0gOz4ACiVvVHg_n8_W3cYsTHrC6jtB92HAetIPzOHOnR7VPYLWVZV5Eb8sx3CrexHmFa5H3UeOGYVrVu8NKG0_81PIPvzcgWv_Lh9gAts66bZDD-nslOe9qMBQfpFxKl-mJhxIdFowVdLJ3GxnvfHFE6w&amp;__tn__=kK-R\"><span class=\"nc684nl6\">Moldtelecom<\/span><\/a> care a donat refugia\u021bilor stabiliti temporar \u00een Republica Moldova 100 cartele pentru telefon.<\/div>\n<div dir=\"auto\">&#8222;\u00cempreun\u0103 facem lumea mai bun\u0103&#8221; <span class=\"pq6dq46d tbxw36s4 knj5qynh kvgmc6g5 ditlmg2l oygrvhab nvdbi5me sf5mxxl7 gl3lb2sf hhz5lgdu\"><img decoding=\"async\" src=\"https:\/\/static.xx.fbcdn.net\/images\/emoji.php\/v9\/tf4\/2\/16\/1f607.png\" alt=\"\ud83d\ude07\" width=\"16\" height=\"16\" \/><\/span><\/div>\n","protected":false},"excerpt":{"rendered":"<p>Colaborare frumoas\u0103 dintre Uniunea de Biserici din Moldova, ADRA Moldova \u0219i Moldtelecom care a donat refugia\u021bilor stabiliti temporar \u00een Republica Moldova 100 cartele pentru telefon. &#8222;\u00cempreun\u0103 facem lumea mai bun\u0103&#8221;<\/p>","protected":false},"author":9,"featured_media":18923,"comment_status":"closed","ping_status":"closed","sticky":false,"template":"","format":"standard","meta":{"_acf_changed":false,"footnotes":""},"categories":[294],"tags":[],"class_list":["post-18922","post","type-post","status-publish","format-standard","has-post-thumbnail","hentry","category-news"],"acf":[],"yoast_head":"<!-- This site is optimized with the Yoast SEO plugin v27.4 - https:\/\/yoast.com\/product\/yoast-seo-wordpress\/ -->\n<title>ADRA Moldova \u0219i Moldotelecom: \u00eempreun\u0103 pentru refugia\u021bii din Ucraina - ADRA Moldova<\/title>\n<meta name=\"robots\" content=\"index, follow, max-snippet:-1, max-image-preview:large, max-video-preview:-1\" \/>\n<link rel=\"canonical\" href=\"https:\/\/adra.md\/ru\/adra-moldova-si-moldotelecom-impreuna-pentru-refugiatii-din-ucraina\/\" \/>\n<meta property=\"og:locale\" content=\"ru_RU\" \/>\n<meta property=\"og:type\" content=\"article\" \/>\n<meta property=\"og:title\" content=\"ADRA Moldova \u0219i Moldotelecom: \u00eempreun\u0103 pentru refugia\u021bii din Ucraina - ADRA Moldova\" \/>\n<meta property=\"og:description\" content=\"Colaborare frumoas\u0103 dintre Uniunea de Biserici din Moldova, ADRA Moldova \u0219i Moldtelecom care a donat refugia\u021bilor stabiliti temporar \u00een Republica Moldova 100 cartele pentru telefon. &#8222;\u00cempreun\u0103 facem lumea mai bun\u0103&#8221;\" \/>\n<meta property=\"og:url\" content=\"https:\/\/adra.md\/ru\/adra-moldova-si-moldotelecom-impreuna-pentru-refugiatii-din-ucraina\/\" \/>\n<meta property=\"og:site_name\" content=\"ADRA Moldova\" \/>\n<meta property=\"article:published_time\" content=\"2022-03-22T08:56:43+00:00\" \/>\n<meta property=\"og:image\" content=\"https:\/\/adra.md\/wp-content\/uploads\/2022\/03\/275861809_113686397932387_6265299017178784183_n.jpeg\" \/>\n\t<meta property=\"og:image:width\" content=\"1024\" \/>\n\t<meta property=\"og:image:height\" content=\"768\" \/>\n\t<meta property=\"og:image:type\" content=\"image\/jpeg\" \/>\n<meta name=\"author\" content=\"ADRA Moldova\" \/>\n<meta name=\"twitter:card\" content=\"summary_large_image\" \/>\n<meta name=\"twitter:label1\" content=\"\u041d\u0430\u043f\u0438\u0441\u0430\u043d\u043e \u0430\u0432\u0442\u043e\u0440\u043e\u043c\" \/>\n\t<meta name=\"twitter:data1\" content=\"ADRA Moldova\" \/>\n<script type=\"application\/ld+json\" class=\"yoast-schema-graph\">{\"@context\":\"https:\\\/\\\/schema.org\",\"@graph\":[{\"@type\":\"Article\",\"@id\":\"https:\\\/\\\/adra.md\\\/adra-moldova-si-moldotelecom-impreuna-pentru-refugiatii-din-ucraina\\\/#article\",\"isPartOf\":{\"@id\":\"https:\\\/\\\/adra.md\\\/adra-moldova-si-moldotelecom-impreuna-pentru-refugiatii-din-ucraina\\\/\"},\"author\":{\"name\":\"ADRA Moldova\",\"@id\":\"https:\\\/\\\/adra.md\\\/#\\\/schema\\\/person\\\/b0181e611ee89738cefb7dc2db2bb8d1\"},\"headline\":\"ADRA Moldova \u0219i Moldotelecom: \u00eempreun\u0103 pentru refugia\u021bii din Ucraina\",\"datePublished\":\"2022-03-22T08:56:43+00:00\",\"mainEntityOfPage\":{\"@id\":\"https:\\\/\\\/adra.md\\\/adra-moldova-si-moldotelecom-impreuna-pentru-refugiatii-din-ucraina\\\/\"},\"wordCount\":40,\"publisher\":{\"@id\":\"https:\\\/\\\/adra.md\\\/#organization\"},\"image\":{\"@id\":\"https:\\\/\\\/adra.md\\\/adra-moldova-si-moldotelecom-impreuna-pentru-refugiatii-din-ucraina\\\/#primaryimage\"},\"thumbnailUrl\":\"https:\\\/\\\/adra.md\\\/wp-content\\\/uploads\\\/2022\\\/03\\\/275861809_113686397932387_6265299017178784183_n.jpeg\",\"articleSection\":[\"News\"],\"inLanguage\":\"ru-RU\"},{\"@type\":\"WebPage\",\"@id\":\"https:\\\/\\\/adra.md\\\/adra-moldova-si-moldotelecom-impreuna-pentru-refugiatii-din-ucraina\\\/\",\"url\":\"https:\\\/\\\/adra.md\\\/adra-moldova-si-moldotelecom-impreuna-pentru-refugiatii-din-ucraina\\\/\",\"name\":\"ADRA Moldova \u0219i Moldotelecom: \u00eempreun\u0103 pentru refugia\u021bii din Ucraina - ADRA Moldova\",\"isPartOf\":{\"@id\":\"https:\\\/\\\/adra.md\\\/#website\"},\"primaryImageOfPage\":{\"@id\":\"https:\\\/\\\/adra.md\\\/adra-moldova-si-moldotelecom-impreuna-pentru-refugiatii-din-ucraina\\\/#primaryimage\"},\"image\":{\"@id\":\"https:\\\/\\\/adra.md\\\/adra-moldova-si-moldotelecom-impreuna-pentru-refugiatii-din-ucraina\\\/#primaryimage\"},\"thumbnailUrl\":\"https:\\\/\\\/adra.md\\\/wp-content\\\/uploads\\\/2022\\\/03\\\/275861809_113686397932387_6265299017178784183_n.jpeg\",\"datePublished\":\"2022-03-22T08:56:43+00:00\",\"breadcrumb\":{\"@id\":\"https:\\\/\\\/adra.md\\\/adra-moldova-si-moldotelecom-impreuna-pentru-refugiatii-din-ucraina\\\/#breadcrumb\"},\"inLanguage\":\"ru-RU\",\"potentialAction\":[{\"@type\":\"ReadAction\",\"target\":[\"https:\\\/\\\/adra.md\\\/adra-moldova-si-moldotelecom-impreuna-pentru-refugiatii-din-ucraina\\\/\"]}]},{\"@type\":\"ImageObject\",\"inLanguage\":\"ru-RU\",\"@id\":\"https:\\\/\\\/adra.md\\\/adra-moldova-si-moldotelecom-impreuna-pentru-refugiatii-din-ucraina\\\/#primaryimage\",\"url\":\"https:\\\/\\\/adra.md\\\/wp-content\\\/uploads\\\/2022\\\/03\\\/275861809_113686397932387_6265299017178784183_n.jpeg\",\"contentUrl\":\"https:\\\/\\\/adra.md\\\/wp-content\\\/uploads\\\/2022\\\/03\\\/275861809_113686397932387_6265299017178784183_n.jpeg\",\"width\":1024,\"height\":768},{\"@type\":\"BreadcrumbList\",\"@id\":\"https:\\\/\\\/adra.md\\\/adra-moldova-si-moldotelecom-impreuna-pentru-refugiatii-din-ucraina\\\/#breadcrumb\",\"itemListElement\":[{\"@type\":\"ListItem\",\"position\":1,\"name\":\"Home\",\"item\":\"https:\\\/\\\/adra.md\\\/\"},{\"@type\":\"ListItem\",\"position\":2,\"name\":\"ADRA Moldova \u0219i Moldotelecom: \u00eempreun\u0103 pentru refugia\u021bii din Ucraina\"}]},{\"@type\":\"WebSite\",\"@id\":\"https:\\\/\\\/adra.md\\\/#website\",\"url\":\"https:\\\/\\\/adra.md\\\/\",\"name\":\"ADRA Moldova\",\"description\":\"Agen\u0163ia Adventist\u0103 pentru Dezvoltare, Refacere \u015fi Ajutor\",\"publisher\":{\"@id\":\"https:\\\/\\\/adra.md\\\/#organization\"},\"potentialAction\":[{\"@type\":\"SearchAction\",\"target\":{\"@type\":\"EntryPoint\",\"urlTemplate\":\"https:\\\/\\\/adra.md\\\/?s={search_term_string}\"},\"query-input\":{\"@type\":\"PropertyValueSpecification\",\"valueRequired\":true,\"valueName\":\"search_term_string\"}}],\"inLanguage\":\"ru-RU\"},{\"@type\":\"Organization\",\"@id\":\"https:\\\/\\\/adra.md\\\/#organization\",\"name\":\"ADRA Moldova\",\"url\":\"https:\\\/\\\/adra.md\\\/\",\"logo\":{\"@type\":\"ImageObject\",\"inLanguage\":\"ru-RU\",\"@id\":\"https:\\\/\\\/adra.md\\\/#\\\/schema\\\/logo\\\/image\\\/\",\"url\":\"https:\\\/\\\/adra.md\\\/wp-content\\\/uploads\\\/2019\\\/11\\\/group-435.png\",\"contentUrl\":\"https:\\\/\\\/adra.md\\\/wp-content\\\/uploads\\\/2019\\\/11\\\/group-435.png\",\"width\":500,\"height\":133,\"caption\":\"ADRA Moldova\"},\"image\":{\"@id\":\"https:\\\/\\\/adra.md\\\/#\\\/schema\\\/logo\\\/image\\\/\"}},{\"@type\":\"Person\",\"@id\":\"https:\\\/\\\/adra.md\\\/#\\\/schema\\\/person\\\/b0181e611ee89738cefb7dc2db2bb8d1\",\"name\":\"ADRA Moldova\",\"url\":\"https:\\\/\\\/adra.md\\\/ru\\\/author\\\/andrei-girleanu\\\/\"}]}<\/script>\n<!-- \/ Yoast SEO plugin. -->","yoast_head_json":{"title":"ADRA Moldova \u0219i Moldotelecom: \u00eempreun\u0103 pentru refugia\u021bii din Ucraina - ADRA Moldova","robots":{"index":"index","follow":"follow","max-snippet":"max-snippet:-1","max-image-preview":"max-image-preview:large","max-video-preview":"max-video-preview:-1"},"canonical":"https:\/\/adra.md\/ru\/adra-moldova-si-moldotelecom-impreuna-pentru-refugiatii-din-ucraina\/","og_locale":"ru_RU","og_type":"article","og_title":"ADRA Moldova \u0219i Moldotelecom: \u00eempreun\u0103 pentru refugia\u021bii din Ucraina - ADRA Moldova","og_description":"Colaborare frumoas\u0103 dintre Uniunea de Biserici din Moldova, ADRA Moldova \u0219i Moldtelecom care a donat refugia\u021bilor stabiliti temporar \u00een Republica Moldova 100 cartele pentru telefon. &#8222;\u00cempreun\u0103 facem lumea mai bun\u0103&#8221;","og_url":"https:\/\/adra.md\/ru\/adra-moldova-si-moldotelecom-impreuna-pentru-refugiatii-din-ucraina\/","og_site_name":"ADRA Moldova","article_published_time":"2022-03-22T08:56:43+00:00","og_image":[{"width":1024,"height":768,"url":"https:\/\/adra.md\/wp-content\/uploads\/2022\/03\/275861809_113686397932387_6265299017178784183_n.jpeg","type":"image\/jpeg"}],"author":"ADRA Moldova","twitter_card":"summary_large_image","twitter_misc":{"\u041d\u0430\u043f\u0438\u0441\u0430\u043d\u043e \u0430\u0432\u0442\u043e\u0440\u043e\u043c":"ADRA Moldova"},"schema":{"@context":"https:\/\/schema.org","@graph":[{"@type":"Article","@id":"https:\/\/adra.md\/adra-moldova-si-moldotelecom-impreuna-pentru-refugiatii-din-ucraina\/#article","isPartOf":{"@id":"https:\/\/adra.md\/adra-moldova-si-moldotelecom-impreuna-pentru-refugiatii-din-ucraina\/"},"author":{"name":"ADRA Moldova","@id":"https:\/\/adra.md\/#\/schema\/person\/b0181e611ee89738cefb7dc2db2bb8d1"},"headline":"ADRA Moldova \u0219i Moldotelecom: \u00eempreun\u0103 pentru refugia\u021bii din Ucraina","datePublished":"2022-03-22T08:56:43+00:00","mainEntityOfPage":{"@id":"https:\/\/adra.md\/adra-moldova-si-moldotelecom-impreuna-pentru-refugiatii-din-ucraina\/"},"wordCount":40,"publisher":{"@id":"https:\/\/adra.md\/#organization"},"image":{"@id":"https:\/\/adra.md\/adra-moldova-si-moldotelecom-impreuna-pentru-refugiatii-din-ucraina\/#primaryimage"},"thumbnailUrl":"https:\/\/adra.md\/wp-content\/uploads\/2022\/03\/275861809_113686397932387_6265299017178784183_n.jpeg","articleSection":["News"],"inLanguage":"ru-RU"},{"@type":"WebPage","@id":"https:\/\/adra.md\/adra-moldova-si-moldotelecom-impreuna-pentru-refugiatii-din-ucraina\/","url":"https:\/\/adra.md\/adra-moldova-si-moldotelecom-impreuna-pentru-refugiatii-din-ucraina\/","name":"ADRA Moldova \u0219i Moldotelecom: \u00eempreun\u0103 pentru refugia\u021bii din Ucraina - ADRA Moldova","isPartOf":{"@id":"https:\/\/adra.md\/#website"},"primaryImageOfPage":{"@id":"https:\/\/adra.md\/adra-moldova-si-moldotelecom-impreuna-pentru-refugiatii-din-ucraina\/#primaryimage"},"image":{"@id":"https:\/\/adra.md\/adra-moldova-si-moldotelecom-impreuna-pentru-refugiatii-din-ucraina\/#primaryimage"},"thumbnailUrl":"https:\/\/adra.md\/wp-content\/uploads\/2022\/03\/275861809_113686397932387_6265299017178784183_n.jpeg","datePublished":"2022-03-22T08:56:43+00:00","breadcrumb":{"@id":"https:\/\/adra.md\/adra-moldova-si-moldotelecom-impreuna-pentru-refugiatii-din-ucraina\/#breadcrumb"},"inLanguage":"ru-RU","potentialAction":[{"@type":"ReadAction","target":["https:\/\/adra.md\/adra-moldova-si-moldotelecom-impreuna-pentru-refugiatii-din-ucraina\/"]}]},{"@type":"ImageObject","inLanguage":"ru-RU","@id":"https:\/\/adra.md\/adra-moldova-si-moldotelecom-impreuna-pentru-refugiatii-din-ucraina\/#primaryimage","url":"https:\/\/adra.md\/wp-content\/uploads\/2022\/03\/275861809_113686397932387_6265299017178784183_n.jpeg","contentUrl":"https:\/\/adra.md\/wp-content\/uploads\/2022\/03\/275861809_113686397932387_6265299017178784183_n.jpeg","width":1024,"height":768},{"@type":"BreadcrumbList","@id":"https:\/\/adra.md\/adra-moldova-si-moldotelecom-impreuna-pentru-refugiatii-din-ucraina\/#breadcrumb","itemListElement":[{"@type":"ListItem","position":1,"name":"Home","item":"https:\/\/adra.md\/"},{"@type":"ListItem","position":2,"name":"ADRA Moldova \u0219i Moldotelecom: \u00eempreun\u0103 pentru refugia\u021bii din Ucraina"}]},{"@type":"WebSite","@id":"https:\/\/adra.md\/#website","url":"https:\/\/adra.md\/","name":"ADRA Moldova","description":"Agen\u0163ia Adventist\u0103 pentru Dezvoltare, Refacere \u015fi Ajutor","publisher":{"@id":"https:\/\/adra.md\/#organization"},"potentialAction":[{"@type":"SearchAction","target":{"@type":"EntryPoint","urlTemplate":"https:\/\/adra.md\/?s={search_term_string}"},"query-input":{"@type":"PropertyValueSpecification","valueRequired":true,"valueName":"search_term_string"}}],"inLanguage":"ru-RU"},{"@type":"Organization","@id":"https:\/\/adra.md\/#organization","name":"ADRA Moldova","url":"https:\/\/adra.md\/","logo":{"@type":"ImageObject","inLanguage":"ru-RU","@id":"https:\/\/adra.md\/#\/schema\/logo\/image\/","url":"https:\/\/adra.md\/wp-content\/uploads\/2019\/11\/group-435.png","contentUrl":"https:\/\/adra.md\/wp-content\/uploads\/2019\/11\/group-435.png","width":500,"height":133,"caption":"ADRA Moldova"},"image":{"@id":"https:\/\/adra.md\/#\/schema\/logo\/image\/"}},{"@type":"Person","@id":"https:\/\/adra.md\/#\/schema\/person\/b0181e611ee89738cefb7dc2db2bb8d1","name":"ADRA Moldova","url":"https:\/\/adra.md\/ru\/author\/andrei-girleanu\/"}]}},"_links":{"self":[{"href":"https:\/\/adra.md\/ru\/wp-json\/wp\/v2\/posts\/18922","targetHints":{"allow":["GET"]}}],"collection":[{"href":"https:\/\/adra.md\/ru\/wp-json\/wp\/v2\/posts"}],"about":[{"href":"https:\/\/adra.md\/ru\/wp-json\/wp\/v2\/types\/post"}],"author":[{"embeddable":true,"href":"https:\/\/adra.md\/ru\/wp-json\/wp\/v2\/users\/9"}],"replies":[{"embeddable":true,"href":"https:\/\/adra.md\/ru\/wp-json\/wp\/v2\/comments?post=18922"}],"version-history":[{"count":1,"href":"https:\/\/adra.md\/ru\/wp-json\/wp\/v2\/posts\/18922\/revisions"}],"predecessor-version":[{"id":18924,"href":"https:\/\/adra.md\/ru\/wp-json\/wp\/v2\/posts\/18922\/revisions\/18924"}],"wp:featuredmedia":[{"embeddable":true,"href":"https:\/\/adra.md\/ru\/wp-json\/wp\/v2\/media\/18923"}],"wp:attachment":[{"href":"https:\/\/adra.md\/ru\/wp-json\/wp\/v2\/media?parent=18922"}],"wp:term":[{"taxonomy":"category","embeddable":true,"href":"https:\/\/adra.md\/ru\/wp-json\/wp\/v2\/categories?post=18922"},{"taxonomy":"post_tag","embeddable":true,"href":"https:\/\/adra.md\/ru\/wp-json\/wp\/v2\/tags?post=18922"}],"curies":[{"name":"wp","href":"https:\/\/api.w.org\/{rel}","templated":true}]}}