{"id":18925,"date":"2022-03-22T09:09:39","date_gmt":"2022-03-22T09:09:39","guid":{"rendered":"https:\/\/adra.md\/?p=18925"},"modified":"2022-03-22T09:09:39","modified_gmt":"2022-03-22T09:09:39","slug":"100-de-oameni-sunt-mai-in-siguranta","status":"publish","type":"post","link":"https:\/\/adra.md\/ru\/100-de-oameni-sunt-mai-in-siguranta\/","title":{"rendered":"100 de oameni sunt mai in siguran\u021b\u0103!"},"content":{"rendered":"<div class=\"kvgmc6g5 cxmmr5t8 oygrvhab hcukyx3x c1et5uql ii04i59q\">\n<div dir=\"auto\">Ast\u0103zi 100 de oameni sunt mai in siguran\u021b\u0103!<\/div>\n<\/div>\n<div class=\"cxmmr5t8 oygrvhab hcukyx3x c1et5uql o9v6fnle ii04i59q\">\n<div dir=\"auto\">La ora 18:30 din Chi\u0219in\u0103u au pornit spre Germania 100 de refugia\u021bi.<\/div>\n<div dir=\"auto\">ADRA Moldova a asigurat transportul \u0219i pachete alimentare pentru fiecare refugiat.<\/div>\n<div dir=\"auto\">\u00cen Germania vor fi prelua\u021bi de voluntarii ADRA \u0219i de membrii Bisericii Adventiste din Germania.<\/div>\n<\/div>\n<div class=\"cxmmr5t8 oygrvhab hcukyx3x c1et5uql o9v6fnle ii04i59q\">\n<div dir=\"auto\">Mul\u021bumim Pastorului Slavici Zgherea din Germania, ADRA Germania, donatorilor priva\u021bi ADRA Moldova c\u00e2t \u0219i ADRA Rom\u00e2nia pentru cooperare \u00een a organiza transportarea refugia\u021bilor spre Germania.<\/div>\n<\/div>\n<div class=\"cxmmr5t8 oygrvhab hcukyx3x c1et5uql o9v6fnle ii04i59q\">\n<div dir=\"auto\">\u00cempreun\u0103 facem lumea mai bun\u0103!<span class=\"pq6dq46d tbxw36s4 knj5qynh kvgmc6g5 ditlmg2l oygrvhab nvdbi5me sf5mxxl7 gl3lb2sf hhz5lgdu\"><span class=\"pq6dq46d tbxw36s4 knj5qynh kvgmc6g5 ditlmg2l oygrvhab nvdbi5me sf5mxxl7 gl3lb2sf hhz5lgdu\"><img decoding=\"async\" src=\"https:\/\/static.xx.fbcdn.net\/images\/emoji.php\/v9\/tf4\/2\/16\/1f607.png\" alt=\"\ud83d\ude07\" width=\"16\" height=\"16\" \/><\/span><\/span><div id='gallery-1' class='gallery galleryid-18925 gallery-columns-3 gallery-size-thumbnail'><figure class='gallery-item'>\n\t\t\t<div class='gallery-icon landscape'>\n\t\t\t\t<a href='https:\/\/adra.md\/ru\/100-de-oameni-sunt-mai-in-siguranta\/275735070_112908151343545_6330999373240817739_n\/'><img decoding=\"async\" width=\"150\" height=\"150\" src=\"https:\/\/adra.md\/wp-content\/uploads\/2022\/03\/275735070_112908151343545_6330999373240817739_n-150x150.jpeg\" class=\"attachment-thumbnail size-thumbnail\" alt=\"\" srcset=\"https:\/\/adra.md\/wp-content\/uploads\/2022\/03\/275735070_112908151343545_6330999373240817739_n-150x150.jpeg 150w, https:\/\/adra.md\/wp-content\/uploads\/2022\/03\/275735070_112908151343545_6330999373240817739_n-100x100.jpeg 100w\" sizes=\"(max-width: 150px) 100vw, 150px\" \/><\/a>\n\t\t\t<\/div><\/figure><figure class='gallery-item'>\n\t\t\t<div class='gallery-icon landscape'>\n\t\t\t\t<a href='https:\/\/adra.md\/ru\/100-de-oameni-sunt-mai-in-siguranta\/275749094_112908101343550_5069789303791386310_n\/'><img decoding=\"async\" width=\"150\" height=\"150\" src=\"https:\/\/adra.md\/wp-content\/uploads\/2022\/03\/275749094_112908101343550_5069789303791386310_n-150x150.jpeg\" class=\"attachment-thumbnail size-thumbnail\" alt=\"\" srcset=\"https:\/\/adra.md\/wp-content\/uploads\/2022\/03\/275749094_112908101343550_5069789303791386310_n-150x150.jpeg 150w, https:\/\/adra.md\/wp-content\/uploads\/2022\/03\/275749094_112908101343550_5069789303791386310_n-100x100.jpeg 100w\" sizes=\"(max-width: 150px) 100vw, 150px\" \/><\/a>\n\t\t\t<\/div><\/figure><figure class='gallery-item'>\n\t\t\t<div class='gallery-icon landscape'>\n\t\t\t\t<a href='https:\/\/adra.md\/ru\/100-de-oameni-sunt-mai-in-siguranta\/275763646_112908174676876_93226250776519927_n-2\/'><img loading=\"lazy\" decoding=\"async\" width=\"150\" height=\"150\" src=\"https:\/\/adra.md\/wp-content\/uploads\/2022\/03\/275763646_112908174676876_93226250776519927_n-1-150x150.jpeg\" class=\"attachment-thumbnail size-thumbnail\" alt=\"\" srcset=\"https:\/\/adra.md\/wp-content\/uploads\/2022\/03\/275763646_112908174676876_93226250776519927_n-1-150x150.jpeg 150w, https:\/\/adra.md\/wp-content\/uploads\/2022\/03\/275763646_112908174676876_93226250776519927_n-1-100x100.jpeg 100w\" sizes=\"(max-width: 150px) 100vw, 150px\" \/><\/a>\n\t\t\t<\/div><\/figure><figure class='gallery-item'>\n\t\t\t<div class='gallery-icon landscape'>\n\t\t\t\t<a href='https:\/\/adra.md\/ru\/100-de-oameni-sunt-mai-in-siguranta\/275768754_112908048010222_9006438535607683780_n\/'><img loading=\"lazy\" decoding=\"async\" width=\"150\" height=\"150\" src=\"https:\/\/adra.md\/wp-content\/uploads\/2022\/03\/275768754_112908048010222_9006438535607683780_n-150x150.jpeg\" class=\"attachment-thumbnail size-thumbnail\" alt=\"\" srcset=\"https:\/\/adra.md\/wp-content\/uploads\/2022\/03\/275768754_112908048010222_9006438535607683780_n-150x150.jpeg 150w, https:\/\/adra.md\/wp-content\/uploads\/2022\/03\/275768754_112908048010222_9006438535607683780_n-100x100.jpeg 100w\" sizes=\"(max-width: 150px) 100vw, 150px\" \/><\/a>\n\t\t\t<\/div><\/figure><figure class='gallery-item'>\n\t\t\t<div class='gallery-icon landscape'>\n\t\t\t\t<a href='https:\/\/adra.md\/ru\/100-de-oameni-sunt-mai-in-siguranta\/275780130_112907938010233_4117821178705068977_n\/'><img loading=\"lazy\" decoding=\"async\" width=\"150\" height=\"150\" src=\"https:\/\/adra.md\/wp-content\/uploads\/2022\/03\/275780130_112907938010233_4117821178705068977_n-150x150.jpeg\" class=\"attachment-thumbnail size-thumbnail\" alt=\"\" srcset=\"https:\/\/adra.md\/wp-content\/uploads\/2022\/03\/275780130_112907938010233_4117821178705068977_n-150x150.jpeg 150w, https:\/\/adra.md\/wp-content\/uploads\/2022\/03\/275780130_112907938010233_4117821178705068977_n-100x100.jpeg 100w\" sizes=\"(max-width: 150px) 100vw, 150px\" \/><\/a>\n\t\t\t<\/div><\/figure><figure class='gallery-item'>\n\t\t\t<div class='gallery-icon landscape'>\n\t\t\t\t<a href='https:\/\/adra.md\/ru\/100-de-oameni-sunt-mai-in-siguranta\/275786986_112908014676892_585538764519061128_n\/'><img loading=\"lazy\" decoding=\"async\" width=\"150\" height=\"150\" src=\"https:\/\/adra.md\/wp-content\/uploads\/2022\/03\/275786986_112908014676892_585538764519061128_n-150x150.jpeg\" class=\"attachment-thumbnail size-thumbnail\" alt=\"\" srcset=\"https:\/\/adra.md\/wp-content\/uploads\/2022\/03\/275786986_112908014676892_585538764519061128_n-150x150.jpeg 150w, https:\/\/adra.md\/wp-content\/uploads\/2022\/03\/275786986_112908014676892_585538764519061128_n-100x100.jpeg 100w\" sizes=\"(max-width: 150px) 100vw, 150px\" \/><\/a>\n\t\t\t<\/div><\/figure><figure class='gallery-item'>\n\t\t\t<div class='gallery-icon landscape'>\n\t\t\t\t<a href='https:\/\/adra.md\/ru\/100-de-oameni-sunt-mai-in-siguranta\/275791999_112908071343553_8701360850661804172_n\/'><img loading=\"lazy\" decoding=\"async\" width=\"150\" height=\"150\" src=\"https:\/\/adra.md\/wp-content\/uploads\/2022\/03\/275791999_112908071343553_8701360850661804172_n-150x150.jpeg\" class=\"attachment-thumbnail size-thumbnail\" alt=\"\" srcset=\"https:\/\/adra.md\/wp-content\/uploads\/2022\/03\/275791999_112908071343553_8701360850661804172_n-150x150.jpeg 150w, https:\/\/adra.md\/wp-content\/uploads\/2022\/03\/275791999_112908071343553_8701360850661804172_n-100x100.jpeg 100w\" sizes=\"(max-width: 150px) 100vw, 150px\" \/><\/a>\n\t\t\t<\/div><\/figure><figure class='gallery-item'>\n\t\t\t<div class='gallery-icon landscape'>\n\t\t\t\t<a href='https:\/\/adra.md\/ru\/100-de-oameni-sunt-mai-in-siguranta\/275792486_112908411343519_9188966831127560295_n\/'><img loading=\"lazy\" decoding=\"async\" width=\"150\" height=\"150\" src=\"https:\/\/adra.md\/wp-content\/uploads\/2022\/03\/275792486_112908411343519_9188966831127560295_n-150x150.jpeg\" class=\"attachment-thumbnail size-thumbnail\" alt=\"\" srcset=\"https:\/\/adra.md\/wp-content\/uploads\/2022\/03\/275792486_112908411343519_9188966831127560295_n-150x150.jpeg 150w, https:\/\/adra.md\/wp-content\/uploads\/2022\/03\/275792486_112908411343519_9188966831127560295_n-100x100.jpeg 100w\" sizes=\"(max-width: 150px) 100vw, 150px\" \/><\/a>\n\t\t\t<\/div><\/figure><figure class='gallery-item'>\n\t\t\t<div class='gallery-icon landscape'>\n\t\t\t\t<a href='https:\/\/adra.md\/ru\/100-de-oameni-sunt-mai-in-siguranta\/275809864_112908341343526_4489141016206757323_n\/'><img loading=\"lazy\" decoding=\"async\" width=\"150\" height=\"150\" src=\"https:\/\/adra.md\/wp-content\/uploads\/2022\/03\/275809864_112908341343526_4489141016206757323_n-150x150.jpeg\" class=\"attachment-thumbnail size-thumbnail\" alt=\"\" srcset=\"https:\/\/adra.md\/wp-content\/uploads\/2022\/03\/275809864_112908341343526_4489141016206757323_n-150x150.jpeg 150w, https:\/\/adra.md\/wp-content\/uploads\/2022\/03\/275809864_112908341343526_4489141016206757323_n-100x100.jpeg 100w\" sizes=\"(max-width: 150px) 100vw, 150px\" \/><\/a>\n\t\t\t<\/div><\/figure><figure class='gallery-item'>\n\t\t\t<div class='gallery-icon landscape'>\n\t\t\t\t<a href='https:\/\/adra.md\/ru\/100-de-oameni-sunt-mai-in-siguranta\/275813153_112907954676898_6877085143176499386_n\/'><img loading=\"lazy\" decoding=\"async\" width=\"150\" height=\"150\" src=\"https:\/\/adra.md\/wp-content\/uploads\/2022\/03\/275813153_112907954676898_6877085143176499386_n-150x150.jpeg\" class=\"attachment-thumbnail size-thumbnail\" alt=\"\" srcset=\"https:\/\/adra.md\/wp-content\/uploads\/2022\/03\/275813153_112907954676898_6877085143176499386_n-150x150.jpeg 150w, https:\/\/adra.md\/wp-content\/uploads\/2022\/03\/275813153_112907954676898_6877085143176499386_n-100x100.jpeg 100w\" sizes=\"(max-width: 150px) 100vw, 150px\" \/><\/a>\n\t\t\t<\/div><\/figure><figure class='gallery-item'>\n\t\t\t<div class='gallery-icon landscape'>\n\t\t\t\t<a href='https:\/\/adra.md\/ru\/100-de-oameni-sunt-mai-in-siguranta\/275843637_112908314676862_1995183561281287886_n\/'><img loading=\"lazy\" decoding=\"async\" width=\"150\" height=\"150\" src=\"https:\/\/adra.md\/wp-content\/uploads\/2022\/03\/275843637_112908314676862_1995183561281287886_n-150x150.jpeg\" class=\"attachment-thumbnail size-thumbnail\" alt=\"\" srcset=\"https:\/\/adra.md\/wp-content\/uploads\/2022\/03\/275843637_112908314676862_1995183561281287886_n-150x150.jpeg 150w, https:\/\/adra.md\/wp-content\/uploads\/2022\/03\/275843637_112908314676862_1995183561281287886_n-100x100.jpeg 100w\" sizes=\"(max-width: 150px) 100vw, 150px\" \/><\/a>\n\t\t\t<\/div><\/figure>\n\t\t<\/div>\n<\/p>\n<\/div>\n<\/div>","protected":false},"excerpt":{"rendered":"<p>Ast\u0103zi 100 de oameni sunt mai in siguran\u021b\u0103! La ora 18:30 din Chi\u0219in\u0103u au pornit spre Germania 100 de refugia\u021bi. ADRA Moldova a asigurat transportul \u0219i pachete alimentare pentru fiecare refugiat. \u00cen Germania vor fi prelua\u021bi de voluntarii ADRA \u0219i de membrii Bisericii Adventiste din Germania. Mul\u021bumim Pastorului Slavici Zgherea din Germania, ADRA Germania, donatorilor [&hellip;]<\/p>\n","protected":false},"author":9,"featured_media":18926,"comment_status":"closed","ping_status":"closed","sticky":false,"template":"","format":"standard","meta":{"_acf_changed":false,"footnotes":""},"categories":[294],"tags":[],"class_list":["post-18925","post","type-post","status-publish","format-standard","has-post-thumbnail","hentry","category-news"],"acf":[],"yoast_head":"<!-- This site is optimized with the Yoast SEO plugin v27.4 - https:\/\/yoast.com\/product\/yoast-seo-wordpress\/ -->\n<title>100 de oameni sunt mai in siguran\u021b\u0103! - ADRA Moldova<\/title>\n<meta name=\"robots\" content=\"index, follow, max-snippet:-1, max-image-preview:large, max-video-preview:-1\" \/>\n<link rel=\"canonical\" href=\"https:\/\/adra.md\/ru\/100-de-oameni-sunt-mai-in-siguranta\/\" \/>\n<meta property=\"og:locale\" content=\"ru_RU\" \/>\n<meta property=\"og:type\" content=\"article\" \/>\n<meta property=\"og:title\" content=\"100 de oameni sunt mai in siguran\u021b\u0103! - ADRA Moldova\" \/>\n<meta property=\"og:description\" content=\"Ast\u0103zi 100 de oameni sunt mai in siguran\u021b\u0103! La ora 18:30 din Chi\u0219in\u0103u au pornit spre Germania 100 de refugia\u021bi. ADRA Moldova a asigurat transportul \u0219i pachete alimentare pentru fiecare refugiat. \u00cen Germania vor fi prelua\u021bi de voluntarii ADRA \u0219i de membrii Bisericii Adventiste din Germania. Mul\u021bumim Pastorului Slavici Zgherea din Germania, ADRA Germania, donatorilor [&hellip;]\" \/>\n<meta property=\"og:url\" content=\"https:\/\/adra.md\/ru\/100-de-oameni-sunt-mai-in-siguranta\/\" \/>\n<meta property=\"og:site_name\" content=\"ADRA Moldova\" \/>\n<meta property=\"article:published_time\" content=\"2022-03-22T09:09:39+00:00\" \/>\n<meta property=\"og:image\" content=\"https:\/\/adra.md\/wp-content\/uploads\/2022\/03\/275763646_112908174676876_93226250776519927_n.jpeg\" \/>\n\t<meta property=\"og:image:width\" content=\"2048\" \/>\n\t<meta property=\"og:image:height\" content=\"1152\" \/>\n\t<meta property=\"og:image:type\" content=\"image\/jpeg\" \/>\n<meta name=\"author\" content=\"ADRA Moldova\" \/>\n<meta name=\"twitter:card\" content=\"summary_large_image\" \/>\n<meta name=\"twitter:label1\" content=\"\u041d\u0430\u043f\u0438\u0441\u0430\u043d\u043e \u0430\u0432\u0442\u043e\u0440\u043e\u043c\" \/>\n\t<meta name=\"twitter:data1\" content=\"ADRA Moldova\" \/>\n<script type=\"application\/ld+json\" class=\"yoast-schema-graph\">{\"@context\":\"https:\\\/\\\/schema.org\",\"@graph\":[{\"@type\":\"Article\",\"@id\":\"https:\\\/\\\/adra.md\\\/100-de-oameni-sunt-mai-in-siguranta\\\/#article\",\"isPartOf\":{\"@id\":\"https:\\\/\\\/adra.md\\\/100-de-oameni-sunt-mai-in-siguranta\\\/\"},\"author\":{\"name\":\"ADRA Moldova\",\"@id\":\"https:\\\/\\\/adra.md\\\/#\\\/schema\\\/person\\\/b0181e611ee89738cefb7dc2db2bb8d1\"},\"headline\":\"100 de oameni sunt mai in siguran\u021b\u0103!\",\"datePublished\":\"2022-03-22T09:09:39+00:00\",\"mainEntityOfPage\":{\"@id\":\"https:\\\/\\\/adra.md\\\/100-de-oameni-sunt-mai-in-siguranta\\\/\"},\"wordCount\":91,\"publisher\":{\"@id\":\"https:\\\/\\\/adra.md\\\/#organization\"},\"image\":{\"@id\":\"https:\\\/\\\/adra.md\\\/100-de-oameni-sunt-mai-in-siguranta\\\/#primaryimage\"},\"thumbnailUrl\":\"https:\\\/\\\/adra.md\\\/wp-content\\\/uploads\\\/2022\\\/03\\\/275763646_112908174676876_93226250776519927_n.jpeg\",\"articleSection\":[\"News\"],\"inLanguage\":\"ru-RU\"},{\"@type\":\"WebPage\",\"@id\":\"https:\\\/\\\/adra.md\\\/100-de-oameni-sunt-mai-in-siguranta\\\/\",\"url\":\"https:\\\/\\\/adra.md\\\/100-de-oameni-sunt-mai-in-siguranta\\\/\",\"name\":\"100 de oameni sunt mai in siguran\u021b\u0103! - ADRA Moldova\",\"isPartOf\":{\"@id\":\"https:\\\/\\\/adra.md\\\/#website\"},\"primaryImageOfPage\":{\"@id\":\"https:\\\/\\\/adra.md\\\/100-de-oameni-sunt-mai-in-siguranta\\\/#primaryimage\"},\"image\":{\"@id\":\"https:\\\/\\\/adra.md\\\/100-de-oameni-sunt-mai-in-siguranta\\\/#primaryimage\"},\"thumbnailUrl\":\"https:\\\/\\\/adra.md\\\/wp-content\\\/uploads\\\/2022\\\/03\\\/275763646_112908174676876_93226250776519927_n.jpeg\",\"datePublished\":\"2022-03-22T09:09:39+00:00\",\"breadcrumb\":{\"@id\":\"https:\\\/\\\/adra.md\\\/100-de-oameni-sunt-mai-in-siguranta\\\/#breadcrumb\"},\"inLanguage\":\"ru-RU\",\"potentialAction\":[{\"@type\":\"ReadAction\",\"target\":[\"https:\\\/\\\/adra.md\\\/100-de-oameni-sunt-mai-in-siguranta\\\/\"]}]},{\"@type\":\"ImageObject\",\"inLanguage\":\"ru-RU\",\"@id\":\"https:\\\/\\\/adra.md\\\/100-de-oameni-sunt-mai-in-siguranta\\\/#primaryimage\",\"url\":\"https:\\\/\\\/adra.md\\\/wp-content\\\/uploads\\\/2022\\\/03\\\/275763646_112908174676876_93226250776519927_n.jpeg\",\"contentUrl\":\"https:\\\/\\\/adra.md\\\/wp-content\\\/uploads\\\/2022\\\/03\\\/275763646_112908174676876_93226250776519927_n.jpeg\",\"width\":2048,\"height\":1152},{\"@type\":\"BreadcrumbList\",\"@id\":\"https:\\\/\\\/adra.md\\\/100-de-oameni-sunt-mai-in-siguranta\\\/#breadcrumb\",\"itemListElement\":[{\"@type\":\"ListItem\",\"position\":1,\"name\":\"Home\",\"item\":\"https:\\\/\\\/adra.md\\\/\"},{\"@type\":\"ListItem\",\"position\":2,\"name\":\"100 de oameni sunt mai in siguran\u021b\u0103!\"}]},{\"@type\":\"WebSite\",\"@id\":\"https:\\\/\\\/adra.md\\\/#website\",\"url\":\"https:\\\/\\\/adra.md\\\/\",\"name\":\"ADRA Moldova\",\"description\":\"Agen\u0163ia Adventist\u0103 pentru Dezvoltare, Refacere \u015fi Ajutor\",\"publisher\":{\"@id\":\"https:\\\/\\\/adra.md\\\/#organization\"},\"potentialAction\":[{\"@type\":\"SearchAction\",\"target\":{\"@type\":\"EntryPoint\",\"urlTemplate\":\"https:\\\/\\\/adra.md\\\/?s={search_term_string}\"},\"query-input\":{\"@type\":\"PropertyValueSpecification\",\"valueRequired\":true,\"valueName\":\"search_term_string\"}}],\"inLanguage\":\"ru-RU\"},{\"@type\":\"Organization\",\"@id\":\"https:\\\/\\\/adra.md\\\/#organization\",\"name\":\"ADRA Moldova\",\"url\":\"https:\\\/\\\/adra.md\\\/\",\"logo\":{\"@type\":\"ImageObject\",\"inLanguage\":\"ru-RU\",\"@id\":\"https:\\\/\\\/adra.md\\\/#\\\/schema\\\/logo\\\/image\\\/\",\"url\":\"https:\\\/\\\/adra.md\\\/wp-content\\\/uploads\\\/2019\\\/11\\\/group-435.png\",\"contentUrl\":\"https:\\\/\\\/adra.md\\\/wp-content\\\/uploads\\\/2019\\\/11\\\/group-435.png\",\"width\":500,\"height\":133,\"caption\":\"ADRA Moldova\"},\"image\":{\"@id\":\"https:\\\/\\\/adra.md\\\/#\\\/schema\\\/logo\\\/image\\\/\"}},{\"@type\":\"Person\",\"@id\":\"https:\\\/\\\/adra.md\\\/#\\\/schema\\\/person\\\/b0181e611ee89738cefb7dc2db2bb8d1\",\"name\":\"ADRA Moldova\",\"url\":\"https:\\\/\\\/adra.md\\\/ru\\\/author\\\/andrei-girleanu\\\/\"}]}<\/script>\n<!-- \/ Yoast SEO plugin. -->","yoast_head_json":{"title":"100 de oameni sunt mai in siguran\u021b\u0103! - ADRA Moldova","robots":{"index":"index","follow":"follow","max-snippet":"max-snippet:-1","max-image-preview":"max-image-preview:large","max-video-preview":"max-video-preview:-1"},"canonical":"https:\/\/adra.md\/ru\/100-de-oameni-sunt-mai-in-siguranta\/","og_locale":"ru_RU","og_type":"article","og_title":"100 de oameni sunt mai in siguran\u021b\u0103! - ADRA Moldova","og_description":"Ast\u0103zi 100 de oameni sunt mai in siguran\u021b\u0103! La ora 18:30 din Chi\u0219in\u0103u au pornit spre Germania 100 de refugia\u021bi. ADRA Moldova a asigurat transportul \u0219i pachete alimentare pentru fiecare refugiat. \u00cen Germania vor fi prelua\u021bi de voluntarii ADRA \u0219i de membrii Bisericii Adventiste din Germania. Mul\u021bumim Pastorului Slavici Zgherea din Germania, ADRA Germania, donatorilor [&hellip;]","og_url":"https:\/\/adra.md\/ru\/100-de-oameni-sunt-mai-in-siguranta\/","og_site_name":"ADRA Moldova","article_published_time":"2022-03-22T09:09:39+00:00","og_image":[{"width":2048,"height":1152,"url":"https:\/\/adra.md\/wp-content\/uploads\/2022\/03\/275763646_112908174676876_93226250776519927_n.jpeg","type":"image\/jpeg"}],"author":"ADRA Moldova","twitter_card":"summary_large_image","twitter_misc":{"\u041d\u0430\u043f\u0438\u0441\u0430\u043d\u043e \u0430\u0432\u0442\u043e\u0440\u043e\u043c":"ADRA Moldova"},"schema":{"@context":"https:\/\/schema.org","@graph":[{"@type":"Article","@id":"https:\/\/adra.md\/100-de-oameni-sunt-mai-in-siguranta\/#article","isPartOf":{"@id":"https:\/\/adra.md\/100-de-oameni-sunt-mai-in-siguranta\/"},"author":{"name":"ADRA Moldova","@id":"https:\/\/adra.md\/#\/schema\/person\/b0181e611ee89738cefb7dc2db2bb8d1"},"headline":"100 de oameni sunt mai in siguran\u021b\u0103!","datePublished":"2022-03-22T09:09:39+00:00","mainEntityOfPage":{"@id":"https:\/\/adra.md\/100-de-oameni-sunt-mai-in-siguranta\/"},"wordCount":91,"publisher":{"@id":"https:\/\/adra.md\/#organization"},"image":{"@id":"https:\/\/adra.md\/100-de-oameni-sunt-mai-in-siguranta\/#primaryimage"},"thumbnailUrl":"https:\/\/adra.md\/wp-content\/uploads\/2022\/03\/275763646_112908174676876_93226250776519927_n.jpeg","articleSection":["News"],"inLanguage":"ru-RU"},{"@type":"WebPage","@id":"https:\/\/adra.md\/100-de-oameni-sunt-mai-in-siguranta\/","url":"https:\/\/adra.md\/100-de-oameni-sunt-mai-in-siguranta\/","name":"100 de oameni sunt mai in siguran\u021b\u0103! - ADRA Moldova","isPartOf":{"@id":"https:\/\/adra.md\/#website"},"primaryImageOfPage":{"@id":"https:\/\/adra.md\/100-de-oameni-sunt-mai-in-siguranta\/#primaryimage"},"image":{"@id":"https:\/\/adra.md\/100-de-oameni-sunt-mai-in-siguranta\/#primaryimage"},"thumbnailUrl":"https:\/\/adra.md\/wp-content\/uploads\/2022\/03\/275763646_112908174676876_93226250776519927_n.jpeg","datePublished":"2022-03-22T09:09:39+00:00","breadcrumb":{"@id":"https:\/\/adra.md\/100-de-oameni-sunt-mai-in-siguranta\/#breadcrumb"},"inLanguage":"ru-RU","potentialAction":[{"@type":"ReadAction","target":["https:\/\/adra.md\/100-de-oameni-sunt-mai-in-siguranta\/"]}]},{"@type":"ImageObject","inLanguage":"ru-RU","@id":"https:\/\/adra.md\/100-de-oameni-sunt-mai-in-siguranta\/#primaryimage","url":"https:\/\/adra.md\/wp-content\/uploads\/2022\/03\/275763646_112908174676876_93226250776519927_n.jpeg","contentUrl":"https:\/\/adra.md\/wp-content\/uploads\/2022\/03\/275763646_112908174676876_93226250776519927_n.jpeg","width":2048,"height":1152},{"@type":"BreadcrumbList","@id":"https:\/\/adra.md\/100-de-oameni-sunt-mai-in-siguranta\/#breadcrumb","itemListElement":[{"@type":"ListItem","position":1,"name":"Home","item":"https:\/\/adra.md\/"},{"@type":"ListItem","position":2,"name":"100 de oameni sunt mai in siguran\u021b\u0103!"}]},{"@type":"WebSite","@id":"https:\/\/adra.md\/#website","url":"https:\/\/adra.md\/","name":"ADRA Moldova","description":"Agen\u0163ia Adventist\u0103 pentru Dezvoltare, Refacere \u015fi Ajutor","publisher":{"@id":"https:\/\/adra.md\/#organization"},"potentialAction":[{"@type":"SearchAction","target":{"@type":"EntryPoint","urlTemplate":"https:\/\/adra.md\/?s={search_term_string}"},"query-input":{"@type":"PropertyValueSpecification","valueRequired":true,"valueName":"search_term_string"}}],"inLanguage":"ru-RU"},{"@type":"Organization","@id":"https:\/\/adra.md\/#organization","name":"ADRA Moldova","url":"https:\/\/adra.md\/","logo":{"@type":"ImageObject","inLanguage":"ru-RU","@id":"https:\/\/adra.md\/#\/schema\/logo\/image\/","url":"https:\/\/adra.md\/wp-content\/uploads\/2019\/11\/group-435.png","contentUrl":"https:\/\/adra.md\/wp-content\/uploads\/2019\/11\/group-435.png","width":500,"height":133,"caption":"ADRA Moldova"},"image":{"@id":"https:\/\/adra.md\/#\/schema\/logo\/image\/"}},{"@type":"Person","@id":"https:\/\/adra.md\/#\/schema\/person\/b0181e611ee89738cefb7dc2db2bb8d1","name":"ADRA Moldova","url":"https:\/\/adra.md\/ru\/author\/andrei-girleanu\/"}]}},"_links":{"self":[{"href":"https:\/\/adra.md\/ru\/wp-json\/wp\/v2\/posts\/18925","targetHints":{"allow":["GET"]}}],"collection":[{"href":"https:\/\/adra.md\/ru\/wp-json\/wp\/v2\/posts"}],"about":[{"href":"https:\/\/adra.md\/ru\/wp-json\/wp\/v2\/types\/post"}],"author":[{"embeddable":true,"href":"https:\/\/adra.md\/ru\/wp-json\/wp\/v2\/users\/9"}],"replies":[{"embeddable":true,"href":"https:\/\/adra.md\/ru\/wp-json\/wp\/v2\/comments?post=18925"}],"version-history":[{"count":1,"href":"https:\/\/adra.md\/ru\/wp-json\/wp\/v2\/posts\/18925\/revisions"}],"predecessor-version":[{"id":18938,"href":"https:\/\/adra.md\/ru\/wp-json\/wp\/v2\/posts\/18925\/revisions\/18938"}],"wp:featuredmedia":[{"embeddable":true,"href":"https:\/\/adra.md\/ru\/wp-json\/wp\/v2\/media\/18926"}],"wp:attachment":[{"href":"https:\/\/adra.md\/ru\/wp-json\/wp\/v2\/media?parent=18925"}],"wp:term":[{"taxonomy":"category","embeddable":true,"href":"https:\/\/adra.md\/ru\/wp-json\/wp\/v2\/categories?post=18925"},{"taxonomy":"post_tag","embeddable":true,"href":"https:\/\/adra.md\/ru\/wp-json\/wp\/v2\/tags?post=18925"}],"curies":[{"name":"wp","href":"https:\/\/api.w.org\/{rel}","templated":true}]}}