{"id":19341,"date":"2022-07-25T07:32:03","date_gmt":"2022-07-25T07:32:03","guid":{"rendered":"https:\/\/adra.md\/?p=19341"},"modified":"2022-07-25T09:21:00","modified_gmt":"2022-07-25T09:21:00","slug":"ziua-copiilor-este-in-fiecare-zi","status":"publish","type":"post","link":"https:\/\/adra.md\/ru\/ziua-copiilor-este-in-fiecare-zi\/","title":{"rendered":"Ziua copiilor este \u00een fiecare zi!"},"content":{"rendered":"<div class=\"kvgmc6g5 cxmmr5t8 oygrvhab hcukyx3x c1et5uql ii04i59q\">\n<div dir=\"auto\">Copiii sunt cea mai valoroas\u0103 resurs\u0103 a lumii \u0219i cea mai mare speran\u021b\u0103 a ei pentru viitor!<\/div>\n<div dir=\"auto\">Investi\u021bia \u00een activit\u0103\u021bi cu copiii, timp de calitate petrecut \u00eempreun\u0103, \u00eembr\u0103\u021bi\u0219\u0103ri \u0219i z\u00e2mbete d\u0103ruite, sunt parte component\u0103 a activit\u0103\u021bii ADRA Moldova.<\/div>\n<div dir=\"auto\">Echipa ADRA cu suportul financiar al International Rescue Committee \u0219i Ministry of Foreign Affairs of the Czech Republic, \u00een cadrul proiectelor de asisten\u021b\u0103 umanitar\u0103 \u0219i sus\u021binere a necesit\u0103\u021bilor pentru oamenii afecta\u021bi de conflictul din Ucarina, a organizat un \u0219ir de activit\u0103\u021bi interactive pentru 37 de copii cu dizabilit\u0103\u021bi, printre ei at\u00e2t copii refugia\u021bi c\u00e2t \u0219i localnici. \u00cempreun\u0103 cu ei, au savurat din distrac\u021bie \u0219i p\u0103rin\u021bii, \u00een num\u0103r de 75 persoane. Spre sf\u00e2r\u0219it cu to\u021bii au avut parte de gustare \u0219i o plimbare cu vaporul.<\/div>\n<div dir=\"auto\">Toate aceste activit\u0103\u021bi au fost posibile \u00eempreun\u0103 cu partenerii no\u0219tri \u00een Tiraspol &#8211; OSOR\u021a.<\/div>\n<\/div>\n<div class=\"cxmmr5t8 oygrvhab hcukyx3x c1et5uql o9v6fnle ii04i59q\">\n<div dir=\"auto\">Iunie 2022<\/div>\n<\/div>\n<div class=\"cxmmr5t8 oygrvhab hcukyx3x c1et5uql o9v6fnle ii04i59q\">\n<div dir=\"auto\">P.S. Distribuie pentru ca s\u0103 beneficieze c\u00e2t mai mul\u021bi oameni dragi!<\/div>\n<\/div>\n<div dir=\"auto\"><\/div>\n<div dir=\"auto\"><\/div>\n<div dir=\"auto\"><\/div>\n<div dir=\"auto\"><\/div>\n<div dir=\"auto\"><\/div>\n<div class=\"cxmmr5t8 oygrvhab hcukyx3x c1et5uql o9v6fnle ii04i59q\">\n<div dir=\"auto\">!<img fetchpriority=\"high\" decoding=\"async\" class=\"alignnone size-medium wp-image-19342\" src=\"https:\/\/adra.md\/wp-content\/uploads\/2022\/07\/289413906_143591054941921_6406347803350342594_n-1-300x300.jpg\" alt=\"\" width=\"300\" height=\"300\" srcset=\"https:\/\/adra.md\/wp-content\/uploads\/2022\/07\/289413906_143591054941921_6406347803350342594_n-1-300x300.jpg 300w, https:\/\/adra.md\/wp-content\/uploads\/2022\/07\/289413906_143591054941921_6406347803350342594_n-1-1024x1024.jpg 1024w, https:\/\/adra.md\/wp-content\/uploads\/2022\/07\/289413906_143591054941921_6406347803350342594_n-1-150x150.jpg 150w, https:\/\/adra.md\/wp-content\/uploads\/2022\/07\/289413906_143591054941921_6406347803350342594_n-1-768x768.jpg 768w, https:\/\/adra.md\/wp-content\/uploads\/2022\/07\/289413906_143591054941921_6406347803350342594_n-1-100x100.jpg 100w, https:\/\/adra.md\/wp-content\/uploads\/2022\/07\/289413906_143591054941921_6406347803350342594_n-1-50x50.jpg 50w, https:\/\/adra.md\/wp-content\/uploads\/2022\/07\/289413906_143591054941921_6406347803350342594_n-1.jpg 1440w\" sizes=\"(max-width: 300px) 100vw, 300px\" \/> <img decoding=\"async\" class=\"alignnone size-medium wp-image-19343\" src=\"https:\/\/adra.md\/wp-content\/uploads\/2022\/07\/289030196_143591181608575_8839087680289562080_n-300x300.jpg\" alt=\"\" width=\"300\" height=\"300\" srcset=\"https:\/\/adra.md\/wp-content\/uploads\/2022\/07\/289030196_143591181608575_8839087680289562080_n-300x300.jpg 300w, https:\/\/adra.md\/wp-content\/uploads\/2022\/07\/289030196_143591181608575_8839087680289562080_n-1024x1024.jpg 1024w, https:\/\/adra.md\/wp-content\/uploads\/2022\/07\/289030196_143591181608575_8839087680289562080_n-150x150.jpg 150w, https:\/\/adra.md\/wp-content\/uploads\/2022\/07\/289030196_143591181608575_8839087680289562080_n-768x768.jpg 768w, https:\/\/adra.md\/wp-content\/uploads\/2022\/07\/289030196_143591181608575_8839087680289562080_n-100x100.jpg 100w, https:\/\/adra.md\/wp-content\/uploads\/2022\/07\/289030196_143591181608575_8839087680289562080_n-50x50.jpg 50w, https:\/\/adra.md\/wp-content\/uploads\/2022\/07\/289030196_143591181608575_8839087680289562080_n.jpg 1440w\" sizes=\"(max-width: 300px) 100vw, 300px\" \/> <img decoding=\"async\" class=\"alignnone size-medium wp-image-19344\" src=\"https:\/\/adra.md\/wp-content\/uploads\/2022\/07\/288849529_143591081608585_945719823165922946_n-300x300.jpg\" alt=\"\" width=\"300\" height=\"300\" srcset=\"https:\/\/adra.md\/wp-content\/uploads\/2022\/07\/288849529_143591081608585_945719823165922946_n-300x300.jpg 300w, https:\/\/adra.md\/wp-content\/uploads\/2022\/07\/288849529_143591081608585_945719823165922946_n-1024x1024.jpg 1024w, https:\/\/adra.md\/wp-content\/uploads\/2022\/07\/288849529_143591081608585_945719823165922946_n-150x150.jpg 150w, https:\/\/adra.md\/wp-content\/uploads\/2022\/07\/288849529_143591081608585_945719823165922946_n-768x768.jpg 768w, https:\/\/adra.md\/wp-content\/uploads\/2022\/07\/288849529_143591081608585_945719823165922946_n-100x100.jpg 100w, https:\/\/adra.md\/wp-content\/uploads\/2022\/07\/288849529_143591081608585_945719823165922946_n-50x50.jpg 50w, https:\/\/adra.md\/wp-content\/uploads\/2022\/07\/288849529_143591081608585_945719823165922946_n.jpg 1440w\" sizes=\"(max-width: 300px) 100vw, 300px\" \/> <img loading=\"lazy\" decoding=\"async\" class=\"alignnone size-medium wp-image-19345\" src=\"https:\/\/adra.md\/wp-content\/uploads\/2022\/07\/288850044_143591088275251_265670060478475424_n-300x300.jpg\" alt=\"\" width=\"300\" height=\"300\" srcset=\"https:\/\/adra.md\/wp-content\/uploads\/2022\/07\/288850044_143591088275251_265670060478475424_n-300x300.jpg 300w, https:\/\/adra.md\/wp-content\/uploads\/2022\/07\/288850044_143591088275251_265670060478475424_n-1024x1024.jpg 1024w, https:\/\/adra.md\/wp-content\/uploads\/2022\/07\/288850044_143591088275251_265670060478475424_n-150x150.jpg 150w, https:\/\/adra.md\/wp-content\/uploads\/2022\/07\/288850044_143591088275251_265670060478475424_n-768x768.jpg 768w, https:\/\/adra.md\/wp-content\/uploads\/2022\/07\/288850044_143591088275251_265670060478475424_n-100x100.jpg 100w, https:\/\/adra.md\/wp-content\/uploads\/2022\/07\/288850044_143591088275251_265670060478475424_n-50x50.jpg 50w, https:\/\/adra.md\/wp-content\/uploads\/2022\/07\/288850044_143591088275251_265670060478475424_n.jpg 1440w\" sizes=\"(max-width: 300px) 100vw, 300px\" \/> <img loading=\"lazy\" decoding=\"async\" class=\"alignnone size-medium wp-image-19346\" src=\"https:\/\/adra.md\/wp-content\/uploads\/2022\/07\/289019854_143591191608574_7577353177831811915_n-300x300.jpg\" alt=\"\" width=\"300\" height=\"300\" srcset=\"https:\/\/adra.md\/wp-content\/uploads\/2022\/07\/289019854_143591191608574_7577353177831811915_n-300x300.jpg 300w, https:\/\/adra.md\/wp-content\/uploads\/2022\/07\/289019854_143591191608574_7577353177831811915_n-1024x1024.jpg 1024w, https:\/\/adra.md\/wp-content\/uploads\/2022\/07\/289019854_143591191608574_7577353177831811915_n-150x150.jpg 150w, https:\/\/adra.md\/wp-content\/uploads\/2022\/07\/289019854_143591191608574_7577353177831811915_n-768x768.jpg 768w, https:\/\/adra.md\/wp-content\/uploads\/2022\/07\/289019854_143591191608574_7577353177831811915_n-100x100.jpg 100w, https:\/\/adra.md\/wp-content\/uploads\/2022\/07\/289019854_143591191608574_7577353177831811915_n-50x50.jpg 50w, https:\/\/adra.md\/wp-content\/uploads\/2022\/07\/289019854_143591191608574_7577353177831811915_n.jpg 1440w\" sizes=\"(max-width: 300px) 100vw, 300px\" \/> <img loading=\"lazy\" decoding=\"async\" class=\"alignnone size-medium wp-image-19347\" src=\"https:\/\/adra.md\/wp-content\/uploads\/2022\/07\/290354724_143591161608577_8092417936091708572_n-300x300.jpg\" alt=\"\" width=\"300\" height=\"300\" srcset=\"https:\/\/adra.md\/wp-content\/uploads\/2022\/07\/290354724_143591161608577_8092417936091708572_n-300x300.jpg 300w, https:\/\/adra.md\/wp-content\/uploads\/2022\/07\/290354724_143591161608577_8092417936091708572_n-1024x1024.jpg 1024w, https:\/\/adra.md\/wp-content\/uploads\/2022\/07\/290354724_143591161608577_8092417936091708572_n-150x150.jpg 150w, https:\/\/adra.md\/wp-content\/uploads\/2022\/07\/290354724_143591161608577_8092417936091708572_n-768x768.jpg 768w, https:\/\/adra.md\/wp-content\/uploads\/2022\/07\/290354724_143591161608577_8092417936091708572_n-100x100.jpg 100w, https:\/\/adra.md\/wp-content\/uploads\/2022\/07\/290354724_143591161608577_8092417936091708572_n-50x50.jpg 50w, https:\/\/adra.md\/wp-content\/uploads\/2022\/07\/290354724_143591161608577_8092417936091708572_n.jpg 1440w\" sizes=\"(max-width: 300px) 100vw, 300px\" \/> <img loading=\"lazy\" decoding=\"async\" class=\"alignnone size-medium wp-image-19348\" src=\"https:\/\/adra.md\/wp-content\/uploads\/2022\/07\/289703842_143591068275253_476382167958314383_n-300x300.jpg\" alt=\"\" width=\"300\" height=\"300\" srcset=\"https:\/\/adra.md\/wp-content\/uploads\/2022\/07\/289703842_143591068275253_476382167958314383_n-300x300.jpg 300w, https:\/\/adra.md\/wp-content\/uploads\/2022\/07\/289703842_143591068275253_476382167958314383_n-1024x1024.jpg 1024w, https:\/\/adra.md\/wp-content\/uploads\/2022\/07\/289703842_143591068275253_476382167958314383_n-150x150.jpg 150w, https:\/\/adra.md\/wp-content\/uploads\/2022\/07\/289703842_143591068275253_476382167958314383_n-768x768.jpg 768w, https:\/\/adra.md\/wp-content\/uploads\/2022\/07\/289703842_143591068275253_476382167958314383_n-100x100.jpg 100w, https:\/\/adra.md\/wp-content\/uploads\/2022\/07\/289703842_143591068275253_476382167958314383_n-50x50.jpg 50w, https:\/\/adra.md\/wp-content\/uploads\/2022\/07\/289703842_143591068275253_476382167958314383_n.jpg 1440w\" sizes=\"(max-width: 300px) 100vw, 300px\" \/> <img loading=\"lazy\" decoding=\"async\" class=\"alignnone size-medium wp-image-19349\" src=\"https:\/\/adra.md\/wp-content\/uploads\/2022\/07\/289454296_143591168275243_8560186254147356503_n-300x300.jpg\" alt=\"\" width=\"300\" height=\"300\" srcset=\"https:\/\/adra.md\/wp-content\/uploads\/2022\/07\/289454296_143591168275243_8560186254147356503_n-300x300.jpg 300w, https:\/\/adra.md\/wp-content\/uploads\/2022\/07\/289454296_143591168275243_8560186254147356503_n-1024x1024.jpg 1024w, https:\/\/adra.md\/wp-content\/uploads\/2022\/07\/289454296_143591168275243_8560186254147356503_n-150x150.jpg 150w, https:\/\/adra.md\/wp-content\/uploads\/2022\/07\/289454296_143591168275243_8560186254147356503_n-768x768.jpg 768w, https:\/\/adra.md\/wp-content\/uploads\/2022\/07\/289454296_143591168275243_8560186254147356503_n-100x100.jpg 100w, https:\/\/adra.md\/wp-content\/uploads\/2022\/07\/289454296_143591168275243_8560186254147356503_n-50x50.jpg 50w, https:\/\/adra.md\/wp-content\/uploads\/2022\/07\/289454296_143591168275243_8560186254147356503_n.jpg 1440w\" sizes=\"(max-width: 300px) 100vw, 300px\" \/><\/div>\n<\/div>","protected":false},"excerpt":{"rendered":"<p>Copiii sunt cea mai valoroas\u0103 resurs\u0103 a lumii \u0219i cea mai mare speran\u021b\u0103 a ei pentru viitor! Investi\u021bia \u00een activit\u0103\u021bi cu copiii, timp de calitate petrecut \u00eempreun\u0103, \u00eembr\u0103\u021bi\u0219\u0103ri \u0219i z\u00e2mbete d\u0103ruite, sunt parte component\u0103 a activit\u0103\u021bii ADRA Moldova. Echipa ADRA cu suportul financiar al International Rescue Committee \u0219i Ministry of Foreign Affairs of the Czech [&hellip;]<\/p>\n","protected":false},"author":9,"featured_media":19339,"comment_status":"closed","ping_status":"closed","sticky":false,"template":"","format":"standard","meta":{"_acf_changed":false,"footnotes":""},"categories":[294],"tags":[298,297],"class_list":["post-19341","post","type-post","status-publish","format-standard","has-post-thumbnail","hentry","category-news","tag-happychildrenday","tag-kids"],"acf":[],"yoast_head":"<!-- This site is optimized with the Yoast SEO plugin v27.4 - https:\/\/yoast.com\/product\/yoast-seo-wordpress\/ -->\n<title>Ziua copiilor este \u00een fiecare zi! - ADRA Moldova<\/title>\n<meta name=\"robots\" content=\"index, follow, max-snippet:-1, max-image-preview:large, max-video-preview:-1\" \/>\n<link rel=\"canonical\" href=\"https:\/\/adra.md\/ru\/ziua-copiilor-este-in-fiecare-zi\/\" \/>\n<meta property=\"og:locale\" content=\"ru_RU\" \/>\n<meta property=\"og:type\" content=\"article\" \/>\n<meta property=\"og:title\" content=\"Ziua copiilor este \u00een fiecare zi! - ADRA Moldova\" \/>\n<meta property=\"og:description\" content=\"Copiii sunt cea mai valoroas\u0103 resurs\u0103 a lumii \u0219i cea mai mare speran\u021b\u0103 a ei pentru viitor! Investi\u021bia \u00een activit\u0103\u021bi cu copiii, timp de calitate petrecut \u00eempreun\u0103, \u00eembr\u0103\u021bi\u0219\u0103ri \u0219i z\u00e2mbete d\u0103ruite, sunt parte component\u0103 a activit\u0103\u021bii ADRA Moldova. Echipa ADRA cu suportul financiar al International Rescue Committee \u0219i Ministry of Foreign Affairs of the Czech [&hellip;]\" \/>\n<meta property=\"og:url\" content=\"https:\/\/adra.md\/ru\/ziua-copiilor-este-in-fiecare-zi\/\" \/>\n<meta property=\"og:site_name\" content=\"ADRA Moldova\" \/>\n<meta property=\"article:published_time\" content=\"2022-07-25T07:32:03+00:00\" \/>\n<meta property=\"article:modified_time\" content=\"2022-07-25T09:21:00+00:00\" \/>\n<meta property=\"og:image\" content=\"https:\/\/adra.md\/wp-content\/uploads\/2022\/07\/289413906_143591054941921_6406347803350342594_n.jpg\" \/>\n\t<meta property=\"og:image:width\" content=\"1440\" \/>\n\t<meta property=\"og:image:height\" content=\"1440\" \/>\n\t<meta property=\"og:image:type\" content=\"image\/jpeg\" \/>\n<meta name=\"author\" content=\"ADRA Moldova\" \/>\n<meta name=\"twitter:card\" content=\"summary_large_image\" \/>\n<meta name=\"twitter:label1\" content=\"\u041d\u0430\u043f\u0438\u0441\u0430\u043d\u043e \u0430\u0432\u0442\u043e\u0440\u043e\u043c\" \/>\n\t<meta name=\"twitter:data1\" content=\"ADRA Moldova\" \/>\n\t<meta name=\"twitter:label2\" content=\"\u041f\u0440\u0438\u043c\u0435\u0440\u043d\u043e\u0435 \u0432\u0440\u0435\u043c\u044f \u0434\u043b\u044f \u0447\u0442\u0435\u043d\u0438\u044f\" \/>\n\t<meta name=\"twitter:data2\" content=\"1 \u043c\u0438\u043d\u0443\u0442\u0430\" \/>\n<script type=\"application\/ld+json\" class=\"yoast-schema-graph\">{\"@context\":\"https:\\\/\\\/schema.org\",\"@graph\":[{\"@type\":\"Article\",\"@id\":\"https:\\\/\\\/adra.md\\\/ziua-copiilor-este-in-fiecare-zi\\\/#article\",\"isPartOf\":{\"@id\":\"https:\\\/\\\/adra.md\\\/ziua-copiilor-este-in-fiecare-zi\\\/\"},\"author\":{\"name\":\"ADRA Moldova\",\"@id\":\"https:\\\/\\\/adra.md\\\/#\\\/schema\\\/person\\\/b0181e611ee89738cefb7dc2db2bb8d1\"},\"headline\":\"Ziua copiilor este \u00een fiecare zi!\",\"datePublished\":\"2022-07-25T07:32:03+00:00\",\"dateModified\":\"2022-07-25T09:21:00+00:00\",\"mainEntityOfPage\":{\"@id\":\"https:\\\/\\\/adra.md\\\/ziua-copiilor-este-in-fiecare-zi\\\/\"},\"wordCount\":179,\"publisher\":{\"@id\":\"https:\\\/\\\/adra.md\\\/#organization\"},\"image\":{\"@id\":\"https:\\\/\\\/adra.md\\\/ziua-copiilor-este-in-fiecare-zi\\\/#primaryimage\"},\"thumbnailUrl\":\"https:\\\/\\\/adra.md\\\/wp-content\\\/uploads\\\/2022\\\/07\\\/289413906_143591054941921_6406347803350342594_n.jpg\",\"keywords\":[\"happychildrenday\",\"kids\"],\"articleSection\":[\"News\"],\"inLanguage\":\"ru-RU\"},{\"@type\":\"WebPage\",\"@id\":\"https:\\\/\\\/adra.md\\\/ziua-copiilor-este-in-fiecare-zi\\\/\",\"url\":\"https:\\\/\\\/adra.md\\\/ziua-copiilor-este-in-fiecare-zi\\\/\",\"name\":\"Ziua copiilor este \u00een fiecare zi! - ADRA Moldova\",\"isPartOf\":{\"@id\":\"https:\\\/\\\/adra.md\\\/#website\"},\"primaryImageOfPage\":{\"@id\":\"https:\\\/\\\/adra.md\\\/ziua-copiilor-este-in-fiecare-zi\\\/#primaryimage\"},\"image\":{\"@id\":\"https:\\\/\\\/adra.md\\\/ziua-copiilor-este-in-fiecare-zi\\\/#primaryimage\"},\"thumbnailUrl\":\"https:\\\/\\\/adra.md\\\/wp-content\\\/uploads\\\/2022\\\/07\\\/289413906_143591054941921_6406347803350342594_n.jpg\",\"datePublished\":\"2022-07-25T07:32:03+00:00\",\"dateModified\":\"2022-07-25T09:21:00+00:00\",\"breadcrumb\":{\"@id\":\"https:\\\/\\\/adra.md\\\/ziua-copiilor-este-in-fiecare-zi\\\/#breadcrumb\"},\"inLanguage\":\"ru-RU\",\"potentialAction\":[{\"@type\":\"ReadAction\",\"target\":[\"https:\\\/\\\/adra.md\\\/ziua-copiilor-este-in-fiecare-zi\\\/\"]}]},{\"@type\":\"ImageObject\",\"inLanguage\":\"ru-RU\",\"@id\":\"https:\\\/\\\/adra.md\\\/ziua-copiilor-este-in-fiecare-zi\\\/#primaryimage\",\"url\":\"https:\\\/\\\/adra.md\\\/wp-content\\\/uploads\\\/2022\\\/07\\\/289413906_143591054941921_6406347803350342594_n.jpg\",\"contentUrl\":\"https:\\\/\\\/adra.md\\\/wp-content\\\/uploads\\\/2022\\\/07\\\/289413906_143591054941921_6406347803350342594_n.jpg\",\"width\":1440,\"height\":1440},{\"@type\":\"BreadcrumbList\",\"@id\":\"https:\\\/\\\/adra.md\\\/ziua-copiilor-este-in-fiecare-zi\\\/#breadcrumb\",\"itemListElement\":[{\"@type\":\"ListItem\",\"position\":1,\"name\":\"Home\",\"item\":\"https:\\\/\\\/adra.md\\\/\"},{\"@type\":\"ListItem\",\"position\":2,\"name\":\"Ziua copiilor este \u00een fiecare zi!\"}]},{\"@type\":\"WebSite\",\"@id\":\"https:\\\/\\\/adra.md\\\/#website\",\"url\":\"https:\\\/\\\/adra.md\\\/\",\"name\":\"ADRA Moldova\",\"description\":\"Agen\u0163ia Adventist\u0103 pentru Dezvoltare, Refacere \u015fi Ajutor\",\"publisher\":{\"@id\":\"https:\\\/\\\/adra.md\\\/#organization\"},\"potentialAction\":[{\"@type\":\"SearchAction\",\"target\":{\"@type\":\"EntryPoint\",\"urlTemplate\":\"https:\\\/\\\/adra.md\\\/?s={search_term_string}\"},\"query-input\":{\"@type\":\"PropertyValueSpecification\",\"valueRequired\":true,\"valueName\":\"search_term_string\"}}],\"inLanguage\":\"ru-RU\"},{\"@type\":\"Organization\",\"@id\":\"https:\\\/\\\/adra.md\\\/#organization\",\"name\":\"ADRA Moldova\",\"url\":\"https:\\\/\\\/adra.md\\\/\",\"logo\":{\"@type\":\"ImageObject\",\"inLanguage\":\"ru-RU\",\"@id\":\"https:\\\/\\\/adra.md\\\/#\\\/schema\\\/logo\\\/image\\\/\",\"url\":\"https:\\\/\\\/adra.md\\\/wp-content\\\/uploads\\\/2019\\\/11\\\/group-435.png\",\"contentUrl\":\"https:\\\/\\\/adra.md\\\/wp-content\\\/uploads\\\/2019\\\/11\\\/group-435.png\",\"width\":500,\"height\":133,\"caption\":\"ADRA Moldova\"},\"image\":{\"@id\":\"https:\\\/\\\/adra.md\\\/#\\\/schema\\\/logo\\\/image\\\/\"}},{\"@type\":\"Person\",\"@id\":\"https:\\\/\\\/adra.md\\\/#\\\/schema\\\/person\\\/b0181e611ee89738cefb7dc2db2bb8d1\",\"name\":\"ADRA Moldova\",\"url\":\"https:\\\/\\\/adra.md\\\/ru\\\/author\\\/andrei-girleanu\\\/\"}]}<\/script>\n<!-- \/ Yoast SEO plugin. -->","yoast_head_json":{"title":"Ziua copiilor este \u00een fiecare zi! - ADRA Moldova","robots":{"index":"index","follow":"follow","max-snippet":"max-snippet:-1","max-image-preview":"max-image-preview:large","max-video-preview":"max-video-preview:-1"},"canonical":"https:\/\/adra.md\/ru\/ziua-copiilor-este-in-fiecare-zi\/","og_locale":"ru_RU","og_type":"article","og_title":"Ziua copiilor este \u00een fiecare zi! - ADRA Moldova","og_description":"Copiii sunt cea mai valoroas\u0103 resurs\u0103 a lumii \u0219i cea mai mare speran\u021b\u0103 a ei pentru viitor! Investi\u021bia \u00een activit\u0103\u021bi cu copiii, timp de calitate petrecut \u00eempreun\u0103, \u00eembr\u0103\u021bi\u0219\u0103ri \u0219i z\u00e2mbete d\u0103ruite, sunt parte component\u0103 a activit\u0103\u021bii ADRA Moldova. Echipa ADRA cu suportul financiar al International Rescue Committee \u0219i Ministry of Foreign Affairs of the Czech [&hellip;]","og_url":"https:\/\/adra.md\/ru\/ziua-copiilor-este-in-fiecare-zi\/","og_site_name":"ADRA Moldova","article_published_time":"2022-07-25T07:32:03+00:00","article_modified_time":"2022-07-25T09:21:00+00:00","og_image":[{"width":1440,"height":1440,"url":"https:\/\/adra.md\/wp-content\/uploads\/2022\/07\/289413906_143591054941921_6406347803350342594_n.jpg","type":"image\/jpeg"}],"author":"ADRA Moldova","twitter_card":"summary_large_image","twitter_misc":{"\u041d\u0430\u043f\u0438\u0441\u0430\u043d\u043e \u0430\u0432\u0442\u043e\u0440\u043e\u043c":"ADRA Moldova","\u041f\u0440\u0438\u043c\u0435\u0440\u043d\u043e\u0435 \u0432\u0440\u0435\u043c\u044f \u0434\u043b\u044f \u0447\u0442\u0435\u043d\u0438\u044f":"1 \u043c\u0438\u043d\u0443\u0442\u0430"},"schema":{"@context":"https:\/\/schema.org","@graph":[{"@type":"Article","@id":"https:\/\/adra.md\/ziua-copiilor-este-in-fiecare-zi\/#article","isPartOf":{"@id":"https:\/\/adra.md\/ziua-copiilor-este-in-fiecare-zi\/"},"author":{"name":"ADRA Moldova","@id":"https:\/\/adra.md\/#\/schema\/person\/b0181e611ee89738cefb7dc2db2bb8d1"},"headline":"Ziua copiilor este \u00een fiecare zi!","datePublished":"2022-07-25T07:32:03+00:00","dateModified":"2022-07-25T09:21:00+00:00","mainEntityOfPage":{"@id":"https:\/\/adra.md\/ziua-copiilor-este-in-fiecare-zi\/"},"wordCount":179,"publisher":{"@id":"https:\/\/adra.md\/#organization"},"image":{"@id":"https:\/\/adra.md\/ziua-copiilor-este-in-fiecare-zi\/#primaryimage"},"thumbnailUrl":"https:\/\/adra.md\/wp-content\/uploads\/2022\/07\/289413906_143591054941921_6406347803350342594_n.jpg","keywords":["happychildrenday","kids"],"articleSection":["News"],"inLanguage":"ru-RU"},{"@type":"WebPage","@id":"https:\/\/adra.md\/ziua-copiilor-este-in-fiecare-zi\/","url":"https:\/\/adra.md\/ziua-copiilor-este-in-fiecare-zi\/","name":"Ziua copiilor este \u00een fiecare zi! - ADRA Moldova","isPartOf":{"@id":"https:\/\/adra.md\/#website"},"primaryImageOfPage":{"@id":"https:\/\/adra.md\/ziua-copiilor-este-in-fiecare-zi\/#primaryimage"},"image":{"@id":"https:\/\/adra.md\/ziua-copiilor-este-in-fiecare-zi\/#primaryimage"},"thumbnailUrl":"https:\/\/adra.md\/wp-content\/uploads\/2022\/07\/289413906_143591054941921_6406347803350342594_n.jpg","datePublished":"2022-07-25T07:32:03+00:00","dateModified":"2022-07-25T09:21:00+00:00","breadcrumb":{"@id":"https:\/\/adra.md\/ziua-copiilor-este-in-fiecare-zi\/#breadcrumb"},"inLanguage":"ru-RU","potentialAction":[{"@type":"ReadAction","target":["https:\/\/adra.md\/ziua-copiilor-este-in-fiecare-zi\/"]}]},{"@type":"ImageObject","inLanguage":"ru-RU","@id":"https:\/\/adra.md\/ziua-copiilor-este-in-fiecare-zi\/#primaryimage","url":"https:\/\/adra.md\/wp-content\/uploads\/2022\/07\/289413906_143591054941921_6406347803350342594_n.jpg","contentUrl":"https:\/\/adra.md\/wp-content\/uploads\/2022\/07\/289413906_143591054941921_6406347803350342594_n.jpg","width":1440,"height":1440},{"@type":"BreadcrumbList","@id":"https:\/\/adra.md\/ziua-copiilor-este-in-fiecare-zi\/#breadcrumb","itemListElement":[{"@type":"ListItem","position":1,"name":"Home","item":"https:\/\/adra.md\/"},{"@type":"ListItem","position":2,"name":"Ziua copiilor este \u00een fiecare zi!"}]},{"@type":"WebSite","@id":"https:\/\/adra.md\/#website","url":"https:\/\/adra.md\/","name":"ADRA Moldova","description":"Agen\u0163ia Adventist\u0103 pentru Dezvoltare, Refacere \u015fi Ajutor","publisher":{"@id":"https:\/\/adra.md\/#organization"},"potentialAction":[{"@type":"SearchAction","target":{"@type":"EntryPoint","urlTemplate":"https:\/\/adra.md\/?s={search_term_string}"},"query-input":{"@type":"PropertyValueSpecification","valueRequired":true,"valueName":"search_term_string"}}],"inLanguage":"ru-RU"},{"@type":"Organization","@id":"https:\/\/adra.md\/#organization","name":"ADRA Moldova","url":"https:\/\/adra.md\/","logo":{"@type":"ImageObject","inLanguage":"ru-RU","@id":"https:\/\/adra.md\/#\/schema\/logo\/image\/","url":"https:\/\/adra.md\/wp-content\/uploads\/2019\/11\/group-435.png","contentUrl":"https:\/\/adra.md\/wp-content\/uploads\/2019\/11\/group-435.png","width":500,"height":133,"caption":"ADRA Moldova"},"image":{"@id":"https:\/\/adra.md\/#\/schema\/logo\/image\/"}},{"@type":"Person","@id":"https:\/\/adra.md\/#\/schema\/person\/b0181e611ee89738cefb7dc2db2bb8d1","name":"ADRA Moldova","url":"https:\/\/adra.md\/ru\/author\/andrei-girleanu\/"}]}},"_links":{"self":[{"href":"https:\/\/adra.md\/ru\/wp-json\/wp\/v2\/posts\/19341","targetHints":{"allow":["GET"]}}],"collection":[{"href":"https:\/\/adra.md\/ru\/wp-json\/wp\/v2\/posts"}],"about":[{"href":"https:\/\/adra.md\/ru\/wp-json\/wp\/v2\/types\/post"}],"author":[{"embeddable":true,"href":"https:\/\/adra.md\/ru\/wp-json\/wp\/v2\/users\/9"}],"replies":[{"embeddable":true,"href":"https:\/\/adra.md\/ru\/wp-json\/wp\/v2\/comments?post=19341"}],"version-history":[{"count":4,"href":"https:\/\/adra.md\/ru\/wp-json\/wp\/v2\/posts\/19341\/revisions"}],"predecessor-version":[{"id":19372,"href":"https:\/\/adra.md\/ru\/wp-json\/wp\/v2\/posts\/19341\/revisions\/19372"}],"wp:featuredmedia":[{"embeddable":true,"href":"https:\/\/adra.md\/ru\/wp-json\/wp\/v2\/media\/19339"}],"wp:attachment":[{"href":"https:\/\/adra.md\/ru\/wp-json\/wp\/v2\/media?parent=19341"}],"wp:term":[{"taxonomy":"category","embeddable":true,"href":"https:\/\/adra.md\/ru\/wp-json\/wp\/v2\/categories?post=19341"},{"taxonomy":"post_tag","embeddable":true,"href":"https:\/\/adra.md\/ru\/wp-json\/wp\/v2\/tags?post=19341"}],"curies":[{"name":"wp","href":"https:\/\/api.w.org\/{rel}","templated":true}]}}