{"id":19434,"date":"2022-08-12T06:42:47","date_gmt":"2022-08-12T06:42:47","guid":{"rendered":"https:\/\/adra.md\/?p=19434"},"modified":"2022-08-29T06:28:27","modified_gmt":"2022-08-29T06:28:27","slug":"dreptate-compasiune-dragoste-pentru-refugiati","status":"publish","type":"post","link":"https:\/\/adra.md\/ru\/dreptate-compasiune-dragoste-pentru-refugiati\/","title":{"rendered":"Dreptate, Compasiune, Dragoste pentru refugia\u021bi!"},"content":{"rendered":"<div class=\"kvgmc6g5 cxmmr5t8 oygrvhab hcukyx3x c1et5uql ii04i59q\">\n<div dir=\"auto\">Basarabeasca ete localitatea care a g\u0103zduit un num\u0103r enorm de refugia\u021bi chiar din primele zile de invazie \u00een Ucraina. U\u0219ile Bisericii Adventiste de Ziua a \u0218aptea au fost larg deschise pentru mame cu copii mici, femei singure, b\u0103tr\u00e2ni, familii care au mers acolo unde \u00eei duc ochii din fric\u0103 pentru via\u021ba copiilor s\u0103i.<\/div>\n<div dir=\"auto\">Saltelele moi \u0219i mesele calde au fost primite cu mul\u021bumire de c\u0103tre fiecare refugiat cazat aici.<\/div>\n<div dir=\"auto\">\u00cen timp, voluntarii <a class=\"oajrlxb2 g5ia77u1 qu0x051f esr5mh6w e9989ue4 r7d6kgcz rq0escxv nhd2j8a9 nc684nl6 p7hjln8o kvgmc6g5 cxmmr5t8 oygrvhab hcukyx3x jb3vyjys rz4wbd8a qt6c0cv9 a8nywdso i1ao9s8h esuyzwwr f1sip0of lzcic4wl gpro0wi8 q66pz984 b1v8xokw\" tabindex=\"0\" role=\"link\" href=\"https:\/\/www.facebook.com\/ADRAMoldova\/?__cft__[0]=AZW_2937TRlmiiUQx-hCoJCzsUiFFz_HJtVZGP_nQuxTKrFpSZG4YzZSxYAb8P5RB_iR1OSJNIwQ120KKDLMpXBFBTKIvL499n6FjsXmkVLSHcv5jo_f4RYxemvnNJhUyTRIUsnBm4Rq4-cRYZ79YCiJfQuzOGSHx9KALE1adyYtAWpE_W0KcHk-aWI-iLoO0J6zP4_LkvfPN0Kmt-aFkdGj&amp;__tn__=kK-R\"><span class=\"nc684nl6\">ADRA Moldova<\/span><\/a>, nu uit\u0103 nici una din persoanele care ulterior au g\u0103sit ad\u0103post la casele localnicilor din Basarabeasca. Aici periodic se organizeaz\u0103 \u00eent\u00e2lniri, unde cei prezen\u021bi primesc ajutor umanitar \u0219i produse alimentare.<\/div>\n<div dir=\"auto\">\u00cen luna Iunie, \u00een incinta casei de rug\u0103ciune, a fost organizat un concert de muzic\u0103 cre\u0219tin\u0103 \u0219i de suflet, unde <a class=\"oajrlxb2 g5ia77u1 qu0x051f esr5mh6w e9989ue4 r7d6kgcz rq0escxv nhd2j8a9 nc684nl6 p7hjln8o kvgmc6g5 cxmmr5t8 oygrvhab hcukyx3x jb3vyjys rz4wbd8a qt6c0cv9 a8nywdso i1ao9s8h esuyzwwr f1sip0of lzcic4wl gpro0wi8 q66pz984 b1v8xokw\" tabindex=\"0\" role=\"link\" href=\"https:\/\/www.facebook.com\/profile.php?id=100063840065593&amp;__cft__[0]=AZW_2937TRlmiiUQx-hCoJCzsUiFFz_HJtVZGP_nQuxTKrFpSZG4YzZSxYAb8P5RB_iR1OSJNIwQ120KKDLMpXBFBTKIvL499n6FjsXmkVLSHcv5jo_f4RYxemvnNJhUyTRIUsnBm4Rq4-cRYZ79YCiJfQuzOGSHx9KALE1adyYtAWpE_W0KcHk-aWI-iLoO0J6zP4_LkvfPN0Kmt-aFkdGj&amp;__tn__=-]K-R\"><span class=\"nc684nl6\">Valeri Sajin<\/span><\/a> a delectat auzul cu o voce pl\u0103cut\u0103. To\u021bi cei din sal\u0103 au petrecut timp de calitate av\u00e2nd posibilitatea s\u0103 se implice \u00een program c\u00e2nt\u00e2nd \u0219i ei.<\/div>\n<div dir=\"auto\"><\/div>\n<div dir=\"auto\">Cu ajutorul <a class=\"oajrlxb2 g5ia77u1 qu0x051f esr5mh6w e9989ue4 r7d6kgcz rq0escxv nhd2j8a9 nc684nl6 p7hjln8o kvgmc6g5 cxmmr5t8 oygrvhab hcukyx3x jb3vyjys rz4wbd8a qt6c0cv9 a8nywdso i1ao9s8h esuyzwwr f1sip0of lzcic4wl gpro0wi8 q66pz984 b1v8xokw\" tabindex=\"0\" role=\"link\" href=\"https:\/\/www.facebook.com\/joinADRA\/?__cft__[0]=AZW_2937TRlmiiUQx-hCoJCzsUiFFz_HJtVZGP_nQuxTKrFpSZG4YzZSxYAb8P5RB_iR1OSJNIwQ120KKDLMpXBFBTKIvL499n6FjsXmkVLSHcv5jo_f4RYxemvnNJhUyTRIUsnBm4Rq4-cRYZ79YCiJfQuzOGSHx9KALE1adyYtAWpE_W0KcHk-aWI-iLoO0J6zP4_LkvfPN0Kmt-aFkdGj&amp;__tn__=kK-R\"><span class=\"nc684nl6\">ADRA International<\/span><\/a> suntem cu un pas mai aproape de sufletele refugia\u021bilor, sim\u021bind \u00eempreun\u0103 cu ei.<\/div>\n<div dir=\"auto\"><\/div>\n<div dir=\"auto\">Bucuria vine din d\u0103rnicie, de aceea:<\/div>\n<div dir=\"auto\"><strong>DREPTATE, COMPASIUNE, DRAGOSTE!<\/strong><\/div>\n<div dir=\"auto\"><\/div>\n<\/div>\n<div class=\"cxmmr5t8 oygrvhab hcukyx3x c1et5uql o9v6fnle ii04i59q\">\n<div dir=\"auto\"><a class=\"oajrlxb2 g5ia77u1 qu0x051f esr5mh6w e9989ue4 r7d6kgcz rq0escxv nhd2j8a9 nc684nl6 p7hjln8o kvgmc6g5 cxmmr5t8 oygrvhab hcukyx3x jb3vyjys rz4wbd8a qt6c0cv9 a8nywdso i1ao9s8h esuyzwwr f1sip0of lzcic4wl gpro0wi8 q66pz984 b1v8xokw\" tabindex=\"0\" role=\"link\" href=\"https:\/\/www.facebook.com\/hashtag\/refugee?__eep__=6&amp;__cft__[0]=AZW_2937TRlmiiUQx-hCoJCzsUiFFz_HJtVZGP_nQuxTKrFpSZG4YzZSxYAb8P5RB_iR1OSJNIwQ120KKDLMpXBFBTKIvL499n6FjsXmkVLSHcv5jo_f4RYxemvnNJhUyTRIUsnBm4Rq4-cRYZ79YCiJfQuzOGSHx9KALE1adyYtAWpE_W0KcHk-aWI-iLoO0J6zP4_LkvfPN0Kmt-aFkdGj&amp;__tn__=*NK-R\">#REFUGEE<\/a> <a class=\"oajrlxb2 g5ia77u1 qu0x051f esr5mh6w e9989ue4 r7d6kgcz rq0escxv nhd2j8a9 nc684nl6 p7hjln8o kvgmc6g5 cxmmr5t8 oygrvhab hcukyx3x jb3vyjys rz4wbd8a qt6c0cv9 a8nywdso i1ao9s8h esuyzwwr f1sip0of lzcic4wl gpro0wi8 q66pz984 b1v8xokw\" tabindex=\"0\" role=\"link\" href=\"https:\/\/www.facebook.com\/hashtag\/adra?__eep__=6&amp;__cft__[0]=AZW_2937TRlmiiUQx-hCoJCzsUiFFz_HJtVZGP_nQuxTKrFpSZG4YzZSxYAb8P5RB_iR1OSJNIwQ120KKDLMpXBFBTKIvL499n6FjsXmkVLSHcv5jo_f4RYxemvnNJhUyTRIUsnBm4Rq4-cRYZ79YCiJfQuzOGSHx9KALE1adyYtAWpE_W0KcHk-aWI-iLoO0J6zP4_LkvfPN0Kmt-aFkdGj&amp;__tn__=*NK-R\">#ADRA<\/a> <a class=\"oajrlxb2 g5ia77u1 qu0x051f esr5mh6w e9989ue4 r7d6kgcz rq0escxv nhd2j8a9 nc684nl6 p7hjln8o kvgmc6g5 cxmmr5t8 oygrvhab hcukyx3x jb3vyjys rz4wbd8a qt6c0cv9 a8nywdso i1ao9s8h esuyzwwr f1sip0of lzcic4wl gpro0wi8 q66pz984 b1v8xokw\" tabindex=\"0\" role=\"link\" href=\"https:\/\/www.facebook.com\/hashtag\/adrainternational?__eep__=6&amp;__cft__[0]=AZW_2937TRlmiiUQx-hCoJCzsUiFFz_HJtVZGP_nQuxTKrFpSZG4YzZSxYAb8P5RB_iR1OSJNIwQ120KKDLMpXBFBTKIvL499n6FjsXmkVLSHcv5jo_f4RYxemvnNJhUyTRIUsnBm4Rq4-cRYZ79YCiJfQuzOGSHx9KALE1adyYtAWpE_W0KcHk-aWI-iLoO0J6zP4_LkvfPN0Kmt-aFkdGj&amp;__tn__=*NK-R\">#AdraInternational<\/a> <a class=\"oajrlxb2 g5ia77u1 qu0x051f esr5mh6w e9989ue4 r7d6kgcz rq0escxv nhd2j8a9 nc684nl6 p7hjln8o kvgmc6g5 cxmmr5t8 oygrvhab hcukyx3x jb3vyjys rz4wbd8a qt6c0cv9 a8nywdso i1ao9s8h esuyzwwr f1sip0of lzcic4wl gpro0wi8 q66pz984 b1v8xokw\" tabindex=\"0\" role=\"link\" href=\"https:\/\/www.facebook.com\/hashtag\/helpukraine?__eep__=6&amp;__cft__[0]=AZW_2937TRlmiiUQx-hCoJCzsUiFFz_HJtVZGP_nQuxTKrFpSZG4YzZSxYAb8P5RB_iR1OSJNIwQ120KKDLMpXBFBTKIvL499n6FjsXmkVLSHcv5jo_f4RYxemvnNJhUyTRIUsnBm4Rq4-cRYZ79YCiJfQuzOGSHx9KALE1adyYtAWpE_W0KcHk-aWI-iLoO0J6zP4_LkvfPN0Kmt-aFkdGj&amp;__tn__=*NK-R\">#helpUkraine<\/a> <a class=\"oajrlxb2 g5ia77u1 qu0x051f esr5mh6w e9989ue4 r7d6kgcz rq0escxv nhd2j8a9 nc684nl6 p7hjln8o kvgmc6g5 cxmmr5t8 oygrvhab hcukyx3x jb3vyjys rz4wbd8a qt6c0cv9 a8nywdso i1ao9s8h esuyzwwr f1sip0of lzcic4wl gpro0wi8 q66pz984 b1v8xokw\" tabindex=\"0\" role=\"link\" href=\"https:\/\/www.facebook.com\/hashtag\/crisisukraine?__eep__=6&amp;__cft__[0]=AZW_2937TRlmiiUQx-hCoJCzsUiFFz_HJtVZGP_nQuxTKrFpSZG4YzZSxYAb8P5RB_iR1OSJNIwQ120KKDLMpXBFBTKIvL499n6FjsXmkVLSHcv5jo_f4RYxemvnNJhUyTRIUsnBm4Rq4-cRYZ79YCiJfQuzOGSHx9KALE1adyYtAWpE_W0KcHk-aWI-iLoO0J6zP4_LkvfPN0Kmt-aFkdGj&amp;__tn__=*NK-R\">#CrisisUkraine<\/a> <a class=\"oajrlxb2 g5ia77u1 qu0x051f esr5mh6w e9989ue4 r7d6kgcz rq0escxv nhd2j8a9 nc684nl6 p7hjln8o kvgmc6g5 cxmmr5t8 oygrvhab hcukyx3x jb3vyjys rz4wbd8a qt6c0cv9 a8nywdso i1ao9s8h esuyzwwr f1sip0of lzcic4wl gpro0wi8 q66pz984 b1v8xokw\" tabindex=\"0\" role=\"link\" href=\"https:\/\/www.facebook.com\/hashtag\/concert?__eep__=6&amp;__cft__[0]=AZW_2937TRlmiiUQx-hCoJCzsUiFFz_HJtVZGP_nQuxTKrFpSZG4YzZSxYAb8P5RB_iR1OSJNIwQ120KKDLMpXBFBTKIvL499n6FjsXmkVLSHcv5jo_f4RYxemvnNJhUyTRIUsnBm4Rq4-cRYZ79YCiJfQuzOGSHx9KALE1adyYtAWpE_W0KcHk-aWI-iLoO0J6zP4_LkvfPN0Kmt-aFkdGj&amp;__tn__=*NK-R\">#concert<\/a><\/div>\n<\/div>\n<div dir=\"auto\"><\/div>\n<div dir=\"auto\"><img fetchpriority=\"high\" decoding=\"async\" class=\"alignnone size-medium wp-image-19417\" src=\"https:\/\/adra.md\/wp-content\/uploads\/2022\/08\/viber_image_2022-08-12_09-09-36-748-229x300.jpg\" alt=\"\" width=\"229\" height=\"300\" srcset=\"https:\/\/adra.md\/wp-content\/uploads\/2022\/08\/viber_image_2022-08-12_09-09-36-748-229x300.jpg 229w, https:\/\/adra.md\/wp-content\/uploads\/2022\/08\/viber_image_2022-08-12_09-09-36-748-780x1024.jpg 780w, https:\/\/adra.md\/wp-content\/uploads\/2022\/08\/viber_image_2022-08-12_09-09-36-748-768x1008.jpg 768w, https:\/\/adra.md\/wp-content\/uploads\/2022\/08\/viber_image_2022-08-12_09-09-36-748.jpg 1170w\" sizes=\"(max-width: 229px) 100vw, 229px\" \/>\u00a0 \u00a0 \u00a0 <img decoding=\"async\" class=\"alignnone size-medium wp-image-19418\" src=\"https:\/\/adra.md\/wp-content\/uploads\/2022\/08\/viber_image_2022-08-12_09-09-37-165-229x300.jpg\" alt=\"\" width=\"229\" height=\"300\" srcset=\"https:\/\/adra.md\/wp-content\/uploads\/2022\/08\/viber_image_2022-08-12_09-09-37-165-229x300.jpg 229w, https:\/\/adra.md\/wp-content\/uploads\/2022\/08\/viber_image_2022-08-12_09-09-37-165-781x1024.jpg 781w, https:\/\/adra.md\/wp-content\/uploads\/2022\/08\/viber_image_2022-08-12_09-09-37-165-768x1008.jpg 768w, https:\/\/adra.md\/wp-content\/uploads\/2022\/08\/viber_image_2022-08-12_09-09-37-165.jpg 1170w\" sizes=\"(max-width: 229px) 100vw, 229px\" \/>\u00a0 \u00a0 \u00a0 <img decoding=\"async\" class=\"alignnone size-medium wp-image-19419\" src=\"https:\/\/adra.md\/wp-content\/uploads\/2022\/08\/viber_image_2022-08-12_09-09-39-960-240x300.jpg\" alt=\"\" width=\"240\" height=\"300\" srcset=\"https:\/\/adra.md\/wp-content\/uploads\/2022\/08\/viber_image_2022-08-12_09-09-39-960-240x300.jpg 240w, https:\/\/adra.md\/wp-content\/uploads\/2022\/08\/viber_image_2022-08-12_09-09-39-960-820x1024.jpg 820w, https:\/\/adra.md\/wp-content\/uploads\/2022\/08\/viber_image_2022-08-12_09-09-39-960-768x959.jpg 768w, https:\/\/adra.md\/wp-content\/uploads\/2022\/08\/viber_image_2022-08-12_09-09-39-960-1229x1536.jpg 1229w, https:\/\/adra.md\/wp-content\/uploads\/2022\/08\/viber_image_2022-08-12_09-09-39-960.jpg 1440w\" sizes=\"(max-width: 240px) 100vw, 240px\" \/><\/div>\n<div dir=\"auto\"><\/div>\n<div dir=\"auto\"><\/div>\n<div dir=\"auto\"><img loading=\"lazy\" decoding=\"async\" class=\"alignnone size-medium wp-image-19420\" src=\"https:\/\/adra.md\/wp-content\/uploads\/2022\/08\/viber_image_2022-08-12_09-09-37-919-212x300.jpg\" alt=\"\" width=\"212\" height=\"300\" srcset=\"https:\/\/adra.md\/wp-content\/uploads\/2022\/08\/viber_image_2022-08-12_09-09-37-919-212x300.jpg 212w, https:\/\/adra.md\/wp-content\/uploads\/2022\/08\/viber_image_2022-08-12_09-09-37-919-724x1024.jpg 724w, https:\/\/adra.md\/wp-content\/uploads\/2022\/08\/viber_image_2022-08-12_09-09-37-919-768x1087.jpg 768w, https:\/\/adra.md\/wp-content\/uploads\/2022\/08\/viber_image_2022-08-12_09-09-37-919.jpg 1032w\" sizes=\"(max-width: 212px) 100vw, 212px\" \/>\u00a0 \u00a0 \u00a0 <img loading=\"lazy\" decoding=\"async\" class=\"alignnone size-medium wp-image-19425\" src=\"https:\/\/adra.md\/wp-content\/uploads\/2022\/08\/viber_image_2022-08-12_09-09-38-935-240x300.jpg\" alt=\"\" width=\"240\" height=\"300\" srcset=\"https:\/\/adra.md\/wp-content\/uploads\/2022\/08\/viber_image_2022-08-12_09-09-38-935-240x300.jpg 240w, https:\/\/adra.md\/wp-content\/uploads\/2022\/08\/viber_image_2022-08-12_09-09-38-935-819x1024.jpg 819w, https:\/\/adra.md\/wp-content\/uploads\/2022\/08\/viber_image_2022-08-12_09-09-38-935-768x960.jpg 768w, https:\/\/adra.md\/wp-content\/uploads\/2022\/08\/viber_image_2022-08-12_09-09-38-935-1229x1536.jpg 1229w, https:\/\/adra.md\/wp-content\/uploads\/2022\/08\/viber_image_2022-08-12_09-09-38-935.jpg 1280w\" sizes=\"(max-width: 240px) 100vw, 240px\" \/>\u00a0 \u00a0 \u00a0\u00a0 <img loading=\"lazy\" decoding=\"async\" class=\"alignnone size-medium wp-image-19424\" src=\"https:\/\/adra.md\/wp-content\/uploads\/2022\/08\/viber_image_2022-08-12_09-09-38-739-229x300.jpg\" alt=\"\" width=\"229\" height=\"300\" srcset=\"https:\/\/adra.md\/wp-content\/uploads\/2022\/08\/viber_image_2022-08-12_09-09-38-739-229x300.jpg 229w, https:\/\/adra.md\/wp-content\/uploads\/2022\/08\/viber_image_2022-08-12_09-09-38-739-782x1024.jpg 782w, https:\/\/adra.md\/wp-content\/uploads\/2022\/08\/viber_image_2022-08-12_09-09-38-739-768x1006.jpg 768w, https:\/\/adra.md\/wp-content\/uploads\/2022\/08\/viber_image_2022-08-12_09-09-38-739.jpg 1170w\" sizes=\"(max-width: 229px) 100vw, 229px\" \/><\/div>\n<div dir=\"auto\"><\/div>\n<div dir=\"auto\"><\/div>\n<div dir=\"auto\"><img loading=\"lazy\" decoding=\"async\" class=\"alignnone size-medium wp-image-19423\" src=\"https:\/\/adra.md\/wp-content\/uploads\/2022\/08\/viber_image_2022-08-12_09-09-40-409-300x225.jpg\" alt=\"\" width=\"300\" height=\"225\" srcset=\"https:\/\/adra.md\/wp-content\/uploads\/2022\/08\/viber_image_2022-08-12_09-09-40-409-300x225.jpg 300w, https:\/\/adra.md\/wp-content\/uploads\/2022\/08\/viber_image_2022-08-12_09-09-40-409-1024x768.jpg 1024w, https:\/\/adra.md\/wp-content\/uploads\/2022\/08\/viber_image_2022-08-12_09-09-40-409-768x576.jpg 768w, https:\/\/adra.md\/wp-content\/uploads\/2022\/08\/viber_image_2022-08-12_09-09-40-409-1536x1152.jpg 1536w, https:\/\/adra.md\/wp-content\/uploads\/2022\/08\/viber_image_2022-08-12_09-09-40-409-1000x750.jpg 1000w, https:\/\/adra.md\/wp-content\/uploads\/2022\/08\/viber_image_2022-08-12_09-09-40-409.jpg 1600w\" sizes=\"(max-width: 300px) 100vw, 300px\" \/>\u00a0 \u00a0 \u00a0\u00a0 <img loading=\"lazy\" decoding=\"async\" class=\"alignnone size-medium wp-image-19422\" src=\"https:\/\/adra.md\/wp-content\/uploads\/2022\/08\/viber_image_2022-08-12_09-09-38-550-229x300.jpg\" alt=\"\" width=\"229\" height=\"300\" srcset=\"https:\/\/adra.md\/wp-content\/uploads\/2022\/08\/viber_image_2022-08-12_09-09-38-550-229x300.jpg 229w, https:\/\/adra.md\/wp-content\/uploads\/2022\/08\/viber_image_2022-08-12_09-09-38-550-782x1024.jpg 782w, https:\/\/adra.md\/wp-content\/uploads\/2022\/08\/viber_image_2022-08-12_09-09-38-550-768x1006.jpg 768w, https:\/\/adra.md\/wp-content\/uploads\/2022\/08\/viber_image_2022-08-12_09-09-38-550.jpg 1170w\" sizes=\"(max-width: 229px) 100vw, 229px\" \/>\u00a0 \u00a0 \u00a0\u00a0 <img loading=\"lazy\" decoding=\"async\" class=\"alignnone size-medium wp-image-19421\" src=\"https:\/\/adra.md\/wp-content\/uploads\/2022\/08\/viber_image_2022-08-12_09-09-40-147-300x225.jpg\" alt=\"\" width=\"300\" height=\"225\" srcset=\"https:\/\/adra.md\/wp-content\/uploads\/2022\/08\/viber_image_2022-08-12_09-09-40-147-300x225.jpg 300w, https:\/\/adra.md\/wp-content\/uploads\/2022\/08\/viber_image_2022-08-12_09-09-40-147-1024x768.jpg 1024w, https:\/\/adra.md\/wp-content\/uploads\/2022\/08\/viber_image_2022-08-12_09-09-40-147-768x576.jpg 768w, https:\/\/adra.md\/wp-content\/uploads\/2022\/08\/viber_image_2022-08-12_09-09-40-147-1536x1152.jpg 1536w, https:\/\/adra.md\/wp-content\/uploads\/2022\/08\/viber_image_2022-08-12_09-09-40-147-1000x750.jpg 1000w, https:\/\/adra.md\/wp-content\/uploads\/2022\/08\/viber_image_2022-08-12_09-09-40-147.jpg 1600w\" sizes=\"(max-width: 300px) 100vw, 300px\" \/><\/div>\n<div dir=\"auto\"><\/div>\n<div dir=\"auto\"><\/div>\n<div dir=\"auto\"><img loading=\"lazy\" decoding=\"async\" class=\"alignnone size-medium wp-image-19426\" src=\"https:\/\/adra.md\/wp-content\/uploads\/2022\/08\/viber_image_2022-08-12_09-09-39-222-240x300.jpg\" alt=\"\" width=\"240\" height=\"300\" srcset=\"https:\/\/adra.md\/wp-content\/uploads\/2022\/08\/viber_image_2022-08-12_09-09-39-222-240x300.jpg 240w, https:\/\/adra.md\/wp-content\/uploads\/2022\/08\/viber_image_2022-08-12_09-09-39-222-819x1024.jpg 819w, https:\/\/adra.md\/wp-content\/uploads\/2022\/08\/viber_image_2022-08-12_09-09-39-222-768x960.jpg 768w, https:\/\/adra.md\/wp-content\/uploads\/2022\/08\/viber_image_2022-08-12_09-09-39-222-1229x1536.jpg 1229w, https:\/\/adra.md\/wp-content\/uploads\/2022\/08\/viber_image_2022-08-12_09-09-39-222.jpg 1280w\" sizes=\"(max-width: 240px) 100vw, 240px\" \/>\u00a0 \u00a0 \u00a0 \u00a0\u00a0<img loading=\"lazy\" decoding=\"async\" class=\"alignnone size-medium wp-image-19427\" src=\"https:\/\/adra.md\/wp-content\/uploads\/2022\/08\/viber_image_2022-08-12_09-09-39-511-240x300.jpg\" alt=\"\" width=\"240\" height=\"300\" srcset=\"https:\/\/adra.md\/wp-content\/uploads\/2022\/08\/viber_image_2022-08-12_09-09-39-511-240x300.jpg 240w, https:\/\/adra.md\/wp-content\/uploads\/2022\/08\/viber_image_2022-08-12_09-09-39-511-819x1024.jpg 819w, https:\/\/adra.md\/wp-content\/uploads\/2022\/08\/viber_image_2022-08-12_09-09-39-511-768x960.jpg 768w, https:\/\/adra.md\/wp-content\/uploads\/2022\/08\/viber_image_2022-08-12_09-09-39-511-1229x1536.jpg 1229w, https:\/\/adra.md\/wp-content\/uploads\/2022\/08\/viber_image_2022-08-12_09-09-39-511.jpg 1280w\" sizes=\"(max-width: 240px) 100vw, 240px\" \/>\u00a0 \u00a0 \u00a0 \u00a0\u00a0<img loading=\"lazy\" decoding=\"async\" class=\"alignnone size-medium wp-image-19428\" src=\"https:\/\/adra.md\/wp-content\/uploads\/2022\/08\/viber_image_2022-08-12_09-09-39-786-240x300.jpg\" alt=\"\" width=\"240\" height=\"300\" srcset=\"https:\/\/adra.md\/wp-content\/uploads\/2022\/08\/viber_image_2022-08-12_09-09-39-786-240x300.jpg 240w, https:\/\/adra.md\/wp-content\/uploads\/2022\/08\/viber_image_2022-08-12_09-09-39-786-819x1024.jpg 819w, https:\/\/adra.md\/wp-content\/uploads\/2022\/08\/viber_image_2022-08-12_09-09-39-786-768x960.jpg 768w, https:\/\/adra.md\/wp-content\/uploads\/2022\/08\/viber_image_2022-08-12_09-09-39-786-1229x1536.jpg 1229w, https:\/\/adra.md\/wp-content\/uploads\/2022\/08\/viber_image_2022-08-12_09-09-39-786.jpg 1280w\" sizes=\"(max-width: 240px) 100vw, 240px\" \/><\/div>\n","protected":false},"excerpt":{"rendered":"<p>Basarabeasca ete localitatea care a g\u0103zduit un num\u0103r enorm de refugia\u021bi chiar din primele zile de invazie \u00een Ucraina. U\u0219ile Bisericii Adventiste de Ziua a \u0218aptea au fost larg deschise pentru mame cu copii mici, femei singure, b\u0103tr\u00e2ni, familii care au mers acolo unde \u00eei duc ochii din fric\u0103 pentru via\u021ba copiilor s\u0103i. Saltelele moi [&hellip;]<\/p>\n","protected":false},"author":9,"featured_media":19419,"comment_status":"closed","ping_status":"closed","sticky":false,"template":"","format":"standard","meta":{"_acf_changed":false,"footnotes":""},"categories":[294],"tags":[47,299],"class_list":["post-19434","post","type-post","status-publish","format-standard","has-post-thumbnail","hentry","category-news","tag-adra","tag-refugees"],"acf":[],"yoast_head":"<!-- This site is optimized with the Yoast SEO plugin v27.4 - https:\/\/yoast.com\/product\/yoast-seo-wordpress\/ -->\n<title>Dreptate, Compasiune, Dragoste pentru refugia\u021bi! - ADRA Moldova<\/title>\n<meta name=\"robots\" content=\"index, follow, max-snippet:-1, max-image-preview:large, max-video-preview:-1\" \/>\n<link rel=\"canonical\" href=\"https:\/\/adra.md\/ru\/dreptate-compasiune-dragoste-pentru-refugiati\/\" \/>\n<meta property=\"og:locale\" content=\"ru_RU\" \/>\n<meta property=\"og:type\" content=\"article\" \/>\n<meta property=\"og:title\" content=\"Dreptate, Compasiune, Dragoste pentru refugia\u021bi! - ADRA Moldova\" \/>\n<meta property=\"og:description\" content=\"Basarabeasca ete localitatea care a g\u0103zduit un num\u0103r enorm de refugia\u021bi chiar din primele zile de invazie \u00een Ucraina. U\u0219ile Bisericii Adventiste de Ziua a \u0218aptea au fost larg deschise pentru mame cu copii mici, femei singure, b\u0103tr\u00e2ni, familii care au mers acolo unde \u00eei duc ochii din fric\u0103 pentru via\u021ba copiilor s\u0103i. Saltelele moi [&hellip;]\" \/>\n<meta property=\"og:url\" content=\"https:\/\/adra.md\/ru\/dreptate-compasiune-dragoste-pentru-refugiati\/\" \/>\n<meta property=\"og:site_name\" content=\"ADRA Moldova\" \/>\n<meta property=\"article:published_time\" content=\"2022-08-12T06:42:47+00:00\" \/>\n<meta property=\"article:modified_time\" content=\"2022-08-29T06:28:27+00:00\" \/>\n<meta property=\"og:image\" content=\"https:\/\/adra.md\/wp-content\/uploads\/2022\/08\/viber_image_2022-08-12_09-09-39-960.jpg\" \/>\n\t<meta property=\"og:image:width\" content=\"1440\" \/>\n\t<meta property=\"og:image:height\" content=\"1799\" \/>\n\t<meta property=\"og:image:type\" content=\"image\/jpeg\" \/>\n<meta name=\"author\" content=\"ADRA Moldova\" \/>\n<meta name=\"twitter:card\" content=\"summary_large_image\" \/>\n<meta name=\"twitter:label1\" content=\"\u041d\u0430\u043f\u0438\u0441\u0430\u043d\u043e \u0430\u0432\u0442\u043e\u0440\u043e\u043c\" \/>\n\t<meta name=\"twitter:data1\" content=\"ADRA Moldova\" \/>\n\t<meta name=\"twitter:label2\" content=\"\u041f\u0440\u0438\u043c\u0435\u0440\u043d\u043e\u0435 \u0432\u0440\u0435\u043c\u044f \u0434\u043b\u044f \u0447\u0442\u0435\u043d\u0438\u044f\" \/>\n\t<meta name=\"twitter:data2\" content=\"1 \u043c\u0438\u043d\u0443\u0442\u0430\" \/>\n<script type=\"application\/ld+json\" class=\"yoast-schema-graph\">{\"@context\":\"https:\\\/\\\/schema.org\",\"@graph\":[{\"@type\":\"Article\",\"@id\":\"https:\\\/\\\/adra.md\\\/dreptate-compasiune-dragoste-pentru-refugiati\\\/#article\",\"isPartOf\":{\"@id\":\"https:\\\/\\\/adra.md\\\/dreptate-compasiune-dragoste-pentru-refugiati\\\/\"},\"author\":{\"name\":\"ADRA Moldova\",\"@id\":\"https:\\\/\\\/adra.md\\\/#\\\/schema\\\/person\\\/b0181e611ee89738cefb7dc2db2bb8d1\"},\"headline\":\"Dreptate, Compasiune, Dragoste pentru refugia\u021bi!\",\"datePublished\":\"2022-08-12T06:42:47+00:00\",\"dateModified\":\"2022-08-29T06:28:27+00:00\",\"mainEntityOfPage\":{\"@id\":\"https:\\\/\\\/adra.md\\\/dreptate-compasiune-dragoste-pentru-refugiati\\\/\"},\"wordCount\":214,\"publisher\":{\"@id\":\"https:\\\/\\\/adra.md\\\/#organization\"},\"image\":{\"@id\":\"https:\\\/\\\/adra.md\\\/dreptate-compasiune-dragoste-pentru-refugiati\\\/#primaryimage\"},\"thumbnailUrl\":\"https:\\\/\\\/adra.md\\\/wp-content\\\/uploads\\\/2022\\\/08\\\/viber_image_2022-08-12_09-09-39-960.jpg\",\"keywords\":[\"ADRA\",\"refugees\"],\"articleSection\":[\"News\"],\"inLanguage\":\"ru-RU\"},{\"@type\":\"WebPage\",\"@id\":\"https:\\\/\\\/adra.md\\\/dreptate-compasiune-dragoste-pentru-refugiati\\\/\",\"url\":\"https:\\\/\\\/adra.md\\\/dreptate-compasiune-dragoste-pentru-refugiati\\\/\",\"name\":\"Dreptate, Compasiune, Dragoste pentru refugia\u021bi! - ADRA Moldova\",\"isPartOf\":{\"@id\":\"https:\\\/\\\/adra.md\\\/#website\"},\"primaryImageOfPage\":{\"@id\":\"https:\\\/\\\/adra.md\\\/dreptate-compasiune-dragoste-pentru-refugiati\\\/#primaryimage\"},\"image\":{\"@id\":\"https:\\\/\\\/adra.md\\\/dreptate-compasiune-dragoste-pentru-refugiati\\\/#primaryimage\"},\"thumbnailUrl\":\"https:\\\/\\\/adra.md\\\/wp-content\\\/uploads\\\/2022\\\/08\\\/viber_image_2022-08-12_09-09-39-960.jpg\",\"datePublished\":\"2022-08-12T06:42:47+00:00\",\"dateModified\":\"2022-08-29T06:28:27+00:00\",\"breadcrumb\":{\"@id\":\"https:\\\/\\\/adra.md\\\/dreptate-compasiune-dragoste-pentru-refugiati\\\/#breadcrumb\"},\"inLanguage\":\"ru-RU\",\"potentialAction\":[{\"@type\":\"ReadAction\",\"target\":[\"https:\\\/\\\/adra.md\\\/dreptate-compasiune-dragoste-pentru-refugiati\\\/\"]}]},{\"@type\":\"ImageObject\",\"inLanguage\":\"ru-RU\",\"@id\":\"https:\\\/\\\/adra.md\\\/dreptate-compasiune-dragoste-pentru-refugiati\\\/#primaryimage\",\"url\":\"https:\\\/\\\/adra.md\\\/wp-content\\\/uploads\\\/2022\\\/08\\\/viber_image_2022-08-12_09-09-39-960.jpg\",\"contentUrl\":\"https:\\\/\\\/adra.md\\\/wp-content\\\/uploads\\\/2022\\\/08\\\/viber_image_2022-08-12_09-09-39-960.jpg\",\"width\":1440,\"height\":1799},{\"@type\":\"BreadcrumbList\",\"@id\":\"https:\\\/\\\/adra.md\\\/dreptate-compasiune-dragoste-pentru-refugiati\\\/#breadcrumb\",\"itemListElement\":[{\"@type\":\"ListItem\",\"position\":1,\"name\":\"Home\",\"item\":\"https:\\\/\\\/adra.md\\\/\"},{\"@type\":\"ListItem\",\"position\":2,\"name\":\"Dreptate, Compasiune, Dragoste pentru refugia\u021bi!\"}]},{\"@type\":\"WebSite\",\"@id\":\"https:\\\/\\\/adra.md\\\/#website\",\"url\":\"https:\\\/\\\/adra.md\\\/\",\"name\":\"ADRA Moldova\",\"description\":\"Agen\u0163ia Adventist\u0103 pentru Dezvoltare, Refacere \u015fi Ajutor\",\"publisher\":{\"@id\":\"https:\\\/\\\/adra.md\\\/#organization\"},\"potentialAction\":[{\"@type\":\"SearchAction\",\"target\":{\"@type\":\"EntryPoint\",\"urlTemplate\":\"https:\\\/\\\/adra.md\\\/?s={search_term_string}\"},\"query-input\":{\"@type\":\"PropertyValueSpecification\",\"valueRequired\":true,\"valueName\":\"search_term_string\"}}],\"inLanguage\":\"ru-RU\"},{\"@type\":\"Organization\",\"@id\":\"https:\\\/\\\/adra.md\\\/#organization\",\"name\":\"ADRA Moldova\",\"url\":\"https:\\\/\\\/adra.md\\\/\",\"logo\":{\"@type\":\"ImageObject\",\"inLanguage\":\"ru-RU\",\"@id\":\"https:\\\/\\\/adra.md\\\/#\\\/schema\\\/logo\\\/image\\\/\",\"url\":\"https:\\\/\\\/adra.md\\\/wp-content\\\/uploads\\\/2019\\\/11\\\/group-435.png\",\"contentUrl\":\"https:\\\/\\\/adra.md\\\/wp-content\\\/uploads\\\/2019\\\/11\\\/group-435.png\",\"width\":500,\"height\":133,\"caption\":\"ADRA Moldova\"},\"image\":{\"@id\":\"https:\\\/\\\/adra.md\\\/#\\\/schema\\\/logo\\\/image\\\/\"}},{\"@type\":\"Person\",\"@id\":\"https:\\\/\\\/adra.md\\\/#\\\/schema\\\/person\\\/b0181e611ee89738cefb7dc2db2bb8d1\",\"name\":\"ADRA Moldova\",\"url\":\"https:\\\/\\\/adra.md\\\/ru\\\/author\\\/andrei-girleanu\\\/\"}]}<\/script>\n<!-- \/ Yoast SEO plugin. -->","yoast_head_json":{"title":"Dreptate, Compasiune, Dragoste pentru refugia\u021bi! - ADRA Moldova","robots":{"index":"index","follow":"follow","max-snippet":"max-snippet:-1","max-image-preview":"max-image-preview:large","max-video-preview":"max-video-preview:-1"},"canonical":"https:\/\/adra.md\/ru\/dreptate-compasiune-dragoste-pentru-refugiati\/","og_locale":"ru_RU","og_type":"article","og_title":"Dreptate, Compasiune, Dragoste pentru refugia\u021bi! - ADRA Moldova","og_description":"Basarabeasca ete localitatea care a g\u0103zduit un num\u0103r enorm de refugia\u021bi chiar din primele zile de invazie \u00een Ucraina. U\u0219ile Bisericii Adventiste de Ziua a \u0218aptea au fost larg deschise pentru mame cu copii mici, femei singure, b\u0103tr\u00e2ni, familii care au mers acolo unde \u00eei duc ochii din fric\u0103 pentru via\u021ba copiilor s\u0103i. Saltelele moi [&hellip;]","og_url":"https:\/\/adra.md\/ru\/dreptate-compasiune-dragoste-pentru-refugiati\/","og_site_name":"ADRA Moldova","article_published_time":"2022-08-12T06:42:47+00:00","article_modified_time":"2022-08-29T06:28:27+00:00","og_image":[{"width":1440,"height":1799,"url":"https:\/\/adra.md\/wp-content\/uploads\/2022\/08\/viber_image_2022-08-12_09-09-39-960.jpg","type":"image\/jpeg"}],"author":"ADRA Moldova","twitter_card":"summary_large_image","twitter_misc":{"\u041d\u0430\u043f\u0438\u0441\u0430\u043d\u043e \u0430\u0432\u0442\u043e\u0440\u043e\u043c":"ADRA Moldova","\u041f\u0440\u0438\u043c\u0435\u0440\u043d\u043e\u0435 \u0432\u0440\u0435\u043c\u044f \u0434\u043b\u044f \u0447\u0442\u0435\u043d\u0438\u044f":"1 \u043c\u0438\u043d\u0443\u0442\u0430"},"schema":{"@context":"https:\/\/schema.org","@graph":[{"@type":"Article","@id":"https:\/\/adra.md\/dreptate-compasiune-dragoste-pentru-refugiati\/#article","isPartOf":{"@id":"https:\/\/adra.md\/dreptate-compasiune-dragoste-pentru-refugiati\/"},"author":{"name":"ADRA Moldova","@id":"https:\/\/adra.md\/#\/schema\/person\/b0181e611ee89738cefb7dc2db2bb8d1"},"headline":"Dreptate, Compasiune, Dragoste pentru refugia\u021bi!","datePublished":"2022-08-12T06:42:47+00:00","dateModified":"2022-08-29T06:28:27+00:00","mainEntityOfPage":{"@id":"https:\/\/adra.md\/dreptate-compasiune-dragoste-pentru-refugiati\/"},"wordCount":214,"publisher":{"@id":"https:\/\/adra.md\/#organization"},"image":{"@id":"https:\/\/adra.md\/dreptate-compasiune-dragoste-pentru-refugiati\/#primaryimage"},"thumbnailUrl":"https:\/\/adra.md\/wp-content\/uploads\/2022\/08\/viber_image_2022-08-12_09-09-39-960.jpg","keywords":["ADRA","refugees"],"articleSection":["News"],"inLanguage":"ru-RU"},{"@type":"WebPage","@id":"https:\/\/adra.md\/dreptate-compasiune-dragoste-pentru-refugiati\/","url":"https:\/\/adra.md\/dreptate-compasiune-dragoste-pentru-refugiati\/","name":"Dreptate, Compasiune, Dragoste pentru refugia\u021bi! - ADRA Moldova","isPartOf":{"@id":"https:\/\/adra.md\/#website"},"primaryImageOfPage":{"@id":"https:\/\/adra.md\/dreptate-compasiune-dragoste-pentru-refugiati\/#primaryimage"},"image":{"@id":"https:\/\/adra.md\/dreptate-compasiune-dragoste-pentru-refugiati\/#primaryimage"},"thumbnailUrl":"https:\/\/adra.md\/wp-content\/uploads\/2022\/08\/viber_image_2022-08-12_09-09-39-960.jpg","datePublished":"2022-08-12T06:42:47+00:00","dateModified":"2022-08-29T06:28:27+00:00","breadcrumb":{"@id":"https:\/\/adra.md\/dreptate-compasiune-dragoste-pentru-refugiati\/#breadcrumb"},"inLanguage":"ru-RU","potentialAction":[{"@type":"ReadAction","target":["https:\/\/adra.md\/dreptate-compasiune-dragoste-pentru-refugiati\/"]}]},{"@type":"ImageObject","inLanguage":"ru-RU","@id":"https:\/\/adra.md\/dreptate-compasiune-dragoste-pentru-refugiati\/#primaryimage","url":"https:\/\/adra.md\/wp-content\/uploads\/2022\/08\/viber_image_2022-08-12_09-09-39-960.jpg","contentUrl":"https:\/\/adra.md\/wp-content\/uploads\/2022\/08\/viber_image_2022-08-12_09-09-39-960.jpg","width":1440,"height":1799},{"@type":"BreadcrumbList","@id":"https:\/\/adra.md\/dreptate-compasiune-dragoste-pentru-refugiati\/#breadcrumb","itemListElement":[{"@type":"ListItem","position":1,"name":"Home","item":"https:\/\/adra.md\/"},{"@type":"ListItem","position":2,"name":"Dreptate, Compasiune, Dragoste pentru refugia\u021bi!"}]},{"@type":"WebSite","@id":"https:\/\/adra.md\/#website","url":"https:\/\/adra.md\/","name":"ADRA Moldova","description":"Agen\u0163ia Adventist\u0103 pentru Dezvoltare, Refacere \u015fi Ajutor","publisher":{"@id":"https:\/\/adra.md\/#organization"},"potentialAction":[{"@type":"SearchAction","target":{"@type":"EntryPoint","urlTemplate":"https:\/\/adra.md\/?s={search_term_string}"},"query-input":{"@type":"PropertyValueSpecification","valueRequired":true,"valueName":"search_term_string"}}],"inLanguage":"ru-RU"},{"@type":"Organization","@id":"https:\/\/adra.md\/#organization","name":"ADRA Moldova","url":"https:\/\/adra.md\/","logo":{"@type":"ImageObject","inLanguage":"ru-RU","@id":"https:\/\/adra.md\/#\/schema\/logo\/image\/","url":"https:\/\/adra.md\/wp-content\/uploads\/2019\/11\/group-435.png","contentUrl":"https:\/\/adra.md\/wp-content\/uploads\/2019\/11\/group-435.png","width":500,"height":133,"caption":"ADRA Moldova"},"image":{"@id":"https:\/\/adra.md\/#\/schema\/logo\/image\/"}},{"@type":"Person","@id":"https:\/\/adra.md\/#\/schema\/person\/b0181e611ee89738cefb7dc2db2bb8d1","name":"ADRA Moldova","url":"https:\/\/adra.md\/ru\/author\/andrei-girleanu\/"}]}},"_links":{"self":[{"href":"https:\/\/adra.md\/ru\/wp-json\/wp\/v2\/posts\/19434","targetHints":{"allow":["GET"]}}],"collection":[{"href":"https:\/\/adra.md\/ru\/wp-json\/wp\/v2\/posts"}],"about":[{"href":"https:\/\/adra.md\/ru\/wp-json\/wp\/v2\/types\/post"}],"author":[{"embeddable":true,"href":"https:\/\/adra.md\/ru\/wp-json\/wp\/v2\/users\/9"}],"replies":[{"embeddable":true,"href":"https:\/\/adra.md\/ru\/wp-json\/wp\/v2\/comments?post=19434"}],"version-history":[{"count":1,"href":"https:\/\/adra.md\/ru\/wp-json\/wp\/v2\/posts\/19434\/revisions"}],"predecessor-version":[{"id":19435,"href":"https:\/\/adra.md\/ru\/wp-json\/wp\/v2\/posts\/19434\/revisions\/19435"}],"wp:featuredmedia":[{"embeddable":true,"href":"https:\/\/adra.md\/ru\/wp-json\/wp\/v2\/media\/19419"}],"wp:attachment":[{"href":"https:\/\/adra.md\/ru\/wp-json\/wp\/v2\/media?parent=19434"}],"wp:term":[{"taxonomy":"category","embeddable":true,"href":"https:\/\/adra.md\/ru\/wp-json\/wp\/v2\/categories?post=19434"},{"taxonomy":"post_tag","embeddable":true,"href":"https:\/\/adra.md\/ru\/wp-json\/wp\/v2\/tags?post=19434"}],"curies":[{"name":"wp","href":"https:\/\/api.w.org\/{rel}","templated":true}]}}