{"id":19494,"date":"2022-09-16T12:53:54","date_gmt":"2022-09-16T12:53:54","guid":{"rendered":"https:\/\/adra.md\/?p=19494"},"modified":"2022-09-16T13:09:01","modified_gmt":"2022-09-16T13:09:01","slug":"impreuna-facem-lumea-mai-buna","status":"publish","type":"post","link":"https:\/\/adra.md\/ru\/impreuna-facem-lumea-mai-buna\/","title":{"rendered":"\u00cempreun\u0103 facem lumea mai bun\u0103!"},"content":{"rendered":"<div class=\"m8h3af8h l7ghb35v kjdc1dyq kmwttqpk gh25dzvf n3t5jt4f\">\n<div dir=\"auto\">ADRA Moldova m\u00e2na \u00een m\u00e2n\u0103 cu donatorul din Republica Ceh\u0103 (<a class=\"qi72231t nu7423ey n3hqoq4p r86q59rh b3qcqh3k fq87ekyn bdao358l fsf7x5fv rse6dlih s5oniofx m8h3af8h l7ghb35v kjdc1dyq kmwttqpk srn514ro oxkhqvkx rl78xhln nch0832m cr00lzj9 rn8ck1ys s3jn8y49 icdlwmnq cxfqmxzd d1w2l3lo tes86rjd\" tabindex=\"0\" role=\"link\" href=\"https:\/\/www.facebook.com\/CzechMFA\/?__cft__[0]=AZVdunfcbzQEMzQM5sJRrATqz0z1Qe8KWA6ofavXtJDZd5u6ALkpDmQenzxQOJKZe4bH1wSwFHjfcAJJgFWDwkX713Oijk208LpTrJ1Ws6RlAopHO0jkPn8GcLYNT8l3IuU&amp;__tn__=kK-R\"><span class=\"rse6dlih\">Ministry of Foreign Affairs of the Czech Republic<\/span><\/a>), a reu\u0219it la acest \u00eenceput de an \u0219colar 2022-2023 s\u0103 bucure ochii \u0219i m\u00e2nu\u021bele copiilor refugia\u021bi din Ucraina cu rucsace colorate \u0219i exact potrivite v\u00e2rstei lor. Ace\u0219ti copii vor acumula cuno\u0219tin\u021be \u0219i \u00ee\u0219i vor face noi prieteni \u00een \u0218colile din Republica Moldova.<\/div>\n<div dir=\"auto\">Creioane colorate radiere, clei, foarfece, acuarele \u0219i plastilin\u0103 au fost numai o mic\u0103 parte din toate rechizitele care au umplut ghiozdanele \u0219colarilor no\u0219tri.<\/div>\n<div dir=\"auto\">Totodat\u0103 au fost distribuite \u0219i pungi cu produse alimentare pentru \u00eentreaga familie <span class=\"fxk3tzhb b2rh1bv3 gh55jysx m8h3af8h ewco64xe kjdc1dyq ms56khn7 bq6c9xl4 eohcrkr5 akh3l2rg\"><img decoding=\"async\" src=\"https:\/\/static.xx.fbcdn.net\/images\/emoji.php\/v9\/t56\/2\/16\/1f917.png\" alt=\"\ud83e\udd17\" width=\"16\" height=\"16\" \/><\/span><\/div>\n<\/div>\n<div class=\"l7ghb35v kjdc1dyq kmwttqpk gh25dzvf jikcssrz n3t5jt4f\">\n<div dir=\"auto\"><span class=\"fxk3tzhb b2rh1bv3 gh55jysx m8h3af8h ewco64xe kjdc1dyq ms56khn7 bq6c9xl4 eohcrkr5 akh3l2rg\"><img decoding=\"async\" src=\"https:\/\/static.xx.fbcdn.net\/images\/emoji.php\/v9\/t32\/2\/16\/1f506.png\" alt=\"\ud83d\udd06\" width=\"16\" height=\"16\" \/><\/span> Dorim tuturor copiilor lumii s\u0103 creasc\u0103 \u00een dragoste \u0219i pace, iar anul nou de studii s\u0103 le aduc\u0103 road\u0103 bogat\u0103 \u0219i cuno\u0219tin\u021be interesante \u0219i utile!<\/div>\n<div dir=\"auto\">&#8222;\u00cempreun\u0103 facem lumea mai bun\u0103!&#8221;<\/div>\n<div dir=\"auto\"><a class=\"qi72231t nu7423ey n3hqoq4p r86q59rh b3qcqh3k fq87ekyn bdao358l fsf7x5fv rse6dlih s5oniofx m8h3af8h l7ghb35v kjdc1dyq kmwttqpk srn514ro oxkhqvkx rl78xhln nch0832m cr00lzj9 rn8ck1ys s3jn8y49 icdlwmnq cxfqmxzd d1w2l3lo tes86rjd\" tabindex=\"0\" role=\"link\" href=\"https:\/\/www.facebook.com\/hashtag\/adramoldova?__eep__=6&amp;__cft__[0]=AZVdunfcbzQEMzQM5sJRrATqz0z1Qe8KWA6ofavXtJDZd5u6ALkpDmQenzxQOJKZe4bH1wSwFHjfcAJJgFWDwkX713Oijk208LpTrJ1Ws6RlAopHO0jkPn8GcLYNT8l3IuU&amp;__tn__=*NK-R\">#adramoldova<\/a> <a class=\"qi72231t nu7423ey n3hqoq4p r86q59rh b3qcqh3k fq87ekyn bdao358l fsf7x5fv rse6dlih s5oniofx m8h3af8h l7ghb35v kjdc1dyq kmwttqpk srn514ro oxkhqvkx rl78xhln nch0832m cr00lzj9 rn8ck1ys s3jn8y49 icdlwmnq cxfqmxzd d1w2l3lo tes86rjd\" tabindex=\"0\" role=\"link\" href=\"https:\/\/www.facebook.com\/hashtag\/adra?__eep__=6&amp;__cft__[0]=AZVdunfcbzQEMzQM5sJRrATqz0z1Qe8KWA6ofavXtJDZd5u6ALkpDmQenzxQOJKZe4bH1wSwFHjfcAJJgFWDwkX713Oijk208LpTrJ1Ws6RlAopHO0jkPn8GcLYNT8l3IuU&amp;__tn__=*NK-R\">#adra<\/a> <a class=\"qi72231t nu7423ey n3hqoq4p r86q59rh b3qcqh3k fq87ekyn bdao358l fsf7x5fv rse6dlih s5oniofx m8h3af8h l7ghb35v kjdc1dyq kmwttqpk srn514ro oxkhqvkx rl78xhln nch0832m cr00lzj9 rn8ck1ys s3jn8y49 icdlwmnq cxfqmxzd d1w2l3lo tes86rjd\" tabindex=\"0\" role=\"link\" href=\"https:\/\/www.facebook.com\/hashtag\/ministry_of_affairs_of_the_czech_republic?__eep__=6&amp;__cft__[0]=AZVdunfcbzQEMzQM5sJRrATqz0z1Qe8KWA6ofavXtJDZd5u6ALkpDmQenzxQOJKZe4bH1wSwFHjfcAJJgFWDwkX713Oijk208LpTrJ1Ws6RlAopHO0jkPn8GcLYNT8l3IuU&amp;__tn__=*NK-R\">#Ministry_of_Affairs_of_the_Czech_Republic<\/a> <a class=\"qi72231t nu7423ey n3hqoq4p r86q59rh b3qcqh3k fq87ekyn bdao358l fsf7x5fv rse6dlih s5oniofx m8h3af8h l7ghb35v kjdc1dyq kmwttqpk srn514ro oxkhqvkx rl78xhln nch0832m cr00lzj9 rn8ck1ys s3jn8y49 icdlwmnq cxfqmxzd d1w2l3lo tes86rjd\" tabindex=\"0\" role=\"link\" href=\"https:\/\/www.facebook.com\/hashtag\/backtoschool?__eep__=6&amp;__cft__[0]=AZVdunfcbzQEMzQM5sJRrATqz0z1Qe8KWA6ofavXtJDZd5u6ALkpDmQenzxQOJKZe4bH1wSwFHjfcAJJgFWDwkX713Oijk208LpTrJ1Ws6RlAopHO0jkPn8GcLYNT8l3IuU&amp;__tn__=*NK-R\">#backtoschool<\/a> <a class=\"qi72231t nu7423ey n3hqoq4p r86q59rh b3qcqh3k fq87ekyn bdao358l fsf7x5fv rse6dlih s5oniofx m8h3af8h l7ghb35v kjdc1dyq kmwttqpk srn514ro oxkhqvkx rl78xhln nch0832m cr00lzj9 rn8ck1ys s3jn8y49 icdlwmnq cxfqmxzd d1w2l3lo tes86rjd\" tabindex=\"0\" role=\"link\" href=\"https:\/\/www.facebook.com\/hashtag\/autumn?__eep__=6&amp;__cft__[0]=AZVdunfcbzQEMzQM5sJRrATqz0z1Qe8KWA6ofavXtJDZd5u6ALkpDmQenzxQOJKZe4bH1wSwFHjfcAJJgFWDwkX713Oijk208LpTrJ1Ws6RlAopHO0jkPn8GcLYNT8l3IuU&amp;__tn__=*NK-R\">#autumn<\/a> <a class=\"qi72231t nu7423ey n3hqoq4p r86q59rh b3qcqh3k fq87ekyn bdao358l fsf7x5fv rse6dlih s5oniofx m8h3af8h l7ghb35v kjdc1dyq kmwttqpk srn514ro oxkhqvkx rl78xhln nch0832m cr00lzj9 rn8ck1ys s3jn8y49 icdlwmnq cxfqmxzd d1w2l3lo tes86rjd\" tabindex=\"0\" role=\"link\" href=\"https:\/\/www.facebook.com\/hashtag\/schoolbag?__eep__=6&amp;__cft__[0]=AZVdunfcbzQEMzQM5sJRrATqz0z1Qe8KWA6ofavXtJDZd5u6ALkpDmQenzxQOJKZe4bH1wSwFHjfcAJJgFWDwkX713Oijk208LpTrJ1Ws6RlAopHO0jkPn8GcLYNT8l3IuU&amp;__tn__=*NK-R\">#schoolbag<\/a> <a class=\"qi72231t nu7423ey n3hqoq4p r86q59rh b3qcqh3k fq87ekyn bdao358l fsf7x5fv rse6dlih s5oniofx m8h3af8h l7ghb35v kjdc1dyq kmwttqpk srn514ro oxkhqvkx rl78xhln nch0832m cr00lzj9 rn8ck1ys s3jn8y49 icdlwmnq cxfqmxzd d1w2l3lo tes86rjd\" tabindex=\"0\" role=\"link\" href=\"https:\/\/www.facebook.com\/hashtag\/charity?__eep__=6&amp;__cft__[0]=AZVdunfcbzQEMzQM5sJRrATqz0z1Qe8KWA6ofavXtJDZd5u6ALkpDmQenzxQOJKZe4bH1wSwFHjfcAJJgFWDwkX713Oijk208LpTrJ1Ws6RlAopHO0jkPn8GcLYNT8l3IuU&amp;__tn__=*NK-R\">#charity<\/a><\/div>\n<\/div>\n<div dir=\"auto\"><\/div>\n<div dir=\"auto\"><\/div>\n<div dir=\"auto\"><img fetchpriority=\"high\" decoding=\"async\" class=\"alignnone size-medium wp-image-19496\" src=\"https:\/\/adra.md\/wp-content\/uploads\/2022\/09\/305155856_158209033480123_4744572507972324140_n-225x300.jpeg\" alt=\"\" width=\"225\" height=\"300\" srcset=\"https:\/\/adra.md\/wp-content\/uploads\/2022\/09\/305155856_158209033480123_4744572507972324140_n-225x300.jpeg 225w, https:\/\/adra.md\/wp-content\/uploads\/2022\/09\/305155856_158209033480123_4744572507972324140_n-768x1024.jpeg 768w, https:\/\/adra.md\/wp-content\/uploads\/2022\/09\/305155856_158209033480123_4744572507972324140_n-1152x1536.jpeg 1152w, https:\/\/adra.md\/wp-content\/uploads\/2022\/09\/305155856_158209033480123_4744572507972324140_n.jpeg 1536w\" sizes=\"(max-width: 225px) 100vw, 225px\" \/>\u00a0\u00a0<img loading=\"lazy\" decoding=\"async\" class=\"alignnone size-medium wp-image-19495\" src=\"https:\/\/adra.md\/wp-content\/uploads\/2022\/09\/305107121_158209026813457_6224058676729244076_n-226x300.jpeg\" alt=\"\" width=\"226\" height=\"300\" srcset=\"https:\/\/adra.md\/wp-content\/uploads\/2022\/09\/305107121_158209026813457_6224058676729244076_n-226x300.jpeg 226w, https:\/\/adra.md\/wp-content\/uploads\/2022\/09\/305107121_158209026813457_6224058676729244076_n-771x1024.jpeg 771w, https:\/\/adra.md\/wp-content\/uploads\/2022\/09\/305107121_158209026813457_6224058676729244076_n-768x1020.jpeg 768w, https:\/\/adra.md\/wp-content\/uploads\/2022\/09\/305107121_158209026813457_6224058676729244076_n-1157x1536.jpeg 1157w, https:\/\/adra.md\/wp-content\/uploads\/2022\/09\/305107121_158209026813457_6224058676729244076_n.jpeg 1536w\" sizes=\"(max-width: 226px) 100vw, 226px\" \/>\u00a0\u00a0<img loading=\"lazy\" decoding=\"async\" class=\"alignnone size-medium wp-image-19500\" src=\"https:\/\/adra.md\/wp-content\/uploads\/2022\/09\/305247876_158208903480136_2494294980508478202_n-225x300.jpeg\" alt=\"\" width=\"225\" height=\"300\" srcset=\"https:\/\/adra.md\/wp-content\/uploads\/2022\/09\/305247876_158208903480136_2494294980508478202_n-225x300.jpeg 225w, https:\/\/adra.md\/wp-content\/uploads\/2022\/09\/305247876_158208903480136_2494294980508478202_n-768x1024.jpeg 768w, https:\/\/adra.md\/wp-content\/uploads\/2022\/09\/305247876_158208903480136_2494294980508478202_n-1152x1536.jpeg 1152w, https:\/\/adra.md\/wp-content\/uploads\/2022\/09\/305247876_158208903480136_2494294980508478202_n.jpeg 1500w\" sizes=\"(max-width: 225px) 100vw, 225px\" \/><img loading=\"lazy\" decoding=\"async\" class=\"alignnone size-medium wp-image-19499\" src=\"https:\/\/adra.md\/wp-content\/uploads\/2022\/09\/304790982_158209010146792_1702245190893610518_n-225x300.jpeg\" alt=\"\" width=\"225\" height=\"300\" srcset=\"https:\/\/adra.md\/wp-content\/uploads\/2022\/09\/304790982_158209010146792_1702245190893610518_n-225x300.jpeg 225w, https:\/\/adra.md\/wp-content\/uploads\/2022\/09\/304790982_158209010146792_1702245190893610518_n-768x1024.jpeg 768w, https:\/\/adra.md\/wp-content\/uploads\/2022\/09\/304790982_158209010146792_1702245190893610518_n-1152x1536.jpeg 1152w, https:\/\/adra.md\/wp-content\/uploads\/2022\/09\/304790982_158209010146792_1702245190893610518_n.jpeg 1500w\" sizes=\"(max-width: 225px) 100vw, 225px\" \/>\u00a0\u00a0<img loading=\"lazy\" decoding=\"async\" class=\"alignnone size-medium wp-image-19501\" src=\"https:\/\/adra.md\/wp-content\/uploads\/2022\/09\/302491269_158209016813458_8868764750386611634_n-225x300.jpeg\" alt=\"\" width=\"225\" height=\"300\" srcset=\"https:\/\/adra.md\/wp-content\/uploads\/2022\/09\/302491269_158209016813458_8868764750386611634_n-225x300.jpeg 225w, https:\/\/adra.md\/wp-content\/uploads\/2022\/09\/302491269_158209016813458_8868764750386611634_n-768x1024.jpeg 768w, https:\/\/adra.md\/wp-content\/uploads\/2022\/09\/302491269_158209016813458_8868764750386611634_n-1152x1536.jpeg 1152w, https:\/\/adra.md\/wp-content\/uploads\/2022\/09\/302491269_158209016813458_8868764750386611634_n.jpeg 1500w\" sizes=\"(max-width: 225px) 100vw, 225px\" \/>\u00a0\u00a0<img loading=\"lazy\" decoding=\"async\" class=\"alignnone size-medium wp-image-19498\" src=\"https:\/\/adra.md\/wp-content\/uploads\/2022\/09\/304915434_158209053480121_3985792107541242703_n-300x225.jpeg\" alt=\"\" width=\"300\" height=\"225\" srcset=\"https:\/\/adra.md\/wp-content\/uploads\/2022\/09\/304915434_158209053480121_3985792107541242703_n-300x225.jpeg 300w, https:\/\/adra.md\/wp-content\/uploads\/2022\/09\/304915434_158209053480121_3985792107541242703_n-1024x768.jpeg 1024w, https:\/\/adra.md\/wp-content\/uploads\/2022\/09\/304915434_158209053480121_3985792107541242703_n-768x576.jpeg 768w, https:\/\/adra.md\/wp-content\/uploads\/2022\/09\/304915434_158209053480121_3985792107541242703_n-1536x1152.jpeg 1536w, https:\/\/adra.md\/wp-content\/uploads\/2022\/09\/304915434_158209053480121_3985792107541242703_n-1000x750.jpeg 1000w, https:\/\/adra.md\/wp-content\/uploads\/2022\/09\/304915434_158209053480121_3985792107541242703_n.jpeg 2000w\" sizes=\"(max-width: 300px) 100vw, 300px\" \/><img loading=\"lazy\" decoding=\"async\" class=\"alignnone size-medium wp-image-19502\" src=\"https:\/\/adra.md\/wp-content\/uploads\/2022\/09\/304515404_158208910146802_2403571553717997319_n-300x225.jpeg\" alt=\"\" width=\"300\" height=\"225\" srcset=\"https:\/\/adra.md\/wp-content\/uploads\/2022\/09\/304515404_158208910146802_2403571553717997319_n-300x225.jpeg 300w, https:\/\/adra.md\/wp-content\/uploads\/2022\/09\/304515404_158208910146802_2403571553717997319_n-1024x768.jpeg 1024w, https:\/\/adra.md\/wp-content\/uploads\/2022\/09\/304515404_158208910146802_2403571553717997319_n-768x576.jpeg 768w, https:\/\/adra.md\/wp-content\/uploads\/2022\/09\/304515404_158208910146802_2403571553717997319_n-1536x1152.jpeg 1536w, https:\/\/adra.md\/wp-content\/uploads\/2022\/09\/304515404_158208910146802_2403571553717997319_n-1000x750.jpeg 1000w, https:\/\/adra.md\/wp-content\/uploads\/2022\/09\/304515404_158208910146802_2403571553717997319_n.jpeg 2000w\" sizes=\"(max-width: 300px) 100vw, 300px\" \/><\/div>\n","protected":false},"excerpt":{"rendered":"<p>ADRA Moldova m\u00e2na \u00een m\u00e2n\u0103 cu donatorul din Republica Ceh\u0103 (Ministry of Foreign Affairs of the Czech Republic), a reu\u0219it la acest \u00eenceput de an \u0219colar 2022-2023 s\u0103 bucure ochii \u0219i m\u00e2nu\u021bele copiilor refugia\u021bi din Ucraina cu rucsace colorate \u0219i exact potrivite v\u00e2rstei lor. Ace\u0219ti copii vor acumula cuno\u0219tin\u021be \u0219i \u00ee\u0219i vor face noi prieteni [&hellip;]<\/p>\n","protected":false},"author":9,"featured_media":19497,"comment_status":"closed","ping_status":"closed","sticky":false,"template":"","format":"standard","meta":{"_acf_changed":false,"footnotes":""},"categories":[290],"tags":[300],"class_list":["post-19494","post","type-post","status-publish","format-standard","has-post-thumbnail","hentry","category-education","tag-adramoldova-adra-backtoschool"],"acf":[],"yoast_head":"<!-- This site is optimized with the Yoast SEO plugin v27.4 - https:\/\/yoast.com\/product\/yoast-seo-wordpress\/ -->\n<title>\u00cempreun\u0103 facem lumea mai bun\u0103! - ADRA Moldova<\/title>\n<meta name=\"robots\" content=\"index, follow, max-snippet:-1, max-image-preview:large, max-video-preview:-1\" \/>\n<link rel=\"canonical\" href=\"https:\/\/adra.md\/ru\/impreuna-facem-lumea-mai-buna\/\" \/>\n<meta property=\"og:locale\" content=\"ru_RU\" \/>\n<meta property=\"og:type\" content=\"article\" \/>\n<meta property=\"og:title\" content=\"\u00cempreun\u0103 facem lumea mai bun\u0103! - ADRA Moldova\" \/>\n<meta property=\"og:description\" content=\"ADRA Moldova m\u00e2na \u00een m\u00e2n\u0103 cu donatorul din Republica Ceh\u0103 (Ministry of Foreign Affairs of the Czech Republic), a reu\u0219it la acest \u00eenceput de an \u0219colar 2022-2023 s\u0103 bucure ochii \u0219i m\u00e2nu\u021bele copiilor refugia\u021bi din Ucraina cu rucsace colorate \u0219i exact potrivite v\u00e2rstei lor. Ace\u0219ti copii vor acumula cuno\u0219tin\u021be \u0219i \u00ee\u0219i vor face noi prieteni [&hellip;]\" \/>\n<meta property=\"og:url\" content=\"https:\/\/adra.md\/ru\/impreuna-facem-lumea-mai-buna\/\" \/>\n<meta property=\"og:site_name\" content=\"ADRA Moldova\" \/>\n<meta property=\"article:published_time\" content=\"2022-09-16T12:53:54+00:00\" \/>\n<meta property=\"article:modified_time\" content=\"2022-09-16T13:09:01+00:00\" \/>\n<meta property=\"og:image\" content=\"https:\/\/adra.md\/wp-content\/uploads\/2022\/09\/302764187_158209066813453_583713258455300177_n.jpeg\" \/>\n\t<meta property=\"og:image:width\" content=\"2000\" \/>\n\t<meta property=\"og:image:height\" content=\"1500\" \/>\n\t<meta property=\"og:image:type\" content=\"image\/jpeg\" \/>\n<meta name=\"author\" content=\"ADRA Moldova\" \/>\n<meta name=\"twitter:card\" content=\"summary_large_image\" \/>\n<meta name=\"twitter:label1\" content=\"\u041d\u0430\u043f\u0438\u0441\u0430\u043d\u043e \u0430\u0432\u0442\u043e\u0440\u043e\u043c\" \/>\n\t<meta name=\"twitter:data1\" content=\"ADRA Moldova\" \/>\n\t<meta name=\"twitter:label2\" content=\"\u041f\u0440\u0438\u043c\u0435\u0440\u043d\u043e\u0435 \u0432\u0440\u0435\u043c\u044f \u0434\u043b\u044f \u0447\u0442\u0435\u043d\u0438\u044f\" \/>\n\t<meta name=\"twitter:data2\" content=\"1 \u043c\u0438\u043d\u0443\u0442\u0430\" \/>\n<script type=\"application\/ld+json\" class=\"yoast-schema-graph\">{\"@context\":\"https:\\\/\\\/schema.org\",\"@graph\":[{\"@type\":\"Article\",\"@id\":\"https:\\\/\\\/adra.md\\\/impreuna-facem-lumea-mai-buna\\\/#article\",\"isPartOf\":{\"@id\":\"https:\\\/\\\/adra.md\\\/impreuna-facem-lumea-mai-buna\\\/\"},\"author\":{\"name\":\"ADRA Moldova\",\"@id\":\"https:\\\/\\\/adra.md\\\/#\\\/schema\\\/person\\\/b0181e611ee89738cefb7dc2db2bb8d1\"},\"headline\":\"\u00cempreun\u0103 facem lumea mai bun\u0103!\",\"datePublished\":\"2022-09-16T12:53:54+00:00\",\"dateModified\":\"2022-09-16T13:09:01+00:00\",\"mainEntityOfPage\":{\"@id\":\"https:\\\/\\\/adra.md\\\/impreuna-facem-lumea-mai-buna\\\/\"},\"wordCount\":156,\"publisher\":{\"@id\":\"https:\\\/\\\/adra.md\\\/#organization\"},\"image\":{\"@id\":\"https:\\\/\\\/adra.md\\\/impreuna-facem-lumea-mai-buna\\\/#primaryimage\"},\"thumbnailUrl\":\"https:\\\/\\\/adra.md\\\/wp-content\\\/uploads\\\/2022\\\/09\\\/302764187_158209066813453_583713258455300177_n.jpeg\",\"keywords\":[\"#adramoldova #adra #backtoschool\"],\"articleSection\":[\"Education\"],\"inLanguage\":\"ru-RU\"},{\"@type\":\"WebPage\",\"@id\":\"https:\\\/\\\/adra.md\\\/impreuna-facem-lumea-mai-buna\\\/\",\"url\":\"https:\\\/\\\/adra.md\\\/impreuna-facem-lumea-mai-buna\\\/\",\"name\":\"\u00cempreun\u0103 facem lumea mai bun\u0103! - ADRA Moldova\",\"isPartOf\":{\"@id\":\"https:\\\/\\\/adra.md\\\/#website\"},\"primaryImageOfPage\":{\"@id\":\"https:\\\/\\\/adra.md\\\/impreuna-facem-lumea-mai-buna\\\/#primaryimage\"},\"image\":{\"@id\":\"https:\\\/\\\/adra.md\\\/impreuna-facem-lumea-mai-buna\\\/#primaryimage\"},\"thumbnailUrl\":\"https:\\\/\\\/adra.md\\\/wp-content\\\/uploads\\\/2022\\\/09\\\/302764187_158209066813453_583713258455300177_n.jpeg\",\"datePublished\":\"2022-09-16T12:53:54+00:00\",\"dateModified\":\"2022-09-16T13:09:01+00:00\",\"breadcrumb\":{\"@id\":\"https:\\\/\\\/adra.md\\\/impreuna-facem-lumea-mai-buna\\\/#breadcrumb\"},\"inLanguage\":\"ru-RU\",\"potentialAction\":[{\"@type\":\"ReadAction\",\"target\":[\"https:\\\/\\\/adra.md\\\/impreuna-facem-lumea-mai-buna\\\/\"]}]},{\"@type\":\"ImageObject\",\"inLanguage\":\"ru-RU\",\"@id\":\"https:\\\/\\\/adra.md\\\/impreuna-facem-lumea-mai-buna\\\/#primaryimage\",\"url\":\"https:\\\/\\\/adra.md\\\/wp-content\\\/uploads\\\/2022\\\/09\\\/302764187_158209066813453_583713258455300177_n.jpeg\",\"contentUrl\":\"https:\\\/\\\/adra.md\\\/wp-content\\\/uploads\\\/2022\\\/09\\\/302764187_158209066813453_583713258455300177_n.jpeg\",\"width\":2000,\"height\":1500},{\"@type\":\"BreadcrumbList\",\"@id\":\"https:\\\/\\\/adra.md\\\/impreuna-facem-lumea-mai-buna\\\/#breadcrumb\",\"itemListElement\":[{\"@type\":\"ListItem\",\"position\":1,\"name\":\"Home\",\"item\":\"https:\\\/\\\/adra.md\\\/\"},{\"@type\":\"ListItem\",\"position\":2,\"name\":\"\u00cempreun\u0103 facem lumea mai bun\u0103!\"}]},{\"@type\":\"WebSite\",\"@id\":\"https:\\\/\\\/adra.md\\\/#website\",\"url\":\"https:\\\/\\\/adra.md\\\/\",\"name\":\"ADRA Moldova\",\"description\":\"Agen\u0163ia Adventist\u0103 pentru Dezvoltare, Refacere \u015fi Ajutor\",\"publisher\":{\"@id\":\"https:\\\/\\\/adra.md\\\/#organization\"},\"potentialAction\":[{\"@type\":\"SearchAction\",\"target\":{\"@type\":\"EntryPoint\",\"urlTemplate\":\"https:\\\/\\\/adra.md\\\/?s={search_term_string}\"},\"query-input\":{\"@type\":\"PropertyValueSpecification\",\"valueRequired\":true,\"valueName\":\"search_term_string\"}}],\"inLanguage\":\"ru-RU\"},{\"@type\":\"Organization\",\"@id\":\"https:\\\/\\\/adra.md\\\/#organization\",\"name\":\"ADRA Moldova\",\"url\":\"https:\\\/\\\/adra.md\\\/\",\"logo\":{\"@type\":\"ImageObject\",\"inLanguage\":\"ru-RU\",\"@id\":\"https:\\\/\\\/adra.md\\\/#\\\/schema\\\/logo\\\/image\\\/\",\"url\":\"https:\\\/\\\/adra.md\\\/wp-content\\\/uploads\\\/2019\\\/11\\\/group-435.png\",\"contentUrl\":\"https:\\\/\\\/adra.md\\\/wp-content\\\/uploads\\\/2019\\\/11\\\/group-435.png\",\"width\":500,\"height\":133,\"caption\":\"ADRA Moldova\"},\"image\":{\"@id\":\"https:\\\/\\\/adra.md\\\/#\\\/schema\\\/logo\\\/image\\\/\"}},{\"@type\":\"Person\",\"@id\":\"https:\\\/\\\/adra.md\\\/#\\\/schema\\\/person\\\/b0181e611ee89738cefb7dc2db2bb8d1\",\"name\":\"ADRA Moldova\",\"url\":\"https:\\\/\\\/adra.md\\\/ru\\\/author\\\/andrei-girleanu\\\/\"}]}<\/script>\n<!-- \/ Yoast SEO plugin. -->","yoast_head_json":{"title":"\u00cempreun\u0103 facem lumea mai bun\u0103! - ADRA Moldova","robots":{"index":"index","follow":"follow","max-snippet":"max-snippet:-1","max-image-preview":"max-image-preview:large","max-video-preview":"max-video-preview:-1"},"canonical":"https:\/\/adra.md\/ru\/impreuna-facem-lumea-mai-buna\/","og_locale":"ru_RU","og_type":"article","og_title":"\u00cempreun\u0103 facem lumea mai bun\u0103! - ADRA Moldova","og_description":"ADRA Moldova m\u00e2na \u00een m\u00e2n\u0103 cu donatorul din Republica Ceh\u0103 (Ministry of Foreign Affairs of the Czech Republic), a reu\u0219it la acest \u00eenceput de an \u0219colar 2022-2023 s\u0103 bucure ochii \u0219i m\u00e2nu\u021bele copiilor refugia\u021bi din Ucraina cu rucsace colorate \u0219i exact potrivite v\u00e2rstei lor. Ace\u0219ti copii vor acumula cuno\u0219tin\u021be \u0219i \u00ee\u0219i vor face noi prieteni [&hellip;]","og_url":"https:\/\/adra.md\/ru\/impreuna-facem-lumea-mai-buna\/","og_site_name":"ADRA Moldova","article_published_time":"2022-09-16T12:53:54+00:00","article_modified_time":"2022-09-16T13:09:01+00:00","og_image":[{"width":2000,"height":1500,"url":"https:\/\/adra.md\/wp-content\/uploads\/2022\/09\/302764187_158209066813453_583713258455300177_n.jpeg","type":"image\/jpeg"}],"author":"ADRA Moldova","twitter_card":"summary_large_image","twitter_misc":{"\u041d\u0430\u043f\u0438\u0441\u0430\u043d\u043e \u0430\u0432\u0442\u043e\u0440\u043e\u043c":"ADRA Moldova","\u041f\u0440\u0438\u043c\u0435\u0440\u043d\u043e\u0435 \u0432\u0440\u0435\u043c\u044f \u0434\u043b\u044f \u0447\u0442\u0435\u043d\u0438\u044f":"1 \u043c\u0438\u043d\u0443\u0442\u0430"},"schema":{"@context":"https:\/\/schema.org","@graph":[{"@type":"Article","@id":"https:\/\/adra.md\/impreuna-facem-lumea-mai-buna\/#article","isPartOf":{"@id":"https:\/\/adra.md\/impreuna-facem-lumea-mai-buna\/"},"author":{"name":"ADRA Moldova","@id":"https:\/\/adra.md\/#\/schema\/person\/b0181e611ee89738cefb7dc2db2bb8d1"},"headline":"\u00cempreun\u0103 facem lumea mai bun\u0103!","datePublished":"2022-09-16T12:53:54+00:00","dateModified":"2022-09-16T13:09:01+00:00","mainEntityOfPage":{"@id":"https:\/\/adra.md\/impreuna-facem-lumea-mai-buna\/"},"wordCount":156,"publisher":{"@id":"https:\/\/adra.md\/#organization"},"image":{"@id":"https:\/\/adra.md\/impreuna-facem-lumea-mai-buna\/#primaryimage"},"thumbnailUrl":"https:\/\/adra.md\/wp-content\/uploads\/2022\/09\/302764187_158209066813453_583713258455300177_n.jpeg","keywords":["#adramoldova #adra #backtoschool"],"articleSection":["Education"],"inLanguage":"ru-RU"},{"@type":"WebPage","@id":"https:\/\/adra.md\/impreuna-facem-lumea-mai-buna\/","url":"https:\/\/adra.md\/impreuna-facem-lumea-mai-buna\/","name":"\u00cempreun\u0103 facem lumea mai bun\u0103! - ADRA Moldova","isPartOf":{"@id":"https:\/\/adra.md\/#website"},"primaryImageOfPage":{"@id":"https:\/\/adra.md\/impreuna-facem-lumea-mai-buna\/#primaryimage"},"image":{"@id":"https:\/\/adra.md\/impreuna-facem-lumea-mai-buna\/#primaryimage"},"thumbnailUrl":"https:\/\/adra.md\/wp-content\/uploads\/2022\/09\/302764187_158209066813453_583713258455300177_n.jpeg","datePublished":"2022-09-16T12:53:54+00:00","dateModified":"2022-09-16T13:09:01+00:00","breadcrumb":{"@id":"https:\/\/adra.md\/impreuna-facem-lumea-mai-buna\/#breadcrumb"},"inLanguage":"ru-RU","potentialAction":[{"@type":"ReadAction","target":["https:\/\/adra.md\/impreuna-facem-lumea-mai-buna\/"]}]},{"@type":"ImageObject","inLanguage":"ru-RU","@id":"https:\/\/adra.md\/impreuna-facem-lumea-mai-buna\/#primaryimage","url":"https:\/\/adra.md\/wp-content\/uploads\/2022\/09\/302764187_158209066813453_583713258455300177_n.jpeg","contentUrl":"https:\/\/adra.md\/wp-content\/uploads\/2022\/09\/302764187_158209066813453_583713258455300177_n.jpeg","width":2000,"height":1500},{"@type":"BreadcrumbList","@id":"https:\/\/adra.md\/impreuna-facem-lumea-mai-buna\/#breadcrumb","itemListElement":[{"@type":"ListItem","position":1,"name":"Home","item":"https:\/\/adra.md\/"},{"@type":"ListItem","position":2,"name":"\u00cempreun\u0103 facem lumea mai bun\u0103!"}]},{"@type":"WebSite","@id":"https:\/\/adra.md\/#website","url":"https:\/\/adra.md\/","name":"ADRA Moldova","description":"Agen\u0163ia Adventist\u0103 pentru Dezvoltare, Refacere \u015fi Ajutor","publisher":{"@id":"https:\/\/adra.md\/#organization"},"potentialAction":[{"@type":"SearchAction","target":{"@type":"EntryPoint","urlTemplate":"https:\/\/adra.md\/?s={search_term_string}"},"query-input":{"@type":"PropertyValueSpecification","valueRequired":true,"valueName":"search_term_string"}}],"inLanguage":"ru-RU"},{"@type":"Organization","@id":"https:\/\/adra.md\/#organization","name":"ADRA Moldova","url":"https:\/\/adra.md\/","logo":{"@type":"ImageObject","inLanguage":"ru-RU","@id":"https:\/\/adra.md\/#\/schema\/logo\/image\/","url":"https:\/\/adra.md\/wp-content\/uploads\/2019\/11\/group-435.png","contentUrl":"https:\/\/adra.md\/wp-content\/uploads\/2019\/11\/group-435.png","width":500,"height":133,"caption":"ADRA Moldova"},"image":{"@id":"https:\/\/adra.md\/#\/schema\/logo\/image\/"}},{"@type":"Person","@id":"https:\/\/adra.md\/#\/schema\/person\/b0181e611ee89738cefb7dc2db2bb8d1","name":"ADRA Moldova","url":"https:\/\/adra.md\/ru\/author\/andrei-girleanu\/"}]}},"_links":{"self":[{"href":"https:\/\/adra.md\/ru\/wp-json\/wp\/v2\/posts\/19494","targetHints":{"allow":["GET"]}}],"collection":[{"href":"https:\/\/adra.md\/ru\/wp-json\/wp\/v2\/posts"}],"about":[{"href":"https:\/\/adra.md\/ru\/wp-json\/wp\/v2\/types\/post"}],"author":[{"embeddable":true,"href":"https:\/\/adra.md\/ru\/wp-json\/wp\/v2\/users\/9"}],"replies":[{"embeddable":true,"href":"https:\/\/adra.md\/ru\/wp-json\/wp\/v2\/comments?post=19494"}],"version-history":[{"count":1,"href":"https:\/\/adra.md\/ru\/wp-json\/wp\/v2\/posts\/19494\/revisions"}],"predecessor-version":[{"id":19503,"href":"https:\/\/adra.md\/ru\/wp-json\/wp\/v2\/posts\/19494\/revisions\/19503"}],"wp:featuredmedia":[{"embeddable":true,"href":"https:\/\/adra.md\/ru\/wp-json\/wp\/v2\/media\/19497"}],"wp:attachment":[{"href":"https:\/\/adra.md\/ru\/wp-json\/wp\/v2\/media?parent=19494"}],"wp:term":[{"taxonomy":"category","embeddable":true,"href":"https:\/\/adra.md\/ru\/wp-json\/wp\/v2\/categories?post=19494"},{"taxonomy":"post_tag","embeddable":true,"href":"https:\/\/adra.md\/ru\/wp-json\/wp\/v2\/tags?post=19494"}],"curies":[{"name":"wp","href":"https:\/\/api.w.org\/{rel}","templated":true}]}}