{"id":19643,"date":"2022-11-08T11:42:28","date_gmt":"2022-11-08T11:42:28","guid":{"rendered":"https:\/\/adra.md\/?p=19643"},"modified":"2022-11-08T11:42:28","modified_gmt":"2022-11-08T11:42:28","slug":"invatam-limba-romana","status":"publish","type":"post","link":"https:\/\/adra.md\/ru\/invatam-limba-romana\/","title":{"rendered":"\u00cenv\u0103\u021b\u0103m limba rom\u00e2n\u0103"},"content":{"rendered":"<p>Una din oportunit\u0103\u021bile pe care le ofer\u0103 ADRA Moldova \u00eempreun\u0103 cu Republica Ceh\u0103, este c\u0103 vine \u00een sus\u021binerea refugia\u021bilor prin \u00eenv\u0103\u021barea limbii rom\u00e2ne.<br \/>\nCunosc\u00e2nd limba \u021b\u0103rii \u00een care locuiesc momentan, refugia\u021bii Ucraineni pot s\u0103 se integreze mai u\u0219or \u00een campul muncii, \u00een societate, s\u0103 comunice cu oamenii care \u00eei \u00eenconjoar\u0103 \u0219i s\u0103 poat\u0103 savura clipele de pace pe care le pot tr\u0103i.<br \/>\nCursurile se petrec \u00een incinta \u041c\u0435\u0436\u0434\u0443\u043d\u0430\u0440\u043e\u0434\u043d\u044b\u0439 \u0426\u0435\u043d\u0442\u0440 \u0422\u0440\u0435\u043d\u0438\u043d\u0433\u0430 \u0438 \u041f\u0440\u043e\u0444\u0435\u0441\u0441\u0438\u043e\u043d\u0430\u043b\u044c\u043d\u043e\u0433\u043e \u0420\u0430\u0437\u0432\u0438\u0442\u0438\u044f ICTPD.<br \/>\nAici persist\u0103 o atmosfer\u0103 cald\u0103 \u0219i prieteneasc\u0103 \u00eentre profesor \u0219i elevele care sunt captivate \u0219i entuziasmate s\u0103 \u00eenve\u021be c\u00e2t mai multe cuvinte \u0219i expresii \u00een limba rom\u00e2n\u0103.<\/p>\n<p>#adra #adramoldova #ministry_of_foreign_affairs_of_the_Czech_Republic #refugees #romaninalanguage #speekromanina<\/p>\n<p>&nbsp;<\/p>\n<p><img fetchpriority=\"high\" decoding=\"async\" class=\"alignnone  wp-image-19644\" src=\"https:\/\/adra.md\/wp-content\/uploads\/2022\/11\/viber_image_2022-11-08_13-36-46-123-225x300.jpg\" alt=\"\" width=\"278\" height=\"371\" srcset=\"https:\/\/adra.md\/wp-content\/uploads\/2022\/11\/viber_image_2022-11-08_13-36-46-123-225x300.jpg 225w, https:\/\/adra.md\/wp-content\/uploads\/2022\/11\/viber_image_2022-11-08_13-36-46-123-768x1024.jpg 768w, https:\/\/adra.md\/wp-content\/uploads\/2022\/11\/viber_image_2022-11-08_13-36-46-123-1152x1536.jpg 1152w, https:\/\/adra.md\/wp-content\/uploads\/2022\/11\/viber_image_2022-11-08_13-36-46-123.jpg 1200w\" sizes=\"(max-width: 278px) 100vw, 278px\" \/>\u00a0 \u00a0\u00a0<img decoding=\"async\" class=\"alignnone  wp-image-19645\" src=\"https:\/\/adra.md\/wp-content\/uploads\/2022\/11\/viber_image_2022-11-08_13-36-46-285-225x300.jpg\" alt=\"\" width=\"273\" height=\"364\" srcset=\"https:\/\/adra.md\/wp-content\/uploads\/2022\/11\/viber_image_2022-11-08_13-36-46-285-225x300.jpg 225w, https:\/\/adra.md\/wp-content\/uploads\/2022\/11\/viber_image_2022-11-08_13-36-46-285-768x1024.jpg 768w, https:\/\/adra.md\/wp-content\/uploads\/2022\/11\/viber_image_2022-11-08_13-36-46-285-1152x1536.jpg 1152w, https:\/\/adra.md\/wp-content\/uploads\/2022\/11\/viber_image_2022-11-08_13-36-46-285.jpg 1200w\" sizes=\"(max-width: 273px) 100vw, 273px\" \/>\u00a0 \u00a0 \u00a0<img decoding=\"async\" class=\"alignnone  wp-image-19646\" src=\"https:\/\/adra.md\/wp-content\/uploads\/2022\/11\/viber_image_2022-11-08_13-36-46-449-225x300.jpg\" alt=\"\" width=\"275\" height=\"366\" srcset=\"https:\/\/adra.md\/wp-content\/uploads\/2022\/11\/viber_image_2022-11-08_13-36-46-449-225x300.jpg 225w, https:\/\/adra.md\/wp-content\/uploads\/2022\/11\/viber_image_2022-11-08_13-36-46-449-768x1024.jpg 768w, https:\/\/adra.md\/wp-content\/uploads\/2022\/11\/viber_image_2022-11-08_13-36-46-449-1152x1536.jpg 1152w, https:\/\/adra.md\/wp-content\/uploads\/2022\/11\/viber_image_2022-11-08_13-36-46-449.jpg 1200w\" sizes=\"(max-width: 275px) 100vw, 275px\" \/><\/p>\n<p><img loading=\"lazy\" decoding=\"async\" class=\"alignnone  wp-image-19647\" src=\"https:\/\/adra.md\/wp-content\/uploads\/2022\/11\/viber_image_2022-11-08_13-36-46-594-225x300.jpg\" alt=\"\" width=\"295\" height=\"393\" srcset=\"https:\/\/adra.md\/wp-content\/uploads\/2022\/11\/viber_image_2022-11-08_13-36-46-594-225x300.jpg 225w, https:\/\/adra.md\/wp-content\/uploads\/2022\/11\/viber_image_2022-11-08_13-36-46-594-768x1024.jpg 768w, https:\/\/adra.md\/wp-content\/uploads\/2022\/11\/viber_image_2022-11-08_13-36-46-594-1152x1536.jpg 1152w, https:\/\/adra.md\/wp-content\/uploads\/2022\/11\/viber_image_2022-11-08_13-36-46-594.jpg 1200w\" sizes=\"(max-width: 295px) 100vw, 295px\" \/> <img loading=\"lazy\" decoding=\"async\" class=\"alignnone  wp-image-19648\" src=\"https:\/\/adra.md\/wp-content\/uploads\/2022\/11\/viber_image_2022-11-08_13-36-46-744-225x300.jpg\" alt=\"\" width=\"295\" height=\"393\" srcset=\"https:\/\/adra.md\/wp-content\/uploads\/2022\/11\/viber_image_2022-11-08_13-36-46-744-225x300.jpg 225w, https:\/\/adra.md\/wp-content\/uploads\/2022\/11\/viber_image_2022-11-08_13-36-46-744-768x1024.jpg 768w, https:\/\/adra.md\/wp-content\/uploads\/2022\/11\/viber_image_2022-11-08_13-36-46-744-1152x1536.jpg 1152w, https:\/\/adra.md\/wp-content\/uploads\/2022\/11\/viber_image_2022-11-08_13-36-46-744.jpg 1200w\" sizes=\"(max-width: 295px) 100vw, 295px\" \/> <img loading=\"lazy\" decoding=\"async\" class=\"alignnone  wp-image-19649\" src=\"https:\/\/adra.md\/wp-content\/uploads\/2022\/11\/viber_image_2022-11-08_13-36-46-894-225x300.jpg\" alt=\"\" width=\"293\" height=\"391\" srcset=\"https:\/\/adra.md\/wp-content\/uploads\/2022\/11\/viber_image_2022-11-08_13-36-46-894-225x300.jpg 225w, https:\/\/adra.md\/wp-content\/uploads\/2022\/11\/viber_image_2022-11-08_13-36-46-894-768x1024.jpg 768w, https:\/\/adra.md\/wp-content\/uploads\/2022\/11\/viber_image_2022-11-08_13-36-46-894-1152x1536.jpg 1152w, https:\/\/adra.md\/wp-content\/uploads\/2022\/11\/viber_image_2022-11-08_13-36-46-894.jpg 1200w\" sizes=\"(max-width: 293px) 100vw, 293px\" \/><\/p>\n<p>&nbsp;<\/p>\n<p><img loading=\"lazy\" decoding=\"async\" class=\"alignnone  wp-image-19650\" src=\"https:\/\/adra.md\/wp-content\/uploads\/2022\/11\/viber_image_2022-11-08_13-36-47-037-300x225.jpg\" alt=\"\" width=\"527\" height=\"395\" srcset=\"https:\/\/adra.md\/wp-content\/uploads\/2022\/11\/viber_image_2022-11-08_13-36-47-037-300x225.jpg 300w, https:\/\/adra.md\/wp-content\/uploads\/2022\/11\/viber_image_2022-11-08_13-36-47-037-1024x768.jpg 1024w, https:\/\/adra.md\/wp-content\/uploads\/2022\/11\/viber_image_2022-11-08_13-36-47-037-768x576.jpg 768w, https:\/\/adra.md\/wp-content\/uploads\/2022\/11\/viber_image_2022-11-08_13-36-47-037-1536x1152.jpg 1536w, https:\/\/adra.md\/wp-content\/uploads\/2022\/11\/viber_image_2022-11-08_13-36-47-037-1000x750.jpg 1000w, https:\/\/adra.md\/wp-content\/uploads\/2022\/11\/viber_image_2022-11-08_13-36-47-037.jpg 1600w\" sizes=\"(max-width: 527px) 100vw, 527px\" \/><\/p>","protected":false},"excerpt":{"rendered":"<p>Una din oportunit\u0103\u021bile pe care le ofer\u0103 ADRA Moldova \u00eempreun\u0103 cu Republica Ceh\u0103, este c\u0103 vine \u00een sus\u021binerea refugia\u021bilor prin \u00eenv\u0103\u021barea limbii rom\u00e2ne. Cunosc\u00e2nd limba \u021b\u0103rii \u00een care locuiesc momentan, refugia\u021bii Ucraineni pot s\u0103 se integreze mai u\u0219or \u00een campul muncii, \u00een societate, s\u0103 comunice cu oamenii care \u00eei \u00eenconjoar\u0103 \u0219i s\u0103 poat\u0103 savura clipele [&hellip;]<\/p>\n","protected":false},"author":9,"featured_media":19646,"comment_status":"closed","ping_status":"closed","sticky":false,"template":"","format":"standard","meta":{"_acf_changed":false,"footnotes":""},"categories":[294],"tags":[303],"class_list":["post-19643","post","type-post","status-publish","format-standard","has-post-thumbnail","hentry","category-news","tag-speach"],"acf":[],"yoast_head":"<!-- This site is optimized with the Yoast SEO plugin v27.4 - https:\/\/yoast.com\/product\/yoast-seo-wordpress\/ -->\n<title>\u00cenv\u0103\u021b\u0103m limba rom\u00e2n\u0103 - ADRA Moldova<\/title>\n<meta name=\"robots\" content=\"index, follow, max-snippet:-1, max-image-preview:large, max-video-preview:-1\" \/>\n<link rel=\"canonical\" href=\"https:\/\/adra.md\/ru\/invatam-limba-romana\/\" \/>\n<meta property=\"og:locale\" content=\"ru_RU\" \/>\n<meta property=\"og:type\" content=\"article\" \/>\n<meta property=\"og:title\" content=\"\u00cenv\u0103\u021b\u0103m limba rom\u00e2n\u0103 - ADRA Moldova\" \/>\n<meta property=\"og:description\" content=\"Una din oportunit\u0103\u021bile pe care le ofer\u0103 ADRA Moldova \u00eempreun\u0103 cu Republica Ceh\u0103, este c\u0103 vine \u00een sus\u021binerea refugia\u021bilor prin \u00eenv\u0103\u021barea limbii rom\u00e2ne. Cunosc\u00e2nd limba \u021b\u0103rii \u00een care locuiesc momentan, refugia\u021bii Ucraineni pot s\u0103 se integreze mai u\u0219or \u00een campul muncii, \u00een societate, s\u0103 comunice cu oamenii care \u00eei \u00eenconjoar\u0103 \u0219i s\u0103 poat\u0103 savura clipele [&hellip;]\" \/>\n<meta property=\"og:url\" content=\"https:\/\/adra.md\/ru\/invatam-limba-romana\/\" \/>\n<meta property=\"og:site_name\" content=\"ADRA Moldova\" \/>\n<meta property=\"article:published_time\" content=\"2022-11-08T11:42:28+00:00\" \/>\n<meta property=\"og:image\" content=\"https:\/\/adra.md\/wp-content\/uploads\/2022\/11\/viber_image_2022-11-08_13-36-46-449.jpg\" \/>\n\t<meta property=\"og:image:width\" content=\"1200\" \/>\n\t<meta property=\"og:image:height\" content=\"1600\" \/>\n\t<meta property=\"og:image:type\" content=\"image\/jpeg\" \/>\n<meta name=\"author\" content=\"ADRA Moldova\" \/>\n<meta name=\"twitter:card\" content=\"summary_large_image\" \/>\n<meta name=\"twitter:label1\" content=\"\u041d\u0430\u043f\u0438\u0441\u0430\u043d\u043e \u0430\u0432\u0442\u043e\u0440\u043e\u043c\" \/>\n\t<meta name=\"twitter:data1\" content=\"ADRA Moldova\" \/>\n\t<meta name=\"twitter:label2\" content=\"\u041f\u0440\u0438\u043c\u0435\u0440\u043d\u043e\u0435 \u0432\u0440\u0435\u043c\u044f \u0434\u043b\u044f \u0447\u0442\u0435\u043d\u0438\u044f\" \/>\n\t<meta name=\"twitter:data2\" content=\"1 \u043c\u0438\u043d\u0443\u0442\u0430\" \/>\n<script type=\"application\/ld+json\" class=\"yoast-schema-graph\">{\"@context\":\"https:\\\/\\\/schema.org\",\"@graph\":[{\"@type\":\"Article\",\"@id\":\"https:\\\/\\\/adra.md\\\/invatam-limba-romana\\\/#article\",\"isPartOf\":{\"@id\":\"https:\\\/\\\/adra.md\\\/invatam-limba-romana\\\/\"},\"author\":{\"name\":\"ADRA Moldova\",\"@id\":\"https:\\\/\\\/adra.md\\\/#\\\/schema\\\/person\\\/b0181e611ee89738cefb7dc2db2bb8d1\"},\"headline\":\"\u00cenv\u0103\u021b\u0103m limba rom\u00e2n\u0103\",\"datePublished\":\"2022-11-08T11:42:28+00:00\",\"mainEntityOfPage\":{\"@id\":\"https:\\\/\\\/adra.md\\\/invatam-limba-romana\\\/\"},\"wordCount\":154,\"publisher\":{\"@id\":\"https:\\\/\\\/adra.md\\\/#organization\"},\"image\":{\"@id\":\"https:\\\/\\\/adra.md\\\/invatam-limba-romana\\\/#primaryimage\"},\"thumbnailUrl\":\"https:\\\/\\\/adra.md\\\/wp-content\\\/uploads\\\/2022\\\/11\\\/viber_image_2022-11-08_13-36-46-449.jpg\",\"keywords\":[\"speach\"],\"articleSection\":[\"News\"],\"inLanguage\":\"ru-RU\"},{\"@type\":\"WebPage\",\"@id\":\"https:\\\/\\\/adra.md\\\/invatam-limba-romana\\\/\",\"url\":\"https:\\\/\\\/adra.md\\\/invatam-limba-romana\\\/\",\"name\":\"\u00cenv\u0103\u021b\u0103m limba rom\u00e2n\u0103 - ADRA Moldova\",\"isPartOf\":{\"@id\":\"https:\\\/\\\/adra.md\\\/#website\"},\"primaryImageOfPage\":{\"@id\":\"https:\\\/\\\/adra.md\\\/invatam-limba-romana\\\/#primaryimage\"},\"image\":{\"@id\":\"https:\\\/\\\/adra.md\\\/invatam-limba-romana\\\/#primaryimage\"},\"thumbnailUrl\":\"https:\\\/\\\/adra.md\\\/wp-content\\\/uploads\\\/2022\\\/11\\\/viber_image_2022-11-08_13-36-46-449.jpg\",\"datePublished\":\"2022-11-08T11:42:28+00:00\",\"breadcrumb\":{\"@id\":\"https:\\\/\\\/adra.md\\\/invatam-limba-romana\\\/#breadcrumb\"},\"inLanguage\":\"ru-RU\",\"potentialAction\":[{\"@type\":\"ReadAction\",\"target\":[\"https:\\\/\\\/adra.md\\\/invatam-limba-romana\\\/\"]}]},{\"@type\":\"ImageObject\",\"inLanguage\":\"ru-RU\",\"@id\":\"https:\\\/\\\/adra.md\\\/invatam-limba-romana\\\/#primaryimage\",\"url\":\"https:\\\/\\\/adra.md\\\/wp-content\\\/uploads\\\/2022\\\/11\\\/viber_image_2022-11-08_13-36-46-449.jpg\",\"contentUrl\":\"https:\\\/\\\/adra.md\\\/wp-content\\\/uploads\\\/2022\\\/11\\\/viber_image_2022-11-08_13-36-46-449.jpg\",\"width\":1200,\"height\":1600},{\"@type\":\"BreadcrumbList\",\"@id\":\"https:\\\/\\\/adra.md\\\/invatam-limba-romana\\\/#breadcrumb\",\"itemListElement\":[{\"@type\":\"ListItem\",\"position\":1,\"name\":\"Home\",\"item\":\"https:\\\/\\\/adra.md\\\/\"},{\"@type\":\"ListItem\",\"position\":2,\"name\":\"\u00cenv\u0103\u021b\u0103m limba rom\u00e2n\u0103\"}]},{\"@type\":\"WebSite\",\"@id\":\"https:\\\/\\\/adra.md\\\/#website\",\"url\":\"https:\\\/\\\/adra.md\\\/\",\"name\":\"ADRA Moldova\",\"description\":\"Agen\u0163ia Adventist\u0103 pentru Dezvoltare, Refacere \u015fi Ajutor\",\"publisher\":{\"@id\":\"https:\\\/\\\/adra.md\\\/#organization\"},\"potentialAction\":[{\"@type\":\"SearchAction\",\"target\":{\"@type\":\"EntryPoint\",\"urlTemplate\":\"https:\\\/\\\/adra.md\\\/?s={search_term_string}\"},\"query-input\":{\"@type\":\"PropertyValueSpecification\",\"valueRequired\":true,\"valueName\":\"search_term_string\"}}],\"inLanguage\":\"ru-RU\"},{\"@type\":\"Organization\",\"@id\":\"https:\\\/\\\/adra.md\\\/#organization\",\"name\":\"ADRA Moldova\",\"url\":\"https:\\\/\\\/adra.md\\\/\",\"logo\":{\"@type\":\"ImageObject\",\"inLanguage\":\"ru-RU\",\"@id\":\"https:\\\/\\\/adra.md\\\/#\\\/schema\\\/logo\\\/image\\\/\",\"url\":\"https:\\\/\\\/adra.md\\\/wp-content\\\/uploads\\\/2019\\\/11\\\/group-435.png\",\"contentUrl\":\"https:\\\/\\\/adra.md\\\/wp-content\\\/uploads\\\/2019\\\/11\\\/group-435.png\",\"width\":500,\"height\":133,\"caption\":\"ADRA Moldova\"},\"image\":{\"@id\":\"https:\\\/\\\/adra.md\\\/#\\\/schema\\\/logo\\\/image\\\/\"}},{\"@type\":\"Person\",\"@id\":\"https:\\\/\\\/adra.md\\\/#\\\/schema\\\/person\\\/b0181e611ee89738cefb7dc2db2bb8d1\",\"name\":\"ADRA Moldova\",\"url\":\"https:\\\/\\\/adra.md\\\/ru\\\/author\\\/andrei-girleanu\\\/\"}]}<\/script>\n<!-- \/ Yoast SEO plugin. -->","yoast_head_json":{"title":"\u00cenv\u0103\u021b\u0103m limba rom\u00e2n\u0103 - ADRA Moldova","robots":{"index":"index","follow":"follow","max-snippet":"max-snippet:-1","max-image-preview":"max-image-preview:large","max-video-preview":"max-video-preview:-1"},"canonical":"https:\/\/adra.md\/ru\/invatam-limba-romana\/","og_locale":"ru_RU","og_type":"article","og_title":"\u00cenv\u0103\u021b\u0103m limba rom\u00e2n\u0103 - ADRA Moldova","og_description":"Una din oportunit\u0103\u021bile pe care le ofer\u0103 ADRA Moldova \u00eempreun\u0103 cu Republica Ceh\u0103, este c\u0103 vine \u00een sus\u021binerea refugia\u021bilor prin \u00eenv\u0103\u021barea limbii rom\u00e2ne. Cunosc\u00e2nd limba \u021b\u0103rii \u00een care locuiesc momentan, refugia\u021bii Ucraineni pot s\u0103 se integreze mai u\u0219or \u00een campul muncii, \u00een societate, s\u0103 comunice cu oamenii care \u00eei \u00eenconjoar\u0103 \u0219i s\u0103 poat\u0103 savura clipele [&hellip;]","og_url":"https:\/\/adra.md\/ru\/invatam-limba-romana\/","og_site_name":"ADRA Moldova","article_published_time":"2022-11-08T11:42:28+00:00","og_image":[{"width":1200,"height":1600,"url":"https:\/\/adra.md\/wp-content\/uploads\/2022\/11\/viber_image_2022-11-08_13-36-46-449.jpg","type":"image\/jpeg"}],"author":"ADRA Moldova","twitter_card":"summary_large_image","twitter_misc":{"\u041d\u0430\u043f\u0438\u0441\u0430\u043d\u043e \u0430\u0432\u0442\u043e\u0440\u043e\u043c":"ADRA Moldova","\u041f\u0440\u0438\u043c\u0435\u0440\u043d\u043e\u0435 \u0432\u0440\u0435\u043c\u044f \u0434\u043b\u044f \u0447\u0442\u0435\u043d\u0438\u044f":"1 \u043c\u0438\u043d\u0443\u0442\u0430"},"schema":{"@context":"https:\/\/schema.org","@graph":[{"@type":"Article","@id":"https:\/\/adra.md\/invatam-limba-romana\/#article","isPartOf":{"@id":"https:\/\/adra.md\/invatam-limba-romana\/"},"author":{"name":"ADRA Moldova","@id":"https:\/\/adra.md\/#\/schema\/person\/b0181e611ee89738cefb7dc2db2bb8d1"},"headline":"\u00cenv\u0103\u021b\u0103m limba rom\u00e2n\u0103","datePublished":"2022-11-08T11:42:28+00:00","mainEntityOfPage":{"@id":"https:\/\/adra.md\/invatam-limba-romana\/"},"wordCount":154,"publisher":{"@id":"https:\/\/adra.md\/#organization"},"image":{"@id":"https:\/\/adra.md\/invatam-limba-romana\/#primaryimage"},"thumbnailUrl":"https:\/\/adra.md\/wp-content\/uploads\/2022\/11\/viber_image_2022-11-08_13-36-46-449.jpg","keywords":["speach"],"articleSection":["News"],"inLanguage":"ru-RU"},{"@type":"WebPage","@id":"https:\/\/adra.md\/invatam-limba-romana\/","url":"https:\/\/adra.md\/invatam-limba-romana\/","name":"\u00cenv\u0103\u021b\u0103m limba rom\u00e2n\u0103 - ADRA Moldova","isPartOf":{"@id":"https:\/\/adra.md\/#website"},"primaryImageOfPage":{"@id":"https:\/\/adra.md\/invatam-limba-romana\/#primaryimage"},"image":{"@id":"https:\/\/adra.md\/invatam-limba-romana\/#primaryimage"},"thumbnailUrl":"https:\/\/adra.md\/wp-content\/uploads\/2022\/11\/viber_image_2022-11-08_13-36-46-449.jpg","datePublished":"2022-11-08T11:42:28+00:00","breadcrumb":{"@id":"https:\/\/adra.md\/invatam-limba-romana\/#breadcrumb"},"inLanguage":"ru-RU","potentialAction":[{"@type":"ReadAction","target":["https:\/\/adra.md\/invatam-limba-romana\/"]}]},{"@type":"ImageObject","inLanguage":"ru-RU","@id":"https:\/\/adra.md\/invatam-limba-romana\/#primaryimage","url":"https:\/\/adra.md\/wp-content\/uploads\/2022\/11\/viber_image_2022-11-08_13-36-46-449.jpg","contentUrl":"https:\/\/adra.md\/wp-content\/uploads\/2022\/11\/viber_image_2022-11-08_13-36-46-449.jpg","width":1200,"height":1600},{"@type":"BreadcrumbList","@id":"https:\/\/adra.md\/invatam-limba-romana\/#breadcrumb","itemListElement":[{"@type":"ListItem","position":1,"name":"Home","item":"https:\/\/adra.md\/"},{"@type":"ListItem","position":2,"name":"\u00cenv\u0103\u021b\u0103m limba rom\u00e2n\u0103"}]},{"@type":"WebSite","@id":"https:\/\/adra.md\/#website","url":"https:\/\/adra.md\/","name":"ADRA Moldova","description":"Agen\u0163ia Adventist\u0103 pentru Dezvoltare, Refacere \u015fi Ajutor","publisher":{"@id":"https:\/\/adra.md\/#organization"},"potentialAction":[{"@type":"SearchAction","target":{"@type":"EntryPoint","urlTemplate":"https:\/\/adra.md\/?s={search_term_string}"},"query-input":{"@type":"PropertyValueSpecification","valueRequired":true,"valueName":"search_term_string"}}],"inLanguage":"ru-RU"},{"@type":"Organization","@id":"https:\/\/adra.md\/#organization","name":"ADRA Moldova","url":"https:\/\/adra.md\/","logo":{"@type":"ImageObject","inLanguage":"ru-RU","@id":"https:\/\/adra.md\/#\/schema\/logo\/image\/","url":"https:\/\/adra.md\/wp-content\/uploads\/2019\/11\/group-435.png","contentUrl":"https:\/\/adra.md\/wp-content\/uploads\/2019\/11\/group-435.png","width":500,"height":133,"caption":"ADRA Moldova"},"image":{"@id":"https:\/\/adra.md\/#\/schema\/logo\/image\/"}},{"@type":"Person","@id":"https:\/\/adra.md\/#\/schema\/person\/b0181e611ee89738cefb7dc2db2bb8d1","name":"ADRA Moldova","url":"https:\/\/adra.md\/ru\/author\/andrei-girleanu\/"}]}},"_links":{"self":[{"href":"https:\/\/adra.md\/ru\/wp-json\/wp\/v2\/posts\/19643","targetHints":{"allow":["GET"]}}],"collection":[{"href":"https:\/\/adra.md\/ru\/wp-json\/wp\/v2\/posts"}],"about":[{"href":"https:\/\/adra.md\/ru\/wp-json\/wp\/v2\/types\/post"}],"author":[{"embeddable":true,"href":"https:\/\/adra.md\/ru\/wp-json\/wp\/v2\/users\/9"}],"replies":[{"embeddable":true,"href":"https:\/\/adra.md\/ru\/wp-json\/wp\/v2\/comments?post=19643"}],"version-history":[{"count":1,"href":"https:\/\/adra.md\/ru\/wp-json\/wp\/v2\/posts\/19643\/revisions"}],"predecessor-version":[{"id":19651,"href":"https:\/\/adra.md\/ru\/wp-json\/wp\/v2\/posts\/19643\/revisions\/19651"}],"wp:featuredmedia":[{"embeddable":true,"href":"https:\/\/adra.md\/ru\/wp-json\/wp\/v2\/media\/19646"}],"wp:attachment":[{"href":"https:\/\/adra.md\/ru\/wp-json\/wp\/v2\/media?parent=19643"}],"wp:term":[{"taxonomy":"category","embeddable":true,"href":"https:\/\/adra.md\/ru\/wp-json\/wp\/v2\/categories?post=19643"},{"taxonomy":"post_tag","embeddable":true,"href":"https:\/\/adra.md\/ru\/wp-json\/wp\/v2\/tags?post=19643"}],"curies":[{"name":"wp","href":"https:\/\/api.w.org\/{rel}","templated":true}]}}