{"id":19654,"date":"2022-11-08T11:54:09","date_gmt":"2022-11-08T11:54:09","guid":{"rendered":"https:\/\/adra.md\/?p=19654"},"modified":"2022-11-08T11:54:09","modified_gmt":"2022-11-08T11:54:09","slug":"oameni-cu-inima-mare-din-danemarca","status":"publish","type":"post","link":"https:\/\/adra.md\/ru\/oameni-cu-inima-mare-din-danemarca\/","title":{"rendered":"Oameni cu inim\u0103 mare din Danemarca"},"content":{"rendered":"<p>Adra Moldova a distribuit \u00eenc\u0103rc\u0103turi umanitare din Danemarca, de la Dansk International Humanit\u00e6r Hj\u00e6lp c\u0103tre instala\u021bii medicale \u0219i spitale:<br \/>\nSpitalul districtual al ora\u0219ului Khyncheshta,<br \/>\nInstitutul de Neurologie Chi\u0219in\u0103u,<br \/>\nSpitalul raional Komrat, Spitalul Sf. Arhanghel Mihail, Chi\u0219in\u0103u,<br \/>\nSpitalul Sf\u00e2nta Treime, Chi\u0219in\u0103u.<\/p>\n<p>Administra\u021bia spitalului este recunosc\u0103toare pentru asisten\u021ba acordat\u0103. Echipamente transferate &#8211; paturi medicale, saltele \u0219i noptiere, trepiede, dulapuri, scaune sanitare \u0219i toalete, scaune cu rotile, lifturi, consumabile medicale vor \u00eembun\u0103t\u0103\u021bi semnificativ calitatea \u00eengrijirilor medicale \u00een spitalele din Moldova.<\/p>\n<p>#adra #danishhumanitarianaid #help #ajutorumanitar #carucioarepentruinvalizi #ustensilemedicale #RepublicaMoldova #scaunesanitare #ajutormedical<\/p>\n<p>&nbsp;<\/p>\n<p>&nbsp;<\/p>\n<p><img fetchpriority=\"high\" decoding=\"async\" class=\"alignnone size-medium wp-image-19660\" src=\"https:\/\/adra.md\/wp-content\/uploads\/2022\/11\/viber_image_2022-11-08_13-45-38-089-169x300.jpg\" alt=\"\" width=\"169\" height=\"300\" srcset=\"https:\/\/adra.md\/wp-content\/uploads\/2022\/11\/viber_image_2022-11-08_13-45-38-089-169x300.jpg 169w, https:\/\/adra.md\/wp-content\/uploads\/2022\/11\/viber_image_2022-11-08_13-45-38-089-575x1024.jpg 575w, https:\/\/adra.md\/wp-content\/uploads\/2022\/11\/viber_image_2022-11-08_13-45-38-089-768x1367.jpg 768w, https:\/\/adra.md\/wp-content\/uploads\/2022\/11\/viber_image_2022-11-08_13-45-38-089-863x1536.jpg 863w, https:\/\/adra.md\/wp-content\/uploads\/2022\/11\/viber_image_2022-11-08_13-45-38-089.jpg 899w\" sizes=\"(max-width: 169px) 100vw, 169px\" \/>\u00a0 \u00a0 \u00a0 \u00a0 \u00a0 \u00a0 \u00a0 \u00a0 \u00a0<img decoding=\"async\" class=\"alignnone size-medium wp-image-19659\" src=\"https:\/\/adra.md\/wp-content\/uploads\/2022\/11\/viber_image_2022-11-08_13-45-37-666-300x235.jpg\" alt=\"\" width=\"300\" height=\"235\" srcset=\"https:\/\/adra.md\/wp-content\/uploads\/2022\/11\/viber_image_2022-11-08_13-45-37-666-300x235.jpg 300w, https:\/\/adra.md\/wp-content\/uploads\/2022\/11\/viber_image_2022-11-08_13-45-37-666-1024x802.jpg 1024w, https:\/\/adra.md\/wp-content\/uploads\/2022\/11\/viber_image_2022-11-08_13-45-37-666-768x601.jpg 768w, https:\/\/adra.md\/wp-content\/uploads\/2022\/11\/viber_image_2022-11-08_13-45-37-666.jpg 1391w\" sizes=\"(max-width: 300px) 100vw, 300px\" \/>\u00a0 \u00a0 \u00a0 \u00a0 \u00a0 \u00a0 \u00a0 \u00a0 \u00a0\u00a0<img decoding=\"async\" class=\"alignnone size-medium wp-image-19658\" src=\"https:\/\/adra.md\/wp-content\/uploads\/2022\/11\/viber_image_2022-11-08_13-45-37-175-225x300.jpg\" alt=\"\" width=\"225\" height=\"300\" srcset=\"https:\/\/adra.md\/wp-content\/uploads\/2022\/11\/viber_image_2022-11-08_13-45-37-175-225x300.jpg 225w, https:\/\/adra.md\/wp-content\/uploads\/2022\/11\/viber_image_2022-11-08_13-45-37-175-768x1024.jpg 768w, https:\/\/adra.md\/wp-content\/uploads\/2022\/11\/viber_image_2022-11-08_13-45-37-175-1152x1536.jpg 1152w, https:\/\/adra.md\/wp-content\/uploads\/2022\/11\/viber_image_2022-11-08_13-45-37-175.jpg 1200w\" sizes=\"(max-width: 225px) 100vw, 225px\" \/><\/p>\n<p>&nbsp;<\/p>\n<p><img loading=\"lazy\" decoding=\"async\" class=\"alignnone size-medium wp-image-19657\" src=\"https:\/\/adra.md\/wp-content\/uploads\/2022\/11\/viber_image_2022-11-08_13-45-36-252-169x300.jpg\" alt=\"\" width=\"169\" height=\"300\" srcset=\"https:\/\/adra.md\/wp-content\/uploads\/2022\/11\/viber_image_2022-11-08_13-45-36-252-169x300.jpg 169w, https:\/\/adra.md\/wp-content\/uploads\/2022\/11\/viber_image_2022-11-08_13-45-36-252-575x1024.jpg 575w, https:\/\/adra.md\/wp-content\/uploads\/2022\/11\/viber_image_2022-11-08_13-45-36-252-768x1367.jpg 768w, https:\/\/adra.md\/wp-content\/uploads\/2022\/11\/viber_image_2022-11-08_13-45-36-252-863x1536.jpg 863w, https:\/\/adra.md\/wp-content\/uploads\/2022\/11\/viber_image_2022-11-08_13-45-36-252.jpg 899w\" sizes=\"(max-width: 169px) 100vw, 169px\" \/>\u00a0 \u00a0 \u00a0 \u00a0 \u00a0 \u00a0 <img loading=\"lazy\" decoding=\"async\" class=\"alignnone size-medium wp-image-19656\" src=\"https:\/\/adra.md\/wp-content\/uploads\/2022\/11\/viber_image_2022-11-08_13-45-34-965-169x300.jpg\" alt=\"\" width=\"169\" height=\"300\" srcset=\"https:\/\/adra.md\/wp-content\/uploads\/2022\/11\/viber_image_2022-11-08_13-45-34-965-169x300.jpg 169w, https:\/\/adra.md\/wp-content\/uploads\/2022\/11\/viber_image_2022-11-08_13-45-34-965-575x1024.jpg 575w, https:\/\/adra.md\/wp-content\/uploads\/2022\/11\/viber_image_2022-11-08_13-45-34-965-768x1367.jpg 768w, https:\/\/adra.md\/wp-content\/uploads\/2022\/11\/viber_image_2022-11-08_13-45-34-965-863x1536.jpg 863w, https:\/\/adra.md\/wp-content\/uploads\/2022\/11\/viber_image_2022-11-08_13-45-34-965.jpg 899w\" sizes=\"(max-width: 169px) 100vw, 169px\" \/>\u00a0 \u00a0 \u00a0 \u00a0 \u00a0 \u00a0 \u00a0<img loading=\"lazy\" decoding=\"async\" class=\"alignnone size-medium wp-image-19655\" src=\"https:\/\/adra.md\/wp-content\/uploads\/2022\/11\/viber_image_2022-11-08_13-45-34-484-300x227.jpg\" alt=\"\" width=\"300\" height=\"227\" srcset=\"https:\/\/adra.md\/wp-content\/uploads\/2022\/11\/viber_image_2022-11-08_13-45-34-484-300x227.jpg 300w, https:\/\/adra.md\/wp-content\/uploads\/2022\/11\/viber_image_2022-11-08_13-45-34-484-1024x774.jpg 1024w, https:\/\/adra.md\/wp-content\/uploads\/2022\/11\/viber_image_2022-11-08_13-45-34-484-768x580.jpg 768w, https:\/\/adra.md\/wp-content\/uploads\/2022\/11\/viber_image_2022-11-08_13-45-34-484.jpg 1174w\" sizes=\"(max-width: 300px) 100vw, 300px\" \/><\/p>\n<p>&nbsp;<\/p>\n<p><img loading=\"lazy\" decoding=\"async\" class=\"alignnone size-medium wp-image-19661\" src=\"https:\/\/adra.md\/wp-content\/uploads\/2022\/11\/viber_image_2022-11-08_13-45-38-592-300x225.jpg\" alt=\"\" width=\"300\" height=\"225\" srcset=\"https:\/\/adra.md\/wp-content\/uploads\/2022\/11\/viber_image_2022-11-08_13-45-38-592-300x225.jpg 300w, https:\/\/adra.md\/wp-content\/uploads\/2022\/11\/viber_image_2022-11-08_13-45-38-592-1024x768.jpg 1024w, https:\/\/adra.md\/wp-content\/uploads\/2022\/11\/viber_image_2022-11-08_13-45-38-592-768x576.jpg 768w, https:\/\/adra.md\/wp-content\/uploads\/2022\/11\/viber_image_2022-11-08_13-45-38-592-1536x1152.jpg 1536w, https:\/\/adra.md\/wp-content\/uploads\/2022\/11\/viber_image_2022-11-08_13-45-38-592-1000x750.jpg 1000w, https:\/\/adra.md\/wp-content\/uploads\/2022\/11\/viber_image_2022-11-08_13-45-38-592.jpg 1600w\" sizes=\"(max-width: 300px) 100vw, 300px\" \/>\u00a0 \u00a0 \u00a0 \u00a0 \u00a0 \u00a0\u00a0<img loading=\"lazy\" decoding=\"async\" class=\"alignnone  wp-image-19662\" src=\"https:\/\/adra.md\/wp-content\/uploads\/2022\/11\/viber_image_2022-11-08_13-45-33-610-300x168.jpg\" alt=\"\" width=\"399\" height=\"223\" srcset=\"https:\/\/adra.md\/wp-content\/uploads\/2022\/11\/viber_image_2022-11-08_13-45-33-610-300x168.jpg 300w, https:\/\/adra.md\/wp-content\/uploads\/2022\/11\/viber_image_2022-11-08_13-45-33-610-1024x575.jpg 1024w, https:\/\/adra.md\/wp-content\/uploads\/2022\/11\/viber_image_2022-11-08_13-45-33-610-768x431.jpg 768w, https:\/\/adra.md\/wp-content\/uploads\/2022\/11\/viber_image_2022-11-08_13-45-33-610-1536x862.jpg 1536w, https:\/\/adra.md\/wp-content\/uploads\/2022\/11\/viber_image_2022-11-08_13-45-33-610.jpg 1600w\" sizes=\"(max-width: 399px) 100vw, 399px\" \/><\/p>\n<p>&nbsp;<\/p>\n<p>&nbsp;<\/p>","protected":false},"excerpt":{"rendered":"<p>Adra Moldova a distribuit \u00eenc\u0103rc\u0103turi umanitare din Danemarca, de la Dansk International Humanit\u00e6r Hj\u00e6lp c\u0103tre instala\u021bii medicale \u0219i spitale: Spitalul districtual al ora\u0219ului Khyncheshta, Institutul de Neurologie Chi\u0219in\u0103u, Spitalul raional Komrat, Spitalul Sf. Arhanghel Mihail, Chi\u0219in\u0103u, Spitalul Sf\u00e2nta Treime, Chi\u0219in\u0103u. Administra\u021bia spitalului este recunosc\u0103toare pentru asisten\u021ba acordat\u0103. Echipamente transferate &#8211; paturi medicale, saltele \u0219i noptiere, [&hellip;]<\/p>\n","protected":false},"author":9,"featured_media":19661,"comment_status":"closed","ping_status":"closed","sticky":false,"template":"","format":"standard","meta":{"_acf_changed":false,"footnotes":""},"categories":[294],"tags":[],"class_list":["post-19654","post","type-post","status-publish","format-standard","has-post-thumbnail","hentry","category-news"],"acf":[],"yoast_head":"<!-- This site is optimized with the Yoast SEO plugin v27.4 - https:\/\/yoast.com\/product\/yoast-seo-wordpress\/ -->\n<title>Oameni cu inim\u0103 mare din Danemarca - ADRA Moldova<\/title>\n<meta name=\"robots\" content=\"index, follow, max-snippet:-1, max-image-preview:large, max-video-preview:-1\" \/>\n<link rel=\"canonical\" href=\"https:\/\/adra.md\/ru\/oameni-cu-inima-mare-din-danemarca\/\" \/>\n<meta property=\"og:locale\" content=\"ru_RU\" \/>\n<meta property=\"og:type\" content=\"article\" \/>\n<meta property=\"og:title\" content=\"Oameni cu inim\u0103 mare din Danemarca - ADRA Moldova\" \/>\n<meta property=\"og:description\" content=\"Adra Moldova a distribuit \u00eenc\u0103rc\u0103turi umanitare din Danemarca, de la Dansk International Humanit\u00e6r Hj\u00e6lp c\u0103tre instala\u021bii medicale \u0219i spitale: Spitalul districtual al ora\u0219ului Khyncheshta, Institutul de Neurologie Chi\u0219in\u0103u, Spitalul raional Komrat, Spitalul Sf. Arhanghel Mihail, Chi\u0219in\u0103u, Spitalul Sf\u00e2nta Treime, Chi\u0219in\u0103u. Administra\u021bia spitalului este recunosc\u0103toare pentru asisten\u021ba acordat\u0103. Echipamente transferate &#8211; paturi medicale, saltele \u0219i noptiere, [&hellip;]\" \/>\n<meta property=\"og:url\" content=\"https:\/\/adra.md\/ru\/oameni-cu-inima-mare-din-danemarca\/\" \/>\n<meta property=\"og:site_name\" content=\"ADRA Moldova\" \/>\n<meta property=\"article:published_time\" content=\"2022-11-08T11:54:09+00:00\" \/>\n<meta property=\"og:image\" content=\"https:\/\/adra.md\/wp-content\/uploads\/2022\/11\/viber_image_2022-11-08_13-45-38-592.jpg\" \/>\n\t<meta property=\"og:image:width\" content=\"1600\" \/>\n\t<meta property=\"og:image:height\" content=\"1200\" \/>\n\t<meta property=\"og:image:type\" content=\"image\/jpeg\" \/>\n<meta name=\"author\" content=\"ADRA Moldova\" \/>\n<meta name=\"twitter:card\" content=\"summary_large_image\" \/>\n<meta name=\"twitter:label1\" content=\"\u041d\u0430\u043f\u0438\u0441\u0430\u043d\u043e \u0430\u0432\u0442\u043e\u0440\u043e\u043c\" \/>\n\t<meta name=\"twitter:data1\" content=\"ADRA Moldova\" \/>\n\t<meta name=\"twitter:label2\" content=\"\u041f\u0440\u0438\u043c\u0435\u0440\u043d\u043e\u0435 \u0432\u0440\u0435\u043c\u044f \u0434\u043b\u044f \u0447\u0442\u0435\u043d\u0438\u044f\" \/>\n\t<meta name=\"twitter:data2\" content=\"1 \u043c\u0438\u043d\u0443\u0442\u0430\" \/>\n<script type=\"application\/ld+json\" class=\"yoast-schema-graph\">{\"@context\":\"https:\\\/\\\/schema.org\",\"@graph\":[{\"@type\":\"Article\",\"@id\":\"https:\\\/\\\/adra.md\\\/oameni-cu-inima-mare-din-danemarca\\\/#article\",\"isPartOf\":{\"@id\":\"https:\\\/\\\/adra.md\\\/oameni-cu-inima-mare-din-danemarca\\\/\"},\"author\":{\"name\":\"ADRA Moldova\",\"@id\":\"https:\\\/\\\/adra.md\\\/#\\\/schema\\\/person\\\/b0181e611ee89738cefb7dc2db2bb8d1\"},\"headline\":\"Oameni cu inim\u0103 mare din Danemarca\",\"datePublished\":\"2022-11-08T11:54:09+00:00\",\"mainEntityOfPage\":{\"@id\":\"https:\\\/\\\/adra.md\\\/oameni-cu-inima-mare-din-danemarca\\\/\"},\"wordCount\":117,\"publisher\":{\"@id\":\"https:\\\/\\\/adra.md\\\/#organization\"},\"image\":{\"@id\":\"https:\\\/\\\/adra.md\\\/oameni-cu-inima-mare-din-danemarca\\\/#primaryimage\"},\"thumbnailUrl\":\"https:\\\/\\\/adra.md\\\/wp-content\\\/uploads\\\/2022\\\/11\\\/viber_image_2022-11-08_13-45-38-592.jpg\",\"articleSection\":[\"News\"],\"inLanguage\":\"ru-RU\"},{\"@type\":\"WebPage\",\"@id\":\"https:\\\/\\\/adra.md\\\/oameni-cu-inima-mare-din-danemarca\\\/\",\"url\":\"https:\\\/\\\/adra.md\\\/oameni-cu-inima-mare-din-danemarca\\\/\",\"name\":\"Oameni cu inim\u0103 mare din Danemarca - ADRA Moldova\",\"isPartOf\":{\"@id\":\"https:\\\/\\\/adra.md\\\/#website\"},\"primaryImageOfPage\":{\"@id\":\"https:\\\/\\\/adra.md\\\/oameni-cu-inima-mare-din-danemarca\\\/#primaryimage\"},\"image\":{\"@id\":\"https:\\\/\\\/adra.md\\\/oameni-cu-inima-mare-din-danemarca\\\/#primaryimage\"},\"thumbnailUrl\":\"https:\\\/\\\/adra.md\\\/wp-content\\\/uploads\\\/2022\\\/11\\\/viber_image_2022-11-08_13-45-38-592.jpg\",\"datePublished\":\"2022-11-08T11:54:09+00:00\",\"breadcrumb\":{\"@id\":\"https:\\\/\\\/adra.md\\\/oameni-cu-inima-mare-din-danemarca\\\/#breadcrumb\"},\"inLanguage\":\"ru-RU\",\"potentialAction\":[{\"@type\":\"ReadAction\",\"target\":[\"https:\\\/\\\/adra.md\\\/oameni-cu-inima-mare-din-danemarca\\\/\"]}]},{\"@type\":\"ImageObject\",\"inLanguage\":\"ru-RU\",\"@id\":\"https:\\\/\\\/adra.md\\\/oameni-cu-inima-mare-din-danemarca\\\/#primaryimage\",\"url\":\"https:\\\/\\\/adra.md\\\/wp-content\\\/uploads\\\/2022\\\/11\\\/viber_image_2022-11-08_13-45-38-592.jpg\",\"contentUrl\":\"https:\\\/\\\/adra.md\\\/wp-content\\\/uploads\\\/2022\\\/11\\\/viber_image_2022-11-08_13-45-38-592.jpg\",\"width\":1600,\"height\":1200},{\"@type\":\"BreadcrumbList\",\"@id\":\"https:\\\/\\\/adra.md\\\/oameni-cu-inima-mare-din-danemarca\\\/#breadcrumb\",\"itemListElement\":[{\"@type\":\"ListItem\",\"position\":1,\"name\":\"Home\",\"item\":\"https:\\\/\\\/adra.md\\\/\"},{\"@type\":\"ListItem\",\"position\":2,\"name\":\"Oameni cu inim\u0103 mare din Danemarca\"}]},{\"@type\":\"WebSite\",\"@id\":\"https:\\\/\\\/adra.md\\\/#website\",\"url\":\"https:\\\/\\\/adra.md\\\/\",\"name\":\"ADRA Moldova\",\"description\":\"Agen\u0163ia Adventist\u0103 pentru Dezvoltare, Refacere \u015fi Ajutor\",\"publisher\":{\"@id\":\"https:\\\/\\\/adra.md\\\/#organization\"},\"potentialAction\":[{\"@type\":\"SearchAction\",\"target\":{\"@type\":\"EntryPoint\",\"urlTemplate\":\"https:\\\/\\\/adra.md\\\/?s={search_term_string}\"},\"query-input\":{\"@type\":\"PropertyValueSpecification\",\"valueRequired\":true,\"valueName\":\"search_term_string\"}}],\"inLanguage\":\"ru-RU\"},{\"@type\":\"Organization\",\"@id\":\"https:\\\/\\\/adra.md\\\/#organization\",\"name\":\"ADRA Moldova\",\"url\":\"https:\\\/\\\/adra.md\\\/\",\"logo\":{\"@type\":\"ImageObject\",\"inLanguage\":\"ru-RU\",\"@id\":\"https:\\\/\\\/adra.md\\\/#\\\/schema\\\/logo\\\/image\\\/\",\"url\":\"https:\\\/\\\/adra.md\\\/wp-content\\\/uploads\\\/2019\\\/11\\\/group-435.png\",\"contentUrl\":\"https:\\\/\\\/adra.md\\\/wp-content\\\/uploads\\\/2019\\\/11\\\/group-435.png\",\"width\":500,\"height\":133,\"caption\":\"ADRA Moldova\"},\"image\":{\"@id\":\"https:\\\/\\\/adra.md\\\/#\\\/schema\\\/logo\\\/image\\\/\"}},{\"@type\":\"Person\",\"@id\":\"https:\\\/\\\/adra.md\\\/#\\\/schema\\\/person\\\/b0181e611ee89738cefb7dc2db2bb8d1\",\"name\":\"ADRA Moldova\",\"url\":\"https:\\\/\\\/adra.md\\\/ru\\\/author\\\/andrei-girleanu\\\/\"}]}<\/script>\n<!-- \/ Yoast SEO plugin. -->","yoast_head_json":{"title":"Oameni cu inim\u0103 mare din Danemarca - ADRA Moldova","robots":{"index":"index","follow":"follow","max-snippet":"max-snippet:-1","max-image-preview":"max-image-preview:large","max-video-preview":"max-video-preview:-1"},"canonical":"https:\/\/adra.md\/ru\/oameni-cu-inima-mare-din-danemarca\/","og_locale":"ru_RU","og_type":"article","og_title":"Oameni cu inim\u0103 mare din Danemarca - ADRA Moldova","og_description":"Adra Moldova a distribuit \u00eenc\u0103rc\u0103turi umanitare din Danemarca, de la Dansk International Humanit\u00e6r Hj\u00e6lp c\u0103tre instala\u021bii medicale \u0219i spitale: Spitalul districtual al ora\u0219ului Khyncheshta, Institutul de Neurologie Chi\u0219in\u0103u, Spitalul raional Komrat, Spitalul Sf. Arhanghel Mihail, Chi\u0219in\u0103u, Spitalul Sf\u00e2nta Treime, Chi\u0219in\u0103u. Administra\u021bia spitalului este recunosc\u0103toare pentru asisten\u021ba acordat\u0103. Echipamente transferate &#8211; paturi medicale, saltele \u0219i noptiere, [&hellip;]","og_url":"https:\/\/adra.md\/ru\/oameni-cu-inima-mare-din-danemarca\/","og_site_name":"ADRA Moldova","article_published_time":"2022-11-08T11:54:09+00:00","og_image":[{"width":1600,"height":1200,"url":"https:\/\/adra.md\/wp-content\/uploads\/2022\/11\/viber_image_2022-11-08_13-45-38-592.jpg","type":"image\/jpeg"}],"author":"ADRA Moldova","twitter_card":"summary_large_image","twitter_misc":{"\u041d\u0430\u043f\u0438\u0441\u0430\u043d\u043e \u0430\u0432\u0442\u043e\u0440\u043e\u043c":"ADRA Moldova","\u041f\u0440\u0438\u043c\u0435\u0440\u043d\u043e\u0435 \u0432\u0440\u0435\u043c\u044f \u0434\u043b\u044f \u0447\u0442\u0435\u043d\u0438\u044f":"1 \u043c\u0438\u043d\u0443\u0442\u0430"},"schema":{"@context":"https:\/\/schema.org","@graph":[{"@type":"Article","@id":"https:\/\/adra.md\/oameni-cu-inima-mare-din-danemarca\/#article","isPartOf":{"@id":"https:\/\/adra.md\/oameni-cu-inima-mare-din-danemarca\/"},"author":{"name":"ADRA Moldova","@id":"https:\/\/adra.md\/#\/schema\/person\/b0181e611ee89738cefb7dc2db2bb8d1"},"headline":"Oameni cu inim\u0103 mare din Danemarca","datePublished":"2022-11-08T11:54:09+00:00","mainEntityOfPage":{"@id":"https:\/\/adra.md\/oameni-cu-inima-mare-din-danemarca\/"},"wordCount":117,"publisher":{"@id":"https:\/\/adra.md\/#organization"},"image":{"@id":"https:\/\/adra.md\/oameni-cu-inima-mare-din-danemarca\/#primaryimage"},"thumbnailUrl":"https:\/\/adra.md\/wp-content\/uploads\/2022\/11\/viber_image_2022-11-08_13-45-38-592.jpg","articleSection":["News"],"inLanguage":"ru-RU"},{"@type":"WebPage","@id":"https:\/\/adra.md\/oameni-cu-inima-mare-din-danemarca\/","url":"https:\/\/adra.md\/oameni-cu-inima-mare-din-danemarca\/","name":"Oameni cu inim\u0103 mare din Danemarca - ADRA Moldova","isPartOf":{"@id":"https:\/\/adra.md\/#website"},"primaryImageOfPage":{"@id":"https:\/\/adra.md\/oameni-cu-inima-mare-din-danemarca\/#primaryimage"},"image":{"@id":"https:\/\/adra.md\/oameni-cu-inima-mare-din-danemarca\/#primaryimage"},"thumbnailUrl":"https:\/\/adra.md\/wp-content\/uploads\/2022\/11\/viber_image_2022-11-08_13-45-38-592.jpg","datePublished":"2022-11-08T11:54:09+00:00","breadcrumb":{"@id":"https:\/\/adra.md\/oameni-cu-inima-mare-din-danemarca\/#breadcrumb"},"inLanguage":"ru-RU","potentialAction":[{"@type":"ReadAction","target":["https:\/\/adra.md\/oameni-cu-inima-mare-din-danemarca\/"]}]},{"@type":"ImageObject","inLanguage":"ru-RU","@id":"https:\/\/adra.md\/oameni-cu-inima-mare-din-danemarca\/#primaryimage","url":"https:\/\/adra.md\/wp-content\/uploads\/2022\/11\/viber_image_2022-11-08_13-45-38-592.jpg","contentUrl":"https:\/\/adra.md\/wp-content\/uploads\/2022\/11\/viber_image_2022-11-08_13-45-38-592.jpg","width":1600,"height":1200},{"@type":"BreadcrumbList","@id":"https:\/\/adra.md\/oameni-cu-inima-mare-din-danemarca\/#breadcrumb","itemListElement":[{"@type":"ListItem","position":1,"name":"Home","item":"https:\/\/adra.md\/"},{"@type":"ListItem","position":2,"name":"Oameni cu inim\u0103 mare din Danemarca"}]},{"@type":"WebSite","@id":"https:\/\/adra.md\/#website","url":"https:\/\/adra.md\/","name":"ADRA Moldova","description":"Agen\u0163ia Adventist\u0103 pentru Dezvoltare, Refacere \u015fi Ajutor","publisher":{"@id":"https:\/\/adra.md\/#organization"},"potentialAction":[{"@type":"SearchAction","target":{"@type":"EntryPoint","urlTemplate":"https:\/\/adra.md\/?s={search_term_string}"},"query-input":{"@type":"PropertyValueSpecification","valueRequired":true,"valueName":"search_term_string"}}],"inLanguage":"ru-RU"},{"@type":"Organization","@id":"https:\/\/adra.md\/#organization","name":"ADRA Moldova","url":"https:\/\/adra.md\/","logo":{"@type":"ImageObject","inLanguage":"ru-RU","@id":"https:\/\/adra.md\/#\/schema\/logo\/image\/","url":"https:\/\/adra.md\/wp-content\/uploads\/2019\/11\/group-435.png","contentUrl":"https:\/\/adra.md\/wp-content\/uploads\/2019\/11\/group-435.png","width":500,"height":133,"caption":"ADRA Moldova"},"image":{"@id":"https:\/\/adra.md\/#\/schema\/logo\/image\/"}},{"@type":"Person","@id":"https:\/\/adra.md\/#\/schema\/person\/b0181e611ee89738cefb7dc2db2bb8d1","name":"ADRA Moldova","url":"https:\/\/adra.md\/ru\/author\/andrei-girleanu\/"}]}},"_links":{"self":[{"href":"https:\/\/adra.md\/ru\/wp-json\/wp\/v2\/posts\/19654","targetHints":{"allow":["GET"]}}],"collection":[{"href":"https:\/\/adra.md\/ru\/wp-json\/wp\/v2\/posts"}],"about":[{"href":"https:\/\/adra.md\/ru\/wp-json\/wp\/v2\/types\/post"}],"author":[{"embeddable":true,"href":"https:\/\/adra.md\/ru\/wp-json\/wp\/v2\/users\/9"}],"replies":[{"embeddable":true,"href":"https:\/\/adra.md\/ru\/wp-json\/wp\/v2\/comments?post=19654"}],"version-history":[{"count":1,"href":"https:\/\/adra.md\/ru\/wp-json\/wp\/v2\/posts\/19654\/revisions"}],"predecessor-version":[{"id":19663,"href":"https:\/\/adra.md\/ru\/wp-json\/wp\/v2\/posts\/19654\/revisions\/19663"}],"wp:featuredmedia":[{"embeddable":true,"href":"https:\/\/adra.md\/ru\/wp-json\/wp\/v2\/media\/19661"}],"wp:attachment":[{"href":"https:\/\/adra.md\/ru\/wp-json\/wp\/v2\/media?parent=19654"}],"wp:term":[{"taxonomy":"category","embeddable":true,"href":"https:\/\/adra.md\/ru\/wp-json\/wp\/v2\/categories?post=19654"},{"taxonomy":"post_tag","embeddable":true,"href":"https:\/\/adra.md\/ru\/wp-json\/wp\/v2\/tags?post=19654"}],"curies":[{"name":"wp","href":"https:\/\/api.w.org\/{rel}","templated":true}]}}