{"id":19710,"date":"2022-11-08T13:31:10","date_gmt":"2022-11-08T13:31:10","guid":{"rendered":"https:\/\/adra.md\/?p=19710"},"modified":"2022-11-08T13:31:10","modified_gmt":"2022-11-08T13:31:10","slug":"mai-multi-copii-mai-multe-bucurii","status":"publish","type":"post","link":"https:\/\/adra.md\/ru\/mai-multi-copii-mai-multe-bucurii\/","title":{"rendered":"Mai mul\u021bi copii &#8211; mai multe bucurii!"},"content":{"rendered":"<p>Copiii cu necesit\u0103\u021bi speciale au cele mai puternice mame!<\/p>\n<p>Centrul Republican de Reabilitare pentru Copii, Chi\u0219in\u0103u , Moldova, au a 2-a cas\u0103 pentru ace\u0219ti copii \u0219i suport necontenit pentru inima \u0219i m\u00e2inile uneori fr\u00e2nte de oboseal\u0103 a p\u0103rin\u021bilor. \u00cen casa lor se produc minuni, iar pentru aceasta ei au nevoie de utilaj specializat. ADRA Moldova, al\u0103turi de Ministry of Foreign Affairs of the Czech Republic, vine \u00een a facilita procesele de reabilitare, prin procurarea unui aparat ce are posibilitatea efectu\u0103rii de tratamente combinate: electroterapiei &amp; ultrasunete, electroterapie &amp; vacuum.<br \/>\nAvem speran\u021ba c\u0103 mul\u021bi copii vor beneficia de reabilitarea necesar\u0103 pentru a putea s\u0103 se bucure de fiecare clip\u0103 \u00eempreun\u0103 cu familiile lor!<\/p>\n<p>#adra #adramoldova #centrul_republican_de_reabilitare #reabilitare #tratament #copiispeciali<\/p>\n<p>&nbsp;<\/p>\n<p><img fetchpriority=\"high\" decoding=\"async\" class=\"alignnone size-medium wp-image-19711\" src=\"https:\/\/adra.md\/wp-content\/uploads\/2022\/11\/viber_image_2022-11-08_15-15-06-329-240x300.jpg\" alt=\"\" width=\"240\" height=\"300\" srcset=\"https:\/\/adra.md\/wp-content\/uploads\/2022\/11\/viber_image_2022-11-08_15-15-06-329-240x300.jpg 240w, https:\/\/adra.md\/wp-content\/uploads\/2022\/11\/viber_image_2022-11-08_15-15-06-329-819x1024.jpg 819w, https:\/\/adra.md\/wp-content\/uploads\/2022\/11\/viber_image_2022-11-08_15-15-06-329-768x960.jpg 768w, https:\/\/adra.md\/wp-content\/uploads\/2022\/11\/viber_image_2022-11-08_15-15-06-329-1229x1536.jpg 1229w, https:\/\/adra.md\/wp-content\/uploads\/2022\/11\/viber_image_2022-11-08_15-15-06-329.jpg 1280w\" sizes=\"(max-width: 240px) 100vw, 240px\" \/>\u00a0 \u00a0 \u00a0 \u00a0<img decoding=\"async\" class=\"alignnone size-medium wp-image-19712\" src=\"https:\/\/adra.md\/wp-content\/uploads\/2022\/11\/viber_image_2022-11-08_15-15-06-648-240x300.jpg\" alt=\"\" width=\"240\" height=\"300\" srcset=\"https:\/\/adra.md\/wp-content\/uploads\/2022\/11\/viber_image_2022-11-08_15-15-06-648-240x300.jpg 240w, https:\/\/adra.md\/wp-content\/uploads\/2022\/11\/viber_image_2022-11-08_15-15-06-648-819x1024.jpg 819w, https:\/\/adra.md\/wp-content\/uploads\/2022\/11\/viber_image_2022-11-08_15-15-06-648-768x960.jpg 768w, https:\/\/adra.md\/wp-content\/uploads\/2022\/11\/viber_image_2022-11-08_15-15-06-648-1229x1536.jpg 1229w, https:\/\/adra.md\/wp-content\/uploads\/2022\/11\/viber_image_2022-11-08_15-15-06-648.jpg 1280w\" sizes=\"(max-width: 240px) 100vw, 240px\" \/>\u00a0 \u00a0 \u00a0 \u00a0<img decoding=\"async\" class=\"alignnone size-medium wp-image-19713\" src=\"https:\/\/adra.md\/wp-content\/uploads\/2022\/11\/viber_image_2022-11-08_15-15-06-847-240x300.jpg\" alt=\"\" width=\"240\" height=\"300\" srcset=\"https:\/\/adra.md\/wp-content\/uploads\/2022\/11\/viber_image_2022-11-08_15-15-06-847-240x300.jpg 240w, https:\/\/adra.md\/wp-content\/uploads\/2022\/11\/viber_image_2022-11-08_15-15-06-847-819x1024.jpg 819w, https:\/\/adra.md\/wp-content\/uploads\/2022\/11\/viber_image_2022-11-08_15-15-06-847-768x960.jpg 768w, https:\/\/adra.md\/wp-content\/uploads\/2022\/11\/viber_image_2022-11-08_15-15-06-847-1229x1536.jpg 1229w, https:\/\/adra.md\/wp-content\/uploads\/2022\/11\/viber_image_2022-11-08_15-15-06-847.jpg 1280w\" sizes=\"(max-width: 240px) 100vw, 240px\" \/><\/p>\n<p>&nbsp;<\/p>\n<p><img loading=\"lazy\" decoding=\"async\" class=\"alignnone size-medium wp-image-19714\" src=\"https:\/\/adra.md\/wp-content\/uploads\/2022\/11\/viber_image_2022-11-08_15-15-07-095-240x300.jpg\" alt=\"\" width=\"240\" height=\"300\" srcset=\"https:\/\/adra.md\/wp-content\/uploads\/2022\/11\/viber_image_2022-11-08_15-15-07-095-240x300.jpg 240w, https:\/\/adra.md\/wp-content\/uploads\/2022\/11\/viber_image_2022-11-08_15-15-07-095-819x1024.jpg 819w, https:\/\/adra.md\/wp-content\/uploads\/2022\/11\/viber_image_2022-11-08_15-15-07-095-768x960.jpg 768w, https:\/\/adra.md\/wp-content\/uploads\/2022\/11\/viber_image_2022-11-08_15-15-07-095-1229x1536.jpg 1229w, https:\/\/adra.md\/wp-content\/uploads\/2022\/11\/viber_image_2022-11-08_15-15-07-095.jpg 1280w\" sizes=\"(max-width: 240px) 100vw, 240px\" \/>\u00a0 \u00a0 \u00a0 \u00a0<img loading=\"lazy\" decoding=\"async\" class=\"alignnone size-medium wp-image-19715\" src=\"https:\/\/adra.md\/wp-content\/uploads\/2022\/11\/viber_image_2022-11-08_15-15-07-284-240x300.jpg\" alt=\"\" width=\"240\" height=\"300\" srcset=\"https:\/\/adra.md\/wp-content\/uploads\/2022\/11\/viber_image_2022-11-08_15-15-07-284-240x300.jpg 240w, https:\/\/adra.md\/wp-content\/uploads\/2022\/11\/viber_image_2022-11-08_15-15-07-284-819x1024.jpg 819w, https:\/\/adra.md\/wp-content\/uploads\/2022\/11\/viber_image_2022-11-08_15-15-07-284-768x960.jpg 768w, https:\/\/adra.md\/wp-content\/uploads\/2022\/11\/viber_image_2022-11-08_15-15-07-284-1229x1536.jpg 1229w, https:\/\/adra.md\/wp-content\/uploads\/2022\/11\/viber_image_2022-11-08_15-15-07-284.jpg 1280w\" sizes=\"(max-width: 240px) 100vw, 240px\" \/>\u00a0 \u00a0 \u00a0 \u00a0 <img loading=\"lazy\" decoding=\"async\" class=\"alignnone size-medium wp-image-19716\" src=\"https:\/\/adra.md\/wp-content\/uploads\/2022\/11\/viber_image_2022-11-08_15-15-07-467-240x300.jpg\" alt=\"\" width=\"240\" height=\"300\" srcset=\"https:\/\/adra.md\/wp-content\/uploads\/2022\/11\/viber_image_2022-11-08_15-15-07-467-240x300.jpg 240w, https:\/\/adra.md\/wp-content\/uploads\/2022\/11\/viber_image_2022-11-08_15-15-07-467-819x1024.jpg 819w, https:\/\/adra.md\/wp-content\/uploads\/2022\/11\/viber_image_2022-11-08_15-15-07-467-768x960.jpg 768w, https:\/\/adra.md\/wp-content\/uploads\/2022\/11\/viber_image_2022-11-08_15-15-07-467-1229x1536.jpg 1229w, https:\/\/adra.md\/wp-content\/uploads\/2022\/11\/viber_image_2022-11-08_15-15-07-467.jpg 1440w\" sizes=\"(max-width: 240px) 100vw, 240px\" \/><\/p>","protected":false},"excerpt":{"rendered":"<p>Copiii cu necesit\u0103\u021bi speciale au cele mai puternice mame! Centrul Republican de Reabilitare pentru Copii, Chi\u0219in\u0103u , Moldova, au a 2-a cas\u0103 pentru ace\u0219ti copii \u0219i suport necontenit pentru inima \u0219i m\u00e2inile uneori fr\u00e2nte de oboseal\u0103 a p\u0103rin\u021bilor. \u00cen casa lor se produc minuni, iar pentru aceasta ei au nevoie de utilaj specializat. ADRA Moldova, [&hellip;]<\/p>\n","protected":false},"author":9,"featured_media":0,"comment_status":"closed","ping_status":"closed","sticky":false,"template":"","format":"standard","meta":{"_acf_changed":false,"footnotes":""},"categories":[294],"tags":[],"class_list":["post-19710","post","type-post","status-publish","format-standard","hentry","category-news"],"acf":[],"yoast_head":"<!-- This site is optimized with the Yoast SEO plugin v27.4 - https:\/\/yoast.com\/product\/yoast-seo-wordpress\/ -->\n<title>Mai mul\u021bi copii - mai multe bucurii! - ADRA Moldova<\/title>\n<meta name=\"robots\" content=\"index, follow, max-snippet:-1, max-image-preview:large, max-video-preview:-1\" \/>\n<link rel=\"canonical\" href=\"https:\/\/adra.md\/ru\/mai-multi-copii-mai-multe-bucurii\/\" \/>\n<meta property=\"og:locale\" content=\"ru_RU\" \/>\n<meta property=\"og:type\" content=\"article\" \/>\n<meta property=\"og:title\" content=\"Mai mul\u021bi copii - mai multe bucurii! - ADRA Moldova\" \/>\n<meta property=\"og:description\" content=\"Copiii cu necesit\u0103\u021bi speciale au cele mai puternice mame! Centrul Republican de Reabilitare pentru Copii, Chi\u0219in\u0103u , Moldova, au a 2-a cas\u0103 pentru ace\u0219ti copii \u0219i suport necontenit pentru inima \u0219i m\u00e2inile uneori fr\u00e2nte de oboseal\u0103 a p\u0103rin\u021bilor. \u00cen casa lor se produc minuni, iar pentru aceasta ei au nevoie de utilaj specializat. ADRA Moldova, [&hellip;]\" \/>\n<meta property=\"og:url\" content=\"https:\/\/adra.md\/ru\/mai-multi-copii-mai-multe-bucurii\/\" \/>\n<meta property=\"og:site_name\" content=\"ADRA Moldova\" \/>\n<meta property=\"article:published_time\" content=\"2022-11-08T13:31:10+00:00\" \/>\n<meta property=\"og:image\" content=\"https:\/\/adra.md\/wp-content\/uploads\/2022\/11\/viber_image_2022-11-08_15-15-06-329.jpg\" \/>\n\t<meta property=\"og:image:width\" content=\"1280\" \/>\n\t<meta property=\"og:image:height\" content=\"1600\" \/>\n\t<meta property=\"og:image:type\" content=\"image\/jpeg\" \/>\n<meta name=\"author\" content=\"ADRA Moldova\" \/>\n<meta name=\"twitter:card\" content=\"summary_large_image\" \/>\n<meta name=\"twitter:label1\" content=\"\u041d\u0430\u043f\u0438\u0441\u0430\u043d\u043e \u0430\u0432\u0442\u043e\u0440\u043e\u043c\" \/>\n\t<meta name=\"twitter:data1\" content=\"ADRA Moldova\" \/>\n\t<meta name=\"twitter:label2\" content=\"\u041f\u0440\u0438\u043c\u0435\u0440\u043d\u043e\u0435 \u0432\u0440\u0435\u043c\u044f \u0434\u043b\u044f \u0447\u0442\u0435\u043d\u0438\u044f\" \/>\n\t<meta name=\"twitter:data2\" content=\"1 \u043c\u0438\u043d\u0443\u0442\u0430\" \/>\n<script type=\"application\/ld+json\" class=\"yoast-schema-graph\">{\"@context\":\"https:\\\/\\\/schema.org\",\"@graph\":[{\"@type\":\"Article\",\"@id\":\"https:\\\/\\\/adra.md\\\/mai-multi-copii-mai-multe-bucurii\\\/#article\",\"isPartOf\":{\"@id\":\"https:\\\/\\\/adra.md\\\/mai-multi-copii-mai-multe-bucurii\\\/\"},\"author\":{\"name\":\"ADRA Moldova\",\"@id\":\"https:\\\/\\\/adra.md\\\/#\\\/schema\\\/person\\\/b0181e611ee89738cefb7dc2db2bb8d1\"},\"headline\":\"Mai mul\u021bi copii &#8211; mai multe bucurii!\",\"datePublished\":\"2022-11-08T13:31:10+00:00\",\"mainEntityOfPage\":{\"@id\":\"https:\\\/\\\/adra.md\\\/mai-multi-copii-mai-multe-bucurii\\\/\"},\"wordCount\":142,\"publisher\":{\"@id\":\"https:\\\/\\\/adra.md\\\/#organization\"},\"image\":{\"@id\":\"https:\\\/\\\/adra.md\\\/mai-multi-copii-mai-multe-bucurii\\\/#primaryimage\"},\"thumbnailUrl\":\"https:\\\/\\\/adra.md\\\/wp-content\\\/uploads\\\/2022\\\/11\\\/viber_image_2022-11-08_15-15-06-329-240x300.jpg\",\"articleSection\":[\"News\"],\"inLanguage\":\"ru-RU\"},{\"@type\":\"WebPage\",\"@id\":\"https:\\\/\\\/adra.md\\\/mai-multi-copii-mai-multe-bucurii\\\/\",\"url\":\"https:\\\/\\\/adra.md\\\/mai-multi-copii-mai-multe-bucurii\\\/\",\"name\":\"Mai mul\u021bi copii - mai multe bucurii! - ADRA Moldova\",\"isPartOf\":{\"@id\":\"https:\\\/\\\/adra.md\\\/#website\"},\"primaryImageOfPage\":{\"@id\":\"https:\\\/\\\/adra.md\\\/mai-multi-copii-mai-multe-bucurii\\\/#primaryimage\"},\"image\":{\"@id\":\"https:\\\/\\\/adra.md\\\/mai-multi-copii-mai-multe-bucurii\\\/#primaryimage\"},\"thumbnailUrl\":\"https:\\\/\\\/adra.md\\\/wp-content\\\/uploads\\\/2022\\\/11\\\/viber_image_2022-11-08_15-15-06-329-240x300.jpg\",\"datePublished\":\"2022-11-08T13:31:10+00:00\",\"breadcrumb\":{\"@id\":\"https:\\\/\\\/adra.md\\\/mai-multi-copii-mai-multe-bucurii\\\/#breadcrumb\"},\"inLanguage\":\"ru-RU\",\"potentialAction\":[{\"@type\":\"ReadAction\",\"target\":[\"https:\\\/\\\/adra.md\\\/mai-multi-copii-mai-multe-bucurii\\\/\"]}]},{\"@type\":\"ImageObject\",\"inLanguage\":\"ru-RU\",\"@id\":\"https:\\\/\\\/adra.md\\\/mai-multi-copii-mai-multe-bucurii\\\/#primaryimage\",\"url\":\"https:\\\/\\\/adra.md\\\/wp-content\\\/uploads\\\/2022\\\/11\\\/viber_image_2022-11-08_15-15-06-329-240x300.jpg\",\"contentUrl\":\"https:\\\/\\\/adra.md\\\/wp-content\\\/uploads\\\/2022\\\/11\\\/viber_image_2022-11-08_15-15-06-329-240x300.jpg\"},{\"@type\":\"BreadcrumbList\",\"@id\":\"https:\\\/\\\/adra.md\\\/mai-multi-copii-mai-multe-bucurii\\\/#breadcrumb\",\"itemListElement\":[{\"@type\":\"ListItem\",\"position\":1,\"name\":\"Home\",\"item\":\"https:\\\/\\\/adra.md\\\/\"},{\"@type\":\"ListItem\",\"position\":2,\"name\":\"Mai mul\u021bi copii &#8211; mai multe bucurii!\"}]},{\"@type\":\"WebSite\",\"@id\":\"https:\\\/\\\/adra.md\\\/#website\",\"url\":\"https:\\\/\\\/adra.md\\\/\",\"name\":\"ADRA Moldova\",\"description\":\"Agen\u0163ia Adventist\u0103 pentru Dezvoltare, Refacere \u015fi Ajutor\",\"publisher\":{\"@id\":\"https:\\\/\\\/adra.md\\\/#organization\"},\"potentialAction\":[{\"@type\":\"SearchAction\",\"target\":{\"@type\":\"EntryPoint\",\"urlTemplate\":\"https:\\\/\\\/adra.md\\\/?s={search_term_string}\"},\"query-input\":{\"@type\":\"PropertyValueSpecification\",\"valueRequired\":true,\"valueName\":\"search_term_string\"}}],\"inLanguage\":\"ru-RU\"},{\"@type\":\"Organization\",\"@id\":\"https:\\\/\\\/adra.md\\\/#organization\",\"name\":\"ADRA Moldova\",\"url\":\"https:\\\/\\\/adra.md\\\/\",\"logo\":{\"@type\":\"ImageObject\",\"inLanguage\":\"ru-RU\",\"@id\":\"https:\\\/\\\/adra.md\\\/#\\\/schema\\\/logo\\\/image\\\/\",\"url\":\"https:\\\/\\\/adra.md\\\/wp-content\\\/uploads\\\/2019\\\/11\\\/group-435.png\",\"contentUrl\":\"https:\\\/\\\/adra.md\\\/wp-content\\\/uploads\\\/2019\\\/11\\\/group-435.png\",\"width\":500,\"height\":133,\"caption\":\"ADRA Moldova\"},\"image\":{\"@id\":\"https:\\\/\\\/adra.md\\\/#\\\/schema\\\/logo\\\/image\\\/\"}},{\"@type\":\"Person\",\"@id\":\"https:\\\/\\\/adra.md\\\/#\\\/schema\\\/person\\\/b0181e611ee89738cefb7dc2db2bb8d1\",\"name\":\"ADRA Moldova\",\"url\":\"https:\\\/\\\/adra.md\\\/ru\\\/author\\\/andrei-girleanu\\\/\"}]}<\/script>\n<!-- \/ Yoast SEO plugin. -->","yoast_head_json":{"title":"Mai mul\u021bi copii - mai multe bucurii! - ADRA Moldova","robots":{"index":"index","follow":"follow","max-snippet":"max-snippet:-1","max-image-preview":"max-image-preview:large","max-video-preview":"max-video-preview:-1"},"canonical":"https:\/\/adra.md\/ru\/mai-multi-copii-mai-multe-bucurii\/","og_locale":"ru_RU","og_type":"article","og_title":"Mai mul\u021bi copii - mai multe bucurii! - ADRA Moldova","og_description":"Copiii cu necesit\u0103\u021bi speciale au cele mai puternice mame! Centrul Republican de Reabilitare pentru Copii, Chi\u0219in\u0103u , Moldova, au a 2-a cas\u0103 pentru ace\u0219ti copii \u0219i suport necontenit pentru inima \u0219i m\u00e2inile uneori fr\u00e2nte de oboseal\u0103 a p\u0103rin\u021bilor. \u00cen casa lor se produc minuni, iar pentru aceasta ei au nevoie de utilaj specializat. ADRA Moldova, [&hellip;]","og_url":"https:\/\/adra.md\/ru\/mai-multi-copii-mai-multe-bucurii\/","og_site_name":"ADRA Moldova","article_published_time":"2022-11-08T13:31:10+00:00","og_image":[{"width":1280,"height":1600,"url":"https:\/\/adra.md\/wp-content\/uploads\/2022\/11\/viber_image_2022-11-08_15-15-06-329.jpg","type":"image\/jpeg"}],"author":"ADRA Moldova","twitter_card":"summary_large_image","twitter_misc":{"\u041d\u0430\u043f\u0438\u0441\u0430\u043d\u043e \u0430\u0432\u0442\u043e\u0440\u043e\u043c":"ADRA Moldova","\u041f\u0440\u0438\u043c\u0435\u0440\u043d\u043e\u0435 \u0432\u0440\u0435\u043c\u044f \u0434\u043b\u044f \u0447\u0442\u0435\u043d\u0438\u044f":"1 \u043c\u0438\u043d\u0443\u0442\u0430"},"schema":{"@context":"https:\/\/schema.org","@graph":[{"@type":"Article","@id":"https:\/\/adra.md\/mai-multi-copii-mai-multe-bucurii\/#article","isPartOf":{"@id":"https:\/\/adra.md\/mai-multi-copii-mai-multe-bucurii\/"},"author":{"name":"ADRA Moldova","@id":"https:\/\/adra.md\/#\/schema\/person\/b0181e611ee89738cefb7dc2db2bb8d1"},"headline":"Mai mul\u021bi copii &#8211; mai multe bucurii!","datePublished":"2022-11-08T13:31:10+00:00","mainEntityOfPage":{"@id":"https:\/\/adra.md\/mai-multi-copii-mai-multe-bucurii\/"},"wordCount":142,"publisher":{"@id":"https:\/\/adra.md\/#organization"},"image":{"@id":"https:\/\/adra.md\/mai-multi-copii-mai-multe-bucurii\/#primaryimage"},"thumbnailUrl":"https:\/\/adra.md\/wp-content\/uploads\/2022\/11\/viber_image_2022-11-08_15-15-06-329-240x300.jpg","articleSection":["News"],"inLanguage":"ru-RU"},{"@type":"WebPage","@id":"https:\/\/adra.md\/mai-multi-copii-mai-multe-bucurii\/","url":"https:\/\/adra.md\/mai-multi-copii-mai-multe-bucurii\/","name":"Mai mul\u021bi copii - mai multe bucurii! - ADRA Moldova","isPartOf":{"@id":"https:\/\/adra.md\/#website"},"primaryImageOfPage":{"@id":"https:\/\/adra.md\/mai-multi-copii-mai-multe-bucurii\/#primaryimage"},"image":{"@id":"https:\/\/adra.md\/mai-multi-copii-mai-multe-bucurii\/#primaryimage"},"thumbnailUrl":"https:\/\/adra.md\/wp-content\/uploads\/2022\/11\/viber_image_2022-11-08_15-15-06-329-240x300.jpg","datePublished":"2022-11-08T13:31:10+00:00","breadcrumb":{"@id":"https:\/\/adra.md\/mai-multi-copii-mai-multe-bucurii\/#breadcrumb"},"inLanguage":"ru-RU","potentialAction":[{"@type":"ReadAction","target":["https:\/\/adra.md\/mai-multi-copii-mai-multe-bucurii\/"]}]},{"@type":"ImageObject","inLanguage":"ru-RU","@id":"https:\/\/adra.md\/mai-multi-copii-mai-multe-bucurii\/#primaryimage","url":"https:\/\/adra.md\/wp-content\/uploads\/2022\/11\/viber_image_2022-11-08_15-15-06-329-240x300.jpg","contentUrl":"https:\/\/adra.md\/wp-content\/uploads\/2022\/11\/viber_image_2022-11-08_15-15-06-329-240x300.jpg"},{"@type":"BreadcrumbList","@id":"https:\/\/adra.md\/mai-multi-copii-mai-multe-bucurii\/#breadcrumb","itemListElement":[{"@type":"ListItem","position":1,"name":"Home","item":"https:\/\/adra.md\/"},{"@type":"ListItem","position":2,"name":"Mai mul\u021bi copii &#8211; mai multe bucurii!"}]},{"@type":"WebSite","@id":"https:\/\/adra.md\/#website","url":"https:\/\/adra.md\/","name":"ADRA Moldova","description":"Agen\u0163ia Adventist\u0103 pentru Dezvoltare, Refacere \u015fi Ajutor","publisher":{"@id":"https:\/\/adra.md\/#organization"},"potentialAction":[{"@type":"SearchAction","target":{"@type":"EntryPoint","urlTemplate":"https:\/\/adra.md\/?s={search_term_string}"},"query-input":{"@type":"PropertyValueSpecification","valueRequired":true,"valueName":"search_term_string"}}],"inLanguage":"ru-RU"},{"@type":"Organization","@id":"https:\/\/adra.md\/#organization","name":"ADRA Moldova","url":"https:\/\/adra.md\/","logo":{"@type":"ImageObject","inLanguage":"ru-RU","@id":"https:\/\/adra.md\/#\/schema\/logo\/image\/","url":"https:\/\/adra.md\/wp-content\/uploads\/2019\/11\/group-435.png","contentUrl":"https:\/\/adra.md\/wp-content\/uploads\/2019\/11\/group-435.png","width":500,"height":133,"caption":"ADRA Moldova"},"image":{"@id":"https:\/\/adra.md\/#\/schema\/logo\/image\/"}},{"@type":"Person","@id":"https:\/\/adra.md\/#\/schema\/person\/b0181e611ee89738cefb7dc2db2bb8d1","name":"ADRA Moldova","url":"https:\/\/adra.md\/ru\/author\/andrei-girleanu\/"}]}},"_links":{"self":[{"href":"https:\/\/adra.md\/ru\/wp-json\/wp\/v2\/posts\/19710","targetHints":{"allow":["GET"]}}],"collection":[{"href":"https:\/\/adra.md\/ru\/wp-json\/wp\/v2\/posts"}],"about":[{"href":"https:\/\/adra.md\/ru\/wp-json\/wp\/v2\/types\/post"}],"author":[{"embeddable":true,"href":"https:\/\/adra.md\/ru\/wp-json\/wp\/v2\/users\/9"}],"replies":[{"embeddable":true,"href":"https:\/\/adra.md\/ru\/wp-json\/wp\/v2\/comments?post=19710"}],"version-history":[{"count":1,"href":"https:\/\/adra.md\/ru\/wp-json\/wp\/v2\/posts\/19710\/revisions"}],"predecessor-version":[{"id":19717,"href":"https:\/\/adra.md\/ru\/wp-json\/wp\/v2\/posts\/19710\/revisions\/19717"}],"wp:attachment":[{"href":"https:\/\/adra.md\/ru\/wp-json\/wp\/v2\/media?parent=19710"}],"wp:term":[{"taxonomy":"category","embeddable":true,"href":"https:\/\/adra.md\/ru\/wp-json\/wp\/v2\/categories?post=19710"},{"taxonomy":"post_tag","embeddable":true,"href":"https:\/\/adra.md\/ru\/wp-json\/wp\/v2\/tags?post=19710"}],"curies":[{"name":"wp","href":"https:\/\/api.w.org\/{rel}","templated":true}]}}