{"id":19731,"date":"2023-01-20T08:27:20","date_gmt":"2023-01-20T08:27:20","guid":{"rendered":"https:\/\/adra.md\/?p=19731"},"modified":"2023-01-20T08:27:20","modified_gmt":"2023-01-20T08:27:20","slug":"adra-si-iom-parteneriat-de-implementare-pentru-refugiati","status":"publish","type":"post","link":"https:\/\/adra.md\/ru\/adra-si-iom-parteneriat-de-implementare-pentru-refugiati\/","title":{"rendered":"ADRA \u0219i IOM, parteneriat de implementare pentru refugia\u021bi!"},"content":{"rendered":"<div class=\"x11i5rnm xat24cr x1mh8g0r x1vvkbs xdj266r x126k92a\">\n<div dir=\"auto\">\u00cencep\u00e2nd cu luna noiembrie,<\/div>\n<div dir=\"auto\">ADRA Moldova este partener de implementare pentru <a class=\"x1i10hfl xjbqb8w x6umtig x1b1mbwd xaqea5y xav7gou x9f619 x1ypdohk xt0psk2 xe8uvvx xdj266r x11i5rnm xat24cr x1mh8g0r xexx8yu x4uap5 x18d9i69 xkhd6sd x16tdsg8 x1hl2dhg xggy1nq x1a2a7pz xt0b8zv x1qq9wsj xo1l8bm\" tabindex=\"0\" role=\"link\" href=\"https:\/\/www.facebook.com\/iom.moldova?__cft__[0]=AZVhwF9SVr3yRBDZzLbC_DQ94do__oIhYHiYSrgURoGMd0-Xdt1Cjfmon62OSyrSp62IUu4j_54_jYkxZAffHsYnkdj6RxVbKIffBkogE5wo1mDA2CQnz7BxXTy0bxf-uvl9i7Sx_DHBAjCRu6-n-bDi1RtyzwnyNsylKEZ7u8bZE0lLGmk-ImdQ4pRgKH6jfoo&amp;__tn__=-]K-R\"><span class=\"xt0psk2\">IOM Moldova<\/span><\/a>, \u00een cadrul activit\u0103\u021bii de sus\u021binere financiar\u0103 a refugia\u021bilor din Ucraina.<\/div>\n<div dir=\"auto\"><\/div>\n<div dir=\"auto\">A avut deja loc \u0219i prima etap\u0103 de \u00eenregistrare la care au participat aproximativ 60 de refugia\u021bi \u00eempreun\u0103 cu familiile lor, aflate pe teritoriul Transnistriei.<\/div>\n<div dir=\"auto\">Este binevenit orice tip de suport, sunt esen\u021biale \u0219i produsele alimentare, \u0219i kiturile igienice, hainele sau plapumele, fiind totu\u0219i de mare necesitate resursele financiare, pentru c\u0103 unele lucruri nu pot fi acoperite dec\u00e2t fiind achitate.<\/div>\n<div dir=\"auto\"><\/div>\n<div dir=\"auto\">Ne pas\u0103 de fiecare aspect al persoanelor \u00een pozi\u021bie mai vulnerabil\u0103, de aceea ac\u021bion\u0103m cu DREPTATE, COMPASIUNE \u0219i DRAGOSTE!<\/div>\n<\/div>\n<div dir=\"auto\"><\/div>\n<div class=\"x11i5rnm xat24cr x1mh8g0r x1vvkbs xtlvy1s x126k92a\">\n<div dir=\"auto\"><a class=\"x1i10hfl xjbqb8w x6umtig x1b1mbwd xaqea5y xav7gou x9f619 x1ypdohk xt0psk2 xe8uvvx xdj266r x11i5rnm xat24cr x1mh8g0r xexx8yu x4uap5 x18d9i69 xkhd6sd x16tdsg8 x1hl2dhg xggy1nq x1a2a7pz xt0b8zv x1qq9wsj xo1l8bm\" tabindex=\"0\" role=\"link\" href=\"https:\/\/www.facebook.com\/hashtag\/adra?__eep__=6&amp;__cft__[0]=AZVhwF9SVr3yRBDZzLbC_DQ94do__oIhYHiYSrgURoGMd0-Xdt1Cjfmon62OSyrSp62IUu4j_54_jYkxZAffHsYnkdj6RxVbKIffBkogE5wo1mDA2CQnz7BxXTy0bxf-uvl9i7Sx_DHBAjCRu6-n-bDi1RtyzwnyNsylKEZ7u8bZE0lLGmk-ImdQ4pRgKH6jfoo&amp;__tn__=*NK-R\">#adra<\/a> <a class=\"x1i10hfl xjbqb8w x6umtig x1b1mbwd xaqea5y xav7gou x9f619 x1ypdohk xt0psk2 xe8uvvx xdj266r x11i5rnm xat24cr x1mh8g0r xexx8yu x4uap5 x18d9i69 xkhd6sd x16tdsg8 x1hl2dhg xggy1nq x1a2a7pz xt0b8zv x1qq9wsj xo1l8bm\" tabindex=\"0\" role=\"link\" href=\"https:\/\/www.facebook.com\/hashtag\/adramoldova?__eep__=6&amp;__cft__[0]=AZVhwF9SVr3yRBDZzLbC_DQ94do__oIhYHiYSrgURoGMd0-Xdt1Cjfmon62OSyrSp62IUu4j_54_jYkxZAffHsYnkdj6RxVbKIffBkogE5wo1mDA2CQnz7BxXTy0bxf-uvl9i7Sx_DHBAjCRu6-n-bDi1RtyzwnyNsylKEZ7u8bZE0lLGmk-ImdQ4pRgKH6jfoo&amp;__tn__=*NK-R\">#adramoldova<\/a> <a class=\"x1i10hfl xjbqb8w x6umtig x1b1mbwd xaqea5y xav7gou x9f619 x1ypdohk xt0psk2 xe8uvvx xdj266r x11i5rnm xat24cr x1mh8g0r xexx8yu x4uap5 x18d9i69 xkhd6sd x16tdsg8 x1hl2dhg xggy1nq x1a2a7pz xt0b8zv x1qq9wsj xo1l8bm\" tabindex=\"0\" role=\"link\" href=\"https:\/\/www.facebook.com\/hashtag\/cashassistance?__eep__=6&amp;__cft__[0]=AZVhwF9SVr3yRBDZzLbC_DQ94do__oIhYHiYSrgURoGMd0-Xdt1Cjfmon62OSyrSp62IUu4j_54_jYkxZAffHsYnkdj6RxVbKIffBkogE5wo1mDA2CQnz7BxXTy0bxf-uvl9i7Sx_DHBAjCRu6-n-bDi1RtyzwnyNsylKEZ7u8bZE0lLGmk-ImdQ4pRgKH6jfoo&amp;__tn__=*NK-R\">#cashassistance<\/a> <a class=\"x1i10hfl xjbqb8w x6umtig x1b1mbwd xaqea5y xav7gou x9f619 x1ypdohk xt0psk2 xe8uvvx xdj266r x11i5rnm xat24cr x1mh8g0r xexx8yu x4uap5 x18d9i69 xkhd6sd x16tdsg8 x1hl2dhg xggy1nq x1a2a7pz xt0b8zv x1qq9wsj xo1l8bm\" tabindex=\"0\" role=\"link\" href=\"https:\/\/www.facebook.com\/hashtag\/transnistria?__eep__=6&amp;__cft__[0]=AZVhwF9SVr3yRBDZzLbC_DQ94do__oIhYHiYSrgURoGMd0-Xdt1Cjfmon62OSyrSp62IUu4j_54_jYkxZAffHsYnkdj6RxVbKIffBkogE5wo1mDA2CQnz7BxXTy0bxf-uvl9i7Sx_DHBAjCRu6-n-bDi1RtyzwnyNsylKEZ7u8bZE0lLGmk-ImdQ4pRgKH6jfoo&amp;__tn__=*NK-R\">#transnistria<\/a> <a class=\"x1i10hfl xjbqb8w x6umtig x1b1mbwd xaqea5y xav7gou x9f619 x1ypdohk xt0psk2 xe8uvvx xdj266r x11i5rnm xat24cr x1mh8g0r xexx8yu x4uap5 x18d9i69 xkhd6sd x16tdsg8 x1hl2dhg xggy1nq x1a2a7pz xt0b8zv x1qq9wsj xo1l8bm\" tabindex=\"0\" role=\"link\" href=\"https:\/\/www.facebook.com\/hashtag\/tiraspol?__eep__=6&amp;__cft__[0]=AZVhwF9SVr3yRBDZzLbC_DQ94do__oIhYHiYSrgURoGMd0-Xdt1Cjfmon62OSyrSp62IUu4j_54_jYkxZAffHsYnkdj6RxVbKIffBkogE5wo1mDA2CQnz7BxXTy0bxf-uvl9i7Sx_DHBAjCRu6-n-bDi1RtyzwnyNsylKEZ7u8bZE0lLGmk-ImdQ4pRgKH6jfoo&amp;__tn__=*NK-R\">#tiraspol<\/a> <a class=\"x1i10hfl xjbqb8w x6umtig x1b1mbwd xaqea5y xav7gou x9f619 x1ypdohk xt0psk2 xe8uvvx xdj266r x11i5rnm xat24cr x1mh8g0r xexx8yu x4uap5 x18d9i69 xkhd6sd x16tdsg8 x1hl2dhg xggy1nq x1a2a7pz xt0b8zv x1qq9wsj xo1l8bm\" tabindex=\"0\" role=\"link\" href=\"https:\/\/www.facebook.com\/hashtag\/refugees?__eep__=6&amp;__cft__[0]=AZVhwF9SVr3yRBDZzLbC_DQ94do__oIhYHiYSrgURoGMd0-Xdt1Cjfmon62OSyrSp62IUu4j_54_jYkxZAffHsYnkdj6RxVbKIffBkogE5wo1mDA2CQnz7BxXTy0bxf-uvl9i7Sx_DHBAjCRu6-n-bDi1RtyzwnyNsylKEZ7u8bZE0lLGmk-ImdQ4pRgKH6jfoo&amp;__tn__=*NK-R\">#refugees<\/a> <a class=\"x1i10hfl xjbqb8w x6umtig x1b1mbwd xaqea5y xav7gou x9f619 x1ypdohk xt0psk2 xe8uvvx xdj266r x11i5rnm xat24cr x1mh8g0r xexx8yu x4uap5 x18d9i69 xkhd6sd x16tdsg8 x1hl2dhg xggy1nq x1a2a7pz xt0b8zv x1qq9wsj xo1l8bm\" tabindex=\"0\" role=\"link\" href=\"https:\/\/www.facebook.com\/hashtag\/iom?__eep__=6&amp;__cft__[0]=AZVhwF9SVr3yRBDZzLbC_DQ94do__oIhYHiYSrgURoGMd0-Xdt1Cjfmon62OSyrSp62IUu4j_54_jYkxZAffHsYnkdj6RxVbKIffBkogE5wo1mDA2CQnz7BxXTy0bxf-uvl9i7Sx_DHBAjCRu6-n-bDi1RtyzwnyNsylKEZ7u8bZE0lLGmk-ImdQ4pRgKH6jfoo&amp;__tn__=*NK-R\">#iom<\/a> #patenership<\/div>\n<\/div>\n<div dir=\"auto\"><\/div>\n<div class=\"x11i5rnm xat24cr x1mh8g0r x1vvkbs xtlvy1s x126k92a\">\n<div dir=\"auto\"><img fetchpriority=\"high\" decoding=\"async\" class=\"alignnone size-medium wp-image-19732\" src=\"https:\/\/adra.md\/wp-content\/uploads\/2023\/01\/315595663_162162753176353_4731649646630955862_n-300x226.jpg\" alt=\"\" width=\"300\" height=\"226\" srcset=\"https:\/\/adra.md\/wp-content\/uploads\/2023\/01\/315595663_162162753176353_4731649646630955862_n-300x226.jpg 300w, https:\/\/adra.md\/wp-content\/uploads\/2023\/01\/315595663_162162753176353_4731649646630955862_n-1024x772.jpg 1024w, https:\/\/adra.md\/wp-content\/uploads\/2023\/01\/315595663_162162753176353_4731649646630955862_n-768x579.jpg 768w, https:\/\/adra.md\/wp-content\/uploads\/2023\/01\/315595663_162162753176353_4731649646630955862_n-1000x750.jpg 1000w, https:\/\/adra.md\/wp-content\/uploads\/2023\/01\/315595663_162162753176353_4731649646630955862_n.jpg 1440w\" sizes=\"(max-width: 300px) 100vw, 300px\" \/> <img decoding=\"async\" class=\"alignnone size-medium wp-image-19733\" src=\"https:\/\/adra.md\/wp-content\/uploads\/2023\/01\/315598194_162162746509687_9073201507433713558_n-300x225.jpg\" alt=\"\" width=\"300\" height=\"225\" srcset=\"https:\/\/adra.md\/wp-content\/uploads\/2023\/01\/315598194_162162746509687_9073201507433713558_n-300x225.jpg 300w, https:\/\/adra.md\/wp-content\/uploads\/2023\/01\/315598194_162162746509687_9073201507433713558_n-1024x769.jpg 1024w, https:\/\/adra.md\/wp-content\/uploads\/2023\/01\/315598194_162162746509687_9073201507433713558_n-768x577.jpg 768w, https:\/\/adra.md\/wp-content\/uploads\/2023\/01\/315598194_162162746509687_9073201507433713558_n-1000x750.jpg 1000w, https:\/\/adra.md\/wp-content\/uploads\/2023\/01\/315598194_162162746509687_9073201507433713558_n.jpg 1440w\" sizes=\"(max-width: 300px) 100vw, 300px\" \/> <img decoding=\"async\" class=\"alignnone size-medium wp-image-19734\" src=\"https:\/\/adra.md\/wp-content\/uploads\/2023\/01\/315832380_162162756509686_8608738718443176781_n-300x225.jpg\" alt=\"\" width=\"300\" height=\"225\" srcset=\"https:\/\/adra.md\/wp-content\/uploads\/2023\/01\/315832380_162162756509686_8608738718443176781_n-300x225.jpg 300w, https:\/\/adra.md\/wp-content\/uploads\/2023\/01\/315832380_162162756509686_8608738718443176781_n-1024x768.jpg 1024w, https:\/\/adra.md\/wp-content\/uploads\/2023\/01\/315832380_162162756509686_8608738718443176781_n-768x576.jpg 768w, https:\/\/adra.md\/wp-content\/uploads\/2023\/01\/315832380_162162756509686_8608738718443176781_n-1000x750.jpg 1000w, https:\/\/adra.md\/wp-content\/uploads\/2023\/01\/315832380_162162756509686_8608738718443176781_n.jpg 1440w\" sizes=\"(max-width: 300px) 100vw, 300px\" \/><a class=\"x1i10hfl xjbqb8w x6umtig x1b1mbwd xaqea5y xav7gou x9f619 x1ypdohk xt0psk2 xe8uvvx xdj266r x11i5rnm xat24cr x1mh8g0r xexx8yu x4uap5 x18d9i69 xkhd6sd x16tdsg8 x1hl2dhg xggy1nq x1a2a7pz xt0b8zv x1qq9wsj xo1l8bm\" tabindex=\"0\" role=\"link\" href=\"https:\/\/www.facebook.com\/IOM?__cft__[0]=AZVhwF9SVr3yRBDZzLbC_DQ94do__oIhYHiYSrgURoGMd0-Xdt1Cjfmon62OSyrSp62IUu4j_54_jYkxZAffHsYnkdj6RxVbKIffBkogE5wo1mDA2CQnz7BxXTy0bxf-uvl9i7Sx_DHBAjCRu6-n-bDi1RtyzwnyNsylKEZ7u8bZE0lLGmk-ImdQ4pRgKH6jfoo&amp;__tn__=-]K-R\"><span class=\"xt0psk2\">IOM &#8211; UN Migration<\/span><\/a><\/div>\n<\/div>\n","protected":false},"excerpt":{"rendered":"<p>\u00cencep\u00e2nd cu luna noiembrie, ADRA Moldova este partener de implementare pentru IOM Moldova, \u00een cadrul activit\u0103\u021bii de sus\u021binere financiar\u0103 a refugia\u021bilor din Ucraina. A avut deja loc \u0219i prima etap\u0103 de \u00eenregistrare la care au participat aproximativ 60 de refugia\u021bi \u00eempreun\u0103 cu familiile lor, aflate pe teritoriul Transnistriei. Este binevenit orice tip de suport, sunt [&hellip;]<\/p>\n","protected":false},"author":9,"featured_media":19732,"comment_status":"closed","ping_status":"closed","sticky":false,"template":"","format":"standard","meta":{"_acf_changed":false,"footnotes":""},"categories":[294],"tags":[47,307,309,308],"class_list":["post-19731","post","type-post","status-publish","format-standard","has-post-thumbnail","hentry","category-news","tag-adra","tag-cashassistance","tag-iom","tag-tiraspol"],"acf":[],"yoast_head":"<!-- This site is optimized with the Yoast SEO plugin v27.4 - https:\/\/yoast.com\/product\/yoast-seo-wordpress\/ -->\n<title>ADRA \u0219i IOM, parteneriat de implementare pentru refugia\u021bi! - ADRA Moldova<\/title>\n<meta name=\"robots\" content=\"index, follow, max-snippet:-1, max-image-preview:large, max-video-preview:-1\" \/>\n<link rel=\"canonical\" href=\"https:\/\/adra.md\/ru\/adra-si-iom-parteneriat-de-implementare-pentru-refugiati\/\" \/>\n<meta property=\"og:locale\" content=\"ru_RU\" \/>\n<meta property=\"og:type\" content=\"article\" \/>\n<meta property=\"og:title\" content=\"ADRA \u0219i IOM, parteneriat de implementare pentru refugia\u021bi! - ADRA Moldova\" \/>\n<meta property=\"og:description\" content=\"\u00cencep\u00e2nd cu luna noiembrie, ADRA Moldova este partener de implementare pentru IOM Moldova, \u00een cadrul activit\u0103\u021bii de sus\u021binere financiar\u0103 a refugia\u021bilor din Ucraina. A avut deja loc \u0219i prima etap\u0103 de \u00eenregistrare la care au participat aproximativ 60 de refugia\u021bi \u00eempreun\u0103 cu familiile lor, aflate pe teritoriul Transnistriei. Este binevenit orice tip de suport, sunt [&hellip;]\" \/>\n<meta property=\"og:url\" content=\"https:\/\/adra.md\/ru\/adra-si-iom-parteneriat-de-implementare-pentru-refugiati\/\" \/>\n<meta property=\"og:site_name\" content=\"ADRA Moldova\" \/>\n<meta property=\"article:published_time\" content=\"2023-01-20T08:27:20+00:00\" \/>\n<meta property=\"og:image\" content=\"https:\/\/adra.md\/wp-content\/uploads\/2023\/01\/315595663_162162753176353_4731649646630955862_n.jpg\" \/>\n\t<meta property=\"og:image:width\" content=\"1440\" \/>\n\t<meta property=\"og:image:height\" content=\"1085\" \/>\n\t<meta property=\"og:image:type\" content=\"image\/jpeg\" \/>\n<meta name=\"author\" content=\"ADRA Moldova\" \/>\n<meta name=\"twitter:card\" content=\"summary_large_image\" \/>\n<meta name=\"twitter:label1\" content=\"\u041d\u0430\u043f\u0438\u0441\u0430\u043d\u043e \u0430\u0432\u0442\u043e\u0440\u043e\u043c\" \/>\n\t<meta name=\"twitter:data1\" content=\"ADRA Moldova\" \/>\n\t<meta name=\"twitter:label2\" content=\"\u041f\u0440\u0438\u043c\u0435\u0440\u043d\u043e\u0435 \u0432\u0440\u0435\u043c\u044f \u0434\u043b\u044f \u0447\u0442\u0435\u043d\u0438\u044f\" \/>\n\t<meta name=\"twitter:data2\" content=\"1 \u043c\u0438\u043d\u0443\u0442\u0430\" \/>\n<script type=\"application\/ld+json\" class=\"yoast-schema-graph\">{\"@context\":\"https:\\\/\\\/schema.org\",\"@graph\":[{\"@type\":\"Article\",\"@id\":\"https:\\\/\\\/adra.md\\\/adra-si-iom-parteneriat-de-implementare-pentru-refugiati\\\/#article\",\"isPartOf\":{\"@id\":\"https:\\\/\\\/adra.md\\\/adra-si-iom-parteneriat-de-implementare-pentru-refugiati\\\/\"},\"author\":{\"name\":\"ADRA Moldova\",\"@id\":\"https:\\\/\\\/adra.md\\\/#\\\/schema\\\/person\\\/b0181e611ee89738cefb7dc2db2bb8d1\"},\"headline\":\"ADRA \u0219i IOM, parteneriat de implementare pentru refugia\u021bi!\",\"datePublished\":\"2023-01-20T08:27:20+00:00\",\"mainEntityOfPage\":{\"@id\":\"https:\\\/\\\/adra.md\\\/adra-si-iom-parteneriat-de-implementare-pentru-refugiati\\\/\"},\"wordCount\":133,\"publisher\":{\"@id\":\"https:\\\/\\\/adra.md\\\/#organization\"},\"image\":{\"@id\":\"https:\\\/\\\/adra.md\\\/adra-si-iom-parteneriat-de-implementare-pentru-refugiati\\\/#primaryimage\"},\"thumbnailUrl\":\"https:\\\/\\\/adra.md\\\/wp-content\\\/uploads\\\/2023\\\/01\\\/315595663_162162753176353_4731649646630955862_n.jpg\",\"keywords\":[\"ADRA\",\"cashassistance\",\"IOM\",\"Tiraspol\"],\"articleSection\":[\"News\"],\"inLanguage\":\"ru-RU\"},{\"@type\":\"WebPage\",\"@id\":\"https:\\\/\\\/adra.md\\\/adra-si-iom-parteneriat-de-implementare-pentru-refugiati\\\/\",\"url\":\"https:\\\/\\\/adra.md\\\/adra-si-iom-parteneriat-de-implementare-pentru-refugiati\\\/\",\"name\":\"ADRA \u0219i IOM, parteneriat de implementare pentru refugia\u021bi! - ADRA Moldova\",\"isPartOf\":{\"@id\":\"https:\\\/\\\/adra.md\\\/#website\"},\"primaryImageOfPage\":{\"@id\":\"https:\\\/\\\/adra.md\\\/adra-si-iom-parteneriat-de-implementare-pentru-refugiati\\\/#primaryimage\"},\"image\":{\"@id\":\"https:\\\/\\\/adra.md\\\/adra-si-iom-parteneriat-de-implementare-pentru-refugiati\\\/#primaryimage\"},\"thumbnailUrl\":\"https:\\\/\\\/adra.md\\\/wp-content\\\/uploads\\\/2023\\\/01\\\/315595663_162162753176353_4731649646630955862_n.jpg\",\"datePublished\":\"2023-01-20T08:27:20+00:00\",\"breadcrumb\":{\"@id\":\"https:\\\/\\\/adra.md\\\/adra-si-iom-parteneriat-de-implementare-pentru-refugiati\\\/#breadcrumb\"},\"inLanguage\":\"ru-RU\",\"potentialAction\":[{\"@type\":\"ReadAction\",\"target\":[\"https:\\\/\\\/adra.md\\\/adra-si-iom-parteneriat-de-implementare-pentru-refugiati\\\/\"]}]},{\"@type\":\"ImageObject\",\"inLanguage\":\"ru-RU\",\"@id\":\"https:\\\/\\\/adra.md\\\/adra-si-iom-parteneriat-de-implementare-pentru-refugiati\\\/#primaryimage\",\"url\":\"https:\\\/\\\/adra.md\\\/wp-content\\\/uploads\\\/2023\\\/01\\\/315595663_162162753176353_4731649646630955862_n.jpg\",\"contentUrl\":\"https:\\\/\\\/adra.md\\\/wp-content\\\/uploads\\\/2023\\\/01\\\/315595663_162162753176353_4731649646630955862_n.jpg\",\"width\":1440,\"height\":1085},{\"@type\":\"BreadcrumbList\",\"@id\":\"https:\\\/\\\/adra.md\\\/adra-si-iom-parteneriat-de-implementare-pentru-refugiati\\\/#breadcrumb\",\"itemListElement\":[{\"@type\":\"ListItem\",\"position\":1,\"name\":\"Home\",\"item\":\"https:\\\/\\\/adra.md\\\/\"},{\"@type\":\"ListItem\",\"position\":2,\"name\":\"ADRA \u0219i IOM, parteneriat de implementare pentru refugia\u021bi!\"}]},{\"@type\":\"WebSite\",\"@id\":\"https:\\\/\\\/adra.md\\\/#website\",\"url\":\"https:\\\/\\\/adra.md\\\/\",\"name\":\"ADRA Moldova\",\"description\":\"Agen\u0163ia Adventist\u0103 pentru Dezvoltare, Refacere \u015fi Ajutor\",\"publisher\":{\"@id\":\"https:\\\/\\\/adra.md\\\/#organization\"},\"potentialAction\":[{\"@type\":\"SearchAction\",\"target\":{\"@type\":\"EntryPoint\",\"urlTemplate\":\"https:\\\/\\\/adra.md\\\/?s={search_term_string}\"},\"query-input\":{\"@type\":\"PropertyValueSpecification\",\"valueRequired\":true,\"valueName\":\"search_term_string\"}}],\"inLanguage\":\"ru-RU\"},{\"@type\":\"Organization\",\"@id\":\"https:\\\/\\\/adra.md\\\/#organization\",\"name\":\"ADRA Moldova\",\"url\":\"https:\\\/\\\/adra.md\\\/\",\"logo\":{\"@type\":\"ImageObject\",\"inLanguage\":\"ru-RU\",\"@id\":\"https:\\\/\\\/adra.md\\\/#\\\/schema\\\/logo\\\/image\\\/\",\"url\":\"https:\\\/\\\/adra.md\\\/wp-content\\\/uploads\\\/2019\\\/11\\\/group-435.png\",\"contentUrl\":\"https:\\\/\\\/adra.md\\\/wp-content\\\/uploads\\\/2019\\\/11\\\/group-435.png\",\"width\":500,\"height\":133,\"caption\":\"ADRA Moldova\"},\"image\":{\"@id\":\"https:\\\/\\\/adra.md\\\/#\\\/schema\\\/logo\\\/image\\\/\"}},{\"@type\":\"Person\",\"@id\":\"https:\\\/\\\/adra.md\\\/#\\\/schema\\\/person\\\/b0181e611ee89738cefb7dc2db2bb8d1\",\"name\":\"ADRA Moldova\",\"url\":\"https:\\\/\\\/adra.md\\\/ru\\\/author\\\/andrei-girleanu\\\/\"}]}<\/script>\n<!-- \/ Yoast SEO plugin. -->","yoast_head_json":{"title":"ADRA \u0219i IOM, parteneriat de implementare pentru refugia\u021bi! - ADRA Moldova","robots":{"index":"index","follow":"follow","max-snippet":"max-snippet:-1","max-image-preview":"max-image-preview:large","max-video-preview":"max-video-preview:-1"},"canonical":"https:\/\/adra.md\/ru\/adra-si-iom-parteneriat-de-implementare-pentru-refugiati\/","og_locale":"ru_RU","og_type":"article","og_title":"ADRA \u0219i IOM, parteneriat de implementare pentru refugia\u021bi! - ADRA Moldova","og_description":"\u00cencep\u00e2nd cu luna noiembrie, ADRA Moldova este partener de implementare pentru IOM Moldova, \u00een cadrul activit\u0103\u021bii de sus\u021binere financiar\u0103 a refugia\u021bilor din Ucraina. A avut deja loc \u0219i prima etap\u0103 de \u00eenregistrare la care au participat aproximativ 60 de refugia\u021bi \u00eempreun\u0103 cu familiile lor, aflate pe teritoriul Transnistriei. Este binevenit orice tip de suport, sunt [&hellip;]","og_url":"https:\/\/adra.md\/ru\/adra-si-iom-parteneriat-de-implementare-pentru-refugiati\/","og_site_name":"ADRA Moldova","article_published_time":"2023-01-20T08:27:20+00:00","og_image":[{"width":1440,"height":1085,"url":"https:\/\/adra.md\/wp-content\/uploads\/2023\/01\/315595663_162162753176353_4731649646630955862_n.jpg","type":"image\/jpeg"}],"author":"ADRA Moldova","twitter_card":"summary_large_image","twitter_misc":{"\u041d\u0430\u043f\u0438\u0441\u0430\u043d\u043e \u0430\u0432\u0442\u043e\u0440\u043e\u043c":"ADRA Moldova","\u041f\u0440\u0438\u043c\u0435\u0440\u043d\u043e\u0435 \u0432\u0440\u0435\u043c\u044f \u0434\u043b\u044f \u0447\u0442\u0435\u043d\u0438\u044f":"1 \u043c\u0438\u043d\u0443\u0442\u0430"},"schema":{"@context":"https:\/\/schema.org","@graph":[{"@type":"Article","@id":"https:\/\/adra.md\/adra-si-iom-parteneriat-de-implementare-pentru-refugiati\/#article","isPartOf":{"@id":"https:\/\/adra.md\/adra-si-iom-parteneriat-de-implementare-pentru-refugiati\/"},"author":{"name":"ADRA Moldova","@id":"https:\/\/adra.md\/#\/schema\/person\/b0181e611ee89738cefb7dc2db2bb8d1"},"headline":"ADRA \u0219i IOM, parteneriat de implementare pentru refugia\u021bi!","datePublished":"2023-01-20T08:27:20+00:00","mainEntityOfPage":{"@id":"https:\/\/adra.md\/adra-si-iom-parteneriat-de-implementare-pentru-refugiati\/"},"wordCount":133,"publisher":{"@id":"https:\/\/adra.md\/#organization"},"image":{"@id":"https:\/\/adra.md\/adra-si-iom-parteneriat-de-implementare-pentru-refugiati\/#primaryimage"},"thumbnailUrl":"https:\/\/adra.md\/wp-content\/uploads\/2023\/01\/315595663_162162753176353_4731649646630955862_n.jpg","keywords":["ADRA","cashassistance","IOM","Tiraspol"],"articleSection":["News"],"inLanguage":"ru-RU"},{"@type":"WebPage","@id":"https:\/\/adra.md\/adra-si-iom-parteneriat-de-implementare-pentru-refugiati\/","url":"https:\/\/adra.md\/adra-si-iom-parteneriat-de-implementare-pentru-refugiati\/","name":"ADRA \u0219i IOM, parteneriat de implementare pentru refugia\u021bi! - ADRA Moldova","isPartOf":{"@id":"https:\/\/adra.md\/#website"},"primaryImageOfPage":{"@id":"https:\/\/adra.md\/adra-si-iom-parteneriat-de-implementare-pentru-refugiati\/#primaryimage"},"image":{"@id":"https:\/\/adra.md\/adra-si-iom-parteneriat-de-implementare-pentru-refugiati\/#primaryimage"},"thumbnailUrl":"https:\/\/adra.md\/wp-content\/uploads\/2023\/01\/315595663_162162753176353_4731649646630955862_n.jpg","datePublished":"2023-01-20T08:27:20+00:00","breadcrumb":{"@id":"https:\/\/adra.md\/adra-si-iom-parteneriat-de-implementare-pentru-refugiati\/#breadcrumb"},"inLanguage":"ru-RU","potentialAction":[{"@type":"ReadAction","target":["https:\/\/adra.md\/adra-si-iom-parteneriat-de-implementare-pentru-refugiati\/"]}]},{"@type":"ImageObject","inLanguage":"ru-RU","@id":"https:\/\/adra.md\/adra-si-iom-parteneriat-de-implementare-pentru-refugiati\/#primaryimage","url":"https:\/\/adra.md\/wp-content\/uploads\/2023\/01\/315595663_162162753176353_4731649646630955862_n.jpg","contentUrl":"https:\/\/adra.md\/wp-content\/uploads\/2023\/01\/315595663_162162753176353_4731649646630955862_n.jpg","width":1440,"height":1085},{"@type":"BreadcrumbList","@id":"https:\/\/adra.md\/adra-si-iom-parteneriat-de-implementare-pentru-refugiati\/#breadcrumb","itemListElement":[{"@type":"ListItem","position":1,"name":"Home","item":"https:\/\/adra.md\/"},{"@type":"ListItem","position":2,"name":"ADRA \u0219i IOM, parteneriat de implementare pentru refugia\u021bi!"}]},{"@type":"WebSite","@id":"https:\/\/adra.md\/#website","url":"https:\/\/adra.md\/","name":"ADRA Moldova","description":"Agen\u0163ia Adventist\u0103 pentru Dezvoltare, Refacere \u015fi Ajutor","publisher":{"@id":"https:\/\/adra.md\/#organization"},"potentialAction":[{"@type":"SearchAction","target":{"@type":"EntryPoint","urlTemplate":"https:\/\/adra.md\/?s={search_term_string}"},"query-input":{"@type":"PropertyValueSpecification","valueRequired":true,"valueName":"search_term_string"}}],"inLanguage":"ru-RU"},{"@type":"Organization","@id":"https:\/\/adra.md\/#organization","name":"ADRA Moldova","url":"https:\/\/adra.md\/","logo":{"@type":"ImageObject","inLanguage":"ru-RU","@id":"https:\/\/adra.md\/#\/schema\/logo\/image\/","url":"https:\/\/adra.md\/wp-content\/uploads\/2019\/11\/group-435.png","contentUrl":"https:\/\/adra.md\/wp-content\/uploads\/2019\/11\/group-435.png","width":500,"height":133,"caption":"ADRA Moldova"},"image":{"@id":"https:\/\/adra.md\/#\/schema\/logo\/image\/"}},{"@type":"Person","@id":"https:\/\/adra.md\/#\/schema\/person\/b0181e611ee89738cefb7dc2db2bb8d1","name":"ADRA Moldova","url":"https:\/\/adra.md\/ru\/author\/andrei-girleanu\/"}]}},"_links":{"self":[{"href":"https:\/\/adra.md\/ru\/wp-json\/wp\/v2\/posts\/19731","targetHints":{"allow":["GET"]}}],"collection":[{"href":"https:\/\/adra.md\/ru\/wp-json\/wp\/v2\/posts"}],"about":[{"href":"https:\/\/adra.md\/ru\/wp-json\/wp\/v2\/types\/post"}],"author":[{"embeddable":true,"href":"https:\/\/adra.md\/ru\/wp-json\/wp\/v2\/users\/9"}],"replies":[{"embeddable":true,"href":"https:\/\/adra.md\/ru\/wp-json\/wp\/v2\/comments?post=19731"}],"version-history":[{"count":1,"href":"https:\/\/adra.md\/ru\/wp-json\/wp\/v2\/posts\/19731\/revisions"}],"predecessor-version":[{"id":19735,"href":"https:\/\/adra.md\/ru\/wp-json\/wp\/v2\/posts\/19731\/revisions\/19735"}],"wp:featuredmedia":[{"embeddable":true,"href":"https:\/\/adra.md\/ru\/wp-json\/wp\/v2\/media\/19732"}],"wp:attachment":[{"href":"https:\/\/adra.md\/ru\/wp-json\/wp\/v2\/media?parent=19731"}],"wp:term":[{"taxonomy":"category","embeddable":true,"href":"https:\/\/adra.md\/ru\/wp-json\/wp\/v2\/categories?post=19731"},{"taxonomy":"post_tag","embeddable":true,"href":"https:\/\/adra.md\/ru\/wp-json\/wp\/v2\/tags?post=19731"}],"curies":[{"name":"wp","href":"https:\/\/api.w.org\/{rel}","templated":true}]}}