{"id":19736,"date":"2023-01-20T08:33:55","date_gmt":"2023-01-20T08:33:55","guid":{"rendered":"https:\/\/adra.md\/?p=19736"},"modified":"2023-01-20T08:35:04","modified_gmt":"2023-01-20T08:35:04","slug":"activitatile-psiho-sociale-activitati-care-ne-unesc-si-ne-fac-sa-fie-mai-buni","status":"publish","type":"post","link":"https:\/\/adra.md\/ru\/activitatile-psiho-sociale-activitati-care-ne-unesc-si-ne-fac-sa-fie-mai-buni\/","title":{"rendered":"Activit\u0103\u021bile psiho-sociale &#8211; activit\u0103\u021bi care ne unesc \u0219i ne fac s\u0103 fim mai buni!"},"content":{"rendered":"<div class=\"x11i5rnm xat24cr x1mh8g0r x1vvkbs xdj266r x126k92a\">\n<div dir=\"auto\">Activit\u0103\u021bile psiho-sociale &#8211; activit\u0103\u021bi care ne unesc \u0219i ne fac s\u0103 fim mai buni!<\/div>\n<div dir=\"auto\"><\/div>\n<div dir=\"auto\">Aici ne putem deschide fa\u021b\u0103 de cei din jur, ne putem spune tr\u0103irile \u0219i putem vedea c\u0103 nu suntem singuri.<\/div>\n<div dir=\"auto\">Basarabeasca este localitatea care g\u0103zduie\u0219te peste 100 de refugia\u021bi din Ucraina, iar ADRA Moldova, \u00een cadrul parteneriatului sus\u021binut de c\u0103tre @Austw\u00e4rtiges_Amt, petrece activit\u0103\u021bi de adaptare, \u00eemprietenire \u0219i incluziune social\u0103 cu ei. Este o pl\u0103cere s\u0103 \u00eei vezi implica\u021bi, particip\u00e2nd \u0219i z\u00e2mbind laolalt\u0103!<\/div>\n<div dir=\"auto\">\u00cen cadrul aceluia\u0219i proiect a avut loc o distribuire c\u00e2nd fiecare participant a primit c\u00e2te o plapum\u0103 pufoas\u0103, care va fi un accesoriu perfect pentru iarna ce urmeaz\u0103!<\/div>\n<\/div>\n<div dir=\"auto\"><\/div>\n<div class=\"x11i5rnm xat24cr x1mh8g0r x1vvkbs xtlvy1s x126k92a\">\n<div dir=\"auto\"><a class=\"x1i10hfl xjbqb8w x6umtig x1b1mbwd xaqea5y xav7gou x9f619 x1ypdohk xt0psk2 xe8uvvx xdj266r x11i5rnm xat24cr x1mh8g0r xexx8yu x4uap5 x18d9i69 xkhd6sd x16tdsg8 x1hl2dhg xggy1nq x1a2a7pz xt0b8zv x1qq9wsj xo1l8bm\" tabindex=\"0\" role=\"link\" href=\"https:\/\/www.facebook.com\/hashtag\/adra?__eep__=6&amp;__cft__[0]=AZXGJqpHRxjEx_lCZrEduxJFTsro0UU8wOaLS_w6uwCQrUxTWavtsiTC78huyRAFFh4RKD0IKlPId4Xc2wRzVl82G_NsZLdIDxIyVJjQxVpg_6nPrJ6ompLD8avqhxDpybThXGYLRsmFtN9XVStyFxiXzggcXWeQ_Fi-5lszJrQJt50xm2VBuOXfksLQhkf-u6k&amp;__tn__=*NK-R\">#adra<\/a> <a class=\"x1i10hfl xjbqb8w x6umtig x1b1mbwd xaqea5y xav7gou x9f619 x1ypdohk xt0psk2 xe8uvvx xdj266r x11i5rnm xat24cr x1mh8g0r xexx8yu x4uap5 x18d9i69 xkhd6sd x16tdsg8 x1hl2dhg xggy1nq x1a2a7pz xt0b8zv x1qq9wsj xo1l8bm\" tabindex=\"0\" role=\"link\" href=\"https:\/\/www.facebook.com\/hashtag\/adramoldova?__eep__=6&amp;__cft__[0]=AZXGJqpHRxjEx_lCZrEduxJFTsro0UU8wOaLS_w6uwCQrUxTWavtsiTC78huyRAFFh4RKD0IKlPId4Xc2wRzVl82G_NsZLdIDxIyVJjQxVpg_6nPrJ6ompLD8avqhxDpybThXGYLRsmFtN9XVStyFxiXzggcXWeQ_Fi-5lszJrQJt50xm2VBuOXfksLQhkf-u6k&amp;__tn__=*NK-R\">#adramoldova<\/a> <a class=\"x1i10hfl xjbqb8w x6umtig x1b1mbwd xaqea5y xav7gou x9f619 x1ypdohk xt0psk2 xe8uvvx xdj266r x11i5rnm xat24cr x1mh8g0r xexx8yu x4uap5 x18d9i69 xkhd6sd x16tdsg8 x1hl2dhg xggy1nq x1a2a7pz xt0b8zv x1qq9wsj xo1l8bm\" tabindex=\"0\" role=\"link\" href=\"https:\/\/www.facebook.com\/hashtag\/humanitaruanaid?__eep__=6&amp;__cft__[0]=AZXGJqpHRxjEx_lCZrEduxJFTsro0UU8wOaLS_w6uwCQrUxTWavtsiTC78huyRAFFh4RKD0IKlPId4Xc2wRzVl82G_NsZLdIDxIyVJjQxVpg_6nPrJ6ompLD8avqhxDpybThXGYLRsmFtN9XVStyFxiXzggcXWeQ_Fi-5lszJrQJt50xm2VBuOXfksLQhkf-u6k&amp;__tn__=*NK-R\">#humanitaruanaid<\/a><\/div>\n<\/div>\n<div dir=\"auto\"><\/div>\n<div dir=\"auto\"><\/div>\n<div dir=\"auto\"><img fetchpriority=\"high\" decoding=\"async\" class=\"alignnone size-medium wp-image-19737\" src=\"https:\/\/adra.md\/wp-content\/uploads\/2023\/01\/315813208_162659993126629_4281123890588170577_n-240x300.jpg\" alt=\"\" width=\"240\" height=\"300\" srcset=\"https:\/\/adra.md\/wp-content\/uploads\/2023\/01\/315813208_162659993126629_4281123890588170577_n-240x300.jpg 240w, https:\/\/adra.md\/wp-content\/uploads\/2023\/01\/315813208_162659993126629_4281123890588170577_n-819x1024.jpg 819w, https:\/\/adra.md\/wp-content\/uploads\/2023\/01\/315813208_162659993126629_4281123890588170577_n-768x960.jpg 768w, https:\/\/adra.md\/wp-content\/uploads\/2023\/01\/315813208_162659993126629_4281123890588170577_n-1229x1536.jpg 1229w, https:\/\/adra.md\/wp-content\/uploads\/2023\/01\/315813208_162659993126629_4281123890588170577_n.jpg 1440w\" sizes=\"(max-width: 240px) 100vw, 240px\" \/>\u00a0 \u00a0 \u00a0<img decoding=\"async\" class=\"alignnone size-medium wp-image-19738\" src=\"https:\/\/adra.md\/wp-content\/uploads\/2023\/01\/315840549_162659983126630_8055070003747073235_n-240x300.jpg\" alt=\"\" width=\"240\" height=\"300\" srcset=\"https:\/\/adra.md\/wp-content\/uploads\/2023\/01\/315840549_162659983126630_8055070003747073235_n-240x300.jpg 240w, https:\/\/adra.md\/wp-content\/uploads\/2023\/01\/315840549_162659983126630_8055070003747073235_n-819x1024.jpg 819w, https:\/\/adra.md\/wp-content\/uploads\/2023\/01\/315840549_162659983126630_8055070003747073235_n-768x960.jpg 768w, https:\/\/adra.md\/wp-content\/uploads\/2023\/01\/315840549_162659983126630_8055070003747073235_n-1229x1536.jpg 1229w, https:\/\/adra.md\/wp-content\/uploads\/2023\/01\/315840549_162659983126630_8055070003747073235_n.jpg 1440w\" sizes=\"(max-width: 240px) 100vw, 240px\" \/>\u00a0 \u00a0\u00a0 <img decoding=\"async\" class=\"alignnone size-medium wp-image-19739\" src=\"https:\/\/adra.md\/wp-content\/uploads\/2023\/01\/315842821_162660003126628_171664371438405737_n-240x300.jpg\" alt=\"\" width=\"240\" height=\"300\" srcset=\"https:\/\/adra.md\/wp-content\/uploads\/2023\/01\/315842821_162660003126628_171664371438405737_n-240x300.jpg 240w, https:\/\/adra.md\/wp-content\/uploads\/2023\/01\/315842821_162660003126628_171664371438405737_n-819x1024.jpg 819w, https:\/\/adra.md\/wp-content\/uploads\/2023\/01\/315842821_162660003126628_171664371438405737_n-768x960.jpg 768w, https:\/\/adra.md\/wp-content\/uploads\/2023\/01\/315842821_162660003126628_171664371438405737_n-1229x1536.jpg 1229w, https:\/\/adra.md\/wp-content\/uploads\/2023\/01\/315842821_162660003126628_171664371438405737_n.jpg 1440w\" sizes=\"(max-width: 240px) 100vw, 240px\" \/><\/div>\n<div dir=\"auto\"><\/div>\n<div dir=\"auto\"><img loading=\"lazy\" decoding=\"async\" class=\"alignnone size-medium wp-image-19741\" src=\"https:\/\/adra.md\/wp-content\/uploads\/2023\/01\/315848796_162659989793296_1122963312887907376_n-240x300.jpg\" alt=\"\" width=\"240\" height=\"300\" srcset=\"https:\/\/adra.md\/wp-content\/uploads\/2023\/01\/315848796_162659989793296_1122963312887907376_n-240x300.jpg 240w, https:\/\/adra.md\/wp-content\/uploads\/2023\/01\/315848796_162659989793296_1122963312887907376_n-819x1024.jpg 819w, https:\/\/adra.md\/wp-content\/uploads\/2023\/01\/315848796_162659989793296_1122963312887907376_n-768x960.jpg 768w, https:\/\/adra.md\/wp-content\/uploads\/2023\/01\/315848796_162659989793296_1122963312887907376_n-1229x1536.jpg 1229w, https:\/\/adra.md\/wp-content\/uploads\/2023\/01\/315848796_162659989793296_1122963312887907376_n.jpg 1440w\" sizes=\"(max-width: 240px) 100vw, 240px\" \/>\u00a0 \u00a0\u00a0 <img loading=\"lazy\" decoding=\"async\" class=\"alignnone size-medium wp-image-19742\" src=\"https:\/\/adra.md\/wp-content\/uploads\/2023\/01\/315851934_162659986459963_8258737596135070206_n-240x300.jpg\" alt=\"\" width=\"240\" height=\"300\" srcset=\"https:\/\/adra.md\/wp-content\/uploads\/2023\/01\/315851934_162659986459963_8258737596135070206_n-240x300.jpg 240w, https:\/\/adra.md\/wp-content\/uploads\/2023\/01\/315851934_162659986459963_8258737596135070206_n-820x1024.jpg 820w, https:\/\/adra.md\/wp-content\/uploads\/2023\/01\/315851934_162659986459963_8258737596135070206_n-768x959.jpg 768w, https:\/\/adra.md\/wp-content\/uploads\/2023\/01\/315851934_162659986459963_8258737596135070206_n-1229x1536.jpg 1229w, https:\/\/adra.md\/wp-content\/uploads\/2023\/01\/315851934_162659986459963_8258737596135070206_n.jpg 1440w\" sizes=\"(max-width: 240px) 100vw, 240px\" \/>\u00a0 \u00a0\u00a0 <img loading=\"lazy\" decoding=\"async\" class=\"alignnone size-medium wp-image-19743\" src=\"https:\/\/adra.md\/wp-content\/uploads\/2023\/01\/315856113_162659976459964_3800527624515266650_n-240x300.jpg\" alt=\"\" width=\"240\" height=\"300\" srcset=\"https:\/\/adra.md\/wp-content\/uploads\/2023\/01\/315856113_162659976459964_3800527624515266650_n-240x300.jpg 240w, https:\/\/adra.md\/wp-content\/uploads\/2023\/01\/315856113_162659976459964_3800527624515266650_n-819x1024.jpg 819w, https:\/\/adra.md\/wp-content\/uploads\/2023\/01\/315856113_162659976459964_3800527624515266650_n-768x960.jpg 768w, https:\/\/adra.md\/wp-content\/uploads\/2023\/01\/315856113_162659976459964_3800527624515266650_n-1229x1536.jpg 1229w, https:\/\/adra.md\/wp-content\/uploads\/2023\/01\/315856113_162659976459964_3800527624515266650_n.jpg 1440w\" sizes=\"(max-width: 240px) 100vw, 240px\" \/><\/div>\n<div dir=\"auto\"><\/div>\n<div dir=\"auto\"><img loading=\"lazy\" decoding=\"async\" class=\"alignnone size-medium wp-image-19744\" src=\"https:\/\/adra.md\/wp-content\/uploads\/2023\/01\/315871781_162659979793297_8627847144485986246_n-240x300.jpg\" alt=\"\" width=\"240\" height=\"300\" srcset=\"https:\/\/adra.md\/wp-content\/uploads\/2023\/01\/315871781_162659979793297_8627847144485986246_n-240x300.jpg 240w, https:\/\/adra.md\/wp-content\/uploads\/2023\/01\/315871781_162659979793297_8627847144485986246_n-819x1024.jpg 819w, https:\/\/adra.md\/wp-content\/uploads\/2023\/01\/315871781_162659979793297_8627847144485986246_n-768x960.jpg 768w, https:\/\/adra.md\/wp-content\/uploads\/2023\/01\/315871781_162659979793297_8627847144485986246_n-1229x1536.jpg 1229w, https:\/\/adra.md\/wp-content\/uploads\/2023\/01\/315871781_162659979793297_8627847144485986246_n.jpg 1440w\" sizes=\"(max-width: 240px) 100vw, 240px\" \/>\u00a0 \u00a0\u00a0 <img loading=\"lazy\" decoding=\"async\" class=\"alignnone size-medium wp-image-19745\" src=\"https:\/\/adra.md\/wp-content\/uploads\/2023\/01\/315887053_162659999793295_1652548842960593401_n-240x300.jpg\" alt=\"\" width=\"240\" height=\"300\" srcset=\"https:\/\/adra.md\/wp-content\/uploads\/2023\/01\/315887053_162659999793295_1652548842960593401_n-240x300.jpg 240w, https:\/\/adra.md\/wp-content\/uploads\/2023\/01\/315887053_162659999793295_1652548842960593401_n-819x1024.jpg 819w, https:\/\/adra.md\/wp-content\/uploads\/2023\/01\/315887053_162659999793295_1652548842960593401_n-768x960.jpg 768w, https:\/\/adra.md\/wp-content\/uploads\/2023\/01\/315887053_162659999793295_1652548842960593401_n-1229x1536.jpg 1229w, https:\/\/adra.md\/wp-content\/uploads\/2023\/01\/315887053_162659999793295_1652548842960593401_n.jpg 1440w\" sizes=\"(max-width: 240px) 100vw, 240px\" \/>\u00a0 \u00a0\u00a0 <img loading=\"lazy\" decoding=\"async\" class=\"alignnone size-medium wp-image-19746\" src=\"https:\/\/adra.md\/wp-content\/uploads\/2023\/01\/315890583_162659996459962_3916008704285506150_n-240x300.jpg\" alt=\"\" width=\"240\" height=\"300\" srcset=\"https:\/\/adra.md\/wp-content\/uploads\/2023\/01\/315890583_162659996459962_3916008704285506150_n-240x300.jpg 240w, https:\/\/adra.md\/wp-content\/uploads\/2023\/01\/315890583_162659996459962_3916008704285506150_n-820x1024.jpg 820w, https:\/\/adra.md\/wp-content\/uploads\/2023\/01\/315890583_162659996459962_3916008704285506150_n-768x959.jpg 768w, https:\/\/adra.md\/wp-content\/uploads\/2023\/01\/315890583_162659996459962_3916008704285506150_n-1229x1536.jpg 1229w, https:\/\/adra.md\/wp-content\/uploads\/2023\/01\/315890583_162659996459962_3916008704285506150_n.jpg 1440w\" sizes=\"(max-width: 240px) 100vw, 240px\" \/><\/div>\n<div dir=\"auto\"><\/div>\n<div dir=\"auto\">\u00a0 \u00a0 \u00a0 \u00a0 \u00a0 \u00a0 \u00a0 \u00a0 \u00a0 \u00a0 \u00a0 \u00a0 \u00a0 \u00a0 \u00a0 \u00a0 \u00a0 \u00a0 \u00a0 \u00a0 \u00a0 \u00a0 \u00a0 \u00a0 \u00a0 \u00a0 \u00a0 \u00a0 \u00a0 \u00a0 \u00a0 \u00a0 \u00a0 \u00a0\u00a0<img loading=\"lazy\" decoding=\"async\" class=\"alignnone size-medium wp-image-19747\" src=\"https:\/\/adra.md\/wp-content\/uploads\/2023\/01\/315960862_162659973126631_3168441785343330003_n-240x300.jpg\" alt=\"\" width=\"240\" height=\"300\" srcset=\"https:\/\/adra.md\/wp-content\/uploads\/2023\/01\/315960862_162659973126631_3168441785343330003_n-240x300.jpg 240w, https:\/\/adra.md\/wp-content\/uploads\/2023\/01\/315960862_162659973126631_3168441785343330003_n-819x1024.jpg 819w, https:\/\/adra.md\/wp-content\/uploads\/2023\/01\/315960862_162659973126631_3168441785343330003_n-768x960.jpg 768w, https:\/\/adra.md\/wp-content\/uploads\/2023\/01\/315960862_162659973126631_3168441785343330003_n-1229x1536.jpg 1229w, https:\/\/adra.md\/wp-content\/uploads\/2023\/01\/315960862_162659973126631_3168441785343330003_n.jpg 1440w\" sizes=\"(max-width: 240px) 100vw, 240px\" \/><\/div>\n","protected":false},"excerpt":{"rendered":"<p>Activit\u0103\u021bile psiho-sociale &#8211; activit\u0103\u021bi care ne unesc \u0219i ne fac s\u0103 fim mai buni! Aici ne putem deschide fa\u021b\u0103 de cei din jur, ne putem spune tr\u0103irile \u0219i putem vedea c\u0103 nu suntem singuri. Basarabeasca este localitatea care g\u0103zduie\u0219te peste 100 de refugia\u021bi din Ucraina, iar ADRA Moldova, \u00een cadrul parteneriatului sus\u021binut de c\u0103tre @Austw\u00e4rtiges_Amt, [&hellip;]<\/p>\n","protected":false},"author":9,"featured_media":19741,"comment_status":"closed","ping_status":"closed","sticky":false,"template":"","format":"standard","meta":{"_acf_changed":false,"footnotes":""},"categories":[294],"tags":[],"class_list":["post-19736","post","type-post","status-publish","format-standard","has-post-thumbnail","hentry","category-news"],"acf":[],"yoast_head":"<!-- This site is optimized with the Yoast SEO plugin v27.4 - https:\/\/yoast.com\/product\/yoast-seo-wordpress\/ -->\n<title>Activit\u0103\u021bile psiho-sociale - activit\u0103\u021bi care ne unesc \u0219i ne fac s\u0103 fim mai buni! - ADRA Moldova<\/title>\n<meta name=\"robots\" content=\"index, follow, max-snippet:-1, max-image-preview:large, max-video-preview:-1\" \/>\n<link rel=\"canonical\" href=\"https:\/\/adra.md\/ru\/activitatile-psiho-sociale-activitati-care-ne-unesc-si-ne-fac-sa-fie-mai-buni\/\" \/>\n<meta property=\"og:locale\" content=\"ru_RU\" \/>\n<meta property=\"og:type\" content=\"article\" \/>\n<meta property=\"og:title\" content=\"Activit\u0103\u021bile psiho-sociale - activit\u0103\u021bi care ne unesc \u0219i ne fac s\u0103 fim mai buni! - ADRA Moldova\" \/>\n<meta property=\"og:description\" content=\"Activit\u0103\u021bile psiho-sociale &#8211; activit\u0103\u021bi care ne unesc \u0219i ne fac s\u0103 fim mai buni! Aici ne putem deschide fa\u021b\u0103 de cei din jur, ne putem spune tr\u0103irile \u0219i putem vedea c\u0103 nu suntem singuri. Basarabeasca este localitatea care g\u0103zduie\u0219te peste 100 de refugia\u021bi din Ucraina, iar ADRA Moldova, \u00een cadrul parteneriatului sus\u021binut de c\u0103tre @Austw\u00e4rtiges_Amt, [&hellip;]\" \/>\n<meta property=\"og:url\" content=\"https:\/\/adra.md\/ru\/activitatile-psiho-sociale-activitati-care-ne-unesc-si-ne-fac-sa-fie-mai-buni\/\" \/>\n<meta property=\"og:site_name\" content=\"ADRA Moldova\" \/>\n<meta property=\"article:published_time\" content=\"2023-01-20T08:33:55+00:00\" \/>\n<meta property=\"article:modified_time\" content=\"2023-01-20T08:35:04+00:00\" \/>\n<meta property=\"og:image\" content=\"https:\/\/adra.md\/wp-content\/uploads\/2023\/01\/315848796_162659989793296_1122963312887907376_n.jpg\" \/>\n\t<meta property=\"og:image:width\" content=\"1440\" \/>\n\t<meta property=\"og:image:height\" content=\"1800\" \/>\n\t<meta property=\"og:image:type\" content=\"image\/jpeg\" \/>\n<meta name=\"author\" content=\"ADRA Moldova\" \/>\n<meta name=\"twitter:card\" content=\"summary_large_image\" \/>\n<meta name=\"twitter:label1\" content=\"\u041d\u0430\u043f\u0438\u0441\u0430\u043d\u043e \u0430\u0432\u0442\u043e\u0440\u043e\u043c\" \/>\n\t<meta name=\"twitter:data1\" content=\"ADRA Moldova\" \/>\n\t<meta name=\"twitter:label2\" content=\"\u041f\u0440\u0438\u043c\u0435\u0440\u043d\u043e\u0435 \u0432\u0440\u0435\u043c\u044f \u0434\u043b\u044f \u0447\u0442\u0435\u043d\u0438\u044f\" \/>\n\t<meta name=\"twitter:data2\" content=\"1 \u043c\u0438\u043d\u0443\u0442\u0430\" \/>\n<script type=\"application\/ld+json\" class=\"yoast-schema-graph\">{\"@context\":\"https:\\\/\\\/schema.org\",\"@graph\":[{\"@type\":\"Article\",\"@id\":\"https:\\\/\\\/adra.md\\\/activitatile-psiho-sociale-activitati-care-ne-unesc-si-ne-fac-sa-fie-mai-buni\\\/#article\",\"isPartOf\":{\"@id\":\"https:\\\/\\\/adra.md\\\/activitatile-psiho-sociale-activitati-care-ne-unesc-si-ne-fac-sa-fie-mai-buni\\\/\"},\"author\":{\"name\":\"ADRA Moldova\",\"@id\":\"https:\\\/\\\/adra.md\\\/#\\\/schema\\\/person\\\/b0181e611ee89738cefb7dc2db2bb8d1\"},\"headline\":\"Activit\u0103\u021bile psiho-sociale &#8211; activit\u0103\u021bi care ne unesc \u0219i ne fac s\u0103 fim mai buni!\",\"datePublished\":\"2023-01-20T08:33:55+00:00\",\"dateModified\":\"2023-01-20T08:35:04+00:00\",\"mainEntityOfPage\":{\"@id\":\"https:\\\/\\\/adra.md\\\/activitatile-psiho-sociale-activitati-care-ne-unesc-si-ne-fac-sa-fie-mai-buni\\\/\"},\"wordCount\":140,\"publisher\":{\"@id\":\"https:\\\/\\\/adra.md\\\/#organization\"},\"image\":{\"@id\":\"https:\\\/\\\/adra.md\\\/activitatile-psiho-sociale-activitati-care-ne-unesc-si-ne-fac-sa-fie-mai-buni\\\/#primaryimage\"},\"thumbnailUrl\":\"https:\\\/\\\/adra.md\\\/wp-content\\\/uploads\\\/2023\\\/01\\\/315848796_162659989793296_1122963312887907376_n.jpg\",\"articleSection\":[\"News\"],\"inLanguage\":\"ru-RU\"},{\"@type\":\"WebPage\",\"@id\":\"https:\\\/\\\/adra.md\\\/activitatile-psiho-sociale-activitati-care-ne-unesc-si-ne-fac-sa-fie-mai-buni\\\/\",\"url\":\"https:\\\/\\\/adra.md\\\/activitatile-psiho-sociale-activitati-care-ne-unesc-si-ne-fac-sa-fie-mai-buni\\\/\",\"name\":\"Activit\u0103\u021bile psiho-sociale - activit\u0103\u021bi care ne unesc \u0219i ne fac s\u0103 fim mai buni! - ADRA Moldova\",\"isPartOf\":{\"@id\":\"https:\\\/\\\/adra.md\\\/#website\"},\"primaryImageOfPage\":{\"@id\":\"https:\\\/\\\/adra.md\\\/activitatile-psiho-sociale-activitati-care-ne-unesc-si-ne-fac-sa-fie-mai-buni\\\/#primaryimage\"},\"image\":{\"@id\":\"https:\\\/\\\/adra.md\\\/activitatile-psiho-sociale-activitati-care-ne-unesc-si-ne-fac-sa-fie-mai-buni\\\/#primaryimage\"},\"thumbnailUrl\":\"https:\\\/\\\/adra.md\\\/wp-content\\\/uploads\\\/2023\\\/01\\\/315848796_162659989793296_1122963312887907376_n.jpg\",\"datePublished\":\"2023-01-20T08:33:55+00:00\",\"dateModified\":\"2023-01-20T08:35:04+00:00\",\"breadcrumb\":{\"@id\":\"https:\\\/\\\/adra.md\\\/activitatile-psiho-sociale-activitati-care-ne-unesc-si-ne-fac-sa-fie-mai-buni\\\/#breadcrumb\"},\"inLanguage\":\"ru-RU\",\"potentialAction\":[{\"@type\":\"ReadAction\",\"target\":[\"https:\\\/\\\/adra.md\\\/activitatile-psiho-sociale-activitati-care-ne-unesc-si-ne-fac-sa-fie-mai-buni\\\/\"]}]},{\"@type\":\"ImageObject\",\"inLanguage\":\"ru-RU\",\"@id\":\"https:\\\/\\\/adra.md\\\/activitatile-psiho-sociale-activitati-care-ne-unesc-si-ne-fac-sa-fie-mai-buni\\\/#primaryimage\",\"url\":\"https:\\\/\\\/adra.md\\\/wp-content\\\/uploads\\\/2023\\\/01\\\/315848796_162659989793296_1122963312887907376_n.jpg\",\"contentUrl\":\"https:\\\/\\\/adra.md\\\/wp-content\\\/uploads\\\/2023\\\/01\\\/315848796_162659989793296_1122963312887907376_n.jpg\",\"width\":1440,\"height\":1800},{\"@type\":\"BreadcrumbList\",\"@id\":\"https:\\\/\\\/adra.md\\\/activitatile-psiho-sociale-activitati-care-ne-unesc-si-ne-fac-sa-fie-mai-buni\\\/#breadcrumb\",\"itemListElement\":[{\"@type\":\"ListItem\",\"position\":1,\"name\":\"Home\",\"item\":\"https:\\\/\\\/adra.md\\\/\"},{\"@type\":\"ListItem\",\"position\":2,\"name\":\"Activit\u0103\u021bile psiho-sociale &#8211; activit\u0103\u021bi care ne unesc \u0219i ne fac s\u0103 fim mai buni!\"}]},{\"@type\":\"WebSite\",\"@id\":\"https:\\\/\\\/adra.md\\\/#website\",\"url\":\"https:\\\/\\\/adra.md\\\/\",\"name\":\"ADRA Moldova\",\"description\":\"Agen\u0163ia Adventist\u0103 pentru Dezvoltare, Refacere \u015fi Ajutor\",\"publisher\":{\"@id\":\"https:\\\/\\\/adra.md\\\/#organization\"},\"potentialAction\":[{\"@type\":\"SearchAction\",\"target\":{\"@type\":\"EntryPoint\",\"urlTemplate\":\"https:\\\/\\\/adra.md\\\/?s={search_term_string}\"},\"query-input\":{\"@type\":\"PropertyValueSpecification\",\"valueRequired\":true,\"valueName\":\"search_term_string\"}}],\"inLanguage\":\"ru-RU\"},{\"@type\":\"Organization\",\"@id\":\"https:\\\/\\\/adra.md\\\/#organization\",\"name\":\"ADRA Moldova\",\"url\":\"https:\\\/\\\/adra.md\\\/\",\"logo\":{\"@type\":\"ImageObject\",\"inLanguage\":\"ru-RU\",\"@id\":\"https:\\\/\\\/adra.md\\\/#\\\/schema\\\/logo\\\/image\\\/\",\"url\":\"https:\\\/\\\/adra.md\\\/wp-content\\\/uploads\\\/2019\\\/11\\\/group-435.png\",\"contentUrl\":\"https:\\\/\\\/adra.md\\\/wp-content\\\/uploads\\\/2019\\\/11\\\/group-435.png\",\"width\":500,\"height\":133,\"caption\":\"ADRA Moldova\"},\"image\":{\"@id\":\"https:\\\/\\\/adra.md\\\/#\\\/schema\\\/logo\\\/image\\\/\"}},{\"@type\":\"Person\",\"@id\":\"https:\\\/\\\/adra.md\\\/#\\\/schema\\\/person\\\/b0181e611ee89738cefb7dc2db2bb8d1\",\"name\":\"ADRA Moldova\",\"url\":\"https:\\\/\\\/adra.md\\\/ru\\\/author\\\/andrei-girleanu\\\/\"}]}<\/script>\n<!-- \/ Yoast SEO plugin. -->","yoast_head_json":{"title":"Activit\u0103\u021bile psiho-sociale - activit\u0103\u021bi care ne unesc \u0219i ne fac s\u0103 fim mai buni! - ADRA Moldova","robots":{"index":"index","follow":"follow","max-snippet":"max-snippet:-1","max-image-preview":"max-image-preview:large","max-video-preview":"max-video-preview:-1"},"canonical":"https:\/\/adra.md\/ru\/activitatile-psiho-sociale-activitati-care-ne-unesc-si-ne-fac-sa-fie-mai-buni\/","og_locale":"ru_RU","og_type":"article","og_title":"Activit\u0103\u021bile psiho-sociale - activit\u0103\u021bi care ne unesc \u0219i ne fac s\u0103 fim mai buni! - ADRA Moldova","og_description":"Activit\u0103\u021bile psiho-sociale &#8211; activit\u0103\u021bi care ne unesc \u0219i ne fac s\u0103 fim mai buni! Aici ne putem deschide fa\u021b\u0103 de cei din jur, ne putem spune tr\u0103irile \u0219i putem vedea c\u0103 nu suntem singuri. Basarabeasca este localitatea care g\u0103zduie\u0219te peste 100 de refugia\u021bi din Ucraina, iar ADRA Moldova, \u00een cadrul parteneriatului sus\u021binut de c\u0103tre @Austw\u00e4rtiges_Amt, [&hellip;]","og_url":"https:\/\/adra.md\/ru\/activitatile-psiho-sociale-activitati-care-ne-unesc-si-ne-fac-sa-fie-mai-buni\/","og_site_name":"ADRA Moldova","article_published_time":"2023-01-20T08:33:55+00:00","article_modified_time":"2023-01-20T08:35:04+00:00","og_image":[{"width":1440,"height":1800,"url":"https:\/\/adra.md\/wp-content\/uploads\/2023\/01\/315848796_162659989793296_1122963312887907376_n.jpg","type":"image\/jpeg"}],"author":"ADRA Moldova","twitter_card":"summary_large_image","twitter_misc":{"\u041d\u0430\u043f\u0438\u0441\u0430\u043d\u043e \u0430\u0432\u0442\u043e\u0440\u043e\u043c":"ADRA Moldova","\u041f\u0440\u0438\u043c\u0435\u0440\u043d\u043e\u0435 \u0432\u0440\u0435\u043c\u044f \u0434\u043b\u044f \u0447\u0442\u0435\u043d\u0438\u044f":"1 \u043c\u0438\u043d\u0443\u0442\u0430"},"schema":{"@context":"https:\/\/schema.org","@graph":[{"@type":"Article","@id":"https:\/\/adra.md\/activitatile-psiho-sociale-activitati-care-ne-unesc-si-ne-fac-sa-fie-mai-buni\/#article","isPartOf":{"@id":"https:\/\/adra.md\/activitatile-psiho-sociale-activitati-care-ne-unesc-si-ne-fac-sa-fie-mai-buni\/"},"author":{"name":"ADRA Moldova","@id":"https:\/\/adra.md\/#\/schema\/person\/b0181e611ee89738cefb7dc2db2bb8d1"},"headline":"Activit\u0103\u021bile psiho-sociale &#8211; activit\u0103\u021bi care ne unesc \u0219i ne fac s\u0103 fim mai buni!","datePublished":"2023-01-20T08:33:55+00:00","dateModified":"2023-01-20T08:35:04+00:00","mainEntityOfPage":{"@id":"https:\/\/adra.md\/activitatile-psiho-sociale-activitati-care-ne-unesc-si-ne-fac-sa-fie-mai-buni\/"},"wordCount":140,"publisher":{"@id":"https:\/\/adra.md\/#organization"},"image":{"@id":"https:\/\/adra.md\/activitatile-psiho-sociale-activitati-care-ne-unesc-si-ne-fac-sa-fie-mai-buni\/#primaryimage"},"thumbnailUrl":"https:\/\/adra.md\/wp-content\/uploads\/2023\/01\/315848796_162659989793296_1122963312887907376_n.jpg","articleSection":["News"],"inLanguage":"ru-RU"},{"@type":"WebPage","@id":"https:\/\/adra.md\/activitatile-psiho-sociale-activitati-care-ne-unesc-si-ne-fac-sa-fie-mai-buni\/","url":"https:\/\/adra.md\/activitatile-psiho-sociale-activitati-care-ne-unesc-si-ne-fac-sa-fie-mai-buni\/","name":"Activit\u0103\u021bile psiho-sociale - activit\u0103\u021bi care ne unesc \u0219i ne fac s\u0103 fim mai buni! - ADRA Moldova","isPartOf":{"@id":"https:\/\/adra.md\/#website"},"primaryImageOfPage":{"@id":"https:\/\/adra.md\/activitatile-psiho-sociale-activitati-care-ne-unesc-si-ne-fac-sa-fie-mai-buni\/#primaryimage"},"image":{"@id":"https:\/\/adra.md\/activitatile-psiho-sociale-activitati-care-ne-unesc-si-ne-fac-sa-fie-mai-buni\/#primaryimage"},"thumbnailUrl":"https:\/\/adra.md\/wp-content\/uploads\/2023\/01\/315848796_162659989793296_1122963312887907376_n.jpg","datePublished":"2023-01-20T08:33:55+00:00","dateModified":"2023-01-20T08:35:04+00:00","breadcrumb":{"@id":"https:\/\/adra.md\/activitatile-psiho-sociale-activitati-care-ne-unesc-si-ne-fac-sa-fie-mai-buni\/#breadcrumb"},"inLanguage":"ru-RU","potentialAction":[{"@type":"ReadAction","target":["https:\/\/adra.md\/activitatile-psiho-sociale-activitati-care-ne-unesc-si-ne-fac-sa-fie-mai-buni\/"]}]},{"@type":"ImageObject","inLanguage":"ru-RU","@id":"https:\/\/adra.md\/activitatile-psiho-sociale-activitati-care-ne-unesc-si-ne-fac-sa-fie-mai-buni\/#primaryimage","url":"https:\/\/adra.md\/wp-content\/uploads\/2023\/01\/315848796_162659989793296_1122963312887907376_n.jpg","contentUrl":"https:\/\/adra.md\/wp-content\/uploads\/2023\/01\/315848796_162659989793296_1122963312887907376_n.jpg","width":1440,"height":1800},{"@type":"BreadcrumbList","@id":"https:\/\/adra.md\/activitatile-psiho-sociale-activitati-care-ne-unesc-si-ne-fac-sa-fie-mai-buni\/#breadcrumb","itemListElement":[{"@type":"ListItem","position":1,"name":"Home","item":"https:\/\/adra.md\/"},{"@type":"ListItem","position":2,"name":"Activit\u0103\u021bile psiho-sociale &#8211; activit\u0103\u021bi care ne unesc \u0219i ne fac s\u0103 fim mai buni!"}]},{"@type":"WebSite","@id":"https:\/\/adra.md\/#website","url":"https:\/\/adra.md\/","name":"ADRA Moldova","description":"Agen\u0163ia Adventist\u0103 pentru Dezvoltare, Refacere \u015fi Ajutor","publisher":{"@id":"https:\/\/adra.md\/#organization"},"potentialAction":[{"@type":"SearchAction","target":{"@type":"EntryPoint","urlTemplate":"https:\/\/adra.md\/?s={search_term_string}"},"query-input":{"@type":"PropertyValueSpecification","valueRequired":true,"valueName":"search_term_string"}}],"inLanguage":"ru-RU"},{"@type":"Organization","@id":"https:\/\/adra.md\/#organization","name":"ADRA Moldova","url":"https:\/\/adra.md\/","logo":{"@type":"ImageObject","inLanguage":"ru-RU","@id":"https:\/\/adra.md\/#\/schema\/logo\/image\/","url":"https:\/\/adra.md\/wp-content\/uploads\/2019\/11\/group-435.png","contentUrl":"https:\/\/adra.md\/wp-content\/uploads\/2019\/11\/group-435.png","width":500,"height":133,"caption":"ADRA Moldova"},"image":{"@id":"https:\/\/adra.md\/#\/schema\/logo\/image\/"}},{"@type":"Person","@id":"https:\/\/adra.md\/#\/schema\/person\/b0181e611ee89738cefb7dc2db2bb8d1","name":"ADRA Moldova","url":"https:\/\/adra.md\/ru\/author\/andrei-girleanu\/"}]}},"_links":{"self":[{"href":"https:\/\/adra.md\/ru\/wp-json\/wp\/v2\/posts\/19736","targetHints":{"allow":["GET"]}}],"collection":[{"href":"https:\/\/adra.md\/ru\/wp-json\/wp\/v2\/posts"}],"about":[{"href":"https:\/\/adra.md\/ru\/wp-json\/wp\/v2\/types\/post"}],"author":[{"embeddable":true,"href":"https:\/\/adra.md\/ru\/wp-json\/wp\/v2\/users\/9"}],"replies":[{"embeddable":true,"href":"https:\/\/adra.md\/ru\/wp-json\/wp\/v2\/comments?post=19736"}],"version-history":[{"count":2,"href":"https:\/\/adra.md\/ru\/wp-json\/wp\/v2\/posts\/19736\/revisions"}],"predecessor-version":[{"id":19749,"href":"https:\/\/adra.md\/ru\/wp-json\/wp\/v2\/posts\/19736\/revisions\/19749"}],"wp:featuredmedia":[{"embeddable":true,"href":"https:\/\/adra.md\/ru\/wp-json\/wp\/v2\/media\/19741"}],"wp:attachment":[{"href":"https:\/\/adra.md\/ru\/wp-json\/wp\/v2\/media?parent=19736"}],"wp:term":[{"taxonomy":"category","embeddable":true,"href":"https:\/\/adra.md\/ru\/wp-json\/wp\/v2\/categories?post=19736"},{"taxonomy":"post_tag","embeddable":true,"href":"https:\/\/adra.md\/ru\/wp-json\/wp\/v2\/tags?post=19736"}],"curies":[{"name":"wp","href":"https:\/\/api.w.org\/{rel}","templated":true}]}}