{"id":19787,"date":"2023-01-20T10:09:38","date_gmt":"2023-01-20T10:09:38","guid":{"rendered":"https:\/\/adra.md\/?p=19787"},"modified":"2023-01-20T10:14:49","modified_gmt":"2023-01-20T10:14:49","slug":"uniti-va-opriti-violenta-impotriva-femeilor-si-a-fetelor","status":"publish","type":"post","link":"https:\/\/adra.md\/ru\/uniti-va-opriti-violenta-impotriva-femeilor-si-a-fetelor\/","title":{"rendered":"Uni\u021bi-v\u0103! Opri\u021bi violen\u021ba \u00eempotriva femeilor \u0219i a fetelor!"},"content":{"rendered":"<div class=\"x11i5rnm xat24cr x1mh8g0r x1vvkbs xdj266r x126k92a\">\n<div dir=\"auto\">\n<p>\u00cen contextul campaniei interna\u021bionale \u201e16 zile de activism \u00eempotriva violen\u021bei \u00een baz\u0103 de gen\u201d, ADRA Moldova sustine mesajul global al campaniei pentru acest an:<\/p>\n<div class=\"x11i5rnm xat24cr x1mh8g0r x1vvkbs xdj266r x126k92a\">\n<div dir=\"auto\">\u00cen contextul campaniei interna\u021bionale \u201e16 zile de activism \u00eempotriva violen\u021bei \u00een baz\u0103 de gen\u201d, ADRA Moldova sustine mesajul global al campaniei pentru acest an: Uni\u021bi-v\u0103! Opri\u021bi violen\u021ba \u00eempotriva femeilor \u0219i a fetelor! <span class=\"x3nfvp2 x1j61x8r x1fcty0u xdj266r xhhsvwb xat24cr xgzva0m xxymvpz xlup9mm x1kky2od\"><img decoding=\"async\" src=\"https:\/\/static.xx.fbcdn.net\/images\/emoji.php\/v9\/t61\/2\/16\/270b.png\" alt=\"\u270b\" width=\"16\" height=\"16\" \/><\/span><\/div>\n<\/div>\n<div class=\"x11i5rnm xat24cr x1mh8g0r x1vvkbs xtlvy1s x126k92a\">\n<div dir=\"auto\"><a class=\"x1i10hfl xjbqb8w x6umtig x1b1mbwd xaqea5y xav7gou x9f619 x1ypdohk xt0psk2 xe8uvvx xdj266r x11i5rnm xat24cr x1mh8g0r xexx8yu x4uap5 x18d9i69 xkhd6sd x16tdsg8 x1hl2dhg xggy1nq x1a2a7pz xt0b8zv x1qq9wsj xo1l8bm\" tabindex=\"0\" role=\"link\" href=\"https:\/\/www.facebook.com\/hashtag\/violenta?__eep__=6&amp;__cft__[0]=AZVTInMq12a5OLV6WKRTy6m84y1uainGqmsf4Mzqr5vpVK_n66QmjI57ukqxmH2lCQryMW-O_hJ4Xnhwfits0X0qEp5csXLBlJTeHBLWQr1yX5nfwc9wIuHAFKJ_rsQdhPFpQ1i0Kn-nQ7c6fuUYFAIhRq-vxapiD2nSnNIjlPPbIGQCiq2y0tE_VVWTsURgT20&amp;__tn__=*NK-R\">#violenta<\/a> <a class=\"x1i10hfl xjbqb8w x6umtig x1b1mbwd xaqea5y xav7gou x9f619 x1ypdohk xt0psk2 xe8uvvx xdj266r x11i5rnm xat24cr x1mh8g0r xexx8yu x4uap5 x18d9i69 xkhd6sd x16tdsg8 x1hl2dhg xggy1nq x1a2a7pz xt0b8zv x1qq9wsj xo1l8bm\" tabindex=\"0\" role=\"link\" href=\"https:\/\/www.facebook.com\/hashtag\/stopviolenta?__eep__=6&amp;__cft__[0]=AZVTInMq12a5OLV6WKRTy6m84y1uainGqmsf4Mzqr5vpVK_n66QmjI57ukqxmH2lCQryMW-O_hJ4Xnhwfits0X0qEp5csXLBlJTeHBLWQr1yX5nfwc9wIuHAFKJ_rsQdhPFpQ1i0Kn-nQ7c6fuUYFAIhRq-vxapiD2nSnNIjlPPbIGQCiq2y0tE_VVWTsURgT20&amp;__tn__=*NK-R\">#stopviolenta<\/a> <a class=\"x1i10hfl xjbqb8w x6umtig x1b1mbwd xaqea5y xav7gou x9f619 x1ypdohk xt0psk2 xe8uvvx xdj266r x11i5rnm xat24cr x1mh8g0r xexx8yu x4uap5 x18d9i69 xkhd6sd x16tdsg8 x1hl2dhg xggy1nq x1a2a7pz xt0b8zv x1qq9wsj xo1l8bm\" tabindex=\"0\" role=\"link\" href=\"https:\/\/www.facebook.com\/hashtag\/adramoldova?__eep__=6&amp;__cft__[0]=AZVTInMq12a5OLV6WKRTy6m84y1uainGqmsf4Mzqr5vpVK_n66QmjI57ukqxmH2lCQryMW-O_hJ4Xnhwfits0X0qEp5csXLBlJTeHBLWQr1yX5nfwc9wIuHAFKJ_rsQdhPFpQ1i0Kn-nQ7c6fuUYFAIhRq-vxapiD2nSnNIjlPPbIGQCiq2y0tE_VVWTsURgT20&amp;__tn__=*NK-R\">#adramoldova<\/a> <a class=\"x1i10hfl xjbqb8w x6umtig x1b1mbwd xaqea5y xav7gou x9f619 x1ypdohk xt0psk2 xe8uvvx xdj266r x11i5rnm xat24cr x1mh8g0r xexx8yu x4uap5 x18d9i69 xkhd6sd x16tdsg8 x1hl2dhg xggy1nq x1a2a7pz xt0b8zv x1qq9wsj xo1l8bm\" tabindex=\"0\" role=\"link\" href=\"https:\/\/www.facebook.com\/hashtag\/adra?__eep__=6&amp;__cft__[0]=AZVTInMq12a5OLV6WKRTy6m84y1uainGqmsf4Mzqr5vpVK_n66QmjI57ukqxmH2lCQryMW-O_hJ4Xnhwfits0X0qEp5csXLBlJTeHBLWQr1yX5nfwc9wIuHAFKJ_rsQdhPFpQ1i0Kn-nQ7c6fuUYFAIhRq-vxapiD2nSnNIjlPPbIGQCiq2y0tE_VVWTsURgT20&amp;__tn__=*NK-R\">#adra<\/a> <a class=\"x1i10hfl xjbqb8w x6umtig x1b1mbwd xaqea5y xav7gou x9f619 x1ypdohk xt0psk2 xe8uvvx xdj266r x11i5rnm xat24cr x1mh8g0r xexx8yu x4uap5 x18d9i69 xkhd6sd x16tdsg8 x1hl2dhg xggy1nq x1a2a7pz xt0b8zv x1qq9wsj xo1l8bm\" tabindex=\"0\" role=\"link\" href=\"https:\/\/www.facebook.com\/hashtag\/girls?__eep__=6&amp;__cft__[0]=AZVTInMq12a5OLV6WKRTy6m84y1uainGqmsf4Mzqr5vpVK_n66QmjI57ukqxmH2lCQryMW-O_hJ4Xnhwfits0X0qEp5csXLBlJTeHBLWQr1yX5nfwc9wIuHAFKJ_rsQdhPFpQ1i0Kn-nQ7c6fuUYFAIhRq-vxapiD2nSnNIjlPPbIGQCiq2y0tE_VVWTsURgT20&amp;__tn__=*NK-R\">#girls<\/a> and <a class=\"x1i10hfl xjbqb8w x6umtig x1b1mbwd xaqea5y xav7gou x9f619 x1ypdohk xt0psk2 xe8uvvx xdj266r x11i5rnm xat24cr x1mh8g0r xexx8yu x4uap5 x18d9i69 xkhd6sd x16tdsg8 x1hl2dhg xggy1nq x1a2a7pz xt0b8zv x1qq9wsj xo1l8bm\" tabindex=\"0\" role=\"link\" href=\"https:\/\/www.facebook.com\/hashtag\/women?__eep__=6&amp;__cft__[0]=AZVTInMq12a5OLV6WKRTy6m84y1uainGqmsf4Mzqr5vpVK_n66QmjI57ukqxmH2lCQryMW-O_hJ4Xnhwfits0X0qEp5csXLBlJTeHBLWQr1yX5nfwc9wIuHAFKJ_rsQdhPFpQ1i0Kn-nQ7c6fuUYFAIhRq-vxapiD2nSnNIjlPPbIGQCiq2y0tE_VVWTsURgT20&amp;__tn__=*NK-R\">#women<\/a> <a class=\"x1i10hfl xjbqb8w x6umtig x1b1mbwd xaqea5y xav7gou x9f619 x1ypdohk xt0psk2 xe8uvvx xdj266r x11i5rnm xat24cr x1mh8g0r xexx8yu x4uap5 x18d9i69 xkhd6sd x16tdsg8 x1hl2dhg xggy1nq x1a2a7pz xt0b8zv x1qq9wsj xo1l8bm\" tabindex=\"0\" role=\"link\" href=\"https:\/\/www.facebook.com\/hashtag\/cuvinteledor?__eep__=6&amp;__cft__[0]=AZVTInMq12a5OLV6WKRTy6m84y1uainGqmsf4Mzqr5vpVK_n66QmjI57ukqxmH2lCQryMW-O_hJ4Xnhwfits0X0qEp5csXLBlJTeHBLWQr1yX5nfwc9wIuHAFKJ_rsQdhPFpQ1i0Kn-nQ7c6fuUYFAIhRq-vxapiD2nSnNIjlPPbIGQCiq2y0tE_VVWTsURgT20&amp;__tn__=*NK-R\">#cuvinteledor<\/a><\/div>\n<\/div>\n<div dir=\"auto\"><\/div>\n<p><img fetchpriority=\"high\" decoding=\"async\" class=\"alignnone wp-image-19788\" src=\"https:\/\/adra.md\/wp-content\/uploads\/2023\/01\/317865547_166461032746525_2380998589941018697_n-300x234.jpg\" alt=\"\" width=\"637\" height=\"497\" srcset=\"https:\/\/adra.md\/wp-content\/uploads\/2023\/01\/317865547_166461032746525_2380998589941018697_n-300x234.jpg 300w, https:\/\/adra.md\/wp-content\/uploads\/2023\/01\/317865547_166461032746525_2380998589941018697_n-1024x799.jpg 1024w, https:\/\/adra.md\/wp-content\/uploads\/2023\/01\/317865547_166461032746525_2380998589941018697_n-768x599.jpg 768w, https:\/\/adra.md\/wp-content\/uploads\/2023\/01\/317865547_166461032746525_2380998589941018697_n.jpg 1440w\" sizes=\"(max-width: 637px) 100vw, 637px\" \/><\/p>\n<\/div>\n<\/div>\n","protected":false},"excerpt":{"rendered":"<p>\u00cen contextul campaniei interna\u021bionale \u201e16 zile de activism \u00eempotriva violen\u021bei \u00een baz\u0103 de gen\u201d, ADRA Moldova sustine mesajul global al campaniei pentru acest an: \u00cen contextul campaniei interna\u021bionale \u201e16 zile de activism \u00eempotriva violen\u021bei \u00een baz\u0103 de gen\u201d, ADRA Moldova sustine mesajul global al campaniei pentru acest an: Uni\u021bi-v\u0103! Opri\u021bi violen\u021ba \u00eempotriva femeilor \u0219i a [&hellip;]<\/p>\n","protected":false},"author":9,"featured_media":19788,"comment_status":"closed","ping_status":"closed","sticky":false,"template":"","format":"standard","meta":{"_acf_changed":false,"footnotes":""},"categories":[294,1],"tags":[],"class_list":["post-19787","post","type-post","status-publish","format-standard","has-post-thumbnail","hentry","category-news","category-uncategorized"],"acf":[],"yoast_head":"<!-- This site is optimized with the Yoast SEO plugin v27.4 - https:\/\/yoast.com\/product\/yoast-seo-wordpress\/ -->\n<title>Uni\u021bi-v\u0103! Opri\u021bi violen\u021ba \u00eempotriva femeilor \u0219i a fetelor! - ADRA Moldova<\/title>\n<meta name=\"robots\" content=\"index, follow, max-snippet:-1, max-image-preview:large, max-video-preview:-1\" \/>\n<link rel=\"canonical\" href=\"https:\/\/adra.md\/ru\/uniti-va-opriti-violenta-impotriva-femeilor-si-a-fetelor\/\" \/>\n<meta property=\"og:locale\" content=\"ru_RU\" \/>\n<meta property=\"og:type\" content=\"article\" \/>\n<meta property=\"og:title\" content=\"Uni\u021bi-v\u0103! Opri\u021bi violen\u021ba \u00eempotriva femeilor \u0219i a fetelor! - ADRA Moldova\" \/>\n<meta property=\"og:description\" content=\"\u00cen contextul campaniei interna\u021bionale \u201e16 zile de activism \u00eempotriva violen\u021bei \u00een baz\u0103 de gen\u201d, ADRA Moldova sustine mesajul global al campaniei pentru acest an: \u00cen contextul campaniei interna\u021bionale \u201e16 zile de activism \u00eempotriva violen\u021bei \u00een baz\u0103 de gen\u201d, ADRA Moldova sustine mesajul global al campaniei pentru acest an: Uni\u021bi-v\u0103! Opri\u021bi violen\u021ba \u00eempotriva femeilor \u0219i a [&hellip;]\" \/>\n<meta property=\"og:url\" content=\"https:\/\/adra.md\/ru\/uniti-va-opriti-violenta-impotriva-femeilor-si-a-fetelor\/\" \/>\n<meta property=\"og:site_name\" content=\"ADRA Moldova\" \/>\n<meta property=\"article:published_time\" content=\"2023-01-20T10:09:38+00:00\" \/>\n<meta property=\"article:modified_time\" content=\"2023-01-20T10:14:49+00:00\" \/>\n<meta property=\"og:image\" content=\"https:\/\/adra.md\/wp-content\/uploads\/2023\/01\/317865547_166461032746525_2380998589941018697_n.jpg\" \/>\n\t<meta property=\"og:image:width\" content=\"1440\" \/>\n\t<meta property=\"og:image:height\" content=\"1124\" \/>\n\t<meta property=\"og:image:type\" content=\"image\/jpeg\" \/>\n<meta name=\"author\" content=\"ADRA Moldova\" \/>\n<meta name=\"twitter:card\" content=\"summary_large_image\" \/>\n<meta name=\"twitter:label1\" content=\"\u041d\u0430\u043f\u0438\u0441\u0430\u043d\u043e \u0430\u0432\u0442\u043e\u0440\u043e\u043c\" \/>\n\t<meta name=\"twitter:data1\" content=\"ADRA Moldova\" \/>\n<script type=\"application\/ld+json\" class=\"yoast-schema-graph\">{\"@context\":\"https:\\\/\\\/schema.org\",\"@graph\":[{\"@type\":\"Article\",\"@id\":\"https:\\\/\\\/adra.md\\\/uniti-va-opriti-violenta-impotriva-femeilor-si-a-fetelor\\\/#article\",\"isPartOf\":{\"@id\":\"https:\\\/\\\/adra.md\\\/uniti-va-opriti-violenta-impotriva-femeilor-si-a-fetelor\\\/\"},\"author\":{\"name\":\"ADRA Moldova\",\"@id\":\"https:\\\/\\\/adra.md\\\/#\\\/schema\\\/person\\\/b0181e611ee89738cefb7dc2db2bb8d1\"},\"headline\":\"Uni\u021bi-v\u0103! Opri\u021bi violen\u021ba \u00eempotriva femeilor \u0219i a fetelor!\",\"datePublished\":\"2023-01-20T10:09:38+00:00\",\"dateModified\":\"2023-01-20T10:14:49+00:00\",\"mainEntityOfPage\":{\"@id\":\"https:\\\/\\\/adra.md\\\/uniti-va-opriti-violenta-impotriva-femeilor-si-a-fetelor\\\/\"},\"wordCount\":80,\"publisher\":{\"@id\":\"https:\\\/\\\/adra.md\\\/#organization\"},\"image\":{\"@id\":\"https:\\\/\\\/adra.md\\\/uniti-va-opriti-violenta-impotriva-femeilor-si-a-fetelor\\\/#primaryimage\"},\"thumbnailUrl\":\"https:\\\/\\\/adra.md\\\/wp-content\\\/uploads\\\/2023\\\/01\\\/317865547_166461032746525_2380998589941018697_n.jpg\",\"articleSection\":[\"News\",\"Uncategorized\"],\"inLanguage\":\"ru-RU\"},{\"@type\":\"WebPage\",\"@id\":\"https:\\\/\\\/adra.md\\\/uniti-va-opriti-violenta-impotriva-femeilor-si-a-fetelor\\\/\",\"url\":\"https:\\\/\\\/adra.md\\\/uniti-va-opriti-violenta-impotriva-femeilor-si-a-fetelor\\\/\",\"name\":\"Uni\u021bi-v\u0103! Opri\u021bi violen\u021ba \u00eempotriva femeilor \u0219i a fetelor! - ADRA Moldova\",\"isPartOf\":{\"@id\":\"https:\\\/\\\/adra.md\\\/#website\"},\"primaryImageOfPage\":{\"@id\":\"https:\\\/\\\/adra.md\\\/uniti-va-opriti-violenta-impotriva-femeilor-si-a-fetelor\\\/#primaryimage\"},\"image\":{\"@id\":\"https:\\\/\\\/adra.md\\\/uniti-va-opriti-violenta-impotriva-femeilor-si-a-fetelor\\\/#primaryimage\"},\"thumbnailUrl\":\"https:\\\/\\\/adra.md\\\/wp-content\\\/uploads\\\/2023\\\/01\\\/317865547_166461032746525_2380998589941018697_n.jpg\",\"datePublished\":\"2023-01-20T10:09:38+00:00\",\"dateModified\":\"2023-01-20T10:14:49+00:00\",\"breadcrumb\":{\"@id\":\"https:\\\/\\\/adra.md\\\/uniti-va-opriti-violenta-impotriva-femeilor-si-a-fetelor\\\/#breadcrumb\"},\"inLanguage\":\"ru-RU\",\"potentialAction\":[{\"@type\":\"ReadAction\",\"target\":[\"https:\\\/\\\/adra.md\\\/uniti-va-opriti-violenta-impotriva-femeilor-si-a-fetelor\\\/\"]}]},{\"@type\":\"ImageObject\",\"inLanguage\":\"ru-RU\",\"@id\":\"https:\\\/\\\/adra.md\\\/uniti-va-opriti-violenta-impotriva-femeilor-si-a-fetelor\\\/#primaryimage\",\"url\":\"https:\\\/\\\/adra.md\\\/wp-content\\\/uploads\\\/2023\\\/01\\\/317865547_166461032746525_2380998589941018697_n.jpg\",\"contentUrl\":\"https:\\\/\\\/adra.md\\\/wp-content\\\/uploads\\\/2023\\\/01\\\/317865547_166461032746525_2380998589941018697_n.jpg\",\"width\":1440,\"height\":1124},{\"@type\":\"BreadcrumbList\",\"@id\":\"https:\\\/\\\/adra.md\\\/uniti-va-opriti-violenta-impotriva-femeilor-si-a-fetelor\\\/#breadcrumb\",\"itemListElement\":[{\"@type\":\"ListItem\",\"position\":1,\"name\":\"Home\",\"item\":\"https:\\\/\\\/adra.md\\\/\"},{\"@type\":\"ListItem\",\"position\":2,\"name\":\"Uni\u021bi-v\u0103! Opri\u021bi violen\u021ba \u00eempotriva femeilor \u0219i a fetelor!\"}]},{\"@type\":\"WebSite\",\"@id\":\"https:\\\/\\\/adra.md\\\/#website\",\"url\":\"https:\\\/\\\/adra.md\\\/\",\"name\":\"ADRA Moldova\",\"description\":\"Agen\u0163ia Adventist\u0103 pentru Dezvoltare, Refacere \u015fi Ajutor\",\"publisher\":{\"@id\":\"https:\\\/\\\/adra.md\\\/#organization\"},\"potentialAction\":[{\"@type\":\"SearchAction\",\"target\":{\"@type\":\"EntryPoint\",\"urlTemplate\":\"https:\\\/\\\/adra.md\\\/?s={search_term_string}\"},\"query-input\":{\"@type\":\"PropertyValueSpecification\",\"valueRequired\":true,\"valueName\":\"search_term_string\"}}],\"inLanguage\":\"ru-RU\"},{\"@type\":\"Organization\",\"@id\":\"https:\\\/\\\/adra.md\\\/#organization\",\"name\":\"ADRA Moldova\",\"url\":\"https:\\\/\\\/adra.md\\\/\",\"logo\":{\"@type\":\"ImageObject\",\"inLanguage\":\"ru-RU\",\"@id\":\"https:\\\/\\\/adra.md\\\/#\\\/schema\\\/logo\\\/image\\\/\",\"url\":\"https:\\\/\\\/adra.md\\\/wp-content\\\/uploads\\\/2019\\\/11\\\/group-435.png\",\"contentUrl\":\"https:\\\/\\\/adra.md\\\/wp-content\\\/uploads\\\/2019\\\/11\\\/group-435.png\",\"width\":500,\"height\":133,\"caption\":\"ADRA Moldova\"},\"image\":{\"@id\":\"https:\\\/\\\/adra.md\\\/#\\\/schema\\\/logo\\\/image\\\/\"}},{\"@type\":\"Person\",\"@id\":\"https:\\\/\\\/adra.md\\\/#\\\/schema\\\/person\\\/b0181e611ee89738cefb7dc2db2bb8d1\",\"name\":\"ADRA Moldova\",\"url\":\"https:\\\/\\\/adra.md\\\/ru\\\/author\\\/andrei-girleanu\\\/\"}]}<\/script>\n<!-- \/ Yoast SEO plugin. -->","yoast_head_json":{"title":"Uni\u021bi-v\u0103! Opri\u021bi violen\u021ba \u00eempotriva femeilor \u0219i a fetelor! - ADRA Moldova","robots":{"index":"index","follow":"follow","max-snippet":"max-snippet:-1","max-image-preview":"max-image-preview:large","max-video-preview":"max-video-preview:-1"},"canonical":"https:\/\/adra.md\/ru\/uniti-va-opriti-violenta-impotriva-femeilor-si-a-fetelor\/","og_locale":"ru_RU","og_type":"article","og_title":"Uni\u021bi-v\u0103! Opri\u021bi violen\u021ba \u00eempotriva femeilor \u0219i a fetelor! - ADRA Moldova","og_description":"\u00cen contextul campaniei interna\u021bionale \u201e16 zile de activism \u00eempotriva violen\u021bei \u00een baz\u0103 de gen\u201d, ADRA Moldova sustine mesajul global al campaniei pentru acest an: \u00cen contextul campaniei interna\u021bionale \u201e16 zile de activism \u00eempotriva violen\u021bei \u00een baz\u0103 de gen\u201d, ADRA Moldova sustine mesajul global al campaniei pentru acest an: Uni\u021bi-v\u0103! Opri\u021bi violen\u021ba \u00eempotriva femeilor \u0219i a [&hellip;]","og_url":"https:\/\/adra.md\/ru\/uniti-va-opriti-violenta-impotriva-femeilor-si-a-fetelor\/","og_site_name":"ADRA Moldova","article_published_time":"2023-01-20T10:09:38+00:00","article_modified_time":"2023-01-20T10:14:49+00:00","og_image":[{"width":1440,"height":1124,"url":"https:\/\/adra.md\/wp-content\/uploads\/2023\/01\/317865547_166461032746525_2380998589941018697_n.jpg","type":"image\/jpeg"}],"author":"ADRA Moldova","twitter_card":"summary_large_image","twitter_misc":{"\u041d\u0430\u043f\u0438\u0441\u0430\u043d\u043e \u0430\u0432\u0442\u043e\u0440\u043e\u043c":"ADRA Moldova"},"schema":{"@context":"https:\/\/schema.org","@graph":[{"@type":"Article","@id":"https:\/\/adra.md\/uniti-va-opriti-violenta-impotriva-femeilor-si-a-fetelor\/#article","isPartOf":{"@id":"https:\/\/adra.md\/uniti-va-opriti-violenta-impotriva-femeilor-si-a-fetelor\/"},"author":{"name":"ADRA Moldova","@id":"https:\/\/adra.md\/#\/schema\/person\/b0181e611ee89738cefb7dc2db2bb8d1"},"headline":"Uni\u021bi-v\u0103! Opri\u021bi violen\u021ba \u00eempotriva femeilor \u0219i a fetelor!","datePublished":"2023-01-20T10:09:38+00:00","dateModified":"2023-01-20T10:14:49+00:00","mainEntityOfPage":{"@id":"https:\/\/adra.md\/uniti-va-opriti-violenta-impotriva-femeilor-si-a-fetelor\/"},"wordCount":80,"publisher":{"@id":"https:\/\/adra.md\/#organization"},"image":{"@id":"https:\/\/adra.md\/uniti-va-opriti-violenta-impotriva-femeilor-si-a-fetelor\/#primaryimage"},"thumbnailUrl":"https:\/\/adra.md\/wp-content\/uploads\/2023\/01\/317865547_166461032746525_2380998589941018697_n.jpg","articleSection":["News","Uncategorized"],"inLanguage":"ru-RU"},{"@type":"WebPage","@id":"https:\/\/adra.md\/uniti-va-opriti-violenta-impotriva-femeilor-si-a-fetelor\/","url":"https:\/\/adra.md\/uniti-va-opriti-violenta-impotriva-femeilor-si-a-fetelor\/","name":"Uni\u021bi-v\u0103! Opri\u021bi violen\u021ba \u00eempotriva femeilor \u0219i a fetelor! - ADRA Moldova","isPartOf":{"@id":"https:\/\/adra.md\/#website"},"primaryImageOfPage":{"@id":"https:\/\/adra.md\/uniti-va-opriti-violenta-impotriva-femeilor-si-a-fetelor\/#primaryimage"},"image":{"@id":"https:\/\/adra.md\/uniti-va-opriti-violenta-impotriva-femeilor-si-a-fetelor\/#primaryimage"},"thumbnailUrl":"https:\/\/adra.md\/wp-content\/uploads\/2023\/01\/317865547_166461032746525_2380998589941018697_n.jpg","datePublished":"2023-01-20T10:09:38+00:00","dateModified":"2023-01-20T10:14:49+00:00","breadcrumb":{"@id":"https:\/\/adra.md\/uniti-va-opriti-violenta-impotriva-femeilor-si-a-fetelor\/#breadcrumb"},"inLanguage":"ru-RU","potentialAction":[{"@type":"ReadAction","target":["https:\/\/adra.md\/uniti-va-opriti-violenta-impotriva-femeilor-si-a-fetelor\/"]}]},{"@type":"ImageObject","inLanguage":"ru-RU","@id":"https:\/\/adra.md\/uniti-va-opriti-violenta-impotriva-femeilor-si-a-fetelor\/#primaryimage","url":"https:\/\/adra.md\/wp-content\/uploads\/2023\/01\/317865547_166461032746525_2380998589941018697_n.jpg","contentUrl":"https:\/\/adra.md\/wp-content\/uploads\/2023\/01\/317865547_166461032746525_2380998589941018697_n.jpg","width":1440,"height":1124},{"@type":"BreadcrumbList","@id":"https:\/\/adra.md\/uniti-va-opriti-violenta-impotriva-femeilor-si-a-fetelor\/#breadcrumb","itemListElement":[{"@type":"ListItem","position":1,"name":"Home","item":"https:\/\/adra.md\/"},{"@type":"ListItem","position":2,"name":"Uni\u021bi-v\u0103! Opri\u021bi violen\u021ba \u00eempotriva femeilor \u0219i a fetelor!"}]},{"@type":"WebSite","@id":"https:\/\/adra.md\/#website","url":"https:\/\/adra.md\/","name":"ADRA Moldova","description":"Agen\u0163ia Adventist\u0103 pentru Dezvoltare, Refacere \u015fi Ajutor","publisher":{"@id":"https:\/\/adra.md\/#organization"},"potentialAction":[{"@type":"SearchAction","target":{"@type":"EntryPoint","urlTemplate":"https:\/\/adra.md\/?s={search_term_string}"},"query-input":{"@type":"PropertyValueSpecification","valueRequired":true,"valueName":"search_term_string"}}],"inLanguage":"ru-RU"},{"@type":"Organization","@id":"https:\/\/adra.md\/#organization","name":"ADRA Moldova","url":"https:\/\/adra.md\/","logo":{"@type":"ImageObject","inLanguage":"ru-RU","@id":"https:\/\/adra.md\/#\/schema\/logo\/image\/","url":"https:\/\/adra.md\/wp-content\/uploads\/2019\/11\/group-435.png","contentUrl":"https:\/\/adra.md\/wp-content\/uploads\/2019\/11\/group-435.png","width":500,"height":133,"caption":"ADRA Moldova"},"image":{"@id":"https:\/\/adra.md\/#\/schema\/logo\/image\/"}},{"@type":"Person","@id":"https:\/\/adra.md\/#\/schema\/person\/b0181e611ee89738cefb7dc2db2bb8d1","name":"ADRA Moldova","url":"https:\/\/adra.md\/ru\/author\/andrei-girleanu\/"}]}},"_links":{"self":[{"href":"https:\/\/adra.md\/ru\/wp-json\/wp\/v2\/posts\/19787","targetHints":{"allow":["GET"]}}],"collection":[{"href":"https:\/\/adra.md\/ru\/wp-json\/wp\/v2\/posts"}],"about":[{"href":"https:\/\/adra.md\/ru\/wp-json\/wp\/v2\/types\/post"}],"author":[{"embeddable":true,"href":"https:\/\/adra.md\/ru\/wp-json\/wp\/v2\/users\/9"}],"replies":[{"embeddable":true,"href":"https:\/\/adra.md\/ru\/wp-json\/wp\/v2\/comments?post=19787"}],"version-history":[{"count":2,"href":"https:\/\/adra.md\/ru\/wp-json\/wp\/v2\/posts\/19787\/revisions"}],"predecessor-version":[{"id":19799,"href":"https:\/\/adra.md\/ru\/wp-json\/wp\/v2\/posts\/19787\/revisions\/19799"}],"wp:featuredmedia":[{"embeddable":true,"href":"https:\/\/adra.md\/ru\/wp-json\/wp\/v2\/media\/19788"}],"wp:attachment":[{"href":"https:\/\/adra.md\/ru\/wp-json\/wp\/v2\/media?parent=19787"}],"wp:term":[{"taxonomy":"category","embeddable":true,"href":"https:\/\/adra.md\/ru\/wp-json\/wp\/v2\/categories?post=19787"},{"taxonomy":"post_tag","embeddable":true,"href":"https:\/\/adra.md\/ru\/wp-json\/wp\/v2\/tags?post=19787"}],"curies":[{"name":"wp","href":"https:\/\/api.w.org\/{rel}","templated":true}]}}