{"id":19825,"date":"2023-01-20T10:31:59","date_gmt":"2023-01-20T10:31:59","guid":{"rendered":"https:\/\/adra.md\/?p=19825"},"modified":"2023-01-20T10:31:59","modified_gmt":"2023-01-20T10:31:59","slug":"cuvintele-dor-opriti-violenta-verbala-asupra-copiilor","status":"publish","type":"post","link":"https:\/\/adra.md\/ru\/cuvintele-dor-opriti-violenta-verbala-asupra-copiilor\/","title":{"rendered":"&#8222;Cuvintele dor&#8230; Opri\u021bi violen\u021ba verbal\u0103 asupra copiilor!&#8221;"},"content":{"rendered":"<div class=\"x11i5rnm xat24cr x1mh8g0r x1vvkbs xdj266r x126k92a\">\n<div dir=\"auto\">Ca p\u0103rin\u021bi suntem responsabili de fiecare cuv\u00e2nt spus la adresa copiilor. Ca adul\u021bi &#8211; pentru cuvintele spuse apropia\u021bilor.<\/div>\n<div dir=\"auto\">&#8222;Cuvintele dor&#8230; Opri\u021bi violen\u021ba verbal\u0103 asupra copiilor!&#8221;<\/div>\n<\/div>\n<div class=\"x11i5rnm xat24cr x1mh8g0r x1vvkbs xtlvy1s x126k92a\">\n<div dir=\"auto\">V\u0103 invit\u0103m la un seminar de suflte t, s\u0103 petrecem timp de calitate \u00eempreun\u0103!<\/div>\n<\/div>\n<div class=\"x11i5rnm xat24cr x1mh8g0r x1vvkbs xtlvy1s x126k92a\">\n<div dir=\"auto\"><a class=\"x1i10hfl xjbqb8w x6umtig x1b1mbwd xaqea5y xav7gou x9f619 x1ypdohk xt0psk2 xe8uvvx xdj266r x11i5rnm xat24cr x1mh8g0r xexx8yu x4uap5 x18d9i69 xkhd6sd x16tdsg8 x1hl2dhg xggy1nq x1a2a7pz xt0b8zv x1qq9wsj xo1l8bm\" tabindex=\"0\" role=\"link\" href=\"https:\/\/www.facebook.com\/hashtag\/adra?__eep__=6&amp;__cft__[0]=AZUGLrVUQxfLdcqIL7Ndmykojlq4zTN4IC9Vek_k8sVQr44r9NMtrvBeBYUfA6SGAawFuM4G9_gyxHfigQsqOFzGOb5H2ZEXVIRP1f1DwziEZv15vLTShSbkCy2d5q487EOW1NFndxy4t9XaDlsHTcNMrhBhYki5gvMAaLZs6Fuy3XxgX-I3xgZmSMgci4MGC0Y&amp;__tn__=*NK-R\">#adra<\/a> <a class=\"x1i10hfl xjbqb8w x6umtig x1b1mbwd xaqea5y xav7gou x9f619 x1ypdohk xt0psk2 xe8uvvx xdj266r x11i5rnm xat24cr x1mh8g0r xexx8yu x4uap5 x18d9i69 xkhd6sd x16tdsg8 x1hl2dhg xggy1nq x1a2a7pz xt0b8zv x1qq9wsj xo1l8bm\" tabindex=\"0\" role=\"link\" href=\"https:\/\/www.facebook.com\/hashtag\/adramoldova?__eep__=6&amp;__cft__[0]=AZUGLrVUQxfLdcqIL7Ndmykojlq4zTN4IC9Vek_k8sVQr44r9NMtrvBeBYUfA6SGAawFuM4G9_gyxHfigQsqOFzGOb5H2ZEXVIRP1f1DwziEZv15vLTShSbkCy2d5q487EOW1NFndxy4t9XaDlsHTcNMrhBhYki5gvMAaLZs6Fuy3XxgX-I3xgZmSMgci4MGC0Y&amp;__tn__=*NK-R\">#adramoldova<\/a> <a class=\"x1i10hfl xjbqb8w x6umtig x1b1mbwd xaqea5y xav7gou x9f619 x1ypdohk xt0psk2 xe8uvvx xdj266r x11i5rnm xat24cr x1mh8g0r xexx8yu x4uap5 x18d9i69 xkhd6sd x16tdsg8 x1hl2dhg xggy1nq x1a2a7pz xt0b8zv x1qq9wsj xo1l8bm\" tabindex=\"0\" role=\"link\" href=\"https:\/\/www.facebook.com\/hashtag\/seminar?__eep__=6&amp;__cft__[0]=AZUGLrVUQxfLdcqIL7Ndmykojlq4zTN4IC9Vek_k8sVQr44r9NMtrvBeBYUfA6SGAawFuM4G9_gyxHfigQsqOFzGOb5H2ZEXVIRP1f1DwziEZv15vLTShSbkCy2d5q487EOW1NFndxy4t9XaDlsHTcNMrhBhYki5gvMAaLZs6Fuy3XxgX-I3xgZmSMgci4MGC0Y&amp;__tn__=*NK-R\">#se<\/a><\/div>\n<div dir=\"auto\"><\/div>\n<div dir=\"auto\"><a class=\"x1i10hfl xjbqb8w x6umtig x1b1mbwd xaqea5y xav7gou x9f619 x1ypdohk xt0psk2 xe8uvvx xdj266r x11i5rnm xat24cr x1mh8g0r xexx8yu x4uap5 x18d9i69 xkhd6sd x16tdsg8 x1hl2dhg xggy1nq x1a2a7pz xt0b8zv x1qq9wsj xo1l8bm\" tabindex=\"0\" role=\"link\" href=\"https:\/\/www.facebook.com\/hashtag\/seminar?__eep__=6&amp;__cft__[0]=AZUGLrVUQxfLdcqIL7Ndmykojlq4zTN4IC9Vek_k8sVQr44r9NMtrvBeBYUfA6SGAawFuM4G9_gyxHfigQsqOFzGOb5H2ZEXVIRP1f1DwziEZv15vLTShSbkCy2d5q487EOW1NFndxy4t9XaDlsHTcNMrhBhYki5gvMAaLZs6Fuy3XxgX-I3xgZmSMgci4MGC0Y&amp;__tn__=*NK-R\">minar<\/a> <a class=\"x1i10hfl xjbqb8w x6umtig x1b1mbwd xaqea5y xav7gou x9f619 x1ypdohk xt0psk2 xe8uvvx xdj266r x11i5rnm xat24cr x1mh8g0r xexx8yu x4uap5 x18d9i69 xkhd6sd x16tdsg8 x1hl2dhg xggy1nq x1a2a7pz xt0b8zv x1qq9wsj xo1l8bm\" tabindex=\"0\" role=\"link\" href=\"https:\/\/www.facebook.com\/hashtag\/violentainfamilie?__eep__=6&amp;__cft__[0]=AZUGLrVUQxfLdcqIL7Ndmykojlq4zTN4IC9Vek_k8sVQr44r9NMtrvBeBYUfA6SGAawFuM4G9_gyxHfigQsqOFzGOb5H2ZEXVIRP1f1DwziEZv15vLTShSbkCy2d5q487EOW1NFndxy4t9XaDlsHTcNMrhBhYki5gvMAaLZs6Fuy3XxgX-I3xgZmSMgci4MGC0Y&amp;__tn__=*NK-R\">#violentainfamilie<\/a> <a class=\"x1i10hfl xjbqb8w x6umtig x1b1mbwd xaqea5y xav7gou x9f619 x1ypdohk xt0psk2 xe8uvvx xdj266r x11i5rnm xat24cr x1mh8g0r xexx8yu x4uap5 x18d9i69 xkhd6sd x16tdsg8 x1hl2dhg xggy1nq x1a2a7pz xt0b8zv x1qq9wsj xo1l8bm\" tabindex=\"0\" role=\"link\" href=\"https:\/\/www.facebook.com\/hashtag\/violentaverbala?__eep__=6&amp;__cft__[0]=AZUGLrVUQxfLdcqIL7Ndmykojlq4zTN4IC9Vek_k8sVQr44r9NMtrvBeBYUfA6SGAawFuM4G9_gyxHfigQsqOFzGOb5H2ZEXVIRP1f1DwziEZv15vLTShSbkCy2d5q487EOW1NFndxy4t9XaDlsHTcNMrhBhYki5gvMAaLZs6Fuy3XxgX-I3xgZmSMgci4MGC0Y&amp;__tn__=*NK-R\">#violentaverbala<\/a> <a class=\"x1i10hfl xjbqb8w x6umtig x1b1mbwd xaqea5y xav7gou x9f619 x1ypdohk xt0psk2 xe8uvvx xdj266r x11i5rnm xat24cr x1mh8g0r xexx8yu x4uap5 x18d9i69 xkhd6sd x16tdsg8 x1hl2dhg xggy1nq x1a2a7pz xt0b8zv x1qq9wsj xo1l8bm\" tabindex=\"0\" role=\"link\" href=\"https:\/\/www.facebook.com\/hashtag\/stopviolence?__eep__=6&amp;__cft__[0]=AZUGLrVUQxfLdcqIL7Ndmykojlq4zTN4IC9Vek_k8sVQr44r9NMtrvBeBYUfA6SGAawFuM4G9_gyxHfigQsqOFzGOb5H2ZEXVIRP1f1DwziEZv15vLTShSbkCy2d5q487EOW1NFndxy4t9XaDlsHTcNMrhBhYki5gvMAaLZs6Fuy3XxgX-I3xgZmSMgci4MGC0Y&amp;__tn__=*NK-R\">#stopviolence<\/a> <a class=\"x1i10hfl xjbqb8w x6umtig x1b1mbwd xaqea5y xav7gou x9f619 x1ypdohk xt0psk2 xe8uvvx xdj266r x11i5rnm xat24cr x1mh8g0r xexx8yu x4uap5 x18d9i69 xkhd6sd x16tdsg8 x1hl2dhg xggy1nq x1a2a7pz xt0b8zv x1qq9wsj xo1l8bm\" tabindex=\"0\" role=\"link\" href=\"https:\/\/www.facebook.com\/hashtag\/16daysofactivismagainstgenderbasedviolence?__eep__=6&amp;__cft__[0]=AZUGLrVUQxfLdcqIL7Ndmykojlq4zTN4IC9Vek_k8sVQr44r9NMtrvBeBYUfA6SGAawFuM4G9_gyxHfigQsqOFzGOb5H2ZEXVIRP1f1DwziEZv15vLTShSbkCy2d5q487EOW1NFndxy4t9XaDlsHTcNMrhBhYki5gvMAaLZs6Fuy3XxgX-I3xgZmSMgci4MGC0Y&amp;__tn__=*NK-R\">#16daysofactivismagainstgenderbasedviolence<\/a> <a class=\"x1i10hfl xjbqb8w x6umtig x1b1mbwd xaqea5y xav7gou x9f619 x1ypdohk xt0psk2 xe8uvvx xdj266r x11i5rnm xat24cr x1mh8g0r xexx8yu x4uap5 x18d9i69 xkhd6sd x16tdsg8 x1hl2dhg xggy1nq x1a2a7pz xt0b8zv x1qq9wsj xo1l8bm\" tabindex=\"0\" role=\"link\" href=\"https:\/\/www.facebook.com\/hashtag\/cuvinteledor?__eep__=6&amp;__cft__[0]=AZUGLrVUQxfLdcqIL7Ndmykojlq4zTN4IC9Vek_k8sVQr44r9NMtrvBeBYUfA6SGAawFuM4G9_gyxHfigQsqOFzGOb5H2ZEXVIRP1f1DwziEZv15vLTShSbkCy2d5q487EOW1NFndxy4t9XaDlsHTcNMrhBhYki5gvMAaLZs6Fuy3XxgX-I3xgZmSMgci4MGC0Y&amp;__tn__=*NK-R\">#cuvinteledor<\/a><\/div>\n<\/div>\n<div dir=\"auto\"><\/div>\n<div dir=\"auto\">\u00a0 \u00a0 \u00a0 \u00a0 \u00a0 \u00a0 \u00a0 \u00a0 \u00a0 \u00a0 \u00a0 \u00a0 \u00a0 \u00a0 \u00a0 \u00a0 \u00a0\u00a0<img fetchpriority=\"high\" decoding=\"async\" class=\"alignnone size-medium wp-image-19826\" src=\"https:\/\/adra.md\/wp-content\/uploads\/2023\/01\/318832358_167999639259331_6972751401080112646_n-300x300.jpg\" alt=\"\" width=\"300\" height=\"300\" srcset=\"https:\/\/adra.md\/wp-content\/uploads\/2023\/01\/318832358_167999639259331_6972751401080112646_n-300x300.jpg 300w, https:\/\/adra.md\/wp-content\/uploads\/2023\/01\/318832358_167999639259331_6972751401080112646_n-1024x1024.jpg 1024w, https:\/\/adra.md\/wp-content\/uploads\/2023\/01\/318832358_167999639259331_6972751401080112646_n-150x150.jpg 150w, https:\/\/adra.md\/wp-content\/uploads\/2023\/01\/318832358_167999639259331_6972751401080112646_n-768x768.jpg 768w, https:\/\/adra.md\/wp-content\/uploads\/2023\/01\/318832358_167999639259331_6972751401080112646_n-100x100.jpg 100w, https:\/\/adra.md\/wp-content\/uploads\/2023\/01\/318832358_167999639259331_6972751401080112646_n-50x50.jpg 50w, https:\/\/adra.md\/wp-content\/uploads\/2023\/01\/318832358_167999639259331_6972751401080112646_n.jpg 1170w\" sizes=\"(max-width: 300px) 100vw, 300px\" \/>\u00a0 \u00a0 \u00a0 \u00a0 \u00a0 \u00a0 \u00a0 \u00a0 <img decoding=\"async\" class=\"alignnone size-medium wp-image-19827\" src=\"https:\/\/adra.md\/wp-content\/uploads\/2023\/01\/318941472_167999642592664_3292550118365617600_n-300x300.jpg\" alt=\"\" width=\"300\" height=\"300\" srcset=\"https:\/\/adra.md\/wp-content\/uploads\/2023\/01\/318941472_167999642592664_3292550118365617600_n-300x300.jpg 300w, https:\/\/adra.md\/wp-content\/uploads\/2023\/01\/318941472_167999642592664_3292550118365617600_n-1024x1024.jpg 1024w, https:\/\/adra.md\/wp-content\/uploads\/2023\/01\/318941472_167999642592664_3292550118365617600_n-150x150.jpg 150w, https:\/\/adra.md\/wp-content\/uploads\/2023\/01\/318941472_167999642592664_3292550118365617600_n-768x768.jpg 768w, https:\/\/adra.md\/wp-content\/uploads\/2023\/01\/318941472_167999642592664_3292550118365617600_n-100x100.jpg 100w, https:\/\/adra.md\/wp-content\/uploads\/2023\/01\/318941472_167999642592664_3292550118365617600_n-50x50.jpg 50w, https:\/\/adra.md\/wp-content\/uploads\/2023\/01\/318941472_167999642592664_3292550118365617600_n.jpg 1173w\" sizes=\"(max-width: 300px) 100vw, 300px\" \/><\/div>\n","protected":false},"excerpt":{"rendered":"<p>Ca p\u0103rin\u021bi suntem responsabili de fiecare cuv\u00e2nt spus la adresa copiilor. Ca adul\u021bi &#8211; pentru cuvintele spuse apropia\u021bilor. &#8222;Cuvintele dor&#8230; Opri\u021bi violen\u021ba verbal\u0103 asupra copiilor!&#8221; V\u0103 invit\u0103m la un seminar de suflte t, s\u0103 petrecem timp de calitate \u00eempreun\u0103! #adra #adramoldova #se minar #violentainfamilie #violentaverbala #stopviolence #16daysofactivismagainstgenderbasedviolence #cuvinteledor \u00a0 \u00a0 \u00a0 \u00a0 \u00a0 \u00a0 \u00a0 [&hellip;]<\/p>\n","protected":false},"author":9,"featured_media":19826,"comment_status":"closed","ping_status":"closed","sticky":false,"template":"","format":"standard","meta":{"_acf_changed":false,"footnotes":""},"categories":[294],"tags":[],"class_list":["post-19825","post","type-post","status-publish","format-standard","has-post-thumbnail","hentry","category-news"],"acf":[],"yoast_head":"<!-- This site is optimized with the Yoast SEO plugin v27.4 - https:\/\/yoast.com\/product\/yoast-seo-wordpress\/ -->\n<title>&quot;Cuvintele dor... Opri\u021bi violen\u021ba verbal\u0103 asupra copiilor!&quot; - ADRA Moldova<\/title>\n<meta name=\"robots\" content=\"index, follow, max-snippet:-1, max-image-preview:large, max-video-preview:-1\" \/>\n<link rel=\"canonical\" href=\"https:\/\/adra.md\/ru\/cuvintele-dor-opriti-violenta-verbala-asupra-copiilor\/\" \/>\n<meta property=\"og:locale\" content=\"ru_RU\" \/>\n<meta property=\"og:type\" content=\"article\" \/>\n<meta property=\"og:title\" content=\"&quot;Cuvintele dor... Opri\u021bi violen\u021ba verbal\u0103 asupra copiilor!&quot; - ADRA Moldova\" \/>\n<meta property=\"og:description\" content=\"Ca p\u0103rin\u021bi suntem responsabili de fiecare cuv\u00e2nt spus la adresa copiilor. Ca adul\u021bi &#8211; pentru cuvintele spuse apropia\u021bilor. &#8222;Cuvintele dor&#8230; Opri\u021bi violen\u021ba verbal\u0103 asupra copiilor!&#8221; V\u0103 invit\u0103m la un seminar de suflte t, s\u0103 petrecem timp de calitate \u00eempreun\u0103! #adra #adramoldova #se minar #violentainfamilie #violentaverbala #stopviolence #16daysofactivismagainstgenderbasedviolence #cuvinteledor \u00a0 \u00a0 \u00a0 \u00a0 \u00a0 \u00a0 \u00a0 [&hellip;]\" \/>\n<meta property=\"og:url\" content=\"https:\/\/adra.md\/ru\/cuvintele-dor-opriti-violenta-verbala-asupra-copiilor\/\" \/>\n<meta property=\"og:site_name\" content=\"ADRA Moldova\" \/>\n<meta property=\"article:published_time\" content=\"2023-01-20T10:31:59+00:00\" \/>\n<meta property=\"og:image\" content=\"https:\/\/adra.md\/wp-content\/uploads\/2023\/01\/318832358_167999639259331_6972751401080112646_n.jpg\" \/>\n\t<meta property=\"og:image:width\" content=\"1170\" \/>\n\t<meta property=\"og:image:height\" content=\"1170\" \/>\n\t<meta property=\"og:image:type\" content=\"image\/jpeg\" \/>\n<meta name=\"author\" content=\"ADRA Moldova\" \/>\n<meta name=\"twitter:card\" content=\"summary_large_image\" \/>\n<meta name=\"twitter:label1\" content=\"\u041d\u0430\u043f\u0438\u0441\u0430\u043d\u043e \u0430\u0432\u0442\u043e\u0440\u043e\u043c\" \/>\n\t<meta name=\"twitter:data1\" content=\"ADRA Moldova\" \/>\n<script type=\"application\/ld+json\" class=\"yoast-schema-graph\">{\"@context\":\"https:\\\/\\\/schema.org\",\"@graph\":[{\"@type\":\"Article\",\"@id\":\"https:\\\/\\\/adra.md\\\/cuvintele-dor-opriti-violenta-verbala-asupra-copiilor\\\/#article\",\"isPartOf\":{\"@id\":\"https:\\\/\\\/adra.md\\\/cuvintele-dor-opriti-violenta-verbala-asupra-copiilor\\\/\"},\"author\":{\"name\":\"ADRA Moldova\",\"@id\":\"https:\\\/\\\/adra.md\\\/#\\\/schema\\\/person\\\/b0181e611ee89738cefb7dc2db2bb8d1\"},\"headline\":\"&#8222;Cuvintele dor&#8230; Opri\u021bi violen\u021ba verbal\u0103 asupra copiilor!&#8221;\",\"datePublished\":\"2023-01-20T10:31:59+00:00\",\"mainEntityOfPage\":{\"@id\":\"https:\\\/\\\/adra.md\\\/cuvintele-dor-opriti-violenta-verbala-asupra-copiilor\\\/\"},\"wordCount\":65,\"publisher\":{\"@id\":\"https:\\\/\\\/adra.md\\\/#organization\"},\"image\":{\"@id\":\"https:\\\/\\\/adra.md\\\/cuvintele-dor-opriti-violenta-verbala-asupra-copiilor\\\/#primaryimage\"},\"thumbnailUrl\":\"https:\\\/\\\/adra.md\\\/wp-content\\\/uploads\\\/2023\\\/01\\\/318832358_167999639259331_6972751401080112646_n.jpg\",\"articleSection\":[\"News\"],\"inLanguage\":\"ru-RU\"},{\"@type\":\"WebPage\",\"@id\":\"https:\\\/\\\/adra.md\\\/cuvintele-dor-opriti-violenta-verbala-asupra-copiilor\\\/\",\"url\":\"https:\\\/\\\/adra.md\\\/cuvintele-dor-opriti-violenta-verbala-asupra-copiilor\\\/\",\"name\":\"\\\"Cuvintele dor... Opri\u021bi violen\u021ba verbal\u0103 asupra copiilor!\\\" - ADRA Moldova\",\"isPartOf\":{\"@id\":\"https:\\\/\\\/adra.md\\\/#website\"},\"primaryImageOfPage\":{\"@id\":\"https:\\\/\\\/adra.md\\\/cuvintele-dor-opriti-violenta-verbala-asupra-copiilor\\\/#primaryimage\"},\"image\":{\"@id\":\"https:\\\/\\\/adra.md\\\/cuvintele-dor-opriti-violenta-verbala-asupra-copiilor\\\/#primaryimage\"},\"thumbnailUrl\":\"https:\\\/\\\/adra.md\\\/wp-content\\\/uploads\\\/2023\\\/01\\\/318832358_167999639259331_6972751401080112646_n.jpg\",\"datePublished\":\"2023-01-20T10:31:59+00:00\",\"breadcrumb\":{\"@id\":\"https:\\\/\\\/adra.md\\\/cuvintele-dor-opriti-violenta-verbala-asupra-copiilor\\\/#breadcrumb\"},\"inLanguage\":\"ru-RU\",\"potentialAction\":[{\"@type\":\"ReadAction\",\"target\":[\"https:\\\/\\\/adra.md\\\/cuvintele-dor-opriti-violenta-verbala-asupra-copiilor\\\/\"]}]},{\"@type\":\"ImageObject\",\"inLanguage\":\"ru-RU\",\"@id\":\"https:\\\/\\\/adra.md\\\/cuvintele-dor-opriti-violenta-verbala-asupra-copiilor\\\/#primaryimage\",\"url\":\"https:\\\/\\\/adra.md\\\/wp-content\\\/uploads\\\/2023\\\/01\\\/318832358_167999639259331_6972751401080112646_n.jpg\",\"contentUrl\":\"https:\\\/\\\/adra.md\\\/wp-content\\\/uploads\\\/2023\\\/01\\\/318832358_167999639259331_6972751401080112646_n.jpg\",\"width\":1170,\"height\":1170},{\"@type\":\"BreadcrumbList\",\"@id\":\"https:\\\/\\\/adra.md\\\/cuvintele-dor-opriti-violenta-verbala-asupra-copiilor\\\/#breadcrumb\",\"itemListElement\":[{\"@type\":\"ListItem\",\"position\":1,\"name\":\"Home\",\"item\":\"https:\\\/\\\/adra.md\\\/\"},{\"@type\":\"ListItem\",\"position\":2,\"name\":\"&#8222;Cuvintele dor&#8230; Opri\u021bi violen\u021ba verbal\u0103 asupra copiilor!&#8221;\"}]},{\"@type\":\"WebSite\",\"@id\":\"https:\\\/\\\/adra.md\\\/#website\",\"url\":\"https:\\\/\\\/adra.md\\\/\",\"name\":\"ADRA Moldova\",\"description\":\"Agen\u0163ia Adventist\u0103 pentru Dezvoltare, Refacere \u015fi Ajutor\",\"publisher\":{\"@id\":\"https:\\\/\\\/adra.md\\\/#organization\"},\"potentialAction\":[{\"@type\":\"SearchAction\",\"target\":{\"@type\":\"EntryPoint\",\"urlTemplate\":\"https:\\\/\\\/adra.md\\\/?s={search_term_string}\"},\"query-input\":{\"@type\":\"PropertyValueSpecification\",\"valueRequired\":true,\"valueName\":\"search_term_string\"}}],\"inLanguage\":\"ru-RU\"},{\"@type\":\"Organization\",\"@id\":\"https:\\\/\\\/adra.md\\\/#organization\",\"name\":\"ADRA Moldova\",\"url\":\"https:\\\/\\\/adra.md\\\/\",\"logo\":{\"@type\":\"ImageObject\",\"inLanguage\":\"ru-RU\",\"@id\":\"https:\\\/\\\/adra.md\\\/#\\\/schema\\\/logo\\\/image\\\/\",\"url\":\"https:\\\/\\\/adra.md\\\/wp-content\\\/uploads\\\/2019\\\/11\\\/group-435.png\",\"contentUrl\":\"https:\\\/\\\/adra.md\\\/wp-content\\\/uploads\\\/2019\\\/11\\\/group-435.png\",\"width\":500,\"height\":133,\"caption\":\"ADRA Moldova\"},\"image\":{\"@id\":\"https:\\\/\\\/adra.md\\\/#\\\/schema\\\/logo\\\/image\\\/\"}},{\"@type\":\"Person\",\"@id\":\"https:\\\/\\\/adra.md\\\/#\\\/schema\\\/person\\\/b0181e611ee89738cefb7dc2db2bb8d1\",\"name\":\"ADRA Moldova\",\"url\":\"https:\\\/\\\/adra.md\\\/ru\\\/author\\\/andrei-girleanu\\\/\"}]}<\/script>\n<!-- \/ Yoast SEO plugin. -->","yoast_head_json":{"title":"\"Cuvintele dor... Opri\u021bi violen\u021ba verbal\u0103 asupra copiilor!\" - ADRA Moldova","robots":{"index":"index","follow":"follow","max-snippet":"max-snippet:-1","max-image-preview":"max-image-preview:large","max-video-preview":"max-video-preview:-1"},"canonical":"https:\/\/adra.md\/ru\/cuvintele-dor-opriti-violenta-verbala-asupra-copiilor\/","og_locale":"ru_RU","og_type":"article","og_title":"\"Cuvintele dor... Opri\u021bi violen\u021ba verbal\u0103 asupra copiilor!\" - ADRA Moldova","og_description":"Ca p\u0103rin\u021bi suntem responsabili de fiecare cuv\u00e2nt spus la adresa copiilor. Ca adul\u021bi &#8211; pentru cuvintele spuse apropia\u021bilor. &#8222;Cuvintele dor&#8230; Opri\u021bi violen\u021ba verbal\u0103 asupra copiilor!&#8221; V\u0103 invit\u0103m la un seminar de suflte t, s\u0103 petrecem timp de calitate \u00eempreun\u0103! #adra #adramoldova #se minar #violentainfamilie #violentaverbala #stopviolence #16daysofactivismagainstgenderbasedviolence #cuvinteledor \u00a0 \u00a0 \u00a0 \u00a0 \u00a0 \u00a0 \u00a0 [&hellip;]","og_url":"https:\/\/adra.md\/ru\/cuvintele-dor-opriti-violenta-verbala-asupra-copiilor\/","og_site_name":"ADRA Moldova","article_published_time":"2023-01-20T10:31:59+00:00","og_image":[{"width":1170,"height":1170,"url":"https:\/\/adra.md\/wp-content\/uploads\/2023\/01\/318832358_167999639259331_6972751401080112646_n.jpg","type":"image\/jpeg"}],"author":"ADRA Moldova","twitter_card":"summary_large_image","twitter_misc":{"\u041d\u0430\u043f\u0438\u0441\u0430\u043d\u043e \u0430\u0432\u0442\u043e\u0440\u043e\u043c":"ADRA Moldova"},"schema":{"@context":"https:\/\/schema.org","@graph":[{"@type":"Article","@id":"https:\/\/adra.md\/cuvintele-dor-opriti-violenta-verbala-asupra-copiilor\/#article","isPartOf":{"@id":"https:\/\/adra.md\/cuvintele-dor-opriti-violenta-verbala-asupra-copiilor\/"},"author":{"name":"ADRA Moldova","@id":"https:\/\/adra.md\/#\/schema\/person\/b0181e611ee89738cefb7dc2db2bb8d1"},"headline":"&#8222;Cuvintele dor&#8230; Opri\u021bi violen\u021ba verbal\u0103 asupra copiilor!&#8221;","datePublished":"2023-01-20T10:31:59+00:00","mainEntityOfPage":{"@id":"https:\/\/adra.md\/cuvintele-dor-opriti-violenta-verbala-asupra-copiilor\/"},"wordCount":65,"publisher":{"@id":"https:\/\/adra.md\/#organization"},"image":{"@id":"https:\/\/adra.md\/cuvintele-dor-opriti-violenta-verbala-asupra-copiilor\/#primaryimage"},"thumbnailUrl":"https:\/\/adra.md\/wp-content\/uploads\/2023\/01\/318832358_167999639259331_6972751401080112646_n.jpg","articleSection":["News"],"inLanguage":"ru-RU"},{"@type":"WebPage","@id":"https:\/\/adra.md\/cuvintele-dor-opriti-violenta-verbala-asupra-copiilor\/","url":"https:\/\/adra.md\/cuvintele-dor-opriti-violenta-verbala-asupra-copiilor\/","name":"\"Cuvintele dor... Opri\u021bi violen\u021ba verbal\u0103 asupra copiilor!\" - ADRA Moldova","isPartOf":{"@id":"https:\/\/adra.md\/#website"},"primaryImageOfPage":{"@id":"https:\/\/adra.md\/cuvintele-dor-opriti-violenta-verbala-asupra-copiilor\/#primaryimage"},"image":{"@id":"https:\/\/adra.md\/cuvintele-dor-opriti-violenta-verbala-asupra-copiilor\/#primaryimage"},"thumbnailUrl":"https:\/\/adra.md\/wp-content\/uploads\/2023\/01\/318832358_167999639259331_6972751401080112646_n.jpg","datePublished":"2023-01-20T10:31:59+00:00","breadcrumb":{"@id":"https:\/\/adra.md\/cuvintele-dor-opriti-violenta-verbala-asupra-copiilor\/#breadcrumb"},"inLanguage":"ru-RU","potentialAction":[{"@type":"ReadAction","target":["https:\/\/adra.md\/cuvintele-dor-opriti-violenta-verbala-asupra-copiilor\/"]}]},{"@type":"ImageObject","inLanguage":"ru-RU","@id":"https:\/\/adra.md\/cuvintele-dor-opriti-violenta-verbala-asupra-copiilor\/#primaryimage","url":"https:\/\/adra.md\/wp-content\/uploads\/2023\/01\/318832358_167999639259331_6972751401080112646_n.jpg","contentUrl":"https:\/\/adra.md\/wp-content\/uploads\/2023\/01\/318832358_167999639259331_6972751401080112646_n.jpg","width":1170,"height":1170},{"@type":"BreadcrumbList","@id":"https:\/\/adra.md\/cuvintele-dor-opriti-violenta-verbala-asupra-copiilor\/#breadcrumb","itemListElement":[{"@type":"ListItem","position":1,"name":"Home","item":"https:\/\/adra.md\/"},{"@type":"ListItem","position":2,"name":"&#8222;Cuvintele dor&#8230; Opri\u021bi violen\u021ba verbal\u0103 asupra copiilor!&#8221;"}]},{"@type":"WebSite","@id":"https:\/\/adra.md\/#website","url":"https:\/\/adra.md\/","name":"ADRA Moldova","description":"Agen\u0163ia Adventist\u0103 pentru Dezvoltare, Refacere \u015fi Ajutor","publisher":{"@id":"https:\/\/adra.md\/#organization"},"potentialAction":[{"@type":"SearchAction","target":{"@type":"EntryPoint","urlTemplate":"https:\/\/adra.md\/?s={search_term_string}"},"query-input":{"@type":"PropertyValueSpecification","valueRequired":true,"valueName":"search_term_string"}}],"inLanguage":"ru-RU"},{"@type":"Organization","@id":"https:\/\/adra.md\/#organization","name":"ADRA Moldova","url":"https:\/\/adra.md\/","logo":{"@type":"ImageObject","inLanguage":"ru-RU","@id":"https:\/\/adra.md\/#\/schema\/logo\/image\/","url":"https:\/\/adra.md\/wp-content\/uploads\/2019\/11\/group-435.png","contentUrl":"https:\/\/adra.md\/wp-content\/uploads\/2019\/11\/group-435.png","width":500,"height":133,"caption":"ADRA Moldova"},"image":{"@id":"https:\/\/adra.md\/#\/schema\/logo\/image\/"}},{"@type":"Person","@id":"https:\/\/adra.md\/#\/schema\/person\/b0181e611ee89738cefb7dc2db2bb8d1","name":"ADRA Moldova","url":"https:\/\/adra.md\/ru\/author\/andrei-girleanu\/"}]}},"_links":{"self":[{"href":"https:\/\/adra.md\/ru\/wp-json\/wp\/v2\/posts\/19825","targetHints":{"allow":["GET"]}}],"collection":[{"href":"https:\/\/adra.md\/ru\/wp-json\/wp\/v2\/posts"}],"about":[{"href":"https:\/\/adra.md\/ru\/wp-json\/wp\/v2\/types\/post"}],"author":[{"embeddable":true,"href":"https:\/\/adra.md\/ru\/wp-json\/wp\/v2\/users\/9"}],"replies":[{"embeddable":true,"href":"https:\/\/adra.md\/ru\/wp-json\/wp\/v2\/comments?post=19825"}],"version-history":[{"count":1,"href":"https:\/\/adra.md\/ru\/wp-json\/wp\/v2\/posts\/19825\/revisions"}],"predecessor-version":[{"id":19828,"href":"https:\/\/adra.md\/ru\/wp-json\/wp\/v2\/posts\/19825\/revisions\/19828"}],"wp:featuredmedia":[{"embeddable":true,"href":"https:\/\/adra.md\/ru\/wp-json\/wp\/v2\/media\/19826"}],"wp:attachment":[{"href":"https:\/\/adra.md\/ru\/wp-json\/wp\/v2\/media?parent=19825"}],"wp:term":[{"taxonomy":"category","embeddable":true,"href":"https:\/\/adra.md\/ru\/wp-json\/wp\/v2\/categories?post=19825"},{"taxonomy":"post_tag","embeddable":true,"href":"https:\/\/adra.md\/ru\/wp-json\/wp\/v2\/tags?post=19825"}],"curies":[{"name":"wp","href":"https:\/\/api.w.org\/{rel}","templated":true}]}}