{"id":19853,"date":"2023-01-20T10:56:54","date_gmt":"2023-01-20T10:56:54","guid":{"rendered":"https:\/\/adra.md\/?p=19853"},"modified":"2023-01-20T10:56:54","modified_gmt":"2023-01-20T10:56:54","slug":"e-posibil-sa-il-faci-pe-copil-sa-invete-in-vacanta","status":"publish","type":"post","link":"https:\/\/adra.md\/ru\/e-posibil-sa-il-faci-pe-copil-sa-invete-in-vacanta\/","title":{"rendered":"E posibil s\u0103 \u00eel faci pe copil s\u0103 \u00eenve\u021be \u00een vacan\u021b\u0103?"},"content":{"rendered":"<div class=\"x11i5rnm xat24cr x1mh8g0r x1vvkbs xdj266r x126k92a\">\n<div dir=\"auto\">Crede\u021bi c\u0103 e posibil s\u0103 \u00eel faci pe copil s\u0103 \u00eenve\u021be \u00een vacan\u021b\u0103?<\/div>\n<div dir=\"auto\">Dar \u00een weekend?<\/div>\n<div dir=\"auto\">\u0218coala de vacan\u021b\u0103 &#8222;Odiseea Spa\u021bial\u0103&#8221; i-a atras pe copii prin tematic\u0103 cosmic\u0103, metode interactive \u0219i creative de a \u00eensu\u0219i materia. C\u00e2ntecele s\u0103lt\u0103re\u021be \u0219i activit\u0103\u021bile practice i-au cucerit pe copii, de aceea au promis c\u0103 vor veni \u0219i data viitoare.<\/div>\n<\/div>\n<div class=\"x11i5rnm xat24cr x1mh8g0r x1vvkbs xtlvy1s x126k92a\">\n<div dir=\"auto\">\u00cen colaborare \u0219i suport financiar cu <a class=\"x1i10hfl xjbqb8w x6umtig x1b1mbwd xaqea5y xav7gou x9f619 x1ypdohk xt0psk2 xe8uvvx xdj266r x11i5rnm xat24cr x1mh8g0r xexx8yu x4uap5 x18d9i69 xkhd6sd x16tdsg8 x1hl2dhg xggy1nq x1a2a7pz xt0b8zv x1qq9wsj xo1l8bm\" tabindex=\"0\" role=\"link\" href=\"https:\/\/www.facebook.com\/adra.newzealand\/?__cft__[0]=AZUSAb1cSdbnXiBSRKb5FMNn5SwY7QQga4GXxxzXRR9jJW0MULWWojSJjMAntzEGmlsT3LDfu2AiwBWLeJTh2MDv0MWpJProWyiewsHzhLhaRuajkfQz0OGTVCewkVN3TbLM0Svifks1nikbjjMaN8uEhaPOViOWs3MHSPn2nSPcDBUlLXj-pJ1UaPYqUBsf6Ds&amp;__tn__=kK-R\"><span class=\"xt0psk2\">ADRA New Zealand<\/span><\/a>, ADRA Moldova ajut\u0103 copiii refugia\u021bi s\u0103 se integreze mai u\u0219or \u00een colectivit\u0103\u021bilor locale. P\u0103rin\u021bii lor petrec\u00e2nd timp \u00een discu\u021bii de suflet cu psihologul nostru.<\/div>\n<\/div>\n<div class=\"x11i5rnm xat24cr x1mh8g0r x1vvkbs xtlvy1s x126k92a\">\n<div dir=\"auto\">Grebenscikova Haia @sergiu <a class=\"x1i10hfl xjbqb8w x6umtig x1b1mbwd xaqea5y xav7gou x9f619 x1ypdohk xt0psk2 xe8uvvx xdj266r x11i5rnm xat24cr x1mh8g0r xexx8yu x4uap5 x18d9i69 xkhd6sd x16tdsg8 x1hl2dhg xggy1nq x1a2a7pz xt0b8zv x1qq9wsj xo1l8bm\" tabindex=\"0\" role=\"link\" href=\"https:\/\/www.facebook.com\/victor.bulacu?__cft__[0]=AZUSAb1cSdbnXiBSRKb5FMNn5SwY7QQga4GXxxzXRR9jJW0MULWWojSJjMAntzEGmlsT3LDfu2AiwBWLeJTh2MDv0MWpJProWyiewsHzhLhaRuajkfQz0OGTVCewkVN3TbLM0Svifks1nikbjjMaN8uEhaPOViOWs3MHSPn2nSPcDBUlLXj-pJ1UaPYqUBsf6Ds&amp;__tn__=-]K-R\"><span class=\"xt0psk2\">Cristina Bulacu Macarie<\/span><\/a> @Ina @Iosif <a class=\"x1i10hfl xjbqb8w x6umtig x1b1mbwd xaqea5y xav7gou x9f619 x1ypdohk xt0psk2 xe8uvvx xdj266r x11i5rnm xat24cr x1mh8g0r xexx8yu x4uap5 x18d9i69 xkhd6sd x16tdsg8 x1hl2dhg xggy1nq x1a2a7pz xt0b8zv x1qq9wsj xo1l8bm\" tabindex=\"0\" role=\"link\" href=\"https:\/\/www.facebook.com\/poperecinaya.larisa?__cft__[0]=AZUSAb1cSdbnXiBSRKb5FMNn5SwY7QQga4GXxxzXRR9jJW0MULWWojSJjMAntzEGmlsT3LDfu2AiwBWLeJTh2MDv0MWpJProWyiewsHzhLhaRuajkfQz0OGTVCewkVN3TbLM0Svifks1nikbjjMaN8uEhaPOViOWs3MHSPn2nSPcDBUlLXj-pJ1UaPYqUBsf6Ds&amp;__tn__=-]K-R\"><span class=\"xt0psk2\">Larisa Poperecinaya<\/span><\/a> <a class=\"x1i10hfl xjbqb8w x6umtig x1b1mbwd xaqea5y xav7gou x9f619 x1ypdohk xt0psk2 xe8uvvx xdj266r x11i5rnm xat24cr x1mh8g0r xexx8yu x4uap5 x18d9i69 xkhd6sd x16tdsg8 x1hl2dhg xggy1nq x1a2a7pz xt0b8zv x1qq9wsj xo1l8bm\" tabindex=\"0\" role=\"link\" href=\"https:\/\/www.facebook.com\/albert.mistreanu.5?__cft__[0]=AZUSAb1cSdbnXiBSRKb5FMNn5SwY7QQga4GXxxzXRR9jJW0MULWWojSJjMAntzEGmlsT3LDfu2AiwBWLeJTh2MDv0MWpJProWyiewsHzhLhaRuajkfQz0OGTVCewkVN3TbLM0Svifks1nikbjjMaN8uEhaPOViOWs3MHSPn2nSPcDBUlLXj-pJ1UaPYqUBsf6Ds&amp;__tn__=-]K-R\"><span class=\"xt0psk2\">Mistreanu Adalbert<\/span><\/a>, <a class=\"x1i10hfl xjbqb8w x6umtig x1b1mbwd xaqea5y xav7gou x9f619 x1ypdohk xt0psk2 xe8uvvx xdj266r x11i5rnm xat24cr x1mh8g0r xexx8yu x4uap5 x18d9i69 xkhd6sd x16tdsg8 x1hl2dhg xggy1nq x1a2a7pz xt0b8zv x1qq9wsj xo1l8bm\" tabindex=\"0\" role=\"link\" href=\"https:\/\/www.facebook.com\/AlinaBuneaTudor?__cft__[0]=AZUSAb1cSdbnXiBSRKb5FMNn5SwY7QQga4GXxxzXRR9jJW0MULWWojSJjMAntzEGmlsT3LDfu2AiwBWLeJTh2MDv0MWpJProWyiewsHzhLhaRuajkfQz0OGTVCewkVN3TbLM0Svifks1nikbjjMaN8uEhaPOViOWs3MHSPn2nSPcDBUlLXj-pJ1UaPYqUBsf6Ds&amp;__tn__=-]K-R\"><span class=\"xt0psk2\">Bunea Alina<\/span><\/a> Balasa Erika<a class=\"x1i10hfl xjbqb8w x6umtig x1b1mbwd xaqea5y xav7gou x9f619 x1ypdohk xt0psk2 xe8uvvx xdj266r x11i5rnm xat24cr x1mh8g0r xexx8yu x4uap5 x18d9i69 xkhd6sd x16tdsg8 x1hl2dhg xggy1nq x1a2a7pz xt0b8zv x1qq9wsj xo1l8bm\" tabindex=\"0\" role=\"link\" href=\"https:\/\/www.facebook.com\/beatrice.balasa.37?__cft__[0]=AZUSAb1cSdbnXiBSRKb5FMNn5SwY7QQga4GXxxzXRR9jJW0MULWWojSJjMAntzEGmlsT3LDfu2AiwBWLeJTh2MDv0MWpJProWyiewsHzhLhaRuajkfQz0OGTVCewkVN3TbLM0Svifks1nikbjjMaN8uEhaPOViOWs3MHSPn2nSPcDBUlLXj-pJ1UaPYqUBsf6Ds&amp;__tn__=-]K-R\"><span class=\"xt0psk2\">Beatrice Balasa<\/span><\/a> Angela Prida @cristian_alina Ruslan Erkaboev<\/div>\n<div dir=\"auto\"><a class=\"x1i10hfl xjbqb8w x6umtig x1b1mbwd xaqea5y xav7gou x9f619 x1ypdohk xt0psk2 xe8uvvx xdj266r x11i5rnm xat24cr x1mh8g0r xexx8yu x4uap5 x18d9i69 xkhd6sd x16tdsg8 x1hl2dhg xggy1nq x1a2a7pz xt0b8zv x1qq9wsj xo1l8bm\" tabindex=\"0\" role=\"link\" href=\"https:\/\/www.facebook.com\/hashtag\/adra?__eep__=6&amp;__cft__[0]=AZUSAb1cSdbnXiBSRKb5FMNn5SwY7QQga4GXxxzXRR9jJW0MULWWojSJjMAntzEGmlsT3LDfu2AiwBWLeJTh2MDv0MWpJProWyiewsHzhLhaRuajkfQz0OGTVCewkVN3TbLM0Svifks1nikbjjMaN8uEhaPOViOWs3MHSPn2nSPcDBUlLXj-pJ1UaPYqUBsf6Ds&amp;__tn__=*NK-R\">#adra<\/a> <a class=\"x1i10hfl xjbqb8w x6umtig x1b1mbwd xaqea5y xav7gou x9f619 x1ypdohk xt0psk2 xe8uvvx xdj266r x11i5rnm xat24cr x1mh8g0r xexx8yu x4uap5 x18d9i69 xkhd6sd x16tdsg8 x1hl2dhg xggy1nq x1a2a7pz xt0b8zv x1qq9wsj xo1l8bm\" tabindex=\"0\" role=\"link\" href=\"https:\/\/www.facebook.com\/hashtag\/adramoldova?__eep__=6&amp;__cft__[0]=AZUSAb1cSdbnXiBSRKb5FMNn5SwY7QQga4GXxxzXRR9jJW0MULWWojSJjMAntzEGmlsT3LDfu2AiwBWLeJTh2MDv0MWpJProWyiewsHzhLhaRuajkfQz0OGTVCewkVN3TbLM0Svifks1nikbjjMaN8uEhaPOViOWs3MHSPn2nSPcDBUlLXj-pJ1UaPYqUBsf6Ds&amp;__tn__=*NK-R\">#adramoldova<\/a> <a class=\"x1i10hfl xjbqb8w x6umtig x1b1mbwd xaqea5y xav7gou x9f619 x1ypdohk xt0psk2 xe8uvvx xdj266r x11i5rnm xat24cr x1mh8g0r xexx8yu x4uap5 x18d9i69 xkhd6sd x16tdsg8 x1hl2dhg xggy1nq x1a2a7pz xt0b8zv x1qq9wsj xo1l8bm\" tabindex=\"0\" role=\"link\" href=\"https:\/\/www.facebook.com\/hashtag\/socialinclusionactivity?__eep__=6&amp;__cft__[0]=AZUSAb1cSdbnXiBSRKb5FMNn5SwY7QQga4GXxxzXRR9jJW0MULWWojSJjMAntzEGmlsT3LDfu2AiwBWLeJTh2MDv0MWpJProWyiewsHzhLhaRuajkfQz0OGTVCewkVN3TbLM0Svifks1nikbjjMaN8uEhaPOViOWs3MHSPn2nSPcDBUlLXj-pJ1UaPYqUBsf6Ds&amp;__tn__=*NK-R\">#socialinclusionactivity<\/a> <a class=\"x1i10hfl xjbqb8w x6umtig x1b1mbwd xaqea5y xav7gou x9f619 x1ypdohk xt0psk2 xe8uvvx xdj266r x11i5rnm xat24cr x1mh8g0r xexx8yu x4uap5 x18d9i69 xkhd6sd x16tdsg8 x1hl2dhg xggy1nq x1a2a7pz xt0b8zv x1qq9wsj xo1l8bm\" tabindex=\"0\" role=\"link\" href=\"https:\/\/www.facebook.com\/hashtag\/newzeeland?__eep__=6&amp;__cft__[0]=AZUSAb1cSdbnXiBSRKb5FMNn5SwY7QQga4GXxxzXRR9jJW0MULWWojSJjMAntzEGmlsT3LDfu2AiwBWLeJTh2MDv0MWpJProWyiewsHzhLhaRuajkfQz0OGTVCewkVN3TbLM0Svifks1nikbjjMaN8uEhaPOViOWs3MHSPn2nSPcDBUlLXj-pJ1UaPYqUBsf6Ds&amp;__tn__=*NK-R\">#newzeeland<\/a> <a class=\"x1i10hfl xjbqb8w x6umtig x1b1mbwd xaqea5y xav7gou x9f619 x1ypdohk xt0psk2 xe8uvvx xdj266r x11i5rnm xat24cr x1mh8g0r xexx8yu x4uap5 x18d9i69 xkhd6sd x16tdsg8 x1hl2dhg xggy1nq x1a2a7pz xt0b8zv x1qq9wsj xo1l8bm\" tabindex=\"0\" role=\"link\" href=\"https:\/\/www.facebook.com\/hashtag\/refugees_inclusion?__eep__=6&amp;__cft__[0]=AZUSAb1cSdbnXiBSRKb5FMNn5SwY7QQga4GXxxzXRR9jJW0MULWWojSJjMAntzEGmlsT3LDfu2AiwBWLeJTh2MDv0MWpJProWyiewsHzhLhaRuajkfQz0OGTVCewkVN3TbLM0Svifks1nikbjjMaN8uEhaPOViOWs3MHSPn2nSPcDBUlLXj-pJ1UaPYqUBsf6Ds&amp;__tn__=*NK-R\">#refugees_inclusion<\/a> <a class=\"x1i10hfl xjbqb8w x6umtig x1b1mbwd xaqea5y xav7gou x9f619 x1ypdohk xt0psk2 xe8uvvx xdj266r x11i5rnm xat24cr x1mh8g0r xexx8yu x4uap5 x18d9i69 xkhd6sd x16tdsg8 x1hl2dhg xggy1nq x1a2a7pz xt0b8zv x1qq9wsj xo1l8bm\" tabindex=\"0\" role=\"link\" href=\"https:\/\/www.facebook.com\/hashtag\/pssactivities?__eep__=6&amp;__cft__[0]=AZUSAb1cSdbnXiBSRKb5FMNn5SwY7QQga4GXxxzXRR9jJW0MULWWojSJjMAntzEGmlsT3LDfu2AiwBWLeJTh2MDv0MWpJProWyiewsHzhLhaRuajkfQz0OGTVCewkVN3TbLM0Svifks1nikbjjMaN8uEhaPOViOWs3MHSPn2nSPcDBUlLXj-pJ1UaPYqUBsf6Ds&amp;__tn__=*NK-R\">#pssactivities<\/a> <a class=\"x1i10hfl xjbqb8w x6umtig x1b1mbwd xaqea5y xav7gou x9f619 x1ypdohk xt0psk2 xe8uvvx xdj266r x11i5rnm xat24cr x1mh8g0r xexx8yu x4uap5 x18d9i69 xkhd6sd x16tdsg8 x1hl2dhg xggy1nq x1a2a7pz xt0b8zv x1qq9wsj xo1l8bm\" tabindex=\"0\" role=\"link\" href=\"https:\/\/www.facebook.com\/hashtag\/summerschool?__eep__=6&amp;__cft__[0]=AZUSAb1cSdbnXiBSRKb5FMNn5SwY7QQga4GXxxzXRR9jJW0MULWWojSJjMAntzEGmlsT3LDfu2AiwBWLeJTh2MDv0MWpJProWyiewsHzhLhaRuajkfQz0OGTVCewkVN3TbLM0Svifks1nikbjjMaN8uEhaPOViOWs3MHSPn2nSPcDBUlLXj-pJ1UaPYqUBsf6Ds&amp;__tn__=*NK-R\">#summerschool<\/a><\/div>\n<\/div>\n<div dir=\"auto\">\u00a0 \u00a0 \u00a0 \u00a0 \u00a0 \u00a0 \u00a0<img fetchpriority=\"high\" decoding=\"async\" class=\"alignnone size-medium wp-image-19855\" src=\"https:\/\/adra.md\/wp-content\/uploads\/2023\/01\/319843427_5842676365790475_4822977277054410083_n-225x300.jpg\" alt=\"\" width=\"225\" height=\"300\" srcset=\"https:\/\/adra.md\/wp-content\/uploads\/2023\/01\/319843427_5842676365790475_4822977277054410083_n-225x300.jpg 225w, https:\/\/adra.md\/wp-content\/uploads\/2023\/01\/319843427_5842676365790475_4822977277054410083_n-768x1024.jpg 768w, https:\/\/adra.md\/wp-content\/uploads\/2023\/01\/319843427_5842676365790475_4822977277054410083_n-1152x1536.jpg 1152w, https:\/\/adra.md\/wp-content\/uploads\/2023\/01\/319843427_5842676365790475_4822977277054410083_n.jpg 1536w\" sizes=\"(max-width: 225px) 100vw, 225px\" \/>\u00a0 \u00a0 \u00a0 \u00a0<img decoding=\"async\" class=\"alignnone size-medium wp-image-19857\" src=\"https:\/\/adra.md\/wp-content\/uploads\/2023\/01\/319857963_562050762586314_6963211071462625944_n-300x225.jpg\" alt=\"\" width=\"300\" height=\"225\" srcset=\"https:\/\/adra.md\/wp-content\/uploads\/2023\/01\/319857963_562050762586314_6963211071462625944_n-300x225.jpg 300w, https:\/\/adra.md\/wp-content\/uploads\/2023\/01\/319857963_562050762586314_6963211071462625944_n-1024x768.jpg 1024w, https:\/\/adra.md\/wp-content\/uploads\/2023\/01\/319857963_562050762586314_6963211071462625944_n-768x576.jpg 768w, https:\/\/adra.md\/wp-content\/uploads\/2023\/01\/319857963_562050762586314_6963211071462625944_n-1536x1152.jpg 1536w, https:\/\/adra.md\/wp-content\/uploads\/2023\/01\/319857963_562050762586314_6963211071462625944_n-1000x750.jpg 1000w, https:\/\/adra.md\/wp-content\/uploads\/2023\/01\/319857963_562050762586314_6963211071462625944_n-2000x1500.jpg 2000w, https:\/\/adra.md\/wp-content\/uploads\/2023\/01\/319857963_562050762586314_6963211071462625944_n.jpg 2048w\" sizes=\"(max-width: 300px) 100vw, 300px\" \/>\u00a0 \u00a0 \u00a0 <img decoding=\"async\" class=\"alignnone size-medium wp-image-19858\" src=\"https:\/\/adra.md\/wp-content\/uploads\/2023\/01\/319876033_873061140400238_7228851748130899569_n-225x300.jpg\" alt=\"\" width=\"225\" height=\"300\" srcset=\"https:\/\/adra.md\/wp-content\/uploads\/2023\/01\/319876033_873061140400238_7228851748130899569_n-225x300.jpg 225w, https:\/\/adra.md\/wp-content\/uploads\/2023\/01\/319876033_873061140400238_7228851748130899569_n-768x1024.jpg 768w, https:\/\/adra.md\/wp-content\/uploads\/2023\/01\/319876033_873061140400238_7228851748130899569_n-1152x1536.jpg 1152w, https:\/\/adra.md\/wp-content\/uploads\/2023\/01\/319876033_873061140400238_7228851748130899569_n.jpg 1536w\" sizes=\"(max-width: 225px) 100vw, 225px\" \/><\/div>\n<div dir=\"auto\"><\/div>\n<div dir=\"auto\"><\/div>\n<div dir=\"auto\">\u00a0 \u00a0 \u00a0 \u00a0 \u00a0 \u00a0<img loading=\"lazy\" decoding=\"async\" class=\"alignnone size-medium wp-image-19859\" src=\"https:\/\/adra.md\/wp-content\/uploads\/2023\/01\/319881085_5668056346621318_8742994297868470054_n-225x300.jpg\" alt=\"\" width=\"225\" height=\"300\" srcset=\"https:\/\/adra.md\/wp-content\/uploads\/2023\/01\/319881085_5668056346621318_8742994297868470054_n-225x300.jpg 225w, https:\/\/adra.md\/wp-content\/uploads\/2023\/01\/319881085_5668056346621318_8742994297868470054_n-768x1024.jpg 768w, https:\/\/adra.md\/wp-content\/uploads\/2023\/01\/319881085_5668056346621318_8742994297868470054_n-1152x1536.jpg 1152w, https:\/\/adra.md\/wp-content\/uploads\/2023\/01\/319881085_5668056346621318_8742994297868470054_n.jpg 1536w\" sizes=\"(max-width: 225px) 100vw, 225px\" \/>\u00a0 \u00a0 \u00a0\u00a0<img loading=\"lazy\" decoding=\"async\" class=\"alignnone size-medium wp-image-19860\" src=\"https:\/\/adra.md\/wp-content\/uploads\/2023\/01\/319886935_462724156041374_1952527776553814321_n-300x169.jpg\" alt=\"\" width=\"300\" height=\"169\" srcset=\"https:\/\/adra.md\/wp-content\/uploads\/2023\/01\/319886935_462724156041374_1952527776553814321_n-300x169.jpg 300w, https:\/\/adra.md\/wp-content\/uploads\/2023\/01\/319886935_462724156041374_1952527776553814321_n-1024x576.jpg 1024w, https:\/\/adra.md\/wp-content\/uploads\/2023\/01\/319886935_462724156041374_1952527776553814321_n-768x432.jpg 768w, https:\/\/adra.md\/wp-content\/uploads\/2023\/01\/319886935_462724156041374_1952527776553814321_n-1536x864.jpg 1536w, https:\/\/adra.md\/wp-content\/uploads\/2023\/01\/319886935_462724156041374_1952527776553814321_n-2000x1125.jpg 2000w, https:\/\/adra.md\/wp-content\/uploads\/2023\/01\/319886935_462724156041374_1952527776553814321_n.jpg 2048w\" sizes=\"(max-width: 300px) 100vw, 300px\" \/>\u00a0 \u00a0 \u00a0\u00a0 <img loading=\"lazy\" decoding=\"async\" class=\"alignnone size-medium wp-image-19861\" src=\"https:\/\/adra.md\/wp-content\/uploads\/2023\/01\/319888004_1333318460827934_3662364287884633920_n-240x300.jpg\" alt=\"\" width=\"240\" height=\"300\" srcset=\"https:\/\/adra.md\/wp-content\/uploads\/2023\/01\/319888004_1333318460827934_3662364287884633920_n-240x300.jpg 240w, https:\/\/adra.md\/wp-content\/uploads\/2023\/01\/319888004_1333318460827934_3662364287884633920_n-819x1024.jpg 819w, https:\/\/adra.md\/wp-content\/uploads\/2023\/01\/319888004_1333318460827934_3662364287884633920_n-768x960.jpg 768w, https:\/\/adra.md\/wp-content\/uploads\/2023\/01\/319888004_1333318460827934_3662364287884633920_n-1229x1536.jpg 1229w, https:\/\/adra.md\/wp-content\/uploads\/2023\/01\/319888004_1333318460827934_3662364287884633920_n.jpg 1440w\" sizes=\"(max-width: 240px) 100vw, 240px\" \/><\/div>\n<div dir=\"auto\"><\/div>\n<div dir=\"auto\"><\/div>\n<div dir=\"auto\">\u00a0 \u00a0 \u00a0 \u00a0 \u00a0 \u00a0 \u00a0 \u00a0 \u00a0 \u00a0\u00a0<img loading=\"lazy\" decoding=\"async\" class=\"alignnone size-medium wp-image-19862\" src=\"https:\/\/adra.md\/wp-content\/uploads\/2023\/01\/319895993_3370054253248082_4738739673428465839_n-225x300.jpg\" alt=\"\" width=\"225\" height=\"300\" srcset=\"https:\/\/adra.md\/wp-content\/uploads\/2023\/01\/319895993_3370054253248082_4738739673428465839_n-225x300.jpg 225w, https:\/\/adra.md\/wp-content\/uploads\/2023\/01\/319895993_3370054253248082_4738739673428465839_n-768x1024.jpg 768w, https:\/\/adra.md\/wp-content\/uploads\/2023\/01\/319895993_3370054253248082_4738739673428465839_n-1152x1536.jpg 1152w, https:\/\/adra.md\/wp-content\/uploads\/2023\/01\/319895993_3370054253248082_4738739673428465839_n.jpg 1536w\" sizes=\"(max-width: 225px) 100vw, 225px\" \/>\u00a0 \u00a0 \u00a0 <img loading=\"lazy\" decoding=\"async\" class=\"alignnone size-medium wp-image-19863\" src=\"https:\/\/adra.md\/wp-content\/uploads\/2023\/01\/319902379_844585116662607_3225092050985465049_n-240x300.jpg\" alt=\"\" width=\"240\" height=\"300\" srcset=\"https:\/\/adra.md\/wp-content\/uploads\/2023\/01\/319902379_844585116662607_3225092050985465049_n-240x300.jpg 240w, https:\/\/adra.md\/wp-content\/uploads\/2023\/01\/319902379_844585116662607_3225092050985465049_n-820x1024.jpg 820w, https:\/\/adra.md\/wp-content\/uploads\/2023\/01\/319902379_844585116662607_3225092050985465049_n-768x959.jpg 768w, https:\/\/adra.md\/wp-content\/uploads\/2023\/01\/319902379_844585116662607_3225092050985465049_n-1229x1536.jpg 1229w, https:\/\/adra.md\/wp-content\/uploads\/2023\/01\/319902379_844585116662607_3225092050985465049_n.jpg 1440w\" sizes=\"(max-width: 240px) 100vw, 240px\" \/>\u00a0 \u00a0 \u00a0 <img loading=\"lazy\" decoding=\"async\" class=\"alignnone size-medium wp-image-19864\" src=\"https:\/\/adra.md\/wp-content\/uploads\/2023\/01\/319903726_531539378868855_1497982994190816289_n-240x300.jpg\" alt=\"\" width=\"240\" height=\"300\" srcset=\"https:\/\/adra.md\/wp-content\/uploads\/2023\/01\/319903726_531539378868855_1497982994190816289_n-240x300.jpg 240w, https:\/\/adra.md\/wp-content\/uploads\/2023\/01\/319903726_531539378868855_1497982994190816289_n-820x1024.jpg 820w, https:\/\/adra.md\/wp-content\/uploads\/2023\/01\/319903726_531539378868855_1497982994190816289_n-768x959.jpg 768w, https:\/\/adra.md\/wp-content\/uploads\/2023\/01\/319903726_531539378868855_1497982994190816289_n-1229x1536.jpg 1229w, https:\/\/adra.md\/wp-content\/uploads\/2023\/01\/319903726_531539378868855_1497982994190816289_n.jpg 1440w\" sizes=\"(max-width: 240px) 100vw, 240px\" \/><\/div>\n<div dir=\"auto\"><\/div>\n<div dir=\"auto\">\u00a0 \u00a0 \u00a0 \u00a0 \u00a0 \u00a0 \u00a0 \u00a0 \u00a0 \u00a0<img loading=\"lazy\" decoding=\"async\" class=\"alignnone size-medium wp-image-19865\" src=\"https:\/\/adra.md\/wp-content\/uploads\/2023\/01\/319908820_727868322037907_2224120538032412473_n-240x300.jpg\" alt=\"\" width=\"240\" height=\"300\" srcset=\"https:\/\/adra.md\/wp-content\/uploads\/2023\/01\/319908820_727868322037907_2224120538032412473_n-240x300.jpg 240w, https:\/\/adra.md\/wp-content\/uploads\/2023\/01\/319908820_727868322037907_2224120538032412473_n-820x1024.jpg 820w, https:\/\/adra.md\/wp-content\/uploads\/2023\/01\/319908820_727868322037907_2224120538032412473_n-768x959.jpg 768w, https:\/\/adra.md\/wp-content\/uploads\/2023\/01\/319908820_727868322037907_2224120538032412473_n-1229x1536.jpg 1229w, https:\/\/adra.md\/wp-content\/uploads\/2023\/01\/319908820_727868322037907_2224120538032412473_n.jpg 1440w\" sizes=\"(max-width: 240px) 100vw, 240px\" \/>\u00a0 \u00a0 \u00a0\u00a0 <img loading=\"lazy\" decoding=\"async\" class=\"alignnone size-medium wp-image-19866\" src=\"https:\/\/adra.md\/wp-content\/uploads\/2023\/01\/319971206_1956155967919625_3762465491072452036_n-225x300.jpg\" alt=\"\" width=\"225\" height=\"300\" srcset=\"https:\/\/adra.md\/wp-content\/uploads\/2023\/01\/319971206_1956155967919625_3762465491072452036_n-225x300.jpg 225w, https:\/\/adra.md\/wp-content\/uploads\/2023\/01\/319971206_1956155967919625_3762465491072452036_n-768x1024.jpg 768w, https:\/\/adra.md\/wp-content\/uploads\/2023\/01\/319971206_1956155967919625_3762465491072452036_n-1152x1536.jpg 1152w, https:\/\/adra.md\/wp-content\/uploads\/2023\/01\/319971206_1956155967919625_3762465491072452036_n.jpg 1536w\" sizes=\"(max-width: 225px) 100vw, 225px\" \/>\u00a0 \u00a0 \u00a0 <img loading=\"lazy\" decoding=\"async\" class=\"alignnone size-medium wp-image-19867\" src=\"https:\/\/adra.md\/wp-content\/uploads\/2023\/01\/319979971_1114958989207714_8931490276590801157_n-240x300.jpg\" alt=\"\" width=\"240\" height=\"300\" srcset=\"https:\/\/adra.md\/wp-content\/uploads\/2023\/01\/319979971_1114958989207714_8931490276590801157_n-240x300.jpg 240w, https:\/\/adra.md\/wp-content\/uploads\/2023\/01\/319979971_1114958989207714_8931490276590801157_n-819x1024.jpg 819w, https:\/\/adra.md\/wp-content\/uploads\/2023\/01\/319979971_1114958989207714_8931490276590801157_n-768x960.jpg 768w, https:\/\/adra.md\/wp-content\/uploads\/2023\/01\/319979971_1114958989207714_8931490276590801157_n-1229x1536.jpg 1229w, https:\/\/adra.md\/wp-content\/uploads\/2023\/01\/319979971_1114958989207714_8931490276590801157_n.jpg 1440w\" sizes=\"(max-width: 240px) 100vw, 240px\" \/><\/div>\n<div dir=\"auto\"><\/div>\n<div dir=\"auto\">\u00a0 \u00a0 \u00a0 \u00a0 \u00a0 \u00a0 \u00a0 \u00a0 \u00a0<img loading=\"lazy\" decoding=\"async\" class=\"alignnone size-medium wp-image-19868\" src=\"https:\/\/adra.md\/wp-content\/uploads\/2023\/01\/319985153_711921870102716_9032590533436166957_n-225x300.jpg\" alt=\"\" width=\"225\" height=\"300\" srcset=\"https:\/\/adra.md\/wp-content\/uploads\/2023\/01\/319985153_711921870102716_9032590533436166957_n-225x300.jpg 225w, https:\/\/adra.md\/wp-content\/uploads\/2023\/01\/319985153_711921870102716_9032590533436166957_n-768x1024.jpg 768w, https:\/\/adra.md\/wp-content\/uploads\/2023\/01\/319985153_711921870102716_9032590533436166957_n-1152x1536.jpg 1152w, https:\/\/adra.md\/wp-content\/uploads\/2023\/01\/319985153_711921870102716_9032590533436166957_n.jpg 1536w\" sizes=\"(max-width: 225px) 100vw, 225px\" \/>\u00a0 \u00a0 \u00a0\u00a0 <img loading=\"lazy\" decoding=\"async\" class=\"alignnone size-medium wp-image-19869\" src=\"https:\/\/adra.md\/wp-content\/uploads\/2023\/01\/320013696_1354852001955444_4088401058309894277_n-240x300.jpg\" alt=\"\" width=\"240\" height=\"300\" srcset=\"https:\/\/adra.md\/wp-content\/uploads\/2023\/01\/320013696_1354852001955444_4088401058309894277_n-240x300.jpg 240w, https:\/\/adra.md\/wp-content\/uploads\/2023\/01\/320013696_1354852001955444_4088401058309894277_n-820x1024.jpg 820w, https:\/\/adra.md\/wp-content\/uploads\/2023\/01\/320013696_1354852001955444_4088401058309894277_n-768x959.jpg 768w, https:\/\/adra.md\/wp-content\/uploads\/2023\/01\/320013696_1354852001955444_4088401058309894277_n-1229x1536.jpg 1229w, https:\/\/adra.md\/wp-content\/uploads\/2023\/01\/320013696_1354852001955444_4088401058309894277_n.jpg 1440w\" sizes=\"(max-width: 240px) 100vw, 240px\" \/>\u00a0 \u00a0 \u00a0 \u00a0 <img loading=\"lazy\" decoding=\"async\" class=\"alignnone size-medium wp-image-19870\" src=\"https:\/\/adra.md\/wp-content\/uploads\/2023\/01\/320075023_598520302077323_7932954279194738693_n-240x300.jpg\" alt=\"\" width=\"240\" height=\"300\" srcset=\"https:\/\/adra.md\/wp-content\/uploads\/2023\/01\/320075023_598520302077323_7932954279194738693_n-240x300.jpg 240w, https:\/\/adra.md\/wp-content\/uploads\/2023\/01\/320075023_598520302077323_7932954279194738693_n-819x1024.jpg 819w, https:\/\/adra.md\/wp-content\/uploads\/2023\/01\/320075023_598520302077323_7932954279194738693_n-768x960.jpg 768w, https:\/\/adra.md\/wp-content\/uploads\/2023\/01\/320075023_598520302077323_7932954279194738693_n-1229x1536.jpg 1229w, https:\/\/adra.md\/wp-content\/uploads\/2023\/01\/320075023_598520302077323_7932954279194738693_n.jpg 1440w\" sizes=\"(max-width: 240px) 100vw, 240px\" \/><\/div>\n","protected":false},"excerpt":{"rendered":"<p>Crede\u021bi c\u0103 e posibil s\u0103 \u00eel faci pe copil s\u0103 \u00eenve\u021be \u00een vacan\u021b\u0103? Dar \u00een weekend? \u0218coala de vacan\u021b\u0103 &#8222;Odiseea Spa\u021bial\u0103&#8221; i-a atras pe copii prin tematic\u0103 cosmic\u0103, metode interactive \u0219i creative de a \u00eensu\u0219i materia. C\u00e2ntecele s\u0103lt\u0103re\u021be \u0219i activit\u0103\u021bile practice i-au cucerit pe copii, de aceea au promis c\u0103 vor veni \u0219i data viitoare. [&hellip;]<\/p>\n","protected":false},"author":9,"featured_media":19854,"comment_status":"closed","ping_status":"closed","sticky":false,"template":"","format":"standard","meta":{"_acf_changed":false,"footnotes":""},"categories":[294],"tags":[],"class_list":["post-19853","post","type-post","status-publish","format-standard","has-post-thumbnail","hentry","category-news"],"acf":[],"yoast_head":"<!-- This site is optimized with the Yoast SEO plugin v27.4 - https:\/\/yoast.com\/product\/yoast-seo-wordpress\/ -->\n<title>E posibil s\u0103 \u00eel faci pe copil s\u0103 \u00eenve\u021be \u00een vacan\u021b\u0103? - ADRA Moldova<\/title>\n<meta name=\"robots\" content=\"index, follow, max-snippet:-1, max-image-preview:large, max-video-preview:-1\" \/>\n<link rel=\"canonical\" href=\"https:\/\/adra.md\/ru\/e-posibil-sa-il-faci-pe-copil-sa-invete-in-vacanta\/\" \/>\n<meta property=\"og:locale\" content=\"ru_RU\" \/>\n<meta property=\"og:type\" content=\"article\" \/>\n<meta property=\"og:title\" content=\"E posibil s\u0103 \u00eel faci pe copil s\u0103 \u00eenve\u021be \u00een vacan\u021b\u0103? - ADRA Moldova\" \/>\n<meta property=\"og:description\" content=\"Crede\u021bi c\u0103 e posibil s\u0103 \u00eel faci pe copil s\u0103 \u00eenve\u021be \u00een vacan\u021b\u0103? Dar \u00een weekend? \u0218coala de vacan\u021b\u0103 &#8222;Odiseea Spa\u021bial\u0103&#8221; i-a atras pe copii prin tematic\u0103 cosmic\u0103, metode interactive \u0219i creative de a \u00eensu\u0219i materia. C\u00e2ntecele s\u0103lt\u0103re\u021be \u0219i activit\u0103\u021bile practice i-au cucerit pe copii, de aceea au promis c\u0103 vor veni \u0219i data viitoare. [&hellip;]\" \/>\n<meta property=\"og:url\" content=\"https:\/\/adra.md\/ru\/e-posibil-sa-il-faci-pe-copil-sa-invete-in-vacanta\/\" \/>\n<meta property=\"og:site_name\" content=\"ADRA Moldova\" \/>\n<meta property=\"article:published_time\" content=\"2023-01-20T10:56:54+00:00\" \/>\n<meta property=\"og:image\" content=\"https:\/\/adra.md\/wp-content\/uploads\/2023\/01\/319828170_469359285268912_7290365737098884709_n.jpg\" \/>\n\t<meta property=\"og:image:width\" content=\"1440\" \/>\n\t<meta property=\"og:image:height\" content=\"1800\" \/>\n\t<meta property=\"og:image:type\" content=\"image\/jpeg\" \/>\n<meta name=\"author\" content=\"ADRA Moldova\" \/>\n<meta name=\"twitter:card\" content=\"summary_large_image\" \/>\n<meta name=\"twitter:label1\" content=\"\u041d\u0430\u043f\u0438\u0441\u0430\u043d\u043e \u0430\u0432\u0442\u043e\u0440\u043e\u043c\" \/>\n\t<meta name=\"twitter:data1\" content=\"ADRA Moldova\" \/>\n\t<meta name=\"twitter:label2\" content=\"\u041f\u0440\u0438\u043c\u0435\u0440\u043d\u043e\u0435 \u0432\u0440\u0435\u043c\u044f \u0434\u043b\u044f \u0447\u0442\u0435\u043d\u0438\u044f\" \/>\n\t<meta name=\"twitter:data2\" content=\"1 \u043c\u0438\u043d\u0443\u0442\u0430\" \/>\n<script type=\"application\/ld+json\" class=\"yoast-schema-graph\">{\"@context\":\"https:\\\/\\\/schema.org\",\"@graph\":[{\"@type\":\"Article\",\"@id\":\"https:\\\/\\\/adra.md\\\/e-posibil-sa-il-faci-pe-copil-sa-invete-in-vacanta\\\/#article\",\"isPartOf\":{\"@id\":\"https:\\\/\\\/adra.md\\\/e-posibil-sa-il-faci-pe-copil-sa-invete-in-vacanta\\\/\"},\"author\":{\"name\":\"ADRA Moldova\",\"@id\":\"https:\\\/\\\/adra.md\\\/#\\\/schema\\\/person\\\/b0181e611ee89738cefb7dc2db2bb8d1\"},\"headline\":\"E posibil s\u0103 \u00eel faci pe copil s\u0103 \u00eenve\u021be \u00een vacan\u021b\u0103?\",\"datePublished\":\"2023-01-20T10:56:54+00:00\",\"mainEntityOfPage\":{\"@id\":\"https:\\\/\\\/adra.md\\\/e-posibil-sa-il-faci-pe-copil-sa-invete-in-vacanta\\\/\"},\"wordCount\":148,\"publisher\":{\"@id\":\"https:\\\/\\\/adra.md\\\/#organization\"},\"image\":{\"@id\":\"https:\\\/\\\/adra.md\\\/e-posibil-sa-il-faci-pe-copil-sa-invete-in-vacanta\\\/#primaryimage\"},\"thumbnailUrl\":\"https:\\\/\\\/adra.md\\\/wp-content\\\/uploads\\\/2023\\\/01\\\/319828170_469359285268912_7290365737098884709_n.jpg\",\"articleSection\":[\"News\"],\"inLanguage\":\"ru-RU\"},{\"@type\":\"WebPage\",\"@id\":\"https:\\\/\\\/adra.md\\\/e-posibil-sa-il-faci-pe-copil-sa-invete-in-vacanta\\\/\",\"url\":\"https:\\\/\\\/adra.md\\\/e-posibil-sa-il-faci-pe-copil-sa-invete-in-vacanta\\\/\",\"name\":\"E posibil s\u0103 \u00eel faci pe copil s\u0103 \u00eenve\u021be \u00een vacan\u021b\u0103? - ADRA Moldova\",\"isPartOf\":{\"@id\":\"https:\\\/\\\/adra.md\\\/#website\"},\"primaryImageOfPage\":{\"@id\":\"https:\\\/\\\/adra.md\\\/e-posibil-sa-il-faci-pe-copil-sa-invete-in-vacanta\\\/#primaryimage\"},\"image\":{\"@id\":\"https:\\\/\\\/adra.md\\\/e-posibil-sa-il-faci-pe-copil-sa-invete-in-vacanta\\\/#primaryimage\"},\"thumbnailUrl\":\"https:\\\/\\\/adra.md\\\/wp-content\\\/uploads\\\/2023\\\/01\\\/319828170_469359285268912_7290365737098884709_n.jpg\",\"datePublished\":\"2023-01-20T10:56:54+00:00\",\"breadcrumb\":{\"@id\":\"https:\\\/\\\/adra.md\\\/e-posibil-sa-il-faci-pe-copil-sa-invete-in-vacanta\\\/#breadcrumb\"},\"inLanguage\":\"ru-RU\",\"potentialAction\":[{\"@type\":\"ReadAction\",\"target\":[\"https:\\\/\\\/adra.md\\\/e-posibil-sa-il-faci-pe-copil-sa-invete-in-vacanta\\\/\"]}]},{\"@type\":\"ImageObject\",\"inLanguage\":\"ru-RU\",\"@id\":\"https:\\\/\\\/adra.md\\\/e-posibil-sa-il-faci-pe-copil-sa-invete-in-vacanta\\\/#primaryimage\",\"url\":\"https:\\\/\\\/adra.md\\\/wp-content\\\/uploads\\\/2023\\\/01\\\/319828170_469359285268912_7290365737098884709_n.jpg\",\"contentUrl\":\"https:\\\/\\\/adra.md\\\/wp-content\\\/uploads\\\/2023\\\/01\\\/319828170_469359285268912_7290365737098884709_n.jpg\",\"width\":1440,\"height\":1800},{\"@type\":\"BreadcrumbList\",\"@id\":\"https:\\\/\\\/adra.md\\\/e-posibil-sa-il-faci-pe-copil-sa-invete-in-vacanta\\\/#breadcrumb\",\"itemListElement\":[{\"@type\":\"ListItem\",\"position\":1,\"name\":\"Home\",\"item\":\"https:\\\/\\\/adra.md\\\/\"},{\"@type\":\"ListItem\",\"position\":2,\"name\":\"E posibil s\u0103 \u00eel faci pe copil s\u0103 \u00eenve\u021be \u00een vacan\u021b\u0103?\"}]},{\"@type\":\"WebSite\",\"@id\":\"https:\\\/\\\/adra.md\\\/#website\",\"url\":\"https:\\\/\\\/adra.md\\\/\",\"name\":\"ADRA Moldova\",\"description\":\"Agen\u0163ia Adventist\u0103 pentru Dezvoltare, Refacere \u015fi Ajutor\",\"publisher\":{\"@id\":\"https:\\\/\\\/adra.md\\\/#organization\"},\"potentialAction\":[{\"@type\":\"SearchAction\",\"target\":{\"@type\":\"EntryPoint\",\"urlTemplate\":\"https:\\\/\\\/adra.md\\\/?s={search_term_string}\"},\"query-input\":{\"@type\":\"PropertyValueSpecification\",\"valueRequired\":true,\"valueName\":\"search_term_string\"}}],\"inLanguage\":\"ru-RU\"},{\"@type\":\"Organization\",\"@id\":\"https:\\\/\\\/adra.md\\\/#organization\",\"name\":\"ADRA Moldova\",\"url\":\"https:\\\/\\\/adra.md\\\/\",\"logo\":{\"@type\":\"ImageObject\",\"inLanguage\":\"ru-RU\",\"@id\":\"https:\\\/\\\/adra.md\\\/#\\\/schema\\\/logo\\\/image\\\/\",\"url\":\"https:\\\/\\\/adra.md\\\/wp-content\\\/uploads\\\/2019\\\/11\\\/group-435.png\",\"contentUrl\":\"https:\\\/\\\/adra.md\\\/wp-content\\\/uploads\\\/2019\\\/11\\\/group-435.png\",\"width\":500,\"height\":133,\"caption\":\"ADRA Moldova\"},\"image\":{\"@id\":\"https:\\\/\\\/adra.md\\\/#\\\/schema\\\/logo\\\/image\\\/\"}},{\"@type\":\"Person\",\"@id\":\"https:\\\/\\\/adra.md\\\/#\\\/schema\\\/person\\\/b0181e611ee89738cefb7dc2db2bb8d1\",\"name\":\"ADRA Moldova\",\"url\":\"https:\\\/\\\/adra.md\\\/ru\\\/author\\\/andrei-girleanu\\\/\"}]}<\/script>\n<!-- \/ Yoast SEO plugin. -->","yoast_head_json":{"title":"E posibil s\u0103 \u00eel faci pe copil s\u0103 \u00eenve\u021be \u00een vacan\u021b\u0103? - ADRA Moldova","robots":{"index":"index","follow":"follow","max-snippet":"max-snippet:-1","max-image-preview":"max-image-preview:large","max-video-preview":"max-video-preview:-1"},"canonical":"https:\/\/adra.md\/ru\/e-posibil-sa-il-faci-pe-copil-sa-invete-in-vacanta\/","og_locale":"ru_RU","og_type":"article","og_title":"E posibil s\u0103 \u00eel faci pe copil s\u0103 \u00eenve\u021be \u00een vacan\u021b\u0103? - ADRA Moldova","og_description":"Crede\u021bi c\u0103 e posibil s\u0103 \u00eel faci pe copil s\u0103 \u00eenve\u021be \u00een vacan\u021b\u0103? Dar \u00een weekend? \u0218coala de vacan\u021b\u0103 &#8222;Odiseea Spa\u021bial\u0103&#8221; i-a atras pe copii prin tematic\u0103 cosmic\u0103, metode interactive \u0219i creative de a \u00eensu\u0219i materia. C\u00e2ntecele s\u0103lt\u0103re\u021be \u0219i activit\u0103\u021bile practice i-au cucerit pe copii, de aceea au promis c\u0103 vor veni \u0219i data viitoare. [&hellip;]","og_url":"https:\/\/adra.md\/ru\/e-posibil-sa-il-faci-pe-copil-sa-invete-in-vacanta\/","og_site_name":"ADRA Moldova","article_published_time":"2023-01-20T10:56:54+00:00","og_image":[{"width":1440,"height":1800,"url":"https:\/\/adra.md\/wp-content\/uploads\/2023\/01\/319828170_469359285268912_7290365737098884709_n.jpg","type":"image\/jpeg"}],"author":"ADRA Moldova","twitter_card":"summary_large_image","twitter_misc":{"\u041d\u0430\u043f\u0438\u0441\u0430\u043d\u043e \u0430\u0432\u0442\u043e\u0440\u043e\u043c":"ADRA Moldova","\u041f\u0440\u0438\u043c\u0435\u0440\u043d\u043e\u0435 \u0432\u0440\u0435\u043c\u044f \u0434\u043b\u044f \u0447\u0442\u0435\u043d\u0438\u044f":"1 \u043c\u0438\u043d\u0443\u0442\u0430"},"schema":{"@context":"https:\/\/schema.org","@graph":[{"@type":"Article","@id":"https:\/\/adra.md\/e-posibil-sa-il-faci-pe-copil-sa-invete-in-vacanta\/#article","isPartOf":{"@id":"https:\/\/adra.md\/e-posibil-sa-il-faci-pe-copil-sa-invete-in-vacanta\/"},"author":{"name":"ADRA Moldova","@id":"https:\/\/adra.md\/#\/schema\/person\/b0181e611ee89738cefb7dc2db2bb8d1"},"headline":"E posibil s\u0103 \u00eel faci pe copil s\u0103 \u00eenve\u021be \u00een vacan\u021b\u0103?","datePublished":"2023-01-20T10:56:54+00:00","mainEntityOfPage":{"@id":"https:\/\/adra.md\/e-posibil-sa-il-faci-pe-copil-sa-invete-in-vacanta\/"},"wordCount":148,"publisher":{"@id":"https:\/\/adra.md\/#organization"},"image":{"@id":"https:\/\/adra.md\/e-posibil-sa-il-faci-pe-copil-sa-invete-in-vacanta\/#primaryimage"},"thumbnailUrl":"https:\/\/adra.md\/wp-content\/uploads\/2023\/01\/319828170_469359285268912_7290365737098884709_n.jpg","articleSection":["News"],"inLanguage":"ru-RU"},{"@type":"WebPage","@id":"https:\/\/adra.md\/e-posibil-sa-il-faci-pe-copil-sa-invete-in-vacanta\/","url":"https:\/\/adra.md\/e-posibil-sa-il-faci-pe-copil-sa-invete-in-vacanta\/","name":"E posibil s\u0103 \u00eel faci pe copil s\u0103 \u00eenve\u021be \u00een vacan\u021b\u0103? - ADRA Moldova","isPartOf":{"@id":"https:\/\/adra.md\/#website"},"primaryImageOfPage":{"@id":"https:\/\/adra.md\/e-posibil-sa-il-faci-pe-copil-sa-invete-in-vacanta\/#primaryimage"},"image":{"@id":"https:\/\/adra.md\/e-posibil-sa-il-faci-pe-copil-sa-invete-in-vacanta\/#primaryimage"},"thumbnailUrl":"https:\/\/adra.md\/wp-content\/uploads\/2023\/01\/319828170_469359285268912_7290365737098884709_n.jpg","datePublished":"2023-01-20T10:56:54+00:00","breadcrumb":{"@id":"https:\/\/adra.md\/e-posibil-sa-il-faci-pe-copil-sa-invete-in-vacanta\/#breadcrumb"},"inLanguage":"ru-RU","potentialAction":[{"@type":"ReadAction","target":["https:\/\/adra.md\/e-posibil-sa-il-faci-pe-copil-sa-invete-in-vacanta\/"]}]},{"@type":"ImageObject","inLanguage":"ru-RU","@id":"https:\/\/adra.md\/e-posibil-sa-il-faci-pe-copil-sa-invete-in-vacanta\/#primaryimage","url":"https:\/\/adra.md\/wp-content\/uploads\/2023\/01\/319828170_469359285268912_7290365737098884709_n.jpg","contentUrl":"https:\/\/adra.md\/wp-content\/uploads\/2023\/01\/319828170_469359285268912_7290365737098884709_n.jpg","width":1440,"height":1800},{"@type":"BreadcrumbList","@id":"https:\/\/adra.md\/e-posibil-sa-il-faci-pe-copil-sa-invete-in-vacanta\/#breadcrumb","itemListElement":[{"@type":"ListItem","position":1,"name":"Home","item":"https:\/\/adra.md\/"},{"@type":"ListItem","position":2,"name":"E posibil s\u0103 \u00eel faci pe copil s\u0103 \u00eenve\u021be \u00een vacan\u021b\u0103?"}]},{"@type":"WebSite","@id":"https:\/\/adra.md\/#website","url":"https:\/\/adra.md\/","name":"ADRA Moldova","description":"Agen\u0163ia Adventist\u0103 pentru Dezvoltare, Refacere \u015fi Ajutor","publisher":{"@id":"https:\/\/adra.md\/#organization"},"potentialAction":[{"@type":"SearchAction","target":{"@type":"EntryPoint","urlTemplate":"https:\/\/adra.md\/?s={search_term_string}"},"query-input":{"@type":"PropertyValueSpecification","valueRequired":true,"valueName":"search_term_string"}}],"inLanguage":"ru-RU"},{"@type":"Organization","@id":"https:\/\/adra.md\/#organization","name":"ADRA Moldova","url":"https:\/\/adra.md\/","logo":{"@type":"ImageObject","inLanguage":"ru-RU","@id":"https:\/\/adra.md\/#\/schema\/logo\/image\/","url":"https:\/\/adra.md\/wp-content\/uploads\/2019\/11\/group-435.png","contentUrl":"https:\/\/adra.md\/wp-content\/uploads\/2019\/11\/group-435.png","width":500,"height":133,"caption":"ADRA Moldova"},"image":{"@id":"https:\/\/adra.md\/#\/schema\/logo\/image\/"}},{"@type":"Person","@id":"https:\/\/adra.md\/#\/schema\/person\/b0181e611ee89738cefb7dc2db2bb8d1","name":"ADRA Moldova","url":"https:\/\/adra.md\/ru\/author\/andrei-girleanu\/"}]}},"_links":{"self":[{"href":"https:\/\/adra.md\/ru\/wp-json\/wp\/v2\/posts\/19853","targetHints":{"allow":["GET"]}}],"collection":[{"href":"https:\/\/adra.md\/ru\/wp-json\/wp\/v2\/posts"}],"about":[{"href":"https:\/\/adra.md\/ru\/wp-json\/wp\/v2\/types\/post"}],"author":[{"embeddable":true,"href":"https:\/\/adra.md\/ru\/wp-json\/wp\/v2\/users\/9"}],"replies":[{"embeddable":true,"href":"https:\/\/adra.md\/ru\/wp-json\/wp\/v2\/comments?post=19853"}],"version-history":[{"count":1,"href":"https:\/\/adra.md\/ru\/wp-json\/wp\/v2\/posts\/19853\/revisions"}],"predecessor-version":[{"id":19871,"href":"https:\/\/adra.md\/ru\/wp-json\/wp\/v2\/posts\/19853\/revisions\/19871"}],"wp:featuredmedia":[{"embeddable":true,"href":"https:\/\/adra.md\/ru\/wp-json\/wp\/v2\/media\/19854"}],"wp:attachment":[{"href":"https:\/\/adra.md\/ru\/wp-json\/wp\/v2\/media?parent=19853"}],"wp:term":[{"taxonomy":"category","embeddable":true,"href":"https:\/\/adra.md\/ru\/wp-json\/wp\/v2\/categories?post=19853"},{"taxonomy":"post_tag","embeddable":true,"href":"https:\/\/adra.md\/ru\/wp-json\/wp\/v2\/tags?post=19853"}],"curies":[{"name":"wp","href":"https:\/\/api.w.org\/{rel}","templated":true}]}}