{"id":19890,"date":"2023-01-20T15:54:04","date_gmt":"2023-01-20T15:54:04","guid":{"rendered":"https:\/\/adra.md\/?p=19890"},"modified":"2023-01-20T15:54:04","modified_gmt":"2023-01-20T15:54:04","slug":"incluziunea-sociala-a-refugiatilor-cu-comunitatea-locala","status":"publish","type":"post","link":"https:\/\/adra.md\/ru\/incluziunea-sociala-a-refugiatilor-cu-comunitatea-locala\/","title":{"rendered":"Incluziunea social\u0103 a refugia\u021bilor cu comunitatea local\u0103"},"content":{"rendered":"<div dir=\"auto\">Zeci de copii, refugia\u021bi din Ucraina \u0219i din comunitatea local\u0103, au fost prezen\u021bi la cea de a 2-a \u00eent\u00e2lnire cu tematica &#8222;Odiseea Spa\u021bial\u0103&#8221;.<\/div>\n<div dir=\"auto\">Bunele practici, lec\u021biile de s\u0103n\u0103tate \u0219i activit\u0103\u021bile de integrare social\u0103 nu au lipsit din program.<\/div>\n<div dir=\"auto\">Ne bucur\u0103m s\u0103 facem parte dintr-un lan\u021b mare, care face posibil\u0103 adaptarea refugia\u021bilor din Ucraina la o nou\u0103 realitate.<\/div>\n<div dir=\"auto\">Au fost cei mai buni parteneri \u00een organizare \u0219i coordonare voluntarii din Biserica Adventist\u0103 din Chi\u0219in\u0103u &#8211; v\u0103 mul\u021bumim!<\/div>\n<div dir=\"auto\"><\/div>\n<div dir=\"auto\"><\/div>\n<div dir=\"auto\"><\/div>\n<div dir=\"auto\">\u00a0 \u00a0 \u00a0 \u00a0 \u00a0 \u00a0 \u00a0 \u00a0<img fetchpriority=\"high\" decoding=\"async\" class=\"alignnone size-medium wp-image-19891\" src=\"https:\/\/adra.md\/wp-content\/uploads\/2023\/01\/321210306_6191617857515176_5653180946606541423_n-240x300.jpg\" alt=\"\" width=\"240\" height=\"300\" srcset=\"https:\/\/adra.md\/wp-content\/uploads\/2023\/01\/321210306_6191617857515176_5653180946606541423_n-240x300.jpg 240w, https:\/\/adra.md\/wp-content\/uploads\/2023\/01\/321210306_6191617857515176_5653180946606541423_n-819x1024.jpg 819w, https:\/\/adra.md\/wp-content\/uploads\/2023\/01\/321210306_6191617857515176_5653180946606541423_n-768x960.jpg 768w, https:\/\/adra.md\/wp-content\/uploads\/2023\/01\/321210306_6191617857515176_5653180946606541423_n-1229x1536.jpg 1229w, https:\/\/adra.md\/wp-content\/uploads\/2023\/01\/321210306_6191617857515176_5653180946606541423_n.jpg 1440w\" sizes=\"(max-width: 240px) 100vw, 240px\" \/>\u00a0 \u00a0 \u00a0 \u00a0 \u00a0 \u00a0<img decoding=\"async\" class=\"alignnone size-medium wp-image-19892\" src=\"https:\/\/adra.md\/wp-content\/uploads\/2023\/01\/321237401_527340466081735_5404306690140762921_n-240x300.jpg\" alt=\"\" width=\"240\" height=\"300\" srcset=\"https:\/\/adra.md\/wp-content\/uploads\/2023\/01\/321237401_527340466081735_5404306690140762921_n-240x300.jpg 240w, https:\/\/adra.md\/wp-content\/uploads\/2023\/01\/321237401_527340466081735_5404306690140762921_n-819x1024.jpg 819w, https:\/\/adra.md\/wp-content\/uploads\/2023\/01\/321237401_527340466081735_5404306690140762921_n-768x960.jpg 768w, https:\/\/adra.md\/wp-content\/uploads\/2023\/01\/321237401_527340466081735_5404306690140762921_n-1229x1536.jpg 1229w, https:\/\/adra.md\/wp-content\/uploads\/2023\/01\/321237401_527340466081735_5404306690140762921_n.jpg 1440w\" sizes=\"(max-width: 240px) 100vw, 240px\" \/>\u00a0 \u00a0 \u00a0 \u00a0 \u00a0\u00a0<img decoding=\"async\" class=\"alignnone size-medium wp-image-19893\" src=\"https:\/\/adra.md\/wp-content\/uploads\/2023\/01\/321237884_435331732006572_2763060389221972355_n-240x300.jpg\" alt=\"\" width=\"240\" height=\"300\" srcset=\"https:\/\/adra.md\/wp-content\/uploads\/2023\/01\/321237884_435331732006572_2763060389221972355_n-240x300.jpg 240w, https:\/\/adra.md\/wp-content\/uploads\/2023\/01\/321237884_435331732006572_2763060389221972355_n-819x1024.jpg 819w, https:\/\/adra.md\/wp-content\/uploads\/2023\/01\/321237884_435331732006572_2763060389221972355_n-768x960.jpg 768w, https:\/\/adra.md\/wp-content\/uploads\/2023\/01\/321237884_435331732006572_2763060389221972355_n-1229x1536.jpg 1229w, https:\/\/adra.md\/wp-content\/uploads\/2023\/01\/321237884_435331732006572_2763060389221972355_n.jpg 1440w\" sizes=\"(max-width: 240px) 100vw, 240px\" \/><\/div>\n<div dir=\"auto\"><\/div>\n<div dir=\"auto\">\u00a0 \u00a0 \u00a0 \u00a0 \u00a0 \u00a0 \u00a0 \u00a0 \u00a0 \u00a0 \u00a0 \u00a0 \u00a0 \u00a0 \u00a0 \u00a0 \u00a0 \u00a0 \u00a0 \u00a0 \u00a0 \u00a0 \u00a0 \u00a0 \u00a0<img loading=\"lazy\" decoding=\"async\" class=\"alignnone size-medium wp-image-19894\" src=\"https:\/\/adra.md\/wp-content\/uploads\/2023\/01\/321246470_703611627828764_133529395767759585_n-240x300.jpg\" alt=\"\" width=\"240\" height=\"300\" srcset=\"https:\/\/adra.md\/wp-content\/uploads\/2023\/01\/321246470_703611627828764_133529395767759585_n-240x300.jpg 240w, https:\/\/adra.md\/wp-content\/uploads\/2023\/01\/321246470_703611627828764_133529395767759585_n-819x1024.jpg 819w, https:\/\/adra.md\/wp-content\/uploads\/2023\/01\/321246470_703611627828764_133529395767759585_n-768x960.jpg 768w, https:\/\/adra.md\/wp-content\/uploads\/2023\/01\/321246470_703611627828764_133529395767759585_n-1229x1536.jpg 1229w, https:\/\/adra.md\/wp-content\/uploads\/2023\/01\/321246470_703611627828764_133529395767759585_n.jpg 1440w\" sizes=\"(max-width: 240px) 100vw, 240px\" \/>\u00a0 \u00a0 \u00a0 \u00a0 \u00a0 \u00a0 \u00a0 \u00a0 \u00a0 \u00a0\u00a0 <img loading=\"lazy\" decoding=\"async\" class=\"alignnone size-medium wp-image-19895\" src=\"https:\/\/adra.md\/wp-content\/uploads\/2023\/01\/321327498_861012254945063_2466137891837346161_n-240x300.jpg\" alt=\"\" width=\"240\" height=\"300\" srcset=\"https:\/\/adra.md\/wp-content\/uploads\/2023\/01\/321327498_861012254945063_2466137891837346161_n-240x300.jpg 240w, https:\/\/adra.md\/wp-content\/uploads\/2023\/01\/321327498_861012254945063_2466137891837346161_n-819x1024.jpg 819w, https:\/\/adra.md\/wp-content\/uploads\/2023\/01\/321327498_861012254945063_2466137891837346161_n-768x960.jpg 768w, https:\/\/adra.md\/wp-content\/uploads\/2023\/01\/321327498_861012254945063_2466137891837346161_n-1229x1536.jpg 1229w, https:\/\/adra.md\/wp-content\/uploads\/2023\/01\/321327498_861012254945063_2466137891837346161_n.jpg 1440w\" sizes=\"(max-width: 240px) 100vw, 240px\" \/><\/div>\n<div dir=\"auto\"><\/div>\n<div dir=\"auto\">\u00a0 \u00a0 \u00a0 \u00a0 \u00a0 \u00a0\u00a0<img loading=\"lazy\" decoding=\"async\" class=\"alignnone size-medium wp-image-19896\" src=\"https:\/\/adra.md\/wp-content\/uploads\/2023\/01\/321338469_397077099268574_1477139087867567519_n-240x300.jpg\" alt=\"\" width=\"240\" height=\"300\" srcset=\"https:\/\/adra.md\/wp-content\/uploads\/2023\/01\/321338469_397077099268574_1477139087867567519_n-240x300.jpg 240w, https:\/\/adra.md\/wp-content\/uploads\/2023\/01\/321338469_397077099268574_1477139087867567519_n-819x1024.jpg 819w, https:\/\/adra.md\/wp-content\/uploads\/2023\/01\/321338469_397077099268574_1477139087867567519_n-768x960.jpg 768w, https:\/\/adra.md\/wp-content\/uploads\/2023\/01\/321338469_397077099268574_1477139087867567519_n-1229x1536.jpg 1229w, https:\/\/adra.md\/wp-content\/uploads\/2023\/01\/321338469_397077099268574_1477139087867567519_n.jpg 1440w\" sizes=\"(max-width: 240px) 100vw, 240px\" \/>\u00a0 \u00a0 \u00a0 \u00a0 \u00a0 \u00a0 \u00a0 \u00a0 <img loading=\"lazy\" decoding=\"async\" class=\"alignnone size-medium wp-image-19897\" src=\"https:\/\/adra.md\/wp-content\/uploads\/2023\/01\/321427708_469948755330343_4519945333582974365_n-240x300.jpg\" alt=\"\" width=\"240\" height=\"300\" srcset=\"https:\/\/adra.md\/wp-content\/uploads\/2023\/01\/321427708_469948755330343_4519945333582974365_n-240x300.jpg 240w, https:\/\/adra.md\/wp-content\/uploads\/2023\/01\/321427708_469948755330343_4519945333582974365_n-819x1024.jpg 819w, https:\/\/adra.md\/wp-content\/uploads\/2023\/01\/321427708_469948755330343_4519945333582974365_n-768x960.jpg 768w, https:\/\/adra.md\/wp-content\/uploads\/2023\/01\/321427708_469948755330343_4519945333582974365_n-1229x1536.jpg 1229w, https:\/\/adra.md\/wp-content\/uploads\/2023\/01\/321427708_469948755330343_4519945333582974365_n.jpg 1440w\" sizes=\"(max-width: 240px) 100vw, 240px\" \/>\u00a0 \u00a0 \u00a0 \u00a0 \u00a0 \u00a0 \u00a0 <img loading=\"lazy\" decoding=\"async\" class=\"alignnone size-medium wp-image-19898\" src=\"https:\/\/adra.md\/wp-content\/uploads\/2023\/01\/321427708_1155086881805764_4902487707552701703_n-240x300.jpg\" alt=\"\" width=\"240\" height=\"300\" srcset=\"https:\/\/adra.md\/wp-content\/uploads\/2023\/01\/321427708_1155086881805764_4902487707552701703_n-240x300.jpg 240w, https:\/\/adra.md\/wp-content\/uploads\/2023\/01\/321427708_1155086881805764_4902487707552701703_n-819x1024.jpg 819w, https:\/\/adra.md\/wp-content\/uploads\/2023\/01\/321427708_1155086881805764_4902487707552701703_n-768x960.jpg 768w, https:\/\/adra.md\/wp-content\/uploads\/2023\/01\/321427708_1155086881805764_4902487707552701703_n-1229x1536.jpg 1229w, https:\/\/adra.md\/wp-content\/uploads\/2023\/01\/321427708_1155086881805764_4902487707552701703_n.jpg 1440w\" sizes=\"(max-width: 240px) 100vw, 240px\" \/><\/div>","protected":false},"excerpt":{"rendered":"<p>Zeci de copii, refugia\u021bi din Ucraina \u0219i din comunitatea local\u0103, au fost prezen\u021bi la cea de a 2-a \u00eent\u00e2lnire cu tematica &#8222;Odiseea Spa\u021bial\u0103&#8221;. Bunele practici, lec\u021biile de s\u0103n\u0103tate \u0219i activit\u0103\u021bile de integrare social\u0103 nu au lipsit din program. Ne bucur\u0103m s\u0103 facem parte dintr-un lan\u021b mare, care face posibil\u0103 adaptarea refugia\u021bilor din Ucraina la o [&hellip;]<\/p>\n","protected":false},"author":9,"featured_media":19897,"comment_status":"closed","ping_status":"closed","sticky":false,"template":"","format":"standard","meta":{"_acf_changed":false,"footnotes":""},"categories":[294],"tags":[],"class_list":["post-19890","post","type-post","status-publish","format-standard","has-post-thumbnail","hentry","category-news"],"acf":[],"yoast_head":"<!-- This site is optimized with the Yoast SEO plugin v27.4 - https:\/\/yoast.com\/product\/yoast-seo-wordpress\/ -->\n<title>Incluziunea social\u0103 a refugia\u021bilor cu comunitatea local\u0103 - ADRA Moldova<\/title>\n<meta name=\"robots\" content=\"index, follow, max-snippet:-1, max-image-preview:large, max-video-preview:-1\" \/>\n<link rel=\"canonical\" href=\"https:\/\/adra.md\/ru\/incluziunea-sociala-a-refugiatilor-cu-comunitatea-locala\/\" \/>\n<meta property=\"og:locale\" content=\"ru_RU\" \/>\n<meta property=\"og:type\" content=\"article\" \/>\n<meta property=\"og:title\" content=\"Incluziunea social\u0103 a refugia\u021bilor cu comunitatea local\u0103 - ADRA Moldova\" \/>\n<meta property=\"og:description\" content=\"Zeci de copii, refugia\u021bi din Ucraina \u0219i din comunitatea local\u0103, au fost prezen\u021bi la cea de a 2-a \u00eent\u00e2lnire cu tematica &#8222;Odiseea Spa\u021bial\u0103&#8221;. Bunele practici, lec\u021biile de s\u0103n\u0103tate \u0219i activit\u0103\u021bile de integrare social\u0103 nu au lipsit din program. Ne bucur\u0103m s\u0103 facem parte dintr-un lan\u021b mare, care face posibil\u0103 adaptarea refugia\u021bilor din Ucraina la o [&hellip;]\" \/>\n<meta property=\"og:url\" content=\"https:\/\/adra.md\/ru\/incluziunea-sociala-a-refugiatilor-cu-comunitatea-locala\/\" \/>\n<meta property=\"og:site_name\" content=\"ADRA Moldova\" \/>\n<meta property=\"article:published_time\" content=\"2023-01-20T15:54:04+00:00\" \/>\n<meta property=\"og:image\" content=\"https:\/\/adra.md\/wp-content\/uploads\/2023\/01\/321427708_469948755330343_4519945333582974365_n.jpg\" \/>\n\t<meta property=\"og:image:width\" content=\"1440\" \/>\n\t<meta property=\"og:image:height\" content=\"1800\" \/>\n\t<meta property=\"og:image:type\" content=\"image\/jpeg\" \/>\n<meta name=\"author\" content=\"ADRA Moldova\" \/>\n<meta name=\"twitter:card\" content=\"summary_large_image\" \/>\n<meta name=\"twitter:label1\" content=\"\u041d\u0430\u043f\u0438\u0441\u0430\u043d\u043e \u0430\u0432\u0442\u043e\u0440\u043e\u043c\" \/>\n\t<meta name=\"twitter:data1\" content=\"ADRA Moldova\" \/>\n<script type=\"application\/ld+json\" class=\"yoast-schema-graph\">{\"@context\":\"https:\\\/\\\/schema.org\",\"@graph\":[{\"@type\":\"Article\",\"@id\":\"https:\\\/\\\/adra.md\\\/incluziunea-sociala-a-refugiatilor-cu-comunitatea-locala\\\/#article\",\"isPartOf\":{\"@id\":\"https:\\\/\\\/adra.md\\\/incluziunea-sociala-a-refugiatilor-cu-comunitatea-locala\\\/\"},\"author\":{\"name\":\"ADRA Moldova\",\"@id\":\"https:\\\/\\\/adra.md\\\/#\\\/schema\\\/person\\\/b0181e611ee89738cefb7dc2db2bb8d1\"},\"headline\":\"Incluziunea social\u0103 a refugia\u021bilor cu comunitatea local\u0103\",\"datePublished\":\"2023-01-20T15:54:04+00:00\",\"mainEntityOfPage\":{\"@id\":\"https:\\\/\\\/adra.md\\\/incluziunea-sociala-a-refugiatilor-cu-comunitatea-locala\\\/\"},\"wordCount\":97,\"publisher\":{\"@id\":\"https:\\\/\\\/adra.md\\\/#organization\"},\"image\":{\"@id\":\"https:\\\/\\\/adra.md\\\/incluziunea-sociala-a-refugiatilor-cu-comunitatea-locala\\\/#primaryimage\"},\"thumbnailUrl\":\"https:\\\/\\\/adra.md\\\/wp-content\\\/uploads\\\/2023\\\/01\\\/321427708_469948755330343_4519945333582974365_n.jpg\",\"articleSection\":[\"News\"],\"inLanguage\":\"ru-RU\"},{\"@type\":\"WebPage\",\"@id\":\"https:\\\/\\\/adra.md\\\/incluziunea-sociala-a-refugiatilor-cu-comunitatea-locala\\\/\",\"url\":\"https:\\\/\\\/adra.md\\\/incluziunea-sociala-a-refugiatilor-cu-comunitatea-locala\\\/\",\"name\":\"Incluziunea social\u0103 a refugia\u021bilor cu comunitatea local\u0103 - ADRA Moldova\",\"isPartOf\":{\"@id\":\"https:\\\/\\\/adra.md\\\/#website\"},\"primaryImageOfPage\":{\"@id\":\"https:\\\/\\\/adra.md\\\/incluziunea-sociala-a-refugiatilor-cu-comunitatea-locala\\\/#primaryimage\"},\"image\":{\"@id\":\"https:\\\/\\\/adra.md\\\/incluziunea-sociala-a-refugiatilor-cu-comunitatea-locala\\\/#primaryimage\"},\"thumbnailUrl\":\"https:\\\/\\\/adra.md\\\/wp-content\\\/uploads\\\/2023\\\/01\\\/321427708_469948755330343_4519945333582974365_n.jpg\",\"datePublished\":\"2023-01-20T15:54:04+00:00\",\"breadcrumb\":{\"@id\":\"https:\\\/\\\/adra.md\\\/incluziunea-sociala-a-refugiatilor-cu-comunitatea-locala\\\/#breadcrumb\"},\"inLanguage\":\"ru-RU\",\"potentialAction\":[{\"@type\":\"ReadAction\",\"target\":[\"https:\\\/\\\/adra.md\\\/incluziunea-sociala-a-refugiatilor-cu-comunitatea-locala\\\/\"]}]},{\"@type\":\"ImageObject\",\"inLanguage\":\"ru-RU\",\"@id\":\"https:\\\/\\\/adra.md\\\/incluziunea-sociala-a-refugiatilor-cu-comunitatea-locala\\\/#primaryimage\",\"url\":\"https:\\\/\\\/adra.md\\\/wp-content\\\/uploads\\\/2023\\\/01\\\/321427708_469948755330343_4519945333582974365_n.jpg\",\"contentUrl\":\"https:\\\/\\\/adra.md\\\/wp-content\\\/uploads\\\/2023\\\/01\\\/321427708_469948755330343_4519945333582974365_n.jpg\",\"width\":1440,\"height\":1800},{\"@type\":\"BreadcrumbList\",\"@id\":\"https:\\\/\\\/adra.md\\\/incluziunea-sociala-a-refugiatilor-cu-comunitatea-locala\\\/#breadcrumb\",\"itemListElement\":[{\"@type\":\"ListItem\",\"position\":1,\"name\":\"Home\",\"item\":\"https:\\\/\\\/adra.md\\\/\"},{\"@type\":\"ListItem\",\"position\":2,\"name\":\"Incluziunea social\u0103 a refugia\u021bilor cu comunitatea local\u0103\"}]},{\"@type\":\"WebSite\",\"@id\":\"https:\\\/\\\/adra.md\\\/#website\",\"url\":\"https:\\\/\\\/adra.md\\\/\",\"name\":\"ADRA Moldova\",\"description\":\"Agen\u0163ia Adventist\u0103 pentru Dezvoltare, Refacere \u015fi Ajutor\",\"publisher\":{\"@id\":\"https:\\\/\\\/adra.md\\\/#organization\"},\"potentialAction\":[{\"@type\":\"SearchAction\",\"target\":{\"@type\":\"EntryPoint\",\"urlTemplate\":\"https:\\\/\\\/adra.md\\\/?s={search_term_string}\"},\"query-input\":{\"@type\":\"PropertyValueSpecification\",\"valueRequired\":true,\"valueName\":\"search_term_string\"}}],\"inLanguage\":\"ru-RU\"},{\"@type\":\"Organization\",\"@id\":\"https:\\\/\\\/adra.md\\\/#organization\",\"name\":\"ADRA Moldova\",\"url\":\"https:\\\/\\\/adra.md\\\/\",\"logo\":{\"@type\":\"ImageObject\",\"inLanguage\":\"ru-RU\",\"@id\":\"https:\\\/\\\/adra.md\\\/#\\\/schema\\\/logo\\\/image\\\/\",\"url\":\"https:\\\/\\\/adra.md\\\/wp-content\\\/uploads\\\/2019\\\/11\\\/group-435.png\",\"contentUrl\":\"https:\\\/\\\/adra.md\\\/wp-content\\\/uploads\\\/2019\\\/11\\\/group-435.png\",\"width\":500,\"height\":133,\"caption\":\"ADRA Moldova\"},\"image\":{\"@id\":\"https:\\\/\\\/adra.md\\\/#\\\/schema\\\/logo\\\/image\\\/\"}},{\"@type\":\"Person\",\"@id\":\"https:\\\/\\\/adra.md\\\/#\\\/schema\\\/person\\\/b0181e611ee89738cefb7dc2db2bb8d1\",\"name\":\"ADRA Moldova\",\"url\":\"https:\\\/\\\/adra.md\\\/ru\\\/author\\\/andrei-girleanu\\\/\"}]}<\/script>\n<!-- \/ Yoast SEO plugin. -->","yoast_head_json":{"title":"Incluziunea social\u0103 a refugia\u021bilor cu comunitatea local\u0103 - ADRA Moldova","robots":{"index":"index","follow":"follow","max-snippet":"max-snippet:-1","max-image-preview":"max-image-preview:large","max-video-preview":"max-video-preview:-1"},"canonical":"https:\/\/adra.md\/ru\/incluziunea-sociala-a-refugiatilor-cu-comunitatea-locala\/","og_locale":"ru_RU","og_type":"article","og_title":"Incluziunea social\u0103 a refugia\u021bilor cu comunitatea local\u0103 - ADRA Moldova","og_description":"Zeci de copii, refugia\u021bi din Ucraina \u0219i din comunitatea local\u0103, au fost prezen\u021bi la cea de a 2-a \u00eent\u00e2lnire cu tematica &#8222;Odiseea Spa\u021bial\u0103&#8221;. Bunele practici, lec\u021biile de s\u0103n\u0103tate \u0219i activit\u0103\u021bile de integrare social\u0103 nu au lipsit din program. Ne bucur\u0103m s\u0103 facem parte dintr-un lan\u021b mare, care face posibil\u0103 adaptarea refugia\u021bilor din Ucraina la o [&hellip;]","og_url":"https:\/\/adra.md\/ru\/incluziunea-sociala-a-refugiatilor-cu-comunitatea-locala\/","og_site_name":"ADRA Moldova","article_published_time":"2023-01-20T15:54:04+00:00","og_image":[{"width":1440,"height":1800,"url":"https:\/\/adra.md\/wp-content\/uploads\/2023\/01\/321427708_469948755330343_4519945333582974365_n.jpg","type":"image\/jpeg"}],"author":"ADRA Moldova","twitter_card":"summary_large_image","twitter_misc":{"\u041d\u0430\u043f\u0438\u0441\u0430\u043d\u043e \u0430\u0432\u0442\u043e\u0440\u043e\u043c":"ADRA Moldova"},"schema":{"@context":"https:\/\/schema.org","@graph":[{"@type":"Article","@id":"https:\/\/adra.md\/incluziunea-sociala-a-refugiatilor-cu-comunitatea-locala\/#article","isPartOf":{"@id":"https:\/\/adra.md\/incluziunea-sociala-a-refugiatilor-cu-comunitatea-locala\/"},"author":{"name":"ADRA Moldova","@id":"https:\/\/adra.md\/#\/schema\/person\/b0181e611ee89738cefb7dc2db2bb8d1"},"headline":"Incluziunea social\u0103 a refugia\u021bilor cu comunitatea local\u0103","datePublished":"2023-01-20T15:54:04+00:00","mainEntityOfPage":{"@id":"https:\/\/adra.md\/incluziunea-sociala-a-refugiatilor-cu-comunitatea-locala\/"},"wordCount":97,"publisher":{"@id":"https:\/\/adra.md\/#organization"},"image":{"@id":"https:\/\/adra.md\/incluziunea-sociala-a-refugiatilor-cu-comunitatea-locala\/#primaryimage"},"thumbnailUrl":"https:\/\/adra.md\/wp-content\/uploads\/2023\/01\/321427708_469948755330343_4519945333582974365_n.jpg","articleSection":["News"],"inLanguage":"ru-RU"},{"@type":"WebPage","@id":"https:\/\/adra.md\/incluziunea-sociala-a-refugiatilor-cu-comunitatea-locala\/","url":"https:\/\/adra.md\/incluziunea-sociala-a-refugiatilor-cu-comunitatea-locala\/","name":"Incluziunea social\u0103 a refugia\u021bilor cu comunitatea local\u0103 - ADRA Moldova","isPartOf":{"@id":"https:\/\/adra.md\/#website"},"primaryImageOfPage":{"@id":"https:\/\/adra.md\/incluziunea-sociala-a-refugiatilor-cu-comunitatea-locala\/#primaryimage"},"image":{"@id":"https:\/\/adra.md\/incluziunea-sociala-a-refugiatilor-cu-comunitatea-locala\/#primaryimage"},"thumbnailUrl":"https:\/\/adra.md\/wp-content\/uploads\/2023\/01\/321427708_469948755330343_4519945333582974365_n.jpg","datePublished":"2023-01-20T15:54:04+00:00","breadcrumb":{"@id":"https:\/\/adra.md\/incluziunea-sociala-a-refugiatilor-cu-comunitatea-locala\/#breadcrumb"},"inLanguage":"ru-RU","potentialAction":[{"@type":"ReadAction","target":["https:\/\/adra.md\/incluziunea-sociala-a-refugiatilor-cu-comunitatea-locala\/"]}]},{"@type":"ImageObject","inLanguage":"ru-RU","@id":"https:\/\/adra.md\/incluziunea-sociala-a-refugiatilor-cu-comunitatea-locala\/#primaryimage","url":"https:\/\/adra.md\/wp-content\/uploads\/2023\/01\/321427708_469948755330343_4519945333582974365_n.jpg","contentUrl":"https:\/\/adra.md\/wp-content\/uploads\/2023\/01\/321427708_469948755330343_4519945333582974365_n.jpg","width":1440,"height":1800},{"@type":"BreadcrumbList","@id":"https:\/\/adra.md\/incluziunea-sociala-a-refugiatilor-cu-comunitatea-locala\/#breadcrumb","itemListElement":[{"@type":"ListItem","position":1,"name":"Home","item":"https:\/\/adra.md\/"},{"@type":"ListItem","position":2,"name":"Incluziunea social\u0103 a refugia\u021bilor cu comunitatea local\u0103"}]},{"@type":"WebSite","@id":"https:\/\/adra.md\/#website","url":"https:\/\/adra.md\/","name":"ADRA Moldova","description":"Agen\u0163ia Adventist\u0103 pentru Dezvoltare, Refacere \u015fi Ajutor","publisher":{"@id":"https:\/\/adra.md\/#organization"},"potentialAction":[{"@type":"SearchAction","target":{"@type":"EntryPoint","urlTemplate":"https:\/\/adra.md\/?s={search_term_string}"},"query-input":{"@type":"PropertyValueSpecification","valueRequired":true,"valueName":"search_term_string"}}],"inLanguage":"ru-RU"},{"@type":"Organization","@id":"https:\/\/adra.md\/#organization","name":"ADRA Moldova","url":"https:\/\/adra.md\/","logo":{"@type":"ImageObject","inLanguage":"ru-RU","@id":"https:\/\/adra.md\/#\/schema\/logo\/image\/","url":"https:\/\/adra.md\/wp-content\/uploads\/2019\/11\/group-435.png","contentUrl":"https:\/\/adra.md\/wp-content\/uploads\/2019\/11\/group-435.png","width":500,"height":133,"caption":"ADRA Moldova"},"image":{"@id":"https:\/\/adra.md\/#\/schema\/logo\/image\/"}},{"@type":"Person","@id":"https:\/\/adra.md\/#\/schema\/person\/b0181e611ee89738cefb7dc2db2bb8d1","name":"ADRA Moldova","url":"https:\/\/adra.md\/ru\/author\/andrei-girleanu\/"}]}},"_links":{"self":[{"href":"https:\/\/adra.md\/ru\/wp-json\/wp\/v2\/posts\/19890","targetHints":{"allow":["GET"]}}],"collection":[{"href":"https:\/\/adra.md\/ru\/wp-json\/wp\/v2\/posts"}],"about":[{"href":"https:\/\/adra.md\/ru\/wp-json\/wp\/v2\/types\/post"}],"author":[{"embeddable":true,"href":"https:\/\/adra.md\/ru\/wp-json\/wp\/v2\/users\/9"}],"replies":[{"embeddable":true,"href":"https:\/\/adra.md\/ru\/wp-json\/wp\/v2\/comments?post=19890"}],"version-history":[{"count":1,"href":"https:\/\/adra.md\/ru\/wp-json\/wp\/v2\/posts\/19890\/revisions"}],"predecessor-version":[{"id":19899,"href":"https:\/\/adra.md\/ru\/wp-json\/wp\/v2\/posts\/19890\/revisions\/19899"}],"wp:featuredmedia":[{"embeddable":true,"href":"https:\/\/adra.md\/ru\/wp-json\/wp\/v2\/media\/19897"}],"wp:attachment":[{"href":"https:\/\/adra.md\/ru\/wp-json\/wp\/v2\/media?parent=19890"}],"wp:term":[{"taxonomy":"category","embeddable":true,"href":"https:\/\/adra.md\/ru\/wp-json\/wp\/v2\/categories?post=19890"},{"taxonomy":"post_tag","embeddable":true,"href":"https:\/\/adra.md\/ru\/wp-json\/wp\/v2\/tags?post=19890"}],"curies":[{"name":"wp","href":"https:\/\/api.w.org\/{rel}","templated":true}]}}