{"id":19900,"date":"2023-01-20T15:57:41","date_gmt":"2023-01-20T15:57:41","guid":{"rendered":"https:\/\/adra.md\/?p=19900"},"modified":"2023-01-20T15:57:41","modified_gmt":"2023-01-20T15:57:41","slug":"de-sarbatori-ca-acasa","status":"publish","type":"post","link":"https:\/\/adra.md\/ru\/de-sarbatori-ca-acasa\/","title":{"rendered":"De s\u0103rb\u0103tori &#8211; ca acas\u0103!"},"content":{"rendered":"<div class=\"x11i5rnm xat24cr x1mh8g0r x1vvkbs xdj266r x126k92a\">\n<div dir=\"auto\">\u00cen luna Decembrie, <a class=\"x1i10hfl xjbqb8w x6umtig x1b1mbwd xaqea5y xav7gou x9f619 x1ypdohk xt0psk2 xe8uvvx xdj266r x11i5rnm xat24cr x1mh8g0r xexx8yu x4uap5 x18d9i69 xkhd6sd x16tdsg8 x1hl2dhg xggy1nq x1a2a7pz xt0b8zv x1qq9wsj xo1l8bm\" tabindex=\"0\" role=\"link\" href=\"https:\/\/www.facebook.com\/ADRA.Moldova.AG?__cft__[0]=AZW9i9RGUiVwYzPh0m8eGFhS41rx-viTycYxKTO4bFwLU4vnmMkjf8aMDN9nMHrk7ZoYzO3fkeslEHhH1RH5AOFXEqwLyowSovVl-KaHBIwAmW8dwgoazDnNaHvjFvh68iDwJwlRNwd-W6dXyol6z7w5DoEr4JY3C0iEnSS9n_Po6z6eFjkrCHOez7avfPVuOYo&amp;__tn__=-]K-R\"><span class=\"xt0psk2\">ADRA Moldova<\/span><\/a> cu sus\u021binerea financiar\u0103 a NRC (<a class=\"x1i10hfl xjbqb8w x6umtig x1b1mbwd xaqea5y xav7gou x9f619 x1ypdohk xt0psk2 xe8uvvx xdj266r x11i5rnm xat24cr x1mh8g0r xexx8yu x4uap5 x18d9i69 xkhd6sd x16tdsg8 x1hl2dhg xggy1nq x1a2a7pz xt0b8zv x1qq9wsj xo1l8bm\" tabindex=\"0\" role=\"link\" href=\"https:\/\/www.facebook.com\/norwegianrefugeecouncil\/?__cft__[0]=AZW9i9RGUiVwYzPh0m8eGFhS41rx-viTycYxKTO4bFwLU4vnmMkjf8aMDN9nMHrk7ZoYzO3fkeslEHhH1RH5AOFXEqwLyowSovVl-KaHBIwAmW8dwgoazDnNaHvjFvh68iDwJwlRNwd-W6dXyol6z7w5DoEr4JY3C0iEnSS9n_Po6z6eFjkrCHOez7avfPVuOYo&amp;__tn__=kK-R\"><span class=\"xt0psk2\">NRC &#8211; Norwegian Refugee Council<\/span><\/a> ) \u0219i \u00een colaborare cu Organiza\u021bia URBAN, a petrecut o \u00eent\u00e2lnire cu scopul incluziunii sociale \u0219i \u00eemprietenirii cu refugia\u021bii din Ucraina.<\/div>\n<div dir=\"auto\">\u00cen cadrul acestei \u00eent\u00e2lniri, refugia\u021bii au avut ocazia s\u0103 se deta\u0219eze de grijile zilnice particip\u00e2nd la activitatea de Art terapie, unde au putut s\u0103 pun\u0103 \u00een practic\u0103 fantezia, originalitatea \u0219i creativitatea. Fiecare participant \u0219i-a dat fr\u00e2u liber ideilor \u0219i au transpus asta \u00een ideile create.<\/div>\n<div dir=\"auto\">Aici participan\u021bii au avut ocazia s\u0103 formeze, din accesorii cu grij\u0103 alese, cununi minunate, care le vor umple casele cu lumin\u0103 \u0219i vor crea atmosfera fericit\u0103 de s\u0103rb\u0103toare, \u00een pofida faptului c\u0103 au fost nevoi\u021bi s\u0103 \u00ee\u0219i p\u0103r\u0103seasc\u0103 casele.<\/div>\n<div dir=\"auto\">Cununiile tematice, create handmade pe parcursul activit\u0103\u021bii, le vor aminti refugia\u021bilor de timpul cald \u0219i pl\u0103cut, c\u00e2nd s\u0103rb\u0103torile le petreceau \u00een s\u00e2nul familiei.<\/div>\n<\/div>\n<div class=\"x11i5rnm xat24cr x1mh8g0r x1vvkbs xtlvy1s x126k92a\">\n<div dir=\"auto\"><a class=\"x1i10hfl xjbqb8w x6umtig x1b1mbwd xaqea5y xav7gou x9f619 x1ypdohk xt0psk2 xe8uvvx xdj266r x11i5rnm xat24cr x1mh8g0r xexx8yu x4uap5 x18d9i69 xkhd6sd x16tdsg8 x1hl2dhg xggy1nq x1a2a7pz xt0b8zv x1qq9wsj xo1l8bm\" tabindex=\"0\" role=\"link\" href=\"https:\/\/www.facebook.com\/hashtag\/adra?__eep__=6&amp;__cft__[0]=AZW9i9RGUiVwYzPh0m8eGFhS41rx-viTycYxKTO4bFwLU4vnmMkjf8aMDN9nMHrk7ZoYzO3fkeslEHhH1RH5AOFXEqwLyowSovVl-KaHBIwAmW8dwgoazDnNaHvjFvh68iDwJwlRNwd-W6dXyol6z7w5DoEr4JY3C0iEnSS9n_Po6z6eFjkrCHOez7avfPVuOYo&amp;__tn__=*NK-R\">#adra<\/a> <a class=\"x1i10hfl xjbqb8w x6umtig x1b1mbwd xaqea5y xav7gou x9f619 x1ypdohk xt0psk2 xe8uvvx xdj266r x11i5rnm xat24cr x1mh8g0r xexx8yu x4uap5 x18d9i69 xkhd6sd x16tdsg8 x1hl2dhg xggy1nq x1a2a7pz xt0b8zv x1qq9wsj xo1l8bm\" tabindex=\"0\" role=\"link\" href=\"https:\/\/www.facebook.com\/hashtag\/adramoldova?__eep__=6&amp;__cft__[0]=AZW9i9RGUiVwYzPh0m8eGFhS41rx-viTycYxKTO4bFwLU4vnmMkjf8aMDN9nMHrk7ZoYzO3fkeslEHhH1RH5AOFXEqwLyowSovVl-KaHBIwAmW8dwgoazDnNaHvjFvh68iDwJwlRNwd-W6dXyol6z7w5DoEr4JY3C0iEnSS9n_Po6z6eFjkrCHOez7avfPVuOYo&amp;__tn__=*NK-R\">#adramoldova<\/a> <a class=\"x1i10hfl xjbqb8w x6umtig x1b1mbwd xaqea5y xav7gou x9f619 x1ypdohk xt0psk2 xe8uvvx xdj266r x11i5rnm xat24cr x1mh8g0r xexx8yu x4uap5 x18d9i69 xkhd6sd x16tdsg8 x1hl2dhg xggy1nq x1a2a7pz xt0b8zv x1qq9wsj xo1l8bm\" tabindex=\"0\" role=\"link\" href=\"https:\/\/www.facebook.com\/hashtag\/nrc?__eep__=6&amp;__cft__[0]=AZW9i9RGUiVwYzPh0m8eGFhS41rx-viTycYxKTO4bFwLU4vnmMkjf8aMDN9nMHrk7ZoYzO3fkeslEHhH1RH5AOFXEqwLyowSovVl-KaHBIwAmW8dwgoazDnNaHvjFvh68iDwJwlRNwd-W6dXyol6z7w5DoEr4JY3C0iEnSS9n_Po6z6eFjkrCHOez7avfPVuOYo&amp;__tn__=*NK-R\">#nrc<\/a> <a class=\"x1i10hfl xjbqb8w x6umtig x1b1mbwd xaqea5y xav7gou x9f619 x1ypdohk xt0psk2 xe8uvvx xdj266r x11i5rnm xat24cr x1mh8g0r xexx8yu x4uap5 x18d9i69 xkhd6sd x16tdsg8 x1hl2dhg xggy1nq x1a2a7pz xt0b8zv x1qq9wsj xo1l8bm\" tabindex=\"0\" role=\"link\" href=\"https:\/\/www.facebook.com\/hashtag\/norwegianrefugeecouncil?__eep__=6&amp;__cft__[0]=AZW9i9RGUiVwYzPh0m8eGFhS41rx-viTycYxKTO4bFwLU4vnmMkjf8aMDN9nMHrk7ZoYzO3fkeslEHhH1RH5AOFXEqwLyowSovVl-KaHBIwAmW8dwgoazDnNaHvjFvh68iDwJwlRNwd-W6dXyol6z7w5DoEr4JY3C0iEnSS9n_Po6z6eFjkrCHOez7avfPVuOYo&amp;__tn__=*NK-R\">#norwegianrefugeecouncil<\/a> <a class=\"x1i10hfl xjbqb8w x6umtig x1b1mbwd xaqea5y xav7gou x9f619 x1ypdohk xt0psk2 xe8uvvx xdj266r x11i5rnm xat24cr x1mh8g0r xexx8yu x4uap5 x18d9i69 xkhd6sd x16tdsg8 x1hl2dhg xggy1nq x1a2a7pz xt0b8zv x1qq9wsj xo1l8bm\" tabindex=\"0\" role=\"link\" href=\"https:\/\/www.facebook.com\/hashtag\/socialinclusion?__eep__=6&amp;__cft__[0]=AZW9i9RGUiVwYzPh0m8eGFhS41rx-viTycYxKTO4bFwLU4vnmMkjf8aMDN9nMHrk7ZoYzO3fkeslEHhH1RH5AOFXEqwLyowSovVl-KaHBIwAmW8dwgoazDnNaHvjFvh68iDwJwlRNwd-W6dXyol6z7w5DoEr4JY3C0iEnSS9n_Po6z6eFjkrCHOez7avfPVuOYo&amp;__tn__=*NK-R\">#socialinclusion<\/a> <a class=\"x1i10hfl xjbqb8w x6umtig x1b1mbwd xaqea5y xav7gou x9f619 x1ypdohk xt0psk2 xe8uvvx xdj266r x11i5rnm xat24cr x1mh8g0r xexx8yu x4uap5 x18d9i69 xkhd6sd x16tdsg8 x1hl2dhg xggy1nq x1a2a7pz xt0b8zv x1qq9wsj xo1l8bm\" tabindex=\"0\" role=\"link\" href=\"https:\/\/www.facebook.com\/hashtag\/christmasdecor?__eep__=6&amp;__cft__[0]=AZW9i9RGUiVwYzPh0m8eGFhS41rx-viTycYxKTO4bFwLU4vnmMkjf8aMDN9nMHrk7ZoYzO3fkeslEHhH1RH5AOFXEqwLyowSovVl-KaHBIwAmW8dwgoazDnNaHvjFvh68iDwJwlRNwd-W6dXyol6z7w5DoEr4JY3C0iEnSS9n_Po6z6eFjkrCHOez7avfPVuOYo&amp;__tn__=*NK-R\">#christmasdecor<\/a><\/div>\n<\/div>\n<div dir=\"auto\"><\/div>\n<div dir=\"auto\">\u00a0 \u00a0 \u00a0 \u00a0 \u00a0 \u00a0 \u00a0 \u00a0 \u00a0<img fetchpriority=\"high\" decoding=\"async\" class=\"alignnone size-medium wp-image-19901\" src=\"https:\/\/adra.md\/wp-content\/uploads\/2023\/01\/321962968_849144343000592_968051881133977682_n-240x300.jpg\" alt=\"\" width=\"240\" height=\"300\" srcset=\"https:\/\/adra.md\/wp-content\/uploads\/2023\/01\/321962968_849144343000592_968051881133977682_n-240x300.jpg 240w, https:\/\/adra.md\/wp-content\/uploads\/2023\/01\/321962968_849144343000592_968051881133977682_n-819x1024.jpg 819w, https:\/\/adra.md\/wp-content\/uploads\/2023\/01\/321962968_849144343000592_968051881133977682_n-768x960.jpg 768w, https:\/\/adra.md\/wp-content\/uploads\/2023\/01\/321962968_849144343000592_968051881133977682_n-1229x1536.jpg 1229w, https:\/\/adra.md\/wp-content\/uploads\/2023\/01\/321962968_849144343000592_968051881133977682_n.jpg 1440w\" sizes=\"(max-width: 240px) 100vw, 240px\" \/>\u00a0 \u00a0 \u00a0 \u00a0 \u00a0\u00a0 <img decoding=\"async\" class=\"alignnone size-medium wp-image-19902\" src=\"https:\/\/adra.md\/wp-content\/uploads\/2023\/01\/322459752_822012088871527_2443701776955612824_n-240x300.jpg\" alt=\"\" width=\"240\" height=\"300\" srcset=\"https:\/\/adra.md\/wp-content\/uploads\/2023\/01\/322459752_822012088871527_2443701776955612824_n-240x300.jpg 240w, https:\/\/adra.md\/wp-content\/uploads\/2023\/01\/322459752_822012088871527_2443701776955612824_n-820x1024.jpg 820w, https:\/\/adra.md\/wp-content\/uploads\/2023\/01\/322459752_822012088871527_2443701776955612824_n-768x959.jpg 768w, https:\/\/adra.md\/wp-content\/uploads\/2023\/01\/322459752_822012088871527_2443701776955612824_n-1229x1536.jpg 1229w, https:\/\/adra.md\/wp-content\/uploads\/2023\/01\/322459752_822012088871527_2443701776955612824_n.jpg 1440w\" sizes=\"(max-width: 240px) 100vw, 240px\" \/>\u00a0 \u00a0 \u00a0 \u00a0 \u00a0\u00a0 <img decoding=\"async\" class=\"alignnone size-medium wp-image-19903\" src=\"https:\/\/adra.md\/wp-content\/uploads\/2023\/01\/322468944_695211298895910_5411492395912546451_n-240x300.jpg\" alt=\"\" width=\"240\" height=\"300\" srcset=\"https:\/\/adra.md\/wp-content\/uploads\/2023\/01\/322468944_695211298895910_5411492395912546451_n-240x300.jpg 240w, https:\/\/adra.md\/wp-content\/uploads\/2023\/01\/322468944_695211298895910_5411492395912546451_n-820x1024.jpg 820w, https:\/\/adra.md\/wp-content\/uploads\/2023\/01\/322468944_695211298895910_5411492395912546451_n-768x959.jpg 768w, https:\/\/adra.md\/wp-content\/uploads\/2023\/01\/322468944_695211298895910_5411492395912546451_n-1229x1536.jpg 1229w, https:\/\/adra.md\/wp-content\/uploads\/2023\/01\/322468944_695211298895910_5411492395912546451_n.jpg 1440w\" sizes=\"(max-width: 240px) 100vw, 240px\" \/><\/div>\n<div dir=\"auto\"><\/div>\n<div dir=\"auto\">\u00a0 \u00a0 \u00a0 \u00a0 \u00a0 \u00a0 \u00a0 \u00a0 \u00a0<img loading=\"lazy\" decoding=\"async\" class=\"alignnone size-medium wp-image-19904\" src=\"https:\/\/adra.md\/wp-content\/uploads\/2023\/01\/322474398_827384651668114_6794340282667476364_n-240x300.jpg\" alt=\"\" width=\"240\" height=\"300\" srcset=\"https:\/\/adra.md\/wp-content\/uploads\/2023\/01\/322474398_827384651668114_6794340282667476364_n-240x300.jpg 240w, https:\/\/adra.md\/wp-content\/uploads\/2023\/01\/322474398_827384651668114_6794340282667476364_n-819x1024.jpg 819w, https:\/\/adra.md\/wp-content\/uploads\/2023\/01\/322474398_827384651668114_6794340282667476364_n-768x960.jpg 768w, https:\/\/adra.md\/wp-content\/uploads\/2023\/01\/322474398_827384651668114_6794340282667476364_n-1229x1536.jpg 1229w, https:\/\/adra.md\/wp-content\/uploads\/2023\/01\/322474398_827384651668114_6794340282667476364_n.jpg 1440w\" sizes=\"(max-width: 240px) 100vw, 240px\" \/>\u00a0 \u00a0 \u00a0 \u00a0 \u00a0 \u00a0<img loading=\"lazy\" decoding=\"async\" class=\"alignnone size-medium wp-image-19905\" src=\"https:\/\/adra.md\/wp-content\/uploads\/2023\/01\/322511964_723992565809419_5848123885631337268_n-240x300.jpg\" alt=\"\" width=\"240\" height=\"300\" srcset=\"https:\/\/adra.md\/wp-content\/uploads\/2023\/01\/322511964_723992565809419_5848123885631337268_n-240x300.jpg 240w, https:\/\/adra.md\/wp-content\/uploads\/2023\/01\/322511964_723992565809419_5848123885631337268_n-819x1024.jpg 819w, https:\/\/adra.md\/wp-content\/uploads\/2023\/01\/322511964_723992565809419_5848123885631337268_n-768x960.jpg 768w, https:\/\/adra.md\/wp-content\/uploads\/2023\/01\/322511964_723992565809419_5848123885631337268_n-1229x1536.jpg 1229w, https:\/\/adra.md\/wp-content\/uploads\/2023\/01\/322511964_723992565809419_5848123885631337268_n.jpg 1440w\" sizes=\"(max-width: 240px) 100vw, 240px\" \/>\u00a0 \u00a0 \u00a0 \u00a0 \u00a0 \u00a0 <img loading=\"lazy\" decoding=\"async\" class=\"alignnone size-medium wp-image-19906\" src=\"https:\/\/adra.md\/wp-content\/uploads\/2023\/01\/322565012_1760973267629906_5970787476276612207_n-240x300.jpg\" alt=\"\" width=\"240\" height=\"300\" srcset=\"https:\/\/adra.md\/wp-content\/uploads\/2023\/01\/322565012_1760973267629906_5970787476276612207_n-240x300.jpg 240w, https:\/\/adra.md\/wp-content\/uploads\/2023\/01\/322565012_1760973267629906_5970787476276612207_n-820x1024.jpg 820w, https:\/\/adra.md\/wp-content\/uploads\/2023\/01\/322565012_1760973267629906_5970787476276612207_n-768x959.jpg 768w, https:\/\/adra.md\/wp-content\/uploads\/2023\/01\/322565012_1760973267629906_5970787476276612207_n-1229x1536.jpg 1229w, https:\/\/adra.md\/wp-content\/uploads\/2023\/01\/322565012_1760973267629906_5970787476276612207_n.jpg 1440w\" sizes=\"(max-width: 240px) 100vw, 240px\" \/><\/div>\n<div dir=\"auto\"><\/div>\n<div dir=\"auto\">\u00a0 \u00a0 \u00a0 \u00a0 \u00a0 \u00a0 \u00a0 \u00a0 \u00a0 \u00a0 \u00a0 \u00a0 \u00a0 \u00a0 \u00a0 \u00a0 \u00a0 \u00a0 \u00a0 \u00a0 \u00a0 \u00a0 \u00a0 \u00a0 \u00a0 \u00a0 \u00a0 \u00a0 \u00a0 \u00a0 \u00a0 \u00a0 \u00a0 \u00a0 \u00a0 \u00a0 \u00a0 \u00a0 \u00a0 \u00a0 \u00a0 \u00a0 \u00a0 \u00a0 \u00a0\u00a0<img loading=\"lazy\" decoding=\"async\" class=\"alignnone size-medium wp-image-19907\" src=\"https:\/\/adra.md\/wp-content\/uploads\/2023\/01\/322841231_707437541053528_6600964873947853844_n-240x300.jpg\" alt=\"\" width=\"240\" height=\"300\" srcset=\"https:\/\/adra.md\/wp-content\/uploads\/2023\/01\/322841231_707437541053528_6600964873947853844_n-240x300.jpg 240w, https:\/\/adra.md\/wp-content\/uploads\/2023\/01\/322841231_707437541053528_6600964873947853844_n-819x1024.jpg 819w, https:\/\/adra.md\/wp-content\/uploads\/2023\/01\/322841231_707437541053528_6600964873947853844_n-768x960.jpg 768w, https:\/\/adra.md\/wp-content\/uploads\/2023\/01\/322841231_707437541053528_6600964873947853844_n-1229x1536.jpg 1229w, https:\/\/adra.md\/wp-content\/uploads\/2023\/01\/322841231_707437541053528_6600964873947853844_n.jpg 1440w\" sizes=\"(max-width: 240px) 100vw, 240px\" \/><\/div>\n","protected":false},"excerpt":{"rendered":"<p>\u00cen luna Decembrie, ADRA Moldova cu sus\u021binerea financiar\u0103 a NRC (NRC &#8211; Norwegian Refugee Council ) \u0219i \u00een colaborare cu Organiza\u021bia URBAN, a petrecut o \u00eent\u00e2lnire cu scopul incluziunii sociale \u0219i \u00eemprietenirii cu refugia\u021bii din Ucraina. \u00cen cadrul acestei \u00eent\u00e2lniri, refugia\u021bii au avut ocazia s\u0103 se deta\u0219eze de grijile zilnice particip\u00e2nd la activitatea de Art [&hellip;]<\/p>\n","protected":false},"author":9,"featured_media":19901,"comment_status":"closed","ping_status":"closed","sticky":false,"template":"","format":"standard","meta":{"_acf_changed":false,"footnotes":""},"categories":[294],"tags":[],"class_list":["post-19900","post","type-post","status-publish","format-standard","has-post-thumbnail","hentry","category-news"],"acf":[],"yoast_head":"<!-- This site is optimized with the Yoast SEO plugin v27.4 - https:\/\/yoast.com\/product\/yoast-seo-wordpress\/ -->\n<title>De s\u0103rb\u0103tori - ca acas\u0103! - ADRA Moldova<\/title>\n<meta name=\"robots\" content=\"index, follow, max-snippet:-1, max-image-preview:large, max-video-preview:-1\" \/>\n<link rel=\"canonical\" href=\"https:\/\/adra.md\/ru\/de-sarbatori-ca-acasa\/\" \/>\n<meta property=\"og:locale\" content=\"ru_RU\" \/>\n<meta property=\"og:type\" content=\"article\" \/>\n<meta property=\"og:title\" content=\"De s\u0103rb\u0103tori - ca acas\u0103! - ADRA Moldova\" \/>\n<meta property=\"og:description\" content=\"\u00cen luna Decembrie, ADRA Moldova cu sus\u021binerea financiar\u0103 a NRC (NRC &#8211; Norwegian Refugee Council ) \u0219i \u00een colaborare cu Organiza\u021bia URBAN, a petrecut o \u00eent\u00e2lnire cu scopul incluziunii sociale \u0219i \u00eemprietenirii cu refugia\u021bii din Ucraina. \u00cen cadrul acestei \u00eent\u00e2lniri, refugia\u021bii au avut ocazia s\u0103 se deta\u0219eze de grijile zilnice particip\u00e2nd la activitatea de Art [&hellip;]\" \/>\n<meta property=\"og:url\" content=\"https:\/\/adra.md\/ru\/de-sarbatori-ca-acasa\/\" \/>\n<meta property=\"og:site_name\" content=\"ADRA Moldova\" \/>\n<meta property=\"article:published_time\" content=\"2023-01-20T15:57:41+00:00\" \/>\n<meta property=\"og:image\" content=\"https:\/\/adra.md\/wp-content\/uploads\/2023\/01\/321962968_849144343000592_968051881133977682_n.jpg\" \/>\n\t<meta property=\"og:image:width\" content=\"1440\" \/>\n\t<meta property=\"og:image:height\" content=\"1800\" \/>\n\t<meta property=\"og:image:type\" content=\"image\/jpeg\" \/>\n<meta name=\"author\" content=\"ADRA Moldova\" \/>\n<meta name=\"twitter:card\" content=\"summary_large_image\" \/>\n<meta name=\"twitter:label1\" content=\"\u041d\u0430\u043f\u0438\u0441\u0430\u043d\u043e \u0430\u0432\u0442\u043e\u0440\u043e\u043c\" \/>\n\t<meta name=\"twitter:data1\" content=\"ADRA Moldova\" \/>\n\t<meta name=\"twitter:label2\" content=\"\u041f\u0440\u0438\u043c\u0435\u0440\u043d\u043e\u0435 \u0432\u0440\u0435\u043c\u044f \u0434\u043b\u044f \u0447\u0442\u0435\u043d\u0438\u044f\" \/>\n\t<meta name=\"twitter:data2\" content=\"1 \u043c\u0438\u043d\u0443\u0442\u0430\" \/>\n<script type=\"application\/ld+json\" class=\"yoast-schema-graph\">{\"@context\":\"https:\\\/\\\/schema.org\",\"@graph\":[{\"@type\":\"Article\",\"@id\":\"https:\\\/\\\/adra.md\\\/de-sarbatori-ca-acasa\\\/#article\",\"isPartOf\":{\"@id\":\"https:\\\/\\\/adra.md\\\/de-sarbatori-ca-acasa\\\/\"},\"author\":{\"name\":\"ADRA Moldova\",\"@id\":\"https:\\\/\\\/adra.md\\\/#\\\/schema\\\/person\\\/b0181e611ee89738cefb7dc2db2bb8d1\"},\"headline\":\"De s\u0103rb\u0103tori &#8211; ca acas\u0103!\",\"datePublished\":\"2023-01-20T15:57:41+00:00\",\"mainEntityOfPage\":{\"@id\":\"https:\\\/\\\/adra.md\\\/de-sarbatori-ca-acasa\\\/\"},\"wordCount\":177,\"publisher\":{\"@id\":\"https:\\\/\\\/adra.md\\\/#organization\"},\"image\":{\"@id\":\"https:\\\/\\\/adra.md\\\/de-sarbatori-ca-acasa\\\/#primaryimage\"},\"thumbnailUrl\":\"https:\\\/\\\/adra.md\\\/wp-content\\\/uploads\\\/2023\\\/01\\\/321962968_849144343000592_968051881133977682_n.jpg\",\"articleSection\":[\"News\"],\"inLanguage\":\"ru-RU\"},{\"@type\":\"WebPage\",\"@id\":\"https:\\\/\\\/adra.md\\\/de-sarbatori-ca-acasa\\\/\",\"url\":\"https:\\\/\\\/adra.md\\\/de-sarbatori-ca-acasa\\\/\",\"name\":\"De s\u0103rb\u0103tori - ca acas\u0103! - ADRA Moldova\",\"isPartOf\":{\"@id\":\"https:\\\/\\\/adra.md\\\/#website\"},\"primaryImageOfPage\":{\"@id\":\"https:\\\/\\\/adra.md\\\/de-sarbatori-ca-acasa\\\/#primaryimage\"},\"image\":{\"@id\":\"https:\\\/\\\/adra.md\\\/de-sarbatori-ca-acasa\\\/#primaryimage\"},\"thumbnailUrl\":\"https:\\\/\\\/adra.md\\\/wp-content\\\/uploads\\\/2023\\\/01\\\/321962968_849144343000592_968051881133977682_n.jpg\",\"datePublished\":\"2023-01-20T15:57:41+00:00\",\"breadcrumb\":{\"@id\":\"https:\\\/\\\/adra.md\\\/de-sarbatori-ca-acasa\\\/#breadcrumb\"},\"inLanguage\":\"ru-RU\",\"potentialAction\":[{\"@type\":\"ReadAction\",\"target\":[\"https:\\\/\\\/adra.md\\\/de-sarbatori-ca-acasa\\\/\"]}]},{\"@type\":\"ImageObject\",\"inLanguage\":\"ru-RU\",\"@id\":\"https:\\\/\\\/adra.md\\\/de-sarbatori-ca-acasa\\\/#primaryimage\",\"url\":\"https:\\\/\\\/adra.md\\\/wp-content\\\/uploads\\\/2023\\\/01\\\/321962968_849144343000592_968051881133977682_n.jpg\",\"contentUrl\":\"https:\\\/\\\/adra.md\\\/wp-content\\\/uploads\\\/2023\\\/01\\\/321962968_849144343000592_968051881133977682_n.jpg\",\"width\":1440,\"height\":1800},{\"@type\":\"BreadcrumbList\",\"@id\":\"https:\\\/\\\/adra.md\\\/de-sarbatori-ca-acasa\\\/#breadcrumb\",\"itemListElement\":[{\"@type\":\"ListItem\",\"position\":1,\"name\":\"Home\",\"item\":\"https:\\\/\\\/adra.md\\\/\"},{\"@type\":\"ListItem\",\"position\":2,\"name\":\"De s\u0103rb\u0103tori &#8211; ca acas\u0103!\"}]},{\"@type\":\"WebSite\",\"@id\":\"https:\\\/\\\/adra.md\\\/#website\",\"url\":\"https:\\\/\\\/adra.md\\\/\",\"name\":\"ADRA Moldova\",\"description\":\"Agen\u0163ia Adventist\u0103 pentru Dezvoltare, Refacere \u015fi Ajutor\",\"publisher\":{\"@id\":\"https:\\\/\\\/adra.md\\\/#organization\"},\"potentialAction\":[{\"@type\":\"SearchAction\",\"target\":{\"@type\":\"EntryPoint\",\"urlTemplate\":\"https:\\\/\\\/adra.md\\\/?s={search_term_string}\"},\"query-input\":{\"@type\":\"PropertyValueSpecification\",\"valueRequired\":true,\"valueName\":\"search_term_string\"}}],\"inLanguage\":\"ru-RU\"},{\"@type\":\"Organization\",\"@id\":\"https:\\\/\\\/adra.md\\\/#organization\",\"name\":\"ADRA Moldova\",\"url\":\"https:\\\/\\\/adra.md\\\/\",\"logo\":{\"@type\":\"ImageObject\",\"inLanguage\":\"ru-RU\",\"@id\":\"https:\\\/\\\/adra.md\\\/#\\\/schema\\\/logo\\\/image\\\/\",\"url\":\"https:\\\/\\\/adra.md\\\/wp-content\\\/uploads\\\/2019\\\/11\\\/group-435.png\",\"contentUrl\":\"https:\\\/\\\/adra.md\\\/wp-content\\\/uploads\\\/2019\\\/11\\\/group-435.png\",\"width\":500,\"height\":133,\"caption\":\"ADRA Moldova\"},\"image\":{\"@id\":\"https:\\\/\\\/adra.md\\\/#\\\/schema\\\/logo\\\/image\\\/\"}},{\"@type\":\"Person\",\"@id\":\"https:\\\/\\\/adra.md\\\/#\\\/schema\\\/person\\\/b0181e611ee89738cefb7dc2db2bb8d1\",\"name\":\"ADRA Moldova\",\"url\":\"https:\\\/\\\/adra.md\\\/ru\\\/author\\\/andrei-girleanu\\\/\"}]}<\/script>\n<!-- \/ Yoast SEO plugin. -->","yoast_head_json":{"title":"De s\u0103rb\u0103tori - ca acas\u0103! - ADRA Moldova","robots":{"index":"index","follow":"follow","max-snippet":"max-snippet:-1","max-image-preview":"max-image-preview:large","max-video-preview":"max-video-preview:-1"},"canonical":"https:\/\/adra.md\/ru\/de-sarbatori-ca-acasa\/","og_locale":"ru_RU","og_type":"article","og_title":"De s\u0103rb\u0103tori - ca acas\u0103! - ADRA Moldova","og_description":"\u00cen luna Decembrie, ADRA Moldova cu sus\u021binerea financiar\u0103 a NRC (NRC &#8211; Norwegian Refugee Council ) \u0219i \u00een colaborare cu Organiza\u021bia URBAN, a petrecut o \u00eent\u00e2lnire cu scopul incluziunii sociale \u0219i \u00eemprietenirii cu refugia\u021bii din Ucraina. \u00cen cadrul acestei \u00eent\u00e2lniri, refugia\u021bii au avut ocazia s\u0103 se deta\u0219eze de grijile zilnice particip\u00e2nd la activitatea de Art [&hellip;]","og_url":"https:\/\/adra.md\/ru\/de-sarbatori-ca-acasa\/","og_site_name":"ADRA Moldova","article_published_time":"2023-01-20T15:57:41+00:00","og_image":[{"width":1440,"height":1800,"url":"https:\/\/adra.md\/wp-content\/uploads\/2023\/01\/321962968_849144343000592_968051881133977682_n.jpg","type":"image\/jpeg"}],"author":"ADRA Moldova","twitter_card":"summary_large_image","twitter_misc":{"\u041d\u0430\u043f\u0438\u0441\u0430\u043d\u043e \u0430\u0432\u0442\u043e\u0440\u043e\u043c":"ADRA Moldova","\u041f\u0440\u0438\u043c\u0435\u0440\u043d\u043e\u0435 \u0432\u0440\u0435\u043c\u044f \u0434\u043b\u044f \u0447\u0442\u0435\u043d\u0438\u044f":"1 \u043c\u0438\u043d\u0443\u0442\u0430"},"schema":{"@context":"https:\/\/schema.org","@graph":[{"@type":"Article","@id":"https:\/\/adra.md\/de-sarbatori-ca-acasa\/#article","isPartOf":{"@id":"https:\/\/adra.md\/de-sarbatori-ca-acasa\/"},"author":{"name":"ADRA Moldova","@id":"https:\/\/adra.md\/#\/schema\/person\/b0181e611ee89738cefb7dc2db2bb8d1"},"headline":"De s\u0103rb\u0103tori &#8211; ca acas\u0103!","datePublished":"2023-01-20T15:57:41+00:00","mainEntityOfPage":{"@id":"https:\/\/adra.md\/de-sarbatori-ca-acasa\/"},"wordCount":177,"publisher":{"@id":"https:\/\/adra.md\/#organization"},"image":{"@id":"https:\/\/adra.md\/de-sarbatori-ca-acasa\/#primaryimage"},"thumbnailUrl":"https:\/\/adra.md\/wp-content\/uploads\/2023\/01\/321962968_849144343000592_968051881133977682_n.jpg","articleSection":["News"],"inLanguage":"ru-RU"},{"@type":"WebPage","@id":"https:\/\/adra.md\/de-sarbatori-ca-acasa\/","url":"https:\/\/adra.md\/de-sarbatori-ca-acasa\/","name":"De s\u0103rb\u0103tori - ca acas\u0103! - ADRA Moldova","isPartOf":{"@id":"https:\/\/adra.md\/#website"},"primaryImageOfPage":{"@id":"https:\/\/adra.md\/de-sarbatori-ca-acasa\/#primaryimage"},"image":{"@id":"https:\/\/adra.md\/de-sarbatori-ca-acasa\/#primaryimage"},"thumbnailUrl":"https:\/\/adra.md\/wp-content\/uploads\/2023\/01\/321962968_849144343000592_968051881133977682_n.jpg","datePublished":"2023-01-20T15:57:41+00:00","breadcrumb":{"@id":"https:\/\/adra.md\/de-sarbatori-ca-acasa\/#breadcrumb"},"inLanguage":"ru-RU","potentialAction":[{"@type":"ReadAction","target":["https:\/\/adra.md\/de-sarbatori-ca-acasa\/"]}]},{"@type":"ImageObject","inLanguage":"ru-RU","@id":"https:\/\/adra.md\/de-sarbatori-ca-acasa\/#primaryimage","url":"https:\/\/adra.md\/wp-content\/uploads\/2023\/01\/321962968_849144343000592_968051881133977682_n.jpg","contentUrl":"https:\/\/adra.md\/wp-content\/uploads\/2023\/01\/321962968_849144343000592_968051881133977682_n.jpg","width":1440,"height":1800},{"@type":"BreadcrumbList","@id":"https:\/\/adra.md\/de-sarbatori-ca-acasa\/#breadcrumb","itemListElement":[{"@type":"ListItem","position":1,"name":"Home","item":"https:\/\/adra.md\/"},{"@type":"ListItem","position":2,"name":"De s\u0103rb\u0103tori &#8211; ca acas\u0103!"}]},{"@type":"WebSite","@id":"https:\/\/adra.md\/#website","url":"https:\/\/adra.md\/","name":"ADRA Moldova","description":"Agen\u0163ia Adventist\u0103 pentru Dezvoltare, Refacere \u015fi Ajutor","publisher":{"@id":"https:\/\/adra.md\/#organization"},"potentialAction":[{"@type":"SearchAction","target":{"@type":"EntryPoint","urlTemplate":"https:\/\/adra.md\/?s={search_term_string}"},"query-input":{"@type":"PropertyValueSpecification","valueRequired":true,"valueName":"search_term_string"}}],"inLanguage":"ru-RU"},{"@type":"Organization","@id":"https:\/\/adra.md\/#organization","name":"ADRA Moldova","url":"https:\/\/adra.md\/","logo":{"@type":"ImageObject","inLanguage":"ru-RU","@id":"https:\/\/adra.md\/#\/schema\/logo\/image\/","url":"https:\/\/adra.md\/wp-content\/uploads\/2019\/11\/group-435.png","contentUrl":"https:\/\/adra.md\/wp-content\/uploads\/2019\/11\/group-435.png","width":500,"height":133,"caption":"ADRA Moldova"},"image":{"@id":"https:\/\/adra.md\/#\/schema\/logo\/image\/"}},{"@type":"Person","@id":"https:\/\/adra.md\/#\/schema\/person\/b0181e611ee89738cefb7dc2db2bb8d1","name":"ADRA Moldova","url":"https:\/\/adra.md\/ru\/author\/andrei-girleanu\/"}]}},"_links":{"self":[{"href":"https:\/\/adra.md\/ru\/wp-json\/wp\/v2\/posts\/19900","targetHints":{"allow":["GET"]}}],"collection":[{"href":"https:\/\/adra.md\/ru\/wp-json\/wp\/v2\/posts"}],"about":[{"href":"https:\/\/adra.md\/ru\/wp-json\/wp\/v2\/types\/post"}],"author":[{"embeddable":true,"href":"https:\/\/adra.md\/ru\/wp-json\/wp\/v2\/users\/9"}],"replies":[{"embeddable":true,"href":"https:\/\/adra.md\/ru\/wp-json\/wp\/v2\/comments?post=19900"}],"version-history":[{"count":1,"href":"https:\/\/adra.md\/ru\/wp-json\/wp\/v2\/posts\/19900\/revisions"}],"predecessor-version":[{"id":19908,"href":"https:\/\/adra.md\/ru\/wp-json\/wp\/v2\/posts\/19900\/revisions\/19908"}],"wp:featuredmedia":[{"embeddable":true,"href":"https:\/\/adra.md\/ru\/wp-json\/wp\/v2\/media\/19901"}],"wp:attachment":[{"href":"https:\/\/adra.md\/ru\/wp-json\/wp\/v2\/media?parent=19900"}],"wp:term":[{"taxonomy":"category","embeddable":true,"href":"https:\/\/adra.md\/ru\/wp-json\/wp\/v2\/categories?post=19900"},{"taxonomy":"post_tag","embeddable":true,"href":"https:\/\/adra.md\/ru\/wp-json\/wp\/v2\/tags?post=19900"}],"curies":[{"name":"wp","href":"https:\/\/api.w.org\/{rel}","templated":true}]}}