{"id":20044,"date":"2023-02-03T12:12:06","date_gmt":"2023-02-03T12:12:06","guid":{"rendered":"https:\/\/adra.md\/?p=20044"},"modified":"2023-02-03T12:12:06","modified_gmt":"2023-02-03T12:12:06","slug":"unde-se-fac-teste-iq-pentru-copii-cu-autism","status":"publish","type":"post","link":"https:\/\/adra.md\/ru\/unde-se-fac-teste-iq-pentru-copii-cu-autism\/","title":{"rendered":"Unde se fac teste IQ pentru copii cu autism?"},"content":{"rendered":"<p>Q-ul (Intelligence Quotient) reprezint\u0103 m\u0103sura inteligen\u021bei umane exprimat\u0103 printr-un num\u0103r rezultat \u00een urma sus\u021binerii unui test standardizat, raportat la v\u00e2rsta cronologic\u0103.<br \/>\nDe\u0219i testele de inteligen\u021b\u0103 standardizate pot m\u0103sura IQ-ul \u00eencep\u00e2nd cu v\u00e2rsta de aprozimativ 3 ani. O evaluare complexa \u0219i valoroas\u0103 a abilit\u0103\u021bilor cognitive (at\u00e2t verbale, c\u00e2t \u0219i non-verbale) poate fi f\u0103cut\u0103 dup\u0103 v\u00e2rsta de 6 ani. Pentru a putea lua decizii corecte \u00een privin\u021ba planului educa\u021bional al unui copil, este foarte important sa fie evaluate cele dou\u0103 componente majore ale inteligen\u021bei: cea non-verbal\u0103 (inteligena fluid\u0103, mo\u0219tenit\u0103 genetic) \u0219i cea verbal\u0103 (inteligen\u021ba cristializat\u0103, c\u00e2\u0219tigat\u0103 prin educa\u021bie).<br \/>\nGra\u021bie ADRA Moldova pentru sus\u021binerea proiectului realizat in parteneriat cu AO SOS Autism: \u201eEvacuare, Asisten\u021b\u0103 \u0219i Protec\u021bie pentru salvarea vie\u021bilor \u00een Ucraina, Moldova, Rom\u00e2nia 2022, r\u0103zboi, protec\u021bie \u0219i numerar\u201d cu suportul financiar de la Asisten\u021ba umanitar\u0103 interna\u021bional\u0103, Guvernul Canadei (IHA CANADA), au fost \u0219i sunt realizate \u00een continuare servicii de evaluare a abilit\u0103\u021bilor (VB-mapp) \u0219i evaluarea coeficientului de inteligenta IQ (SON-R) pentru copiii cu autism din Ucraina \u0219i Republica Moldova.<\/p>\n<p>Multumim pentru efort coordonatilor!<\/p>\n<p>&nbsp;<\/p>\n<p><img fetchpriority=\"high\" decoding=\"async\" class=\"alignnone size-medium wp-image-20048\" src=\"https:\/\/adra.md\/wp-content\/uploads\/2023\/02\/328258793_906161070535042_1409114008434390714_n-2-225x300.jpg\" alt=\"\" width=\"225\" height=\"300\" srcset=\"https:\/\/adra.md\/wp-content\/uploads\/2023\/02\/328258793_906161070535042_1409114008434390714_n-2-225x300.jpg 225w, https:\/\/adra.md\/wp-content\/uploads\/2023\/02\/328258793_906161070535042_1409114008434390714_n-2-768x1024.jpg 768w, https:\/\/adra.md\/wp-content\/uploads\/2023\/02\/328258793_906161070535042_1409114008434390714_n-2-1152x1536.jpg 1152w, https:\/\/adra.md\/wp-content\/uploads\/2023\/02\/328258793_906161070535042_1409114008434390714_n-2.jpg 1200w\" sizes=\"(max-width: 225px) 100vw, 225px\" \/>\u00a0 \u00a0 \u00a0 \u00a0\u00a0 <img decoding=\"async\" class=\"alignnone size-medium wp-image-20049\" src=\"https:\/\/adra.md\/wp-content\/uploads\/2023\/02\/11articol_ce_este_iqul-1-300x200.webp\" alt=\"\" width=\"300\" height=\"200\" srcset=\"https:\/\/adra.md\/wp-content\/uploads\/2023\/02\/11articol_ce_este_iqul-1-300x200.webp 300w, https:\/\/adra.md\/wp-content\/uploads\/2023\/02\/11articol_ce_este_iqul-1-768x513.webp 768w, https:\/\/adra.md\/wp-content\/uploads\/2023\/02\/11articol_ce_este_iqul-1.webp 825w\" sizes=\"(max-width: 300px) 100vw, 300px\" \/>\u00a0 \u00a0 \u00a0 \u00a0 \u00a0 <img decoding=\"async\" class=\"alignnone size-medium wp-image-20050\" src=\"https:\/\/adra.md\/wp-content\/uploads\/2023\/02\/328243541_3342837625975078_7271897716497821983_n-2-225x300.jpg\" alt=\"\" width=\"225\" height=\"300\" srcset=\"https:\/\/adra.md\/wp-content\/uploads\/2023\/02\/328243541_3342837625975078_7271897716497821983_n-2-225x300.jpg 225w, https:\/\/adra.md\/wp-content\/uploads\/2023\/02\/328243541_3342837625975078_7271897716497821983_n-2-768x1024.jpg 768w, https:\/\/adra.md\/wp-content\/uploads\/2023\/02\/328243541_3342837625975078_7271897716497821983_n-2-1152x1536.jpg 1152w, https:\/\/adra.md\/wp-content\/uploads\/2023\/02\/328243541_3342837625975078_7271897716497821983_n-2.jpg 1200w\" sizes=\"(max-width: 225px) 100vw, 225px\" \/><\/p>","protected":false},"excerpt":{"rendered":"<p>Q-ul (Intelligence Quotient) reprezint\u0103 m\u0103sura inteligen\u021bei umane exprimat\u0103 printr-un num\u0103r rezultat \u00een urma sus\u021binerii unui test standardizat, raportat la v\u00e2rsta cronologic\u0103. De\u0219i testele de inteligen\u021b\u0103 standardizate pot m\u0103sura IQ-ul \u00eencep\u00e2nd cu v\u00e2rsta de aprozimativ 3 ani. O evaluare complexa \u0219i valoroas\u0103 a abilit\u0103\u021bilor cognitive (at\u00e2t verbale, c\u00e2t \u0219i non-verbale) poate fi f\u0103cut\u0103 dup\u0103 v\u00e2rsta de [&hellip;]<\/p>\n","protected":false},"author":9,"featured_media":20051,"comment_status":"closed","ping_status":"closed","sticky":false,"template":"","format":"standard","meta":{"_acf_changed":false,"footnotes":""},"categories":[294],"tags":[],"class_list":["post-20044","post","type-post","status-publish","format-standard","has-post-thumbnail","hentry","category-news"],"acf":[],"yoast_head":"<!-- This site is optimized with the Yoast SEO plugin v27.4 - https:\/\/yoast.com\/product\/yoast-seo-wordpress\/ -->\n<title>Unde se fac teste IQ pentru copii cu autism? - ADRA Moldova<\/title>\n<meta name=\"robots\" content=\"index, follow, max-snippet:-1, max-image-preview:large, max-video-preview:-1\" \/>\n<link rel=\"canonical\" href=\"https:\/\/adra.md\/ru\/unde-se-fac-teste-iq-pentru-copii-cu-autism\/\" \/>\n<meta property=\"og:locale\" content=\"ru_RU\" \/>\n<meta property=\"og:type\" content=\"article\" \/>\n<meta property=\"og:title\" content=\"Unde se fac teste IQ pentru copii cu autism? - ADRA Moldova\" \/>\n<meta property=\"og:description\" content=\"Q-ul (Intelligence Quotient) reprezint\u0103 m\u0103sura inteligen\u021bei umane exprimat\u0103 printr-un num\u0103r rezultat \u00een urma sus\u021binerii unui test standardizat, raportat la v\u00e2rsta cronologic\u0103. De\u0219i testele de inteligen\u021b\u0103 standardizate pot m\u0103sura IQ-ul \u00eencep\u00e2nd cu v\u00e2rsta de aprozimativ 3 ani. O evaluare complexa \u0219i valoroas\u0103 a abilit\u0103\u021bilor cognitive (at\u00e2t verbale, c\u00e2t \u0219i non-verbale) poate fi f\u0103cut\u0103 dup\u0103 v\u00e2rsta de [&hellip;]\" \/>\n<meta property=\"og:url\" content=\"https:\/\/adra.md\/ru\/unde-se-fac-teste-iq-pentru-copii-cu-autism\/\" \/>\n<meta property=\"og:site_name\" content=\"ADRA Moldova\" \/>\n<meta property=\"article:published_time\" content=\"2023-02-03T12:12:06+00:00\" \/>\n<meta property=\"og:image\" content=\"https:\/\/adra.md\/wp-content\/uploads\/2023\/02\/viber_image_2023-02-03_14-11-21-176.jpg\" \/>\n\t<meta property=\"og:image:width\" content=\"1290\" \/>\n\t<meta property=\"og:image:height\" content=\"1611\" \/>\n\t<meta property=\"og:image:type\" content=\"image\/jpeg\" \/>\n<meta name=\"author\" content=\"ADRA Moldova\" \/>\n<meta name=\"twitter:card\" content=\"summary_large_image\" \/>\n<meta name=\"twitter:label1\" content=\"\u041d\u0430\u043f\u0438\u0441\u0430\u043d\u043e \u0430\u0432\u0442\u043e\u0440\u043e\u043c\" \/>\n\t<meta name=\"twitter:data1\" content=\"ADRA Moldova\" \/>\n\t<meta name=\"twitter:label2\" content=\"\u041f\u0440\u0438\u043c\u0435\u0440\u043d\u043e\u0435 \u0432\u0440\u0435\u043c\u044f \u0434\u043b\u044f \u0447\u0442\u0435\u043d\u0438\u044f\" \/>\n\t<meta name=\"twitter:data2\" content=\"1 \u043c\u0438\u043d\u0443\u0442\u0430\" \/>\n<script type=\"application\/ld+json\" class=\"yoast-schema-graph\">{\"@context\":\"https:\\\/\\\/schema.org\",\"@graph\":[{\"@type\":\"Article\",\"@id\":\"https:\\\/\\\/adra.md\\\/unde-se-fac-teste-iq-pentru-copii-cu-autism\\\/#article\",\"isPartOf\":{\"@id\":\"https:\\\/\\\/adra.md\\\/unde-se-fac-teste-iq-pentru-copii-cu-autism\\\/\"},\"author\":{\"name\":\"ADRA Moldova\",\"@id\":\"https:\\\/\\\/adra.md\\\/#\\\/schema\\\/person\\\/b0181e611ee89738cefb7dc2db2bb8d1\"},\"headline\":\"Unde se fac teste IQ pentru copii cu autism?\",\"datePublished\":\"2023-02-03T12:12:06+00:00\",\"mainEntityOfPage\":{\"@id\":\"https:\\\/\\\/adra.md\\\/unde-se-fac-teste-iq-pentru-copii-cu-autism\\\/\"},\"wordCount\":208,\"publisher\":{\"@id\":\"https:\\\/\\\/adra.md\\\/#organization\"},\"image\":{\"@id\":\"https:\\\/\\\/adra.md\\\/unde-se-fac-teste-iq-pentru-copii-cu-autism\\\/#primaryimage\"},\"thumbnailUrl\":\"https:\\\/\\\/adra.md\\\/wp-content\\\/uploads\\\/2023\\\/02\\\/viber_image_2023-02-03_14-11-21-176.jpg\",\"articleSection\":[\"News\"],\"inLanguage\":\"ru-RU\"},{\"@type\":\"WebPage\",\"@id\":\"https:\\\/\\\/adra.md\\\/unde-se-fac-teste-iq-pentru-copii-cu-autism\\\/\",\"url\":\"https:\\\/\\\/adra.md\\\/unde-se-fac-teste-iq-pentru-copii-cu-autism\\\/\",\"name\":\"Unde se fac teste IQ pentru copii cu autism? - ADRA Moldova\",\"isPartOf\":{\"@id\":\"https:\\\/\\\/adra.md\\\/#website\"},\"primaryImageOfPage\":{\"@id\":\"https:\\\/\\\/adra.md\\\/unde-se-fac-teste-iq-pentru-copii-cu-autism\\\/#primaryimage\"},\"image\":{\"@id\":\"https:\\\/\\\/adra.md\\\/unde-se-fac-teste-iq-pentru-copii-cu-autism\\\/#primaryimage\"},\"thumbnailUrl\":\"https:\\\/\\\/adra.md\\\/wp-content\\\/uploads\\\/2023\\\/02\\\/viber_image_2023-02-03_14-11-21-176.jpg\",\"datePublished\":\"2023-02-03T12:12:06+00:00\",\"breadcrumb\":{\"@id\":\"https:\\\/\\\/adra.md\\\/unde-se-fac-teste-iq-pentru-copii-cu-autism\\\/#breadcrumb\"},\"inLanguage\":\"ru-RU\",\"potentialAction\":[{\"@type\":\"ReadAction\",\"target\":[\"https:\\\/\\\/adra.md\\\/unde-se-fac-teste-iq-pentru-copii-cu-autism\\\/\"]}]},{\"@type\":\"ImageObject\",\"inLanguage\":\"ru-RU\",\"@id\":\"https:\\\/\\\/adra.md\\\/unde-se-fac-teste-iq-pentru-copii-cu-autism\\\/#primaryimage\",\"url\":\"https:\\\/\\\/adra.md\\\/wp-content\\\/uploads\\\/2023\\\/02\\\/viber_image_2023-02-03_14-11-21-176.jpg\",\"contentUrl\":\"https:\\\/\\\/adra.md\\\/wp-content\\\/uploads\\\/2023\\\/02\\\/viber_image_2023-02-03_14-11-21-176.jpg\",\"width\":1290,\"height\":1611},{\"@type\":\"BreadcrumbList\",\"@id\":\"https:\\\/\\\/adra.md\\\/unde-se-fac-teste-iq-pentru-copii-cu-autism\\\/#breadcrumb\",\"itemListElement\":[{\"@type\":\"ListItem\",\"position\":1,\"name\":\"Home\",\"item\":\"https:\\\/\\\/adra.md\\\/\"},{\"@type\":\"ListItem\",\"position\":2,\"name\":\"Unde se fac teste IQ pentru copii cu autism?\"}]},{\"@type\":\"WebSite\",\"@id\":\"https:\\\/\\\/adra.md\\\/#website\",\"url\":\"https:\\\/\\\/adra.md\\\/\",\"name\":\"ADRA Moldova\",\"description\":\"Agen\u0163ia Adventist\u0103 pentru Dezvoltare, Refacere \u015fi Ajutor\",\"publisher\":{\"@id\":\"https:\\\/\\\/adra.md\\\/#organization\"},\"potentialAction\":[{\"@type\":\"SearchAction\",\"target\":{\"@type\":\"EntryPoint\",\"urlTemplate\":\"https:\\\/\\\/adra.md\\\/?s={search_term_string}\"},\"query-input\":{\"@type\":\"PropertyValueSpecification\",\"valueRequired\":true,\"valueName\":\"search_term_string\"}}],\"inLanguage\":\"ru-RU\"},{\"@type\":\"Organization\",\"@id\":\"https:\\\/\\\/adra.md\\\/#organization\",\"name\":\"ADRA Moldova\",\"url\":\"https:\\\/\\\/adra.md\\\/\",\"logo\":{\"@type\":\"ImageObject\",\"inLanguage\":\"ru-RU\",\"@id\":\"https:\\\/\\\/adra.md\\\/#\\\/schema\\\/logo\\\/image\\\/\",\"url\":\"https:\\\/\\\/adra.md\\\/wp-content\\\/uploads\\\/2019\\\/11\\\/group-435.png\",\"contentUrl\":\"https:\\\/\\\/adra.md\\\/wp-content\\\/uploads\\\/2019\\\/11\\\/group-435.png\",\"width\":500,\"height\":133,\"caption\":\"ADRA Moldova\"},\"image\":{\"@id\":\"https:\\\/\\\/adra.md\\\/#\\\/schema\\\/logo\\\/image\\\/\"}},{\"@type\":\"Person\",\"@id\":\"https:\\\/\\\/adra.md\\\/#\\\/schema\\\/person\\\/b0181e611ee89738cefb7dc2db2bb8d1\",\"name\":\"ADRA Moldova\",\"url\":\"https:\\\/\\\/adra.md\\\/ru\\\/author\\\/andrei-girleanu\\\/\"}]}<\/script>\n<!-- \/ Yoast SEO plugin. -->","yoast_head_json":{"title":"Unde se fac teste IQ pentru copii cu autism? - ADRA Moldova","robots":{"index":"index","follow":"follow","max-snippet":"max-snippet:-1","max-image-preview":"max-image-preview:large","max-video-preview":"max-video-preview:-1"},"canonical":"https:\/\/adra.md\/ru\/unde-se-fac-teste-iq-pentru-copii-cu-autism\/","og_locale":"ru_RU","og_type":"article","og_title":"Unde se fac teste IQ pentru copii cu autism? - ADRA Moldova","og_description":"Q-ul (Intelligence Quotient) reprezint\u0103 m\u0103sura inteligen\u021bei umane exprimat\u0103 printr-un num\u0103r rezultat \u00een urma sus\u021binerii unui test standardizat, raportat la v\u00e2rsta cronologic\u0103. De\u0219i testele de inteligen\u021b\u0103 standardizate pot m\u0103sura IQ-ul \u00eencep\u00e2nd cu v\u00e2rsta de aprozimativ 3 ani. O evaluare complexa \u0219i valoroas\u0103 a abilit\u0103\u021bilor cognitive (at\u00e2t verbale, c\u00e2t \u0219i non-verbale) poate fi f\u0103cut\u0103 dup\u0103 v\u00e2rsta de [&hellip;]","og_url":"https:\/\/adra.md\/ru\/unde-se-fac-teste-iq-pentru-copii-cu-autism\/","og_site_name":"ADRA Moldova","article_published_time":"2023-02-03T12:12:06+00:00","og_image":[{"width":1290,"height":1611,"url":"https:\/\/adra.md\/wp-content\/uploads\/2023\/02\/viber_image_2023-02-03_14-11-21-176.jpg","type":"image\/jpeg"}],"author":"ADRA Moldova","twitter_card":"summary_large_image","twitter_misc":{"\u041d\u0430\u043f\u0438\u0441\u0430\u043d\u043e \u0430\u0432\u0442\u043e\u0440\u043e\u043c":"ADRA Moldova","\u041f\u0440\u0438\u043c\u0435\u0440\u043d\u043e\u0435 \u0432\u0440\u0435\u043c\u044f \u0434\u043b\u044f \u0447\u0442\u0435\u043d\u0438\u044f":"1 \u043c\u0438\u043d\u0443\u0442\u0430"},"schema":{"@context":"https:\/\/schema.org","@graph":[{"@type":"Article","@id":"https:\/\/adra.md\/unde-se-fac-teste-iq-pentru-copii-cu-autism\/#article","isPartOf":{"@id":"https:\/\/adra.md\/unde-se-fac-teste-iq-pentru-copii-cu-autism\/"},"author":{"name":"ADRA Moldova","@id":"https:\/\/adra.md\/#\/schema\/person\/b0181e611ee89738cefb7dc2db2bb8d1"},"headline":"Unde se fac teste IQ pentru copii cu autism?","datePublished":"2023-02-03T12:12:06+00:00","mainEntityOfPage":{"@id":"https:\/\/adra.md\/unde-se-fac-teste-iq-pentru-copii-cu-autism\/"},"wordCount":208,"publisher":{"@id":"https:\/\/adra.md\/#organization"},"image":{"@id":"https:\/\/adra.md\/unde-se-fac-teste-iq-pentru-copii-cu-autism\/#primaryimage"},"thumbnailUrl":"https:\/\/adra.md\/wp-content\/uploads\/2023\/02\/viber_image_2023-02-03_14-11-21-176.jpg","articleSection":["News"],"inLanguage":"ru-RU"},{"@type":"WebPage","@id":"https:\/\/adra.md\/unde-se-fac-teste-iq-pentru-copii-cu-autism\/","url":"https:\/\/adra.md\/unde-se-fac-teste-iq-pentru-copii-cu-autism\/","name":"Unde se fac teste IQ pentru copii cu autism? - ADRA Moldova","isPartOf":{"@id":"https:\/\/adra.md\/#website"},"primaryImageOfPage":{"@id":"https:\/\/adra.md\/unde-se-fac-teste-iq-pentru-copii-cu-autism\/#primaryimage"},"image":{"@id":"https:\/\/adra.md\/unde-se-fac-teste-iq-pentru-copii-cu-autism\/#primaryimage"},"thumbnailUrl":"https:\/\/adra.md\/wp-content\/uploads\/2023\/02\/viber_image_2023-02-03_14-11-21-176.jpg","datePublished":"2023-02-03T12:12:06+00:00","breadcrumb":{"@id":"https:\/\/adra.md\/unde-se-fac-teste-iq-pentru-copii-cu-autism\/#breadcrumb"},"inLanguage":"ru-RU","potentialAction":[{"@type":"ReadAction","target":["https:\/\/adra.md\/unde-se-fac-teste-iq-pentru-copii-cu-autism\/"]}]},{"@type":"ImageObject","inLanguage":"ru-RU","@id":"https:\/\/adra.md\/unde-se-fac-teste-iq-pentru-copii-cu-autism\/#primaryimage","url":"https:\/\/adra.md\/wp-content\/uploads\/2023\/02\/viber_image_2023-02-03_14-11-21-176.jpg","contentUrl":"https:\/\/adra.md\/wp-content\/uploads\/2023\/02\/viber_image_2023-02-03_14-11-21-176.jpg","width":1290,"height":1611},{"@type":"BreadcrumbList","@id":"https:\/\/adra.md\/unde-se-fac-teste-iq-pentru-copii-cu-autism\/#breadcrumb","itemListElement":[{"@type":"ListItem","position":1,"name":"Home","item":"https:\/\/adra.md\/"},{"@type":"ListItem","position":2,"name":"Unde se fac teste IQ pentru copii cu autism?"}]},{"@type":"WebSite","@id":"https:\/\/adra.md\/#website","url":"https:\/\/adra.md\/","name":"ADRA Moldova","description":"Agen\u0163ia Adventist\u0103 pentru Dezvoltare, Refacere \u015fi Ajutor","publisher":{"@id":"https:\/\/adra.md\/#organization"},"potentialAction":[{"@type":"SearchAction","target":{"@type":"EntryPoint","urlTemplate":"https:\/\/adra.md\/?s={search_term_string}"},"query-input":{"@type":"PropertyValueSpecification","valueRequired":true,"valueName":"search_term_string"}}],"inLanguage":"ru-RU"},{"@type":"Organization","@id":"https:\/\/adra.md\/#organization","name":"ADRA Moldova","url":"https:\/\/adra.md\/","logo":{"@type":"ImageObject","inLanguage":"ru-RU","@id":"https:\/\/adra.md\/#\/schema\/logo\/image\/","url":"https:\/\/adra.md\/wp-content\/uploads\/2019\/11\/group-435.png","contentUrl":"https:\/\/adra.md\/wp-content\/uploads\/2019\/11\/group-435.png","width":500,"height":133,"caption":"ADRA Moldova"},"image":{"@id":"https:\/\/adra.md\/#\/schema\/logo\/image\/"}},{"@type":"Person","@id":"https:\/\/adra.md\/#\/schema\/person\/b0181e611ee89738cefb7dc2db2bb8d1","name":"ADRA Moldova","url":"https:\/\/adra.md\/ru\/author\/andrei-girleanu\/"}]}},"_links":{"self":[{"href":"https:\/\/adra.md\/ru\/wp-json\/wp\/v2\/posts\/20044","targetHints":{"allow":["GET"]}}],"collection":[{"href":"https:\/\/adra.md\/ru\/wp-json\/wp\/v2\/posts"}],"about":[{"href":"https:\/\/adra.md\/ru\/wp-json\/wp\/v2\/types\/post"}],"author":[{"embeddable":true,"href":"https:\/\/adra.md\/ru\/wp-json\/wp\/v2\/users\/9"}],"replies":[{"embeddable":true,"href":"https:\/\/adra.md\/ru\/wp-json\/wp\/v2\/comments?post=20044"}],"version-history":[{"count":1,"href":"https:\/\/adra.md\/ru\/wp-json\/wp\/v2\/posts\/20044\/revisions"}],"predecessor-version":[{"id":20052,"href":"https:\/\/adra.md\/ru\/wp-json\/wp\/v2\/posts\/20044\/revisions\/20052"}],"wp:featuredmedia":[{"embeddable":true,"href":"https:\/\/adra.md\/ru\/wp-json\/wp\/v2\/media\/20051"}],"wp:attachment":[{"href":"https:\/\/adra.md\/ru\/wp-json\/wp\/v2\/media?parent=20044"}],"wp:term":[{"taxonomy":"category","embeddable":true,"href":"https:\/\/adra.md\/ru\/wp-json\/wp\/v2\/categories?post=20044"},{"taxonomy":"post_tag","embeddable":true,"href":"https:\/\/adra.md\/ru\/wp-json\/wp\/v2\/tags?post=20044"}],"curies":[{"name":"wp","href":"https:\/\/api.w.org\/{rel}","templated":true}]}}