{"id":20077,"date":"2023-02-21T09:31:40","date_gmt":"2023-02-21T09:31:40","guid":{"rendered":"https:\/\/adra.md\/?p=20077"},"modified":"2023-02-21T09:32:53","modified_gmt":"2023-02-21T09:32:53","slug":"adaptarea-refugiatilor-in-republica-moldova","status":"publish","type":"post","link":"https:\/\/adra.md\/ru\/adaptarea-refugiatilor-in-republica-moldova\/","title":{"rendered":"Adaptarea refugia\u021bilor \u00een Republica Moldova"},"content":{"rendered":"<div class=\"x11i5rnm xat24cr x1mh8g0r x1vvkbs xdj266r x126k92a\">\n<div dir=\"auto\">\u00cencep\u00e2nd cu luna Noiembrie 2022 \u00een zilele de luni p\u00e2n\u0103 joi, lucr\u0103torii ADRA Moldova \u00een Tiraspol, \u00eenregistreaz\u0103 \u0219i re\u00eenregistreaz\u0103 refugia\u021bi pentru ca ace\u0219tia s\u0103 beneficieze de suport financiar.<\/div>\n<div dir=\"auto\">Proiectul <a class=\"x1i10hfl xjbqb8w x6umtig x1b1mbwd xaqea5y xav7gou x9f619 x1ypdohk xt0psk2 xe8uvvx xdj266r x11i5rnm xat24cr x1mh8g0r xexx8yu x4uap5 x18d9i69 xkhd6sd x16tdsg8 x1hl2dhg xggy1nq x1a2a7pz xt0b8zv x1qq9wsj xo1l8bm\" tabindex=\"0\" role=\"link\" href=\"https:\/\/www.facebook.com\/iom.moldova?__cft__[0]=AZXVicQmzEHkmFRhbiBQ_N_ari11fjTx3FTiFK2Bsx0ALx3yyhsPgG4nE69QpB63yZ48v34D2p5vxXOixssnEIpXQc6y_T7GwGjTYM2UjU69pUwkOm8Fp15n7t8DlW5TS3-Xl1KChND3a7bzYVcvHrq1zV1dBFuqGgqxYw0SnCyD8IwGn0vROZ3FyzFEOnNGJII&amp;__tn__=-]K-R\"><span class=\"xt0psk2\">IOM Moldova<\/span><\/a> &#8222;Relieving Emergency Basic Needs of Ukrainian reducere in the Transnistrian region of Moldova (REBNU &#8211; the Transnistrian region&#8221; \u00een parteneriat cu ADRA Moldova, vine cu scopul de a facilita perioada de adaptare \u0219i str\u0103mutare temporar\u0103 a refugia\u021bilor afla\u021bi pe teritoriul Transnistriei.<\/div>\n<div dir=\"auto\">Cu banii primi\u021bi, fiecare beneficiar poate s\u0103 \u00ee\u0219i suplineasc\u0103 rezervele pentru necesit\u0103\u021bile zilnice: produse alimentare, produse igienice, haine, \u00eenc\u0103l\u021b\u0103minte sau medicamente.<\/div>\n<div dir=\"auto\">Acest proiect este realizat datorit\u0103 finan\u021b\u0103rii Statelor Unite ale Americii, Guvernului German \u0219i Guvernului Norvegiei.<\/div>\n<\/div>\n<div class=\"x11i5rnm xat24cr x1mh8g0r x1vvkbs xtlvy1s x126k92a\">\n<div dir=\"auto\">Loca\u021bia: Karl Libkneht Nr. 144 A, Tiraspol<\/div>\n<div dir=\"auto\">Linia fierbinte: +37377929777<\/div>\n<\/div>\n<div class=\"x11i5rnm xat24cr x1mh8g0r x1vvkbs xtlvy1s x126k92a\">\n<div dir=\"auto\"><a class=\"x1i10hfl xjbqb8w x6umtig x1b1mbwd xaqea5y xav7gou x9f619 x1ypdohk xt0psk2 xe8uvvx xdj266r x11i5rnm xat24cr x1mh8g0r xexx8yu x4uap5 x18d9i69 xkhd6sd x16tdsg8 x1hl2dhg xggy1nq x1a2a7pz xt0b8zv x1qq9wsj xo1l8bm\" tabindex=\"0\" role=\"link\" href=\"https:\/\/www.facebook.com\/hashtag\/adra?__eep__=6&amp;__cft__[0]=AZXVicQmzEHkmFRhbiBQ_N_ari11fjTx3FTiFK2Bsx0ALx3yyhsPgG4nE69QpB63yZ48v34D2p5vxXOixssnEIpXQc6y_T7GwGjTYM2UjU69pUwkOm8Fp15n7t8DlW5TS3-Xl1KChND3a7bzYVcvHrq1zV1dBFuqGgqxYw0SnCyD8IwGn0vROZ3FyzFEOnNGJII&amp;__tn__=*NK-R\">#adra<\/a> <a class=\"x1i10hfl xjbqb8w x6umtig x1b1mbwd xaqea5y xav7gou x9f619 x1ypdohk xt0psk2 xe8uvvx xdj266r x11i5rnm xat24cr x1mh8g0r xexx8yu x4uap5 x18d9i69 xkhd6sd x16tdsg8 x1hl2dhg xggy1nq x1a2a7pz xt0b8zv x1qq9wsj xo1l8bm\" tabindex=\"0\" role=\"link\" href=\"https:\/\/www.facebook.com\/hashtag\/adramoldova?__eep__=6&amp;__cft__[0]=AZXVicQmzEHkmFRhbiBQ_N_ari11fjTx3FTiFK2Bsx0ALx3yyhsPgG4nE69QpB63yZ48v34D2p5vxXOixssnEIpXQc6y_T7GwGjTYM2UjU69pUwkOm8Fp15n7t8DlW5TS3-Xl1KChND3a7bzYVcvHrq1zV1dBFuqGgqxYw0SnCyD8IwGn0vROZ3FyzFEOnNGJII&amp;__tn__=*NK-R\">#adramoldova<\/a> <a class=\"x1i10hfl xjbqb8w x6umtig x1b1mbwd xaqea5y xav7gou x9f619 x1ypdohk xt0psk2 xe8uvvx xdj266r x11i5rnm xat24cr x1mh8g0r xexx8yu x4uap5 x18d9i69 xkhd6sd x16tdsg8 x1hl2dhg xggy1nq x1a2a7pz xt0b8zv x1qq9wsj xo1l8bm\" tabindex=\"0\" role=\"link\" href=\"https:\/\/www.facebook.com\/hashtag\/cashassistance?__eep__=6&amp;__cft__[0]=AZXVicQmzEHkmFRhbiBQ_N_ari11fjTx3FTiFK2Bsx0ALx3yyhsPgG4nE69QpB63yZ48v34D2p5vxXOixssnEIpXQc6y_T7GwGjTYM2UjU69pUwkOm8Fp15n7t8DlW5TS3-Xl1KChND3a7bzYVcvHrq1zV1dBFuqGgqxYw0SnCyD8IwGn0vROZ3FyzFEOnNGJII&amp;__tn__=*NK-R\">#cashassistance<\/a> <a class=\"x1i10hfl xjbqb8w x6umtig x1b1mbwd xaqea5y xav7gou x9f619 x1ypdohk xt0psk2 xe8uvvx xdj266r x11i5rnm xat24cr x1mh8g0r xexx8yu x4uap5 x18d9i69 xkhd6sd x16tdsg8 x1hl2dhg xggy1nq x1a2a7pz xt0b8zv x1qq9wsj xo1l8bm\" tabindex=\"0\" role=\"link\" href=\"https:\/\/www.facebook.com\/hashtag\/tiraspol?__eep__=6&amp;__cft__[0]=AZXVicQmzEHkmFRhbiBQ_N_ari11fjTx3FTiFK2Bsx0ALx3yyhsPgG4nE69QpB63yZ48v34D2p5vxXOixssnEIpXQc6y_T7GwGjTYM2UjU69pUwkOm8Fp15n7t8DlW5TS3-Xl1KChND3a7bzYVcvHrq1zV1dBFuqGgqxYw0SnCyD8IwGn0vROZ3FyzFEOnNGJII&amp;__tn__=*NK-R\">#tiraspol<\/a> <a class=\"x1i10hfl xjbqb8w x6umtig x1b1mbwd xaqea5y xav7gou x9f619 x1ypdohk xt0psk2 xe8uvvx xdj266r x11i5rnm xat24cr x1mh8g0r xexx8yu x4uap5 x18d9i69 xkhd6sd x16tdsg8 x1hl2dhg xggy1nq x1a2a7pz xt0b8zv x1qq9wsj xo1l8bm\" tabindex=\"0\" role=\"link\" href=\"https:\/\/www.facebook.com\/hashtag\/transnistria?__eep__=6&amp;__cft__[0]=AZXVicQmzEHkmFRhbiBQ_N_ari11fjTx3FTiFK2Bsx0ALx3yyhsPgG4nE69QpB63yZ48v34D2p5vxXOixssnEIpXQc6y_T7GwGjTYM2UjU69pUwkOm8Fp15n7t8DlW5TS3-Xl1KChND3a7bzYVcvHrq1zV1dBFuqGgqxYw0SnCyD8IwGn0vROZ3FyzFEOnNGJII&amp;__tn__=*NK-R\">#transnistria<\/a> <a class=\"x1i10hfl xjbqb8w x6umtig x1b1mbwd xaqea5y xav7gou x9f619 x1ypdohk xt0psk2 xe8uvvx xdj266r x11i5rnm xat24cr x1mh8g0r xexx8yu x4uap5 x18d9i69 xkhd6sd x16tdsg8 x1hl2dhg xggy1nq x1a2a7pz xt0b8zv x1qq9wsj xo1l8bm\" tabindex=\"0\" role=\"link\" href=\"https:\/\/www.facebook.com\/hashtag\/iom?__eep__=6&amp;__cft__[0]=AZXVicQmzEHkmFRhbiBQ_N_ari11fjTx3FTiFK2Bsx0ALx3yyhsPgG4nE69QpB63yZ48v34D2p5vxXOixssnEIpXQc6y_T7GwGjTYM2UjU69pUwkOm8Fp15n7t8DlW5TS3-Xl1KChND3a7bzYVcvHrq1zV1dBFuqGgqxYw0SnCyD8IwGn0vROZ3FyzFEOnNGJII&amp;__tn__=*NK-R\">#iom<\/a> <a class=\"x1i10hfl xjbqb8w x6umtig x1b1mbwd xaqea5y xav7gou x9f619 x1ypdohk xt0psk2 xe8uvvx xdj266r x11i5rnm xat24cr x1mh8g0r xexx8yu x4uap5 x18d9i69 xkhd6sd x16tdsg8 x1hl2dhg xggy1nq x1a2a7pz xt0b8zv x1qq9wsj xo1l8bm\" tabindex=\"0\" role=\"link\" href=\"https:\/\/www.facebook.com\/hashtag\/partenership?__eep__=6&amp;__cft__[0]=AZXVicQmzEHkmFRhbiBQ_N_ari11fjTx3FTiFK2Bsx0ALx3yyhsPgG4nE69QpB63yZ48v34D2p5vxXOixssnEIpXQc6y_T7GwGjTYM2UjU69pUwkOm8Fp15n7t8DlW5TS3-Xl1KChND3a7bzYVcvHrq1zV1dBFuqGgqxYw0SnCyD8IwGn0vROZ3FyzFEOnNGJII&amp;__tn__=*NK-R\">#partenership<\/a><\/div>\n<\/div>\n<div dir=\"auto\"><\/div>\n<div dir=\"auto\">\u00a0 \u00a0 \u00a0\u00a0<img fetchpriority=\"high\" decoding=\"async\" class=\"alignnone wp-image-20078\" src=\"https:\/\/adra.md\/wp-content\/uploads\/2023\/02\/328440302_1227548351470838_3325698321537489677_n-240x300.jpg\" alt=\"\" width=\"431\" height=\"539\" srcset=\"https:\/\/adra.md\/wp-content\/uploads\/2023\/02\/328440302_1227548351470838_3325698321537489677_n-240x300.jpg 240w, https:\/\/adra.md\/wp-content\/uploads\/2023\/02\/328440302_1227548351470838_3325698321537489677_n-819x1024.jpg 819w, https:\/\/adra.md\/wp-content\/uploads\/2023\/02\/328440302_1227548351470838_3325698321537489677_n-768x960.jpg 768w, https:\/\/adra.md\/wp-content\/uploads\/2023\/02\/328440302_1227548351470838_3325698321537489677_n-1229x1536.jpg 1229w, https:\/\/adra.md\/wp-content\/uploads\/2023\/02\/328440302_1227548351470838_3325698321537489677_n.jpg 1440w\" sizes=\"(max-width: 431px) 100vw, 431px\" \/> <img decoding=\"async\" class=\"alignnone wp-image-20079\" src=\"https:\/\/adra.md\/wp-content\/uploads\/2023\/02\/329527312_1258897014701852_3693265956424054735_n-240x300.jpg\" alt=\"\" width=\"430\" height=\"538\" srcset=\"https:\/\/adra.md\/wp-content\/uploads\/2023\/02\/329527312_1258897014701852_3693265956424054735_n-240x300.jpg 240w, https:\/\/adra.md\/wp-content\/uploads\/2023\/02\/329527312_1258897014701852_3693265956424054735_n-819x1024.jpg 819w, https:\/\/adra.md\/wp-content\/uploads\/2023\/02\/329527312_1258897014701852_3693265956424054735_n-768x960.jpg 768w, https:\/\/adra.md\/wp-content\/uploads\/2023\/02\/329527312_1258897014701852_3693265956424054735_n-1229x1536.jpg 1229w, https:\/\/adra.md\/wp-content\/uploads\/2023\/02\/329527312_1258897014701852_3693265956424054735_n.jpg 1440w\" sizes=\"(max-width: 430px) 100vw, 430px\" \/><\/div>\n<div dir=\"auto\"><\/div>\n<div dir=\"auto\">\u00a0 \u00a0 \u00a0\u00a0<img decoding=\"async\" class=\"alignnone wp-image-20080\" src=\"https:\/\/adra.md\/wp-content\/uploads\/2023\/02\/329755643_748458713611626_7112522671103602544_n-240x300.jpg\" alt=\"\" width=\"431\" height=\"539\" srcset=\"https:\/\/adra.md\/wp-content\/uploads\/2023\/02\/329755643_748458713611626_7112522671103602544_n-240x300.jpg 240w, https:\/\/adra.md\/wp-content\/uploads\/2023\/02\/329755643_748458713611626_7112522671103602544_n-819x1024.jpg 819w, https:\/\/adra.md\/wp-content\/uploads\/2023\/02\/329755643_748458713611626_7112522671103602544_n-768x960.jpg 768w, https:\/\/adra.md\/wp-content\/uploads\/2023\/02\/329755643_748458713611626_7112522671103602544_n-1229x1536.jpg 1229w, https:\/\/adra.md\/wp-content\/uploads\/2023\/02\/329755643_748458713611626_7112522671103602544_n.jpg 1440w\" sizes=\"(max-width: 431px) 100vw, 431px\" \/> <img loading=\"lazy\" decoding=\"async\" class=\"alignnone wp-image-20081\" src=\"https:\/\/adra.md\/wp-content\/uploads\/2023\/02\/330041591_5934260046666077_3666353693204490300_n-240x300.jpg\" alt=\"\" width=\"430\" height=\"538\" srcset=\"https:\/\/adra.md\/wp-content\/uploads\/2023\/02\/330041591_5934260046666077_3666353693204490300_n-240x300.jpg 240w, https:\/\/adra.md\/wp-content\/uploads\/2023\/02\/330041591_5934260046666077_3666353693204490300_n-819x1024.jpg 819w, https:\/\/adra.md\/wp-content\/uploads\/2023\/02\/330041591_5934260046666077_3666353693204490300_n-768x960.jpg 768w, https:\/\/adra.md\/wp-content\/uploads\/2023\/02\/330041591_5934260046666077_3666353693204490300_n-1229x1536.jpg 1229w, https:\/\/adra.md\/wp-content\/uploads\/2023\/02\/330041591_5934260046666077_3666353693204490300_n.jpg 1440w\" sizes=\"(max-width: 430px) 100vw, 430px\" \/><\/div>\n","protected":false},"excerpt":{"rendered":"<p>\u00cencep\u00e2nd cu luna Noiembrie 2022 \u00een zilele de luni p\u00e2n\u0103 joi, lucr\u0103torii ADRA Moldova \u00een Tiraspol, \u00eenregistreaz\u0103 \u0219i re\u00eenregistreaz\u0103 refugia\u021bi pentru ca ace\u0219tia s\u0103 beneficieze de suport financiar. Proiectul IOM Moldova &#8222;Relieving Emergency Basic Needs of Ukrainian reducere in the Transnistrian region of Moldova (REBNU &#8211; the Transnistrian region&#8221; \u00een parteneriat cu ADRA Moldova, vine [&hellip;]<\/p>\n","protected":false},"author":9,"featured_media":20079,"comment_status":"closed","ping_status":"closed","sticky":false,"template":"","format":"standard","meta":{"_acf_changed":false,"footnotes":""},"categories":[294],"tags":[],"class_list":["post-20077","post","type-post","status-publish","format-standard","has-post-thumbnail","hentry","category-news"],"acf":[],"yoast_head":"<!-- This site is optimized with the Yoast SEO plugin v27.4 - https:\/\/yoast.com\/product\/yoast-seo-wordpress\/ -->\n<title>Adaptarea refugia\u021bilor \u00een Republica Moldova - ADRA Moldova<\/title>\n<meta name=\"robots\" content=\"index, follow, max-snippet:-1, max-image-preview:large, max-video-preview:-1\" \/>\n<link rel=\"canonical\" href=\"https:\/\/adra.md\/ru\/adaptarea-refugiatilor-in-republica-moldova\/\" \/>\n<meta property=\"og:locale\" content=\"ru_RU\" \/>\n<meta property=\"og:type\" content=\"article\" \/>\n<meta property=\"og:title\" content=\"Adaptarea refugia\u021bilor \u00een Republica Moldova - ADRA Moldova\" \/>\n<meta property=\"og:description\" content=\"\u00cencep\u00e2nd cu luna Noiembrie 2022 \u00een zilele de luni p\u00e2n\u0103 joi, lucr\u0103torii ADRA Moldova \u00een Tiraspol, \u00eenregistreaz\u0103 \u0219i re\u00eenregistreaz\u0103 refugia\u021bi pentru ca ace\u0219tia s\u0103 beneficieze de suport financiar. Proiectul IOM Moldova &#8222;Relieving Emergency Basic Needs of Ukrainian reducere in the Transnistrian region of Moldova (REBNU &#8211; the Transnistrian region&#8221; \u00een parteneriat cu ADRA Moldova, vine [&hellip;]\" \/>\n<meta property=\"og:url\" content=\"https:\/\/adra.md\/ru\/adaptarea-refugiatilor-in-republica-moldova\/\" \/>\n<meta property=\"og:site_name\" content=\"ADRA Moldova\" \/>\n<meta property=\"article:published_time\" content=\"2023-02-21T09:31:40+00:00\" \/>\n<meta property=\"article:modified_time\" content=\"2023-02-21T09:32:53+00:00\" \/>\n<meta property=\"og:image\" content=\"https:\/\/adra.md\/wp-content\/uploads\/2023\/02\/329527312_1258897014701852_3693265956424054735_n.jpg\" \/>\n\t<meta property=\"og:image:width\" content=\"1440\" \/>\n\t<meta property=\"og:image:height\" content=\"1800\" \/>\n\t<meta property=\"og:image:type\" content=\"image\/jpeg\" \/>\n<meta name=\"author\" content=\"ADRA Moldova\" \/>\n<meta name=\"twitter:card\" content=\"summary_large_image\" \/>\n<meta name=\"twitter:label1\" content=\"\u041d\u0430\u043f\u0438\u0441\u0430\u043d\u043e \u0430\u0432\u0442\u043e\u0440\u043e\u043c\" \/>\n\t<meta name=\"twitter:data1\" content=\"ADRA Moldova\" \/>\n\t<meta name=\"twitter:label2\" content=\"\u041f\u0440\u0438\u043c\u0435\u0440\u043d\u043e\u0435 \u0432\u0440\u0435\u043c\u044f \u0434\u043b\u044f \u0447\u0442\u0435\u043d\u0438\u044f\" \/>\n\t<meta name=\"twitter:data2\" content=\"1 \u043c\u0438\u043d\u0443\u0442\u0430\" \/>\n<script type=\"application\/ld+json\" class=\"yoast-schema-graph\">{\"@context\":\"https:\\\/\\\/schema.org\",\"@graph\":[{\"@type\":\"Article\",\"@id\":\"https:\\\/\\\/adra.md\\\/adaptarea-refugiatilor-in-republica-moldova\\\/#article\",\"isPartOf\":{\"@id\":\"https:\\\/\\\/adra.md\\\/adaptarea-refugiatilor-in-republica-moldova\\\/\"},\"author\":{\"name\":\"ADRA Moldova\",\"@id\":\"https:\\\/\\\/adra.md\\\/#\\\/schema\\\/person\\\/b0181e611ee89738cefb7dc2db2bb8d1\"},\"headline\":\"Adaptarea refugia\u021bilor \u00een Republica Moldova\",\"datePublished\":\"2023-02-21T09:31:40+00:00\",\"dateModified\":\"2023-02-21T09:32:53+00:00\",\"mainEntityOfPage\":{\"@id\":\"https:\\\/\\\/adra.md\\\/adaptarea-refugiatilor-in-republica-moldova\\\/\"},\"wordCount\":143,\"publisher\":{\"@id\":\"https:\\\/\\\/adra.md\\\/#organization\"},\"image\":{\"@id\":\"https:\\\/\\\/adra.md\\\/adaptarea-refugiatilor-in-republica-moldova\\\/#primaryimage\"},\"thumbnailUrl\":\"https:\\\/\\\/adra.md\\\/wp-content\\\/uploads\\\/2023\\\/02\\\/329527312_1258897014701852_3693265956424054735_n.jpg\",\"articleSection\":[\"News\"],\"inLanguage\":\"ru-RU\"},{\"@type\":\"WebPage\",\"@id\":\"https:\\\/\\\/adra.md\\\/adaptarea-refugiatilor-in-republica-moldova\\\/\",\"url\":\"https:\\\/\\\/adra.md\\\/adaptarea-refugiatilor-in-republica-moldova\\\/\",\"name\":\"Adaptarea refugia\u021bilor \u00een Republica Moldova - ADRA Moldova\",\"isPartOf\":{\"@id\":\"https:\\\/\\\/adra.md\\\/#website\"},\"primaryImageOfPage\":{\"@id\":\"https:\\\/\\\/adra.md\\\/adaptarea-refugiatilor-in-republica-moldova\\\/#primaryimage\"},\"image\":{\"@id\":\"https:\\\/\\\/adra.md\\\/adaptarea-refugiatilor-in-republica-moldova\\\/#primaryimage\"},\"thumbnailUrl\":\"https:\\\/\\\/adra.md\\\/wp-content\\\/uploads\\\/2023\\\/02\\\/329527312_1258897014701852_3693265956424054735_n.jpg\",\"datePublished\":\"2023-02-21T09:31:40+00:00\",\"dateModified\":\"2023-02-21T09:32:53+00:00\",\"breadcrumb\":{\"@id\":\"https:\\\/\\\/adra.md\\\/adaptarea-refugiatilor-in-republica-moldova\\\/#breadcrumb\"},\"inLanguage\":\"ru-RU\",\"potentialAction\":[{\"@type\":\"ReadAction\",\"target\":[\"https:\\\/\\\/adra.md\\\/adaptarea-refugiatilor-in-republica-moldova\\\/\"]}]},{\"@type\":\"ImageObject\",\"inLanguage\":\"ru-RU\",\"@id\":\"https:\\\/\\\/adra.md\\\/adaptarea-refugiatilor-in-republica-moldova\\\/#primaryimage\",\"url\":\"https:\\\/\\\/adra.md\\\/wp-content\\\/uploads\\\/2023\\\/02\\\/329527312_1258897014701852_3693265956424054735_n.jpg\",\"contentUrl\":\"https:\\\/\\\/adra.md\\\/wp-content\\\/uploads\\\/2023\\\/02\\\/329527312_1258897014701852_3693265956424054735_n.jpg\",\"width\":1440,\"height\":1800},{\"@type\":\"BreadcrumbList\",\"@id\":\"https:\\\/\\\/adra.md\\\/adaptarea-refugiatilor-in-republica-moldova\\\/#breadcrumb\",\"itemListElement\":[{\"@type\":\"ListItem\",\"position\":1,\"name\":\"Home\",\"item\":\"https:\\\/\\\/adra.md\\\/\"},{\"@type\":\"ListItem\",\"position\":2,\"name\":\"Adaptarea refugia\u021bilor \u00een Republica Moldova\"}]},{\"@type\":\"WebSite\",\"@id\":\"https:\\\/\\\/adra.md\\\/#website\",\"url\":\"https:\\\/\\\/adra.md\\\/\",\"name\":\"ADRA Moldova\",\"description\":\"Agen\u0163ia Adventist\u0103 pentru Dezvoltare, Refacere \u015fi Ajutor\",\"publisher\":{\"@id\":\"https:\\\/\\\/adra.md\\\/#organization\"},\"potentialAction\":[{\"@type\":\"SearchAction\",\"target\":{\"@type\":\"EntryPoint\",\"urlTemplate\":\"https:\\\/\\\/adra.md\\\/?s={search_term_string}\"},\"query-input\":{\"@type\":\"PropertyValueSpecification\",\"valueRequired\":true,\"valueName\":\"search_term_string\"}}],\"inLanguage\":\"ru-RU\"},{\"@type\":\"Organization\",\"@id\":\"https:\\\/\\\/adra.md\\\/#organization\",\"name\":\"ADRA Moldova\",\"url\":\"https:\\\/\\\/adra.md\\\/\",\"logo\":{\"@type\":\"ImageObject\",\"inLanguage\":\"ru-RU\",\"@id\":\"https:\\\/\\\/adra.md\\\/#\\\/schema\\\/logo\\\/image\\\/\",\"url\":\"https:\\\/\\\/adra.md\\\/wp-content\\\/uploads\\\/2019\\\/11\\\/group-435.png\",\"contentUrl\":\"https:\\\/\\\/adra.md\\\/wp-content\\\/uploads\\\/2019\\\/11\\\/group-435.png\",\"width\":500,\"height\":133,\"caption\":\"ADRA Moldova\"},\"image\":{\"@id\":\"https:\\\/\\\/adra.md\\\/#\\\/schema\\\/logo\\\/image\\\/\"}},{\"@type\":\"Person\",\"@id\":\"https:\\\/\\\/adra.md\\\/#\\\/schema\\\/person\\\/b0181e611ee89738cefb7dc2db2bb8d1\",\"name\":\"ADRA Moldova\",\"url\":\"https:\\\/\\\/adra.md\\\/ru\\\/author\\\/andrei-girleanu\\\/\"}]}<\/script>\n<!-- \/ Yoast SEO plugin. -->","yoast_head_json":{"title":"Adaptarea refugia\u021bilor \u00een Republica Moldova - ADRA Moldova","robots":{"index":"index","follow":"follow","max-snippet":"max-snippet:-1","max-image-preview":"max-image-preview:large","max-video-preview":"max-video-preview:-1"},"canonical":"https:\/\/adra.md\/ru\/adaptarea-refugiatilor-in-republica-moldova\/","og_locale":"ru_RU","og_type":"article","og_title":"Adaptarea refugia\u021bilor \u00een Republica Moldova - ADRA Moldova","og_description":"\u00cencep\u00e2nd cu luna Noiembrie 2022 \u00een zilele de luni p\u00e2n\u0103 joi, lucr\u0103torii ADRA Moldova \u00een Tiraspol, \u00eenregistreaz\u0103 \u0219i re\u00eenregistreaz\u0103 refugia\u021bi pentru ca ace\u0219tia s\u0103 beneficieze de suport financiar. Proiectul IOM Moldova &#8222;Relieving Emergency Basic Needs of Ukrainian reducere in the Transnistrian region of Moldova (REBNU &#8211; the Transnistrian region&#8221; \u00een parteneriat cu ADRA Moldova, vine [&hellip;]","og_url":"https:\/\/adra.md\/ru\/adaptarea-refugiatilor-in-republica-moldova\/","og_site_name":"ADRA Moldova","article_published_time":"2023-02-21T09:31:40+00:00","article_modified_time":"2023-02-21T09:32:53+00:00","og_image":[{"width":1440,"height":1800,"url":"https:\/\/adra.md\/wp-content\/uploads\/2023\/02\/329527312_1258897014701852_3693265956424054735_n.jpg","type":"image\/jpeg"}],"author":"ADRA Moldova","twitter_card":"summary_large_image","twitter_misc":{"\u041d\u0430\u043f\u0438\u0441\u0430\u043d\u043e \u0430\u0432\u0442\u043e\u0440\u043e\u043c":"ADRA Moldova","\u041f\u0440\u0438\u043c\u0435\u0440\u043d\u043e\u0435 \u0432\u0440\u0435\u043c\u044f \u0434\u043b\u044f \u0447\u0442\u0435\u043d\u0438\u044f":"1 \u043c\u0438\u043d\u0443\u0442\u0430"},"schema":{"@context":"https:\/\/schema.org","@graph":[{"@type":"Article","@id":"https:\/\/adra.md\/adaptarea-refugiatilor-in-republica-moldova\/#article","isPartOf":{"@id":"https:\/\/adra.md\/adaptarea-refugiatilor-in-republica-moldova\/"},"author":{"name":"ADRA Moldova","@id":"https:\/\/adra.md\/#\/schema\/person\/b0181e611ee89738cefb7dc2db2bb8d1"},"headline":"Adaptarea refugia\u021bilor \u00een Republica Moldova","datePublished":"2023-02-21T09:31:40+00:00","dateModified":"2023-02-21T09:32:53+00:00","mainEntityOfPage":{"@id":"https:\/\/adra.md\/adaptarea-refugiatilor-in-republica-moldova\/"},"wordCount":143,"publisher":{"@id":"https:\/\/adra.md\/#organization"},"image":{"@id":"https:\/\/adra.md\/adaptarea-refugiatilor-in-republica-moldova\/#primaryimage"},"thumbnailUrl":"https:\/\/adra.md\/wp-content\/uploads\/2023\/02\/329527312_1258897014701852_3693265956424054735_n.jpg","articleSection":["News"],"inLanguage":"ru-RU"},{"@type":"WebPage","@id":"https:\/\/adra.md\/adaptarea-refugiatilor-in-republica-moldova\/","url":"https:\/\/adra.md\/adaptarea-refugiatilor-in-republica-moldova\/","name":"Adaptarea refugia\u021bilor \u00een Republica Moldova - ADRA Moldova","isPartOf":{"@id":"https:\/\/adra.md\/#website"},"primaryImageOfPage":{"@id":"https:\/\/adra.md\/adaptarea-refugiatilor-in-republica-moldova\/#primaryimage"},"image":{"@id":"https:\/\/adra.md\/adaptarea-refugiatilor-in-republica-moldova\/#primaryimage"},"thumbnailUrl":"https:\/\/adra.md\/wp-content\/uploads\/2023\/02\/329527312_1258897014701852_3693265956424054735_n.jpg","datePublished":"2023-02-21T09:31:40+00:00","dateModified":"2023-02-21T09:32:53+00:00","breadcrumb":{"@id":"https:\/\/adra.md\/adaptarea-refugiatilor-in-republica-moldova\/#breadcrumb"},"inLanguage":"ru-RU","potentialAction":[{"@type":"ReadAction","target":["https:\/\/adra.md\/adaptarea-refugiatilor-in-republica-moldova\/"]}]},{"@type":"ImageObject","inLanguage":"ru-RU","@id":"https:\/\/adra.md\/adaptarea-refugiatilor-in-republica-moldova\/#primaryimage","url":"https:\/\/adra.md\/wp-content\/uploads\/2023\/02\/329527312_1258897014701852_3693265956424054735_n.jpg","contentUrl":"https:\/\/adra.md\/wp-content\/uploads\/2023\/02\/329527312_1258897014701852_3693265956424054735_n.jpg","width":1440,"height":1800},{"@type":"BreadcrumbList","@id":"https:\/\/adra.md\/adaptarea-refugiatilor-in-republica-moldova\/#breadcrumb","itemListElement":[{"@type":"ListItem","position":1,"name":"Home","item":"https:\/\/adra.md\/"},{"@type":"ListItem","position":2,"name":"Adaptarea refugia\u021bilor \u00een Republica Moldova"}]},{"@type":"WebSite","@id":"https:\/\/adra.md\/#website","url":"https:\/\/adra.md\/","name":"ADRA Moldova","description":"Agen\u0163ia Adventist\u0103 pentru Dezvoltare, Refacere \u015fi Ajutor","publisher":{"@id":"https:\/\/adra.md\/#organization"},"potentialAction":[{"@type":"SearchAction","target":{"@type":"EntryPoint","urlTemplate":"https:\/\/adra.md\/?s={search_term_string}"},"query-input":{"@type":"PropertyValueSpecification","valueRequired":true,"valueName":"search_term_string"}}],"inLanguage":"ru-RU"},{"@type":"Organization","@id":"https:\/\/adra.md\/#organization","name":"ADRA Moldova","url":"https:\/\/adra.md\/","logo":{"@type":"ImageObject","inLanguage":"ru-RU","@id":"https:\/\/adra.md\/#\/schema\/logo\/image\/","url":"https:\/\/adra.md\/wp-content\/uploads\/2019\/11\/group-435.png","contentUrl":"https:\/\/adra.md\/wp-content\/uploads\/2019\/11\/group-435.png","width":500,"height":133,"caption":"ADRA Moldova"},"image":{"@id":"https:\/\/adra.md\/#\/schema\/logo\/image\/"}},{"@type":"Person","@id":"https:\/\/adra.md\/#\/schema\/person\/b0181e611ee89738cefb7dc2db2bb8d1","name":"ADRA Moldova","url":"https:\/\/adra.md\/ru\/author\/andrei-girleanu\/"}]}},"_links":{"self":[{"href":"https:\/\/adra.md\/ru\/wp-json\/wp\/v2\/posts\/20077","targetHints":{"allow":["GET"]}}],"collection":[{"href":"https:\/\/adra.md\/ru\/wp-json\/wp\/v2\/posts"}],"about":[{"href":"https:\/\/adra.md\/ru\/wp-json\/wp\/v2\/types\/post"}],"author":[{"embeddable":true,"href":"https:\/\/adra.md\/ru\/wp-json\/wp\/v2\/users\/9"}],"replies":[{"embeddable":true,"href":"https:\/\/adra.md\/ru\/wp-json\/wp\/v2\/comments?post=20077"}],"version-history":[{"count":1,"href":"https:\/\/adra.md\/ru\/wp-json\/wp\/v2\/posts\/20077\/revisions"}],"predecessor-version":[{"id":20082,"href":"https:\/\/adra.md\/ru\/wp-json\/wp\/v2\/posts\/20077\/revisions\/20082"}],"wp:featuredmedia":[{"embeddable":true,"href":"https:\/\/adra.md\/ru\/wp-json\/wp\/v2\/media\/20079"}],"wp:attachment":[{"href":"https:\/\/adra.md\/ru\/wp-json\/wp\/v2\/media?parent=20077"}],"wp:term":[{"taxonomy":"category","embeddable":true,"href":"https:\/\/adra.md\/ru\/wp-json\/wp\/v2\/categories?post=20077"},{"taxonomy":"post_tag","embeddable":true,"href":"https:\/\/adra.md\/ru\/wp-json\/wp\/v2\/tags?post=20077"}],"curies":[{"name":"wp","href":"https:\/\/api.w.org\/{rel}","templated":true}]}}