{"id":20083,"date":"2023-02-21T09:38:15","date_gmt":"2023-02-21T09:38:15","guid":{"rendered":"https:\/\/adra.md\/?p=20083"},"modified":"2023-02-21T09:38:15","modified_gmt":"2023-02-21T09:38:15","slug":"ce-emotii-traieste-fiecare-copil-la-primirea-unui-dar","status":"publish","type":"post","link":"https:\/\/adra.md\/ru\/ce-emotii-traieste-fiecare-copil-la-primirea-unui-dar\/","title":{"rendered":"Ce emo\u021bii tr\u0103ie\u0219te fiecare copil la primirea unui dar?"},"content":{"rendered":"<div class=\"x11i5rnm xat24cr x1mh8g0r x1vvkbs xdj266r x126k92a\">\n<div dir=\"auto\"><a class=\"x1i10hfl xjbqb8w x6umtig x1b1mbwd xaqea5y xav7gou x9f619 x1ypdohk xt0psk2 xe8uvvx xdj266r x11i5rnm xat24cr x1mh8g0r xexx8yu x4uap5 x18d9i69 xkhd6sd x16tdsg8 x1hl2dhg xggy1nq x1a2a7pz xt0b8zv x1qq9wsj xo1l8bm\" tabindex=\"0\" role=\"link\" href=\"https:\/\/www.facebook.com\/ADRA.Moldova.AG?__cft__[0]=AZU3cet_6Jukvbdew51P3ypVxQmmkG9tuWGsQoQ0Z3gU3y5x5LcpE6dk4IgpG63Z0x9y9WRCbwvQI-Rnc93wAjUHvHWB43vsD0dVDdo0hiXYRI58yPC2ZISnyh8u-KfRexfuqQRdoA2FQPNQog_W6poe8qwjJJU-JI_abdmNZFUNrAKoKbqJo1di8A93vWwDZ7Q&amp;__tn__=-]K-R\"><span class=\"xt0psk2\">ADRA Moldova<\/span><\/a> continu\u0103 \u0219i \u00een luna februarie s\u0103 \u00eempart\u0103 bucurie copiilor, aduc\u00e2nd chiar pe la case cadouri pentru fiecare!<\/div>\n<div dir=\"auto\">Ce emo\u021bii tr\u0103ie\u0219te fiecare copil la primirea darului??? <span class=\"x3nfvp2 x1j61x8r x1fcty0u xdj266r xhhsvwb xat24cr xgzva0m xxymvpz xlup9mm x1kky2od\"><img decoding=\"async\" src=\"https:\/\/static.xx.fbcdn.net\/images\/emoji.php\/v9\/td3\/2\/16\/1f914.png\" alt=\"\ud83e\udd14\" width=\"16\" height=\"16\" \/><\/span><\/div>\n<div dir=\"auto\">V\u0103 l\u0103s\u0103m s\u0103 citi\u021bi pe fa\u021ba lor curcubeul de emo\u021bii!<\/div>\n<div dir=\"auto\"><\/div>\n<\/div>\n<div class=\"x11i5rnm xat24cr x1mh8g0r x1vvkbs xtlvy1s x126k92a\">\n<div dir=\"auto\">P.S. Mul\u021bumiri enorme donatorilor \u0219i prietenilor no\u0219tri din Elve\u021bia, care an de an se g\u00e2ndesc cu inima la copiii din Republica Moldova. <a class=\"x1i10hfl xjbqb8w x6umtig x1b1mbwd xaqea5y xav7gou x9f619 x1ypdohk xt0psk2 xe8uvvx xdj266r x11i5rnm xat24cr x1mh8g0r xexx8yu x4uap5 x18d9i69 xkhd6sd x16tdsg8 x1hl2dhg xggy1nq x1a2a7pz xt0b8zv x1qq9wsj xo1l8bm\" tabindex=\"0\" role=\"link\" href=\"https:\/\/www.facebook.com\/ADRA.Schweiz\/?__cft__[0]=AZU3cet_6Jukvbdew51P3ypVxQmmkG9tuWGsQoQ0Z3gU3y5x5LcpE6dk4IgpG63Z0x9y9WRCbwvQI-Rnc93wAjUHvHWB43vsD0dVDdo0hiXYRI58yPC2ZISnyh8u-KfRexfuqQRdoA2FQPNQog_W6poe8qwjJJU-JI_abdmNZFUNrAKoKbqJo1di8A93vWwDZ7Q&amp;__tn__=kK-R\"><span class=\"xt0psk2\">ADRA Schweiz\/Suisse<\/span><\/a><\/div>\n<\/div>\n<div dir=\"auto\"><\/div>\n<div dir=\"auto\">\u00a0 \u00a0 \u00a0 \u00a0 \u00a0 \u00a0 \u00a0 \u00a0 \u00a0\u00a0<img fetchpriority=\"high\" decoding=\"async\" class=\"alignnone size-medium wp-image-20084\" src=\"https:\/\/adra.md\/wp-content\/uploads\/2023\/02\/328827951_717370930044491_8748478745687616849_n-240x300.jpg\" alt=\"\" width=\"240\" height=\"300\" srcset=\"https:\/\/adra.md\/wp-content\/uploads\/2023\/02\/328827951_717370930044491_8748478745687616849_n-240x300.jpg 240w, https:\/\/adra.md\/wp-content\/uploads\/2023\/02\/328827951_717370930044491_8748478745687616849_n-819x1024.jpg 819w, https:\/\/adra.md\/wp-content\/uploads\/2023\/02\/328827951_717370930044491_8748478745687616849_n-768x960.jpg 768w, https:\/\/adra.md\/wp-content\/uploads\/2023\/02\/328827951_717370930044491_8748478745687616849_n-1229x1536.jpg 1229w, https:\/\/adra.md\/wp-content\/uploads\/2023\/02\/328827951_717370930044491_8748478745687616849_n.jpg 1440w\" sizes=\"(max-width: 240px) 100vw, 240px\" \/>\u00a0 \u00a0 \u00a0<img decoding=\"async\" class=\"alignnone size-medium wp-image-20085\" src=\"https:\/\/adra.md\/wp-content\/uploads\/2023\/02\/329543745_1202296507068572_1519925282330384195_n-240x300.jpg\" alt=\"\" width=\"240\" height=\"300\" srcset=\"https:\/\/adra.md\/wp-content\/uploads\/2023\/02\/329543745_1202296507068572_1519925282330384195_n-240x300.jpg 240w, https:\/\/adra.md\/wp-content\/uploads\/2023\/02\/329543745_1202296507068572_1519925282330384195_n-819x1024.jpg 819w, https:\/\/adra.md\/wp-content\/uploads\/2023\/02\/329543745_1202296507068572_1519925282330384195_n-768x960.jpg 768w, https:\/\/adra.md\/wp-content\/uploads\/2023\/02\/329543745_1202296507068572_1519925282330384195_n-1229x1536.jpg 1229w, https:\/\/adra.md\/wp-content\/uploads\/2023\/02\/329543745_1202296507068572_1519925282330384195_n.jpg 1440w\" sizes=\"(max-width: 240px) 100vw, 240px\" \/>\u00a0 \u00a0 \u00a0<img loading=\"lazy\" decoding=\"async\" class=\"alignnone size-medium wp-image-20086\" src=\"https:\/\/adra.md\/wp-content\/uploads\/2023\/02\/329580516_573975427960573_3491851795761658451_n-240x300.jpg\" alt=\"\" width=\"240\" height=\"300\" srcset=\"https:\/\/adra.md\/wp-content\/uploads\/2023\/02\/329580516_573975427960573_3491851795761658451_n-240x300.jpg 240w, https:\/\/adra.md\/wp-content\/uploads\/2023\/02\/329580516_573975427960573_3491851795761658451_n-819x1024.jpg 819w, https:\/\/adra.md\/wp-content\/uploads\/2023\/02\/329580516_573975427960573_3491851795761658451_n-768x960.jpg 768w, https:\/\/adra.md\/wp-content\/uploads\/2023\/02\/329580516_573975427960573_3491851795761658451_n-1229x1536.jpg 1229w, https:\/\/adra.md\/wp-content\/uploads\/2023\/02\/329580516_573975427960573_3491851795761658451_n.jpg 1440w\" sizes=\"(max-width: 240px) 100vw, 240px\" \/><\/div>\n<div dir=\"auto\"><\/div>\n<div dir=\"auto\">\u00a0 \u00a0 \u00a0 \u00a0 \u00a0 \u00a0 \u00a0 \u00a0 \u00a0\u00a0<img loading=\"lazy\" decoding=\"async\" class=\"alignnone size-medium wp-image-20087\" src=\"https:\/\/adra.md\/wp-content\/uploads\/2023\/02\/329661728_897615301546783_3282399736050415797_n-240x300.jpg\" alt=\"\" width=\"240\" height=\"300\" srcset=\"https:\/\/adra.md\/wp-content\/uploads\/2023\/02\/329661728_897615301546783_3282399736050415797_n-240x300.jpg 240w, https:\/\/adra.md\/wp-content\/uploads\/2023\/02\/329661728_897615301546783_3282399736050415797_n-820x1024.jpg 820w, https:\/\/adra.md\/wp-content\/uploads\/2023\/02\/329661728_897615301546783_3282399736050415797_n-768x959.jpg 768w, https:\/\/adra.md\/wp-content\/uploads\/2023\/02\/329661728_897615301546783_3282399736050415797_n-1229x1536.jpg 1229w, https:\/\/adra.md\/wp-content\/uploads\/2023\/02\/329661728_897615301546783_3282399736050415797_n.jpg 1440w\" sizes=\"(max-width: 240px) 100vw, 240px\" \/>\u00a0 \u00a0\u00a0 <img loading=\"lazy\" decoding=\"async\" class=\"alignnone size-medium wp-image-20088\" src=\"https:\/\/adra.md\/wp-content\/uploads\/2023\/02\/329712212_1211809856376261_3820062073071099179_n-240x300.jpg\" alt=\"\" width=\"240\" height=\"300\" srcset=\"https:\/\/adra.md\/wp-content\/uploads\/2023\/02\/329712212_1211809856376261_3820062073071099179_n-240x300.jpg 240w, https:\/\/adra.md\/wp-content\/uploads\/2023\/02\/329712212_1211809856376261_3820062073071099179_n-819x1024.jpg 819w, https:\/\/adra.md\/wp-content\/uploads\/2023\/02\/329712212_1211809856376261_3820062073071099179_n-768x960.jpg 768w, https:\/\/adra.md\/wp-content\/uploads\/2023\/02\/329712212_1211809856376261_3820062073071099179_n-1229x1536.jpg 1229w, https:\/\/adra.md\/wp-content\/uploads\/2023\/02\/329712212_1211809856376261_3820062073071099179_n.jpg 1440w\" sizes=\"(max-width: 240px) 100vw, 240px\" \/>\u00a0 \u00a0\u00a0 <img loading=\"lazy\" decoding=\"async\" class=\"alignnone size-medium wp-image-20089\" src=\"https:\/\/adra.md\/wp-content\/uploads\/2023\/02\/329883513_5858091990950741_4948364592200512192_n-240x300.jpg\" alt=\"\" width=\"240\" height=\"300\" srcset=\"https:\/\/adra.md\/wp-content\/uploads\/2023\/02\/329883513_5858091990950741_4948364592200512192_n-240x300.jpg 240w, https:\/\/adra.md\/wp-content\/uploads\/2023\/02\/329883513_5858091990950741_4948364592200512192_n-819x1024.jpg 819w, https:\/\/adra.md\/wp-content\/uploads\/2023\/02\/329883513_5858091990950741_4948364592200512192_n-768x960.jpg 768w, https:\/\/adra.md\/wp-content\/uploads\/2023\/02\/329883513_5858091990950741_4948364592200512192_n-1229x1536.jpg 1229w, https:\/\/adra.md\/wp-content\/uploads\/2023\/02\/329883513_5858091990950741_4948364592200512192_n.jpg 1440w\" sizes=\"(max-width: 240px) 100vw, 240px\" \/><\/div>\n<div dir=\"auto\"><\/div>\n<div dir=\"auto\">\u00a0 \u00a0 \u00a0 \u00a0 \u00a0 \u00a0 \u00a0 \u00a0 \u00a0 \u00a0 \u00a0 \u00a0 \u00a0 \u00a0 \u00a0 \u00a0 \u00a0 \u00a0 \u00a0 \u00a0 \u00a0 \u00a0 \u00a0 \u00a0 \u00a0\u00a0<img loading=\"lazy\" decoding=\"async\" class=\"alignnone size-medium wp-image-20090\" src=\"https:\/\/adra.md\/wp-content\/uploads\/2023\/02\/330162188_746477916674854_3937149369743298374_n-240x300.jpg\" alt=\"\" width=\"240\" height=\"300\" srcset=\"https:\/\/adra.md\/wp-content\/uploads\/2023\/02\/330162188_746477916674854_3937149369743298374_n-240x300.jpg 240w, https:\/\/adra.md\/wp-content\/uploads\/2023\/02\/330162188_746477916674854_3937149369743298374_n-819x1024.jpg 819w, https:\/\/adra.md\/wp-content\/uploads\/2023\/02\/330162188_746477916674854_3937149369743298374_n-768x960.jpg 768w, https:\/\/adra.md\/wp-content\/uploads\/2023\/02\/330162188_746477916674854_3937149369743298374_n-1229x1536.jpg 1229w, https:\/\/adra.md\/wp-content\/uploads\/2023\/02\/330162188_746477916674854_3937149369743298374_n.jpg 1440w\" sizes=\"(max-width: 240px) 100vw, 240px\" \/>\u00a0 \u00a0 \u00a0<img loading=\"lazy\" decoding=\"async\" class=\"alignnone size-medium wp-image-20091\" src=\"https:\/\/adra.md\/wp-content\/uploads\/2023\/02\/330407928_3373116672947060_388229664019614962_n-240x300.jpg\" alt=\"\" width=\"240\" height=\"300\" srcset=\"https:\/\/adra.md\/wp-content\/uploads\/2023\/02\/330407928_3373116672947060_388229664019614962_n-240x300.jpg 240w, https:\/\/adra.md\/wp-content\/uploads\/2023\/02\/330407928_3373116672947060_388229664019614962_n-819x1024.jpg 819w, https:\/\/adra.md\/wp-content\/uploads\/2023\/02\/330407928_3373116672947060_388229664019614962_n-768x960.jpg 768w, https:\/\/adra.md\/wp-content\/uploads\/2023\/02\/330407928_3373116672947060_388229664019614962_n-1229x1536.jpg 1229w, https:\/\/adra.md\/wp-content\/uploads\/2023\/02\/330407928_3373116672947060_388229664019614962_n.jpg 1440w\" sizes=\"(max-width: 240px) 100vw, 240px\" \/><\/div>\n<div dir=\"auto\"><\/div>\n","protected":false},"excerpt":{"rendered":"<p>ADRA Moldova continu\u0103 \u0219i \u00een luna februarie s\u0103 \u00eempart\u0103 bucurie copiilor, aduc\u00e2nd chiar pe la case cadouri pentru fiecare! Ce emo\u021bii tr\u0103ie\u0219te fiecare copil la primirea darului??? V\u0103 l\u0103s\u0103m s\u0103 citi\u021bi pe fa\u021ba lor curcubeul de emo\u021bii! P.S. Mul\u021bumiri enorme donatorilor \u0219i prietenilor no\u0219tri din Elve\u021bia, care an de an se g\u00e2ndesc cu inima la [&hellip;]<\/p>\n","protected":false},"author":9,"featured_media":20084,"comment_status":"closed","ping_status":"closed","sticky":false,"template":"","format":"standard","meta":{"_acf_changed":false,"footnotes":""},"categories":[294],"tags":[],"class_list":["post-20083","post","type-post","status-publish","format-standard","has-post-thumbnail","hentry","category-news"],"acf":[],"yoast_head":"<!-- This site is optimized with the Yoast SEO plugin v27.4 - https:\/\/yoast.com\/product\/yoast-seo-wordpress\/ -->\n<title>Ce emo\u021bii tr\u0103ie\u0219te fiecare copil la primirea unui dar? - ADRA Moldova<\/title>\n<meta name=\"robots\" content=\"index, follow, max-snippet:-1, max-image-preview:large, max-video-preview:-1\" \/>\n<link rel=\"canonical\" href=\"https:\/\/adra.md\/ru\/ce-emotii-traieste-fiecare-copil-la-primirea-unui-dar\/\" \/>\n<meta property=\"og:locale\" content=\"ru_RU\" \/>\n<meta property=\"og:type\" content=\"article\" \/>\n<meta property=\"og:title\" content=\"Ce emo\u021bii tr\u0103ie\u0219te fiecare copil la primirea unui dar? - ADRA Moldova\" \/>\n<meta property=\"og:description\" content=\"ADRA Moldova continu\u0103 \u0219i \u00een luna februarie s\u0103 \u00eempart\u0103 bucurie copiilor, aduc\u00e2nd chiar pe la case cadouri pentru fiecare! Ce emo\u021bii tr\u0103ie\u0219te fiecare copil la primirea darului??? V\u0103 l\u0103s\u0103m s\u0103 citi\u021bi pe fa\u021ba lor curcubeul de emo\u021bii! P.S. Mul\u021bumiri enorme donatorilor \u0219i prietenilor no\u0219tri din Elve\u021bia, care an de an se g\u00e2ndesc cu inima la [&hellip;]\" \/>\n<meta property=\"og:url\" content=\"https:\/\/adra.md\/ru\/ce-emotii-traieste-fiecare-copil-la-primirea-unui-dar\/\" \/>\n<meta property=\"og:site_name\" content=\"ADRA Moldova\" \/>\n<meta property=\"article:published_time\" content=\"2023-02-21T09:38:15+00:00\" \/>\n<meta property=\"og:image\" content=\"https:\/\/adra.md\/wp-content\/uploads\/2023\/02\/328827951_717370930044491_8748478745687616849_n.jpg\" \/>\n\t<meta property=\"og:image:width\" content=\"1440\" \/>\n\t<meta property=\"og:image:height\" content=\"1800\" \/>\n\t<meta property=\"og:image:type\" content=\"image\/jpeg\" \/>\n<meta name=\"author\" content=\"ADRA Moldova\" \/>\n<meta name=\"twitter:card\" content=\"summary_large_image\" \/>\n<meta name=\"twitter:label1\" content=\"\u041d\u0430\u043f\u0438\u0441\u0430\u043d\u043e \u0430\u0432\u0442\u043e\u0440\u043e\u043c\" \/>\n\t<meta name=\"twitter:data1\" content=\"ADRA Moldova\" \/>\n<script type=\"application\/ld+json\" class=\"yoast-schema-graph\">{\"@context\":\"https:\\\/\\\/schema.org\",\"@graph\":[{\"@type\":\"Article\",\"@id\":\"https:\\\/\\\/adra.md\\\/ce-emotii-traieste-fiecare-copil-la-primirea-unui-dar\\\/#article\",\"isPartOf\":{\"@id\":\"https:\\\/\\\/adra.md\\\/ce-emotii-traieste-fiecare-copil-la-primirea-unui-dar\\\/\"},\"author\":{\"name\":\"ADRA Moldova\",\"@id\":\"https:\\\/\\\/adra.md\\\/#\\\/schema\\\/person\\\/b0181e611ee89738cefb7dc2db2bb8d1\"},\"headline\":\"Ce emo\u021bii tr\u0103ie\u0219te fiecare copil la primirea unui dar?\",\"datePublished\":\"2023-02-21T09:38:15+00:00\",\"mainEntityOfPage\":{\"@id\":\"https:\\\/\\\/adra.md\\\/ce-emotii-traieste-fiecare-copil-la-primirea-unui-dar\\\/\"},\"wordCount\":88,\"publisher\":{\"@id\":\"https:\\\/\\\/adra.md\\\/#organization\"},\"image\":{\"@id\":\"https:\\\/\\\/adra.md\\\/ce-emotii-traieste-fiecare-copil-la-primirea-unui-dar\\\/#primaryimage\"},\"thumbnailUrl\":\"https:\\\/\\\/adra.md\\\/wp-content\\\/uploads\\\/2023\\\/02\\\/328827951_717370930044491_8748478745687616849_n.jpg\",\"articleSection\":[\"News\"],\"inLanguage\":\"ru-RU\"},{\"@type\":\"WebPage\",\"@id\":\"https:\\\/\\\/adra.md\\\/ce-emotii-traieste-fiecare-copil-la-primirea-unui-dar\\\/\",\"url\":\"https:\\\/\\\/adra.md\\\/ce-emotii-traieste-fiecare-copil-la-primirea-unui-dar\\\/\",\"name\":\"Ce emo\u021bii tr\u0103ie\u0219te fiecare copil la primirea unui dar? - ADRA Moldova\",\"isPartOf\":{\"@id\":\"https:\\\/\\\/adra.md\\\/#website\"},\"primaryImageOfPage\":{\"@id\":\"https:\\\/\\\/adra.md\\\/ce-emotii-traieste-fiecare-copil-la-primirea-unui-dar\\\/#primaryimage\"},\"image\":{\"@id\":\"https:\\\/\\\/adra.md\\\/ce-emotii-traieste-fiecare-copil-la-primirea-unui-dar\\\/#primaryimage\"},\"thumbnailUrl\":\"https:\\\/\\\/adra.md\\\/wp-content\\\/uploads\\\/2023\\\/02\\\/328827951_717370930044491_8748478745687616849_n.jpg\",\"datePublished\":\"2023-02-21T09:38:15+00:00\",\"breadcrumb\":{\"@id\":\"https:\\\/\\\/adra.md\\\/ce-emotii-traieste-fiecare-copil-la-primirea-unui-dar\\\/#breadcrumb\"},\"inLanguage\":\"ru-RU\",\"potentialAction\":[{\"@type\":\"ReadAction\",\"target\":[\"https:\\\/\\\/adra.md\\\/ce-emotii-traieste-fiecare-copil-la-primirea-unui-dar\\\/\"]}]},{\"@type\":\"ImageObject\",\"inLanguage\":\"ru-RU\",\"@id\":\"https:\\\/\\\/adra.md\\\/ce-emotii-traieste-fiecare-copil-la-primirea-unui-dar\\\/#primaryimage\",\"url\":\"https:\\\/\\\/adra.md\\\/wp-content\\\/uploads\\\/2023\\\/02\\\/328827951_717370930044491_8748478745687616849_n.jpg\",\"contentUrl\":\"https:\\\/\\\/adra.md\\\/wp-content\\\/uploads\\\/2023\\\/02\\\/328827951_717370930044491_8748478745687616849_n.jpg\",\"width\":1440,\"height\":1800},{\"@type\":\"BreadcrumbList\",\"@id\":\"https:\\\/\\\/adra.md\\\/ce-emotii-traieste-fiecare-copil-la-primirea-unui-dar\\\/#breadcrumb\",\"itemListElement\":[{\"@type\":\"ListItem\",\"position\":1,\"name\":\"Home\",\"item\":\"https:\\\/\\\/adra.md\\\/\"},{\"@type\":\"ListItem\",\"position\":2,\"name\":\"Ce emo\u021bii tr\u0103ie\u0219te fiecare copil la primirea unui dar?\"}]},{\"@type\":\"WebSite\",\"@id\":\"https:\\\/\\\/adra.md\\\/#website\",\"url\":\"https:\\\/\\\/adra.md\\\/\",\"name\":\"ADRA Moldova\",\"description\":\"Agen\u0163ia Adventist\u0103 pentru Dezvoltare, Refacere \u015fi Ajutor\",\"publisher\":{\"@id\":\"https:\\\/\\\/adra.md\\\/#organization\"},\"potentialAction\":[{\"@type\":\"SearchAction\",\"target\":{\"@type\":\"EntryPoint\",\"urlTemplate\":\"https:\\\/\\\/adra.md\\\/?s={search_term_string}\"},\"query-input\":{\"@type\":\"PropertyValueSpecification\",\"valueRequired\":true,\"valueName\":\"search_term_string\"}}],\"inLanguage\":\"ru-RU\"},{\"@type\":\"Organization\",\"@id\":\"https:\\\/\\\/adra.md\\\/#organization\",\"name\":\"ADRA Moldova\",\"url\":\"https:\\\/\\\/adra.md\\\/\",\"logo\":{\"@type\":\"ImageObject\",\"inLanguage\":\"ru-RU\",\"@id\":\"https:\\\/\\\/adra.md\\\/#\\\/schema\\\/logo\\\/image\\\/\",\"url\":\"https:\\\/\\\/adra.md\\\/wp-content\\\/uploads\\\/2019\\\/11\\\/group-435.png\",\"contentUrl\":\"https:\\\/\\\/adra.md\\\/wp-content\\\/uploads\\\/2019\\\/11\\\/group-435.png\",\"width\":500,\"height\":133,\"caption\":\"ADRA Moldova\"},\"image\":{\"@id\":\"https:\\\/\\\/adra.md\\\/#\\\/schema\\\/logo\\\/image\\\/\"}},{\"@type\":\"Person\",\"@id\":\"https:\\\/\\\/adra.md\\\/#\\\/schema\\\/person\\\/b0181e611ee89738cefb7dc2db2bb8d1\",\"name\":\"ADRA Moldova\",\"url\":\"https:\\\/\\\/adra.md\\\/ru\\\/author\\\/andrei-girleanu\\\/\"}]}<\/script>\n<!-- \/ Yoast SEO plugin. -->","yoast_head_json":{"title":"Ce emo\u021bii tr\u0103ie\u0219te fiecare copil la primirea unui dar? - ADRA Moldova","robots":{"index":"index","follow":"follow","max-snippet":"max-snippet:-1","max-image-preview":"max-image-preview:large","max-video-preview":"max-video-preview:-1"},"canonical":"https:\/\/adra.md\/ru\/ce-emotii-traieste-fiecare-copil-la-primirea-unui-dar\/","og_locale":"ru_RU","og_type":"article","og_title":"Ce emo\u021bii tr\u0103ie\u0219te fiecare copil la primirea unui dar? - ADRA Moldova","og_description":"ADRA Moldova continu\u0103 \u0219i \u00een luna februarie s\u0103 \u00eempart\u0103 bucurie copiilor, aduc\u00e2nd chiar pe la case cadouri pentru fiecare! Ce emo\u021bii tr\u0103ie\u0219te fiecare copil la primirea darului??? V\u0103 l\u0103s\u0103m s\u0103 citi\u021bi pe fa\u021ba lor curcubeul de emo\u021bii! P.S. Mul\u021bumiri enorme donatorilor \u0219i prietenilor no\u0219tri din Elve\u021bia, care an de an se g\u00e2ndesc cu inima la [&hellip;]","og_url":"https:\/\/adra.md\/ru\/ce-emotii-traieste-fiecare-copil-la-primirea-unui-dar\/","og_site_name":"ADRA Moldova","article_published_time":"2023-02-21T09:38:15+00:00","og_image":[{"width":1440,"height":1800,"url":"https:\/\/adra.md\/wp-content\/uploads\/2023\/02\/328827951_717370930044491_8748478745687616849_n.jpg","type":"image\/jpeg"}],"author":"ADRA Moldova","twitter_card":"summary_large_image","twitter_misc":{"\u041d\u0430\u043f\u0438\u0441\u0430\u043d\u043e \u0430\u0432\u0442\u043e\u0440\u043e\u043c":"ADRA Moldova"},"schema":{"@context":"https:\/\/schema.org","@graph":[{"@type":"Article","@id":"https:\/\/adra.md\/ce-emotii-traieste-fiecare-copil-la-primirea-unui-dar\/#article","isPartOf":{"@id":"https:\/\/adra.md\/ce-emotii-traieste-fiecare-copil-la-primirea-unui-dar\/"},"author":{"name":"ADRA Moldova","@id":"https:\/\/adra.md\/#\/schema\/person\/b0181e611ee89738cefb7dc2db2bb8d1"},"headline":"Ce emo\u021bii tr\u0103ie\u0219te fiecare copil la primirea unui dar?","datePublished":"2023-02-21T09:38:15+00:00","mainEntityOfPage":{"@id":"https:\/\/adra.md\/ce-emotii-traieste-fiecare-copil-la-primirea-unui-dar\/"},"wordCount":88,"publisher":{"@id":"https:\/\/adra.md\/#organization"},"image":{"@id":"https:\/\/adra.md\/ce-emotii-traieste-fiecare-copil-la-primirea-unui-dar\/#primaryimage"},"thumbnailUrl":"https:\/\/adra.md\/wp-content\/uploads\/2023\/02\/328827951_717370930044491_8748478745687616849_n.jpg","articleSection":["News"],"inLanguage":"ru-RU"},{"@type":"WebPage","@id":"https:\/\/adra.md\/ce-emotii-traieste-fiecare-copil-la-primirea-unui-dar\/","url":"https:\/\/adra.md\/ce-emotii-traieste-fiecare-copil-la-primirea-unui-dar\/","name":"Ce emo\u021bii tr\u0103ie\u0219te fiecare copil la primirea unui dar? - ADRA Moldova","isPartOf":{"@id":"https:\/\/adra.md\/#website"},"primaryImageOfPage":{"@id":"https:\/\/adra.md\/ce-emotii-traieste-fiecare-copil-la-primirea-unui-dar\/#primaryimage"},"image":{"@id":"https:\/\/adra.md\/ce-emotii-traieste-fiecare-copil-la-primirea-unui-dar\/#primaryimage"},"thumbnailUrl":"https:\/\/adra.md\/wp-content\/uploads\/2023\/02\/328827951_717370930044491_8748478745687616849_n.jpg","datePublished":"2023-02-21T09:38:15+00:00","breadcrumb":{"@id":"https:\/\/adra.md\/ce-emotii-traieste-fiecare-copil-la-primirea-unui-dar\/#breadcrumb"},"inLanguage":"ru-RU","potentialAction":[{"@type":"ReadAction","target":["https:\/\/adra.md\/ce-emotii-traieste-fiecare-copil-la-primirea-unui-dar\/"]}]},{"@type":"ImageObject","inLanguage":"ru-RU","@id":"https:\/\/adra.md\/ce-emotii-traieste-fiecare-copil-la-primirea-unui-dar\/#primaryimage","url":"https:\/\/adra.md\/wp-content\/uploads\/2023\/02\/328827951_717370930044491_8748478745687616849_n.jpg","contentUrl":"https:\/\/adra.md\/wp-content\/uploads\/2023\/02\/328827951_717370930044491_8748478745687616849_n.jpg","width":1440,"height":1800},{"@type":"BreadcrumbList","@id":"https:\/\/adra.md\/ce-emotii-traieste-fiecare-copil-la-primirea-unui-dar\/#breadcrumb","itemListElement":[{"@type":"ListItem","position":1,"name":"Home","item":"https:\/\/adra.md\/"},{"@type":"ListItem","position":2,"name":"Ce emo\u021bii tr\u0103ie\u0219te fiecare copil la primirea unui dar?"}]},{"@type":"WebSite","@id":"https:\/\/adra.md\/#website","url":"https:\/\/adra.md\/","name":"ADRA Moldova","description":"Agen\u0163ia Adventist\u0103 pentru Dezvoltare, Refacere \u015fi Ajutor","publisher":{"@id":"https:\/\/adra.md\/#organization"},"potentialAction":[{"@type":"SearchAction","target":{"@type":"EntryPoint","urlTemplate":"https:\/\/adra.md\/?s={search_term_string}"},"query-input":{"@type":"PropertyValueSpecification","valueRequired":true,"valueName":"search_term_string"}}],"inLanguage":"ru-RU"},{"@type":"Organization","@id":"https:\/\/adra.md\/#organization","name":"ADRA Moldova","url":"https:\/\/adra.md\/","logo":{"@type":"ImageObject","inLanguage":"ru-RU","@id":"https:\/\/adra.md\/#\/schema\/logo\/image\/","url":"https:\/\/adra.md\/wp-content\/uploads\/2019\/11\/group-435.png","contentUrl":"https:\/\/adra.md\/wp-content\/uploads\/2019\/11\/group-435.png","width":500,"height":133,"caption":"ADRA Moldova"},"image":{"@id":"https:\/\/adra.md\/#\/schema\/logo\/image\/"}},{"@type":"Person","@id":"https:\/\/adra.md\/#\/schema\/person\/b0181e611ee89738cefb7dc2db2bb8d1","name":"ADRA Moldova","url":"https:\/\/adra.md\/ru\/author\/andrei-girleanu\/"}]}},"_links":{"self":[{"href":"https:\/\/adra.md\/ru\/wp-json\/wp\/v2\/posts\/20083","targetHints":{"allow":["GET"]}}],"collection":[{"href":"https:\/\/adra.md\/ru\/wp-json\/wp\/v2\/posts"}],"about":[{"href":"https:\/\/adra.md\/ru\/wp-json\/wp\/v2\/types\/post"}],"author":[{"embeddable":true,"href":"https:\/\/adra.md\/ru\/wp-json\/wp\/v2\/users\/9"}],"replies":[{"embeddable":true,"href":"https:\/\/adra.md\/ru\/wp-json\/wp\/v2\/comments?post=20083"}],"version-history":[{"count":1,"href":"https:\/\/adra.md\/ru\/wp-json\/wp\/v2\/posts\/20083\/revisions"}],"predecessor-version":[{"id":20092,"href":"https:\/\/adra.md\/ru\/wp-json\/wp\/v2\/posts\/20083\/revisions\/20092"}],"wp:featuredmedia":[{"embeddable":true,"href":"https:\/\/adra.md\/ru\/wp-json\/wp\/v2\/media\/20084"}],"wp:attachment":[{"href":"https:\/\/adra.md\/ru\/wp-json\/wp\/v2\/media?parent=20083"}],"wp:term":[{"taxonomy":"category","embeddable":true,"href":"https:\/\/adra.md\/ru\/wp-json\/wp\/v2\/categories?post=20083"},{"taxonomy":"post_tag","embeddable":true,"href":"https:\/\/adra.md\/ru\/wp-json\/wp\/v2\/tags?post=20083"}],"curies":[{"name":"wp","href":"https:\/\/api.w.org\/{rel}","templated":true}]}}