{"id":20194,"date":"2023-04-04T13:36:05","date_gmt":"2023-04-04T13:36:05","guid":{"rendered":"https:\/\/adra.md\/?p=20194"},"modified":"2023-04-04T13:36:05","modified_gmt":"2023-04-04T13:36:05","slug":"telemedicina-practica-noua-pentru-republica-moldova","status":"publish","type":"post","link":"https:\/\/adra.md\/ru\/telemedicina-practica-noua-pentru-republica-moldova\/","title":{"rendered":"Telemedicina &#8211; practic\u0103 nou\u0103 pentru Republica Moldova!"},"content":{"rendered":"<div class=\"x11i5rnm xat24cr x1mh8g0r x1vvkbs xdj266r x126k92a\">\n<div dir=\"auto\">Ast\u0103zi \u00eempreun\u0103 cu delega\u021bia din Canada (<a class=\"x1i10hfl xjbqb8w x6umtig x1b1mbwd xaqea5y xav7gou x9f619 x1ypdohk xt0psk2 xe8uvvx xdj266r x11i5rnm xat24cr x1mh8g0r xexx8yu x4uap5 x18d9i69 xkhd6sd x16tdsg8 x1hl2dhg xggy1nq x1a2a7pz xt0b8zv x1qq9wsj xo1l8bm\" tabindex=\"0\" role=\"link\" href=\"https:\/\/www.facebook.com\/adracanada?__cft__[0]=AZVWnM4ogKnOSeUxRqCC-cdHE4pfo6aASTpORUReVzs2_8-B4lYQxWvl-UQ65h67FVmC6qWXqcJwi8GclgZdRf4ci7Zq8BITRrSlSZrcUALp68vSuG6-1ZVfxlWdPmla96JZt14PHoO64SSSGkUjW3kfUD688RyhdY7-5BBKoGOpnF1PeLd4PejMoEv_sQfs5lQ&amp;__tn__=-]K-R\"><span class=\"xt0psk2\">ADRA Canada<\/span><\/a>) am vizitat partenerii locali de implementate <a class=\"x1i10hfl xjbqb8w x6umtig x1b1mbwd xaqea5y xav7gou x9f619 x1ypdohk xt0psk2 xe8uvvx xdj266r x11i5rnm xat24cr x1mh8g0r xexx8yu x4uap5 x18d9i69 xkhd6sd x16tdsg8 x1hl2dhg xggy1nq x1a2a7pz xt0b8zv x1qq9wsj xo1l8bm\" tabindex=\"0\" role=\"link\" href=\"https:\/\/www.facebook.com\/sosautismmoldova\/?__cft__[0]=AZVWnM4ogKnOSeUxRqCC-cdHE4pfo6aASTpORUReVzs2_8-B4lYQxWvl-UQ65h67FVmC6qWXqcJwi8GclgZdRf4ci7Zq8BITRrSlSZrcUALp68vSuG6-1ZVfxlWdPmla96JZt14PHoO64SSSGkUjW3kfUD688RyhdY7-5BBKoGOpnF1PeLd4PejMoEv_sQfs5lQ&amp;__tn__=kK-R\"><span class=\"xt0psk2\">AO &#8221;SOS Autism&#8221; Moldova<\/span><\/a> \u0219i <a class=\"x1i10hfl xjbqb8w x6umtig x1b1mbwd xaqea5y xav7gou x9f619 x1ypdohk xt0psk2 xe8uvvx xdj266r x11i5rnm xat24cr x1mh8g0r xexx8yu x4uap5 x18d9i69 xkhd6sd x16tdsg8 x1hl2dhg xggy1nq x1a2a7pz xt0b8zv x1qq9wsj xo1l8bm\" tabindex=\"0\" role=\"link\" href=\"https:\/\/www.facebook.com\/homecaremd?__cft__[0]=AZVWnM4ogKnOSeUxRqCC-cdHE4pfo6aASTpORUReVzs2_8-B4lYQxWvl-UQ65h67FVmC6qWXqcJwi8GclgZdRf4ci7Zq8BITRrSlSZrcUALp68vSuG6-1ZVfxlWdPmla96JZt14PHoO64SSSGkUjW3kfUD688RyhdY7-5BBKoGOpnF1PeLd4PejMoEv_sQfs5lQ&amp;__tn__=-]K-R\"><span class=\"xt0psk2\">HOMECARE Association<\/span><\/a>.<\/div>\n<div dir=\"auto\">Am savurat din procesul profesionist de lucru cu copiii cu tulbur\u0103ri din spectrul autismului \u0219i am putut afla modalit\u0103\u021bile de interac\u021biune prin telemedicin\u0103.<\/div>\n<div dir=\"auto\">Telemedicina este o practic\u0103 nou\u0103 pentru Republica Moldova, ea reprezint\u0103 o modalitate inovativ\u0103 de furnizare a informa\u021biilor medicale, care se bazeaz\u0103 pe utilizarea diferitelor mijloace de comunicare la distan\u021b\u0103, disponibile la momentul actual. Acest instrument este extrem de util \u00een \u00eembun\u0103t\u0103\u021birea rela\u021biei de comunicare medic-pacient.<\/div>\n<div dir=\"auto\">S\u0103n\u0103tatea este proieritate!<\/div>\n<div dir=\"auto\">Comunicarea eficien\u021ba este solu\u021bia pentru prevenirea multor probleme!<\/div>\n<div dir=\"auto\">Activit\u0103\u021bile sunt implementate \u00een cadrul proiectului &#8222;LEAP &#8211; Lifesaving Evacuation, Assistance and Protection in Ukraine, Moldova, Romania 2022-2023&#8221;.<\/div>\n<\/div>\n<div dir=\"auto\"><\/div>\n<div class=\"x11i5rnm xat24cr x1mh8g0r x1vvkbs xtlvy1s x126k92a\">\n<div dir=\"auto\"><a class=\"x1i10hfl xjbqb8w x6umtig x1b1mbwd xaqea5y xav7gou x9f619 x1ypdohk xt0psk2 xe8uvvx xdj266r x11i5rnm xat24cr x1mh8g0r xexx8yu x4uap5 x18d9i69 xkhd6sd x16tdsg8 x1hl2dhg xggy1nq x1a2a7pz xt0b8zv x1qq9wsj xo1l8bm\" tabindex=\"0\" role=\"link\" href=\"https:\/\/www.facebook.com\/hashtag\/adra?__eep__=6&amp;__cft__[0]=AZVWnM4ogKnOSeUxRqCC-cdHE4pfo6aASTpORUReVzs2_8-B4lYQxWvl-UQ65h67FVmC6qWXqcJwi8GclgZdRf4ci7Zq8BITRrSlSZrcUALp68vSuG6-1ZVfxlWdPmla96JZt14PHoO64SSSGkUjW3kfUD688RyhdY7-5BBKoGOpnF1PeLd4PejMoEv_sQfs5lQ&amp;__tn__=*NK-R\">#adra<\/a> <a class=\"x1i10hfl xjbqb8w x6umtig x1b1mbwd xaqea5y xav7gou x9f619 x1ypdohk xt0psk2 xe8uvvx xdj266r x11i5rnm xat24cr x1mh8g0r xexx8yu x4uap5 x18d9i69 xkhd6sd x16tdsg8 x1hl2dhg xggy1nq x1a2a7pz xt0b8zv x1qq9wsj xo1l8bm\" tabindex=\"0\" role=\"link\" href=\"https:\/\/www.facebook.com\/hashtag\/adramoldova?__eep__=6&amp;__cft__[0]=AZVWnM4ogKnOSeUxRqCC-cdHE4pfo6aASTpORUReVzs2_8-B4lYQxWvl-UQ65h67FVmC6qWXqcJwi8GclgZdRf4ci7Zq8BITRrSlSZrcUALp68vSuG6-1ZVfxlWdPmla96JZt14PHoO64SSSGkUjW3kfUD688RyhdY7-5BBKoGOpnF1PeLd4PejMoEv_sQfs5lQ&amp;__tn__=*NK-R\">#adramoldova<\/a> <a class=\"x1i10hfl xjbqb8w x6umtig x1b1mbwd xaqea5y xav7gou x9f619 x1ypdohk xt0psk2 xe8uvvx xdj266r x11i5rnm xat24cr x1mh8g0r xexx8yu x4uap5 x18d9i69 xkhd6sd x16tdsg8 x1hl2dhg xggy1nq x1a2a7pz xt0b8zv x1qq9wsj xo1l8bm\" tabindex=\"0\" role=\"link\" href=\"https:\/\/www.facebook.com\/hashtag\/adracanada?__eep__=6&amp;__cft__[0]=AZVWnM4ogKnOSeUxRqCC-cdHE4pfo6aASTpORUReVzs2_8-B4lYQxWvl-UQ65h67FVmC6qWXqcJwi8GclgZdRf4ci7Zq8BITRrSlSZrcUALp68vSuG6-1ZVfxlWdPmla96JZt14PHoO64SSSGkUjW3kfUD688RyhdY7-5BBKoGOpnF1PeLd4PejMoEv_sQfs5lQ&amp;__tn__=*NK-R\">#adracanada<\/a> <a class=\"x1i10hfl xjbqb8w x6umtig x1b1mbwd xaqea5y xav7gou x9f619 x1ypdohk xt0psk2 xe8uvvx xdj266r x11i5rnm xat24cr x1mh8g0r xexx8yu x4uap5 x18d9i69 xkhd6sd x16tdsg8 x1hl2dhg xggy1nq x1a2a7pz xt0b8zv x1qq9wsj xo1l8bm\" tabindex=\"0\" role=\"link\" href=\"https:\/\/www.facebook.com\/hashtag\/sosautism?__eep__=6&amp;__cft__[0]=AZVWnM4ogKnOSeUxRqCC-cdHE4pfo6aASTpORUReVzs2_8-B4lYQxWvl-UQ65h67FVmC6qWXqcJwi8GclgZdRf4ci7Zq8BITRrSlSZrcUALp68vSuG6-1ZVfxlWdPmla96JZt14PHoO64SSSGkUjW3kfUD688RyhdY7-5BBKoGOpnF1PeLd4PejMoEv_sQfs5lQ&amp;__tn__=*NK-R\">#sosautism<\/a> <a class=\"x1i10hfl xjbqb8w x6umtig x1b1mbwd xaqea5y xav7gou x9f619 x1ypdohk xt0psk2 xe8uvvx xdj266r x11i5rnm xat24cr x1mh8g0r xexx8yu x4uap5 x18d9i69 xkhd6sd x16tdsg8 x1hl2dhg xggy1nq x1a2a7pz xt0b8zv x1qq9wsj xo1l8bm\" tabindex=\"0\" role=\"link\" href=\"https:\/\/www.facebook.com\/hashtag\/homecare?__eep__=6&amp;__cft__[0]=AZVWnM4ogKnOSeUxRqCC-cdHE4pfo6aASTpORUReVzs2_8-B4lYQxWvl-UQ65h67FVmC6qWXqcJwi8GclgZdRf4ci7Zq8BITRrSlSZrcUALp68vSuG6-1ZVfxlWdPmla96JZt14PHoO64SSSGkUjW3kfUD688RyhdY7-5BBKoGOpnF1PeLd4PejMoEv_sQfs5lQ&amp;__tn__=*NK-R\">#homecare<\/a> <a class=\"x1i10hfl xjbqb8w x6umtig x1b1mbwd xaqea5y xav7gou x9f619 x1ypdohk xt0psk2 xe8uvvx xdj266r x11i5rnm xat24cr x1mh8g0r xexx8yu x4uap5 x18d9i69 xkhd6sd x16tdsg8 x1hl2dhg xggy1nq x1a2a7pz xt0b8zv x1qq9wsj xo1l8bm\" tabindex=\"0\" role=\"link\" href=\"https:\/\/www.facebook.com\/hashtag\/telemedicina?__eep__=6&amp;__cft__[0]=AZVWnM4ogKnOSeUxRqCC-cdHE4pfo6aASTpORUReVzs2_8-B4lYQxWvl-UQ65h67FVmC6qWXqcJwi8GclgZdRf4ci7Zq8BITRrSlSZrcUALp68vSuG6-1ZVfxlWdPmla96JZt14PHoO64SSSGkUjW3kfUD688RyhdY7-5BBKoGOpnF1PeLd4PejMoEv_sQfs5lQ&amp;__tn__=*NK-R\">#telemedicina<\/a> <a class=\"x1i10hfl xjbqb8w x6umtig x1b1mbwd xaqea5y xav7gou x9f619 x1ypdohk xt0psk2 xe8uvvx xdj266r x11i5rnm xat24cr x1mh8g0r xexx8yu x4uap5 x18d9i69 xkhd6sd x16tdsg8 x1hl2dhg xggy1nq x1a2a7pz xt0b8zv x1qq9wsj xo1l8bm\" tabindex=\"0\" role=\"link\" href=\"https:\/\/www.facebook.com\/hashtag\/republicamoldova?__eep__=6&amp;__cft__[0]=AZVWnM4ogKnOSeUxRqCC-cdHE4pfo6aASTpORUReVzs2_8-B4lYQxWvl-UQ65h67FVmC6qWXqcJwi8GclgZdRf4ci7Zq8BITRrSlSZrcUALp68vSuG6-1ZVfxlWdPmla96JZt14PHoO64SSSGkUjW3kfUD688RyhdY7-5BBKoGOpnF1PeLd4PejMoEv_sQfs5lQ&amp;__tn__=*NK-R\">#republicamoldova<\/a><\/div>\n<\/div>\n<div dir=\"auto\"><\/div>\n<div dir=\"auto\">\u00a0 \u00a0 \u00a0 \u00a0 \u00a0 \u00a0 \u00a0 \u00a0 \u00a0 \u00a0 \u00a0 \u00a0 \u00a0 \u00a0 \u00a0 \u00a0<img fetchpriority=\"high\" decoding=\"async\" class=\"alignnone size-medium wp-image-20195\" src=\"https:\/\/adra.md\/wp-content\/uploads\/2023\/04\/333214591_235398692248178_8225554355922294816_n-240x300.jpg\" alt=\"\" width=\"240\" height=\"300\" srcset=\"https:\/\/adra.md\/wp-content\/uploads\/2023\/04\/333214591_235398692248178_8225554355922294816_n-240x300.jpg 240w, https:\/\/adra.md\/wp-content\/uploads\/2023\/04\/333214591_235398692248178_8225554355922294816_n-819x1024.jpg 819w, https:\/\/adra.md\/wp-content\/uploads\/2023\/04\/333214591_235398692248178_8225554355922294816_n-768x960.jpg 768w, https:\/\/adra.md\/wp-content\/uploads\/2023\/04\/333214591_235398692248178_8225554355922294816_n-1229x1536.jpg 1229w, https:\/\/adra.md\/wp-content\/uploads\/2023\/04\/333214591_235398692248178_8225554355922294816_n.jpg 1280w\" sizes=\"(max-width: 240px) 100vw, 240px\" \/> <img decoding=\"async\" class=\"alignnone  wp-image-20196\" src=\"https:\/\/adra.md\/wp-content\/uploads\/2023\/04\/333225687_512048250881743_3975804058588475517_n-300x225.jpg\" alt=\"\" width=\"403\" height=\"302\" srcset=\"https:\/\/adra.md\/wp-content\/uploads\/2023\/04\/333225687_512048250881743_3975804058588475517_n-300x225.jpg 300w, https:\/\/adra.md\/wp-content\/uploads\/2023\/04\/333225687_512048250881743_3975804058588475517_n-768x576.jpg 768w, https:\/\/adra.md\/wp-content\/uploads\/2023\/04\/333225687_512048250881743_3975804058588475517_n-1000x750.jpg 1000w, https:\/\/adra.md\/wp-content\/uploads\/2023\/04\/333225687_512048250881743_3975804058588475517_n.jpg 1024w\" sizes=\"(max-width: 403px) 100vw, 403px\" \/><\/div>\n","protected":false},"excerpt":{"rendered":"<p>Ast\u0103zi \u00eempreun\u0103 cu delega\u021bia din Canada (ADRA Canada) am vizitat partenerii locali de implementate AO &#8221;SOS Autism&#8221; Moldova \u0219i HOMECARE Association. Am savurat din procesul profesionist de lucru cu copiii cu tulbur\u0103ri din spectrul autismului \u0219i am putut afla modalit\u0103\u021bile de interac\u021biune prin telemedicin\u0103. Telemedicina este o practic\u0103 nou\u0103 pentru Republica Moldova, ea reprezint\u0103 o [&hellip;]<\/p>\n","protected":false},"author":9,"featured_media":20196,"comment_status":"closed","ping_status":"closed","sticky":false,"template":"","format":"standard","meta":{"_acf_changed":false,"footnotes":""},"categories":[294],"tags":[],"class_list":["post-20194","post","type-post","status-publish","format-standard","has-post-thumbnail","hentry","category-news"],"acf":[],"yoast_head":"<!-- This site is optimized with the Yoast SEO plugin v27.4 - https:\/\/yoast.com\/product\/yoast-seo-wordpress\/ -->\n<title>Telemedicina - practic\u0103 nou\u0103 pentru Republica Moldova! - ADRA Moldova<\/title>\n<meta name=\"robots\" content=\"index, follow, max-snippet:-1, max-image-preview:large, max-video-preview:-1\" \/>\n<link rel=\"canonical\" href=\"https:\/\/adra.md\/ru\/telemedicina-practica-noua-pentru-republica-moldova\/\" \/>\n<meta property=\"og:locale\" content=\"ru_RU\" \/>\n<meta property=\"og:type\" content=\"article\" \/>\n<meta property=\"og:title\" content=\"Telemedicina - practic\u0103 nou\u0103 pentru Republica Moldova! - ADRA Moldova\" \/>\n<meta property=\"og:description\" content=\"Ast\u0103zi \u00eempreun\u0103 cu delega\u021bia din Canada (ADRA Canada) am vizitat partenerii locali de implementate AO &#8221;SOS Autism&#8221; Moldova \u0219i HOMECARE Association. Am savurat din procesul profesionist de lucru cu copiii cu tulbur\u0103ri din spectrul autismului \u0219i am putut afla modalit\u0103\u021bile de interac\u021biune prin telemedicin\u0103. Telemedicina este o practic\u0103 nou\u0103 pentru Republica Moldova, ea reprezint\u0103 o [&hellip;]\" \/>\n<meta property=\"og:url\" content=\"https:\/\/adra.md\/ru\/telemedicina-practica-noua-pentru-republica-moldova\/\" \/>\n<meta property=\"og:site_name\" content=\"ADRA Moldova\" \/>\n<meta property=\"article:published_time\" content=\"2023-04-04T13:36:05+00:00\" \/>\n<meta property=\"og:image\" content=\"https:\/\/adra.md\/wp-content\/uploads\/2023\/04\/333225687_512048250881743_3975804058588475517_n.jpg\" \/>\n\t<meta property=\"og:image:width\" content=\"1024\" \/>\n\t<meta property=\"og:image:height\" content=\"768\" \/>\n\t<meta property=\"og:image:type\" content=\"image\/jpeg\" \/>\n<meta name=\"author\" content=\"ADRA Moldova\" \/>\n<meta name=\"twitter:card\" content=\"summary_large_image\" \/>\n<meta name=\"twitter:label1\" content=\"\u041d\u0430\u043f\u0438\u0441\u0430\u043d\u043e \u0430\u0432\u0442\u043e\u0440\u043e\u043c\" \/>\n\t<meta name=\"twitter:data1\" content=\"ADRA Moldova\" \/>\n\t<meta name=\"twitter:label2\" content=\"\u041f\u0440\u0438\u043c\u0435\u0440\u043d\u043e\u0435 \u0432\u0440\u0435\u043c\u044f \u0434\u043b\u044f \u0447\u0442\u0435\u043d\u0438\u044f\" \/>\n\t<meta name=\"twitter:data2\" content=\"1 \u043c\u0438\u043d\u0443\u0442\u0430\" \/>\n<script type=\"application\/ld+json\" class=\"yoast-schema-graph\">{\"@context\":\"https:\\\/\\\/schema.org\",\"@graph\":[{\"@type\":\"Article\",\"@id\":\"https:\\\/\\\/adra.md\\\/telemedicina-practica-noua-pentru-republica-moldova\\\/#article\",\"isPartOf\":{\"@id\":\"https:\\\/\\\/adra.md\\\/telemedicina-practica-noua-pentru-republica-moldova\\\/\"},\"author\":{\"name\":\"ADRA Moldova\",\"@id\":\"https:\\\/\\\/adra.md\\\/#\\\/schema\\\/person\\\/b0181e611ee89738cefb7dc2db2bb8d1\"},\"headline\":\"Telemedicina &#8211; practic\u0103 nou\u0103 pentru Republica Moldova!\",\"datePublished\":\"2023-04-04T13:36:05+00:00\",\"mainEntityOfPage\":{\"@id\":\"https:\\\/\\\/adra.md\\\/telemedicina-practica-noua-pentru-republica-moldova\\\/\"},\"wordCount\":146,\"publisher\":{\"@id\":\"https:\\\/\\\/adra.md\\\/#organization\"},\"image\":{\"@id\":\"https:\\\/\\\/adra.md\\\/telemedicina-practica-noua-pentru-republica-moldova\\\/#primaryimage\"},\"thumbnailUrl\":\"https:\\\/\\\/adra.md\\\/wp-content\\\/uploads\\\/2023\\\/04\\\/333225687_512048250881743_3975804058588475517_n.jpg\",\"articleSection\":[\"News\"],\"inLanguage\":\"ru-RU\"},{\"@type\":\"WebPage\",\"@id\":\"https:\\\/\\\/adra.md\\\/telemedicina-practica-noua-pentru-republica-moldova\\\/\",\"url\":\"https:\\\/\\\/adra.md\\\/telemedicina-practica-noua-pentru-republica-moldova\\\/\",\"name\":\"Telemedicina - practic\u0103 nou\u0103 pentru Republica Moldova! - ADRA Moldova\",\"isPartOf\":{\"@id\":\"https:\\\/\\\/adra.md\\\/#website\"},\"primaryImageOfPage\":{\"@id\":\"https:\\\/\\\/adra.md\\\/telemedicina-practica-noua-pentru-republica-moldova\\\/#primaryimage\"},\"image\":{\"@id\":\"https:\\\/\\\/adra.md\\\/telemedicina-practica-noua-pentru-republica-moldova\\\/#primaryimage\"},\"thumbnailUrl\":\"https:\\\/\\\/adra.md\\\/wp-content\\\/uploads\\\/2023\\\/04\\\/333225687_512048250881743_3975804058588475517_n.jpg\",\"datePublished\":\"2023-04-04T13:36:05+00:00\",\"breadcrumb\":{\"@id\":\"https:\\\/\\\/adra.md\\\/telemedicina-practica-noua-pentru-republica-moldova\\\/#breadcrumb\"},\"inLanguage\":\"ru-RU\",\"potentialAction\":[{\"@type\":\"ReadAction\",\"target\":[\"https:\\\/\\\/adra.md\\\/telemedicina-practica-noua-pentru-republica-moldova\\\/\"]}]},{\"@type\":\"ImageObject\",\"inLanguage\":\"ru-RU\",\"@id\":\"https:\\\/\\\/adra.md\\\/telemedicina-practica-noua-pentru-republica-moldova\\\/#primaryimage\",\"url\":\"https:\\\/\\\/adra.md\\\/wp-content\\\/uploads\\\/2023\\\/04\\\/333225687_512048250881743_3975804058588475517_n.jpg\",\"contentUrl\":\"https:\\\/\\\/adra.md\\\/wp-content\\\/uploads\\\/2023\\\/04\\\/333225687_512048250881743_3975804058588475517_n.jpg\",\"width\":1024,\"height\":768},{\"@type\":\"BreadcrumbList\",\"@id\":\"https:\\\/\\\/adra.md\\\/telemedicina-practica-noua-pentru-republica-moldova\\\/#breadcrumb\",\"itemListElement\":[{\"@type\":\"ListItem\",\"position\":1,\"name\":\"Home\",\"item\":\"https:\\\/\\\/adra.md\\\/\"},{\"@type\":\"ListItem\",\"position\":2,\"name\":\"Telemedicina &#8211; practic\u0103 nou\u0103 pentru Republica Moldova!\"}]},{\"@type\":\"WebSite\",\"@id\":\"https:\\\/\\\/adra.md\\\/#website\",\"url\":\"https:\\\/\\\/adra.md\\\/\",\"name\":\"ADRA Moldova\",\"description\":\"Agen\u0163ia Adventist\u0103 pentru Dezvoltare, Refacere \u015fi Ajutor\",\"publisher\":{\"@id\":\"https:\\\/\\\/adra.md\\\/#organization\"},\"potentialAction\":[{\"@type\":\"SearchAction\",\"target\":{\"@type\":\"EntryPoint\",\"urlTemplate\":\"https:\\\/\\\/adra.md\\\/?s={search_term_string}\"},\"query-input\":{\"@type\":\"PropertyValueSpecification\",\"valueRequired\":true,\"valueName\":\"search_term_string\"}}],\"inLanguage\":\"ru-RU\"},{\"@type\":\"Organization\",\"@id\":\"https:\\\/\\\/adra.md\\\/#organization\",\"name\":\"ADRA Moldova\",\"url\":\"https:\\\/\\\/adra.md\\\/\",\"logo\":{\"@type\":\"ImageObject\",\"inLanguage\":\"ru-RU\",\"@id\":\"https:\\\/\\\/adra.md\\\/#\\\/schema\\\/logo\\\/image\\\/\",\"url\":\"https:\\\/\\\/adra.md\\\/wp-content\\\/uploads\\\/2019\\\/11\\\/group-435.png\",\"contentUrl\":\"https:\\\/\\\/adra.md\\\/wp-content\\\/uploads\\\/2019\\\/11\\\/group-435.png\",\"width\":500,\"height\":133,\"caption\":\"ADRA Moldova\"},\"image\":{\"@id\":\"https:\\\/\\\/adra.md\\\/#\\\/schema\\\/logo\\\/image\\\/\"}},{\"@type\":\"Person\",\"@id\":\"https:\\\/\\\/adra.md\\\/#\\\/schema\\\/person\\\/b0181e611ee89738cefb7dc2db2bb8d1\",\"name\":\"ADRA Moldova\",\"url\":\"https:\\\/\\\/adra.md\\\/ru\\\/author\\\/andrei-girleanu\\\/\"}]}<\/script>\n<!-- \/ Yoast SEO plugin. -->","yoast_head_json":{"title":"Telemedicina - practic\u0103 nou\u0103 pentru Republica Moldova! - ADRA Moldova","robots":{"index":"index","follow":"follow","max-snippet":"max-snippet:-1","max-image-preview":"max-image-preview:large","max-video-preview":"max-video-preview:-1"},"canonical":"https:\/\/adra.md\/ru\/telemedicina-practica-noua-pentru-republica-moldova\/","og_locale":"ru_RU","og_type":"article","og_title":"Telemedicina - practic\u0103 nou\u0103 pentru Republica Moldova! - ADRA Moldova","og_description":"Ast\u0103zi \u00eempreun\u0103 cu delega\u021bia din Canada (ADRA Canada) am vizitat partenerii locali de implementate AO &#8221;SOS Autism&#8221; Moldova \u0219i HOMECARE Association. Am savurat din procesul profesionist de lucru cu copiii cu tulbur\u0103ri din spectrul autismului \u0219i am putut afla modalit\u0103\u021bile de interac\u021biune prin telemedicin\u0103. Telemedicina este o practic\u0103 nou\u0103 pentru Republica Moldova, ea reprezint\u0103 o [&hellip;]","og_url":"https:\/\/adra.md\/ru\/telemedicina-practica-noua-pentru-republica-moldova\/","og_site_name":"ADRA Moldova","article_published_time":"2023-04-04T13:36:05+00:00","og_image":[{"width":1024,"height":768,"url":"https:\/\/adra.md\/wp-content\/uploads\/2023\/04\/333225687_512048250881743_3975804058588475517_n.jpg","type":"image\/jpeg"}],"author":"ADRA Moldova","twitter_card":"summary_large_image","twitter_misc":{"\u041d\u0430\u043f\u0438\u0441\u0430\u043d\u043e \u0430\u0432\u0442\u043e\u0440\u043e\u043c":"ADRA Moldova","\u041f\u0440\u0438\u043c\u0435\u0440\u043d\u043e\u0435 \u0432\u0440\u0435\u043c\u044f \u0434\u043b\u044f \u0447\u0442\u0435\u043d\u0438\u044f":"1 \u043c\u0438\u043d\u0443\u0442\u0430"},"schema":{"@context":"https:\/\/schema.org","@graph":[{"@type":"Article","@id":"https:\/\/adra.md\/telemedicina-practica-noua-pentru-republica-moldova\/#article","isPartOf":{"@id":"https:\/\/adra.md\/telemedicina-practica-noua-pentru-republica-moldova\/"},"author":{"name":"ADRA Moldova","@id":"https:\/\/adra.md\/#\/schema\/person\/b0181e611ee89738cefb7dc2db2bb8d1"},"headline":"Telemedicina &#8211; practic\u0103 nou\u0103 pentru Republica Moldova!","datePublished":"2023-04-04T13:36:05+00:00","mainEntityOfPage":{"@id":"https:\/\/adra.md\/telemedicina-practica-noua-pentru-republica-moldova\/"},"wordCount":146,"publisher":{"@id":"https:\/\/adra.md\/#organization"},"image":{"@id":"https:\/\/adra.md\/telemedicina-practica-noua-pentru-republica-moldova\/#primaryimage"},"thumbnailUrl":"https:\/\/adra.md\/wp-content\/uploads\/2023\/04\/333225687_512048250881743_3975804058588475517_n.jpg","articleSection":["News"],"inLanguage":"ru-RU"},{"@type":"WebPage","@id":"https:\/\/adra.md\/telemedicina-practica-noua-pentru-republica-moldova\/","url":"https:\/\/adra.md\/telemedicina-practica-noua-pentru-republica-moldova\/","name":"Telemedicina - practic\u0103 nou\u0103 pentru Republica Moldova! - ADRA Moldova","isPartOf":{"@id":"https:\/\/adra.md\/#website"},"primaryImageOfPage":{"@id":"https:\/\/adra.md\/telemedicina-practica-noua-pentru-republica-moldova\/#primaryimage"},"image":{"@id":"https:\/\/adra.md\/telemedicina-practica-noua-pentru-republica-moldova\/#primaryimage"},"thumbnailUrl":"https:\/\/adra.md\/wp-content\/uploads\/2023\/04\/333225687_512048250881743_3975804058588475517_n.jpg","datePublished":"2023-04-04T13:36:05+00:00","breadcrumb":{"@id":"https:\/\/adra.md\/telemedicina-practica-noua-pentru-republica-moldova\/#breadcrumb"},"inLanguage":"ru-RU","potentialAction":[{"@type":"ReadAction","target":["https:\/\/adra.md\/telemedicina-practica-noua-pentru-republica-moldova\/"]}]},{"@type":"ImageObject","inLanguage":"ru-RU","@id":"https:\/\/adra.md\/telemedicina-practica-noua-pentru-republica-moldova\/#primaryimage","url":"https:\/\/adra.md\/wp-content\/uploads\/2023\/04\/333225687_512048250881743_3975804058588475517_n.jpg","contentUrl":"https:\/\/adra.md\/wp-content\/uploads\/2023\/04\/333225687_512048250881743_3975804058588475517_n.jpg","width":1024,"height":768},{"@type":"BreadcrumbList","@id":"https:\/\/adra.md\/telemedicina-practica-noua-pentru-republica-moldova\/#breadcrumb","itemListElement":[{"@type":"ListItem","position":1,"name":"Home","item":"https:\/\/adra.md\/"},{"@type":"ListItem","position":2,"name":"Telemedicina &#8211; practic\u0103 nou\u0103 pentru Republica Moldova!"}]},{"@type":"WebSite","@id":"https:\/\/adra.md\/#website","url":"https:\/\/adra.md\/","name":"ADRA Moldova","description":"Agen\u0163ia Adventist\u0103 pentru Dezvoltare, Refacere \u015fi Ajutor","publisher":{"@id":"https:\/\/adra.md\/#organization"},"potentialAction":[{"@type":"SearchAction","target":{"@type":"EntryPoint","urlTemplate":"https:\/\/adra.md\/?s={search_term_string}"},"query-input":{"@type":"PropertyValueSpecification","valueRequired":true,"valueName":"search_term_string"}}],"inLanguage":"ru-RU"},{"@type":"Organization","@id":"https:\/\/adra.md\/#organization","name":"ADRA Moldova","url":"https:\/\/adra.md\/","logo":{"@type":"ImageObject","inLanguage":"ru-RU","@id":"https:\/\/adra.md\/#\/schema\/logo\/image\/","url":"https:\/\/adra.md\/wp-content\/uploads\/2019\/11\/group-435.png","contentUrl":"https:\/\/adra.md\/wp-content\/uploads\/2019\/11\/group-435.png","width":500,"height":133,"caption":"ADRA Moldova"},"image":{"@id":"https:\/\/adra.md\/#\/schema\/logo\/image\/"}},{"@type":"Person","@id":"https:\/\/adra.md\/#\/schema\/person\/b0181e611ee89738cefb7dc2db2bb8d1","name":"ADRA Moldova","url":"https:\/\/adra.md\/ru\/author\/andrei-girleanu\/"}]}},"_links":{"self":[{"href":"https:\/\/adra.md\/ru\/wp-json\/wp\/v2\/posts\/20194","targetHints":{"allow":["GET"]}}],"collection":[{"href":"https:\/\/adra.md\/ru\/wp-json\/wp\/v2\/posts"}],"about":[{"href":"https:\/\/adra.md\/ru\/wp-json\/wp\/v2\/types\/post"}],"author":[{"embeddable":true,"href":"https:\/\/adra.md\/ru\/wp-json\/wp\/v2\/users\/9"}],"replies":[{"embeddable":true,"href":"https:\/\/adra.md\/ru\/wp-json\/wp\/v2\/comments?post=20194"}],"version-history":[{"count":1,"href":"https:\/\/adra.md\/ru\/wp-json\/wp\/v2\/posts\/20194\/revisions"}],"predecessor-version":[{"id":20197,"href":"https:\/\/adra.md\/ru\/wp-json\/wp\/v2\/posts\/20194\/revisions\/20197"}],"wp:featuredmedia":[{"embeddable":true,"href":"https:\/\/adra.md\/ru\/wp-json\/wp\/v2\/media\/20196"}],"wp:attachment":[{"href":"https:\/\/adra.md\/ru\/wp-json\/wp\/v2\/media?parent=20194"}],"wp:term":[{"taxonomy":"category","embeddable":true,"href":"https:\/\/adra.md\/ru\/wp-json\/wp\/v2\/categories?post=20194"},{"taxonomy":"post_tag","embeddable":true,"href":"https:\/\/adra.md\/ru\/wp-json\/wp\/v2\/tags?post=20194"}],"curies":[{"name":"wp","href":"https:\/\/api.w.org\/{rel}","templated":true}]}}