{"id":20198,"date":"2023-04-04T13:41:35","date_gmt":"2023-04-04T13:41:35","guid":{"rendered":"https:\/\/adra.md\/?p=20198"},"modified":"2023-04-04T13:41:53","modified_gmt":"2023-04-04T13:41:53","slug":"un-an-de-vieti-distruse","status":"publish","type":"post","link":"https:\/\/adra.md\/ru\/un-an-de-vieti-distruse\/","title":{"rendered":"Un an de vie\u021bi distruse"},"content":{"rendered":"<div class=\"x11i5rnm xat24cr x1mh8g0r x1vvkbs xdj266r x126k92a\">\n<div dir=\"auto\">A\u0219a cum luna februarie este marcat\u0103 de ac\u021biuni militare pe teritoriul Ucrainei, Congresul Na\u021bional al Ucrainenilor din Moldova, a organizat o expozi\u021bie de comemorarea a acestui fenomen, care a fost g\u0103zduit de <a class=\"x1i10hfl xjbqb8w x6umtig x1b1mbwd xaqea5y xav7gou x9f619 x1ypdohk xt0psk2 xe8uvvx xdj266r x11i5rnm xat24cr x1mh8g0r xexx8yu x4uap5 x18d9i69 xkhd6sd x16tdsg8 x1hl2dhg xggy1nq x1a2a7pz xt0b8zv x1qq9wsj xo1l8bm\" tabindex=\"0\" role=\"link\" href=\"https:\/\/www.facebook.com\/mediacor?__cft__[0]=AZWQHsN5HW4yDssbnhc5PnsGaMeJHWq0RHNfKO4VN3Z2JLmz-J76QU8YiX23syl0ZoRLMSlDogWLOhfAt8w3xb4a84YxcYgttVyI2AQQ9GvU37rRqMNClJ4bY-jorueIuxe5chUmI2g078cOxFoUBc8SqDL4X-_Re0HTpg1ARfFNePnJnLFpr93jfkiP1UgqkHA&amp;__tn__=-]K-R\"><span class=\"xt0psk2\">Mediacor<\/span><\/a>. Aici a fost lansat\u0103 expozi\u021bia de fotografii &#8222;Big Heart&#8221;. Aceasta cuprinde fotografii ale voluntarilor moldoveni care au contribuit \u00een gestionarea crizei refugia\u021bilor \u0219i au r\u0103mas al\u0103turi de ucrainenii care au nevoie de ajutor.<\/div>\n<div dir=\"auto\">\u00cen cadrul proiectelor implementate de c\u0103tre <a class=\"x1i10hfl xjbqb8w x6umtig x1b1mbwd xaqea5y xav7gou x9f619 x1ypdohk xt0psk2 xe8uvvx xdj266r x11i5rnm xat24cr x1mh8g0r xexx8yu x4uap5 x18d9i69 xkhd6sd x16tdsg8 x1hl2dhg xggy1nq x1a2a7pz xt0b8zv x1qq9wsj xo1l8bm\" tabindex=\"0\" role=\"link\" href=\"https:\/\/www.facebook.com\/ADRA.Moldova.AG?__cft__[0]=AZWQHsN5HW4yDssbnhc5PnsGaMeJHWq0RHNfKO4VN3Z2JLmz-J76QU8YiX23syl0ZoRLMSlDogWLOhfAt8w3xb4a84YxcYgttVyI2AQQ9GvU37rRqMNClJ4bY-jorueIuxe5chUmI2g078cOxFoUBc8SqDL4X-_Re0HTpg1ARfFNePnJnLFpr93jfkiP1UgqkHA&amp;__tn__=-]K-R\"><span class=\"xt0psk2\">ADRA Moldova<\/span><\/a> oferim consulta\u021bie juridic\u0103 persoanelor refugiate la noi.<\/div>\n<div dir=\"auto\">Una din fe\u021bele care au ar\u0103tat compasiune prin sfaturi pre\u021bioase, solu\u021bii de moment \u0219i de lung\u0103 durat\u0103 este jurista organiza\u021biei ADRA Moldova &#8211; Mariana Maroglo. Ea a fost men\u021bionat\u0103 cel mai des de c\u0103tre refugia\u021bi prin recomand\u0103ri ca fiind &#8222;figur\u0103 important\u0103&#8221; \u00een solu\u021bionarea problemelor cu care se confrunt\u0103 refugia\u021bi din necuno\u0219tin\u021ba de legi.<\/div>\n<\/div>\n<div class=\"x11i5rnm xat24cr x1mh8g0r x1vvkbs xtlvy1s x126k92a\">\n<div dir=\"auto\">Ne m\u00e2ndrim \u0219i ne bucur\u0103m c\u0103 echipa noastr\u0103 este format\u0103 din oameni cu inim\u0103 mare, sesibili la necesit\u0103\u021bile altora, care actioneaz\u0103 cu dreptate, compasiune \u0219i dragoste!<\/div>\n<\/div>\n<div class=\"x11i5rnm xat24cr x1mh8g0r x1vvkbs xtlvy1s x126k92a\">\n<div dir=\"auto\">Mariana Maroglo <span class=\"x3nfvp2 x1j61x8r x1fcty0u xdj266r xhhsvwb xat24cr xgzva0m xxymvpz xlup9mm x1kky2od\"><img decoding=\"async\" src=\"https:\/\/static.xx.fbcdn.net\/images\/emoji.php\/v9\/t5d\/2\/16\/1f3c6.png\" alt=\"\ud83c\udfc6\" width=\"16\" height=\"16\" \/><\/span><\/div>\n<\/div>\n<div class=\"x11i5rnm xat24cr x1mh8g0r x1vvkbs xtlvy1s x126k92a\">\n<div dir=\"auto\">Evenimentului s-au al\u0103turat ambasadorul SUA \u00een Moldova, Kent D. Logdson, prim-ministrul Republicii Moldova, Dorin Recean \u0219i ambasadorul Ucrainei \u00een Moldova, Marko Shevchenko.<\/div>\n<\/div>\n<div dir=\"auto\"><\/div>\n<div class=\"x11i5rnm xat24cr x1mh8g0r x1vvkbs xtlvy1s x126k92a\">\n<div dir=\"auto\"><a class=\"x1i10hfl xjbqb8w x6umtig x1b1mbwd xaqea5y xav7gou x9f619 x1ypdohk xt0psk2 xe8uvvx xdj266r x11i5rnm xat24cr x1mh8g0r xexx8yu x4uap5 x18d9i69 xkhd6sd x16tdsg8 x1hl2dhg xggy1nq x1a2a7pz xt0b8zv x1qq9wsj xo1l8bm\" tabindex=\"0\" role=\"link\" href=\"https:\/\/www.facebook.com\/hashtag\/adra?__eep__=6&amp;__cft__[0]=AZWQHsN5HW4yDssbnhc5PnsGaMeJHWq0RHNfKO4VN3Z2JLmz-J76QU8YiX23syl0ZoRLMSlDogWLOhfAt8w3xb4a84YxcYgttVyI2AQQ9GvU37rRqMNClJ4bY-jorueIuxe5chUmI2g078cOxFoUBc8SqDL4X-_Re0HTpg1ARfFNePnJnLFpr93jfkiP1UgqkHA&amp;__tn__=*NK-R\">#adra<\/a> <a class=\"x1i10hfl xjbqb8w x6umtig x1b1mbwd xaqea5y xav7gou x9f619 x1ypdohk xt0psk2 xe8uvvx xdj266r x11i5rnm xat24cr x1mh8g0r xexx8yu x4uap5 x18d9i69 xkhd6sd x16tdsg8 x1hl2dhg xggy1nq x1a2a7pz xt0b8zv x1qq9wsj xo1l8bm\" tabindex=\"0\" role=\"link\" href=\"https:\/\/www.facebook.com\/hashtag\/adramoldova?__eep__=6&amp;__cft__[0]=AZWQHsN5HW4yDssbnhc5PnsGaMeJHWq0RHNfKO4VN3Z2JLmz-J76QU8YiX23syl0ZoRLMSlDogWLOhfAt8w3xb4a84YxcYgttVyI2AQQ9GvU37rRqMNClJ4bY-jorueIuxe5chUmI2g078cOxFoUBc8SqDL4X-_Re0HTpg1ARfFNePnJnLFpr93jfkiP1UgqkHA&amp;__tn__=*NK-R\">#adramoldova<\/a> <a class=\"x1i10hfl xjbqb8w x6umtig x1b1mbwd xaqea5y xav7gou x9f619 x1ypdohk xt0psk2 xe8uvvx xdj266r x11i5rnm xat24cr x1mh8g0r xexx8yu x4uap5 x18d9i69 xkhd6sd x16tdsg8 x1hl2dhg xggy1nq x1a2a7pz xt0b8zv x1qq9wsj xo1l8bm\" tabindex=\"0\" role=\"link\" href=\"https:\/\/www.facebook.com\/hashtag\/legalassistance?__eep__=6&amp;__cft__[0]=AZWQHsN5HW4yDssbnhc5PnsGaMeJHWq0RHNfKO4VN3Z2JLmz-J76QU8YiX23syl0ZoRLMSlDogWLOhfAt8w3xb4a84YxcYgttVyI2AQQ9GvU37rRqMNClJ4bY-jorueIuxe5chUmI2g078cOxFoUBc8SqDL4X-_Re0HTpg1ARfFNePnJnLFpr93jfkiP1UgqkHA&amp;__tn__=*NK-R\">#legalassistance<\/a> <a class=\"x1i10hfl xjbqb8w x6umtig x1b1mbwd xaqea5y xav7gou x9f619 x1ypdohk xt0psk2 xe8uvvx xdj266r x11i5rnm xat24cr x1mh8g0r xexx8yu x4uap5 x18d9i69 xkhd6sd x16tdsg8 x1hl2dhg xggy1nq x1a2a7pz xt0b8zv x1qq9wsj xo1l8bm\" tabindex=\"0\" role=\"link\" href=\"https:\/\/www.facebook.com\/hashtag\/refugees?__eep__=6&amp;__cft__[0]=AZWQHsN5HW4yDssbnhc5PnsGaMeJHWq0RHNfKO4VN3Z2JLmz-J76QU8YiX23syl0ZoRLMSlDogWLOhfAt8w3xb4a84YxcYgttVyI2AQQ9GvU37rRqMNClJ4bY-jorueIuxe5chUmI2g078cOxFoUBc8SqDL4X-_Re0HTpg1ARfFNePnJnLFpr93jfkiP1UgqkHA&amp;__tn__=*NK-R\">#refugees<\/a><\/div>\n<\/div>\n<div dir=\"auto\"><\/div>\n<div dir=\"auto\">\u00a0 \u00a0\u00a0<img fetchpriority=\"high\" decoding=\"async\" class=\"alignnone wp-image-20199\" src=\"https:\/\/adra.md\/wp-content\/uploads\/2023\/04\/333648569_870607774027395_2104595894474012330_n-251x300.jpg\" alt=\"\" width=\"328\" height=\"392\" srcset=\"https:\/\/adra.md\/wp-content\/uploads\/2023\/04\/333648569_870607774027395_2104595894474012330_n-251x300.jpg 251w, https:\/\/adra.md\/wp-content\/uploads\/2023\/04\/333648569_870607774027395_2104595894474012330_n-858x1024.jpg 858w, https:\/\/adra.md\/wp-content\/uploads\/2023\/04\/333648569_870607774027395_2104595894474012330_n-768x916.jpg 768w, https:\/\/adra.md\/wp-content\/uploads\/2023\/04\/333648569_870607774027395_2104595894474012330_n-1287x1536.jpg 1287w, https:\/\/adra.md\/wp-content\/uploads\/2023\/04\/333648569_870607774027395_2104595894474012330_n.jpg 1440w\" sizes=\"(max-width: 328px) 100vw, 328px\" \/> <img decoding=\"async\" class=\"alignnone wp-image-20200\" src=\"https:\/\/adra.md\/wp-content\/uploads\/2023\/04\/333862149_727148649130861_2537392264699500678_n-169x300.jpg\" alt=\"\" width=\"222\" height=\"394\" srcset=\"https:\/\/adra.md\/wp-content\/uploads\/2023\/04\/333862149_727148649130861_2537392264699500678_n-169x300.jpg 169w, https:\/\/adra.md\/wp-content\/uploads\/2023\/04\/333862149_727148649130861_2537392264699500678_n.jpg 576w\" sizes=\"(max-width: 222px) 100vw, 222px\" \/> <img loading=\"lazy\" decoding=\"async\" class=\"alignnone wp-image-20201\" src=\"https:\/\/adra.md\/wp-content\/uploads\/2023\/04\/333980859_1196987667640554_7836123434122617469_n-253x300.jpg\" alt=\"\" width=\"332\" height=\"394\" srcset=\"https:\/\/adra.md\/wp-content\/uploads\/2023\/04\/333980859_1196987667640554_7836123434122617469_n-253x300.jpg 253w, https:\/\/adra.md\/wp-content\/uploads\/2023\/04\/333980859_1196987667640554_7836123434122617469_n-862x1024.jpg 862w, https:\/\/adra.md\/wp-content\/uploads\/2023\/04\/333980859_1196987667640554_7836123434122617469_n-768x912.jpg 768w, https:\/\/adra.md\/wp-content\/uploads\/2023\/04\/333980859_1196987667640554_7836123434122617469_n-1293x1536.jpg 1293w, https:\/\/adra.md\/wp-content\/uploads\/2023\/04\/333980859_1196987667640554_7836123434122617469_n.jpg 1440w\" sizes=\"(max-width: 332px) 100vw, 332px\" \/><\/div>\n<div dir=\"auto\"><\/div>\n<div dir=\"auto\">\u00a0 \u00a0 \u00a0 \u00a0 \u00a0 \u00a0 \u00a0 \u00a0 \u00a0 \u00a0\u00a0<img loading=\"lazy\" decoding=\"async\" class=\"alignnone wp-image-20202\" src=\"https:\/\/adra.md\/wp-content\/uploads\/2023\/04\/334116396_1034444587944496_2646997885844054986_n-226x300.jpg\" alt=\"\" width=\"345\" height=\"458\" srcset=\"https:\/\/adra.md\/wp-content\/uploads\/2023\/04\/334116396_1034444587944496_2646997885844054986_n-226x300.jpg 226w, https:\/\/adra.md\/wp-content\/uploads\/2023\/04\/334116396_1034444587944496_2646997885844054986_n-768x1020.jpg 768w, https:\/\/adra.md\/wp-content\/uploads\/2023\/04\/334116396_1034444587944496_2646997885844054986_n.jpg 771w\" sizes=\"(max-width: 345px) 100vw, 345px\" \/>\u00a0 \u00a0 \u00a0 \u00a0 \u00a0 \u00a0 \u00a0 \u00a0 \u00a0\u00a0<img loading=\"lazy\" decoding=\"async\" class=\"alignnone wp-image-20203\" src=\"https:\/\/adra.md\/wp-content\/uploads\/2023\/04\/334281659_1169590830364747_5196244406063485525_n-225x300.jpg\" alt=\"\" width=\"344\" height=\"458\" srcset=\"https:\/\/adra.md\/wp-content\/uploads\/2023\/04\/334281659_1169590830364747_5196244406063485525_n-225x300.jpg 225w, https:\/\/adra.md\/wp-content\/uploads\/2023\/04\/334281659_1169590830364747_5196244406063485525_n.jpg 768w\" sizes=\"(max-width: 344px) 100vw, 344px\" \/><\/div>\n","protected":false},"excerpt":{"rendered":"<p>A\u0219a cum luna februarie este marcat\u0103 de ac\u021biuni militare pe teritoriul Ucrainei, Congresul Na\u021bional al Ucrainenilor din Moldova, a organizat o expozi\u021bie de comemorarea a acestui fenomen, care a fost g\u0103zduit de Mediacor. Aici a fost lansat\u0103 expozi\u021bia de fotografii &#8222;Big Heart&#8221;. Aceasta cuprinde fotografii ale voluntarilor moldoveni care au contribuit \u00een gestionarea crizei refugia\u021bilor [&hellip;]<\/p>\n","protected":false},"author":9,"featured_media":20199,"comment_status":"closed","ping_status":"closed","sticky":false,"template":"","format":"standard","meta":{"_acf_changed":false,"footnotes":""},"categories":[294],"tags":[],"class_list":["post-20198","post","type-post","status-publish","format-standard","has-post-thumbnail","hentry","category-news"],"acf":[],"yoast_head":"<!-- This site is optimized with the Yoast SEO plugin v27.4 - https:\/\/yoast.com\/product\/yoast-seo-wordpress\/ -->\n<title>Un an de vie\u021bi distruse - ADRA Moldova<\/title>\n<meta name=\"robots\" content=\"index, follow, max-snippet:-1, max-image-preview:large, max-video-preview:-1\" \/>\n<link rel=\"canonical\" href=\"https:\/\/adra.md\/ru\/un-an-de-vieti-distruse\/\" \/>\n<meta property=\"og:locale\" content=\"ru_RU\" \/>\n<meta property=\"og:type\" content=\"article\" \/>\n<meta property=\"og:title\" content=\"Un an de vie\u021bi distruse - ADRA Moldova\" \/>\n<meta property=\"og:description\" content=\"A\u0219a cum luna februarie este marcat\u0103 de ac\u021biuni militare pe teritoriul Ucrainei, Congresul Na\u021bional al Ucrainenilor din Moldova, a organizat o expozi\u021bie de comemorarea a acestui fenomen, care a fost g\u0103zduit de Mediacor. Aici a fost lansat\u0103 expozi\u021bia de fotografii &#8222;Big Heart&#8221;. Aceasta cuprinde fotografii ale voluntarilor moldoveni care au contribuit \u00een gestionarea crizei refugia\u021bilor [&hellip;]\" \/>\n<meta property=\"og:url\" content=\"https:\/\/adra.md\/ru\/un-an-de-vieti-distruse\/\" \/>\n<meta property=\"og:site_name\" content=\"ADRA Moldova\" \/>\n<meta property=\"article:published_time\" content=\"2023-04-04T13:41:35+00:00\" \/>\n<meta property=\"article:modified_time\" content=\"2023-04-04T13:41:53+00:00\" \/>\n<meta property=\"og:image\" content=\"https:\/\/adra.md\/wp-content\/uploads\/2023\/04\/333648569_870607774027395_2104595894474012330_n.jpg\" \/>\n\t<meta property=\"og:image:width\" content=\"1440\" \/>\n\t<meta property=\"og:image:height\" content=\"1718\" \/>\n\t<meta property=\"og:image:type\" content=\"image\/jpeg\" \/>\n<meta name=\"author\" content=\"ADRA Moldova\" \/>\n<meta name=\"twitter:card\" content=\"summary_large_image\" \/>\n<meta name=\"twitter:label1\" content=\"\u041d\u0430\u043f\u0438\u0441\u0430\u043d\u043e \u0430\u0432\u0442\u043e\u0440\u043e\u043c\" \/>\n\t<meta name=\"twitter:data1\" content=\"ADRA Moldova\" \/>\n\t<meta name=\"twitter:label2\" content=\"\u041f\u0440\u0438\u043c\u0435\u0440\u043d\u043e\u0435 \u0432\u0440\u0435\u043c\u044f \u0434\u043b\u044f \u0447\u0442\u0435\u043d\u0438\u044f\" \/>\n\t<meta name=\"twitter:data2\" content=\"1 \u043c\u0438\u043d\u0443\u0442\u0430\" \/>\n<script type=\"application\/ld+json\" class=\"yoast-schema-graph\">{\"@context\":\"https:\\\/\\\/schema.org\",\"@graph\":[{\"@type\":\"Article\",\"@id\":\"https:\\\/\\\/adra.md\\\/un-an-de-vieti-distruse\\\/#article\",\"isPartOf\":{\"@id\":\"https:\\\/\\\/adra.md\\\/un-an-de-vieti-distruse\\\/\"},\"author\":{\"name\":\"ADRA Moldova\",\"@id\":\"https:\\\/\\\/adra.md\\\/#\\\/schema\\\/person\\\/b0181e611ee89738cefb7dc2db2bb8d1\"},\"headline\":\"Un an de vie\u021bi distruse\",\"datePublished\":\"2023-04-04T13:41:35+00:00\",\"dateModified\":\"2023-04-04T13:41:53+00:00\",\"mainEntityOfPage\":{\"@id\":\"https:\\\/\\\/adra.md\\\/un-an-de-vieti-distruse\\\/\"},\"wordCount\":222,\"publisher\":{\"@id\":\"https:\\\/\\\/adra.md\\\/#organization\"},\"image\":{\"@id\":\"https:\\\/\\\/adra.md\\\/un-an-de-vieti-distruse\\\/#primaryimage\"},\"thumbnailUrl\":\"https:\\\/\\\/adra.md\\\/wp-content\\\/uploads\\\/2023\\\/04\\\/333648569_870607774027395_2104595894474012330_n.jpg\",\"articleSection\":[\"News\"],\"inLanguage\":\"ru-RU\"},{\"@type\":\"WebPage\",\"@id\":\"https:\\\/\\\/adra.md\\\/un-an-de-vieti-distruse\\\/\",\"url\":\"https:\\\/\\\/adra.md\\\/un-an-de-vieti-distruse\\\/\",\"name\":\"Un an de vie\u021bi distruse - ADRA Moldova\",\"isPartOf\":{\"@id\":\"https:\\\/\\\/adra.md\\\/#website\"},\"primaryImageOfPage\":{\"@id\":\"https:\\\/\\\/adra.md\\\/un-an-de-vieti-distruse\\\/#primaryimage\"},\"image\":{\"@id\":\"https:\\\/\\\/adra.md\\\/un-an-de-vieti-distruse\\\/#primaryimage\"},\"thumbnailUrl\":\"https:\\\/\\\/adra.md\\\/wp-content\\\/uploads\\\/2023\\\/04\\\/333648569_870607774027395_2104595894474012330_n.jpg\",\"datePublished\":\"2023-04-04T13:41:35+00:00\",\"dateModified\":\"2023-04-04T13:41:53+00:00\",\"breadcrumb\":{\"@id\":\"https:\\\/\\\/adra.md\\\/un-an-de-vieti-distruse\\\/#breadcrumb\"},\"inLanguage\":\"ru-RU\",\"potentialAction\":[{\"@type\":\"ReadAction\",\"target\":[\"https:\\\/\\\/adra.md\\\/un-an-de-vieti-distruse\\\/\"]}]},{\"@type\":\"ImageObject\",\"inLanguage\":\"ru-RU\",\"@id\":\"https:\\\/\\\/adra.md\\\/un-an-de-vieti-distruse\\\/#primaryimage\",\"url\":\"https:\\\/\\\/adra.md\\\/wp-content\\\/uploads\\\/2023\\\/04\\\/333648569_870607774027395_2104595894474012330_n.jpg\",\"contentUrl\":\"https:\\\/\\\/adra.md\\\/wp-content\\\/uploads\\\/2023\\\/04\\\/333648569_870607774027395_2104595894474012330_n.jpg\",\"width\":1440,\"height\":1718},{\"@type\":\"BreadcrumbList\",\"@id\":\"https:\\\/\\\/adra.md\\\/un-an-de-vieti-distruse\\\/#breadcrumb\",\"itemListElement\":[{\"@type\":\"ListItem\",\"position\":1,\"name\":\"Home\",\"item\":\"https:\\\/\\\/adra.md\\\/\"},{\"@type\":\"ListItem\",\"position\":2,\"name\":\"Un an de vie\u021bi distruse\"}]},{\"@type\":\"WebSite\",\"@id\":\"https:\\\/\\\/adra.md\\\/#website\",\"url\":\"https:\\\/\\\/adra.md\\\/\",\"name\":\"ADRA Moldova\",\"description\":\"Agen\u0163ia Adventist\u0103 pentru Dezvoltare, Refacere \u015fi Ajutor\",\"publisher\":{\"@id\":\"https:\\\/\\\/adra.md\\\/#organization\"},\"potentialAction\":[{\"@type\":\"SearchAction\",\"target\":{\"@type\":\"EntryPoint\",\"urlTemplate\":\"https:\\\/\\\/adra.md\\\/?s={search_term_string}\"},\"query-input\":{\"@type\":\"PropertyValueSpecification\",\"valueRequired\":true,\"valueName\":\"search_term_string\"}}],\"inLanguage\":\"ru-RU\"},{\"@type\":\"Organization\",\"@id\":\"https:\\\/\\\/adra.md\\\/#organization\",\"name\":\"ADRA Moldova\",\"url\":\"https:\\\/\\\/adra.md\\\/\",\"logo\":{\"@type\":\"ImageObject\",\"inLanguage\":\"ru-RU\",\"@id\":\"https:\\\/\\\/adra.md\\\/#\\\/schema\\\/logo\\\/image\\\/\",\"url\":\"https:\\\/\\\/adra.md\\\/wp-content\\\/uploads\\\/2019\\\/11\\\/group-435.png\",\"contentUrl\":\"https:\\\/\\\/adra.md\\\/wp-content\\\/uploads\\\/2019\\\/11\\\/group-435.png\",\"width\":500,\"height\":133,\"caption\":\"ADRA Moldova\"},\"image\":{\"@id\":\"https:\\\/\\\/adra.md\\\/#\\\/schema\\\/logo\\\/image\\\/\"}},{\"@type\":\"Person\",\"@id\":\"https:\\\/\\\/adra.md\\\/#\\\/schema\\\/person\\\/b0181e611ee89738cefb7dc2db2bb8d1\",\"name\":\"ADRA Moldova\",\"url\":\"https:\\\/\\\/adra.md\\\/ru\\\/author\\\/andrei-girleanu\\\/\"}]}<\/script>\n<!-- \/ Yoast SEO plugin. -->","yoast_head_json":{"title":"Un an de vie\u021bi distruse - ADRA Moldova","robots":{"index":"index","follow":"follow","max-snippet":"max-snippet:-1","max-image-preview":"max-image-preview:large","max-video-preview":"max-video-preview:-1"},"canonical":"https:\/\/adra.md\/ru\/un-an-de-vieti-distruse\/","og_locale":"ru_RU","og_type":"article","og_title":"Un an de vie\u021bi distruse - ADRA Moldova","og_description":"A\u0219a cum luna februarie este marcat\u0103 de ac\u021biuni militare pe teritoriul Ucrainei, Congresul Na\u021bional al Ucrainenilor din Moldova, a organizat o expozi\u021bie de comemorarea a acestui fenomen, care a fost g\u0103zduit de Mediacor. Aici a fost lansat\u0103 expozi\u021bia de fotografii &#8222;Big Heart&#8221;. Aceasta cuprinde fotografii ale voluntarilor moldoveni care au contribuit \u00een gestionarea crizei refugia\u021bilor [&hellip;]","og_url":"https:\/\/adra.md\/ru\/un-an-de-vieti-distruse\/","og_site_name":"ADRA Moldova","article_published_time":"2023-04-04T13:41:35+00:00","article_modified_time":"2023-04-04T13:41:53+00:00","og_image":[{"width":1440,"height":1718,"url":"https:\/\/adra.md\/wp-content\/uploads\/2023\/04\/333648569_870607774027395_2104595894474012330_n.jpg","type":"image\/jpeg"}],"author":"ADRA Moldova","twitter_card":"summary_large_image","twitter_misc":{"\u041d\u0430\u043f\u0438\u0441\u0430\u043d\u043e \u0430\u0432\u0442\u043e\u0440\u043e\u043c":"ADRA Moldova","\u041f\u0440\u0438\u043c\u0435\u0440\u043d\u043e\u0435 \u0432\u0440\u0435\u043c\u044f \u0434\u043b\u044f \u0447\u0442\u0435\u043d\u0438\u044f":"1 \u043c\u0438\u043d\u0443\u0442\u0430"},"schema":{"@context":"https:\/\/schema.org","@graph":[{"@type":"Article","@id":"https:\/\/adra.md\/un-an-de-vieti-distruse\/#article","isPartOf":{"@id":"https:\/\/adra.md\/un-an-de-vieti-distruse\/"},"author":{"name":"ADRA Moldova","@id":"https:\/\/adra.md\/#\/schema\/person\/b0181e611ee89738cefb7dc2db2bb8d1"},"headline":"Un an de vie\u021bi distruse","datePublished":"2023-04-04T13:41:35+00:00","dateModified":"2023-04-04T13:41:53+00:00","mainEntityOfPage":{"@id":"https:\/\/adra.md\/un-an-de-vieti-distruse\/"},"wordCount":222,"publisher":{"@id":"https:\/\/adra.md\/#organization"},"image":{"@id":"https:\/\/adra.md\/un-an-de-vieti-distruse\/#primaryimage"},"thumbnailUrl":"https:\/\/adra.md\/wp-content\/uploads\/2023\/04\/333648569_870607774027395_2104595894474012330_n.jpg","articleSection":["News"],"inLanguage":"ru-RU"},{"@type":"WebPage","@id":"https:\/\/adra.md\/un-an-de-vieti-distruse\/","url":"https:\/\/adra.md\/un-an-de-vieti-distruse\/","name":"Un an de vie\u021bi distruse - ADRA Moldova","isPartOf":{"@id":"https:\/\/adra.md\/#website"},"primaryImageOfPage":{"@id":"https:\/\/adra.md\/un-an-de-vieti-distruse\/#primaryimage"},"image":{"@id":"https:\/\/adra.md\/un-an-de-vieti-distruse\/#primaryimage"},"thumbnailUrl":"https:\/\/adra.md\/wp-content\/uploads\/2023\/04\/333648569_870607774027395_2104595894474012330_n.jpg","datePublished":"2023-04-04T13:41:35+00:00","dateModified":"2023-04-04T13:41:53+00:00","breadcrumb":{"@id":"https:\/\/adra.md\/un-an-de-vieti-distruse\/#breadcrumb"},"inLanguage":"ru-RU","potentialAction":[{"@type":"ReadAction","target":["https:\/\/adra.md\/un-an-de-vieti-distruse\/"]}]},{"@type":"ImageObject","inLanguage":"ru-RU","@id":"https:\/\/adra.md\/un-an-de-vieti-distruse\/#primaryimage","url":"https:\/\/adra.md\/wp-content\/uploads\/2023\/04\/333648569_870607774027395_2104595894474012330_n.jpg","contentUrl":"https:\/\/adra.md\/wp-content\/uploads\/2023\/04\/333648569_870607774027395_2104595894474012330_n.jpg","width":1440,"height":1718},{"@type":"BreadcrumbList","@id":"https:\/\/adra.md\/un-an-de-vieti-distruse\/#breadcrumb","itemListElement":[{"@type":"ListItem","position":1,"name":"Home","item":"https:\/\/adra.md\/"},{"@type":"ListItem","position":2,"name":"Un an de vie\u021bi distruse"}]},{"@type":"WebSite","@id":"https:\/\/adra.md\/#website","url":"https:\/\/adra.md\/","name":"ADRA Moldova","description":"Agen\u0163ia Adventist\u0103 pentru Dezvoltare, Refacere \u015fi Ajutor","publisher":{"@id":"https:\/\/adra.md\/#organization"},"potentialAction":[{"@type":"SearchAction","target":{"@type":"EntryPoint","urlTemplate":"https:\/\/adra.md\/?s={search_term_string}"},"query-input":{"@type":"PropertyValueSpecification","valueRequired":true,"valueName":"search_term_string"}}],"inLanguage":"ru-RU"},{"@type":"Organization","@id":"https:\/\/adra.md\/#organization","name":"ADRA Moldova","url":"https:\/\/adra.md\/","logo":{"@type":"ImageObject","inLanguage":"ru-RU","@id":"https:\/\/adra.md\/#\/schema\/logo\/image\/","url":"https:\/\/adra.md\/wp-content\/uploads\/2019\/11\/group-435.png","contentUrl":"https:\/\/adra.md\/wp-content\/uploads\/2019\/11\/group-435.png","width":500,"height":133,"caption":"ADRA Moldova"},"image":{"@id":"https:\/\/adra.md\/#\/schema\/logo\/image\/"}},{"@type":"Person","@id":"https:\/\/adra.md\/#\/schema\/person\/b0181e611ee89738cefb7dc2db2bb8d1","name":"ADRA Moldova","url":"https:\/\/adra.md\/ru\/author\/andrei-girleanu\/"}]}},"_links":{"self":[{"href":"https:\/\/adra.md\/ru\/wp-json\/wp\/v2\/posts\/20198","targetHints":{"allow":["GET"]}}],"collection":[{"href":"https:\/\/adra.md\/ru\/wp-json\/wp\/v2\/posts"}],"about":[{"href":"https:\/\/adra.md\/ru\/wp-json\/wp\/v2\/types\/post"}],"author":[{"embeddable":true,"href":"https:\/\/adra.md\/ru\/wp-json\/wp\/v2\/users\/9"}],"replies":[{"embeddable":true,"href":"https:\/\/adra.md\/ru\/wp-json\/wp\/v2\/comments?post=20198"}],"version-history":[{"count":1,"href":"https:\/\/adra.md\/ru\/wp-json\/wp\/v2\/posts\/20198\/revisions"}],"predecessor-version":[{"id":20204,"href":"https:\/\/adra.md\/ru\/wp-json\/wp\/v2\/posts\/20198\/revisions\/20204"}],"wp:featuredmedia":[{"embeddable":true,"href":"https:\/\/adra.md\/ru\/wp-json\/wp\/v2\/media\/20199"}],"wp:attachment":[{"href":"https:\/\/adra.md\/ru\/wp-json\/wp\/v2\/media?parent=20198"}],"wp:term":[{"taxonomy":"category","embeddable":true,"href":"https:\/\/adra.md\/ru\/wp-json\/wp\/v2\/categories?post=20198"},{"taxonomy":"post_tag","embeddable":true,"href":"https:\/\/adra.md\/ru\/wp-json\/wp\/v2\/tags?post=20198"}],"curies":[{"name":"wp","href":"https:\/\/api.w.org\/{rel}","templated":true}]}}