{"id":20231,"date":"2023-04-04T15:57:15","date_gmt":"2023-04-04T15:57:15","guid":{"rendered":"https:\/\/adra.md\/?p=20231"},"modified":"2023-04-04T15:57:15","modified_gmt":"2023-04-04T15:57:15","slug":"adra-moldova-sustine-studentii","status":"publish","type":"post","link":"https:\/\/adra.md\/ru\/adra-moldova-sustine-studentii\/","title":{"rendered":"ADRA Moldova sus\u021bine studen\u021bii"},"content":{"rendered":"<p>ADRA Moldova a fost al\u0103turi de studen\u021bii de la Facultatea Psihologie \u015fi \u015et.ale Ed., Sociologie \u0219i Asisten\u021b\u0103 Social\u0103, USM la Sesiunea na\u021bional\u0103 de comunic\u0103ri \u0219tiin\u021bifice studen\u021be\u0219ti, Edi\u021bia a XXVII-a.<br \/>\n\u00cen cadrul Atelierului Psihologie au participat 43 de studen\u021bi, dintre care 2 studen\u021bi din Rom\u00e2nia \u0219i 4 din Ucraina.<\/p>\n<p>Felicit\u0103m to\u021bi participan\u021bii \u0219i coordonatorii \u0219tiin\u021bifici pentru efortul depus \u0219i pentru implicare \u00een dezbateri!!!<\/p>\n<p>&nbsp;<\/p>\n<p><img fetchpriority=\"high\" decoding=\"async\" class=\"alignnone  wp-image-20232\" src=\"https:\/\/adra.md\/wp-content\/uploads\/2023\/04\/334955879_906935480615373_5074686190885196569_n-300x267.jpg\" alt=\"\" width=\"308\" height=\"275\" srcset=\"https:\/\/adra.md\/wp-content\/uploads\/2023\/04\/334955879_906935480615373_5074686190885196569_n-300x267.jpg 300w, https:\/\/adra.md\/wp-content\/uploads\/2023\/04\/334955879_906935480615373_5074686190885196569_n-1024x912.jpg 1024w, https:\/\/adra.md\/wp-content\/uploads\/2023\/04\/334955879_906935480615373_5074686190885196569_n-768x684.jpg 768w, https:\/\/adra.md\/wp-content\/uploads\/2023\/04\/334955879_906935480615373_5074686190885196569_n.jpg 1347w\" sizes=\"(max-width: 308px) 100vw, 308px\" \/> <img decoding=\"async\" class=\"alignnone  wp-image-20233\" src=\"https:\/\/adra.md\/wp-content\/uploads\/2023\/04\/334958344_919297395933895_2447540733677950799_n-300x225.jpg\" alt=\"\" width=\"366\" height=\"275\" srcset=\"https:\/\/adra.md\/wp-content\/uploads\/2023\/04\/334958344_919297395933895_2447540733677950799_n-300x225.jpg 300w, https:\/\/adra.md\/wp-content\/uploads\/2023\/04\/334958344_919297395933895_2447540733677950799_n-1024x768.jpg 1024w, https:\/\/adra.md\/wp-content\/uploads\/2023\/04\/334958344_919297395933895_2447540733677950799_n-768x576.jpg 768w, https:\/\/adra.md\/wp-content\/uploads\/2023\/04\/334958344_919297395933895_2447540733677950799_n-1536x1152.jpg 1536w, https:\/\/adra.md\/wp-content\/uploads\/2023\/04\/334958344_919297395933895_2447540733677950799_n-1000x750.jpg 1000w, https:\/\/adra.md\/wp-content\/uploads\/2023\/04\/334958344_919297395933895_2447540733677950799_n.jpg 1600w\" sizes=\"(max-width: 366px) 100vw, 366px\" \/> <img decoding=\"async\" class=\"alignnone  wp-image-20234\" src=\"https:\/\/adra.md\/wp-content\/uploads\/2023\/04\/335021016_1329767154273974_7187409047130565416_n-225x300.jpg\" alt=\"\" width=\"206\" height=\"275\" srcset=\"https:\/\/adra.md\/wp-content\/uploads\/2023\/04\/335021016_1329767154273974_7187409047130565416_n-225x300.jpg 225w, https:\/\/adra.md\/wp-content\/uploads\/2023\/04\/335021016_1329767154273974_7187409047130565416_n.jpg 720w\" sizes=\"(max-width: 206px) 100vw, 206px\" \/><\/p>\n<p>&nbsp;<\/p>\n<p><img loading=\"lazy\" decoding=\"async\" class=\"alignnone size-medium wp-image-20235\" src=\"https:\/\/adra.md\/wp-content\/uploads\/2023\/04\/334998163_765216338234539_4001672866893692651_n-1-300x225.jpg\" alt=\"\" width=\"300\" height=\"225\" srcset=\"https:\/\/adra.md\/wp-content\/uploads\/2023\/04\/334998163_765216338234539_4001672866893692651_n-1-300x225.jpg 300w, https:\/\/adra.md\/wp-content\/uploads\/2023\/04\/334998163_765216338234539_4001672866893692651_n-1-1024x768.jpg 1024w, https:\/\/adra.md\/wp-content\/uploads\/2023\/04\/334998163_765216338234539_4001672866893692651_n-1-768x576.jpg 768w, https:\/\/adra.md\/wp-content\/uploads\/2023\/04\/334998163_765216338234539_4001672866893692651_n-1-1536x1152.jpg 1536w, https:\/\/adra.md\/wp-content\/uploads\/2023\/04\/334998163_765216338234539_4001672866893692651_n-1-1000x750.jpg 1000w, https:\/\/adra.md\/wp-content\/uploads\/2023\/04\/334998163_765216338234539_4001672866893692651_n-1-2000x1500.jpg 2000w, https:\/\/adra.md\/wp-content\/uploads\/2023\/04\/334998163_765216338234539_4001672866893692651_n-1.jpg 2048w\" sizes=\"(max-width: 300px) 100vw, 300px\" \/> <img loading=\"lazy\" decoding=\"async\" class=\"alignnone size-medium wp-image-20236\" src=\"https:\/\/adra.md\/wp-content\/uploads\/2023\/04\/viber_image_2023-04-04_18-51-35-590-300x225.jpg\" alt=\"\" width=\"300\" height=\"225\" srcset=\"https:\/\/adra.md\/wp-content\/uploads\/2023\/04\/viber_image_2023-04-04_18-51-35-590-300x225.jpg 300w, https:\/\/adra.md\/wp-content\/uploads\/2023\/04\/viber_image_2023-04-04_18-51-35-590-1024x768.jpg 1024w, https:\/\/adra.md\/wp-content\/uploads\/2023\/04\/viber_image_2023-04-04_18-51-35-590-768x576.jpg 768w, https:\/\/adra.md\/wp-content\/uploads\/2023\/04\/viber_image_2023-04-04_18-51-35-590-1536x1152.jpg 1536w, https:\/\/adra.md\/wp-content\/uploads\/2023\/04\/viber_image_2023-04-04_18-51-35-590-1000x750.jpg 1000w, https:\/\/adra.md\/wp-content\/uploads\/2023\/04\/viber_image_2023-04-04_18-51-35-590.jpg 1600w\" sizes=\"(max-width: 300px) 100vw, 300px\" \/> <img loading=\"lazy\" decoding=\"async\" class=\"alignnone size-medium wp-image-20237\" src=\"https:\/\/adra.md\/wp-content\/uploads\/2023\/04\/viber_image_2023-04-04_18-51-35-438-300x225.jpg\" alt=\"\" width=\"300\" height=\"225\" srcset=\"https:\/\/adra.md\/wp-content\/uploads\/2023\/04\/viber_image_2023-04-04_18-51-35-438-300x225.jpg 300w, https:\/\/adra.md\/wp-content\/uploads\/2023\/04\/viber_image_2023-04-04_18-51-35-438-1024x768.jpg 1024w, https:\/\/adra.md\/wp-content\/uploads\/2023\/04\/viber_image_2023-04-04_18-51-35-438-768x576.jpg 768w, https:\/\/adra.md\/wp-content\/uploads\/2023\/04\/viber_image_2023-04-04_18-51-35-438-1536x1152.jpg 1536w, https:\/\/adra.md\/wp-content\/uploads\/2023\/04\/viber_image_2023-04-04_18-51-35-438-1000x750.jpg 1000w, https:\/\/adra.md\/wp-content\/uploads\/2023\/04\/viber_image_2023-04-04_18-51-35-438.jpg 1600w\" sizes=\"(max-width: 300px) 100vw, 300px\" \/><\/p>","protected":false},"excerpt":{"rendered":"<p>ADRA Moldova a fost al\u0103turi de studen\u021bii de la Facultatea Psihologie \u015fi \u015et.ale Ed., Sociologie \u0219i Asisten\u021b\u0103 Social\u0103, USM la Sesiunea na\u021bional\u0103 de comunic\u0103ri \u0219tiin\u021bifice studen\u021be\u0219ti, Edi\u021bia a XXVII-a. \u00cen cadrul Atelierului Psihologie au participat 43 de studen\u021bi, dintre care 2 studen\u021bi din Rom\u00e2nia \u0219i 4 din Ucraina. Felicit\u0103m to\u021bi participan\u021bii \u0219i coordonatorii \u0219tiin\u021bifici pentru [&hellip;]<\/p>\n","protected":false},"author":9,"featured_media":20232,"comment_status":"closed","ping_status":"closed","sticky":false,"template":"","format":"standard","meta":{"_acf_changed":false,"footnotes":""},"categories":[294],"tags":[],"class_list":["post-20231","post","type-post","status-publish","format-standard","has-post-thumbnail","hentry","category-news"],"acf":[],"yoast_head":"<!-- This site is optimized with the Yoast SEO plugin v27.4 - https:\/\/yoast.com\/product\/yoast-seo-wordpress\/ -->\n<title>ADRA Moldova sus\u021bine studen\u021bii - ADRA Moldova<\/title>\n<meta name=\"robots\" content=\"index, follow, max-snippet:-1, max-image-preview:large, max-video-preview:-1\" \/>\n<link rel=\"canonical\" href=\"https:\/\/adra.md\/ru\/adra-moldova-sustine-studentii\/\" \/>\n<meta property=\"og:locale\" content=\"ru_RU\" \/>\n<meta property=\"og:type\" content=\"article\" \/>\n<meta property=\"og:title\" content=\"ADRA Moldova sus\u021bine studen\u021bii - ADRA Moldova\" \/>\n<meta property=\"og:description\" content=\"ADRA Moldova a fost al\u0103turi de studen\u021bii de la Facultatea Psihologie \u015fi \u015et.ale Ed., Sociologie \u0219i Asisten\u021b\u0103 Social\u0103, USM la Sesiunea na\u021bional\u0103 de comunic\u0103ri \u0219tiin\u021bifice studen\u021be\u0219ti, Edi\u021bia a XXVII-a. \u00cen cadrul Atelierului Psihologie au participat 43 de studen\u021bi, dintre care 2 studen\u021bi din Rom\u00e2nia \u0219i 4 din Ucraina. Felicit\u0103m to\u021bi participan\u021bii \u0219i coordonatorii \u0219tiin\u021bifici pentru [&hellip;]\" \/>\n<meta property=\"og:url\" content=\"https:\/\/adra.md\/ru\/adra-moldova-sustine-studentii\/\" \/>\n<meta property=\"og:site_name\" content=\"ADRA Moldova\" \/>\n<meta property=\"article:published_time\" content=\"2023-04-04T15:57:15+00:00\" \/>\n<meta property=\"og:image\" content=\"https:\/\/adra.md\/wp-content\/uploads\/2023\/04\/334955879_906935480615373_5074686190885196569_n.jpg\" \/>\n\t<meta property=\"og:image:width\" content=\"1347\" \/>\n\t<meta property=\"og:image:height\" content=\"1200\" \/>\n\t<meta property=\"og:image:type\" content=\"image\/jpeg\" \/>\n<meta name=\"author\" content=\"ADRA Moldova\" \/>\n<meta name=\"twitter:card\" content=\"summary_large_image\" \/>\n<meta name=\"twitter:label1\" content=\"\u041d\u0430\u043f\u0438\u0441\u0430\u043d\u043e \u0430\u0432\u0442\u043e\u0440\u043e\u043c\" \/>\n\t<meta name=\"twitter:data1\" content=\"ADRA Moldova\" \/>\n<script type=\"application\/ld+json\" class=\"yoast-schema-graph\">{\"@context\":\"https:\\\/\\\/schema.org\",\"@graph\":[{\"@type\":\"Article\",\"@id\":\"https:\\\/\\\/adra.md\\\/adra-moldova-sustine-studentii\\\/#article\",\"isPartOf\":{\"@id\":\"https:\\\/\\\/adra.md\\\/adra-moldova-sustine-studentii\\\/\"},\"author\":{\"name\":\"ADRA Moldova\",\"@id\":\"https:\\\/\\\/adra.md\\\/#\\\/schema\\\/person\\\/b0181e611ee89738cefb7dc2db2bb8d1\"},\"headline\":\"ADRA Moldova sus\u021bine studen\u021bii\",\"datePublished\":\"2023-04-04T15:57:15+00:00\",\"mainEntityOfPage\":{\"@id\":\"https:\\\/\\\/adra.md\\\/adra-moldova-sustine-studentii\\\/\"},\"wordCount\":83,\"publisher\":{\"@id\":\"https:\\\/\\\/adra.md\\\/#organization\"},\"image\":{\"@id\":\"https:\\\/\\\/adra.md\\\/adra-moldova-sustine-studentii\\\/#primaryimage\"},\"thumbnailUrl\":\"https:\\\/\\\/adra.md\\\/wp-content\\\/uploads\\\/2023\\\/04\\\/334955879_906935480615373_5074686190885196569_n.jpg\",\"articleSection\":[\"News\"],\"inLanguage\":\"ru-RU\"},{\"@type\":\"WebPage\",\"@id\":\"https:\\\/\\\/adra.md\\\/adra-moldova-sustine-studentii\\\/\",\"url\":\"https:\\\/\\\/adra.md\\\/adra-moldova-sustine-studentii\\\/\",\"name\":\"ADRA Moldova sus\u021bine studen\u021bii - ADRA Moldova\",\"isPartOf\":{\"@id\":\"https:\\\/\\\/adra.md\\\/#website\"},\"primaryImageOfPage\":{\"@id\":\"https:\\\/\\\/adra.md\\\/adra-moldova-sustine-studentii\\\/#primaryimage\"},\"image\":{\"@id\":\"https:\\\/\\\/adra.md\\\/adra-moldova-sustine-studentii\\\/#primaryimage\"},\"thumbnailUrl\":\"https:\\\/\\\/adra.md\\\/wp-content\\\/uploads\\\/2023\\\/04\\\/334955879_906935480615373_5074686190885196569_n.jpg\",\"datePublished\":\"2023-04-04T15:57:15+00:00\",\"breadcrumb\":{\"@id\":\"https:\\\/\\\/adra.md\\\/adra-moldova-sustine-studentii\\\/#breadcrumb\"},\"inLanguage\":\"ru-RU\",\"potentialAction\":[{\"@type\":\"ReadAction\",\"target\":[\"https:\\\/\\\/adra.md\\\/adra-moldova-sustine-studentii\\\/\"]}]},{\"@type\":\"ImageObject\",\"inLanguage\":\"ru-RU\",\"@id\":\"https:\\\/\\\/adra.md\\\/adra-moldova-sustine-studentii\\\/#primaryimage\",\"url\":\"https:\\\/\\\/adra.md\\\/wp-content\\\/uploads\\\/2023\\\/04\\\/334955879_906935480615373_5074686190885196569_n.jpg\",\"contentUrl\":\"https:\\\/\\\/adra.md\\\/wp-content\\\/uploads\\\/2023\\\/04\\\/334955879_906935480615373_5074686190885196569_n.jpg\",\"width\":1347,\"height\":1200},{\"@type\":\"BreadcrumbList\",\"@id\":\"https:\\\/\\\/adra.md\\\/adra-moldova-sustine-studentii\\\/#breadcrumb\",\"itemListElement\":[{\"@type\":\"ListItem\",\"position\":1,\"name\":\"Home\",\"item\":\"https:\\\/\\\/adra.md\\\/\"},{\"@type\":\"ListItem\",\"position\":2,\"name\":\"ADRA Moldova sus\u021bine studen\u021bii\"}]},{\"@type\":\"WebSite\",\"@id\":\"https:\\\/\\\/adra.md\\\/#website\",\"url\":\"https:\\\/\\\/adra.md\\\/\",\"name\":\"ADRA Moldova\",\"description\":\"Agen\u0163ia Adventist\u0103 pentru Dezvoltare, Refacere \u015fi Ajutor\",\"publisher\":{\"@id\":\"https:\\\/\\\/adra.md\\\/#organization\"},\"potentialAction\":[{\"@type\":\"SearchAction\",\"target\":{\"@type\":\"EntryPoint\",\"urlTemplate\":\"https:\\\/\\\/adra.md\\\/?s={search_term_string}\"},\"query-input\":{\"@type\":\"PropertyValueSpecification\",\"valueRequired\":true,\"valueName\":\"search_term_string\"}}],\"inLanguage\":\"ru-RU\"},{\"@type\":\"Organization\",\"@id\":\"https:\\\/\\\/adra.md\\\/#organization\",\"name\":\"ADRA Moldova\",\"url\":\"https:\\\/\\\/adra.md\\\/\",\"logo\":{\"@type\":\"ImageObject\",\"inLanguage\":\"ru-RU\",\"@id\":\"https:\\\/\\\/adra.md\\\/#\\\/schema\\\/logo\\\/image\\\/\",\"url\":\"https:\\\/\\\/adra.md\\\/wp-content\\\/uploads\\\/2019\\\/11\\\/group-435.png\",\"contentUrl\":\"https:\\\/\\\/adra.md\\\/wp-content\\\/uploads\\\/2019\\\/11\\\/group-435.png\",\"width\":500,\"height\":133,\"caption\":\"ADRA Moldova\"},\"image\":{\"@id\":\"https:\\\/\\\/adra.md\\\/#\\\/schema\\\/logo\\\/image\\\/\"}},{\"@type\":\"Person\",\"@id\":\"https:\\\/\\\/adra.md\\\/#\\\/schema\\\/person\\\/b0181e611ee89738cefb7dc2db2bb8d1\",\"name\":\"ADRA Moldova\",\"url\":\"https:\\\/\\\/adra.md\\\/ru\\\/author\\\/andrei-girleanu\\\/\"}]}<\/script>\n<!-- \/ Yoast SEO plugin. -->","yoast_head_json":{"title":"ADRA Moldova sus\u021bine studen\u021bii - ADRA Moldova","robots":{"index":"index","follow":"follow","max-snippet":"max-snippet:-1","max-image-preview":"max-image-preview:large","max-video-preview":"max-video-preview:-1"},"canonical":"https:\/\/adra.md\/ru\/adra-moldova-sustine-studentii\/","og_locale":"ru_RU","og_type":"article","og_title":"ADRA Moldova sus\u021bine studen\u021bii - ADRA Moldova","og_description":"ADRA Moldova a fost al\u0103turi de studen\u021bii de la Facultatea Psihologie \u015fi \u015et.ale Ed., Sociologie \u0219i Asisten\u021b\u0103 Social\u0103, USM la Sesiunea na\u021bional\u0103 de comunic\u0103ri \u0219tiin\u021bifice studen\u021be\u0219ti, Edi\u021bia a XXVII-a. \u00cen cadrul Atelierului Psihologie au participat 43 de studen\u021bi, dintre care 2 studen\u021bi din Rom\u00e2nia \u0219i 4 din Ucraina. Felicit\u0103m to\u021bi participan\u021bii \u0219i coordonatorii \u0219tiin\u021bifici pentru [&hellip;]","og_url":"https:\/\/adra.md\/ru\/adra-moldova-sustine-studentii\/","og_site_name":"ADRA Moldova","article_published_time":"2023-04-04T15:57:15+00:00","og_image":[{"width":1347,"height":1200,"url":"https:\/\/adra.md\/wp-content\/uploads\/2023\/04\/334955879_906935480615373_5074686190885196569_n.jpg","type":"image\/jpeg"}],"author":"ADRA Moldova","twitter_card":"summary_large_image","twitter_misc":{"\u041d\u0430\u043f\u0438\u0441\u0430\u043d\u043e \u0430\u0432\u0442\u043e\u0440\u043e\u043c":"ADRA Moldova"},"schema":{"@context":"https:\/\/schema.org","@graph":[{"@type":"Article","@id":"https:\/\/adra.md\/adra-moldova-sustine-studentii\/#article","isPartOf":{"@id":"https:\/\/adra.md\/adra-moldova-sustine-studentii\/"},"author":{"name":"ADRA Moldova","@id":"https:\/\/adra.md\/#\/schema\/person\/b0181e611ee89738cefb7dc2db2bb8d1"},"headline":"ADRA Moldova sus\u021bine studen\u021bii","datePublished":"2023-04-04T15:57:15+00:00","mainEntityOfPage":{"@id":"https:\/\/adra.md\/adra-moldova-sustine-studentii\/"},"wordCount":83,"publisher":{"@id":"https:\/\/adra.md\/#organization"},"image":{"@id":"https:\/\/adra.md\/adra-moldova-sustine-studentii\/#primaryimage"},"thumbnailUrl":"https:\/\/adra.md\/wp-content\/uploads\/2023\/04\/334955879_906935480615373_5074686190885196569_n.jpg","articleSection":["News"],"inLanguage":"ru-RU"},{"@type":"WebPage","@id":"https:\/\/adra.md\/adra-moldova-sustine-studentii\/","url":"https:\/\/adra.md\/adra-moldova-sustine-studentii\/","name":"ADRA Moldova sus\u021bine studen\u021bii - ADRA Moldova","isPartOf":{"@id":"https:\/\/adra.md\/#website"},"primaryImageOfPage":{"@id":"https:\/\/adra.md\/adra-moldova-sustine-studentii\/#primaryimage"},"image":{"@id":"https:\/\/adra.md\/adra-moldova-sustine-studentii\/#primaryimage"},"thumbnailUrl":"https:\/\/adra.md\/wp-content\/uploads\/2023\/04\/334955879_906935480615373_5074686190885196569_n.jpg","datePublished":"2023-04-04T15:57:15+00:00","breadcrumb":{"@id":"https:\/\/adra.md\/adra-moldova-sustine-studentii\/#breadcrumb"},"inLanguage":"ru-RU","potentialAction":[{"@type":"ReadAction","target":["https:\/\/adra.md\/adra-moldova-sustine-studentii\/"]}]},{"@type":"ImageObject","inLanguage":"ru-RU","@id":"https:\/\/adra.md\/adra-moldova-sustine-studentii\/#primaryimage","url":"https:\/\/adra.md\/wp-content\/uploads\/2023\/04\/334955879_906935480615373_5074686190885196569_n.jpg","contentUrl":"https:\/\/adra.md\/wp-content\/uploads\/2023\/04\/334955879_906935480615373_5074686190885196569_n.jpg","width":1347,"height":1200},{"@type":"BreadcrumbList","@id":"https:\/\/adra.md\/adra-moldova-sustine-studentii\/#breadcrumb","itemListElement":[{"@type":"ListItem","position":1,"name":"Home","item":"https:\/\/adra.md\/"},{"@type":"ListItem","position":2,"name":"ADRA Moldova sus\u021bine studen\u021bii"}]},{"@type":"WebSite","@id":"https:\/\/adra.md\/#website","url":"https:\/\/adra.md\/","name":"ADRA Moldova","description":"Agen\u0163ia Adventist\u0103 pentru Dezvoltare, Refacere \u015fi Ajutor","publisher":{"@id":"https:\/\/adra.md\/#organization"},"potentialAction":[{"@type":"SearchAction","target":{"@type":"EntryPoint","urlTemplate":"https:\/\/adra.md\/?s={search_term_string}"},"query-input":{"@type":"PropertyValueSpecification","valueRequired":true,"valueName":"search_term_string"}}],"inLanguage":"ru-RU"},{"@type":"Organization","@id":"https:\/\/adra.md\/#organization","name":"ADRA Moldova","url":"https:\/\/adra.md\/","logo":{"@type":"ImageObject","inLanguage":"ru-RU","@id":"https:\/\/adra.md\/#\/schema\/logo\/image\/","url":"https:\/\/adra.md\/wp-content\/uploads\/2019\/11\/group-435.png","contentUrl":"https:\/\/adra.md\/wp-content\/uploads\/2019\/11\/group-435.png","width":500,"height":133,"caption":"ADRA Moldova"},"image":{"@id":"https:\/\/adra.md\/#\/schema\/logo\/image\/"}},{"@type":"Person","@id":"https:\/\/adra.md\/#\/schema\/person\/b0181e611ee89738cefb7dc2db2bb8d1","name":"ADRA Moldova","url":"https:\/\/adra.md\/ru\/author\/andrei-girleanu\/"}]}},"_links":{"self":[{"href":"https:\/\/adra.md\/ru\/wp-json\/wp\/v2\/posts\/20231","targetHints":{"allow":["GET"]}}],"collection":[{"href":"https:\/\/adra.md\/ru\/wp-json\/wp\/v2\/posts"}],"about":[{"href":"https:\/\/adra.md\/ru\/wp-json\/wp\/v2\/types\/post"}],"author":[{"embeddable":true,"href":"https:\/\/adra.md\/ru\/wp-json\/wp\/v2\/users\/9"}],"replies":[{"embeddable":true,"href":"https:\/\/adra.md\/ru\/wp-json\/wp\/v2\/comments?post=20231"}],"version-history":[{"count":1,"href":"https:\/\/adra.md\/ru\/wp-json\/wp\/v2\/posts\/20231\/revisions"}],"predecessor-version":[{"id":20238,"href":"https:\/\/adra.md\/ru\/wp-json\/wp\/v2\/posts\/20231\/revisions\/20238"}],"wp:featuredmedia":[{"embeddable":true,"href":"https:\/\/adra.md\/ru\/wp-json\/wp\/v2\/media\/20232"}],"wp:attachment":[{"href":"https:\/\/adra.md\/ru\/wp-json\/wp\/v2\/media?parent=20231"}],"wp:term":[{"taxonomy":"category","embeddable":true,"href":"https:\/\/adra.md\/ru\/wp-json\/wp\/v2\/categories?post=20231"},{"taxonomy":"post_tag","embeddable":true,"href":"https:\/\/adra.md\/ru\/wp-json\/wp\/v2\/tags?post=20231"}],"curies":[{"name":"wp","href":"https:\/\/api.w.org\/{rel}","templated":true}]}}