{"id":20262,"date":"2023-04-04T16:18:46","date_gmt":"2023-04-04T16:18:46","guid":{"rendered":"https:\/\/adra.md\/?p=20262"},"modified":"2023-04-04T16:18:46","modified_gmt":"2023-04-04T16:18:46","slug":"invatatura-trebuie-sa-fie-uneori-un-drum-si-intotdeauna-un-orizont-nicolae-iorga","status":"publish","type":"post","link":"https:\/\/adra.md\/ru\/invatatura-trebuie-sa-fie-uneori-un-drum-si-intotdeauna-un-orizont-nicolae-iorga\/","title":{"rendered":"&#8222;\u00cenv\u0103\u021b\u0103tura trebuie s\u0103 fie uneori un drum \u0219i \u00eentotdeauna un orizont.&#8221; Nicolae Iorga"},"content":{"rendered":"<div class=\"x11i5rnm xat24cr x1mh8g0r x1vvkbs xdj266r x126k92a\">\n<div dir=\"auto\"><span class=\"x3nfvp2 x1j61x8r x1fcty0u xdj266r xhhsvwb xat24cr xgzva0m xxymvpz xlup9mm x1kky2od\"><img decoding=\"async\" src=\"https:\/\/static.xx.fbcdn.net\/images\/emoji.php\/v9\/t92\/2\/16\/1f539.png\" alt=\"\ud83d\udd39\" width=\"16\" height=\"16\" \/><\/span>\u00cen zilele de 16 \u0219i 17 martie, OIM a implicat 21 de reprezentan\u021bi de rang \u00eenalt ai partenerilor no\u0219tri de implementare, pentru a oferi un curs de formare a formatorilor \u00een scopul consolid\u0103rii capacit\u0103\u021bii de facilitare a discursului public \u0219i a capacit\u0103\u021bii de a comunica corect \u00een jurul unor subiecte foarte sensibile legate de &#8222;prevenirea exploat\u0103rii sexuale, a abuzului \u0219i a h\u0103r\u021buirii&#8221; (PSEA).<\/div>\n<\/div>\n<div class=\"x11i5rnm xat24cr x1mh8g0r x1vvkbs xtlvy1s x126k92a\">\n<div dir=\"auto\"><span class=\"x3nfvp2 x1j61x8r x1fcty0u xdj266r xhhsvwb xat24cr xgzva0m xxymvpz xlup9mm x1kky2od\"><img decoding=\"async\" src=\"https:\/\/static.xx.fbcdn.net\/images\/emoji.php\/v9\/t11\/2\/16\/1f538.png\" alt=\"\ud83d\udd38\" width=\"16\" height=\"16\" \/><\/span>Instruirea a inclus, de asemenea, teme precum codul de conduit\u0103, procesele de recrutare a resurselor umane, verificarea referin\u021belor, declara\u021bia pe proprie r\u0103spundere la angajare, instruirea obligatorie, investiga\u021biile, m\u0103surile disciplinare, sesizarea \u0219i asisten\u021ba victimelor.<\/div>\n<\/div>\n<div class=\"x11i5rnm xat24cr x1mh8g0r x1vvkbs xtlvy1s x126k92a\">\n<div dir=\"auto\"><span class=\"x3nfvp2 x1j61x8r x1fcty0u xdj266r xhhsvwb xat24cr xgzva0m xxymvpz xlup9mm x1kky2od\"><img decoding=\"async\" src=\"https:\/\/static.xx.fbcdn.net\/images\/emoji.php\/v9\/tb4\/2\/16\/2705.png\" alt=\"\u2705\" width=\"16\" height=\"16\" \/><\/span>La finalul instruirii, to\u021bi Partenerii OIM Moldova au primit pachetul PSEA al OIM pentru a oferi instruiri pentru personalul lor \u0219i al\u021bi parteneri locali, printre care este ADRA Moldova.<\/p>\n<div dir=\"auto\"><\/div>\n<\/div>\n<\/div>\n<div dir=\"auto\"><img loading=\"lazy\" decoding=\"async\" class=\"alignnone size-medium wp-image-20263\" src=\"https:\/\/adra.md\/wp-content\/uploads\/2023\/04\/336673995_743573814038040_22931028397930774_n-300x208.jpg\" alt=\"\" width=\"300\" height=\"208\" srcset=\"https:\/\/adra.md\/wp-content\/uploads\/2023\/04\/336673995_743573814038040_22931028397930774_n-300x208.jpg 300w, https:\/\/adra.md\/wp-content\/uploads\/2023\/04\/336673995_743573814038040_22931028397930774_n-1024x709.jpg 1024w, https:\/\/adra.md\/wp-content\/uploads\/2023\/04\/336673995_743573814038040_22931028397930774_n-768x532.jpg 768w, https:\/\/adra.md\/wp-content\/uploads\/2023\/04\/336673995_743573814038040_22931028397930774_n-1536x1064.jpg 1536w, https:\/\/adra.md\/wp-content\/uploads\/2023\/04\/336673995_743573814038040_22931028397930774_n-2000x1385.jpg 2000w, https:\/\/adra.md\/wp-content\/uploads\/2023\/04\/336673995_743573814038040_22931028397930774_n.jpg 2048w\" sizes=\"(max-width: 300px) 100vw, 300px\" \/> <img loading=\"lazy\" decoding=\"async\" class=\"alignnone size-medium wp-image-20264\" src=\"https:\/\/adra.md\/wp-content\/uploads\/2023\/04\/336709102_947454866448328_8456184623354250795_n-300x200.jpg\" alt=\"\" width=\"300\" height=\"200\" srcset=\"https:\/\/adra.md\/wp-content\/uploads\/2023\/04\/336709102_947454866448328_8456184623354250795_n-300x200.jpg 300w, https:\/\/adra.md\/wp-content\/uploads\/2023\/04\/336709102_947454866448328_8456184623354250795_n-1024x683.jpg 1024w, https:\/\/adra.md\/wp-content\/uploads\/2023\/04\/336709102_947454866448328_8456184623354250795_n-768x512.jpg 768w, https:\/\/adra.md\/wp-content\/uploads\/2023\/04\/336709102_947454866448328_8456184623354250795_n-1536x1024.jpg 1536w, https:\/\/adra.md\/wp-content\/uploads\/2023\/04\/336709102_947454866448328_8456184623354250795_n-2000x1333.jpg 2000w, https:\/\/adra.md\/wp-content\/uploads\/2023\/04\/336709102_947454866448328_8456184623354250795_n.jpg 2048w\" sizes=\"(max-width: 300px) 100vw, 300px\" \/> <img loading=\"lazy\" decoding=\"async\" class=\"alignnone size-medium wp-image-20265\" src=\"https:\/\/adra.md\/wp-content\/uploads\/2023\/04\/336710243_556298506601887_7196639020346859839_n-300x200.jpg\" alt=\"\" width=\"300\" height=\"200\" srcset=\"https:\/\/adra.md\/wp-content\/uploads\/2023\/04\/336710243_556298506601887_7196639020346859839_n-300x200.jpg 300w, https:\/\/adra.md\/wp-content\/uploads\/2023\/04\/336710243_556298506601887_7196639020346859839_n-1024x683.jpg 1024w, https:\/\/adra.md\/wp-content\/uploads\/2023\/04\/336710243_556298506601887_7196639020346859839_n-768x512.jpg 768w, https:\/\/adra.md\/wp-content\/uploads\/2023\/04\/336710243_556298506601887_7196639020346859839_n-1536x1024.jpg 1536w, https:\/\/adra.md\/wp-content\/uploads\/2023\/04\/336710243_556298506601887_7196639020346859839_n-2000x1333.jpg 2000w, https:\/\/adra.md\/wp-content\/uploads\/2023\/04\/336710243_556298506601887_7196639020346859839_n.jpg 2048w\" sizes=\"(max-width: 300px) 100vw, 300px\" \/><\/div>\n<div dir=\"auto\"><\/div>\n<div dir=\"auto\"><img loading=\"lazy\" decoding=\"async\" class=\"alignnone size-medium wp-image-20266\" src=\"https:\/\/adra.md\/wp-content\/uploads\/2023\/04\/336756388_870875087347354_1739171516011156507_n-300x200.jpg\" alt=\"\" width=\"300\" height=\"200\" srcset=\"https:\/\/adra.md\/wp-content\/uploads\/2023\/04\/336756388_870875087347354_1739171516011156507_n-300x200.jpg 300w, https:\/\/adra.md\/wp-content\/uploads\/2023\/04\/336756388_870875087347354_1739171516011156507_n-1024x683.jpg 1024w, https:\/\/adra.md\/wp-content\/uploads\/2023\/04\/336756388_870875087347354_1739171516011156507_n-768x512.jpg 768w, https:\/\/adra.md\/wp-content\/uploads\/2023\/04\/336756388_870875087347354_1739171516011156507_n-1536x1024.jpg 1536w, https:\/\/adra.md\/wp-content\/uploads\/2023\/04\/336756388_870875087347354_1739171516011156507_n-2000x1333.jpg 2000w, https:\/\/adra.md\/wp-content\/uploads\/2023\/04\/336756388_870875087347354_1739171516011156507_n.jpg 2048w\" sizes=\"(max-width: 300px) 100vw, 300px\" \/> <img loading=\"lazy\" decoding=\"async\" class=\"alignnone size-medium wp-image-20267\" src=\"https:\/\/adra.md\/wp-content\/uploads\/2023\/04\/336760070_590316516450102_1139818131243734301_n-300x200.jpg\" alt=\"\" width=\"300\" height=\"200\" srcset=\"https:\/\/adra.md\/wp-content\/uploads\/2023\/04\/336760070_590316516450102_1139818131243734301_n-300x200.jpg 300w, https:\/\/adra.md\/wp-content\/uploads\/2023\/04\/336760070_590316516450102_1139818131243734301_n-1024x683.jpg 1024w, https:\/\/adra.md\/wp-content\/uploads\/2023\/04\/336760070_590316516450102_1139818131243734301_n-768x512.jpg 768w, https:\/\/adra.md\/wp-content\/uploads\/2023\/04\/336760070_590316516450102_1139818131243734301_n-1536x1024.jpg 1536w, https:\/\/adra.md\/wp-content\/uploads\/2023\/04\/336760070_590316516450102_1139818131243734301_n-2000x1333.jpg 2000w, https:\/\/adra.md\/wp-content\/uploads\/2023\/04\/336760070_590316516450102_1139818131243734301_n.jpg 2048w\" sizes=\"(max-width: 300px) 100vw, 300px\" \/> <img loading=\"lazy\" decoding=\"async\" class=\"alignnone size-medium wp-image-20268\" src=\"https:\/\/adra.md\/wp-content\/uploads\/2023\/04\/336766759_738721834314444_7445744883044868127_n-300x200.jpg\" alt=\"\" width=\"300\" height=\"200\" srcset=\"https:\/\/adra.md\/wp-content\/uploads\/2023\/04\/336766759_738721834314444_7445744883044868127_n-300x200.jpg 300w, https:\/\/adra.md\/wp-content\/uploads\/2023\/04\/336766759_738721834314444_7445744883044868127_n-1024x683.jpg 1024w, https:\/\/adra.md\/wp-content\/uploads\/2023\/04\/336766759_738721834314444_7445744883044868127_n-768x512.jpg 768w, https:\/\/adra.md\/wp-content\/uploads\/2023\/04\/336766759_738721834314444_7445744883044868127_n-1536x1024.jpg 1536w, https:\/\/adra.md\/wp-content\/uploads\/2023\/04\/336766759_738721834314444_7445744883044868127_n-2000x1333.jpg 2000w, https:\/\/adra.md\/wp-content\/uploads\/2023\/04\/336766759_738721834314444_7445744883044868127_n.jpg 2048w\" sizes=\"(max-width: 300px) 100vw, 300px\" \/><\/div>","protected":false},"excerpt":{"rendered":"<p>\u00cen zilele de 16 \u0219i 17 martie, OIM a implicat 21 de reprezentan\u021bi de rang \u00eenalt ai partenerilor no\u0219tri de implementare, pentru a oferi un curs de formare a formatorilor \u00een scopul consolid\u0103rii capacit\u0103\u021bii de facilitare a discursului public \u0219i a capacit\u0103\u021bii de a comunica corect \u00een jurul unor subiecte foarte sensibile legate de &#8222;prevenirea [&hellip;]<\/p>\n","protected":false},"author":9,"featured_media":20265,"comment_status":"closed","ping_status":"closed","sticky":false,"template":"","format":"standard","meta":{"_acf_changed":false,"footnotes":""},"categories":[294],"tags":[],"class_list":["post-20262","post","type-post","status-publish","format-standard","has-post-thumbnail","hentry","category-news"],"acf":[],"yoast_head":"<!-- This site is optimized with the Yoast SEO plugin v27.4 - https:\/\/yoast.com\/product\/yoast-seo-wordpress\/ -->\n<title>&quot;\u00cenv\u0103\u021b\u0103tura trebuie s\u0103 fie uneori un drum \u0219i \u00eentotdeauna un orizont.&quot; Nicolae Iorga - ADRA Moldova<\/title>\n<meta name=\"robots\" content=\"index, follow, max-snippet:-1, max-image-preview:large, max-video-preview:-1\" \/>\n<link rel=\"canonical\" href=\"https:\/\/adra.md\/ru\/invatatura-trebuie-sa-fie-uneori-un-drum-si-intotdeauna-un-orizont-nicolae-iorga\/\" \/>\n<meta property=\"og:locale\" content=\"ru_RU\" \/>\n<meta property=\"og:type\" content=\"article\" \/>\n<meta property=\"og:title\" content=\"&quot;\u00cenv\u0103\u021b\u0103tura trebuie s\u0103 fie uneori un drum \u0219i \u00eentotdeauna un orizont.&quot; Nicolae Iorga - ADRA Moldova\" \/>\n<meta property=\"og:description\" content=\"\u00cen zilele de 16 \u0219i 17 martie, OIM a implicat 21 de reprezentan\u021bi de rang \u00eenalt ai partenerilor no\u0219tri de implementare, pentru a oferi un curs de formare a formatorilor \u00een scopul consolid\u0103rii capacit\u0103\u021bii de facilitare a discursului public \u0219i a capacit\u0103\u021bii de a comunica corect \u00een jurul unor subiecte foarte sensibile legate de &#8222;prevenirea [&hellip;]\" \/>\n<meta property=\"og:url\" content=\"https:\/\/adra.md\/ru\/invatatura-trebuie-sa-fie-uneori-un-drum-si-intotdeauna-un-orizont-nicolae-iorga\/\" \/>\n<meta property=\"og:site_name\" content=\"ADRA Moldova\" \/>\n<meta property=\"article:published_time\" content=\"2023-04-04T16:18:46+00:00\" \/>\n<meta property=\"og:image\" content=\"https:\/\/adra.md\/wp-content\/uploads\/2023\/04\/336710243_556298506601887_7196639020346859839_n.jpg\" \/>\n\t<meta property=\"og:image:width\" content=\"2048\" \/>\n\t<meta property=\"og:image:height\" content=\"1365\" \/>\n\t<meta property=\"og:image:type\" content=\"image\/jpeg\" \/>\n<meta name=\"author\" content=\"ADRA Moldova\" \/>\n<meta name=\"twitter:card\" content=\"summary_large_image\" \/>\n<meta name=\"twitter:label1\" content=\"\u041d\u0430\u043f\u0438\u0441\u0430\u043d\u043e \u0430\u0432\u0442\u043e\u0440\u043e\u043c\" \/>\n\t<meta name=\"twitter:data1\" content=\"ADRA Moldova\" \/>\n\t<meta name=\"twitter:label2\" content=\"\u041f\u0440\u0438\u043c\u0435\u0440\u043d\u043e\u0435 \u0432\u0440\u0435\u043c\u044f \u0434\u043b\u044f \u0447\u0442\u0435\u043d\u0438\u044f\" \/>\n\t<meta name=\"twitter:data2\" content=\"1 \u043c\u0438\u043d\u0443\u0442\u0430\" \/>\n<script type=\"application\/ld+json\" class=\"yoast-schema-graph\">{\"@context\":\"https:\\\/\\\/schema.org\",\"@graph\":[{\"@type\":\"Article\",\"@id\":\"https:\\\/\\\/adra.md\\\/invatatura-trebuie-sa-fie-uneori-un-drum-si-intotdeauna-un-orizont-nicolae-iorga\\\/#article\",\"isPartOf\":{\"@id\":\"https:\\\/\\\/adra.md\\\/invatatura-trebuie-sa-fie-uneori-un-drum-si-intotdeauna-un-orizont-nicolae-iorga\\\/\"},\"author\":{\"name\":\"ADRA Moldova\",\"@id\":\"https:\\\/\\\/adra.md\\\/#\\\/schema\\\/person\\\/b0181e611ee89738cefb7dc2db2bb8d1\"},\"headline\":\"&#8222;\u00cenv\u0103\u021b\u0103tura trebuie s\u0103 fie uneori un drum \u0219i \u00eentotdeauna un orizont.&#8221; Nicolae Iorga\",\"datePublished\":\"2023-04-04T16:18:46+00:00\",\"mainEntityOfPage\":{\"@id\":\"https:\\\/\\\/adra.md\\\/invatatura-trebuie-sa-fie-uneori-un-drum-si-intotdeauna-un-orizont-nicolae-iorga\\\/\"},\"wordCount\":152,\"publisher\":{\"@id\":\"https:\\\/\\\/adra.md\\\/#organization\"},\"image\":{\"@id\":\"https:\\\/\\\/adra.md\\\/invatatura-trebuie-sa-fie-uneori-un-drum-si-intotdeauna-un-orizont-nicolae-iorga\\\/#primaryimage\"},\"thumbnailUrl\":\"https:\\\/\\\/adra.md\\\/wp-content\\\/uploads\\\/2023\\\/04\\\/336710243_556298506601887_7196639020346859839_n.jpg\",\"articleSection\":[\"News\"],\"inLanguage\":\"ru-RU\"},{\"@type\":\"WebPage\",\"@id\":\"https:\\\/\\\/adra.md\\\/invatatura-trebuie-sa-fie-uneori-un-drum-si-intotdeauna-un-orizont-nicolae-iorga\\\/\",\"url\":\"https:\\\/\\\/adra.md\\\/invatatura-trebuie-sa-fie-uneori-un-drum-si-intotdeauna-un-orizont-nicolae-iorga\\\/\",\"name\":\"\\\"\u00cenv\u0103\u021b\u0103tura trebuie s\u0103 fie uneori un drum \u0219i \u00eentotdeauna un orizont.\\\" Nicolae Iorga - ADRA Moldova\",\"isPartOf\":{\"@id\":\"https:\\\/\\\/adra.md\\\/#website\"},\"primaryImageOfPage\":{\"@id\":\"https:\\\/\\\/adra.md\\\/invatatura-trebuie-sa-fie-uneori-un-drum-si-intotdeauna-un-orizont-nicolae-iorga\\\/#primaryimage\"},\"image\":{\"@id\":\"https:\\\/\\\/adra.md\\\/invatatura-trebuie-sa-fie-uneori-un-drum-si-intotdeauna-un-orizont-nicolae-iorga\\\/#primaryimage\"},\"thumbnailUrl\":\"https:\\\/\\\/adra.md\\\/wp-content\\\/uploads\\\/2023\\\/04\\\/336710243_556298506601887_7196639020346859839_n.jpg\",\"datePublished\":\"2023-04-04T16:18:46+00:00\",\"breadcrumb\":{\"@id\":\"https:\\\/\\\/adra.md\\\/invatatura-trebuie-sa-fie-uneori-un-drum-si-intotdeauna-un-orizont-nicolae-iorga\\\/#breadcrumb\"},\"inLanguage\":\"ru-RU\",\"potentialAction\":[{\"@type\":\"ReadAction\",\"target\":[\"https:\\\/\\\/adra.md\\\/invatatura-trebuie-sa-fie-uneori-un-drum-si-intotdeauna-un-orizont-nicolae-iorga\\\/\"]}]},{\"@type\":\"ImageObject\",\"inLanguage\":\"ru-RU\",\"@id\":\"https:\\\/\\\/adra.md\\\/invatatura-trebuie-sa-fie-uneori-un-drum-si-intotdeauna-un-orizont-nicolae-iorga\\\/#primaryimage\",\"url\":\"https:\\\/\\\/adra.md\\\/wp-content\\\/uploads\\\/2023\\\/04\\\/336710243_556298506601887_7196639020346859839_n.jpg\",\"contentUrl\":\"https:\\\/\\\/adra.md\\\/wp-content\\\/uploads\\\/2023\\\/04\\\/336710243_556298506601887_7196639020346859839_n.jpg\",\"width\":2048,\"height\":1365},{\"@type\":\"BreadcrumbList\",\"@id\":\"https:\\\/\\\/adra.md\\\/invatatura-trebuie-sa-fie-uneori-un-drum-si-intotdeauna-un-orizont-nicolae-iorga\\\/#breadcrumb\",\"itemListElement\":[{\"@type\":\"ListItem\",\"position\":1,\"name\":\"Home\",\"item\":\"https:\\\/\\\/adra.md\\\/\"},{\"@type\":\"ListItem\",\"position\":2,\"name\":\"&#8222;\u00cenv\u0103\u021b\u0103tura trebuie s\u0103 fie uneori un drum \u0219i \u00eentotdeauna un orizont.&#8221; Nicolae Iorga\"}]},{\"@type\":\"WebSite\",\"@id\":\"https:\\\/\\\/adra.md\\\/#website\",\"url\":\"https:\\\/\\\/adra.md\\\/\",\"name\":\"ADRA Moldova\",\"description\":\"Agen\u0163ia Adventist\u0103 pentru Dezvoltare, Refacere \u015fi Ajutor\",\"publisher\":{\"@id\":\"https:\\\/\\\/adra.md\\\/#organization\"},\"potentialAction\":[{\"@type\":\"SearchAction\",\"target\":{\"@type\":\"EntryPoint\",\"urlTemplate\":\"https:\\\/\\\/adra.md\\\/?s={search_term_string}\"},\"query-input\":{\"@type\":\"PropertyValueSpecification\",\"valueRequired\":true,\"valueName\":\"search_term_string\"}}],\"inLanguage\":\"ru-RU\"},{\"@type\":\"Organization\",\"@id\":\"https:\\\/\\\/adra.md\\\/#organization\",\"name\":\"ADRA Moldova\",\"url\":\"https:\\\/\\\/adra.md\\\/\",\"logo\":{\"@type\":\"ImageObject\",\"inLanguage\":\"ru-RU\",\"@id\":\"https:\\\/\\\/adra.md\\\/#\\\/schema\\\/logo\\\/image\\\/\",\"url\":\"https:\\\/\\\/adra.md\\\/wp-content\\\/uploads\\\/2019\\\/11\\\/group-435.png\",\"contentUrl\":\"https:\\\/\\\/adra.md\\\/wp-content\\\/uploads\\\/2019\\\/11\\\/group-435.png\",\"width\":500,\"height\":133,\"caption\":\"ADRA Moldova\"},\"image\":{\"@id\":\"https:\\\/\\\/adra.md\\\/#\\\/schema\\\/logo\\\/image\\\/\"}},{\"@type\":\"Person\",\"@id\":\"https:\\\/\\\/adra.md\\\/#\\\/schema\\\/person\\\/b0181e611ee89738cefb7dc2db2bb8d1\",\"name\":\"ADRA Moldova\",\"url\":\"https:\\\/\\\/adra.md\\\/ru\\\/author\\\/andrei-girleanu\\\/\"}]}<\/script>\n<!-- \/ Yoast SEO plugin. -->","yoast_head_json":{"title":"\"\u00cenv\u0103\u021b\u0103tura trebuie s\u0103 fie uneori un drum \u0219i \u00eentotdeauna un orizont.\" Nicolae Iorga - ADRA Moldova","robots":{"index":"index","follow":"follow","max-snippet":"max-snippet:-1","max-image-preview":"max-image-preview:large","max-video-preview":"max-video-preview:-1"},"canonical":"https:\/\/adra.md\/ru\/invatatura-trebuie-sa-fie-uneori-un-drum-si-intotdeauna-un-orizont-nicolae-iorga\/","og_locale":"ru_RU","og_type":"article","og_title":"\"\u00cenv\u0103\u021b\u0103tura trebuie s\u0103 fie uneori un drum \u0219i \u00eentotdeauna un orizont.\" Nicolae Iorga - ADRA Moldova","og_description":"\u00cen zilele de 16 \u0219i 17 martie, OIM a implicat 21 de reprezentan\u021bi de rang \u00eenalt ai partenerilor no\u0219tri de implementare, pentru a oferi un curs de formare a formatorilor \u00een scopul consolid\u0103rii capacit\u0103\u021bii de facilitare a discursului public \u0219i a capacit\u0103\u021bii de a comunica corect \u00een jurul unor subiecte foarte sensibile legate de &#8222;prevenirea [&hellip;]","og_url":"https:\/\/adra.md\/ru\/invatatura-trebuie-sa-fie-uneori-un-drum-si-intotdeauna-un-orizont-nicolae-iorga\/","og_site_name":"ADRA Moldova","article_published_time":"2023-04-04T16:18:46+00:00","og_image":[{"width":2048,"height":1365,"url":"https:\/\/adra.md\/wp-content\/uploads\/2023\/04\/336710243_556298506601887_7196639020346859839_n.jpg","type":"image\/jpeg"}],"author":"ADRA Moldova","twitter_card":"summary_large_image","twitter_misc":{"\u041d\u0430\u043f\u0438\u0441\u0430\u043d\u043e \u0430\u0432\u0442\u043e\u0440\u043e\u043c":"ADRA Moldova","\u041f\u0440\u0438\u043c\u0435\u0440\u043d\u043e\u0435 \u0432\u0440\u0435\u043c\u044f \u0434\u043b\u044f \u0447\u0442\u0435\u043d\u0438\u044f":"1 \u043c\u0438\u043d\u0443\u0442\u0430"},"schema":{"@context":"https:\/\/schema.org","@graph":[{"@type":"Article","@id":"https:\/\/adra.md\/invatatura-trebuie-sa-fie-uneori-un-drum-si-intotdeauna-un-orizont-nicolae-iorga\/#article","isPartOf":{"@id":"https:\/\/adra.md\/invatatura-trebuie-sa-fie-uneori-un-drum-si-intotdeauna-un-orizont-nicolae-iorga\/"},"author":{"name":"ADRA Moldova","@id":"https:\/\/adra.md\/#\/schema\/person\/b0181e611ee89738cefb7dc2db2bb8d1"},"headline":"&#8222;\u00cenv\u0103\u021b\u0103tura trebuie s\u0103 fie uneori un drum \u0219i \u00eentotdeauna un orizont.&#8221; Nicolae Iorga","datePublished":"2023-04-04T16:18:46+00:00","mainEntityOfPage":{"@id":"https:\/\/adra.md\/invatatura-trebuie-sa-fie-uneori-un-drum-si-intotdeauna-un-orizont-nicolae-iorga\/"},"wordCount":152,"publisher":{"@id":"https:\/\/adra.md\/#organization"},"image":{"@id":"https:\/\/adra.md\/invatatura-trebuie-sa-fie-uneori-un-drum-si-intotdeauna-un-orizont-nicolae-iorga\/#primaryimage"},"thumbnailUrl":"https:\/\/adra.md\/wp-content\/uploads\/2023\/04\/336710243_556298506601887_7196639020346859839_n.jpg","articleSection":["News"],"inLanguage":"ru-RU"},{"@type":"WebPage","@id":"https:\/\/adra.md\/invatatura-trebuie-sa-fie-uneori-un-drum-si-intotdeauna-un-orizont-nicolae-iorga\/","url":"https:\/\/adra.md\/invatatura-trebuie-sa-fie-uneori-un-drum-si-intotdeauna-un-orizont-nicolae-iorga\/","name":"\"\u00cenv\u0103\u021b\u0103tura trebuie s\u0103 fie uneori un drum \u0219i \u00eentotdeauna un orizont.\" Nicolae Iorga - ADRA Moldova","isPartOf":{"@id":"https:\/\/adra.md\/#website"},"primaryImageOfPage":{"@id":"https:\/\/adra.md\/invatatura-trebuie-sa-fie-uneori-un-drum-si-intotdeauna-un-orizont-nicolae-iorga\/#primaryimage"},"image":{"@id":"https:\/\/adra.md\/invatatura-trebuie-sa-fie-uneori-un-drum-si-intotdeauna-un-orizont-nicolae-iorga\/#primaryimage"},"thumbnailUrl":"https:\/\/adra.md\/wp-content\/uploads\/2023\/04\/336710243_556298506601887_7196639020346859839_n.jpg","datePublished":"2023-04-04T16:18:46+00:00","breadcrumb":{"@id":"https:\/\/adra.md\/invatatura-trebuie-sa-fie-uneori-un-drum-si-intotdeauna-un-orizont-nicolae-iorga\/#breadcrumb"},"inLanguage":"ru-RU","potentialAction":[{"@type":"ReadAction","target":["https:\/\/adra.md\/invatatura-trebuie-sa-fie-uneori-un-drum-si-intotdeauna-un-orizont-nicolae-iorga\/"]}]},{"@type":"ImageObject","inLanguage":"ru-RU","@id":"https:\/\/adra.md\/invatatura-trebuie-sa-fie-uneori-un-drum-si-intotdeauna-un-orizont-nicolae-iorga\/#primaryimage","url":"https:\/\/adra.md\/wp-content\/uploads\/2023\/04\/336710243_556298506601887_7196639020346859839_n.jpg","contentUrl":"https:\/\/adra.md\/wp-content\/uploads\/2023\/04\/336710243_556298506601887_7196639020346859839_n.jpg","width":2048,"height":1365},{"@type":"BreadcrumbList","@id":"https:\/\/adra.md\/invatatura-trebuie-sa-fie-uneori-un-drum-si-intotdeauna-un-orizont-nicolae-iorga\/#breadcrumb","itemListElement":[{"@type":"ListItem","position":1,"name":"Home","item":"https:\/\/adra.md\/"},{"@type":"ListItem","position":2,"name":"&#8222;\u00cenv\u0103\u021b\u0103tura trebuie s\u0103 fie uneori un drum \u0219i \u00eentotdeauna un orizont.&#8221; Nicolae Iorga"}]},{"@type":"WebSite","@id":"https:\/\/adra.md\/#website","url":"https:\/\/adra.md\/","name":"ADRA Moldova","description":"Agen\u0163ia Adventist\u0103 pentru Dezvoltare, Refacere \u015fi Ajutor","publisher":{"@id":"https:\/\/adra.md\/#organization"},"potentialAction":[{"@type":"SearchAction","target":{"@type":"EntryPoint","urlTemplate":"https:\/\/adra.md\/?s={search_term_string}"},"query-input":{"@type":"PropertyValueSpecification","valueRequired":true,"valueName":"search_term_string"}}],"inLanguage":"ru-RU"},{"@type":"Organization","@id":"https:\/\/adra.md\/#organization","name":"ADRA Moldova","url":"https:\/\/adra.md\/","logo":{"@type":"ImageObject","inLanguage":"ru-RU","@id":"https:\/\/adra.md\/#\/schema\/logo\/image\/","url":"https:\/\/adra.md\/wp-content\/uploads\/2019\/11\/group-435.png","contentUrl":"https:\/\/adra.md\/wp-content\/uploads\/2019\/11\/group-435.png","width":500,"height":133,"caption":"ADRA Moldova"},"image":{"@id":"https:\/\/adra.md\/#\/schema\/logo\/image\/"}},{"@type":"Person","@id":"https:\/\/adra.md\/#\/schema\/person\/b0181e611ee89738cefb7dc2db2bb8d1","name":"ADRA Moldova","url":"https:\/\/adra.md\/ru\/author\/andrei-girleanu\/"}]}},"_links":{"self":[{"href":"https:\/\/adra.md\/ru\/wp-json\/wp\/v2\/posts\/20262","targetHints":{"allow":["GET"]}}],"collection":[{"href":"https:\/\/adra.md\/ru\/wp-json\/wp\/v2\/posts"}],"about":[{"href":"https:\/\/adra.md\/ru\/wp-json\/wp\/v2\/types\/post"}],"author":[{"embeddable":true,"href":"https:\/\/adra.md\/ru\/wp-json\/wp\/v2\/users\/9"}],"replies":[{"embeddable":true,"href":"https:\/\/adra.md\/ru\/wp-json\/wp\/v2\/comments?post=20262"}],"version-history":[{"count":1,"href":"https:\/\/adra.md\/ru\/wp-json\/wp\/v2\/posts\/20262\/revisions"}],"predecessor-version":[{"id":20269,"href":"https:\/\/adra.md\/ru\/wp-json\/wp\/v2\/posts\/20262\/revisions\/20269"}],"wp:featuredmedia":[{"embeddable":true,"href":"https:\/\/adra.md\/ru\/wp-json\/wp\/v2\/media\/20265"}],"wp:attachment":[{"href":"https:\/\/adra.md\/ru\/wp-json\/wp\/v2\/media?parent=20262"}],"wp:term":[{"taxonomy":"category","embeddable":true,"href":"https:\/\/adra.md\/ru\/wp-json\/wp\/v2\/categories?post=20262"},{"taxonomy":"post_tag","embeddable":true,"href":"https:\/\/adra.md\/ru\/wp-json\/wp\/v2\/tags?post=20262"}],"curies":[{"name":"wp","href":"https:\/\/api.w.org\/{rel}","templated":true}]}}