{"id":20270,"date":"2023-04-04T16:21:04","date_gmt":"2023-04-04T16:21:04","guid":{"rendered":"https:\/\/adra.md\/?p=20270"},"modified":"2023-04-04T16:21:04","modified_gmt":"2023-04-04T16:21:04","slug":"ce-cunoasteti-despre-copiii-cu-tulburari-din-spectrul-autismului","status":"publish","type":"post","link":"https:\/\/adra.md\/ru\/ce-cunoasteti-despre-copiii-cu-tulburari-din-spectrul-autismului\/","title":{"rendered":"Ce cunoa\u0219te\u021bi despre copiii cu tulbur\u0103ri din spectrul autismului?"},"content":{"rendered":"<div class=\"x11i5rnm xat24cr x1mh8g0r x1vvkbs xdj266r x126k92a\">\n<div dir=\"auto\">Ce cunoa\u0219te\u021bi despre copiii cu tulbur\u0103ri din spectrul autismului? <span class=\"x3nfvp2 x1j61x8r x1fcty0u xdj266r xhhsvwb xat24cr xgzva0m xxymvpz xlup9mm x1kky2od\"><img decoding=\"async\" src=\"https:\/\/static.xx.fbcdn.net\/images\/emoji.php\/v9\/td3\/2\/16\/1f914.png\" alt=\"\ud83e\udd14\" width=\"16\" height=\"16\" \/><\/span><\/div>\n<\/div>\n<div class=\"x11i5rnm xat24cr x1mh8g0r x1vvkbs xtlvy1s x126k92a\">\n<div dir=\"auto\">Diagnosticul \u00een autism este o procedur\u0103 deloc simpl\u0103, care necesit\u0103 timp, efort \u0219i abordare individualizat\u0103. @sosautism ofer\u0103 \u00een continuare schema procedurii de stabilire a diagnosticului \u00een autism de la Centrul Medical A-Clinic.<\/div>\n<div dir=\"auto\">Ac\u021biunile sunt sus\u021binute din proiectul: \u201eEvacuare, Asisten\u021b\u0103 \u0219i Protec\u021bie pentru salvarea vie\u021bilor \u00een Ucraina, Moldova, Rom\u00e2nia 2022 \u201d cu suportul financiar de la Asisten\u021ba umanitar\u0103 interna\u021bional\u0103, Guvernul Canadei (<a class=\"x1i10hfl xjbqb8w x6umtig x1b1mbwd xaqea5y xav7gou x9f619 x1ypdohk xt0psk2 xe8uvvx xdj266r x11i5rnm xat24cr x1mh8g0r xexx8yu x4uap5 x18d9i69 xkhd6sd x16tdsg8 x1hl2dhg xggy1nq x1a2a7pz xt0b8zv x1fey0fg\" tabindex=\"0\" role=\"link\" href=\"https:\/\/l.facebook.com\/l.php?u=https%3A%2F%2Fwww.instagram.com%2F_u%2Fadracanada%3Ffbclid%3DIwAR2SMSiuw_m4OO_EomeDMERb5f0Bo-B4yr9sbAS4w0F8Vr7taQluFnW1Kd0&amp;h=AT2m5yHV7Z2_2Qw1Nk3YEwsp_jwVLX_bfuZ0AX_0Y8HOTLhpzaL97LjBhuRTQ9oFFtjuBW92ynj-KqdvROmldn8Z6VKNGTYhOmgyNnrsQsNsEJL2qv7Wl4bpbsOQFe1AgfNvsPHwrw&amp;__tn__=-UK-R&amp;c[0]=AT2j9D8VFGUCT3WtG_4LXgrHryrRmAvzE9RXaMsy_A1DsANjl-uMEAF0kZqpOmGDWxlpOdMHhnMwgGFJ8lIhUF-3tZy4OAvXw8AYeTd1EvK6Yb-_qWoFSgLE2l58TflTMw9Kuf85Lx9yjQxWtqs3TE6pje2Ww338wTp_F4IlyuWCAs3DOf4XCRp7XfS9VE3ZdiETavSecYdS\" target=\"_blank\" rel=\"nofollow noopener\">@adracanada<\/a> ). <a class=\"x1i10hfl xjbqb8w x6umtig x1b1mbwd xaqea5y xav7gou x9f619 x1ypdohk xt0psk2 xe8uvvx xdj266r x11i5rnm xat24cr x1mh8g0r xexx8yu x4uap5 x18d9i69 xkhd6sd x16tdsg8 x1hl2dhg xggy1nq x1a2a7pz xt0b8zv x1fey0fg\" tabindex=\"0\" role=\"link\" href=\"https:\/\/l.facebook.com\/l.php?u=https%3A%2F%2Fwww.instagram.com%2F_u%2Fadra_moldova%3Ffbclid%3DIwAR378wSEecGmSBEeywY4DhBU2ydVtpDI2rNsI5mGrE1rbo95JMrqTwA6tI0&amp;h=AT1BT6P9unmdyQLPxYj8VTJIdOGwL6Vpgq1l56QPFlt1TO2zvTAYLpJ6qiQNEs2au-bOMFrCATlWLbnYn8SwDEAa8wNYPfhcUXA8XtmPfa694jhMOsCoA2kQOhB2W8PM8RxCpq4_Xg&amp;__tn__=-UK-R&amp;c[0]=AT2j9D8VFGUCT3WtG_4LXgrHryrRmAvzE9RXaMsy_A1DsANjl-uMEAF0kZqpOmGDWxlpOdMHhnMwgGFJ8lIhUF-3tZy4OAvXw8AYeTd1EvK6Yb-_qWoFSgLE2l58TflTMw9Kuf85Lx9yjQxWtqs3TE6pje2Ww338wTp_F4IlyuWCAs3DOf4XCRp7XfS9VE3ZdiETavSecYdS\" target=\"_blank\" rel=\"nofollow noopener\">@adra_moldova<\/a> colaboreaz\u0103 \u00een parteneriat cu SOS Autism pe latura de diagnosticare, reabilitare \u0219i sprijin a copiilor cu tulbur\u0103ri din spectrul autismului.<\/div>\n<\/div>\n<div class=\"x11i5rnm xat24cr x1mh8g0r x1vvkbs xtlvy1s x126k92a\">\n<div dir=\"auto\"><a class=\"x1i10hfl xjbqb8w x6umtig x1b1mbwd xaqea5y xav7gou x9f619 x1ypdohk xt0psk2 xe8uvvx xdj266r x11i5rnm xat24cr x1mh8g0r xexx8yu x4uap5 x18d9i69 xkhd6sd x16tdsg8 x1hl2dhg xggy1nq x1a2a7pz xt0b8zv x1qq9wsj xo1l8bm\" tabindex=\"0\" role=\"link\" href=\"https:\/\/www.facebook.com\/hashtag\/adra?__eep__=6&amp;__cft__[0]=AZV1gwZ1h83T0A0MNqG4zICOV4Oe97_BO8e3mqSzAsHNqSkaH7ghV2db9isHuCXyU6oDZoxewdjncBNgWQ2nQmISDm54cxVoxxSblI5HBpzYYlBy_SZtX423H1GG1Os0eZmPeSvsgwNE6flfLD402__FidAxQ8jzKgfwjMB--uUkxzp53VA86FCZ_gmKLzdqduk&amp;__tn__=*NK-R\">#adra<\/a> <a class=\"x1i10hfl xjbqb8w x6umtig x1b1mbwd xaqea5y xav7gou x9f619 x1ypdohk xt0psk2 xe8uvvx xdj266r x11i5rnm xat24cr x1mh8g0r xexx8yu x4uap5 x18d9i69 xkhd6sd x16tdsg8 x1hl2dhg xggy1nq x1a2a7pz xt0b8zv x1qq9wsj xo1l8bm\" tabindex=\"0\" role=\"link\" href=\"https:\/\/www.facebook.com\/hashtag\/adramoldova?__eep__=6&amp;__cft__[0]=AZV1gwZ1h83T0A0MNqG4zICOV4Oe97_BO8e3mqSzAsHNqSkaH7ghV2db9isHuCXyU6oDZoxewdjncBNgWQ2nQmISDm54cxVoxxSblI5HBpzYYlBy_SZtX423H1GG1Os0eZmPeSvsgwNE6flfLD402__FidAxQ8jzKgfwjMB--uUkxzp53VA86FCZ_gmKLzdqduk&amp;__tn__=*NK-R\">#adramoldova<\/a> <a class=\"x1i10hfl xjbqb8w x6umtig x1b1mbwd xaqea5y xav7gou x9f619 x1ypdohk xt0psk2 xe8uvvx xdj266r x11i5rnm xat24cr x1mh8g0r xexx8yu x4uap5 x18d9i69 xkhd6sd x16tdsg8 x1hl2dhg xggy1nq x1a2a7pz xt0b8zv x1qq9wsj xo1l8bm\" tabindex=\"0\" role=\"link\" href=\"https:\/\/www.facebook.com\/hashtag\/adracanada?__eep__=6&amp;__cft__[0]=AZV1gwZ1h83T0A0MNqG4zICOV4Oe97_BO8e3mqSzAsHNqSkaH7ghV2db9isHuCXyU6oDZoxewdjncBNgWQ2nQmISDm54cxVoxxSblI5HBpzYYlBy_SZtX423H1GG1Os0eZmPeSvsgwNE6flfLD402__FidAxQ8jzKgfwjMB--uUkxzp53VA86FCZ_gmKLzdqduk&amp;__tn__=*NK-R\">#adracanada<\/a> <a class=\"x1i10hfl xjbqb8w x6umtig x1b1mbwd xaqea5y xav7gou x9f619 x1ypdohk xt0psk2 xe8uvvx xdj266r x11i5rnm xat24cr x1mh8g0r xexx8yu x4uap5 x18d9i69 xkhd6sd x16tdsg8 x1hl2dhg xggy1nq x1a2a7pz xt0b8zv x1qq9wsj xo1l8bm\" tabindex=\"0\" role=\"link\" href=\"https:\/\/www.facebook.com\/hashtag\/sosautism?__eep__=6&amp;__cft__[0]=AZV1gwZ1h83T0A0MNqG4zICOV4Oe97_BO8e3mqSzAsHNqSkaH7ghV2db9isHuCXyU6oDZoxewdjncBNgWQ2nQmISDm54cxVoxxSblI5HBpzYYlBy_SZtX423H1GG1Os0eZmPeSvsgwNE6flfLD402__FidAxQ8jzKgfwjMB--uUkxzp53VA86FCZ_gmKLzdqduk&amp;__tn__=*NK-R\">#sosautism<\/a> <a class=\"x1i10hfl xjbqb8w x6umtig x1b1mbwd xaqea5y xav7gou x9f619 x1ypdohk xt0psk2 xe8uvvx xdj266r x11i5rnm xat24cr x1mh8g0r xexx8yu x4uap5 x18d9i69 xkhd6sd x16tdsg8 x1hl2dhg xggy1nq x1a2a7pz xt0b8zv x1qq9wsj xo1l8bm\" tabindex=\"0\" role=\"link\" href=\"https:\/\/www.facebook.com\/hashtag\/aclinic?__eep__=6&amp;__cft__[0]=AZV1gwZ1h83T0A0MNqG4zICOV4Oe97_BO8e3mqSzAsHNqSkaH7ghV2db9isHuCXyU6oDZoxewdjncBNgWQ2nQmISDm54cxVoxxSblI5HBpzYYlBy_SZtX423H1GG1Os0eZmPeSvsgwNE6flfLD402__FidAxQ8jzKgfwjMB--uUkxzp53VA86FCZ_gmKLzdqduk&amp;__tn__=*NK-R\">#aclinic<\/a> <a class=\"x1i10hfl xjbqb8w x6umtig x1b1mbwd xaqea5y xav7gou x9f619 x1ypdohk xt0psk2 xe8uvvx xdj266r x11i5rnm xat24cr x1mh8g0r xexx8yu x4uap5 x18d9i69 xkhd6sd x16tdsg8 x1hl2dhg xggy1nq x1a2a7pz xt0b8zv x1qq9wsj xo1l8bm\" tabindex=\"0\" role=\"link\" href=\"https:\/\/www.facebook.com\/hashtag\/chisinau?__eep__=6&amp;__cft__[0]=AZV1gwZ1h83T0A0MNqG4zICOV4Oe97_BO8e3mqSzAsHNqSkaH7ghV2db9isHuCXyU6oDZoxewdjncBNgWQ2nQmISDm54cxVoxxSblI5HBpzYYlBy_SZtX423H1GG1Os0eZmPeSvsgwNE6flfLD402__FidAxQ8jzKgfwjMB--uUkxzp53VA86FCZ_gmKLzdqduk&amp;__tn__=*NK-R\">#chisinau<\/a> <a class=\"x1i10hfl xjbqb8w x6umtig x1b1mbwd xaqea5y xav7gou x9f619 x1ypdohk xt0psk2 xe8uvvx xdj266r x11i5rnm xat24cr x1mh8g0r xexx8yu x4uap5 x18d9i69 xkhd6sd x16tdsg8 x1hl2dhg xggy1nq x1a2a7pz xt0b8zv x1qq9wsj xo1l8bm\" tabindex=\"0\" role=\"link\" href=\"https:\/\/www.facebook.com\/hashtag\/moldova2023?__eep__=6&amp;__cft__[0]=AZV1gwZ1h83T0A0MNqG4zICOV4Oe97_BO8e3mqSzAsHNqSkaH7ghV2db9isHuCXyU6oDZoxewdjncBNgWQ2nQmISDm54cxVoxxSblI5HBpzYYlBy_SZtX423H1GG1Os0eZmPeSvsgwNE6flfLD402__FidAxQ8jzKgfwjMB--uUkxzp53VA86FCZ_gmKLzdqduk&amp;__tn__=*NK-R\">#moldova2023<\/a><\/div>\n<\/div>\n<div dir=\"auto\"><\/div>\n<div dir=\"auto\"><img fetchpriority=\"high\" decoding=\"async\" class=\"alignnone  wp-image-20271\" src=\"https:\/\/adra.md\/wp-content\/uploads\/2023\/04\/337431170_105127242539118_6140527047939012790_n-300x251.jpg\" alt=\"\" width=\"911\" height=\"762\" \/><\/div>\n","protected":false},"excerpt":{"rendered":"<p>Ce cunoa\u0219te\u021bi despre copiii cu tulbur\u0103ri din spectrul autismului? Diagnosticul \u00een autism este o procedur\u0103 deloc simpl\u0103, care necesit\u0103 timp, efort \u0219i abordare individualizat\u0103. @sosautism ofer\u0103 \u00een continuare schema procedurii de stabilire a diagnosticului \u00een autism de la Centrul Medical A-Clinic. Ac\u021biunile sunt sus\u021binute din proiectul: \u201eEvacuare, Asisten\u021b\u0103 \u0219i Protec\u021bie pentru salvarea vie\u021bilor \u00een Ucraina, [&hellip;]<\/p>\n","protected":false},"author":9,"featured_media":20271,"comment_status":"closed","ping_status":"closed","sticky":false,"template":"","format":"standard","meta":{"_acf_changed":false,"footnotes":""},"categories":[294],"tags":[],"class_list":["post-20270","post","type-post","status-publish","format-standard","has-post-thumbnail","hentry","category-news"],"acf":[],"yoast_head":"<!-- This site is optimized with the Yoast SEO plugin v27.4 - https:\/\/yoast.com\/product\/yoast-seo-wordpress\/ -->\n<title>Ce cunoa\u0219te\u021bi despre copiii cu tulbur\u0103ri din spectrul autismului? - ADRA Moldova<\/title>\n<meta name=\"robots\" content=\"index, follow, max-snippet:-1, max-image-preview:large, max-video-preview:-1\" \/>\n<link rel=\"canonical\" href=\"https:\/\/adra.md\/ru\/ce-cunoasteti-despre-copiii-cu-tulburari-din-spectrul-autismului\/\" \/>\n<meta property=\"og:locale\" content=\"ru_RU\" \/>\n<meta property=\"og:type\" content=\"article\" \/>\n<meta property=\"og:title\" content=\"Ce cunoa\u0219te\u021bi despre copiii cu tulbur\u0103ri din spectrul autismului? - ADRA Moldova\" \/>\n<meta property=\"og:description\" content=\"Ce cunoa\u0219te\u021bi despre copiii cu tulbur\u0103ri din spectrul autismului? Diagnosticul \u00een autism este o procedur\u0103 deloc simpl\u0103, care necesit\u0103 timp, efort \u0219i abordare individualizat\u0103. @sosautism ofer\u0103 \u00een continuare schema procedurii de stabilire a diagnosticului \u00een autism de la Centrul Medical A-Clinic. Ac\u021biunile sunt sus\u021binute din proiectul: \u201eEvacuare, Asisten\u021b\u0103 \u0219i Protec\u021bie pentru salvarea vie\u021bilor \u00een Ucraina, [&hellip;]\" \/>\n<meta property=\"og:url\" content=\"https:\/\/adra.md\/ru\/ce-cunoasteti-despre-copiii-cu-tulburari-din-spectrul-autismului\/\" \/>\n<meta property=\"og:site_name\" content=\"ADRA Moldova\" \/>\n<meta property=\"article:published_time\" content=\"2023-04-04T16:21:04+00:00\" \/>\n<meta property=\"og:image\" content=\"https:\/\/adra.md\/wp-content\/uploads\/2023\/04\/337431170_105127242539118_6140527047939012790_n.jpg\" \/>\n\t<meta property=\"og:image:width\" content=\"939\" \/>\n\t<meta property=\"og:image:height\" content=\"787\" \/>\n\t<meta property=\"og:image:type\" content=\"image\/jpeg\" \/>\n<meta name=\"author\" content=\"ADRA Moldova\" \/>\n<meta name=\"twitter:card\" content=\"summary_large_image\" \/>\n<meta name=\"twitter:label1\" content=\"\u041d\u0430\u043f\u0438\u0441\u0430\u043d\u043e \u0430\u0432\u0442\u043e\u0440\u043e\u043c\" \/>\n\t<meta name=\"twitter:data1\" content=\"ADRA Moldova\" \/>\n\t<meta name=\"twitter:label2\" content=\"\u041f\u0440\u0438\u043c\u0435\u0440\u043d\u043e\u0435 \u0432\u0440\u0435\u043c\u044f \u0434\u043b\u044f \u0447\u0442\u0435\u043d\u0438\u044f\" \/>\n\t<meta name=\"twitter:data2\" content=\"1 \u043c\u0438\u043d\u0443\u0442\u0430\" \/>\n<script type=\"application\/ld+json\" class=\"yoast-schema-graph\">{\"@context\":\"https:\\\/\\\/schema.org\",\"@graph\":[{\"@type\":\"Article\",\"@id\":\"https:\\\/\\\/adra.md\\\/ce-cunoasteti-despre-copiii-cu-tulburari-din-spectrul-autismului\\\/#article\",\"isPartOf\":{\"@id\":\"https:\\\/\\\/adra.md\\\/ce-cunoasteti-despre-copiii-cu-tulburari-din-spectrul-autismului\\\/\"},\"author\":{\"name\":\"ADRA Moldova\",\"@id\":\"https:\\\/\\\/adra.md\\\/#\\\/schema\\\/person\\\/b0181e611ee89738cefb7dc2db2bb8d1\"},\"headline\":\"Ce cunoa\u0219te\u021bi despre copiii cu tulbur\u0103ri din spectrul autismului?\",\"datePublished\":\"2023-04-04T16:21:04+00:00\",\"mainEntityOfPage\":{\"@id\":\"https:\\\/\\\/adra.md\\\/ce-cunoasteti-despre-copiii-cu-tulburari-din-spectrul-autismului\\\/\"},\"wordCount\":120,\"publisher\":{\"@id\":\"https:\\\/\\\/adra.md\\\/#organization\"},\"image\":{\"@id\":\"https:\\\/\\\/adra.md\\\/ce-cunoasteti-despre-copiii-cu-tulburari-din-spectrul-autismului\\\/#primaryimage\"},\"thumbnailUrl\":\"https:\\\/\\\/adra.md\\\/wp-content\\\/uploads\\\/2023\\\/04\\\/337431170_105127242539118_6140527047939012790_n.jpg\",\"articleSection\":[\"News\"],\"inLanguage\":\"ru-RU\"},{\"@type\":\"WebPage\",\"@id\":\"https:\\\/\\\/adra.md\\\/ce-cunoasteti-despre-copiii-cu-tulburari-din-spectrul-autismului\\\/\",\"url\":\"https:\\\/\\\/adra.md\\\/ce-cunoasteti-despre-copiii-cu-tulburari-din-spectrul-autismului\\\/\",\"name\":\"Ce cunoa\u0219te\u021bi despre copiii cu tulbur\u0103ri din spectrul autismului? - ADRA Moldova\",\"isPartOf\":{\"@id\":\"https:\\\/\\\/adra.md\\\/#website\"},\"primaryImageOfPage\":{\"@id\":\"https:\\\/\\\/adra.md\\\/ce-cunoasteti-despre-copiii-cu-tulburari-din-spectrul-autismului\\\/#primaryimage\"},\"image\":{\"@id\":\"https:\\\/\\\/adra.md\\\/ce-cunoasteti-despre-copiii-cu-tulburari-din-spectrul-autismului\\\/#primaryimage\"},\"thumbnailUrl\":\"https:\\\/\\\/adra.md\\\/wp-content\\\/uploads\\\/2023\\\/04\\\/337431170_105127242539118_6140527047939012790_n.jpg\",\"datePublished\":\"2023-04-04T16:21:04+00:00\",\"breadcrumb\":{\"@id\":\"https:\\\/\\\/adra.md\\\/ce-cunoasteti-despre-copiii-cu-tulburari-din-spectrul-autismului\\\/#breadcrumb\"},\"inLanguage\":\"ru-RU\",\"potentialAction\":[{\"@type\":\"ReadAction\",\"target\":[\"https:\\\/\\\/adra.md\\\/ce-cunoasteti-despre-copiii-cu-tulburari-din-spectrul-autismului\\\/\"]}]},{\"@type\":\"ImageObject\",\"inLanguage\":\"ru-RU\",\"@id\":\"https:\\\/\\\/adra.md\\\/ce-cunoasteti-despre-copiii-cu-tulburari-din-spectrul-autismului\\\/#primaryimage\",\"url\":\"https:\\\/\\\/adra.md\\\/wp-content\\\/uploads\\\/2023\\\/04\\\/337431170_105127242539118_6140527047939012790_n.jpg\",\"contentUrl\":\"https:\\\/\\\/adra.md\\\/wp-content\\\/uploads\\\/2023\\\/04\\\/337431170_105127242539118_6140527047939012790_n.jpg\",\"width\":939,\"height\":787},{\"@type\":\"BreadcrumbList\",\"@id\":\"https:\\\/\\\/adra.md\\\/ce-cunoasteti-despre-copiii-cu-tulburari-din-spectrul-autismului\\\/#breadcrumb\",\"itemListElement\":[{\"@type\":\"ListItem\",\"position\":1,\"name\":\"Home\",\"item\":\"https:\\\/\\\/adra.md\\\/\"},{\"@type\":\"ListItem\",\"position\":2,\"name\":\"Ce cunoa\u0219te\u021bi despre copiii cu tulbur\u0103ri din spectrul autismului?\"}]},{\"@type\":\"WebSite\",\"@id\":\"https:\\\/\\\/adra.md\\\/#website\",\"url\":\"https:\\\/\\\/adra.md\\\/\",\"name\":\"ADRA Moldova\",\"description\":\"Agen\u0163ia Adventist\u0103 pentru Dezvoltare, Refacere \u015fi Ajutor\",\"publisher\":{\"@id\":\"https:\\\/\\\/adra.md\\\/#organization\"},\"potentialAction\":[{\"@type\":\"SearchAction\",\"target\":{\"@type\":\"EntryPoint\",\"urlTemplate\":\"https:\\\/\\\/adra.md\\\/?s={search_term_string}\"},\"query-input\":{\"@type\":\"PropertyValueSpecification\",\"valueRequired\":true,\"valueName\":\"search_term_string\"}}],\"inLanguage\":\"ru-RU\"},{\"@type\":\"Organization\",\"@id\":\"https:\\\/\\\/adra.md\\\/#organization\",\"name\":\"ADRA Moldova\",\"url\":\"https:\\\/\\\/adra.md\\\/\",\"logo\":{\"@type\":\"ImageObject\",\"inLanguage\":\"ru-RU\",\"@id\":\"https:\\\/\\\/adra.md\\\/#\\\/schema\\\/logo\\\/image\\\/\",\"url\":\"https:\\\/\\\/adra.md\\\/wp-content\\\/uploads\\\/2019\\\/11\\\/group-435.png\",\"contentUrl\":\"https:\\\/\\\/adra.md\\\/wp-content\\\/uploads\\\/2019\\\/11\\\/group-435.png\",\"width\":500,\"height\":133,\"caption\":\"ADRA Moldova\"},\"image\":{\"@id\":\"https:\\\/\\\/adra.md\\\/#\\\/schema\\\/logo\\\/image\\\/\"}},{\"@type\":\"Person\",\"@id\":\"https:\\\/\\\/adra.md\\\/#\\\/schema\\\/person\\\/b0181e611ee89738cefb7dc2db2bb8d1\",\"name\":\"ADRA Moldova\",\"url\":\"https:\\\/\\\/adra.md\\\/ru\\\/author\\\/andrei-girleanu\\\/\"}]}<\/script>\n<!-- \/ Yoast SEO plugin. -->","yoast_head_json":{"title":"Ce cunoa\u0219te\u021bi despre copiii cu tulbur\u0103ri din spectrul autismului? - ADRA Moldova","robots":{"index":"index","follow":"follow","max-snippet":"max-snippet:-1","max-image-preview":"max-image-preview:large","max-video-preview":"max-video-preview:-1"},"canonical":"https:\/\/adra.md\/ru\/ce-cunoasteti-despre-copiii-cu-tulburari-din-spectrul-autismului\/","og_locale":"ru_RU","og_type":"article","og_title":"Ce cunoa\u0219te\u021bi despre copiii cu tulbur\u0103ri din spectrul autismului? - ADRA Moldova","og_description":"Ce cunoa\u0219te\u021bi despre copiii cu tulbur\u0103ri din spectrul autismului? Diagnosticul \u00een autism este o procedur\u0103 deloc simpl\u0103, care necesit\u0103 timp, efort \u0219i abordare individualizat\u0103. @sosautism ofer\u0103 \u00een continuare schema procedurii de stabilire a diagnosticului \u00een autism de la Centrul Medical A-Clinic. Ac\u021biunile sunt sus\u021binute din proiectul: \u201eEvacuare, Asisten\u021b\u0103 \u0219i Protec\u021bie pentru salvarea vie\u021bilor \u00een Ucraina, [&hellip;]","og_url":"https:\/\/adra.md\/ru\/ce-cunoasteti-despre-copiii-cu-tulburari-din-spectrul-autismului\/","og_site_name":"ADRA Moldova","article_published_time":"2023-04-04T16:21:04+00:00","og_image":[{"width":939,"height":787,"url":"https:\/\/adra.md\/wp-content\/uploads\/2023\/04\/337431170_105127242539118_6140527047939012790_n.jpg","type":"image\/jpeg"}],"author":"ADRA Moldova","twitter_card":"summary_large_image","twitter_misc":{"\u041d\u0430\u043f\u0438\u0441\u0430\u043d\u043e \u0430\u0432\u0442\u043e\u0440\u043e\u043c":"ADRA Moldova","\u041f\u0440\u0438\u043c\u0435\u0440\u043d\u043e\u0435 \u0432\u0440\u0435\u043c\u044f \u0434\u043b\u044f \u0447\u0442\u0435\u043d\u0438\u044f":"1 \u043c\u0438\u043d\u0443\u0442\u0430"},"schema":{"@context":"https:\/\/schema.org","@graph":[{"@type":"Article","@id":"https:\/\/adra.md\/ce-cunoasteti-despre-copiii-cu-tulburari-din-spectrul-autismului\/#article","isPartOf":{"@id":"https:\/\/adra.md\/ce-cunoasteti-despre-copiii-cu-tulburari-din-spectrul-autismului\/"},"author":{"name":"ADRA Moldova","@id":"https:\/\/adra.md\/#\/schema\/person\/b0181e611ee89738cefb7dc2db2bb8d1"},"headline":"Ce cunoa\u0219te\u021bi despre copiii cu tulbur\u0103ri din spectrul autismului?","datePublished":"2023-04-04T16:21:04+00:00","mainEntityOfPage":{"@id":"https:\/\/adra.md\/ce-cunoasteti-despre-copiii-cu-tulburari-din-spectrul-autismului\/"},"wordCount":120,"publisher":{"@id":"https:\/\/adra.md\/#organization"},"image":{"@id":"https:\/\/adra.md\/ce-cunoasteti-despre-copiii-cu-tulburari-din-spectrul-autismului\/#primaryimage"},"thumbnailUrl":"https:\/\/adra.md\/wp-content\/uploads\/2023\/04\/337431170_105127242539118_6140527047939012790_n.jpg","articleSection":["News"],"inLanguage":"ru-RU"},{"@type":"WebPage","@id":"https:\/\/adra.md\/ce-cunoasteti-despre-copiii-cu-tulburari-din-spectrul-autismului\/","url":"https:\/\/adra.md\/ce-cunoasteti-despre-copiii-cu-tulburari-din-spectrul-autismului\/","name":"Ce cunoa\u0219te\u021bi despre copiii cu tulbur\u0103ri din spectrul autismului? - ADRA Moldova","isPartOf":{"@id":"https:\/\/adra.md\/#website"},"primaryImageOfPage":{"@id":"https:\/\/adra.md\/ce-cunoasteti-despre-copiii-cu-tulburari-din-spectrul-autismului\/#primaryimage"},"image":{"@id":"https:\/\/adra.md\/ce-cunoasteti-despre-copiii-cu-tulburari-din-spectrul-autismului\/#primaryimage"},"thumbnailUrl":"https:\/\/adra.md\/wp-content\/uploads\/2023\/04\/337431170_105127242539118_6140527047939012790_n.jpg","datePublished":"2023-04-04T16:21:04+00:00","breadcrumb":{"@id":"https:\/\/adra.md\/ce-cunoasteti-despre-copiii-cu-tulburari-din-spectrul-autismului\/#breadcrumb"},"inLanguage":"ru-RU","potentialAction":[{"@type":"ReadAction","target":["https:\/\/adra.md\/ce-cunoasteti-despre-copiii-cu-tulburari-din-spectrul-autismului\/"]}]},{"@type":"ImageObject","inLanguage":"ru-RU","@id":"https:\/\/adra.md\/ce-cunoasteti-despre-copiii-cu-tulburari-din-spectrul-autismului\/#primaryimage","url":"https:\/\/adra.md\/wp-content\/uploads\/2023\/04\/337431170_105127242539118_6140527047939012790_n.jpg","contentUrl":"https:\/\/adra.md\/wp-content\/uploads\/2023\/04\/337431170_105127242539118_6140527047939012790_n.jpg","width":939,"height":787},{"@type":"BreadcrumbList","@id":"https:\/\/adra.md\/ce-cunoasteti-despre-copiii-cu-tulburari-din-spectrul-autismului\/#breadcrumb","itemListElement":[{"@type":"ListItem","position":1,"name":"Home","item":"https:\/\/adra.md\/"},{"@type":"ListItem","position":2,"name":"Ce cunoa\u0219te\u021bi despre copiii cu tulbur\u0103ri din spectrul autismului?"}]},{"@type":"WebSite","@id":"https:\/\/adra.md\/#website","url":"https:\/\/adra.md\/","name":"ADRA Moldova","description":"Agen\u0163ia Adventist\u0103 pentru Dezvoltare, Refacere \u015fi Ajutor","publisher":{"@id":"https:\/\/adra.md\/#organization"},"potentialAction":[{"@type":"SearchAction","target":{"@type":"EntryPoint","urlTemplate":"https:\/\/adra.md\/?s={search_term_string}"},"query-input":{"@type":"PropertyValueSpecification","valueRequired":true,"valueName":"search_term_string"}}],"inLanguage":"ru-RU"},{"@type":"Organization","@id":"https:\/\/adra.md\/#organization","name":"ADRA Moldova","url":"https:\/\/adra.md\/","logo":{"@type":"ImageObject","inLanguage":"ru-RU","@id":"https:\/\/adra.md\/#\/schema\/logo\/image\/","url":"https:\/\/adra.md\/wp-content\/uploads\/2019\/11\/group-435.png","contentUrl":"https:\/\/adra.md\/wp-content\/uploads\/2019\/11\/group-435.png","width":500,"height":133,"caption":"ADRA Moldova"},"image":{"@id":"https:\/\/adra.md\/#\/schema\/logo\/image\/"}},{"@type":"Person","@id":"https:\/\/adra.md\/#\/schema\/person\/b0181e611ee89738cefb7dc2db2bb8d1","name":"ADRA Moldova","url":"https:\/\/adra.md\/ru\/author\/andrei-girleanu\/"}]}},"_links":{"self":[{"href":"https:\/\/adra.md\/ru\/wp-json\/wp\/v2\/posts\/20270","targetHints":{"allow":["GET"]}}],"collection":[{"href":"https:\/\/adra.md\/ru\/wp-json\/wp\/v2\/posts"}],"about":[{"href":"https:\/\/adra.md\/ru\/wp-json\/wp\/v2\/types\/post"}],"author":[{"embeddable":true,"href":"https:\/\/adra.md\/ru\/wp-json\/wp\/v2\/users\/9"}],"replies":[{"embeddable":true,"href":"https:\/\/adra.md\/ru\/wp-json\/wp\/v2\/comments?post=20270"}],"version-history":[{"count":1,"href":"https:\/\/adra.md\/ru\/wp-json\/wp\/v2\/posts\/20270\/revisions"}],"predecessor-version":[{"id":20272,"href":"https:\/\/adra.md\/ru\/wp-json\/wp\/v2\/posts\/20270\/revisions\/20272"}],"wp:featuredmedia":[{"embeddable":true,"href":"https:\/\/adra.md\/ru\/wp-json\/wp\/v2\/media\/20271"}],"wp:attachment":[{"href":"https:\/\/adra.md\/ru\/wp-json\/wp\/v2\/media?parent=20270"}],"wp:term":[{"taxonomy":"category","embeddable":true,"href":"https:\/\/adra.md\/ru\/wp-json\/wp\/v2\/categories?post=20270"},{"taxonomy":"post_tag","embeddable":true,"href":"https:\/\/adra.md\/ru\/wp-json\/wp\/v2\/tags?post=20270"}],"curies":[{"name":"wp","href":"https:\/\/api.w.org\/{rel}","templated":true}]}}