{"id":20526,"date":"2023-06-16T10:50:49","date_gmt":"2023-06-16T10:50:49","guid":{"rendered":"https:\/\/adra.md\/?p=20526"},"modified":"2023-06-19T07:01:18","modified_gmt":"2023-06-19T07:01:18","slug":"toti-copiii-se-nasc-buni","status":"publish","type":"post","link":"https:\/\/adra.md\/ru\/toti-copiii-se-nasc-buni\/","title":{"rendered":"TO\u021aI COPIII se nasc BUNI!"},"content":{"rendered":"<div class=\"xdj266r x11i5rnm xat24cr x1mh8g0r x1vvkbs x126k92a\">\n<div dir=\"auto\">Cum punem etichete copiilor, chiar fiind cei mai bl\u00e2nzi adul\u021bi&#8230;<\/div>\n<div dir=\"auto\">TO\u021aI COPIII, se nasc BUNI!<\/div>\n<div dir=\"auto\"><\/div>\n<\/div>\n<div class=\"x11i5rnm xat24cr x1mh8g0r x1vvkbs xtlvy1s x126k92a\">\n<div dir=\"auto\">\u00centregul video \u00eel vede\u021bi aici <span class=\"x3nfvp2 x1j61x8r x1fcty0u xdj266r xhhsvwb xat24cr xgzva0m xxymvpz xlup9mm x1kky2od\"><img decoding=\"async\" src=\"https:\/\/static.xx.fbcdn.net\/images\/emoji.php\/v9\/t51\/1\/16\/1f449.png\" alt=\"\ud83d\udc49\" width=\"16\" height=\"16\" \/><\/span><\/div>\n<\/div>\n<div class=\"x11i5rnm xat24cr x1mh8g0r x1vvkbs xtlvy1s x126k92a\">\n<div dir=\"auto\"><a class=\"x1i10hfl xjbqb8w x6umtig x1b1mbwd xaqea5y xav7gou x9f619 x1ypdohk xt0psk2 xe8uvvx xdj266r x11i5rnm xat24cr x1mh8g0r xexx8yu x4uap5 x18d9i69 xkhd6sd x16tdsg8 x1hl2dhg xggy1nq x1a2a7pz xt0b8zv x1fey0fg\" tabindex=\"0\" role=\"link\" href=\"https:\/\/youtube.com\/shorts\/swqG5_TWjfA?feature=share&amp;fbclid=IwAR0ah7H4_L85EKI27Ai4EikMOeTlouluxEoBHqI8DAP8eR4duzzqWve3kEQ\" target=\"_blank\" rel=\"nofollow noopener noreferrer\">https:\/\/youtube.com\/shorts\/swqG5_TWjfA?feature=share<\/a><\/div>\n<\/div>\n<div dir=\"auto\">\n<div style=\"width: 272px;\" class=\"wp-video\"><video class=\"wp-video-shortcode\" id=\"video-20526-1\" width=\"272\" height=\"480\" preload=\"metadata\" controls=\"controls\"><source type=\"video\/mp4\" src=\"https:\/\/adra.md\/wp-content\/uploads\/2023\/06\/0-02-05-fd063144d5c96a31da4b7c2b275acf6f77e3adeede2b1de79b942e68eb8b8958_275242dc641.mp4?_=1\" \/><a href=\"https:\/\/adra.md\/wp-content\/uploads\/2023\/06\/0-02-05-fd063144d5c96a31da4b7c2b275acf6f77e3adeede2b1de79b942e68eb8b8958_275242dc641.mp4\">https:\/\/adra.md\/wp-content\/uploads\/2023\/06\/0-02-05-fd063144d5c96a31da4b7c2b275acf6f77e3adeede2b1de79b942e68eb8b8958_275242dc641.mp4<\/a><\/video><\/div>\n<\/div>","protected":false},"excerpt":{"rendered":"<p>Cum punem etichete copiilor, chiar fiind cei mai bl\u00e2nzi adul\u021bi&#8230; TO\u021aI COPIII, se nasc BUNI! \u00centregul video \u00eel vede\u021bi aici https:\/\/youtube.com\/shorts\/swqG5_TWjfA?feature=share<\/p>","protected":false},"author":9,"featured_media":20112,"comment_status":"closed","ping_status":"closed","sticky":false,"template":"","format":"standard","meta":{"_acf_changed":false,"footnotes":""},"categories":[294],"tags":[],"class_list":["post-20526","post","type-post","status-publish","format-standard","has-post-thumbnail","hentry","category-news"],"acf":[],"yoast_head":"<!-- This site is optimized with the Yoast SEO plugin v27.4 - https:\/\/yoast.com\/product\/yoast-seo-wordpress\/ -->\n<title>TO\u021aI COPIII se nasc BUNI! - ADRA Moldova<\/title>\n<meta name=\"robots\" content=\"index, follow, max-snippet:-1, max-image-preview:large, max-video-preview:-1\" \/>\n<link rel=\"canonical\" href=\"https:\/\/adra.md\/ru\/toti-copiii-se-nasc-buni\/\" \/>\n<meta property=\"og:locale\" content=\"ru_RU\" \/>\n<meta property=\"og:type\" content=\"article\" \/>\n<meta property=\"og:title\" content=\"TO\u021aI COPIII se nasc BUNI! - ADRA Moldova\" \/>\n<meta property=\"og:description\" content=\"Cum punem etichete copiilor, chiar fiind cei mai bl\u00e2nzi adul\u021bi&#8230; TO\u021aI COPIII, se nasc BUNI! \u00centregul video \u00eel vede\u021bi aici https:\/\/youtube.com\/shorts\/swqG5_TWjfA?feature=share\" \/>\n<meta property=\"og:url\" content=\"https:\/\/adra.md\/ru\/toti-copiii-se-nasc-buni\/\" \/>\n<meta property=\"og:site_name\" content=\"ADRA Moldova\" \/>\n<meta property=\"article:published_time\" content=\"2023-06-16T10:50:49+00:00\" \/>\n<meta property=\"article:modified_time\" content=\"2023-06-19T07:01:18+00:00\" \/>\n<meta property=\"og:image\" content=\"https:\/\/adra.md\/wp-content\/uploads\/2023\/02\/331077947_1099576978110342_7173111195482820218_n.jpg\" \/>\n\t<meta property=\"og:image:width\" content=\"1440\" \/>\n\t<meta property=\"og:image:height\" content=\"1800\" \/>\n\t<meta property=\"og:image:type\" content=\"image\/jpeg\" \/>\n<meta name=\"author\" content=\"ADRA Moldova\" \/>\n<meta name=\"twitter:card\" content=\"summary_large_image\" \/>\n<meta name=\"twitter:label1\" content=\"\u041d\u0430\u043f\u0438\u0441\u0430\u043d\u043e \u0430\u0432\u0442\u043e\u0440\u043e\u043c\" \/>\n\t<meta name=\"twitter:data1\" content=\"ADRA Moldova\" \/>\n<script type=\"application\/ld+json\" class=\"yoast-schema-graph\">{\"@context\":\"https:\\\/\\\/schema.org\",\"@graph\":[{\"@type\":\"Article\",\"@id\":\"https:\\\/\\\/adra.md\\\/toti-copiii-se-nasc-buni\\\/#article\",\"isPartOf\":{\"@id\":\"https:\\\/\\\/adra.md\\\/toti-copiii-se-nasc-buni\\\/\"},\"author\":{\"name\":\"ADRA Moldova\",\"@id\":\"https:\\\/\\\/adra.md\\\/#\\\/schema\\\/person\\\/b0181e611ee89738cefb7dc2db2bb8d1\"},\"headline\":\"TO\u021aI COPIII se nasc BUNI!\",\"datePublished\":\"2023-06-16T10:50:49+00:00\",\"dateModified\":\"2023-06-19T07:01:18+00:00\",\"mainEntityOfPage\":{\"@id\":\"https:\\\/\\\/adra.md\\\/toti-copiii-se-nasc-buni\\\/\"},\"wordCount\":70,\"publisher\":{\"@id\":\"https:\\\/\\\/adra.md\\\/#organization\"},\"image\":{\"@id\":\"https:\\\/\\\/adra.md\\\/toti-copiii-se-nasc-buni\\\/#primaryimage\"},\"thumbnailUrl\":\"https:\\\/\\\/adra.md\\\/wp-content\\\/uploads\\\/2023\\\/02\\\/331077947_1099576978110342_7173111195482820218_n.jpg\",\"articleSection\":[\"News\"],\"inLanguage\":\"ru-RU\"},{\"@type\":\"WebPage\",\"@id\":\"https:\\\/\\\/adra.md\\\/toti-copiii-se-nasc-buni\\\/\",\"url\":\"https:\\\/\\\/adra.md\\\/toti-copiii-se-nasc-buni\\\/\",\"name\":\"TO\u021aI COPIII se nasc BUNI! - ADRA Moldova\",\"isPartOf\":{\"@id\":\"https:\\\/\\\/adra.md\\\/#website\"},\"primaryImageOfPage\":{\"@id\":\"https:\\\/\\\/adra.md\\\/toti-copiii-se-nasc-buni\\\/#primaryimage\"},\"image\":{\"@id\":\"https:\\\/\\\/adra.md\\\/toti-copiii-se-nasc-buni\\\/#primaryimage\"},\"thumbnailUrl\":\"https:\\\/\\\/adra.md\\\/wp-content\\\/uploads\\\/2023\\\/02\\\/331077947_1099576978110342_7173111195482820218_n.jpg\",\"datePublished\":\"2023-06-16T10:50:49+00:00\",\"dateModified\":\"2023-06-19T07:01:18+00:00\",\"breadcrumb\":{\"@id\":\"https:\\\/\\\/adra.md\\\/toti-copiii-se-nasc-buni\\\/#breadcrumb\"},\"inLanguage\":\"ru-RU\",\"potentialAction\":[{\"@type\":\"ReadAction\",\"target\":[\"https:\\\/\\\/adra.md\\\/toti-copiii-se-nasc-buni\\\/\"]}]},{\"@type\":\"ImageObject\",\"inLanguage\":\"ru-RU\",\"@id\":\"https:\\\/\\\/adra.md\\\/toti-copiii-se-nasc-buni\\\/#primaryimage\",\"url\":\"https:\\\/\\\/adra.md\\\/wp-content\\\/uploads\\\/2023\\\/02\\\/331077947_1099576978110342_7173111195482820218_n.jpg\",\"contentUrl\":\"https:\\\/\\\/adra.md\\\/wp-content\\\/uploads\\\/2023\\\/02\\\/331077947_1099576978110342_7173111195482820218_n.jpg\",\"width\":1440,\"height\":1800},{\"@type\":\"BreadcrumbList\",\"@id\":\"https:\\\/\\\/adra.md\\\/toti-copiii-se-nasc-buni\\\/#breadcrumb\",\"itemListElement\":[{\"@type\":\"ListItem\",\"position\":1,\"name\":\"Home\",\"item\":\"https:\\\/\\\/adra.md\\\/\"},{\"@type\":\"ListItem\",\"position\":2,\"name\":\"TO\u021aI COPIII se nasc BUNI!\"}]},{\"@type\":\"WebSite\",\"@id\":\"https:\\\/\\\/adra.md\\\/#website\",\"url\":\"https:\\\/\\\/adra.md\\\/\",\"name\":\"ADRA Moldova\",\"description\":\"Agen\u0163ia Adventist\u0103 pentru Dezvoltare, Refacere \u015fi Ajutor\",\"publisher\":{\"@id\":\"https:\\\/\\\/adra.md\\\/#organization\"},\"potentialAction\":[{\"@type\":\"SearchAction\",\"target\":{\"@type\":\"EntryPoint\",\"urlTemplate\":\"https:\\\/\\\/adra.md\\\/?s={search_term_string}\"},\"query-input\":{\"@type\":\"PropertyValueSpecification\",\"valueRequired\":true,\"valueName\":\"search_term_string\"}}],\"inLanguage\":\"ru-RU\"},{\"@type\":\"Organization\",\"@id\":\"https:\\\/\\\/adra.md\\\/#organization\",\"name\":\"ADRA Moldova\",\"url\":\"https:\\\/\\\/adra.md\\\/\",\"logo\":{\"@type\":\"ImageObject\",\"inLanguage\":\"ru-RU\",\"@id\":\"https:\\\/\\\/adra.md\\\/#\\\/schema\\\/logo\\\/image\\\/\",\"url\":\"https:\\\/\\\/adra.md\\\/wp-content\\\/uploads\\\/2019\\\/11\\\/group-435.png\",\"contentUrl\":\"https:\\\/\\\/adra.md\\\/wp-content\\\/uploads\\\/2019\\\/11\\\/group-435.png\",\"width\":500,\"height\":133,\"caption\":\"ADRA Moldova\"},\"image\":{\"@id\":\"https:\\\/\\\/adra.md\\\/#\\\/schema\\\/logo\\\/image\\\/\"}},{\"@type\":\"Person\",\"@id\":\"https:\\\/\\\/adra.md\\\/#\\\/schema\\\/person\\\/b0181e611ee89738cefb7dc2db2bb8d1\",\"name\":\"ADRA Moldova\",\"url\":\"https:\\\/\\\/adra.md\\\/ru\\\/author\\\/andrei-girleanu\\\/\"}]}<\/script>\n<!-- \/ Yoast SEO plugin. -->","yoast_head_json":{"title":"TO\u021aI COPIII se nasc BUNI! - ADRA Moldova","robots":{"index":"index","follow":"follow","max-snippet":"max-snippet:-1","max-image-preview":"max-image-preview:large","max-video-preview":"max-video-preview:-1"},"canonical":"https:\/\/adra.md\/ru\/toti-copiii-se-nasc-buni\/","og_locale":"ru_RU","og_type":"article","og_title":"TO\u021aI COPIII se nasc BUNI! - ADRA Moldova","og_description":"Cum punem etichete copiilor, chiar fiind cei mai bl\u00e2nzi adul\u021bi&#8230; TO\u021aI COPIII, se nasc BUNI! \u00centregul video \u00eel vede\u021bi aici https:\/\/youtube.com\/shorts\/swqG5_TWjfA?feature=share","og_url":"https:\/\/adra.md\/ru\/toti-copiii-se-nasc-buni\/","og_site_name":"ADRA Moldova","article_published_time":"2023-06-16T10:50:49+00:00","article_modified_time":"2023-06-19T07:01:18+00:00","og_image":[{"width":1440,"height":1800,"url":"https:\/\/adra.md\/wp-content\/uploads\/2023\/02\/331077947_1099576978110342_7173111195482820218_n.jpg","type":"image\/jpeg"}],"author":"ADRA Moldova","twitter_card":"summary_large_image","twitter_misc":{"\u041d\u0430\u043f\u0438\u0441\u0430\u043d\u043e \u0430\u0432\u0442\u043e\u0440\u043e\u043c":"ADRA Moldova"},"schema":{"@context":"https:\/\/schema.org","@graph":[{"@type":"Article","@id":"https:\/\/adra.md\/toti-copiii-se-nasc-buni\/#article","isPartOf":{"@id":"https:\/\/adra.md\/toti-copiii-se-nasc-buni\/"},"author":{"name":"ADRA Moldova","@id":"https:\/\/adra.md\/#\/schema\/person\/b0181e611ee89738cefb7dc2db2bb8d1"},"headline":"TO\u021aI COPIII se nasc BUNI!","datePublished":"2023-06-16T10:50:49+00:00","dateModified":"2023-06-19T07:01:18+00:00","mainEntityOfPage":{"@id":"https:\/\/adra.md\/toti-copiii-se-nasc-buni\/"},"wordCount":70,"publisher":{"@id":"https:\/\/adra.md\/#organization"},"image":{"@id":"https:\/\/adra.md\/toti-copiii-se-nasc-buni\/#primaryimage"},"thumbnailUrl":"https:\/\/adra.md\/wp-content\/uploads\/2023\/02\/331077947_1099576978110342_7173111195482820218_n.jpg","articleSection":["News"],"inLanguage":"ru-RU"},{"@type":"WebPage","@id":"https:\/\/adra.md\/toti-copiii-se-nasc-buni\/","url":"https:\/\/adra.md\/toti-copiii-se-nasc-buni\/","name":"TO\u021aI COPIII se nasc BUNI! - ADRA Moldova","isPartOf":{"@id":"https:\/\/adra.md\/#website"},"primaryImageOfPage":{"@id":"https:\/\/adra.md\/toti-copiii-se-nasc-buni\/#primaryimage"},"image":{"@id":"https:\/\/adra.md\/toti-copiii-se-nasc-buni\/#primaryimage"},"thumbnailUrl":"https:\/\/adra.md\/wp-content\/uploads\/2023\/02\/331077947_1099576978110342_7173111195482820218_n.jpg","datePublished":"2023-06-16T10:50:49+00:00","dateModified":"2023-06-19T07:01:18+00:00","breadcrumb":{"@id":"https:\/\/adra.md\/toti-copiii-se-nasc-buni\/#breadcrumb"},"inLanguage":"ru-RU","potentialAction":[{"@type":"ReadAction","target":["https:\/\/adra.md\/toti-copiii-se-nasc-buni\/"]}]},{"@type":"ImageObject","inLanguage":"ru-RU","@id":"https:\/\/adra.md\/toti-copiii-se-nasc-buni\/#primaryimage","url":"https:\/\/adra.md\/wp-content\/uploads\/2023\/02\/331077947_1099576978110342_7173111195482820218_n.jpg","contentUrl":"https:\/\/adra.md\/wp-content\/uploads\/2023\/02\/331077947_1099576978110342_7173111195482820218_n.jpg","width":1440,"height":1800},{"@type":"BreadcrumbList","@id":"https:\/\/adra.md\/toti-copiii-se-nasc-buni\/#breadcrumb","itemListElement":[{"@type":"ListItem","position":1,"name":"Home","item":"https:\/\/adra.md\/"},{"@type":"ListItem","position":2,"name":"TO\u021aI COPIII se nasc BUNI!"}]},{"@type":"WebSite","@id":"https:\/\/adra.md\/#website","url":"https:\/\/adra.md\/","name":"ADRA Moldova","description":"Agen\u0163ia Adventist\u0103 pentru Dezvoltare, Refacere \u015fi Ajutor","publisher":{"@id":"https:\/\/adra.md\/#organization"},"potentialAction":[{"@type":"SearchAction","target":{"@type":"EntryPoint","urlTemplate":"https:\/\/adra.md\/?s={search_term_string}"},"query-input":{"@type":"PropertyValueSpecification","valueRequired":true,"valueName":"search_term_string"}}],"inLanguage":"ru-RU"},{"@type":"Organization","@id":"https:\/\/adra.md\/#organization","name":"ADRA Moldova","url":"https:\/\/adra.md\/","logo":{"@type":"ImageObject","inLanguage":"ru-RU","@id":"https:\/\/adra.md\/#\/schema\/logo\/image\/","url":"https:\/\/adra.md\/wp-content\/uploads\/2019\/11\/group-435.png","contentUrl":"https:\/\/adra.md\/wp-content\/uploads\/2019\/11\/group-435.png","width":500,"height":133,"caption":"ADRA Moldova"},"image":{"@id":"https:\/\/adra.md\/#\/schema\/logo\/image\/"}},{"@type":"Person","@id":"https:\/\/adra.md\/#\/schema\/person\/b0181e611ee89738cefb7dc2db2bb8d1","name":"ADRA Moldova","url":"https:\/\/adra.md\/ru\/author\/andrei-girleanu\/"}]}},"_links":{"self":[{"href":"https:\/\/adra.md\/ru\/wp-json\/wp\/v2\/posts\/20526","targetHints":{"allow":["GET"]}}],"collection":[{"href":"https:\/\/adra.md\/ru\/wp-json\/wp\/v2\/posts"}],"about":[{"href":"https:\/\/adra.md\/ru\/wp-json\/wp\/v2\/types\/post"}],"author":[{"embeddable":true,"href":"https:\/\/adra.md\/ru\/wp-json\/wp\/v2\/users\/9"}],"replies":[{"embeddable":true,"href":"https:\/\/adra.md\/ru\/wp-json\/wp\/v2\/comments?post=20526"}],"version-history":[{"count":1,"href":"https:\/\/adra.md\/ru\/wp-json\/wp\/v2\/posts\/20526\/revisions"}],"predecessor-version":[{"id":20528,"href":"https:\/\/adra.md\/ru\/wp-json\/wp\/v2\/posts\/20526\/revisions\/20528"}],"wp:featuredmedia":[{"embeddable":true,"href":"https:\/\/adra.md\/ru\/wp-json\/wp\/v2\/media\/20112"}],"wp:attachment":[{"href":"https:\/\/adra.md\/ru\/wp-json\/wp\/v2\/media?parent=20526"}],"wp:term":[{"taxonomy":"category","embeddable":true,"href":"https:\/\/adra.md\/ru\/wp-json\/wp\/v2\/categories?post=20526"},{"taxonomy":"post_tag","embeddable":true,"href":"https:\/\/adra.md\/ru\/wp-json\/wp\/v2\/tags?post=20526"}],"curies":[{"name":"wp","href":"https:\/\/api.w.org\/{rel}","templated":true}]}}