{"id":20529,"date":"2023-06-19T07:11:45","date_gmt":"2023-06-19T07:11:45","guid":{"rendered":"https:\/\/adra.md\/?p=20529"},"modified":"2023-06-19T07:11:45","modified_gmt":"2023-06-19T07:11:45","slug":"fiecare-contribuie-pentru-schimbare-2","status":"publish","type":"post","link":"https:\/\/adra.md\/ru\/fiecare-contribuie-pentru-schimbare-2\/","title":{"rendered":"Fiecare contribuie pentru schimbare!"},"content":{"rendered":"<div dir=\"auto\">Certificatele pentru procurarea alimentelor au ajuns la destinatari. Cet\u0103\u021benii Ucrainei, 302 la num\u0103r, din localit\u0103\u021bile raionului Anenii Noi \u0219i-au ridicat voucherele pe care le pot valorifica \u00een decursul urm\u0103toarelor 3 luni, la diferite re\u021bele de magazine, disponibile at\u00e2t \u00een or.Anenii Noi, c\u00e2t \u0219i \u00een Chi\u0219in\u0103u. Tuturor beneficiarilor le-a z\u00e2mbit \u0219i le-a r\u0103spuns la \u00eentreb\u0103ri echipa FCPS.<\/div>\n<div dir=\"auto\"><span class=\"x3nfvp2 x1j61x8r x1fcty0u xdj266r xhhsvwb xat24cr xgzva0m xxymvpz xlup9mm x1kky2od\"><img decoding=\"async\" src=\"https:\/\/static.xx.fbcdn.net\/images\/emoji.php\/v9\/t3\/2\/16\/1f91d.png\" alt=\"\ud83e\udd1d\" width=\"16\" height=\"16\" \/><\/span>\u201eV\u0103 mul\u021bumim, pentru grij\u0103!\u201d a fost rostit de mai multe ori \u00een adresa donatorilor, ca r\u0103spuns pentru ajutor. Dup\u0103 dou\u0103 luni de re\u021bineri a asisten\u021bei \u00een numerar pentru refugia\u021bii ucraineni \u00een Moldova, la unele familii \u0219i de trei luni, acest suport a devenit de valoare. Pentru efecien\u021ba, rapiditate procesului de repartizare a voucherilor s-au implicat voluntari din Ucraina. Acest fapt a contribuit la o conlucrare frumoas\u0103 si prietenoas\u0103.<\/div>\n<div dir=\"auto\"><span class=\"x3nfvp2 x1j61x8r x1fcty0u xdj266r xhhsvwb xat24cr xgzva0m xxymvpz xlup9mm x1kky2od\"><img decoding=\"async\" src=\"https:\/\/static.xx.fbcdn.net\/images\/emoji.php\/v9\/tb4\/2\/16\/2705.png\" alt=\"\u2705\" width=\"16\" height=\"16\" \/><\/span> Ajutorul a fost acordat \u00een cadrul proiectului \u201eEvacuare, Asisten\u021b\u0103 \u0219i Protec\u021bie pentru salvarea vie\u021bilor \u00een Ucraina, Moldova, Rom\u00e2nia 2022, r\u0103zboi, protec\u021bie \u0219i numerar\u201d, implementat de AO \u201eFiecare Contribuie pentru Schimbare\u201d \u00een parteneriat cu <a class=\"x1i10hfl xjbqb8w x6umtig x1b1mbwd xaqea5y xav7gou x9f619 x1ypdohk xt0psk2 xe8uvvx xdj266r x11i5rnm xat24cr x1mh8g0r xexx8yu x4uap5 x18d9i69 xkhd6sd x16tdsg8 x1hl2dhg xggy1nq x1a2a7pz xt0b8zv x1qq9wsj xo1l8bm\" tabindex=\"0\" role=\"link\" href=\"https:\/\/www.facebook.com\/ADRAMoldova?__cft__[0]=AZWi22ChV-trTVDY5aV223P6lSR7uqz5bAgH1XALAI9QruBJO_FXFuhB-KnWMmqvnr-5FNnq99i0TdQwuNPG4j0Lo-bDfiwvqvtAWKjtdZ35oANo12ZU1e7I4KH7e799k61NUI98sTCmMAV4w8dpVQQRhjXip1hu4UHQlklvOSX9XgFpsO-tTV6ItOwg99NG4kY8haX3TiirZL7wK5rZ_SXZ&amp;__tn__=-]K-y-R\"><span class=\"xt0psk2\">ADRA Moldova<\/span><\/a>, finan\u021bat de Interna\u021bional Humanitarian Assistance, Government of Canada.<\/div>\n<div dir=\"auto\"><\/div>\n<div dir=\"auto\"><img fetchpriority=\"high\" decoding=\"async\" class=\"alignnone size-medium wp-image-20530\" src=\"https:\/\/adra.md\/wp-content\/uploads\/2023\/06\/348959887_604489845077050_2918905668298656003_n-300x225.jpg\" alt=\"\" width=\"300\" height=\"225\" srcset=\"https:\/\/adra.md\/wp-content\/uploads\/2023\/06\/348959887_604489845077050_2918905668298656003_n-300x225.jpg 300w, https:\/\/adra.md\/wp-content\/uploads\/2023\/06\/348959887_604489845077050_2918905668298656003_n-1024x768.jpg 1024w, https:\/\/adra.md\/wp-content\/uploads\/2023\/06\/348959887_604489845077050_2918905668298656003_n-768x576.jpg 768w, https:\/\/adra.md\/wp-content\/uploads\/2023\/06\/348959887_604489845077050_2918905668298656003_n-1536x1152.jpg 1536w, https:\/\/adra.md\/wp-content\/uploads\/2023\/06\/348959887_604489845077050_2918905668298656003_n-1000x750.jpg 1000w, https:\/\/adra.md\/wp-content\/uploads\/2023\/06\/348959887_604489845077050_2918905668298656003_n-2000x1500.jpg 2000w, https:\/\/adra.md\/wp-content\/uploads\/2023\/06\/348959887_604489845077050_2918905668298656003_n.jpg 2048w\" sizes=\"(max-width: 300px) 100vw, 300px\" \/> <img loading=\"lazy\" decoding=\"async\" class=\"alignnone size-medium wp-image-20531\" src=\"https:\/\/adra.md\/wp-content\/uploads\/2023\/06\/349079078_711935917374455_3511489226934319946_n-300x225.jpg\" alt=\"\" width=\"300\" height=\"225\" srcset=\"https:\/\/adra.md\/wp-content\/uploads\/2023\/06\/349079078_711935917374455_3511489226934319946_n-300x225.jpg 300w, https:\/\/adra.md\/wp-content\/uploads\/2023\/06\/349079078_711935917374455_3511489226934319946_n-1024x768.jpg 1024w, https:\/\/adra.md\/wp-content\/uploads\/2023\/06\/349079078_711935917374455_3511489226934319946_n-768x576.jpg 768w, https:\/\/adra.md\/wp-content\/uploads\/2023\/06\/349079078_711935917374455_3511489226934319946_n-1536x1152.jpg 1536w, https:\/\/adra.md\/wp-content\/uploads\/2023\/06\/349079078_711935917374455_3511489226934319946_n-1000x750.jpg 1000w, https:\/\/adra.md\/wp-content\/uploads\/2023\/06\/349079078_711935917374455_3511489226934319946_n-2000x1500.jpg 2000w, https:\/\/adra.md\/wp-content\/uploads\/2023\/06\/349079078_711935917374455_3511489226934319946_n.jpg 2048w\" sizes=\"(max-width: 300px) 100vw, 300px\" \/> <img loading=\"lazy\" decoding=\"async\" class=\"alignnone size-medium wp-image-20532\" src=\"https:\/\/adra.md\/wp-content\/uploads\/2023\/06\/349156336_201712676128167_4742189789609780098_n-300x225.jpg\" alt=\"\" width=\"300\" height=\"225\" srcset=\"https:\/\/adra.md\/wp-content\/uploads\/2023\/06\/349156336_201712676128167_4742189789609780098_n-300x225.jpg 300w, https:\/\/adra.md\/wp-content\/uploads\/2023\/06\/349156336_201712676128167_4742189789609780098_n-1024x768.jpg 1024w, https:\/\/adra.md\/wp-content\/uploads\/2023\/06\/349156336_201712676128167_4742189789609780098_n-768x576.jpg 768w, https:\/\/adra.md\/wp-content\/uploads\/2023\/06\/349156336_201712676128167_4742189789609780098_n-1536x1152.jpg 1536w, https:\/\/adra.md\/wp-content\/uploads\/2023\/06\/349156336_201712676128167_4742189789609780098_n-1000x750.jpg 1000w, https:\/\/adra.md\/wp-content\/uploads\/2023\/06\/349156336_201712676128167_4742189789609780098_n-2000x1500.jpg 2000w, https:\/\/adra.md\/wp-content\/uploads\/2023\/06\/349156336_201712676128167_4742189789609780098_n.jpg 2048w\" sizes=\"(max-width: 300px) 100vw, 300px\" \/><\/div>\n<div dir=\"auto\"><\/div>\n<div dir=\"auto\"><img loading=\"lazy\" decoding=\"async\" class=\"alignnone size-medium wp-image-20533\" src=\"https:\/\/adra.md\/wp-content\/uploads\/2023\/06\/349313910_1419965955518052_1735526155146147029_n-300x225.jpg\" alt=\"\" width=\"300\" height=\"225\" srcset=\"https:\/\/adra.md\/wp-content\/uploads\/2023\/06\/349313910_1419965955518052_1735526155146147029_n-300x225.jpg 300w, https:\/\/adra.md\/wp-content\/uploads\/2023\/06\/349313910_1419965955518052_1735526155146147029_n-1024x768.jpg 1024w, https:\/\/adra.md\/wp-content\/uploads\/2023\/06\/349313910_1419965955518052_1735526155146147029_n-768x576.jpg 768w, https:\/\/adra.md\/wp-content\/uploads\/2023\/06\/349313910_1419965955518052_1735526155146147029_n-1536x1152.jpg 1536w, https:\/\/adra.md\/wp-content\/uploads\/2023\/06\/349313910_1419965955518052_1735526155146147029_n-1000x750.jpg 1000w, https:\/\/adra.md\/wp-content\/uploads\/2023\/06\/349313910_1419965955518052_1735526155146147029_n-2000x1500.jpg 2000w, https:\/\/adra.md\/wp-content\/uploads\/2023\/06\/349313910_1419965955518052_1735526155146147029_n.jpg 2048w\" sizes=\"(max-width: 300px) 100vw, 300px\" \/> <img loading=\"lazy\" decoding=\"async\" class=\"alignnone size-medium wp-image-20534\" src=\"https:\/\/adra.md\/wp-content\/uploads\/2023\/06\/349346625_720336979850951_2465451363516191436_n-300x225.jpg\" alt=\"\" width=\"300\" height=\"225\" srcset=\"https:\/\/adra.md\/wp-content\/uploads\/2023\/06\/349346625_720336979850951_2465451363516191436_n-300x225.jpg 300w, https:\/\/adra.md\/wp-content\/uploads\/2023\/06\/349346625_720336979850951_2465451363516191436_n-1024x768.jpg 1024w, https:\/\/adra.md\/wp-content\/uploads\/2023\/06\/349346625_720336979850951_2465451363516191436_n-768x576.jpg 768w, https:\/\/adra.md\/wp-content\/uploads\/2023\/06\/349346625_720336979850951_2465451363516191436_n-1536x1152.jpg 1536w, https:\/\/adra.md\/wp-content\/uploads\/2023\/06\/349346625_720336979850951_2465451363516191436_n-1000x750.jpg 1000w, https:\/\/adra.md\/wp-content\/uploads\/2023\/06\/349346625_720336979850951_2465451363516191436_n-2000x1500.jpg 2000w, https:\/\/adra.md\/wp-content\/uploads\/2023\/06\/349346625_720336979850951_2465451363516191436_n.jpg 2048w\" sizes=\"(max-width: 300px) 100vw, 300px\" \/> <img loading=\"lazy\" decoding=\"async\" class=\"alignnone size-medium wp-image-20535\" src=\"https:\/\/adra.md\/wp-content\/uploads\/2023\/06\/349917444_951686675959928_1189022968734303426_n-300x225.jpg\" alt=\"\" width=\"300\" height=\"225\" srcset=\"https:\/\/adra.md\/wp-content\/uploads\/2023\/06\/349917444_951686675959928_1189022968734303426_n-300x225.jpg 300w, https:\/\/adra.md\/wp-content\/uploads\/2023\/06\/349917444_951686675959928_1189022968734303426_n-1024x768.jpg 1024w, https:\/\/adra.md\/wp-content\/uploads\/2023\/06\/349917444_951686675959928_1189022968734303426_n-768x576.jpg 768w, https:\/\/adra.md\/wp-content\/uploads\/2023\/06\/349917444_951686675959928_1189022968734303426_n-1536x1152.jpg 1536w, https:\/\/adra.md\/wp-content\/uploads\/2023\/06\/349917444_951686675959928_1189022968734303426_n-1000x750.jpg 1000w, https:\/\/adra.md\/wp-content\/uploads\/2023\/06\/349917444_951686675959928_1189022968734303426_n-2000x1500.jpg 2000w, https:\/\/adra.md\/wp-content\/uploads\/2023\/06\/349917444_951686675959928_1189022968734303426_n.jpg 2048w\" sizes=\"(max-width: 300px) 100vw, 300px\" \/><\/div>\n","protected":false},"excerpt":{"rendered":"<p>Certificatele pentru procurarea alimentelor au ajuns la destinatari. Cet\u0103\u021benii Ucrainei, 302 la num\u0103r, din localit\u0103\u021bile raionului Anenii Noi \u0219i-au ridicat voucherele pe care le pot valorifica \u00een decursul urm\u0103toarelor 3 luni, la diferite re\u021bele de magazine, disponibile at\u00e2t \u00een or.Anenii Noi, c\u00e2t \u0219i \u00een Chi\u0219in\u0103u. Tuturor beneficiarilor le-a z\u00e2mbit \u0219i le-a r\u0103spuns la \u00eentreb\u0103ri echipa [&hellip;]<\/p>\n","protected":false},"author":9,"featured_media":20530,"comment_status":"closed","ping_status":"closed","sticky":false,"template":"","format":"standard","meta":{"_acf_changed":false,"footnotes":""},"categories":[294],"tags":[],"class_list":["post-20529","post","type-post","status-publish","format-standard","has-post-thumbnail","hentry","category-news"],"acf":[],"yoast_head":"<!-- This site is optimized with the Yoast SEO plugin v27.4 - https:\/\/yoast.com\/product\/yoast-seo-wordpress\/ -->\n<title>Fiecare contribuie pentru schimbare! - ADRA Moldova<\/title>\n<meta name=\"robots\" content=\"index, follow, max-snippet:-1, max-image-preview:large, max-video-preview:-1\" \/>\n<link rel=\"canonical\" href=\"https:\/\/adra.md\/ru\/fiecare-contribuie-pentru-schimbare-2\/\" \/>\n<meta property=\"og:locale\" content=\"ru_RU\" \/>\n<meta property=\"og:type\" content=\"article\" \/>\n<meta property=\"og:title\" content=\"Fiecare contribuie pentru schimbare! - ADRA Moldova\" \/>\n<meta property=\"og:description\" content=\"Certificatele pentru procurarea alimentelor au ajuns la destinatari. Cet\u0103\u021benii Ucrainei, 302 la num\u0103r, din localit\u0103\u021bile raionului Anenii Noi \u0219i-au ridicat voucherele pe care le pot valorifica \u00een decursul urm\u0103toarelor 3 luni, la diferite re\u021bele de magazine, disponibile at\u00e2t \u00een or.Anenii Noi, c\u00e2t \u0219i \u00een Chi\u0219in\u0103u. Tuturor beneficiarilor le-a z\u00e2mbit \u0219i le-a r\u0103spuns la \u00eentreb\u0103ri echipa [&hellip;]\" \/>\n<meta property=\"og:url\" content=\"https:\/\/adra.md\/ru\/fiecare-contribuie-pentru-schimbare-2\/\" \/>\n<meta property=\"og:site_name\" content=\"ADRA Moldova\" \/>\n<meta property=\"article:published_time\" content=\"2023-06-19T07:11:45+00:00\" \/>\n<meta property=\"og:image\" content=\"https:\/\/adra.md\/wp-content\/uploads\/2023\/06\/348959887_604489845077050_2918905668298656003_n.jpg\" \/>\n\t<meta property=\"og:image:width\" content=\"2048\" \/>\n\t<meta property=\"og:image:height\" content=\"1536\" \/>\n\t<meta property=\"og:image:type\" content=\"image\/jpeg\" \/>\n<meta name=\"author\" content=\"ADRA Moldova\" \/>\n<meta name=\"twitter:card\" content=\"summary_large_image\" \/>\n<meta name=\"twitter:label1\" content=\"\u041d\u0430\u043f\u0438\u0441\u0430\u043d\u043e \u0430\u0432\u0442\u043e\u0440\u043e\u043c\" \/>\n\t<meta name=\"twitter:data1\" content=\"ADRA Moldova\" \/>\n\t<meta name=\"twitter:label2\" content=\"\u041f\u0440\u0438\u043c\u0435\u0440\u043d\u043e\u0435 \u0432\u0440\u0435\u043c\u044f \u0434\u043b\u044f \u0447\u0442\u0435\u043d\u0438\u044f\" \/>\n\t<meta name=\"twitter:data2\" content=\"1 \u043c\u0438\u043d\u0443\u0442\u0430\" \/>\n<script type=\"application\/ld+json\" class=\"yoast-schema-graph\">{\"@context\":\"https:\\\/\\\/schema.org\",\"@graph\":[{\"@type\":\"Article\",\"@id\":\"https:\\\/\\\/adra.md\\\/fiecare-contribuie-pentru-schimbare-2\\\/#article\",\"isPartOf\":{\"@id\":\"https:\\\/\\\/adra.md\\\/fiecare-contribuie-pentru-schimbare-2\\\/\"},\"author\":{\"name\":\"ADRA Moldova\",\"@id\":\"https:\\\/\\\/adra.md\\\/#\\\/schema\\\/person\\\/b0181e611ee89738cefb7dc2db2bb8d1\"},\"headline\":\"Fiecare contribuie pentru schimbare!\",\"datePublished\":\"2023-06-19T07:11:45+00:00\",\"mainEntityOfPage\":{\"@id\":\"https:\\\/\\\/adra.md\\\/fiecare-contribuie-pentru-schimbare-2\\\/\"},\"wordCount\":194,\"publisher\":{\"@id\":\"https:\\\/\\\/adra.md\\\/#organization\"},\"image\":{\"@id\":\"https:\\\/\\\/adra.md\\\/fiecare-contribuie-pentru-schimbare-2\\\/#primaryimage\"},\"thumbnailUrl\":\"https:\\\/\\\/adra.md\\\/wp-content\\\/uploads\\\/2023\\\/06\\\/348959887_604489845077050_2918905668298656003_n.jpg\",\"articleSection\":[\"News\"],\"inLanguage\":\"ru-RU\"},{\"@type\":\"WebPage\",\"@id\":\"https:\\\/\\\/adra.md\\\/fiecare-contribuie-pentru-schimbare-2\\\/\",\"url\":\"https:\\\/\\\/adra.md\\\/fiecare-contribuie-pentru-schimbare-2\\\/\",\"name\":\"Fiecare contribuie pentru schimbare! - ADRA Moldova\",\"isPartOf\":{\"@id\":\"https:\\\/\\\/adra.md\\\/#website\"},\"primaryImageOfPage\":{\"@id\":\"https:\\\/\\\/adra.md\\\/fiecare-contribuie-pentru-schimbare-2\\\/#primaryimage\"},\"image\":{\"@id\":\"https:\\\/\\\/adra.md\\\/fiecare-contribuie-pentru-schimbare-2\\\/#primaryimage\"},\"thumbnailUrl\":\"https:\\\/\\\/adra.md\\\/wp-content\\\/uploads\\\/2023\\\/06\\\/348959887_604489845077050_2918905668298656003_n.jpg\",\"datePublished\":\"2023-06-19T07:11:45+00:00\",\"breadcrumb\":{\"@id\":\"https:\\\/\\\/adra.md\\\/fiecare-contribuie-pentru-schimbare-2\\\/#breadcrumb\"},\"inLanguage\":\"ru-RU\",\"potentialAction\":[{\"@type\":\"ReadAction\",\"target\":[\"https:\\\/\\\/adra.md\\\/fiecare-contribuie-pentru-schimbare-2\\\/\"]}]},{\"@type\":\"ImageObject\",\"inLanguage\":\"ru-RU\",\"@id\":\"https:\\\/\\\/adra.md\\\/fiecare-contribuie-pentru-schimbare-2\\\/#primaryimage\",\"url\":\"https:\\\/\\\/adra.md\\\/wp-content\\\/uploads\\\/2023\\\/06\\\/348959887_604489845077050_2918905668298656003_n.jpg\",\"contentUrl\":\"https:\\\/\\\/adra.md\\\/wp-content\\\/uploads\\\/2023\\\/06\\\/348959887_604489845077050_2918905668298656003_n.jpg\",\"width\":2048,\"height\":1536},{\"@type\":\"BreadcrumbList\",\"@id\":\"https:\\\/\\\/adra.md\\\/fiecare-contribuie-pentru-schimbare-2\\\/#breadcrumb\",\"itemListElement\":[{\"@type\":\"ListItem\",\"position\":1,\"name\":\"Home\",\"item\":\"https:\\\/\\\/adra.md\\\/\"},{\"@type\":\"ListItem\",\"position\":2,\"name\":\"Fiecare contribuie pentru schimbare!\"}]},{\"@type\":\"WebSite\",\"@id\":\"https:\\\/\\\/adra.md\\\/#website\",\"url\":\"https:\\\/\\\/adra.md\\\/\",\"name\":\"ADRA Moldova\",\"description\":\"Agen\u0163ia Adventist\u0103 pentru Dezvoltare, Refacere \u015fi Ajutor\",\"publisher\":{\"@id\":\"https:\\\/\\\/adra.md\\\/#organization\"},\"potentialAction\":[{\"@type\":\"SearchAction\",\"target\":{\"@type\":\"EntryPoint\",\"urlTemplate\":\"https:\\\/\\\/adra.md\\\/?s={search_term_string}\"},\"query-input\":{\"@type\":\"PropertyValueSpecification\",\"valueRequired\":true,\"valueName\":\"search_term_string\"}}],\"inLanguage\":\"ru-RU\"},{\"@type\":\"Organization\",\"@id\":\"https:\\\/\\\/adra.md\\\/#organization\",\"name\":\"ADRA Moldova\",\"url\":\"https:\\\/\\\/adra.md\\\/\",\"logo\":{\"@type\":\"ImageObject\",\"inLanguage\":\"ru-RU\",\"@id\":\"https:\\\/\\\/adra.md\\\/#\\\/schema\\\/logo\\\/image\\\/\",\"url\":\"https:\\\/\\\/adra.md\\\/wp-content\\\/uploads\\\/2019\\\/11\\\/group-435.png\",\"contentUrl\":\"https:\\\/\\\/adra.md\\\/wp-content\\\/uploads\\\/2019\\\/11\\\/group-435.png\",\"width\":500,\"height\":133,\"caption\":\"ADRA Moldova\"},\"image\":{\"@id\":\"https:\\\/\\\/adra.md\\\/#\\\/schema\\\/logo\\\/image\\\/\"}},{\"@type\":\"Person\",\"@id\":\"https:\\\/\\\/adra.md\\\/#\\\/schema\\\/person\\\/b0181e611ee89738cefb7dc2db2bb8d1\",\"name\":\"ADRA Moldova\",\"url\":\"https:\\\/\\\/adra.md\\\/ru\\\/author\\\/andrei-girleanu\\\/\"}]}<\/script>\n<!-- \/ Yoast SEO plugin. -->","yoast_head_json":{"title":"Fiecare contribuie pentru schimbare! - ADRA Moldova","robots":{"index":"index","follow":"follow","max-snippet":"max-snippet:-1","max-image-preview":"max-image-preview:large","max-video-preview":"max-video-preview:-1"},"canonical":"https:\/\/adra.md\/ru\/fiecare-contribuie-pentru-schimbare-2\/","og_locale":"ru_RU","og_type":"article","og_title":"Fiecare contribuie pentru schimbare! - ADRA Moldova","og_description":"Certificatele pentru procurarea alimentelor au ajuns la destinatari. Cet\u0103\u021benii Ucrainei, 302 la num\u0103r, din localit\u0103\u021bile raionului Anenii Noi \u0219i-au ridicat voucherele pe care le pot valorifica \u00een decursul urm\u0103toarelor 3 luni, la diferite re\u021bele de magazine, disponibile at\u00e2t \u00een or.Anenii Noi, c\u00e2t \u0219i \u00een Chi\u0219in\u0103u. Tuturor beneficiarilor le-a z\u00e2mbit \u0219i le-a r\u0103spuns la \u00eentreb\u0103ri echipa [&hellip;]","og_url":"https:\/\/adra.md\/ru\/fiecare-contribuie-pentru-schimbare-2\/","og_site_name":"ADRA Moldova","article_published_time":"2023-06-19T07:11:45+00:00","og_image":[{"width":2048,"height":1536,"url":"https:\/\/adra.md\/wp-content\/uploads\/2023\/06\/348959887_604489845077050_2918905668298656003_n.jpg","type":"image\/jpeg"}],"author":"ADRA Moldova","twitter_card":"summary_large_image","twitter_misc":{"\u041d\u0430\u043f\u0438\u0441\u0430\u043d\u043e \u0430\u0432\u0442\u043e\u0440\u043e\u043c":"ADRA Moldova","\u041f\u0440\u0438\u043c\u0435\u0440\u043d\u043e\u0435 \u0432\u0440\u0435\u043c\u044f \u0434\u043b\u044f \u0447\u0442\u0435\u043d\u0438\u044f":"1 \u043c\u0438\u043d\u0443\u0442\u0430"},"schema":{"@context":"https:\/\/schema.org","@graph":[{"@type":"Article","@id":"https:\/\/adra.md\/fiecare-contribuie-pentru-schimbare-2\/#article","isPartOf":{"@id":"https:\/\/adra.md\/fiecare-contribuie-pentru-schimbare-2\/"},"author":{"name":"ADRA Moldova","@id":"https:\/\/adra.md\/#\/schema\/person\/b0181e611ee89738cefb7dc2db2bb8d1"},"headline":"Fiecare contribuie pentru schimbare!","datePublished":"2023-06-19T07:11:45+00:00","mainEntityOfPage":{"@id":"https:\/\/adra.md\/fiecare-contribuie-pentru-schimbare-2\/"},"wordCount":194,"publisher":{"@id":"https:\/\/adra.md\/#organization"},"image":{"@id":"https:\/\/adra.md\/fiecare-contribuie-pentru-schimbare-2\/#primaryimage"},"thumbnailUrl":"https:\/\/adra.md\/wp-content\/uploads\/2023\/06\/348959887_604489845077050_2918905668298656003_n.jpg","articleSection":["News"],"inLanguage":"ru-RU"},{"@type":"WebPage","@id":"https:\/\/adra.md\/fiecare-contribuie-pentru-schimbare-2\/","url":"https:\/\/adra.md\/fiecare-contribuie-pentru-schimbare-2\/","name":"Fiecare contribuie pentru schimbare! - ADRA Moldova","isPartOf":{"@id":"https:\/\/adra.md\/#website"},"primaryImageOfPage":{"@id":"https:\/\/adra.md\/fiecare-contribuie-pentru-schimbare-2\/#primaryimage"},"image":{"@id":"https:\/\/adra.md\/fiecare-contribuie-pentru-schimbare-2\/#primaryimage"},"thumbnailUrl":"https:\/\/adra.md\/wp-content\/uploads\/2023\/06\/348959887_604489845077050_2918905668298656003_n.jpg","datePublished":"2023-06-19T07:11:45+00:00","breadcrumb":{"@id":"https:\/\/adra.md\/fiecare-contribuie-pentru-schimbare-2\/#breadcrumb"},"inLanguage":"ru-RU","potentialAction":[{"@type":"ReadAction","target":["https:\/\/adra.md\/fiecare-contribuie-pentru-schimbare-2\/"]}]},{"@type":"ImageObject","inLanguage":"ru-RU","@id":"https:\/\/adra.md\/fiecare-contribuie-pentru-schimbare-2\/#primaryimage","url":"https:\/\/adra.md\/wp-content\/uploads\/2023\/06\/348959887_604489845077050_2918905668298656003_n.jpg","contentUrl":"https:\/\/adra.md\/wp-content\/uploads\/2023\/06\/348959887_604489845077050_2918905668298656003_n.jpg","width":2048,"height":1536},{"@type":"BreadcrumbList","@id":"https:\/\/adra.md\/fiecare-contribuie-pentru-schimbare-2\/#breadcrumb","itemListElement":[{"@type":"ListItem","position":1,"name":"Home","item":"https:\/\/adra.md\/"},{"@type":"ListItem","position":2,"name":"Fiecare contribuie pentru schimbare!"}]},{"@type":"WebSite","@id":"https:\/\/adra.md\/#website","url":"https:\/\/adra.md\/","name":"ADRA Moldova","description":"Agen\u0163ia Adventist\u0103 pentru Dezvoltare, Refacere \u015fi Ajutor","publisher":{"@id":"https:\/\/adra.md\/#organization"},"potentialAction":[{"@type":"SearchAction","target":{"@type":"EntryPoint","urlTemplate":"https:\/\/adra.md\/?s={search_term_string}"},"query-input":{"@type":"PropertyValueSpecification","valueRequired":true,"valueName":"search_term_string"}}],"inLanguage":"ru-RU"},{"@type":"Organization","@id":"https:\/\/adra.md\/#organization","name":"ADRA Moldova","url":"https:\/\/adra.md\/","logo":{"@type":"ImageObject","inLanguage":"ru-RU","@id":"https:\/\/adra.md\/#\/schema\/logo\/image\/","url":"https:\/\/adra.md\/wp-content\/uploads\/2019\/11\/group-435.png","contentUrl":"https:\/\/adra.md\/wp-content\/uploads\/2019\/11\/group-435.png","width":500,"height":133,"caption":"ADRA Moldova"},"image":{"@id":"https:\/\/adra.md\/#\/schema\/logo\/image\/"}},{"@type":"Person","@id":"https:\/\/adra.md\/#\/schema\/person\/b0181e611ee89738cefb7dc2db2bb8d1","name":"ADRA Moldova","url":"https:\/\/adra.md\/ru\/author\/andrei-girleanu\/"}]}},"_links":{"self":[{"href":"https:\/\/adra.md\/ru\/wp-json\/wp\/v2\/posts\/20529","targetHints":{"allow":["GET"]}}],"collection":[{"href":"https:\/\/adra.md\/ru\/wp-json\/wp\/v2\/posts"}],"about":[{"href":"https:\/\/adra.md\/ru\/wp-json\/wp\/v2\/types\/post"}],"author":[{"embeddable":true,"href":"https:\/\/adra.md\/ru\/wp-json\/wp\/v2\/users\/9"}],"replies":[{"embeddable":true,"href":"https:\/\/adra.md\/ru\/wp-json\/wp\/v2\/comments?post=20529"}],"version-history":[{"count":1,"href":"https:\/\/adra.md\/ru\/wp-json\/wp\/v2\/posts\/20529\/revisions"}],"predecessor-version":[{"id":20536,"href":"https:\/\/adra.md\/ru\/wp-json\/wp\/v2\/posts\/20529\/revisions\/20536"}],"wp:featuredmedia":[{"embeddable":true,"href":"https:\/\/adra.md\/ru\/wp-json\/wp\/v2\/media\/20530"}],"wp:attachment":[{"href":"https:\/\/adra.md\/ru\/wp-json\/wp\/v2\/media?parent=20529"}],"wp:term":[{"taxonomy":"category","embeddable":true,"href":"https:\/\/adra.md\/ru\/wp-json\/wp\/v2\/categories?post=20529"},{"taxonomy":"post_tag","embeddable":true,"href":"https:\/\/adra.md\/ru\/wp-json\/wp\/v2\/tags?post=20529"}],"curies":[{"name":"wp","href":"https:\/\/api.w.org\/{rel}","templated":true}]}}