{"id":20537,"date":"2023-06-19T07:28:58","date_gmt":"2023-06-19T07:28:58","guid":{"rendered":"https:\/\/adra.md\/?p=20537"},"modified":"2023-06-19T07:28:58","modified_gmt":"2023-06-19T07:28:58","slug":"sa-incepem-vara-cu-multa-bucurie-si-culoare","status":"publish","type":"post","link":"https:\/\/adra.md\/ru\/sa-incepem-vara-cu-multa-bucurie-si-culoare\/","title":{"rendered":"S\u0103 \u00eencepem vara cu mult\u0103 bucurie \u0219i culoare!"},"content":{"rendered":"<p>Cu cele mai sincere ur\u0103ri de succes \u0219i mult\u0103 inspira\u021bie, \u00eencheiem colaborarea \u00een acest an \u0219colar cu \u0218coala de Arte din or. Criuleni cu o dona\u021bie de echipamente din partea partenerilor AO FCPS, \u0219i anume<a class=\"x1i10hfl xjbqb8w x6umtig x1b1mbwd xaqea5y xav7gou x9f619 x1ypdohk xt0psk2 xe8uvvx xdj266r x11i5rnm xat24cr x1mh8g0r xexx8yu x4uap5 x18d9i69 xkhd6sd x16tdsg8 x1hl2dhg xggy1nq x1a2a7pz xt0b8zv x1qq9wsj xo1l8bm\" tabindex=\"0\" role=\"link\" href=\"https:\/\/www.facebook.com\/ADRAMoldova?__cft__[0]=AZUC84n89wFO8B3PM5w512tgBWSd6j8BMVv9ZTzjqgLQrSNGnP-uZMoMOA4teLnKwke-ef6iin0laAdFAsDyT3ApccvMSYPoXjIfNbeE1hN1p2NKgGqFN8gN4r8hLt936SrtzS9cTclOT5UWZeK1YOfv8d1e9bEDe_s69lqsbxlUaLIWV_avq2SjEjVOPtL0nHOjAV9ngaNJ-uprW1yMm9n_&amp;__tn__=-]K-y-R\"><span class=\"xt0psk2\"> ADRA Moldov<\/span><\/a>a \u0219i<a class=\"x1i10hfl xjbqb8w x6umtig x1b1mbwd xaqea5y xav7gou x9f619 x1ypdohk xt0psk2 xe8uvvx xdj266r x11i5rnm xat24cr x1mh8g0r xexx8yu x4uap5 x18d9i69 xkhd6sd x16tdsg8 x1hl2dhg xggy1nq x1a2a7pz xt0b8zv x1qq9wsj xo1l8bm\" tabindex=\"0\" role=\"link\" href=\"https:\/\/www.facebook.com\/fundatiapentrudezvoltare?__cft__[0]=AZUC84n89wFO8B3PM5w512tgBWSd6j8BMVv9ZTzjqgLQrSNGnP-uZMoMOA4teLnKwke-ef6iin0laAdFAsDyT3ApccvMSYPoXjIfNbeE1hN1p2NKgGqFN8gN4r8hLt936SrtzS9cTclOT5UWZeK1YOfv8d1e9bEDe_s69lqsbxlUaLIWV_avq2SjEjVOPtL0nHOjAV9ngaNJ-uprW1yMm9n_&amp;__tn__=-]K-y-R\"><span class=\"xt0psk2\"> Funda\u021bia pentru Dezvoltar<\/span><\/a>e. Sper\u0103m c\u0103 masa-transformer \u0219i cele 10 Bean bag \u2013uri se vor \u00eencadra perfect \u00een anturajul \u0218colii de Arte \u0219i vor crea condi\u021bii mai bune pentru stimularea creativit\u0103\u021bii copiilor \u0219i atractivit\u0103\u021bii ocupa\u021biilor artistice pentru discipolii de toate v\u00e2rstele a institu\u021biei, inclusiv pentru copiii refugia\u021bi din Ucraina. V\u0103 mul\u021bumim, stima\u021bi parteneri<a class=\"x1i10hfl xjbqb8w x6umtig x1b1mbwd xaqea5y xav7gou x9f619 x1ypdohk xt0psk2 xe8uvvx xdj266r x11i5rnm xat24cr x1mh8g0r xexx8yu x4uap5 x18d9i69 xkhd6sd x16tdsg8 x1hl2dhg xggy1nq x1a2a7pz xt0b8zv x1qq9wsj xo1l8bm\" tabindex=\"0\" role=\"link\" href=\"https:\/\/www.facebook.com\/ScoaladeArteCR?__cft__[0]=AZUC84n89wFO8B3PM5w512tgBWSd6j8BMVv9ZTzjqgLQrSNGnP-uZMoMOA4teLnKwke-ef6iin0laAdFAsDyT3ApccvMSYPoXjIfNbeE1hN1p2NKgGqFN8gN4r8hLt936SrtzS9cTclOT5UWZeK1YOfv8d1e9bEDe_s69lqsbxlUaLIWV_avq2SjEjVOPtL0nHOjAV9ngaNJ-uprW1yMm9n_&amp;__tn__=-]K-y-R\"><span class=\"xt0psk2\"> \u0218coala de Arte Criulen<\/span><\/a>i, pentru colaborare, pe care o vedem \u0219i \u00een continuare fructuoas\u0103 \u0219i prietenoas\u0103! V\u0103 dorim o vacan\u021b\u0103 lini\u0219titi\u0103 \u0219i Pace.<\/p>\n<p>&nbsp;<\/p>\n<p><img fetchpriority=\"high\" decoding=\"async\" class=\"alignnone size-medium wp-image-20538\" src=\"https:\/\/adra.md\/wp-content\/uploads\/2023\/06\/350345208_219445780872412_5780887980075350916_n-300x225.jpg\" alt=\"\" width=\"300\" height=\"225\" srcset=\"https:\/\/adra.md\/wp-content\/uploads\/2023\/06\/350345208_219445780872412_5780887980075350916_n-300x225.jpg 300w, https:\/\/adra.md\/wp-content\/uploads\/2023\/06\/350345208_219445780872412_5780887980075350916_n-1024x768.jpg 1024w, https:\/\/adra.md\/wp-content\/uploads\/2023\/06\/350345208_219445780872412_5780887980075350916_n-768x576.jpg 768w, https:\/\/adra.md\/wp-content\/uploads\/2023\/06\/350345208_219445780872412_5780887980075350916_n-1536x1152.jpg 1536w, https:\/\/adra.md\/wp-content\/uploads\/2023\/06\/350345208_219445780872412_5780887980075350916_n-1000x750.jpg 1000w, https:\/\/adra.md\/wp-content\/uploads\/2023\/06\/350345208_219445780872412_5780887980075350916_n-2000x1500.jpg 2000w, https:\/\/adra.md\/wp-content\/uploads\/2023\/06\/350345208_219445780872412_5780887980075350916_n.jpg 2048w\" sizes=\"(max-width: 300px) 100vw, 300px\" \/> <img decoding=\"async\" class=\"alignnone size-medium wp-image-20539\" src=\"https:\/\/adra.md\/wp-content\/uploads\/2023\/06\/350350022_616755303741801_8108220095187396408_n-300x225.jpg\" alt=\"\" width=\"300\" height=\"225\" srcset=\"https:\/\/adra.md\/wp-content\/uploads\/2023\/06\/350350022_616755303741801_8108220095187396408_n-300x225.jpg 300w, https:\/\/adra.md\/wp-content\/uploads\/2023\/06\/350350022_616755303741801_8108220095187396408_n-1024x768.jpg 1024w, https:\/\/adra.md\/wp-content\/uploads\/2023\/06\/350350022_616755303741801_8108220095187396408_n-768x576.jpg 768w, https:\/\/adra.md\/wp-content\/uploads\/2023\/06\/350350022_616755303741801_8108220095187396408_n-1536x1152.jpg 1536w, https:\/\/adra.md\/wp-content\/uploads\/2023\/06\/350350022_616755303741801_8108220095187396408_n-1000x750.jpg 1000w, https:\/\/adra.md\/wp-content\/uploads\/2023\/06\/350350022_616755303741801_8108220095187396408_n-2000x1500.jpg 2000w, https:\/\/adra.md\/wp-content\/uploads\/2023\/06\/350350022_616755303741801_8108220095187396408_n.jpg 2048w\" sizes=\"(max-width: 300px) 100vw, 300px\" \/> <img decoding=\"async\" class=\"alignnone size-medium wp-image-20540\" src=\"https:\/\/adra.md\/wp-content\/uploads\/2023\/06\/350512042_974798463558505_661006347830468543_n-300x225.jpg\" alt=\"\" width=\"300\" height=\"225\" srcset=\"https:\/\/adra.md\/wp-content\/uploads\/2023\/06\/350512042_974798463558505_661006347830468543_n-300x225.jpg 300w, https:\/\/adra.md\/wp-content\/uploads\/2023\/06\/350512042_974798463558505_661006347830468543_n-1024x768.jpg 1024w, https:\/\/adra.md\/wp-content\/uploads\/2023\/06\/350512042_974798463558505_661006347830468543_n-768x576.jpg 768w, https:\/\/adra.md\/wp-content\/uploads\/2023\/06\/350512042_974798463558505_661006347830468543_n-1536x1152.jpg 1536w, https:\/\/adra.md\/wp-content\/uploads\/2023\/06\/350512042_974798463558505_661006347830468543_n-1000x750.jpg 1000w, https:\/\/adra.md\/wp-content\/uploads\/2023\/06\/350512042_974798463558505_661006347830468543_n-2000x1500.jpg 2000w, https:\/\/adra.md\/wp-content\/uploads\/2023\/06\/350512042_974798463558505_661006347830468543_n.jpg 2048w\" sizes=\"(max-width: 300px) 100vw, 300px\" \/><\/p>\n<p><img loading=\"lazy\" decoding=\"async\" class=\"alignnone size-medium wp-image-20541\" src=\"https:\/\/adra.md\/wp-content\/uploads\/2023\/06\/350529275_657432812881617_8139311291349400422_n-300x225.jpg\" alt=\"\" width=\"300\" height=\"225\" srcset=\"https:\/\/adra.md\/wp-content\/uploads\/2023\/06\/350529275_657432812881617_8139311291349400422_n-300x225.jpg 300w, https:\/\/adra.md\/wp-content\/uploads\/2023\/06\/350529275_657432812881617_8139311291349400422_n-1024x768.jpg 1024w, https:\/\/adra.md\/wp-content\/uploads\/2023\/06\/350529275_657432812881617_8139311291349400422_n-768x576.jpg 768w, https:\/\/adra.md\/wp-content\/uploads\/2023\/06\/350529275_657432812881617_8139311291349400422_n-1536x1152.jpg 1536w, https:\/\/adra.md\/wp-content\/uploads\/2023\/06\/350529275_657432812881617_8139311291349400422_n-1000x750.jpg 1000w, https:\/\/adra.md\/wp-content\/uploads\/2023\/06\/350529275_657432812881617_8139311291349400422_n-2000x1500.jpg 2000w, https:\/\/adra.md\/wp-content\/uploads\/2023\/06\/350529275_657432812881617_8139311291349400422_n.jpg 2048w\" sizes=\"(max-width: 300px) 100vw, 300px\" \/> <img loading=\"lazy\" decoding=\"async\" class=\"alignnone size-medium wp-image-20542\" src=\"https:\/\/adra.md\/wp-content\/uploads\/2023\/06\/350664324_6589477877730297_7278088287521321920_n-300x225.jpg\" alt=\"\" width=\"300\" height=\"225\" srcset=\"https:\/\/adra.md\/wp-content\/uploads\/2023\/06\/350664324_6589477877730297_7278088287521321920_n-300x225.jpg 300w, https:\/\/adra.md\/wp-content\/uploads\/2023\/06\/350664324_6589477877730297_7278088287521321920_n-1024x768.jpg 1024w, https:\/\/adra.md\/wp-content\/uploads\/2023\/06\/350664324_6589477877730297_7278088287521321920_n-768x576.jpg 768w, https:\/\/adra.md\/wp-content\/uploads\/2023\/06\/350664324_6589477877730297_7278088287521321920_n-1536x1152.jpg 1536w, https:\/\/adra.md\/wp-content\/uploads\/2023\/06\/350664324_6589477877730297_7278088287521321920_n-1000x750.jpg 1000w, https:\/\/adra.md\/wp-content\/uploads\/2023\/06\/350664324_6589477877730297_7278088287521321920_n.jpg 1600w\" sizes=\"(max-width: 300px) 100vw, 300px\" \/> <img loading=\"lazy\" decoding=\"async\" class=\"alignnone size-medium wp-image-20543\" src=\"https:\/\/adra.md\/wp-content\/uploads\/2023\/06\/350806508_204850778641822_1720049223127671306_n-300x225.jpg\" alt=\"\" width=\"300\" height=\"225\" srcset=\"https:\/\/adra.md\/wp-content\/uploads\/2023\/06\/350806508_204850778641822_1720049223127671306_n-300x225.jpg 300w, https:\/\/adra.md\/wp-content\/uploads\/2023\/06\/350806508_204850778641822_1720049223127671306_n-1024x768.jpg 1024w, https:\/\/adra.md\/wp-content\/uploads\/2023\/06\/350806508_204850778641822_1720049223127671306_n-768x576.jpg 768w, https:\/\/adra.md\/wp-content\/uploads\/2023\/06\/350806508_204850778641822_1720049223127671306_n-1536x1152.jpg 1536w, https:\/\/adra.md\/wp-content\/uploads\/2023\/06\/350806508_204850778641822_1720049223127671306_n-1000x750.jpg 1000w, https:\/\/adra.md\/wp-content\/uploads\/2023\/06\/350806508_204850778641822_1720049223127671306_n-2000x1500.jpg 2000w, https:\/\/adra.md\/wp-content\/uploads\/2023\/06\/350806508_204850778641822_1720049223127671306_n.jpg 2048w\" sizes=\"(max-width: 300px) 100vw, 300px\" \/><\/p>\n<p><img loading=\"lazy\" decoding=\"async\" class=\"alignnone size-medium wp-image-20544\" src=\"https:\/\/adra.md\/wp-content\/uploads\/2023\/06\/350864973_749790990214554_8794774643907702210_n-300x225.jpg\" alt=\"\" width=\"300\" height=\"225\" srcset=\"https:\/\/adra.md\/wp-content\/uploads\/2023\/06\/350864973_749790990214554_8794774643907702210_n-300x225.jpg 300w, https:\/\/adra.md\/wp-content\/uploads\/2023\/06\/350864973_749790990214554_8794774643907702210_n-1024x768.jpg 1024w, https:\/\/adra.md\/wp-content\/uploads\/2023\/06\/350864973_749790990214554_8794774643907702210_n-768x576.jpg 768w, https:\/\/adra.md\/wp-content\/uploads\/2023\/06\/350864973_749790990214554_8794774643907702210_n-1536x1152.jpg 1536w, https:\/\/adra.md\/wp-content\/uploads\/2023\/06\/350864973_749790990214554_8794774643907702210_n-1000x750.jpg 1000w, https:\/\/adra.md\/wp-content\/uploads\/2023\/06\/350864973_749790990214554_8794774643907702210_n-2000x1500.jpg 2000w, https:\/\/adra.md\/wp-content\/uploads\/2023\/06\/350864973_749790990214554_8794774643907702210_n.jpg 2048w\" sizes=\"(max-width: 300px) 100vw, 300px\" \/> <img loading=\"lazy\" decoding=\"async\" class=\"alignnone size-medium wp-image-20545\" src=\"https:\/\/adra.md\/wp-content\/uploads\/2023\/06\/350976613_192943996623425_4437855324923438229_n-300x225.jpg\" alt=\"\" width=\"300\" height=\"225\" srcset=\"https:\/\/adra.md\/wp-content\/uploads\/2023\/06\/350976613_192943996623425_4437855324923438229_n-300x225.jpg 300w, https:\/\/adra.md\/wp-content\/uploads\/2023\/06\/350976613_192943996623425_4437855324923438229_n-1024x768.jpg 1024w, https:\/\/adra.md\/wp-content\/uploads\/2023\/06\/350976613_192943996623425_4437855324923438229_n-768x576.jpg 768w, https:\/\/adra.md\/wp-content\/uploads\/2023\/06\/350976613_192943996623425_4437855324923438229_n-1536x1152.jpg 1536w, https:\/\/adra.md\/wp-content\/uploads\/2023\/06\/350976613_192943996623425_4437855324923438229_n-1000x750.jpg 1000w, https:\/\/adra.md\/wp-content\/uploads\/2023\/06\/350976613_192943996623425_4437855324923438229_n-2000x1500.jpg 2000w, https:\/\/adra.md\/wp-content\/uploads\/2023\/06\/350976613_192943996623425_4437855324923438229_n.jpg 2048w\" sizes=\"(max-width: 300px) 100vw, 300px\" \/><\/p>\n","protected":false},"excerpt":{"rendered":"<p>Cu cele mai sincere ur\u0103ri de succes \u0219i mult\u0103 inspira\u021bie, \u00eencheiem colaborarea \u00een acest an \u0219colar cu \u0218coala de Arte din or. Criuleni cu o dona\u021bie de echipamente din partea partenerilor AO FCPS, \u0219i anume ADRA Moldova \u0219i Funda\u021bia pentru Dezvoltare. Sper\u0103m c\u0103 masa-transformer \u0219i cele 10 Bean bag \u2013uri se vor \u00eencadra perfect \u00een [&hellip;]<\/p>\n","protected":false},"author":9,"featured_media":20539,"comment_status":"closed","ping_status":"closed","sticky":false,"template":"","format":"standard","meta":{"_acf_changed":false,"footnotes":""},"categories":[294],"tags":[],"class_list":["post-20537","post","type-post","status-publish","format-standard","has-post-thumbnail","hentry","category-news"],"acf":[],"yoast_head":"<!-- This site is optimized with the Yoast SEO plugin v27.4 - https:\/\/yoast.com\/product\/yoast-seo-wordpress\/ -->\n<title>S\u0103 \u00eencepem vara cu mult\u0103 bucurie \u0219i culoare! - ADRA Moldova<\/title>\n<meta name=\"robots\" content=\"index, follow, max-snippet:-1, max-image-preview:large, max-video-preview:-1\" \/>\n<link rel=\"canonical\" href=\"https:\/\/adra.md\/ru\/sa-incepem-vara-cu-multa-bucurie-si-culoare\/\" \/>\n<meta property=\"og:locale\" content=\"ru_RU\" \/>\n<meta property=\"og:type\" content=\"article\" \/>\n<meta property=\"og:title\" content=\"S\u0103 \u00eencepem vara cu mult\u0103 bucurie \u0219i culoare! - ADRA Moldova\" \/>\n<meta property=\"og:description\" content=\"Cu cele mai sincere ur\u0103ri de succes \u0219i mult\u0103 inspira\u021bie, \u00eencheiem colaborarea \u00een acest an \u0219colar cu \u0218coala de Arte din or. Criuleni cu o dona\u021bie de echipamente din partea partenerilor AO FCPS, \u0219i anume ADRA Moldova \u0219i Funda\u021bia pentru Dezvoltare. Sper\u0103m c\u0103 masa-transformer \u0219i cele 10 Bean bag \u2013uri se vor \u00eencadra perfect \u00een [&hellip;]\" \/>\n<meta property=\"og:url\" content=\"https:\/\/adra.md\/ru\/sa-incepem-vara-cu-multa-bucurie-si-culoare\/\" \/>\n<meta property=\"og:site_name\" content=\"ADRA Moldova\" \/>\n<meta property=\"article:published_time\" content=\"2023-06-19T07:28:58+00:00\" \/>\n<meta property=\"og:image\" content=\"https:\/\/adra.md\/wp-content\/uploads\/2023\/06\/350350022_616755303741801_8108220095187396408_n.jpg\" \/>\n\t<meta property=\"og:image:width\" content=\"2048\" \/>\n\t<meta property=\"og:image:height\" content=\"1536\" \/>\n\t<meta property=\"og:image:type\" content=\"image\/jpeg\" \/>\n<meta name=\"author\" content=\"ADRA Moldova\" \/>\n<meta name=\"twitter:card\" content=\"summary_large_image\" \/>\n<meta name=\"twitter:label1\" content=\"\u041d\u0430\u043f\u0438\u0441\u0430\u043d\u043e \u0430\u0432\u0442\u043e\u0440\u043e\u043c\" \/>\n\t<meta name=\"twitter:data1\" content=\"ADRA Moldova\" \/>\n\t<meta name=\"twitter:label2\" content=\"\u041f\u0440\u0438\u043c\u0435\u0440\u043d\u043e\u0435 \u0432\u0440\u0435\u043c\u044f \u0434\u043b\u044f \u0447\u0442\u0435\u043d\u0438\u044f\" \/>\n\t<meta name=\"twitter:data2\" content=\"1 \u043c\u0438\u043d\u0443\u0442\u0430\" \/>\n<script type=\"application\/ld+json\" class=\"yoast-schema-graph\">{\"@context\":\"https:\\\/\\\/schema.org\",\"@graph\":[{\"@type\":\"Article\",\"@id\":\"https:\\\/\\\/adra.md\\\/sa-incepem-vara-cu-multa-bucurie-si-culoare\\\/#article\",\"isPartOf\":{\"@id\":\"https:\\\/\\\/adra.md\\\/sa-incepem-vara-cu-multa-bucurie-si-culoare\\\/\"},\"author\":{\"name\":\"ADRA Moldova\",\"@id\":\"https:\\\/\\\/adra.md\\\/#\\\/schema\\\/person\\\/b0181e611ee89738cefb7dc2db2bb8d1\"},\"headline\":\"S\u0103 \u00eencepem vara cu mult\u0103 bucurie \u0219i culoare!\",\"datePublished\":\"2023-06-19T07:28:58+00:00\",\"mainEntityOfPage\":{\"@id\":\"https:\\\/\\\/adra.md\\\/sa-incepem-vara-cu-multa-bucurie-si-culoare\\\/\"},\"wordCount\":139,\"publisher\":{\"@id\":\"https:\\\/\\\/adra.md\\\/#organization\"},\"image\":{\"@id\":\"https:\\\/\\\/adra.md\\\/sa-incepem-vara-cu-multa-bucurie-si-culoare\\\/#primaryimage\"},\"thumbnailUrl\":\"https:\\\/\\\/adra.md\\\/wp-content\\\/uploads\\\/2023\\\/06\\\/350350022_616755303741801_8108220095187396408_n.jpg\",\"articleSection\":[\"News\"],\"inLanguage\":\"ru-RU\"},{\"@type\":\"WebPage\",\"@id\":\"https:\\\/\\\/adra.md\\\/sa-incepem-vara-cu-multa-bucurie-si-culoare\\\/\",\"url\":\"https:\\\/\\\/adra.md\\\/sa-incepem-vara-cu-multa-bucurie-si-culoare\\\/\",\"name\":\"S\u0103 \u00eencepem vara cu mult\u0103 bucurie \u0219i culoare! - ADRA Moldova\",\"isPartOf\":{\"@id\":\"https:\\\/\\\/adra.md\\\/#website\"},\"primaryImageOfPage\":{\"@id\":\"https:\\\/\\\/adra.md\\\/sa-incepem-vara-cu-multa-bucurie-si-culoare\\\/#primaryimage\"},\"image\":{\"@id\":\"https:\\\/\\\/adra.md\\\/sa-incepem-vara-cu-multa-bucurie-si-culoare\\\/#primaryimage\"},\"thumbnailUrl\":\"https:\\\/\\\/adra.md\\\/wp-content\\\/uploads\\\/2023\\\/06\\\/350350022_616755303741801_8108220095187396408_n.jpg\",\"datePublished\":\"2023-06-19T07:28:58+00:00\",\"breadcrumb\":{\"@id\":\"https:\\\/\\\/adra.md\\\/sa-incepem-vara-cu-multa-bucurie-si-culoare\\\/#breadcrumb\"},\"inLanguage\":\"ru-RU\",\"potentialAction\":[{\"@type\":\"ReadAction\",\"target\":[\"https:\\\/\\\/adra.md\\\/sa-incepem-vara-cu-multa-bucurie-si-culoare\\\/\"]}]},{\"@type\":\"ImageObject\",\"inLanguage\":\"ru-RU\",\"@id\":\"https:\\\/\\\/adra.md\\\/sa-incepem-vara-cu-multa-bucurie-si-culoare\\\/#primaryimage\",\"url\":\"https:\\\/\\\/adra.md\\\/wp-content\\\/uploads\\\/2023\\\/06\\\/350350022_616755303741801_8108220095187396408_n.jpg\",\"contentUrl\":\"https:\\\/\\\/adra.md\\\/wp-content\\\/uploads\\\/2023\\\/06\\\/350350022_616755303741801_8108220095187396408_n.jpg\",\"width\":2048,\"height\":1536},{\"@type\":\"BreadcrumbList\",\"@id\":\"https:\\\/\\\/adra.md\\\/sa-incepem-vara-cu-multa-bucurie-si-culoare\\\/#breadcrumb\",\"itemListElement\":[{\"@type\":\"ListItem\",\"position\":1,\"name\":\"Home\",\"item\":\"https:\\\/\\\/adra.md\\\/\"},{\"@type\":\"ListItem\",\"position\":2,\"name\":\"S\u0103 \u00eencepem vara cu mult\u0103 bucurie \u0219i culoare!\"}]},{\"@type\":\"WebSite\",\"@id\":\"https:\\\/\\\/adra.md\\\/#website\",\"url\":\"https:\\\/\\\/adra.md\\\/\",\"name\":\"ADRA Moldova\",\"description\":\"Agen\u0163ia Adventist\u0103 pentru Dezvoltare, Refacere \u015fi Ajutor\",\"publisher\":{\"@id\":\"https:\\\/\\\/adra.md\\\/#organization\"},\"potentialAction\":[{\"@type\":\"SearchAction\",\"target\":{\"@type\":\"EntryPoint\",\"urlTemplate\":\"https:\\\/\\\/adra.md\\\/?s={search_term_string}\"},\"query-input\":{\"@type\":\"PropertyValueSpecification\",\"valueRequired\":true,\"valueName\":\"search_term_string\"}}],\"inLanguage\":\"ru-RU\"},{\"@type\":\"Organization\",\"@id\":\"https:\\\/\\\/adra.md\\\/#organization\",\"name\":\"ADRA Moldova\",\"url\":\"https:\\\/\\\/adra.md\\\/\",\"logo\":{\"@type\":\"ImageObject\",\"inLanguage\":\"ru-RU\",\"@id\":\"https:\\\/\\\/adra.md\\\/#\\\/schema\\\/logo\\\/image\\\/\",\"url\":\"https:\\\/\\\/adra.md\\\/wp-content\\\/uploads\\\/2019\\\/11\\\/group-435.png\",\"contentUrl\":\"https:\\\/\\\/adra.md\\\/wp-content\\\/uploads\\\/2019\\\/11\\\/group-435.png\",\"width\":500,\"height\":133,\"caption\":\"ADRA Moldova\"},\"image\":{\"@id\":\"https:\\\/\\\/adra.md\\\/#\\\/schema\\\/logo\\\/image\\\/\"}},{\"@type\":\"Person\",\"@id\":\"https:\\\/\\\/adra.md\\\/#\\\/schema\\\/person\\\/b0181e611ee89738cefb7dc2db2bb8d1\",\"name\":\"ADRA Moldova\",\"url\":\"https:\\\/\\\/adra.md\\\/ru\\\/author\\\/andrei-girleanu\\\/\"}]}<\/script>\n<!-- \/ Yoast SEO plugin. -->","yoast_head_json":{"title":"S\u0103 \u00eencepem vara cu mult\u0103 bucurie \u0219i culoare! - ADRA Moldova","robots":{"index":"index","follow":"follow","max-snippet":"max-snippet:-1","max-image-preview":"max-image-preview:large","max-video-preview":"max-video-preview:-1"},"canonical":"https:\/\/adra.md\/ru\/sa-incepem-vara-cu-multa-bucurie-si-culoare\/","og_locale":"ru_RU","og_type":"article","og_title":"S\u0103 \u00eencepem vara cu mult\u0103 bucurie \u0219i culoare! - ADRA Moldova","og_description":"Cu cele mai sincere ur\u0103ri de succes \u0219i mult\u0103 inspira\u021bie, \u00eencheiem colaborarea \u00een acest an \u0219colar cu \u0218coala de Arte din or. Criuleni cu o dona\u021bie de echipamente din partea partenerilor AO FCPS, \u0219i anume ADRA Moldova \u0219i Funda\u021bia pentru Dezvoltare. Sper\u0103m c\u0103 masa-transformer \u0219i cele 10 Bean bag \u2013uri se vor \u00eencadra perfect \u00een [&hellip;]","og_url":"https:\/\/adra.md\/ru\/sa-incepem-vara-cu-multa-bucurie-si-culoare\/","og_site_name":"ADRA Moldova","article_published_time":"2023-06-19T07:28:58+00:00","og_image":[{"width":2048,"height":1536,"url":"https:\/\/adra.md\/wp-content\/uploads\/2023\/06\/350350022_616755303741801_8108220095187396408_n.jpg","type":"image\/jpeg"}],"author":"ADRA Moldova","twitter_card":"summary_large_image","twitter_misc":{"\u041d\u0430\u043f\u0438\u0441\u0430\u043d\u043e \u0430\u0432\u0442\u043e\u0440\u043e\u043c":"ADRA Moldova","\u041f\u0440\u0438\u043c\u0435\u0440\u043d\u043e\u0435 \u0432\u0440\u0435\u043c\u044f \u0434\u043b\u044f \u0447\u0442\u0435\u043d\u0438\u044f":"1 \u043c\u0438\u043d\u0443\u0442\u0430"},"schema":{"@context":"https:\/\/schema.org","@graph":[{"@type":"Article","@id":"https:\/\/adra.md\/sa-incepem-vara-cu-multa-bucurie-si-culoare\/#article","isPartOf":{"@id":"https:\/\/adra.md\/sa-incepem-vara-cu-multa-bucurie-si-culoare\/"},"author":{"name":"ADRA Moldova","@id":"https:\/\/adra.md\/#\/schema\/person\/b0181e611ee89738cefb7dc2db2bb8d1"},"headline":"S\u0103 \u00eencepem vara cu mult\u0103 bucurie \u0219i culoare!","datePublished":"2023-06-19T07:28:58+00:00","mainEntityOfPage":{"@id":"https:\/\/adra.md\/sa-incepem-vara-cu-multa-bucurie-si-culoare\/"},"wordCount":139,"publisher":{"@id":"https:\/\/adra.md\/#organization"},"image":{"@id":"https:\/\/adra.md\/sa-incepem-vara-cu-multa-bucurie-si-culoare\/#primaryimage"},"thumbnailUrl":"https:\/\/adra.md\/wp-content\/uploads\/2023\/06\/350350022_616755303741801_8108220095187396408_n.jpg","articleSection":["News"],"inLanguage":"ru-RU"},{"@type":"WebPage","@id":"https:\/\/adra.md\/sa-incepem-vara-cu-multa-bucurie-si-culoare\/","url":"https:\/\/adra.md\/sa-incepem-vara-cu-multa-bucurie-si-culoare\/","name":"S\u0103 \u00eencepem vara cu mult\u0103 bucurie \u0219i culoare! - ADRA Moldova","isPartOf":{"@id":"https:\/\/adra.md\/#website"},"primaryImageOfPage":{"@id":"https:\/\/adra.md\/sa-incepem-vara-cu-multa-bucurie-si-culoare\/#primaryimage"},"image":{"@id":"https:\/\/adra.md\/sa-incepem-vara-cu-multa-bucurie-si-culoare\/#primaryimage"},"thumbnailUrl":"https:\/\/adra.md\/wp-content\/uploads\/2023\/06\/350350022_616755303741801_8108220095187396408_n.jpg","datePublished":"2023-06-19T07:28:58+00:00","breadcrumb":{"@id":"https:\/\/adra.md\/sa-incepem-vara-cu-multa-bucurie-si-culoare\/#breadcrumb"},"inLanguage":"ru-RU","potentialAction":[{"@type":"ReadAction","target":["https:\/\/adra.md\/sa-incepem-vara-cu-multa-bucurie-si-culoare\/"]}]},{"@type":"ImageObject","inLanguage":"ru-RU","@id":"https:\/\/adra.md\/sa-incepem-vara-cu-multa-bucurie-si-culoare\/#primaryimage","url":"https:\/\/adra.md\/wp-content\/uploads\/2023\/06\/350350022_616755303741801_8108220095187396408_n.jpg","contentUrl":"https:\/\/adra.md\/wp-content\/uploads\/2023\/06\/350350022_616755303741801_8108220095187396408_n.jpg","width":2048,"height":1536},{"@type":"BreadcrumbList","@id":"https:\/\/adra.md\/sa-incepem-vara-cu-multa-bucurie-si-culoare\/#breadcrumb","itemListElement":[{"@type":"ListItem","position":1,"name":"Home","item":"https:\/\/adra.md\/"},{"@type":"ListItem","position":2,"name":"S\u0103 \u00eencepem vara cu mult\u0103 bucurie \u0219i culoare!"}]},{"@type":"WebSite","@id":"https:\/\/adra.md\/#website","url":"https:\/\/adra.md\/","name":"ADRA Moldova","description":"Agen\u0163ia Adventist\u0103 pentru Dezvoltare, Refacere \u015fi Ajutor","publisher":{"@id":"https:\/\/adra.md\/#organization"},"potentialAction":[{"@type":"SearchAction","target":{"@type":"EntryPoint","urlTemplate":"https:\/\/adra.md\/?s={search_term_string}"},"query-input":{"@type":"PropertyValueSpecification","valueRequired":true,"valueName":"search_term_string"}}],"inLanguage":"ru-RU"},{"@type":"Organization","@id":"https:\/\/adra.md\/#organization","name":"ADRA Moldova","url":"https:\/\/adra.md\/","logo":{"@type":"ImageObject","inLanguage":"ru-RU","@id":"https:\/\/adra.md\/#\/schema\/logo\/image\/","url":"https:\/\/adra.md\/wp-content\/uploads\/2019\/11\/group-435.png","contentUrl":"https:\/\/adra.md\/wp-content\/uploads\/2019\/11\/group-435.png","width":500,"height":133,"caption":"ADRA Moldova"},"image":{"@id":"https:\/\/adra.md\/#\/schema\/logo\/image\/"}},{"@type":"Person","@id":"https:\/\/adra.md\/#\/schema\/person\/b0181e611ee89738cefb7dc2db2bb8d1","name":"ADRA Moldova","url":"https:\/\/adra.md\/ru\/author\/andrei-girleanu\/"}]}},"_links":{"self":[{"href":"https:\/\/adra.md\/ru\/wp-json\/wp\/v2\/posts\/20537","targetHints":{"allow":["GET"]}}],"collection":[{"href":"https:\/\/adra.md\/ru\/wp-json\/wp\/v2\/posts"}],"about":[{"href":"https:\/\/adra.md\/ru\/wp-json\/wp\/v2\/types\/post"}],"author":[{"embeddable":true,"href":"https:\/\/adra.md\/ru\/wp-json\/wp\/v2\/users\/9"}],"replies":[{"embeddable":true,"href":"https:\/\/adra.md\/ru\/wp-json\/wp\/v2\/comments?post=20537"}],"version-history":[{"count":1,"href":"https:\/\/adra.md\/ru\/wp-json\/wp\/v2\/posts\/20537\/revisions"}],"predecessor-version":[{"id":20546,"href":"https:\/\/adra.md\/ru\/wp-json\/wp\/v2\/posts\/20537\/revisions\/20546"}],"wp:featuredmedia":[{"embeddable":true,"href":"https:\/\/adra.md\/ru\/wp-json\/wp\/v2\/media\/20539"}],"wp:attachment":[{"href":"https:\/\/adra.md\/ru\/wp-json\/wp\/v2\/media?parent=20537"}],"wp:term":[{"taxonomy":"category","embeddable":true,"href":"https:\/\/adra.md\/ru\/wp-json\/wp\/v2\/categories?post=20537"},{"taxonomy":"post_tag","embeddable":true,"href":"https:\/\/adra.md\/ru\/wp-json\/wp\/v2\/tags?post=20537"}],"curies":[{"name":"wp","href":"https:\/\/api.w.org\/{rel}","templated":true}]}}