{"id":20564,"date":"2023-06-19T08:30:18","date_gmt":"2023-06-19T08:30:18","guid":{"rendered":"https:\/\/adra.md\/?p=20564"},"modified":"2023-06-19T08:30:18","modified_gmt":"2023-06-19T08:30:18","slug":"copilarie-dulce-papadie","status":"publish","type":"post","link":"https:\/\/adra.md\/ru\/copilarie-dulce-papadie\/","title":{"rendered":"Copil\u0103rie, dulce p\u0103p\u0103die"},"content":{"rendered":"<p>,,Copil\u0103rie, dulce p\u0103p\u0103die \u2026<span class=\"x3nfvp2 x1j61x8r x1fcty0u xdj266r xhhsvwb xat24cr xgzva0m xxymvpz xlup9mm x1kky2od\"><img decoding=\"async\" src=\"https:\/\/static.xx.fbcdn.net\/images\/emoji.php\/v9\/ted\/2\/16\/2764.png\" alt=\"\u2764\ufe0f\" width=\"16\" height=\"16\" \/><\/span>\u201d<\/p>\n<p>Copil\u0103ria cu siguran\u021b\u0103 este cea mai pre\u021bioas\u0103 perioad\u0103 a vie\u021bii, prin urmare Organiza\u021bia ADRA Moldova \u00eempreun\u0103 cu Prim\u0103ria Ora\u0219ului Vulc\u0103ne\u0219ti, au reu\u0219it s\u0103 r\u0103sfe\u021be peste 1000 de copiii prin intermediul activit\u0103\u021bii ,, Or\u0103\u0219elul copiilor\u201d. Acest eveniment a bucurat nu doar copii din ora\u0219ul Vulc\u0103ne\u0219ti, dar \u0219i pe cei din \u00eemprejurime. Copii au avut parte de multe surprize, distrac\u021bii \u0219i momente unice care le-au \u00eenfrumuse\u021bat serbarea. Evenimetul a oferit posibilitate copiilor: s\u0103 c\u00e2nte; s\u0103 se simt\u0103 \u00een locul unui poli\u021bist, s\u0103 fac\u0103 cuno\u0219tin\u021ba mai aproape cu fiecare accesoriu al unui pompier \u0219i chiar s\u0103 urce intr-o ambulant\u0103. Cei mici au reu\u0219it s\u0103 \u00eenve\u021be din procesele pe care le efectueaz\u0103 zilnic cei 3 actori ai serviciului de urgent\u0103: poli\u021bist, pompier, medic.<\/p>\n<p>Mul\u021bumim pentru suport \u0219i sus\u021binere partenerilor <a class=\"x1i10hfl xjbqb8w x6umtig x1b1mbwd xaqea5y xav7gou x9f619 x1ypdohk xt0psk2 xe8uvvx xdj266r x11i5rnm xat24cr x1mh8g0r xexx8yu x4uap5 x18d9i69 xkhd6sd x16tdsg8 x1hl2dhg xggy1nq x1a2a7pz xt0b8zv x1qq9wsj xo1l8bm\" tabindex=\"0\" role=\"link\" href=\"https:\/\/www.facebook.com\/InternationalRescueCommittee?__cft__[0]=AZV86wPzPlX2h7MZIxh_NmdbhgfxCXYrTxYJ9TR51-NGbl7w963Kzor8hOo8DzWT2mOxPAByn70duTcyYiUgwoFQObyBthr0prwQjUeerfPkDH-TQUBHAQzSehAt3is3_YtSJWLrpqvI2JasYsF8kbeOHnn43ndJ2tDqLjXAbQoBBFXfg7ArNKsIKLdBcpUGof0&amp;__tn__=-]K-R\"><span class=\"xt0psk2\">International Rescue Committee<\/span><\/a> \u0219i <a class=\"x1i10hfl xjbqb8w x6umtig x1b1mbwd xaqea5y xav7gou x9f619 x1ypdohk xt0psk2 xe8uvvx xdj266r x11i5rnm xat24cr x1mh8g0r xexx8yu x4uap5 x18d9i69 xkhd6sd x16tdsg8 x1hl2dhg xggy1nq x1a2a7pz xt0b8zv x1qq9wsj xo1l8bm\" tabindex=\"0\" role=\"link\" href=\"https:\/\/www.facebook.com\/postkodstiftelsen?__cft__[0]=AZV86wPzPlX2h7MZIxh_NmdbhgfxCXYrTxYJ9TR51-NGbl7w963Kzor8hOo8DzWT2mOxPAByn70duTcyYiUgwoFQObyBthr0prwQjUeerfPkDH-TQUBHAQzSehAt3is3_YtSJWLrpqvI2JasYsF8kbeOHnn43ndJ2tDqLjXAbQoBBFXfg7ArNKsIKLdBcpUGof0&amp;__tn__=-]K-R\"><span class=\"xt0psk2\">Svenska Postkodstiftelsen<\/span><\/a><\/p>\n<div style=\"width: 480px;\" class=\"wp-video\"><video class=\"wp-video-shortcode\" id=\"video-20564-1\" width=\"480\" height=\"272\" preload=\"metadata\" controls=\"controls\"><source type=\"video\/mp4\" src=\"https:\/\/adra.md\/wp-content\/uploads\/2023\/06\/Vulcanesti-ziua-copiilor.mp4?_=1\" \/><a href=\"https:\/\/adra.md\/wp-content\/uploads\/2023\/06\/Vulcanesti-ziua-copiilor.mp4\">https:\/\/adra.md\/wp-content\/uploads\/2023\/06\/Vulcanesti-ziua-copiilor.mp4<\/a><\/video><\/div>\n","protected":false},"excerpt":{"rendered":"<p>,,Copil\u0103rie, dulce p\u0103p\u0103die \u2026\u201d Copil\u0103ria cu siguran\u021b\u0103 este cea mai pre\u021bioas\u0103 perioad\u0103 a vie\u021bii, prin urmare Organiza\u021bia ADRA Moldova \u00eempreun\u0103 cu Prim\u0103ria Ora\u0219ului Vulc\u0103ne\u0219ti, au reu\u0219it s\u0103 r\u0103sfe\u021be peste 1000 de copiii prin intermediul activit\u0103\u021bii ,, Or\u0103\u0219elul copiilor\u201d. Acest eveniment a bucurat nu doar copii din ora\u0219ul Vulc\u0103ne\u0219ti, dar \u0219i pe cei din \u00eemprejurime. Copii [&hellip;]<\/p>\n","protected":false},"author":9,"featured_media":20566,"comment_status":"closed","ping_status":"closed","sticky":false,"template":"","format":"standard","meta":{"_acf_changed":false,"footnotes":""},"categories":[294],"tags":[],"class_list":["post-20564","post","type-post","status-publish","format-standard","has-post-thumbnail","hentry","category-news"],"acf":[],"yoast_head":"<!-- This site is optimized with the Yoast SEO plugin v27.4 - https:\/\/yoast.com\/product\/yoast-seo-wordpress\/ -->\n<title>Copil\u0103rie, dulce p\u0103p\u0103die - ADRA Moldova<\/title>\n<meta name=\"robots\" content=\"index, follow, max-snippet:-1, max-image-preview:large, max-video-preview:-1\" \/>\n<link rel=\"canonical\" href=\"https:\/\/adra.md\/ru\/copilarie-dulce-papadie\/\" \/>\n<meta property=\"og:locale\" content=\"ru_RU\" \/>\n<meta property=\"og:type\" content=\"article\" \/>\n<meta property=\"og:title\" content=\"Copil\u0103rie, dulce p\u0103p\u0103die - ADRA Moldova\" \/>\n<meta property=\"og:description\" content=\",,Copil\u0103rie, dulce p\u0103p\u0103die \u2026\u201d Copil\u0103ria cu siguran\u021b\u0103 este cea mai pre\u021bioas\u0103 perioad\u0103 a vie\u021bii, prin urmare Organiza\u021bia ADRA Moldova \u00eempreun\u0103 cu Prim\u0103ria Ora\u0219ului Vulc\u0103ne\u0219ti, au reu\u0219it s\u0103 r\u0103sfe\u021be peste 1000 de copiii prin intermediul activit\u0103\u021bii ,, Or\u0103\u0219elul copiilor\u201d. Acest eveniment a bucurat nu doar copii din ora\u0219ul Vulc\u0103ne\u0219ti, dar \u0219i pe cei din \u00eemprejurime. Copii [&hellip;]\" \/>\n<meta property=\"og:url\" content=\"https:\/\/adra.md\/ru\/copilarie-dulce-papadie\/\" \/>\n<meta property=\"og:site_name\" content=\"ADRA Moldova\" \/>\n<meta property=\"article:published_time\" content=\"2023-06-19T08:30:18+00:00\" \/>\n<meta property=\"og:image\" content=\"https:\/\/adra.md\/wp-content\/uploads\/2023\/06\/4f12b769-c4c3-4c3d-a3e5-8e3dc7a30578.jpg\" \/>\n\t<meta property=\"og:image:width\" content=\"1152\" \/>\n\t<meta property=\"og:image:height\" content=\"2048\" \/>\n\t<meta property=\"og:image:type\" content=\"image\/jpeg\" \/>\n<meta name=\"author\" content=\"ADRA Moldova\" \/>\n<meta name=\"twitter:card\" content=\"summary_large_image\" \/>\n<meta name=\"twitter:label1\" content=\"\u041d\u0430\u043f\u0438\u0441\u0430\u043d\u043e \u0430\u0432\u0442\u043e\u0440\u043e\u043c\" \/>\n\t<meta name=\"twitter:data1\" content=\"ADRA Moldova\" \/>\n\t<meta name=\"twitter:label2\" content=\"\u041f\u0440\u0438\u043c\u0435\u0440\u043d\u043e\u0435 \u0432\u0440\u0435\u043c\u044f \u0434\u043b\u044f \u0447\u0442\u0435\u043d\u0438\u044f\" \/>\n\t<meta name=\"twitter:data2\" content=\"1 \u043c\u0438\u043d\u0443\u0442\u0430\" \/>\n<script type=\"application\/ld+json\" class=\"yoast-schema-graph\">{\"@context\":\"https:\\\/\\\/schema.org\",\"@graph\":[{\"@type\":\"Article\",\"@id\":\"https:\\\/\\\/adra.md\\\/copilarie-dulce-papadie\\\/#article\",\"isPartOf\":{\"@id\":\"https:\\\/\\\/adra.md\\\/copilarie-dulce-papadie\\\/\"},\"author\":{\"name\":\"ADRA Moldova\",\"@id\":\"https:\\\/\\\/adra.md\\\/#\\\/schema\\\/person\\\/b0181e611ee89738cefb7dc2db2bb8d1\"},\"headline\":\"Copil\u0103rie, dulce p\u0103p\u0103die\",\"datePublished\":\"2023-06-19T08:30:18+00:00\",\"mainEntityOfPage\":{\"@id\":\"https:\\\/\\\/adra.md\\\/copilarie-dulce-papadie\\\/\"},\"wordCount\":179,\"publisher\":{\"@id\":\"https:\\\/\\\/adra.md\\\/#organization\"},\"image\":{\"@id\":\"https:\\\/\\\/adra.md\\\/copilarie-dulce-papadie\\\/#primaryimage\"},\"thumbnailUrl\":\"https:\\\/\\\/adra.md\\\/wp-content\\\/uploads\\\/2023\\\/06\\\/4f12b769-c4c3-4c3d-a3e5-8e3dc7a30578.jpg\",\"articleSection\":[\"News\"],\"inLanguage\":\"ru-RU\"},{\"@type\":\"WebPage\",\"@id\":\"https:\\\/\\\/adra.md\\\/copilarie-dulce-papadie\\\/\",\"url\":\"https:\\\/\\\/adra.md\\\/copilarie-dulce-papadie\\\/\",\"name\":\"Copil\u0103rie, dulce p\u0103p\u0103die - ADRA Moldova\",\"isPartOf\":{\"@id\":\"https:\\\/\\\/adra.md\\\/#website\"},\"primaryImageOfPage\":{\"@id\":\"https:\\\/\\\/adra.md\\\/copilarie-dulce-papadie\\\/#primaryimage\"},\"image\":{\"@id\":\"https:\\\/\\\/adra.md\\\/copilarie-dulce-papadie\\\/#primaryimage\"},\"thumbnailUrl\":\"https:\\\/\\\/adra.md\\\/wp-content\\\/uploads\\\/2023\\\/06\\\/4f12b769-c4c3-4c3d-a3e5-8e3dc7a30578.jpg\",\"datePublished\":\"2023-06-19T08:30:18+00:00\",\"breadcrumb\":{\"@id\":\"https:\\\/\\\/adra.md\\\/copilarie-dulce-papadie\\\/#breadcrumb\"},\"inLanguage\":\"ru-RU\",\"potentialAction\":[{\"@type\":\"ReadAction\",\"target\":[\"https:\\\/\\\/adra.md\\\/copilarie-dulce-papadie\\\/\"]}]},{\"@type\":\"ImageObject\",\"inLanguage\":\"ru-RU\",\"@id\":\"https:\\\/\\\/adra.md\\\/copilarie-dulce-papadie\\\/#primaryimage\",\"url\":\"https:\\\/\\\/adra.md\\\/wp-content\\\/uploads\\\/2023\\\/06\\\/4f12b769-c4c3-4c3d-a3e5-8e3dc7a30578.jpg\",\"contentUrl\":\"https:\\\/\\\/adra.md\\\/wp-content\\\/uploads\\\/2023\\\/06\\\/4f12b769-c4c3-4c3d-a3e5-8e3dc7a30578.jpg\",\"width\":1152,\"height\":2048},{\"@type\":\"BreadcrumbList\",\"@id\":\"https:\\\/\\\/adra.md\\\/copilarie-dulce-papadie\\\/#breadcrumb\",\"itemListElement\":[{\"@type\":\"ListItem\",\"position\":1,\"name\":\"Home\",\"item\":\"https:\\\/\\\/adra.md\\\/\"},{\"@type\":\"ListItem\",\"position\":2,\"name\":\"Copil\u0103rie, dulce p\u0103p\u0103die\"}]},{\"@type\":\"WebSite\",\"@id\":\"https:\\\/\\\/adra.md\\\/#website\",\"url\":\"https:\\\/\\\/adra.md\\\/\",\"name\":\"ADRA Moldova\",\"description\":\"Agen\u0163ia Adventist\u0103 pentru Dezvoltare, Refacere \u015fi Ajutor\",\"publisher\":{\"@id\":\"https:\\\/\\\/adra.md\\\/#organization\"},\"potentialAction\":[{\"@type\":\"SearchAction\",\"target\":{\"@type\":\"EntryPoint\",\"urlTemplate\":\"https:\\\/\\\/adra.md\\\/?s={search_term_string}\"},\"query-input\":{\"@type\":\"PropertyValueSpecification\",\"valueRequired\":true,\"valueName\":\"search_term_string\"}}],\"inLanguage\":\"ru-RU\"},{\"@type\":\"Organization\",\"@id\":\"https:\\\/\\\/adra.md\\\/#organization\",\"name\":\"ADRA Moldova\",\"url\":\"https:\\\/\\\/adra.md\\\/\",\"logo\":{\"@type\":\"ImageObject\",\"inLanguage\":\"ru-RU\",\"@id\":\"https:\\\/\\\/adra.md\\\/#\\\/schema\\\/logo\\\/image\\\/\",\"url\":\"https:\\\/\\\/adra.md\\\/wp-content\\\/uploads\\\/2019\\\/11\\\/group-435.png\",\"contentUrl\":\"https:\\\/\\\/adra.md\\\/wp-content\\\/uploads\\\/2019\\\/11\\\/group-435.png\",\"width\":500,\"height\":133,\"caption\":\"ADRA Moldova\"},\"image\":{\"@id\":\"https:\\\/\\\/adra.md\\\/#\\\/schema\\\/logo\\\/image\\\/\"}},{\"@type\":\"Person\",\"@id\":\"https:\\\/\\\/adra.md\\\/#\\\/schema\\\/person\\\/b0181e611ee89738cefb7dc2db2bb8d1\",\"name\":\"ADRA Moldova\",\"url\":\"https:\\\/\\\/adra.md\\\/ru\\\/author\\\/andrei-girleanu\\\/\"}]}<\/script>\n<!-- \/ Yoast SEO plugin. -->","yoast_head_json":{"title":"Copil\u0103rie, dulce p\u0103p\u0103die - ADRA Moldova","robots":{"index":"index","follow":"follow","max-snippet":"max-snippet:-1","max-image-preview":"max-image-preview:large","max-video-preview":"max-video-preview:-1"},"canonical":"https:\/\/adra.md\/ru\/copilarie-dulce-papadie\/","og_locale":"ru_RU","og_type":"article","og_title":"Copil\u0103rie, dulce p\u0103p\u0103die - ADRA Moldova","og_description":",,Copil\u0103rie, dulce p\u0103p\u0103die \u2026\u201d Copil\u0103ria cu siguran\u021b\u0103 este cea mai pre\u021bioas\u0103 perioad\u0103 a vie\u021bii, prin urmare Organiza\u021bia ADRA Moldova \u00eempreun\u0103 cu Prim\u0103ria Ora\u0219ului Vulc\u0103ne\u0219ti, au reu\u0219it s\u0103 r\u0103sfe\u021be peste 1000 de copiii prin intermediul activit\u0103\u021bii ,, Or\u0103\u0219elul copiilor\u201d. Acest eveniment a bucurat nu doar copii din ora\u0219ul Vulc\u0103ne\u0219ti, dar \u0219i pe cei din \u00eemprejurime. Copii [&hellip;]","og_url":"https:\/\/adra.md\/ru\/copilarie-dulce-papadie\/","og_site_name":"ADRA Moldova","article_published_time":"2023-06-19T08:30:18+00:00","og_image":[{"width":1152,"height":2048,"url":"https:\/\/adra.md\/wp-content\/uploads\/2023\/06\/4f12b769-c4c3-4c3d-a3e5-8e3dc7a30578.jpg","type":"image\/jpeg"}],"author":"ADRA Moldova","twitter_card":"summary_large_image","twitter_misc":{"\u041d\u0430\u043f\u0438\u0441\u0430\u043d\u043e \u0430\u0432\u0442\u043e\u0440\u043e\u043c":"ADRA Moldova","\u041f\u0440\u0438\u043c\u0435\u0440\u043d\u043e\u0435 \u0432\u0440\u0435\u043c\u044f \u0434\u043b\u044f \u0447\u0442\u0435\u043d\u0438\u044f":"1 \u043c\u0438\u043d\u0443\u0442\u0430"},"schema":{"@context":"https:\/\/schema.org","@graph":[{"@type":"Article","@id":"https:\/\/adra.md\/copilarie-dulce-papadie\/#article","isPartOf":{"@id":"https:\/\/adra.md\/copilarie-dulce-papadie\/"},"author":{"name":"ADRA Moldova","@id":"https:\/\/adra.md\/#\/schema\/person\/b0181e611ee89738cefb7dc2db2bb8d1"},"headline":"Copil\u0103rie, dulce p\u0103p\u0103die","datePublished":"2023-06-19T08:30:18+00:00","mainEntityOfPage":{"@id":"https:\/\/adra.md\/copilarie-dulce-papadie\/"},"wordCount":179,"publisher":{"@id":"https:\/\/adra.md\/#organization"},"image":{"@id":"https:\/\/adra.md\/copilarie-dulce-papadie\/#primaryimage"},"thumbnailUrl":"https:\/\/adra.md\/wp-content\/uploads\/2023\/06\/4f12b769-c4c3-4c3d-a3e5-8e3dc7a30578.jpg","articleSection":["News"],"inLanguage":"ru-RU"},{"@type":"WebPage","@id":"https:\/\/adra.md\/copilarie-dulce-papadie\/","url":"https:\/\/adra.md\/copilarie-dulce-papadie\/","name":"Copil\u0103rie, dulce p\u0103p\u0103die - ADRA Moldova","isPartOf":{"@id":"https:\/\/adra.md\/#website"},"primaryImageOfPage":{"@id":"https:\/\/adra.md\/copilarie-dulce-papadie\/#primaryimage"},"image":{"@id":"https:\/\/adra.md\/copilarie-dulce-papadie\/#primaryimage"},"thumbnailUrl":"https:\/\/adra.md\/wp-content\/uploads\/2023\/06\/4f12b769-c4c3-4c3d-a3e5-8e3dc7a30578.jpg","datePublished":"2023-06-19T08:30:18+00:00","breadcrumb":{"@id":"https:\/\/adra.md\/copilarie-dulce-papadie\/#breadcrumb"},"inLanguage":"ru-RU","potentialAction":[{"@type":"ReadAction","target":["https:\/\/adra.md\/copilarie-dulce-papadie\/"]}]},{"@type":"ImageObject","inLanguage":"ru-RU","@id":"https:\/\/adra.md\/copilarie-dulce-papadie\/#primaryimage","url":"https:\/\/adra.md\/wp-content\/uploads\/2023\/06\/4f12b769-c4c3-4c3d-a3e5-8e3dc7a30578.jpg","contentUrl":"https:\/\/adra.md\/wp-content\/uploads\/2023\/06\/4f12b769-c4c3-4c3d-a3e5-8e3dc7a30578.jpg","width":1152,"height":2048},{"@type":"BreadcrumbList","@id":"https:\/\/adra.md\/copilarie-dulce-papadie\/#breadcrumb","itemListElement":[{"@type":"ListItem","position":1,"name":"Home","item":"https:\/\/adra.md\/"},{"@type":"ListItem","position":2,"name":"Copil\u0103rie, dulce p\u0103p\u0103die"}]},{"@type":"WebSite","@id":"https:\/\/adra.md\/#website","url":"https:\/\/adra.md\/","name":"ADRA Moldova","description":"Agen\u0163ia Adventist\u0103 pentru Dezvoltare, Refacere \u015fi Ajutor","publisher":{"@id":"https:\/\/adra.md\/#organization"},"potentialAction":[{"@type":"SearchAction","target":{"@type":"EntryPoint","urlTemplate":"https:\/\/adra.md\/?s={search_term_string}"},"query-input":{"@type":"PropertyValueSpecification","valueRequired":true,"valueName":"search_term_string"}}],"inLanguage":"ru-RU"},{"@type":"Organization","@id":"https:\/\/adra.md\/#organization","name":"ADRA Moldova","url":"https:\/\/adra.md\/","logo":{"@type":"ImageObject","inLanguage":"ru-RU","@id":"https:\/\/adra.md\/#\/schema\/logo\/image\/","url":"https:\/\/adra.md\/wp-content\/uploads\/2019\/11\/group-435.png","contentUrl":"https:\/\/adra.md\/wp-content\/uploads\/2019\/11\/group-435.png","width":500,"height":133,"caption":"ADRA Moldova"},"image":{"@id":"https:\/\/adra.md\/#\/schema\/logo\/image\/"}},{"@type":"Person","@id":"https:\/\/adra.md\/#\/schema\/person\/b0181e611ee89738cefb7dc2db2bb8d1","name":"ADRA Moldova","url":"https:\/\/adra.md\/ru\/author\/andrei-girleanu\/"}]}},"_links":{"self":[{"href":"https:\/\/adra.md\/ru\/wp-json\/wp\/v2\/posts\/20564","targetHints":{"allow":["GET"]}}],"collection":[{"href":"https:\/\/adra.md\/ru\/wp-json\/wp\/v2\/posts"}],"about":[{"href":"https:\/\/adra.md\/ru\/wp-json\/wp\/v2\/types\/post"}],"author":[{"embeddable":true,"href":"https:\/\/adra.md\/ru\/wp-json\/wp\/v2\/users\/9"}],"replies":[{"embeddable":true,"href":"https:\/\/adra.md\/ru\/wp-json\/wp\/v2\/comments?post=20564"}],"version-history":[{"count":1,"href":"https:\/\/adra.md\/ru\/wp-json\/wp\/v2\/posts\/20564\/revisions"}],"predecessor-version":[{"id":20567,"href":"https:\/\/adra.md\/ru\/wp-json\/wp\/v2\/posts\/20564\/revisions\/20567"}],"wp:featuredmedia":[{"embeddable":true,"href":"https:\/\/adra.md\/ru\/wp-json\/wp\/v2\/media\/20566"}],"wp:attachment":[{"href":"https:\/\/adra.md\/ru\/wp-json\/wp\/v2\/media?parent=20564"}],"wp:term":[{"taxonomy":"category","embeddable":true,"href":"https:\/\/adra.md\/ru\/wp-json\/wp\/v2\/categories?post=20564"},{"taxonomy":"post_tag","embeddable":true,"href":"https:\/\/adra.md\/ru\/wp-json\/wp\/v2\/tags?post=20564"}],"curies":[{"name":"wp","href":"https:\/\/api.w.org\/{rel}","templated":true}]}}