{"id":20704,"date":"2023-09-13T09:06:52","date_gmt":"2023-09-13T09:06:52","guid":{"rendered":"https:\/\/adra.md\/?p=20704"},"modified":"2023-09-13T09:06:52","modified_gmt":"2023-09-13T09:06:52","slug":"ziua-internationala-a-ocrotirii-copilului","status":"publish","type":"post","link":"https:\/\/adra.md\/ru\/ziua-internationala-a-ocrotirii-copilului\/","title":{"rendered":"Ziua Interna\u021bional\u0103 a Ocrotirii Copilului"},"content":{"rendered":"<div class=\"xdj266r x11i5rnm xat24cr x1mh8g0r x1vvkbs x126k92a\">\n<div dir=\"auto\">Ziua Interna\u021bional\u0103 a Ocrotirii Copilului este s\u0103rb\u0103torit\u0103 \u00een \u00eentreaga lume ca reamintire pentru adul\u021bi a necesit\u0103\u021bii de a respecta drepturile copiilor la via\u021b\u0103, educa\u021bie, odihn\u0103 \u0219i recreere, la protec\u021bia \u00eempotriva violen\u021bei fizice \u0219i psihice, dar \u0219i \u00eempotriva exploat\u0103rii muncii copiilor.<\/div>\n<\/div>\n<div class=\"x11i5rnm xat24cr x1mh8g0r x1vvkbs xtlvy1s x126k92a\">\n<div dir=\"auto\">S\u0103rb\u0103toarea a fost organizat\u0103 de ADRA Moldova \u00een colaborare cu autorit\u0103\u021bile publice locale \u0219i cu sus\u021binerea financiar\u0103 International Rescue Committee \u0219i Swedish Postcode Foundation \u00een trei dintre Spa\u021biile Sigure din regiunile \u00een care \u00ee\u0219i desf\u0103\u0219oar\u0103 activit\u0103\u021bile \u00een cadrul proiectului.<\/div>\n<\/div>\n<div class=\"x11i5rnm xat24cr x1mh8g0r x1vvkbs xtlvy1s x126k92a\">\n<div dir=\"auto\">Astfel, la acest eveniment organizat \u00een Chi\u0219in\u0103u, Bender \u0219i Vulc\u0103ne\u0219ti au participat peste 1200 de copii locali \u0219i refugia\u021bi precum \u0219i p\u0103rin\u021bii acestora.<\/div>\n<\/div>\n<div class=\"x11i5rnm xat24cr x1mh8g0r x1vvkbs xtlvy1s x126k92a\">\n<div dir=\"auto\">Scopul activit\u0103\u021bilor a fost educativ-informativ. Aici, fiecare copil s-a sim\u021bit cet\u0103\u021bean de onoare afl\u00e2nd personal cum func\u021bioneaz\u0103 \u0219i cu ce se ocupa institu\u021biile statului cum ar fi prim\u0103ria, magazinul, pia\u021ba, banca, aeroportul, spitalul.<\/div>\n<\/div>\n<div class=\"x11i5rnm xat24cr x1mh8g0r x1vvkbs xtlvy1s x126k92a\">\n<div dir=\"auto\">Vom repeta astfel de activit\u0103\u021bi mai des, pentru c\u0103 este necesitate de a educa cet\u0103\u021beni responsabili \u0219i cunosc\u0103tori.<\/div>\n<\/div>\n<div class=\"x11i5rnm xat24cr x1mh8g0r x1vvkbs xtlvy1s x126k92a\">\n<div dir=\"auto\">Proiect finan\u021bat de <a class=\"x1i10hfl xjbqb8w x6umtig x1b1mbwd xaqea5y xav7gou x9f619 x1ypdohk xt0psk2 xe8uvvx xdj266r x11i5rnm xat24cr x1mh8g0r xexx8yu x4uap5 x18d9i69 xkhd6sd x16tdsg8 x1hl2dhg xggy1nq x1a2a7pz xt0b8zv x1qq9wsj xo1l8bm\" tabindex=\"0\" role=\"link\" href=\"https:\/\/www.facebook.com\/InternationalRescueCommittee?__cft__[0]=AZXSEhJC5MnLwlHOLsgedy__fxLncc0diNpQei3iJiN74CE8Z3KWS1FN5aKtCmqyj43t6ZBZlZv3kW_kGVnjT54YVPYeir5OWrU_yargPRlG2J8OWfi5e068jdFB6B7AvPl6dUPt2_oHssB3wyrr2n8aGBO8LwtM0oDIgKLkm_y0DRlKkjBJnnEL4M1FSUpDCqw&amp;__tn__=-]K-R\"><span class=\"xt0psk2\">International Rescue Committee<\/span><\/a> \u0219i <a class=\"x1i10hfl xjbqb8w x6umtig x1b1mbwd xaqea5y xav7gou x9f619 x1ypdohk xt0psk2 xe8uvvx xdj266r x11i5rnm xat24cr x1mh8g0r xexx8yu x4uap5 x18d9i69 xkhd6sd x16tdsg8 x1hl2dhg xggy1nq x1a2a7pz xt0b8zv x1qq9wsj xo1l8bm\" tabindex=\"0\" role=\"link\" href=\"https:\/\/www.facebook.com\/postkodstiftelsen?__cft__[0]=AZXSEhJC5MnLwlHOLsgedy__fxLncc0diNpQei3iJiN74CE8Z3KWS1FN5aKtCmqyj43t6ZBZlZv3kW_kGVnjT54YVPYeir5OWrU_yargPRlG2J8OWfi5e068jdFB6B7AvPl6dUPt2_oHssB3wyrr2n8aGBO8LwtM0oDIgKLkm_y0DRlKkjBJnnEL4M1FSUpDCqw&amp;__tn__=-]K-R\"><span class=\"xt0psk2\">Svenska Postkodstiftelsen<\/span><\/a> <span class=\"x3nfvp2 x1j61x8r x1fcty0u xdj266r xhhsvwb xat24cr xgzva0m xxymvpz xlup9mm x1kky2od\"><img decoding=\"async\" src=\"https:\/\/static.xx.fbcdn.net\/images\/emoji.php\/v9\/t1f\/2\/16\/1f64f.png\" alt=\"\ud83d\ude4f\" width=\"16\" height=\"16\" \/><\/span><\/div>\n<\/div>\n<div class=\"x11i5rnm xat24cr x1mh8g0r x1vvkbs xtlvy1s x126k92a\">\n<div dir=\"auto\"><a class=\"x1i10hfl xjbqb8w x6umtig x1b1mbwd xaqea5y xav7gou x9f619 x1ypdohk xt0psk2 xe8uvvx xdj266r x11i5rnm xat24cr x1mh8g0r xexx8yu x4uap5 x18d9i69 xkhd6sd x16tdsg8 x1hl2dhg xggy1nq x1a2a7pz xt0b8zv x1qq9wsj xo1l8bm\" tabindex=\"0\" role=\"link\" href=\"https:\/\/www.facebook.com\/hashtag\/adra?__eep__=6&amp;__cft__[0]=AZXSEhJC5MnLwlHOLsgedy__fxLncc0diNpQei3iJiN74CE8Z3KWS1FN5aKtCmqyj43t6ZBZlZv3kW_kGVnjT54YVPYeir5OWrU_yargPRlG2J8OWfi5e068jdFB6B7AvPl6dUPt2_oHssB3wyrr2n8aGBO8LwtM0oDIgKLkm_y0DRlKkjBJnnEL4M1FSUpDCqw&amp;__tn__=*NK-R\">#adra<\/a> <a class=\"x1i10hfl xjbqb8w x6umtig x1b1mbwd xaqea5y xav7gou x9f619 x1ypdohk xt0psk2 xe8uvvx xdj266r x11i5rnm xat24cr x1mh8g0r xexx8yu x4uap5 x18d9i69 xkhd6sd x16tdsg8 x1hl2dhg xggy1nq x1a2a7pz xt0b8zv x1qq9wsj xo1l8bm\" tabindex=\"0\" role=\"link\" href=\"https:\/\/www.facebook.com\/hashtag\/adramoldova?__eep__=6&amp;__cft__[0]=AZXSEhJC5MnLwlHOLsgedy__fxLncc0diNpQei3iJiN74CE8Z3KWS1FN5aKtCmqyj43t6ZBZlZv3kW_kGVnjT54YVPYeir5OWrU_yargPRlG2J8OWfi5e068jdFB6B7AvPl6dUPt2_oHssB3wyrr2n8aGBO8LwtM0oDIgKLkm_y0DRlKkjBJnnEL4M1FSUpDCqw&amp;__tn__=*NK-R\">#adramoldova<\/a> <a class=\"x1i10hfl xjbqb8w x6umtig x1b1mbwd xaqea5y xav7gou x9f619 x1ypdohk xt0psk2 xe8uvvx xdj266r x11i5rnm xat24cr x1mh8g0r xexx8yu x4uap5 x18d9i69 xkhd6sd x16tdsg8 x1hl2dhg xggy1nq x1a2a7pz xt0b8zv x1qq9wsj xo1l8bm\" tabindex=\"0\" role=\"link\" href=\"https:\/\/www.facebook.com\/hashtag\/irc?__eep__=6&amp;__cft__[0]=AZXSEhJC5MnLwlHOLsgedy__fxLncc0diNpQei3iJiN74CE8Z3KWS1FN5aKtCmqyj43t6ZBZlZv3kW_kGVnjT54YVPYeir5OWrU_yargPRlG2J8OWfi5e068jdFB6B7AvPl6dUPt2_oHssB3wyrr2n8aGBO8LwtM0oDIgKLkm_y0DRlKkjBJnnEL4M1FSUpDCqw&amp;__tn__=*NK-R\">#irc<\/a> <a class=\"x1i10hfl xjbqb8w x6umtig x1b1mbwd xaqea5y xav7gou x9f619 x1ypdohk xt0psk2 xe8uvvx xdj266r x11i5rnm xat24cr x1mh8g0r xexx8yu x4uap5 x18d9i69 xkhd6sd x16tdsg8 x1hl2dhg xggy1nq x1a2a7pz xt0b8zv x1qq9wsj xo1l8bm\" tabindex=\"0\" role=\"link\" href=\"https:\/\/www.facebook.com\/hashtag\/postkodeffekten?__eep__=6&amp;__cft__[0]=AZXSEhJC5MnLwlHOLsgedy__fxLncc0diNpQei3iJiN74CE8Z3KWS1FN5aKtCmqyj43t6ZBZlZv3kW_kGVnjT54YVPYeir5OWrU_yargPRlG2J8OWfi5e068jdFB6B7AvPl6dUPt2_oHssB3wyrr2n8aGBO8LwtM0oDIgKLkm_y0DRlKkjBJnnEL4M1FSUpDCqw&amp;__tn__=*NK-R\">#postkodeffekten<\/a> <a class=\"x1i10hfl xjbqb8w x6umtig x1b1mbwd xaqea5y xav7gou x9f619 x1ypdohk xt0psk2 xe8uvvx xdj266r x11i5rnm xat24cr x1mh8g0r xexx8yu x4uap5 x18d9i69 xkhd6sd x16tdsg8 x1hl2dhg xggy1nq x1a2a7pz xt0b8zv x1qq9wsj xo1l8bm\" tabindex=\"0\" role=\"link\" href=\"https:\/\/www.facebook.com\/hashtag\/projectforchange?__eep__=6&amp;__cft__[0]=AZXSEhJC5MnLwlHOLsgedy__fxLncc0diNpQei3iJiN74CE8Z3KWS1FN5aKtCmqyj43t6ZBZlZv3kW_kGVnjT54YVPYeir5OWrU_yargPRlG2J8OWfi5e068jdFB6B7AvPl6dUPt2_oHssB3wyrr2n8aGBO8LwtM0oDIgKLkm_y0DRlKkjBJnnEL4M1FSUpDCqw&amp;__tn__=*NK-R\">#projectforchange<\/a> <a class=\"x1i10hfl xjbqb8w x6umtig x1b1mbwd xaqea5y xav7gou x9f619 x1ypdohk xt0psk2 xe8uvvx xdj266r x11i5rnm xat24cr x1mh8g0r xexx8yu x4uap5 x18d9i69 xkhd6sd x16tdsg8 x1hl2dhg xggy1nq x1a2a7pz xt0b8zv x1qq9wsj xo1l8bm\" tabindex=\"0\" role=\"link\" href=\"https:\/\/www.facebook.com\/hashtag\/childrenday?__eep__=6&amp;__cft__[0]=AZXSEhJC5MnLwlHOLsgedy__fxLncc0diNpQei3iJiN74CE8Z3KWS1FN5aKtCmqyj43t6ZBZlZv3kW_kGVnjT54YVPYeir5OWrU_yargPRlG2J8OWfi5e068jdFB6B7AvPl6dUPt2_oHssB3wyrr2n8aGBO8LwtM0oDIgKLkm_y0DRlKkjBJnnEL4M1FSUpDCqw&amp;__tn__=*NK-R\">#childrenday<\/a> <a class=\"x1i10hfl xjbqb8w x6umtig x1b1mbwd xaqea5y xav7gou x9f619 x1ypdohk xt0psk2 xe8uvvx xdj266r x11i5rnm xat24cr x1mh8g0r xexx8yu x4uap5 x18d9i69 xkhd6sd x16tdsg8 x1hl2dhg xggy1nq x1a2a7pz xt0b8zv x1qq9wsj xo1l8bm\" tabindex=\"0\" role=\"link\" href=\"https:\/\/www.facebook.com\/hashtag\/happyday?__eep__=6&amp;__cft__[0]=AZXSEhJC5MnLwlHOLsgedy__fxLncc0diNpQei3iJiN74CE8Z3KWS1FN5aKtCmqyj43t6ZBZlZv3kW_kGVnjT54YVPYeir5OWrU_yargPRlG2J8OWfi5e068jdFB6B7AvPl6dUPt2_oHssB3wyrr2n8aGBO8LwtM0oDIgKLkm_y0DRlKkjBJnnEL4M1FSUpDCqw&amp;__tn__=*NK-R\">#happyday<\/a> <a class=\"x1i10hfl xjbqb8w x6umtig x1b1mbwd xaqea5y xav7gou x9f619 x1ypdohk xt0psk2 xe8uvvx xdj266r x11i5rnm xat24cr x1mh8g0r xexx8yu x4uap5 x18d9i69 xkhd6sd x16tdsg8 x1hl2dhg xggy1nq x1a2a7pz xt0b8zv x1qq9wsj xo1l8bm\" tabindex=\"0\" role=\"link\" href=\"https:\/\/www.facebook.com\/hashtag\/happychildren?__eep__=6&amp;__cft__[0]=AZXSEhJC5MnLwlHOLsgedy__fxLncc0diNpQei3iJiN74CE8Z3KWS1FN5aKtCmqyj43t6ZBZlZv3kW_kGVnjT54YVPYeir5OWrU_yargPRlG2J8OWfi5e068jdFB6B7AvPl6dUPt2_oHssB3wyrr2n8aGBO8LwtM0oDIgKLkm_y0DRlKkjBJnnEL4M1FSUpDCqw&amp;__tn__=*NK-R\">#happychildren<\/a> <a class=\"x1i10hfl xjbqb8w x6umtig x1b1mbwd xaqea5y xav7gou x9f619 x1ypdohk xt0psk2 xe8uvvx xdj266r x11i5rnm xat24cr x1mh8g0r xexx8yu x4uap5 x18d9i69 xkhd6sd x16tdsg8 x1hl2dhg xggy1nq x1a2a7pz xt0b8zv x1qq9wsj xo1l8bm\" tabindex=\"0\" role=\"link\" href=\"https:\/\/www.facebook.com\/hashtag\/kidsactivities?__eep__=6&amp;__cft__[0]=AZXSEhJC5MnLwlHOLsgedy__fxLncc0diNpQei3iJiN74CE8Z3KWS1FN5aKtCmqyj43t6ZBZlZv3kW_kGVnjT54YVPYeir5OWrU_yargPRlG2J8OWfi5e068jdFB6B7AvPl6dUPt2_oHssB3wyrr2n8aGBO8LwtM0oDIgKLkm_y0DRlKkjBJnnEL4M1FSUpDCqw&amp;__tn__=*NK-R\">#kidsactivities<\/a><\/div>\n<\/div>\n<div dir=\"auto\"><\/div>\n<div dir=\"auto\">\n<div style=\"width: 800px;\" class=\"wp-video\"><video class=\"wp-video-shortcode\" id=\"video-20704-1\" width=\"800\" height=\"450\" preload=\"metadata\" controls=\"controls\"><source type=\"video\/mp4\" src=\"https:\/\/adra.md\/wp-content\/uploads\/2023\/09\/Children-Day-IRC2-copie.mp4?_=1\" \/><a href=\"https:\/\/adra.md\/wp-content\/uploads\/2023\/09\/Children-Day-IRC2-copie.mp4\">https:\/\/adra.md\/wp-content\/uploads\/2023\/09\/Children-Day-IRC2-copie.mp4<\/a><\/video><\/div>\n<\/div>\n","protected":false},"excerpt":{"rendered":"<p>Ziua Interna\u021bional\u0103 a Ocrotirii Copilului este s\u0103rb\u0103torit\u0103 \u00een \u00eentreaga lume ca reamintire pentru adul\u021bi a necesit\u0103\u021bii de a respecta drepturile copiilor la via\u021b\u0103, educa\u021bie, odihn\u0103 \u0219i recreere, la protec\u021bia \u00eempotriva violen\u021bei fizice \u0219i psihice, dar \u0219i \u00eempotriva exploat\u0103rii muncii copiilor. S\u0103rb\u0103toarea a fost organizat\u0103 de ADRA Moldova \u00een colaborare cu autorit\u0103\u021bile publice locale \u0219i cu [&hellip;]<\/p>\n","protected":false},"author":9,"featured_media":20662,"comment_status":"closed","ping_status":"closed","sticky":false,"template":"","format":"standard","meta":{"_acf_changed":false,"footnotes":""},"categories":[1],"tags":[],"class_list":["post-20704","post","type-post","status-publish","format-standard","has-post-thumbnail","hentry","category-uncategorized"],"acf":[],"yoast_head":"<!-- This site is optimized with the Yoast SEO plugin v27.4 - https:\/\/yoast.com\/product\/yoast-seo-wordpress\/ -->\n<title>Ziua Interna\u021bional\u0103 a Ocrotirii Copilului - ADRA Moldova<\/title>\n<meta name=\"robots\" content=\"index, follow, max-snippet:-1, max-image-preview:large, max-video-preview:-1\" \/>\n<link rel=\"canonical\" href=\"https:\/\/adra.md\/ru\/ziua-internationala-a-ocrotirii-copilului\/\" \/>\n<meta property=\"og:locale\" content=\"ru_RU\" \/>\n<meta property=\"og:type\" content=\"article\" \/>\n<meta property=\"og:title\" content=\"Ziua Interna\u021bional\u0103 a Ocrotirii Copilului - ADRA Moldova\" \/>\n<meta property=\"og:description\" content=\"Ziua Interna\u021bional\u0103 a Ocrotirii Copilului este s\u0103rb\u0103torit\u0103 \u00een \u00eentreaga lume ca reamintire pentru adul\u021bi a necesit\u0103\u021bii de a respecta drepturile copiilor la via\u021b\u0103, educa\u021bie, odihn\u0103 \u0219i recreere, la protec\u021bia \u00eempotriva violen\u021bei fizice \u0219i psihice, dar \u0219i \u00eempotriva exploat\u0103rii muncii copiilor. S\u0103rb\u0103toarea a fost organizat\u0103 de ADRA Moldova \u00een colaborare cu autorit\u0103\u021bile publice locale \u0219i cu [&hellip;]\" \/>\n<meta property=\"og:url\" content=\"https:\/\/adra.md\/ru\/ziua-internationala-a-ocrotirii-copilului\/\" \/>\n<meta property=\"og:site_name\" content=\"ADRA Moldova\" \/>\n<meta property=\"article:published_time\" content=\"2023-09-13T09:06:52+00:00\" \/>\n<meta property=\"og:image\" content=\"https:\/\/adra.md\/wp-content\/uploads\/2023\/06\/DSC9116-scaled.jpeg\" \/>\n\t<meta property=\"og:image:width\" content=\"2560\" \/>\n\t<meta property=\"og:image:height\" content=\"1707\" \/>\n\t<meta property=\"og:image:type\" content=\"image\/jpeg\" \/>\n<meta name=\"author\" content=\"ADRA Moldova\" \/>\n<meta name=\"twitter:card\" content=\"summary_large_image\" \/>\n<meta name=\"twitter:label1\" content=\"\u041d\u0430\u043f\u0438\u0441\u0430\u043d\u043e \u0430\u0432\u0442\u043e\u0440\u043e\u043c\" \/>\n\t<meta name=\"twitter:data1\" content=\"ADRA Moldova\" \/>\n\t<meta name=\"twitter:label2\" content=\"\u041f\u0440\u0438\u043c\u0435\u0440\u043d\u043e\u0435 \u0432\u0440\u0435\u043c\u044f \u0434\u043b\u044f \u0447\u0442\u0435\u043d\u0438\u044f\" \/>\n\t<meta name=\"twitter:data2\" content=\"1 \u043c\u0438\u043d\u0443\u0442\u0430\" \/>\n<script type=\"application\/ld+json\" class=\"yoast-schema-graph\">{\"@context\":\"https:\\\/\\\/schema.org\",\"@graph\":[{\"@type\":\"Article\",\"@id\":\"https:\\\/\\\/adra.md\\\/ziua-internationala-a-ocrotirii-copilului\\\/#article\",\"isPartOf\":{\"@id\":\"https:\\\/\\\/adra.md\\\/ziua-internationala-a-ocrotirii-copilului\\\/\"},\"author\":{\"name\":\"ADRA Moldova\",\"@id\":\"https:\\\/\\\/adra.md\\\/#\\\/schema\\\/person\\\/b0181e611ee89738cefb7dc2db2bb8d1\"},\"headline\":\"Ziua Interna\u021bional\u0103 a Ocrotirii Copilului\",\"datePublished\":\"2023-09-13T09:06:52+00:00\",\"mainEntityOfPage\":{\"@id\":\"https:\\\/\\\/adra.md\\\/ziua-internationala-a-ocrotirii-copilului\\\/\"},\"wordCount\":224,\"publisher\":{\"@id\":\"https:\\\/\\\/adra.md\\\/#organization\"},\"image\":{\"@id\":\"https:\\\/\\\/adra.md\\\/ziua-internationala-a-ocrotirii-copilului\\\/#primaryimage\"},\"thumbnailUrl\":\"https:\\\/\\\/adra.md\\\/wp-content\\\/uploads\\\/2023\\\/06\\\/DSC9116-scaled.jpeg\",\"articleSection\":[\"Uncategorized\"],\"inLanguage\":\"ru-RU\"},{\"@type\":\"WebPage\",\"@id\":\"https:\\\/\\\/adra.md\\\/ziua-internationala-a-ocrotirii-copilului\\\/\",\"url\":\"https:\\\/\\\/adra.md\\\/ziua-internationala-a-ocrotirii-copilului\\\/\",\"name\":\"Ziua Interna\u021bional\u0103 a Ocrotirii Copilului - ADRA Moldova\",\"isPartOf\":{\"@id\":\"https:\\\/\\\/adra.md\\\/#website\"},\"primaryImageOfPage\":{\"@id\":\"https:\\\/\\\/adra.md\\\/ziua-internationala-a-ocrotirii-copilului\\\/#primaryimage\"},\"image\":{\"@id\":\"https:\\\/\\\/adra.md\\\/ziua-internationala-a-ocrotirii-copilului\\\/#primaryimage\"},\"thumbnailUrl\":\"https:\\\/\\\/adra.md\\\/wp-content\\\/uploads\\\/2023\\\/06\\\/DSC9116-scaled.jpeg\",\"datePublished\":\"2023-09-13T09:06:52+00:00\",\"breadcrumb\":{\"@id\":\"https:\\\/\\\/adra.md\\\/ziua-internationala-a-ocrotirii-copilului\\\/#breadcrumb\"},\"inLanguage\":\"ru-RU\",\"potentialAction\":[{\"@type\":\"ReadAction\",\"target\":[\"https:\\\/\\\/adra.md\\\/ziua-internationala-a-ocrotirii-copilului\\\/\"]}]},{\"@type\":\"ImageObject\",\"inLanguage\":\"ru-RU\",\"@id\":\"https:\\\/\\\/adra.md\\\/ziua-internationala-a-ocrotirii-copilului\\\/#primaryimage\",\"url\":\"https:\\\/\\\/adra.md\\\/wp-content\\\/uploads\\\/2023\\\/06\\\/DSC9116-scaled.jpeg\",\"contentUrl\":\"https:\\\/\\\/adra.md\\\/wp-content\\\/uploads\\\/2023\\\/06\\\/DSC9116-scaled.jpeg\",\"width\":2560,\"height\":1707},{\"@type\":\"BreadcrumbList\",\"@id\":\"https:\\\/\\\/adra.md\\\/ziua-internationala-a-ocrotirii-copilului\\\/#breadcrumb\",\"itemListElement\":[{\"@type\":\"ListItem\",\"position\":1,\"name\":\"Home\",\"item\":\"https:\\\/\\\/adra.md\\\/\"},{\"@type\":\"ListItem\",\"position\":2,\"name\":\"Ziua Interna\u021bional\u0103 a Ocrotirii Copilului\"}]},{\"@type\":\"WebSite\",\"@id\":\"https:\\\/\\\/adra.md\\\/#website\",\"url\":\"https:\\\/\\\/adra.md\\\/\",\"name\":\"ADRA Moldova\",\"description\":\"Agen\u0163ia Adventist\u0103 pentru Dezvoltare, Refacere \u015fi Ajutor\",\"publisher\":{\"@id\":\"https:\\\/\\\/adra.md\\\/#organization\"},\"potentialAction\":[{\"@type\":\"SearchAction\",\"target\":{\"@type\":\"EntryPoint\",\"urlTemplate\":\"https:\\\/\\\/adra.md\\\/?s={search_term_string}\"},\"query-input\":{\"@type\":\"PropertyValueSpecification\",\"valueRequired\":true,\"valueName\":\"search_term_string\"}}],\"inLanguage\":\"ru-RU\"},{\"@type\":\"Organization\",\"@id\":\"https:\\\/\\\/adra.md\\\/#organization\",\"name\":\"ADRA Moldova\",\"url\":\"https:\\\/\\\/adra.md\\\/\",\"logo\":{\"@type\":\"ImageObject\",\"inLanguage\":\"ru-RU\",\"@id\":\"https:\\\/\\\/adra.md\\\/#\\\/schema\\\/logo\\\/image\\\/\",\"url\":\"https:\\\/\\\/adra.md\\\/wp-content\\\/uploads\\\/2019\\\/11\\\/group-435.png\",\"contentUrl\":\"https:\\\/\\\/adra.md\\\/wp-content\\\/uploads\\\/2019\\\/11\\\/group-435.png\",\"width\":500,\"height\":133,\"caption\":\"ADRA Moldova\"},\"image\":{\"@id\":\"https:\\\/\\\/adra.md\\\/#\\\/schema\\\/logo\\\/image\\\/\"}},{\"@type\":\"Person\",\"@id\":\"https:\\\/\\\/adra.md\\\/#\\\/schema\\\/person\\\/b0181e611ee89738cefb7dc2db2bb8d1\",\"name\":\"ADRA Moldova\",\"url\":\"https:\\\/\\\/adra.md\\\/ru\\\/author\\\/andrei-girleanu\\\/\"}]}<\/script>\n<!-- \/ Yoast SEO plugin. -->","yoast_head_json":{"title":"Ziua Interna\u021bional\u0103 a Ocrotirii Copilului - ADRA Moldova","robots":{"index":"index","follow":"follow","max-snippet":"max-snippet:-1","max-image-preview":"max-image-preview:large","max-video-preview":"max-video-preview:-1"},"canonical":"https:\/\/adra.md\/ru\/ziua-internationala-a-ocrotirii-copilului\/","og_locale":"ru_RU","og_type":"article","og_title":"Ziua Interna\u021bional\u0103 a Ocrotirii Copilului - ADRA Moldova","og_description":"Ziua Interna\u021bional\u0103 a Ocrotirii Copilului este s\u0103rb\u0103torit\u0103 \u00een \u00eentreaga lume ca reamintire pentru adul\u021bi a necesit\u0103\u021bii de a respecta drepturile copiilor la via\u021b\u0103, educa\u021bie, odihn\u0103 \u0219i recreere, la protec\u021bia \u00eempotriva violen\u021bei fizice \u0219i psihice, dar \u0219i \u00eempotriva exploat\u0103rii muncii copiilor. S\u0103rb\u0103toarea a fost organizat\u0103 de ADRA Moldova \u00een colaborare cu autorit\u0103\u021bile publice locale \u0219i cu [&hellip;]","og_url":"https:\/\/adra.md\/ru\/ziua-internationala-a-ocrotirii-copilului\/","og_site_name":"ADRA Moldova","article_published_time":"2023-09-13T09:06:52+00:00","og_image":[{"width":2560,"height":1707,"url":"https:\/\/adra.md\/wp-content\/uploads\/2023\/06\/DSC9116-scaled.jpeg","type":"image\/jpeg"}],"author":"ADRA Moldova","twitter_card":"summary_large_image","twitter_misc":{"\u041d\u0430\u043f\u0438\u0441\u0430\u043d\u043e \u0430\u0432\u0442\u043e\u0440\u043e\u043c":"ADRA Moldova","\u041f\u0440\u0438\u043c\u0435\u0440\u043d\u043e\u0435 \u0432\u0440\u0435\u043c\u044f \u0434\u043b\u044f \u0447\u0442\u0435\u043d\u0438\u044f":"1 \u043c\u0438\u043d\u0443\u0442\u0430"},"schema":{"@context":"https:\/\/schema.org","@graph":[{"@type":"Article","@id":"https:\/\/adra.md\/ziua-internationala-a-ocrotirii-copilului\/#article","isPartOf":{"@id":"https:\/\/adra.md\/ziua-internationala-a-ocrotirii-copilului\/"},"author":{"name":"ADRA Moldova","@id":"https:\/\/adra.md\/#\/schema\/person\/b0181e611ee89738cefb7dc2db2bb8d1"},"headline":"Ziua Interna\u021bional\u0103 a Ocrotirii Copilului","datePublished":"2023-09-13T09:06:52+00:00","mainEntityOfPage":{"@id":"https:\/\/adra.md\/ziua-internationala-a-ocrotirii-copilului\/"},"wordCount":224,"publisher":{"@id":"https:\/\/adra.md\/#organization"},"image":{"@id":"https:\/\/adra.md\/ziua-internationala-a-ocrotirii-copilului\/#primaryimage"},"thumbnailUrl":"https:\/\/adra.md\/wp-content\/uploads\/2023\/06\/DSC9116-scaled.jpeg","articleSection":["Uncategorized"],"inLanguage":"ru-RU"},{"@type":"WebPage","@id":"https:\/\/adra.md\/ziua-internationala-a-ocrotirii-copilului\/","url":"https:\/\/adra.md\/ziua-internationala-a-ocrotirii-copilului\/","name":"Ziua Interna\u021bional\u0103 a Ocrotirii Copilului - ADRA Moldova","isPartOf":{"@id":"https:\/\/adra.md\/#website"},"primaryImageOfPage":{"@id":"https:\/\/adra.md\/ziua-internationala-a-ocrotirii-copilului\/#primaryimage"},"image":{"@id":"https:\/\/adra.md\/ziua-internationala-a-ocrotirii-copilului\/#primaryimage"},"thumbnailUrl":"https:\/\/adra.md\/wp-content\/uploads\/2023\/06\/DSC9116-scaled.jpeg","datePublished":"2023-09-13T09:06:52+00:00","breadcrumb":{"@id":"https:\/\/adra.md\/ziua-internationala-a-ocrotirii-copilului\/#breadcrumb"},"inLanguage":"ru-RU","potentialAction":[{"@type":"ReadAction","target":["https:\/\/adra.md\/ziua-internationala-a-ocrotirii-copilului\/"]}]},{"@type":"ImageObject","inLanguage":"ru-RU","@id":"https:\/\/adra.md\/ziua-internationala-a-ocrotirii-copilului\/#primaryimage","url":"https:\/\/adra.md\/wp-content\/uploads\/2023\/06\/DSC9116-scaled.jpeg","contentUrl":"https:\/\/adra.md\/wp-content\/uploads\/2023\/06\/DSC9116-scaled.jpeg","width":2560,"height":1707},{"@type":"BreadcrumbList","@id":"https:\/\/adra.md\/ziua-internationala-a-ocrotirii-copilului\/#breadcrumb","itemListElement":[{"@type":"ListItem","position":1,"name":"Home","item":"https:\/\/adra.md\/"},{"@type":"ListItem","position":2,"name":"Ziua Interna\u021bional\u0103 a Ocrotirii Copilului"}]},{"@type":"WebSite","@id":"https:\/\/adra.md\/#website","url":"https:\/\/adra.md\/","name":"ADRA Moldova","description":"Agen\u0163ia Adventist\u0103 pentru Dezvoltare, Refacere \u015fi Ajutor","publisher":{"@id":"https:\/\/adra.md\/#organization"},"potentialAction":[{"@type":"SearchAction","target":{"@type":"EntryPoint","urlTemplate":"https:\/\/adra.md\/?s={search_term_string}"},"query-input":{"@type":"PropertyValueSpecification","valueRequired":true,"valueName":"search_term_string"}}],"inLanguage":"ru-RU"},{"@type":"Organization","@id":"https:\/\/adra.md\/#organization","name":"ADRA Moldova","url":"https:\/\/adra.md\/","logo":{"@type":"ImageObject","inLanguage":"ru-RU","@id":"https:\/\/adra.md\/#\/schema\/logo\/image\/","url":"https:\/\/adra.md\/wp-content\/uploads\/2019\/11\/group-435.png","contentUrl":"https:\/\/adra.md\/wp-content\/uploads\/2019\/11\/group-435.png","width":500,"height":133,"caption":"ADRA Moldova"},"image":{"@id":"https:\/\/adra.md\/#\/schema\/logo\/image\/"}},{"@type":"Person","@id":"https:\/\/adra.md\/#\/schema\/person\/b0181e611ee89738cefb7dc2db2bb8d1","name":"ADRA Moldova","url":"https:\/\/adra.md\/ru\/author\/andrei-girleanu\/"}]}},"_links":{"self":[{"href":"https:\/\/adra.md\/ru\/wp-json\/wp\/v2\/posts\/20704","targetHints":{"allow":["GET"]}}],"collection":[{"href":"https:\/\/adra.md\/ru\/wp-json\/wp\/v2\/posts"}],"about":[{"href":"https:\/\/adra.md\/ru\/wp-json\/wp\/v2\/types\/post"}],"author":[{"embeddable":true,"href":"https:\/\/adra.md\/ru\/wp-json\/wp\/v2\/users\/9"}],"replies":[{"embeddable":true,"href":"https:\/\/adra.md\/ru\/wp-json\/wp\/v2\/comments?post=20704"}],"version-history":[{"count":1,"href":"https:\/\/adra.md\/ru\/wp-json\/wp\/v2\/posts\/20704\/revisions"}],"predecessor-version":[{"id":20706,"href":"https:\/\/adra.md\/ru\/wp-json\/wp\/v2\/posts\/20704\/revisions\/20706"}],"wp:featuredmedia":[{"embeddable":true,"href":"https:\/\/adra.md\/ru\/wp-json\/wp\/v2\/media\/20662"}],"wp:attachment":[{"href":"https:\/\/adra.md\/ru\/wp-json\/wp\/v2\/media?parent=20704"}],"wp:term":[{"taxonomy":"category","embeddable":true,"href":"https:\/\/adra.md\/ru\/wp-json\/wp\/v2\/categories?post=20704"},{"taxonomy":"post_tag","embeddable":true,"href":"https:\/\/adra.md\/ru\/wp-json\/wp\/v2\/tags?post=20704"}],"curies":[{"name":"wp","href":"https:\/\/api.w.org\/{rel}","templated":true}]}}