{"id":20856,"date":"2023-09-18T08:36:32","date_gmt":"2023-09-18T08:36:32","guid":{"rendered":"https:\/\/adra.md\/?p=20856"},"modified":"2023-09-18T08:36:32","modified_gmt":"2023-09-18T08:36:32","slug":"adra-si-nrc-ofera-asistenta-refugiatilor-din-basarabeasca","status":"publish","type":"post","link":"https:\/\/adra.md\/ru\/adra-si-nrc-ofera-asistenta-refugiatilor-din-basarabeasca\/","title":{"rendered":"ADRA \u0219i NRC ofer\u0103 asisten\u021b\u0103 refugia\u021bilor din Basarabeasca!"},"content":{"rendered":"<div class=\"xdj266r x11i5rnm xat24cr x1mh8g0r x1vvkbs x126k92a\">\n<div dir=\"auto\">Adra Moldova ofer\u0103 asisten\u021b\u0103 refugia\u021bilor din Basarabeasca!<\/div>\n<div dir=\"auto\">Nemijlocit pentru refugia\u021bii afla\u021bi temporar \u00een localitatea Basarabeasca, a fost organizat un trainig cu tematica &#8222;\u00cent\u00e2lnire de familie cu psihologul&#8221;.<\/div>\n<div dir=\"auto\">Intrarea la \u0219coal\u0103 nou\u0103 este un eveniment deosebit pentru copii. Majoritatea copiilor sunt bucuro\u0219i \u0219i entuziasma\u021bi, dar \u00een paralel, simt un disconfort emo\u021bional, \u00eencordare, uneori fric\u0103, anxietate, sunt stresa\u021bi din cauza unui nou mediu.<\/div>\n<div dir=\"auto\">\u00cen ajutor cu siguran\u021b\u0103 vor veni profesorii, dar \u00een primul r\u00e2nd &#8211; p\u0103rin\u021bii, care sunt cei mai buni prieteni ai copilului. Ei pot s\u0103 aleag\u0103 cele mai potrivite cuvinte, cele mai bl\u00e2nde metode de adaptare a copiilor \u00eentr-un mediu nou pentru ei.<\/div>\n<div dir=\"auto\">\u00cen cadrul \u00eent\u00e2lnirii, participan\u021bii au fost parte a activit\u0103\u021bilor practice \u0219i au savurat din informa\u021bia util\u0103 \u0219i pre\u021bioas\u0103 despre tehnici de adaptare facil\u0103 la \u0219coal\u0103, cum trebuie s\u0103 vorbe\u0219ti, ce trebuie s\u0103 spui \u0219i ce nu trebuie vociferat niciodat\u0103 unui elev, care \u00eencepe o aventur\u0103 \u00een \u0219coal\u0103 nou\u0103.<\/div>\n<\/div>\n<div class=\"x11i5rnm xat24cr x1mh8g0r x1vvkbs xtlvy1s x126k92a\">\n<div dir=\"auto\">Acest proiect este finan\u021bat de <a class=\"x1i10hfl xjbqb8w x6umtig x1b1mbwd xaqea5y xav7gou x9f619 x1ypdohk xt0psk2 xe8uvvx xdj266r x11i5rnm xat24cr x1mh8g0r xexx8yu x4uap5 x18d9i69 xkhd6sd x16tdsg8 x1hl2dhg xggy1nq x1a2a7pz xt0b8zv x1qq9wsj xo1l8bm\" tabindex=\"0\" role=\"link\" href=\"https:\/\/www.facebook.com\/norwegianrefugeecouncil?__cft__[0]=AZUxgLJoFzLqO3e4UPCPQQqWKPBKKZLBKL9K61k2_ERqvS0B2vH7ELlR2VvMt_ADIRFVXEKnyg-RCVPxPqk66Khfheh7eVKrfLQeJd8TVa4rIDfKNEeYQHYKW0FMTfxSvQQNPj-TyG7jlhammIVCOb4jrCyvBZ4OYZ-OMogQ8wlGrgrTXQtXb9MLhCZaf4g-Y2I&amp;__tn__=-]K-R\"><span class=\"xt0psk2\">NRC &#8211; Norwegian Refugee Council<\/span><\/a> \u0219i sus\u021binut de <a class=\"x1i10hfl xjbqb8w x6umtig x1b1mbwd xaqea5y xav7gou x9f619 x1ypdohk xt0psk2 xe8uvvx xdj266r x11i5rnm xat24cr x1mh8g0r xexx8yu x4uap5 x18d9i69 xkhd6sd x16tdsg8 x1hl2dhg xggy1nq x1a2a7pz xt0b8zv x1qq9wsj xo1l8bm\" tabindex=\"0\" role=\"link\" href=\"https:\/\/www.facebook.com\/Norwegian-Refugee-Council-103198819734917\/?__cft__[0]=AZUxgLJoFzLqO3e4UPCPQQqWKPBKKZLBKL9K61k2_ERqvS0B2vH7ELlR2VvMt_ADIRFVXEKnyg-RCVPxPqk66Khfheh7eVKrfLQeJd8TVa4rIDfKNEeYQHYKW0FMTfxSvQQNPj-TyG7jlhammIVCOb4jrCyvBZ4OYZ-OMogQ8wlGrgrTXQtXb9MLhCZaf4g-Y2I&amp;__tn__=kK-R\"><span class=\"xt0psk2\">Norwegian Refugee Council<\/span><\/a><span class=\"x3nfvp2 x1j61x8r x1fcty0u xdj266r xhhsvwb xat24cr xgzva0m xxymvpz xlup9mm x1kky2od\"><img decoding=\"async\" src=\"https:\/\/static.xx.fbcdn.net\/images\/emoji.php\/v9\/t1f\/2\/16\/1f64f.png\" alt=\"\ud83d\ude4f\" width=\"16\" height=\"16\" \/><\/span><\/div>\n<\/div>\n<div class=\"x11i5rnm xat24cr x1mh8g0r x1vvkbs xtlvy1s x126k92a\">\n<div dir=\"auto\"><a class=\"x1i10hfl xjbqb8w x6umtig x1b1mbwd xaqea5y xav7gou x9f619 x1ypdohk xt0psk2 xe8uvvx xdj266r x11i5rnm xat24cr x1mh8g0r xexx8yu x4uap5 x18d9i69 xkhd6sd x16tdsg8 x1hl2dhg xggy1nq x1a2a7pz xt0b8zv x1qq9wsj xo1l8bm\" tabindex=\"0\" role=\"link\" href=\"https:\/\/www.facebook.com\/hashtag\/adramoldova?__eep__=6&amp;__cft__[0]=AZUxgLJoFzLqO3e4UPCPQQqWKPBKKZLBKL9K61k2_ERqvS0B2vH7ELlR2VvMt_ADIRFVXEKnyg-RCVPxPqk66Khfheh7eVKrfLQeJd8TVa4rIDfKNEeYQHYKW0FMTfxSvQQNPj-TyG7jlhammIVCOb4jrCyvBZ4OYZ-OMogQ8wlGrgrTXQtXb9MLhCZaf4g-Y2I&amp;__tn__=*NK-R\">#adramoldova<\/a> <a class=\"x1i10hfl xjbqb8w x6umtig x1b1mbwd xaqea5y xav7gou x9f619 x1ypdohk xt0psk2 xe8uvvx xdj266r x11i5rnm xat24cr x1mh8g0r xexx8yu x4uap5 x18d9i69 xkhd6sd x16tdsg8 x1hl2dhg xggy1nq x1a2a7pz xt0b8zv x1qq9wsj xo1l8bm\" tabindex=\"0\" role=\"link\" href=\"https:\/\/www.facebook.com\/hashtag\/nrc?__eep__=6&amp;__cft__[0]=AZUxgLJoFzLqO3e4UPCPQQqWKPBKKZLBKL9K61k2_ERqvS0B2vH7ELlR2VvMt_ADIRFVXEKnyg-RCVPxPqk66Khfheh7eVKrfLQeJd8TVa4rIDfKNEeYQHYKW0FMTfxSvQQNPj-TyG7jlhammIVCOb4jrCyvBZ4OYZ-OMogQ8wlGrgrTXQtXb9MLhCZaf4g-Y2I&amp;__tn__=*NK-R\">#nrc<\/a><\/div>\n<\/div>\n<div dir=\"auto\"><img fetchpriority=\"high\" decoding=\"async\" class=\"alignnone  wp-image-20857\" src=\"https:\/\/adra.md\/wp-content\/uploads\/2023\/09\/378690323_300995729293054_7256729588569625428_n-240x300.jpg\" alt=\"\" width=\"284\" height=\"355\" srcset=\"https:\/\/adra.md\/wp-content\/uploads\/2023\/09\/378690323_300995729293054_7256729588569625428_n-240x300.jpg 240w, https:\/\/adra.md\/wp-content\/uploads\/2023\/09\/378690323_300995729293054_7256729588569625428_n-820x1024.jpg 820w, https:\/\/adra.md\/wp-content\/uploads\/2023\/09\/378690323_300995729293054_7256729588569625428_n-768x959.jpg 768w, https:\/\/adra.md\/wp-content\/uploads\/2023\/09\/378690323_300995729293054_7256729588569625428_n-1229x1536.jpg 1229w, https:\/\/adra.md\/wp-content\/uploads\/2023\/09\/378690323_300995729293054_7256729588569625428_n.jpg 1440w\" sizes=\"(max-width: 284px) 100vw, 284px\" \/>\u00a0 \u00a0 \u00a0<img decoding=\"async\" class=\"alignnone  wp-image-20858\" src=\"https:\/\/adra.md\/wp-content\/uploads\/2023\/09\/378718319_300995739293053_7306890005242114638_n-240x300.jpg\" alt=\"\" width=\"284\" height=\"355\" srcset=\"https:\/\/adra.md\/wp-content\/uploads\/2023\/09\/378718319_300995739293053_7306890005242114638_n-240x300.jpg 240w, https:\/\/adra.md\/wp-content\/uploads\/2023\/09\/378718319_300995739293053_7306890005242114638_n-819x1024.jpg 819w, https:\/\/adra.md\/wp-content\/uploads\/2023\/09\/378718319_300995739293053_7306890005242114638_n-768x960.jpg 768w, https:\/\/adra.md\/wp-content\/uploads\/2023\/09\/378718319_300995739293053_7306890005242114638_n-1229x1536.jpg 1229w, https:\/\/adra.md\/wp-content\/uploads\/2023\/09\/378718319_300995739293053_7306890005242114638_n.jpg 1440w\" sizes=\"(max-width: 284px) 100vw, 284px\" \/>\u00a0 \u00a0\u00a0 <img loading=\"lazy\" decoding=\"async\" class=\"alignnone  wp-image-20859\" src=\"https:\/\/adra.md\/wp-content\/uploads\/2023\/09\/378767873_300995749293052_1470799361013753987_n-240x300.jpg\" alt=\"\" width=\"285\" height=\"357\" srcset=\"https:\/\/adra.md\/wp-content\/uploads\/2023\/09\/378767873_300995749293052_1470799361013753987_n-240x300.jpg 240w, https:\/\/adra.md\/wp-content\/uploads\/2023\/09\/378767873_300995749293052_1470799361013753987_n-819x1024.jpg 819w, https:\/\/adra.md\/wp-content\/uploads\/2023\/09\/378767873_300995749293052_1470799361013753987_n-768x960.jpg 768w, https:\/\/adra.md\/wp-content\/uploads\/2023\/09\/378767873_300995749293052_1470799361013753987_n-1229x1536.jpg 1229w, https:\/\/adra.md\/wp-content\/uploads\/2023\/09\/378767873_300995749293052_1470799361013753987_n.jpg 1440w\" sizes=\"(max-width: 285px) 100vw, 285px\" \/><\/div>\n<div dir=\"auto\"><\/div>\n<div dir=\"auto\"><img loading=\"lazy\" decoding=\"async\" class=\"alignnone  wp-image-20860\" src=\"https:\/\/adra.md\/wp-content\/uploads\/2023\/09\/378784739_300995742626386_3601060438919739214_n-240x300.jpg\" alt=\"\" width=\"284\" height=\"355\" srcset=\"https:\/\/adra.md\/wp-content\/uploads\/2023\/09\/378784739_300995742626386_3601060438919739214_n-240x300.jpg 240w, https:\/\/adra.md\/wp-content\/uploads\/2023\/09\/378784739_300995742626386_3601060438919739214_n-820x1024.jpg 820w, https:\/\/adra.md\/wp-content\/uploads\/2023\/09\/378784739_300995742626386_3601060438919739214_n-768x959.jpg 768w, https:\/\/adra.md\/wp-content\/uploads\/2023\/09\/378784739_300995742626386_3601060438919739214_n-1229x1536.jpg 1229w, https:\/\/adra.md\/wp-content\/uploads\/2023\/09\/378784739_300995742626386_3601060438919739214_n.jpg 1440w\" sizes=\"(max-width: 284px) 100vw, 284px\" \/>\u00a0 \u00a0 \u00a0<img loading=\"lazy\" decoding=\"async\" class=\"alignnone  wp-image-20861\" src=\"https:\/\/adra.md\/wp-content\/uploads\/2023\/09\/378792711_300995732626387_2449108415534634425_n-240x300.jpg\" alt=\"\" width=\"284\" height=\"355\" srcset=\"https:\/\/adra.md\/wp-content\/uploads\/2023\/09\/378792711_300995732626387_2449108415534634425_n-240x300.jpg 240w, https:\/\/adra.md\/wp-content\/uploads\/2023\/09\/378792711_300995732626387_2449108415534634425_n-819x1024.jpg 819w, https:\/\/adra.md\/wp-content\/uploads\/2023\/09\/378792711_300995732626387_2449108415534634425_n-768x960.jpg 768w, https:\/\/adra.md\/wp-content\/uploads\/2023\/09\/378792711_300995732626387_2449108415534634425_n-1229x1536.jpg 1229w, https:\/\/adra.md\/wp-content\/uploads\/2023\/09\/378792711_300995732626387_2449108415534634425_n.jpg 1440w\" sizes=\"(max-width: 284px) 100vw, 284px\" \/>\u00a0 \u00a0 \u00a0 <img loading=\"lazy\" decoding=\"async\" class=\"alignnone  wp-image-20862\" src=\"https:\/\/adra.md\/wp-content\/uploads\/2023\/09\/378832165_300995745959719_2784102309521241119_n-240x300.jpg\" alt=\"\" width=\"284\" height=\"355\" srcset=\"https:\/\/adra.md\/wp-content\/uploads\/2023\/09\/378832165_300995745959719_2784102309521241119_n-240x300.jpg 240w, https:\/\/adra.md\/wp-content\/uploads\/2023\/09\/378832165_300995745959719_2784102309521241119_n-820x1024.jpg 820w, https:\/\/adra.md\/wp-content\/uploads\/2023\/09\/378832165_300995745959719_2784102309521241119_n-768x959.jpg 768w, https:\/\/adra.md\/wp-content\/uploads\/2023\/09\/378832165_300995745959719_2784102309521241119_n-1229x1536.jpg 1229w, https:\/\/adra.md\/wp-content\/uploads\/2023\/09\/378832165_300995745959719_2784102309521241119_n.jpg 1440w\" sizes=\"(max-width: 284px) 100vw, 284px\" \/><\/div>\n<div dir=\"auto\"><\/div>\n<div dir=\"auto\"><img loading=\"lazy\" decoding=\"async\" class=\"alignnone  wp-image-20863\" src=\"https:\/\/adra.md\/wp-content\/uploads\/2023\/09\/378863480_300995735959720_6274062412916005005_n-240x300.jpg\" alt=\"\" width=\"284\" height=\"355\" srcset=\"https:\/\/adra.md\/wp-content\/uploads\/2023\/09\/378863480_300995735959720_6274062412916005005_n-240x300.jpg 240w, https:\/\/adra.md\/wp-content\/uploads\/2023\/09\/378863480_300995735959720_6274062412916005005_n-819x1024.jpg 819w, https:\/\/adra.md\/wp-content\/uploads\/2023\/09\/378863480_300995735959720_6274062412916005005_n-768x960.jpg 768w, https:\/\/adra.md\/wp-content\/uploads\/2023\/09\/378863480_300995735959720_6274062412916005005_n-1229x1536.jpg 1229w, https:\/\/adra.md\/wp-content\/uploads\/2023\/09\/378863480_300995735959720_6274062412916005005_n.jpg 1440w\" sizes=\"(max-width: 284px) 100vw, 284px\" \/>\u00a0 \u00a0 \u00a0 <img loading=\"lazy\" decoding=\"async\" class=\"alignnone  wp-image-20864\" src=\"https:\/\/adra.md\/wp-content\/uploads\/2023\/09\/378612486_300995725959721_9003790383509243822_n-240x300.jpg\" alt=\"\" width=\"284\" height=\"355\" srcset=\"https:\/\/adra.md\/wp-content\/uploads\/2023\/09\/378612486_300995725959721_9003790383509243822_n-240x300.jpg 240w, https:\/\/adra.md\/wp-content\/uploads\/2023\/09\/378612486_300995725959721_9003790383509243822_n-819x1024.jpg 819w, https:\/\/adra.md\/wp-content\/uploads\/2023\/09\/378612486_300995725959721_9003790383509243822_n-768x960.jpg 768w, https:\/\/adra.md\/wp-content\/uploads\/2023\/09\/378612486_300995725959721_9003790383509243822_n-1229x1536.jpg 1229w, https:\/\/adra.md\/wp-content\/uploads\/2023\/09\/378612486_300995725959721_9003790383509243822_n.jpg 1440w\" sizes=\"(max-width: 284px) 100vw, 284px\" \/><\/div>\n","protected":false},"excerpt":{"rendered":"<p>Adra Moldova ofer\u0103 asisten\u021b\u0103 refugia\u021bilor din Basarabeasca! Nemijlocit pentru refugia\u021bii afla\u021bi temporar \u00een localitatea Basarabeasca, a fost organizat un trainig cu tematica &#8222;\u00cent\u00e2lnire de familie cu psihologul&#8221;. Intrarea la \u0219coal\u0103 nou\u0103 este un eveniment deosebit pentru copii. Majoritatea copiilor sunt bucuro\u0219i \u0219i entuziasma\u021bi, dar \u00een paralel, simt un disconfort emo\u021bional, \u00eencordare, uneori fric\u0103, anxietate, sunt [&hellip;]<\/p>\n","protected":false},"author":9,"featured_media":20860,"comment_status":"closed","ping_status":"closed","sticky":false,"template":"","format":"standard","meta":{"_acf_changed":false,"footnotes":""},"categories":[294],"tags":[],"class_list":["post-20856","post","type-post","status-publish","format-standard","has-post-thumbnail","hentry","category-news"],"acf":[],"yoast_head":"<!-- This site is optimized with the Yoast SEO plugin v27.4 - https:\/\/yoast.com\/product\/yoast-seo-wordpress\/ -->\n<title>ADRA \u0219i NRC ofer\u0103 asisten\u021b\u0103 refugia\u021bilor din Basarabeasca! - ADRA Moldova<\/title>\n<meta name=\"robots\" content=\"index, follow, max-snippet:-1, max-image-preview:large, max-video-preview:-1\" \/>\n<link rel=\"canonical\" href=\"https:\/\/adra.md\/ru\/adra-si-nrc-ofera-asistenta-refugiatilor-din-basarabeasca\/\" \/>\n<meta property=\"og:locale\" content=\"ru_RU\" \/>\n<meta property=\"og:type\" content=\"article\" \/>\n<meta property=\"og:title\" content=\"ADRA \u0219i NRC ofer\u0103 asisten\u021b\u0103 refugia\u021bilor din Basarabeasca! - ADRA Moldova\" \/>\n<meta property=\"og:description\" content=\"Adra Moldova ofer\u0103 asisten\u021b\u0103 refugia\u021bilor din Basarabeasca! Nemijlocit pentru refugia\u021bii afla\u021bi temporar \u00een localitatea Basarabeasca, a fost organizat un trainig cu tematica &#8222;\u00cent\u00e2lnire de familie cu psihologul&#8221;. Intrarea la \u0219coal\u0103 nou\u0103 este un eveniment deosebit pentru copii. Majoritatea copiilor sunt bucuro\u0219i \u0219i entuziasma\u021bi, dar \u00een paralel, simt un disconfort emo\u021bional, \u00eencordare, uneori fric\u0103, anxietate, sunt [&hellip;]\" \/>\n<meta property=\"og:url\" content=\"https:\/\/adra.md\/ru\/adra-si-nrc-ofera-asistenta-refugiatilor-din-basarabeasca\/\" \/>\n<meta property=\"og:site_name\" content=\"ADRA Moldova\" \/>\n<meta property=\"article:published_time\" content=\"2023-09-18T08:36:32+00:00\" \/>\n<meta property=\"og:image\" content=\"https:\/\/adra.md\/wp-content\/uploads\/2023\/09\/378784739_300995742626386_3601060438919739214_n.jpg\" \/>\n\t<meta property=\"og:image:width\" content=\"1440\" \/>\n\t<meta property=\"og:image:height\" content=\"1799\" \/>\n\t<meta property=\"og:image:type\" content=\"image\/jpeg\" \/>\n<meta name=\"author\" content=\"ADRA Moldova\" \/>\n<meta name=\"twitter:card\" content=\"summary_large_image\" \/>\n<meta name=\"twitter:label1\" content=\"\u041d\u0430\u043f\u0438\u0441\u0430\u043d\u043e \u0430\u0432\u0442\u043e\u0440\u043e\u043c\" \/>\n\t<meta name=\"twitter:data1\" content=\"ADRA Moldova\" \/>\n\t<meta name=\"twitter:label2\" content=\"\u041f\u0440\u0438\u043c\u0435\u0440\u043d\u043e\u0435 \u0432\u0440\u0435\u043c\u044f \u0434\u043b\u044f \u0447\u0442\u0435\u043d\u0438\u044f\" \/>\n\t<meta name=\"twitter:data2\" content=\"1 \u043c\u0438\u043d\u0443\u0442\u0430\" \/>\n<script type=\"application\/ld+json\" class=\"yoast-schema-graph\">{\"@context\":\"https:\\\/\\\/schema.org\",\"@graph\":[{\"@type\":\"Article\",\"@id\":\"https:\\\/\\\/adra.md\\\/adra-si-nrc-ofera-asistenta-refugiatilor-din-basarabeasca\\\/#article\",\"isPartOf\":{\"@id\":\"https:\\\/\\\/adra.md\\\/adra-si-nrc-ofera-asistenta-refugiatilor-din-basarabeasca\\\/\"},\"author\":{\"name\":\"ADRA Moldova\",\"@id\":\"https:\\\/\\\/adra.md\\\/#\\\/schema\\\/person\\\/b0181e611ee89738cefb7dc2db2bb8d1\"},\"headline\":\"ADRA \u0219i NRC ofer\u0103 asisten\u021b\u0103 refugia\u021bilor din Basarabeasca!\",\"datePublished\":\"2023-09-18T08:36:32+00:00\",\"mainEntityOfPage\":{\"@id\":\"https:\\\/\\\/adra.md\\\/adra-si-nrc-ofera-asistenta-refugiatilor-din-basarabeasca\\\/\"},\"wordCount\":198,\"publisher\":{\"@id\":\"https:\\\/\\\/adra.md\\\/#organization\"},\"image\":{\"@id\":\"https:\\\/\\\/adra.md\\\/adra-si-nrc-ofera-asistenta-refugiatilor-din-basarabeasca\\\/#primaryimage\"},\"thumbnailUrl\":\"https:\\\/\\\/adra.md\\\/wp-content\\\/uploads\\\/2023\\\/09\\\/378784739_300995742626386_3601060438919739214_n.jpg\",\"articleSection\":[\"News\"],\"inLanguage\":\"ru-RU\"},{\"@type\":\"WebPage\",\"@id\":\"https:\\\/\\\/adra.md\\\/adra-si-nrc-ofera-asistenta-refugiatilor-din-basarabeasca\\\/\",\"url\":\"https:\\\/\\\/adra.md\\\/adra-si-nrc-ofera-asistenta-refugiatilor-din-basarabeasca\\\/\",\"name\":\"ADRA \u0219i NRC ofer\u0103 asisten\u021b\u0103 refugia\u021bilor din Basarabeasca! - ADRA Moldova\",\"isPartOf\":{\"@id\":\"https:\\\/\\\/adra.md\\\/#website\"},\"primaryImageOfPage\":{\"@id\":\"https:\\\/\\\/adra.md\\\/adra-si-nrc-ofera-asistenta-refugiatilor-din-basarabeasca\\\/#primaryimage\"},\"image\":{\"@id\":\"https:\\\/\\\/adra.md\\\/adra-si-nrc-ofera-asistenta-refugiatilor-din-basarabeasca\\\/#primaryimage\"},\"thumbnailUrl\":\"https:\\\/\\\/adra.md\\\/wp-content\\\/uploads\\\/2023\\\/09\\\/378784739_300995742626386_3601060438919739214_n.jpg\",\"datePublished\":\"2023-09-18T08:36:32+00:00\",\"breadcrumb\":{\"@id\":\"https:\\\/\\\/adra.md\\\/adra-si-nrc-ofera-asistenta-refugiatilor-din-basarabeasca\\\/#breadcrumb\"},\"inLanguage\":\"ru-RU\",\"potentialAction\":[{\"@type\":\"ReadAction\",\"target\":[\"https:\\\/\\\/adra.md\\\/adra-si-nrc-ofera-asistenta-refugiatilor-din-basarabeasca\\\/\"]}]},{\"@type\":\"ImageObject\",\"inLanguage\":\"ru-RU\",\"@id\":\"https:\\\/\\\/adra.md\\\/adra-si-nrc-ofera-asistenta-refugiatilor-din-basarabeasca\\\/#primaryimage\",\"url\":\"https:\\\/\\\/adra.md\\\/wp-content\\\/uploads\\\/2023\\\/09\\\/378784739_300995742626386_3601060438919739214_n.jpg\",\"contentUrl\":\"https:\\\/\\\/adra.md\\\/wp-content\\\/uploads\\\/2023\\\/09\\\/378784739_300995742626386_3601060438919739214_n.jpg\",\"width\":1440,\"height\":1799},{\"@type\":\"BreadcrumbList\",\"@id\":\"https:\\\/\\\/adra.md\\\/adra-si-nrc-ofera-asistenta-refugiatilor-din-basarabeasca\\\/#breadcrumb\",\"itemListElement\":[{\"@type\":\"ListItem\",\"position\":1,\"name\":\"Home\",\"item\":\"https:\\\/\\\/adra.md\\\/\"},{\"@type\":\"ListItem\",\"position\":2,\"name\":\"ADRA \u0219i NRC ofer\u0103 asisten\u021b\u0103 refugia\u021bilor din Basarabeasca!\"}]},{\"@type\":\"WebSite\",\"@id\":\"https:\\\/\\\/adra.md\\\/#website\",\"url\":\"https:\\\/\\\/adra.md\\\/\",\"name\":\"ADRA Moldova\",\"description\":\"Agen\u0163ia Adventist\u0103 pentru Dezvoltare, Refacere \u015fi Ajutor\",\"publisher\":{\"@id\":\"https:\\\/\\\/adra.md\\\/#organization\"},\"potentialAction\":[{\"@type\":\"SearchAction\",\"target\":{\"@type\":\"EntryPoint\",\"urlTemplate\":\"https:\\\/\\\/adra.md\\\/?s={search_term_string}\"},\"query-input\":{\"@type\":\"PropertyValueSpecification\",\"valueRequired\":true,\"valueName\":\"search_term_string\"}}],\"inLanguage\":\"ru-RU\"},{\"@type\":\"Organization\",\"@id\":\"https:\\\/\\\/adra.md\\\/#organization\",\"name\":\"ADRA Moldova\",\"url\":\"https:\\\/\\\/adra.md\\\/\",\"logo\":{\"@type\":\"ImageObject\",\"inLanguage\":\"ru-RU\",\"@id\":\"https:\\\/\\\/adra.md\\\/#\\\/schema\\\/logo\\\/image\\\/\",\"url\":\"https:\\\/\\\/adra.md\\\/wp-content\\\/uploads\\\/2019\\\/11\\\/group-435.png\",\"contentUrl\":\"https:\\\/\\\/adra.md\\\/wp-content\\\/uploads\\\/2019\\\/11\\\/group-435.png\",\"width\":500,\"height\":133,\"caption\":\"ADRA Moldova\"},\"image\":{\"@id\":\"https:\\\/\\\/adra.md\\\/#\\\/schema\\\/logo\\\/image\\\/\"}},{\"@type\":\"Person\",\"@id\":\"https:\\\/\\\/adra.md\\\/#\\\/schema\\\/person\\\/b0181e611ee89738cefb7dc2db2bb8d1\",\"name\":\"ADRA Moldova\",\"url\":\"https:\\\/\\\/adra.md\\\/ru\\\/author\\\/andrei-girleanu\\\/\"}]}<\/script>\n<!-- \/ Yoast SEO plugin. -->","yoast_head_json":{"title":"ADRA \u0219i NRC ofer\u0103 asisten\u021b\u0103 refugia\u021bilor din Basarabeasca! - ADRA Moldova","robots":{"index":"index","follow":"follow","max-snippet":"max-snippet:-1","max-image-preview":"max-image-preview:large","max-video-preview":"max-video-preview:-1"},"canonical":"https:\/\/adra.md\/ru\/adra-si-nrc-ofera-asistenta-refugiatilor-din-basarabeasca\/","og_locale":"ru_RU","og_type":"article","og_title":"ADRA \u0219i NRC ofer\u0103 asisten\u021b\u0103 refugia\u021bilor din Basarabeasca! - ADRA Moldova","og_description":"Adra Moldova ofer\u0103 asisten\u021b\u0103 refugia\u021bilor din Basarabeasca! Nemijlocit pentru refugia\u021bii afla\u021bi temporar \u00een localitatea Basarabeasca, a fost organizat un trainig cu tematica &#8222;\u00cent\u00e2lnire de familie cu psihologul&#8221;. Intrarea la \u0219coal\u0103 nou\u0103 este un eveniment deosebit pentru copii. Majoritatea copiilor sunt bucuro\u0219i \u0219i entuziasma\u021bi, dar \u00een paralel, simt un disconfort emo\u021bional, \u00eencordare, uneori fric\u0103, anxietate, sunt [&hellip;]","og_url":"https:\/\/adra.md\/ru\/adra-si-nrc-ofera-asistenta-refugiatilor-din-basarabeasca\/","og_site_name":"ADRA Moldova","article_published_time":"2023-09-18T08:36:32+00:00","og_image":[{"width":1440,"height":1799,"url":"https:\/\/adra.md\/wp-content\/uploads\/2023\/09\/378784739_300995742626386_3601060438919739214_n.jpg","type":"image\/jpeg"}],"author":"ADRA Moldova","twitter_card":"summary_large_image","twitter_misc":{"\u041d\u0430\u043f\u0438\u0441\u0430\u043d\u043e \u0430\u0432\u0442\u043e\u0440\u043e\u043c":"ADRA Moldova","\u041f\u0440\u0438\u043c\u0435\u0440\u043d\u043e\u0435 \u0432\u0440\u0435\u043c\u044f \u0434\u043b\u044f \u0447\u0442\u0435\u043d\u0438\u044f":"1 \u043c\u0438\u043d\u0443\u0442\u0430"},"schema":{"@context":"https:\/\/schema.org","@graph":[{"@type":"Article","@id":"https:\/\/adra.md\/adra-si-nrc-ofera-asistenta-refugiatilor-din-basarabeasca\/#article","isPartOf":{"@id":"https:\/\/adra.md\/adra-si-nrc-ofera-asistenta-refugiatilor-din-basarabeasca\/"},"author":{"name":"ADRA Moldova","@id":"https:\/\/adra.md\/#\/schema\/person\/b0181e611ee89738cefb7dc2db2bb8d1"},"headline":"ADRA \u0219i NRC ofer\u0103 asisten\u021b\u0103 refugia\u021bilor din Basarabeasca!","datePublished":"2023-09-18T08:36:32+00:00","mainEntityOfPage":{"@id":"https:\/\/adra.md\/adra-si-nrc-ofera-asistenta-refugiatilor-din-basarabeasca\/"},"wordCount":198,"publisher":{"@id":"https:\/\/adra.md\/#organization"},"image":{"@id":"https:\/\/adra.md\/adra-si-nrc-ofera-asistenta-refugiatilor-din-basarabeasca\/#primaryimage"},"thumbnailUrl":"https:\/\/adra.md\/wp-content\/uploads\/2023\/09\/378784739_300995742626386_3601060438919739214_n.jpg","articleSection":["News"],"inLanguage":"ru-RU"},{"@type":"WebPage","@id":"https:\/\/adra.md\/adra-si-nrc-ofera-asistenta-refugiatilor-din-basarabeasca\/","url":"https:\/\/adra.md\/adra-si-nrc-ofera-asistenta-refugiatilor-din-basarabeasca\/","name":"ADRA \u0219i NRC ofer\u0103 asisten\u021b\u0103 refugia\u021bilor din Basarabeasca! - ADRA Moldova","isPartOf":{"@id":"https:\/\/adra.md\/#website"},"primaryImageOfPage":{"@id":"https:\/\/adra.md\/adra-si-nrc-ofera-asistenta-refugiatilor-din-basarabeasca\/#primaryimage"},"image":{"@id":"https:\/\/adra.md\/adra-si-nrc-ofera-asistenta-refugiatilor-din-basarabeasca\/#primaryimage"},"thumbnailUrl":"https:\/\/adra.md\/wp-content\/uploads\/2023\/09\/378784739_300995742626386_3601060438919739214_n.jpg","datePublished":"2023-09-18T08:36:32+00:00","breadcrumb":{"@id":"https:\/\/adra.md\/adra-si-nrc-ofera-asistenta-refugiatilor-din-basarabeasca\/#breadcrumb"},"inLanguage":"ru-RU","potentialAction":[{"@type":"ReadAction","target":["https:\/\/adra.md\/adra-si-nrc-ofera-asistenta-refugiatilor-din-basarabeasca\/"]}]},{"@type":"ImageObject","inLanguage":"ru-RU","@id":"https:\/\/adra.md\/adra-si-nrc-ofera-asistenta-refugiatilor-din-basarabeasca\/#primaryimage","url":"https:\/\/adra.md\/wp-content\/uploads\/2023\/09\/378784739_300995742626386_3601060438919739214_n.jpg","contentUrl":"https:\/\/adra.md\/wp-content\/uploads\/2023\/09\/378784739_300995742626386_3601060438919739214_n.jpg","width":1440,"height":1799},{"@type":"BreadcrumbList","@id":"https:\/\/adra.md\/adra-si-nrc-ofera-asistenta-refugiatilor-din-basarabeasca\/#breadcrumb","itemListElement":[{"@type":"ListItem","position":1,"name":"Home","item":"https:\/\/adra.md\/"},{"@type":"ListItem","position":2,"name":"ADRA \u0219i NRC ofer\u0103 asisten\u021b\u0103 refugia\u021bilor din Basarabeasca!"}]},{"@type":"WebSite","@id":"https:\/\/adra.md\/#website","url":"https:\/\/adra.md\/","name":"ADRA Moldova","description":"Agen\u0163ia Adventist\u0103 pentru Dezvoltare, Refacere \u015fi Ajutor","publisher":{"@id":"https:\/\/adra.md\/#organization"},"potentialAction":[{"@type":"SearchAction","target":{"@type":"EntryPoint","urlTemplate":"https:\/\/adra.md\/?s={search_term_string}"},"query-input":{"@type":"PropertyValueSpecification","valueRequired":true,"valueName":"search_term_string"}}],"inLanguage":"ru-RU"},{"@type":"Organization","@id":"https:\/\/adra.md\/#organization","name":"ADRA Moldova","url":"https:\/\/adra.md\/","logo":{"@type":"ImageObject","inLanguage":"ru-RU","@id":"https:\/\/adra.md\/#\/schema\/logo\/image\/","url":"https:\/\/adra.md\/wp-content\/uploads\/2019\/11\/group-435.png","contentUrl":"https:\/\/adra.md\/wp-content\/uploads\/2019\/11\/group-435.png","width":500,"height":133,"caption":"ADRA Moldova"},"image":{"@id":"https:\/\/adra.md\/#\/schema\/logo\/image\/"}},{"@type":"Person","@id":"https:\/\/adra.md\/#\/schema\/person\/b0181e611ee89738cefb7dc2db2bb8d1","name":"ADRA Moldova","url":"https:\/\/adra.md\/ru\/author\/andrei-girleanu\/"}]}},"_links":{"self":[{"href":"https:\/\/adra.md\/ru\/wp-json\/wp\/v2\/posts\/20856","targetHints":{"allow":["GET"]}}],"collection":[{"href":"https:\/\/adra.md\/ru\/wp-json\/wp\/v2\/posts"}],"about":[{"href":"https:\/\/adra.md\/ru\/wp-json\/wp\/v2\/types\/post"}],"author":[{"embeddable":true,"href":"https:\/\/adra.md\/ru\/wp-json\/wp\/v2\/users\/9"}],"replies":[{"embeddable":true,"href":"https:\/\/adra.md\/ru\/wp-json\/wp\/v2\/comments?post=20856"}],"version-history":[{"count":1,"href":"https:\/\/adra.md\/ru\/wp-json\/wp\/v2\/posts\/20856\/revisions"}],"predecessor-version":[{"id":20865,"href":"https:\/\/adra.md\/ru\/wp-json\/wp\/v2\/posts\/20856\/revisions\/20865"}],"wp:featuredmedia":[{"embeddable":true,"href":"https:\/\/adra.md\/ru\/wp-json\/wp\/v2\/media\/20860"}],"wp:attachment":[{"href":"https:\/\/adra.md\/ru\/wp-json\/wp\/v2\/media?parent=20856"}],"wp:term":[{"taxonomy":"category","embeddable":true,"href":"https:\/\/adra.md\/ru\/wp-json\/wp\/v2\/categories?post=20856"},{"taxonomy":"post_tag","embeddable":true,"href":"https:\/\/adra.md\/ru\/wp-json\/wp\/v2\/tags?post=20856"}],"curies":[{"name":"wp","href":"https:\/\/api.w.org\/{rel}","templated":true}]}}