{"id":20872,"date":"2023-09-18T08:44:19","date_gmt":"2023-09-18T08:44:19","guid":{"rendered":"https:\/\/adra.md\/?p=20872"},"modified":"2023-09-18T08:44:19","modified_gmt":"2023-09-18T08:44:19","slug":"re-inregistrarea-refugiatilor-pentru-ajutor-financiar","status":"publish","type":"post","link":"https:\/\/adra.md\/ru\/re-inregistrarea-refugiatilor-pentru-ajutor-financiar\/","title":{"rendered":"RE-\u00eenregistrarea refugia\u021bilor pentru ajutor financiar!"},"content":{"rendered":"<div class=\"xdj266r x11i5rnm xat24cr x1mh8g0r x1vvkbs x126k92a\">\n<div dir=\"auto\">Lunar, refugia\u021bii ucraineni afla\u021bi pe teriroriul Transnistriei, sunt a\u0219tepta\u021bi la procesul de Re-inregistrare, pentru primirea ajutorului financiar. Acesta este unul maximal simplu, datorit\u0103 metodei electronice de introducere a datelor.<\/div>\n<\/div>\n<div class=\"x11i5rnm xat24cr x1mh8g0r x1vvkbs xtlvy1s x126k92a\">\n<div dir=\"auto\"><span class=\"x3nfvp2 x1j61x8r x1fcty0u xdj266r xhhsvwb xat24cr xgzva0m xxymvpz xlup9mm x1kky2od\"><img decoding=\"async\" src=\"https:\/\/static.xx.fbcdn.net\/images\/emoji.php\/v9\/t4b\/2\/16\/1f4cc.png\" alt=\"\ud83d\udccc\" width=\"16\" height=\"16\" \/><\/span> Echipa <a class=\"x1i10hfl xjbqb8w x6umtig x1b1mbwd xaqea5y xav7gou x9f619 x1ypdohk xt0psk2 xe8uvvx xdj266r x11i5rnm xat24cr x1mh8g0r xexx8yu x4uap5 x18d9i69 xkhd6sd x16tdsg8 x1hl2dhg xggy1nq x1a2a7pz xt0b8zv x1qq9wsj xo1l8bm\" tabindex=\"0\" role=\"link\" href=\"https:\/\/www.facebook.com\/ADRA.Moldova.AG?__cft__[0]=AZUDZR_6YT4owUgl3NERKVElJC7Gq2YXv4BzQB9L4rEwYYEKNGFure962Q3y4FGAmi9wVCo70IRrujD_q45HIzR0UAClwONngA5eMDlWlwC9Y6p3m3-j01-6OHD3VnOGd0WFuHPjyiqKP_CYPpb8UP9LVPthd9arrY0M4tKVbuxeqoTSbzTGQyYG0Opzz5i94Ao&amp;__tn__=-]K-R\"><span class=\"xt0psk2\">ADRA Moldova<\/span><\/a>, aflat\u0103 \u00een spa\u021biul de \u00eenregistrare din Tiraspol, este disponibila zilnic intre orele 10.00 &#8211; 17.00 (cu excep\u021bia zilelor de s\u00e2mb\u0103t\u0103 \u0219i duminic\u0103).<\/div>\n<\/div>\n<div class=\"x11i5rnm xat24cr x1mh8g0r x1vvkbs xtlvy1s x126k92a\">\n<div dir=\"auto\"><span class=\"x3nfvp2 x1j61x8r x1fcty0u xdj266r xhhsvwb xat24cr xgzva0m xxymvpz xlup9mm x1kky2od\"><img decoding=\"async\" src=\"https:\/\/static.xx.fbcdn.net\/images\/emoji.php\/v9\/td2\/2\/16\/2714.png\" alt=\"\u2714\ufe0f\" width=\"16\" height=\"16\" \/><\/span> Proiectul &#8222;Relieving emergency basic needs of ukrainian refugees in the Transnistrian region of the Republic of Moldova&#8221; este finan\u021bat de <a class=\"x1i10hfl xjbqb8w x6umtig x1b1mbwd xaqea5y xav7gou x9f619 x1ypdohk xt0psk2 xe8uvvx xdj266r x11i5rnm xat24cr x1mh8g0r xexx8yu x4uap5 x18d9i69 xkhd6sd x16tdsg8 x1hl2dhg xggy1nq x1a2a7pz xt0b8zv x1qq9wsj xo1l8bm\" tabindex=\"0\" role=\"link\" href=\"https:\/\/www.facebook.com\/iom.moldova?__cft__[0]=AZUDZR_6YT4owUgl3NERKVElJC7Gq2YXv4BzQB9L4rEwYYEKNGFure962Q3y4FGAmi9wVCo70IRrujD_q45HIzR0UAClwONngA5eMDlWlwC9Y6p3m3-j01-6OHD3VnOGd0WFuHPjyiqKP_CYPpb8UP9LVPthd9arrY0M4tKVbuxeqoTSbzTGQyYG0Opzz5i94Ao&amp;__tn__=-]K-R\"><span class=\"xt0psk2\">IOM Moldova<\/span><\/a><\/div>\n<\/div>\n<div class=\"x11i5rnm xat24cr x1mh8g0r x1vvkbs xtlvy1s x126k92a\">\n<div dir=\"auto\"><a class=\"x1i10hfl xjbqb8w x6umtig x1b1mbwd xaqea5y xav7gou x9f619 x1ypdohk xt0psk2 xe8uvvx xdj266r x11i5rnm xat24cr x1mh8g0r xexx8yu x4uap5 x18d9i69 xkhd6sd x16tdsg8 x1hl2dhg xggy1nq x1a2a7pz xt0b8zv x1qq9wsj xo1l8bm\" tabindex=\"0\" role=\"link\" href=\"https:\/\/www.facebook.com\/hashtag\/adra?__eep__=6&amp;__cft__[0]=AZUDZR_6YT4owUgl3NERKVElJC7Gq2YXv4BzQB9L4rEwYYEKNGFure962Q3y4FGAmi9wVCo70IRrujD_q45HIzR0UAClwONngA5eMDlWlwC9Y6p3m3-j01-6OHD3VnOGd0WFuHPjyiqKP_CYPpb8UP9LVPthd9arrY0M4tKVbuxeqoTSbzTGQyYG0Opzz5i94Ao&amp;__tn__=*NK-R\">#adra<\/a> <a class=\"x1i10hfl xjbqb8w x6umtig x1b1mbwd xaqea5y xav7gou x9f619 x1ypdohk xt0psk2 xe8uvvx xdj266r x11i5rnm xat24cr x1mh8g0r xexx8yu x4uap5 x18d9i69 xkhd6sd x16tdsg8 x1hl2dhg xggy1nq x1a2a7pz xt0b8zv x1qq9wsj xo1l8bm\" tabindex=\"0\" role=\"link\" href=\"https:\/\/www.facebook.com\/hashtag\/adramoldova?__eep__=6&amp;__cft__[0]=AZUDZR_6YT4owUgl3NERKVElJC7Gq2YXv4BzQB9L4rEwYYEKNGFure962Q3y4FGAmi9wVCo70IRrujD_q45HIzR0UAClwONngA5eMDlWlwC9Y6p3m3-j01-6OHD3VnOGd0WFuHPjyiqKP_CYPpb8UP9LVPthd9arrY0M4tKVbuxeqoTSbzTGQyYG0Opzz5i94Ao&amp;__tn__=*NK-R\">#adramoldova<\/a> <a class=\"x1i10hfl xjbqb8w x6umtig x1b1mbwd xaqea5y xav7gou x9f619 x1ypdohk xt0psk2 xe8uvvx xdj266r x11i5rnm xat24cr x1mh8g0r xexx8yu x4uap5 x18d9i69 xkhd6sd x16tdsg8 x1hl2dhg xggy1nq x1a2a7pz xt0b8zv x1qq9wsj xo1l8bm\" tabindex=\"0\" role=\"link\" href=\"https:\/\/www.facebook.com\/hashtag\/cashassistance?__eep__=6&amp;__cft__[0]=AZUDZR_6YT4owUgl3NERKVElJC7Gq2YXv4BzQB9L4rEwYYEKNGFure962Q3y4FGAmi9wVCo70IRrujD_q45HIzR0UAClwONngA5eMDlWlwC9Y6p3m3-j01-6OHD3VnOGd0WFuHPjyiqKP_CYPpb8UP9LVPthd9arrY0M4tKVbuxeqoTSbzTGQyYG0Opzz5i94Ao&amp;__tn__=*NK-R\">#cashassistance<\/a> <a class=\"x1i10hfl xjbqb8w x6umtig x1b1mbwd xaqea5y xav7gou x9f619 x1ypdohk xt0psk2 xe8uvvx xdj266r x11i5rnm xat24cr x1mh8g0r xexx8yu x4uap5 x18d9i69 xkhd6sd x16tdsg8 x1hl2dhg xggy1nq x1a2a7pz xt0b8zv x1qq9wsj xo1l8bm\" tabindex=\"0\" role=\"link\" href=\"https:\/\/www.facebook.com\/hashtag\/transistria?__eep__=6&amp;__cft__[0]=AZUDZR_6YT4owUgl3NERKVElJC7Gq2YXv4BzQB9L4rEwYYEKNGFure962Q3y4FGAmi9wVCo70IRrujD_q45HIzR0UAClwONngA5eMDlWlwC9Y6p3m3-j01-6OHD3VnOGd0WFuHPjyiqKP_CYPpb8UP9LVPthd9arrY0M4tKVbuxeqoTSbzTGQyYG0Opzz5i94Ao&amp;__tn__=*NK-R\">#transistria<\/a> <a class=\"x1i10hfl xjbqb8w x6umtig x1b1mbwd xaqea5y xav7gou x9f619 x1ypdohk xt0psk2 xe8uvvx xdj266r x11i5rnm xat24cr x1mh8g0r xexx8yu x4uap5 x18d9i69 xkhd6sd x16tdsg8 x1hl2dhg xggy1nq x1a2a7pz xt0b8zv x1qq9wsj xo1l8bm\" tabindex=\"0\" role=\"link\" href=\"https:\/\/www.facebook.com\/hashtag\/iommoldova?__eep__=6&amp;__cft__[0]=AZUDZR_6YT4owUgl3NERKVElJC7Gq2YXv4BzQB9L4rEwYYEKNGFure962Q3y4FGAmi9wVCo70IRrujD_q45HIzR0UAClwONngA5eMDlWlwC9Y6p3m3-j01-6OHD3VnOGd0WFuHPjyiqKP_CYPpb8UP9LVPthd9arrY0M4tKVbuxeqoTSbzTGQyYG0Opzz5i94Ao&amp;__tn__=*NK-R\">#iommoldova<\/a> <a class=\"x1i10hfl xjbqb8w x6umtig x1b1mbwd xaqea5y xav7gou x9f619 x1ypdohk xt0psk2 xe8uvvx xdj266r x11i5rnm xat24cr x1mh8g0r xexx8yu x4uap5 x18d9i69 xkhd6sd x16tdsg8 x1hl2dhg xggy1nq x1a2a7pz xt0b8zv x1qq9wsj xo1l8bm\" tabindex=\"0\" role=\"link\" href=\"https:\/\/www.facebook.com\/hashtag\/refugees?__eep__=6&amp;__cft__[0]=AZUDZR_6YT4owUgl3NERKVElJC7Gq2YXv4BzQB9L4rEwYYEKNGFure962Q3y4FGAmi9wVCo70IRrujD_q45HIzR0UAClwONngA5eMDlWlwC9Y6p3m3-j01-6OHD3VnOGd0WFuHPjyiqKP_CYPpb8UP9LVPthd9arrY0M4tKVbuxeqoTSbzTGQyYG0Opzz5i94Ao&amp;__tn__=*NK-R\">#refugees<\/a> <a class=\"x1i10hfl xjbqb8w x6umtig x1b1mbwd xaqea5y xav7gou x9f619 x1ypdohk xt0psk2 xe8uvvx xdj266r x11i5rnm xat24cr x1mh8g0r xexx8yu x4uap5 x18d9i69 xkhd6sd x16tdsg8 x1hl2dhg xggy1nq x1a2a7pz xt0b8zv x1qq9wsj xo1l8bm\" tabindex=\"0\" role=\"link\" href=\"https:\/\/www.facebook.com\/hashtag\/ukraine?__eep__=6&amp;__cft__[0]=AZUDZR_6YT4owUgl3NERKVElJC7Gq2YXv4BzQB9L4rEwYYEKNGFure962Q3y4FGAmi9wVCo70IRrujD_q45HIzR0UAClwONngA5eMDlWlwC9Y6p3m3-j01-6OHD3VnOGd0WFuHPjyiqKP_CYPpb8UP9LVPthd9arrY0M4tKVbuxeqoTSbzTGQyYG0Opzz5i94Ao&amp;__tn__=*NK-R\">#ukraine<\/a> <a class=\"x1i10hfl xjbqb8w x6umtig x1b1mbwd xaqea5y xav7gou x9f619 x1ypdohk xt0psk2 xe8uvvx xdj266r x11i5rnm xat24cr x1mh8g0r xexx8yu x4uap5 x18d9i69 xkhd6sd x16tdsg8 x1hl2dhg xggy1nq x1a2a7pz xt0b8zv x1qq9wsj xo1l8bm\" tabindex=\"0\" role=\"link\" href=\"https:\/\/www.facebook.com\/hashtag\/helpukraine?__eep__=6&amp;__cft__[0]=AZUDZR_6YT4owUgl3NERKVElJC7Gq2YXv4BzQB9L4rEwYYEKNGFure962Q3y4FGAmi9wVCo70IRrujD_q45HIzR0UAClwONngA5eMDlWlwC9Y6p3m3-j01-6OHD3VnOGd0WFuHPjyiqKP_CYPpb8UP9LVPthd9arrY0M4tKVbuxeqoTSbzTGQyYG0Opzz5i94Ao&amp;__tn__=*NK-R\">#helpukraine<\/a><\/div>\n<\/div>\n<div dir=\"auto\"><\/div>\n<div dir=\"auto\"><img fetchpriority=\"high\" decoding=\"async\" class=\"alignnone  wp-image-20873\" src=\"https:\/\/adra.md\/wp-content\/uploads\/2023\/09\/379998229_303329882392972_8451792419990879333_n-300x253.jpg\" alt=\"\" width=\"449\" height=\"379\" srcset=\"https:\/\/adra.md\/wp-content\/uploads\/2023\/09\/379998229_303329882392972_8451792419990879333_n-300x253.jpg 300w, https:\/\/adra.md\/wp-content\/uploads\/2023\/09\/379998229_303329882392972_8451792419990879333_n-1024x862.jpg 1024w, https:\/\/adra.md\/wp-content\/uploads\/2023\/09\/379998229_303329882392972_8451792419990879333_n-768x646.jpg 768w, https:\/\/adra.md\/wp-content\/uploads\/2023\/09\/379998229_303329882392972_8451792419990879333_n.jpg 1440w\" sizes=\"(max-width: 449px) 100vw, 449px\" \/>\u00a0 \u00a0<img loading=\"lazy\" decoding=\"async\" class=\"alignnone  wp-image-20874\" src=\"https:\/\/adra.md\/wp-content\/uploads\/2023\/09\/380001482_303329872392973_1650694190160332947_n-300x253.jpg\" alt=\"\" width=\"448\" height=\"378\" srcset=\"https:\/\/adra.md\/wp-content\/uploads\/2023\/09\/380001482_303329872392973_1650694190160332947_n-300x253.jpg 300w, https:\/\/adra.md\/wp-content\/uploads\/2023\/09\/380001482_303329872392973_1650694190160332947_n-1024x862.jpg 1024w, https:\/\/adra.md\/wp-content\/uploads\/2023\/09\/380001482_303329872392973_1650694190160332947_n-768x646.jpg 768w, https:\/\/adra.md\/wp-content\/uploads\/2023\/09\/380001482_303329872392973_1650694190160332947_n.jpg 1440w\" sizes=\"(max-width: 448px) 100vw, 448px\" \/><\/div>\n<div dir=\"auto\"><\/div>\n<div dir=\"auto\"><img loading=\"lazy\" decoding=\"async\" class=\"alignnone  wp-image-20875\" src=\"https:\/\/adra.md\/wp-content\/uploads\/2023\/09\/380158808_303329879059639_5045449944218847430_n-300x253.jpg\" alt=\"\" width=\"448\" height=\"378\" srcset=\"https:\/\/adra.md\/wp-content\/uploads\/2023\/09\/380158808_303329879059639_5045449944218847430_n-300x253.jpg 300w, https:\/\/adra.md\/wp-content\/uploads\/2023\/09\/380158808_303329879059639_5045449944218847430_n-1024x862.jpg 1024w, https:\/\/adra.md\/wp-content\/uploads\/2023\/09\/380158808_303329879059639_5045449944218847430_n-768x646.jpg 768w, https:\/\/adra.md\/wp-content\/uploads\/2023\/09\/380158808_303329879059639_5045449944218847430_n.jpg 1440w\" sizes=\"(max-width: 448px) 100vw, 448px\" \/>\u00a0\u00a0 <img loading=\"lazy\" decoding=\"async\" class=\"alignnone  wp-image-20876\" src=\"https:\/\/adra.md\/wp-content\/uploads\/2023\/09\/379993502_303329875726306_72174794273845687_n-300x253.jpg\" alt=\"\" width=\"447\" height=\"377\" srcset=\"https:\/\/adra.md\/wp-content\/uploads\/2023\/09\/379993502_303329875726306_72174794273845687_n-300x253.jpg 300w, https:\/\/adra.md\/wp-content\/uploads\/2023\/09\/379993502_303329875726306_72174794273845687_n-1024x862.jpg 1024w, https:\/\/adra.md\/wp-content\/uploads\/2023\/09\/379993502_303329875726306_72174794273845687_n-768x646.jpg 768w, https:\/\/adra.md\/wp-content\/uploads\/2023\/09\/379993502_303329875726306_72174794273845687_n.jpg 1440w\" sizes=\"(max-width: 447px) 100vw, 447px\" \/><\/div>\n","protected":false},"excerpt":{"rendered":"<p>Lunar, refugia\u021bii ucraineni afla\u021bi pe teriroriul Transnistriei, sunt a\u0219tepta\u021bi la procesul de Re-inregistrare, pentru primirea ajutorului financiar. Acesta este unul maximal simplu, datorit\u0103 metodei electronice de introducere a datelor. Echipa ADRA Moldova, aflat\u0103 \u00een spa\u021biul de \u00eenregistrare din Tiraspol, este disponibila zilnic intre orele 10.00 &#8211; 17.00 (cu excep\u021bia zilelor de s\u00e2mb\u0103t\u0103 \u0219i duminic\u0103). Proiectul [&hellip;]<\/p>\n","protected":false},"author":9,"featured_media":20876,"comment_status":"closed","ping_status":"closed","sticky":false,"template":"","format":"standard","meta":{"_acf_changed":false,"footnotes":""},"categories":[294],"tags":[],"class_list":["post-20872","post","type-post","status-publish","format-standard","has-post-thumbnail","hentry","category-news"],"acf":[],"yoast_head":"<!-- This site is optimized with the Yoast SEO plugin v27.4 - https:\/\/yoast.com\/product\/yoast-seo-wordpress\/ -->\n<title>RE-\u00eenregistrarea refugia\u021bilor pentru ajutor financiar! - ADRA Moldova<\/title>\n<meta name=\"robots\" content=\"index, follow, max-snippet:-1, max-image-preview:large, max-video-preview:-1\" \/>\n<link rel=\"canonical\" href=\"https:\/\/adra.md\/ru\/re-inregistrarea-refugiatilor-pentru-ajutor-financiar\/\" \/>\n<meta property=\"og:locale\" content=\"ru_RU\" \/>\n<meta property=\"og:type\" content=\"article\" \/>\n<meta property=\"og:title\" content=\"RE-\u00eenregistrarea refugia\u021bilor pentru ajutor financiar! - ADRA Moldova\" \/>\n<meta property=\"og:description\" content=\"Lunar, refugia\u021bii ucraineni afla\u021bi pe teriroriul Transnistriei, sunt a\u0219tepta\u021bi la procesul de Re-inregistrare, pentru primirea ajutorului financiar. Acesta este unul maximal simplu, datorit\u0103 metodei electronice de introducere a datelor. Echipa ADRA Moldova, aflat\u0103 \u00een spa\u021biul de \u00eenregistrare din Tiraspol, este disponibila zilnic intre orele 10.00 &#8211; 17.00 (cu excep\u021bia zilelor de s\u00e2mb\u0103t\u0103 \u0219i duminic\u0103). Proiectul [&hellip;]\" \/>\n<meta property=\"og:url\" content=\"https:\/\/adra.md\/ru\/re-inregistrarea-refugiatilor-pentru-ajutor-financiar\/\" \/>\n<meta property=\"og:site_name\" content=\"ADRA Moldova\" \/>\n<meta property=\"article:published_time\" content=\"2023-09-18T08:44:19+00:00\" \/>\n<meta property=\"og:image\" content=\"https:\/\/adra.md\/wp-content\/uploads\/2023\/09\/379993502_303329875726306_72174794273845687_n.jpg\" \/>\n\t<meta property=\"og:image:width\" content=\"1440\" \/>\n\t<meta property=\"og:image:height\" content=\"1212\" \/>\n\t<meta property=\"og:image:type\" content=\"image\/jpeg\" \/>\n<meta name=\"author\" content=\"ADRA Moldova\" \/>\n<meta name=\"twitter:card\" content=\"summary_large_image\" \/>\n<meta name=\"twitter:label1\" content=\"\u041d\u0430\u043f\u0438\u0441\u0430\u043d\u043e \u0430\u0432\u0442\u043e\u0440\u043e\u043c\" \/>\n\t<meta name=\"twitter:data1\" content=\"ADRA Moldova\" \/>\n<script type=\"application\/ld+json\" class=\"yoast-schema-graph\">{\"@context\":\"https:\\\/\\\/schema.org\",\"@graph\":[{\"@type\":\"Article\",\"@id\":\"https:\\\/\\\/adra.md\\\/ru\\\/re-inregistrarea-refugiatilor-pentru-ajutor-financiar\\\/#article\",\"isPartOf\":{\"@id\":\"https:\\\/\\\/adra.md\\\/ru\\\/re-inregistrarea-refugiatilor-pentru-ajutor-financiar\\\/\"},\"author\":{\"name\":\"ADRA Moldova\",\"@id\":\"https:\\\/\\\/adra.md\\\/#\\\/schema\\\/person\\\/b0181e611ee89738cefb7dc2db2bb8d1\"},\"headline\":\"RE-\u00eenregistrarea refugia\u021bilor pentru ajutor financiar!\",\"datePublished\":\"2023-09-18T08:44:19+00:00\",\"mainEntityOfPage\":{\"@id\":\"https:\\\/\\\/adra.md\\\/ru\\\/re-inregistrarea-refugiatilor-pentru-ajutor-financiar\\\/\"},\"wordCount\":98,\"publisher\":{\"@id\":\"https:\\\/\\\/adra.md\\\/#organization\"},\"image\":{\"@id\":\"https:\\\/\\\/adra.md\\\/ru\\\/re-inregistrarea-refugiatilor-pentru-ajutor-financiar\\\/#primaryimage\"},\"thumbnailUrl\":\"https:\\\/\\\/adra.md\\\/wp-content\\\/uploads\\\/2023\\\/09\\\/379993502_303329875726306_72174794273845687_n.jpg\",\"articleSection\":[\"News\"],\"inLanguage\":\"ru-RU\"},{\"@type\":\"WebPage\",\"@id\":\"https:\\\/\\\/adra.md\\\/ru\\\/re-inregistrarea-refugiatilor-pentru-ajutor-financiar\\\/\",\"url\":\"https:\\\/\\\/adra.md\\\/ru\\\/re-inregistrarea-refugiatilor-pentru-ajutor-financiar\\\/\",\"name\":\"RE-\u00eenregistrarea refugia\u021bilor pentru ajutor financiar! - ADRA Moldova\",\"isPartOf\":{\"@id\":\"https:\\\/\\\/adra.md\\\/#website\"},\"primaryImageOfPage\":{\"@id\":\"https:\\\/\\\/adra.md\\\/ru\\\/re-inregistrarea-refugiatilor-pentru-ajutor-financiar\\\/#primaryimage\"},\"image\":{\"@id\":\"https:\\\/\\\/adra.md\\\/ru\\\/re-inregistrarea-refugiatilor-pentru-ajutor-financiar\\\/#primaryimage\"},\"thumbnailUrl\":\"https:\\\/\\\/adra.md\\\/wp-content\\\/uploads\\\/2023\\\/09\\\/379993502_303329875726306_72174794273845687_n.jpg\",\"datePublished\":\"2023-09-18T08:44:19+00:00\",\"breadcrumb\":{\"@id\":\"https:\\\/\\\/adra.md\\\/ru\\\/re-inregistrarea-refugiatilor-pentru-ajutor-financiar\\\/#breadcrumb\"},\"inLanguage\":\"ru-RU\",\"potentialAction\":[{\"@type\":\"ReadAction\",\"target\":[\"https:\\\/\\\/adra.md\\\/ru\\\/re-inregistrarea-refugiatilor-pentru-ajutor-financiar\\\/\"]}]},{\"@type\":\"ImageObject\",\"inLanguage\":\"ru-RU\",\"@id\":\"https:\\\/\\\/adra.md\\\/ru\\\/re-inregistrarea-refugiatilor-pentru-ajutor-financiar\\\/#primaryimage\",\"url\":\"https:\\\/\\\/adra.md\\\/wp-content\\\/uploads\\\/2023\\\/09\\\/379993502_303329875726306_72174794273845687_n.jpg\",\"contentUrl\":\"https:\\\/\\\/adra.md\\\/wp-content\\\/uploads\\\/2023\\\/09\\\/379993502_303329875726306_72174794273845687_n.jpg\",\"width\":1440,\"height\":1212},{\"@type\":\"BreadcrumbList\",\"@id\":\"https:\\\/\\\/adra.md\\\/ru\\\/re-inregistrarea-refugiatilor-pentru-ajutor-financiar\\\/#breadcrumb\",\"itemListElement\":[{\"@type\":\"ListItem\",\"position\":1,\"name\":\"Home\",\"item\":\"https:\\\/\\\/adra.md\\\/\"},{\"@type\":\"ListItem\",\"position\":2,\"name\":\"RE-\u00eenregistrarea refugia\u021bilor pentru ajutor financiar!\"}]},{\"@type\":\"WebSite\",\"@id\":\"https:\\\/\\\/adra.md\\\/#website\",\"url\":\"https:\\\/\\\/adra.md\\\/\",\"name\":\"ADRA Moldova\",\"description\":\"Agen\u0163ia Adventist\u0103 pentru Dezvoltare, Refacere \u015fi Ajutor\",\"publisher\":{\"@id\":\"https:\\\/\\\/adra.md\\\/#organization\"},\"potentialAction\":[{\"@type\":\"SearchAction\",\"target\":{\"@type\":\"EntryPoint\",\"urlTemplate\":\"https:\\\/\\\/adra.md\\\/?s={search_term_string}\"},\"query-input\":{\"@type\":\"PropertyValueSpecification\",\"valueRequired\":true,\"valueName\":\"search_term_string\"}}],\"inLanguage\":\"ru-RU\"},{\"@type\":\"Organization\",\"@id\":\"https:\\\/\\\/adra.md\\\/#organization\",\"name\":\"ADRA Moldova\",\"url\":\"https:\\\/\\\/adra.md\\\/\",\"logo\":{\"@type\":\"ImageObject\",\"inLanguage\":\"ru-RU\",\"@id\":\"https:\\\/\\\/adra.md\\\/#\\\/schema\\\/logo\\\/image\\\/\",\"url\":\"https:\\\/\\\/adra.md\\\/wp-content\\\/uploads\\\/2019\\\/11\\\/group-435.png\",\"contentUrl\":\"https:\\\/\\\/adra.md\\\/wp-content\\\/uploads\\\/2019\\\/11\\\/group-435.png\",\"width\":500,\"height\":133,\"caption\":\"ADRA Moldova\"},\"image\":{\"@id\":\"https:\\\/\\\/adra.md\\\/#\\\/schema\\\/logo\\\/image\\\/\"}},{\"@type\":\"Person\",\"@id\":\"https:\\\/\\\/adra.md\\\/#\\\/schema\\\/person\\\/b0181e611ee89738cefb7dc2db2bb8d1\",\"name\":\"ADRA Moldova\",\"url\":\"https:\\\/\\\/adra.md\\\/ru\\\/author\\\/andrei-girleanu\\\/\"}]}<\/script>\n<!-- \/ Yoast SEO plugin. -->","yoast_head_json":{"title":"RE-\u00eenregistrarea refugia\u021bilor pentru ajutor financiar! - ADRA Moldova","robots":{"index":"index","follow":"follow","max-snippet":"max-snippet:-1","max-image-preview":"max-image-preview:large","max-video-preview":"max-video-preview:-1"},"canonical":"https:\/\/adra.md\/ru\/re-inregistrarea-refugiatilor-pentru-ajutor-financiar\/","og_locale":"ru_RU","og_type":"article","og_title":"RE-\u00eenregistrarea refugia\u021bilor pentru ajutor financiar! - ADRA Moldova","og_description":"Lunar, refugia\u021bii ucraineni afla\u021bi pe teriroriul Transnistriei, sunt a\u0219tepta\u021bi la procesul de Re-inregistrare, pentru primirea ajutorului financiar. Acesta este unul maximal simplu, datorit\u0103 metodei electronice de introducere a datelor. Echipa ADRA Moldova, aflat\u0103 \u00een spa\u021biul de \u00eenregistrare din Tiraspol, este disponibila zilnic intre orele 10.00 &#8211; 17.00 (cu excep\u021bia zilelor de s\u00e2mb\u0103t\u0103 \u0219i duminic\u0103). Proiectul [&hellip;]","og_url":"https:\/\/adra.md\/ru\/re-inregistrarea-refugiatilor-pentru-ajutor-financiar\/","og_site_name":"ADRA Moldova","article_published_time":"2023-09-18T08:44:19+00:00","og_image":[{"width":1440,"height":1212,"url":"https:\/\/adra.md\/wp-content\/uploads\/2023\/09\/379993502_303329875726306_72174794273845687_n.jpg","type":"image\/jpeg"}],"author":"ADRA Moldova","twitter_card":"summary_large_image","twitter_misc":{"\u041d\u0430\u043f\u0438\u0441\u0430\u043d\u043e \u0430\u0432\u0442\u043e\u0440\u043e\u043c":"ADRA Moldova"},"schema":{"@context":"https:\/\/schema.org","@graph":[{"@type":"Article","@id":"https:\/\/adra.md\/ru\/re-inregistrarea-refugiatilor-pentru-ajutor-financiar\/#article","isPartOf":{"@id":"https:\/\/adra.md\/ru\/re-inregistrarea-refugiatilor-pentru-ajutor-financiar\/"},"author":{"name":"ADRA Moldova","@id":"https:\/\/adra.md\/#\/schema\/person\/b0181e611ee89738cefb7dc2db2bb8d1"},"headline":"RE-\u00eenregistrarea refugia\u021bilor pentru ajutor financiar!","datePublished":"2023-09-18T08:44:19+00:00","mainEntityOfPage":{"@id":"https:\/\/adra.md\/ru\/re-inregistrarea-refugiatilor-pentru-ajutor-financiar\/"},"wordCount":98,"publisher":{"@id":"https:\/\/adra.md\/#organization"},"image":{"@id":"https:\/\/adra.md\/ru\/re-inregistrarea-refugiatilor-pentru-ajutor-financiar\/#primaryimage"},"thumbnailUrl":"https:\/\/adra.md\/wp-content\/uploads\/2023\/09\/379993502_303329875726306_72174794273845687_n.jpg","articleSection":["News"],"inLanguage":"ru-RU"},{"@type":"WebPage","@id":"https:\/\/adra.md\/ru\/re-inregistrarea-refugiatilor-pentru-ajutor-financiar\/","url":"https:\/\/adra.md\/ru\/re-inregistrarea-refugiatilor-pentru-ajutor-financiar\/","name":"RE-\u00eenregistrarea refugia\u021bilor pentru ajutor financiar! - ADRA Moldova","isPartOf":{"@id":"https:\/\/adra.md\/#website"},"primaryImageOfPage":{"@id":"https:\/\/adra.md\/ru\/re-inregistrarea-refugiatilor-pentru-ajutor-financiar\/#primaryimage"},"image":{"@id":"https:\/\/adra.md\/ru\/re-inregistrarea-refugiatilor-pentru-ajutor-financiar\/#primaryimage"},"thumbnailUrl":"https:\/\/adra.md\/wp-content\/uploads\/2023\/09\/379993502_303329875726306_72174794273845687_n.jpg","datePublished":"2023-09-18T08:44:19+00:00","breadcrumb":{"@id":"https:\/\/adra.md\/ru\/re-inregistrarea-refugiatilor-pentru-ajutor-financiar\/#breadcrumb"},"inLanguage":"ru-RU","potentialAction":[{"@type":"ReadAction","target":["https:\/\/adra.md\/ru\/re-inregistrarea-refugiatilor-pentru-ajutor-financiar\/"]}]},{"@type":"ImageObject","inLanguage":"ru-RU","@id":"https:\/\/adra.md\/ru\/re-inregistrarea-refugiatilor-pentru-ajutor-financiar\/#primaryimage","url":"https:\/\/adra.md\/wp-content\/uploads\/2023\/09\/379993502_303329875726306_72174794273845687_n.jpg","contentUrl":"https:\/\/adra.md\/wp-content\/uploads\/2023\/09\/379993502_303329875726306_72174794273845687_n.jpg","width":1440,"height":1212},{"@type":"BreadcrumbList","@id":"https:\/\/adra.md\/ru\/re-inregistrarea-refugiatilor-pentru-ajutor-financiar\/#breadcrumb","itemListElement":[{"@type":"ListItem","position":1,"name":"Home","item":"https:\/\/adra.md\/"},{"@type":"ListItem","position":2,"name":"RE-\u00eenregistrarea refugia\u021bilor pentru ajutor financiar!"}]},{"@type":"WebSite","@id":"https:\/\/adra.md\/#website","url":"https:\/\/adra.md\/","name":"ADRA Moldova","description":"Agen\u0163ia Adventist\u0103 pentru Dezvoltare, Refacere \u015fi Ajutor","publisher":{"@id":"https:\/\/adra.md\/#organization"},"potentialAction":[{"@type":"SearchAction","target":{"@type":"EntryPoint","urlTemplate":"https:\/\/adra.md\/?s={search_term_string}"},"query-input":{"@type":"PropertyValueSpecification","valueRequired":true,"valueName":"search_term_string"}}],"inLanguage":"ru-RU"},{"@type":"Organization","@id":"https:\/\/adra.md\/#organization","name":"ADRA Moldova","url":"https:\/\/adra.md\/","logo":{"@type":"ImageObject","inLanguage":"ru-RU","@id":"https:\/\/adra.md\/#\/schema\/logo\/image\/","url":"https:\/\/adra.md\/wp-content\/uploads\/2019\/11\/group-435.png","contentUrl":"https:\/\/adra.md\/wp-content\/uploads\/2019\/11\/group-435.png","width":500,"height":133,"caption":"ADRA Moldova"},"image":{"@id":"https:\/\/adra.md\/#\/schema\/logo\/image\/"}},{"@type":"Person","@id":"https:\/\/adra.md\/#\/schema\/person\/b0181e611ee89738cefb7dc2db2bb8d1","name":"ADRA Moldova","url":"https:\/\/adra.md\/ru\/author\/andrei-girleanu\/"}]}},"_links":{"self":[{"href":"https:\/\/adra.md\/ru\/wp-json\/wp\/v2\/posts\/20872","targetHints":{"allow":["GET"]}}],"collection":[{"href":"https:\/\/adra.md\/ru\/wp-json\/wp\/v2\/posts"}],"about":[{"href":"https:\/\/adra.md\/ru\/wp-json\/wp\/v2\/types\/post"}],"author":[{"embeddable":true,"href":"https:\/\/adra.md\/ru\/wp-json\/wp\/v2\/users\/9"}],"replies":[{"embeddable":true,"href":"https:\/\/adra.md\/ru\/wp-json\/wp\/v2\/comments?post=20872"}],"version-history":[{"count":1,"href":"https:\/\/adra.md\/ru\/wp-json\/wp\/v2\/posts\/20872\/revisions"}],"predecessor-version":[{"id":20877,"href":"https:\/\/adra.md\/ru\/wp-json\/wp\/v2\/posts\/20872\/revisions\/20877"}],"wp:featuredmedia":[{"embeddable":true,"href":"https:\/\/adra.md\/ru\/wp-json\/wp\/v2\/media\/20876"}],"wp:attachment":[{"href":"https:\/\/adra.md\/ru\/wp-json\/wp\/v2\/media?parent=20872"}],"wp:term":[{"taxonomy":"category","embeddable":true,"href":"https:\/\/adra.md\/ru\/wp-json\/wp\/v2\/categories?post=20872"},{"taxonomy":"post_tag","embeddable":true,"href":"https:\/\/adra.md\/ru\/wp-json\/wp\/v2\/tags?post=20872"}],"curies":[{"name":"wp","href":"https:\/\/api.w.org\/{rel}","templated":true}]}}