{"id":21038,"date":"2023-12-15T11:44:03","date_gmt":"2023-12-15T11:44:03","guid":{"rendered":"https:\/\/adra.md\/?p=21038"},"modified":"2023-12-15T11:44:03","modified_gmt":"2023-12-15T11:44:03","slug":"a-fi-refugiat-nu-este-o-alegere","status":"publish","type":"post","link":"https:\/\/adra.md\/ru\/a-fi-refugiat-nu-este-o-alegere\/","title":{"rendered":"A fi refugiat &#8211; nu este o alegere!"},"content":{"rendered":"<div class=\"xdj266r x11i5rnm xat24cr x1mh8g0r x1vvkbs x126k92a\">\n<div dir=\"auto\">A fi refugiat &#8211; nu este o alegere!<\/div>\n<\/div>\n<div class=\"x11i5rnm xat24cr x1mh8g0r x1vvkbs xtlvy1s x126k92a\">\n<div dir=\"auto\">\u00cen cadrul proiectului derulat cu suportul financiar <a class=\"x1i10hfl xjbqb8w x6umtig x1b1mbwd xaqea5y xav7gou x9f619 x1ypdohk xt0psk2 xe8uvvx xdj266r x11i5rnm xat24cr x1mh8g0r xexx8yu x4uap5 x18d9i69 xkhd6sd x16tdsg8 x1hl2dhg xggy1nq x1a2a7pz xt0b8zv x1qq9wsj xo1l8bm\" tabindex=\"0\" role=\"link\" href=\"https:\/\/www.facebook.com\/iom.moldova?__cft__[0]=AZWI5ghR1n-1aMF3zm_bUuhCJm1OFDkVgq--mTHUI_VLig2hcfs0GlOl0oUDQuzKExjRp4HkM5-Gr_QFbmoXTUwFWPj_GbkzTYKN8YO1xUjevoysk41RWifPXSIJGPf-SVKWlo6zPtxEo213G4_eQ1fcVbeteyF2NuuZX4DEn1aJ7HhBpYDQh-eKOnECszmFjpo&amp;__tn__=-]K-R\"><span class=\"xt0psk2\">IOM Moldova<\/span><\/a>, reu\u0219im s\u0103 sus\u021binem refugia\u021bii din regiunea Transnistrean\u0103 cu cash.<\/div>\n<div dir=\"auto\">Recent am petrecut o sesiune de informare despre ajutorul pentru iarn\u0103, procesul de re-\u00eenregistrare, pl\u0103\u021bi \u0219i alte momente care apar pe parcursul procesului de munc\u0103. Fiecare refugiat a primit r\u0103spuns la \u00eentrebarea sa, iar donatorul s-a ar\u0103ta deschis spre discu\u021bie la propunerile celor din sal\u0103.<\/div>\n<\/div>\n<div class=\"x11i5rnm xat24cr x1mh8g0r x1vvkbs xtlvy1s x126k92a\">\n<div dir=\"auto\"><a class=\"x1i10hfl xjbqb8w x6umtig x1b1mbwd xaqea5y xav7gou x9f619 x1ypdohk xt0psk2 xe8uvvx xdj266r x11i5rnm xat24cr x1mh8g0r xexx8yu x4uap5 x18d9i69 xkhd6sd x16tdsg8 x1hl2dhg xggy1nq x1a2a7pz xt0b8zv x1qq9wsj xo1l8bm\" tabindex=\"0\" role=\"link\" href=\"https:\/\/www.facebook.com\/hashtag\/adra?__eep__=6&amp;__cft__[0]=AZWI5ghR1n-1aMF3zm_bUuhCJm1OFDkVgq--mTHUI_VLig2hcfs0GlOl0oUDQuzKExjRp4HkM5-Gr_QFbmoXTUwFWPj_GbkzTYKN8YO1xUjevoysk41RWifPXSIJGPf-SVKWlo6zPtxEo213G4_eQ1fcVbeteyF2NuuZX4DEn1aJ7HhBpYDQh-eKOnECszmFjpo&amp;__tn__=*NK-R\">#adra<\/a> <a class=\"x1i10hfl xjbqb8w x6umtig x1b1mbwd xaqea5y xav7gou x9f619 x1ypdohk xt0psk2 xe8uvvx xdj266r x11i5rnm xat24cr x1mh8g0r xexx8yu x4uap5 x18d9i69 xkhd6sd x16tdsg8 x1hl2dhg xggy1nq x1a2a7pz xt0b8zv x1qq9wsj xo1l8bm\" tabindex=\"0\" role=\"link\" href=\"https:\/\/www.facebook.com\/hashtag\/adramoldova?__eep__=6&amp;__cft__[0]=AZWI5ghR1n-1aMF3zm_bUuhCJm1OFDkVgq--mTHUI_VLig2hcfs0GlOl0oUDQuzKExjRp4HkM5-Gr_QFbmoXTUwFWPj_GbkzTYKN8YO1xUjevoysk41RWifPXSIJGPf-SVKWlo6zPtxEo213G4_eQ1fcVbeteyF2NuuZX4DEn1aJ7HhBpYDQh-eKOnECszmFjpo&amp;__tn__=*NK-R\">#adramoldova<\/a> <a class=\"x1i10hfl xjbqb8w x6umtig x1b1mbwd xaqea5y xav7gou x9f619 x1ypdohk xt0psk2 xe8uvvx xdj266r x11i5rnm xat24cr x1mh8g0r xexx8yu x4uap5 x18d9i69 xkhd6sd x16tdsg8 x1hl2dhg xggy1nq x1a2a7pz xt0b8zv x1qq9wsj xo1l8bm\" tabindex=\"0\" role=\"link\" href=\"https:\/\/www.facebook.com\/hashtag\/iom?__eep__=6&amp;__cft__[0]=AZWI5ghR1n-1aMF3zm_bUuhCJm1OFDkVgq--mTHUI_VLig2hcfs0GlOl0oUDQuzKExjRp4HkM5-Gr_QFbmoXTUwFWPj_GbkzTYKN8YO1xUjevoysk41RWifPXSIJGPf-SVKWlo6zPtxEo213G4_eQ1fcVbeteyF2NuuZX4DEn1aJ7HhBpYDQh-eKOnECszmFjpo&amp;__tn__=*NK-R\">#iom<\/a> <a class=\"x1i10hfl xjbqb8w x6umtig x1b1mbwd xaqea5y xav7gou x9f619 x1ypdohk xt0psk2 xe8uvvx xdj266r x11i5rnm xat24cr x1mh8g0r xexx8yu x4uap5 x18d9i69 xkhd6sd x16tdsg8 x1hl2dhg xggy1nq x1a2a7pz xt0b8zv x1qq9wsj xo1l8bm\" tabindex=\"0\" role=\"link\" href=\"https:\/\/www.facebook.com\/hashtag\/cashassistance?__eep__=6&amp;__cft__[0]=AZWI5ghR1n-1aMF3zm_bUuhCJm1OFDkVgq--mTHUI_VLig2hcfs0GlOl0oUDQuzKExjRp4HkM5-Gr_QFbmoXTUwFWPj_GbkzTYKN8YO1xUjevoysk41RWifPXSIJGPf-SVKWlo6zPtxEo213G4_eQ1fcVbeteyF2NuuZX4DEn1aJ7HhBpYDQh-eKOnECszmFjpo&amp;__tn__=*NK-R\">#cashassistance<\/a> <a class=\"x1i10hfl xjbqb8w x6umtig x1b1mbwd xaqea5y xav7gou x9f619 x1ypdohk xt0psk2 xe8uvvx xdj266r x11i5rnm xat24cr x1mh8g0r xexx8yu x4uap5 x18d9i69 xkhd6sd x16tdsg8 x1hl2dhg xggy1nq x1a2a7pz xt0b8zv x1qq9wsj xo1l8bm\" tabindex=\"0\" role=\"link\" href=\"https:\/\/www.facebook.com\/hashtag\/transnistria?__eep__=6&amp;__cft__[0]=AZWI5ghR1n-1aMF3zm_bUuhCJm1OFDkVgq--mTHUI_VLig2hcfs0GlOl0oUDQuzKExjRp4HkM5-Gr_QFbmoXTUwFWPj_GbkzTYKN8YO1xUjevoysk41RWifPXSIJGPf-SVKWlo6zPtxEo213G4_eQ1fcVbeteyF2NuuZX4DEn1aJ7HhBpYDQh-eKOnECszmFjpo&amp;__tn__=*NK-R\">#transnistria<\/a> <a class=\"x1i10hfl xjbqb8w x6umtig x1b1mbwd xaqea5y xav7gou x9f619 x1ypdohk xt0psk2 xe8uvvx xdj266r x11i5rnm xat24cr x1mh8g0r xexx8yu x4uap5 x18d9i69 xkhd6sd x16tdsg8 x1hl2dhg xggy1nq x1a2a7pz xt0b8zv x1qq9wsj xo1l8bm\" tabindex=\"0\" role=\"link\" href=\"https:\/\/www.facebook.com\/hashtag\/proceswork?__eep__=6&amp;__cft__[0]=AZWI5ghR1n-1aMF3zm_bUuhCJm1OFDkVgq--mTHUI_VLig2hcfs0GlOl0oUDQuzKExjRp4HkM5-Gr_QFbmoXTUwFWPj_GbkzTYKN8YO1xUjevoysk41RWifPXSIJGPf-SVKWlo6zPtxEo213G4_eQ1fcVbeteyF2NuuZX4DEn1aJ7HhBpYDQh-eKOnECszmFjpo&amp;__tn__=*NK-R\">#proceswork<\/a><\/div>\n<div dir=\"auto\"><\/div>\n<div dir=\"auto\"><\/div>\n<div dir=\"auto\"><a class=\"x1i10hfl xjbqb8w x6umtig x1b1mbwd xaqea5y xav7gou x9f619 x1ypdohk xt0psk2 xe8uvvx xdj266r x11i5rnm xat24cr x1mh8g0r xexx8yu x4uap5 x18d9i69 xkhd6sd x16tdsg8 x1hl2dhg xggy1nq x1a2a7pz xt0b8zv x1qq9wsj xo1l8bm\" tabindex=\"0\" role=\"link\" href=\"https:\/\/www.facebook.com\/hashtag\/proceswork?__eep__=6&amp;__cft__[0]=AZWI5ghR1n-1aMF3zm_bUuhCJm1OFDkVgq--mTHUI_VLig2hcfs0GlOl0oUDQuzKExjRp4HkM5-Gr_QFbmoXTUwFWPj_GbkzTYKN8YO1xUjevoysk41RWifPXSIJGPf-SVKWlo6zPtxEo213G4_eQ1fcVbeteyF2NuuZX4DEn1aJ7HhBpYDQh-eKOnECszmFjpo&amp;__tn__=*NK-R\">\u00a0 \u00a0<img fetchpriority=\"high\" decoding=\"async\" class=\"alignnone size-medium wp-image-21040\" src=\"https:\/\/adra.md\/wp-content\/uploads\/2023\/12\/405772140_17928868709795376_5055788855322375974_n-261x300.jpg\" alt=\"\" width=\"261\" height=\"300\" srcset=\"https:\/\/adra.md\/wp-content\/uploads\/2023\/12\/405772140_17928868709795376_5055788855322375974_n-261x300.jpg 261w, https:\/\/adra.md\/wp-content\/uploads\/2023\/12\/405772140_17928868709795376_5055788855322375974_n-892x1024.jpg 892w, https:\/\/adra.md\/wp-content\/uploads\/2023\/12\/405772140_17928868709795376_5055788855322375974_n-768x882.jpg 768w, https:\/\/adra.md\/wp-content\/uploads\/2023\/12\/405772140_17928868709795376_5055788855322375974_n-1337x1536.jpg 1337w, https:\/\/adra.md\/wp-content\/uploads\/2023\/12\/405772140_17928868709795376_5055788855322375974_n-10x12.jpg 10w, https:\/\/adra.md\/wp-content\/uploads\/2023\/12\/405772140_17928868709795376_5055788855322375974_n.jpg 1440w\" sizes=\"(max-width: 261px) 100vw, 261px\" \/>\u00a0 \u00a0\u00a0 <img decoding=\"async\" class=\"alignnone size-medium wp-image-21041\" src=\"https:\/\/adra.md\/wp-content\/uploads\/2023\/12\/405794595_17928868700795376_1118287925441502682_n-261x300.jpg\" alt=\"\" width=\"261\" height=\"300\" srcset=\"https:\/\/adra.md\/wp-content\/uploads\/2023\/12\/405794595_17928868700795376_1118287925441502682_n-261x300.jpg 261w, https:\/\/adra.md\/wp-content\/uploads\/2023\/12\/405794595_17928868700795376_1118287925441502682_n-892x1024.jpg 892w, https:\/\/adra.md\/wp-content\/uploads\/2023\/12\/405794595_17928868700795376_1118287925441502682_n-768x882.jpg 768w, https:\/\/adra.md\/wp-content\/uploads\/2023\/12\/405794595_17928868700795376_1118287925441502682_n-1337x1536.jpg 1337w, https:\/\/adra.md\/wp-content\/uploads\/2023\/12\/405794595_17928868700795376_1118287925441502682_n-10x12.jpg 10w, https:\/\/adra.md\/wp-content\/uploads\/2023\/12\/405794595_17928868700795376_1118287925441502682_n.jpg 1440w\" sizes=\"(max-width: 261px) 100vw, 261px\" \/>\u00a0\u00a0\u00a0\u00a0 <img decoding=\"async\" class=\"alignnone size-medium wp-image-21042\" src=\"https:\/\/adra.md\/wp-content\/uploads\/2023\/12\/405795536_17928868679795376_919176694911364940_n-262x300.jpg\" alt=\"\" width=\"262\" height=\"300\" srcset=\"https:\/\/adra.md\/wp-content\/uploads\/2023\/12\/405795536_17928868679795376_919176694911364940_n-262x300.jpg 262w, https:\/\/adra.md\/wp-content\/uploads\/2023\/12\/405795536_17928868679795376_919176694911364940_n-896x1024.jpg 896w, https:\/\/adra.md\/wp-content\/uploads\/2023\/12\/405795536_17928868679795376_919176694911364940_n-768x878.jpg 768w, https:\/\/adra.md\/wp-content\/uploads\/2023\/12\/405795536_17928868679795376_919176694911364940_n-1344x1536.jpg 1344w, https:\/\/adra.md\/wp-content\/uploads\/2023\/12\/405795536_17928868679795376_919176694911364940_n-10x12.jpg 10w, https:\/\/adra.md\/wp-content\/uploads\/2023\/12\/405795536_17928868679795376_919176694911364940_n.jpg 1440w\" sizes=\"(max-width: 262px) 100vw, 262px\" \/>\u00a0 \u00a0\u00a0 <img loading=\"lazy\" decoding=\"async\" class=\"alignnone size-medium wp-image-21043\" src=\"https:\/\/adra.md\/wp-content\/uploads\/2023\/12\/405891236_17928868667795376_7776833513719799590_n-261x300.jpg\" alt=\"\" width=\"261\" height=\"300\" srcset=\"https:\/\/adra.md\/wp-content\/uploads\/2023\/12\/405891236_17928868667795376_7776833513719799590_n-261x300.jpg 261w, https:\/\/adra.md\/wp-content\/uploads\/2023\/12\/405891236_17928868667795376_7776833513719799590_n-892x1024.jpg 892w, https:\/\/adra.md\/wp-content\/uploads\/2023\/12\/405891236_17928868667795376_7776833513719799590_n-768x882.jpg 768w, https:\/\/adra.md\/wp-content\/uploads\/2023\/12\/405891236_17928868667795376_7776833513719799590_n-1337x1536.jpg 1337w, https:\/\/adra.md\/wp-content\/uploads\/2023\/12\/405891236_17928868667795376_7776833513719799590_n-10x12.jpg 10w, https:\/\/adra.md\/wp-content\/uploads\/2023\/12\/405891236_17928868667795376_7776833513719799590_n.jpg 1440w\" sizes=\"(max-width: 261px) 100vw, 261px\" \/><\/a><\/div>\n<\/div>\n","protected":false},"excerpt":{"rendered":"<p>A fi refugiat &#8211; nu este o alegere! \u00cen cadrul proiectului derulat cu suportul financiar IOM Moldova, reu\u0219im s\u0103 sus\u021binem refugia\u021bii din regiunea Transnistrean\u0103 cu cash. Recent am petrecut o sesiune de informare despre ajutorul pentru iarn\u0103, procesul de re-\u00eenregistrare, pl\u0103\u021bi \u0219i alte momente care apar pe parcursul procesului de munc\u0103. Fiecare refugiat a primit [&hellip;]<\/p>\n","protected":false},"author":9,"featured_media":21043,"comment_status":"closed","ping_status":"closed","sticky":false,"template":"","format":"standard","meta":{"_acf_changed":false,"footnotes":""},"categories":[294],"tags":[],"class_list":["post-21038","post","type-post","status-publish","format-standard","has-post-thumbnail","hentry","category-news"],"acf":[],"yoast_head":"<!-- This site is optimized with the Yoast SEO plugin v27.4 - https:\/\/yoast.com\/product\/yoast-seo-wordpress\/ -->\n<title>A fi refugiat - nu este o alegere! - ADRA Moldova<\/title>\n<meta name=\"robots\" content=\"index, follow, max-snippet:-1, max-image-preview:large, max-video-preview:-1\" \/>\n<link rel=\"canonical\" href=\"https:\/\/adra.md\/ru\/a-fi-refugiat-nu-este-o-alegere\/\" \/>\n<meta property=\"og:locale\" content=\"ru_RU\" \/>\n<meta property=\"og:type\" content=\"article\" \/>\n<meta property=\"og:title\" content=\"A fi refugiat - nu este o alegere! - ADRA Moldova\" \/>\n<meta property=\"og:description\" content=\"A fi refugiat &#8211; nu este o alegere! \u00cen cadrul proiectului derulat cu suportul financiar IOM Moldova, reu\u0219im s\u0103 sus\u021binem refugia\u021bii din regiunea Transnistrean\u0103 cu cash. Recent am petrecut o sesiune de informare despre ajutorul pentru iarn\u0103, procesul de re-\u00eenregistrare, pl\u0103\u021bi \u0219i alte momente care apar pe parcursul procesului de munc\u0103. Fiecare refugiat a primit [&hellip;]\" \/>\n<meta property=\"og:url\" content=\"https:\/\/adra.md\/ru\/a-fi-refugiat-nu-este-o-alegere\/\" \/>\n<meta property=\"og:site_name\" content=\"ADRA Moldova\" \/>\n<meta property=\"article:published_time\" content=\"2023-12-15T11:44:03+00:00\" \/>\n<meta property=\"og:image\" content=\"https:\/\/adra.md\/wp-content\/uploads\/2023\/12\/405891236_17928868667795376_7776833513719799590_n.jpg\" \/>\n\t<meta property=\"og:image:width\" content=\"1440\" \/>\n\t<meta property=\"og:image:height\" content=\"1654\" \/>\n\t<meta property=\"og:image:type\" content=\"image\/jpeg\" \/>\n<meta name=\"author\" content=\"ADRA Moldova\" \/>\n<meta name=\"twitter:card\" content=\"summary_large_image\" \/>\n<meta name=\"twitter:label1\" content=\"\u041d\u0430\u043f\u0438\u0441\u0430\u043d\u043e \u0430\u0432\u0442\u043e\u0440\u043e\u043c\" \/>\n\t<meta name=\"twitter:data1\" content=\"ADRA Moldova\" \/>\n<script type=\"application\/ld+json\" class=\"yoast-schema-graph\">{\"@context\":\"https:\\\/\\\/schema.org\",\"@graph\":[{\"@type\":\"Article\",\"@id\":\"https:\\\/\\\/adra.md\\\/a-fi-refugiat-nu-este-o-alegere\\\/#article\",\"isPartOf\":{\"@id\":\"https:\\\/\\\/adra.md\\\/a-fi-refugiat-nu-este-o-alegere\\\/\"},\"author\":{\"name\":\"ADRA Moldova\",\"@id\":\"https:\\\/\\\/adra.md\\\/#\\\/schema\\\/person\\\/b0181e611ee89738cefb7dc2db2bb8d1\"},\"headline\":\"A fi refugiat &#8211; nu este o alegere!\",\"datePublished\":\"2023-12-15T11:44:03+00:00\",\"mainEntityOfPage\":{\"@id\":\"https:\\\/\\\/adra.md\\\/a-fi-refugiat-nu-este-o-alegere\\\/\"},\"wordCount\":93,\"publisher\":{\"@id\":\"https:\\\/\\\/adra.md\\\/#organization\"},\"image\":{\"@id\":\"https:\\\/\\\/adra.md\\\/a-fi-refugiat-nu-este-o-alegere\\\/#primaryimage\"},\"thumbnailUrl\":\"https:\\\/\\\/adra.md\\\/wp-content\\\/uploads\\\/2023\\\/12\\\/405891236_17928868667795376_7776833513719799590_n.jpg\",\"articleSection\":[\"News\"],\"inLanguage\":\"ru-RU\"},{\"@type\":\"WebPage\",\"@id\":\"https:\\\/\\\/adra.md\\\/a-fi-refugiat-nu-este-o-alegere\\\/\",\"url\":\"https:\\\/\\\/adra.md\\\/a-fi-refugiat-nu-este-o-alegere\\\/\",\"name\":\"A fi refugiat - nu este o alegere! - ADRA Moldova\",\"isPartOf\":{\"@id\":\"https:\\\/\\\/adra.md\\\/#website\"},\"primaryImageOfPage\":{\"@id\":\"https:\\\/\\\/adra.md\\\/a-fi-refugiat-nu-este-o-alegere\\\/#primaryimage\"},\"image\":{\"@id\":\"https:\\\/\\\/adra.md\\\/a-fi-refugiat-nu-este-o-alegere\\\/#primaryimage\"},\"thumbnailUrl\":\"https:\\\/\\\/adra.md\\\/wp-content\\\/uploads\\\/2023\\\/12\\\/405891236_17928868667795376_7776833513719799590_n.jpg\",\"datePublished\":\"2023-12-15T11:44:03+00:00\",\"breadcrumb\":{\"@id\":\"https:\\\/\\\/adra.md\\\/a-fi-refugiat-nu-este-o-alegere\\\/#breadcrumb\"},\"inLanguage\":\"ru-RU\",\"potentialAction\":[{\"@type\":\"ReadAction\",\"target\":[\"https:\\\/\\\/adra.md\\\/a-fi-refugiat-nu-este-o-alegere\\\/\"]}]},{\"@type\":\"ImageObject\",\"inLanguage\":\"ru-RU\",\"@id\":\"https:\\\/\\\/adra.md\\\/a-fi-refugiat-nu-este-o-alegere\\\/#primaryimage\",\"url\":\"https:\\\/\\\/adra.md\\\/wp-content\\\/uploads\\\/2023\\\/12\\\/405891236_17928868667795376_7776833513719799590_n.jpg\",\"contentUrl\":\"https:\\\/\\\/adra.md\\\/wp-content\\\/uploads\\\/2023\\\/12\\\/405891236_17928868667795376_7776833513719799590_n.jpg\",\"width\":1440,\"height\":1654},{\"@type\":\"BreadcrumbList\",\"@id\":\"https:\\\/\\\/adra.md\\\/a-fi-refugiat-nu-este-o-alegere\\\/#breadcrumb\",\"itemListElement\":[{\"@type\":\"ListItem\",\"position\":1,\"name\":\"Home\",\"item\":\"https:\\\/\\\/adra.md\\\/\"},{\"@type\":\"ListItem\",\"position\":2,\"name\":\"A fi refugiat &#8211; nu este o alegere!\"}]},{\"@type\":\"WebSite\",\"@id\":\"https:\\\/\\\/adra.md\\\/#website\",\"url\":\"https:\\\/\\\/adra.md\\\/\",\"name\":\"ADRA Moldova\",\"description\":\"Agen\u0163ia Adventist\u0103 pentru Dezvoltare, Refacere \u015fi Ajutor\",\"publisher\":{\"@id\":\"https:\\\/\\\/adra.md\\\/#organization\"},\"potentialAction\":[{\"@type\":\"SearchAction\",\"target\":{\"@type\":\"EntryPoint\",\"urlTemplate\":\"https:\\\/\\\/adra.md\\\/?s={search_term_string}\"},\"query-input\":{\"@type\":\"PropertyValueSpecification\",\"valueRequired\":true,\"valueName\":\"search_term_string\"}}],\"inLanguage\":\"ru-RU\"},{\"@type\":\"Organization\",\"@id\":\"https:\\\/\\\/adra.md\\\/#organization\",\"name\":\"ADRA Moldova\",\"url\":\"https:\\\/\\\/adra.md\\\/\",\"logo\":{\"@type\":\"ImageObject\",\"inLanguage\":\"ru-RU\",\"@id\":\"https:\\\/\\\/adra.md\\\/#\\\/schema\\\/logo\\\/image\\\/\",\"url\":\"https:\\\/\\\/adra.md\\\/wp-content\\\/uploads\\\/2019\\\/11\\\/group-435.png\",\"contentUrl\":\"https:\\\/\\\/adra.md\\\/wp-content\\\/uploads\\\/2019\\\/11\\\/group-435.png\",\"width\":500,\"height\":133,\"caption\":\"ADRA Moldova\"},\"image\":{\"@id\":\"https:\\\/\\\/adra.md\\\/#\\\/schema\\\/logo\\\/image\\\/\"}},{\"@type\":\"Person\",\"@id\":\"https:\\\/\\\/adra.md\\\/#\\\/schema\\\/person\\\/b0181e611ee89738cefb7dc2db2bb8d1\",\"name\":\"ADRA Moldova\",\"url\":\"https:\\\/\\\/adra.md\\\/ru\\\/author\\\/andrei-girleanu\\\/\"}]}<\/script>\n<!-- \/ Yoast SEO plugin. -->","yoast_head_json":{"title":"A fi refugiat - nu este o alegere! - ADRA Moldova","robots":{"index":"index","follow":"follow","max-snippet":"max-snippet:-1","max-image-preview":"max-image-preview:large","max-video-preview":"max-video-preview:-1"},"canonical":"https:\/\/adra.md\/ru\/a-fi-refugiat-nu-este-o-alegere\/","og_locale":"ru_RU","og_type":"article","og_title":"A fi refugiat - nu este o alegere! - ADRA Moldova","og_description":"A fi refugiat &#8211; nu este o alegere! \u00cen cadrul proiectului derulat cu suportul financiar IOM Moldova, reu\u0219im s\u0103 sus\u021binem refugia\u021bii din regiunea Transnistrean\u0103 cu cash. Recent am petrecut o sesiune de informare despre ajutorul pentru iarn\u0103, procesul de re-\u00eenregistrare, pl\u0103\u021bi \u0219i alte momente care apar pe parcursul procesului de munc\u0103. Fiecare refugiat a primit [&hellip;]","og_url":"https:\/\/adra.md\/ru\/a-fi-refugiat-nu-este-o-alegere\/","og_site_name":"ADRA Moldova","article_published_time":"2023-12-15T11:44:03+00:00","og_image":[{"width":1440,"height":1654,"url":"https:\/\/adra.md\/wp-content\/uploads\/2023\/12\/405891236_17928868667795376_7776833513719799590_n.jpg","type":"image\/jpeg"}],"author":"ADRA Moldova","twitter_card":"summary_large_image","twitter_misc":{"\u041d\u0430\u043f\u0438\u0441\u0430\u043d\u043e \u0430\u0432\u0442\u043e\u0440\u043e\u043c":"ADRA Moldova"},"schema":{"@context":"https:\/\/schema.org","@graph":[{"@type":"Article","@id":"https:\/\/adra.md\/a-fi-refugiat-nu-este-o-alegere\/#article","isPartOf":{"@id":"https:\/\/adra.md\/a-fi-refugiat-nu-este-o-alegere\/"},"author":{"name":"ADRA Moldova","@id":"https:\/\/adra.md\/#\/schema\/person\/b0181e611ee89738cefb7dc2db2bb8d1"},"headline":"A fi refugiat &#8211; nu este o alegere!","datePublished":"2023-12-15T11:44:03+00:00","mainEntityOfPage":{"@id":"https:\/\/adra.md\/a-fi-refugiat-nu-este-o-alegere\/"},"wordCount":93,"publisher":{"@id":"https:\/\/adra.md\/#organization"},"image":{"@id":"https:\/\/adra.md\/a-fi-refugiat-nu-este-o-alegere\/#primaryimage"},"thumbnailUrl":"https:\/\/adra.md\/wp-content\/uploads\/2023\/12\/405891236_17928868667795376_7776833513719799590_n.jpg","articleSection":["News"],"inLanguage":"ru-RU"},{"@type":"WebPage","@id":"https:\/\/adra.md\/a-fi-refugiat-nu-este-o-alegere\/","url":"https:\/\/adra.md\/a-fi-refugiat-nu-este-o-alegere\/","name":"A fi refugiat - nu este o alegere! - ADRA Moldova","isPartOf":{"@id":"https:\/\/adra.md\/#website"},"primaryImageOfPage":{"@id":"https:\/\/adra.md\/a-fi-refugiat-nu-este-o-alegere\/#primaryimage"},"image":{"@id":"https:\/\/adra.md\/a-fi-refugiat-nu-este-o-alegere\/#primaryimage"},"thumbnailUrl":"https:\/\/adra.md\/wp-content\/uploads\/2023\/12\/405891236_17928868667795376_7776833513719799590_n.jpg","datePublished":"2023-12-15T11:44:03+00:00","breadcrumb":{"@id":"https:\/\/adra.md\/a-fi-refugiat-nu-este-o-alegere\/#breadcrumb"},"inLanguage":"ru-RU","potentialAction":[{"@type":"ReadAction","target":["https:\/\/adra.md\/a-fi-refugiat-nu-este-o-alegere\/"]}]},{"@type":"ImageObject","inLanguage":"ru-RU","@id":"https:\/\/adra.md\/a-fi-refugiat-nu-este-o-alegere\/#primaryimage","url":"https:\/\/adra.md\/wp-content\/uploads\/2023\/12\/405891236_17928868667795376_7776833513719799590_n.jpg","contentUrl":"https:\/\/adra.md\/wp-content\/uploads\/2023\/12\/405891236_17928868667795376_7776833513719799590_n.jpg","width":1440,"height":1654},{"@type":"BreadcrumbList","@id":"https:\/\/adra.md\/a-fi-refugiat-nu-este-o-alegere\/#breadcrumb","itemListElement":[{"@type":"ListItem","position":1,"name":"Home","item":"https:\/\/adra.md\/"},{"@type":"ListItem","position":2,"name":"A fi refugiat &#8211; nu este o alegere!"}]},{"@type":"WebSite","@id":"https:\/\/adra.md\/#website","url":"https:\/\/adra.md\/","name":"ADRA Moldova","description":"Agen\u0163ia Adventist\u0103 pentru Dezvoltare, Refacere \u015fi Ajutor","publisher":{"@id":"https:\/\/adra.md\/#organization"},"potentialAction":[{"@type":"SearchAction","target":{"@type":"EntryPoint","urlTemplate":"https:\/\/adra.md\/?s={search_term_string}"},"query-input":{"@type":"PropertyValueSpecification","valueRequired":true,"valueName":"search_term_string"}}],"inLanguage":"ru-RU"},{"@type":"Organization","@id":"https:\/\/adra.md\/#organization","name":"ADRA Moldova","url":"https:\/\/adra.md\/","logo":{"@type":"ImageObject","inLanguage":"ru-RU","@id":"https:\/\/adra.md\/#\/schema\/logo\/image\/","url":"https:\/\/adra.md\/wp-content\/uploads\/2019\/11\/group-435.png","contentUrl":"https:\/\/adra.md\/wp-content\/uploads\/2019\/11\/group-435.png","width":500,"height":133,"caption":"ADRA Moldova"},"image":{"@id":"https:\/\/adra.md\/#\/schema\/logo\/image\/"}},{"@type":"Person","@id":"https:\/\/adra.md\/#\/schema\/person\/b0181e611ee89738cefb7dc2db2bb8d1","name":"ADRA Moldova","url":"https:\/\/adra.md\/ru\/author\/andrei-girleanu\/"}]}},"_links":{"self":[{"href":"https:\/\/adra.md\/ru\/wp-json\/wp\/v2\/posts\/21038","targetHints":{"allow":["GET"]}}],"collection":[{"href":"https:\/\/adra.md\/ru\/wp-json\/wp\/v2\/posts"}],"about":[{"href":"https:\/\/adra.md\/ru\/wp-json\/wp\/v2\/types\/post"}],"author":[{"embeddable":true,"href":"https:\/\/adra.md\/ru\/wp-json\/wp\/v2\/users\/9"}],"replies":[{"embeddable":true,"href":"https:\/\/adra.md\/ru\/wp-json\/wp\/v2\/comments?post=21038"}],"version-history":[{"count":1,"href":"https:\/\/adra.md\/ru\/wp-json\/wp\/v2\/posts\/21038\/revisions"}],"predecessor-version":[{"id":21044,"href":"https:\/\/adra.md\/ru\/wp-json\/wp\/v2\/posts\/21038\/revisions\/21044"}],"wp:featuredmedia":[{"embeddable":true,"href":"https:\/\/adra.md\/ru\/wp-json\/wp\/v2\/media\/21043"}],"wp:attachment":[{"href":"https:\/\/adra.md\/ru\/wp-json\/wp\/v2\/media?parent=21038"}],"wp:term":[{"taxonomy":"category","embeddable":true,"href":"https:\/\/adra.md\/ru\/wp-json\/wp\/v2\/categories?post=21038"},{"taxonomy":"post_tag","embeddable":true,"href":"https:\/\/adra.md\/ru\/wp-json\/wp\/v2\/tags?post=21038"}],"curies":[{"name":"wp","href":"https:\/\/api.w.org\/{rel}","templated":true}]}}