{"id":21056,"date":"2023-12-15T11:54:33","date_gmt":"2023-12-15T11:54:33","guid":{"rendered":"https:\/\/adra.md\/?p=21056"},"modified":"2023-12-15T11:54:33","modified_gmt":"2023-12-15T11:54:33","slug":"16-zile-de-activism-impotriva-violentei-de-gen","status":"publish","type":"post","link":"https:\/\/adra.md\/ru\/16-zile-de-activism-impotriva-violentei-de-gen\/","title":{"rendered":"16 zile de activism \u00eempotriva violen\u021bei de gen"},"content":{"rendered":"<div class=\"xdj266r x11i5rnm xat24cr x1mh8g0r x1vvkbs x126k92a\">\n<div dir=\"auto\">La 25 noiembrie 2023, ADRA Moldova a marcat prima zi a campaniei \u201c16 zile de activism \u00eempotriva violen\u021bei \u00een baz\u0103 de gen fa\u021b\u0103 de femei \u0219i fete\u201d prin organizarea unui seminar pentru familii \u0219i tineri, axat pe mai multe forme de violen\u021b\u0103 psihologic\u0103 \u00een familie, inclusiv violen\u021ba prin t\u0103cere, hiperprotectionismul, violen\u021ba \u00een educa\u021bie, \u0219i altele, prezentat de psihologul \u2013 Valentina Miron.<\/div>\n<div dir=\"auto\">Astfel, familiile, dar \u0219i cei care planific\u0103 s\u0103-\u0219i construiasc\u0103 un c\u0103min pe viitor au petrecut o sear\u0103 frumoas\u0103 particip\u00e2nd activ \u00een cadrul unui seminar actual, informativ \u0219i captivant, care a implicat lucrul \u00een grup (pe studiu de caz), jocuri, discu\u021bii interactive \u00eentr-o atmosfer\u0103 lini\u0219tit\u0103 \u0219i pl\u0103cut\u0103, \u00eenv\u0103\u021b\u00e2nd ce s\u0103 faci \u0219i ce s\u0103 nu faci pentru o via\u021b\u0103 de familie non-violent\u0103 \u0219i fericit\u0103.<\/div>\n<\/div>\n<div class=\"x11i5rnm xat24cr x1mh8g0r x1vvkbs xtlvy1s x126k92a\">\n<div dir=\"auto\"><a class=\"x1i10hfl xjbqb8w x6umtig x1b1mbwd xaqea5y xav7gou x9f619 x1ypdohk xt0psk2 xe8uvvx xdj266r x11i5rnm xat24cr x1mh8g0r xexx8yu x4uap5 x18d9i69 xkhd6sd x16tdsg8 x1hl2dhg xggy1nq x1a2a7pz xt0b8zv x1qq9wsj xo1l8bm\" tabindex=\"0\" role=\"link\" href=\"https:\/\/www.facebook.com\/hashtag\/adra?__eep__=6&amp;__cft__[0]=AZUk6L43YrxVbliM8bx5_idCCU0tijgZpxIDTJO9saVY6-om_55LPMEUFVPmiW3Vt8YG8t5-zKUyGxo8eRNro70ZL8eaJDFGVbPSMCJWOKQoISc0VuJcxWmI6KnV-ErACKGlaAvlOf_SMuw7EBDU8o3BGDgA4Ni4H6u7_dhv_nYc8miTocwvTlA7rzJtbuMctJo&amp;__tn__=*NK-R\">#adra<\/a> <a class=\"x1i10hfl xjbqb8w x6umtig x1b1mbwd xaqea5y xav7gou x9f619 x1ypdohk xt0psk2 xe8uvvx xdj266r x11i5rnm xat24cr x1mh8g0r xexx8yu x4uap5 x18d9i69 xkhd6sd x16tdsg8 x1hl2dhg xggy1nq x1a2a7pz xt0b8zv x1qq9wsj xo1l8bm\" tabindex=\"0\" role=\"link\" href=\"https:\/\/www.facebook.com\/hashtag\/adramoldova?__eep__=6&amp;__cft__[0]=AZUk6L43YrxVbliM8bx5_idCCU0tijgZpxIDTJO9saVY6-om_55LPMEUFVPmiW3Vt8YG8t5-zKUyGxo8eRNro70ZL8eaJDFGVbPSMCJWOKQoISc0VuJcxWmI6KnV-ErACKGlaAvlOf_SMuw7EBDU8o3BGDgA4Ni4H6u7_dhv_nYc8miTocwvTlA7rzJtbuMctJo&amp;__tn__=*NK-R\">#adramoldova<\/a> <a class=\"x1i10hfl xjbqb8w x6umtig x1b1mbwd xaqea5y xav7gou x9f619 x1ypdohk xt0psk2 xe8uvvx xdj266r x11i5rnm xat24cr x1mh8g0r xexx8yu x4uap5 x18d9i69 xkhd6sd x16tdsg8 x1hl2dhg xggy1nq x1a2a7pz xt0b8zv x1qq9wsj xo1l8bm\" tabindex=\"0\" role=\"link\" href=\"https:\/\/www.facebook.com\/hashtag\/16ziledeactivism%C3%AEmpotrivaviolen%C8%9Beidegen?__eep__=6&amp;__cft__[0]=AZUk6L43YrxVbliM8bx5_idCCU0tijgZpxIDTJO9saVY6-om_55LPMEUFVPmiW3Vt8YG8t5-zKUyGxo8eRNro70ZL8eaJDFGVbPSMCJWOKQoISc0VuJcxWmI6KnV-ErACKGlaAvlOf_SMuw7EBDU8o3BGDgA4Ni4H6u7_dhv_nYc8miTocwvTlA7rzJtbuMctJo&amp;__tn__=*NK-R\">#16ziledeactivism\u00eempotrivaviolen\u021beidegen<\/a> <a class=\"x1i10hfl xjbqb8w x6umtig x1b1mbwd xaqea5y xav7gou x9f619 x1ypdohk xt0psk2 xe8uvvx xdj266r x11i5rnm xat24cr x1mh8g0r xexx8yu x4uap5 x18d9i69 xkhd6sd x16tdsg8 x1hl2dhg xggy1nq x1a2a7pz xt0b8zv x1qq9wsj xo1l8bm\" tabindex=\"0\" role=\"link\" href=\"https:\/\/www.facebook.com\/hashtag\/familii?__eep__=6&amp;__cft__[0]=AZUk6L43YrxVbliM8bx5_idCCU0tijgZpxIDTJO9saVY6-om_55LPMEUFVPmiW3Vt8YG8t5-zKUyGxo8eRNro70ZL8eaJDFGVbPSMCJWOKQoISc0VuJcxWmI6KnV-ErACKGlaAvlOf_SMuw7EBDU8o3BGDgA4Ni4H6u7_dhv_nYc8miTocwvTlA7rzJtbuMctJo&amp;__tn__=*NK-R\">#familii<\/a> <a class=\"x1i10hfl xjbqb8w x6umtig x1b1mbwd xaqea5y xav7gou x9f619 x1ypdohk xt0psk2 xe8uvvx xdj266r x11i5rnm xat24cr x1mh8g0r xexx8yu x4uap5 x18d9i69 xkhd6sd x16tdsg8 x1hl2dhg xggy1nq x1a2a7pz xt0b8zv x1qq9wsj xo1l8bm\" tabindex=\"0\" role=\"link\" href=\"https:\/\/www.facebook.com\/hashtag\/nuviolentei?__eep__=6&amp;__cft__[0]=AZUk6L43YrxVbliM8bx5_idCCU0tijgZpxIDTJO9saVY6-om_55LPMEUFVPmiW3Vt8YG8t5-zKUyGxo8eRNro70ZL8eaJDFGVbPSMCJWOKQoISc0VuJcxWmI6KnV-ErACKGlaAvlOf_SMuw7EBDU8o3BGDgA4Ni4H6u7_dhv_nYc8miTocwvTlA7rzJtbuMctJo&amp;__tn__=*NK-R\">#nuviolentei<\/a> <a class=\"x1i10hfl xjbqb8w x6umtig x1b1mbwd xaqea5y xav7gou x9f619 x1ypdohk xt0psk2 xe8uvvx xdj266r x11i5rnm xat24cr x1mh8g0r xexx8yu x4uap5 x18d9i69 xkhd6sd x16tdsg8 x1hl2dhg xggy1nq x1a2a7pz xt0b8zv x1qq9wsj xo1l8bm\" tabindex=\"0\" role=\"link\" href=\"https:\/\/www.facebook.com\/hashtag\/stopviolenta?__eep__=6&amp;__cft__[0]=AZUk6L43YrxVbliM8bx5_idCCU0tijgZpxIDTJO9saVY6-om_55LPMEUFVPmiW3Vt8YG8t5-zKUyGxo8eRNro70ZL8eaJDFGVbPSMCJWOKQoISc0VuJcxWmI6KnV-ErACKGlaAvlOf_SMuw7EBDU8o3BGDgA4Ni4H6u7_dhv_nYc8miTocwvTlA7rzJtbuMctJo&amp;__tn__=*NK-R\">#stopviolenta<\/a><\/div>\n<\/div>\n<div dir=\"auto\"><\/div>\n<div dir=\"auto\"><img fetchpriority=\"high\" decoding=\"async\" class=\"alignnone size-medium wp-image-21057\" src=\"https:\/\/adra.md\/wp-content\/uploads\/2023\/12\/406163832_17929421201795376_3434233760589551876_n-240x300.jpg\" alt=\"\" width=\"240\" height=\"300\" srcset=\"https:\/\/adra.md\/wp-content\/uploads\/2023\/12\/406163832_17929421201795376_3434233760589551876_n-240x300.jpg 240w, https:\/\/adra.md\/wp-content\/uploads\/2023\/12\/406163832_17929421201795376_3434233760589551876_n-819x1024.jpg 819w, https:\/\/adra.md\/wp-content\/uploads\/2023\/12\/406163832_17929421201795376_3434233760589551876_n-768x960.jpg 768w, https:\/\/adra.md\/wp-content\/uploads\/2023\/12\/406163832_17929421201795376_3434233760589551876_n-1229x1536.jpg 1229w, https:\/\/adra.md\/wp-content\/uploads\/2023\/12\/406163832_17929421201795376_3434233760589551876_n-10x12.jpg 10w, https:\/\/adra.md\/wp-content\/uploads\/2023\/12\/406163832_17929421201795376_3434233760589551876_n.jpg 1440w\" sizes=\"(max-width: 240px) 100vw, 240px\" \/>\u00a0 \u00a0 \u00a0 <img decoding=\"async\" class=\"alignnone size-medium wp-image-21058\" src=\"https:\/\/adra.md\/wp-content\/uploads\/2023\/12\/406166491_17929421228795376_8184817137294116371_n-240x300.jpg\" alt=\"\" width=\"240\" height=\"300\" srcset=\"https:\/\/adra.md\/wp-content\/uploads\/2023\/12\/406166491_17929421228795376_8184817137294116371_n-240x300.jpg 240w, https:\/\/adra.md\/wp-content\/uploads\/2023\/12\/406166491_17929421228795376_8184817137294116371_n-819x1024.jpg 819w, https:\/\/adra.md\/wp-content\/uploads\/2023\/12\/406166491_17929421228795376_8184817137294116371_n-768x960.jpg 768w, https:\/\/adra.md\/wp-content\/uploads\/2023\/12\/406166491_17929421228795376_8184817137294116371_n-1229x1536.jpg 1229w, https:\/\/adra.md\/wp-content\/uploads\/2023\/12\/406166491_17929421228795376_8184817137294116371_n-10x12.jpg 10w, https:\/\/adra.md\/wp-content\/uploads\/2023\/12\/406166491_17929421228795376_8184817137294116371_n.jpg 1440w\" sizes=\"(max-width: 240px) 100vw, 240px\" \/>\u00a0 \u00a0 \u00a0 <img decoding=\"async\" class=\"alignnone size-medium wp-image-21059\" src=\"https:\/\/adra.md\/wp-content\/uploads\/2023\/12\/406192096_17929421210795376_8283886287251566995_n-240x300.jpg\" alt=\"\" width=\"240\" height=\"300\" srcset=\"https:\/\/adra.md\/wp-content\/uploads\/2023\/12\/406192096_17929421210795376_8283886287251566995_n-240x300.jpg 240w, https:\/\/adra.md\/wp-content\/uploads\/2023\/12\/406192096_17929421210795376_8283886287251566995_n-819x1024.jpg 819w, https:\/\/adra.md\/wp-content\/uploads\/2023\/12\/406192096_17929421210795376_8283886287251566995_n-768x960.jpg 768w, https:\/\/adra.md\/wp-content\/uploads\/2023\/12\/406192096_17929421210795376_8283886287251566995_n-1229x1536.jpg 1229w, https:\/\/adra.md\/wp-content\/uploads\/2023\/12\/406192096_17929421210795376_8283886287251566995_n-10x12.jpg 10w, https:\/\/adra.md\/wp-content\/uploads\/2023\/12\/406192096_17929421210795376_8283886287251566995_n.jpg 1440w\" sizes=\"(max-width: 240px) 100vw, 240px\" \/>\u00a0 \u00a0 \u00a0 <img loading=\"lazy\" decoding=\"async\" class=\"alignnone size-medium wp-image-21060\" src=\"https:\/\/adra.md\/wp-content\/uploads\/2023\/12\/406240046_17929421183795376_9047711720368876129_n-240x300.jpg\" alt=\"\" width=\"240\" height=\"300\" srcset=\"https:\/\/adra.md\/wp-content\/uploads\/2023\/12\/406240046_17929421183795376_9047711720368876129_n-240x300.jpg 240w, https:\/\/adra.md\/wp-content\/uploads\/2023\/12\/406240046_17929421183795376_9047711720368876129_n-819x1024.jpg 819w, https:\/\/adra.md\/wp-content\/uploads\/2023\/12\/406240046_17929421183795376_9047711720368876129_n-768x960.jpg 768w, https:\/\/adra.md\/wp-content\/uploads\/2023\/12\/406240046_17929421183795376_9047711720368876129_n-1229x1536.jpg 1229w, https:\/\/adra.md\/wp-content\/uploads\/2023\/12\/406240046_17929421183795376_9047711720368876129_n-10x12.jpg 10w, https:\/\/adra.md\/wp-content\/uploads\/2023\/12\/406240046_17929421183795376_9047711720368876129_n.jpg 1440w\" sizes=\"(max-width: 240px) 100vw, 240px\" \/><\/div>\n<div dir=\"auto\"><\/div>\n<div dir=\"auto\"><img loading=\"lazy\" decoding=\"async\" class=\"alignnone size-medium wp-image-21061\" src=\"https:\/\/adra.md\/wp-content\/uploads\/2023\/12\/406250037_17929421174795376_1316713213420190454_n-240x300.jpg\" alt=\"\" width=\"240\" height=\"300\" srcset=\"https:\/\/adra.md\/wp-content\/uploads\/2023\/12\/406250037_17929421174795376_1316713213420190454_n-240x300.jpg 240w, https:\/\/adra.md\/wp-content\/uploads\/2023\/12\/406250037_17929421174795376_1316713213420190454_n-819x1024.jpg 819w, https:\/\/adra.md\/wp-content\/uploads\/2023\/12\/406250037_17929421174795376_1316713213420190454_n-768x960.jpg 768w, https:\/\/adra.md\/wp-content\/uploads\/2023\/12\/406250037_17929421174795376_1316713213420190454_n-1229x1536.jpg 1229w, https:\/\/adra.md\/wp-content\/uploads\/2023\/12\/406250037_17929421174795376_1316713213420190454_n-10x12.jpg 10w, https:\/\/adra.md\/wp-content\/uploads\/2023\/12\/406250037_17929421174795376_1316713213420190454_n.jpg 1440w\" sizes=\"(max-width: 240px) 100vw, 240px\" \/>\u00a0 \u00a0 \u00a0 <img loading=\"lazy\" decoding=\"async\" class=\"alignnone size-medium wp-image-21062\" src=\"https:\/\/adra.md\/wp-content\/uploads\/2023\/12\/406277020_17929421219795376_3402579527456145874_n-240x300.jpg\" alt=\"\" width=\"240\" height=\"300\" srcset=\"https:\/\/adra.md\/wp-content\/uploads\/2023\/12\/406277020_17929421219795376_3402579527456145874_n-240x300.jpg 240w, https:\/\/adra.md\/wp-content\/uploads\/2023\/12\/406277020_17929421219795376_3402579527456145874_n-819x1024.jpg 819w, https:\/\/adra.md\/wp-content\/uploads\/2023\/12\/406277020_17929421219795376_3402579527456145874_n-768x960.jpg 768w, https:\/\/adra.md\/wp-content\/uploads\/2023\/12\/406277020_17929421219795376_3402579527456145874_n-1229x1536.jpg 1229w, https:\/\/adra.md\/wp-content\/uploads\/2023\/12\/406277020_17929421219795376_3402579527456145874_n-10x12.jpg 10w, https:\/\/adra.md\/wp-content\/uploads\/2023\/12\/406277020_17929421219795376_3402579527456145874_n.jpg 1440w\" sizes=\"(max-width: 240px) 100vw, 240px\" \/>\u00a0 \u00a0 \u00a0 <img loading=\"lazy\" decoding=\"async\" class=\"alignnone size-medium wp-image-21063\" src=\"https:\/\/adra.md\/wp-content\/uploads\/2023\/12\/406278666_17929421162795376_8880794316071173968_n-240x300.jpg\" alt=\"\" width=\"240\" height=\"300\" srcset=\"https:\/\/adra.md\/wp-content\/uploads\/2023\/12\/406278666_17929421162795376_8880794316071173968_n-240x300.jpg 240w, https:\/\/adra.md\/wp-content\/uploads\/2023\/12\/406278666_17929421162795376_8880794316071173968_n-819x1024.jpg 819w, https:\/\/adra.md\/wp-content\/uploads\/2023\/12\/406278666_17929421162795376_8880794316071173968_n-768x960.jpg 768w, https:\/\/adra.md\/wp-content\/uploads\/2023\/12\/406278666_17929421162795376_8880794316071173968_n-1229x1536.jpg 1229w, https:\/\/adra.md\/wp-content\/uploads\/2023\/12\/406278666_17929421162795376_8880794316071173968_n-10x12.jpg 10w, https:\/\/adra.md\/wp-content\/uploads\/2023\/12\/406278666_17929421162795376_8880794316071173968_n.jpg 1440w\" sizes=\"(max-width: 240px) 100vw, 240px\" \/>\u00a0 \u00a0 \u00a0 <img loading=\"lazy\" decoding=\"async\" class=\"alignnone size-medium wp-image-21064\" src=\"https:\/\/adra.md\/wp-content\/uploads\/2023\/12\/406298047_17929421192795376_5648156528307239631_n-240x300.jpg\" alt=\"\" width=\"240\" height=\"300\" srcset=\"https:\/\/adra.md\/wp-content\/uploads\/2023\/12\/406298047_17929421192795376_5648156528307239631_n-240x300.jpg 240w, https:\/\/adra.md\/wp-content\/uploads\/2023\/12\/406298047_17929421192795376_5648156528307239631_n-819x1024.jpg 819w, https:\/\/adra.md\/wp-content\/uploads\/2023\/12\/406298047_17929421192795376_5648156528307239631_n-768x960.jpg 768w, https:\/\/adra.md\/wp-content\/uploads\/2023\/12\/406298047_17929421192795376_5648156528307239631_n-1229x1536.jpg 1229w, https:\/\/adra.md\/wp-content\/uploads\/2023\/12\/406298047_17929421192795376_5648156528307239631_n-10x12.jpg 10w, https:\/\/adra.md\/wp-content\/uploads\/2023\/12\/406298047_17929421192795376_5648156528307239631_n.jpg 1440w\" sizes=\"(max-width: 240px) 100vw, 240px\" \/><\/div>\n<div dir=\"auto\"><\/div>\n<div dir=\"auto\"><img loading=\"lazy\" decoding=\"async\" class=\"alignnone size-medium wp-image-21065\" src=\"https:\/\/adra.md\/wp-content\/uploads\/2023\/12\/406311236_17929421153795376_6296206092591096548_n-240x300.jpg\" alt=\"\" width=\"240\" height=\"300\" srcset=\"https:\/\/adra.md\/wp-content\/uploads\/2023\/12\/406311236_17929421153795376_6296206092591096548_n-240x300.jpg 240w, https:\/\/adra.md\/wp-content\/uploads\/2023\/12\/406311236_17929421153795376_6296206092591096548_n-819x1024.jpg 819w, https:\/\/adra.md\/wp-content\/uploads\/2023\/12\/406311236_17929421153795376_6296206092591096548_n-768x960.jpg 768w, https:\/\/adra.md\/wp-content\/uploads\/2023\/12\/406311236_17929421153795376_6296206092591096548_n-1229x1536.jpg 1229w, https:\/\/adra.md\/wp-content\/uploads\/2023\/12\/406311236_17929421153795376_6296206092591096548_n-10x12.jpg 10w, https:\/\/adra.md\/wp-content\/uploads\/2023\/12\/406311236_17929421153795376_6296206092591096548_n.jpg 1440w\" sizes=\"(max-width: 240px) 100vw, 240px\" \/>\u00a0 \u00a0 \u00a0\u00a0<img loading=\"lazy\" decoding=\"async\" class=\"alignnone size-medium wp-image-21066\" src=\"https:\/\/adra.md\/wp-content\/uploads\/2023\/12\/406326636_17929421144795376_7253287150983987490_n-240x300.jpg\" alt=\"\" width=\"240\" height=\"300\" srcset=\"https:\/\/adra.md\/wp-content\/uploads\/2023\/12\/406326636_17929421144795376_7253287150983987490_n-240x300.jpg 240w, https:\/\/adra.md\/wp-content\/uploads\/2023\/12\/406326636_17929421144795376_7253287150983987490_n-819x1024.jpg 819w, https:\/\/adra.md\/wp-content\/uploads\/2023\/12\/406326636_17929421144795376_7253287150983987490_n-768x960.jpg 768w, https:\/\/adra.md\/wp-content\/uploads\/2023\/12\/406326636_17929421144795376_7253287150983987490_n-1229x1536.jpg 1229w, https:\/\/adra.md\/wp-content\/uploads\/2023\/12\/406326636_17929421144795376_7253287150983987490_n-10x12.jpg 10w, https:\/\/adra.md\/wp-content\/uploads\/2023\/12\/406326636_17929421144795376_7253287150983987490_n.jpg 1440w\" sizes=\"(max-width: 240px) 100vw, 240px\" \/><\/div>\n","protected":false},"excerpt":{"rendered":"<p>La 25 noiembrie 2023, ADRA Moldova a marcat prima zi a campaniei \u201c16 zile de activism \u00eempotriva violen\u021bei \u00een baz\u0103 de gen fa\u021b\u0103 de femei \u0219i fete\u201d prin organizarea unui seminar pentru familii \u0219i tineri, axat pe mai multe forme de violen\u021b\u0103 psihologic\u0103 \u00een familie, inclusiv violen\u021ba prin t\u0103cere, hiperprotectionismul, violen\u021ba \u00een educa\u021bie, \u0219i altele, [&hellip;]<\/p>\n","protected":false},"author":9,"featured_media":21066,"comment_status":"closed","ping_status":"closed","sticky":false,"template":"","format":"standard","meta":{"_acf_changed":false,"footnotes":""},"categories":[294],"tags":[],"class_list":["post-21056","post","type-post","status-publish","format-standard","has-post-thumbnail","hentry","category-news"],"acf":[],"yoast_head":"<!-- This site is optimized with the Yoast SEO plugin v27.4 - https:\/\/yoast.com\/product\/yoast-seo-wordpress\/ -->\n<title>16 zile de activism \u00eempotriva violen\u021bei de gen - ADRA Moldova<\/title>\n<meta name=\"robots\" content=\"index, follow, max-snippet:-1, max-image-preview:large, max-video-preview:-1\" \/>\n<link rel=\"canonical\" href=\"https:\/\/adra.md\/ru\/16-zile-de-activism-impotriva-violentei-de-gen\/\" \/>\n<meta property=\"og:locale\" content=\"ru_RU\" \/>\n<meta property=\"og:type\" content=\"article\" \/>\n<meta property=\"og:title\" content=\"16 zile de activism \u00eempotriva violen\u021bei de gen - ADRA Moldova\" \/>\n<meta property=\"og:description\" content=\"La 25 noiembrie 2023, ADRA Moldova a marcat prima zi a campaniei \u201c16 zile de activism \u00eempotriva violen\u021bei \u00een baz\u0103 de gen fa\u021b\u0103 de femei \u0219i fete\u201d prin organizarea unui seminar pentru familii \u0219i tineri, axat pe mai multe forme de violen\u021b\u0103 psihologic\u0103 \u00een familie, inclusiv violen\u021ba prin t\u0103cere, hiperprotectionismul, violen\u021ba \u00een educa\u021bie, \u0219i altele, [&hellip;]\" \/>\n<meta property=\"og:url\" content=\"https:\/\/adra.md\/ru\/16-zile-de-activism-impotriva-violentei-de-gen\/\" \/>\n<meta property=\"og:site_name\" content=\"ADRA Moldova\" \/>\n<meta property=\"article:published_time\" content=\"2023-12-15T11:54:33+00:00\" \/>\n<meta property=\"og:image\" content=\"https:\/\/adra.md\/wp-content\/uploads\/2023\/12\/406326636_17929421144795376_7253287150983987490_n.jpg\" \/>\n\t<meta property=\"og:image:width\" content=\"1440\" \/>\n\t<meta property=\"og:image:height\" content=\"1800\" \/>\n\t<meta property=\"og:image:type\" content=\"image\/jpeg\" \/>\n<meta name=\"author\" content=\"ADRA Moldova\" \/>\n<meta name=\"twitter:card\" content=\"summary_large_image\" \/>\n<meta name=\"twitter:label1\" content=\"\u041d\u0430\u043f\u0438\u0441\u0430\u043d\u043e \u0430\u0432\u0442\u043e\u0440\u043e\u043c\" \/>\n\t<meta name=\"twitter:data1\" content=\"ADRA Moldova\" \/>\n\t<meta name=\"twitter:label2\" content=\"\u041f\u0440\u0438\u043c\u0435\u0440\u043d\u043e\u0435 \u0432\u0440\u0435\u043c\u044f \u0434\u043b\u044f \u0447\u0442\u0435\u043d\u0438\u044f\" \/>\n\t<meta name=\"twitter:data2\" content=\"1 \u043c\u0438\u043d\u0443\u0442\u0430\" \/>\n<script type=\"application\/ld+json\" class=\"yoast-schema-graph\">{\"@context\":\"https:\\\/\\\/schema.org\",\"@graph\":[{\"@type\":\"Article\",\"@id\":\"https:\\\/\\\/adra.md\\\/16-zile-de-activism-impotriva-violentei-de-gen\\\/#article\",\"isPartOf\":{\"@id\":\"https:\\\/\\\/adra.md\\\/16-zile-de-activism-impotriva-violentei-de-gen\\\/\"},\"author\":{\"name\":\"ADRA Moldova\",\"@id\":\"https:\\\/\\\/adra.md\\\/#\\\/schema\\\/person\\\/b0181e611ee89738cefb7dc2db2bb8d1\"},\"headline\":\"16 zile de activism \u00eempotriva violen\u021bei de gen\",\"datePublished\":\"2023-12-15T11:54:33+00:00\",\"mainEntityOfPage\":{\"@id\":\"https:\\\/\\\/adra.md\\\/16-zile-de-activism-impotriva-violentei-de-gen\\\/\"},\"wordCount\":149,\"publisher\":{\"@id\":\"https:\\\/\\\/adra.md\\\/#organization\"},\"image\":{\"@id\":\"https:\\\/\\\/adra.md\\\/16-zile-de-activism-impotriva-violentei-de-gen\\\/#primaryimage\"},\"thumbnailUrl\":\"https:\\\/\\\/adra.md\\\/wp-content\\\/uploads\\\/2023\\\/12\\\/406326636_17929421144795376_7253287150983987490_n.jpg\",\"articleSection\":[\"News\"],\"inLanguage\":\"ru-RU\"},{\"@type\":\"WebPage\",\"@id\":\"https:\\\/\\\/adra.md\\\/16-zile-de-activism-impotriva-violentei-de-gen\\\/\",\"url\":\"https:\\\/\\\/adra.md\\\/16-zile-de-activism-impotriva-violentei-de-gen\\\/\",\"name\":\"16 zile de activism \u00eempotriva violen\u021bei de gen - ADRA Moldova\",\"isPartOf\":{\"@id\":\"https:\\\/\\\/adra.md\\\/#website\"},\"primaryImageOfPage\":{\"@id\":\"https:\\\/\\\/adra.md\\\/16-zile-de-activism-impotriva-violentei-de-gen\\\/#primaryimage\"},\"image\":{\"@id\":\"https:\\\/\\\/adra.md\\\/16-zile-de-activism-impotriva-violentei-de-gen\\\/#primaryimage\"},\"thumbnailUrl\":\"https:\\\/\\\/adra.md\\\/wp-content\\\/uploads\\\/2023\\\/12\\\/406326636_17929421144795376_7253287150983987490_n.jpg\",\"datePublished\":\"2023-12-15T11:54:33+00:00\",\"breadcrumb\":{\"@id\":\"https:\\\/\\\/adra.md\\\/16-zile-de-activism-impotriva-violentei-de-gen\\\/#breadcrumb\"},\"inLanguage\":\"ru-RU\",\"potentialAction\":[{\"@type\":\"ReadAction\",\"target\":[\"https:\\\/\\\/adra.md\\\/16-zile-de-activism-impotriva-violentei-de-gen\\\/\"]}]},{\"@type\":\"ImageObject\",\"inLanguage\":\"ru-RU\",\"@id\":\"https:\\\/\\\/adra.md\\\/16-zile-de-activism-impotriva-violentei-de-gen\\\/#primaryimage\",\"url\":\"https:\\\/\\\/adra.md\\\/wp-content\\\/uploads\\\/2023\\\/12\\\/406326636_17929421144795376_7253287150983987490_n.jpg\",\"contentUrl\":\"https:\\\/\\\/adra.md\\\/wp-content\\\/uploads\\\/2023\\\/12\\\/406326636_17929421144795376_7253287150983987490_n.jpg\",\"width\":1440,\"height\":1800},{\"@type\":\"BreadcrumbList\",\"@id\":\"https:\\\/\\\/adra.md\\\/16-zile-de-activism-impotriva-violentei-de-gen\\\/#breadcrumb\",\"itemListElement\":[{\"@type\":\"ListItem\",\"position\":1,\"name\":\"Home\",\"item\":\"https:\\\/\\\/adra.md\\\/\"},{\"@type\":\"ListItem\",\"position\":2,\"name\":\"16 zile de activism \u00eempotriva violen\u021bei de gen\"}]},{\"@type\":\"WebSite\",\"@id\":\"https:\\\/\\\/adra.md\\\/#website\",\"url\":\"https:\\\/\\\/adra.md\\\/\",\"name\":\"ADRA Moldova\",\"description\":\"Agen\u0163ia Adventist\u0103 pentru Dezvoltare, Refacere \u015fi Ajutor\",\"publisher\":{\"@id\":\"https:\\\/\\\/adra.md\\\/#organization\"},\"potentialAction\":[{\"@type\":\"SearchAction\",\"target\":{\"@type\":\"EntryPoint\",\"urlTemplate\":\"https:\\\/\\\/adra.md\\\/?s={search_term_string}\"},\"query-input\":{\"@type\":\"PropertyValueSpecification\",\"valueRequired\":true,\"valueName\":\"search_term_string\"}}],\"inLanguage\":\"ru-RU\"},{\"@type\":\"Organization\",\"@id\":\"https:\\\/\\\/adra.md\\\/#organization\",\"name\":\"ADRA Moldova\",\"url\":\"https:\\\/\\\/adra.md\\\/\",\"logo\":{\"@type\":\"ImageObject\",\"inLanguage\":\"ru-RU\",\"@id\":\"https:\\\/\\\/adra.md\\\/#\\\/schema\\\/logo\\\/image\\\/\",\"url\":\"https:\\\/\\\/adra.md\\\/wp-content\\\/uploads\\\/2019\\\/11\\\/group-435.png\",\"contentUrl\":\"https:\\\/\\\/adra.md\\\/wp-content\\\/uploads\\\/2019\\\/11\\\/group-435.png\",\"width\":500,\"height\":133,\"caption\":\"ADRA Moldova\"},\"image\":{\"@id\":\"https:\\\/\\\/adra.md\\\/#\\\/schema\\\/logo\\\/image\\\/\"}},{\"@type\":\"Person\",\"@id\":\"https:\\\/\\\/adra.md\\\/#\\\/schema\\\/person\\\/b0181e611ee89738cefb7dc2db2bb8d1\",\"name\":\"ADRA Moldova\",\"url\":\"https:\\\/\\\/adra.md\\\/ru\\\/author\\\/andrei-girleanu\\\/\"}]}<\/script>\n<!-- \/ Yoast SEO plugin. -->","yoast_head_json":{"title":"16 zile de activism \u00eempotriva violen\u021bei de gen - ADRA Moldova","robots":{"index":"index","follow":"follow","max-snippet":"max-snippet:-1","max-image-preview":"max-image-preview:large","max-video-preview":"max-video-preview:-1"},"canonical":"https:\/\/adra.md\/ru\/16-zile-de-activism-impotriva-violentei-de-gen\/","og_locale":"ru_RU","og_type":"article","og_title":"16 zile de activism \u00eempotriva violen\u021bei de gen - ADRA Moldova","og_description":"La 25 noiembrie 2023, ADRA Moldova a marcat prima zi a campaniei \u201c16 zile de activism \u00eempotriva violen\u021bei \u00een baz\u0103 de gen fa\u021b\u0103 de femei \u0219i fete\u201d prin organizarea unui seminar pentru familii \u0219i tineri, axat pe mai multe forme de violen\u021b\u0103 psihologic\u0103 \u00een familie, inclusiv violen\u021ba prin t\u0103cere, hiperprotectionismul, violen\u021ba \u00een educa\u021bie, \u0219i altele, [&hellip;]","og_url":"https:\/\/adra.md\/ru\/16-zile-de-activism-impotriva-violentei-de-gen\/","og_site_name":"ADRA Moldova","article_published_time":"2023-12-15T11:54:33+00:00","og_image":[{"width":1440,"height":1800,"url":"https:\/\/adra.md\/wp-content\/uploads\/2023\/12\/406326636_17929421144795376_7253287150983987490_n.jpg","type":"image\/jpeg"}],"author":"ADRA Moldova","twitter_card":"summary_large_image","twitter_misc":{"\u041d\u0430\u043f\u0438\u0441\u0430\u043d\u043e \u0430\u0432\u0442\u043e\u0440\u043e\u043c":"ADRA Moldova","\u041f\u0440\u0438\u043c\u0435\u0440\u043d\u043e\u0435 \u0432\u0440\u0435\u043c\u044f \u0434\u043b\u044f \u0447\u0442\u0435\u043d\u0438\u044f":"1 \u043c\u0438\u043d\u0443\u0442\u0430"},"schema":{"@context":"https:\/\/schema.org","@graph":[{"@type":"Article","@id":"https:\/\/adra.md\/16-zile-de-activism-impotriva-violentei-de-gen\/#article","isPartOf":{"@id":"https:\/\/adra.md\/16-zile-de-activism-impotriva-violentei-de-gen\/"},"author":{"name":"ADRA Moldova","@id":"https:\/\/adra.md\/#\/schema\/person\/b0181e611ee89738cefb7dc2db2bb8d1"},"headline":"16 zile de activism \u00eempotriva violen\u021bei de gen","datePublished":"2023-12-15T11:54:33+00:00","mainEntityOfPage":{"@id":"https:\/\/adra.md\/16-zile-de-activism-impotriva-violentei-de-gen\/"},"wordCount":149,"publisher":{"@id":"https:\/\/adra.md\/#organization"},"image":{"@id":"https:\/\/adra.md\/16-zile-de-activism-impotriva-violentei-de-gen\/#primaryimage"},"thumbnailUrl":"https:\/\/adra.md\/wp-content\/uploads\/2023\/12\/406326636_17929421144795376_7253287150983987490_n.jpg","articleSection":["News"],"inLanguage":"ru-RU"},{"@type":"WebPage","@id":"https:\/\/adra.md\/16-zile-de-activism-impotriva-violentei-de-gen\/","url":"https:\/\/adra.md\/16-zile-de-activism-impotriva-violentei-de-gen\/","name":"16 zile de activism \u00eempotriva violen\u021bei de gen - ADRA Moldova","isPartOf":{"@id":"https:\/\/adra.md\/#website"},"primaryImageOfPage":{"@id":"https:\/\/adra.md\/16-zile-de-activism-impotriva-violentei-de-gen\/#primaryimage"},"image":{"@id":"https:\/\/adra.md\/16-zile-de-activism-impotriva-violentei-de-gen\/#primaryimage"},"thumbnailUrl":"https:\/\/adra.md\/wp-content\/uploads\/2023\/12\/406326636_17929421144795376_7253287150983987490_n.jpg","datePublished":"2023-12-15T11:54:33+00:00","breadcrumb":{"@id":"https:\/\/adra.md\/16-zile-de-activism-impotriva-violentei-de-gen\/#breadcrumb"},"inLanguage":"ru-RU","potentialAction":[{"@type":"ReadAction","target":["https:\/\/adra.md\/16-zile-de-activism-impotriva-violentei-de-gen\/"]}]},{"@type":"ImageObject","inLanguage":"ru-RU","@id":"https:\/\/adra.md\/16-zile-de-activism-impotriva-violentei-de-gen\/#primaryimage","url":"https:\/\/adra.md\/wp-content\/uploads\/2023\/12\/406326636_17929421144795376_7253287150983987490_n.jpg","contentUrl":"https:\/\/adra.md\/wp-content\/uploads\/2023\/12\/406326636_17929421144795376_7253287150983987490_n.jpg","width":1440,"height":1800},{"@type":"BreadcrumbList","@id":"https:\/\/adra.md\/16-zile-de-activism-impotriva-violentei-de-gen\/#breadcrumb","itemListElement":[{"@type":"ListItem","position":1,"name":"Home","item":"https:\/\/adra.md\/"},{"@type":"ListItem","position":2,"name":"16 zile de activism \u00eempotriva violen\u021bei de gen"}]},{"@type":"WebSite","@id":"https:\/\/adra.md\/#website","url":"https:\/\/adra.md\/","name":"ADRA Moldova","description":"Agen\u0163ia Adventist\u0103 pentru Dezvoltare, Refacere \u015fi Ajutor","publisher":{"@id":"https:\/\/adra.md\/#organization"},"potentialAction":[{"@type":"SearchAction","target":{"@type":"EntryPoint","urlTemplate":"https:\/\/adra.md\/?s={search_term_string}"},"query-input":{"@type":"PropertyValueSpecification","valueRequired":true,"valueName":"search_term_string"}}],"inLanguage":"ru-RU"},{"@type":"Organization","@id":"https:\/\/adra.md\/#organization","name":"ADRA Moldova","url":"https:\/\/adra.md\/","logo":{"@type":"ImageObject","inLanguage":"ru-RU","@id":"https:\/\/adra.md\/#\/schema\/logo\/image\/","url":"https:\/\/adra.md\/wp-content\/uploads\/2019\/11\/group-435.png","contentUrl":"https:\/\/adra.md\/wp-content\/uploads\/2019\/11\/group-435.png","width":500,"height":133,"caption":"ADRA Moldova"},"image":{"@id":"https:\/\/adra.md\/#\/schema\/logo\/image\/"}},{"@type":"Person","@id":"https:\/\/adra.md\/#\/schema\/person\/b0181e611ee89738cefb7dc2db2bb8d1","name":"ADRA Moldova","url":"https:\/\/adra.md\/ru\/author\/andrei-girleanu\/"}]}},"_links":{"self":[{"href":"https:\/\/adra.md\/ru\/wp-json\/wp\/v2\/posts\/21056","targetHints":{"allow":["GET"]}}],"collection":[{"href":"https:\/\/adra.md\/ru\/wp-json\/wp\/v2\/posts"}],"about":[{"href":"https:\/\/adra.md\/ru\/wp-json\/wp\/v2\/types\/post"}],"author":[{"embeddable":true,"href":"https:\/\/adra.md\/ru\/wp-json\/wp\/v2\/users\/9"}],"replies":[{"embeddable":true,"href":"https:\/\/adra.md\/ru\/wp-json\/wp\/v2\/comments?post=21056"}],"version-history":[{"count":1,"href":"https:\/\/adra.md\/ru\/wp-json\/wp\/v2\/posts\/21056\/revisions"}],"predecessor-version":[{"id":21067,"href":"https:\/\/adra.md\/ru\/wp-json\/wp\/v2\/posts\/21056\/revisions\/21067"}],"wp:featuredmedia":[{"embeddable":true,"href":"https:\/\/adra.md\/ru\/wp-json\/wp\/v2\/media\/21066"}],"wp:attachment":[{"href":"https:\/\/adra.md\/ru\/wp-json\/wp\/v2\/media?parent=21056"}],"wp:term":[{"taxonomy":"category","embeddable":true,"href":"https:\/\/adra.md\/ru\/wp-json\/wp\/v2\/categories?post=21056"},{"taxonomy":"post_tag","embeddable":true,"href":"https:\/\/adra.md\/ru\/wp-json\/wp\/v2\/tags?post=21056"}],"curies":[{"name":"wp","href":"https:\/\/api.w.org\/{rel}","templated":true}]}}