{"id":21075,"date":"2023-12-15T12:05:28","date_gmt":"2023-12-15T12:05:28","guid":{"rendered":"https:\/\/adra.md\/?p=21075"},"modified":"2023-12-15T12:05:28","modified_gmt":"2023-12-15T12:05:28","slug":"vis-de-copil-curcubeul-sperantei","status":"publish","type":"post","link":"https:\/\/adra.md\/ru\/vis-de-copil-curcubeul-sperantei\/","title":{"rendered":"&#8222;Vis de copil &#8211; Curcubeul Speran\u021bei!&#8221;"},"content":{"rendered":"<div class=\"xdj266r x11i5rnm xat24cr x1mh8g0r x1vvkbs x126k92a\">\n<div dir=\"auto\">Fiecare copil e o floare, iar to\u021bi \u00eempreun\u0103 formeaz\u0103 o gr\u0103din\u0103 minunat\u0103!<\/div>\n<div dir=\"auto\">&#8222;Vis de copil &#8211; Curcubeul Speran\u021bei!&#8221;<\/div>\n<div dir=\"auto\">Ne-am propus \u00eempreun\u0103 cu colective de oameni valoro\u0219i s\u0103 organiz\u0103m un concert de caritate pentru copiii din Centrul de plasament temporar &#8222;Curcubeul Speran\u021bei&#8221;.<\/div>\n<div dir=\"auto\">\u00cen ajunul s\u0103rb\u0103torilor de iarn\u0103, pentru a sim\u021bi deplin atmosfera feeric\u0103, te invit\u0103m s\u0103 savurezi un program de COLINDE. Vino s\u0103 ascul\u021bi muzic\u0103 de calitate \u0219i s\u0103 petreci o sear\u0103 bucur\u00e2ndu-te c\u0103 faci bine!<\/div>\n<div dir=\"auto\">Fiecare bilet achizi\u021bionat este o dona\u021bie pentru ace\u0219ti copii.<\/div>\n<\/div>\n<div class=\"x11i5rnm xat24cr x1mh8g0r x1vvkbs xtlvy1s x126k92a\">\n<div dir=\"auto\">Biletele pot fi procurate \u0219i \u00een re\u021beaua iTicket<\/div>\n<\/div>\n<div class=\"x11i5rnm xat24cr x1mh8g0r x1vvkbs xtlvy1s x126k92a\">\n<div dir=\"auto\"><a class=\"x1i10hfl xjbqb8w x6umtig x1b1mbwd xaqea5y xav7gou x9f619 x1ypdohk xt0psk2 xe8uvvx xdj266r x11i5rnm xat24cr x1mh8g0r xexx8yu x4uap5 x18d9i69 xkhd6sd x16tdsg8 x1hl2dhg xggy1nq x1a2a7pz xt0b8zv x1fey0fg\" tabindex=\"0\" role=\"link\" href=\"https:\/\/iticket.md\/event\/vis-de-copil-curcubeul-sperantei?fbclid=IwAR27Cb1umlvqPqwNRGFS7YJ4Q_1Hlcx3610T6WzO2gDRmWvrVlEKEmoYVzI\" target=\"_blank\" rel=\"nofollow noopener noreferrer\">https:\/\/iticket.md\/event\/vis-de-copil-curcubeul-sperantei<\/a><\/div>\n<div dir=\"auto\"><\/div>\n<div dir=\"auto\"><img fetchpriority=\"high\" decoding=\"async\" class=\"alignnone  wp-image-21076\" src=\"https:\/\/adra.md\/wp-content\/uploads\/2023\/12\/407985260_17930562854795376_1567628535264598407_n-290x300.jpg\" alt=\"\" width=\"1045\" height=\"1077\" srcset=\"https:\/\/adra.md\/wp-content\/uploads\/2023\/12\/407985260_17930562854795376_1567628535264598407_n-290x300.jpg 290w, https:\/\/adra.md\/wp-content\/uploads\/2023\/12\/407985260_17930562854795376_1567628535264598407_n-768x793.jpg 768w, https:\/\/adra.md\/wp-content\/uploads\/2023\/12\/407985260_17930562854795376_1567628535264598407_n-12x12.jpg 12w\" sizes=\"(max-width: 1045px) 100vw, 1045px\" \/><\/div>\n<\/div>","protected":false},"excerpt":{"rendered":"<p>Fiecare copil e o floare, iar to\u021bi \u00eempreun\u0103 formeaz\u0103 o gr\u0103din\u0103 minunat\u0103! &#8222;Vis de copil &#8211; Curcubeul Speran\u021bei!&#8221; Ne-am propus \u00eempreun\u0103 cu colective de oameni valoro\u0219i s\u0103 organiz\u0103m un concert de caritate pentru copiii din Centrul de plasament temporar &#8222;Curcubeul Speran\u021bei&#8221;. \u00cen ajunul s\u0103rb\u0103torilor de iarn\u0103, pentru a sim\u021bi deplin atmosfera feeric\u0103, te invit\u0103m s\u0103 [&hellip;]<\/p>\n","protected":false},"author":9,"featured_media":21076,"comment_status":"closed","ping_status":"closed","sticky":false,"template":"","format":"standard","meta":{"_acf_changed":false,"footnotes":""},"categories":[294],"tags":[],"class_list":["post-21075","post","type-post","status-publish","format-standard","has-post-thumbnail","hentry","category-news"],"acf":[],"yoast_head":"<!-- This site is optimized with the Yoast SEO plugin v27.4 - https:\/\/yoast.com\/product\/yoast-seo-wordpress\/ -->\n<title>&quot;Vis de copil - Curcubeul Speran\u021bei!&quot; - ADRA Moldova<\/title>\n<meta name=\"robots\" content=\"index, follow, max-snippet:-1, max-image-preview:large, max-video-preview:-1\" \/>\n<link rel=\"canonical\" href=\"https:\/\/adra.md\/ru\/vis-de-copil-curcubeul-sperantei\/\" \/>\n<meta property=\"og:locale\" content=\"ru_RU\" \/>\n<meta property=\"og:type\" content=\"article\" \/>\n<meta property=\"og:title\" content=\"&quot;Vis de copil - Curcubeul Speran\u021bei!&quot; - ADRA Moldova\" \/>\n<meta property=\"og:description\" content=\"Fiecare copil e o floare, iar to\u021bi \u00eempreun\u0103 formeaz\u0103 o gr\u0103din\u0103 minunat\u0103! &#8222;Vis de copil &#8211; Curcubeul Speran\u021bei!&#8221; Ne-am propus \u00eempreun\u0103 cu colective de oameni valoro\u0219i s\u0103 organiz\u0103m un concert de caritate pentru copiii din Centrul de plasament temporar &#8222;Curcubeul Speran\u021bei&#8221;. \u00cen ajunul s\u0103rb\u0103torilor de iarn\u0103, pentru a sim\u021bi deplin atmosfera feeric\u0103, te invit\u0103m s\u0103 [&hellip;]\" \/>\n<meta property=\"og:url\" content=\"https:\/\/adra.md\/ru\/vis-de-copil-curcubeul-sperantei\/\" \/>\n<meta property=\"og:site_name\" content=\"ADRA Moldova\" \/>\n<meta property=\"article:published_time\" content=\"2023-12-15T12:05:28+00:00\" \/>\n<meta property=\"og:image\" content=\"https:\/\/adra.md\/wp-content\/uploads\/2023\/12\/407985260_17930562854795376_1567628535264598407_n.jpg\" \/>\n\t<meta property=\"og:image:width\" content=\"1331\" \/>\n\t<meta property=\"og:image:height\" content=\"1375\" \/>\n\t<meta property=\"og:image:type\" content=\"image\/jpeg\" \/>\n<meta name=\"author\" content=\"ADRA Moldova\" \/>\n<meta name=\"twitter:card\" content=\"summary_large_image\" \/>\n<meta name=\"twitter:label1\" content=\"\u041d\u0430\u043f\u0438\u0441\u0430\u043d\u043e \u0430\u0432\u0442\u043e\u0440\u043e\u043c\" \/>\n\t<meta name=\"twitter:data1\" content=\"ADRA Moldova\" \/>\n\t<meta name=\"twitter:label2\" content=\"\u041f\u0440\u0438\u043c\u0435\u0440\u043d\u043e\u0435 \u0432\u0440\u0435\u043c\u044f \u0434\u043b\u044f \u0447\u0442\u0435\u043d\u0438\u044f\" \/>\n\t<meta name=\"twitter:data2\" content=\"1 \u043c\u0438\u043d\u0443\u0442\u0430\" \/>\n<script type=\"application\/ld+json\" class=\"yoast-schema-graph\">{\"@context\":\"https:\\\/\\\/schema.org\",\"@graph\":[{\"@type\":\"Article\",\"@id\":\"https:\\\/\\\/adra.md\\\/vis-de-copil-curcubeul-sperantei\\\/#article\",\"isPartOf\":{\"@id\":\"https:\\\/\\\/adra.md\\\/vis-de-copil-curcubeul-sperantei\\\/\"},\"author\":{\"name\":\"ADRA Moldova\",\"@id\":\"https:\\\/\\\/adra.md\\\/#\\\/schema\\\/person\\\/b0181e611ee89738cefb7dc2db2bb8d1\"},\"headline\":\"&#8222;Vis de copil &#8211; Curcubeul Speran\u021bei!&#8221;\",\"datePublished\":\"2023-12-15T12:05:28+00:00\",\"mainEntityOfPage\":{\"@id\":\"https:\\\/\\\/adra.md\\\/vis-de-copil-curcubeul-sperantei\\\/\"},\"wordCount\":120,\"publisher\":{\"@id\":\"https:\\\/\\\/adra.md\\\/#organization\"},\"image\":{\"@id\":\"https:\\\/\\\/adra.md\\\/vis-de-copil-curcubeul-sperantei\\\/#primaryimage\"},\"thumbnailUrl\":\"https:\\\/\\\/adra.md\\\/wp-content\\\/uploads\\\/2023\\\/12\\\/407985260_17930562854795376_1567628535264598407_n.jpg\",\"articleSection\":[\"News\"],\"inLanguage\":\"ru-RU\"},{\"@type\":\"WebPage\",\"@id\":\"https:\\\/\\\/adra.md\\\/vis-de-copil-curcubeul-sperantei\\\/\",\"url\":\"https:\\\/\\\/adra.md\\\/vis-de-copil-curcubeul-sperantei\\\/\",\"name\":\"\\\"Vis de copil - Curcubeul Speran\u021bei!\\\" - ADRA Moldova\",\"isPartOf\":{\"@id\":\"https:\\\/\\\/adra.md\\\/#website\"},\"primaryImageOfPage\":{\"@id\":\"https:\\\/\\\/adra.md\\\/vis-de-copil-curcubeul-sperantei\\\/#primaryimage\"},\"image\":{\"@id\":\"https:\\\/\\\/adra.md\\\/vis-de-copil-curcubeul-sperantei\\\/#primaryimage\"},\"thumbnailUrl\":\"https:\\\/\\\/adra.md\\\/wp-content\\\/uploads\\\/2023\\\/12\\\/407985260_17930562854795376_1567628535264598407_n.jpg\",\"datePublished\":\"2023-12-15T12:05:28+00:00\",\"breadcrumb\":{\"@id\":\"https:\\\/\\\/adra.md\\\/vis-de-copil-curcubeul-sperantei\\\/#breadcrumb\"},\"inLanguage\":\"ru-RU\",\"potentialAction\":[{\"@type\":\"ReadAction\",\"target\":[\"https:\\\/\\\/adra.md\\\/vis-de-copil-curcubeul-sperantei\\\/\"]}]},{\"@type\":\"ImageObject\",\"inLanguage\":\"ru-RU\",\"@id\":\"https:\\\/\\\/adra.md\\\/vis-de-copil-curcubeul-sperantei\\\/#primaryimage\",\"url\":\"https:\\\/\\\/adra.md\\\/wp-content\\\/uploads\\\/2023\\\/12\\\/407985260_17930562854795376_1567628535264598407_n.jpg\",\"contentUrl\":\"https:\\\/\\\/adra.md\\\/wp-content\\\/uploads\\\/2023\\\/12\\\/407985260_17930562854795376_1567628535264598407_n.jpg\",\"width\":1331,\"height\":1375},{\"@type\":\"BreadcrumbList\",\"@id\":\"https:\\\/\\\/adra.md\\\/vis-de-copil-curcubeul-sperantei\\\/#breadcrumb\",\"itemListElement\":[{\"@type\":\"ListItem\",\"position\":1,\"name\":\"Home\",\"item\":\"https:\\\/\\\/adra.md\\\/\"},{\"@type\":\"ListItem\",\"position\":2,\"name\":\"&#8222;Vis de copil &#8211; Curcubeul Speran\u021bei!&#8221;\"}]},{\"@type\":\"WebSite\",\"@id\":\"https:\\\/\\\/adra.md\\\/#website\",\"url\":\"https:\\\/\\\/adra.md\\\/\",\"name\":\"ADRA Moldova\",\"description\":\"Agen\u0163ia Adventist\u0103 pentru Dezvoltare, Refacere \u015fi Ajutor\",\"publisher\":{\"@id\":\"https:\\\/\\\/adra.md\\\/#organization\"},\"potentialAction\":[{\"@type\":\"SearchAction\",\"target\":{\"@type\":\"EntryPoint\",\"urlTemplate\":\"https:\\\/\\\/adra.md\\\/?s={search_term_string}\"},\"query-input\":{\"@type\":\"PropertyValueSpecification\",\"valueRequired\":true,\"valueName\":\"search_term_string\"}}],\"inLanguage\":\"ru-RU\"},{\"@type\":\"Organization\",\"@id\":\"https:\\\/\\\/adra.md\\\/#organization\",\"name\":\"ADRA Moldova\",\"url\":\"https:\\\/\\\/adra.md\\\/\",\"logo\":{\"@type\":\"ImageObject\",\"inLanguage\":\"ru-RU\",\"@id\":\"https:\\\/\\\/adra.md\\\/#\\\/schema\\\/logo\\\/image\\\/\",\"url\":\"https:\\\/\\\/adra.md\\\/wp-content\\\/uploads\\\/2019\\\/11\\\/group-435.png\",\"contentUrl\":\"https:\\\/\\\/adra.md\\\/wp-content\\\/uploads\\\/2019\\\/11\\\/group-435.png\",\"width\":500,\"height\":133,\"caption\":\"ADRA Moldova\"},\"image\":{\"@id\":\"https:\\\/\\\/adra.md\\\/#\\\/schema\\\/logo\\\/image\\\/\"}},{\"@type\":\"Person\",\"@id\":\"https:\\\/\\\/adra.md\\\/#\\\/schema\\\/person\\\/b0181e611ee89738cefb7dc2db2bb8d1\",\"name\":\"ADRA Moldova\",\"url\":\"https:\\\/\\\/adra.md\\\/ru\\\/author\\\/andrei-girleanu\\\/\"}]}<\/script>\n<!-- \/ Yoast SEO plugin. -->","yoast_head_json":{"title":"\"Vis de copil - Curcubeul Speran\u021bei!\" - ADRA Moldova","robots":{"index":"index","follow":"follow","max-snippet":"max-snippet:-1","max-image-preview":"max-image-preview:large","max-video-preview":"max-video-preview:-1"},"canonical":"https:\/\/adra.md\/ru\/vis-de-copil-curcubeul-sperantei\/","og_locale":"ru_RU","og_type":"article","og_title":"\"Vis de copil - Curcubeul Speran\u021bei!\" - ADRA Moldova","og_description":"Fiecare copil e o floare, iar to\u021bi \u00eempreun\u0103 formeaz\u0103 o gr\u0103din\u0103 minunat\u0103! &#8222;Vis de copil &#8211; Curcubeul Speran\u021bei!&#8221; Ne-am propus \u00eempreun\u0103 cu colective de oameni valoro\u0219i s\u0103 organiz\u0103m un concert de caritate pentru copiii din Centrul de plasament temporar &#8222;Curcubeul Speran\u021bei&#8221;. \u00cen ajunul s\u0103rb\u0103torilor de iarn\u0103, pentru a sim\u021bi deplin atmosfera feeric\u0103, te invit\u0103m s\u0103 [&hellip;]","og_url":"https:\/\/adra.md\/ru\/vis-de-copil-curcubeul-sperantei\/","og_site_name":"ADRA Moldova","article_published_time":"2023-12-15T12:05:28+00:00","og_image":[{"width":1331,"height":1375,"url":"https:\/\/adra.md\/wp-content\/uploads\/2023\/12\/407985260_17930562854795376_1567628535264598407_n.jpg","type":"image\/jpeg"}],"author":"ADRA Moldova","twitter_card":"summary_large_image","twitter_misc":{"\u041d\u0430\u043f\u0438\u0441\u0430\u043d\u043e \u0430\u0432\u0442\u043e\u0440\u043e\u043c":"ADRA Moldova","\u041f\u0440\u0438\u043c\u0435\u0440\u043d\u043e\u0435 \u0432\u0440\u0435\u043c\u044f \u0434\u043b\u044f \u0447\u0442\u0435\u043d\u0438\u044f":"1 \u043c\u0438\u043d\u0443\u0442\u0430"},"schema":{"@context":"https:\/\/schema.org","@graph":[{"@type":"Article","@id":"https:\/\/adra.md\/vis-de-copil-curcubeul-sperantei\/#article","isPartOf":{"@id":"https:\/\/adra.md\/vis-de-copil-curcubeul-sperantei\/"},"author":{"name":"ADRA Moldova","@id":"https:\/\/adra.md\/#\/schema\/person\/b0181e611ee89738cefb7dc2db2bb8d1"},"headline":"&#8222;Vis de copil &#8211; Curcubeul Speran\u021bei!&#8221;","datePublished":"2023-12-15T12:05:28+00:00","mainEntityOfPage":{"@id":"https:\/\/adra.md\/vis-de-copil-curcubeul-sperantei\/"},"wordCount":120,"publisher":{"@id":"https:\/\/adra.md\/#organization"},"image":{"@id":"https:\/\/adra.md\/vis-de-copil-curcubeul-sperantei\/#primaryimage"},"thumbnailUrl":"https:\/\/adra.md\/wp-content\/uploads\/2023\/12\/407985260_17930562854795376_1567628535264598407_n.jpg","articleSection":["News"],"inLanguage":"ru-RU"},{"@type":"WebPage","@id":"https:\/\/adra.md\/vis-de-copil-curcubeul-sperantei\/","url":"https:\/\/adra.md\/vis-de-copil-curcubeul-sperantei\/","name":"\"Vis de copil - Curcubeul Speran\u021bei!\" - ADRA Moldova","isPartOf":{"@id":"https:\/\/adra.md\/#website"},"primaryImageOfPage":{"@id":"https:\/\/adra.md\/vis-de-copil-curcubeul-sperantei\/#primaryimage"},"image":{"@id":"https:\/\/adra.md\/vis-de-copil-curcubeul-sperantei\/#primaryimage"},"thumbnailUrl":"https:\/\/adra.md\/wp-content\/uploads\/2023\/12\/407985260_17930562854795376_1567628535264598407_n.jpg","datePublished":"2023-12-15T12:05:28+00:00","breadcrumb":{"@id":"https:\/\/adra.md\/vis-de-copil-curcubeul-sperantei\/#breadcrumb"},"inLanguage":"ru-RU","potentialAction":[{"@type":"ReadAction","target":["https:\/\/adra.md\/vis-de-copil-curcubeul-sperantei\/"]}]},{"@type":"ImageObject","inLanguage":"ru-RU","@id":"https:\/\/adra.md\/vis-de-copil-curcubeul-sperantei\/#primaryimage","url":"https:\/\/adra.md\/wp-content\/uploads\/2023\/12\/407985260_17930562854795376_1567628535264598407_n.jpg","contentUrl":"https:\/\/adra.md\/wp-content\/uploads\/2023\/12\/407985260_17930562854795376_1567628535264598407_n.jpg","width":1331,"height":1375},{"@type":"BreadcrumbList","@id":"https:\/\/adra.md\/vis-de-copil-curcubeul-sperantei\/#breadcrumb","itemListElement":[{"@type":"ListItem","position":1,"name":"Home","item":"https:\/\/adra.md\/"},{"@type":"ListItem","position":2,"name":"&#8222;Vis de copil &#8211; Curcubeul Speran\u021bei!&#8221;"}]},{"@type":"WebSite","@id":"https:\/\/adra.md\/#website","url":"https:\/\/adra.md\/","name":"ADRA Moldova","description":"Agen\u0163ia Adventist\u0103 pentru Dezvoltare, Refacere \u015fi Ajutor","publisher":{"@id":"https:\/\/adra.md\/#organization"},"potentialAction":[{"@type":"SearchAction","target":{"@type":"EntryPoint","urlTemplate":"https:\/\/adra.md\/?s={search_term_string}"},"query-input":{"@type":"PropertyValueSpecification","valueRequired":true,"valueName":"search_term_string"}}],"inLanguage":"ru-RU"},{"@type":"Organization","@id":"https:\/\/adra.md\/#organization","name":"ADRA Moldova","url":"https:\/\/adra.md\/","logo":{"@type":"ImageObject","inLanguage":"ru-RU","@id":"https:\/\/adra.md\/#\/schema\/logo\/image\/","url":"https:\/\/adra.md\/wp-content\/uploads\/2019\/11\/group-435.png","contentUrl":"https:\/\/adra.md\/wp-content\/uploads\/2019\/11\/group-435.png","width":500,"height":133,"caption":"ADRA Moldova"},"image":{"@id":"https:\/\/adra.md\/#\/schema\/logo\/image\/"}},{"@type":"Person","@id":"https:\/\/adra.md\/#\/schema\/person\/b0181e611ee89738cefb7dc2db2bb8d1","name":"ADRA Moldova","url":"https:\/\/adra.md\/ru\/author\/andrei-girleanu\/"}]}},"_links":{"self":[{"href":"https:\/\/adra.md\/ru\/wp-json\/wp\/v2\/posts\/21075","targetHints":{"allow":["GET"]}}],"collection":[{"href":"https:\/\/adra.md\/ru\/wp-json\/wp\/v2\/posts"}],"about":[{"href":"https:\/\/adra.md\/ru\/wp-json\/wp\/v2\/types\/post"}],"author":[{"embeddable":true,"href":"https:\/\/adra.md\/ru\/wp-json\/wp\/v2\/users\/9"}],"replies":[{"embeddable":true,"href":"https:\/\/adra.md\/ru\/wp-json\/wp\/v2\/comments?post=21075"}],"version-history":[{"count":1,"href":"https:\/\/adra.md\/ru\/wp-json\/wp\/v2\/posts\/21075\/revisions"}],"predecessor-version":[{"id":21077,"href":"https:\/\/adra.md\/ru\/wp-json\/wp\/v2\/posts\/21075\/revisions\/21077"}],"wp:featuredmedia":[{"embeddable":true,"href":"https:\/\/adra.md\/ru\/wp-json\/wp\/v2\/media\/21076"}],"wp:attachment":[{"href":"https:\/\/adra.md\/ru\/wp-json\/wp\/v2\/media?parent=21075"}],"wp:term":[{"taxonomy":"category","embeddable":true,"href":"https:\/\/adra.md\/ru\/wp-json\/wp\/v2\/categories?post=21075"},{"taxonomy":"post_tag","embeddable":true,"href":"https:\/\/adra.md\/ru\/wp-json\/wp\/v2\/tags?post=21075"}],"curies":[{"name":"wp","href":"https:\/\/api.w.org\/{rel}","templated":true}]}}