{"id":21131,"date":"2024-04-10T07:59:49","date_gmt":"2024-04-10T07:59:49","guid":{"rendered":"https:\/\/adra.md\/?p=21131"},"modified":"2024-04-10T07:59:49","modified_gmt":"2024-04-10T07:59:49","slug":"pacea-interioara-este-o-calatorie","status":"publish","type":"post","link":"https:\/\/adra.md\/ru\/pacea-interioara-este-o-calatorie\/","title":{"rendered":"Pacea interioar\u0103 este o c\u0103l\u0103torie!"},"content":{"rendered":"<div class=\"xdj266r x11i5rnm xat24cr x1mh8g0r x1vvkbs x126k92a\">\n<div dir=\"auto\">\u00cen cadrul \u00eent\u00e2lnirilor noastre de grup cu psihologul, am descoperit c\u0103 pacea interioar\u0103 este mai mult dec\u00e2t o dorin\u021b\u0103 &#8211; este o c\u0103l\u0103torie. Am \u00eenv\u0103\u021bat c\u0103 este normal s\u0103 sim\u021bim haos \u00een mintea \u0219i inima noastr\u0103 uneori, dar \u0219i c\u0103 exist\u0103 modalit\u0103\u021bi de a g\u0103si echilibrul \u0219i lini\u0219tea \u00een interior. Fiecare \u0219edin\u021b\u0103 este o oportunitate de a explora tehnici \u0219i strategii care ne pot ajuta s\u0103 navig\u0103m cu succes prin provoc\u0103rile noastre personale \u0219i s\u0103 construim un spa\u021biu de armonie \u0219i \u00eencredere \u00een noi \u00een\u0219ine.<\/div>\n<\/div>\n<div class=\"x11i5rnm xat24cr x1mh8g0r x1vvkbs xtlvy1s x126k92a\">\n<div dir=\"auto\">Proiect sus\u021binut financiar de <a class=\"x1i10hfl xjbqb8w x1ejq31n xd10rxx x1sy0etr x17r0tee x972fbf xcfux6l x1qhh985 xm0m39n x9f619 x1ypdohk xt0psk2 xe8uvvx xdj266r x11i5rnm xat24cr x1mh8g0r xexx8yu x4uap5 x18d9i69 xkhd6sd x16tdsg8 x1hl2dhg xggy1nq x1a2a7pz xt0b8zv x1fey0fg xo1l8bm\" tabindex=\"0\" role=\"link\" href=\"https:\/\/www.facebook.com\/norwegianrefugeecouncil?__cft__[0]=AZVnp5pdu0QoBv5qz2xa0Uy36S_7ZwTpWxSgdEZRcqyiK7QrFC82sGO_OIVs6gYxatxL6x4MmgSKuw2rOvJ3nnZqbMZy7MEDpuMcdUkYPhD2T-lQYoNR-eGEqTEjjdVIkMJ950440t3cCNDmFUSzp0ujbnzgOTU1WUFQFXPq7CHR1I-n2zi8o_puDvE9QHWTQVY&amp;__tn__=-]K-R\"><span class=\"xt0psk2\">NRC &#8211; Norwegian Refugee Council<\/span><\/a> \u0219i g\u0103zduit de Centrul comunitatea regional din ora\u0219ul Orhei.<\/div>\n<\/div>\n<div class=\"x11i5rnm xat24cr x1mh8g0r x1vvkbs xtlvy1s x126k92a\">\n<div dir=\"auto\"><a class=\"x1i10hfl xjbqb8w x1ejq31n xd10rxx x1sy0etr x17r0tee x972fbf xcfux6l x1qhh985 xm0m39n x9f619 x1ypdohk xt0psk2 xe8uvvx xdj266r x11i5rnm xat24cr x1mh8g0r xexx8yu x4uap5 x18d9i69 xkhd6sd x16tdsg8 x1hl2dhg xggy1nq x1a2a7pz xt0b8zv x1fey0fg xo1l8bm\" tabindex=\"0\" role=\"link\" href=\"https:\/\/www.facebook.com\/hashtag\/adra?__eep__=6&amp;__cft__[0]=AZVnp5pdu0QoBv5qz2xa0Uy36S_7ZwTpWxSgdEZRcqyiK7QrFC82sGO_OIVs6gYxatxL6x4MmgSKuw2rOvJ3nnZqbMZy7MEDpuMcdUkYPhD2T-lQYoNR-eGEqTEjjdVIkMJ950440t3cCNDmFUSzp0ujbnzgOTU1WUFQFXPq7CHR1I-n2zi8o_puDvE9QHWTQVY&amp;__tn__=*NK-R\">#adra<\/a> <a class=\"x1i10hfl xjbqb8w x1ejq31n xd10rxx x1sy0etr x17r0tee x972fbf xcfux6l x1qhh985 xm0m39n x9f619 x1ypdohk xt0psk2 xe8uvvx xdj266r x11i5rnm xat24cr x1mh8g0r xexx8yu x4uap5 x18d9i69 xkhd6sd x16tdsg8 x1hl2dhg xggy1nq x1a2a7pz xt0b8zv x1fey0fg xo1l8bm\" tabindex=\"0\" role=\"link\" href=\"https:\/\/www.facebook.com\/hashtag\/adramoldova?__eep__=6&amp;__cft__[0]=AZVnp5pdu0QoBv5qz2xa0Uy36S_7ZwTpWxSgdEZRcqyiK7QrFC82sGO_OIVs6gYxatxL6x4MmgSKuw2rOvJ3nnZqbMZy7MEDpuMcdUkYPhD2T-lQYoNR-eGEqTEjjdVIkMJ950440t3cCNDmFUSzp0ujbnzgOTU1WUFQFXPq7CHR1I-n2zi8o_puDvE9QHWTQVY&amp;__tn__=*NK-R\">#adramoldova<\/a> <a class=\"x1i10hfl xjbqb8w x1ejq31n xd10rxx x1sy0etr x17r0tee x972fbf xcfux6l x1qhh985 xm0m39n x9f619 x1ypdohk xt0psk2 xe8uvvx xdj266r x11i5rnm xat24cr x1mh8g0r xexx8yu x4uap5 x18d9i69 xkhd6sd x16tdsg8 x1hl2dhg xggy1nq x1a2a7pz xt0b8zv x1fey0fg xo1l8bm\" tabindex=\"0\" role=\"link\" href=\"https:\/\/www.facebook.com\/hashtag\/pshichology?__eep__=6&amp;__cft__[0]=AZVnp5pdu0QoBv5qz2xa0Uy36S_7ZwTpWxSgdEZRcqyiK7QrFC82sGO_OIVs6gYxatxL6x4MmgSKuw2rOvJ3nnZqbMZy7MEDpuMcdUkYPhD2T-lQYoNR-eGEqTEjjdVIkMJ950440t3cCNDmFUSzp0ujbnzgOTU1WUFQFXPq7CHR1I-n2zi8o_puDvE9QHWTQVY&amp;__tn__=*NK-R\">#pshichology<\/a> <a class=\"x1i10hfl xjbqb8w x1ejq31n xd10rxx x1sy0etr x17r0tee x972fbf xcfux6l x1qhh985 xm0m39n x9f619 x1ypdohk xt0psk2 xe8uvvx xdj266r x11i5rnm xat24cr x1mh8g0r xexx8yu x4uap5 x18d9i69 xkhd6sd x16tdsg8 x1hl2dhg xggy1nq x1a2a7pz xt0b8zv x1fey0fg xo1l8bm\" tabindex=\"0\" role=\"link\" href=\"https:\/\/www.facebook.com\/hashtag\/psychosocialactivity?__eep__=6&amp;__cft__[0]=AZVnp5pdu0QoBv5qz2xa0Uy36S_7ZwTpWxSgdEZRcqyiK7QrFC82sGO_OIVs6gYxatxL6x4MmgSKuw2rOvJ3nnZqbMZy7MEDpuMcdUkYPhD2T-lQYoNR-eGEqTEjjdVIkMJ950440t3cCNDmFUSzp0ujbnzgOTU1WUFQFXPq7CHR1I-n2zi8o_puDvE9QHWTQVY&amp;__tn__=*NK-R\">#psychosocialactivity<\/a> <a class=\"x1i10hfl xjbqb8w x1ejq31n xd10rxx x1sy0etr x17r0tee x972fbf xcfux6l x1qhh985 xm0m39n x9f619 x1ypdohk xt0psk2 xe8uvvx xdj266r x11i5rnm xat24cr x1mh8g0r xexx8yu x4uap5 x18d9i69 xkhd6sd x16tdsg8 x1hl2dhg xggy1nq x1a2a7pz xt0b8zv x1fey0fg xo1l8bm\" tabindex=\"0\" role=\"link\" href=\"https:\/\/www.facebook.com\/hashtag\/integration?__eep__=6&amp;__cft__[0]=AZVnp5pdu0QoBv5qz2xa0Uy36S_7ZwTpWxSgdEZRcqyiK7QrFC82sGO_OIVs6gYxatxL6x4MmgSKuw2rOvJ3nnZqbMZy7MEDpuMcdUkYPhD2T-lQYoNR-eGEqTEjjdVIkMJ950440t3cCNDmFUSzp0ujbnzgOTU1WUFQFXPq7CHR1I-n2zi8o_puDvE9QHWTQVY&amp;__tn__=*NK-R\">#integration<\/a> <a class=\"x1i10hfl xjbqb8w x1ejq31n xd10rxx x1sy0etr x17r0tee x972fbf xcfux6l x1qhh985 xm0m39n x9f619 x1ypdohk xt0psk2 xe8uvvx xdj266r x11i5rnm xat24cr x1mh8g0r xexx8yu x4uap5 x18d9i69 xkhd6sd x16tdsg8 x1hl2dhg xggy1nq x1a2a7pz xt0b8zv x1fey0fg xo1l8bm\" tabindex=\"0\" role=\"link\" href=\"https:\/\/www.facebook.com\/hashtag\/regfugee?__eep__=6&amp;__cft__[0]=AZVnp5pdu0QoBv5qz2xa0Uy36S_7ZwTpWxSgdEZRcqyiK7QrFC82sGO_OIVs6gYxatxL6x4MmgSKuw2rOvJ3nnZqbMZy7MEDpuMcdUkYPhD2T-lQYoNR-eGEqTEjjdVIkMJ950440t3cCNDmFUSzp0ujbnzgOTU1WUFQFXPq7CHR1I-n2zi8o_puDvE9QHWTQVY&amp;__tn__=*NK-R\">#regfugee<\/a> <a class=\"x1i10hfl xjbqb8w x1ejq31n xd10rxx x1sy0etr x17r0tee x972fbf xcfux6l x1qhh985 xm0m39n x9f619 x1ypdohk xt0psk2 xe8uvvx xdj266r x11i5rnm xat24cr x1mh8g0r xexx8yu x4uap5 x18d9i69 xkhd6sd x16tdsg8 x1hl2dhg xggy1nq x1a2a7pz xt0b8zv x1fey0fg xo1l8bm\" tabindex=\"0\" role=\"link\" href=\"https:\/\/www.facebook.com\/hashtag\/ukraine?__eep__=6&amp;__cft__[0]=AZVnp5pdu0QoBv5qz2xa0Uy36S_7ZwTpWxSgdEZRcqyiK7QrFC82sGO_OIVs6gYxatxL6x4MmgSKuw2rOvJ3nnZqbMZy7MEDpuMcdUkYPhD2T-lQYoNR-eGEqTEjjdVIkMJ950440t3cCNDmFUSzp0ujbnzgOTU1WUFQFXPq7CHR1I-n2zi8o_puDvE9QHWTQVY&amp;__tn__=*NK-R\">#ukraine<\/a> <a class=\"x1i10hfl xjbqb8w x1ejq31n xd10rxx x1sy0etr x17r0tee x972fbf xcfux6l x1qhh985 xm0m39n x9f619 x1ypdohk xt0psk2 xe8uvvx xdj266r x11i5rnm xat24cr x1mh8g0r xexx8yu x4uap5 x18d9i69 xkhd6sd x16tdsg8 x1hl2dhg xggy1nq x1a2a7pz xt0b8zv x1fey0fg xo1l8bm\" tabindex=\"0\" role=\"link\" href=\"https:\/\/www.facebook.com\/hashtag\/nrc?__eep__=6&amp;__cft__[0]=AZVnp5pdu0QoBv5qz2xa0Uy36S_7ZwTpWxSgdEZRcqyiK7QrFC82sGO_OIVs6gYxatxL6x4MmgSKuw2rOvJ3nnZqbMZy7MEDpuMcdUkYPhD2T-lQYoNR-eGEqTEjjdVIkMJ950440t3cCNDmFUSzp0ujbnzgOTU1WUFQFXPq7CHR1I-n2zi8o_puDvE9QHWTQVY&amp;__tn__=*NK-R\">#nrc<\/a> <a class=\"x1i10hfl xjbqb8w x1ejq31n xd10rxx x1sy0etr x17r0tee x972fbf xcfux6l x1qhh985 xm0m39n x9f619 x1ypdohk xt0psk2 xe8uvvx xdj266r x11i5rnm xat24cr x1mh8g0r xexx8yu x4uap5 x18d9i69 xkhd6sd x16tdsg8 x1hl2dhg xggy1nq x1a2a7pz xt0b8zv x1fey0fg xo1l8bm\" tabindex=\"0\" role=\"link\" href=\"https:\/\/www.facebook.com\/hashtag\/norwegianrefugeecouncil?__eep__=6&amp;__cft__[0]=AZVnp5pdu0QoBv5qz2xa0Uy36S_7ZwTpWxSgdEZRcqyiK7QrFC82sGO_OIVs6gYxatxL6x4MmgSKuw2rOvJ3nnZqbMZy7MEDpuMcdUkYPhD2T-lQYoNR-eGEqTEjjdVIkMJ950440t3cCNDmFUSzp0ujbnzgOTU1WUFQFXPq7CHR1I-n2zi8o_puDvE9QHWTQVY&amp;__tn__=*NK-R\">#norwegianrefugeecouncil<\/a><\/div>\n<\/div>\n<div dir=\"auto\"><\/div>\n<div dir=\"auto\"><img fetchpriority=\"high\" decoding=\"async\" class=\"alignnone  wp-image-21132\" src=\"https:\/\/adra.md\/wp-content\/uploads\/2024\/04\/433576556_17943889430795376_4932849779787827025_n-240x300.jpg\" alt=\"\" width=\"224\" height=\"280\" srcset=\"https:\/\/adra.md\/wp-content\/uploads\/2024\/04\/433576556_17943889430795376_4932849779787827025_n-240x300.jpg 240w, https:\/\/adra.md\/wp-content\/uploads\/2024\/04\/433576556_17943889430795376_4932849779787827025_n-819x1024.jpg 819w, https:\/\/adra.md\/wp-content\/uploads\/2024\/04\/433576556_17943889430795376_4932849779787827025_n-768x960.jpg 768w, https:\/\/adra.md\/wp-content\/uploads\/2024\/04\/433576556_17943889430795376_4932849779787827025_n-1229x1536.jpg 1229w, https:\/\/adra.md\/wp-content\/uploads\/2024\/04\/433576556_17943889430795376_4932849779787827025_n-10x12.jpg 10w, https:\/\/adra.md\/wp-content\/uploads\/2024\/04\/433576556_17943889430795376_4932849779787827025_n.jpg 1440w\" sizes=\"(max-width: 224px) 100vw, 224px\" \/> <img decoding=\"async\" class=\"alignnone  wp-image-21133\" src=\"https:\/\/adra.md\/wp-content\/uploads\/2024\/04\/433678588_17943889409795376_6245295873220362583_n-240x300.jpg\" alt=\"\" width=\"223\" height=\"279\" srcset=\"https:\/\/adra.md\/wp-content\/uploads\/2024\/04\/433678588_17943889409795376_6245295873220362583_n-240x300.jpg 240w, https:\/\/adra.md\/wp-content\/uploads\/2024\/04\/433678588_17943889409795376_6245295873220362583_n-819x1024.jpg 819w, https:\/\/adra.md\/wp-content\/uploads\/2024\/04\/433678588_17943889409795376_6245295873220362583_n-768x960.jpg 768w, https:\/\/adra.md\/wp-content\/uploads\/2024\/04\/433678588_17943889409795376_6245295873220362583_n-1229x1536.jpg 1229w, https:\/\/adra.md\/wp-content\/uploads\/2024\/04\/433678588_17943889409795376_6245295873220362583_n-10x12.jpg 10w, https:\/\/adra.md\/wp-content\/uploads\/2024\/04\/433678588_17943889409795376_6245295873220362583_n.jpg 1440w\" sizes=\"(max-width: 223px) 100vw, 223px\" \/> <img decoding=\"async\" class=\"alignnone  wp-image-21134\" src=\"https:\/\/adra.md\/wp-content\/uploads\/2024\/04\/433697101_17943889421795376_7808613260474560141_n-240x300.jpg\" alt=\"\" width=\"225\" height=\"281\" srcset=\"https:\/\/adra.md\/wp-content\/uploads\/2024\/04\/433697101_17943889421795376_7808613260474560141_n-240x300.jpg 240w, https:\/\/adra.md\/wp-content\/uploads\/2024\/04\/433697101_17943889421795376_7808613260474560141_n-819x1024.jpg 819w, https:\/\/adra.md\/wp-content\/uploads\/2024\/04\/433697101_17943889421795376_7808613260474560141_n-768x960.jpg 768w, https:\/\/adra.md\/wp-content\/uploads\/2024\/04\/433697101_17943889421795376_7808613260474560141_n-1229x1536.jpg 1229w, https:\/\/adra.md\/wp-content\/uploads\/2024\/04\/433697101_17943889421795376_7808613260474560141_n-10x12.jpg 10w, https:\/\/adra.md\/wp-content\/uploads\/2024\/04\/433697101_17943889421795376_7808613260474560141_n.jpg 1440w\" sizes=\"(max-width: 225px) 100vw, 225px\" \/> <img loading=\"lazy\" decoding=\"async\" class=\"alignnone  wp-image-21135\" src=\"https:\/\/adra.md\/wp-content\/uploads\/2024\/04\/434120526_17943889439795376_944654258290396013_n-240x300.jpg\" alt=\"\" width=\"224\" height=\"280\" srcset=\"https:\/\/adra.md\/wp-content\/uploads\/2024\/04\/434120526_17943889439795376_944654258290396013_n-240x300.jpg 240w, https:\/\/adra.md\/wp-content\/uploads\/2024\/04\/434120526_17943889439795376_944654258290396013_n-819x1024.jpg 819w, https:\/\/adra.md\/wp-content\/uploads\/2024\/04\/434120526_17943889439795376_944654258290396013_n-768x960.jpg 768w, https:\/\/adra.md\/wp-content\/uploads\/2024\/04\/434120526_17943889439795376_944654258290396013_n-1229x1536.jpg 1229w, https:\/\/adra.md\/wp-content\/uploads\/2024\/04\/434120526_17943889439795376_944654258290396013_n-10x12.jpg 10w, https:\/\/adra.md\/wp-content\/uploads\/2024\/04\/434120526_17943889439795376_944654258290396013_n.jpg 1440w\" sizes=\"(max-width: 224px) 100vw, 224px\" \/> <img loading=\"lazy\" decoding=\"async\" class=\"alignnone  wp-image-21136\" src=\"https:\/\/adra.md\/wp-content\/uploads\/2024\/04\/434139191_17943889400795376_6387954919636722617_n-240x300.jpg\" alt=\"\" width=\"225\" height=\"281\" srcset=\"https:\/\/adra.md\/wp-content\/uploads\/2024\/04\/434139191_17943889400795376_6387954919636722617_n-240x300.jpg 240w, https:\/\/adra.md\/wp-content\/uploads\/2024\/04\/434139191_17943889400795376_6387954919636722617_n-819x1024.jpg 819w, https:\/\/adra.md\/wp-content\/uploads\/2024\/04\/434139191_17943889400795376_6387954919636722617_n-768x960.jpg 768w, https:\/\/adra.md\/wp-content\/uploads\/2024\/04\/434139191_17943889400795376_6387954919636722617_n-1229x1536.jpg 1229w, https:\/\/adra.md\/wp-content\/uploads\/2024\/04\/434139191_17943889400795376_6387954919636722617_n-10x12.jpg 10w, https:\/\/adra.md\/wp-content\/uploads\/2024\/04\/434139191_17943889400795376_6387954919636722617_n.jpg 1440w\" sizes=\"(max-width: 225px) 100vw, 225px\" \/><\/div>\n","protected":false},"excerpt":{"rendered":"<p>\u00cen cadrul \u00eent\u00e2lnirilor noastre de grup cu psihologul, am descoperit c\u0103 pacea interioar\u0103 este mai mult dec\u00e2t o dorin\u021b\u0103 &#8211; este o c\u0103l\u0103torie. Am \u00eenv\u0103\u021bat c\u0103 este normal s\u0103 sim\u021bim haos \u00een mintea \u0219i inima noastr\u0103 uneori, dar \u0219i c\u0103 exist\u0103 modalit\u0103\u021bi de a g\u0103si echilibrul \u0219i lini\u0219tea \u00een interior. Fiecare \u0219edin\u021b\u0103 este o oportunitate [&hellip;]<\/p>\n","protected":false},"author":9,"featured_media":21133,"comment_status":"closed","ping_status":"closed","sticky":false,"template":"","format":"standard","meta":{"_acf_changed":false,"footnotes":""},"categories":[294],"tags":[],"class_list":["post-21131","post","type-post","status-publish","format-standard","has-post-thumbnail","hentry","category-news"],"acf":[],"yoast_head":"<!-- This site is optimized with the Yoast SEO plugin v27.4 - https:\/\/yoast.com\/product\/yoast-seo-wordpress\/ -->\n<title>Pacea interioar\u0103 este o c\u0103l\u0103torie! - ADRA Moldova<\/title>\n<meta name=\"robots\" content=\"index, follow, max-snippet:-1, max-image-preview:large, max-video-preview:-1\" \/>\n<link rel=\"canonical\" href=\"https:\/\/adra.md\/ru\/pacea-interioara-este-o-calatorie\/\" \/>\n<meta property=\"og:locale\" content=\"ru_RU\" \/>\n<meta property=\"og:type\" content=\"article\" \/>\n<meta property=\"og:title\" content=\"Pacea interioar\u0103 este o c\u0103l\u0103torie! - ADRA Moldova\" \/>\n<meta property=\"og:description\" content=\"\u00cen cadrul \u00eent\u00e2lnirilor noastre de grup cu psihologul, am descoperit c\u0103 pacea interioar\u0103 este mai mult dec\u00e2t o dorin\u021b\u0103 &#8211; este o c\u0103l\u0103torie. Am \u00eenv\u0103\u021bat c\u0103 este normal s\u0103 sim\u021bim haos \u00een mintea \u0219i inima noastr\u0103 uneori, dar \u0219i c\u0103 exist\u0103 modalit\u0103\u021bi de a g\u0103si echilibrul \u0219i lini\u0219tea \u00een interior. Fiecare \u0219edin\u021b\u0103 este o oportunitate [&hellip;]\" \/>\n<meta property=\"og:url\" content=\"https:\/\/adra.md\/ru\/pacea-interioara-este-o-calatorie\/\" \/>\n<meta property=\"og:site_name\" content=\"ADRA Moldova\" \/>\n<meta property=\"article:published_time\" content=\"2024-04-10T07:59:49+00:00\" \/>\n<meta property=\"og:image\" content=\"https:\/\/adra.md\/wp-content\/uploads\/2024\/04\/433678588_17943889409795376_6245295873220362583_n.jpg\" \/>\n\t<meta property=\"og:image:width\" content=\"1440\" \/>\n\t<meta property=\"og:image:height\" content=\"1800\" \/>\n\t<meta property=\"og:image:type\" content=\"image\/jpeg\" \/>\n<meta name=\"author\" content=\"ADRA Moldova\" \/>\n<meta name=\"twitter:card\" content=\"summary_large_image\" \/>\n<meta name=\"twitter:label1\" content=\"\u041d\u0430\u043f\u0438\u0441\u0430\u043d\u043e \u0430\u0432\u0442\u043e\u0440\u043e\u043c\" \/>\n\t<meta name=\"twitter:data1\" content=\"ADRA Moldova\" \/>\n\t<meta name=\"twitter:label2\" content=\"\u041f\u0440\u0438\u043c\u0435\u0440\u043d\u043e\u0435 \u0432\u0440\u0435\u043c\u044f \u0434\u043b\u044f \u0447\u0442\u0435\u043d\u0438\u044f\" \/>\n\t<meta name=\"twitter:data2\" content=\"1 \u043c\u0438\u043d\u0443\u0442\u0430\" \/>\n<script type=\"application\/ld+json\" class=\"yoast-schema-graph\">{\"@context\":\"https:\\\/\\\/schema.org\",\"@graph\":[{\"@type\":\"Article\",\"@id\":\"https:\\\/\\\/adra.md\\\/pacea-interioara-este-o-calatorie\\\/#article\",\"isPartOf\":{\"@id\":\"https:\\\/\\\/adra.md\\\/pacea-interioara-este-o-calatorie\\\/\"},\"author\":{\"name\":\"ADRA Moldova\",\"@id\":\"https:\\\/\\\/adra.md\\\/#\\\/schema\\\/person\\\/b0181e611ee89738cefb7dc2db2bb8d1\"},\"headline\":\"Pacea interioar\u0103 este o c\u0103l\u0103torie!\",\"datePublished\":\"2024-04-10T07:59:49+00:00\",\"mainEntityOfPage\":{\"@id\":\"https:\\\/\\\/adra.md\\\/pacea-interioara-este-o-calatorie\\\/\"},\"wordCount\":135,\"publisher\":{\"@id\":\"https:\\\/\\\/adra.md\\\/#organization\"},\"image\":{\"@id\":\"https:\\\/\\\/adra.md\\\/pacea-interioara-este-o-calatorie\\\/#primaryimage\"},\"thumbnailUrl\":\"https:\\\/\\\/adra.md\\\/wp-content\\\/uploads\\\/2024\\\/04\\\/433678588_17943889409795376_6245295873220362583_n.jpg\",\"articleSection\":[\"News\"],\"inLanguage\":\"ru-RU\"},{\"@type\":\"WebPage\",\"@id\":\"https:\\\/\\\/adra.md\\\/pacea-interioara-este-o-calatorie\\\/\",\"url\":\"https:\\\/\\\/adra.md\\\/pacea-interioara-este-o-calatorie\\\/\",\"name\":\"Pacea interioar\u0103 este o c\u0103l\u0103torie! - ADRA Moldova\",\"isPartOf\":{\"@id\":\"https:\\\/\\\/adra.md\\\/#website\"},\"primaryImageOfPage\":{\"@id\":\"https:\\\/\\\/adra.md\\\/pacea-interioara-este-o-calatorie\\\/#primaryimage\"},\"image\":{\"@id\":\"https:\\\/\\\/adra.md\\\/pacea-interioara-este-o-calatorie\\\/#primaryimage\"},\"thumbnailUrl\":\"https:\\\/\\\/adra.md\\\/wp-content\\\/uploads\\\/2024\\\/04\\\/433678588_17943889409795376_6245295873220362583_n.jpg\",\"datePublished\":\"2024-04-10T07:59:49+00:00\",\"breadcrumb\":{\"@id\":\"https:\\\/\\\/adra.md\\\/pacea-interioara-este-o-calatorie\\\/#breadcrumb\"},\"inLanguage\":\"ru-RU\",\"potentialAction\":[{\"@type\":\"ReadAction\",\"target\":[\"https:\\\/\\\/adra.md\\\/pacea-interioara-este-o-calatorie\\\/\"]}]},{\"@type\":\"ImageObject\",\"inLanguage\":\"ru-RU\",\"@id\":\"https:\\\/\\\/adra.md\\\/pacea-interioara-este-o-calatorie\\\/#primaryimage\",\"url\":\"https:\\\/\\\/adra.md\\\/wp-content\\\/uploads\\\/2024\\\/04\\\/433678588_17943889409795376_6245295873220362583_n.jpg\",\"contentUrl\":\"https:\\\/\\\/adra.md\\\/wp-content\\\/uploads\\\/2024\\\/04\\\/433678588_17943889409795376_6245295873220362583_n.jpg\",\"width\":1440,\"height\":1800},{\"@type\":\"BreadcrumbList\",\"@id\":\"https:\\\/\\\/adra.md\\\/pacea-interioara-este-o-calatorie\\\/#breadcrumb\",\"itemListElement\":[{\"@type\":\"ListItem\",\"position\":1,\"name\":\"Home\",\"item\":\"https:\\\/\\\/adra.md\\\/\"},{\"@type\":\"ListItem\",\"position\":2,\"name\":\"Pacea interioar\u0103 este o c\u0103l\u0103torie!\"}]},{\"@type\":\"WebSite\",\"@id\":\"https:\\\/\\\/adra.md\\\/#website\",\"url\":\"https:\\\/\\\/adra.md\\\/\",\"name\":\"ADRA Moldova\",\"description\":\"Agen\u0163ia Adventist\u0103 pentru Dezvoltare, Refacere \u015fi Ajutor\",\"publisher\":{\"@id\":\"https:\\\/\\\/adra.md\\\/#organization\"},\"potentialAction\":[{\"@type\":\"SearchAction\",\"target\":{\"@type\":\"EntryPoint\",\"urlTemplate\":\"https:\\\/\\\/adra.md\\\/?s={search_term_string}\"},\"query-input\":{\"@type\":\"PropertyValueSpecification\",\"valueRequired\":true,\"valueName\":\"search_term_string\"}}],\"inLanguage\":\"ru-RU\"},{\"@type\":\"Organization\",\"@id\":\"https:\\\/\\\/adra.md\\\/#organization\",\"name\":\"ADRA Moldova\",\"url\":\"https:\\\/\\\/adra.md\\\/\",\"logo\":{\"@type\":\"ImageObject\",\"inLanguage\":\"ru-RU\",\"@id\":\"https:\\\/\\\/adra.md\\\/#\\\/schema\\\/logo\\\/image\\\/\",\"url\":\"https:\\\/\\\/adra.md\\\/wp-content\\\/uploads\\\/2019\\\/11\\\/group-435.png\",\"contentUrl\":\"https:\\\/\\\/adra.md\\\/wp-content\\\/uploads\\\/2019\\\/11\\\/group-435.png\",\"width\":500,\"height\":133,\"caption\":\"ADRA Moldova\"},\"image\":{\"@id\":\"https:\\\/\\\/adra.md\\\/#\\\/schema\\\/logo\\\/image\\\/\"}},{\"@type\":\"Person\",\"@id\":\"https:\\\/\\\/adra.md\\\/#\\\/schema\\\/person\\\/b0181e611ee89738cefb7dc2db2bb8d1\",\"name\":\"ADRA Moldova\",\"url\":\"https:\\\/\\\/adra.md\\\/ru\\\/author\\\/andrei-girleanu\\\/\"}]}<\/script>\n<!-- \/ Yoast SEO plugin. -->","yoast_head_json":{"title":"Pacea interioar\u0103 este o c\u0103l\u0103torie! - ADRA Moldova","robots":{"index":"index","follow":"follow","max-snippet":"max-snippet:-1","max-image-preview":"max-image-preview:large","max-video-preview":"max-video-preview:-1"},"canonical":"https:\/\/adra.md\/ru\/pacea-interioara-este-o-calatorie\/","og_locale":"ru_RU","og_type":"article","og_title":"Pacea interioar\u0103 este o c\u0103l\u0103torie! - ADRA Moldova","og_description":"\u00cen cadrul \u00eent\u00e2lnirilor noastre de grup cu psihologul, am descoperit c\u0103 pacea interioar\u0103 este mai mult dec\u00e2t o dorin\u021b\u0103 &#8211; este o c\u0103l\u0103torie. Am \u00eenv\u0103\u021bat c\u0103 este normal s\u0103 sim\u021bim haos \u00een mintea \u0219i inima noastr\u0103 uneori, dar \u0219i c\u0103 exist\u0103 modalit\u0103\u021bi de a g\u0103si echilibrul \u0219i lini\u0219tea \u00een interior. Fiecare \u0219edin\u021b\u0103 este o oportunitate [&hellip;]","og_url":"https:\/\/adra.md\/ru\/pacea-interioara-este-o-calatorie\/","og_site_name":"ADRA Moldova","article_published_time":"2024-04-10T07:59:49+00:00","og_image":[{"width":1440,"height":1800,"url":"https:\/\/adra.md\/wp-content\/uploads\/2024\/04\/433678588_17943889409795376_6245295873220362583_n.jpg","type":"image\/jpeg"}],"author":"ADRA Moldova","twitter_card":"summary_large_image","twitter_misc":{"\u041d\u0430\u043f\u0438\u0441\u0430\u043d\u043e \u0430\u0432\u0442\u043e\u0440\u043e\u043c":"ADRA Moldova","\u041f\u0440\u0438\u043c\u0435\u0440\u043d\u043e\u0435 \u0432\u0440\u0435\u043c\u044f \u0434\u043b\u044f \u0447\u0442\u0435\u043d\u0438\u044f":"1 \u043c\u0438\u043d\u0443\u0442\u0430"},"schema":{"@context":"https:\/\/schema.org","@graph":[{"@type":"Article","@id":"https:\/\/adra.md\/pacea-interioara-este-o-calatorie\/#article","isPartOf":{"@id":"https:\/\/adra.md\/pacea-interioara-este-o-calatorie\/"},"author":{"name":"ADRA Moldova","@id":"https:\/\/adra.md\/#\/schema\/person\/b0181e611ee89738cefb7dc2db2bb8d1"},"headline":"Pacea interioar\u0103 este o c\u0103l\u0103torie!","datePublished":"2024-04-10T07:59:49+00:00","mainEntityOfPage":{"@id":"https:\/\/adra.md\/pacea-interioara-este-o-calatorie\/"},"wordCount":135,"publisher":{"@id":"https:\/\/adra.md\/#organization"},"image":{"@id":"https:\/\/adra.md\/pacea-interioara-este-o-calatorie\/#primaryimage"},"thumbnailUrl":"https:\/\/adra.md\/wp-content\/uploads\/2024\/04\/433678588_17943889409795376_6245295873220362583_n.jpg","articleSection":["News"],"inLanguage":"ru-RU"},{"@type":"WebPage","@id":"https:\/\/adra.md\/pacea-interioara-este-o-calatorie\/","url":"https:\/\/adra.md\/pacea-interioara-este-o-calatorie\/","name":"Pacea interioar\u0103 este o c\u0103l\u0103torie! - ADRA Moldova","isPartOf":{"@id":"https:\/\/adra.md\/#website"},"primaryImageOfPage":{"@id":"https:\/\/adra.md\/pacea-interioara-este-o-calatorie\/#primaryimage"},"image":{"@id":"https:\/\/adra.md\/pacea-interioara-este-o-calatorie\/#primaryimage"},"thumbnailUrl":"https:\/\/adra.md\/wp-content\/uploads\/2024\/04\/433678588_17943889409795376_6245295873220362583_n.jpg","datePublished":"2024-04-10T07:59:49+00:00","breadcrumb":{"@id":"https:\/\/adra.md\/pacea-interioara-este-o-calatorie\/#breadcrumb"},"inLanguage":"ru-RU","potentialAction":[{"@type":"ReadAction","target":["https:\/\/adra.md\/pacea-interioara-este-o-calatorie\/"]}]},{"@type":"ImageObject","inLanguage":"ru-RU","@id":"https:\/\/adra.md\/pacea-interioara-este-o-calatorie\/#primaryimage","url":"https:\/\/adra.md\/wp-content\/uploads\/2024\/04\/433678588_17943889409795376_6245295873220362583_n.jpg","contentUrl":"https:\/\/adra.md\/wp-content\/uploads\/2024\/04\/433678588_17943889409795376_6245295873220362583_n.jpg","width":1440,"height":1800},{"@type":"BreadcrumbList","@id":"https:\/\/adra.md\/pacea-interioara-este-o-calatorie\/#breadcrumb","itemListElement":[{"@type":"ListItem","position":1,"name":"Home","item":"https:\/\/adra.md\/"},{"@type":"ListItem","position":2,"name":"Pacea interioar\u0103 este o c\u0103l\u0103torie!"}]},{"@type":"WebSite","@id":"https:\/\/adra.md\/#website","url":"https:\/\/adra.md\/","name":"ADRA Moldova","description":"Agen\u0163ia Adventist\u0103 pentru Dezvoltare, Refacere \u015fi Ajutor","publisher":{"@id":"https:\/\/adra.md\/#organization"},"potentialAction":[{"@type":"SearchAction","target":{"@type":"EntryPoint","urlTemplate":"https:\/\/adra.md\/?s={search_term_string}"},"query-input":{"@type":"PropertyValueSpecification","valueRequired":true,"valueName":"search_term_string"}}],"inLanguage":"ru-RU"},{"@type":"Organization","@id":"https:\/\/adra.md\/#organization","name":"ADRA Moldova","url":"https:\/\/adra.md\/","logo":{"@type":"ImageObject","inLanguage":"ru-RU","@id":"https:\/\/adra.md\/#\/schema\/logo\/image\/","url":"https:\/\/adra.md\/wp-content\/uploads\/2019\/11\/group-435.png","contentUrl":"https:\/\/adra.md\/wp-content\/uploads\/2019\/11\/group-435.png","width":500,"height":133,"caption":"ADRA Moldova"},"image":{"@id":"https:\/\/adra.md\/#\/schema\/logo\/image\/"}},{"@type":"Person","@id":"https:\/\/adra.md\/#\/schema\/person\/b0181e611ee89738cefb7dc2db2bb8d1","name":"ADRA Moldova","url":"https:\/\/adra.md\/ru\/author\/andrei-girleanu\/"}]}},"_links":{"self":[{"href":"https:\/\/adra.md\/ru\/wp-json\/wp\/v2\/posts\/21131","targetHints":{"allow":["GET"]}}],"collection":[{"href":"https:\/\/adra.md\/ru\/wp-json\/wp\/v2\/posts"}],"about":[{"href":"https:\/\/adra.md\/ru\/wp-json\/wp\/v2\/types\/post"}],"author":[{"embeddable":true,"href":"https:\/\/adra.md\/ru\/wp-json\/wp\/v2\/users\/9"}],"replies":[{"embeddable":true,"href":"https:\/\/adra.md\/ru\/wp-json\/wp\/v2\/comments?post=21131"}],"version-history":[{"count":1,"href":"https:\/\/adra.md\/ru\/wp-json\/wp\/v2\/posts\/21131\/revisions"}],"predecessor-version":[{"id":21137,"href":"https:\/\/adra.md\/ru\/wp-json\/wp\/v2\/posts\/21131\/revisions\/21137"}],"wp:featuredmedia":[{"embeddable":true,"href":"https:\/\/adra.md\/ru\/wp-json\/wp\/v2\/media\/21133"}],"wp:attachment":[{"href":"https:\/\/adra.md\/ru\/wp-json\/wp\/v2\/media?parent=21131"}],"wp:term":[{"taxonomy":"category","embeddable":true,"href":"https:\/\/adra.md\/ru\/wp-json\/wp\/v2\/categories?post=21131"},{"taxonomy":"post_tag","embeddable":true,"href":"https:\/\/adra.md\/ru\/wp-json\/wp\/v2\/tags?post=21131"}],"curies":[{"name":"wp","href":"https:\/\/api.w.org\/{rel}","templated":true}]}}