{"id":21167,"date":"2024-05-30T17:51:34","date_gmt":"2024-05-30T17:51:34","guid":{"rendered":"https:\/\/adra.md\/?p=21167"},"modified":"2024-05-30T17:51:34","modified_gmt":"2024-05-30T17:51:34","slug":"pictura-pe-ceramica","status":"publish","type":"post","link":"https:\/\/adra.md\/ru\/pictura-pe-ceramica\/","title":{"rendered":"Pictura pe ceramic\u0103"},"content":{"rendered":"<div>\n<div class=\"x14vqqas x1a8lsjc\">\n<div class=\"x78zum5 xdt5ytf x4cne27 xifccgj\">\n<div class=\"xzueoph x1k70j0n\"><span class=\"x193iq5w xeuugli x13faqbe x1vvkbs xlh3980 xvmahel x1n0sxbx x1lliihq x1s928wv xhkezso x1gmr53x x1cpjm7i x1fgarty x1943h6x xudqn12 x41vudc x1603h9y x1u7k74 x1xlr1w8 xzsf02u x1yc453h\" dir=\"auto\">Wow<\/span><\/div>\n<\/div>\n<\/div>\n<\/div>\n<div>\n<div class=\"xjkvuk6 xuyqlj2 x1odjw0f\">\n<div class=\"xdj266r x11i5rnm xat24cr x1mh8g0r x1vvkbs\">\n<div dir=\"auto\">La pictura pe ceramic\u0103 am avut ocazia s\u0103 pict\u0103m de sine st\u0103t\u0103tor direct pe can\u0103, doar inspir\u00e2ndu-ne de pe alte imagini \u0219i asta ne-a f\u0103cut s\u0103 ne sim\u021bim adev\u0103ra\u021bi arti\u0219ti. Am \u00eenv\u0103\u021bat cum s\u0103 m\u00e2nuim pensula \u0219i conturul, care sunt etapele de preparare a unui desen de la schi\u021ba \u00een creion \u0219i p\u00e2n\u0103 la coacerea \u00een rol\u0103 pentru o rezisten\u021b\u0103 bun\u0103 a desenului. Fiecare a reu\u0219it s\u0103 \u00ee\u0219i creeze propriul set de can\u0103 cu farfurior\u0103 pentru dimine\u021bile de var\u0103 care stau s\u0103 vin\u0103 cur\u00e2nd.<\/div>\n<\/div>\n<div class=\"x11i5rnm xat24cr x1mh8g0r x1vvkbs xtlvy1s\">\n<div dir=\"auto\">Ie\u0219i din zona de confort, \u00eencearc\u0103 lucruri noi, fii pozitiiv, vino impreun\u0103 cu noi!<\/div>\n<\/div>\n<div class=\"x11i5rnm xat24cr x1mh8g0r x1vvkbs xtlvy1s\">\n<div dir=\"auto\"><span class=\"html-span xexx8yu x4uap5 x18d9i69 xkhd6sd x1hl2dhg x16tdsg8 x1vvkbs x3nfvp2 x1j61x8r x1fcty0u xdj266r xhhsvwb xat24cr xgzva0m xxymvpz xlup9mm x1kky2od\"><img decoding=\"async\" class=\"xz74otr\" src=\"https:\/\/static.xx.fbcdn.net\/images\/emoji.php\/v9\/t5c\/2\/16\/1f64f_1f3fd.png\" alt=\"\ud83d\ude4f\ud83c\udffd\" width=\"16\" height=\"16\" \/><\/span> Proiect sus\u021binut financiar de <span class=\"html-span xdj266r x11i5rnm xat24cr x1mh8g0r xexx8yu x4uap5 x18d9i69 xkhd6sd x1hl2dhg x16tdsg8 x1vvkbs\"><a class=\"x1i10hfl xjbqb8w x1ejq31n xd10rxx x1sy0etr x17r0tee x972fbf xcfux6l x1qhh985 xm0m39n x9f619 x1ypdohk xt0psk2 xe8uvvx xdj266r x11i5rnm xat24cr x1mh8g0r xexx8yu x4uap5 x18d9i69 xkhd6sd x16tdsg8 x1hl2dhg xggy1nq x1a2a7pz x1sur9pj xkrqix3 xzsf02u x1s688f\" tabindex=\"0\" role=\"link\" href=\"https:\/\/www.facebook.com\/norwegianrefugeecouncil?__cft__[0]=AZWrb2ZwXK-1ev7934FnITUrIKbdVvzvay24ms3b9-IKiHCHYLnzn2V9gkmRS_5rlt4RRCryAhIyw3shVlX7GxIQDWy9uUMkI5D472Fdo4_wIh7Iu-EIN6YBPzV_ZlzdIBIapXgoN81VHIxdlHdacPFL_Z-2jtUaJtJ9Y2llReNeJS_PVcWsphNKSlSyRcWY2ysgan9FRzor656Mj-7Mmsdg&amp;__tn__=-]K-R\">NRC &#8211; Norwegian Refugee Council<\/a><\/span><\/div>\n<\/div>\n<div dir=\"auto\"><\/div>\n<\/div>\n<\/div>\n<div style=\"width: 720px;\" class=\"wp-video\"><video class=\"wp-video-shortcode\" id=\"video-21167-1\" width=\"720\" height=\"1280\" preload=\"metadata\" controls=\"controls\"><source type=\"video\/mp4\" src=\"https:\/\/adra.md\/wp-content\/uploads\/2024\/05\/An9q65tN6fA0wL020UceLhsTzH6HHgqt_eBFxhPFttmLYDE897VKRKAgT9RMBqu6-laKBhW7sm7cf9dhN0uo2Eoy.mp4?_=1\" \/><a href=\"https:\/\/adra.md\/wp-content\/uploads\/2024\/05\/An9q65tN6fA0wL020UceLhsTzH6HHgqt_eBFxhPFttmLYDE897VKRKAgT9RMBqu6-laKBhW7sm7cf9dhN0uo2Eoy.mp4\">https:\/\/adra.md\/wp-content\/uploads\/2024\/05\/An9q65tN6fA0wL020UceLhsTzH6HHgqt_eBFxhPFttmLYDE897VKRKAgT9RMBqu6-laKBhW7sm7cf9dhN0uo2Eoy.mp4<\/a><\/video><\/div>\n","protected":false},"excerpt":{"rendered":"<p>Wow La pictura pe ceramic\u0103 am avut ocazia s\u0103 pict\u0103m de sine st\u0103t\u0103tor direct pe can\u0103, doar inspir\u00e2ndu-ne de pe alte imagini \u0219i asta ne-a f\u0103cut s\u0103 ne sim\u021bim adev\u0103ra\u021bi arti\u0219ti. Am \u00eenv\u0103\u021bat cum s\u0103 m\u00e2nuim pensula \u0219i conturul, care sunt etapele de preparare a unui desen de la schi\u021ba \u00een creion \u0219i p\u00e2n\u0103 la [&hellip;]<\/p>\n","protected":false},"author":9,"featured_media":21169,"comment_status":"closed","ping_status":"closed","sticky":false,"template":"","format":"standard","meta":{"_acf_changed":false,"footnotes":""},"categories":[294],"tags":[],"class_list":["post-21167","post","type-post","status-publish","format-standard","has-post-thumbnail","hentry","category-news"],"acf":[],"yoast_head":"<!-- This site is optimized with the Yoast SEO plugin v27.4 - https:\/\/yoast.com\/product\/yoast-seo-wordpress\/ -->\n<title>Pictura pe ceramic\u0103 - ADRA Moldova<\/title>\n<meta name=\"robots\" content=\"index, follow, max-snippet:-1, max-image-preview:large, max-video-preview:-1\" \/>\n<link rel=\"canonical\" href=\"https:\/\/adra.md\/ru\/pictura-pe-ceramica\/\" \/>\n<meta property=\"og:locale\" content=\"ru_RU\" \/>\n<meta property=\"og:type\" content=\"article\" \/>\n<meta property=\"og:title\" content=\"Pictura pe ceramic\u0103 - ADRA Moldova\" \/>\n<meta property=\"og:description\" content=\"Wow La pictura pe ceramic\u0103 am avut ocazia s\u0103 pict\u0103m de sine st\u0103t\u0103tor direct pe can\u0103, doar inspir\u00e2ndu-ne de pe alte imagini \u0219i asta ne-a f\u0103cut s\u0103 ne sim\u021bim adev\u0103ra\u021bi arti\u0219ti. Am \u00eenv\u0103\u021bat cum s\u0103 m\u00e2nuim pensula \u0219i conturul, care sunt etapele de preparare a unui desen de la schi\u021ba \u00een creion \u0219i p\u00e2n\u0103 la [&hellip;]\" \/>\n<meta property=\"og:url\" content=\"https:\/\/adra.md\/ru\/pictura-pe-ceramica\/\" \/>\n<meta property=\"og:site_name\" content=\"ADRA Moldova\" \/>\n<meta property=\"article:published_time\" content=\"2024-05-30T17:51:34+00:00\" \/>\n<meta property=\"og:image\" content=\"https:\/\/adra.md\/wp-content\/uploads\/2024\/05\/viber_image_2024-05-30_20-50-08-569.jpg\" \/>\n\t<meta property=\"og:image:width\" content=\"1600\" \/>\n\t<meta property=\"og:image:height\" content=\"900\" \/>\n\t<meta property=\"og:image:type\" content=\"image\/jpeg\" \/>\n<meta name=\"author\" content=\"ADRA Moldova\" \/>\n<meta name=\"twitter:card\" content=\"summary_large_image\" \/>\n<meta name=\"twitter:label1\" content=\"\u041d\u0430\u043f\u0438\u0441\u0430\u043d\u043e \u0430\u0432\u0442\u043e\u0440\u043e\u043c\" \/>\n\t<meta name=\"twitter:data1\" content=\"ADRA Moldova\" \/>\n\t<meta name=\"twitter:label2\" content=\"\u041f\u0440\u0438\u043c\u0435\u0440\u043d\u043e\u0435 \u0432\u0440\u0435\u043c\u044f \u0434\u043b\u044f \u0447\u0442\u0435\u043d\u0438\u044f\" \/>\n\t<meta name=\"twitter:data2\" content=\"1 \u043c\u0438\u043d\u0443\u0442\u0430\" \/>\n<script type=\"application\/ld+json\" class=\"yoast-schema-graph\">{\"@context\":\"https:\\\/\\\/schema.org\",\"@graph\":[{\"@type\":\"Article\",\"@id\":\"https:\\\/\\\/adra.md\\\/pictura-pe-ceramica\\\/#article\",\"isPartOf\":{\"@id\":\"https:\\\/\\\/adra.md\\\/pictura-pe-ceramica\\\/\"},\"author\":{\"name\":\"ADRA Moldova\",\"@id\":\"https:\\\/\\\/adra.md\\\/#\\\/schema\\\/person\\\/b0181e611ee89738cefb7dc2db2bb8d1\"},\"headline\":\"Pictura pe ceramic\u0103\",\"datePublished\":\"2024-05-30T17:51:34+00:00\",\"mainEntityOfPage\":{\"@id\":\"https:\\\/\\\/adra.md\\\/pictura-pe-ceramica\\\/\"},\"wordCount\":156,\"publisher\":{\"@id\":\"https:\\\/\\\/adra.md\\\/#organization\"},\"image\":{\"@id\":\"https:\\\/\\\/adra.md\\\/pictura-pe-ceramica\\\/#primaryimage\"},\"thumbnailUrl\":\"https:\\\/\\\/adra.md\\\/wp-content\\\/uploads\\\/2024\\\/05\\\/viber_image_2024-05-30_20-50-08-569.jpg\",\"articleSection\":[\"News\"],\"inLanguage\":\"ru-RU\"},{\"@type\":\"WebPage\",\"@id\":\"https:\\\/\\\/adra.md\\\/pictura-pe-ceramica\\\/\",\"url\":\"https:\\\/\\\/adra.md\\\/pictura-pe-ceramica\\\/\",\"name\":\"Pictura pe ceramic\u0103 - ADRA Moldova\",\"isPartOf\":{\"@id\":\"https:\\\/\\\/adra.md\\\/#website\"},\"primaryImageOfPage\":{\"@id\":\"https:\\\/\\\/adra.md\\\/pictura-pe-ceramica\\\/#primaryimage\"},\"image\":{\"@id\":\"https:\\\/\\\/adra.md\\\/pictura-pe-ceramica\\\/#primaryimage\"},\"thumbnailUrl\":\"https:\\\/\\\/adra.md\\\/wp-content\\\/uploads\\\/2024\\\/05\\\/viber_image_2024-05-30_20-50-08-569.jpg\",\"datePublished\":\"2024-05-30T17:51:34+00:00\",\"breadcrumb\":{\"@id\":\"https:\\\/\\\/adra.md\\\/pictura-pe-ceramica\\\/#breadcrumb\"},\"inLanguage\":\"ru-RU\",\"potentialAction\":[{\"@type\":\"ReadAction\",\"target\":[\"https:\\\/\\\/adra.md\\\/pictura-pe-ceramica\\\/\"]}]},{\"@type\":\"ImageObject\",\"inLanguage\":\"ru-RU\",\"@id\":\"https:\\\/\\\/adra.md\\\/pictura-pe-ceramica\\\/#primaryimage\",\"url\":\"https:\\\/\\\/adra.md\\\/wp-content\\\/uploads\\\/2024\\\/05\\\/viber_image_2024-05-30_20-50-08-569.jpg\",\"contentUrl\":\"https:\\\/\\\/adra.md\\\/wp-content\\\/uploads\\\/2024\\\/05\\\/viber_image_2024-05-30_20-50-08-569.jpg\",\"width\":1600,\"height\":900},{\"@type\":\"BreadcrumbList\",\"@id\":\"https:\\\/\\\/adra.md\\\/pictura-pe-ceramica\\\/#breadcrumb\",\"itemListElement\":[{\"@type\":\"ListItem\",\"position\":1,\"name\":\"Home\",\"item\":\"https:\\\/\\\/adra.md\\\/\"},{\"@type\":\"ListItem\",\"position\":2,\"name\":\"Pictura pe ceramic\u0103\"}]},{\"@type\":\"WebSite\",\"@id\":\"https:\\\/\\\/adra.md\\\/#website\",\"url\":\"https:\\\/\\\/adra.md\\\/\",\"name\":\"ADRA Moldova\",\"description\":\"Agen\u0163ia Adventist\u0103 pentru Dezvoltare, Refacere \u015fi Ajutor\",\"publisher\":{\"@id\":\"https:\\\/\\\/adra.md\\\/#organization\"},\"potentialAction\":[{\"@type\":\"SearchAction\",\"target\":{\"@type\":\"EntryPoint\",\"urlTemplate\":\"https:\\\/\\\/adra.md\\\/?s={search_term_string}\"},\"query-input\":{\"@type\":\"PropertyValueSpecification\",\"valueRequired\":true,\"valueName\":\"search_term_string\"}}],\"inLanguage\":\"ru-RU\"},{\"@type\":\"Organization\",\"@id\":\"https:\\\/\\\/adra.md\\\/#organization\",\"name\":\"ADRA Moldova\",\"url\":\"https:\\\/\\\/adra.md\\\/\",\"logo\":{\"@type\":\"ImageObject\",\"inLanguage\":\"ru-RU\",\"@id\":\"https:\\\/\\\/adra.md\\\/#\\\/schema\\\/logo\\\/image\\\/\",\"url\":\"https:\\\/\\\/adra.md\\\/wp-content\\\/uploads\\\/2019\\\/11\\\/group-435.png\",\"contentUrl\":\"https:\\\/\\\/adra.md\\\/wp-content\\\/uploads\\\/2019\\\/11\\\/group-435.png\",\"width\":500,\"height\":133,\"caption\":\"ADRA Moldova\"},\"image\":{\"@id\":\"https:\\\/\\\/adra.md\\\/#\\\/schema\\\/logo\\\/image\\\/\"}},{\"@type\":\"Person\",\"@id\":\"https:\\\/\\\/adra.md\\\/#\\\/schema\\\/person\\\/b0181e611ee89738cefb7dc2db2bb8d1\",\"name\":\"ADRA Moldova\",\"url\":\"https:\\\/\\\/adra.md\\\/ru\\\/author\\\/andrei-girleanu\\\/\"}]}<\/script>\n<!-- \/ Yoast SEO plugin. -->","yoast_head_json":{"title":"Pictura pe ceramic\u0103 - ADRA Moldova","robots":{"index":"index","follow":"follow","max-snippet":"max-snippet:-1","max-image-preview":"max-image-preview:large","max-video-preview":"max-video-preview:-1"},"canonical":"https:\/\/adra.md\/ru\/pictura-pe-ceramica\/","og_locale":"ru_RU","og_type":"article","og_title":"Pictura pe ceramic\u0103 - ADRA Moldova","og_description":"Wow La pictura pe ceramic\u0103 am avut ocazia s\u0103 pict\u0103m de sine st\u0103t\u0103tor direct pe can\u0103, doar inspir\u00e2ndu-ne de pe alte imagini \u0219i asta ne-a f\u0103cut s\u0103 ne sim\u021bim adev\u0103ra\u021bi arti\u0219ti. Am \u00eenv\u0103\u021bat cum s\u0103 m\u00e2nuim pensula \u0219i conturul, care sunt etapele de preparare a unui desen de la schi\u021ba \u00een creion \u0219i p\u00e2n\u0103 la [&hellip;]","og_url":"https:\/\/adra.md\/ru\/pictura-pe-ceramica\/","og_site_name":"ADRA Moldova","article_published_time":"2024-05-30T17:51:34+00:00","og_image":[{"width":1600,"height":900,"url":"https:\/\/adra.md\/wp-content\/uploads\/2024\/05\/viber_image_2024-05-30_20-50-08-569.jpg","type":"image\/jpeg"}],"author":"ADRA Moldova","twitter_card":"summary_large_image","twitter_misc":{"\u041d\u0430\u043f\u0438\u0441\u0430\u043d\u043e \u0430\u0432\u0442\u043e\u0440\u043e\u043c":"ADRA Moldova","\u041f\u0440\u0438\u043c\u0435\u0440\u043d\u043e\u0435 \u0432\u0440\u0435\u043c\u044f \u0434\u043b\u044f \u0447\u0442\u0435\u043d\u0438\u044f":"1 \u043c\u0438\u043d\u0443\u0442\u0430"},"schema":{"@context":"https:\/\/schema.org","@graph":[{"@type":"Article","@id":"https:\/\/adra.md\/pictura-pe-ceramica\/#article","isPartOf":{"@id":"https:\/\/adra.md\/pictura-pe-ceramica\/"},"author":{"name":"ADRA Moldova","@id":"https:\/\/adra.md\/#\/schema\/person\/b0181e611ee89738cefb7dc2db2bb8d1"},"headline":"Pictura pe ceramic\u0103","datePublished":"2024-05-30T17:51:34+00:00","mainEntityOfPage":{"@id":"https:\/\/adra.md\/pictura-pe-ceramica\/"},"wordCount":156,"publisher":{"@id":"https:\/\/adra.md\/#organization"},"image":{"@id":"https:\/\/adra.md\/pictura-pe-ceramica\/#primaryimage"},"thumbnailUrl":"https:\/\/adra.md\/wp-content\/uploads\/2024\/05\/viber_image_2024-05-30_20-50-08-569.jpg","articleSection":["News"],"inLanguage":"ru-RU"},{"@type":"WebPage","@id":"https:\/\/adra.md\/pictura-pe-ceramica\/","url":"https:\/\/adra.md\/pictura-pe-ceramica\/","name":"Pictura pe ceramic\u0103 - ADRA Moldova","isPartOf":{"@id":"https:\/\/adra.md\/#website"},"primaryImageOfPage":{"@id":"https:\/\/adra.md\/pictura-pe-ceramica\/#primaryimage"},"image":{"@id":"https:\/\/adra.md\/pictura-pe-ceramica\/#primaryimage"},"thumbnailUrl":"https:\/\/adra.md\/wp-content\/uploads\/2024\/05\/viber_image_2024-05-30_20-50-08-569.jpg","datePublished":"2024-05-30T17:51:34+00:00","breadcrumb":{"@id":"https:\/\/adra.md\/pictura-pe-ceramica\/#breadcrumb"},"inLanguage":"ru-RU","potentialAction":[{"@type":"ReadAction","target":["https:\/\/adra.md\/pictura-pe-ceramica\/"]}]},{"@type":"ImageObject","inLanguage":"ru-RU","@id":"https:\/\/adra.md\/pictura-pe-ceramica\/#primaryimage","url":"https:\/\/adra.md\/wp-content\/uploads\/2024\/05\/viber_image_2024-05-30_20-50-08-569.jpg","contentUrl":"https:\/\/adra.md\/wp-content\/uploads\/2024\/05\/viber_image_2024-05-30_20-50-08-569.jpg","width":1600,"height":900},{"@type":"BreadcrumbList","@id":"https:\/\/adra.md\/pictura-pe-ceramica\/#breadcrumb","itemListElement":[{"@type":"ListItem","position":1,"name":"Home","item":"https:\/\/adra.md\/"},{"@type":"ListItem","position":2,"name":"Pictura pe ceramic\u0103"}]},{"@type":"WebSite","@id":"https:\/\/adra.md\/#website","url":"https:\/\/adra.md\/","name":"ADRA Moldova","description":"Agen\u0163ia Adventist\u0103 pentru Dezvoltare, Refacere \u015fi Ajutor","publisher":{"@id":"https:\/\/adra.md\/#organization"},"potentialAction":[{"@type":"SearchAction","target":{"@type":"EntryPoint","urlTemplate":"https:\/\/adra.md\/?s={search_term_string}"},"query-input":{"@type":"PropertyValueSpecification","valueRequired":true,"valueName":"search_term_string"}}],"inLanguage":"ru-RU"},{"@type":"Organization","@id":"https:\/\/adra.md\/#organization","name":"ADRA Moldova","url":"https:\/\/adra.md\/","logo":{"@type":"ImageObject","inLanguage":"ru-RU","@id":"https:\/\/adra.md\/#\/schema\/logo\/image\/","url":"https:\/\/adra.md\/wp-content\/uploads\/2019\/11\/group-435.png","contentUrl":"https:\/\/adra.md\/wp-content\/uploads\/2019\/11\/group-435.png","width":500,"height":133,"caption":"ADRA Moldova"},"image":{"@id":"https:\/\/adra.md\/#\/schema\/logo\/image\/"}},{"@type":"Person","@id":"https:\/\/adra.md\/#\/schema\/person\/b0181e611ee89738cefb7dc2db2bb8d1","name":"ADRA Moldova","url":"https:\/\/adra.md\/ru\/author\/andrei-girleanu\/"}]}},"_links":{"self":[{"href":"https:\/\/adra.md\/ru\/wp-json\/wp\/v2\/posts\/21167","targetHints":{"allow":["GET"]}}],"collection":[{"href":"https:\/\/adra.md\/ru\/wp-json\/wp\/v2\/posts"}],"about":[{"href":"https:\/\/adra.md\/ru\/wp-json\/wp\/v2\/types\/post"}],"author":[{"embeddable":true,"href":"https:\/\/adra.md\/ru\/wp-json\/wp\/v2\/users\/9"}],"replies":[{"embeddable":true,"href":"https:\/\/adra.md\/ru\/wp-json\/wp\/v2\/comments?post=21167"}],"version-history":[{"count":1,"href":"https:\/\/adra.md\/ru\/wp-json\/wp\/v2\/posts\/21167\/revisions"}],"predecessor-version":[{"id":21170,"href":"https:\/\/adra.md\/ru\/wp-json\/wp\/v2\/posts\/21167\/revisions\/21170"}],"wp:featuredmedia":[{"embeddable":true,"href":"https:\/\/adra.md\/ru\/wp-json\/wp\/v2\/media\/21169"}],"wp:attachment":[{"href":"https:\/\/adra.md\/ru\/wp-json\/wp\/v2\/media?parent=21167"}],"wp:term":[{"taxonomy":"category","embeddable":true,"href":"https:\/\/adra.md\/ru\/wp-json\/wp\/v2\/categories?post=21167"},{"taxonomy":"post_tag","embeddable":true,"href":"https:\/\/adra.md\/ru\/wp-json\/wp\/v2\/tags?post=21167"}],"curies":[{"name":"wp","href":"https:\/\/api.w.org\/{rel}","templated":true}]}}