{"id":21179,"date":"2024-05-30T18:01:18","date_gmt":"2024-05-30T18:01:18","guid":{"rendered":"https:\/\/adra.md\/?p=21179"},"modified":"2024-05-30T18:01:18","modified_gmt":"2024-05-30T18:01:18","slug":"adra-si-refugiatii-din-ucraina-se-unesc-intr-un-cerc-de-impletit","status":"publish","type":"post","link":"https:\/\/adra.md\/ru\/adra-si-refugiatii-din-ucraina-se-unesc-intr-un-cerc-de-impletit\/","title":{"rendered":"ADRA \u0219i Refugia\u021bii din Ucraina Se Unesc \u00eentr-un Cerc de \u00cempletit"},"content":{"rendered":"<div class=\"xdj266r x11i5rnm xat24cr x1mh8g0r x1vvkbs x126k92a\">\n<div dir=\"auto\">ADRA \u0219i Refugia\u021bii din Ucraina Se Unesc \u00eentr-un Cerc de \u00cempletit<\/div>\n<\/div>\n<div class=\"x11i5rnm xat24cr x1mh8g0r x1vvkbs xtlvy1s x126k92a\">\n<div dir=\"auto\">ADRA \u00ee\u0219i deschide bra\u021bele c\u0103tre refugia\u021bii din Ucraina \u00eentr-o activitate inedit\u0103: un cerc de \u00eempletit. Ne propunem s\u0103 oferim oportunitatea de a crea leg\u0103turi \u0219i de a sprijini comunit\u0103\u021bile \u00een nevoie, prin intermediul activit\u0103\u021bilor recreative. La cercul nostru de \u00eempletit, vom \u00eenv\u0103\u021ba unii de la al\u021bii, vom \u00eemp\u0103rt\u0103\u0219i pove\u0219ti \u0219i vom crea amintiri frumoase.<\/div>\n<\/div>\n<div class=\"x11i5rnm xat24cr x1mh8g0r x1vvkbs xtlvy1s x126k92a\">\n<div dir=\"auto\">\u00cempreun\u0103 cu refugia\u021bii din Ucraina, vom transforma firele de l\u00e2n\u0103 \u00een simboluri ale solidarit\u0103\u021bii \u0219i rezilien\u021bei. Fiecare \u00eempletitur\u0103 este o expresie a sprijinului nostru \u0219i a dorin\u021bei noastre de a oferi un strop de alinare \u00een timpuri dificile.<\/div>\n<\/div>\n<div dir=\"auto\"><\/div>\n<div class=\"x11i5rnm xat24cr x1mh8g0r x1vvkbs xtlvy1s x126k92a\">\n<div dir=\"auto\"><span class=\"html-span xexx8yu x4uap5 x18d9i69 xkhd6sd x1hl2dhg x16tdsg8 x1vvkbs x3nfvp2 x1j61x8r x1fcty0u xdj266r xhhsvwb xat24cr xgzva0m xxymvpz xlup9mm x1kky2od\"><img decoding=\"async\" class=\"xz74otr\" src=\"https:\/\/static.xx.fbcdn.net\/images\/emoji.php\/v9\/t5c\/2\/16\/1f64f_1f3fd.png\" alt=\"\ud83d\ude4f\ud83c\udffd\" width=\"16\" height=\"16\" \/><\/span> Proiect sus\u021binut de <span class=\"html-span xdj266r x11i5rnm xat24cr x1mh8g0r xexx8yu x4uap5 x18d9i69 xkhd6sd x1hl2dhg x16tdsg8 x1vvkbs\"><a class=\"x1i10hfl xjbqb8w x1ejq31n xd10rxx x1sy0etr x17r0tee x972fbf xcfux6l x1qhh985 xm0m39n x9f619 x1ypdohk xt0psk2 xe8uvvx xdj266r x11i5rnm xat24cr x1mh8g0r xexx8yu x4uap5 x18d9i69 xkhd6sd x16tdsg8 x1hl2dhg xggy1nq x1a2a7pz x1sur9pj xkrqix3 x1fey0fg xo1l8bm\" tabindex=\"0\" role=\"link\" href=\"https:\/\/www.facebook.com\/norwegianrefugeecouncil?__cft__[0]=AZVqYqAl9hqX_gJosOisWPrUxbw0R7W7zVKyAZoGgf6I4gQTcFw2nvKdUTzWDWuxQeNQW39O35DZ2HTrIMmfET6rIoFEKMehkMCFRHqk3UIquaoI--68vmJA0pwA54w_VK5bYSUVyg9Q_Z6hinlTMpZGXLIObNWryDgdc110DX9L4p2yMsibofDizZAkRVqHi1GL9i4ii5NKCgwX0bsTgTatzdifs95jEyo1S8shmEKsRw&amp;__tn__=-]K-R\"><span class=\"xt0psk2\">NRC &#8211; Norwegian Refugee Council<\/span><\/a><\/span><\/div>\n<div dir=\"auto\"><\/div>\n<\/div>\n<div class=\"x11i5rnm xat24cr x1mh8g0r x1vvkbs xtlvy1s x126k92a\">\n<div dir=\"auto\"><span class=\"html-span xdj266r x11i5rnm xat24cr x1mh8g0r xexx8yu x4uap5 x18d9i69 xkhd6sd x1hl2dhg x16tdsg8 x1vvkbs\"><a class=\"x1i10hfl xjbqb8w x1ejq31n xd10rxx x1sy0etr x17r0tee x972fbf xcfux6l x1qhh985 xm0m39n x9f619 x1ypdohk xt0psk2 xe8uvvx xdj266r x11i5rnm xat24cr x1mh8g0r xexx8yu x4uap5 x18d9i69 xkhd6sd x16tdsg8 x1hl2dhg xggy1nq x1a2a7pz x1sur9pj xkrqix3 x1fey0fg xo1l8bm\" tabindex=\"0\" role=\"link\" href=\"https:\/\/www.facebook.com\/hashtag\/%C3%AEmpletindsperan%C8%9B%C4%83?__eep__=6&amp;__cft__[0]=AZVqYqAl9hqX_gJosOisWPrUxbw0R7W7zVKyAZoGgf6I4gQTcFw2nvKdUTzWDWuxQeNQW39O35DZ2HTrIMmfET6rIoFEKMehkMCFRHqk3UIquaoI--68vmJA0pwA54w_VK5bYSUVyg9Q_Z6hinlTMpZGXLIObNWryDgdc110DX9L4p2yMsibofDizZAkRVqHi1GL9i4ii5NKCgwX0bsTgTatzdifs95jEyo1S8shmEKsRw&amp;__tn__=*NK-R\">#\u00cempletindSperan\u021b\u0103<\/a><\/span> <span class=\"html-span xdj266r x11i5rnm xat24cr x1mh8g0r xexx8yu x4uap5 x18d9i69 xkhd6sd x1hl2dhg x16tdsg8 x1vvkbs\"><a class=\"x1i10hfl xjbqb8w x1ejq31n xd10rxx x1sy0etr x17r0tee x972fbf xcfux6l x1qhh985 xm0m39n x9f619 x1ypdohk xt0psk2 xe8uvvx xdj266r x11i5rnm xat24cr x1mh8g0r xexx8yu x4uap5 x18d9i69 xkhd6sd x16tdsg8 x1hl2dhg xggy1nq x1a2a7pz x1sur9pj xkrqix3 x1fey0fg xo1l8bm\" tabindex=\"0\" role=\"link\" href=\"https:\/\/www.facebook.com\/hashtag\/solidaritate?__eep__=6&amp;__cft__[0]=AZVqYqAl9hqX_gJosOisWPrUxbw0R7W7zVKyAZoGgf6I4gQTcFw2nvKdUTzWDWuxQeNQW39O35DZ2HTrIMmfET6rIoFEKMehkMCFRHqk3UIquaoI--68vmJA0pwA54w_VK5bYSUVyg9Q_Z6hinlTMpZGXLIObNWryDgdc110DX9L4p2yMsibofDizZAkRVqHi1GL9i4ii5NKCgwX0bsTgTatzdifs95jEyo1S8shmEKsRw&amp;__tn__=*NK-R\">#Solidaritate<\/a><\/span> <span class=\"html-span xdj266r x11i5rnm xat24cr x1mh8g0r xexx8yu x4uap5 x18d9i69 xkhd6sd x1hl2dhg x16tdsg8 x1vvkbs\"><a class=\"x1i10hfl xjbqb8w x1ejq31n xd10rxx x1sy0etr x17r0tee x972fbf xcfux6l x1qhh985 xm0m39n x9f619 x1ypdohk xt0psk2 xe8uvvx xdj266r x11i5rnm xat24cr x1mh8g0r xexx8yu x4uap5 x18d9i69 xkhd6sd x16tdsg8 x1hl2dhg xggy1nq x1a2a7pz x1sur9pj xkrqix3 x1fey0fg xo1l8bm\" tabindex=\"0\" role=\"link\" href=\"https:\/\/www.facebook.com\/hashtag\/refugia%C8%9Biucraineni?__eep__=6&amp;__cft__[0]=AZVqYqAl9hqX_gJosOisWPrUxbw0R7W7zVKyAZoGgf6I4gQTcFw2nvKdUTzWDWuxQeNQW39O35DZ2HTrIMmfET6rIoFEKMehkMCFRHqk3UIquaoI--68vmJA0pwA54w_VK5bYSUVyg9Q_Z6hinlTMpZGXLIObNWryDgdc110DX9L4p2yMsibofDizZAkRVqHi1GL9i4ii5NKCgwX0bsTgTatzdifs95jEyo1S8shmEKsRw&amp;__tn__=*NK-R\">#Refugia\u021biUcraineni<\/a><\/span> <span class=\"html-span xdj266r x11i5rnm xat24cr x1mh8g0r xexx8yu x4uap5 x18d9i69 xkhd6sd x1hl2dhg x16tdsg8 x1vvkbs\"><a class=\"x1i10hfl xjbqb8w x1ejq31n xd10rxx x1sy0etr x17r0tee x972fbf xcfux6l x1qhh985 xm0m39n x9f619 x1ypdohk xt0psk2 xe8uvvx xdj266r x11i5rnm xat24cr x1mh8g0r xexx8yu x4uap5 x18d9i69 xkhd6sd x16tdsg8 x1hl2dhg xggy1nq x1a2a7pz x1sur9pj xkrqix3 x1fey0fg xo1l8bm\" tabindex=\"0\" role=\"link\" href=\"https:\/\/www.facebook.com\/hashtag\/adra?__eep__=6&amp;__cft__[0]=AZVqYqAl9hqX_gJosOisWPrUxbw0R7W7zVKyAZoGgf6I4gQTcFw2nvKdUTzWDWuxQeNQW39O35DZ2HTrIMmfET6rIoFEKMehkMCFRHqk3UIquaoI--68vmJA0pwA54w_VK5bYSUVyg9Q_Z6hinlTMpZGXLIObNWryDgdc110DX9L4p2yMsibofDizZAkRVqHi1GL9i4ii5NKCgwX0bsTgTatzdifs95jEyo1S8shmEKsRw&amp;__tn__=*NK-R\">#ADRA<\/a><\/span> <span class=\"html-span xdj266r x11i5rnm xat24cr x1mh8g0r xexx8yu x4uap5 x18d9i69 xkhd6sd x1hl2dhg x16tdsg8 x1vvkbs\"><a class=\"x1i10hfl xjbqb8w x1ejq31n xd10rxx x1sy0etr x17r0tee x972fbf xcfux6l x1qhh985 xm0m39n x9f619 x1ypdohk xt0psk2 xe8uvvx xdj266r x11i5rnm xat24cr x1mh8g0r xexx8yu x4uap5 x18d9i69 xkhd6sd x16tdsg8 x1hl2dhg xggy1nq x1a2a7pz x1sur9pj xkrqix3 x1fey0fg xo1l8bm\" tabindex=\"0\" role=\"link\" href=\"https:\/\/www.facebook.com\/hashtag\/activit%C4%83%C8%9Birecreative?__eep__=6&amp;__cft__[0]=AZVqYqAl9hqX_gJosOisWPrUxbw0R7W7zVKyAZoGgf6I4gQTcFw2nvKdUTzWDWuxQeNQW39O35DZ2HTrIMmfET6rIoFEKMehkMCFRHqk3UIquaoI--68vmJA0pwA54w_VK5bYSUVyg9Q_Z6hinlTMpZGXLIObNWryDgdc110DX9L4p2yMsibofDizZAkRVqHi1GL9i4ii5NKCgwX0bsTgTatzdifs95jEyo1S8shmEKsRw&amp;__tn__=*NK-R\">#Activit\u0103\u021biRecreative<\/a><\/span><\/div>\n<\/div>\n<div dir=\"auto\"><\/div>\n<div dir=\"auto\">\u00a0 \u00a0 \u00a0 \u00a0 \u00a0 \u00a0<img fetchpriority=\"high\" decoding=\"async\" class=\"alignnone  wp-image-21180\" src=\"https:\/\/adra.md\/wp-content\/uploads\/2024\/05\/436238532_17946447581795376_3255869907751489205_n-300x300.jpg\" alt=\"\" width=\"260\" height=\"260\" srcset=\"https:\/\/adra.md\/wp-content\/uploads\/2024\/05\/436238532_17946447581795376_3255869907751489205_n-300x300.jpg 300w, https:\/\/adra.md\/wp-content\/uploads\/2024\/05\/436238532_17946447581795376_3255869907751489205_n-1024x1024.jpg 1024w, https:\/\/adra.md\/wp-content\/uploads\/2024\/05\/436238532_17946447581795376_3255869907751489205_n-150x150.jpg 150w, https:\/\/adra.md\/wp-content\/uploads\/2024\/05\/436238532_17946447581795376_3255869907751489205_n-768x768.jpg 768w, https:\/\/adra.md\/wp-content\/uploads\/2024\/05\/436238532_17946447581795376_3255869907751489205_n-12x12.jpg 12w, https:\/\/adra.md\/wp-content\/uploads\/2024\/05\/436238532_17946447581795376_3255869907751489205_n-100x100.jpg 100w, https:\/\/adra.md\/wp-content\/uploads\/2024\/05\/436238532_17946447581795376_3255869907751489205_n-50x50.jpg 50w, https:\/\/adra.md\/wp-content\/uploads\/2024\/05\/436238532_17946447581795376_3255869907751489205_n.jpg 1440w\" sizes=\"(max-width: 260px) 100vw, 260px\" \/>\u00a0 \u00a0<img decoding=\"async\" class=\"alignnone  wp-image-21181\" src=\"https:\/\/adra.md\/wp-content\/uploads\/2024\/05\/436301060_17946447572795376_4156639962028514030_n-300x300.jpg\" alt=\"\" width=\"256\" height=\"256\" srcset=\"https:\/\/adra.md\/wp-content\/uploads\/2024\/05\/436301060_17946447572795376_4156639962028514030_n-300x300.jpg 300w, https:\/\/adra.md\/wp-content\/uploads\/2024\/05\/436301060_17946447572795376_4156639962028514030_n-1024x1024.jpg 1024w, https:\/\/adra.md\/wp-content\/uploads\/2024\/05\/436301060_17946447572795376_4156639962028514030_n-150x150.jpg 150w, https:\/\/adra.md\/wp-content\/uploads\/2024\/05\/436301060_17946447572795376_4156639962028514030_n-768x768.jpg 768w, https:\/\/adra.md\/wp-content\/uploads\/2024\/05\/436301060_17946447572795376_4156639962028514030_n-12x12.jpg 12w, https:\/\/adra.md\/wp-content\/uploads\/2024\/05\/436301060_17946447572795376_4156639962028514030_n-100x100.jpg 100w, https:\/\/adra.md\/wp-content\/uploads\/2024\/05\/436301060_17946447572795376_4156639962028514030_n-50x50.jpg 50w, https:\/\/adra.md\/wp-content\/uploads\/2024\/05\/436301060_17946447572795376_4156639962028514030_n.jpg 1440w\" sizes=\"(max-width: 256px) 100vw, 256px\" \/>\u00a0 \u00a0<img loading=\"lazy\" decoding=\"async\" class=\"alignnone  wp-image-21182\" src=\"https:\/\/adra.md\/wp-content\/uploads\/2024\/05\/436333257_17946447563795376_2871584534735200698_n-300x300.jpg\" alt=\"\" width=\"256\" height=\"256\" srcset=\"https:\/\/adra.md\/wp-content\/uploads\/2024\/05\/436333257_17946447563795376_2871584534735200698_n-300x300.jpg 300w, https:\/\/adra.md\/wp-content\/uploads\/2024\/05\/436333257_17946447563795376_2871584534735200698_n-1024x1024.jpg 1024w, https:\/\/adra.md\/wp-content\/uploads\/2024\/05\/436333257_17946447563795376_2871584534735200698_n-150x150.jpg 150w, https:\/\/adra.md\/wp-content\/uploads\/2024\/05\/436333257_17946447563795376_2871584534735200698_n-768x768.jpg 768w, https:\/\/adra.md\/wp-content\/uploads\/2024\/05\/436333257_17946447563795376_2871584534735200698_n-12x12.jpg 12w, https:\/\/adra.md\/wp-content\/uploads\/2024\/05\/436333257_17946447563795376_2871584534735200698_n-100x100.jpg 100w, https:\/\/adra.md\/wp-content\/uploads\/2024\/05\/436333257_17946447563795376_2871584534735200698_n-50x50.jpg 50w, https:\/\/adra.md\/wp-content\/uploads\/2024\/05\/436333257_17946447563795376_2871584534735200698_n.jpg 1440w\" sizes=\"(max-width: 256px) 100vw, 256px\" \/>\u00a0\u00a0 <img loading=\"lazy\" decoding=\"async\" class=\"alignnone  wp-image-21183\" src=\"https:\/\/adra.md\/wp-content\/uploads\/2024\/05\/436614306_17946447590795376_8090158934482157129_n-300x300.jpg\" alt=\"\" width=\"256\" height=\"256\" srcset=\"https:\/\/adra.md\/wp-content\/uploads\/2024\/05\/436614306_17946447590795376_8090158934482157129_n-300x300.jpg 300w, https:\/\/adra.md\/wp-content\/uploads\/2024\/05\/436614306_17946447590795376_8090158934482157129_n-1024x1024.jpg 1024w, https:\/\/adra.md\/wp-content\/uploads\/2024\/05\/436614306_17946447590795376_8090158934482157129_n-150x150.jpg 150w, https:\/\/adra.md\/wp-content\/uploads\/2024\/05\/436614306_17946447590795376_8090158934482157129_n-768x768.jpg 768w, https:\/\/adra.md\/wp-content\/uploads\/2024\/05\/436614306_17946447590795376_8090158934482157129_n-12x12.jpg 12w, https:\/\/adra.md\/wp-content\/uploads\/2024\/05\/436614306_17946447590795376_8090158934482157129_n-100x100.jpg 100w, https:\/\/adra.md\/wp-content\/uploads\/2024\/05\/436614306_17946447590795376_8090158934482157129_n-50x50.jpg 50w, https:\/\/adra.md\/wp-content\/uploads\/2024\/05\/436614306_17946447590795376_8090158934482157129_n.jpg 1440w\" sizes=\"(max-width: 256px) 100vw, 256px\" \/><\/div>\n<div dir=\"auto\"><\/div>\n","protected":false},"excerpt":{"rendered":"<p>ADRA \u0219i Refugia\u021bii din Ucraina Se Unesc \u00eentr-un Cerc de \u00cempletit ADRA \u00ee\u0219i deschide bra\u021bele c\u0103tre refugia\u021bii din Ucraina \u00eentr-o activitate inedit\u0103: un cerc de \u00eempletit. Ne propunem s\u0103 oferim oportunitatea de a crea leg\u0103turi \u0219i de a sprijini comunit\u0103\u021bile \u00een nevoie, prin intermediul activit\u0103\u021bilor recreative. La cercul nostru de \u00eempletit, vom \u00eenv\u0103\u021ba unii de [&hellip;]<\/p>\n","protected":false},"author":9,"featured_media":21182,"comment_status":"closed","ping_status":"closed","sticky":false,"template":"","format":"standard","meta":{"_acf_changed":false,"footnotes":""},"categories":[294],"tags":[],"class_list":["post-21179","post","type-post","status-publish","format-standard","has-post-thumbnail","hentry","category-news"],"acf":[],"yoast_head":"<!-- This site is optimized with the Yoast SEO plugin v27.4 - https:\/\/yoast.com\/product\/yoast-seo-wordpress\/ -->\n<title>ADRA \u0219i Refugia\u021bii din Ucraina Se Unesc \u00eentr-un Cerc de \u00cempletit - ADRA Moldova<\/title>\n<meta name=\"robots\" content=\"index, follow, max-snippet:-1, max-image-preview:large, max-video-preview:-1\" \/>\n<link rel=\"canonical\" href=\"https:\/\/adra.md\/ru\/adra-si-refugiatii-din-ucraina-se-unesc-intr-un-cerc-de-impletit\/\" \/>\n<meta property=\"og:locale\" content=\"ru_RU\" \/>\n<meta property=\"og:type\" content=\"article\" \/>\n<meta property=\"og:title\" content=\"ADRA \u0219i Refugia\u021bii din Ucraina Se Unesc \u00eentr-un Cerc de \u00cempletit - ADRA Moldova\" \/>\n<meta property=\"og:description\" content=\"ADRA \u0219i Refugia\u021bii din Ucraina Se Unesc \u00eentr-un Cerc de \u00cempletit ADRA \u00ee\u0219i deschide bra\u021bele c\u0103tre refugia\u021bii din Ucraina \u00eentr-o activitate inedit\u0103: un cerc de \u00eempletit. Ne propunem s\u0103 oferim oportunitatea de a crea leg\u0103turi \u0219i de a sprijini comunit\u0103\u021bile \u00een nevoie, prin intermediul activit\u0103\u021bilor recreative. La cercul nostru de \u00eempletit, vom \u00eenv\u0103\u021ba unii de [&hellip;]\" \/>\n<meta property=\"og:url\" content=\"https:\/\/adra.md\/ru\/adra-si-refugiatii-din-ucraina-se-unesc-intr-un-cerc-de-impletit\/\" \/>\n<meta property=\"og:site_name\" content=\"ADRA Moldova\" \/>\n<meta property=\"article:published_time\" content=\"2024-05-30T18:01:18+00:00\" \/>\n<meta property=\"og:image\" content=\"https:\/\/adra.md\/wp-content\/uploads\/2024\/05\/436333257_17946447563795376_2871584534735200698_n.jpg\" \/>\n\t<meta property=\"og:image:width\" content=\"1440\" \/>\n\t<meta property=\"og:image:height\" content=\"1440\" \/>\n\t<meta property=\"og:image:type\" content=\"image\/jpeg\" \/>\n<meta name=\"author\" content=\"ADRA Moldova\" \/>\n<meta name=\"twitter:card\" content=\"summary_large_image\" \/>\n<meta name=\"twitter:label1\" content=\"\u041d\u0430\u043f\u0438\u0441\u0430\u043d\u043e \u0430\u0432\u0442\u043e\u0440\u043e\u043c\" \/>\n\t<meta name=\"twitter:data1\" content=\"ADRA Moldova\" \/>\n\t<meta name=\"twitter:label2\" content=\"\u041f\u0440\u0438\u043c\u0435\u0440\u043d\u043e\u0435 \u0432\u0440\u0435\u043c\u044f \u0434\u043b\u044f \u0447\u0442\u0435\u043d\u0438\u044f\" \/>\n\t<meta name=\"twitter:data2\" content=\"1 \u043c\u0438\u043d\u0443\u0442\u0430\" \/>\n<script type=\"application\/ld+json\" class=\"yoast-schema-graph\">{\"@context\":\"https:\\\/\\\/schema.org\",\"@graph\":[{\"@type\":\"Article\",\"@id\":\"https:\\\/\\\/adra.md\\\/adra-si-refugiatii-din-ucraina-se-unesc-intr-un-cerc-de-impletit\\\/#article\",\"isPartOf\":{\"@id\":\"https:\\\/\\\/adra.md\\\/adra-si-refugiatii-din-ucraina-se-unesc-intr-un-cerc-de-impletit\\\/\"},\"author\":{\"name\":\"ADRA Moldova\",\"@id\":\"https:\\\/\\\/adra.md\\\/#\\\/schema\\\/person\\\/b0181e611ee89738cefb7dc2db2bb8d1\"},\"headline\":\"ADRA \u0219i Refugia\u021bii din Ucraina Se Unesc \u00eentr-un Cerc de \u00cempletit\",\"datePublished\":\"2024-05-30T18:01:18+00:00\",\"mainEntityOfPage\":{\"@id\":\"https:\\\/\\\/adra.md\\\/adra-si-refugiatii-din-ucraina-se-unesc-intr-un-cerc-de-impletit\\\/\"},\"wordCount\":148,\"publisher\":{\"@id\":\"https:\\\/\\\/adra.md\\\/#organization\"},\"image\":{\"@id\":\"https:\\\/\\\/adra.md\\\/adra-si-refugiatii-din-ucraina-se-unesc-intr-un-cerc-de-impletit\\\/#primaryimage\"},\"thumbnailUrl\":\"https:\\\/\\\/adra.md\\\/wp-content\\\/uploads\\\/2024\\\/05\\\/436333257_17946447563795376_2871584534735200698_n.jpg\",\"articleSection\":[\"News\"],\"inLanguage\":\"ru-RU\"},{\"@type\":\"WebPage\",\"@id\":\"https:\\\/\\\/adra.md\\\/adra-si-refugiatii-din-ucraina-se-unesc-intr-un-cerc-de-impletit\\\/\",\"url\":\"https:\\\/\\\/adra.md\\\/adra-si-refugiatii-din-ucraina-se-unesc-intr-un-cerc-de-impletit\\\/\",\"name\":\"ADRA \u0219i Refugia\u021bii din Ucraina Se Unesc \u00eentr-un Cerc de \u00cempletit - ADRA Moldova\",\"isPartOf\":{\"@id\":\"https:\\\/\\\/adra.md\\\/#website\"},\"primaryImageOfPage\":{\"@id\":\"https:\\\/\\\/adra.md\\\/adra-si-refugiatii-din-ucraina-se-unesc-intr-un-cerc-de-impletit\\\/#primaryimage\"},\"image\":{\"@id\":\"https:\\\/\\\/adra.md\\\/adra-si-refugiatii-din-ucraina-se-unesc-intr-un-cerc-de-impletit\\\/#primaryimage\"},\"thumbnailUrl\":\"https:\\\/\\\/adra.md\\\/wp-content\\\/uploads\\\/2024\\\/05\\\/436333257_17946447563795376_2871584534735200698_n.jpg\",\"datePublished\":\"2024-05-30T18:01:18+00:00\",\"breadcrumb\":{\"@id\":\"https:\\\/\\\/adra.md\\\/adra-si-refugiatii-din-ucraina-se-unesc-intr-un-cerc-de-impletit\\\/#breadcrumb\"},\"inLanguage\":\"ru-RU\",\"potentialAction\":[{\"@type\":\"ReadAction\",\"target\":[\"https:\\\/\\\/adra.md\\\/adra-si-refugiatii-din-ucraina-se-unesc-intr-un-cerc-de-impletit\\\/\"]}]},{\"@type\":\"ImageObject\",\"inLanguage\":\"ru-RU\",\"@id\":\"https:\\\/\\\/adra.md\\\/adra-si-refugiatii-din-ucraina-se-unesc-intr-un-cerc-de-impletit\\\/#primaryimage\",\"url\":\"https:\\\/\\\/adra.md\\\/wp-content\\\/uploads\\\/2024\\\/05\\\/436333257_17946447563795376_2871584534735200698_n.jpg\",\"contentUrl\":\"https:\\\/\\\/adra.md\\\/wp-content\\\/uploads\\\/2024\\\/05\\\/436333257_17946447563795376_2871584534735200698_n.jpg\",\"width\":1440,\"height\":1440},{\"@type\":\"BreadcrumbList\",\"@id\":\"https:\\\/\\\/adra.md\\\/adra-si-refugiatii-din-ucraina-se-unesc-intr-un-cerc-de-impletit\\\/#breadcrumb\",\"itemListElement\":[{\"@type\":\"ListItem\",\"position\":1,\"name\":\"Home\",\"item\":\"https:\\\/\\\/adra.md\\\/\"},{\"@type\":\"ListItem\",\"position\":2,\"name\":\"ADRA \u0219i Refugia\u021bii din Ucraina Se Unesc \u00eentr-un Cerc de \u00cempletit\"}]},{\"@type\":\"WebSite\",\"@id\":\"https:\\\/\\\/adra.md\\\/#website\",\"url\":\"https:\\\/\\\/adra.md\\\/\",\"name\":\"ADRA Moldova\",\"description\":\"Agen\u0163ia Adventist\u0103 pentru Dezvoltare, Refacere \u015fi Ajutor\",\"publisher\":{\"@id\":\"https:\\\/\\\/adra.md\\\/#organization\"},\"potentialAction\":[{\"@type\":\"SearchAction\",\"target\":{\"@type\":\"EntryPoint\",\"urlTemplate\":\"https:\\\/\\\/adra.md\\\/?s={search_term_string}\"},\"query-input\":{\"@type\":\"PropertyValueSpecification\",\"valueRequired\":true,\"valueName\":\"search_term_string\"}}],\"inLanguage\":\"ru-RU\"},{\"@type\":\"Organization\",\"@id\":\"https:\\\/\\\/adra.md\\\/#organization\",\"name\":\"ADRA Moldova\",\"url\":\"https:\\\/\\\/adra.md\\\/\",\"logo\":{\"@type\":\"ImageObject\",\"inLanguage\":\"ru-RU\",\"@id\":\"https:\\\/\\\/adra.md\\\/#\\\/schema\\\/logo\\\/image\\\/\",\"url\":\"https:\\\/\\\/adra.md\\\/wp-content\\\/uploads\\\/2019\\\/11\\\/group-435.png\",\"contentUrl\":\"https:\\\/\\\/adra.md\\\/wp-content\\\/uploads\\\/2019\\\/11\\\/group-435.png\",\"width\":500,\"height\":133,\"caption\":\"ADRA Moldova\"},\"image\":{\"@id\":\"https:\\\/\\\/adra.md\\\/#\\\/schema\\\/logo\\\/image\\\/\"}},{\"@type\":\"Person\",\"@id\":\"https:\\\/\\\/adra.md\\\/#\\\/schema\\\/person\\\/b0181e611ee89738cefb7dc2db2bb8d1\",\"name\":\"ADRA Moldova\",\"url\":\"https:\\\/\\\/adra.md\\\/ru\\\/author\\\/andrei-girleanu\\\/\"}]}<\/script>\n<!-- \/ Yoast SEO plugin. -->","yoast_head_json":{"title":"ADRA \u0219i Refugia\u021bii din Ucraina Se Unesc \u00eentr-un Cerc de \u00cempletit - ADRA Moldova","robots":{"index":"index","follow":"follow","max-snippet":"max-snippet:-1","max-image-preview":"max-image-preview:large","max-video-preview":"max-video-preview:-1"},"canonical":"https:\/\/adra.md\/ru\/adra-si-refugiatii-din-ucraina-se-unesc-intr-un-cerc-de-impletit\/","og_locale":"ru_RU","og_type":"article","og_title":"ADRA \u0219i Refugia\u021bii din Ucraina Se Unesc \u00eentr-un Cerc de \u00cempletit - ADRA Moldova","og_description":"ADRA \u0219i Refugia\u021bii din Ucraina Se Unesc \u00eentr-un Cerc de \u00cempletit ADRA \u00ee\u0219i deschide bra\u021bele c\u0103tre refugia\u021bii din Ucraina \u00eentr-o activitate inedit\u0103: un cerc de \u00eempletit. Ne propunem s\u0103 oferim oportunitatea de a crea leg\u0103turi \u0219i de a sprijini comunit\u0103\u021bile \u00een nevoie, prin intermediul activit\u0103\u021bilor recreative. La cercul nostru de \u00eempletit, vom \u00eenv\u0103\u021ba unii de [&hellip;]","og_url":"https:\/\/adra.md\/ru\/adra-si-refugiatii-din-ucraina-se-unesc-intr-un-cerc-de-impletit\/","og_site_name":"ADRA Moldova","article_published_time":"2024-05-30T18:01:18+00:00","og_image":[{"width":1440,"height":1440,"url":"https:\/\/adra.md\/wp-content\/uploads\/2024\/05\/436333257_17946447563795376_2871584534735200698_n.jpg","type":"image\/jpeg"}],"author":"ADRA Moldova","twitter_card":"summary_large_image","twitter_misc":{"\u041d\u0430\u043f\u0438\u0441\u0430\u043d\u043e \u0430\u0432\u0442\u043e\u0440\u043e\u043c":"ADRA Moldova","\u041f\u0440\u0438\u043c\u0435\u0440\u043d\u043e\u0435 \u0432\u0440\u0435\u043c\u044f \u0434\u043b\u044f \u0447\u0442\u0435\u043d\u0438\u044f":"1 \u043c\u0438\u043d\u0443\u0442\u0430"},"schema":{"@context":"https:\/\/schema.org","@graph":[{"@type":"Article","@id":"https:\/\/adra.md\/adra-si-refugiatii-din-ucraina-se-unesc-intr-un-cerc-de-impletit\/#article","isPartOf":{"@id":"https:\/\/adra.md\/adra-si-refugiatii-din-ucraina-se-unesc-intr-un-cerc-de-impletit\/"},"author":{"name":"ADRA Moldova","@id":"https:\/\/adra.md\/#\/schema\/person\/b0181e611ee89738cefb7dc2db2bb8d1"},"headline":"ADRA \u0219i Refugia\u021bii din Ucraina Se Unesc \u00eentr-un Cerc de \u00cempletit","datePublished":"2024-05-30T18:01:18+00:00","mainEntityOfPage":{"@id":"https:\/\/adra.md\/adra-si-refugiatii-din-ucraina-se-unesc-intr-un-cerc-de-impletit\/"},"wordCount":148,"publisher":{"@id":"https:\/\/adra.md\/#organization"},"image":{"@id":"https:\/\/adra.md\/adra-si-refugiatii-din-ucraina-se-unesc-intr-un-cerc-de-impletit\/#primaryimage"},"thumbnailUrl":"https:\/\/adra.md\/wp-content\/uploads\/2024\/05\/436333257_17946447563795376_2871584534735200698_n.jpg","articleSection":["News"],"inLanguage":"ru-RU"},{"@type":"WebPage","@id":"https:\/\/adra.md\/adra-si-refugiatii-din-ucraina-se-unesc-intr-un-cerc-de-impletit\/","url":"https:\/\/adra.md\/adra-si-refugiatii-din-ucraina-se-unesc-intr-un-cerc-de-impletit\/","name":"ADRA \u0219i Refugia\u021bii din Ucraina Se Unesc \u00eentr-un Cerc de \u00cempletit - ADRA Moldova","isPartOf":{"@id":"https:\/\/adra.md\/#website"},"primaryImageOfPage":{"@id":"https:\/\/adra.md\/adra-si-refugiatii-din-ucraina-se-unesc-intr-un-cerc-de-impletit\/#primaryimage"},"image":{"@id":"https:\/\/adra.md\/adra-si-refugiatii-din-ucraina-se-unesc-intr-un-cerc-de-impletit\/#primaryimage"},"thumbnailUrl":"https:\/\/adra.md\/wp-content\/uploads\/2024\/05\/436333257_17946447563795376_2871584534735200698_n.jpg","datePublished":"2024-05-30T18:01:18+00:00","breadcrumb":{"@id":"https:\/\/adra.md\/adra-si-refugiatii-din-ucraina-se-unesc-intr-un-cerc-de-impletit\/#breadcrumb"},"inLanguage":"ru-RU","potentialAction":[{"@type":"ReadAction","target":["https:\/\/adra.md\/adra-si-refugiatii-din-ucraina-se-unesc-intr-un-cerc-de-impletit\/"]}]},{"@type":"ImageObject","inLanguage":"ru-RU","@id":"https:\/\/adra.md\/adra-si-refugiatii-din-ucraina-se-unesc-intr-un-cerc-de-impletit\/#primaryimage","url":"https:\/\/adra.md\/wp-content\/uploads\/2024\/05\/436333257_17946447563795376_2871584534735200698_n.jpg","contentUrl":"https:\/\/adra.md\/wp-content\/uploads\/2024\/05\/436333257_17946447563795376_2871584534735200698_n.jpg","width":1440,"height":1440},{"@type":"BreadcrumbList","@id":"https:\/\/adra.md\/adra-si-refugiatii-din-ucraina-se-unesc-intr-un-cerc-de-impletit\/#breadcrumb","itemListElement":[{"@type":"ListItem","position":1,"name":"Home","item":"https:\/\/adra.md\/"},{"@type":"ListItem","position":2,"name":"ADRA \u0219i Refugia\u021bii din Ucraina Se Unesc \u00eentr-un Cerc de \u00cempletit"}]},{"@type":"WebSite","@id":"https:\/\/adra.md\/#website","url":"https:\/\/adra.md\/","name":"ADRA Moldova","description":"Agen\u0163ia Adventist\u0103 pentru Dezvoltare, Refacere \u015fi Ajutor","publisher":{"@id":"https:\/\/adra.md\/#organization"},"potentialAction":[{"@type":"SearchAction","target":{"@type":"EntryPoint","urlTemplate":"https:\/\/adra.md\/?s={search_term_string}"},"query-input":{"@type":"PropertyValueSpecification","valueRequired":true,"valueName":"search_term_string"}}],"inLanguage":"ru-RU"},{"@type":"Organization","@id":"https:\/\/adra.md\/#organization","name":"ADRA Moldova","url":"https:\/\/adra.md\/","logo":{"@type":"ImageObject","inLanguage":"ru-RU","@id":"https:\/\/adra.md\/#\/schema\/logo\/image\/","url":"https:\/\/adra.md\/wp-content\/uploads\/2019\/11\/group-435.png","contentUrl":"https:\/\/adra.md\/wp-content\/uploads\/2019\/11\/group-435.png","width":500,"height":133,"caption":"ADRA Moldova"},"image":{"@id":"https:\/\/adra.md\/#\/schema\/logo\/image\/"}},{"@type":"Person","@id":"https:\/\/adra.md\/#\/schema\/person\/b0181e611ee89738cefb7dc2db2bb8d1","name":"ADRA Moldova","url":"https:\/\/adra.md\/ru\/author\/andrei-girleanu\/"}]}},"_links":{"self":[{"href":"https:\/\/adra.md\/ru\/wp-json\/wp\/v2\/posts\/21179","targetHints":{"allow":["GET"]}}],"collection":[{"href":"https:\/\/adra.md\/ru\/wp-json\/wp\/v2\/posts"}],"about":[{"href":"https:\/\/adra.md\/ru\/wp-json\/wp\/v2\/types\/post"}],"author":[{"embeddable":true,"href":"https:\/\/adra.md\/ru\/wp-json\/wp\/v2\/users\/9"}],"replies":[{"embeddable":true,"href":"https:\/\/adra.md\/ru\/wp-json\/wp\/v2\/comments?post=21179"}],"version-history":[{"count":1,"href":"https:\/\/adra.md\/ru\/wp-json\/wp\/v2\/posts\/21179\/revisions"}],"predecessor-version":[{"id":21184,"href":"https:\/\/adra.md\/ru\/wp-json\/wp\/v2\/posts\/21179\/revisions\/21184"}],"wp:featuredmedia":[{"embeddable":true,"href":"https:\/\/adra.md\/ru\/wp-json\/wp\/v2\/media\/21182"}],"wp:attachment":[{"href":"https:\/\/adra.md\/ru\/wp-json\/wp\/v2\/media?parent=21179"}],"wp:term":[{"taxonomy":"category","embeddable":true,"href":"https:\/\/adra.md\/ru\/wp-json\/wp\/v2\/categories?post=21179"},{"taxonomy":"post_tag","embeddable":true,"href":"https:\/\/adra.md\/ru\/wp-json\/wp\/v2\/tags?post=21179"}],"curies":[{"name":"wp","href":"https:\/\/api.w.org\/{rel}","templated":true}]}}