{"id":21236,"date":"2024-05-30T18:29:06","date_gmt":"2024-05-30T18:29:06","guid":{"rendered":"https:\/\/adra.md\/?p=21236"},"modified":"2024-05-30T18:29:06","modified_gmt":"2024-05-30T18:29:06","slug":"specificul-si-particularitatile-sanatatii-feminine","status":"publish","type":"post","link":"https:\/\/adra.md\/ru\/specificul-si-particularitatile-sanatatii-feminine\/","title":{"rendered":"\u201cSpecificul \u0219i particularit\u0103\u021bile s\u0103n\u0103t\u0103\u021bii feminine\u201d"},"content":{"rendered":"<div class=\"xdj266r x11i5rnm xat24cr x1mh8g0r x1vvkbs x126k92a\">\n<div dir=\"auto\">Cu bucurie anun\u021b\u0103m un seminar minunat despre \u201cSpecificul \u0219i particularit\u0103\u021bile s\u0103n\u0103t\u0103\u021bii feminine\u201d. Ne dorim ca fiecare femeie s\u0103 fie frumoas\u0103, s\u0103n\u0103toas\u0103 \u0219i \u00eemplinit\u0103!<\/div>\n<div dir=\"auto\">V\u0103 invit\u0103m \u00een aceast\u0103 s\u00e2mb\u0103t\u0103,<\/div>\n<div dir=\"auto\"><span class=\"html-span xexx8yu x4uap5 x18d9i69 xkhd6sd x1hl2dhg x16tdsg8 x1vvkbs x3nfvp2 x1j61x8r x1fcty0u xdj266r xhhsvwb xat24cr xgzva0m xxymvpz xlup9mm x1kky2od\"><img decoding=\"async\" class=\"xz74otr\" src=\"https:\/\/static.xx.fbcdn.net\/images\/emoji.php\/v9\/t1d\/2\/16\/1f4c5.png\" alt=\"\ud83d\udcc5\" width=\"16\" height=\"16\" \/><\/span> 25 mai 2024,<\/div>\n<div dir=\"auto\"><span class=\"html-span xexx8yu x4uap5 x18d9i69 xkhd6sd x1hl2dhg x16tdsg8 x1vvkbs x3nfvp2 x1j61x8r x1fcty0u xdj266r xhhsvwb xat24cr xgzva0m xxymvpz xlup9mm x1kky2od\"><img decoding=\"async\" class=\"xz74otr\" src=\"https:\/\/static.xx.fbcdn.net\/images\/emoji.php\/v9\/tb5\/2\/16\/23f0.png\" alt=\"\u23f0\" width=\"16\" height=\"16\" \/><\/span> ora 18.00,<\/div>\n<div dir=\"auto\">pentru comuniune \u00eempreun\u0103!<span class=\"html-span xexx8yu x4uap5 x18d9i69 xkhd6sd x1hl2dhg x16tdsg8 x1vvkbs x3nfvp2 x1j61x8r x1fcty0u xdj266r xhhsvwb xat24cr xgzva0m xxymvpz xlup9mm x1kky2od\"><img decoding=\"async\" class=\"xz74otr\" src=\"https:\/\/static.xx.fbcdn.net\/images\/emoji.php\/v9\/tb8\/2\/16\/1f49f.png\" alt=\"\ud83d\udc9f\" width=\"16\" height=\"16\" \/><\/span><\/div>\n<\/div>\n<div class=\"x11i5rnm xat24cr x1mh8g0r x1vvkbs xtlvy1s x126k92a\">\n<div dir=\"auto\"><span class=\"html-span xexx8yu x4uap5 x18d9i69 xkhd6sd x1hl2dhg x16tdsg8 x1vvkbs x3nfvp2 x1j61x8r x1fcty0u xdj266r xhhsvwb xat24cr xgzva0m xxymvpz xlup9mm x1kky2od\"><img loading=\"lazy\" decoding=\"async\" class=\"xz74otr\" src=\"https:\/\/static.xx.fbcdn.net\/images\/emoji.php\/v9\/t97\/2\/16\/1f3e2.png\" alt=\"\ud83c\udfe2\" width=\"16\" height=\"16\" \/><\/span> Loca\u021bia: str. Ion Neculce 59<\/div>\n<\/div>\n<div class=\"x11i5rnm xat24cr x1mh8g0r x1vvkbs xtlvy1s x126k92a\">\n<div dir=\"auto\">\u0420\u0430\u0434\u044b \u0441\u043e\u043e\u0431\u0449\u0438\u0442\u044c \u043e \u043f\u0440\u043e\u0432\u0435\u0434\u0435\u043d\u0438\u0438 \u0437\u0430\u043c\u0435\u0447\u0430\u0442\u0435\u043b\u044c\u043d\u043e\u0433\u043e \u0441\u0435\u043c\u0438\u043d\u0430\u0440\u0430 \u00ab\u041e\u0441\u043e\u0431\u0435\u043d\u043d\u043e\u0441\u0442\u0438 \u0436\u0435\u043d\u0441\u043a\u043e\u0433\u043e \u0437\u0434\u043e\u0440\u043e\u0432\u044c\u044f!\u00bb. \u041c\u044b \u0445\u043e\u0442\u0438\u043c, \u0447\u0442\u043e\u0431\u044b \u043a\u0430\u0436\u0434\u0430\u044f \u0436\u0435\u043d\u0449\u0438\u043d\u0430 \u0431\u044b\u043b\u0430 \u043a\u0440\u0430\u0441\u0438\u0432\u043e\u0439, \u0437\u0434\u043e\u0440\u043e\u0432\u043e\u0439 \u0438 \u043f\u043e\u043b\u043d\u043e\u0446\u0435\u043d\u043d\u043e\u0439!<\/div>\n<div dir=\"auto\">\u041f\u0440\u0438\u0433\u043b\u0430\u0448\u0430\u0435\u043c \u0432\u0430\u0441 \u0432 \u044d\u0442\u0443 \u0441\u0443\u0431\u0431\u043e\u0442\u0443,<\/div>\n<div dir=\"auto\"><span class=\"html-span xexx8yu x4uap5 x18d9i69 xkhd6sd x1hl2dhg x16tdsg8 x1vvkbs x3nfvp2 x1j61x8r x1fcty0u xdj266r xhhsvwb xat24cr xgzva0m xxymvpz xlup9mm x1kky2od\"><img decoding=\"async\" class=\"xz74otr\" src=\"https:\/\/static.xx.fbcdn.net\/images\/emoji.php\/v9\/t1d\/2\/16\/1f4c5.png\" alt=\"\ud83d\udcc5\" width=\"16\" height=\"16\" \/><\/span> 25 \u043c\u0430\u044f 2024 \u0433.,<\/div>\n<div dir=\"auto\"><span class=\"html-span xexx8yu x4uap5 x18d9i69 xkhd6sd x1hl2dhg x16tdsg8 x1vvkbs x3nfvp2 x1j61x8r x1fcty0u xdj266r xhhsvwb xat24cr xgzva0m xxymvpz xlup9mm x1kky2od\"><img decoding=\"async\" class=\"xz74otr\" src=\"https:\/\/static.xx.fbcdn.net\/images\/emoji.php\/v9\/tb5\/2\/16\/23f0.png\" alt=\"\u23f0\" width=\"16\" height=\"16\" \/><\/span> 18.00,<\/div>\n<div dir=\"auto\">\u0434\u043b\u044f \u043e\u0431\u0449\u0435\u043d\u0438\u044f \u0432\u043c\u0435\u0441\u0442\u0435!<span class=\"html-span xexx8yu x4uap5 x18d9i69 xkhd6sd x1hl2dhg x16tdsg8 x1vvkbs x3nfvp2 x1j61x8r x1fcty0u xdj266r xhhsvwb xat24cr xgzva0m xxymvpz xlup9mm x1kky2od\"><img decoding=\"async\" class=\"xz74otr\" src=\"https:\/\/static.xx.fbcdn.net\/images\/emoji.php\/v9\/tb8\/2\/16\/1f49f.png\" alt=\"\ud83d\udc9f\" width=\"16\" height=\"16\" \/><\/span><\/div>\n<\/div>\n<div class=\"x11i5rnm xat24cr x1mh8g0r x1vvkbs xtlvy1s x126k92a\">\n<div dir=\"auto\"><span class=\"html-span xexx8yu x4uap5 x18d9i69 xkhd6sd x1hl2dhg x16tdsg8 x1vvkbs x3nfvp2 x1j61x8r x1fcty0u xdj266r xhhsvwb xat24cr xgzva0m xxymvpz xlup9mm x1kky2od\"><img loading=\"lazy\" decoding=\"async\" class=\"xz74otr\" src=\"https:\/\/static.xx.fbcdn.net\/images\/emoji.php\/v9\/t97\/2\/16\/1f3e2.png\" alt=\"\ud83c\udfe2\" width=\"16\" height=\"16\" \/><\/span> \u041c\u0435\u0441\u0442\u043e\u043d\u0430\u0445\u043e\u0436\u0434\u0435\u043d\u0438\u0435: \u0443\u043b. \u0418\u043e\u043d \u041d\u0435\u043a\u0443\u043b\u0447\u0435, 59.<\/div>\n<\/div>\n<div dir=\"auto\"><img loading=\"lazy\" decoding=\"async\" class=\"alignnone size-medium wp-image-21237\" src=\"https:\/\/adra.md\/wp-content\/uploads\/2024\/05\/444137349_17951583536795376_5091922352800935082_n-300x300.jpg\" alt=\"\" width=\"300\" height=\"300\" srcset=\"https:\/\/adra.md\/wp-content\/uploads\/2024\/05\/444137349_17951583536795376_5091922352800935082_n-300x300.jpg 300w, https:\/\/adra.md\/wp-content\/uploads\/2024\/05\/444137349_17951583536795376_5091922352800935082_n-1024x1024.jpg 1024w, https:\/\/adra.md\/wp-content\/uploads\/2024\/05\/444137349_17951583536795376_5091922352800935082_n-150x150.jpg 150w, https:\/\/adra.md\/wp-content\/uploads\/2024\/05\/444137349_17951583536795376_5091922352800935082_n-768x768.jpg 768w, https:\/\/adra.md\/wp-content\/uploads\/2024\/05\/444137349_17951583536795376_5091922352800935082_n-12x12.jpg 12w, https:\/\/adra.md\/wp-content\/uploads\/2024\/05\/444137349_17951583536795376_5091922352800935082_n-100x100.jpg 100w, https:\/\/adra.md\/wp-content\/uploads\/2024\/05\/444137349_17951583536795376_5091922352800935082_n-50x50.jpg 50w, https:\/\/adra.md\/wp-content\/uploads\/2024\/05\/444137349_17951583536795376_5091922352800935082_n.jpg 1440w\" sizes=\"(max-width: 300px) 100vw, 300px\" \/> <img loading=\"lazy\" decoding=\"async\" class=\"alignnone size-medium wp-image-21238\" src=\"https:\/\/adra.md\/wp-content\/uploads\/2024\/05\/444138897_17951583527795376_8495789868790502188_n-300x300.jpg\" alt=\"\" width=\"300\" height=\"300\" srcset=\"https:\/\/adra.md\/wp-content\/uploads\/2024\/05\/444138897_17951583527795376_8495789868790502188_n-300x300.jpg 300w, https:\/\/adra.md\/wp-content\/uploads\/2024\/05\/444138897_17951583527795376_8495789868790502188_n-1024x1024.jpg 1024w, https:\/\/adra.md\/wp-content\/uploads\/2024\/05\/444138897_17951583527795376_8495789868790502188_n-150x150.jpg 150w, https:\/\/adra.md\/wp-content\/uploads\/2024\/05\/444138897_17951583527795376_8495789868790502188_n-768x768.jpg 768w, https:\/\/adra.md\/wp-content\/uploads\/2024\/05\/444138897_17951583527795376_8495789868790502188_n-12x12.jpg 12w, https:\/\/adra.md\/wp-content\/uploads\/2024\/05\/444138897_17951583527795376_8495789868790502188_n-100x100.jpg 100w, https:\/\/adra.md\/wp-content\/uploads\/2024\/05\/444138897_17951583527795376_8495789868790502188_n-50x50.jpg 50w, https:\/\/adra.md\/wp-content\/uploads\/2024\/05\/444138897_17951583527795376_8495789868790502188_n.jpg 1440w\" sizes=\"(max-width: 300px) 100vw, 300px\" \/><\/div>","protected":false},"excerpt":{"rendered":"<p>Cu bucurie anun\u021b\u0103m un seminar minunat despre \u201cSpecificul \u0219i particularit\u0103\u021bile s\u0103n\u0103t\u0103\u021bii feminine\u201d. Ne dorim ca fiecare femeie s\u0103 fie frumoas\u0103, s\u0103n\u0103toas\u0103 \u0219i \u00eemplinit\u0103! V\u0103 invit\u0103m \u00een aceast\u0103 s\u00e2mb\u0103t\u0103, 25 mai 2024, ora 18.00, pentru comuniune \u00eempreun\u0103! Loca\u021bia: str. Ion Neculce 59 \u0420\u0430\u0434\u044b \u0441\u043e\u043e\u0431\u0449\u0438\u0442\u044c \u043e \u043f\u0440\u043e\u0432\u0435\u0434\u0435\u043d\u0438\u0438 \u0437\u0430\u043c\u0435\u0447\u0430\u0442\u0435\u043b\u044c\u043d\u043e\u0433\u043e \u0441\u0435\u043c\u0438\u043d\u0430\u0440\u0430 \u00ab\u041e\u0441\u043e\u0431\u0435\u043d\u043d\u043e\u0441\u0442\u0438 \u0436\u0435\u043d\u0441\u043a\u043e\u0433\u043e \u0437\u0434\u043e\u0440\u043e\u0432\u044c\u044f!\u00bb. \u041c\u044b \u0445\u043e\u0442\u0438\u043c, \u0447\u0442\u043e\u0431\u044b \u043a\u0430\u0436\u0434\u0430\u044f \u0436\u0435\u043d\u0449\u0438\u043d\u0430 [&hellip;]<\/p>\n","protected":false},"author":9,"featured_media":21238,"comment_status":"closed","ping_status":"closed","sticky":false,"template":"","format":"standard","meta":{"_acf_changed":false,"footnotes":""},"categories":[294],"tags":[],"class_list":["post-21236","post","type-post","status-publish","format-standard","has-post-thumbnail","hentry","category-news"],"acf":[],"yoast_head":"<!-- This site is optimized with the Yoast SEO plugin v27.4 - https:\/\/yoast.com\/product\/yoast-seo-wordpress\/ -->\n<title>\u201cSpecificul \u0219i particularit\u0103\u021bile s\u0103n\u0103t\u0103\u021bii feminine\u201d - ADRA Moldova<\/title>\n<meta name=\"robots\" content=\"index, follow, max-snippet:-1, max-image-preview:large, max-video-preview:-1\" \/>\n<link rel=\"canonical\" href=\"https:\/\/adra.md\/ru\/specificul-si-particularitatile-sanatatii-feminine\/\" \/>\n<meta property=\"og:locale\" content=\"ru_RU\" \/>\n<meta property=\"og:type\" content=\"article\" \/>\n<meta property=\"og:title\" content=\"\u201cSpecificul \u0219i particularit\u0103\u021bile s\u0103n\u0103t\u0103\u021bii feminine\u201d - ADRA Moldova\" \/>\n<meta property=\"og:description\" content=\"Cu bucurie anun\u021b\u0103m un seminar minunat despre \u201cSpecificul \u0219i particularit\u0103\u021bile s\u0103n\u0103t\u0103\u021bii feminine\u201d. Ne dorim ca fiecare femeie s\u0103 fie frumoas\u0103, s\u0103n\u0103toas\u0103 \u0219i \u00eemplinit\u0103! V\u0103 invit\u0103m \u00een aceast\u0103 s\u00e2mb\u0103t\u0103, 25 mai 2024, ora 18.00, pentru comuniune \u00eempreun\u0103! Loca\u021bia: str. Ion Neculce 59 \u0420\u0430\u0434\u044b \u0441\u043e\u043e\u0431\u0449\u0438\u0442\u044c \u043e \u043f\u0440\u043e\u0432\u0435\u0434\u0435\u043d\u0438\u0438 \u0437\u0430\u043c\u0435\u0447\u0430\u0442\u0435\u043b\u044c\u043d\u043e\u0433\u043e \u0441\u0435\u043c\u0438\u043d\u0430\u0440\u0430 \u00ab\u041e\u0441\u043e\u0431\u0435\u043d\u043d\u043e\u0441\u0442\u0438 \u0436\u0435\u043d\u0441\u043a\u043e\u0433\u043e \u0437\u0434\u043e\u0440\u043e\u0432\u044c\u044f!\u00bb. \u041c\u044b \u0445\u043e\u0442\u0438\u043c, \u0447\u0442\u043e\u0431\u044b \u043a\u0430\u0436\u0434\u0430\u044f \u0436\u0435\u043d\u0449\u0438\u043d\u0430 [&hellip;]\" \/>\n<meta property=\"og:url\" content=\"https:\/\/adra.md\/ru\/specificul-si-particularitatile-sanatatii-feminine\/\" \/>\n<meta property=\"og:site_name\" content=\"ADRA Moldova\" \/>\n<meta property=\"article:published_time\" content=\"2024-05-30T18:29:06+00:00\" \/>\n<meta property=\"og:image\" content=\"https:\/\/adra.md\/wp-content\/uploads\/2024\/05\/444138897_17951583527795376_8495789868790502188_n.jpg\" \/>\n\t<meta property=\"og:image:width\" content=\"1440\" \/>\n\t<meta property=\"og:image:height\" content=\"1440\" \/>\n\t<meta property=\"og:image:type\" content=\"image\/jpeg\" \/>\n<meta name=\"author\" content=\"ADRA Moldova\" \/>\n<meta name=\"twitter:card\" content=\"summary_large_image\" \/>\n<meta name=\"twitter:label1\" content=\"\u041d\u0430\u043f\u0438\u0441\u0430\u043d\u043e \u0430\u0432\u0442\u043e\u0440\u043e\u043c\" \/>\n\t<meta name=\"twitter:data1\" content=\"ADRA Moldova\" \/>\n<script type=\"application\/ld+json\" class=\"yoast-schema-graph\">{\"@context\":\"https:\\\/\\\/schema.org\",\"@graph\":[{\"@type\":\"Article\",\"@id\":\"https:\\\/\\\/adra.md\\\/specificul-si-particularitatile-sanatatii-feminine\\\/#article\",\"isPartOf\":{\"@id\":\"https:\\\/\\\/adra.md\\\/specificul-si-particularitatile-sanatatii-feminine\\\/\"},\"author\":{\"name\":\"ADRA Moldova\",\"@id\":\"https:\\\/\\\/adra.md\\\/#\\\/schema\\\/person\\\/b0181e611ee89738cefb7dc2db2bb8d1\"},\"headline\":\"\u201cSpecificul \u0219i particularit\u0103\u021bile s\u0103n\u0103t\u0103\u021bii feminine\u201d\",\"datePublished\":\"2024-05-30T18:29:06+00:00\",\"mainEntityOfPage\":{\"@id\":\"https:\\\/\\\/adra.md\\\/specificul-si-particularitatile-sanatatii-feminine\\\/\"},\"wordCount\":103,\"publisher\":{\"@id\":\"https:\\\/\\\/adra.md\\\/#organization\"},\"image\":{\"@id\":\"https:\\\/\\\/adra.md\\\/specificul-si-particularitatile-sanatatii-feminine\\\/#primaryimage\"},\"thumbnailUrl\":\"https:\\\/\\\/adra.md\\\/wp-content\\\/uploads\\\/2024\\\/05\\\/444138897_17951583527795376_8495789868790502188_n.jpg\",\"articleSection\":[\"News\"],\"inLanguage\":\"ru-RU\"},{\"@type\":\"WebPage\",\"@id\":\"https:\\\/\\\/adra.md\\\/specificul-si-particularitatile-sanatatii-feminine\\\/\",\"url\":\"https:\\\/\\\/adra.md\\\/specificul-si-particularitatile-sanatatii-feminine\\\/\",\"name\":\"\u201cSpecificul \u0219i particularit\u0103\u021bile s\u0103n\u0103t\u0103\u021bii feminine\u201d - ADRA Moldova\",\"isPartOf\":{\"@id\":\"https:\\\/\\\/adra.md\\\/#website\"},\"primaryImageOfPage\":{\"@id\":\"https:\\\/\\\/adra.md\\\/specificul-si-particularitatile-sanatatii-feminine\\\/#primaryimage\"},\"image\":{\"@id\":\"https:\\\/\\\/adra.md\\\/specificul-si-particularitatile-sanatatii-feminine\\\/#primaryimage\"},\"thumbnailUrl\":\"https:\\\/\\\/adra.md\\\/wp-content\\\/uploads\\\/2024\\\/05\\\/444138897_17951583527795376_8495789868790502188_n.jpg\",\"datePublished\":\"2024-05-30T18:29:06+00:00\",\"breadcrumb\":{\"@id\":\"https:\\\/\\\/adra.md\\\/specificul-si-particularitatile-sanatatii-feminine\\\/#breadcrumb\"},\"inLanguage\":\"ru-RU\",\"potentialAction\":[{\"@type\":\"ReadAction\",\"target\":[\"https:\\\/\\\/adra.md\\\/specificul-si-particularitatile-sanatatii-feminine\\\/\"]}]},{\"@type\":\"ImageObject\",\"inLanguage\":\"ru-RU\",\"@id\":\"https:\\\/\\\/adra.md\\\/specificul-si-particularitatile-sanatatii-feminine\\\/#primaryimage\",\"url\":\"https:\\\/\\\/adra.md\\\/wp-content\\\/uploads\\\/2024\\\/05\\\/444138897_17951583527795376_8495789868790502188_n.jpg\",\"contentUrl\":\"https:\\\/\\\/adra.md\\\/wp-content\\\/uploads\\\/2024\\\/05\\\/444138897_17951583527795376_8495789868790502188_n.jpg\",\"width\":1440,\"height\":1440},{\"@type\":\"BreadcrumbList\",\"@id\":\"https:\\\/\\\/adra.md\\\/specificul-si-particularitatile-sanatatii-feminine\\\/#breadcrumb\",\"itemListElement\":[{\"@type\":\"ListItem\",\"position\":1,\"name\":\"Home\",\"item\":\"https:\\\/\\\/adra.md\\\/\"},{\"@type\":\"ListItem\",\"position\":2,\"name\":\"\u201cSpecificul \u0219i particularit\u0103\u021bile s\u0103n\u0103t\u0103\u021bii feminine\u201d\"}]},{\"@type\":\"WebSite\",\"@id\":\"https:\\\/\\\/adra.md\\\/#website\",\"url\":\"https:\\\/\\\/adra.md\\\/\",\"name\":\"ADRA Moldova\",\"description\":\"Agen\u0163ia Adventist\u0103 pentru Dezvoltare, Refacere \u015fi Ajutor\",\"publisher\":{\"@id\":\"https:\\\/\\\/adra.md\\\/#organization\"},\"potentialAction\":[{\"@type\":\"SearchAction\",\"target\":{\"@type\":\"EntryPoint\",\"urlTemplate\":\"https:\\\/\\\/adra.md\\\/?s={search_term_string}\"},\"query-input\":{\"@type\":\"PropertyValueSpecification\",\"valueRequired\":true,\"valueName\":\"search_term_string\"}}],\"inLanguage\":\"ru-RU\"},{\"@type\":\"Organization\",\"@id\":\"https:\\\/\\\/adra.md\\\/#organization\",\"name\":\"ADRA Moldova\",\"url\":\"https:\\\/\\\/adra.md\\\/\",\"logo\":{\"@type\":\"ImageObject\",\"inLanguage\":\"ru-RU\",\"@id\":\"https:\\\/\\\/adra.md\\\/#\\\/schema\\\/logo\\\/image\\\/\",\"url\":\"https:\\\/\\\/adra.md\\\/wp-content\\\/uploads\\\/2019\\\/11\\\/group-435.png\",\"contentUrl\":\"https:\\\/\\\/adra.md\\\/wp-content\\\/uploads\\\/2019\\\/11\\\/group-435.png\",\"width\":500,\"height\":133,\"caption\":\"ADRA Moldova\"},\"image\":{\"@id\":\"https:\\\/\\\/adra.md\\\/#\\\/schema\\\/logo\\\/image\\\/\"}},{\"@type\":\"Person\",\"@id\":\"https:\\\/\\\/adra.md\\\/#\\\/schema\\\/person\\\/b0181e611ee89738cefb7dc2db2bb8d1\",\"name\":\"ADRA Moldova\",\"url\":\"https:\\\/\\\/adra.md\\\/ru\\\/author\\\/andrei-girleanu\\\/\"}]}<\/script>\n<!-- \/ Yoast SEO plugin. -->","yoast_head_json":{"title":"\u201cSpecificul \u0219i particularit\u0103\u021bile s\u0103n\u0103t\u0103\u021bii feminine\u201d - ADRA Moldova","robots":{"index":"index","follow":"follow","max-snippet":"max-snippet:-1","max-image-preview":"max-image-preview:large","max-video-preview":"max-video-preview:-1"},"canonical":"https:\/\/adra.md\/ru\/specificul-si-particularitatile-sanatatii-feminine\/","og_locale":"ru_RU","og_type":"article","og_title":"\u201cSpecificul \u0219i particularit\u0103\u021bile s\u0103n\u0103t\u0103\u021bii feminine\u201d - ADRA Moldova","og_description":"Cu bucurie anun\u021b\u0103m un seminar minunat despre \u201cSpecificul \u0219i particularit\u0103\u021bile s\u0103n\u0103t\u0103\u021bii feminine\u201d. Ne dorim ca fiecare femeie s\u0103 fie frumoas\u0103, s\u0103n\u0103toas\u0103 \u0219i \u00eemplinit\u0103! V\u0103 invit\u0103m \u00een aceast\u0103 s\u00e2mb\u0103t\u0103, 25 mai 2024, ora 18.00, pentru comuniune \u00eempreun\u0103! Loca\u021bia: str. Ion Neculce 59 \u0420\u0430\u0434\u044b \u0441\u043e\u043e\u0431\u0449\u0438\u0442\u044c \u043e \u043f\u0440\u043e\u0432\u0435\u0434\u0435\u043d\u0438\u0438 \u0437\u0430\u043c\u0435\u0447\u0430\u0442\u0435\u043b\u044c\u043d\u043e\u0433\u043e \u0441\u0435\u043c\u0438\u043d\u0430\u0440\u0430 \u00ab\u041e\u0441\u043e\u0431\u0435\u043d\u043d\u043e\u0441\u0442\u0438 \u0436\u0435\u043d\u0441\u043a\u043e\u0433\u043e \u0437\u0434\u043e\u0440\u043e\u0432\u044c\u044f!\u00bb. \u041c\u044b \u0445\u043e\u0442\u0438\u043c, \u0447\u0442\u043e\u0431\u044b \u043a\u0430\u0436\u0434\u0430\u044f \u0436\u0435\u043d\u0449\u0438\u043d\u0430 [&hellip;]","og_url":"https:\/\/adra.md\/ru\/specificul-si-particularitatile-sanatatii-feminine\/","og_site_name":"ADRA Moldova","article_published_time":"2024-05-30T18:29:06+00:00","og_image":[{"width":1440,"height":1440,"url":"https:\/\/adra.md\/wp-content\/uploads\/2024\/05\/444138897_17951583527795376_8495789868790502188_n.jpg","type":"image\/jpeg"}],"author":"ADRA Moldova","twitter_card":"summary_large_image","twitter_misc":{"\u041d\u0430\u043f\u0438\u0441\u0430\u043d\u043e \u0430\u0432\u0442\u043e\u0440\u043e\u043c":"ADRA Moldova"},"schema":{"@context":"https:\/\/schema.org","@graph":[{"@type":"Article","@id":"https:\/\/adra.md\/specificul-si-particularitatile-sanatatii-feminine\/#article","isPartOf":{"@id":"https:\/\/adra.md\/specificul-si-particularitatile-sanatatii-feminine\/"},"author":{"name":"ADRA Moldova","@id":"https:\/\/adra.md\/#\/schema\/person\/b0181e611ee89738cefb7dc2db2bb8d1"},"headline":"\u201cSpecificul \u0219i particularit\u0103\u021bile s\u0103n\u0103t\u0103\u021bii feminine\u201d","datePublished":"2024-05-30T18:29:06+00:00","mainEntityOfPage":{"@id":"https:\/\/adra.md\/specificul-si-particularitatile-sanatatii-feminine\/"},"wordCount":103,"publisher":{"@id":"https:\/\/adra.md\/#organization"},"image":{"@id":"https:\/\/adra.md\/specificul-si-particularitatile-sanatatii-feminine\/#primaryimage"},"thumbnailUrl":"https:\/\/adra.md\/wp-content\/uploads\/2024\/05\/444138897_17951583527795376_8495789868790502188_n.jpg","articleSection":["News"],"inLanguage":"ru-RU"},{"@type":"WebPage","@id":"https:\/\/adra.md\/specificul-si-particularitatile-sanatatii-feminine\/","url":"https:\/\/adra.md\/specificul-si-particularitatile-sanatatii-feminine\/","name":"\u201cSpecificul \u0219i particularit\u0103\u021bile s\u0103n\u0103t\u0103\u021bii feminine\u201d - ADRA Moldova","isPartOf":{"@id":"https:\/\/adra.md\/#website"},"primaryImageOfPage":{"@id":"https:\/\/adra.md\/specificul-si-particularitatile-sanatatii-feminine\/#primaryimage"},"image":{"@id":"https:\/\/adra.md\/specificul-si-particularitatile-sanatatii-feminine\/#primaryimage"},"thumbnailUrl":"https:\/\/adra.md\/wp-content\/uploads\/2024\/05\/444138897_17951583527795376_8495789868790502188_n.jpg","datePublished":"2024-05-30T18:29:06+00:00","breadcrumb":{"@id":"https:\/\/adra.md\/specificul-si-particularitatile-sanatatii-feminine\/#breadcrumb"},"inLanguage":"ru-RU","potentialAction":[{"@type":"ReadAction","target":["https:\/\/adra.md\/specificul-si-particularitatile-sanatatii-feminine\/"]}]},{"@type":"ImageObject","inLanguage":"ru-RU","@id":"https:\/\/adra.md\/specificul-si-particularitatile-sanatatii-feminine\/#primaryimage","url":"https:\/\/adra.md\/wp-content\/uploads\/2024\/05\/444138897_17951583527795376_8495789868790502188_n.jpg","contentUrl":"https:\/\/adra.md\/wp-content\/uploads\/2024\/05\/444138897_17951583527795376_8495789868790502188_n.jpg","width":1440,"height":1440},{"@type":"BreadcrumbList","@id":"https:\/\/adra.md\/specificul-si-particularitatile-sanatatii-feminine\/#breadcrumb","itemListElement":[{"@type":"ListItem","position":1,"name":"Home","item":"https:\/\/adra.md\/"},{"@type":"ListItem","position":2,"name":"\u201cSpecificul \u0219i particularit\u0103\u021bile s\u0103n\u0103t\u0103\u021bii feminine\u201d"}]},{"@type":"WebSite","@id":"https:\/\/adra.md\/#website","url":"https:\/\/adra.md\/","name":"ADRA Moldova","description":"Agen\u0163ia Adventist\u0103 pentru Dezvoltare, Refacere \u015fi Ajutor","publisher":{"@id":"https:\/\/adra.md\/#organization"},"potentialAction":[{"@type":"SearchAction","target":{"@type":"EntryPoint","urlTemplate":"https:\/\/adra.md\/?s={search_term_string}"},"query-input":{"@type":"PropertyValueSpecification","valueRequired":true,"valueName":"search_term_string"}}],"inLanguage":"ru-RU"},{"@type":"Organization","@id":"https:\/\/adra.md\/#organization","name":"ADRA Moldova","url":"https:\/\/adra.md\/","logo":{"@type":"ImageObject","inLanguage":"ru-RU","@id":"https:\/\/adra.md\/#\/schema\/logo\/image\/","url":"https:\/\/adra.md\/wp-content\/uploads\/2019\/11\/group-435.png","contentUrl":"https:\/\/adra.md\/wp-content\/uploads\/2019\/11\/group-435.png","width":500,"height":133,"caption":"ADRA Moldova"},"image":{"@id":"https:\/\/adra.md\/#\/schema\/logo\/image\/"}},{"@type":"Person","@id":"https:\/\/adra.md\/#\/schema\/person\/b0181e611ee89738cefb7dc2db2bb8d1","name":"ADRA Moldova","url":"https:\/\/adra.md\/ru\/author\/andrei-girleanu\/"}]}},"_links":{"self":[{"href":"https:\/\/adra.md\/ru\/wp-json\/wp\/v2\/posts\/21236","targetHints":{"allow":["GET"]}}],"collection":[{"href":"https:\/\/adra.md\/ru\/wp-json\/wp\/v2\/posts"}],"about":[{"href":"https:\/\/adra.md\/ru\/wp-json\/wp\/v2\/types\/post"}],"author":[{"embeddable":true,"href":"https:\/\/adra.md\/ru\/wp-json\/wp\/v2\/users\/9"}],"replies":[{"embeddable":true,"href":"https:\/\/adra.md\/ru\/wp-json\/wp\/v2\/comments?post=21236"}],"version-history":[{"count":1,"href":"https:\/\/adra.md\/ru\/wp-json\/wp\/v2\/posts\/21236\/revisions"}],"predecessor-version":[{"id":21239,"href":"https:\/\/adra.md\/ru\/wp-json\/wp\/v2\/posts\/21236\/revisions\/21239"}],"wp:featuredmedia":[{"embeddable":true,"href":"https:\/\/adra.md\/ru\/wp-json\/wp\/v2\/media\/21238"}],"wp:attachment":[{"href":"https:\/\/adra.md\/ru\/wp-json\/wp\/v2\/media?parent=21236"}],"wp:term":[{"taxonomy":"category","embeddable":true,"href":"https:\/\/adra.md\/ru\/wp-json\/wp\/v2\/categories?post=21236"},{"taxonomy":"post_tag","embeddable":true,"href":"https:\/\/adra.md\/ru\/wp-json\/wp\/v2\/tags?post=21236"}],"curies":[{"name":"wp","href":"https:\/\/api.w.org\/{rel}","templated":true}]}}