{"id":21245,"date":"2024-05-30T18:36:17","date_gmt":"2024-05-30T18:36:17","guid":{"rendered":"https:\/\/adra.md\/?p=21245"},"modified":"2024-05-30T18:36:17","modified_gmt":"2024-05-30T18:36:17","slug":"luna-mai-a-fost-plina-de-evenimente-si-activitati-pentru-echipa-adra-moldova","status":"publish","type":"post","link":"https:\/\/adra.md\/ru\/luna-mai-a-fost-plina-de-evenimente-si-activitati-pentru-echipa-adra-moldova\/","title":{"rendered":"Luna mai a fost plin\u0103 de evenimente \u0219i activit\u0103\u021bi pentru echipa ADRA Moldova"},"content":{"rendered":"<p>Luna mai a fost plin\u0103 de evenimente \u0219i activit\u0103\u021bi pentru echipa ADRA Moldova.<br \/>\nUnul dintre aceste evenimente a fost vizita de lucru a echipei de conducere ADRA International \u00een frunte cu:<br \/>\nPre\u0219edintele organiza\u021biei Michael Kruger, \u00eenso\u021bit de Vicepre\u0219edintele pe Dezvoltare Matthew Siliga, consilierul pre\u0219edintelui Tkachuk Vladimir \u0219i membrul consiliului de Administrare ADRA EAD \u0219i donator pentru organiza\u021bie &#8211; Chudin Semen.<\/p>\n<p>Am vizitat \u00eempreun\u0103 proiectele ADRA Moldova, inclusiv Centrul de plasament temporar pentru copii afla\u021bi \u00een situa\u021bie de risc \u201eCurcubeul Speran\u021bei\u201d \u00een care ADRA Interna\u021bional a vut un rol \u00eenc\u0103 de la crearea centrului cu 24 ani \u00een urm\u0103, fiind unul din donatorii constan\u021bi \u00een aceast\u0103 perioad\u0103 de timp.<br \/>\nProiectul Centrului Educa\u021bional Agricol a fost de un deosebit interes pentru partenerii ADRA Interna\u021bional, v\u0103z\u00e2nd \u00een acest proiect posibilitate de cre\u0219tere \u0219i generare de profit pentru ADRA Moldova.<br \/>\n\u00cen timpul vizitei la unul dintre Centrele Comunitare ADRA de asisten\u021b\u0103 pentru refugia\u021bii din Ucraina, oaspe\u021bii au folosit ocazia de a comunica cu beneficiarii finali, care \u00een acel timp aveau \u00eent\u00eelnirea s\u0103pt\u0103m\u00e2nal\u0103.<br \/>\nVizita a inclus \u0219i o \u00eent\u00e2lnire productiv\u0103 la unul din partenerii no\u0219tri strategici, Biserica Adventist\u0103 de ziua a \u0218aptea, unde am discutat despre modelele eficiente de cooperare \u0219i le-am mul\u021bumit pentru suportul considerabil \u00een efortul ADRA de a r\u0103spunde la fluxul de refugia\u021bi din Ucraina.<br \/>\nDeoarece ADRA la nivel global implementeaz\u0103 numeroase proiecte \u00een domeniul agricol, a fost organizat\u0103 o \u00eent\u00e2lnire cu Ministerul Agriculturii \u0219i Industriei Alimentare. La aceast\u0103 \u00eent\u00e2lnire au participat Ministrul Vladimir Bolea \u0219i secretarii de stat Alexandra \u0218ian \u0219i Andrian Digolean. \u00cent\u00e2lnirea a avut ca scop explorarea domeniilor de eventual\u0103 cooperare.<br \/>\nUn moment deosebit a fost \u00eent\u00e2lnirea echipei ADRA Moldova cu oaspe\u021bii no\u0219tri. Pre\u0219edintele a mul\u021bumit echipei ADRA Moldova pentru activitatea ei \u00een beneficiul oamenilor din Republica Moldova \u0219i nu doar. La r\u00eendul nostru am mul\u021bumit reprezentan\u021bilor ADRA Interna\u021bional pentru cooperarea productiv\u0103 pe parcursul ultimilor 25 de ani.<br \/>\nA\u0219tept\u0103m cu ner\u0103bdare s\u0103 continu\u0103m parteneriatul nostru fructuos cu ADRA International \u0219i s\u0103 dezvolt\u0103m noi ini\u021biative pentru a sprijini comunit\u0103\u021bile din Moldova.<\/p>\n<p>&nbsp;<\/p>\n<p><img fetchpriority=\"high\" decoding=\"async\" class=\"alignnone size-medium wp-image-21246\" src=\"https:\/\/adra.md\/wp-content\/uploads\/2024\/05\/446898591_17952339173795376_5924308952814215682_n-300x300.jpg\" alt=\"\" width=\"300\" height=\"300\" srcset=\"https:\/\/adra.md\/wp-content\/uploads\/2024\/05\/446898591_17952339173795376_5924308952814215682_n-300x300.jpg 300w, https:\/\/adra.md\/wp-content\/uploads\/2024\/05\/446898591_17952339173795376_5924308952814215682_n-1024x1024.jpg 1024w, https:\/\/adra.md\/wp-content\/uploads\/2024\/05\/446898591_17952339173795376_5924308952814215682_n-150x150.jpg 150w, https:\/\/adra.md\/wp-content\/uploads\/2024\/05\/446898591_17952339173795376_5924308952814215682_n-768x768.jpg 768w, https:\/\/adra.md\/wp-content\/uploads\/2024\/05\/446898591_17952339173795376_5924308952814215682_n-12x12.jpg 12w, https:\/\/adra.md\/wp-content\/uploads\/2024\/05\/446898591_17952339173795376_5924308952814215682_n-100x100.jpg 100w, https:\/\/adra.md\/wp-content\/uploads\/2024\/05\/446898591_17952339173795376_5924308952814215682_n-50x50.jpg 50w, https:\/\/adra.md\/wp-content\/uploads\/2024\/05\/446898591_17952339173795376_5924308952814215682_n.jpg 1440w\" sizes=\"(max-width: 300px) 100vw, 300px\" \/> <img decoding=\"async\" class=\"alignnone size-medium wp-image-21248\" src=\"https:\/\/adra.md\/wp-content\/uploads\/2024\/05\/446952955_17952339155795376_1662124820893275194_n-300x300.jpg\" alt=\"\" width=\"300\" height=\"300\" srcset=\"https:\/\/adra.md\/wp-content\/uploads\/2024\/05\/446952955_17952339155795376_1662124820893275194_n-300x300.jpg 300w, https:\/\/adra.md\/wp-content\/uploads\/2024\/05\/446952955_17952339155795376_1662124820893275194_n-1024x1024.jpg 1024w, https:\/\/adra.md\/wp-content\/uploads\/2024\/05\/446952955_17952339155795376_1662124820893275194_n-150x150.jpg 150w, https:\/\/adra.md\/wp-content\/uploads\/2024\/05\/446952955_17952339155795376_1662124820893275194_n-768x768.jpg 768w, https:\/\/adra.md\/wp-content\/uploads\/2024\/05\/446952955_17952339155795376_1662124820893275194_n-12x12.jpg 12w, https:\/\/adra.md\/wp-content\/uploads\/2024\/05\/446952955_17952339155795376_1662124820893275194_n-100x100.jpg 100w, https:\/\/adra.md\/wp-content\/uploads\/2024\/05\/446952955_17952339155795376_1662124820893275194_n-50x50.jpg 50w, https:\/\/adra.md\/wp-content\/uploads\/2024\/05\/446952955_17952339155795376_1662124820893275194_n.jpg 1440w\" sizes=\"(max-width: 300px) 100vw, 300px\" \/> <img decoding=\"async\" class=\"alignnone size-medium wp-image-21249\" src=\"https:\/\/adra.md\/wp-content\/uploads\/2024\/05\/446959899_17952339164795376_6506157805067527588_n-300x300.jpg\" alt=\"\" width=\"300\" height=\"300\" srcset=\"https:\/\/adra.md\/wp-content\/uploads\/2024\/05\/446959899_17952339164795376_6506157805067527588_n-300x300.jpg 300w, https:\/\/adra.md\/wp-content\/uploads\/2024\/05\/446959899_17952339164795376_6506157805067527588_n-1024x1024.jpg 1024w, https:\/\/adra.md\/wp-content\/uploads\/2024\/05\/446959899_17952339164795376_6506157805067527588_n-150x150.jpg 150w, https:\/\/adra.md\/wp-content\/uploads\/2024\/05\/446959899_17952339164795376_6506157805067527588_n-768x768.jpg 768w, https:\/\/adra.md\/wp-content\/uploads\/2024\/05\/446959899_17952339164795376_6506157805067527588_n-12x12.jpg 12w, https:\/\/adra.md\/wp-content\/uploads\/2024\/05\/446959899_17952339164795376_6506157805067527588_n-100x100.jpg 100w, https:\/\/adra.md\/wp-content\/uploads\/2024\/05\/446959899_17952339164795376_6506157805067527588_n-50x50.jpg 50w, https:\/\/adra.md\/wp-content\/uploads\/2024\/05\/446959899_17952339164795376_6506157805067527588_n.jpg 1440w\" sizes=\"(max-width: 300px) 100vw, 300px\" \/><\/p>\n<p>&nbsp;<\/p>\n<p><img loading=\"lazy\" decoding=\"async\" class=\"alignnone size-medium wp-image-21250\" src=\"https:\/\/adra.md\/wp-content\/uploads\/2024\/05\/447023437_17952339182795376_8847689597925438604_n-300x300.jpg\" alt=\"\" width=\"300\" height=\"300\" srcset=\"https:\/\/adra.md\/wp-content\/uploads\/2024\/05\/447023437_17952339182795376_8847689597925438604_n-300x300.jpg 300w, https:\/\/adra.md\/wp-content\/uploads\/2024\/05\/447023437_17952339182795376_8847689597925438604_n-1024x1024.jpg 1024w, https:\/\/adra.md\/wp-content\/uploads\/2024\/05\/447023437_17952339182795376_8847689597925438604_n-150x150.jpg 150w, https:\/\/adra.md\/wp-content\/uploads\/2024\/05\/447023437_17952339182795376_8847689597925438604_n-768x767.jpg 768w, https:\/\/adra.md\/wp-content\/uploads\/2024\/05\/447023437_17952339182795376_8847689597925438604_n-12x12.jpg 12w, https:\/\/adra.md\/wp-content\/uploads\/2024\/05\/447023437_17952339182795376_8847689597925438604_n-100x100.jpg 100w, https:\/\/adra.md\/wp-content\/uploads\/2024\/05\/447023437_17952339182795376_8847689597925438604_n-50x50.jpg 50w, https:\/\/adra.md\/wp-content\/uploads\/2024\/05\/447023437_17952339182795376_8847689597925438604_n.jpg 1440w\" sizes=\"(max-width: 300px) 100vw, 300px\" \/> <img loading=\"lazy\" decoding=\"async\" class=\"alignnone size-medium wp-image-21251\" src=\"https:\/\/adra.md\/wp-content\/uploads\/2024\/05\/447187862_17952339143795376_5947453605540201793_n-300x300.jpg\" alt=\"\" width=\"300\" height=\"300\" srcset=\"https:\/\/adra.md\/wp-content\/uploads\/2024\/05\/447187862_17952339143795376_5947453605540201793_n-300x300.jpg 300w, https:\/\/adra.md\/wp-content\/uploads\/2024\/05\/447187862_17952339143795376_5947453605540201793_n-1024x1024.jpg 1024w, https:\/\/adra.md\/wp-content\/uploads\/2024\/05\/447187862_17952339143795376_5947453605540201793_n-150x150.jpg 150w, https:\/\/adra.md\/wp-content\/uploads\/2024\/05\/447187862_17952339143795376_5947453605540201793_n-768x768.jpg 768w, https:\/\/adra.md\/wp-content\/uploads\/2024\/05\/447187862_17952339143795376_5947453605540201793_n-12x12.jpg 12w, https:\/\/adra.md\/wp-content\/uploads\/2024\/05\/447187862_17952339143795376_5947453605540201793_n-100x100.jpg 100w, https:\/\/adra.md\/wp-content\/uploads\/2024\/05\/447187862_17952339143795376_5947453605540201793_n-50x50.jpg 50w, https:\/\/adra.md\/wp-content\/uploads\/2024\/05\/447187862_17952339143795376_5947453605540201793_n.jpg 1440w\" sizes=\"(max-width: 300px) 100vw, 300px\" \/><\/p>","protected":false},"excerpt":{"rendered":"<p>Luna mai a fost plin\u0103 de evenimente \u0219i activit\u0103\u021bi pentru echipa ADRA Moldova. Unul dintre aceste evenimente a fost vizita de lucru a echipei de conducere ADRA International \u00een frunte cu: Pre\u0219edintele organiza\u021biei Michael Kruger, \u00eenso\u021bit de Vicepre\u0219edintele pe Dezvoltare Matthew Siliga, consilierul pre\u0219edintelui Tkachuk Vladimir \u0219i membrul consiliului de Administrare ADRA EAD \u0219i donator [&hellip;]<\/p>\n","protected":false},"author":9,"featured_media":21251,"comment_status":"closed","ping_status":"closed","sticky":false,"template":"","format":"standard","meta":{"_acf_changed":false,"footnotes":""},"categories":[294],"tags":[],"class_list":["post-21245","post","type-post","status-publish","format-standard","has-post-thumbnail","hentry","category-news"],"acf":[],"yoast_head":"<!-- This site is optimized with the Yoast SEO plugin v27.4 - https:\/\/yoast.com\/product\/yoast-seo-wordpress\/ -->\n<title>Luna mai a fost plin\u0103 de evenimente \u0219i activit\u0103\u021bi pentru echipa ADRA Moldova - ADRA Moldova<\/title>\n<meta name=\"robots\" content=\"index, follow, max-snippet:-1, max-image-preview:large, max-video-preview:-1\" \/>\n<link rel=\"canonical\" href=\"https:\/\/adra.md\/ru\/luna-mai-a-fost-plina-de-evenimente-si-activitati-pentru-echipa-adra-moldova\/\" \/>\n<meta property=\"og:locale\" content=\"ru_RU\" \/>\n<meta property=\"og:type\" content=\"article\" \/>\n<meta property=\"og:title\" content=\"Luna mai a fost plin\u0103 de evenimente \u0219i activit\u0103\u021bi pentru echipa ADRA Moldova - ADRA Moldova\" \/>\n<meta property=\"og:description\" content=\"Luna mai a fost plin\u0103 de evenimente \u0219i activit\u0103\u021bi pentru echipa ADRA Moldova. Unul dintre aceste evenimente a fost vizita de lucru a echipei de conducere ADRA International \u00een frunte cu: Pre\u0219edintele organiza\u021biei Michael Kruger, \u00eenso\u021bit de Vicepre\u0219edintele pe Dezvoltare Matthew Siliga, consilierul pre\u0219edintelui Tkachuk Vladimir \u0219i membrul consiliului de Administrare ADRA EAD \u0219i donator [&hellip;]\" \/>\n<meta property=\"og:url\" content=\"https:\/\/adra.md\/ru\/luna-mai-a-fost-plina-de-evenimente-si-activitati-pentru-echipa-adra-moldova\/\" \/>\n<meta property=\"og:site_name\" content=\"ADRA Moldova\" \/>\n<meta property=\"article:published_time\" content=\"2024-05-30T18:36:17+00:00\" \/>\n<meta property=\"og:image\" content=\"https:\/\/adra.md\/wp-content\/uploads\/2024\/05\/447187862_17952339143795376_5947453605540201793_n.jpg\" \/>\n\t<meta property=\"og:image:width\" content=\"1440\" \/>\n\t<meta property=\"og:image:height\" content=\"1440\" \/>\n\t<meta property=\"og:image:type\" content=\"image\/jpeg\" \/>\n<meta name=\"author\" content=\"ADRA Moldova\" \/>\n<meta name=\"twitter:card\" content=\"summary_large_image\" \/>\n<meta name=\"twitter:label1\" content=\"\u041d\u0430\u043f\u0438\u0441\u0430\u043d\u043e \u0430\u0432\u0442\u043e\u0440\u043e\u043c\" \/>\n\t<meta name=\"twitter:data1\" content=\"ADRA Moldova\" \/>\n\t<meta name=\"twitter:label2\" content=\"\u041f\u0440\u0438\u043c\u0435\u0440\u043d\u043e\u0435 \u0432\u0440\u0435\u043c\u044f \u0434\u043b\u044f \u0447\u0442\u0435\u043d\u0438\u044f\" \/>\n\t<meta name=\"twitter:data2\" content=\"2 \u043c\u0438\u043d\u0443\u0442\u044b\" \/>\n<script type=\"application\/ld+json\" class=\"yoast-schema-graph\">{\"@context\":\"https:\\\/\\\/schema.org\",\"@graph\":[{\"@type\":\"Article\",\"@id\":\"https:\\\/\\\/adra.md\\\/luna-mai-a-fost-plina-de-evenimente-si-activitati-pentru-echipa-adra-moldova\\\/#article\",\"isPartOf\":{\"@id\":\"https:\\\/\\\/adra.md\\\/luna-mai-a-fost-plina-de-evenimente-si-activitati-pentru-echipa-adra-moldova\\\/\"},\"author\":{\"name\":\"ADRA Moldova\",\"@id\":\"https:\\\/\\\/adra.md\\\/#\\\/schema\\\/person\\\/b0181e611ee89738cefb7dc2db2bb8d1\"},\"headline\":\"Luna mai a fost plin\u0103 de evenimente \u0219i activit\u0103\u021bi pentru echipa ADRA Moldova\",\"datePublished\":\"2024-05-30T18:36:17+00:00\",\"mainEntityOfPage\":{\"@id\":\"https:\\\/\\\/adra.md\\\/luna-mai-a-fost-plina-de-evenimente-si-activitati-pentru-echipa-adra-moldova\\\/\"},\"wordCount\":392,\"publisher\":{\"@id\":\"https:\\\/\\\/adra.md\\\/#organization\"},\"image\":{\"@id\":\"https:\\\/\\\/adra.md\\\/luna-mai-a-fost-plina-de-evenimente-si-activitati-pentru-echipa-adra-moldova\\\/#primaryimage\"},\"thumbnailUrl\":\"https:\\\/\\\/adra.md\\\/wp-content\\\/uploads\\\/2024\\\/05\\\/447187862_17952339143795376_5947453605540201793_n.jpg\",\"articleSection\":[\"News\"],\"inLanguage\":\"ru-RU\"},{\"@type\":\"WebPage\",\"@id\":\"https:\\\/\\\/adra.md\\\/luna-mai-a-fost-plina-de-evenimente-si-activitati-pentru-echipa-adra-moldova\\\/\",\"url\":\"https:\\\/\\\/adra.md\\\/luna-mai-a-fost-plina-de-evenimente-si-activitati-pentru-echipa-adra-moldova\\\/\",\"name\":\"Luna mai a fost plin\u0103 de evenimente \u0219i activit\u0103\u021bi pentru echipa ADRA Moldova - ADRA Moldova\",\"isPartOf\":{\"@id\":\"https:\\\/\\\/adra.md\\\/#website\"},\"primaryImageOfPage\":{\"@id\":\"https:\\\/\\\/adra.md\\\/luna-mai-a-fost-plina-de-evenimente-si-activitati-pentru-echipa-adra-moldova\\\/#primaryimage\"},\"image\":{\"@id\":\"https:\\\/\\\/adra.md\\\/luna-mai-a-fost-plina-de-evenimente-si-activitati-pentru-echipa-adra-moldova\\\/#primaryimage\"},\"thumbnailUrl\":\"https:\\\/\\\/adra.md\\\/wp-content\\\/uploads\\\/2024\\\/05\\\/447187862_17952339143795376_5947453605540201793_n.jpg\",\"datePublished\":\"2024-05-30T18:36:17+00:00\",\"breadcrumb\":{\"@id\":\"https:\\\/\\\/adra.md\\\/luna-mai-a-fost-plina-de-evenimente-si-activitati-pentru-echipa-adra-moldova\\\/#breadcrumb\"},\"inLanguage\":\"ru-RU\",\"potentialAction\":[{\"@type\":\"ReadAction\",\"target\":[\"https:\\\/\\\/adra.md\\\/luna-mai-a-fost-plina-de-evenimente-si-activitati-pentru-echipa-adra-moldova\\\/\"]}]},{\"@type\":\"ImageObject\",\"inLanguage\":\"ru-RU\",\"@id\":\"https:\\\/\\\/adra.md\\\/luna-mai-a-fost-plina-de-evenimente-si-activitati-pentru-echipa-adra-moldova\\\/#primaryimage\",\"url\":\"https:\\\/\\\/adra.md\\\/wp-content\\\/uploads\\\/2024\\\/05\\\/447187862_17952339143795376_5947453605540201793_n.jpg\",\"contentUrl\":\"https:\\\/\\\/adra.md\\\/wp-content\\\/uploads\\\/2024\\\/05\\\/447187862_17952339143795376_5947453605540201793_n.jpg\",\"width\":1440,\"height\":1440},{\"@type\":\"BreadcrumbList\",\"@id\":\"https:\\\/\\\/adra.md\\\/luna-mai-a-fost-plina-de-evenimente-si-activitati-pentru-echipa-adra-moldova\\\/#breadcrumb\",\"itemListElement\":[{\"@type\":\"ListItem\",\"position\":1,\"name\":\"Home\",\"item\":\"https:\\\/\\\/adra.md\\\/\"},{\"@type\":\"ListItem\",\"position\":2,\"name\":\"Luna mai a fost plin\u0103 de evenimente \u0219i activit\u0103\u021bi pentru echipa ADRA Moldova\"}]},{\"@type\":\"WebSite\",\"@id\":\"https:\\\/\\\/adra.md\\\/#website\",\"url\":\"https:\\\/\\\/adra.md\\\/\",\"name\":\"ADRA Moldova\",\"description\":\"Agen\u0163ia Adventist\u0103 pentru Dezvoltare, Refacere \u015fi Ajutor\",\"publisher\":{\"@id\":\"https:\\\/\\\/adra.md\\\/#organization\"},\"potentialAction\":[{\"@type\":\"SearchAction\",\"target\":{\"@type\":\"EntryPoint\",\"urlTemplate\":\"https:\\\/\\\/adra.md\\\/?s={search_term_string}\"},\"query-input\":{\"@type\":\"PropertyValueSpecification\",\"valueRequired\":true,\"valueName\":\"search_term_string\"}}],\"inLanguage\":\"ru-RU\"},{\"@type\":\"Organization\",\"@id\":\"https:\\\/\\\/adra.md\\\/#organization\",\"name\":\"ADRA Moldova\",\"url\":\"https:\\\/\\\/adra.md\\\/\",\"logo\":{\"@type\":\"ImageObject\",\"inLanguage\":\"ru-RU\",\"@id\":\"https:\\\/\\\/adra.md\\\/#\\\/schema\\\/logo\\\/image\\\/\",\"url\":\"https:\\\/\\\/adra.md\\\/wp-content\\\/uploads\\\/2019\\\/11\\\/group-435.png\",\"contentUrl\":\"https:\\\/\\\/adra.md\\\/wp-content\\\/uploads\\\/2019\\\/11\\\/group-435.png\",\"width\":500,\"height\":133,\"caption\":\"ADRA Moldova\"},\"image\":{\"@id\":\"https:\\\/\\\/adra.md\\\/#\\\/schema\\\/logo\\\/image\\\/\"}},{\"@type\":\"Person\",\"@id\":\"https:\\\/\\\/adra.md\\\/#\\\/schema\\\/person\\\/b0181e611ee89738cefb7dc2db2bb8d1\",\"name\":\"ADRA Moldova\",\"url\":\"https:\\\/\\\/adra.md\\\/ru\\\/author\\\/andrei-girleanu\\\/\"}]}<\/script>\n<!-- \/ Yoast SEO plugin. -->","yoast_head_json":{"title":"Luna mai a fost plin\u0103 de evenimente \u0219i activit\u0103\u021bi pentru echipa ADRA Moldova - ADRA Moldova","robots":{"index":"index","follow":"follow","max-snippet":"max-snippet:-1","max-image-preview":"max-image-preview:large","max-video-preview":"max-video-preview:-1"},"canonical":"https:\/\/adra.md\/ru\/luna-mai-a-fost-plina-de-evenimente-si-activitati-pentru-echipa-adra-moldova\/","og_locale":"ru_RU","og_type":"article","og_title":"Luna mai a fost plin\u0103 de evenimente \u0219i activit\u0103\u021bi pentru echipa ADRA Moldova - ADRA Moldova","og_description":"Luna mai a fost plin\u0103 de evenimente \u0219i activit\u0103\u021bi pentru echipa ADRA Moldova. Unul dintre aceste evenimente a fost vizita de lucru a echipei de conducere ADRA International \u00een frunte cu: Pre\u0219edintele organiza\u021biei Michael Kruger, \u00eenso\u021bit de Vicepre\u0219edintele pe Dezvoltare Matthew Siliga, consilierul pre\u0219edintelui Tkachuk Vladimir \u0219i membrul consiliului de Administrare ADRA EAD \u0219i donator [&hellip;]","og_url":"https:\/\/adra.md\/ru\/luna-mai-a-fost-plina-de-evenimente-si-activitati-pentru-echipa-adra-moldova\/","og_site_name":"ADRA Moldova","article_published_time":"2024-05-30T18:36:17+00:00","og_image":[{"width":1440,"height":1440,"url":"https:\/\/adra.md\/wp-content\/uploads\/2024\/05\/447187862_17952339143795376_5947453605540201793_n.jpg","type":"image\/jpeg"}],"author":"ADRA Moldova","twitter_card":"summary_large_image","twitter_misc":{"\u041d\u0430\u043f\u0438\u0441\u0430\u043d\u043e \u0430\u0432\u0442\u043e\u0440\u043e\u043c":"ADRA Moldova","\u041f\u0440\u0438\u043c\u0435\u0440\u043d\u043e\u0435 \u0432\u0440\u0435\u043c\u044f \u0434\u043b\u044f \u0447\u0442\u0435\u043d\u0438\u044f":"2 \u043c\u0438\u043d\u0443\u0442\u044b"},"schema":{"@context":"https:\/\/schema.org","@graph":[{"@type":"Article","@id":"https:\/\/adra.md\/luna-mai-a-fost-plina-de-evenimente-si-activitati-pentru-echipa-adra-moldova\/#article","isPartOf":{"@id":"https:\/\/adra.md\/luna-mai-a-fost-plina-de-evenimente-si-activitati-pentru-echipa-adra-moldova\/"},"author":{"name":"ADRA Moldova","@id":"https:\/\/adra.md\/#\/schema\/person\/b0181e611ee89738cefb7dc2db2bb8d1"},"headline":"Luna mai a fost plin\u0103 de evenimente \u0219i activit\u0103\u021bi pentru echipa ADRA Moldova","datePublished":"2024-05-30T18:36:17+00:00","mainEntityOfPage":{"@id":"https:\/\/adra.md\/luna-mai-a-fost-plina-de-evenimente-si-activitati-pentru-echipa-adra-moldova\/"},"wordCount":392,"publisher":{"@id":"https:\/\/adra.md\/#organization"},"image":{"@id":"https:\/\/adra.md\/luna-mai-a-fost-plina-de-evenimente-si-activitati-pentru-echipa-adra-moldova\/#primaryimage"},"thumbnailUrl":"https:\/\/adra.md\/wp-content\/uploads\/2024\/05\/447187862_17952339143795376_5947453605540201793_n.jpg","articleSection":["News"],"inLanguage":"ru-RU"},{"@type":"WebPage","@id":"https:\/\/adra.md\/luna-mai-a-fost-plina-de-evenimente-si-activitati-pentru-echipa-adra-moldova\/","url":"https:\/\/adra.md\/luna-mai-a-fost-plina-de-evenimente-si-activitati-pentru-echipa-adra-moldova\/","name":"Luna mai a fost plin\u0103 de evenimente \u0219i activit\u0103\u021bi pentru echipa ADRA Moldova - ADRA Moldova","isPartOf":{"@id":"https:\/\/adra.md\/#website"},"primaryImageOfPage":{"@id":"https:\/\/adra.md\/luna-mai-a-fost-plina-de-evenimente-si-activitati-pentru-echipa-adra-moldova\/#primaryimage"},"image":{"@id":"https:\/\/adra.md\/luna-mai-a-fost-plina-de-evenimente-si-activitati-pentru-echipa-adra-moldova\/#primaryimage"},"thumbnailUrl":"https:\/\/adra.md\/wp-content\/uploads\/2024\/05\/447187862_17952339143795376_5947453605540201793_n.jpg","datePublished":"2024-05-30T18:36:17+00:00","breadcrumb":{"@id":"https:\/\/adra.md\/luna-mai-a-fost-plina-de-evenimente-si-activitati-pentru-echipa-adra-moldova\/#breadcrumb"},"inLanguage":"ru-RU","potentialAction":[{"@type":"ReadAction","target":["https:\/\/adra.md\/luna-mai-a-fost-plina-de-evenimente-si-activitati-pentru-echipa-adra-moldova\/"]}]},{"@type":"ImageObject","inLanguage":"ru-RU","@id":"https:\/\/adra.md\/luna-mai-a-fost-plina-de-evenimente-si-activitati-pentru-echipa-adra-moldova\/#primaryimage","url":"https:\/\/adra.md\/wp-content\/uploads\/2024\/05\/447187862_17952339143795376_5947453605540201793_n.jpg","contentUrl":"https:\/\/adra.md\/wp-content\/uploads\/2024\/05\/447187862_17952339143795376_5947453605540201793_n.jpg","width":1440,"height":1440},{"@type":"BreadcrumbList","@id":"https:\/\/adra.md\/luna-mai-a-fost-plina-de-evenimente-si-activitati-pentru-echipa-adra-moldova\/#breadcrumb","itemListElement":[{"@type":"ListItem","position":1,"name":"Home","item":"https:\/\/adra.md\/"},{"@type":"ListItem","position":2,"name":"Luna mai a fost plin\u0103 de evenimente \u0219i activit\u0103\u021bi pentru echipa ADRA Moldova"}]},{"@type":"WebSite","@id":"https:\/\/adra.md\/#website","url":"https:\/\/adra.md\/","name":"ADRA Moldova","description":"Agen\u0163ia Adventist\u0103 pentru Dezvoltare, Refacere \u015fi Ajutor","publisher":{"@id":"https:\/\/adra.md\/#organization"},"potentialAction":[{"@type":"SearchAction","target":{"@type":"EntryPoint","urlTemplate":"https:\/\/adra.md\/?s={search_term_string}"},"query-input":{"@type":"PropertyValueSpecification","valueRequired":true,"valueName":"search_term_string"}}],"inLanguage":"ru-RU"},{"@type":"Organization","@id":"https:\/\/adra.md\/#organization","name":"ADRA Moldova","url":"https:\/\/adra.md\/","logo":{"@type":"ImageObject","inLanguage":"ru-RU","@id":"https:\/\/adra.md\/#\/schema\/logo\/image\/","url":"https:\/\/adra.md\/wp-content\/uploads\/2019\/11\/group-435.png","contentUrl":"https:\/\/adra.md\/wp-content\/uploads\/2019\/11\/group-435.png","width":500,"height":133,"caption":"ADRA Moldova"},"image":{"@id":"https:\/\/adra.md\/#\/schema\/logo\/image\/"}},{"@type":"Person","@id":"https:\/\/adra.md\/#\/schema\/person\/b0181e611ee89738cefb7dc2db2bb8d1","name":"ADRA Moldova","url":"https:\/\/adra.md\/ru\/author\/andrei-girleanu\/"}]}},"_links":{"self":[{"href":"https:\/\/adra.md\/ru\/wp-json\/wp\/v2\/posts\/21245","targetHints":{"allow":["GET"]}}],"collection":[{"href":"https:\/\/adra.md\/ru\/wp-json\/wp\/v2\/posts"}],"about":[{"href":"https:\/\/adra.md\/ru\/wp-json\/wp\/v2\/types\/post"}],"author":[{"embeddable":true,"href":"https:\/\/adra.md\/ru\/wp-json\/wp\/v2\/users\/9"}],"replies":[{"embeddable":true,"href":"https:\/\/adra.md\/ru\/wp-json\/wp\/v2\/comments?post=21245"}],"version-history":[{"count":1,"href":"https:\/\/adra.md\/ru\/wp-json\/wp\/v2\/posts\/21245\/revisions"}],"predecessor-version":[{"id":21252,"href":"https:\/\/adra.md\/ru\/wp-json\/wp\/v2\/posts\/21245\/revisions\/21252"}],"wp:featuredmedia":[{"embeddable":true,"href":"https:\/\/adra.md\/ru\/wp-json\/wp\/v2\/media\/21251"}],"wp:attachment":[{"href":"https:\/\/adra.md\/ru\/wp-json\/wp\/v2\/media?parent=21245"}],"wp:term":[{"taxonomy":"category","embeddable":true,"href":"https:\/\/adra.md\/ru\/wp-json\/wp\/v2\/categories?post=21245"},{"taxonomy":"post_tag","embeddable":true,"href":"https:\/\/adra.md\/ru\/wp-json\/wp\/v2\/tags?post=21245"}],"curies":[{"name":"wp","href":"https:\/\/api.w.org\/{rel}","templated":true}]}}