{"id":21254,"date":"2024-07-04T10:15:36","date_gmt":"2024-07-04T10:15:36","guid":{"rendered":"https:\/\/adra.md\/?p=21254"},"modified":"2024-07-04T10:18:57","modified_gmt":"2024-07-04T10:18:57","slug":"istorie-de-viata","status":"publish","type":"post","link":"https:\/\/adra.md\/ru\/istorie-de-viata\/","title":{"rendered":"Istorie de via\u021b\u0103"},"content":{"rendered":"<p>Iurie \u0219i Tatiana sunt din Herson, Ucraina. Au ajuns s\u0103 locuiasc\u0103 \u00een regiunea Transnistrean\u0103 \u00een Februarie 2022, dup\u0103 c\u00e2teva zile de trai \u00een subsolul casei lor, care era la moment bombardat\u0103. A \u00eenceput s\u0103 le fie fric\u0103 pentru via\u021ba lor \u0219i au p\u0103r\u0103sit Ucraina.<br class=\"html-br\" \/>Au reu\u0219it s\u0103 vin\u0103 \u00een Tiraspol, acolo unde au fost g\u0103zdui\u021bi de sora Tatianei. Au doi copii adul\u021bi \u0219i nepo\u021bi care sunt \u00eempr\u0103\u0219tia\u021bi prin lume. Au am\u00e2ndoi \u0219i o profesie frumoas\u0103 \u2013 tehnici dentari, dar cu p\u0103rere de r\u0103u f\u0103r\u0103 un post de munc\u0103 la moment. Pe parcursul acestor 2 ani, Tatiana \u0219i Iurie au \u00eengrijit \u0219i de mama Tatianei, care nu demult s-a stins din via\u021b\u0103. La v\u00e2rsta de 53 \u0219i 57 de ani, au r\u0103mas f\u0103r\u0103 nimic din ceea ce reu\u0219ise s\u0103 ob\u021bin\u0103 p\u00e2n\u0103 la acel moment. <br class=\"html-br\" \/>\u00cen Tiraspol, cuplul a reu\u0219it s\u0103 se acomodeze \u0219i s\u0103 \u00ee\u0219i g\u0103seasc\u0103 prieteni \u00een centrul de reabilitare pentru persoane cu dizabilit\u0103\u021bi, av\u00e2nd \u0219i ei deficien\u021b\u0103 de auz \u0219i vorbire.<br class=\"html-br\" \/>\u00cen ciuda tuturor provoc\u0103rilor, familia s-a \u00eencadrat frumos \u00een activit\u0103\u021bi sportive \u0219i recreative organizate \u00een centrul de reabilitare. <br class=\"html-br\" \/>Datorit\u0103 suportului financiar pe care \u00eel au din partea Organiza\u021biei Interna\u021bionale pe Migra\u021bie, prin intermediul <span class=\"html-span xdj266r x11i5rnm xat24cr x1mh8g0r xexx8yu x4uap5 x18d9i69 xkhd6sd x1hl2dhg x16tdsg8 x1vvkbs\"><a class=\"x1i10hfl xjbqb8w x1ejq31n xd10rxx x1sy0etr x17r0tee x972fbf xcfux6l x1qhh985 xm0m39n x9f619 x1ypdohk xt0psk2 xe8uvvx xdj266r x11i5rnm xat24cr x1mh8g0r xexx8yu x4uap5 x18d9i69 xkhd6sd x16tdsg8 x1hl2dhg xggy1nq x1a2a7pz x1sur9pj xkrqix3 xzsf02u x1s688f\" tabindex=\"0\" role=\"link\" href=\"https:\/\/www.facebook.com\/ADRA.Moldova.AG?__cft__[0]=AZWqrWX2jZTGcEpAOdSkqIQXLEO_x7jQCDvwTEpNCr-nxS6ZLHJnh6n9ukxS2wVHP9896_mxM5iSdqn_TXPaud84BlrBK0WdPJjF9ADjEbF1bgqJ4-JQkuRAXkECP7_Iw8Csi_9MI2Q5bzRPB5K6cJ2DA4pg5ED2ntZYu3Mr3M3UcJO8FNG8sKemCqJuTbYkFHBU1zFv-O8RMR4g_zMW0PQeXJ6KMgQYaVn4eKyevlYsEw&amp;__tn__=-]K*F\"><span class=\"xt0psk2\">ADRA Moldova<\/span><\/a><\/span>, Iurie \u0219i Tatiana, \u00ee\u0219i pot asigura strictul necesar. Sunt mul\u021bumitori pentru c\u0103 au aflat despre acest ajutor \u00eenc\u0103 din primele luni de \u0219edere pe teritoriul din partea st\u00e2ng\u0103 a Nistrului, \u0219i \u00eendeosebi donatorilor care au o inim\u0103 mare \u0219i se \u00eengrijesc de cei ajun\u0219i \u00een nevoie. Beneficiaz\u0103 de asisten\u021b\u0103 financiar\u0103 lunar \u0219i asta le faciliteaz\u0103 traiul.<br class=\"html-br\" \/>Cei doi r\u0103m\u00e2n optimi\u0219ti, cu fa\u021ba senin\u0103 la \u00eencerc\u0103rile din via\u021ba lor \u0219i afirm\u0103 c\u0103 bun\u0103tatea este calitatea care va d\u0103inui mereu, iar aceasta este o \u00eencurajare minunat\u0103!<br class=\"html-br\" \/><br class=\"html-br\" \/><span class=\"html-span xexx8yu x4uap5 x18d9i69 xkhd6sd x1hl2dhg x16tdsg8 x1vvkbs x3nfvp2 x1j61x8r x1fcty0u xdj266r xat24cr xgzva0m xhhsvwb xxymvpz xlup9mm x1kky2od\"><img decoding=\"async\" class=\"xz74otr\" src=\"https:\/\/static.xx.fbcdn.net\/images\/emoji.php\/v9\/t5c\/2\/16\/1f64f_1f3fd.png\" alt=\"\ud83d\ude4f\ud83c\udffd\" width=\"16\" height=\"16\" \/><\/span> Proiect sus\u021binut financiar de <span class=\"html-span xdj266r x11i5rnm xat24cr x1mh8g0r xexx8yu x4uap5 x18d9i69 xkhd6sd x1hl2dhg x16tdsg8 x1vvkbs\"><a class=\"x1i10hfl xjbqb8w x1ejq31n xd10rxx x1sy0etr x17r0tee x972fbf xcfux6l x1qhh985 xm0m39n x9f619 x1ypdohk xt0psk2 xe8uvvx xdj266r x11i5rnm xat24cr x1mh8g0r xexx8yu x4uap5 x18d9i69 xkhd6sd x16tdsg8 x1hl2dhg xggy1nq x1a2a7pz x1sur9pj xkrqix3 xzsf02u x1s688f\" tabindex=\"0\" role=\"link\" href=\"https:\/\/www.facebook.com\/iom.moldova?__cft__[0]=AZWqrWX2jZTGcEpAOdSkqIQXLEO_x7jQCDvwTEpNCr-nxS6ZLHJnh6n9ukxS2wVHP9896_mxM5iSdqn_TXPaud84BlrBK0WdPJjF9ADjEbF1bgqJ4-JQkuRAXkECP7_Iw8Csi_9MI2Q5bzRPB5K6cJ2DA4pg5ED2ntZYu3Mr3M3UcJO8FNG8sKemCqJuTbYkFHBU1zFv-O8RMR4g_zMW0PQeXJ6KMgQYaVn4eKyevlYsEw&amp;__tn__=-]K*F\"><span class=\"xt0psk2\">IOM Moldova<\/span><\/a><\/span><br class=\"html-br\" \/><br class=\"html-br\" \/><span class=\"html-span xdj266r x11i5rnm xat24cr x1mh8g0r xexx8yu x4uap5 x18d9i69 xkhd6sd x1hl2dhg x16tdsg8 x1vvkbs\"><a class=\"x1i10hfl xjbqb8w x1ejq31n xd10rxx x1sy0etr x17r0tee x972fbf xcfux6l x1qhh985 xm0m39n x9f619 x1ypdohk xt0psk2 xe8uvvx xdj266r x11i5rnm xat24cr x1mh8g0r xexx8yu x4uap5 x18d9i69 xkhd6sd x16tdsg8 x1hl2dhg xggy1nq x1a2a7pz x1sur9pj xkrqix3 xzsf02u x1s688f\" tabindex=\"0\" role=\"link\" href=\"https:\/\/www.facebook.com\/hashtag\/adra?__eep__=6&amp;__cft__[0]=AZWqrWX2jZTGcEpAOdSkqIQXLEO_x7jQCDvwTEpNCr-nxS6ZLHJnh6n9ukxS2wVHP9896_mxM5iSdqn_TXPaud84BlrBK0WdPJjF9ADjEbF1bgqJ4-JQkuRAXkECP7_Iw8Csi_9MI2Q5bzRPB5K6cJ2DA4pg5ED2ntZYu3Mr3M3UcJO8FNG8sKemCqJuTbYkFHBU1zFv-O8RMR4g_zMW0PQeXJ6KMgQYaVn4eKyevlYsEw&amp;__tn__=*NK*F\">#adra<\/a><\/span> <span class=\"html-span xdj266r x11i5rnm xat24cr x1mh8g0r xexx8yu x4uap5 x18d9i69 xkhd6sd x1hl2dhg x16tdsg8 x1vvkbs\"><a class=\"x1i10hfl xjbqb8w x1ejq31n xd10rxx x1sy0etr x17r0tee x972fbf xcfux6l x1qhh985 xm0m39n x9f619 x1ypdohk xt0psk2 xe8uvvx xdj266r x11i5rnm xat24cr x1mh8g0r xexx8yu x4uap5 x18d9i69 xkhd6sd x16tdsg8 x1hl2dhg xggy1nq x1a2a7pz x1sur9pj xkrqix3 xzsf02u x1s688f\" tabindex=\"0\" role=\"link\" href=\"https:\/\/www.facebook.com\/hashtag\/adramoldova?__eep__=6&amp;__cft__[0]=AZWqrWX2jZTGcEpAOdSkqIQXLEO_x7jQCDvwTEpNCr-nxS6ZLHJnh6n9ukxS2wVHP9896_mxM5iSdqn_TXPaud84BlrBK0WdPJjF9ADjEbF1bgqJ4-JQkuRAXkECP7_Iw8Csi_9MI2Q5bzRPB5K6cJ2DA4pg5ED2ntZYu3Mr3M3UcJO8FNG8sKemCqJuTbYkFHBU1zFv-O8RMR4g_zMW0PQeXJ6KMgQYaVn4eKyevlYsEw&amp;__tn__=*NK*F\">#adramoldova<\/a><\/span> <span class=\"html-span xdj266r x11i5rnm xat24cr x1mh8g0r xexx8yu x4uap5 x18d9i69 xkhd6sd x1hl2dhg x16tdsg8 x1vvkbs\"><a class=\"x1i10hfl xjbqb8w x1ejq31n xd10rxx x1sy0etr x17r0tee x972fbf xcfux6l x1qhh985 xm0m39n x9f619 x1ypdohk xt0psk2 xe8uvvx xdj266r x11i5rnm xat24cr x1mh8g0r xexx8yu x4uap5 x18d9i69 xkhd6sd x16tdsg8 x1hl2dhg xggy1nq x1a2a7pz x1sur9pj xkrqix3 xzsf02u x1s688f\" tabindex=\"0\" role=\"link\" href=\"https:\/\/www.facebook.com\/hashtag\/iom?__eep__=6&amp;__cft__[0]=AZWqrWX2jZTGcEpAOdSkqIQXLEO_x7jQCDvwTEpNCr-nxS6ZLHJnh6n9ukxS2wVHP9896_mxM5iSdqn_TXPaud84BlrBK0WdPJjF9ADjEbF1bgqJ4-JQkuRAXkECP7_Iw8Csi_9MI2Q5bzRPB5K6cJ2DA4pg5ED2ntZYu3Mr3M3UcJO8FNG8sKemCqJuTbYkFHBU1zFv-O8RMR4g_zMW0PQeXJ6KMgQYaVn4eKyevlYsEw&amp;__tn__=*NK*F\">#iom<\/a><\/span> <span class=\"html-span xdj266r x11i5rnm xat24cr x1mh8g0r xexx8yu x4uap5 x18d9i69 xkhd6sd x1hl2dhg x16tdsg8 x1vvkbs\"><a class=\"x1i10hfl xjbqb8w x1ejq31n xd10rxx x1sy0etr x17r0tee x972fbf xcfux6l x1qhh985 xm0m39n x9f619 x1ypdohk xt0psk2 xe8uvvx xdj266r x11i5rnm xat24cr x1mh8g0r xexx8yu x4uap5 x18d9i69 xkhd6sd x16tdsg8 x1hl2dhg xggy1nq x1a2a7pz x1sur9pj xkrqix3 xzsf02u x1s688f\" tabindex=\"0\" role=\"link\" href=\"https:\/\/www.facebook.com\/hashtag\/humanstories?__eep__=6&amp;__cft__[0]=AZWqrWX2jZTGcEpAOdSkqIQXLEO_x7jQCDvwTEpNCr-nxS6ZLHJnh6n9ukxS2wVHP9896_mxM5iSdqn_TXPaud84BlrBK0WdPJjF9ADjEbF1bgqJ4-JQkuRAXkECP7_Iw8Csi_9MI2Q5bzRPB5K6cJ2DA4pg5ED2ntZYu3Mr3M3UcJO8FNG8sKemCqJuTbYkFHBU1zFv-O8RMR4g_zMW0PQeXJ6KMgQYaVn4eKyevlYsEw&amp;__tn__=*NK*F\">#humanstories<\/a><\/span><span class=\"html-span xdj266r x11i5rnm xat24cr x1mh8g0r xexx8yu x4uap5 x18d9i69 xkhd6sd x1hl2dhg x16tdsg8 x1vvkbs\"><a class=\"x1i10hfl xjbqb8w x1ejq31n xd10rxx x1sy0etr x17r0tee x972fbf xcfux6l x1qhh985 xm0m39n x9f619 x1ypdohk xt0psk2 xe8uvvx xdj266r x11i5rnm xat24cr x1mh8g0r xexx8yu x4uap5 x18d9i69 xkhd6sd x16tdsg8 x1hl2dhg xggy1nq x1a2a7pz x1sur9pj xkrqix3 xzsf02u x1s688f\" tabindex=\"0\" role=\"link\" href=\"https:\/\/www.facebook.com\/hashtag\/refugees?__eep__=6&amp;__cft__[0]=AZWqrWX2jZTGcEpAOdSkqIQXLEO_x7jQCDvwTEpNCr-nxS6ZLHJnh6n9ukxS2wVHP9896_mxM5iSdqn_TXPaud84BlrBK0WdPJjF9ADjEbF1bgqJ4-JQkuRAXkECP7_Iw8Csi_9MI2Q5bzRPB5K6cJ2DA4pg5ED2ntZYu3Mr3M3UcJO8FNG8sKemCqJuTbYkFHBU1zFv-O8RMR4g_zMW0PQeXJ6KMgQYaVn4eKyevlYsEw&amp;__tn__=*NK*F\">#refugees<\/a><\/span> <span class=\"html-span xdj266r x11i5rnm xat24cr x1mh8g0r xexx8yu x4uap5 x18d9i69 xkhd6sd x1hl2dhg x16tdsg8 x1vvkbs\"><a class=\"x1i10hfl xjbqb8w x1ejq31n xd10rxx x1sy0etr x17r0tee x972fbf xcfux6l x1qhh985 xm0m39n x9f619 x1ypdohk xt0psk2 xe8uvvx xdj266r x11i5rnm xat24cr x1mh8g0r xexx8yu x4uap5 x18d9i69 xkhd6sd x16tdsg8 x1hl2dhg xggy1nq x1a2a7pz x1sur9pj xkrqix3 xzsf02u x1s688f\" tabindex=\"0\" role=\"link\" href=\"https:\/\/www.facebook.com\/hashtag\/ukraine?__eep__=6&amp;__cft__[0]=AZWqrWX2jZTGcEpAOdSkqIQXLEO_x7jQCDvwTEpNCr-nxS6ZLHJnh6n9ukxS2wVHP9896_mxM5iSdqn_TXPaud84BlrBK0WdPJjF9ADjEbF1bgqJ4-JQkuRAXkECP7_Iw8Csi_9MI2Q5bzRPB5K6cJ2DA4pg5ED2ntZYu3Mr3M3UcJO8FNG8sKemCqJuTbYkFHBU1zFv-O8RMR4g_zMW0PQeXJ6KMgQYaVn4eKyevlYsEw&amp;__tn__=*NK*F\">#ukraine<\/a><\/span><\/p>\n<p>&nbsp;<\/p>\n<p><img fetchpriority=\"high\" decoding=\"async\" class=\"alignnone size-medium wp-image-21255\" src=\"https:\/\/adra.md\/wp-content\/uploads\/2024\/07\/447216622_17952404549795376_4899236985678083161_n-240x300.jpg\" alt=\"\" width=\"240\" height=\"300\" srcset=\"https:\/\/adra.md\/wp-content\/uploads\/2024\/07\/447216622_17952404549795376_4899236985678083161_n-240x300.jpg 240w, https:\/\/adra.md\/wp-content\/uploads\/2024\/07\/447216622_17952404549795376_4899236985678083161_n-819x1024.jpg 819w, https:\/\/adra.md\/wp-content\/uploads\/2024\/07\/447216622_17952404549795376_4899236985678083161_n-768x960.jpg 768w, https:\/\/adra.md\/wp-content\/uploads\/2024\/07\/447216622_17952404549795376_4899236985678083161_n-1229x1536.jpg 1229w, https:\/\/adra.md\/wp-content\/uploads\/2024\/07\/447216622_17952404549795376_4899236985678083161_n-10x12.jpg 10w, https:\/\/adra.md\/wp-content\/uploads\/2024\/07\/447216622_17952404549795376_4899236985678083161_n.jpg 1440w\" sizes=\"(max-width: 240px) 100vw, 240px\" \/><\/p>\n","protected":false},"excerpt":{"rendered":"<p>Iurie \u0219i Tatiana sunt din Herson, Ucraina. Au ajuns s\u0103 locuiasc\u0103 \u00een regiunea Transnistrean\u0103 \u00een Februarie 2022, dup\u0103 c\u00e2teva zile de trai \u00een subsolul casei lor, care era la moment bombardat\u0103. A \u00eenceput s\u0103 le fie fric\u0103 pentru via\u021ba lor \u0219i au p\u0103r\u0103sit Ucraina.Au reu\u0219it s\u0103 vin\u0103 \u00een Tiraspol, acolo unde au fost g\u0103zdui\u021bi de [&hellip;]<\/p>\n","protected":false},"author":9,"featured_media":21255,"comment_status":"closed","ping_status":"closed","sticky":false,"template":"","format":"standard","meta":{"_acf_changed":false,"footnotes":""},"categories":[294,1],"tags":[],"class_list":["post-21254","post","type-post","status-publish","format-standard","has-post-thumbnail","hentry","category-news","category-uncategorized"],"acf":[],"yoast_head":"<!-- This site is optimized with the Yoast SEO plugin v27.4 - https:\/\/yoast.com\/product\/yoast-seo-wordpress\/ -->\n<title>Istorie de via\u021b\u0103 - ADRA Moldova<\/title>\n<meta name=\"robots\" content=\"index, follow, max-snippet:-1, max-image-preview:large, max-video-preview:-1\" \/>\n<link rel=\"canonical\" href=\"https:\/\/adra.md\/ru\/istorie-de-viata\/\" \/>\n<meta property=\"og:locale\" content=\"ru_RU\" \/>\n<meta property=\"og:type\" content=\"article\" \/>\n<meta property=\"og:title\" content=\"Istorie de via\u021b\u0103 - ADRA Moldova\" \/>\n<meta property=\"og:description\" content=\"Iurie \u0219i Tatiana sunt din Herson, Ucraina. Au ajuns s\u0103 locuiasc\u0103 \u00een regiunea Transnistrean\u0103 \u00een Februarie 2022, dup\u0103 c\u00e2teva zile de trai \u00een subsolul casei lor, care era la moment bombardat\u0103. A \u00eenceput s\u0103 le fie fric\u0103 pentru via\u021ba lor \u0219i au p\u0103r\u0103sit Ucraina.Au reu\u0219it s\u0103 vin\u0103 \u00een Tiraspol, acolo unde au fost g\u0103zdui\u021bi de [&hellip;]\" \/>\n<meta property=\"og:url\" content=\"https:\/\/adra.md\/ru\/istorie-de-viata\/\" \/>\n<meta property=\"og:site_name\" content=\"ADRA Moldova\" \/>\n<meta property=\"article:published_time\" content=\"2024-07-04T10:15:36+00:00\" \/>\n<meta property=\"article:modified_time\" content=\"2024-07-04T10:18:57+00:00\" \/>\n<meta property=\"og:image\" content=\"https:\/\/adra.md\/wp-content\/uploads\/2024\/07\/447216622_17952404549795376_4899236985678083161_n.jpg\" \/>\n\t<meta property=\"og:image:width\" content=\"1440\" \/>\n\t<meta property=\"og:image:height\" content=\"1800\" \/>\n\t<meta property=\"og:image:type\" content=\"image\/jpeg\" \/>\n<meta name=\"author\" content=\"ADRA Moldova\" \/>\n<meta name=\"twitter:card\" content=\"summary_large_image\" \/>\n<meta name=\"twitter:label1\" content=\"\u041d\u0430\u043f\u0438\u0441\u0430\u043d\u043e \u0430\u0432\u0442\u043e\u0440\u043e\u043c\" \/>\n\t<meta name=\"twitter:data1\" content=\"ADRA Moldova\" \/>\n\t<meta name=\"twitter:label2\" content=\"\u041f\u0440\u0438\u043c\u0435\u0440\u043d\u043e\u0435 \u0432\u0440\u0435\u043c\u044f \u0434\u043b\u044f \u0447\u0442\u0435\u043d\u0438\u044f\" \/>\n\t<meta name=\"twitter:data2\" content=\"2 \u043c\u0438\u043d\u0443\u0442\u044b\" \/>\n<script type=\"application\/ld+json\" class=\"yoast-schema-graph\">{\"@context\":\"https:\\\/\\\/schema.org\",\"@graph\":[{\"@type\":\"Article\",\"@id\":\"https:\\\/\\\/adra.md\\\/istorie-de-viata\\\/#article\",\"isPartOf\":{\"@id\":\"https:\\\/\\\/adra.md\\\/istorie-de-viata\\\/\"},\"author\":{\"name\":\"ADRA Moldova\",\"@id\":\"https:\\\/\\\/adra.md\\\/#\\\/schema\\\/person\\\/b0181e611ee89738cefb7dc2db2bb8d1\"},\"headline\":\"Istorie de via\u021b\u0103\",\"datePublished\":\"2024-07-04T10:15:36+00:00\",\"dateModified\":\"2024-07-04T10:18:57+00:00\",\"mainEntityOfPage\":{\"@id\":\"https:\\\/\\\/adra.md\\\/istorie-de-viata\\\/\"},\"wordCount\":334,\"publisher\":{\"@id\":\"https:\\\/\\\/adra.md\\\/#organization\"},\"image\":{\"@id\":\"https:\\\/\\\/adra.md\\\/istorie-de-viata\\\/#primaryimage\"},\"thumbnailUrl\":\"https:\\\/\\\/adra.md\\\/wp-content\\\/uploads\\\/2024\\\/07\\\/447216622_17952404549795376_4899236985678083161_n.jpg\",\"articleSection\":[\"News\",\"Uncategorized\"],\"inLanguage\":\"ru-RU\"},{\"@type\":\"WebPage\",\"@id\":\"https:\\\/\\\/adra.md\\\/istorie-de-viata\\\/\",\"url\":\"https:\\\/\\\/adra.md\\\/istorie-de-viata\\\/\",\"name\":\"Istorie de via\u021b\u0103 - ADRA Moldova\",\"isPartOf\":{\"@id\":\"https:\\\/\\\/adra.md\\\/#website\"},\"primaryImageOfPage\":{\"@id\":\"https:\\\/\\\/adra.md\\\/istorie-de-viata\\\/#primaryimage\"},\"image\":{\"@id\":\"https:\\\/\\\/adra.md\\\/istorie-de-viata\\\/#primaryimage\"},\"thumbnailUrl\":\"https:\\\/\\\/adra.md\\\/wp-content\\\/uploads\\\/2024\\\/07\\\/447216622_17952404549795376_4899236985678083161_n.jpg\",\"datePublished\":\"2024-07-04T10:15:36+00:00\",\"dateModified\":\"2024-07-04T10:18:57+00:00\",\"breadcrumb\":{\"@id\":\"https:\\\/\\\/adra.md\\\/istorie-de-viata\\\/#breadcrumb\"},\"inLanguage\":\"ru-RU\",\"potentialAction\":[{\"@type\":\"ReadAction\",\"target\":[\"https:\\\/\\\/adra.md\\\/istorie-de-viata\\\/\"]}]},{\"@type\":\"ImageObject\",\"inLanguage\":\"ru-RU\",\"@id\":\"https:\\\/\\\/adra.md\\\/istorie-de-viata\\\/#primaryimage\",\"url\":\"https:\\\/\\\/adra.md\\\/wp-content\\\/uploads\\\/2024\\\/07\\\/447216622_17952404549795376_4899236985678083161_n.jpg\",\"contentUrl\":\"https:\\\/\\\/adra.md\\\/wp-content\\\/uploads\\\/2024\\\/07\\\/447216622_17952404549795376_4899236985678083161_n.jpg\",\"width\":1440,\"height\":1800},{\"@type\":\"BreadcrumbList\",\"@id\":\"https:\\\/\\\/adra.md\\\/istorie-de-viata\\\/#breadcrumb\",\"itemListElement\":[{\"@type\":\"ListItem\",\"position\":1,\"name\":\"Home\",\"item\":\"https:\\\/\\\/adra.md\\\/\"},{\"@type\":\"ListItem\",\"position\":2,\"name\":\"Istorie de via\u021b\u0103\"}]},{\"@type\":\"WebSite\",\"@id\":\"https:\\\/\\\/adra.md\\\/#website\",\"url\":\"https:\\\/\\\/adra.md\\\/\",\"name\":\"ADRA Moldova\",\"description\":\"Agen\u0163ia Adventist\u0103 pentru Dezvoltare, Refacere \u015fi Ajutor\",\"publisher\":{\"@id\":\"https:\\\/\\\/adra.md\\\/#organization\"},\"potentialAction\":[{\"@type\":\"SearchAction\",\"target\":{\"@type\":\"EntryPoint\",\"urlTemplate\":\"https:\\\/\\\/adra.md\\\/?s={search_term_string}\"},\"query-input\":{\"@type\":\"PropertyValueSpecification\",\"valueRequired\":true,\"valueName\":\"search_term_string\"}}],\"inLanguage\":\"ru-RU\"},{\"@type\":\"Organization\",\"@id\":\"https:\\\/\\\/adra.md\\\/#organization\",\"name\":\"ADRA Moldova\",\"url\":\"https:\\\/\\\/adra.md\\\/\",\"logo\":{\"@type\":\"ImageObject\",\"inLanguage\":\"ru-RU\",\"@id\":\"https:\\\/\\\/adra.md\\\/#\\\/schema\\\/logo\\\/image\\\/\",\"url\":\"https:\\\/\\\/adra.md\\\/wp-content\\\/uploads\\\/2019\\\/11\\\/group-435.png\",\"contentUrl\":\"https:\\\/\\\/adra.md\\\/wp-content\\\/uploads\\\/2019\\\/11\\\/group-435.png\",\"width\":500,\"height\":133,\"caption\":\"ADRA Moldova\"},\"image\":{\"@id\":\"https:\\\/\\\/adra.md\\\/#\\\/schema\\\/logo\\\/image\\\/\"}},{\"@type\":\"Person\",\"@id\":\"https:\\\/\\\/adra.md\\\/#\\\/schema\\\/person\\\/b0181e611ee89738cefb7dc2db2bb8d1\",\"name\":\"ADRA Moldova\",\"url\":\"https:\\\/\\\/adra.md\\\/ru\\\/author\\\/andrei-girleanu\\\/\"}]}<\/script>\n<!-- \/ Yoast SEO plugin. -->","yoast_head_json":{"title":"Istorie de via\u021b\u0103 - ADRA Moldova","robots":{"index":"index","follow":"follow","max-snippet":"max-snippet:-1","max-image-preview":"max-image-preview:large","max-video-preview":"max-video-preview:-1"},"canonical":"https:\/\/adra.md\/ru\/istorie-de-viata\/","og_locale":"ru_RU","og_type":"article","og_title":"Istorie de via\u021b\u0103 - ADRA Moldova","og_description":"Iurie \u0219i Tatiana sunt din Herson, Ucraina. Au ajuns s\u0103 locuiasc\u0103 \u00een regiunea Transnistrean\u0103 \u00een Februarie 2022, dup\u0103 c\u00e2teva zile de trai \u00een subsolul casei lor, care era la moment bombardat\u0103. A \u00eenceput s\u0103 le fie fric\u0103 pentru via\u021ba lor \u0219i au p\u0103r\u0103sit Ucraina.Au reu\u0219it s\u0103 vin\u0103 \u00een Tiraspol, acolo unde au fost g\u0103zdui\u021bi de [&hellip;]","og_url":"https:\/\/adra.md\/ru\/istorie-de-viata\/","og_site_name":"ADRA Moldova","article_published_time":"2024-07-04T10:15:36+00:00","article_modified_time":"2024-07-04T10:18:57+00:00","og_image":[{"width":1440,"height":1800,"url":"https:\/\/adra.md\/wp-content\/uploads\/2024\/07\/447216622_17952404549795376_4899236985678083161_n.jpg","type":"image\/jpeg"}],"author":"ADRA Moldova","twitter_card":"summary_large_image","twitter_misc":{"\u041d\u0430\u043f\u0438\u0441\u0430\u043d\u043e \u0430\u0432\u0442\u043e\u0440\u043e\u043c":"ADRA Moldova","\u041f\u0440\u0438\u043c\u0435\u0440\u043d\u043e\u0435 \u0432\u0440\u0435\u043c\u044f \u0434\u043b\u044f \u0447\u0442\u0435\u043d\u0438\u044f":"2 \u043c\u0438\u043d\u0443\u0442\u044b"},"schema":{"@context":"https:\/\/schema.org","@graph":[{"@type":"Article","@id":"https:\/\/adra.md\/istorie-de-viata\/#article","isPartOf":{"@id":"https:\/\/adra.md\/istorie-de-viata\/"},"author":{"name":"ADRA Moldova","@id":"https:\/\/adra.md\/#\/schema\/person\/b0181e611ee89738cefb7dc2db2bb8d1"},"headline":"Istorie de via\u021b\u0103","datePublished":"2024-07-04T10:15:36+00:00","dateModified":"2024-07-04T10:18:57+00:00","mainEntityOfPage":{"@id":"https:\/\/adra.md\/istorie-de-viata\/"},"wordCount":334,"publisher":{"@id":"https:\/\/adra.md\/#organization"},"image":{"@id":"https:\/\/adra.md\/istorie-de-viata\/#primaryimage"},"thumbnailUrl":"https:\/\/adra.md\/wp-content\/uploads\/2024\/07\/447216622_17952404549795376_4899236985678083161_n.jpg","articleSection":["News","Uncategorized"],"inLanguage":"ru-RU"},{"@type":"WebPage","@id":"https:\/\/adra.md\/istorie-de-viata\/","url":"https:\/\/adra.md\/istorie-de-viata\/","name":"Istorie de via\u021b\u0103 - ADRA Moldova","isPartOf":{"@id":"https:\/\/adra.md\/#website"},"primaryImageOfPage":{"@id":"https:\/\/adra.md\/istorie-de-viata\/#primaryimage"},"image":{"@id":"https:\/\/adra.md\/istorie-de-viata\/#primaryimage"},"thumbnailUrl":"https:\/\/adra.md\/wp-content\/uploads\/2024\/07\/447216622_17952404549795376_4899236985678083161_n.jpg","datePublished":"2024-07-04T10:15:36+00:00","dateModified":"2024-07-04T10:18:57+00:00","breadcrumb":{"@id":"https:\/\/adra.md\/istorie-de-viata\/#breadcrumb"},"inLanguage":"ru-RU","potentialAction":[{"@type":"ReadAction","target":["https:\/\/adra.md\/istorie-de-viata\/"]}]},{"@type":"ImageObject","inLanguage":"ru-RU","@id":"https:\/\/adra.md\/istorie-de-viata\/#primaryimage","url":"https:\/\/adra.md\/wp-content\/uploads\/2024\/07\/447216622_17952404549795376_4899236985678083161_n.jpg","contentUrl":"https:\/\/adra.md\/wp-content\/uploads\/2024\/07\/447216622_17952404549795376_4899236985678083161_n.jpg","width":1440,"height":1800},{"@type":"BreadcrumbList","@id":"https:\/\/adra.md\/istorie-de-viata\/#breadcrumb","itemListElement":[{"@type":"ListItem","position":1,"name":"Home","item":"https:\/\/adra.md\/"},{"@type":"ListItem","position":2,"name":"Istorie de via\u021b\u0103"}]},{"@type":"WebSite","@id":"https:\/\/adra.md\/#website","url":"https:\/\/adra.md\/","name":"ADRA Moldova","description":"Agen\u0163ia Adventist\u0103 pentru Dezvoltare, Refacere \u015fi Ajutor","publisher":{"@id":"https:\/\/adra.md\/#organization"},"potentialAction":[{"@type":"SearchAction","target":{"@type":"EntryPoint","urlTemplate":"https:\/\/adra.md\/?s={search_term_string}"},"query-input":{"@type":"PropertyValueSpecification","valueRequired":true,"valueName":"search_term_string"}}],"inLanguage":"ru-RU"},{"@type":"Organization","@id":"https:\/\/adra.md\/#organization","name":"ADRA Moldova","url":"https:\/\/adra.md\/","logo":{"@type":"ImageObject","inLanguage":"ru-RU","@id":"https:\/\/adra.md\/#\/schema\/logo\/image\/","url":"https:\/\/adra.md\/wp-content\/uploads\/2019\/11\/group-435.png","contentUrl":"https:\/\/adra.md\/wp-content\/uploads\/2019\/11\/group-435.png","width":500,"height":133,"caption":"ADRA Moldova"},"image":{"@id":"https:\/\/adra.md\/#\/schema\/logo\/image\/"}},{"@type":"Person","@id":"https:\/\/adra.md\/#\/schema\/person\/b0181e611ee89738cefb7dc2db2bb8d1","name":"ADRA Moldova","url":"https:\/\/adra.md\/ru\/author\/andrei-girleanu\/"}]}},"_links":{"self":[{"href":"https:\/\/adra.md\/ru\/wp-json\/wp\/v2\/posts\/21254","targetHints":{"allow":["GET"]}}],"collection":[{"href":"https:\/\/adra.md\/ru\/wp-json\/wp\/v2\/posts"}],"about":[{"href":"https:\/\/adra.md\/ru\/wp-json\/wp\/v2\/types\/post"}],"author":[{"embeddable":true,"href":"https:\/\/adra.md\/ru\/wp-json\/wp\/v2\/users\/9"}],"replies":[{"embeddable":true,"href":"https:\/\/adra.md\/ru\/wp-json\/wp\/v2\/comments?post=21254"}],"version-history":[{"count":1,"href":"https:\/\/adra.md\/ru\/wp-json\/wp\/v2\/posts\/21254\/revisions"}],"predecessor-version":[{"id":21256,"href":"https:\/\/adra.md\/ru\/wp-json\/wp\/v2\/posts\/21254\/revisions\/21256"}],"wp:featuredmedia":[{"embeddable":true,"href":"https:\/\/adra.md\/ru\/wp-json\/wp\/v2\/media\/21255"}],"wp:attachment":[{"href":"https:\/\/adra.md\/ru\/wp-json\/wp\/v2\/media?parent=21254"}],"wp:term":[{"taxonomy":"category","embeddable":true,"href":"https:\/\/adra.md\/ru\/wp-json\/wp\/v2\/categories?post=21254"},{"taxonomy":"post_tag","embeddable":true,"href":"https:\/\/adra.md\/ru\/wp-json\/wp\/v2\/tags?post=21254"}],"curies":[{"name":"wp","href":"https:\/\/api.w.org\/{rel}","templated":true}]}}