{"id":21264,"date":"2024-07-04T10:28:10","date_gmt":"2024-07-04T10:28:10","guid":{"rendered":"https:\/\/adra.md\/?p=21264"},"modified":"2024-07-04T10:28:10","modified_gmt":"2024-07-04T10:28:10","slug":"ziua-internationala-a-copiilor","status":"publish","type":"post","link":"https:\/\/adra.md\/ru\/ziua-internationala-a-copiilor\/","title":{"rendered":"Ziua Interna\u021bional\u0103 a Copiilor"},"content":{"rendered":"<div class=\"xdj266r x11i5rnm xat24cr x1mh8g0r x1vvkbs x126k92a\">\n<div dir=\"auto\">Am s\u0103rb\u0103torit Ziua Interna\u021bional\u0103 a Copiilor \u00eentr-un mod cu totul special, petrec\u00e2nd-o \u00een parc al\u0103turi de p\u0103rin\u021bi \u0219i copii. A fost o zi plin\u0103 de veselie \u0219i momente de neuitat, unde am v\u0103zut cum se formeaz\u0103 conexiuni profunde \u00eentre genera\u021bii.<\/div>\n<\/div>\n<div class=\"x11i5rnm xat24cr x1mh8g0r x1vvkbs xtlvy1s x126k92a\">\n<div dir=\"auto\">Parcul a fost transformat \u00eentr-un loc magic, plin de culoare \u0219i r\u00e2sete. P\u0103rin\u021bii au l\u0103sat deoparte grijile cotidiene \u0219i s-au al\u0103turat copiilor \u00een diverse activit\u0103\u021bi \u0219i jocuri. Am invitat \u0219i ma\u0219ini autospeciale pentru a face cuno\u0219tin\u021ba copiilor cu munca \u0219i specificul acestor profesii, iar fiecare col\u021b al parcului a fost animat de entuziasmul celor mici \u0219i de z\u00e2mbetele calde ale adul\u021bilor.<\/div>\n<\/div>\n<div class=\"x11i5rnm xat24cr x1mh8g0r x1vvkbs xtlvy1s x126k92a\">\n<div dir=\"auto\">A fost minunat s\u0103 vedem cum p\u0103rin\u021bii \u00ee\u0219i redescopereau copil\u0103ria, juc\u00e2ndu-se al\u0103turi de copiii lor \u0219i cre\u00e2nd amintiri de nepre\u021buit.<\/div>\n<\/div>\n<div class=\"x11i5rnm xat24cr x1mh8g0r x1vvkbs xtlvy1s x126k92a\">\n<div dir=\"auto\">Aceast\u0103 zi ne-a reamintit tuturor importan\u021ba timpului petrecut \u00eempreun\u0103, departe de tehnologie \u0219i agita\u021bia zilnic\u0103. A fost o adev\u0103rat\u0103 celebrare a copil\u0103riei!<\/div>\n<\/div>\n<div class=\"x11i5rnm xat24cr x1mh8g0r x1vvkbs xtlvy1s x126k92a\">\n<div dir=\"auto\">S\u0103 continu\u0103m s\u0103 ne bucur\u0103m \u00eempreun\u0103 de fiecare moment \u0219i s\u0103 p\u0103str\u0103m vie magia copil\u0103riei.<\/div>\n<\/div>\n<div class=\"x11i5rnm xat24cr x1mh8g0r x1vvkbs xtlvy1s x126k92a\">\n<div dir=\"auto\"><span class=\"html-span xexx8yu x4uap5 x18d9i69 xkhd6sd x1hl2dhg x16tdsg8 x1vvkbs x3nfvp2 x1j61x8r x1fcty0u xdj266r xat24cr xgzva0m xhhsvwb xxymvpz xlup9mm x1kky2od\"><img decoding=\"async\" class=\"xz74otr\" src=\"https:\/\/static.xx.fbcdn.net\/images\/emoji.php\/v9\/t5c\/2\/16\/1f64f_1f3fd.png\" alt=\"\ud83d\ude4f\ud83c\udffd\" width=\"16\" height=\"16\" \/><\/span> Proiect sus\u021binut financiar de <span class=\"html-span xdj266r x11i5rnm xat24cr x1mh8g0r xexx8yu x4uap5 x18d9i69 xkhd6sd x1hl2dhg x16tdsg8 x1vvkbs\"><a class=\"x1i10hfl xjbqb8w x1ejq31n xd10rxx x1sy0etr x17r0tee x972fbf xcfux6l x1qhh985 xm0m39n x9f619 x1ypdohk xt0psk2 xe8uvvx xdj266r x11i5rnm xat24cr x1mh8g0r xexx8yu x4uap5 x18d9i69 xkhd6sd x16tdsg8 x1hl2dhg xggy1nq x1a2a7pz x1sur9pj xkrqix3 x1fey0fg xo1l8bm\" tabindex=\"0\" role=\"link\" href=\"https:\/\/www.facebook.com\/norwegianrefugeecouncil?__cft__[0]=AZW3zlpBDqTrwWacETIr-cj6HCxGZDn4sooj01FwNd37D-JSr-gvczqKR0FCYhAGggpREl-1FsFcYmOMq08IUPttXRdvWrlj1h9nvviWum3s0SH4r-2TySuj8MR6tCz3ir67i5uufFRm3ojDR9k-ed8Bb44pU9MZTZJ5E4jJ-mXkfeqm_-_oOHT9iFIC3AGgfLN4k5kaDqN6TSUn1F8ZEg2ztFh13XfHbTCKgVKiFrg80A&amp;__tn__=-]K-R\"><span class=\"xt0psk2\">NRC &#8211; Norwegian Refugee Council<\/span><\/a><\/span><\/div>\n<\/div>\n<div class=\"x11i5rnm xat24cr x1mh8g0r x1vvkbs xtlvy1s x126k92a\">\n<div dir=\"auto\"><span class=\"html-span xdj266r x11i5rnm xat24cr x1mh8g0r xexx8yu x4uap5 x18d9i69 xkhd6sd x1hl2dhg x16tdsg8 x1vvkbs\"><a class=\"x1i10hfl xjbqb8w x1ejq31n xd10rxx x1sy0etr x17r0tee x972fbf xcfux6l x1qhh985 xm0m39n x9f619 x1ypdohk xt0psk2 xe8uvvx xdj266r x11i5rnm xat24cr x1mh8g0r xexx8yu x4uap5 x18d9i69 xkhd6sd x16tdsg8 x1hl2dhg xggy1nq x1a2a7pz x1sur9pj xkrqix3 x1fey0fg xo1l8bm\" tabindex=\"0\" role=\"link\" href=\"https:\/\/www.facebook.com\/hashtag\/adra?__eep__=6&amp;__cft__[0]=AZW3zlpBDqTrwWacETIr-cj6HCxGZDn4sooj01FwNd37D-JSr-gvczqKR0FCYhAGggpREl-1FsFcYmOMq08IUPttXRdvWrlj1h9nvviWum3s0SH4r-2TySuj8MR6tCz3ir67i5uufFRm3ojDR9k-ed8Bb44pU9MZTZJ5E4jJ-mXkfeqm_-_oOHT9iFIC3AGgfLN4k5kaDqN6TSUn1F8ZEg2ztFh13XfHbTCKgVKiFrg80A&amp;__tn__=*NK-R\">#adra<\/a><\/span> <span class=\"html-span xdj266r x11i5rnm xat24cr x1mh8g0r xexx8yu x4uap5 x18d9i69 xkhd6sd x1hl2dhg x16tdsg8 x1vvkbs\"><a class=\"x1i10hfl xjbqb8w x1ejq31n xd10rxx x1sy0etr x17r0tee x972fbf xcfux6l x1qhh985 xm0m39n x9f619 x1ypdohk xt0psk2 xe8uvvx xdj266r x11i5rnm xat24cr x1mh8g0r xexx8yu x4uap5 x18d9i69 xkhd6sd x16tdsg8 x1hl2dhg xggy1nq x1a2a7pz x1sur9pj xkrqix3 x1fey0fg xo1l8bm\" tabindex=\"0\" role=\"link\" href=\"https:\/\/www.facebook.com\/hashtag\/adramoldova?__eep__=6&amp;__cft__[0]=AZW3zlpBDqTrwWacETIr-cj6HCxGZDn4sooj01FwNd37D-JSr-gvczqKR0FCYhAGggpREl-1FsFcYmOMq08IUPttXRdvWrlj1h9nvviWum3s0SH4r-2TySuj8MR6tCz3ir67i5uufFRm3ojDR9k-ed8Bb44pU9MZTZJ5E4jJ-mXkfeqm_-_oOHT9iFIC3AGgfLN4k5kaDqN6TSUn1F8ZEg2ztFh13XfHbTCKgVKiFrg80A&amp;__tn__=*NK-R\">#adramoldova<\/a><\/span> <span class=\"html-span xdj266r x11i5rnm xat24cr x1mh8g0r xexx8yu x4uap5 x18d9i69 xkhd6sd x1hl2dhg x16tdsg8 x1vvkbs\"><a class=\"x1i10hfl xjbqb8w x1ejq31n xd10rxx x1sy0etr x17r0tee x972fbf xcfux6l x1qhh985 xm0m39n x9f619 x1ypdohk xt0psk2 xe8uvvx xdj266r x11i5rnm xat24cr x1mh8g0r xexx8yu x4uap5 x18d9i69 xkhd6sd x16tdsg8 x1hl2dhg xggy1nq x1a2a7pz x1sur9pj xkrqix3 x1fey0fg xo1l8bm\" tabindex=\"0\" role=\"link\" href=\"https:\/\/www.facebook.com\/hashtag\/adraevent?__eep__=6&amp;__cft__[0]=AZW3zlpBDqTrwWacETIr-cj6HCxGZDn4sooj01FwNd37D-JSr-gvczqKR0FCYhAGggpREl-1FsFcYmOMq08IUPttXRdvWrlj1h9nvviWum3s0SH4r-2TySuj8MR6tCz3ir67i5uufFRm3ojDR9k-ed8Bb44pU9MZTZJ5E4jJ-mXkfeqm_-_oOHT9iFIC3AGgfLN4k5kaDqN6TSUn1F8ZEg2ztFh13XfHbTCKgVKiFrg80A&amp;__tn__=*NK-R\">#adraevent<\/a><\/span> <span class=\"html-span xdj266r x11i5rnm xat24cr x1mh8g0r xexx8yu x4uap5 x18d9i69 xkhd6sd x1hl2dhg x16tdsg8 x1vvkbs\"><a class=\"x1i10hfl xjbqb8w x1ejq31n xd10rxx x1sy0etr x17r0tee x972fbf xcfux6l x1qhh985 xm0m39n x9f619 x1ypdohk xt0psk2 xe8uvvx xdj266r x11i5rnm xat24cr x1mh8g0r xexx8yu x4uap5 x18d9i69 xkhd6sd x16tdsg8 x1hl2dhg xggy1nq x1a2a7pz x1sur9pj xkrqix3 x1fey0fg xo1l8bm\" tabindex=\"0\" role=\"link\" href=\"https:\/\/www.facebook.com\/hashtag\/norway?__eep__=6&amp;__cft__[0]=AZW3zlpBDqTrwWacETIr-cj6HCxGZDn4sooj01FwNd37D-JSr-gvczqKR0FCYhAGggpREl-1FsFcYmOMq08IUPttXRdvWrlj1h9nvviWum3s0SH4r-2TySuj8MR6tCz3ir67i5uufFRm3ojDR9k-ed8Bb44pU9MZTZJ5E4jJ-mXkfeqm_-_oOHT9iFIC3AGgfLN4k5kaDqN6TSUn1F8ZEg2ztFh13XfHbTCKgVKiFrg80A&amp;__tn__=*NK-R\">#norway<\/a><\/span> <span class=\"html-span xdj266r x11i5rnm xat24cr x1mh8g0r xexx8yu x4uap5 x18d9i69 xkhd6sd x1hl2dhg x16tdsg8 x1vvkbs\"><a class=\"x1i10hfl xjbqb8w x1ejq31n xd10rxx x1sy0etr x17r0tee x972fbf xcfux6l x1qhh985 xm0m39n x9f619 x1ypdohk xt0psk2 xe8uvvx xdj266r x11i5rnm xat24cr x1mh8g0r xexx8yu x4uap5 x18d9i69 xkhd6sd x16tdsg8 x1hl2dhg xggy1nq x1a2a7pz x1sur9pj xkrqix3 x1fey0fg xo1l8bm\" tabindex=\"0\" role=\"link\" href=\"https:\/\/www.facebook.com\/hashtag\/norado?__eep__=6&amp;__cft__[0]=AZW3zlpBDqTrwWacETIr-cj6HCxGZDn4sooj01FwNd37D-JSr-gvczqKR0FCYhAGggpREl-1FsFcYmOMq08IUPttXRdvWrlj1h9nvviWum3s0SH4r-2TySuj8MR6tCz3ir67i5uufFRm3ojDR9k-ed8Bb44pU9MZTZJ5E4jJ-mXkfeqm_-_oOHT9iFIC3AGgfLN4k5kaDqN6TSUn1F8ZEg2ztFh13XfHbTCKgVKiFrg80A&amp;__tn__=*NK-R\">#norado<\/a><\/span> <span class=\"html-span xdj266r x11i5rnm xat24cr x1mh8g0r xexx8yu x4uap5 x18d9i69 xkhd6sd x1hl2dhg x16tdsg8 x1vvkbs\"><a class=\"x1i10hfl xjbqb8w x1ejq31n xd10rxx x1sy0etr x17r0tee x972fbf xcfux6l x1qhh985 xm0m39n x9f619 x1ypdohk xt0psk2 xe8uvvx xdj266r x11i5rnm xat24cr x1mh8g0r xexx8yu x4uap5 x18d9i69 xkhd6sd x16tdsg8 x1hl2dhg xggy1nq x1a2a7pz x1sur9pj xkrqix3 x1fey0fg xo1l8bm\" tabindex=\"0\" role=\"link\" href=\"https:\/\/www.facebook.com\/hashtag\/norwegianrefugeecouncil?__eep__=6&amp;__cft__[0]=AZW3zlpBDqTrwWacETIr-cj6HCxGZDn4sooj01FwNd37D-JSr-gvczqKR0FCYhAGggpREl-1FsFcYmOMq08IUPttXRdvWrlj1h9nvviWum3s0SH4r-2TySuj8MR6tCz3ir67i5uufFRm3ojDR9k-ed8Bb44pU9MZTZJ5E4jJ-mXkfeqm_-_oOHT9iFIC3AGgfLN4k5kaDqN6TSUn1F8ZEg2ztFh13XfHbTCKgVKiFrg80A&amp;__tn__=*NK-R\">#norwegianrefugeecouncil<\/a><\/span> <span class=\"html-span xdj266r x11i5rnm xat24cr x1mh8g0r xexx8yu x4uap5 x18d9i69 xkhd6sd x1hl2dhg x16tdsg8 x1vvkbs\"><a class=\"x1i10hfl xjbqb8w x1ejq31n xd10rxx x1sy0etr x17r0tee x972fbf xcfux6l x1qhh985 xm0m39n x9f619 x1ypdohk xt0psk2 xe8uvvx xdj266r x11i5rnm xat24cr x1mh8g0r xexx8yu x4uap5 x18d9i69 xkhd6sd x16tdsg8 x1hl2dhg xggy1nq x1a2a7pz x1sur9pj xkrqix3 x1fey0fg xo1l8bm\" tabindex=\"0\" role=\"link\" href=\"https:\/\/www.facebook.com\/hashtag\/childrenday?__eep__=6&amp;__cft__[0]=AZW3zlpBDqTrwWacETIr-cj6HCxGZDn4sooj01FwNd37D-JSr-gvczqKR0FCYhAGggpREl-1FsFcYmOMq08IUPttXRdvWrlj1h9nvviWum3s0SH4r-2TySuj8MR6tCz3ir67i5uufFRm3ojDR9k-ed8Bb44pU9MZTZJ5E4jJ-mXkfeqm_-_oOHT9iFIC3AGgfLN4k5kaDqN6TSUn1F8ZEg2ztFh13XfHbTCKgVKiFrg80A&amp;__tn__=*NK-R\">#childrenday<\/a><\/span> #2024 <span class=\"html-span xdj266r x11i5rnm xat24cr x1mh8g0r xexx8yu x4uap5 x18d9i69 xkhd6sd x1hl2dhg x16tdsg8 x1vvkbs\"><a class=\"x1i10hfl xjbqb8w x1ejq31n xd10rxx x1sy0etr x17r0tee x972fbf xcfux6l x1qhh985 xm0m39n x9f619 x1ypdohk xt0psk2 xe8uvvx xdj266r x11i5rnm xat24cr x1mh8g0r xexx8yu x4uap5 x18d9i69 xkhd6sd x16tdsg8 x1hl2dhg xggy1nq x1a2a7pz x1sur9pj xkrqix3 x1fey0fg xo1l8bm\" tabindex=\"0\" role=\"link\" href=\"https:\/\/www.facebook.com\/hashtag\/summer?__eep__=6&amp;__cft__[0]=AZW3zlpBDqTrwWacETIr-cj6HCxGZDn4sooj01FwNd37D-JSr-gvczqKR0FCYhAGggpREl-1FsFcYmOMq08IUPttXRdvWrlj1h9nvviWum3s0SH4r-2TySuj8MR6tCz3ir67i5uufFRm3ojDR9k-ed8Bb44pU9MZTZJ5E4jJ-mXkfeqm_-_oOHT9iFIC3AGgfLN4k5kaDqN6TSUn1F8ZEg2ztFh13XfHbTCKgVKiFrg80A&amp;__tn__=*NK-R\">#summer<\/a><\/span><\/div>\n<\/div>\n<div dir=\"auto\"><\/div>\n<div dir=\"auto\">\u00a0 \u00a0 \u00a0 \u00a0 \u00a0 \u00a0 \u00a0 \u00a0 \u00a0 \u00a0 \u00a0 \u00a0 \u00a0\u00a0<img fetchpriority=\"high\" decoding=\"async\" class=\"alignnone size-medium wp-image-21265\" src=\"https:\/\/adra.md\/wp-content\/uploads\/2024\/07\/447878809_17953198946795376_2345481919765512388_n-300x169.jpg\" alt=\"\" width=\"300\" height=\"169\" srcset=\"https:\/\/adra.md\/wp-content\/uploads\/2024\/07\/447878809_17953198946795376_2345481919765512388_n-300x169.jpg 300w, https:\/\/adra.md\/wp-content\/uploads\/2024\/07\/447878809_17953198946795376_2345481919765512388_n-1024x576.jpg 1024w, https:\/\/adra.md\/wp-content\/uploads\/2024\/07\/447878809_17953198946795376_2345481919765512388_n-768x432.jpg 768w, https:\/\/adra.md\/wp-content\/uploads\/2024\/07\/447878809_17953198946795376_2345481919765512388_n-18x10.jpg 18w, https:\/\/adra.md\/wp-content\/uploads\/2024\/07\/447878809_17953198946795376_2345481919765512388_n.jpg 1152w\" sizes=\"(max-width: 300px) 100vw, 300px\" \/>\u00a0 \u00a0 \u00a0 <img decoding=\"async\" class=\"alignnone size-medium wp-image-21266\" src=\"https:\/\/adra.md\/wp-content\/uploads\/2024\/07\/447895475_17953198910795376_7913595258409887750_n-300x169.jpg\" alt=\"\" width=\"300\" height=\"169\" srcset=\"https:\/\/adra.md\/wp-content\/uploads\/2024\/07\/447895475_17953198910795376_7913595258409887750_n-300x169.jpg 300w, https:\/\/adra.md\/wp-content\/uploads\/2024\/07\/447895475_17953198910795376_7913595258409887750_n-768x432.jpg 768w, https:\/\/adra.md\/wp-content\/uploads\/2024\/07\/447895475_17953198910795376_7913595258409887750_n-18x10.jpg 18w, https:\/\/adra.md\/wp-content\/uploads\/2024\/07\/447895475_17953198910795376_7913595258409887750_n.jpg 900w\" sizes=\"(max-width: 300px) 100vw, 300px\" \/>\u00a0 \u00a0 \u00a0 <img loading=\"lazy\" decoding=\"async\" class=\"alignnone size-medium wp-image-21267\" src=\"https:\/\/adra.md\/wp-content\/uploads\/2024\/07\/447958646_17953198934795376_19934514949440860_n-300x169.jpg\" alt=\"\" width=\"300\" height=\"169\" srcset=\"https:\/\/adra.md\/wp-content\/uploads\/2024\/07\/447958646_17953198934795376_19934514949440860_n-300x169.jpg 300w, https:\/\/adra.md\/wp-content\/uploads\/2024\/07\/447958646_17953198934795376_19934514949440860_n-768x432.jpg 768w, https:\/\/adra.md\/wp-content\/uploads\/2024\/07\/447958646_17953198934795376_19934514949440860_n-18x10.jpg 18w, https:\/\/adra.md\/wp-content\/uploads\/2024\/07\/447958646_17953198934795376_19934514949440860_n.jpg 900w\" sizes=\"(max-width: 300px) 100vw, 300px\" \/><\/div>\n<div dir=\"auto\"><\/div>\n<div dir=\"auto\">\u00a0 \u00a0 \u00a0 \u00a0 \u00a0 \u00a0 \u00a0 \u00a0 \u00a0 \u00a0 \u00a0 \u00a0 \u00a0\u00a0<img loading=\"lazy\" decoding=\"async\" class=\"alignnone size-medium wp-image-21268\" src=\"https:\/\/adra.md\/wp-content\/uploads\/2024\/07\/447667461_17953198919795376_4815267143218268237_n-300x169.jpg\" alt=\"\" width=\"300\" height=\"169\" srcset=\"https:\/\/adra.md\/wp-content\/uploads\/2024\/07\/447667461_17953198919795376_4815267143218268237_n-300x169.jpg 300w, https:\/\/adra.md\/wp-content\/uploads\/2024\/07\/447667461_17953198919795376_4815267143218268237_n-768x432.jpg 768w, https:\/\/adra.md\/wp-content\/uploads\/2024\/07\/447667461_17953198919795376_4815267143218268237_n-18x10.jpg 18w, https:\/\/adra.md\/wp-content\/uploads\/2024\/07\/447667461_17953198919795376_4815267143218268237_n.jpg 900w\" sizes=\"(max-width: 300px) 100vw, 300px\" \/>\u00a0 \u00a0 \u00a0\u00a0<img loading=\"lazy\" decoding=\"async\" class=\"alignnone size-medium wp-image-21269\" src=\"https:\/\/adra.md\/wp-content\/uploads\/2024\/07\/447846345_17953198958795376_371585129794801386_n-300x169.jpg\" alt=\"\" width=\"300\" height=\"169\" srcset=\"https:\/\/adra.md\/wp-content\/uploads\/2024\/07\/447846345_17953198958795376_371585129794801386_n-300x169.jpg 300w, https:\/\/adra.md\/wp-content\/uploads\/2024\/07\/447846345_17953198958795376_371585129794801386_n-768x432.jpg 768w, https:\/\/adra.md\/wp-content\/uploads\/2024\/07\/447846345_17953198958795376_371585129794801386_n-18x10.jpg 18w, https:\/\/adra.md\/wp-content\/uploads\/2024\/07\/447846345_17953198958795376_371585129794801386_n.jpg 900w\" sizes=\"(max-width: 300px) 100vw, 300px\" \/>\u00a0 \u00a0 \u00a0 \u00a0<img loading=\"lazy\" decoding=\"async\" class=\"alignnone size-medium wp-image-21270\" src=\"https:\/\/adra.md\/wp-content\/uploads\/2024\/07\/447867160_17953198937795376_4045927460255216621_n-300x169.jpg\" alt=\"\" width=\"300\" height=\"169\" srcset=\"https:\/\/adra.md\/wp-content\/uploads\/2024\/07\/447867160_17953198937795376_4045927460255216621_n-300x169.jpg 300w, https:\/\/adra.md\/wp-content\/uploads\/2024\/07\/447867160_17953198937795376_4045927460255216621_n-768x432.jpg 768w, https:\/\/adra.md\/wp-content\/uploads\/2024\/07\/447867160_17953198937795376_4045927460255216621_n-18x10.jpg 18w, https:\/\/adra.md\/wp-content\/uploads\/2024\/07\/447867160_17953198937795376_4045927460255216621_n.jpg 900w\" sizes=\"(max-width: 300px) 100vw, 300px\" \/><\/div>\n","protected":false},"excerpt":{"rendered":"<p>Am s\u0103rb\u0103torit Ziua Interna\u021bional\u0103 a Copiilor \u00eentr-un mod cu totul special, petrec\u00e2nd-o \u00een parc al\u0103turi de p\u0103rin\u021bi \u0219i copii. A fost o zi plin\u0103 de veselie \u0219i momente de neuitat, unde am v\u0103zut cum se formeaz\u0103 conexiuni profunde \u00eentre genera\u021bii. Parcul a fost transformat \u00eentr-un loc magic, plin de culoare \u0219i r\u00e2sete. P\u0103rin\u021bii au l\u0103sat [&hellip;]<\/p>\n","protected":false},"author":9,"featured_media":21269,"comment_status":"closed","ping_status":"closed","sticky":false,"template":"","format":"standard","meta":{"_acf_changed":false,"footnotes":""},"categories":[294],"tags":[],"class_list":["post-21264","post","type-post","status-publish","format-standard","has-post-thumbnail","hentry","category-news"],"acf":[],"yoast_head":"<!-- This site is optimized with the Yoast SEO plugin v27.4 - https:\/\/yoast.com\/product\/yoast-seo-wordpress\/ -->\n<title>Ziua Interna\u021bional\u0103 a Copiilor - ADRA Moldova<\/title>\n<meta name=\"robots\" content=\"index, follow, max-snippet:-1, max-image-preview:large, max-video-preview:-1\" \/>\n<link rel=\"canonical\" href=\"https:\/\/adra.md\/ru\/ziua-internationala-a-copiilor\/\" \/>\n<meta property=\"og:locale\" content=\"ru_RU\" \/>\n<meta property=\"og:type\" content=\"article\" \/>\n<meta property=\"og:title\" content=\"Ziua Interna\u021bional\u0103 a Copiilor - ADRA Moldova\" \/>\n<meta property=\"og:description\" content=\"Am s\u0103rb\u0103torit Ziua Interna\u021bional\u0103 a Copiilor \u00eentr-un mod cu totul special, petrec\u00e2nd-o \u00een parc al\u0103turi de p\u0103rin\u021bi \u0219i copii. A fost o zi plin\u0103 de veselie \u0219i momente de neuitat, unde am v\u0103zut cum se formeaz\u0103 conexiuni profunde \u00eentre genera\u021bii. Parcul a fost transformat \u00eentr-un loc magic, plin de culoare \u0219i r\u00e2sete. P\u0103rin\u021bii au l\u0103sat [&hellip;]\" \/>\n<meta property=\"og:url\" content=\"https:\/\/adra.md\/ru\/ziua-internationala-a-copiilor\/\" \/>\n<meta property=\"og:site_name\" content=\"ADRA Moldova\" \/>\n<meta property=\"article:published_time\" content=\"2024-07-04T10:28:10+00:00\" \/>\n<meta property=\"og:image\" content=\"https:\/\/adra.md\/wp-content\/uploads\/2024\/07\/447846345_17953198958795376_371585129794801386_n.jpg\" \/>\n\t<meta property=\"og:image:width\" content=\"900\" \/>\n\t<meta property=\"og:image:height\" content=\"506\" \/>\n\t<meta property=\"og:image:type\" content=\"image\/jpeg\" \/>\n<meta name=\"author\" content=\"ADRA Moldova\" \/>\n<meta name=\"twitter:card\" content=\"summary_large_image\" \/>\n<meta name=\"twitter:label1\" content=\"\u041d\u0430\u043f\u0438\u0441\u0430\u043d\u043e \u0430\u0432\u0442\u043e\u0440\u043e\u043c\" \/>\n\t<meta name=\"twitter:data1\" content=\"ADRA Moldova\" \/>\n\t<meta name=\"twitter:label2\" content=\"\u041f\u0440\u0438\u043c\u0435\u0440\u043d\u043e\u0435 \u0432\u0440\u0435\u043c\u044f \u0434\u043b\u044f \u0447\u0442\u0435\u043d\u0438\u044f\" \/>\n\t<meta name=\"twitter:data2\" content=\"1 \u043c\u0438\u043d\u0443\u0442\u0430\" \/>\n<script type=\"application\/ld+json\" class=\"yoast-schema-graph\">{\"@context\":\"https:\\\/\\\/schema.org\",\"@graph\":[{\"@type\":\"Article\",\"@id\":\"https:\\\/\\\/adra.md\\\/ziua-internationala-a-copiilor\\\/#article\",\"isPartOf\":{\"@id\":\"https:\\\/\\\/adra.md\\\/ziua-internationala-a-copiilor\\\/\"},\"author\":{\"name\":\"ADRA Moldova\",\"@id\":\"https:\\\/\\\/adra.md\\\/#\\\/schema\\\/person\\\/b0181e611ee89738cefb7dc2db2bb8d1\"},\"headline\":\"Ziua Interna\u021bional\u0103 a Copiilor\",\"datePublished\":\"2024-07-04T10:28:10+00:00\",\"mainEntityOfPage\":{\"@id\":\"https:\\\/\\\/adra.md\\\/ziua-internationala-a-copiilor\\\/\"},\"wordCount\":217,\"publisher\":{\"@id\":\"https:\\\/\\\/adra.md\\\/#organization\"},\"image\":{\"@id\":\"https:\\\/\\\/adra.md\\\/ziua-internationala-a-copiilor\\\/#primaryimage\"},\"thumbnailUrl\":\"https:\\\/\\\/adra.md\\\/wp-content\\\/uploads\\\/2024\\\/07\\\/447846345_17953198958795376_371585129794801386_n.jpg\",\"articleSection\":[\"News\"],\"inLanguage\":\"ru-RU\"},{\"@type\":\"WebPage\",\"@id\":\"https:\\\/\\\/adra.md\\\/ziua-internationala-a-copiilor\\\/\",\"url\":\"https:\\\/\\\/adra.md\\\/ziua-internationala-a-copiilor\\\/\",\"name\":\"Ziua Interna\u021bional\u0103 a Copiilor - ADRA Moldova\",\"isPartOf\":{\"@id\":\"https:\\\/\\\/adra.md\\\/#website\"},\"primaryImageOfPage\":{\"@id\":\"https:\\\/\\\/adra.md\\\/ziua-internationala-a-copiilor\\\/#primaryimage\"},\"image\":{\"@id\":\"https:\\\/\\\/adra.md\\\/ziua-internationala-a-copiilor\\\/#primaryimage\"},\"thumbnailUrl\":\"https:\\\/\\\/adra.md\\\/wp-content\\\/uploads\\\/2024\\\/07\\\/447846345_17953198958795376_371585129794801386_n.jpg\",\"datePublished\":\"2024-07-04T10:28:10+00:00\",\"breadcrumb\":{\"@id\":\"https:\\\/\\\/adra.md\\\/ziua-internationala-a-copiilor\\\/#breadcrumb\"},\"inLanguage\":\"ru-RU\",\"potentialAction\":[{\"@type\":\"ReadAction\",\"target\":[\"https:\\\/\\\/adra.md\\\/ziua-internationala-a-copiilor\\\/\"]}]},{\"@type\":\"ImageObject\",\"inLanguage\":\"ru-RU\",\"@id\":\"https:\\\/\\\/adra.md\\\/ziua-internationala-a-copiilor\\\/#primaryimage\",\"url\":\"https:\\\/\\\/adra.md\\\/wp-content\\\/uploads\\\/2024\\\/07\\\/447846345_17953198958795376_371585129794801386_n.jpg\",\"contentUrl\":\"https:\\\/\\\/adra.md\\\/wp-content\\\/uploads\\\/2024\\\/07\\\/447846345_17953198958795376_371585129794801386_n.jpg\",\"width\":900,\"height\":506},{\"@type\":\"BreadcrumbList\",\"@id\":\"https:\\\/\\\/adra.md\\\/ziua-internationala-a-copiilor\\\/#breadcrumb\",\"itemListElement\":[{\"@type\":\"ListItem\",\"position\":1,\"name\":\"Home\",\"item\":\"https:\\\/\\\/adra.md\\\/\"},{\"@type\":\"ListItem\",\"position\":2,\"name\":\"Ziua Interna\u021bional\u0103 a Copiilor\"}]},{\"@type\":\"WebSite\",\"@id\":\"https:\\\/\\\/adra.md\\\/#website\",\"url\":\"https:\\\/\\\/adra.md\\\/\",\"name\":\"ADRA Moldova\",\"description\":\"Agen\u0163ia Adventist\u0103 pentru Dezvoltare, Refacere \u015fi Ajutor\",\"publisher\":{\"@id\":\"https:\\\/\\\/adra.md\\\/#organization\"},\"potentialAction\":[{\"@type\":\"SearchAction\",\"target\":{\"@type\":\"EntryPoint\",\"urlTemplate\":\"https:\\\/\\\/adra.md\\\/?s={search_term_string}\"},\"query-input\":{\"@type\":\"PropertyValueSpecification\",\"valueRequired\":true,\"valueName\":\"search_term_string\"}}],\"inLanguage\":\"ru-RU\"},{\"@type\":\"Organization\",\"@id\":\"https:\\\/\\\/adra.md\\\/#organization\",\"name\":\"ADRA Moldova\",\"url\":\"https:\\\/\\\/adra.md\\\/\",\"logo\":{\"@type\":\"ImageObject\",\"inLanguage\":\"ru-RU\",\"@id\":\"https:\\\/\\\/adra.md\\\/#\\\/schema\\\/logo\\\/image\\\/\",\"url\":\"https:\\\/\\\/adra.md\\\/wp-content\\\/uploads\\\/2019\\\/11\\\/group-435.png\",\"contentUrl\":\"https:\\\/\\\/adra.md\\\/wp-content\\\/uploads\\\/2019\\\/11\\\/group-435.png\",\"width\":500,\"height\":133,\"caption\":\"ADRA Moldova\"},\"image\":{\"@id\":\"https:\\\/\\\/adra.md\\\/#\\\/schema\\\/logo\\\/image\\\/\"}},{\"@type\":\"Person\",\"@id\":\"https:\\\/\\\/adra.md\\\/#\\\/schema\\\/person\\\/b0181e611ee89738cefb7dc2db2bb8d1\",\"name\":\"ADRA Moldova\",\"url\":\"https:\\\/\\\/adra.md\\\/ru\\\/author\\\/andrei-girleanu\\\/\"}]}<\/script>\n<!-- \/ Yoast SEO plugin. -->","yoast_head_json":{"title":"Ziua Interna\u021bional\u0103 a Copiilor - ADRA Moldova","robots":{"index":"index","follow":"follow","max-snippet":"max-snippet:-1","max-image-preview":"max-image-preview:large","max-video-preview":"max-video-preview:-1"},"canonical":"https:\/\/adra.md\/ru\/ziua-internationala-a-copiilor\/","og_locale":"ru_RU","og_type":"article","og_title":"Ziua Interna\u021bional\u0103 a Copiilor - ADRA Moldova","og_description":"Am s\u0103rb\u0103torit Ziua Interna\u021bional\u0103 a Copiilor \u00eentr-un mod cu totul special, petrec\u00e2nd-o \u00een parc al\u0103turi de p\u0103rin\u021bi \u0219i copii. A fost o zi plin\u0103 de veselie \u0219i momente de neuitat, unde am v\u0103zut cum se formeaz\u0103 conexiuni profunde \u00eentre genera\u021bii. Parcul a fost transformat \u00eentr-un loc magic, plin de culoare \u0219i r\u00e2sete. P\u0103rin\u021bii au l\u0103sat [&hellip;]","og_url":"https:\/\/adra.md\/ru\/ziua-internationala-a-copiilor\/","og_site_name":"ADRA Moldova","article_published_time":"2024-07-04T10:28:10+00:00","og_image":[{"width":900,"height":506,"url":"https:\/\/adra.md\/wp-content\/uploads\/2024\/07\/447846345_17953198958795376_371585129794801386_n.jpg","type":"image\/jpeg"}],"author":"ADRA Moldova","twitter_card":"summary_large_image","twitter_misc":{"\u041d\u0430\u043f\u0438\u0441\u0430\u043d\u043e \u0430\u0432\u0442\u043e\u0440\u043e\u043c":"ADRA Moldova","\u041f\u0440\u0438\u043c\u0435\u0440\u043d\u043e\u0435 \u0432\u0440\u0435\u043c\u044f \u0434\u043b\u044f \u0447\u0442\u0435\u043d\u0438\u044f":"1 \u043c\u0438\u043d\u0443\u0442\u0430"},"schema":{"@context":"https:\/\/schema.org","@graph":[{"@type":"Article","@id":"https:\/\/adra.md\/ziua-internationala-a-copiilor\/#article","isPartOf":{"@id":"https:\/\/adra.md\/ziua-internationala-a-copiilor\/"},"author":{"name":"ADRA Moldova","@id":"https:\/\/adra.md\/#\/schema\/person\/b0181e611ee89738cefb7dc2db2bb8d1"},"headline":"Ziua Interna\u021bional\u0103 a Copiilor","datePublished":"2024-07-04T10:28:10+00:00","mainEntityOfPage":{"@id":"https:\/\/adra.md\/ziua-internationala-a-copiilor\/"},"wordCount":217,"publisher":{"@id":"https:\/\/adra.md\/#organization"},"image":{"@id":"https:\/\/adra.md\/ziua-internationala-a-copiilor\/#primaryimage"},"thumbnailUrl":"https:\/\/adra.md\/wp-content\/uploads\/2024\/07\/447846345_17953198958795376_371585129794801386_n.jpg","articleSection":["News"],"inLanguage":"ru-RU"},{"@type":"WebPage","@id":"https:\/\/adra.md\/ziua-internationala-a-copiilor\/","url":"https:\/\/adra.md\/ziua-internationala-a-copiilor\/","name":"Ziua Interna\u021bional\u0103 a Copiilor - ADRA Moldova","isPartOf":{"@id":"https:\/\/adra.md\/#website"},"primaryImageOfPage":{"@id":"https:\/\/adra.md\/ziua-internationala-a-copiilor\/#primaryimage"},"image":{"@id":"https:\/\/adra.md\/ziua-internationala-a-copiilor\/#primaryimage"},"thumbnailUrl":"https:\/\/adra.md\/wp-content\/uploads\/2024\/07\/447846345_17953198958795376_371585129794801386_n.jpg","datePublished":"2024-07-04T10:28:10+00:00","breadcrumb":{"@id":"https:\/\/adra.md\/ziua-internationala-a-copiilor\/#breadcrumb"},"inLanguage":"ru-RU","potentialAction":[{"@type":"ReadAction","target":["https:\/\/adra.md\/ziua-internationala-a-copiilor\/"]}]},{"@type":"ImageObject","inLanguage":"ru-RU","@id":"https:\/\/adra.md\/ziua-internationala-a-copiilor\/#primaryimage","url":"https:\/\/adra.md\/wp-content\/uploads\/2024\/07\/447846345_17953198958795376_371585129794801386_n.jpg","contentUrl":"https:\/\/adra.md\/wp-content\/uploads\/2024\/07\/447846345_17953198958795376_371585129794801386_n.jpg","width":900,"height":506},{"@type":"BreadcrumbList","@id":"https:\/\/adra.md\/ziua-internationala-a-copiilor\/#breadcrumb","itemListElement":[{"@type":"ListItem","position":1,"name":"Home","item":"https:\/\/adra.md\/"},{"@type":"ListItem","position":2,"name":"Ziua Interna\u021bional\u0103 a Copiilor"}]},{"@type":"WebSite","@id":"https:\/\/adra.md\/#website","url":"https:\/\/adra.md\/","name":"ADRA Moldova","description":"Agen\u0163ia Adventist\u0103 pentru Dezvoltare, Refacere \u015fi Ajutor","publisher":{"@id":"https:\/\/adra.md\/#organization"},"potentialAction":[{"@type":"SearchAction","target":{"@type":"EntryPoint","urlTemplate":"https:\/\/adra.md\/?s={search_term_string}"},"query-input":{"@type":"PropertyValueSpecification","valueRequired":true,"valueName":"search_term_string"}}],"inLanguage":"ru-RU"},{"@type":"Organization","@id":"https:\/\/adra.md\/#organization","name":"ADRA Moldova","url":"https:\/\/adra.md\/","logo":{"@type":"ImageObject","inLanguage":"ru-RU","@id":"https:\/\/adra.md\/#\/schema\/logo\/image\/","url":"https:\/\/adra.md\/wp-content\/uploads\/2019\/11\/group-435.png","contentUrl":"https:\/\/adra.md\/wp-content\/uploads\/2019\/11\/group-435.png","width":500,"height":133,"caption":"ADRA Moldova"},"image":{"@id":"https:\/\/adra.md\/#\/schema\/logo\/image\/"}},{"@type":"Person","@id":"https:\/\/adra.md\/#\/schema\/person\/b0181e611ee89738cefb7dc2db2bb8d1","name":"ADRA Moldova","url":"https:\/\/adra.md\/ru\/author\/andrei-girleanu\/"}]}},"_links":{"self":[{"href":"https:\/\/adra.md\/ru\/wp-json\/wp\/v2\/posts\/21264","targetHints":{"allow":["GET"]}}],"collection":[{"href":"https:\/\/adra.md\/ru\/wp-json\/wp\/v2\/posts"}],"about":[{"href":"https:\/\/adra.md\/ru\/wp-json\/wp\/v2\/types\/post"}],"author":[{"embeddable":true,"href":"https:\/\/adra.md\/ru\/wp-json\/wp\/v2\/users\/9"}],"replies":[{"embeddable":true,"href":"https:\/\/adra.md\/ru\/wp-json\/wp\/v2\/comments?post=21264"}],"version-history":[{"count":1,"href":"https:\/\/adra.md\/ru\/wp-json\/wp\/v2\/posts\/21264\/revisions"}],"predecessor-version":[{"id":21271,"href":"https:\/\/adra.md\/ru\/wp-json\/wp\/v2\/posts\/21264\/revisions\/21271"}],"wp:featuredmedia":[{"embeddable":true,"href":"https:\/\/adra.md\/ru\/wp-json\/wp\/v2\/media\/21269"}],"wp:attachment":[{"href":"https:\/\/adra.md\/ru\/wp-json\/wp\/v2\/media?parent=21264"}],"wp:term":[{"taxonomy":"category","embeddable":true,"href":"https:\/\/adra.md\/ru\/wp-json\/wp\/v2\/categories?post=21264"},{"taxonomy":"post_tag","embeddable":true,"href":"https:\/\/adra.md\/ru\/wp-json\/wp\/v2\/tags?post=21264"}],"curies":[{"name":"wp","href":"https:\/\/api.w.org\/{rel}","templated":true}]}}