{"id":21353,"date":"2024-07-31T10:20:51","date_gmt":"2024-07-31T10:20:51","guid":{"rendered":"https:\/\/adra.md\/?p=21353"},"modified":"2024-07-31T10:20:51","modified_gmt":"2024-07-31T10:20:51","slug":"pe-langa-suportul-financiar-adra-ofera-si-asistenta-juridica-refugiatilor","status":"publish","type":"post","link":"https:\/\/adra.md\/ru\/pe-langa-suportul-financiar-adra-ofera-si-asistenta-juridica-refugiatilor\/","title":{"rendered":"Pe l\u00e2ng\u0103 suportul financiar, ADRA ofer\u0103 \u0219i asisten\u021b\u0103 juridic\u0103 refugia\u021bilor"},"content":{"rendered":"<div class=\"xdj266r x11i5rnm xat24cr x1mh8g0r x1vvkbs x126k92a\">\n<div dir=\"auto\">\u00cen regiunea transnistrean\u0103, oficiul ADRA din Tiraspol joac\u0103 un rol crucial \u00een sprijinirea refugia\u021bilor. Zilnic, acesta lucreaz\u0103 cu aproximativ 50 de familii, oferind nu doar ajutor financiar, ci \u0219i asisten\u021b\u0103 juridic\u0103 pentru cei care au nevoie.<\/div>\n<\/div>\n<div class=\"x11i5rnm xat24cr x1mh8g0r x1vvkbs xtlvy1s x126k92a\">\n<div dir=\"auto\"><span class=\"html-span xexx8yu x4uap5 x18d9i69 xkhd6sd x1hl2dhg x16tdsg8 x1vvkbs x3nfvp2 x1j61x8r x1fcty0u xdj266r xat24cr xgzva0m xhhsvwb xxymvpz xlup9mm x1kky2od\"><img decoding=\"async\" class=\"xz74otr\" src=\"https:\/\/static.xx.fbcdn.net\/images\/emoji.php\/v9\/t6b\/2\/16\/1f4dd.png\" alt=\"\ud83d\udcdd\" width=\"16\" height=\"16\" \/><\/span> Refugia\u021bii care doresc s\u0103 beneficieze de ajutor financiar trebuie s\u0103 se \u00eenregistreze la oficiul ADRA, lunar. Procesul de \u00eenregistrare este esen\u021bial pentru a ne asigura c\u0103 ajutorul ajunge la cei care au cea mai mare nevoie.<\/div>\n<\/div>\n<div class=\"x11i5rnm xat24cr x1mh8g0r x1vvkbs xtlvy1s x126k92a\">\n<div dir=\"auto\"><span class=\"html-span xexx8yu x4uap5 x18d9i69 xkhd6sd x1hl2dhg x16tdsg8 x1vvkbs x3nfvp2 x1j61x8r x1fcty0u xdj266r xat24cr xgzva0m xhhsvwb xxymvpz xlup9mm x1kky2od\"><img decoding=\"async\" class=\"xz74otr\" src=\"https:\/\/static.xx.fbcdn.net\/images\/emoji.php\/v9\/t8b\/2\/16\/2696.png\" alt=\"\u2696\ufe0f\" width=\"16\" height=\"16\" \/><\/span> Pe l\u00e2ng\u0103 suportul financiar, ADRA ofer\u0103 \u0219i asisten\u021b\u0103 juridic\u0103 refugia\u021bilor. Aceasta este vital\u0103 pentru cei care \u00eent\u00e2mpin\u0103 dificult\u0103\u021bi legale sau administrative \u0219i care au nevoie de \u00eendrumare pentru a-\u0219i rezolva problemele. Asisten\u021ba juridic\u0103 poate include consiliere sau ajutor \u00een completarea documentelor necesare.<\/div>\n<\/div>\n<div class=\"x11i5rnm xat24cr x1mh8g0r x1vvkbs xtlvy1s x126k92a\">\n<div dir=\"auto\"><span class=\"html-span xexx8yu x4uap5 x18d9i69 xkhd6sd x1hl2dhg x16tdsg8 x1vvkbs x3nfvp2 x1j61x8r x1fcty0u xdj266r xat24cr xgzva0m xhhsvwb xxymvpz xlup9mm x1kky2od\"><img decoding=\"async\" class=\"xz74otr\" src=\"https:\/\/static.xx.fbcdn.net\/images\/emoji.php\/v9\/te0\/2\/16\/1f30f.png\" alt=\"\ud83c\udf0f\" width=\"16\" height=\"16\" \/><\/span> Activitatea ADRA \u00een Tiraspol contribuie semnificativ la stabilitatea \u0219i bun\u0103starea comunit\u0103\u021bii refugia\u021bilor. Prin oferirea unui sprijin constant, at\u00e2t financiar c\u00e2t \u0219i juridic, ADRA ajut\u0103 familiile de refugia\u021bi s\u0103 se simt\u0103 mai siguri \u0219i stabili.<\/div>\n<\/div>\n<div class=\"x11i5rnm xat24cr x1mh8g0r x1vvkbs xtlvy1s x126k92a\">\n<div dir=\"auto\"><span class=\"html-span xexx8yu x4uap5 x18d9i69 xkhd6sd x1hl2dhg x16tdsg8 x1vvkbs x3nfvp2 x1j61x8r x1fcty0u xdj266r xat24cr xgzva0m xhhsvwb xxymvpz xlup9mm x1kky2od\"><img loading=\"lazy\" decoding=\"async\" class=\"xz74otr\" src=\"https:\/\/static.xx.fbcdn.net\/images\/emoji.php\/v9\/t5c\/2\/16\/1f64f_1f3fd.png\" alt=\"\ud83d\ude4f\ud83c\udffd\" width=\"16\" height=\"16\" \/><\/span> Proiect sus\u021binut financiar de <span class=\"html-span xdj266r x11i5rnm xat24cr x1mh8g0r xexx8yu x4uap5 x18d9i69 xkhd6sd x1hl2dhg x16tdsg8 x1vvkbs\"><a class=\"x1i10hfl xjbqb8w x1ejq31n xd10rxx x1sy0etr x17r0tee x972fbf xcfux6l x1qhh985 xm0m39n x9f619 x1ypdohk xt0psk2 xe8uvvx xdj266r x11i5rnm xat24cr x1mh8g0r xexx8yu x4uap5 x18d9i69 xkhd6sd x16tdsg8 x1hl2dhg xggy1nq x1a2a7pz x1sur9pj xkrqix3 x1fey0fg xo1l8bm\" tabindex=\"0\" role=\"link\" href=\"https:\/\/www.facebook.com\/iom.moldova?__cft__[0]=AZXvej73XKrEJlwc_7chKMalqurQUDuoF9OF5LOYf3JXrr5NWdlOAOKSTm_MDEhZi-6Er3BCg9-vVo8PfoCbvhJ345kJGDanM7ea1wSixNUbl-pIqYycXSp-nYJ0BOw7VR0ida2c8bQyjlrg8JpCUmNefwPAQRctfGoUuWy3R4FU_AM-B8q3Gs1c-zsWE1NpB2Kgss7nnfiNkAZUtPjbOhNgx5wL_afGgWX9TpNvXnjMzA&amp;__tn__=-]K-R\"><span class=\"xt0psk2\">IOM Moldova<\/span><\/a><\/span><\/div>\n<\/div>\n<div dir=\"auto\"><\/div>\n<div dir=\"auto\"><img loading=\"lazy\" decoding=\"async\" class=\"alignnone size-medium wp-image-21354\" src=\"https:\/\/adra.md\/wp-content\/uploads\/2024\/07\/445615706_17959202438795376_8062065727479129213_n-240x300.jpg\" alt=\"\" width=\"240\" height=\"300\" srcset=\"https:\/\/adra.md\/wp-content\/uploads\/2024\/07\/445615706_17959202438795376_8062065727479129213_n-240x300.jpg 240w, https:\/\/adra.md\/wp-content\/uploads\/2024\/07\/445615706_17959202438795376_8062065727479129213_n-819x1024.jpg 819w, https:\/\/adra.md\/wp-content\/uploads\/2024\/07\/445615706_17959202438795376_8062065727479129213_n-768x960.jpg 768w, https:\/\/adra.md\/wp-content\/uploads\/2024\/07\/445615706_17959202438795376_8062065727479129213_n-1229x1536.jpg 1229w, https:\/\/adra.md\/wp-content\/uploads\/2024\/07\/445615706_17959202438795376_8062065727479129213_n-10x12.jpg 10w, https:\/\/adra.md\/wp-content\/uploads\/2024\/07\/445615706_17959202438795376_8062065727479129213_n.jpg 1440w\" sizes=\"(max-width: 240px) 100vw, 240px\" \/> <img loading=\"lazy\" decoding=\"async\" class=\"alignnone size-medium wp-image-21355\" src=\"https:\/\/adra.md\/wp-content\/uploads\/2024\/07\/452412222_17959202441795376_2626953054265051058_n-240x300.jpg\" alt=\"\" width=\"240\" height=\"300\" srcset=\"https:\/\/adra.md\/wp-content\/uploads\/2024\/07\/452412222_17959202441795376_2626953054265051058_n-240x300.jpg 240w, https:\/\/adra.md\/wp-content\/uploads\/2024\/07\/452412222_17959202441795376_2626953054265051058_n-820x1024.jpg 820w, https:\/\/adra.md\/wp-content\/uploads\/2024\/07\/452412222_17959202441795376_2626953054265051058_n-768x959.jpg 768w, https:\/\/adra.md\/wp-content\/uploads\/2024\/07\/452412222_17959202441795376_2626953054265051058_n-1229x1536.jpg 1229w, https:\/\/adra.md\/wp-content\/uploads\/2024\/07\/452412222_17959202441795376_2626953054265051058_n-10x12.jpg 10w, https:\/\/adra.md\/wp-content\/uploads\/2024\/07\/452412222_17959202441795376_2626953054265051058_n.jpg 1440w\" sizes=\"(max-width: 240px) 100vw, 240px\" \/><\/div>\n","protected":false},"excerpt":{"rendered":"<p>\u00cen regiunea transnistrean\u0103, oficiul ADRA din Tiraspol joac\u0103 un rol crucial \u00een sprijinirea refugia\u021bilor. Zilnic, acesta lucreaz\u0103 cu aproximativ 50 de familii, oferind nu doar ajutor financiar, ci \u0219i asisten\u021b\u0103 juridic\u0103 pentru cei care au nevoie. Refugia\u021bii care doresc s\u0103 beneficieze de ajutor financiar trebuie s\u0103 se \u00eenregistreze la oficiul ADRA, lunar. Procesul de \u00eenregistrare [&hellip;]<\/p>\n","protected":false},"author":9,"featured_media":21354,"comment_status":"closed","ping_status":"closed","sticky":false,"template":"","format":"standard","meta":{"_acf_changed":false,"footnotes":""},"categories":[294],"tags":[],"class_list":["post-21353","post","type-post","status-publish","format-standard","has-post-thumbnail","hentry","category-news"],"acf":[],"yoast_head":"<!-- This site is optimized with the Yoast SEO plugin v27.4 - https:\/\/yoast.com\/product\/yoast-seo-wordpress\/ -->\n<title>Pe l\u00e2ng\u0103 suportul financiar, ADRA ofer\u0103 \u0219i asisten\u021b\u0103 juridic\u0103 refugia\u021bilor - ADRA Moldova<\/title>\n<meta name=\"robots\" content=\"index, follow, max-snippet:-1, max-image-preview:large, max-video-preview:-1\" \/>\n<link rel=\"canonical\" href=\"https:\/\/adra.md\/ru\/pe-langa-suportul-financiar-adra-ofera-si-asistenta-juridica-refugiatilor\/\" \/>\n<meta property=\"og:locale\" content=\"ru_RU\" \/>\n<meta property=\"og:type\" content=\"article\" \/>\n<meta property=\"og:title\" content=\"Pe l\u00e2ng\u0103 suportul financiar, ADRA ofer\u0103 \u0219i asisten\u021b\u0103 juridic\u0103 refugia\u021bilor - ADRA Moldova\" \/>\n<meta property=\"og:description\" content=\"\u00cen regiunea transnistrean\u0103, oficiul ADRA din Tiraspol joac\u0103 un rol crucial \u00een sprijinirea refugia\u021bilor. Zilnic, acesta lucreaz\u0103 cu aproximativ 50 de familii, oferind nu doar ajutor financiar, ci \u0219i asisten\u021b\u0103 juridic\u0103 pentru cei care au nevoie. Refugia\u021bii care doresc s\u0103 beneficieze de ajutor financiar trebuie s\u0103 se \u00eenregistreze la oficiul ADRA, lunar. Procesul de \u00eenregistrare [&hellip;]\" \/>\n<meta property=\"og:url\" content=\"https:\/\/adra.md\/ru\/pe-langa-suportul-financiar-adra-ofera-si-asistenta-juridica-refugiatilor\/\" \/>\n<meta property=\"og:site_name\" content=\"ADRA Moldova\" \/>\n<meta property=\"article:published_time\" content=\"2024-07-31T10:20:51+00:00\" \/>\n<meta property=\"og:image\" content=\"https:\/\/adra.md\/wp-content\/uploads\/2024\/07\/445615706_17959202438795376_8062065727479129213_n.jpg\" \/>\n\t<meta property=\"og:image:width\" content=\"1440\" \/>\n\t<meta property=\"og:image:height\" content=\"1800\" \/>\n\t<meta property=\"og:image:type\" content=\"image\/jpeg\" \/>\n<meta name=\"author\" content=\"ADRA Moldova\" \/>\n<meta name=\"twitter:card\" content=\"summary_large_image\" \/>\n<meta name=\"twitter:label1\" content=\"\u041d\u0430\u043f\u0438\u0441\u0430\u043d\u043e \u0430\u0432\u0442\u043e\u0440\u043e\u043c\" \/>\n\t<meta name=\"twitter:data1\" content=\"ADRA Moldova\" \/>\n\t<meta name=\"twitter:label2\" content=\"\u041f\u0440\u0438\u043c\u0435\u0440\u043d\u043e\u0435 \u0432\u0440\u0435\u043c\u044f \u0434\u043b\u044f \u0447\u0442\u0435\u043d\u0438\u044f\" \/>\n\t<meta name=\"twitter:data2\" content=\"1 \u043c\u0438\u043d\u0443\u0442\u0430\" \/>\n<script type=\"application\/ld+json\" class=\"yoast-schema-graph\">{\"@context\":\"https:\\\/\\\/schema.org\",\"@graph\":[{\"@type\":\"Article\",\"@id\":\"https:\\\/\\\/adra.md\\\/pe-langa-suportul-financiar-adra-ofera-si-asistenta-juridica-refugiatilor\\\/#article\",\"isPartOf\":{\"@id\":\"https:\\\/\\\/adra.md\\\/pe-langa-suportul-financiar-adra-ofera-si-asistenta-juridica-refugiatilor\\\/\"},\"author\":{\"name\":\"ADRA Moldova\",\"@id\":\"https:\\\/\\\/adra.md\\\/#\\\/schema\\\/person\\\/b0181e611ee89738cefb7dc2db2bb8d1\"},\"headline\":\"Pe l\u00e2ng\u0103 suportul financiar, ADRA ofer\u0103 \u0219i asisten\u021b\u0103 juridic\u0103 refugia\u021bilor\",\"datePublished\":\"2024-07-31T10:20:51+00:00\",\"mainEntityOfPage\":{\"@id\":\"https:\\\/\\\/adra.md\\\/pe-langa-suportul-financiar-adra-ofera-si-asistenta-juridica-refugiatilor\\\/\"},\"wordCount\":181,\"publisher\":{\"@id\":\"https:\\\/\\\/adra.md\\\/#organization\"},\"image\":{\"@id\":\"https:\\\/\\\/adra.md\\\/pe-langa-suportul-financiar-adra-ofera-si-asistenta-juridica-refugiatilor\\\/#primaryimage\"},\"thumbnailUrl\":\"https:\\\/\\\/adra.md\\\/wp-content\\\/uploads\\\/2024\\\/07\\\/445615706_17959202438795376_8062065727479129213_n.jpg\",\"articleSection\":[\"News\"],\"inLanguage\":\"ru-RU\"},{\"@type\":\"WebPage\",\"@id\":\"https:\\\/\\\/adra.md\\\/pe-langa-suportul-financiar-adra-ofera-si-asistenta-juridica-refugiatilor\\\/\",\"url\":\"https:\\\/\\\/adra.md\\\/pe-langa-suportul-financiar-adra-ofera-si-asistenta-juridica-refugiatilor\\\/\",\"name\":\"Pe l\u00e2ng\u0103 suportul financiar, ADRA ofer\u0103 \u0219i asisten\u021b\u0103 juridic\u0103 refugia\u021bilor - ADRA Moldova\",\"isPartOf\":{\"@id\":\"https:\\\/\\\/adra.md\\\/#website\"},\"primaryImageOfPage\":{\"@id\":\"https:\\\/\\\/adra.md\\\/pe-langa-suportul-financiar-adra-ofera-si-asistenta-juridica-refugiatilor\\\/#primaryimage\"},\"image\":{\"@id\":\"https:\\\/\\\/adra.md\\\/pe-langa-suportul-financiar-adra-ofera-si-asistenta-juridica-refugiatilor\\\/#primaryimage\"},\"thumbnailUrl\":\"https:\\\/\\\/adra.md\\\/wp-content\\\/uploads\\\/2024\\\/07\\\/445615706_17959202438795376_8062065727479129213_n.jpg\",\"datePublished\":\"2024-07-31T10:20:51+00:00\",\"breadcrumb\":{\"@id\":\"https:\\\/\\\/adra.md\\\/pe-langa-suportul-financiar-adra-ofera-si-asistenta-juridica-refugiatilor\\\/#breadcrumb\"},\"inLanguage\":\"ru-RU\",\"potentialAction\":[{\"@type\":\"ReadAction\",\"target\":[\"https:\\\/\\\/adra.md\\\/pe-langa-suportul-financiar-adra-ofera-si-asistenta-juridica-refugiatilor\\\/\"]}]},{\"@type\":\"ImageObject\",\"inLanguage\":\"ru-RU\",\"@id\":\"https:\\\/\\\/adra.md\\\/pe-langa-suportul-financiar-adra-ofera-si-asistenta-juridica-refugiatilor\\\/#primaryimage\",\"url\":\"https:\\\/\\\/adra.md\\\/wp-content\\\/uploads\\\/2024\\\/07\\\/445615706_17959202438795376_8062065727479129213_n.jpg\",\"contentUrl\":\"https:\\\/\\\/adra.md\\\/wp-content\\\/uploads\\\/2024\\\/07\\\/445615706_17959202438795376_8062065727479129213_n.jpg\",\"width\":1440,\"height\":1800},{\"@type\":\"BreadcrumbList\",\"@id\":\"https:\\\/\\\/adra.md\\\/pe-langa-suportul-financiar-adra-ofera-si-asistenta-juridica-refugiatilor\\\/#breadcrumb\",\"itemListElement\":[{\"@type\":\"ListItem\",\"position\":1,\"name\":\"Home\",\"item\":\"https:\\\/\\\/adra.md\\\/\"},{\"@type\":\"ListItem\",\"position\":2,\"name\":\"Pe l\u00e2ng\u0103 suportul financiar, ADRA ofer\u0103 \u0219i asisten\u021b\u0103 juridic\u0103 refugia\u021bilor\"}]},{\"@type\":\"WebSite\",\"@id\":\"https:\\\/\\\/adra.md\\\/#website\",\"url\":\"https:\\\/\\\/adra.md\\\/\",\"name\":\"ADRA Moldova\",\"description\":\"Agen\u0163ia Adventist\u0103 pentru Dezvoltare, Refacere \u015fi Ajutor\",\"publisher\":{\"@id\":\"https:\\\/\\\/adra.md\\\/#organization\"},\"potentialAction\":[{\"@type\":\"SearchAction\",\"target\":{\"@type\":\"EntryPoint\",\"urlTemplate\":\"https:\\\/\\\/adra.md\\\/?s={search_term_string}\"},\"query-input\":{\"@type\":\"PropertyValueSpecification\",\"valueRequired\":true,\"valueName\":\"search_term_string\"}}],\"inLanguage\":\"ru-RU\"},{\"@type\":\"Organization\",\"@id\":\"https:\\\/\\\/adra.md\\\/#organization\",\"name\":\"ADRA Moldova\",\"url\":\"https:\\\/\\\/adra.md\\\/\",\"logo\":{\"@type\":\"ImageObject\",\"inLanguage\":\"ru-RU\",\"@id\":\"https:\\\/\\\/adra.md\\\/#\\\/schema\\\/logo\\\/image\\\/\",\"url\":\"https:\\\/\\\/adra.md\\\/wp-content\\\/uploads\\\/2019\\\/11\\\/group-435.png\",\"contentUrl\":\"https:\\\/\\\/adra.md\\\/wp-content\\\/uploads\\\/2019\\\/11\\\/group-435.png\",\"width\":500,\"height\":133,\"caption\":\"ADRA Moldova\"},\"image\":{\"@id\":\"https:\\\/\\\/adra.md\\\/#\\\/schema\\\/logo\\\/image\\\/\"}},{\"@type\":\"Person\",\"@id\":\"https:\\\/\\\/adra.md\\\/#\\\/schema\\\/person\\\/b0181e611ee89738cefb7dc2db2bb8d1\",\"name\":\"ADRA Moldova\",\"url\":\"https:\\\/\\\/adra.md\\\/ru\\\/author\\\/andrei-girleanu\\\/\"}]}<\/script>\n<!-- \/ Yoast SEO plugin. -->","yoast_head_json":{"title":"Pe l\u00e2ng\u0103 suportul financiar, ADRA ofer\u0103 \u0219i asisten\u021b\u0103 juridic\u0103 refugia\u021bilor - ADRA Moldova","robots":{"index":"index","follow":"follow","max-snippet":"max-snippet:-1","max-image-preview":"max-image-preview:large","max-video-preview":"max-video-preview:-1"},"canonical":"https:\/\/adra.md\/ru\/pe-langa-suportul-financiar-adra-ofera-si-asistenta-juridica-refugiatilor\/","og_locale":"ru_RU","og_type":"article","og_title":"Pe l\u00e2ng\u0103 suportul financiar, ADRA ofer\u0103 \u0219i asisten\u021b\u0103 juridic\u0103 refugia\u021bilor - ADRA Moldova","og_description":"\u00cen regiunea transnistrean\u0103, oficiul ADRA din Tiraspol joac\u0103 un rol crucial \u00een sprijinirea refugia\u021bilor. Zilnic, acesta lucreaz\u0103 cu aproximativ 50 de familii, oferind nu doar ajutor financiar, ci \u0219i asisten\u021b\u0103 juridic\u0103 pentru cei care au nevoie. Refugia\u021bii care doresc s\u0103 beneficieze de ajutor financiar trebuie s\u0103 se \u00eenregistreze la oficiul ADRA, lunar. Procesul de \u00eenregistrare [&hellip;]","og_url":"https:\/\/adra.md\/ru\/pe-langa-suportul-financiar-adra-ofera-si-asistenta-juridica-refugiatilor\/","og_site_name":"ADRA Moldova","article_published_time":"2024-07-31T10:20:51+00:00","og_image":[{"width":1440,"height":1800,"url":"https:\/\/adra.md\/wp-content\/uploads\/2024\/07\/445615706_17959202438795376_8062065727479129213_n.jpg","type":"image\/jpeg"}],"author":"ADRA Moldova","twitter_card":"summary_large_image","twitter_misc":{"\u041d\u0430\u043f\u0438\u0441\u0430\u043d\u043e \u0430\u0432\u0442\u043e\u0440\u043e\u043c":"ADRA Moldova","\u041f\u0440\u0438\u043c\u0435\u0440\u043d\u043e\u0435 \u0432\u0440\u0435\u043c\u044f \u0434\u043b\u044f \u0447\u0442\u0435\u043d\u0438\u044f":"1 \u043c\u0438\u043d\u0443\u0442\u0430"},"schema":{"@context":"https:\/\/schema.org","@graph":[{"@type":"Article","@id":"https:\/\/adra.md\/pe-langa-suportul-financiar-adra-ofera-si-asistenta-juridica-refugiatilor\/#article","isPartOf":{"@id":"https:\/\/adra.md\/pe-langa-suportul-financiar-adra-ofera-si-asistenta-juridica-refugiatilor\/"},"author":{"name":"ADRA Moldova","@id":"https:\/\/adra.md\/#\/schema\/person\/b0181e611ee89738cefb7dc2db2bb8d1"},"headline":"Pe l\u00e2ng\u0103 suportul financiar, ADRA ofer\u0103 \u0219i asisten\u021b\u0103 juridic\u0103 refugia\u021bilor","datePublished":"2024-07-31T10:20:51+00:00","mainEntityOfPage":{"@id":"https:\/\/adra.md\/pe-langa-suportul-financiar-adra-ofera-si-asistenta-juridica-refugiatilor\/"},"wordCount":181,"publisher":{"@id":"https:\/\/adra.md\/#organization"},"image":{"@id":"https:\/\/adra.md\/pe-langa-suportul-financiar-adra-ofera-si-asistenta-juridica-refugiatilor\/#primaryimage"},"thumbnailUrl":"https:\/\/adra.md\/wp-content\/uploads\/2024\/07\/445615706_17959202438795376_8062065727479129213_n.jpg","articleSection":["News"],"inLanguage":"ru-RU"},{"@type":"WebPage","@id":"https:\/\/adra.md\/pe-langa-suportul-financiar-adra-ofera-si-asistenta-juridica-refugiatilor\/","url":"https:\/\/adra.md\/pe-langa-suportul-financiar-adra-ofera-si-asistenta-juridica-refugiatilor\/","name":"Pe l\u00e2ng\u0103 suportul financiar, ADRA ofer\u0103 \u0219i asisten\u021b\u0103 juridic\u0103 refugia\u021bilor - ADRA Moldova","isPartOf":{"@id":"https:\/\/adra.md\/#website"},"primaryImageOfPage":{"@id":"https:\/\/adra.md\/pe-langa-suportul-financiar-adra-ofera-si-asistenta-juridica-refugiatilor\/#primaryimage"},"image":{"@id":"https:\/\/adra.md\/pe-langa-suportul-financiar-adra-ofera-si-asistenta-juridica-refugiatilor\/#primaryimage"},"thumbnailUrl":"https:\/\/adra.md\/wp-content\/uploads\/2024\/07\/445615706_17959202438795376_8062065727479129213_n.jpg","datePublished":"2024-07-31T10:20:51+00:00","breadcrumb":{"@id":"https:\/\/adra.md\/pe-langa-suportul-financiar-adra-ofera-si-asistenta-juridica-refugiatilor\/#breadcrumb"},"inLanguage":"ru-RU","potentialAction":[{"@type":"ReadAction","target":["https:\/\/adra.md\/pe-langa-suportul-financiar-adra-ofera-si-asistenta-juridica-refugiatilor\/"]}]},{"@type":"ImageObject","inLanguage":"ru-RU","@id":"https:\/\/adra.md\/pe-langa-suportul-financiar-adra-ofera-si-asistenta-juridica-refugiatilor\/#primaryimage","url":"https:\/\/adra.md\/wp-content\/uploads\/2024\/07\/445615706_17959202438795376_8062065727479129213_n.jpg","contentUrl":"https:\/\/adra.md\/wp-content\/uploads\/2024\/07\/445615706_17959202438795376_8062065727479129213_n.jpg","width":1440,"height":1800},{"@type":"BreadcrumbList","@id":"https:\/\/adra.md\/pe-langa-suportul-financiar-adra-ofera-si-asistenta-juridica-refugiatilor\/#breadcrumb","itemListElement":[{"@type":"ListItem","position":1,"name":"Home","item":"https:\/\/adra.md\/"},{"@type":"ListItem","position":2,"name":"Pe l\u00e2ng\u0103 suportul financiar, ADRA ofer\u0103 \u0219i asisten\u021b\u0103 juridic\u0103 refugia\u021bilor"}]},{"@type":"WebSite","@id":"https:\/\/adra.md\/#website","url":"https:\/\/adra.md\/","name":"ADRA Moldova","description":"Agen\u0163ia Adventist\u0103 pentru Dezvoltare, Refacere \u015fi Ajutor","publisher":{"@id":"https:\/\/adra.md\/#organization"},"potentialAction":[{"@type":"SearchAction","target":{"@type":"EntryPoint","urlTemplate":"https:\/\/adra.md\/?s={search_term_string}"},"query-input":{"@type":"PropertyValueSpecification","valueRequired":true,"valueName":"search_term_string"}}],"inLanguage":"ru-RU"},{"@type":"Organization","@id":"https:\/\/adra.md\/#organization","name":"ADRA Moldova","url":"https:\/\/adra.md\/","logo":{"@type":"ImageObject","inLanguage":"ru-RU","@id":"https:\/\/adra.md\/#\/schema\/logo\/image\/","url":"https:\/\/adra.md\/wp-content\/uploads\/2019\/11\/group-435.png","contentUrl":"https:\/\/adra.md\/wp-content\/uploads\/2019\/11\/group-435.png","width":500,"height":133,"caption":"ADRA Moldova"},"image":{"@id":"https:\/\/adra.md\/#\/schema\/logo\/image\/"}},{"@type":"Person","@id":"https:\/\/adra.md\/#\/schema\/person\/b0181e611ee89738cefb7dc2db2bb8d1","name":"ADRA Moldova","url":"https:\/\/adra.md\/ru\/author\/andrei-girleanu\/"}]}},"_links":{"self":[{"href":"https:\/\/adra.md\/ru\/wp-json\/wp\/v2\/posts\/21353","targetHints":{"allow":["GET"]}}],"collection":[{"href":"https:\/\/adra.md\/ru\/wp-json\/wp\/v2\/posts"}],"about":[{"href":"https:\/\/adra.md\/ru\/wp-json\/wp\/v2\/types\/post"}],"author":[{"embeddable":true,"href":"https:\/\/adra.md\/ru\/wp-json\/wp\/v2\/users\/9"}],"replies":[{"embeddable":true,"href":"https:\/\/adra.md\/ru\/wp-json\/wp\/v2\/comments?post=21353"}],"version-history":[{"count":1,"href":"https:\/\/adra.md\/ru\/wp-json\/wp\/v2\/posts\/21353\/revisions"}],"predecessor-version":[{"id":21356,"href":"https:\/\/adra.md\/ru\/wp-json\/wp\/v2\/posts\/21353\/revisions\/21356"}],"wp:featuredmedia":[{"embeddable":true,"href":"https:\/\/adra.md\/ru\/wp-json\/wp\/v2\/media\/21354"}],"wp:attachment":[{"href":"https:\/\/adra.md\/ru\/wp-json\/wp\/v2\/media?parent=21353"}],"wp:term":[{"taxonomy":"category","embeddable":true,"href":"https:\/\/adra.md\/ru\/wp-json\/wp\/v2\/categories?post=21353"},{"taxonomy":"post_tag","embeddable":true,"href":"https:\/\/adra.md\/ru\/wp-json\/wp\/v2\/tags?post=21353"}],"curies":[{"name":"wp","href":"https:\/\/api.w.org\/{rel}","templated":true}]}}