{"id":21373,"date":"2024-09-16T09:11:30","date_gmt":"2024-09-16T09:11:30","guid":{"rendered":"https:\/\/adra.md\/?p=21373"},"modified":"2024-09-16T09:11:30","modified_gmt":"2024-09-16T09:11:30","slug":"bucurosi-ca-ne-putem-indeplini-scopul","status":"publish","type":"post","link":"https:\/\/adra.md\/ru\/bucurosi-ca-ne-putem-indeplini-scopul\/","title":{"rendered":"Bucuro\u0219i c\u0103 ne putem \u00eendeplini scopul!"},"content":{"rendered":"<div class=\"xdj266r x11i5rnm xat24cr x1mh8g0r x1vvkbs x126k92a\">\n<div dir=\"auto\">\n<div class=\"xdj266r x11i5rnm xat24cr x1mh8g0r x1vvkbs x126k92a\">\n<div dir=\"auto\">Suntem bucuro\u0219i c\u0103 ne putem \u00eendeplini scopul:<\/div>\n<div dir=\"auto\">S\u0103 slujim umanit\u0103\u021bii astfel \u00eenc\u00e2t to\u021bi s\u0103 convie\u021buiasc\u0103 a\u0219a cum Dumnezeul a pl\u0103nuit!<\/div>\n<\/div>\n<div class=\"x11i5rnm xat24cr x1mh8g0r x1vvkbs xtlvy1s x126k92a\">\n<div dir=\"auto\"><span class=\"html-span xexx8yu x4uap5 x18d9i69 xkhd6sd x1hl2dhg x16tdsg8 x1vvkbs x3nfvp2 x1j61x8r x1fcty0u xdj266r xat24cr xgzva0m xhhsvwb xxymvpz xlup9mm x1kky2od\"><img decoding=\"async\" class=\"xz74otr\" src=\"https:\/\/static.xx.fbcdn.net\/images\/emoji.php\/v9\/t5c\/2\/16\/1f64f_1f3fd.png\" alt=\"\ud83d\ude4f\ud83c\udffd\" width=\"16\" height=\"16\" \/><\/span> Proiect sus\u021binut de <span class=\"html-span xdj266r x11i5rnm xat24cr x1mh8g0r xexx8yu x4uap5 x18d9i69 xkhd6sd x1hl2dhg x16tdsg8 x1vvkbs\"><a class=\"x1i10hfl xjbqb8w x1ejq31n xd10rxx x1sy0etr x17r0tee x972fbf xcfux6l x1qhh985 xm0m39n x9f619 x1ypdohk xt0psk2 xe8uvvx xdj266r x11i5rnm xat24cr x1mh8g0r xexx8yu x4uap5 x18d9i69 xkhd6sd x16tdsg8 x1hl2dhg xggy1nq x1a2a7pz x1sur9pj xkrqix3 x1fey0fg xo1l8bm\" tabindex=\"0\" role=\"link\" href=\"https:\/\/www.facebook.com\/iom.moldova?__cft__[0]=AZVD7JyAk8CV2PR3Godzdl7_mjZVa-qjQdjhFe35z15lNKpgPReHQpIot1-cPBad_ZDFYybcg8Kh6PLEjVhTFkYXtOziEqE7bT3cfa1z_R7pYHz0FyJqGnXuH8DAkrOlNAF9sIQjDC3hxCBMO26CrJhXcs-ZfqySscILw3wbmREzuGh5qmjzIYR41UDS3uRmGNgXhm6ASR7ny2Sa-hPlCi3ryFLmq87Gf5BptkGPnhLxFdJGK0qJJVgnaTUE1FcLPcw&amp;__tn__=-]K-R\"><span class=\"xt0psk2\">IOM Moldova<\/span><\/a><\/span><\/div>\n<\/div>\n<\/div>\n<div dir=\"auto\"><\/div>\n<div dir=\"auto\">\u00cen colaborare cu ADRA Moldova, OIM a \u00eenfiin\u021bat dou\u0103 centre de \u00eenregistrare \u00een regiunea transnistrean\u0103 &#8211; unul \u00een R\u00eebni\u021ba \u0219i altul \u00een Tiraspol. Aceste centre sunt dedicate \u00eenregistr\u0103rii refugia\u021bilor ucraineni \u0219i a resortisan\u021bilor \u021b\u0103rilor ter\u021be pentru asisten\u021b\u0103 \u00een numerar multifunc\u021bional\u0103 (MPCA).<\/div>\n<\/div>\n<div class=\"x11i5rnm xat24cr x1mh8g0r x1vvkbs xtlvy1s x126k92a\">\n<div dir=\"auto\"><span class=\"html-span xexx8yu x4uap5 x18d9i69 xkhd6sd x1hl2dhg x16tdsg8 x1vvkbs x3nfvp2 x1j61x8r x1fcty0u xdj266r xat24cr xgzva0m xhhsvwb xxymvpz xlup9mm x1kky2od\"><img decoding=\"async\" class=\"xz74otr\" src=\"https:\/\/static.xx.fbcdn.net\/images\/emoji.php\/v9\/t3\/2\/16\/1f91d.png\" alt=\"\ud83e\udd1d\" width=\"16\" height=\"16\" \/><\/span> De la deschiderea lor \u00een 2022, peste 5 000 de persoane au vizitat aceste centre pentru a se \u00eenscrie pentru asisten\u021b\u0103 \u00een numerar, dintre care mai mult de 1 000 beneficiaz\u0103 \u00een prezent de acest ajutor crucial din partea OIM, cu contribu\u021bii financiare generoase din partea ECHO \u0219i a Guvernului Novergian.<\/div>\n<div dir=\"auto\">***<\/div>\n<\/div>\n<div class=\"x11i5rnm xat24cr x1mh8g0r x1vvkbs xtlvy1s x126k92a\">\n<div dir=\"auto\"><span class=\"html-span xexx8yu x4uap5 x18d9i69 xkhd6sd x1hl2dhg x16tdsg8 x1vvkbs x3nfvp2 x1j61x8r x1fcty0u xdj266r xat24cr xgzva0m xhhsvwb xxymvpz xlup9mm x1kky2od\"><img decoding=\"async\" class=\"xz74otr\" src=\"https:\/\/static.xx.fbcdn.net\/images\/emoji.php\/v9\/tb4\/2\/16\/2705.png\" alt=\"\u2705\" width=\"16\" height=\"16\" \/><\/span> In partnership with ADRA Moldova, IOM set up two registration centers in the Transnistrian region, one in Ribnita and another in Tiraspol. These centers are dedicated to registering Ukrainian refugees and third-country nationals for Multi-Purpose Cash Assistance (MPCA).<\/div>\n<\/div>\n<div class=\"x11i5rnm xat24cr x1mh8g0r x1vvkbs xtlvy1s x126k92a\">\n<div dir=\"auto\"><span class=\"html-span xexx8yu x4uap5 x18d9i69 xkhd6sd x1hl2dhg x16tdsg8 x1vvkbs x3nfvp2 x1j61x8r x1fcty0u xdj266r xat24cr xgzva0m xhhsvwb xxymvpz xlup9mm x1kky2od\"><img decoding=\"async\" class=\"xz74otr\" src=\"https:\/\/static.xx.fbcdn.net\/images\/emoji.php\/v9\/t3\/2\/16\/1f91d.png\" alt=\"\ud83e\udd1d\" width=\"16\" height=\"16\" \/><\/span> Since opening in 2022, over 5,000 individuals have visited these centers to enroll for cash assistance, out of which more than 1,000 are currently receiving this crucial support from IOM thanks to the generous financial contributions from ECHO and the Government of Norway.<\/div>\n<\/div>\n<div class=\"x11i5rnm xat24cr x1mh8g0r x1vvkbs xtlvy1s x126k92a\">\n<div dir=\"auto\"><span class=\"html-span xdj266r x11i5rnm xat24cr x1mh8g0r xexx8yu x4uap5 x18d9i69 xkhd6sd x1hl2dhg x16tdsg8 x1vvkbs\"><a class=\"x1i10hfl xjbqb8w x1ejq31n xd10rxx x1sy0etr x17r0tee x972fbf xcfux6l x1qhh985 xm0m39n x9f619 x1ypdohk xt0psk2 xe8uvvx xdj266r x11i5rnm xat24cr x1mh8g0r xexx8yu x4uap5 x18d9i69 xkhd6sd x16tdsg8 x1hl2dhg xggy1nq x1a2a7pz x1sur9pj xkrqix3 x1fey0fg xo1l8bm\" tabindex=\"0\" role=\"link\" href=\"https:\/\/www.facebook.com\/ADRA.Moldova.AG?__cft__[0]=AZVD7JyAk8CV2PR3Godzdl7_mjZVa-qjQdjhFe35z15lNKpgPReHQpIot1-cPBad_ZDFYybcg8Kh6PLEjVhTFkYXtOziEqE7bT3cfa1z_R7pYHz0FyJqGnXuH8DAkrOlNAF9sIQjDC3hxCBMO26CrJhXcs-ZfqySscILw3wbmREzuGh5qmjzIYR41UDS3uRmGNgXhm6ASR7ny2Sa-hPlCi3ryFLmq87Gf5BptkGPnhLxFdJGK0qJJVgnaTUE1FcLPcw&amp;__tn__=-]K-y-R\"><span class=\"xt0psk2\">ADRA Moldova<\/span><\/a><\/span><\/div>\n<div dir=\"auto\"><span class=\"html-span xdj266r x11i5rnm xat24cr x1mh8g0r xexx8yu x4uap5 x18d9i69 xkhd6sd x1hl2dhg x16tdsg8 x1vvkbs\"><a class=\"x1i10hfl xjbqb8w x1ejq31n xd10rxx x1sy0etr x17r0tee x972fbf xcfux6l x1qhh985 xm0m39n x9f619 x1ypdohk xt0psk2 xe8uvvx xdj266r x11i5rnm xat24cr x1mh8g0r xexx8yu x4uap5 x18d9i69 xkhd6sd x16tdsg8 x1hl2dhg xggy1nq x1a2a7pz x1sur9pj xkrqix3 x1fey0fg xo1l8bm\" tabindex=\"0\" role=\"link\" href=\"https:\/\/www.facebook.com\/EUinEmergencies?__cft__[0]=AZVD7JyAk8CV2PR3Godzdl7_mjZVa-qjQdjhFe35z15lNKpgPReHQpIot1-cPBad_ZDFYybcg8Kh6PLEjVhTFkYXtOziEqE7bT3cfa1z_R7pYHz0FyJqGnXuH8DAkrOlNAF9sIQjDC3hxCBMO26CrJhXcs-ZfqySscILw3wbmREzuGh5qmjzIYR41UDS3uRmGNgXhm6ASR7ny2Sa-hPlCi3ryFLmq87Gf5BptkGPnhLxFdJGK0qJJVgnaTUE1FcLPcw&amp;__tn__=-]K-y-R\"><span class=\"xt0psk2\">EU Civil Protection &amp; Humanitarian Aid<\/span><\/a><\/span><\/div>\n<div dir=\"auto\"><span class=\"html-span xdj266r x11i5rnm xat24cr x1mh8g0r xexx8yu x4uap5 x18d9i69 xkhd6sd x1hl2dhg x16tdsg8 x1vvkbs\"><a class=\"x1i10hfl xjbqb8w x1ejq31n xd10rxx x1sy0etr x17r0tee x972fbf xcfux6l x1qhh985 xm0m39n x9f619 x1ypdohk xt0psk2 xe8uvvx xdj266r x11i5rnm xat24cr x1mh8g0r xexx8yu x4uap5 x18d9i69 xkhd6sd x16tdsg8 x1hl2dhg xggy1nq x1a2a7pz x1sur9pj xkrqix3 x1fey0fg xo1l8bm\" tabindex=\"0\" role=\"link\" href=\"https:\/\/www.facebook.com\/Utenriksdepartementet?__cft__[0]=AZVD7JyAk8CV2PR3Godzdl7_mjZVa-qjQdjhFe35z15lNKpgPReHQpIot1-cPBad_ZDFYybcg8Kh6PLEjVhTFkYXtOziEqE7bT3cfa1z_R7pYHz0FyJqGnXuH8DAkrOlNAF9sIQjDC3hxCBMO26CrJhXcs-ZfqySscILw3wbmREzuGh5qmjzIYR41UDS3uRmGNgXhm6ASR7ny2Sa-hPlCi3ryFLmq87Gf5BptkGPnhLxFdJGK0qJJVgnaTUE1FcLPcw&amp;__tn__=-]K-y-R\"><span class=\"xt0psk2\">Utenriksdepartementet (Norge)<\/span><\/a><\/span><\/div>\n<\/div>\n<div dir=\"auto\"><img loading=\"lazy\" decoding=\"async\" class=\"alignnone size-medium wp-image-21374\" src=\"https:\/\/adra.md\/wp-content\/uploads\/2024\/09\/449436075_913148797520123_4804833583945257044_n-300x200.jpg\" alt=\"\" width=\"300\" height=\"200\" srcset=\"https:\/\/adra.md\/wp-content\/uploads\/2024\/09\/449436075_913148797520123_4804833583945257044_n-300x200.jpg 300w, https:\/\/adra.md\/wp-content\/uploads\/2024\/09\/449436075_913148797520123_4804833583945257044_n-1024x683.jpg 1024w, https:\/\/adra.md\/wp-content\/uploads\/2024\/09\/449436075_913148797520123_4804833583945257044_n-768x512.jpg 768w, https:\/\/adra.md\/wp-content\/uploads\/2024\/09\/449436075_913148797520123_4804833583945257044_n-1536x1024.jpg 1536w, https:\/\/adra.md\/wp-content\/uploads\/2024\/09\/449436075_913148797520123_4804833583945257044_n-18x12.jpg 18w, https:\/\/adra.md\/wp-content\/uploads\/2024\/09\/449436075_913148797520123_4804833583945257044_n-2000x1333.jpg 2000w, https:\/\/adra.md\/wp-content\/uploads\/2024\/09\/449436075_913148797520123_4804833583945257044_n.jpg 2048w\" sizes=\"(max-width: 300px) 100vw, 300px\" \/> <img loading=\"lazy\" decoding=\"async\" class=\"alignnone size-medium wp-image-21375\" src=\"https:\/\/adra.md\/wp-content\/uploads\/2024\/09\/453269301_913146760853660_172327673920310145_n-300x200.jpg\" alt=\"\" width=\"300\" height=\"200\" srcset=\"https:\/\/adra.md\/wp-content\/uploads\/2024\/09\/453269301_913146760853660_172327673920310145_n-300x200.jpg 300w, https:\/\/adra.md\/wp-content\/uploads\/2024\/09\/453269301_913146760853660_172327673920310145_n-1024x683.jpg 1024w, https:\/\/adra.md\/wp-content\/uploads\/2024\/09\/453269301_913146760853660_172327673920310145_n-768x512.jpg 768w, https:\/\/adra.md\/wp-content\/uploads\/2024\/09\/453269301_913146760853660_172327673920310145_n-1536x1024.jpg 1536w, https:\/\/adra.md\/wp-content\/uploads\/2024\/09\/453269301_913146760853660_172327673920310145_n-18x12.jpg 18w, https:\/\/adra.md\/wp-content\/uploads\/2024\/09\/453269301_913146760853660_172327673920310145_n-2000x1333.jpg 2000w, https:\/\/adra.md\/wp-content\/uploads\/2024\/09\/453269301_913146760853660_172327673920310145_n.jpg 2048w\" sizes=\"(max-width: 300px) 100vw, 300px\" \/> <img loading=\"lazy\" decoding=\"async\" class=\"alignnone size-medium wp-image-21376\" src=\"https:\/\/adra.md\/wp-content\/uploads\/2024\/09\/453313924_913145050853831_7329914842592302703_n-300x200.jpg\" alt=\"\" width=\"300\" height=\"200\" srcset=\"https:\/\/adra.md\/wp-content\/uploads\/2024\/09\/453313924_913145050853831_7329914842592302703_n-300x200.jpg 300w, https:\/\/adra.md\/wp-content\/uploads\/2024\/09\/453313924_913145050853831_7329914842592302703_n-1024x683.jpg 1024w, https:\/\/adra.md\/wp-content\/uploads\/2024\/09\/453313924_913145050853831_7329914842592302703_n-768x512.jpg 768w, https:\/\/adra.md\/wp-content\/uploads\/2024\/09\/453313924_913145050853831_7329914842592302703_n-1536x1024.jpg 1536w, https:\/\/adra.md\/wp-content\/uploads\/2024\/09\/453313924_913145050853831_7329914842592302703_n-18x12.jpg 18w, https:\/\/adra.md\/wp-content\/uploads\/2024\/09\/453313924_913145050853831_7329914842592302703_n-2000x1333.jpg 2000w, https:\/\/adra.md\/wp-content\/uploads\/2024\/09\/453313924_913145050853831_7329914842592302703_n.jpg 2048w\" sizes=\"(max-width: 300px) 100vw, 300px\" \/> <img loading=\"lazy\" decoding=\"async\" class=\"alignnone size-medium wp-image-21377\" src=\"https:\/\/adra.md\/wp-content\/uploads\/2024\/09\/453403809_913148240853512_2454188902629091424_n-300x200.jpg\" alt=\"\" width=\"300\" height=\"200\" srcset=\"https:\/\/adra.md\/wp-content\/uploads\/2024\/09\/453403809_913148240853512_2454188902629091424_n-300x200.jpg 300w, https:\/\/adra.md\/wp-content\/uploads\/2024\/09\/453403809_913148240853512_2454188902629091424_n-1024x683.jpg 1024w, https:\/\/adra.md\/wp-content\/uploads\/2024\/09\/453403809_913148240853512_2454188902629091424_n-768x512.jpg 768w, https:\/\/adra.md\/wp-content\/uploads\/2024\/09\/453403809_913148240853512_2454188902629091424_n-1536x1024.jpg 1536w, https:\/\/adra.md\/wp-content\/uploads\/2024\/09\/453403809_913148240853512_2454188902629091424_n-18x12.jpg 18w, https:\/\/adra.md\/wp-content\/uploads\/2024\/09\/453403809_913148240853512_2454188902629091424_n-2000x1333.jpg 2000w, https:\/\/adra.md\/wp-content\/uploads\/2024\/09\/453403809_913148240853512_2454188902629091424_n.jpg 2048w\" sizes=\"(max-width: 300px) 100vw, 300px\" \/> <img loading=\"lazy\" decoding=\"async\" class=\"alignnone size-medium wp-image-21378\" src=\"https:\/\/adra.md\/wp-content\/uploads\/2024\/09\/453409715_913148070853529_8355417154504945361_n-300x195.jpg\" alt=\"\" width=\"300\" height=\"195\" srcset=\"https:\/\/adra.md\/wp-content\/uploads\/2024\/09\/453409715_913148070853529_8355417154504945361_n-300x195.jpg 300w, https:\/\/adra.md\/wp-content\/uploads\/2024\/09\/453409715_913148070853529_8355417154504945361_n-1024x667.jpg 1024w, https:\/\/adra.md\/wp-content\/uploads\/2024\/09\/453409715_913148070853529_8355417154504945361_n-768x500.jpg 768w, https:\/\/adra.md\/wp-content\/uploads\/2024\/09\/453409715_913148070853529_8355417154504945361_n-1536x1000.jpg 1536w, https:\/\/adra.md\/wp-content\/uploads\/2024\/09\/453409715_913148070853529_8355417154504945361_n-18x12.jpg 18w, https:\/\/adra.md\/wp-content\/uploads\/2024\/09\/453409715_913148070853529_8355417154504945361_n-2000x1302.jpg 2000w, https:\/\/adra.md\/wp-content\/uploads\/2024\/09\/453409715_913148070853529_8355417154504945361_n.jpg 2048w\" sizes=\"(max-width: 300px) 100vw, 300px\" \/><\/div>\n","protected":false},"excerpt":{"rendered":"<p>Suntem bucuro\u0219i c\u0103 ne putem \u00eendeplini scopul: S\u0103 slujim umanit\u0103\u021bii astfel \u00eenc\u00e2t to\u021bi s\u0103 convie\u021buiasc\u0103 a\u0219a cum Dumnezeul a pl\u0103nuit! Proiect sus\u021binut de IOM Moldova \u00cen colaborare cu ADRA Moldova, OIM a \u00eenfiin\u021bat dou\u0103 centre de \u00eenregistrare \u00een regiunea transnistrean\u0103 &#8211; unul \u00een R\u00eebni\u021ba \u0219i altul \u00een Tiraspol. Aceste centre sunt dedicate \u00eenregistr\u0103rii refugia\u021bilor ucraineni [&hellip;]<\/p>\n","protected":false},"author":9,"featured_media":21377,"comment_status":"closed","ping_status":"closed","sticky":false,"template":"","format":"standard","meta":{"_acf_changed":false,"footnotes":""},"categories":[294],"tags":[],"class_list":["post-21373","post","type-post","status-publish","format-standard","has-post-thumbnail","hentry","category-news"],"acf":[],"yoast_head":"<!-- This site is optimized with the Yoast SEO plugin v27.4 - https:\/\/yoast.com\/product\/yoast-seo-wordpress\/ -->\n<title>Bucuro\u0219i c\u0103 ne putem \u00eendeplini scopul! - ADRA Moldova<\/title>\n<meta name=\"robots\" content=\"index, follow, max-snippet:-1, max-image-preview:large, max-video-preview:-1\" \/>\n<link rel=\"canonical\" href=\"https:\/\/adra.md\/ru\/bucurosi-ca-ne-putem-indeplini-scopul\/\" \/>\n<meta property=\"og:locale\" content=\"ru_RU\" \/>\n<meta property=\"og:type\" content=\"article\" \/>\n<meta property=\"og:title\" content=\"Bucuro\u0219i c\u0103 ne putem \u00eendeplini scopul! - ADRA Moldova\" \/>\n<meta property=\"og:description\" content=\"Suntem bucuro\u0219i c\u0103 ne putem \u00eendeplini scopul: S\u0103 slujim umanit\u0103\u021bii astfel \u00eenc\u00e2t to\u021bi s\u0103 convie\u021buiasc\u0103 a\u0219a cum Dumnezeul a pl\u0103nuit! Proiect sus\u021binut de IOM Moldova \u00cen colaborare cu ADRA Moldova, OIM a \u00eenfiin\u021bat dou\u0103 centre de \u00eenregistrare \u00een regiunea transnistrean\u0103 &#8211; unul \u00een R\u00eebni\u021ba \u0219i altul \u00een Tiraspol. Aceste centre sunt dedicate \u00eenregistr\u0103rii refugia\u021bilor ucraineni [&hellip;]\" \/>\n<meta property=\"og:url\" content=\"https:\/\/adra.md\/ru\/bucurosi-ca-ne-putem-indeplini-scopul\/\" \/>\n<meta property=\"og:site_name\" content=\"ADRA Moldova\" \/>\n<meta property=\"article:published_time\" content=\"2024-09-16T09:11:30+00:00\" \/>\n<meta property=\"og:image\" content=\"https:\/\/adra.md\/wp-content\/uploads\/2024\/09\/453403809_913148240853512_2454188902629091424_n.jpg\" \/>\n\t<meta property=\"og:image:width\" content=\"2048\" \/>\n\t<meta property=\"og:image:height\" content=\"1365\" \/>\n\t<meta property=\"og:image:type\" content=\"image\/jpeg\" \/>\n<meta name=\"author\" content=\"ADRA Moldova\" \/>\n<meta name=\"twitter:card\" content=\"summary_large_image\" \/>\n<meta name=\"twitter:label1\" content=\"\u041d\u0430\u043f\u0438\u0441\u0430\u043d\u043e \u0430\u0432\u0442\u043e\u0440\u043e\u043c\" \/>\n\t<meta name=\"twitter:data1\" content=\"ADRA Moldova\" \/>\n\t<meta name=\"twitter:label2\" content=\"\u041f\u0440\u0438\u043c\u0435\u0440\u043d\u043e\u0435 \u0432\u0440\u0435\u043c\u044f \u0434\u043b\u044f \u0447\u0442\u0435\u043d\u0438\u044f\" \/>\n\t<meta name=\"twitter:data2\" content=\"1 \u043c\u0438\u043d\u0443\u0442\u0430\" \/>\n<script type=\"application\/ld+json\" class=\"yoast-schema-graph\">{\"@context\":\"https:\\\/\\\/schema.org\",\"@graph\":[{\"@type\":\"Article\",\"@id\":\"https:\\\/\\\/adra.md\\\/bucurosi-ca-ne-putem-indeplini-scopul\\\/#article\",\"isPartOf\":{\"@id\":\"https:\\\/\\\/adra.md\\\/bucurosi-ca-ne-putem-indeplini-scopul\\\/\"},\"author\":{\"name\":\"ADRA Moldova\",\"@id\":\"https:\\\/\\\/adra.md\\\/#\\\/schema\\\/person\\\/b0181e611ee89738cefb7dc2db2bb8d1\"},\"headline\":\"Bucuro\u0219i c\u0103 ne putem \u00eendeplini scopul!\",\"datePublished\":\"2024-09-16T09:11:30+00:00\",\"mainEntityOfPage\":{\"@id\":\"https:\\\/\\\/adra.md\\\/bucurosi-ca-ne-putem-indeplini-scopul\\\/\"},\"wordCount\":224,\"publisher\":{\"@id\":\"https:\\\/\\\/adra.md\\\/#organization\"},\"image\":{\"@id\":\"https:\\\/\\\/adra.md\\\/bucurosi-ca-ne-putem-indeplini-scopul\\\/#primaryimage\"},\"thumbnailUrl\":\"https:\\\/\\\/adra.md\\\/wp-content\\\/uploads\\\/2024\\\/09\\\/453403809_913148240853512_2454188902629091424_n.jpg\",\"articleSection\":[\"News\"],\"inLanguage\":\"ru-RU\"},{\"@type\":\"WebPage\",\"@id\":\"https:\\\/\\\/adra.md\\\/bucurosi-ca-ne-putem-indeplini-scopul\\\/\",\"url\":\"https:\\\/\\\/adra.md\\\/bucurosi-ca-ne-putem-indeplini-scopul\\\/\",\"name\":\"Bucuro\u0219i c\u0103 ne putem \u00eendeplini scopul! - ADRA Moldova\",\"isPartOf\":{\"@id\":\"https:\\\/\\\/adra.md\\\/#website\"},\"primaryImageOfPage\":{\"@id\":\"https:\\\/\\\/adra.md\\\/bucurosi-ca-ne-putem-indeplini-scopul\\\/#primaryimage\"},\"image\":{\"@id\":\"https:\\\/\\\/adra.md\\\/bucurosi-ca-ne-putem-indeplini-scopul\\\/#primaryimage\"},\"thumbnailUrl\":\"https:\\\/\\\/adra.md\\\/wp-content\\\/uploads\\\/2024\\\/09\\\/453403809_913148240853512_2454188902629091424_n.jpg\",\"datePublished\":\"2024-09-16T09:11:30+00:00\",\"breadcrumb\":{\"@id\":\"https:\\\/\\\/adra.md\\\/bucurosi-ca-ne-putem-indeplini-scopul\\\/#breadcrumb\"},\"inLanguage\":\"ru-RU\",\"potentialAction\":[{\"@type\":\"ReadAction\",\"target\":[\"https:\\\/\\\/adra.md\\\/bucurosi-ca-ne-putem-indeplini-scopul\\\/\"]}]},{\"@type\":\"ImageObject\",\"inLanguage\":\"ru-RU\",\"@id\":\"https:\\\/\\\/adra.md\\\/bucurosi-ca-ne-putem-indeplini-scopul\\\/#primaryimage\",\"url\":\"https:\\\/\\\/adra.md\\\/wp-content\\\/uploads\\\/2024\\\/09\\\/453403809_913148240853512_2454188902629091424_n.jpg\",\"contentUrl\":\"https:\\\/\\\/adra.md\\\/wp-content\\\/uploads\\\/2024\\\/09\\\/453403809_913148240853512_2454188902629091424_n.jpg\",\"width\":2048,\"height\":1365},{\"@type\":\"BreadcrumbList\",\"@id\":\"https:\\\/\\\/adra.md\\\/bucurosi-ca-ne-putem-indeplini-scopul\\\/#breadcrumb\",\"itemListElement\":[{\"@type\":\"ListItem\",\"position\":1,\"name\":\"Home\",\"item\":\"https:\\\/\\\/adra.md\\\/\"},{\"@type\":\"ListItem\",\"position\":2,\"name\":\"Bucuro\u0219i c\u0103 ne putem \u00eendeplini scopul!\"}]},{\"@type\":\"WebSite\",\"@id\":\"https:\\\/\\\/adra.md\\\/#website\",\"url\":\"https:\\\/\\\/adra.md\\\/\",\"name\":\"ADRA Moldova\",\"description\":\"Agen\u0163ia Adventist\u0103 pentru Dezvoltare, Refacere \u015fi Ajutor\",\"publisher\":{\"@id\":\"https:\\\/\\\/adra.md\\\/#organization\"},\"potentialAction\":[{\"@type\":\"SearchAction\",\"target\":{\"@type\":\"EntryPoint\",\"urlTemplate\":\"https:\\\/\\\/adra.md\\\/?s={search_term_string}\"},\"query-input\":{\"@type\":\"PropertyValueSpecification\",\"valueRequired\":true,\"valueName\":\"search_term_string\"}}],\"inLanguage\":\"ru-RU\"},{\"@type\":\"Organization\",\"@id\":\"https:\\\/\\\/adra.md\\\/#organization\",\"name\":\"ADRA Moldova\",\"url\":\"https:\\\/\\\/adra.md\\\/\",\"logo\":{\"@type\":\"ImageObject\",\"inLanguage\":\"ru-RU\",\"@id\":\"https:\\\/\\\/adra.md\\\/#\\\/schema\\\/logo\\\/image\\\/\",\"url\":\"https:\\\/\\\/adra.md\\\/wp-content\\\/uploads\\\/2019\\\/11\\\/group-435.png\",\"contentUrl\":\"https:\\\/\\\/adra.md\\\/wp-content\\\/uploads\\\/2019\\\/11\\\/group-435.png\",\"width\":500,\"height\":133,\"caption\":\"ADRA Moldova\"},\"image\":{\"@id\":\"https:\\\/\\\/adra.md\\\/#\\\/schema\\\/logo\\\/image\\\/\"}},{\"@type\":\"Person\",\"@id\":\"https:\\\/\\\/adra.md\\\/#\\\/schema\\\/person\\\/b0181e611ee89738cefb7dc2db2bb8d1\",\"name\":\"ADRA Moldova\",\"url\":\"https:\\\/\\\/adra.md\\\/ru\\\/author\\\/andrei-girleanu\\\/\"}]}<\/script>\n<!-- \/ Yoast SEO plugin. -->","yoast_head_json":{"title":"Bucuro\u0219i c\u0103 ne putem \u00eendeplini scopul! - ADRA Moldova","robots":{"index":"index","follow":"follow","max-snippet":"max-snippet:-1","max-image-preview":"max-image-preview:large","max-video-preview":"max-video-preview:-1"},"canonical":"https:\/\/adra.md\/ru\/bucurosi-ca-ne-putem-indeplini-scopul\/","og_locale":"ru_RU","og_type":"article","og_title":"Bucuro\u0219i c\u0103 ne putem \u00eendeplini scopul! - ADRA Moldova","og_description":"Suntem bucuro\u0219i c\u0103 ne putem \u00eendeplini scopul: S\u0103 slujim umanit\u0103\u021bii astfel \u00eenc\u00e2t to\u021bi s\u0103 convie\u021buiasc\u0103 a\u0219a cum Dumnezeul a pl\u0103nuit! Proiect sus\u021binut de IOM Moldova \u00cen colaborare cu ADRA Moldova, OIM a \u00eenfiin\u021bat dou\u0103 centre de \u00eenregistrare \u00een regiunea transnistrean\u0103 &#8211; unul \u00een R\u00eebni\u021ba \u0219i altul \u00een Tiraspol. Aceste centre sunt dedicate \u00eenregistr\u0103rii refugia\u021bilor ucraineni [&hellip;]","og_url":"https:\/\/adra.md\/ru\/bucurosi-ca-ne-putem-indeplini-scopul\/","og_site_name":"ADRA Moldova","article_published_time":"2024-09-16T09:11:30+00:00","og_image":[{"width":2048,"height":1365,"url":"https:\/\/adra.md\/wp-content\/uploads\/2024\/09\/453403809_913148240853512_2454188902629091424_n.jpg","type":"image\/jpeg"}],"author":"ADRA Moldova","twitter_card":"summary_large_image","twitter_misc":{"\u041d\u0430\u043f\u0438\u0441\u0430\u043d\u043e \u0430\u0432\u0442\u043e\u0440\u043e\u043c":"ADRA Moldova","\u041f\u0440\u0438\u043c\u0435\u0440\u043d\u043e\u0435 \u0432\u0440\u0435\u043c\u044f \u0434\u043b\u044f \u0447\u0442\u0435\u043d\u0438\u044f":"1 \u043c\u0438\u043d\u0443\u0442\u0430"},"schema":{"@context":"https:\/\/schema.org","@graph":[{"@type":"Article","@id":"https:\/\/adra.md\/bucurosi-ca-ne-putem-indeplini-scopul\/#article","isPartOf":{"@id":"https:\/\/adra.md\/bucurosi-ca-ne-putem-indeplini-scopul\/"},"author":{"name":"ADRA Moldova","@id":"https:\/\/adra.md\/#\/schema\/person\/b0181e611ee89738cefb7dc2db2bb8d1"},"headline":"Bucuro\u0219i c\u0103 ne putem \u00eendeplini scopul!","datePublished":"2024-09-16T09:11:30+00:00","mainEntityOfPage":{"@id":"https:\/\/adra.md\/bucurosi-ca-ne-putem-indeplini-scopul\/"},"wordCount":224,"publisher":{"@id":"https:\/\/adra.md\/#organization"},"image":{"@id":"https:\/\/adra.md\/bucurosi-ca-ne-putem-indeplini-scopul\/#primaryimage"},"thumbnailUrl":"https:\/\/adra.md\/wp-content\/uploads\/2024\/09\/453403809_913148240853512_2454188902629091424_n.jpg","articleSection":["News"],"inLanguage":"ru-RU"},{"@type":"WebPage","@id":"https:\/\/adra.md\/bucurosi-ca-ne-putem-indeplini-scopul\/","url":"https:\/\/adra.md\/bucurosi-ca-ne-putem-indeplini-scopul\/","name":"Bucuro\u0219i c\u0103 ne putem \u00eendeplini scopul! - ADRA Moldova","isPartOf":{"@id":"https:\/\/adra.md\/#website"},"primaryImageOfPage":{"@id":"https:\/\/adra.md\/bucurosi-ca-ne-putem-indeplini-scopul\/#primaryimage"},"image":{"@id":"https:\/\/adra.md\/bucurosi-ca-ne-putem-indeplini-scopul\/#primaryimage"},"thumbnailUrl":"https:\/\/adra.md\/wp-content\/uploads\/2024\/09\/453403809_913148240853512_2454188902629091424_n.jpg","datePublished":"2024-09-16T09:11:30+00:00","breadcrumb":{"@id":"https:\/\/adra.md\/bucurosi-ca-ne-putem-indeplini-scopul\/#breadcrumb"},"inLanguage":"ru-RU","potentialAction":[{"@type":"ReadAction","target":["https:\/\/adra.md\/bucurosi-ca-ne-putem-indeplini-scopul\/"]}]},{"@type":"ImageObject","inLanguage":"ru-RU","@id":"https:\/\/adra.md\/bucurosi-ca-ne-putem-indeplini-scopul\/#primaryimage","url":"https:\/\/adra.md\/wp-content\/uploads\/2024\/09\/453403809_913148240853512_2454188902629091424_n.jpg","contentUrl":"https:\/\/adra.md\/wp-content\/uploads\/2024\/09\/453403809_913148240853512_2454188902629091424_n.jpg","width":2048,"height":1365},{"@type":"BreadcrumbList","@id":"https:\/\/adra.md\/bucurosi-ca-ne-putem-indeplini-scopul\/#breadcrumb","itemListElement":[{"@type":"ListItem","position":1,"name":"Home","item":"https:\/\/adra.md\/"},{"@type":"ListItem","position":2,"name":"Bucuro\u0219i c\u0103 ne putem \u00eendeplini scopul!"}]},{"@type":"WebSite","@id":"https:\/\/adra.md\/#website","url":"https:\/\/adra.md\/","name":"ADRA Moldova","description":"Agen\u0163ia Adventist\u0103 pentru Dezvoltare, Refacere \u015fi Ajutor","publisher":{"@id":"https:\/\/adra.md\/#organization"},"potentialAction":[{"@type":"SearchAction","target":{"@type":"EntryPoint","urlTemplate":"https:\/\/adra.md\/?s={search_term_string}"},"query-input":{"@type":"PropertyValueSpecification","valueRequired":true,"valueName":"search_term_string"}}],"inLanguage":"ru-RU"},{"@type":"Organization","@id":"https:\/\/adra.md\/#organization","name":"ADRA Moldova","url":"https:\/\/adra.md\/","logo":{"@type":"ImageObject","inLanguage":"ru-RU","@id":"https:\/\/adra.md\/#\/schema\/logo\/image\/","url":"https:\/\/adra.md\/wp-content\/uploads\/2019\/11\/group-435.png","contentUrl":"https:\/\/adra.md\/wp-content\/uploads\/2019\/11\/group-435.png","width":500,"height":133,"caption":"ADRA Moldova"},"image":{"@id":"https:\/\/adra.md\/#\/schema\/logo\/image\/"}},{"@type":"Person","@id":"https:\/\/adra.md\/#\/schema\/person\/b0181e611ee89738cefb7dc2db2bb8d1","name":"ADRA Moldova","url":"https:\/\/adra.md\/ru\/author\/andrei-girleanu\/"}]}},"_links":{"self":[{"href":"https:\/\/adra.md\/ru\/wp-json\/wp\/v2\/posts\/21373","targetHints":{"allow":["GET"]}}],"collection":[{"href":"https:\/\/adra.md\/ru\/wp-json\/wp\/v2\/posts"}],"about":[{"href":"https:\/\/adra.md\/ru\/wp-json\/wp\/v2\/types\/post"}],"author":[{"embeddable":true,"href":"https:\/\/adra.md\/ru\/wp-json\/wp\/v2\/users\/9"}],"replies":[{"embeddable":true,"href":"https:\/\/adra.md\/ru\/wp-json\/wp\/v2\/comments?post=21373"}],"version-history":[{"count":1,"href":"https:\/\/adra.md\/ru\/wp-json\/wp\/v2\/posts\/21373\/revisions"}],"predecessor-version":[{"id":21379,"href":"https:\/\/adra.md\/ru\/wp-json\/wp\/v2\/posts\/21373\/revisions\/21379"}],"wp:featuredmedia":[{"embeddable":true,"href":"https:\/\/adra.md\/ru\/wp-json\/wp\/v2\/media\/21377"}],"wp:attachment":[{"href":"https:\/\/adra.md\/ru\/wp-json\/wp\/v2\/media?parent=21373"}],"wp:term":[{"taxonomy":"category","embeddable":true,"href":"https:\/\/adra.md\/ru\/wp-json\/wp\/v2\/categories?post=21373"},{"taxonomy":"post_tag","embeddable":true,"href":"https:\/\/adra.md\/ru\/wp-json\/wp\/v2\/tags?post=21373"}],"curies":[{"name":"wp","href":"https:\/\/api.w.org\/{rel}","templated":true}]}}