{"id":21380,"date":"2024-09-16T09:18:19","date_gmt":"2024-09-16T09:18:19","guid":{"rendered":"https:\/\/adra.md\/?p=21380"},"modified":"2024-09-16T09:18:19","modified_gmt":"2024-09-16T09:18:19","slug":"care-este-beneficiul-lumanarilor-din-ceara","status":"publish","type":"post","link":"https:\/\/adra.md\/ru\/care-este-beneficiul-lumanarilor-din-ceara\/","title":{"rendered":"Care este beneficiul lum\u00e2n\u0103rilor din cear\u0103?"},"content":{"rendered":"<p>Un master class de creare a lum\u00e2n\u0103rilor din cear\u0103 este atelierul interactiv unde participan\u021bii \u00eenva\u021b\u0103 tehnici de baz\u0103 \u0219i avansate pentru realizarea lum\u00e2n\u0103rilor. Sub \u00eendrumarea Mariei, to\u021bi cei prezen\u021bi au descoperit tipurile de cear\u0103 disponibile (parafin\u0103, soia, albine etc.), materialele necesare (fitile, coloran\u021bi, parfumuri) \u0219i metodele de creare \u0219i decorarea lum\u00e2n\u0103rilor din cear\u0103 de albine.<\/p>\n<p>Lum\u00e2n\u0103rile din cear\u0103 de albine ofer\u0103 mai multe beneficii fa\u021b\u0103 de cele din parafin\u0103 sau alte materiale sintetice. Iat\u0103 c\u00e2teva dintre principalele avantaje:<\/p>\n<p>1. **Ard mai curat**: Ceara de albine arde f\u0103r\u0103 a produce fum sau substan\u021be chimice toxice, cum ar fi benzenul sau toluenul, care se pot g\u0103si \u00een lum\u00e2n\u0103rile din parafin\u0103. Acest lucru le face mai prietenoase cu mediul \u0219i mai sigure pentru calitatea aerului din cas\u0103.<\/p>\n<p>2. **Durat\u0103 de ardere mai mare**: Lum\u00e2n\u0103rile din cear\u0103 de albine ard mai \u00eencet, ceea ce le confer\u0103 o durat\u0103 de via\u021b\u0103 mai lung\u0103 dec\u00e2t cele din parafin\u0103.<\/p>\n<p>3. **Emisie de ioni negativi**: Se spune c\u0103 lum\u00e2n\u0103rile din cear\u0103 de albine emit ioni negativi atunci c\u00e2nd ard, care pot ajuta la purificarea aerului, neutraliz\u00e2nd poluan\u021bii \u0219i alergeni precum praful \u0219i mucegaiul.<\/p>\n<p>4. **Arom\u0103 natural\u0103**: Ceara de albine are un parfum subtil, natural, de miere \u0219i polen, f\u0103r\u0103 a necesita parfumuri artificiale sau aditivi.<\/p>\n<p>5. **Produs natural \u0219i sustenabil**: Ceara de albine este un produs regenerabil \u0219i biodegradabil, provenit din activitatea natural\u0103 a albinelor, spre deosebire de parafina, care este un produs secundar al petrolului.<\/p>\n<p>Aceste beneficii fac ca lum\u00e2n\u0103rile din cear\u0103 de albine s\u0103 fie o alegere popular\u0103 pentru cei care caut\u0103 produse naturale \u0219i ecologice.<\/p>\n<p>La final, fiecare participant a plecat acas\u0103 cu propriile lum\u00e2n\u0103ri rulate, decorate \u0219i parfumate.Atelierul este ideal pentru cei care doresc s\u0103 \u00ee\u0219i dezvolte abilit\u0103\u021bi creative \u0219i s\u0103 \u00eenve\u021be un nou hobby.<\/p>\n<p>&nbsp;<\/p>\n<p>&nbsp;<\/p>\n<p><img fetchpriority=\"high\" decoding=\"async\" class=\"alignnone size-medium wp-image-21381\" src=\"https:\/\/adra.md\/wp-content\/uploads\/2024\/09\/0e4319c2-fbaf-42e8-b6f3-8ebf094bd426-225x300.jpg\" alt=\"\" width=\"225\" height=\"300\" srcset=\"https:\/\/adra.md\/wp-content\/uploads\/2024\/09\/0e4319c2-fbaf-42e8-b6f3-8ebf094bd426-225x300.jpg 225w, https:\/\/adra.md\/wp-content\/uploads\/2024\/09\/0e4319c2-fbaf-42e8-b6f3-8ebf094bd426-768x1024.jpg 768w, https:\/\/adra.md\/wp-content\/uploads\/2024\/09\/0e4319c2-fbaf-42e8-b6f3-8ebf094bd426-1152x1536.jpg 1152w, https:\/\/adra.md\/wp-content\/uploads\/2024\/09\/0e4319c2-fbaf-42e8-b6f3-8ebf094bd426-9x12.jpg 9w, https:\/\/adra.md\/wp-content\/uploads\/2024\/09\/0e4319c2-fbaf-42e8-b6f3-8ebf094bd426.jpg 1536w\" sizes=\"(max-width: 225px) 100vw, 225px\" \/>\u00a0 \u00a0 \u00a0 \u00a0 \u00a0 \u00a0 \u00a0 \u00a0 \u00a0<img decoding=\"async\" class=\"alignnone size-medium wp-image-21382\" src=\"https:\/\/adra.md\/wp-content\/uploads\/2024\/09\/661dcf32-72c2-44c3-a469-bcbbf0f1d320-225x300.jpg\" alt=\"\" width=\"225\" height=\"300\" srcset=\"https:\/\/adra.md\/wp-content\/uploads\/2024\/09\/661dcf32-72c2-44c3-a469-bcbbf0f1d320-225x300.jpg 225w, https:\/\/adra.md\/wp-content\/uploads\/2024\/09\/661dcf32-72c2-44c3-a469-bcbbf0f1d320-768x1024.jpg 768w, https:\/\/adra.md\/wp-content\/uploads\/2024\/09\/661dcf32-72c2-44c3-a469-bcbbf0f1d320-1152x1536.jpg 1152w, https:\/\/adra.md\/wp-content\/uploads\/2024\/09\/661dcf32-72c2-44c3-a469-bcbbf0f1d320-9x12.jpg 9w, https:\/\/adra.md\/wp-content\/uploads\/2024\/09\/661dcf32-72c2-44c3-a469-bcbbf0f1d320.jpg 1536w\" sizes=\"(max-width: 225px) 100vw, 225px\" \/>\u00a0 \u00a0 \u00a0 \u00a0 \u00a0 \u00a0 \u00a0 \u00a0\u00a0<img decoding=\"async\" class=\"alignnone size-medium wp-image-21383\" src=\"https:\/\/adra.md\/wp-content\/uploads\/2024\/09\/1525cd9f-9ddd-4421-919e-070adac9929e-225x300.jpg\" alt=\"\" width=\"225\" height=\"300\" srcset=\"https:\/\/adra.md\/wp-content\/uploads\/2024\/09\/1525cd9f-9ddd-4421-919e-070adac9929e-225x300.jpg 225w, https:\/\/adra.md\/wp-content\/uploads\/2024\/09\/1525cd9f-9ddd-4421-919e-070adac9929e-768x1024.jpg 768w, https:\/\/adra.md\/wp-content\/uploads\/2024\/09\/1525cd9f-9ddd-4421-919e-070adac9929e-1152x1536.jpg 1152w, https:\/\/adra.md\/wp-content\/uploads\/2024\/09\/1525cd9f-9ddd-4421-919e-070adac9929e-1536x2048.jpg 1536w, https:\/\/adra.md\/wp-content\/uploads\/2024\/09\/1525cd9f-9ddd-4421-919e-070adac9929e-9x12.jpg 9w, https:\/\/adra.md\/wp-content\/uploads\/2024\/09\/1525cd9f-9ddd-4421-919e-070adac9929e-2000x2667.jpg 2000w, https:\/\/adra.md\/wp-content\/uploads\/2024\/09\/1525cd9f-9ddd-4421-919e-070adac9929e-scaled.jpg 1920w\" sizes=\"(max-width: 225px) 100vw, 225px\" \/><\/p>","protected":false},"excerpt":{"rendered":"<p>Un master class de creare a lum\u00e2n\u0103rilor din cear\u0103 este atelierul interactiv unde participan\u021bii \u00eenva\u021b\u0103 tehnici de baz\u0103 \u0219i avansate pentru realizarea lum\u00e2n\u0103rilor. Sub \u00eendrumarea Mariei, to\u021bi cei prezen\u021bi au descoperit tipurile de cear\u0103 disponibile (parafin\u0103, soia, albine etc.), materialele necesare (fitile, coloran\u021bi, parfumuri) \u0219i metodele de creare \u0219i decorarea lum\u00e2n\u0103rilor din cear\u0103 de albine. [&hellip;]<\/p>\n","protected":false},"author":9,"featured_media":21381,"comment_status":"closed","ping_status":"closed","sticky":false,"template":"","format":"standard","meta":{"_acf_changed":false,"footnotes":""},"categories":[294],"tags":[],"class_list":["post-21380","post","type-post","status-publish","format-standard","has-post-thumbnail","hentry","category-news"],"acf":[],"yoast_head":"<!-- This site is optimized with the Yoast SEO plugin v27.4 - https:\/\/yoast.com\/product\/yoast-seo-wordpress\/ -->\n<title>Care este beneficiul lum\u00e2n\u0103rilor din cear\u0103? - ADRA Moldova<\/title>\n<meta name=\"robots\" content=\"index, follow, max-snippet:-1, max-image-preview:large, max-video-preview:-1\" \/>\n<link rel=\"canonical\" href=\"https:\/\/adra.md\/ru\/care-este-beneficiul-lumanarilor-din-ceara\/\" \/>\n<meta property=\"og:locale\" content=\"ru_RU\" \/>\n<meta property=\"og:type\" content=\"article\" \/>\n<meta property=\"og:title\" content=\"Care este beneficiul lum\u00e2n\u0103rilor din cear\u0103? - ADRA Moldova\" \/>\n<meta property=\"og:description\" content=\"Un master class de creare a lum\u00e2n\u0103rilor din cear\u0103 este atelierul interactiv unde participan\u021bii \u00eenva\u021b\u0103 tehnici de baz\u0103 \u0219i avansate pentru realizarea lum\u00e2n\u0103rilor. Sub \u00eendrumarea Mariei, to\u021bi cei prezen\u021bi au descoperit tipurile de cear\u0103 disponibile (parafin\u0103, soia, albine etc.), materialele necesare (fitile, coloran\u021bi, parfumuri) \u0219i metodele de creare \u0219i decorarea lum\u00e2n\u0103rilor din cear\u0103 de albine. [&hellip;]\" \/>\n<meta property=\"og:url\" content=\"https:\/\/adra.md\/ru\/care-este-beneficiul-lumanarilor-din-ceara\/\" \/>\n<meta property=\"og:site_name\" content=\"ADRA Moldova\" \/>\n<meta property=\"article:published_time\" content=\"2024-09-16T09:18:19+00:00\" \/>\n<meta property=\"og:image\" content=\"https:\/\/adra.md\/wp-content\/uploads\/2024\/09\/0e4319c2-fbaf-42e8-b6f3-8ebf094bd426.jpg\" \/>\n\t<meta property=\"og:image:width\" content=\"1536\" \/>\n\t<meta property=\"og:image:height\" content=\"2048\" \/>\n\t<meta property=\"og:image:type\" content=\"image\/jpeg\" \/>\n<meta name=\"author\" content=\"ADRA Moldova\" \/>\n<meta name=\"twitter:card\" content=\"summary_large_image\" \/>\n<meta name=\"twitter:label1\" content=\"\u041d\u0430\u043f\u0438\u0441\u0430\u043d\u043e \u0430\u0432\u0442\u043e\u0440\u043e\u043c\" \/>\n\t<meta name=\"twitter:data1\" content=\"ADRA Moldova\" \/>\n\t<meta name=\"twitter:label2\" content=\"\u041f\u0440\u0438\u043c\u0435\u0440\u043d\u043e\u0435 \u0432\u0440\u0435\u043c\u044f \u0434\u043b\u044f \u0447\u0442\u0435\u043d\u0438\u044f\" \/>\n\t<meta name=\"twitter:data2\" content=\"2 \u043c\u0438\u043d\u0443\u0442\u044b\" \/>\n<script type=\"application\/ld+json\" class=\"yoast-schema-graph\">{\"@context\":\"https:\\\/\\\/schema.org\",\"@graph\":[{\"@type\":\"Article\",\"@id\":\"https:\\\/\\\/adra.md\\\/care-este-beneficiul-lumanarilor-din-ceara\\\/#article\",\"isPartOf\":{\"@id\":\"https:\\\/\\\/adra.md\\\/care-este-beneficiul-lumanarilor-din-ceara\\\/\"},\"author\":{\"name\":\"ADRA Moldova\",\"@id\":\"https:\\\/\\\/adra.md\\\/#\\\/schema\\\/person\\\/b0181e611ee89738cefb7dc2db2bb8d1\"},\"headline\":\"Care este beneficiul lum\u00e2n\u0103rilor din cear\u0103?\",\"datePublished\":\"2024-09-16T09:18:19+00:00\",\"mainEntityOfPage\":{\"@id\":\"https:\\\/\\\/adra.md\\\/care-este-beneficiul-lumanarilor-din-ceara\\\/\"},\"wordCount\":330,\"publisher\":{\"@id\":\"https:\\\/\\\/adra.md\\\/#organization\"},\"image\":{\"@id\":\"https:\\\/\\\/adra.md\\\/care-este-beneficiul-lumanarilor-din-ceara\\\/#primaryimage\"},\"thumbnailUrl\":\"https:\\\/\\\/adra.md\\\/wp-content\\\/uploads\\\/2024\\\/09\\\/0e4319c2-fbaf-42e8-b6f3-8ebf094bd426.jpg\",\"articleSection\":[\"News\"],\"inLanguage\":\"ru-RU\"},{\"@type\":\"WebPage\",\"@id\":\"https:\\\/\\\/adra.md\\\/care-este-beneficiul-lumanarilor-din-ceara\\\/\",\"url\":\"https:\\\/\\\/adra.md\\\/care-este-beneficiul-lumanarilor-din-ceara\\\/\",\"name\":\"Care este beneficiul lum\u00e2n\u0103rilor din cear\u0103? - ADRA Moldova\",\"isPartOf\":{\"@id\":\"https:\\\/\\\/adra.md\\\/#website\"},\"primaryImageOfPage\":{\"@id\":\"https:\\\/\\\/adra.md\\\/care-este-beneficiul-lumanarilor-din-ceara\\\/#primaryimage\"},\"image\":{\"@id\":\"https:\\\/\\\/adra.md\\\/care-este-beneficiul-lumanarilor-din-ceara\\\/#primaryimage\"},\"thumbnailUrl\":\"https:\\\/\\\/adra.md\\\/wp-content\\\/uploads\\\/2024\\\/09\\\/0e4319c2-fbaf-42e8-b6f3-8ebf094bd426.jpg\",\"datePublished\":\"2024-09-16T09:18:19+00:00\",\"breadcrumb\":{\"@id\":\"https:\\\/\\\/adra.md\\\/care-este-beneficiul-lumanarilor-din-ceara\\\/#breadcrumb\"},\"inLanguage\":\"ru-RU\",\"potentialAction\":[{\"@type\":\"ReadAction\",\"target\":[\"https:\\\/\\\/adra.md\\\/care-este-beneficiul-lumanarilor-din-ceara\\\/\"]}]},{\"@type\":\"ImageObject\",\"inLanguage\":\"ru-RU\",\"@id\":\"https:\\\/\\\/adra.md\\\/care-este-beneficiul-lumanarilor-din-ceara\\\/#primaryimage\",\"url\":\"https:\\\/\\\/adra.md\\\/wp-content\\\/uploads\\\/2024\\\/09\\\/0e4319c2-fbaf-42e8-b6f3-8ebf094bd426.jpg\",\"contentUrl\":\"https:\\\/\\\/adra.md\\\/wp-content\\\/uploads\\\/2024\\\/09\\\/0e4319c2-fbaf-42e8-b6f3-8ebf094bd426.jpg\",\"width\":1536,\"height\":2048},{\"@type\":\"BreadcrumbList\",\"@id\":\"https:\\\/\\\/adra.md\\\/care-este-beneficiul-lumanarilor-din-ceara\\\/#breadcrumb\",\"itemListElement\":[{\"@type\":\"ListItem\",\"position\":1,\"name\":\"Home\",\"item\":\"https:\\\/\\\/adra.md\\\/\"},{\"@type\":\"ListItem\",\"position\":2,\"name\":\"Care este beneficiul lum\u00e2n\u0103rilor din cear\u0103?\"}]},{\"@type\":\"WebSite\",\"@id\":\"https:\\\/\\\/adra.md\\\/#website\",\"url\":\"https:\\\/\\\/adra.md\\\/\",\"name\":\"ADRA Moldova\",\"description\":\"Agen\u0163ia Adventist\u0103 pentru Dezvoltare, Refacere \u015fi Ajutor\",\"publisher\":{\"@id\":\"https:\\\/\\\/adra.md\\\/#organization\"},\"potentialAction\":[{\"@type\":\"SearchAction\",\"target\":{\"@type\":\"EntryPoint\",\"urlTemplate\":\"https:\\\/\\\/adra.md\\\/?s={search_term_string}\"},\"query-input\":{\"@type\":\"PropertyValueSpecification\",\"valueRequired\":true,\"valueName\":\"search_term_string\"}}],\"inLanguage\":\"ru-RU\"},{\"@type\":\"Organization\",\"@id\":\"https:\\\/\\\/adra.md\\\/#organization\",\"name\":\"ADRA Moldova\",\"url\":\"https:\\\/\\\/adra.md\\\/\",\"logo\":{\"@type\":\"ImageObject\",\"inLanguage\":\"ru-RU\",\"@id\":\"https:\\\/\\\/adra.md\\\/#\\\/schema\\\/logo\\\/image\\\/\",\"url\":\"https:\\\/\\\/adra.md\\\/wp-content\\\/uploads\\\/2019\\\/11\\\/group-435.png\",\"contentUrl\":\"https:\\\/\\\/adra.md\\\/wp-content\\\/uploads\\\/2019\\\/11\\\/group-435.png\",\"width\":500,\"height\":133,\"caption\":\"ADRA Moldova\"},\"image\":{\"@id\":\"https:\\\/\\\/adra.md\\\/#\\\/schema\\\/logo\\\/image\\\/\"}},{\"@type\":\"Person\",\"@id\":\"https:\\\/\\\/adra.md\\\/#\\\/schema\\\/person\\\/b0181e611ee89738cefb7dc2db2bb8d1\",\"name\":\"ADRA Moldova\",\"url\":\"https:\\\/\\\/adra.md\\\/ru\\\/author\\\/andrei-girleanu\\\/\"}]}<\/script>\n<!-- \/ Yoast SEO plugin. -->","yoast_head_json":{"title":"Care este beneficiul lum\u00e2n\u0103rilor din cear\u0103? - ADRA Moldova","robots":{"index":"index","follow":"follow","max-snippet":"max-snippet:-1","max-image-preview":"max-image-preview:large","max-video-preview":"max-video-preview:-1"},"canonical":"https:\/\/adra.md\/ru\/care-este-beneficiul-lumanarilor-din-ceara\/","og_locale":"ru_RU","og_type":"article","og_title":"Care este beneficiul lum\u00e2n\u0103rilor din cear\u0103? - ADRA Moldova","og_description":"Un master class de creare a lum\u00e2n\u0103rilor din cear\u0103 este atelierul interactiv unde participan\u021bii \u00eenva\u021b\u0103 tehnici de baz\u0103 \u0219i avansate pentru realizarea lum\u00e2n\u0103rilor. Sub \u00eendrumarea Mariei, to\u021bi cei prezen\u021bi au descoperit tipurile de cear\u0103 disponibile (parafin\u0103, soia, albine etc.), materialele necesare (fitile, coloran\u021bi, parfumuri) \u0219i metodele de creare \u0219i decorarea lum\u00e2n\u0103rilor din cear\u0103 de albine. [&hellip;]","og_url":"https:\/\/adra.md\/ru\/care-este-beneficiul-lumanarilor-din-ceara\/","og_site_name":"ADRA Moldova","article_published_time":"2024-09-16T09:18:19+00:00","og_image":[{"width":1536,"height":2048,"url":"https:\/\/adra.md\/wp-content\/uploads\/2024\/09\/0e4319c2-fbaf-42e8-b6f3-8ebf094bd426.jpg","type":"image\/jpeg"}],"author":"ADRA Moldova","twitter_card":"summary_large_image","twitter_misc":{"\u041d\u0430\u043f\u0438\u0441\u0430\u043d\u043e \u0430\u0432\u0442\u043e\u0440\u043e\u043c":"ADRA Moldova","\u041f\u0440\u0438\u043c\u0435\u0440\u043d\u043e\u0435 \u0432\u0440\u0435\u043c\u044f \u0434\u043b\u044f \u0447\u0442\u0435\u043d\u0438\u044f":"2 \u043c\u0438\u043d\u0443\u0442\u044b"},"schema":{"@context":"https:\/\/schema.org","@graph":[{"@type":"Article","@id":"https:\/\/adra.md\/care-este-beneficiul-lumanarilor-din-ceara\/#article","isPartOf":{"@id":"https:\/\/adra.md\/care-este-beneficiul-lumanarilor-din-ceara\/"},"author":{"name":"ADRA Moldova","@id":"https:\/\/adra.md\/#\/schema\/person\/b0181e611ee89738cefb7dc2db2bb8d1"},"headline":"Care este beneficiul lum\u00e2n\u0103rilor din cear\u0103?","datePublished":"2024-09-16T09:18:19+00:00","mainEntityOfPage":{"@id":"https:\/\/adra.md\/care-este-beneficiul-lumanarilor-din-ceara\/"},"wordCount":330,"publisher":{"@id":"https:\/\/adra.md\/#organization"},"image":{"@id":"https:\/\/adra.md\/care-este-beneficiul-lumanarilor-din-ceara\/#primaryimage"},"thumbnailUrl":"https:\/\/adra.md\/wp-content\/uploads\/2024\/09\/0e4319c2-fbaf-42e8-b6f3-8ebf094bd426.jpg","articleSection":["News"],"inLanguage":"ru-RU"},{"@type":"WebPage","@id":"https:\/\/adra.md\/care-este-beneficiul-lumanarilor-din-ceara\/","url":"https:\/\/adra.md\/care-este-beneficiul-lumanarilor-din-ceara\/","name":"Care este beneficiul lum\u00e2n\u0103rilor din cear\u0103? - ADRA Moldova","isPartOf":{"@id":"https:\/\/adra.md\/#website"},"primaryImageOfPage":{"@id":"https:\/\/adra.md\/care-este-beneficiul-lumanarilor-din-ceara\/#primaryimage"},"image":{"@id":"https:\/\/adra.md\/care-este-beneficiul-lumanarilor-din-ceara\/#primaryimage"},"thumbnailUrl":"https:\/\/adra.md\/wp-content\/uploads\/2024\/09\/0e4319c2-fbaf-42e8-b6f3-8ebf094bd426.jpg","datePublished":"2024-09-16T09:18:19+00:00","breadcrumb":{"@id":"https:\/\/adra.md\/care-este-beneficiul-lumanarilor-din-ceara\/#breadcrumb"},"inLanguage":"ru-RU","potentialAction":[{"@type":"ReadAction","target":["https:\/\/adra.md\/care-este-beneficiul-lumanarilor-din-ceara\/"]}]},{"@type":"ImageObject","inLanguage":"ru-RU","@id":"https:\/\/adra.md\/care-este-beneficiul-lumanarilor-din-ceara\/#primaryimage","url":"https:\/\/adra.md\/wp-content\/uploads\/2024\/09\/0e4319c2-fbaf-42e8-b6f3-8ebf094bd426.jpg","contentUrl":"https:\/\/adra.md\/wp-content\/uploads\/2024\/09\/0e4319c2-fbaf-42e8-b6f3-8ebf094bd426.jpg","width":1536,"height":2048},{"@type":"BreadcrumbList","@id":"https:\/\/adra.md\/care-este-beneficiul-lumanarilor-din-ceara\/#breadcrumb","itemListElement":[{"@type":"ListItem","position":1,"name":"Home","item":"https:\/\/adra.md\/"},{"@type":"ListItem","position":2,"name":"Care este beneficiul lum\u00e2n\u0103rilor din cear\u0103?"}]},{"@type":"WebSite","@id":"https:\/\/adra.md\/#website","url":"https:\/\/adra.md\/","name":"ADRA Moldova","description":"Agen\u0163ia Adventist\u0103 pentru Dezvoltare, Refacere \u015fi Ajutor","publisher":{"@id":"https:\/\/adra.md\/#organization"},"potentialAction":[{"@type":"SearchAction","target":{"@type":"EntryPoint","urlTemplate":"https:\/\/adra.md\/?s={search_term_string}"},"query-input":{"@type":"PropertyValueSpecification","valueRequired":true,"valueName":"search_term_string"}}],"inLanguage":"ru-RU"},{"@type":"Organization","@id":"https:\/\/adra.md\/#organization","name":"ADRA Moldova","url":"https:\/\/adra.md\/","logo":{"@type":"ImageObject","inLanguage":"ru-RU","@id":"https:\/\/adra.md\/#\/schema\/logo\/image\/","url":"https:\/\/adra.md\/wp-content\/uploads\/2019\/11\/group-435.png","contentUrl":"https:\/\/adra.md\/wp-content\/uploads\/2019\/11\/group-435.png","width":500,"height":133,"caption":"ADRA Moldova"},"image":{"@id":"https:\/\/adra.md\/#\/schema\/logo\/image\/"}},{"@type":"Person","@id":"https:\/\/adra.md\/#\/schema\/person\/b0181e611ee89738cefb7dc2db2bb8d1","name":"ADRA Moldova","url":"https:\/\/adra.md\/ru\/author\/andrei-girleanu\/"}]}},"_links":{"self":[{"href":"https:\/\/adra.md\/ru\/wp-json\/wp\/v2\/posts\/21380","targetHints":{"allow":["GET"]}}],"collection":[{"href":"https:\/\/adra.md\/ru\/wp-json\/wp\/v2\/posts"}],"about":[{"href":"https:\/\/adra.md\/ru\/wp-json\/wp\/v2\/types\/post"}],"author":[{"embeddable":true,"href":"https:\/\/adra.md\/ru\/wp-json\/wp\/v2\/users\/9"}],"replies":[{"embeddable":true,"href":"https:\/\/adra.md\/ru\/wp-json\/wp\/v2\/comments?post=21380"}],"version-history":[{"count":1,"href":"https:\/\/adra.md\/ru\/wp-json\/wp\/v2\/posts\/21380\/revisions"}],"predecessor-version":[{"id":21384,"href":"https:\/\/adra.md\/ru\/wp-json\/wp\/v2\/posts\/21380\/revisions\/21384"}],"wp:featuredmedia":[{"embeddable":true,"href":"https:\/\/adra.md\/ru\/wp-json\/wp\/v2\/media\/21381"}],"wp:attachment":[{"href":"https:\/\/adra.md\/ru\/wp-json\/wp\/v2\/media?parent=21380"}],"wp:term":[{"taxonomy":"category","embeddable":true,"href":"https:\/\/adra.md\/ru\/wp-json\/wp\/v2\/categories?post=21380"},{"taxonomy":"post_tag","embeddable":true,"href":"https:\/\/adra.md\/ru\/wp-json\/wp\/v2\/tags?post=21380"}],"curies":[{"name":"wp","href":"https:\/\/api.w.org\/{rel}","templated":true}]}}