{"id":21391,"date":"2024-09-16T09:37:21","date_gmt":"2024-09-16T09:37:21","guid":{"rendered":"https:\/\/adra.md\/?p=21391"},"modified":"2024-09-16T09:37:21","modified_gmt":"2024-09-16T09:37:21","slug":"adra-moldova-angajeaza-in-campul-muncii-refugiati-din-ucraina","status":"publish","type":"post","link":"https:\/\/adra.md\/ru\/adra-moldova-angajeaza-in-campul-muncii-refugiati-din-ucraina\/","title":{"rendered":"ADRA Moldova angajeaz\u0103 \u00een c\u00e2mpul muncii refugia\u021bi din Ucraina"},"content":{"rendered":"<div class=\"xdj266r x11i5rnm xat24cr x1mh8g0r x1vvkbs x126k92a\">\n<div dir=\"auto\">Organiza\u021bia ADRA Moldova continu\u0103 s\u0103 se implice activ \u00een integrarea social\u0103 a refugia\u021bilor din Ucraina, oferindu-le nu doar un psihologic, ci \u0219i o oportunitate de a-\u0219i reconstrui via\u021ba \u00eentr-o nou\u0103 \u021bar\u0103. Prin intermediul centrelor comunitare, ADRA creeaz\u0103 un mediu unde refugia\u021bii sunt bine-veni\u021bi \u0219i pot participa la diverse activit\u0103\u021bi, precum sport, handcraft, art\u0103 culinar\u0103 \u0219i terapie prin art\u0103. Aceste activit\u0103\u021bi nu doar c\u0103 le ofer\u0103 un refugiu de la stresul \u0219i trauma tr\u0103ite, dar \u0219i o \u0219ans\u0103 de a-\u0219i descoperi \u0219i dezvolta noi talente.<\/div>\n<\/div>\n<div class=\"x11i5rnm xat24cr x1mh8g0r x1vvkbs xtlvy1s x126k92a\">\n<div dir=\"auto\">Un exemplu frumos al impactului pozitiv al acestor programe este Tatiana, o doamn\u0103 din Ucraina care, prin \u00eempletitul firelor \u0219i crearea de juc\u0103rii minunate, \u0219i-a redescoperit pasiunea \u0219i scopul. Tatiana nu doar c\u0103 \u0219i-a g\u0103sit un mod de exprimare personal, dar a reu\u0219it s\u0103 \u00eemp\u0103rt\u0103\u0219easc\u0103 aceast\u0103 abilitate \u0219i cu al\u021bi refugia\u021bi, \u00eenv\u0103\u021b\u00e2ndu-i s\u0103 creeze la nivel profesionist. Astfel, ADRA Moldova nu doar c\u0103 faciliteaz\u0103 integrarea refugia\u021bilor \u00een comunitatea local\u0103, dar le ofer\u0103 \u0219i o \u0219ans\u0103 de a se dezvolta pe plan profesional \u0219i de a contribui activ la societate.<\/div>\n<div dir=\"auto\"><\/div>\n<div dir=\"auto\"><span class=\"html-span xexx8yu x4uap5 x18d9i69 xkhd6sd x1hl2dhg x16tdsg8 x1vvkbs x3nfvp2 x1j61x8r x1fcty0u xdj266r xat24cr xgzva0m xhhsvwb xxymvpz xlup9mm x1kky2od\"><img decoding=\"async\" class=\"xz74otr\" src=\"https:\/\/static.xx.fbcdn.net\/images\/emoji.php\/v9\/t1d\/2\/16\/1f3a4.png\" alt=\"\ud83c\udfa4\" width=\"16\" height=\"16\" \/><\/span> Cei de la @<span class=\"html-span xdj266r x11i5rnm xat24cr x1mh8g0r xexx8yu x4uap5 x18d9i69 xkhd6sd x1hl2dhg x16tdsg8 x1vvkbs\"><a class=\"x1i10hfl xjbqb8w x1ejq31n xd10rxx x1sy0etr x17r0tee x972fbf xcfux6l x1qhh985 xm0m39n x9f619 x1ypdohk xt0psk2 xe8uvvx xdj266r x11i5rnm xat24cr x1mh8g0r xexx8yu x4uap5 x18d9i69 xkhd6sd x16tdsg8 x1hl2dhg xggy1nq x1a2a7pz x1sur9pj xkrqix3 x1fey0fg\" tabindex=\"0\" role=\"link\" href=\"https:\/\/l.facebook.com\/l.php?u=http%3A%2F%2Fjurnaltv.md%2F%3Ffbclid%3DIwZXh0bgNhZW0CMTAAAR0bIArcfO52wAJuchcGIPHqH1THwFCWYRnLnQ5N8BTGsuH4thn9Goeb3Xw_aem_defgP0DIirAtPLp_R5_fmA&amp;h=AT0snKnu2IqR0Ogtsil2EvVhCbXs0-ja1JhfmykrpLoLRXWTfQqqRxNvWVBXKPhaOh5_QiNoPzIJ3NFV44tJRO_ZHL6pVEwBTstDKsGEhu8EjIIsL9YgYtixItHOsX4XiPlF0USxpQ&amp;__tn__=-UK-R&amp;c[0]=AT30luBmN1m7PlNIPHDezPQDaDCks8_2IAxQp5IjuADVEcWWBALua87VEEQXzKbKDx9yz3167CduuPNk6vdjEsX5nTIltSTWWTbr1zUZpQuPgG1p-4Au9z5vG_bcSZUsAM9UXND7FgLKr7fbpdKWp7XQtR9qW1Kt8uNtVJF8MxbATCqmaMq5Hihp0YKk9rp6iGMqIt19H8F024pGM6PiAahq2Sl8tNBc3oHWTB9FoKYuMKZunwQ\" target=\"_blank\" rel=\"nofollow noopener noreferrer\">jurnaltv.md<\/a><\/span> au remarcat-o pe Tatiana, \u0219i le mul\u021bumim pentru interviu .<\/div>\n<\/div>\n<div class=\"x11i5rnm xat24cr x1mh8g0r x1vvkbs xtlvy1s x126k92a\">\n<div dir=\"auto\"><span class=\"html-span xexx8yu x4uap5 x18d9i69 xkhd6sd x1hl2dhg x16tdsg8 x1vvkbs x3nfvp2 x1j61x8r x1fcty0u xdj266r xat24cr xgzva0m xhhsvwb xxymvpz xlup9mm x1kky2od\"><img decoding=\"async\" class=\"xz74otr\" src=\"https:\/\/static.xx.fbcdn.net\/images\/emoji.php\/v9\/t67\/2\/16\/1f440.png\" alt=\"\ud83d\udc40\" width=\"16\" height=\"16\" \/><\/span> Aici vede\u021bi interviul din Centrul Comunitar ADRA, din Chi\u0219in\u0103u, str. Ion Neculce 59<\/div>\n<\/div>\n<div class=\"x11i5rnm xat24cr x1mh8g0r x1vvkbs xtlvy1s x126k92a\">\n<div dir=\"auto\"><span class=\"html-span xdj266r x11i5rnm xat24cr x1mh8g0r xexx8yu x4uap5 x18d9i69 xkhd6sd x1hl2dhg x16tdsg8 x1vvkbs\"><a class=\"x1i10hfl xjbqb8w x1ejq31n xd10rxx x1sy0etr x17r0tee x972fbf xcfux6l x1qhh985 xm0m39n x9f619 x1ypdohk xt0psk2 xe8uvvx xdj266r x11i5rnm xat24cr x1mh8g0r xexx8yu x4uap5 x18d9i69 xkhd6sd x16tdsg8 x1hl2dhg xggy1nq x1a2a7pz x1sur9pj xkrqix3 x1fey0fg\" tabindex=\"0\" role=\"link\" href=\"https:\/\/www.jurnaltv.md\/news\/c074c2a703847850\/a-gasit-in-crosetarea-jucariilor-un-refugiu-in-fata-razboiului-dar-si-o-modalitate-de-a-aduce-bucurie-in-vietile-celor-din-jur.html?fbclid=IwZXh0bgNhZW0CMTAAAR0bIArcfO52wAJuchcGIPHqH1THwFCWYRnLnQ5N8BTGsuH4thn9Goeb3Xw_aem_defgP0DIirAtPLp_R5_fmA\" target=\"_blank\" rel=\"nofollow noopener noreferrer\">https:\/\/www.jurnaltv.md\/&#8230;\/a-gasit-in-crosetarea&#8230;<\/a><\/span><\/div>\n<div dir=\"auto\"><\/div>\n<\/div>\n<div class=\"x11i5rnm xat24cr x1mh8g0r x1vvkbs xtlvy1s x126k92a\">\n<div dir=\"auto\"><span class=\"html-span xexx8yu x4uap5 x18d9i69 xkhd6sd x1hl2dhg x16tdsg8 x1vvkbs x3nfvp2 x1j61x8r x1fcty0u xdj266r xat24cr xgzva0m xhhsvwb xxymvpz xlup9mm x1kky2od\"><img decoding=\"async\" class=\"xz74otr\" src=\"https:\/\/static.xx.fbcdn.net\/images\/emoji.php\/v9\/t5c\/2\/16\/1f64f_1f3fd.png\" alt=\"\ud83d\ude4f\ud83c\udffd\" width=\"16\" height=\"16\" \/><\/span> Proiect sustinut de <span class=\"html-span xdj266r x11i5rnm xat24cr x1mh8g0r xexx8yu x4uap5 x18d9i69 xkhd6sd x1hl2dhg x16tdsg8 x1vvkbs\"><a class=\"x1i10hfl xjbqb8w x1ejq31n xd10rxx x1sy0etr x17r0tee x972fbf xcfux6l x1qhh985 xm0m39n x9f619 x1ypdohk xt0psk2 xe8uvvx xdj266r x11i5rnm xat24cr x1mh8g0r xexx8yu x4uap5 x18d9i69 xkhd6sd x16tdsg8 x1hl2dhg xggy1nq x1a2a7pz x1sur9pj xkrqix3 x1fey0fg xo1l8bm\" tabindex=\"0\" role=\"link\" href=\"https:\/\/www.facebook.com\/norwegianrefugeecouncil?__cft__[0]=AZVeOXUp-fzbNIR4bpfuexNnv0HlB-K7AJhuAxBUqSKEoEr8igXR2VTlK1Sbg6LljUfWeXZPa0TAFtHrBVKugPuDK7kO7CEyf0taMMi1WXujip0jYF2yK3kP5OESA1Igs2nq7F0jQcnl89R2TbFPCJmpy6AlUFkZSPeJmKrfsPO4cvYsG2kCMSImcmGFeMWRGYG2GbiHbEzY4TzvDpS7BJzKx8eHamirNUVKirfdOEFIog&amp;__tn__=-]K-R\"><span class=\"xt0psk2\">NRC &#8211; Norwegian Refugee Council<\/span><\/a><\/span><\/div>\n<\/div>\n<div class=\"x11i5rnm xat24cr x1mh8g0r x1vvkbs xtlvy1s x126k92a\">\n<div dir=\"auto\"><span class=\"html-span xdj266r x11i5rnm xat24cr x1mh8g0r xexx8yu x4uap5 x18d9i69 xkhd6sd x1hl2dhg x16tdsg8 x1vvkbs\"><a class=\"x1i10hfl xjbqb8w x1ejq31n xd10rxx x1sy0etr x17r0tee x972fbf xcfux6l x1qhh985 xm0m39n x9f619 x1ypdohk xt0psk2 xe8uvvx xdj266r x11i5rnm xat24cr x1mh8g0r xexx8yu x4uap5 x18d9i69 xkhd6sd x16tdsg8 x1hl2dhg xggy1nq x1a2a7pz x1sur9pj xkrqix3 x1fey0fg xo1l8bm\" tabindex=\"0\" role=\"link\" href=\"https:\/\/www.facebook.com\/hashtag\/adra?__eep__=6&amp;__cft__[0]=AZVeOXUp-fzbNIR4bpfuexNnv0HlB-K7AJhuAxBUqSKEoEr8igXR2VTlK1Sbg6LljUfWeXZPa0TAFtHrBVKugPuDK7kO7CEyf0taMMi1WXujip0jYF2yK3kP5OESA1Igs2nq7F0jQcnl89R2TbFPCJmpy6AlUFkZSPeJmKrfsPO4cvYsG2kCMSImcmGFeMWRGYG2GbiHbEzY4TzvDpS7BJzKx8eHamirNUVKirfdOEFIog&amp;__tn__=*NK-R\">#adra<\/a><\/span> <span class=\"html-span xdj266r x11i5rnm xat24cr x1mh8g0r xexx8yu x4uap5 x18d9i69 xkhd6sd x1hl2dhg x16tdsg8 x1vvkbs\"><a class=\"x1i10hfl xjbqb8w x1ejq31n xd10rxx x1sy0etr x17r0tee x972fbf xcfux6l x1qhh985 xm0m39n x9f619 x1ypdohk xt0psk2 xe8uvvx xdj266r x11i5rnm xat24cr x1mh8g0r xexx8yu x4uap5 x18d9i69 xkhd6sd x16tdsg8 x1hl2dhg xggy1nq x1a2a7pz x1sur9pj xkrqix3 x1fey0fg xo1l8bm\" tabindex=\"0\" role=\"link\" href=\"https:\/\/www.facebook.com\/hashtag\/adramoldova?__eep__=6&amp;__cft__[0]=AZVeOXUp-fzbNIR4bpfuexNnv0HlB-K7AJhuAxBUqSKEoEr8igXR2VTlK1Sbg6LljUfWeXZPa0TAFtHrBVKugPuDK7kO7CEyf0taMMi1WXujip0jYF2yK3kP5OESA1Igs2nq7F0jQcnl89R2TbFPCJmpy6AlUFkZSPeJmKrfsPO4cvYsG2kCMSImcmGFeMWRGYG2GbiHbEzY4TzvDpS7BJzKx8eHamirNUVKirfdOEFIog&amp;__tn__=*NK-R\">#adramoldova<\/a><\/span> <span class=\"html-span xdj266r x11i5rnm xat24cr x1mh8g0r xexx8yu x4uap5 x18d9i69 xkhd6sd x1hl2dhg x16tdsg8 x1vvkbs\"><a class=\"x1i10hfl xjbqb8w x1ejq31n xd10rxx x1sy0etr x17r0tee x972fbf xcfux6l x1qhh985 xm0m39n x9f619 x1ypdohk xt0psk2 xe8uvvx xdj266r x11i5rnm xat24cr x1mh8g0r xexx8yu x4uap5 x18d9i69 xkhd6sd x16tdsg8 x1hl2dhg xggy1nq x1a2a7pz x1sur9pj xkrqix3 x1fey0fg xo1l8bm\" tabindex=\"0\" role=\"link\" href=\"https:\/\/www.facebook.com\/hashtag\/nrc?__eep__=6&amp;__cft__[0]=AZVeOXUp-fzbNIR4bpfuexNnv0HlB-K7AJhuAxBUqSKEoEr8igXR2VTlK1Sbg6LljUfWeXZPa0TAFtHrBVKugPuDK7kO7CEyf0taMMi1WXujip0jYF2yK3kP5OESA1Igs2nq7F0jQcnl89R2TbFPCJmpy6AlUFkZSPeJmKrfsPO4cvYsG2kCMSImcmGFeMWRGYG2GbiHbEzY4TzvDpS7BJzKx8eHamirNUVKirfdOEFIog&amp;__tn__=*NK-R\">#nrc<\/a><\/span> <span class=\"html-span xdj266r x11i5rnm xat24cr x1mh8g0r xexx8yu x4uap5 x18d9i69 xkhd6sd x1hl2dhg x16tdsg8 x1vvkbs\"><a class=\"x1i10hfl xjbqb8w x1ejq31n xd10rxx x1sy0etr x17r0tee x972fbf xcfux6l x1qhh985 xm0m39n x9f619 x1ypdohk xt0psk2 xe8uvvx xdj266r x11i5rnm xat24cr x1mh8g0r xexx8yu x4uap5 x18d9i69 xkhd6sd x16tdsg8 x1hl2dhg xggy1nq x1a2a7pz x1sur9pj xkrqix3 x1fey0fg xo1l8bm\" tabindex=\"0\" role=\"link\" href=\"https:\/\/www.facebook.com\/hashtag\/norway?__eep__=6&amp;__cft__[0]=AZVeOXUp-fzbNIR4bpfuexNnv0HlB-K7AJhuAxBUqSKEoEr8igXR2VTlK1Sbg6LljUfWeXZPa0TAFtHrBVKugPuDK7kO7CEyf0taMMi1WXujip0jYF2yK3kP5OESA1Igs2nq7F0jQcnl89R2TbFPCJmpy6AlUFkZSPeJmKrfsPO4cvYsG2kCMSImcmGFeMWRGYG2GbiHbEzY4TzvDpS7BJzKx8eHamirNUVKirfdOEFIog&amp;__tn__=*NK-R\">#norway<\/a><\/span> <span class=\"html-span xdj266r x11i5rnm xat24cr x1mh8g0r xexx8yu x4uap5 x18d9i69 xkhd6sd x1hl2dhg x16tdsg8 x1vvkbs\"><a class=\"x1i10hfl xjbqb8w x1ejq31n xd10rxx x1sy0etr x17r0tee x972fbf xcfux6l x1qhh985 xm0m39n x9f619 x1ypdohk xt0psk2 xe8uvvx xdj266r x11i5rnm xat24cr x1mh8g0r xexx8yu x4uap5 x18d9i69 xkhd6sd x16tdsg8 x1hl2dhg xggy1nq x1a2a7pz x1sur9pj xkrqix3 x1fey0fg xo1l8bm\" tabindex=\"0\" role=\"link\" href=\"https:\/\/www.facebook.com\/hashtag\/norad?__eep__=6&amp;__cft__[0]=AZVeOXUp-fzbNIR4bpfuexNnv0HlB-K7AJhuAxBUqSKEoEr8igXR2VTlK1Sbg6LljUfWeXZPa0TAFtHrBVKugPuDK7kO7CEyf0taMMi1WXujip0jYF2yK3kP5OESA1Igs2nq7F0jQcnl89R2TbFPCJmpy6AlUFkZSPeJmKrfsPO4cvYsG2kCMSImcmGFeMWRGYG2GbiHbEzY4TzvDpS7BJzKx8eHamirNUVKirfdOEFIog&amp;__tn__=*NK-R\">#norad<\/a><\/span> <span class=\"html-span xdj266r x11i5rnm xat24cr x1mh8g0r xexx8yu x4uap5 x18d9i69 xkhd6sd x1hl2dhg x16tdsg8 x1vvkbs\"><a class=\"x1i10hfl xjbqb8w x1ejq31n xd10rxx x1sy0etr x17r0tee x972fbf xcfux6l x1qhh985 xm0m39n x9f619 x1ypdohk xt0psk2 xe8uvvx xdj266r x11i5rnm xat24cr x1mh8g0r xexx8yu x4uap5 x18d9i69 xkhd6sd x16tdsg8 x1hl2dhg xggy1nq x1a2a7pz x1sur9pj xkrqix3 x1fey0fg xo1l8bm\" tabindex=\"0\" role=\"link\" href=\"https:\/\/www.facebook.com\/hashtag\/jurnaltv?__eep__=6&amp;__cft__[0]=AZVeOXUp-fzbNIR4bpfuexNnv0HlB-K7AJhuAxBUqSKEoEr8igXR2VTlK1Sbg6LljUfWeXZPa0TAFtHrBVKugPuDK7kO7CEyf0taMMi1WXujip0jYF2yK3kP5OESA1Igs2nq7F0jQcnl89R2TbFPCJmpy6AlUFkZSPeJmKrfsPO4cvYsG2kCMSImcmGFeMWRGYG2GbiHbEzY4TzvDpS7BJzKx8eHamirNUVKirfdOEFIog&amp;__tn__=*NK-R\">#jurnaltv<\/a><\/span> <span class=\"html-span xdj266r x11i5rnm xat24cr x1mh8g0r xexx8yu x4uap5 x18d9i69 xkhd6sd x1hl2dhg x16tdsg8 x1vvkbs\"><a class=\"x1i10hfl xjbqb8w x1ejq31n xd10rxx x1sy0etr x17r0tee x972fbf xcfux6l x1qhh985 xm0m39n x9f619 x1ypdohk xt0psk2 xe8uvvx xdj266r x11i5rnm xat24cr x1mh8g0r xexx8yu x4uap5 x18d9i69 xkhd6sd x16tdsg8 x1hl2dhg xggy1nq x1a2a7pz x1sur9pj xkrqix3 x1fey0fg xo1l8bm\" tabindex=\"0\" role=\"link\" href=\"https:\/\/www.facebook.com\/hashtag\/interwiew?__eep__=6&amp;__cft__[0]=AZVeOXUp-fzbNIR4bpfuexNnv0HlB-K7AJhuAxBUqSKEoEr8igXR2VTlK1Sbg6LljUfWeXZPa0TAFtHrBVKugPuDK7kO7CEyf0taMMi1WXujip0jYF2yK3kP5OESA1Igs2nq7F0jQcnl89R2TbFPCJmpy6AlUFkZSPeJmKrfsPO4cvYsG2kCMSImcmGFeMWRGYG2GbiHbEzY4TzvDpS7BJzKx8eHamirNUVKirfdOEFIog&amp;__tn__=*NK-R\">#interwiew<\/a><\/span><\/div>\n<\/div>\n<div dir=\"auto\"><\/div>\n<div dir=\"auto\"><img loading=\"lazy\" decoding=\"async\" class=\"alignnone size-medium wp-image-21392\" src=\"https:\/\/adra.md\/wp-content\/uploads\/2024\/09\/455246489_17962208318795376_5267586554654791015_n-240x300.jpg\" alt=\"\" width=\"240\" height=\"300\" srcset=\"https:\/\/adra.md\/wp-content\/uploads\/2024\/09\/455246489_17962208318795376_5267586554654791015_n-240x300.jpg 240w, https:\/\/adra.md\/wp-content\/uploads\/2024\/09\/455246489_17962208318795376_5267586554654791015_n-819x1024.jpg 819w, https:\/\/adra.md\/wp-content\/uploads\/2024\/09\/455246489_17962208318795376_5267586554654791015_n-768x960.jpg 768w, https:\/\/adra.md\/wp-content\/uploads\/2024\/09\/455246489_17962208318795376_5267586554654791015_n-1229x1536.jpg 1229w, https:\/\/adra.md\/wp-content\/uploads\/2024\/09\/455246489_17962208318795376_5267586554654791015_n-10x12.jpg 10w, https:\/\/adra.md\/wp-content\/uploads\/2024\/09\/455246489_17962208318795376_5267586554654791015_n.jpg 1440w\" sizes=\"(max-width: 240px) 100vw, 240px\" \/> <img loading=\"lazy\" decoding=\"async\" class=\"alignnone size-medium wp-image-21393\" src=\"https:\/\/adra.md\/wp-content\/uploads\/2024\/09\/455302140_17962208354795376_7918915245146048596_n-240x300.jpg\" alt=\"\" width=\"240\" height=\"300\" srcset=\"https:\/\/adra.md\/wp-content\/uploads\/2024\/09\/455302140_17962208354795376_7918915245146048596_n-240x300.jpg 240w, https:\/\/adra.md\/wp-content\/uploads\/2024\/09\/455302140_17962208354795376_7918915245146048596_n-819x1024.jpg 819w, https:\/\/adra.md\/wp-content\/uploads\/2024\/09\/455302140_17962208354795376_7918915245146048596_n-768x960.jpg 768w, https:\/\/adra.md\/wp-content\/uploads\/2024\/09\/455302140_17962208354795376_7918915245146048596_n-1229x1536.jpg 1229w, https:\/\/adra.md\/wp-content\/uploads\/2024\/09\/455302140_17962208354795376_7918915245146048596_n-10x12.jpg 10w, https:\/\/adra.md\/wp-content\/uploads\/2024\/09\/455302140_17962208354795376_7918915245146048596_n.jpg 1440w\" sizes=\"(max-width: 240px) 100vw, 240px\" \/> <img loading=\"lazy\" decoding=\"async\" class=\"alignnone size-medium wp-image-21394\" src=\"https:\/\/adra.md\/wp-content\/uploads\/2024\/09\/455320903_17962208342795376_629966530445616595_n-240x300.jpg\" alt=\"\" width=\"240\" height=\"300\" srcset=\"https:\/\/adra.md\/wp-content\/uploads\/2024\/09\/455320903_17962208342795376_629966530445616595_n-240x300.jpg 240w, https:\/\/adra.md\/wp-content\/uploads\/2024\/09\/455320903_17962208342795376_629966530445616595_n-819x1024.jpg 819w, https:\/\/adra.md\/wp-content\/uploads\/2024\/09\/455320903_17962208342795376_629966530445616595_n-768x960.jpg 768w, https:\/\/adra.md\/wp-content\/uploads\/2024\/09\/455320903_17962208342795376_629966530445616595_n-1229x1536.jpg 1229w, https:\/\/adra.md\/wp-content\/uploads\/2024\/09\/455320903_17962208342795376_629966530445616595_n-10x12.jpg 10w, https:\/\/adra.md\/wp-content\/uploads\/2024\/09\/455320903_17962208342795376_629966530445616595_n.jpg 1440w\" sizes=\"(max-width: 240px) 100vw, 240px\" \/> <img loading=\"lazy\" decoding=\"async\" class=\"alignnone size-medium wp-image-21395\" src=\"https:\/\/adra.md\/wp-content\/uploads\/2024\/09\/455597054_17962208345795376_7721031570203130_n-240x300.jpg\" alt=\"\" width=\"240\" height=\"300\" srcset=\"https:\/\/adra.md\/wp-content\/uploads\/2024\/09\/455597054_17962208345795376_7721031570203130_n-240x300.jpg 240w, https:\/\/adra.md\/wp-content\/uploads\/2024\/09\/455597054_17962208345795376_7721031570203130_n-819x1024.jpg 819w, https:\/\/adra.md\/wp-content\/uploads\/2024\/09\/455597054_17962208345795376_7721031570203130_n-768x960.jpg 768w, https:\/\/adra.md\/wp-content\/uploads\/2024\/09\/455597054_17962208345795376_7721031570203130_n-1229x1536.jpg 1229w, https:\/\/adra.md\/wp-content\/uploads\/2024\/09\/455597054_17962208345795376_7721031570203130_n-10x12.jpg 10w, https:\/\/adra.md\/wp-content\/uploads\/2024\/09\/455597054_17962208345795376_7721031570203130_n.jpg 1440w\" sizes=\"(max-width: 240px) 100vw, 240px\" \/> <img loading=\"lazy\" decoding=\"async\" class=\"alignnone size-medium wp-image-21396\" src=\"https:\/\/adra.md\/wp-content\/uploads\/2024\/09\/455622481_17962208327795376_1748276573943841164_n-240x300.jpg\" alt=\"\" width=\"240\" height=\"300\" srcset=\"https:\/\/adra.md\/wp-content\/uploads\/2024\/09\/455622481_17962208327795376_1748276573943841164_n-240x300.jpg 240w, https:\/\/adra.md\/wp-content\/uploads\/2024\/09\/455622481_17962208327795376_1748276573943841164_n-819x1024.jpg 819w, https:\/\/adra.md\/wp-content\/uploads\/2024\/09\/455622481_17962208327795376_1748276573943841164_n-768x960.jpg 768w, https:\/\/adra.md\/wp-content\/uploads\/2024\/09\/455622481_17962208327795376_1748276573943841164_n-1229x1536.jpg 1229w, https:\/\/adra.md\/wp-content\/uploads\/2024\/09\/455622481_17962208327795376_1748276573943841164_n-10x12.jpg 10w, https:\/\/adra.md\/wp-content\/uploads\/2024\/09\/455622481_17962208327795376_1748276573943841164_n.jpg 1440w\" sizes=\"(max-width: 240px) 100vw, 240px\" \/> <img loading=\"lazy\" decoding=\"async\" class=\"alignnone size-medium wp-image-21397\" src=\"https:\/\/adra.md\/wp-content\/uploads\/2024\/09\/455694384_17962208363795376_5672800109719294539_n-240x300.jpg\" alt=\"\" width=\"240\" height=\"300\" srcset=\"https:\/\/adra.md\/wp-content\/uploads\/2024\/09\/455694384_17962208363795376_5672800109719294539_n-240x300.jpg 240w, https:\/\/adra.md\/wp-content\/uploads\/2024\/09\/455694384_17962208363795376_5672800109719294539_n-819x1024.jpg 819w, https:\/\/adra.md\/wp-content\/uploads\/2024\/09\/455694384_17962208363795376_5672800109719294539_n-768x960.jpg 768w, https:\/\/adra.md\/wp-content\/uploads\/2024\/09\/455694384_17962208363795376_5672800109719294539_n-1229x1536.jpg 1229w, https:\/\/adra.md\/wp-content\/uploads\/2024\/09\/455694384_17962208363795376_5672800109719294539_n-10x12.jpg 10w, https:\/\/adra.md\/wp-content\/uploads\/2024\/09\/455694384_17962208363795376_5672800109719294539_n.jpg 1440w\" sizes=\"(max-width: 240px) 100vw, 240px\" \/><\/div>\n","protected":false},"excerpt":{"rendered":"<p>Organiza\u021bia ADRA Moldova continu\u0103 s\u0103 se implice activ \u00een integrarea social\u0103 a refugia\u021bilor din Ucraina, oferindu-le nu doar un psihologic, ci \u0219i o oportunitate de a-\u0219i reconstrui via\u021ba \u00eentr-o nou\u0103 \u021bar\u0103. Prin intermediul centrelor comunitare, ADRA creeaz\u0103 un mediu unde refugia\u021bii sunt bine-veni\u021bi \u0219i pot participa la diverse activit\u0103\u021bi, precum sport, handcraft, art\u0103 culinar\u0103 \u0219i [&hellip;]<\/p>\n","protected":false},"author":9,"featured_media":21392,"comment_status":"closed","ping_status":"closed","sticky":false,"template":"","format":"standard","meta":{"_acf_changed":false,"footnotes":""},"categories":[294],"tags":[],"class_list":["post-21391","post","type-post","status-publish","format-standard","has-post-thumbnail","hentry","category-news"],"acf":[],"yoast_head":"<!-- This site is optimized with the Yoast SEO plugin v27.4 - https:\/\/yoast.com\/product\/yoast-seo-wordpress\/ -->\n<title>ADRA Moldova angajeaz\u0103 \u00een c\u00e2mpul muncii refugia\u021bi din Ucraina - ADRA Moldova<\/title>\n<meta name=\"robots\" content=\"index, follow, max-snippet:-1, max-image-preview:large, max-video-preview:-1\" \/>\n<link rel=\"canonical\" href=\"https:\/\/adra.md\/ru\/adra-moldova-angajeaza-in-campul-muncii-refugiati-din-ucraina\/\" \/>\n<meta property=\"og:locale\" content=\"ru_RU\" \/>\n<meta property=\"og:type\" content=\"article\" \/>\n<meta property=\"og:title\" content=\"ADRA Moldova angajeaz\u0103 \u00een c\u00e2mpul muncii refugia\u021bi din Ucraina - ADRA Moldova\" \/>\n<meta property=\"og:description\" content=\"Organiza\u021bia ADRA Moldova continu\u0103 s\u0103 se implice activ \u00een integrarea social\u0103 a refugia\u021bilor din Ucraina, oferindu-le nu doar un psihologic, ci \u0219i o oportunitate de a-\u0219i reconstrui via\u021ba \u00eentr-o nou\u0103 \u021bar\u0103. Prin intermediul centrelor comunitare, ADRA creeaz\u0103 un mediu unde refugia\u021bii sunt bine-veni\u021bi \u0219i pot participa la diverse activit\u0103\u021bi, precum sport, handcraft, art\u0103 culinar\u0103 \u0219i [&hellip;]\" \/>\n<meta property=\"og:url\" content=\"https:\/\/adra.md\/ru\/adra-moldova-angajeaza-in-campul-muncii-refugiati-din-ucraina\/\" \/>\n<meta property=\"og:site_name\" content=\"ADRA Moldova\" \/>\n<meta property=\"article:published_time\" content=\"2024-09-16T09:37:21+00:00\" \/>\n<meta property=\"og:image\" content=\"https:\/\/adra.md\/wp-content\/uploads\/2024\/09\/455246489_17962208318795376_5267586554654791015_n.jpg\" \/>\n\t<meta property=\"og:image:width\" content=\"1440\" \/>\n\t<meta property=\"og:image:height\" content=\"1800\" \/>\n\t<meta property=\"og:image:type\" content=\"image\/jpeg\" \/>\n<meta name=\"author\" content=\"ADRA Moldova\" \/>\n<meta name=\"twitter:card\" content=\"summary_large_image\" \/>\n<meta name=\"twitter:label1\" content=\"\u041d\u0430\u043f\u0438\u0441\u0430\u043d\u043e \u0430\u0432\u0442\u043e\u0440\u043e\u043c\" \/>\n\t<meta name=\"twitter:data1\" content=\"ADRA Moldova\" \/>\n\t<meta name=\"twitter:label2\" content=\"\u041f\u0440\u0438\u043c\u0435\u0440\u043d\u043e\u0435 \u0432\u0440\u0435\u043c\u044f \u0434\u043b\u044f \u0447\u0442\u0435\u043d\u0438\u044f\" \/>\n\t<meta name=\"twitter:data2\" content=\"1 \u043c\u0438\u043d\u0443\u0442\u0430\" \/>\n<script type=\"application\/ld+json\" class=\"yoast-schema-graph\">{\"@context\":\"https:\\\/\\\/schema.org\",\"@graph\":[{\"@type\":\"Article\",\"@id\":\"https:\\\/\\\/adra.md\\\/adra-moldova-angajeaza-in-campul-muncii-refugiati-din-ucraina\\\/#article\",\"isPartOf\":{\"@id\":\"https:\\\/\\\/adra.md\\\/adra-moldova-angajeaza-in-campul-muncii-refugiati-din-ucraina\\\/\"},\"author\":{\"name\":\"ADRA Moldova\",\"@id\":\"https:\\\/\\\/adra.md\\\/#\\\/schema\\\/person\\\/b0181e611ee89738cefb7dc2db2bb8d1\"},\"headline\":\"ADRA Moldova angajeaz\u0103 \u00een c\u00e2mpul muncii refugia\u021bi din Ucraina\",\"datePublished\":\"2024-09-16T09:37:21+00:00\",\"mainEntityOfPage\":{\"@id\":\"https:\\\/\\\/adra.md\\\/adra-moldova-angajeaza-in-campul-muncii-refugiati-din-ucraina\\\/\"},\"wordCount\":253,\"publisher\":{\"@id\":\"https:\\\/\\\/adra.md\\\/#organization\"},\"image\":{\"@id\":\"https:\\\/\\\/adra.md\\\/adra-moldova-angajeaza-in-campul-muncii-refugiati-din-ucraina\\\/#primaryimage\"},\"thumbnailUrl\":\"https:\\\/\\\/adra.md\\\/wp-content\\\/uploads\\\/2024\\\/09\\\/455246489_17962208318795376_5267586554654791015_n.jpg\",\"articleSection\":[\"News\"],\"inLanguage\":\"ru-RU\"},{\"@type\":\"WebPage\",\"@id\":\"https:\\\/\\\/adra.md\\\/adra-moldova-angajeaza-in-campul-muncii-refugiati-din-ucraina\\\/\",\"url\":\"https:\\\/\\\/adra.md\\\/adra-moldova-angajeaza-in-campul-muncii-refugiati-din-ucraina\\\/\",\"name\":\"ADRA Moldova angajeaz\u0103 \u00een c\u00e2mpul muncii refugia\u021bi din Ucraina - ADRA Moldova\",\"isPartOf\":{\"@id\":\"https:\\\/\\\/adra.md\\\/#website\"},\"primaryImageOfPage\":{\"@id\":\"https:\\\/\\\/adra.md\\\/adra-moldova-angajeaza-in-campul-muncii-refugiati-din-ucraina\\\/#primaryimage\"},\"image\":{\"@id\":\"https:\\\/\\\/adra.md\\\/adra-moldova-angajeaza-in-campul-muncii-refugiati-din-ucraina\\\/#primaryimage\"},\"thumbnailUrl\":\"https:\\\/\\\/adra.md\\\/wp-content\\\/uploads\\\/2024\\\/09\\\/455246489_17962208318795376_5267586554654791015_n.jpg\",\"datePublished\":\"2024-09-16T09:37:21+00:00\",\"breadcrumb\":{\"@id\":\"https:\\\/\\\/adra.md\\\/adra-moldova-angajeaza-in-campul-muncii-refugiati-din-ucraina\\\/#breadcrumb\"},\"inLanguage\":\"ru-RU\",\"potentialAction\":[{\"@type\":\"ReadAction\",\"target\":[\"https:\\\/\\\/adra.md\\\/adra-moldova-angajeaza-in-campul-muncii-refugiati-din-ucraina\\\/\"]}]},{\"@type\":\"ImageObject\",\"inLanguage\":\"ru-RU\",\"@id\":\"https:\\\/\\\/adra.md\\\/adra-moldova-angajeaza-in-campul-muncii-refugiati-din-ucraina\\\/#primaryimage\",\"url\":\"https:\\\/\\\/adra.md\\\/wp-content\\\/uploads\\\/2024\\\/09\\\/455246489_17962208318795376_5267586554654791015_n.jpg\",\"contentUrl\":\"https:\\\/\\\/adra.md\\\/wp-content\\\/uploads\\\/2024\\\/09\\\/455246489_17962208318795376_5267586554654791015_n.jpg\",\"width\":1440,\"height\":1800},{\"@type\":\"BreadcrumbList\",\"@id\":\"https:\\\/\\\/adra.md\\\/adra-moldova-angajeaza-in-campul-muncii-refugiati-din-ucraina\\\/#breadcrumb\",\"itemListElement\":[{\"@type\":\"ListItem\",\"position\":1,\"name\":\"Home\",\"item\":\"https:\\\/\\\/adra.md\\\/\"},{\"@type\":\"ListItem\",\"position\":2,\"name\":\"ADRA Moldova angajeaz\u0103 \u00een c\u00e2mpul muncii refugia\u021bi din Ucraina\"}]},{\"@type\":\"WebSite\",\"@id\":\"https:\\\/\\\/adra.md\\\/#website\",\"url\":\"https:\\\/\\\/adra.md\\\/\",\"name\":\"ADRA Moldova\",\"description\":\"Agen\u0163ia Adventist\u0103 pentru Dezvoltare, Refacere \u015fi Ajutor\",\"publisher\":{\"@id\":\"https:\\\/\\\/adra.md\\\/#organization\"},\"potentialAction\":[{\"@type\":\"SearchAction\",\"target\":{\"@type\":\"EntryPoint\",\"urlTemplate\":\"https:\\\/\\\/adra.md\\\/?s={search_term_string}\"},\"query-input\":{\"@type\":\"PropertyValueSpecification\",\"valueRequired\":true,\"valueName\":\"search_term_string\"}}],\"inLanguage\":\"ru-RU\"},{\"@type\":\"Organization\",\"@id\":\"https:\\\/\\\/adra.md\\\/#organization\",\"name\":\"ADRA Moldova\",\"url\":\"https:\\\/\\\/adra.md\\\/\",\"logo\":{\"@type\":\"ImageObject\",\"inLanguage\":\"ru-RU\",\"@id\":\"https:\\\/\\\/adra.md\\\/#\\\/schema\\\/logo\\\/image\\\/\",\"url\":\"https:\\\/\\\/adra.md\\\/wp-content\\\/uploads\\\/2019\\\/11\\\/group-435.png\",\"contentUrl\":\"https:\\\/\\\/adra.md\\\/wp-content\\\/uploads\\\/2019\\\/11\\\/group-435.png\",\"width\":500,\"height\":133,\"caption\":\"ADRA Moldova\"},\"image\":{\"@id\":\"https:\\\/\\\/adra.md\\\/#\\\/schema\\\/logo\\\/image\\\/\"}},{\"@type\":\"Person\",\"@id\":\"https:\\\/\\\/adra.md\\\/#\\\/schema\\\/person\\\/b0181e611ee89738cefb7dc2db2bb8d1\",\"name\":\"ADRA Moldova\",\"url\":\"https:\\\/\\\/adra.md\\\/ru\\\/author\\\/andrei-girleanu\\\/\"}]}<\/script>\n<!-- \/ Yoast SEO plugin. -->","yoast_head_json":{"title":"ADRA Moldova angajeaz\u0103 \u00een c\u00e2mpul muncii refugia\u021bi din Ucraina - ADRA Moldova","robots":{"index":"index","follow":"follow","max-snippet":"max-snippet:-1","max-image-preview":"max-image-preview:large","max-video-preview":"max-video-preview:-1"},"canonical":"https:\/\/adra.md\/ru\/adra-moldova-angajeaza-in-campul-muncii-refugiati-din-ucraina\/","og_locale":"ru_RU","og_type":"article","og_title":"ADRA Moldova angajeaz\u0103 \u00een c\u00e2mpul muncii refugia\u021bi din Ucraina - ADRA Moldova","og_description":"Organiza\u021bia ADRA Moldova continu\u0103 s\u0103 se implice activ \u00een integrarea social\u0103 a refugia\u021bilor din Ucraina, oferindu-le nu doar un psihologic, ci \u0219i o oportunitate de a-\u0219i reconstrui via\u021ba \u00eentr-o nou\u0103 \u021bar\u0103. Prin intermediul centrelor comunitare, ADRA creeaz\u0103 un mediu unde refugia\u021bii sunt bine-veni\u021bi \u0219i pot participa la diverse activit\u0103\u021bi, precum sport, handcraft, art\u0103 culinar\u0103 \u0219i [&hellip;]","og_url":"https:\/\/adra.md\/ru\/adra-moldova-angajeaza-in-campul-muncii-refugiati-din-ucraina\/","og_site_name":"ADRA Moldova","article_published_time":"2024-09-16T09:37:21+00:00","og_image":[{"width":1440,"height":1800,"url":"https:\/\/adra.md\/wp-content\/uploads\/2024\/09\/455246489_17962208318795376_5267586554654791015_n.jpg","type":"image\/jpeg"}],"author":"ADRA Moldova","twitter_card":"summary_large_image","twitter_misc":{"\u041d\u0430\u043f\u0438\u0441\u0430\u043d\u043e \u0430\u0432\u0442\u043e\u0440\u043e\u043c":"ADRA Moldova","\u041f\u0440\u0438\u043c\u0435\u0440\u043d\u043e\u0435 \u0432\u0440\u0435\u043c\u044f \u0434\u043b\u044f \u0447\u0442\u0435\u043d\u0438\u044f":"1 \u043c\u0438\u043d\u0443\u0442\u0430"},"schema":{"@context":"https:\/\/schema.org","@graph":[{"@type":"Article","@id":"https:\/\/adra.md\/adra-moldova-angajeaza-in-campul-muncii-refugiati-din-ucraina\/#article","isPartOf":{"@id":"https:\/\/adra.md\/adra-moldova-angajeaza-in-campul-muncii-refugiati-din-ucraina\/"},"author":{"name":"ADRA Moldova","@id":"https:\/\/adra.md\/#\/schema\/person\/b0181e611ee89738cefb7dc2db2bb8d1"},"headline":"ADRA Moldova angajeaz\u0103 \u00een c\u00e2mpul muncii refugia\u021bi din Ucraina","datePublished":"2024-09-16T09:37:21+00:00","mainEntityOfPage":{"@id":"https:\/\/adra.md\/adra-moldova-angajeaza-in-campul-muncii-refugiati-din-ucraina\/"},"wordCount":253,"publisher":{"@id":"https:\/\/adra.md\/#organization"},"image":{"@id":"https:\/\/adra.md\/adra-moldova-angajeaza-in-campul-muncii-refugiati-din-ucraina\/#primaryimage"},"thumbnailUrl":"https:\/\/adra.md\/wp-content\/uploads\/2024\/09\/455246489_17962208318795376_5267586554654791015_n.jpg","articleSection":["News"],"inLanguage":"ru-RU"},{"@type":"WebPage","@id":"https:\/\/adra.md\/adra-moldova-angajeaza-in-campul-muncii-refugiati-din-ucraina\/","url":"https:\/\/adra.md\/adra-moldova-angajeaza-in-campul-muncii-refugiati-din-ucraina\/","name":"ADRA Moldova angajeaz\u0103 \u00een c\u00e2mpul muncii refugia\u021bi din Ucraina - ADRA Moldova","isPartOf":{"@id":"https:\/\/adra.md\/#website"},"primaryImageOfPage":{"@id":"https:\/\/adra.md\/adra-moldova-angajeaza-in-campul-muncii-refugiati-din-ucraina\/#primaryimage"},"image":{"@id":"https:\/\/adra.md\/adra-moldova-angajeaza-in-campul-muncii-refugiati-din-ucraina\/#primaryimage"},"thumbnailUrl":"https:\/\/adra.md\/wp-content\/uploads\/2024\/09\/455246489_17962208318795376_5267586554654791015_n.jpg","datePublished":"2024-09-16T09:37:21+00:00","breadcrumb":{"@id":"https:\/\/adra.md\/adra-moldova-angajeaza-in-campul-muncii-refugiati-din-ucraina\/#breadcrumb"},"inLanguage":"ru-RU","potentialAction":[{"@type":"ReadAction","target":["https:\/\/adra.md\/adra-moldova-angajeaza-in-campul-muncii-refugiati-din-ucraina\/"]}]},{"@type":"ImageObject","inLanguage":"ru-RU","@id":"https:\/\/adra.md\/adra-moldova-angajeaza-in-campul-muncii-refugiati-din-ucraina\/#primaryimage","url":"https:\/\/adra.md\/wp-content\/uploads\/2024\/09\/455246489_17962208318795376_5267586554654791015_n.jpg","contentUrl":"https:\/\/adra.md\/wp-content\/uploads\/2024\/09\/455246489_17962208318795376_5267586554654791015_n.jpg","width":1440,"height":1800},{"@type":"BreadcrumbList","@id":"https:\/\/adra.md\/adra-moldova-angajeaza-in-campul-muncii-refugiati-din-ucraina\/#breadcrumb","itemListElement":[{"@type":"ListItem","position":1,"name":"Home","item":"https:\/\/adra.md\/"},{"@type":"ListItem","position":2,"name":"ADRA Moldova angajeaz\u0103 \u00een c\u00e2mpul muncii refugia\u021bi din Ucraina"}]},{"@type":"WebSite","@id":"https:\/\/adra.md\/#website","url":"https:\/\/adra.md\/","name":"ADRA Moldova","description":"Agen\u0163ia Adventist\u0103 pentru Dezvoltare, Refacere \u015fi Ajutor","publisher":{"@id":"https:\/\/adra.md\/#organization"},"potentialAction":[{"@type":"SearchAction","target":{"@type":"EntryPoint","urlTemplate":"https:\/\/adra.md\/?s={search_term_string}"},"query-input":{"@type":"PropertyValueSpecification","valueRequired":true,"valueName":"search_term_string"}}],"inLanguage":"ru-RU"},{"@type":"Organization","@id":"https:\/\/adra.md\/#organization","name":"ADRA Moldova","url":"https:\/\/adra.md\/","logo":{"@type":"ImageObject","inLanguage":"ru-RU","@id":"https:\/\/adra.md\/#\/schema\/logo\/image\/","url":"https:\/\/adra.md\/wp-content\/uploads\/2019\/11\/group-435.png","contentUrl":"https:\/\/adra.md\/wp-content\/uploads\/2019\/11\/group-435.png","width":500,"height":133,"caption":"ADRA Moldova"},"image":{"@id":"https:\/\/adra.md\/#\/schema\/logo\/image\/"}},{"@type":"Person","@id":"https:\/\/adra.md\/#\/schema\/person\/b0181e611ee89738cefb7dc2db2bb8d1","name":"ADRA Moldova","url":"https:\/\/adra.md\/ru\/author\/andrei-girleanu\/"}]}},"_links":{"self":[{"href":"https:\/\/adra.md\/ru\/wp-json\/wp\/v2\/posts\/21391","targetHints":{"allow":["GET"]}}],"collection":[{"href":"https:\/\/adra.md\/ru\/wp-json\/wp\/v2\/posts"}],"about":[{"href":"https:\/\/adra.md\/ru\/wp-json\/wp\/v2\/types\/post"}],"author":[{"embeddable":true,"href":"https:\/\/adra.md\/ru\/wp-json\/wp\/v2\/users\/9"}],"replies":[{"embeddable":true,"href":"https:\/\/adra.md\/ru\/wp-json\/wp\/v2\/comments?post=21391"}],"version-history":[{"count":1,"href":"https:\/\/adra.md\/ru\/wp-json\/wp\/v2\/posts\/21391\/revisions"}],"predecessor-version":[{"id":21398,"href":"https:\/\/adra.md\/ru\/wp-json\/wp\/v2\/posts\/21391\/revisions\/21398"}],"wp:featuredmedia":[{"embeddable":true,"href":"https:\/\/adra.md\/ru\/wp-json\/wp\/v2\/media\/21392"}],"wp:attachment":[{"href":"https:\/\/adra.md\/ru\/wp-json\/wp\/v2\/media?parent=21391"}],"wp:term":[{"taxonomy":"category","embeddable":true,"href":"https:\/\/adra.md\/ru\/wp-json\/wp\/v2\/categories?post=21391"},{"taxonomy":"post_tag","embeddable":true,"href":"https:\/\/adra.md\/ru\/wp-json\/wp\/v2\/tags?post=21391"}],"curies":[{"name":"wp","href":"https:\/\/api.w.org\/{rel}","templated":true}]}}