{"id":21416,"date":"2024-09-16T09:50:30","date_gmt":"2024-09-16T09:50:30","guid":{"rendered":"https:\/\/adra.md\/?p=21416"},"modified":"2024-09-16T09:50:30","modified_gmt":"2024-09-16T09:50:30","slug":"atelierul-de-culinarie-cu-arome-traditionale","status":"publish","type":"post","link":"https:\/\/adra.md\/ru\/atelierul-de-culinarie-cu-arome-traditionale\/","title":{"rendered":"Atelierul de culin\u0103rie cu arome tradi\u021bionale"},"content":{"rendered":"<div class=\"xdj266r x11i5rnm xat24cr x1mh8g0r x1vvkbs x126k92a\">\n<div dir=\"auto\">S\u0103pt\u0103m\u00e2na aceasta, atelierul de culinarie a fost dedicat prepar\u0103rii sarmalelor Moldovene\u0219ti. Activitatea a fost organizat\u0103 la cererea participantelor, care \u0219i-au dorit s\u0103 \u00eenve\u021be secretele acestei re\u021bete autentice.<\/div>\n<\/div>\n<div class=\"x11i5rnm xat24cr x1mh8g0r x1vvkbs xtlvy1s x126k92a\">\n<div dir=\"auto\">Atelierul a \u00eenceput cu o prezentare detaliat\u0103 a ingredientelor necesare: foi de varz\u0103 , orez, ceap\u0103, morcovi, condimente \u0219i verde\u021buri. Fiecare participant\u0103 a avut ocazia s\u0103 preg\u0103teasc\u0103 sarmalele sub \u00eendrumarea atent\u0103 a specialistului, care le-a explicat pa\u0219ii esen\u021biali pentru a ob\u021bine o s\u0103rm\u0103lu\u021b\u0103 perfect\u0103.<\/div>\n<\/div>\n<div class=\"x11i5rnm xat24cr x1mh8g0r x1vvkbs xtlvy1s x126k92a\">\n<div dir=\"auto\">De la preg\u0103tirea amestecului \u0219i p\u00e2n\u0103 la tehnica specific\u0103 de \u00eempachetare a sarmalelor, toate etapele au fost realizate cu grij\u0103 \u0219i r\u0103bdare.<\/div>\n<\/div>\n<div class=\"x11i5rnm xat24cr x1mh8g0r x1vvkbs xtlvy1s x126k92a\">\n<div dir=\"auto\">La final, sarmalele au fost fierte la foc mic, pentru a-\u0219i dezvolta aromele, iar sala a fost umplut\u0103 de mirosul sarmalelor. Atelierul s-a \u00eencheiat cu degustarea sarmalelor, to\u021bi participan\u021bii bucur\u00e2ndu-se de rodul muncii lor \u00eentr-o atmosfer\u0103 prietenoas\u0103!<\/div>\n<\/div>\n<div class=\"x11i5rnm xat24cr x1mh8g0r x1vvkbs xtlvy1s x126k92a\">\n<div dir=\"auto\"><span class=\"html-span xexx8yu x4uap5 x18d9i69 xkhd6sd x1hl2dhg x16tdsg8 x1vvkbs x3nfvp2 x1j61x8r x1fcty0u xdj266r xat24cr xgzva0m xhhsvwb xxymvpz xlup9mm x1kky2od\"><img decoding=\"async\" class=\"xz74otr\" src=\"https:\/\/static.xx.fbcdn.net\/images\/emoji.php\/v9\/t5c\/2\/16\/1f64f_1f3fd.png\" alt=\"\ud83d\ude4f\ud83c\udffd\" width=\"16\" height=\"16\" \/><\/span> Proiect sus\u021binut de <span class=\"html-span xdj266r x11i5rnm xat24cr x1mh8g0r xexx8yu x4uap5 x18d9i69 xkhd6sd x1hl2dhg x16tdsg8 x1vvkbs\"><a class=\"x1i10hfl xjbqb8w x1ejq31n xd10rxx x1sy0etr x17r0tee x972fbf xcfux6l x1qhh985 xm0m39n x9f619 x1ypdohk xt0psk2 xe8uvvx xdj266r x11i5rnm xat24cr x1mh8g0r xexx8yu x4uap5 x18d9i69 xkhd6sd x16tdsg8 x1hl2dhg xggy1nq x1a2a7pz x1sur9pj xkrqix3 x1fey0fg xo1l8bm\" tabindex=\"0\" role=\"link\" href=\"https:\/\/www.facebook.com\/norwegianrefugeecouncil?__cft__[0]=AZU7oOPzDjY-9aKcp5sSNSmKQKqFG5Ep3HTHd6njPrBp3pVeI0Waer1HZTVQinhTz3EE0-Uor7AzgiVFtlFmzlkLuDFqtDZd5KIvhyCSsb823lV7beyFpQzm9b1LTbPFVWnsyU8UO4SfPHPMvlQ_xCJXHVuHoUjkIaJ9UIEdzZBLDRhK2Lrvm1I5UitThIYWqP3klMNzmo82mvZUoTPz9nuN&amp;__tn__=-]K-R\"><span class=\"xt0psk2\">NRC &#8211; Norwegian Refugee Council<\/span><\/a><\/span><\/div>\n<\/div>\n<div class=\"x11i5rnm xat24cr x1mh8g0r x1vvkbs xtlvy1s x126k92a\">\n<div dir=\"auto\"><span class=\"html-span xdj266r x11i5rnm xat24cr x1mh8g0r xexx8yu x4uap5 x18d9i69 xkhd6sd x1hl2dhg x16tdsg8 x1vvkbs\"><a class=\"x1i10hfl xjbqb8w x1ejq31n xd10rxx x1sy0etr x17r0tee x972fbf xcfux6l x1qhh985 xm0m39n x9f619 x1ypdohk xt0psk2 xe8uvvx xdj266r x11i5rnm xat24cr x1mh8g0r xexx8yu x4uap5 x18d9i69 xkhd6sd x16tdsg8 x1hl2dhg xggy1nq x1a2a7pz x1sur9pj xkrqix3 x1fey0fg xo1l8bm\" tabindex=\"0\" role=\"link\" href=\"https:\/\/www.facebook.com\/hashtag\/adra?__eep__=6&amp;__cft__[0]=AZU7oOPzDjY-9aKcp5sSNSmKQKqFG5Ep3HTHd6njPrBp3pVeI0Waer1HZTVQinhTz3EE0-Uor7AzgiVFtlFmzlkLuDFqtDZd5KIvhyCSsb823lV7beyFpQzm9b1LTbPFVWnsyU8UO4SfPHPMvlQ_xCJXHVuHoUjkIaJ9UIEdzZBLDRhK2Lrvm1I5UitThIYWqP3klMNzmo82mvZUoTPz9nuN&amp;__tn__=*NK-R\">#adra<\/a><\/span> <span class=\"html-span xdj266r x11i5rnm xat24cr x1mh8g0r xexx8yu x4uap5 x18d9i69 xkhd6sd x1hl2dhg x16tdsg8 x1vvkbs\"><a class=\"x1i10hfl xjbqb8w x1ejq31n xd10rxx x1sy0etr x17r0tee x972fbf xcfux6l x1qhh985 xm0m39n x9f619 x1ypdohk xt0psk2 xe8uvvx xdj266r x11i5rnm xat24cr x1mh8g0r xexx8yu x4uap5 x18d9i69 xkhd6sd x16tdsg8 x1hl2dhg xggy1nq x1a2a7pz x1sur9pj xkrqix3 x1fey0fg xo1l8bm\" tabindex=\"0\" role=\"link\" href=\"https:\/\/www.facebook.com\/hashtag\/adramoldova?__eep__=6&amp;__cft__[0]=AZU7oOPzDjY-9aKcp5sSNSmKQKqFG5Ep3HTHd6njPrBp3pVeI0Waer1HZTVQinhTz3EE0-Uor7AzgiVFtlFmzlkLuDFqtDZd5KIvhyCSsb823lV7beyFpQzm9b1LTbPFVWnsyU8UO4SfPHPMvlQ_xCJXHVuHoUjkIaJ9UIEdzZBLDRhK2Lrvm1I5UitThIYWqP3klMNzmo82mvZUoTPz9nuN&amp;__tn__=*NK-R\">#adramoldova<\/a><\/span> <span class=\"html-span xdj266r x11i5rnm xat24cr x1mh8g0r xexx8yu x4uap5 x18d9i69 xkhd6sd x1hl2dhg x16tdsg8 x1vvkbs\"><a class=\"x1i10hfl xjbqb8w x1ejq31n xd10rxx x1sy0etr x17r0tee x972fbf xcfux6l x1qhh985 xm0m39n x9f619 x1ypdohk xt0psk2 xe8uvvx xdj266r x11i5rnm xat24cr x1mh8g0r xexx8yu x4uap5 x18d9i69 xkhd6sd x16tdsg8 x1hl2dhg xggy1nq x1a2a7pz x1sur9pj xkrqix3 x1fey0fg xo1l8bm\" tabindex=\"0\" role=\"link\" href=\"https:\/\/www.facebook.com\/hashtag\/nrc?__eep__=6&amp;__cft__[0]=AZU7oOPzDjY-9aKcp5sSNSmKQKqFG5Ep3HTHd6njPrBp3pVeI0Waer1HZTVQinhTz3EE0-Uor7AzgiVFtlFmzlkLuDFqtDZd5KIvhyCSsb823lV7beyFpQzm9b1LTbPFVWnsyU8UO4SfPHPMvlQ_xCJXHVuHoUjkIaJ9UIEdzZBLDRhK2Lrvm1I5UitThIYWqP3klMNzmo82mvZUoTPz9nuN&amp;__tn__=*NK-R\">#nrc<\/a><\/span> <span class=\"html-span xdj266r x11i5rnm xat24cr x1mh8g0r xexx8yu x4uap5 x18d9i69 xkhd6sd x1hl2dhg x16tdsg8 x1vvkbs\"><a class=\"x1i10hfl xjbqb8w x1ejq31n xd10rxx x1sy0etr x17r0tee x972fbf xcfux6l x1qhh985 xm0m39n x9f619 x1ypdohk xt0psk2 xe8uvvx xdj266r x11i5rnm xat24cr x1mh8g0r xexx8yu x4uap5 x18d9i69 xkhd6sd x16tdsg8 x1hl2dhg xggy1nq x1a2a7pz x1sur9pj xkrqix3 x1fey0fg xo1l8bm\" tabindex=\"0\" role=\"link\" href=\"https:\/\/www.facebook.com\/hashtag\/norad?__eep__=6&amp;__cft__[0]=AZU7oOPzDjY-9aKcp5sSNSmKQKqFG5Ep3HTHd6njPrBp3pVeI0Waer1HZTVQinhTz3EE0-Uor7AzgiVFtlFmzlkLuDFqtDZd5KIvhyCSsb823lV7beyFpQzm9b1LTbPFVWnsyU8UO4SfPHPMvlQ_xCJXHVuHoUjkIaJ9UIEdzZBLDRhK2Lrvm1I5UitThIYWqP3klMNzmo82mvZUoTPz9nuN&amp;__tn__=*NK-R\">#norad<\/a><\/span> <span class=\"html-span xdj266r x11i5rnm xat24cr x1mh8g0r xexx8yu x4uap5 x18d9i69 xkhd6sd x1hl2dhg x16tdsg8 x1vvkbs\"><a class=\"x1i10hfl xjbqb8w x1ejq31n xd10rxx x1sy0etr x17r0tee x972fbf xcfux6l x1qhh985 xm0m39n x9f619 x1ypdohk xt0psk2 xe8uvvx xdj266r x11i5rnm xat24cr x1mh8g0r xexx8yu x4uap5 x18d9i69 xkhd6sd x16tdsg8 x1hl2dhg xggy1nq x1a2a7pz x1sur9pj xkrqix3 x1fey0fg xo1l8bm\" tabindex=\"0\" role=\"link\" href=\"https:\/\/www.facebook.com\/hashtag\/norway?__eep__=6&amp;__cft__[0]=AZU7oOPzDjY-9aKcp5sSNSmKQKqFG5Ep3HTHd6njPrBp3pVeI0Waer1HZTVQinhTz3EE0-Uor7AzgiVFtlFmzlkLuDFqtDZd5KIvhyCSsb823lV7beyFpQzm9b1LTbPFVWnsyU8UO4SfPHPMvlQ_xCJXHVuHoUjkIaJ9UIEdzZBLDRhK2Lrvm1I5UitThIYWqP3klMNzmo82mvZUoTPz9nuN&amp;__tn__=*NK-R\">#norway<\/a><\/span> <span class=\"html-span xdj266r x11i5rnm xat24cr x1mh8g0r xexx8yu x4uap5 x18d9i69 xkhd6sd x1hl2dhg x16tdsg8 x1vvkbs\"><a class=\"x1i10hfl xjbqb8w x1ejq31n xd10rxx x1sy0etr x17r0tee x972fbf xcfux6l x1qhh985 xm0m39n x9f619 x1ypdohk xt0psk2 xe8uvvx xdj266r x11i5rnm xat24cr x1mh8g0r xexx8yu x4uap5 x18d9i69 xkhd6sd x16tdsg8 x1hl2dhg xggy1nq x1a2a7pz x1sur9pj xkrqix3 x1fey0fg xo1l8bm\" tabindex=\"0\" role=\"link\" href=\"https:\/\/www.facebook.com\/hashtag\/culinarie?__eep__=6&amp;__cft__[0]=AZU7oOPzDjY-9aKcp5sSNSmKQKqFG5Ep3HTHd6njPrBp3pVeI0Waer1HZTVQinhTz3EE0-Uor7AzgiVFtlFmzlkLuDFqtDZd5KIvhyCSsb823lV7beyFpQzm9b1LTbPFVWnsyU8UO4SfPHPMvlQ_xCJXHVuHoUjkIaJ9UIEdzZBLDRhK2Lrvm1I5UitThIYWqP3klMNzmo82mvZUoTPz9nuN&amp;__tn__=*NK-R\">#culinarie<\/a><\/span> <span class=\"html-span xdj266r x11i5rnm xat24cr x1mh8g0r xexx8yu x4uap5 x18d9i69 xkhd6sd x1hl2dhg x16tdsg8 x1vvkbs\"><a class=\"x1i10hfl xjbqb8w x1ejq31n xd10rxx x1sy0etr x17r0tee x972fbf xcfux6l x1qhh985 xm0m39n x9f619 x1ypdohk xt0psk2 xe8uvvx xdj266r x11i5rnm xat24cr x1mh8g0r xexx8yu x4uap5 x18d9i69 xkhd6sd x16tdsg8 x1hl2dhg xggy1nq x1a2a7pz x1sur9pj xkrqix3 x1fey0fg xo1l8bm\" tabindex=\"0\" role=\"link\" href=\"https:\/\/www.facebook.com\/hashtag\/sarmale?__eep__=6&amp;__cft__[0]=AZU7oOPzDjY-9aKcp5sSNSmKQKqFG5Ep3HTHd6njPrBp3pVeI0Waer1HZTVQinhTz3EE0-Uor7AzgiVFtlFmzlkLuDFqtDZd5KIvhyCSsb823lV7beyFpQzm9b1LTbPFVWnsyU8UO4SfPHPMvlQ_xCJXHVuHoUjkIaJ9UIEdzZBLDRhK2Lrvm1I5UitThIYWqP3klMNzmo82mvZUoTPz9nuN&amp;__tn__=*NK-R\">#sarmale<\/a><\/span> <span class=\"html-span xdj266r x11i5rnm xat24cr x1mh8g0r xexx8yu x4uap5 x18d9i69 xkhd6sd x1hl2dhg x16tdsg8 x1vvkbs\"><a class=\"x1i10hfl xjbqb8w x1ejq31n xd10rxx x1sy0etr x17r0tee x972fbf xcfux6l x1qhh985 xm0m39n x9f619 x1ypdohk xt0psk2 xe8uvvx xdj266r x11i5rnm xat24cr x1mh8g0r xexx8yu x4uap5 x18d9i69 xkhd6sd x16tdsg8 x1hl2dhg xggy1nq x1a2a7pz x1sur9pj xkrqix3 x1fey0fg xo1l8bm\" tabindex=\"0\" role=\"link\" href=\"https:\/\/www.facebook.com\/hashtag\/moldovenesti?__eep__=6&amp;__cft__[0]=AZU7oOPzDjY-9aKcp5sSNSmKQKqFG5Ep3HTHd6njPrBp3pVeI0Waer1HZTVQinhTz3EE0-Uor7AzgiVFtlFmzlkLuDFqtDZd5KIvhyCSsb823lV7beyFpQzm9b1LTbPFVWnsyU8UO4SfPHPMvlQ_xCJXHVuHoUjkIaJ9UIEdzZBLDRhK2Lrvm1I5UitThIYWqP3klMNzmo82mvZUoTPz9nuN&amp;__tn__=*NK-R\">#moldovenesti<\/a><\/span><\/div>\n<\/div>\n<div dir=\"auto\"><\/div>\n<div dir=\"auto\"><\/div>\n<div dir=\"auto\"><img fetchpriority=\"high\" decoding=\"async\" class=\"alignnone size-medium wp-image-21417\" src=\"https:\/\/adra.md\/wp-content\/uploads\/2024\/09\/456129721_17963138153795376_3339704923205194267_n-240x300.jpg\" alt=\"\" width=\"240\" height=\"300\" srcset=\"https:\/\/adra.md\/wp-content\/uploads\/2024\/09\/456129721_17963138153795376_3339704923205194267_n-240x300.jpg 240w, https:\/\/adra.md\/wp-content\/uploads\/2024\/09\/456129721_17963138153795376_3339704923205194267_n-819x1024.jpg 819w, https:\/\/adra.md\/wp-content\/uploads\/2024\/09\/456129721_17963138153795376_3339704923205194267_n-768x960.jpg 768w, https:\/\/adra.md\/wp-content\/uploads\/2024\/09\/456129721_17963138153795376_3339704923205194267_n-1229x1536.jpg 1229w, https:\/\/adra.md\/wp-content\/uploads\/2024\/09\/456129721_17963138153795376_3339704923205194267_n-10x12.jpg 10w, https:\/\/adra.md\/wp-content\/uploads\/2024\/09\/456129721_17963138153795376_3339704923205194267_n.jpg 1440w\" sizes=\"(max-width: 240px) 100vw, 240px\" \/> <img decoding=\"async\" class=\"alignnone size-medium wp-image-21418\" src=\"https:\/\/adra.md\/wp-content\/uploads\/2024\/09\/456172020_17963138171795376_240535018828101630_n-240x300.jpg\" alt=\"\" width=\"240\" height=\"300\" srcset=\"https:\/\/adra.md\/wp-content\/uploads\/2024\/09\/456172020_17963138171795376_240535018828101630_n-240x300.jpg 240w, https:\/\/adra.md\/wp-content\/uploads\/2024\/09\/456172020_17963138171795376_240535018828101630_n-819x1024.jpg 819w, https:\/\/adra.md\/wp-content\/uploads\/2024\/09\/456172020_17963138171795376_240535018828101630_n-768x960.jpg 768w, https:\/\/adra.md\/wp-content\/uploads\/2024\/09\/456172020_17963138171795376_240535018828101630_n-1229x1536.jpg 1229w, https:\/\/adra.md\/wp-content\/uploads\/2024\/09\/456172020_17963138171795376_240535018828101630_n-10x12.jpg 10w, https:\/\/adra.md\/wp-content\/uploads\/2024\/09\/456172020_17963138171795376_240535018828101630_n.jpg 1440w\" sizes=\"(max-width: 240px) 100vw, 240px\" \/> <img loading=\"lazy\" decoding=\"async\" class=\"alignnone size-medium wp-image-21419\" src=\"https:\/\/adra.md\/wp-content\/uploads\/2024\/09\/456339608_17963138186795376_1790801314547538045_n-240x300.jpg\" alt=\"\" width=\"240\" height=\"300\" srcset=\"https:\/\/adra.md\/wp-content\/uploads\/2024\/09\/456339608_17963138186795376_1790801314547538045_n-240x300.jpg 240w, https:\/\/adra.md\/wp-content\/uploads\/2024\/09\/456339608_17963138186795376_1790801314547538045_n-819x1024.jpg 819w, https:\/\/adra.md\/wp-content\/uploads\/2024\/09\/456339608_17963138186795376_1790801314547538045_n-768x960.jpg 768w, https:\/\/adra.md\/wp-content\/uploads\/2024\/09\/456339608_17963138186795376_1790801314547538045_n-1229x1536.jpg 1229w, https:\/\/adra.md\/wp-content\/uploads\/2024\/09\/456339608_17963138186795376_1790801314547538045_n-10x12.jpg 10w, https:\/\/adra.md\/wp-content\/uploads\/2024\/09\/456339608_17963138186795376_1790801314547538045_n.jpg 1440w\" sizes=\"(max-width: 240px) 100vw, 240px\" \/> <img loading=\"lazy\" decoding=\"async\" class=\"alignnone size-medium wp-image-21420\" src=\"https:\/\/adra.md\/wp-content\/uploads\/2024\/09\/456380438_17963138162795376_1258739447121956553_n-240x300.jpg\" alt=\"\" width=\"240\" height=\"300\" srcset=\"https:\/\/adra.md\/wp-content\/uploads\/2024\/09\/456380438_17963138162795376_1258739447121956553_n-240x300.jpg 240w, https:\/\/adra.md\/wp-content\/uploads\/2024\/09\/456380438_17963138162795376_1258739447121956553_n-819x1024.jpg 819w, https:\/\/adra.md\/wp-content\/uploads\/2024\/09\/456380438_17963138162795376_1258739447121956553_n-768x960.jpg 768w, https:\/\/adra.md\/wp-content\/uploads\/2024\/09\/456380438_17963138162795376_1258739447121956553_n-1229x1536.jpg 1229w, https:\/\/adra.md\/wp-content\/uploads\/2024\/09\/456380438_17963138162795376_1258739447121956553_n-10x12.jpg 10w, https:\/\/adra.md\/wp-content\/uploads\/2024\/09\/456380438_17963138162795376_1258739447121956553_n.jpg 1440w\" sizes=\"(max-width: 240px) 100vw, 240px\" \/> <img loading=\"lazy\" decoding=\"async\" class=\"alignnone size-medium wp-image-21421\" src=\"https:\/\/adra.md\/wp-content\/uploads\/2024\/09\/456381397_17963138189795376_2158356915642239832_n-240x300.jpg\" alt=\"\" width=\"240\" height=\"300\" srcset=\"https:\/\/adra.md\/wp-content\/uploads\/2024\/09\/456381397_17963138189795376_2158356915642239832_n-240x300.jpg 240w, https:\/\/adra.md\/wp-content\/uploads\/2024\/09\/456381397_17963138189795376_2158356915642239832_n-819x1024.jpg 819w, https:\/\/adra.md\/wp-content\/uploads\/2024\/09\/456381397_17963138189795376_2158356915642239832_n-768x960.jpg 768w, https:\/\/adra.md\/wp-content\/uploads\/2024\/09\/456381397_17963138189795376_2158356915642239832_n-1229x1536.jpg 1229w, https:\/\/adra.md\/wp-content\/uploads\/2024\/09\/456381397_17963138189795376_2158356915642239832_n-10x12.jpg 10w, https:\/\/adra.md\/wp-content\/uploads\/2024\/09\/456381397_17963138189795376_2158356915642239832_n.jpg 1440w\" sizes=\"(max-width: 240px) 100vw, 240px\" \/><\/div>\n","protected":false},"excerpt":{"rendered":"<p>S\u0103pt\u0103m\u00e2na aceasta, atelierul de culinarie a fost dedicat prepar\u0103rii sarmalelor Moldovene\u0219ti. Activitatea a fost organizat\u0103 la cererea participantelor, care \u0219i-au dorit s\u0103 \u00eenve\u021be secretele acestei re\u021bete autentice. Atelierul a \u00eenceput cu o prezentare detaliat\u0103 a ingredientelor necesare: foi de varz\u0103 , orez, ceap\u0103, morcovi, condimente \u0219i verde\u021buri. Fiecare participant\u0103 a avut ocazia s\u0103 preg\u0103teasc\u0103 sarmalele [&hellip;]<\/p>\n","protected":false},"author":9,"featured_media":21417,"comment_status":"closed","ping_status":"closed","sticky":false,"template":"","format":"standard","meta":{"_acf_changed":false,"footnotes":""},"categories":[294],"tags":[],"class_list":["post-21416","post","type-post","status-publish","format-standard","has-post-thumbnail","hentry","category-news"],"acf":[],"yoast_head":"<!-- This site is optimized with the Yoast SEO plugin v27.4 - https:\/\/yoast.com\/product\/yoast-seo-wordpress\/ -->\n<title>Atelierul de culin\u0103rie cu arome tradi\u021bionale - ADRA Moldova<\/title>\n<meta name=\"robots\" content=\"index, follow, max-snippet:-1, max-image-preview:large, max-video-preview:-1\" \/>\n<link rel=\"canonical\" href=\"https:\/\/adra.md\/ru\/atelierul-de-culinarie-cu-arome-traditionale\/\" \/>\n<meta property=\"og:locale\" content=\"ru_RU\" \/>\n<meta property=\"og:type\" content=\"article\" \/>\n<meta property=\"og:title\" content=\"Atelierul de culin\u0103rie cu arome tradi\u021bionale - ADRA Moldova\" \/>\n<meta property=\"og:description\" content=\"S\u0103pt\u0103m\u00e2na aceasta, atelierul de culinarie a fost dedicat prepar\u0103rii sarmalelor Moldovene\u0219ti. Activitatea a fost organizat\u0103 la cererea participantelor, care \u0219i-au dorit s\u0103 \u00eenve\u021be secretele acestei re\u021bete autentice. Atelierul a \u00eenceput cu o prezentare detaliat\u0103 a ingredientelor necesare: foi de varz\u0103 , orez, ceap\u0103, morcovi, condimente \u0219i verde\u021buri. Fiecare participant\u0103 a avut ocazia s\u0103 preg\u0103teasc\u0103 sarmalele [&hellip;]\" \/>\n<meta property=\"og:url\" content=\"https:\/\/adra.md\/ru\/atelierul-de-culinarie-cu-arome-traditionale\/\" \/>\n<meta property=\"og:site_name\" content=\"ADRA Moldova\" \/>\n<meta property=\"article:published_time\" content=\"2024-09-16T09:50:30+00:00\" \/>\n<meta property=\"og:image\" content=\"https:\/\/adra.md\/wp-content\/uploads\/2024\/09\/456129721_17963138153795376_3339704923205194267_n.jpg\" \/>\n\t<meta property=\"og:image:width\" content=\"1440\" \/>\n\t<meta property=\"og:image:height\" content=\"1800\" \/>\n\t<meta property=\"og:image:type\" content=\"image\/jpeg\" \/>\n<meta name=\"author\" content=\"ADRA Moldova\" \/>\n<meta name=\"twitter:card\" content=\"summary_large_image\" \/>\n<meta name=\"twitter:label1\" content=\"\u041d\u0430\u043f\u0438\u0441\u0430\u043d\u043e \u0430\u0432\u0442\u043e\u0440\u043e\u043c\" \/>\n\t<meta name=\"twitter:data1\" content=\"ADRA Moldova\" \/>\n\t<meta name=\"twitter:label2\" content=\"\u041f\u0440\u0438\u043c\u0435\u0440\u043d\u043e\u0435 \u0432\u0440\u0435\u043c\u044f \u0434\u043b\u044f \u0447\u0442\u0435\u043d\u0438\u044f\" \/>\n\t<meta name=\"twitter:data2\" content=\"1 \u043c\u0438\u043d\u0443\u0442\u0430\" \/>\n<script type=\"application\/ld+json\" class=\"yoast-schema-graph\">{\"@context\":\"https:\\\/\\\/schema.org\",\"@graph\":[{\"@type\":\"Article\",\"@id\":\"https:\\\/\\\/adra.md\\\/atelierul-de-culinarie-cu-arome-traditionale\\\/#article\",\"isPartOf\":{\"@id\":\"https:\\\/\\\/adra.md\\\/atelierul-de-culinarie-cu-arome-traditionale\\\/\"},\"author\":{\"name\":\"ADRA Moldova\",\"@id\":\"https:\\\/\\\/adra.md\\\/#\\\/schema\\\/person\\\/b0181e611ee89738cefb7dc2db2bb8d1\"},\"headline\":\"Atelierul de culin\u0103rie cu arome tradi\u021bionale\",\"datePublished\":\"2024-09-16T09:50:30+00:00\",\"mainEntityOfPage\":{\"@id\":\"https:\\\/\\\/adra.md\\\/atelierul-de-culinarie-cu-arome-traditionale\\\/\"},\"wordCount\":175,\"publisher\":{\"@id\":\"https:\\\/\\\/adra.md\\\/#organization\"},\"image\":{\"@id\":\"https:\\\/\\\/adra.md\\\/atelierul-de-culinarie-cu-arome-traditionale\\\/#primaryimage\"},\"thumbnailUrl\":\"https:\\\/\\\/adra.md\\\/wp-content\\\/uploads\\\/2024\\\/09\\\/456129721_17963138153795376_3339704923205194267_n.jpg\",\"articleSection\":[\"News\"],\"inLanguage\":\"ru-RU\"},{\"@type\":\"WebPage\",\"@id\":\"https:\\\/\\\/adra.md\\\/atelierul-de-culinarie-cu-arome-traditionale\\\/\",\"url\":\"https:\\\/\\\/adra.md\\\/atelierul-de-culinarie-cu-arome-traditionale\\\/\",\"name\":\"Atelierul de culin\u0103rie cu arome tradi\u021bionale - ADRA Moldova\",\"isPartOf\":{\"@id\":\"https:\\\/\\\/adra.md\\\/#website\"},\"primaryImageOfPage\":{\"@id\":\"https:\\\/\\\/adra.md\\\/atelierul-de-culinarie-cu-arome-traditionale\\\/#primaryimage\"},\"image\":{\"@id\":\"https:\\\/\\\/adra.md\\\/atelierul-de-culinarie-cu-arome-traditionale\\\/#primaryimage\"},\"thumbnailUrl\":\"https:\\\/\\\/adra.md\\\/wp-content\\\/uploads\\\/2024\\\/09\\\/456129721_17963138153795376_3339704923205194267_n.jpg\",\"datePublished\":\"2024-09-16T09:50:30+00:00\",\"breadcrumb\":{\"@id\":\"https:\\\/\\\/adra.md\\\/atelierul-de-culinarie-cu-arome-traditionale\\\/#breadcrumb\"},\"inLanguage\":\"ru-RU\",\"potentialAction\":[{\"@type\":\"ReadAction\",\"target\":[\"https:\\\/\\\/adra.md\\\/atelierul-de-culinarie-cu-arome-traditionale\\\/\"]}]},{\"@type\":\"ImageObject\",\"inLanguage\":\"ru-RU\",\"@id\":\"https:\\\/\\\/adra.md\\\/atelierul-de-culinarie-cu-arome-traditionale\\\/#primaryimage\",\"url\":\"https:\\\/\\\/adra.md\\\/wp-content\\\/uploads\\\/2024\\\/09\\\/456129721_17963138153795376_3339704923205194267_n.jpg\",\"contentUrl\":\"https:\\\/\\\/adra.md\\\/wp-content\\\/uploads\\\/2024\\\/09\\\/456129721_17963138153795376_3339704923205194267_n.jpg\",\"width\":1440,\"height\":1800},{\"@type\":\"BreadcrumbList\",\"@id\":\"https:\\\/\\\/adra.md\\\/atelierul-de-culinarie-cu-arome-traditionale\\\/#breadcrumb\",\"itemListElement\":[{\"@type\":\"ListItem\",\"position\":1,\"name\":\"Home\",\"item\":\"https:\\\/\\\/adra.md\\\/\"},{\"@type\":\"ListItem\",\"position\":2,\"name\":\"Atelierul de culin\u0103rie cu arome tradi\u021bionale\"}]},{\"@type\":\"WebSite\",\"@id\":\"https:\\\/\\\/adra.md\\\/#website\",\"url\":\"https:\\\/\\\/adra.md\\\/\",\"name\":\"ADRA Moldova\",\"description\":\"Agen\u0163ia Adventist\u0103 pentru Dezvoltare, Refacere \u015fi Ajutor\",\"publisher\":{\"@id\":\"https:\\\/\\\/adra.md\\\/#organization\"},\"potentialAction\":[{\"@type\":\"SearchAction\",\"target\":{\"@type\":\"EntryPoint\",\"urlTemplate\":\"https:\\\/\\\/adra.md\\\/?s={search_term_string}\"},\"query-input\":{\"@type\":\"PropertyValueSpecification\",\"valueRequired\":true,\"valueName\":\"search_term_string\"}}],\"inLanguage\":\"ru-RU\"},{\"@type\":\"Organization\",\"@id\":\"https:\\\/\\\/adra.md\\\/#organization\",\"name\":\"ADRA Moldova\",\"url\":\"https:\\\/\\\/adra.md\\\/\",\"logo\":{\"@type\":\"ImageObject\",\"inLanguage\":\"ru-RU\",\"@id\":\"https:\\\/\\\/adra.md\\\/#\\\/schema\\\/logo\\\/image\\\/\",\"url\":\"https:\\\/\\\/adra.md\\\/wp-content\\\/uploads\\\/2019\\\/11\\\/group-435.png\",\"contentUrl\":\"https:\\\/\\\/adra.md\\\/wp-content\\\/uploads\\\/2019\\\/11\\\/group-435.png\",\"width\":500,\"height\":133,\"caption\":\"ADRA Moldova\"},\"image\":{\"@id\":\"https:\\\/\\\/adra.md\\\/#\\\/schema\\\/logo\\\/image\\\/\"}},{\"@type\":\"Person\",\"@id\":\"https:\\\/\\\/adra.md\\\/#\\\/schema\\\/person\\\/b0181e611ee89738cefb7dc2db2bb8d1\",\"name\":\"ADRA Moldova\",\"url\":\"https:\\\/\\\/adra.md\\\/ru\\\/author\\\/andrei-girleanu\\\/\"}]}<\/script>\n<!-- \/ Yoast SEO plugin. -->","yoast_head_json":{"title":"Atelierul de culin\u0103rie cu arome tradi\u021bionale - ADRA Moldova","robots":{"index":"index","follow":"follow","max-snippet":"max-snippet:-1","max-image-preview":"max-image-preview:large","max-video-preview":"max-video-preview:-1"},"canonical":"https:\/\/adra.md\/ru\/atelierul-de-culinarie-cu-arome-traditionale\/","og_locale":"ru_RU","og_type":"article","og_title":"Atelierul de culin\u0103rie cu arome tradi\u021bionale - ADRA Moldova","og_description":"S\u0103pt\u0103m\u00e2na aceasta, atelierul de culinarie a fost dedicat prepar\u0103rii sarmalelor Moldovene\u0219ti. Activitatea a fost organizat\u0103 la cererea participantelor, care \u0219i-au dorit s\u0103 \u00eenve\u021be secretele acestei re\u021bete autentice. Atelierul a \u00eenceput cu o prezentare detaliat\u0103 a ingredientelor necesare: foi de varz\u0103 , orez, ceap\u0103, morcovi, condimente \u0219i verde\u021buri. Fiecare participant\u0103 a avut ocazia s\u0103 preg\u0103teasc\u0103 sarmalele [&hellip;]","og_url":"https:\/\/adra.md\/ru\/atelierul-de-culinarie-cu-arome-traditionale\/","og_site_name":"ADRA Moldova","article_published_time":"2024-09-16T09:50:30+00:00","og_image":[{"width":1440,"height":1800,"url":"https:\/\/adra.md\/wp-content\/uploads\/2024\/09\/456129721_17963138153795376_3339704923205194267_n.jpg","type":"image\/jpeg"}],"author":"ADRA Moldova","twitter_card":"summary_large_image","twitter_misc":{"\u041d\u0430\u043f\u0438\u0441\u0430\u043d\u043e \u0430\u0432\u0442\u043e\u0440\u043e\u043c":"ADRA Moldova","\u041f\u0440\u0438\u043c\u0435\u0440\u043d\u043e\u0435 \u0432\u0440\u0435\u043c\u044f \u0434\u043b\u044f \u0447\u0442\u0435\u043d\u0438\u044f":"1 \u043c\u0438\u043d\u0443\u0442\u0430"},"schema":{"@context":"https:\/\/schema.org","@graph":[{"@type":"Article","@id":"https:\/\/adra.md\/atelierul-de-culinarie-cu-arome-traditionale\/#article","isPartOf":{"@id":"https:\/\/adra.md\/atelierul-de-culinarie-cu-arome-traditionale\/"},"author":{"name":"ADRA Moldova","@id":"https:\/\/adra.md\/#\/schema\/person\/b0181e611ee89738cefb7dc2db2bb8d1"},"headline":"Atelierul de culin\u0103rie cu arome tradi\u021bionale","datePublished":"2024-09-16T09:50:30+00:00","mainEntityOfPage":{"@id":"https:\/\/adra.md\/atelierul-de-culinarie-cu-arome-traditionale\/"},"wordCount":175,"publisher":{"@id":"https:\/\/adra.md\/#organization"},"image":{"@id":"https:\/\/adra.md\/atelierul-de-culinarie-cu-arome-traditionale\/#primaryimage"},"thumbnailUrl":"https:\/\/adra.md\/wp-content\/uploads\/2024\/09\/456129721_17963138153795376_3339704923205194267_n.jpg","articleSection":["News"],"inLanguage":"ru-RU"},{"@type":"WebPage","@id":"https:\/\/adra.md\/atelierul-de-culinarie-cu-arome-traditionale\/","url":"https:\/\/adra.md\/atelierul-de-culinarie-cu-arome-traditionale\/","name":"Atelierul de culin\u0103rie cu arome tradi\u021bionale - ADRA Moldova","isPartOf":{"@id":"https:\/\/adra.md\/#website"},"primaryImageOfPage":{"@id":"https:\/\/adra.md\/atelierul-de-culinarie-cu-arome-traditionale\/#primaryimage"},"image":{"@id":"https:\/\/adra.md\/atelierul-de-culinarie-cu-arome-traditionale\/#primaryimage"},"thumbnailUrl":"https:\/\/adra.md\/wp-content\/uploads\/2024\/09\/456129721_17963138153795376_3339704923205194267_n.jpg","datePublished":"2024-09-16T09:50:30+00:00","breadcrumb":{"@id":"https:\/\/adra.md\/atelierul-de-culinarie-cu-arome-traditionale\/#breadcrumb"},"inLanguage":"ru-RU","potentialAction":[{"@type":"ReadAction","target":["https:\/\/adra.md\/atelierul-de-culinarie-cu-arome-traditionale\/"]}]},{"@type":"ImageObject","inLanguage":"ru-RU","@id":"https:\/\/adra.md\/atelierul-de-culinarie-cu-arome-traditionale\/#primaryimage","url":"https:\/\/adra.md\/wp-content\/uploads\/2024\/09\/456129721_17963138153795376_3339704923205194267_n.jpg","contentUrl":"https:\/\/adra.md\/wp-content\/uploads\/2024\/09\/456129721_17963138153795376_3339704923205194267_n.jpg","width":1440,"height":1800},{"@type":"BreadcrumbList","@id":"https:\/\/adra.md\/atelierul-de-culinarie-cu-arome-traditionale\/#breadcrumb","itemListElement":[{"@type":"ListItem","position":1,"name":"Home","item":"https:\/\/adra.md\/"},{"@type":"ListItem","position":2,"name":"Atelierul de culin\u0103rie cu arome tradi\u021bionale"}]},{"@type":"WebSite","@id":"https:\/\/adra.md\/#website","url":"https:\/\/adra.md\/","name":"ADRA Moldova","description":"Agen\u0163ia Adventist\u0103 pentru Dezvoltare, Refacere \u015fi Ajutor","publisher":{"@id":"https:\/\/adra.md\/#organization"},"potentialAction":[{"@type":"SearchAction","target":{"@type":"EntryPoint","urlTemplate":"https:\/\/adra.md\/?s={search_term_string}"},"query-input":{"@type":"PropertyValueSpecification","valueRequired":true,"valueName":"search_term_string"}}],"inLanguage":"ru-RU"},{"@type":"Organization","@id":"https:\/\/adra.md\/#organization","name":"ADRA Moldova","url":"https:\/\/adra.md\/","logo":{"@type":"ImageObject","inLanguage":"ru-RU","@id":"https:\/\/adra.md\/#\/schema\/logo\/image\/","url":"https:\/\/adra.md\/wp-content\/uploads\/2019\/11\/group-435.png","contentUrl":"https:\/\/adra.md\/wp-content\/uploads\/2019\/11\/group-435.png","width":500,"height":133,"caption":"ADRA Moldova"},"image":{"@id":"https:\/\/adra.md\/#\/schema\/logo\/image\/"}},{"@type":"Person","@id":"https:\/\/adra.md\/#\/schema\/person\/b0181e611ee89738cefb7dc2db2bb8d1","name":"ADRA Moldova","url":"https:\/\/adra.md\/ru\/author\/andrei-girleanu\/"}]}},"_links":{"self":[{"href":"https:\/\/adra.md\/ru\/wp-json\/wp\/v2\/posts\/21416","targetHints":{"allow":["GET"]}}],"collection":[{"href":"https:\/\/adra.md\/ru\/wp-json\/wp\/v2\/posts"}],"about":[{"href":"https:\/\/adra.md\/ru\/wp-json\/wp\/v2\/types\/post"}],"author":[{"embeddable":true,"href":"https:\/\/adra.md\/ru\/wp-json\/wp\/v2\/users\/9"}],"replies":[{"embeddable":true,"href":"https:\/\/adra.md\/ru\/wp-json\/wp\/v2\/comments?post=21416"}],"version-history":[{"count":1,"href":"https:\/\/adra.md\/ru\/wp-json\/wp\/v2\/posts\/21416\/revisions"}],"predecessor-version":[{"id":21422,"href":"https:\/\/adra.md\/ru\/wp-json\/wp\/v2\/posts\/21416\/revisions\/21422"}],"wp:featuredmedia":[{"embeddable":true,"href":"https:\/\/adra.md\/ru\/wp-json\/wp\/v2\/media\/21417"}],"wp:attachment":[{"href":"https:\/\/adra.md\/ru\/wp-json\/wp\/v2\/media?parent=21416"}],"wp:term":[{"taxonomy":"category","embeddable":true,"href":"https:\/\/adra.md\/ru\/wp-json\/wp\/v2\/categories?post=21416"},{"taxonomy":"post_tag","embeddable":true,"href":"https:\/\/adra.md\/ru\/wp-json\/wp\/v2\/tags?post=21416"}],"curies":[{"name":"wp","href":"https:\/\/api.w.org\/{rel}","templated":true}]}}