{"id":21436,"date":"2024-09-16T09:59:06","date_gmt":"2024-09-16T09:59:06","guid":{"rendered":"https:\/\/adra.md\/?p=21436"},"modified":"2024-09-16T09:59:06","modified_gmt":"2024-09-16T09:59:06","slug":"continuam-sa-oferim-sprijin-si-speranta","status":"publish","type":"post","link":"https:\/\/adra.md\/ru\/continuam-sa-oferim-sprijin-si-speranta\/","title":{"rendered":"Continu\u0103m s\u0103 oferim sprijin \u0219i speran\u021b\u0103!"},"content":{"rendered":"<p>Activitatea ADRA Moldova \u00een regiunea transnistrean\u0103 se desf\u0103\u0219oar\u0103 cu succes \u00een cele dou\u0103 oficii din Tiraspol \u0219i R\u00eebni\u021ba, unde oferim suport constant refugia\u021bilor. Fiecare refugiat care se re\u00eenregistreaz\u0103 lunar beneficiaz\u0103 de ajutor financiar prin proiectul sus\u021binut de <span class=\"x193iq5w xeuugli x13faqbe x1vvkbs xlh3980 xvmahel x1n0sxbx x6prxxf xvq8zen xo1l8bm x1fey0fg\"><a class=\"x1i10hfl xjbqb8w x1ejq31n xd10rxx x1sy0etr x17r0tee x972fbf xcfux6l x1qhh985 xm0m39n x9f619 x1ypdohk xt0psk2 xe8uvvx xdj266r x11i5rnm xat24cr x1mh8g0r xexx8yu x4uap5 x18d9i69 xkhd6sd x16tdsg8 x1hl2dhg xggy1nq x1a2a7pz x1sur9pj xkrqix3 x1fey0fg\" tabindex=\"0\" role=\"link\" href=\"https:\/\/www.facebook.com\/iom.moldova?__tn__=K\" target=\"_blank\" rel=\"noopener\">IOM Moldova<\/a><\/span>.<\/p>\n<p>Feedback-ul pozitiv pe care \u00eel primim de la participan\u021bii la acest proiect este extrem de valoros pentru noi, confirm\u00e2nd c\u0103 munca noastr\u0103 aduce un impact real \u0219i benefic \u00een vie\u021bile celor care au nevoie. Continu\u0103m s\u0103 oferim sprijin \u0219i speran\u021b\u0103 !<\/p>\n<p>&nbsp;<\/p>\n<p><a href=\"https:\/\/adra.md\/wp-content\/uploads\/2024\/09\/copy_D0FF5207-7C77-4ED8-828C-E6B5D9F1E197.mov\">copy_D0FF5207-7C77-4ED8-828C-E6B5D9F1E197<\/a><\/p>","protected":false},"excerpt":{"rendered":"<p>Activitatea ADRA Moldova \u00een regiunea transnistrean\u0103 se desf\u0103\u0219oar\u0103 cu succes \u00een cele dou\u0103 oficii din Tiraspol \u0219i R\u00eebni\u021ba, unde oferim suport constant refugia\u021bilor. Fiecare refugiat care se re\u00eenregistreaz\u0103 lunar beneficiaz\u0103 de ajutor financiar prin proiectul sus\u021binut de IOM Moldova. Feedback-ul pozitiv pe care \u00eel primim de la participan\u021bii la acest proiect este extrem de valoros [&hellip;]<\/p>\n","protected":false},"author":9,"featured_media":21389,"comment_status":"closed","ping_status":"closed","sticky":false,"template":"","format":"standard","meta":{"_acf_changed":false,"footnotes":""},"categories":[294],"tags":[],"class_list":["post-21436","post","type-post","status-publish","format-standard","has-post-thumbnail","hentry","category-news"],"acf":[],"yoast_head":"<!-- This site is optimized with the Yoast SEO plugin v27.4 - https:\/\/yoast.com\/product\/yoast-seo-wordpress\/ -->\n<title>Continu\u0103m s\u0103 oferim sprijin \u0219i speran\u021b\u0103! - ADRA Moldova<\/title>\n<meta name=\"robots\" content=\"index, follow, max-snippet:-1, max-image-preview:large, max-video-preview:-1\" \/>\n<link rel=\"canonical\" href=\"https:\/\/adra.md\/ru\/continuam-sa-oferim-sprijin-si-speranta\/\" \/>\n<meta property=\"og:locale\" content=\"ru_RU\" \/>\n<meta property=\"og:type\" content=\"article\" \/>\n<meta property=\"og:title\" content=\"Continu\u0103m s\u0103 oferim sprijin \u0219i speran\u021b\u0103! - ADRA Moldova\" \/>\n<meta property=\"og:description\" content=\"Activitatea ADRA Moldova \u00een regiunea transnistrean\u0103 se desf\u0103\u0219oar\u0103 cu succes \u00een cele dou\u0103 oficii din Tiraspol \u0219i R\u00eebni\u021ba, unde oferim suport constant refugia\u021bilor. Fiecare refugiat care se re\u00eenregistreaz\u0103 lunar beneficiaz\u0103 de ajutor financiar prin proiectul sus\u021binut de IOM Moldova. Feedback-ul pozitiv pe care \u00eel primim de la participan\u021bii la acest proiect este extrem de valoros [&hellip;]\" \/>\n<meta property=\"og:url\" content=\"https:\/\/adra.md\/ru\/continuam-sa-oferim-sprijin-si-speranta\/\" \/>\n<meta property=\"og:site_name\" content=\"ADRA Moldova\" \/>\n<meta property=\"article:published_time\" content=\"2024-09-16T09:59:06+00:00\" \/>\n<meta property=\"og:image\" content=\"https:\/\/adra.md\/wp-content\/uploads\/2024\/09\/67623DDD-D422-43A5-A7DA-72CBD0BC4EA7-2.jpg\" \/>\n\t<meta property=\"og:image:width\" content=\"1290\" \/>\n\t<meta property=\"og:image:height\" content=\"2293\" \/>\n\t<meta property=\"og:image:type\" content=\"image\/jpeg\" \/>\n<meta name=\"author\" content=\"ADRA Moldova\" \/>\n<meta name=\"twitter:card\" content=\"summary_large_image\" \/>\n<meta name=\"twitter:label1\" content=\"\u041d\u0430\u043f\u0438\u0441\u0430\u043d\u043e \u0430\u0432\u0442\u043e\u0440\u043e\u043c\" \/>\n\t<meta name=\"twitter:data1\" content=\"ADRA Moldova\" \/>\n\t<meta name=\"twitter:label2\" content=\"\u041f\u0440\u0438\u043c\u0435\u0440\u043d\u043e\u0435 \u0432\u0440\u0435\u043c\u044f \u0434\u043b\u044f \u0447\u0442\u0435\u043d\u0438\u044f\" \/>\n\t<meta name=\"twitter:data2\" content=\"1 \u043c\u0438\u043d\u0443\u0442\u0430\" \/>\n<script type=\"application\/ld+json\" class=\"yoast-schema-graph\">{\"@context\":\"https:\\\/\\\/schema.org\",\"@graph\":[{\"@type\":\"Article\",\"@id\":\"https:\\\/\\\/adra.md\\\/continuam-sa-oferim-sprijin-si-speranta\\\/#article\",\"isPartOf\":{\"@id\":\"https:\\\/\\\/adra.md\\\/continuam-sa-oferim-sprijin-si-speranta\\\/\"},\"author\":{\"name\":\"ADRA Moldova\",\"@id\":\"https:\\\/\\\/adra.md\\\/#\\\/schema\\\/person\\\/b0181e611ee89738cefb7dc2db2bb8d1\"},\"headline\":\"Continu\u0103m s\u0103 oferim sprijin \u0219i speran\u021b\u0103!\",\"datePublished\":\"2024-09-16T09:59:06+00:00\",\"mainEntityOfPage\":{\"@id\":\"https:\\\/\\\/adra.md\\\/continuam-sa-oferim-sprijin-si-speranta\\\/\"},\"wordCount\":110,\"publisher\":{\"@id\":\"https:\\\/\\\/adra.md\\\/#organization\"},\"image\":{\"@id\":\"https:\\\/\\\/adra.md\\\/continuam-sa-oferim-sprijin-si-speranta\\\/#primaryimage\"},\"thumbnailUrl\":\"https:\\\/\\\/adra.md\\\/wp-content\\\/uploads\\\/2024\\\/09\\\/67623DDD-D422-43A5-A7DA-72CBD0BC4EA7-2.jpg\",\"articleSection\":[\"News\"],\"inLanguage\":\"ru-RU\"},{\"@type\":\"WebPage\",\"@id\":\"https:\\\/\\\/adra.md\\\/continuam-sa-oferim-sprijin-si-speranta\\\/\",\"url\":\"https:\\\/\\\/adra.md\\\/continuam-sa-oferim-sprijin-si-speranta\\\/\",\"name\":\"Continu\u0103m s\u0103 oferim sprijin \u0219i speran\u021b\u0103! - ADRA Moldova\",\"isPartOf\":{\"@id\":\"https:\\\/\\\/adra.md\\\/#website\"},\"primaryImageOfPage\":{\"@id\":\"https:\\\/\\\/adra.md\\\/continuam-sa-oferim-sprijin-si-speranta\\\/#primaryimage\"},\"image\":{\"@id\":\"https:\\\/\\\/adra.md\\\/continuam-sa-oferim-sprijin-si-speranta\\\/#primaryimage\"},\"thumbnailUrl\":\"https:\\\/\\\/adra.md\\\/wp-content\\\/uploads\\\/2024\\\/09\\\/67623DDD-D422-43A5-A7DA-72CBD0BC4EA7-2.jpg\",\"datePublished\":\"2024-09-16T09:59:06+00:00\",\"breadcrumb\":{\"@id\":\"https:\\\/\\\/adra.md\\\/continuam-sa-oferim-sprijin-si-speranta\\\/#breadcrumb\"},\"inLanguage\":\"ru-RU\",\"potentialAction\":[{\"@type\":\"ReadAction\",\"target\":[\"https:\\\/\\\/adra.md\\\/continuam-sa-oferim-sprijin-si-speranta\\\/\"]}]},{\"@type\":\"ImageObject\",\"inLanguage\":\"ru-RU\",\"@id\":\"https:\\\/\\\/adra.md\\\/continuam-sa-oferim-sprijin-si-speranta\\\/#primaryimage\",\"url\":\"https:\\\/\\\/adra.md\\\/wp-content\\\/uploads\\\/2024\\\/09\\\/67623DDD-D422-43A5-A7DA-72CBD0BC4EA7-2.jpg\",\"contentUrl\":\"https:\\\/\\\/adra.md\\\/wp-content\\\/uploads\\\/2024\\\/09\\\/67623DDD-D422-43A5-A7DA-72CBD0BC4EA7-2.jpg\",\"width\":1290,\"height\":2293},{\"@type\":\"BreadcrumbList\",\"@id\":\"https:\\\/\\\/adra.md\\\/continuam-sa-oferim-sprijin-si-speranta\\\/#breadcrumb\",\"itemListElement\":[{\"@type\":\"ListItem\",\"position\":1,\"name\":\"Home\",\"item\":\"https:\\\/\\\/adra.md\\\/\"},{\"@type\":\"ListItem\",\"position\":2,\"name\":\"Continu\u0103m s\u0103 oferim sprijin \u0219i speran\u021b\u0103!\"}]},{\"@type\":\"WebSite\",\"@id\":\"https:\\\/\\\/adra.md\\\/#website\",\"url\":\"https:\\\/\\\/adra.md\\\/\",\"name\":\"ADRA Moldova\",\"description\":\"Agen\u0163ia Adventist\u0103 pentru Dezvoltare, Refacere \u015fi Ajutor\",\"publisher\":{\"@id\":\"https:\\\/\\\/adra.md\\\/#organization\"},\"potentialAction\":[{\"@type\":\"SearchAction\",\"target\":{\"@type\":\"EntryPoint\",\"urlTemplate\":\"https:\\\/\\\/adra.md\\\/?s={search_term_string}\"},\"query-input\":{\"@type\":\"PropertyValueSpecification\",\"valueRequired\":true,\"valueName\":\"search_term_string\"}}],\"inLanguage\":\"ru-RU\"},{\"@type\":\"Organization\",\"@id\":\"https:\\\/\\\/adra.md\\\/#organization\",\"name\":\"ADRA Moldova\",\"url\":\"https:\\\/\\\/adra.md\\\/\",\"logo\":{\"@type\":\"ImageObject\",\"inLanguage\":\"ru-RU\",\"@id\":\"https:\\\/\\\/adra.md\\\/#\\\/schema\\\/logo\\\/image\\\/\",\"url\":\"https:\\\/\\\/adra.md\\\/wp-content\\\/uploads\\\/2019\\\/11\\\/group-435.png\",\"contentUrl\":\"https:\\\/\\\/adra.md\\\/wp-content\\\/uploads\\\/2019\\\/11\\\/group-435.png\",\"width\":500,\"height\":133,\"caption\":\"ADRA Moldova\"},\"image\":{\"@id\":\"https:\\\/\\\/adra.md\\\/#\\\/schema\\\/logo\\\/image\\\/\"}},{\"@type\":\"Person\",\"@id\":\"https:\\\/\\\/adra.md\\\/#\\\/schema\\\/person\\\/b0181e611ee89738cefb7dc2db2bb8d1\",\"name\":\"ADRA Moldova\",\"url\":\"https:\\\/\\\/adra.md\\\/ru\\\/author\\\/andrei-girleanu\\\/\"}]}<\/script>\n<!-- \/ Yoast SEO plugin. -->","yoast_head_json":{"title":"Continu\u0103m s\u0103 oferim sprijin \u0219i speran\u021b\u0103! - ADRA Moldova","robots":{"index":"index","follow":"follow","max-snippet":"max-snippet:-1","max-image-preview":"max-image-preview:large","max-video-preview":"max-video-preview:-1"},"canonical":"https:\/\/adra.md\/ru\/continuam-sa-oferim-sprijin-si-speranta\/","og_locale":"ru_RU","og_type":"article","og_title":"Continu\u0103m s\u0103 oferim sprijin \u0219i speran\u021b\u0103! - ADRA Moldova","og_description":"Activitatea ADRA Moldova \u00een regiunea transnistrean\u0103 se desf\u0103\u0219oar\u0103 cu succes \u00een cele dou\u0103 oficii din Tiraspol \u0219i R\u00eebni\u021ba, unde oferim suport constant refugia\u021bilor. Fiecare refugiat care se re\u00eenregistreaz\u0103 lunar beneficiaz\u0103 de ajutor financiar prin proiectul sus\u021binut de IOM Moldova. Feedback-ul pozitiv pe care \u00eel primim de la participan\u021bii la acest proiect este extrem de valoros [&hellip;]","og_url":"https:\/\/adra.md\/ru\/continuam-sa-oferim-sprijin-si-speranta\/","og_site_name":"ADRA Moldova","article_published_time":"2024-09-16T09:59:06+00:00","og_image":[{"width":1290,"height":2293,"url":"https:\/\/adra.md\/wp-content\/uploads\/2024\/09\/67623DDD-D422-43A5-A7DA-72CBD0BC4EA7-2.jpg","type":"image\/jpeg"}],"author":"ADRA Moldova","twitter_card":"summary_large_image","twitter_misc":{"\u041d\u0430\u043f\u0438\u0441\u0430\u043d\u043e \u0430\u0432\u0442\u043e\u0440\u043e\u043c":"ADRA Moldova","\u041f\u0440\u0438\u043c\u0435\u0440\u043d\u043e\u0435 \u0432\u0440\u0435\u043c\u044f \u0434\u043b\u044f \u0447\u0442\u0435\u043d\u0438\u044f":"1 \u043c\u0438\u043d\u0443\u0442\u0430"},"schema":{"@context":"https:\/\/schema.org","@graph":[{"@type":"Article","@id":"https:\/\/adra.md\/continuam-sa-oferim-sprijin-si-speranta\/#article","isPartOf":{"@id":"https:\/\/adra.md\/continuam-sa-oferim-sprijin-si-speranta\/"},"author":{"name":"ADRA Moldova","@id":"https:\/\/adra.md\/#\/schema\/person\/b0181e611ee89738cefb7dc2db2bb8d1"},"headline":"Continu\u0103m s\u0103 oferim sprijin \u0219i speran\u021b\u0103!","datePublished":"2024-09-16T09:59:06+00:00","mainEntityOfPage":{"@id":"https:\/\/adra.md\/continuam-sa-oferim-sprijin-si-speranta\/"},"wordCount":110,"publisher":{"@id":"https:\/\/adra.md\/#organization"},"image":{"@id":"https:\/\/adra.md\/continuam-sa-oferim-sprijin-si-speranta\/#primaryimage"},"thumbnailUrl":"https:\/\/adra.md\/wp-content\/uploads\/2024\/09\/67623DDD-D422-43A5-A7DA-72CBD0BC4EA7-2.jpg","articleSection":["News"],"inLanguage":"ru-RU"},{"@type":"WebPage","@id":"https:\/\/adra.md\/continuam-sa-oferim-sprijin-si-speranta\/","url":"https:\/\/adra.md\/continuam-sa-oferim-sprijin-si-speranta\/","name":"Continu\u0103m s\u0103 oferim sprijin \u0219i speran\u021b\u0103! - ADRA Moldova","isPartOf":{"@id":"https:\/\/adra.md\/#website"},"primaryImageOfPage":{"@id":"https:\/\/adra.md\/continuam-sa-oferim-sprijin-si-speranta\/#primaryimage"},"image":{"@id":"https:\/\/adra.md\/continuam-sa-oferim-sprijin-si-speranta\/#primaryimage"},"thumbnailUrl":"https:\/\/adra.md\/wp-content\/uploads\/2024\/09\/67623DDD-D422-43A5-A7DA-72CBD0BC4EA7-2.jpg","datePublished":"2024-09-16T09:59:06+00:00","breadcrumb":{"@id":"https:\/\/adra.md\/continuam-sa-oferim-sprijin-si-speranta\/#breadcrumb"},"inLanguage":"ru-RU","potentialAction":[{"@type":"ReadAction","target":["https:\/\/adra.md\/continuam-sa-oferim-sprijin-si-speranta\/"]}]},{"@type":"ImageObject","inLanguage":"ru-RU","@id":"https:\/\/adra.md\/continuam-sa-oferim-sprijin-si-speranta\/#primaryimage","url":"https:\/\/adra.md\/wp-content\/uploads\/2024\/09\/67623DDD-D422-43A5-A7DA-72CBD0BC4EA7-2.jpg","contentUrl":"https:\/\/adra.md\/wp-content\/uploads\/2024\/09\/67623DDD-D422-43A5-A7DA-72CBD0BC4EA7-2.jpg","width":1290,"height":2293},{"@type":"BreadcrumbList","@id":"https:\/\/adra.md\/continuam-sa-oferim-sprijin-si-speranta\/#breadcrumb","itemListElement":[{"@type":"ListItem","position":1,"name":"Home","item":"https:\/\/adra.md\/"},{"@type":"ListItem","position":2,"name":"Continu\u0103m s\u0103 oferim sprijin \u0219i speran\u021b\u0103!"}]},{"@type":"WebSite","@id":"https:\/\/adra.md\/#website","url":"https:\/\/adra.md\/","name":"ADRA Moldova","description":"Agen\u0163ia Adventist\u0103 pentru Dezvoltare, Refacere \u015fi Ajutor","publisher":{"@id":"https:\/\/adra.md\/#organization"},"potentialAction":[{"@type":"SearchAction","target":{"@type":"EntryPoint","urlTemplate":"https:\/\/adra.md\/?s={search_term_string}"},"query-input":{"@type":"PropertyValueSpecification","valueRequired":true,"valueName":"search_term_string"}}],"inLanguage":"ru-RU"},{"@type":"Organization","@id":"https:\/\/adra.md\/#organization","name":"ADRA Moldova","url":"https:\/\/adra.md\/","logo":{"@type":"ImageObject","inLanguage":"ru-RU","@id":"https:\/\/adra.md\/#\/schema\/logo\/image\/","url":"https:\/\/adra.md\/wp-content\/uploads\/2019\/11\/group-435.png","contentUrl":"https:\/\/adra.md\/wp-content\/uploads\/2019\/11\/group-435.png","width":500,"height":133,"caption":"ADRA Moldova"},"image":{"@id":"https:\/\/adra.md\/#\/schema\/logo\/image\/"}},{"@type":"Person","@id":"https:\/\/adra.md\/#\/schema\/person\/b0181e611ee89738cefb7dc2db2bb8d1","name":"ADRA Moldova","url":"https:\/\/adra.md\/ru\/author\/andrei-girleanu\/"}]}},"_links":{"self":[{"href":"https:\/\/adra.md\/ru\/wp-json\/wp\/v2\/posts\/21436","targetHints":{"allow":["GET"]}}],"collection":[{"href":"https:\/\/adra.md\/ru\/wp-json\/wp\/v2\/posts"}],"about":[{"href":"https:\/\/adra.md\/ru\/wp-json\/wp\/v2\/types\/post"}],"author":[{"embeddable":true,"href":"https:\/\/adra.md\/ru\/wp-json\/wp\/v2\/users\/9"}],"replies":[{"embeddable":true,"href":"https:\/\/adra.md\/ru\/wp-json\/wp\/v2\/comments?post=21436"}],"version-history":[{"count":1,"href":"https:\/\/adra.md\/ru\/wp-json\/wp\/v2\/posts\/21436\/revisions"}],"predecessor-version":[{"id":21438,"href":"https:\/\/adra.md\/ru\/wp-json\/wp\/v2\/posts\/21436\/revisions\/21438"}],"wp:featuredmedia":[{"embeddable":true,"href":"https:\/\/adra.md\/ru\/wp-json\/wp\/v2\/media\/21389"}],"wp:attachment":[{"href":"https:\/\/adra.md\/ru\/wp-json\/wp\/v2\/media?parent=21436"}],"wp:term":[{"taxonomy":"category","embeddable":true,"href":"https:\/\/adra.md\/ru\/wp-json\/wp\/v2\/categories?post=21436"},{"taxonomy":"post_tag","embeddable":true,"href":"https:\/\/adra.md\/ru\/wp-json\/wp\/v2\/tags?post=21436"}],"curies":[{"name":"wp","href":"https:\/\/api.w.org\/{rel}","templated":true}]}}