{"id":22000,"date":"2025-01-06T11:18:22","date_gmt":"2025-01-06T11:18:22","guid":{"rendered":"https:\/\/adra.md\/?p=22000"},"modified":"2025-01-06T11:18:22","modified_gmt":"2025-01-06T11:18:22","slug":"peste-700-de-persoane-este-mult-sau-putin","status":"publish","type":"post","link":"https:\/\/adra.md\/ru\/peste-700-de-persoane-este-mult-sau-putin\/","title":{"rendered":"Peste 700 de persoane, este mult sau pu\u021bin?"},"content":{"rendered":"<div class=\"xdj266r x11i5rnm xat24cr x1mh8g0r x1vvkbs x126k92a\">\n<div dir=\"auto\">ADRA Moldova \u00een colaborare cu <span class=\"html-span xdj266r x11i5rnm xat24cr x1mh8g0r xexx8yu x4uap5 x18d9i69 xkhd6sd x1hl2dhg x16tdsg8 x1vvkbs\"><a class=\"x1i10hfl xjbqb8w x1ejq31n xd10rxx x1sy0etr x17r0tee x972fbf xcfux6l x1qhh985 xm0m39n x9f619 x1ypdohk xt0psk2 xe8uvvx xdj266r x11i5rnm xat24cr x1mh8g0r xexx8yu x4uap5 x18d9i69 xkhd6sd x16tdsg8 x1hl2dhg xggy1nq x1a2a7pz x1sur9pj xkrqix3 x1fey0fg x1s688f\" tabindex=\"0\" role=\"link\" href=\"https:\/\/l.facebook.com\/l.php?u=https%3A%2F%2Fwww.instagram.com%2F_u%2Fiommoldova%3Ffbclid%3DIwZXh0bgNhZW0CMTAAAR2WrADTMhBytvdNtU4a3PIbjPcxFebzDQJqwq3cfliIIU7X90cSChRoYgs_aem_hwn9FmfZigpDF3g3cj8hng&amp;h=AT3-IeItA8yObkfKX4a_zQb8jgEG3dZ26mlWo4aj2rTdbSotvH4_f0JLS9-gH8I03nv06dLyYTmZb9vyEeosIqqaHDKzvqHnBIpiBj2LpCdvFAjZFjy0a5Jq6D8Ntl6EqtW4qP_HZg&amp;__tn__=-UK-R&amp;c[0]=AT3Hqgvibal1crY-2LuyezVGaRHwtV6QCpjLYFkhWlr6tIIUFJkiCLNjBaqfP4q8osQDop8cxYQSefrDXrJaiL-PSC8lo11e7knCL7EP-om-I7Qi1Y411t1jSfr2sU2fk4M0jw9Btz3PCPL5Om9nmPz3YDosKRtvZytLRNhkma4AfIFxvQLCn9_Httz29Ojto0CKW5Kh5o4b-0uqf8xVPceIcQ\" target=\"_blank\" rel=\"nofollow noopener noreferrer\">@iommoldova<\/a><\/span> , ofer\u0103 sprijin financiar vital refugia\u021bilor ucraineni \u0219i cet\u0103\u021benilor din alte \u021b\u0103ri afla\u021bi pe malul st\u00e2ng al Nistrului, pentru a le asigura accesul la ajutor umanitar.<\/div>\n<\/div>\n<div class=\"x11i5rnm xat24cr x1mh8g0r x1vvkbs xtlvy1s x126k92a\">\n<div dir=\"auto\"><span class=\"html-span xexx8yu x4uap5 x18d9i69 xkhd6sd x1hl2dhg x16tdsg8 x1vvkbs x3nfvp2 x1j61x8r x1fcty0u xdj266r xat24cr xgzva0m xhhsvwb xxymvpz xlup9mm x1kky2od\"><img decoding=\"async\" class=\"xz74otr\" src=\"https:\/\/static.xx.fbcdn.net\/images\/emoji.php\/v9\/t3\/2\/16\/1f91d.png\" alt=\"\ud83e\udd1d\" width=\"16\" height=\"16\" \/><\/span> \u00cen fiecare lun\u0103, 700 de persoane beneficiaz\u0103 de asisten\u021ba \u00een numerar oferit\u0103 prin programul MPCA, datorit\u0103 sprijinului Uniunii Europene \u0219i ECHO.<\/div>\n<\/div>\n<div class=\"x11i5rnm xat24cr x1mh8g0r x1vvkbs xtlvy1s x126k92a\">\n<div dir=\"auto\">EU Civil Protection &amp; Humanitarian Aid<\/div>\n<div dir=\"auto\">European Union in the Republic of Moldova<\/div>\n<div dir=\"auto\"><\/div>\n<\/div>\n<div class=\"x11i5rnm xat24cr x1mh8g0r x1vvkbs xtlvy1s x126k92a\">\n<div dir=\"auto\"><span class=\"html-span xdj266r x11i5rnm xat24cr x1mh8g0r xexx8yu x4uap5 x18d9i69 xkhd6sd x1hl2dhg x16tdsg8 x1vvkbs\"><a class=\"x1i10hfl xjbqb8w x1ejq31n xd10rxx x1sy0etr x17r0tee x972fbf xcfux6l x1qhh985 xm0m39n x9f619 x1ypdohk xt0psk2 xe8uvvx xdj266r x11i5rnm xat24cr x1mh8g0r xexx8yu x4uap5 x18d9i69 xkhd6sd x16tdsg8 x1hl2dhg xggy1nq x1a2a7pz x1sur9pj xkrqix3 x1fey0fg x1s688f\" tabindex=\"0\" role=\"link\" href=\"https:\/\/www.facebook.com\/hashtag\/adra?__eep__=6&amp;__cft__[0]=AZWSvcSh1kEvgLGB9X0FbzYeGkiPQyICeKEXOzPJk8SEmq3Dl0R-zx-iaf1YIsfehss4Ue7ulc_UStlEqnkcQ4v3Z14xTVqky9ssUoUdOzJenKlR-ou_P_lPmB1CGLqhHWL-C1LZpFAoh4z2BSN6yNjoHpITjIehoIQNyvmkIKEOJmwyRfUq5tC_v2Nai74_6iE&amp;__tn__=*NK-R\">#adra<\/a><\/span> <span class=\"html-span xdj266r x11i5rnm xat24cr x1mh8g0r xexx8yu x4uap5 x18d9i69 xkhd6sd x1hl2dhg x16tdsg8 x1vvkbs\"><a class=\"x1i10hfl xjbqb8w x1ejq31n xd10rxx x1sy0etr x17r0tee x972fbf xcfux6l x1qhh985 xm0m39n x9f619 x1ypdohk xt0psk2 xe8uvvx xdj266r x11i5rnm xat24cr x1mh8g0r xexx8yu x4uap5 x18d9i69 xkhd6sd x16tdsg8 x1hl2dhg xggy1nq x1a2a7pz x1sur9pj xkrqix3 x1fey0fg x1s688f\" tabindex=\"0\" role=\"link\" href=\"https:\/\/www.facebook.com\/hashtag\/adramoldova?__eep__=6&amp;__cft__[0]=AZWSvcSh1kEvgLGB9X0FbzYeGkiPQyICeKEXOzPJk8SEmq3Dl0R-zx-iaf1YIsfehss4Ue7ulc_UStlEqnkcQ4v3Z14xTVqky9ssUoUdOzJenKlR-ou_P_lPmB1CGLqhHWL-C1LZpFAoh4z2BSN6yNjoHpITjIehoIQNyvmkIKEOJmwyRfUq5tC_v2Nai74_6iE&amp;__tn__=*NK-R\">#adramoldova<\/a><\/span> <span class=\"html-span xdj266r x11i5rnm xat24cr x1mh8g0r xexx8yu x4uap5 x18d9i69 xkhd6sd x1hl2dhg x16tdsg8 x1vvkbs\"><a class=\"x1i10hfl xjbqb8w x1ejq31n xd10rxx x1sy0etr x17r0tee x972fbf xcfux6l x1qhh985 xm0m39n x9f619 x1ypdohk xt0psk2 xe8uvvx xdj266r x11i5rnm xat24cr x1mh8g0r xexx8yu x4uap5 x18d9i69 xkhd6sd x16tdsg8 x1hl2dhg xggy1nq x1a2a7pz x1sur9pj xkrqix3 x1fey0fg x1s688f\" tabindex=\"0\" role=\"link\" href=\"https:\/\/www.facebook.com\/hashtag\/iom?__eep__=6&amp;__cft__[0]=AZWSvcSh1kEvgLGB9X0FbzYeGkiPQyICeKEXOzPJk8SEmq3Dl0R-zx-iaf1YIsfehss4Ue7ulc_UStlEqnkcQ4v3Z14xTVqky9ssUoUdOzJenKlR-ou_P_lPmB1CGLqhHWL-C1LZpFAoh4z2BSN6yNjoHpITjIehoIQNyvmkIKEOJmwyRfUq5tC_v2Nai74_6iE&amp;__tn__=*NK-R\">#iom<\/a><\/span> <span class=\"html-span xdj266r x11i5rnm xat24cr x1mh8g0r xexx8yu x4uap5 x18d9i69 xkhd6sd x1hl2dhg x16tdsg8 x1vvkbs\"><a class=\"x1i10hfl xjbqb8w x1ejq31n xd10rxx x1sy0etr x17r0tee x972fbf xcfux6l x1qhh985 xm0m39n x9f619 x1ypdohk xt0psk2 xe8uvvx xdj266r x11i5rnm xat24cr x1mh8g0r xexx8yu x4uap5 x18d9i69 xkhd6sd x16tdsg8 x1hl2dhg xggy1nq x1a2a7pz x1sur9pj xkrqix3 x1fey0fg x1s688f\" tabindex=\"0\" role=\"link\" href=\"https:\/\/www.facebook.com\/hashtag\/europeanunion?__eep__=6&amp;__cft__[0]=AZWSvcSh1kEvgLGB9X0FbzYeGkiPQyICeKEXOzPJk8SEmq3Dl0R-zx-iaf1YIsfehss4Ue7ulc_UStlEqnkcQ4v3Z14xTVqky9ssUoUdOzJenKlR-ou_P_lPmB1CGLqhHWL-C1LZpFAoh4z2BSN6yNjoHpITjIehoIQNyvmkIKEOJmwyRfUq5tC_v2Nai74_6iE&amp;__tn__=*NK-R\">#europeanunion<\/a><\/span><\/div>\n<\/div>\n<div dir=\"auto\"><\/div>\n<div dir=\"auto\"><img fetchpriority=\"high\" decoding=\"async\" class=\"alignnone  wp-image-22001\" src=\"https:\/\/adra.md\/wp-content\/uploads\/2025\/01\/470797506_17979273899795376_3891548156634272486_n-819x1024.jpg\" alt=\"\" width=\"487\" height=\"609\" srcset=\"https:\/\/adra.md\/wp-content\/uploads\/2025\/01\/470797506_17979273899795376_3891548156634272486_n-819x1024.jpg 819w, https:\/\/adra.md\/wp-content\/uploads\/2025\/01\/470797506_17979273899795376_3891548156634272486_n-240x300.jpg 240w, https:\/\/adra.md\/wp-content\/uploads\/2025\/01\/470797506_17979273899795376_3891548156634272486_n-768x960.jpg 768w, https:\/\/adra.md\/wp-content\/uploads\/2025\/01\/470797506_17979273899795376_3891548156634272486_n-1229x1536.jpg 1229w, https:\/\/adra.md\/wp-content\/uploads\/2025\/01\/470797506_17979273899795376_3891548156634272486_n-10x12.jpg 10w, https:\/\/adra.md\/wp-content\/uploads\/2025\/01\/470797506_17979273899795376_3891548156634272486_n.jpg 1440w\" sizes=\"(max-width: 487px) 100vw, 487px\" \/> <img decoding=\"async\" class=\"alignnone  wp-image-22002\" src=\"https:\/\/adra.md\/wp-content\/uploads\/2025\/01\/471212805_17979273857795376_7719593988564020259_n-819x1024.jpg\" alt=\"\" width=\"487\" height=\"609\" srcset=\"https:\/\/adra.md\/wp-content\/uploads\/2025\/01\/471212805_17979273857795376_7719593988564020259_n-819x1024.jpg 819w, https:\/\/adra.md\/wp-content\/uploads\/2025\/01\/471212805_17979273857795376_7719593988564020259_n-240x300.jpg 240w, https:\/\/adra.md\/wp-content\/uploads\/2025\/01\/471212805_17979273857795376_7719593988564020259_n-768x960.jpg 768w, https:\/\/adra.md\/wp-content\/uploads\/2025\/01\/471212805_17979273857795376_7719593988564020259_n-1229x1536.jpg 1229w, https:\/\/adra.md\/wp-content\/uploads\/2025\/01\/471212805_17979273857795376_7719593988564020259_n-10x12.jpg 10w, https:\/\/adra.md\/wp-content\/uploads\/2025\/01\/471212805_17979273857795376_7719593988564020259_n.jpg 1440w\" sizes=\"(max-width: 487px) 100vw, 487px\" \/><\/div>\n","protected":false},"excerpt":{"rendered":"<p>ADRA Moldova \u00een colaborare cu @iommoldova , ofer\u0103 sprijin financiar vital refugia\u021bilor ucraineni \u0219i cet\u0103\u021benilor din alte \u021b\u0103ri afla\u021bi pe malul st\u00e2ng al Nistrului, pentru a le asigura accesul la ajutor umanitar. \u00cen fiecare lun\u0103, 700 de persoane beneficiaz\u0103 de asisten\u021ba \u00een numerar oferit\u0103 prin programul MPCA, datorit\u0103 sprijinului Uniunii Europene \u0219i ECHO. EU Civil [&hellip;]<\/p>\n","protected":false},"author":9,"featured_media":22001,"comment_status":"closed","ping_status":"closed","sticky":false,"template":"","format":"standard","meta":{"_acf_changed":false,"footnotes":""},"categories":[294],"tags":[],"class_list":["post-22000","post","type-post","status-publish","format-standard","has-post-thumbnail","hentry","category-news"],"acf":[],"yoast_head":"<!-- This site is optimized with the Yoast SEO plugin v27.4 - https:\/\/yoast.com\/product\/yoast-seo-wordpress\/ -->\n<title>Peste 700 de persoane, este mult sau pu\u021bin? - ADRA Moldova<\/title>\n<meta name=\"robots\" content=\"index, follow, max-snippet:-1, max-image-preview:large, max-video-preview:-1\" \/>\n<link rel=\"canonical\" href=\"https:\/\/adra.md\/ru\/peste-700-de-persoane-este-mult-sau-putin\/\" \/>\n<meta property=\"og:locale\" content=\"ru_RU\" \/>\n<meta property=\"og:type\" content=\"article\" \/>\n<meta property=\"og:title\" content=\"Peste 700 de persoane, este mult sau pu\u021bin? - ADRA Moldova\" \/>\n<meta property=\"og:description\" content=\"ADRA Moldova \u00een colaborare cu @iommoldova , ofer\u0103 sprijin financiar vital refugia\u021bilor ucraineni \u0219i cet\u0103\u021benilor din alte \u021b\u0103ri afla\u021bi pe malul st\u00e2ng al Nistrului, pentru a le asigura accesul la ajutor umanitar. \u00cen fiecare lun\u0103, 700 de persoane beneficiaz\u0103 de asisten\u021ba \u00een numerar oferit\u0103 prin programul MPCA, datorit\u0103 sprijinului Uniunii Europene \u0219i ECHO. EU Civil [&hellip;]\" \/>\n<meta property=\"og:url\" content=\"https:\/\/adra.md\/ru\/peste-700-de-persoane-este-mult-sau-putin\/\" \/>\n<meta property=\"og:site_name\" content=\"ADRA Moldova\" \/>\n<meta property=\"article:published_time\" content=\"2025-01-06T11:18:22+00:00\" \/>\n<meta property=\"og:image\" content=\"https:\/\/adra.md\/wp-content\/uploads\/2025\/01\/470797506_17979273899795376_3891548156634272486_n.jpg\" \/>\n\t<meta property=\"og:image:width\" content=\"1440\" \/>\n\t<meta property=\"og:image:height\" content=\"1800\" \/>\n\t<meta property=\"og:image:type\" content=\"image\/jpeg\" \/>\n<meta name=\"author\" content=\"ADRA Moldova\" \/>\n<meta name=\"twitter:card\" content=\"summary_large_image\" \/>\n<meta name=\"twitter:label1\" content=\"\u041d\u0430\u043f\u0438\u0441\u0430\u043d\u043e \u0430\u0432\u0442\u043e\u0440\u043e\u043c\" \/>\n\t<meta name=\"twitter:data1\" content=\"ADRA Moldova\" \/>\n<script type=\"application\/ld+json\" class=\"yoast-schema-graph\">{\"@context\":\"https:\\\/\\\/schema.org\",\"@graph\":[{\"@type\":\"Article\",\"@id\":\"https:\\\/\\\/adra.md\\\/peste-700-de-persoane-este-mult-sau-putin\\\/#article\",\"isPartOf\":{\"@id\":\"https:\\\/\\\/adra.md\\\/peste-700-de-persoane-este-mult-sau-putin\\\/\"},\"author\":{\"name\":\"ADRA Moldova\",\"@id\":\"https:\\\/\\\/adra.md\\\/#\\\/schema\\\/person\\\/b0181e611ee89738cefb7dc2db2bb8d1\"},\"headline\":\"Peste 700 de persoane, este mult sau pu\u021bin?\",\"datePublished\":\"2025-01-06T11:18:22+00:00\",\"mainEntityOfPage\":{\"@id\":\"https:\\\/\\\/adra.md\\\/peste-700-de-persoane-este-mult-sau-putin\\\/\"},\"wordCount\":81,\"publisher\":{\"@id\":\"https:\\\/\\\/adra.md\\\/#organization\"},\"image\":{\"@id\":\"https:\\\/\\\/adra.md\\\/peste-700-de-persoane-este-mult-sau-putin\\\/#primaryimage\"},\"thumbnailUrl\":\"https:\\\/\\\/adra.md\\\/wp-content\\\/uploads\\\/2025\\\/01\\\/470797506_17979273899795376_3891548156634272486_n.jpg\",\"articleSection\":[\"News\"],\"inLanguage\":\"ru-RU\"},{\"@type\":\"WebPage\",\"@id\":\"https:\\\/\\\/adra.md\\\/peste-700-de-persoane-este-mult-sau-putin\\\/\",\"url\":\"https:\\\/\\\/adra.md\\\/peste-700-de-persoane-este-mult-sau-putin\\\/\",\"name\":\"Peste 700 de persoane, este mult sau pu\u021bin? - ADRA Moldova\",\"isPartOf\":{\"@id\":\"https:\\\/\\\/adra.md\\\/#website\"},\"primaryImageOfPage\":{\"@id\":\"https:\\\/\\\/adra.md\\\/peste-700-de-persoane-este-mult-sau-putin\\\/#primaryimage\"},\"image\":{\"@id\":\"https:\\\/\\\/adra.md\\\/peste-700-de-persoane-este-mult-sau-putin\\\/#primaryimage\"},\"thumbnailUrl\":\"https:\\\/\\\/adra.md\\\/wp-content\\\/uploads\\\/2025\\\/01\\\/470797506_17979273899795376_3891548156634272486_n.jpg\",\"datePublished\":\"2025-01-06T11:18:22+00:00\",\"breadcrumb\":{\"@id\":\"https:\\\/\\\/adra.md\\\/peste-700-de-persoane-este-mult-sau-putin\\\/#breadcrumb\"},\"inLanguage\":\"ru-RU\",\"potentialAction\":[{\"@type\":\"ReadAction\",\"target\":[\"https:\\\/\\\/adra.md\\\/peste-700-de-persoane-este-mult-sau-putin\\\/\"]}]},{\"@type\":\"ImageObject\",\"inLanguage\":\"ru-RU\",\"@id\":\"https:\\\/\\\/adra.md\\\/peste-700-de-persoane-este-mult-sau-putin\\\/#primaryimage\",\"url\":\"https:\\\/\\\/adra.md\\\/wp-content\\\/uploads\\\/2025\\\/01\\\/470797506_17979273899795376_3891548156634272486_n.jpg\",\"contentUrl\":\"https:\\\/\\\/adra.md\\\/wp-content\\\/uploads\\\/2025\\\/01\\\/470797506_17979273899795376_3891548156634272486_n.jpg\",\"width\":1440,\"height\":1800},{\"@type\":\"BreadcrumbList\",\"@id\":\"https:\\\/\\\/adra.md\\\/peste-700-de-persoane-este-mult-sau-putin\\\/#breadcrumb\",\"itemListElement\":[{\"@type\":\"ListItem\",\"position\":1,\"name\":\"Home\",\"item\":\"https:\\\/\\\/adra.md\\\/\"},{\"@type\":\"ListItem\",\"position\":2,\"name\":\"Peste 700 de persoane, este mult sau pu\u021bin?\"}]},{\"@type\":\"WebSite\",\"@id\":\"https:\\\/\\\/adra.md\\\/#website\",\"url\":\"https:\\\/\\\/adra.md\\\/\",\"name\":\"ADRA Moldova\",\"description\":\"Agen\u0163ia Adventist\u0103 pentru Dezvoltare, Refacere \u015fi Ajutor\",\"publisher\":{\"@id\":\"https:\\\/\\\/adra.md\\\/#organization\"},\"potentialAction\":[{\"@type\":\"SearchAction\",\"target\":{\"@type\":\"EntryPoint\",\"urlTemplate\":\"https:\\\/\\\/adra.md\\\/?s={search_term_string}\"},\"query-input\":{\"@type\":\"PropertyValueSpecification\",\"valueRequired\":true,\"valueName\":\"search_term_string\"}}],\"inLanguage\":\"ru-RU\"},{\"@type\":\"Organization\",\"@id\":\"https:\\\/\\\/adra.md\\\/#organization\",\"name\":\"ADRA Moldova\",\"url\":\"https:\\\/\\\/adra.md\\\/\",\"logo\":{\"@type\":\"ImageObject\",\"inLanguage\":\"ru-RU\",\"@id\":\"https:\\\/\\\/adra.md\\\/#\\\/schema\\\/logo\\\/image\\\/\",\"url\":\"https:\\\/\\\/adra.md\\\/wp-content\\\/uploads\\\/2019\\\/11\\\/group-435.png\",\"contentUrl\":\"https:\\\/\\\/adra.md\\\/wp-content\\\/uploads\\\/2019\\\/11\\\/group-435.png\",\"width\":500,\"height\":133,\"caption\":\"ADRA Moldova\"},\"image\":{\"@id\":\"https:\\\/\\\/adra.md\\\/#\\\/schema\\\/logo\\\/image\\\/\"}},{\"@type\":\"Person\",\"@id\":\"https:\\\/\\\/adra.md\\\/#\\\/schema\\\/person\\\/b0181e611ee89738cefb7dc2db2bb8d1\",\"name\":\"ADRA Moldova\",\"url\":\"https:\\\/\\\/adra.md\\\/ru\\\/author\\\/andrei-girleanu\\\/\"}]}<\/script>\n<!-- \/ Yoast SEO plugin. -->","yoast_head_json":{"title":"Peste 700 de persoane, este mult sau pu\u021bin? - ADRA Moldova","robots":{"index":"index","follow":"follow","max-snippet":"max-snippet:-1","max-image-preview":"max-image-preview:large","max-video-preview":"max-video-preview:-1"},"canonical":"https:\/\/adra.md\/ru\/peste-700-de-persoane-este-mult-sau-putin\/","og_locale":"ru_RU","og_type":"article","og_title":"Peste 700 de persoane, este mult sau pu\u021bin? - ADRA Moldova","og_description":"ADRA Moldova \u00een colaborare cu @iommoldova , ofer\u0103 sprijin financiar vital refugia\u021bilor ucraineni \u0219i cet\u0103\u021benilor din alte \u021b\u0103ri afla\u021bi pe malul st\u00e2ng al Nistrului, pentru a le asigura accesul la ajutor umanitar. \u00cen fiecare lun\u0103, 700 de persoane beneficiaz\u0103 de asisten\u021ba \u00een numerar oferit\u0103 prin programul MPCA, datorit\u0103 sprijinului Uniunii Europene \u0219i ECHO. EU Civil [&hellip;]","og_url":"https:\/\/adra.md\/ru\/peste-700-de-persoane-este-mult-sau-putin\/","og_site_name":"ADRA Moldova","article_published_time":"2025-01-06T11:18:22+00:00","og_image":[{"width":1440,"height":1800,"url":"https:\/\/adra.md\/wp-content\/uploads\/2025\/01\/470797506_17979273899795376_3891548156634272486_n.jpg","type":"image\/jpeg"}],"author":"ADRA Moldova","twitter_card":"summary_large_image","twitter_misc":{"\u041d\u0430\u043f\u0438\u0441\u0430\u043d\u043e \u0430\u0432\u0442\u043e\u0440\u043e\u043c":"ADRA Moldova"},"schema":{"@context":"https:\/\/schema.org","@graph":[{"@type":"Article","@id":"https:\/\/adra.md\/peste-700-de-persoane-este-mult-sau-putin\/#article","isPartOf":{"@id":"https:\/\/adra.md\/peste-700-de-persoane-este-mult-sau-putin\/"},"author":{"name":"ADRA Moldova","@id":"https:\/\/adra.md\/#\/schema\/person\/b0181e611ee89738cefb7dc2db2bb8d1"},"headline":"Peste 700 de persoane, este mult sau pu\u021bin?","datePublished":"2025-01-06T11:18:22+00:00","mainEntityOfPage":{"@id":"https:\/\/adra.md\/peste-700-de-persoane-este-mult-sau-putin\/"},"wordCount":81,"publisher":{"@id":"https:\/\/adra.md\/#organization"},"image":{"@id":"https:\/\/adra.md\/peste-700-de-persoane-este-mult-sau-putin\/#primaryimage"},"thumbnailUrl":"https:\/\/adra.md\/wp-content\/uploads\/2025\/01\/470797506_17979273899795376_3891548156634272486_n.jpg","articleSection":["News"],"inLanguage":"ru-RU"},{"@type":"WebPage","@id":"https:\/\/adra.md\/peste-700-de-persoane-este-mult-sau-putin\/","url":"https:\/\/adra.md\/peste-700-de-persoane-este-mult-sau-putin\/","name":"Peste 700 de persoane, este mult sau pu\u021bin? - ADRA Moldova","isPartOf":{"@id":"https:\/\/adra.md\/#website"},"primaryImageOfPage":{"@id":"https:\/\/adra.md\/peste-700-de-persoane-este-mult-sau-putin\/#primaryimage"},"image":{"@id":"https:\/\/adra.md\/peste-700-de-persoane-este-mult-sau-putin\/#primaryimage"},"thumbnailUrl":"https:\/\/adra.md\/wp-content\/uploads\/2025\/01\/470797506_17979273899795376_3891548156634272486_n.jpg","datePublished":"2025-01-06T11:18:22+00:00","breadcrumb":{"@id":"https:\/\/adra.md\/peste-700-de-persoane-este-mult-sau-putin\/#breadcrumb"},"inLanguage":"ru-RU","potentialAction":[{"@type":"ReadAction","target":["https:\/\/adra.md\/peste-700-de-persoane-este-mult-sau-putin\/"]}]},{"@type":"ImageObject","inLanguage":"ru-RU","@id":"https:\/\/adra.md\/peste-700-de-persoane-este-mult-sau-putin\/#primaryimage","url":"https:\/\/adra.md\/wp-content\/uploads\/2025\/01\/470797506_17979273899795376_3891548156634272486_n.jpg","contentUrl":"https:\/\/adra.md\/wp-content\/uploads\/2025\/01\/470797506_17979273899795376_3891548156634272486_n.jpg","width":1440,"height":1800},{"@type":"BreadcrumbList","@id":"https:\/\/adra.md\/peste-700-de-persoane-este-mult-sau-putin\/#breadcrumb","itemListElement":[{"@type":"ListItem","position":1,"name":"Home","item":"https:\/\/adra.md\/"},{"@type":"ListItem","position":2,"name":"Peste 700 de persoane, este mult sau pu\u021bin?"}]},{"@type":"WebSite","@id":"https:\/\/adra.md\/#website","url":"https:\/\/adra.md\/","name":"ADRA Moldova","description":"Agen\u0163ia Adventist\u0103 pentru Dezvoltare, Refacere \u015fi Ajutor","publisher":{"@id":"https:\/\/adra.md\/#organization"},"potentialAction":[{"@type":"SearchAction","target":{"@type":"EntryPoint","urlTemplate":"https:\/\/adra.md\/?s={search_term_string}"},"query-input":{"@type":"PropertyValueSpecification","valueRequired":true,"valueName":"search_term_string"}}],"inLanguage":"ru-RU"},{"@type":"Organization","@id":"https:\/\/adra.md\/#organization","name":"ADRA Moldova","url":"https:\/\/adra.md\/","logo":{"@type":"ImageObject","inLanguage":"ru-RU","@id":"https:\/\/adra.md\/#\/schema\/logo\/image\/","url":"https:\/\/adra.md\/wp-content\/uploads\/2019\/11\/group-435.png","contentUrl":"https:\/\/adra.md\/wp-content\/uploads\/2019\/11\/group-435.png","width":500,"height":133,"caption":"ADRA Moldova"},"image":{"@id":"https:\/\/adra.md\/#\/schema\/logo\/image\/"}},{"@type":"Person","@id":"https:\/\/adra.md\/#\/schema\/person\/b0181e611ee89738cefb7dc2db2bb8d1","name":"ADRA Moldova","url":"https:\/\/adra.md\/ru\/author\/andrei-girleanu\/"}]}},"_links":{"self":[{"href":"https:\/\/adra.md\/ru\/wp-json\/wp\/v2\/posts\/22000","targetHints":{"allow":["GET"]}}],"collection":[{"href":"https:\/\/adra.md\/ru\/wp-json\/wp\/v2\/posts"}],"about":[{"href":"https:\/\/adra.md\/ru\/wp-json\/wp\/v2\/types\/post"}],"author":[{"embeddable":true,"href":"https:\/\/adra.md\/ru\/wp-json\/wp\/v2\/users\/9"}],"replies":[{"embeddable":true,"href":"https:\/\/adra.md\/ru\/wp-json\/wp\/v2\/comments?post=22000"}],"version-history":[{"count":1,"href":"https:\/\/adra.md\/ru\/wp-json\/wp\/v2\/posts\/22000\/revisions"}],"predecessor-version":[{"id":22003,"href":"https:\/\/adra.md\/ru\/wp-json\/wp\/v2\/posts\/22000\/revisions\/22003"}],"wp:featuredmedia":[{"embeddable":true,"href":"https:\/\/adra.md\/ru\/wp-json\/wp\/v2\/media\/22001"}],"wp:attachment":[{"href":"https:\/\/adra.md\/ru\/wp-json\/wp\/v2\/media?parent=22000"}],"wp:term":[{"taxonomy":"category","embeddable":true,"href":"https:\/\/adra.md\/ru\/wp-json\/wp\/v2\/categories?post=22000"},{"taxonomy":"post_tag","embeddable":true,"href":"https:\/\/adra.md\/ru\/wp-json\/wp\/v2\/tags?post=22000"}],"curies":[{"name":"wp","href":"https:\/\/api.w.org\/{rel}","templated":true}]}}