{"id":22143,"date":"2025-04-06T20:13:12","date_gmt":"2025-04-06T20:13:12","guid":{"rendered":"https:\/\/adra.md\/?p=22143"},"modified":"2025-04-06T20:13:12","modified_gmt":"2025-04-06T20:13:12","slug":"cea-mai-creativa-atmosfera-de-toamna","status":"publish","type":"post","link":"https:\/\/adra.md\/ru\/cea-mai-creativa-atmosfera-de-toamna\/","title":{"rendered":"Cea mai creativ\u0103 atmosfer\u0103 de toamn\u0103"},"content":{"rendered":"<div class=\"xdj266r x11i5rnm xat24cr x1mh8g0r x1vvkbs x126k92a\">\n<div dir=\"auto\">Cre\u0103m \u00eempreun\u0103 cu particpantele refugiate, cea mai creativ\u0103 atmosfer\u0103 de toamn\u0103. Astfel activit\u0103\u021bile handycraft devin mai pl\u0103cute \u0219i a\u0219teptate!<\/div>\n<\/div>\n<div class=\"x11i5rnm xat24cr x1mh8g0r x1vvkbs xtlvy1s x126k92a\">\n<div dir=\"auto\"><span class=\"html-span xexx8yu x4uap5 x18d9i69 xkhd6sd x1hl2dhg x16tdsg8 x1vvkbs x3nfvp2 x1j61x8r x1fcty0u xdj266r xat24cr xgzva0m xhhsvwb xxymvpz xlup9mm x1kky2od\"><img decoding=\"async\" class=\"xz74otr x168nmei x13lgxp2 x5pf9jr xo71vjh\" src=\"https:\/\/static.xx.fbcdn.net\/images\/emoji.php\/v9\/t1f\/2\/16\/1f64f.png\" alt=\"\ud83d\ude4f\" width=\"16\" height=\"16\" \/><\/span> Proiect sus\u021binut de <span class=\"html-span xdj266r x11i5rnm xat24cr x1mh8g0r xexx8yu x4uap5 x18d9i69 xkhd6sd x1hl2dhg x16tdsg8 x1vvkbs\"><a class=\"x1i10hfl xjbqb8w x1ejq31n xd10rxx x1sy0etr x17r0tee x972fbf xcfux6l x1qhh985 xm0m39n x9f619 x1ypdohk xt0psk2 xe8uvvx xdj266r x11i5rnm xat24cr x1mh8g0r xexx8yu x4uap5 x18d9i69 xkhd6sd x16tdsg8 x1hl2dhg xggy1nq x1a2a7pz xkrqix3 x1sur9pj x1fey0fg x1s688f\" tabindex=\"0\" role=\"link\" href=\"https:\/\/www.facebook.com\/norwegianrefugeecouncil?__cft__[0]=AZVpY0R6jul5-gqJVLCtQkP7C3gGGIevP7xNZVb9n_n_gdaRnAKLVgVgOrKuLL05qC38HoWSNNWMrfqYK6OXplOgC0CVK0ZbWltuU_c_MhuBDlTecQJLhAY-h2q0IoUc7mi2YzOOYtQ1n_7UusvBVOIVpl6lBUuOGnn1_fp-uk-jBWwmqL9r51vaukTay5sDbco&amp;__tn__=-]K-R\"><span class=\"xt0psk2\"><span class=\"xjp7ctv\">NRC &#8211; Norwegian Refugee Council<\/span><\/span><\/a><\/span><\/div>\n<\/div>\n<div dir=\"auto\"><\/div>\n<div dir=\"auto\"><\/div>\n<div dir=\"auto\"><img fetchpriority=\"high\" decoding=\"async\" class=\"alignnone size-large wp-image-22144\" src=\"https:\/\/adra.md\/wp-content\/uploads\/2025\/04\/463165017_17970774449795376_4471769660275783254_n-819x1024.jpg\" alt=\"\" width=\"800\" height=\"1000\" srcset=\"https:\/\/adra.md\/wp-content\/uploads\/2025\/04\/463165017_17970774449795376_4471769660275783254_n-819x1024.jpg 819w, https:\/\/adra.md\/wp-content\/uploads\/2025\/04\/463165017_17970774449795376_4471769660275783254_n-240x300.jpg 240w, https:\/\/adra.md\/wp-content\/uploads\/2025\/04\/463165017_17970774449795376_4471769660275783254_n-768x960.jpg 768w, https:\/\/adra.md\/wp-content\/uploads\/2025\/04\/463165017_17970774449795376_4471769660275783254_n-1229x1536.jpg 1229w, https:\/\/adra.md\/wp-content\/uploads\/2025\/04\/463165017_17970774449795376_4471769660275783254_n-10x12.jpg 10w, https:\/\/adra.md\/wp-content\/uploads\/2025\/04\/463165017_17970774449795376_4471769660275783254_n.jpg 1440w\" sizes=\"(max-width: 800px) 100vw, 800px\" \/> <img decoding=\"async\" class=\"alignnone size-large wp-image-22145\" src=\"https:\/\/adra.md\/wp-content\/uploads\/2025\/04\/463167449_17970774452795376_2417548157088439285_n-819x1024.jpg\" alt=\"\" width=\"800\" height=\"1000\" srcset=\"https:\/\/adra.md\/wp-content\/uploads\/2025\/04\/463167449_17970774452795376_2417548157088439285_n-819x1024.jpg 819w, https:\/\/adra.md\/wp-content\/uploads\/2025\/04\/463167449_17970774452795376_2417548157088439285_n-240x300.jpg 240w, https:\/\/adra.md\/wp-content\/uploads\/2025\/04\/463167449_17970774452795376_2417548157088439285_n-768x960.jpg 768w, https:\/\/adra.md\/wp-content\/uploads\/2025\/04\/463167449_17970774452795376_2417548157088439285_n-1229x1536.jpg 1229w, https:\/\/adra.md\/wp-content\/uploads\/2025\/04\/463167449_17970774452795376_2417548157088439285_n-10x12.jpg 10w, https:\/\/adra.md\/wp-content\/uploads\/2025\/04\/463167449_17970774452795376_2417548157088439285_n.jpg 1440w\" sizes=\"(max-width: 800px) 100vw, 800px\" \/> <img loading=\"lazy\" decoding=\"async\" class=\"alignnone size-large wp-image-22146\" src=\"https:\/\/adra.md\/wp-content\/uploads\/2025\/04\/463180228_17970774461795376_7582381107405355341_n-819x1024.jpg\" alt=\"\" width=\"800\" height=\"1000\" srcset=\"https:\/\/adra.md\/wp-content\/uploads\/2025\/04\/463180228_17970774461795376_7582381107405355341_n-819x1024.jpg 819w, https:\/\/adra.md\/wp-content\/uploads\/2025\/04\/463180228_17970774461795376_7582381107405355341_n-240x300.jpg 240w, https:\/\/adra.md\/wp-content\/uploads\/2025\/04\/463180228_17970774461795376_7582381107405355341_n-768x960.jpg 768w, https:\/\/adra.md\/wp-content\/uploads\/2025\/04\/463180228_17970774461795376_7582381107405355341_n-1229x1536.jpg 1229w, https:\/\/adra.md\/wp-content\/uploads\/2025\/04\/463180228_17970774461795376_7582381107405355341_n-10x12.jpg 10w, https:\/\/adra.md\/wp-content\/uploads\/2025\/04\/463180228_17970774461795376_7582381107405355341_n.jpg 1440w\" sizes=\"(max-width: 800px) 100vw, 800px\" \/> <img loading=\"lazy\" decoding=\"async\" class=\"alignnone size-large wp-image-22147\" src=\"https:\/\/adra.md\/wp-content\/uploads\/2025\/04\/463274368_17970774470795376_767034150485712246_n-819x1024.jpg\" alt=\"\" width=\"800\" height=\"1000\" srcset=\"https:\/\/adra.md\/wp-content\/uploads\/2025\/04\/463274368_17970774470795376_767034150485712246_n-819x1024.jpg 819w, https:\/\/adra.md\/wp-content\/uploads\/2025\/04\/463274368_17970774470795376_767034150485712246_n-240x300.jpg 240w, https:\/\/adra.md\/wp-content\/uploads\/2025\/04\/463274368_17970774470795376_767034150485712246_n-768x960.jpg 768w, https:\/\/adra.md\/wp-content\/uploads\/2025\/04\/463274368_17970774470795376_767034150485712246_n-1229x1536.jpg 1229w, https:\/\/adra.md\/wp-content\/uploads\/2025\/04\/463274368_17970774470795376_767034150485712246_n-10x12.jpg 10w, https:\/\/adra.md\/wp-content\/uploads\/2025\/04\/463274368_17970774470795376_767034150485712246_n.jpg 1440w\" sizes=\"(max-width: 800px) 100vw, 800px\" \/> <img loading=\"lazy\" decoding=\"async\" class=\"alignnone size-large wp-image-22148\" src=\"https:\/\/adra.md\/wp-content\/uploads\/2025\/04\/463274370_17970774479795376_7829009779144580187_n-819x1024.jpg\" alt=\"\" width=\"800\" height=\"1000\" srcset=\"https:\/\/adra.md\/wp-content\/uploads\/2025\/04\/463274370_17970774479795376_7829009779144580187_n-819x1024.jpg 819w, https:\/\/adra.md\/wp-content\/uploads\/2025\/04\/463274370_17970774479795376_7829009779144580187_n-240x300.jpg 240w, https:\/\/adra.md\/wp-content\/uploads\/2025\/04\/463274370_17970774479795376_7829009779144580187_n-768x960.jpg 768w, https:\/\/adra.md\/wp-content\/uploads\/2025\/04\/463274370_17970774479795376_7829009779144580187_n-1229x1536.jpg 1229w, https:\/\/adra.md\/wp-content\/uploads\/2025\/04\/463274370_17970774479795376_7829009779144580187_n-10x12.jpg 10w, https:\/\/adra.md\/wp-content\/uploads\/2025\/04\/463274370_17970774479795376_7829009779144580187_n.jpg 1440w\" sizes=\"(max-width: 800px) 100vw, 800px\" \/> <img loading=\"lazy\" decoding=\"async\" class=\"alignnone size-large wp-image-22149\" src=\"https:\/\/adra.md\/wp-content\/uploads\/2025\/04\/463274374_17970774413795376_5772699860188298275_n-819x1024.jpg\" alt=\"\" width=\"800\" height=\"1000\" srcset=\"https:\/\/adra.md\/wp-content\/uploads\/2025\/04\/463274374_17970774413795376_5772699860188298275_n-819x1024.jpg 819w, https:\/\/adra.md\/wp-content\/uploads\/2025\/04\/463274374_17970774413795376_5772699860188298275_n-240x300.jpg 240w, https:\/\/adra.md\/wp-content\/uploads\/2025\/04\/463274374_17970774413795376_5772699860188298275_n-768x960.jpg 768w, https:\/\/adra.md\/wp-content\/uploads\/2025\/04\/463274374_17970774413795376_5772699860188298275_n-1229x1536.jpg 1229w, https:\/\/adra.md\/wp-content\/uploads\/2025\/04\/463274374_17970774413795376_5772699860188298275_n-10x12.jpg 10w, https:\/\/adra.md\/wp-content\/uploads\/2025\/04\/463274374_17970774413795376_5772699860188298275_n.jpg 1440w\" sizes=\"(max-width: 800px) 100vw, 800px\" \/> <img loading=\"lazy\" decoding=\"async\" class=\"alignnone size-large wp-image-22150\" src=\"https:\/\/adra.md\/wp-content\/uploads\/2025\/04\/463317179_17970774434795376_2200695483039557880_n-819x1024.jpg\" alt=\"\" width=\"800\" height=\"1000\" srcset=\"https:\/\/adra.md\/wp-content\/uploads\/2025\/04\/463317179_17970774434795376_2200695483039557880_n-819x1024.jpg 819w, https:\/\/adra.md\/wp-content\/uploads\/2025\/04\/463317179_17970774434795376_2200695483039557880_n-240x300.jpg 240w, https:\/\/adra.md\/wp-content\/uploads\/2025\/04\/463317179_17970774434795376_2200695483039557880_n-768x960.jpg 768w, https:\/\/adra.md\/wp-content\/uploads\/2025\/04\/463317179_17970774434795376_2200695483039557880_n-1229x1536.jpg 1229w, https:\/\/adra.md\/wp-content\/uploads\/2025\/04\/463317179_17970774434795376_2200695483039557880_n-10x12.jpg 10w, https:\/\/adra.md\/wp-content\/uploads\/2025\/04\/463317179_17970774434795376_2200695483039557880_n.jpg 1440w\" sizes=\"(max-width: 800px) 100vw, 800px\" \/><\/div>\n<div dir=\"auto\"><\/div>\n","protected":false},"excerpt":{"rendered":"<p>Cre\u0103m \u00eempreun\u0103 cu particpantele refugiate, cea mai creativ\u0103 atmosfer\u0103 de toamn\u0103. Astfel activit\u0103\u021bile handycraft devin mai pl\u0103cute \u0219i a\u0219teptate! Proiect sus\u021binut de NRC &#8211; Norwegian Refugee Council<\/p>","protected":false},"author":9,"featured_media":22149,"comment_status":"closed","ping_status":"closed","sticky":false,"template":"","format":"standard","meta":{"_acf_changed":false,"footnotes":""},"categories":[294],"tags":[],"class_list":["post-22143","post","type-post","status-publish","format-standard","has-post-thumbnail","hentry","category-news"],"acf":[],"yoast_head":"<!-- This site is optimized with the Yoast SEO plugin v27.4 - https:\/\/yoast.com\/product\/yoast-seo-wordpress\/ -->\n<title>Cea mai creativ\u0103 atmosfer\u0103 de toamn\u0103 - ADRA Moldova<\/title>\n<meta name=\"robots\" content=\"index, follow, max-snippet:-1, max-image-preview:large, max-video-preview:-1\" \/>\n<link rel=\"canonical\" href=\"https:\/\/adra.md\/ru\/cea-mai-creativa-atmosfera-de-toamna\/\" \/>\n<meta property=\"og:locale\" content=\"ru_RU\" \/>\n<meta property=\"og:type\" content=\"article\" \/>\n<meta property=\"og:title\" content=\"Cea mai creativ\u0103 atmosfer\u0103 de toamn\u0103 - ADRA Moldova\" \/>\n<meta property=\"og:description\" content=\"Cre\u0103m \u00eempreun\u0103 cu particpantele refugiate, cea mai creativ\u0103 atmosfer\u0103 de toamn\u0103. Astfel activit\u0103\u021bile handycraft devin mai pl\u0103cute \u0219i a\u0219teptate! Proiect sus\u021binut de NRC &#8211; Norwegian Refugee Council\" \/>\n<meta property=\"og:url\" content=\"https:\/\/adra.md\/ru\/cea-mai-creativa-atmosfera-de-toamna\/\" \/>\n<meta property=\"og:site_name\" content=\"ADRA Moldova\" \/>\n<meta property=\"article:published_time\" content=\"2025-04-06T20:13:12+00:00\" \/>\n<meta property=\"og:image\" content=\"https:\/\/adra.md\/wp-content\/uploads\/2025\/04\/463274374_17970774413795376_5772699860188298275_n.jpg\" \/>\n\t<meta property=\"og:image:width\" content=\"1440\" \/>\n\t<meta property=\"og:image:height\" content=\"1800\" \/>\n\t<meta property=\"og:image:type\" content=\"image\/jpeg\" \/>\n<meta name=\"author\" content=\"ADRA Moldova\" \/>\n<meta name=\"twitter:card\" content=\"summary_large_image\" \/>\n<meta name=\"twitter:label1\" content=\"\u041d\u0430\u043f\u0438\u0441\u0430\u043d\u043e \u0430\u0432\u0442\u043e\u0440\u043e\u043c\" \/>\n\t<meta name=\"twitter:data1\" content=\"ADRA Moldova\" \/>\n<script type=\"application\/ld+json\" class=\"yoast-schema-graph\">{\"@context\":\"https:\\\/\\\/schema.org\",\"@graph\":[{\"@type\":\"Article\",\"@id\":\"https:\\\/\\\/adra.md\\\/cea-mai-creativa-atmosfera-de-toamna\\\/#article\",\"isPartOf\":{\"@id\":\"https:\\\/\\\/adra.md\\\/cea-mai-creativa-atmosfera-de-toamna\\\/\"},\"author\":{\"name\":\"ADRA Moldova\",\"@id\":\"https:\\\/\\\/adra.md\\\/#\\\/schema\\\/person\\\/b0181e611ee89738cefb7dc2db2bb8d1\"},\"headline\":\"Cea mai creativ\u0103 atmosfer\u0103 de toamn\u0103\",\"datePublished\":\"2025-04-06T20:13:12+00:00\",\"mainEntityOfPage\":{\"@id\":\"https:\\\/\\\/adra.md\\\/cea-mai-creativa-atmosfera-de-toamna\\\/\"},\"wordCount\":38,\"publisher\":{\"@id\":\"https:\\\/\\\/adra.md\\\/#organization\"},\"image\":{\"@id\":\"https:\\\/\\\/adra.md\\\/cea-mai-creativa-atmosfera-de-toamna\\\/#primaryimage\"},\"thumbnailUrl\":\"https:\\\/\\\/adra.md\\\/wp-content\\\/uploads\\\/2025\\\/04\\\/463274374_17970774413795376_5772699860188298275_n.jpg\",\"articleSection\":[\"News\"],\"inLanguage\":\"ru-RU\"},{\"@type\":\"WebPage\",\"@id\":\"https:\\\/\\\/adra.md\\\/cea-mai-creativa-atmosfera-de-toamna\\\/\",\"url\":\"https:\\\/\\\/adra.md\\\/cea-mai-creativa-atmosfera-de-toamna\\\/\",\"name\":\"Cea mai creativ\u0103 atmosfer\u0103 de toamn\u0103 - ADRA Moldova\",\"isPartOf\":{\"@id\":\"https:\\\/\\\/adra.md\\\/#website\"},\"primaryImageOfPage\":{\"@id\":\"https:\\\/\\\/adra.md\\\/cea-mai-creativa-atmosfera-de-toamna\\\/#primaryimage\"},\"image\":{\"@id\":\"https:\\\/\\\/adra.md\\\/cea-mai-creativa-atmosfera-de-toamna\\\/#primaryimage\"},\"thumbnailUrl\":\"https:\\\/\\\/adra.md\\\/wp-content\\\/uploads\\\/2025\\\/04\\\/463274374_17970774413795376_5772699860188298275_n.jpg\",\"datePublished\":\"2025-04-06T20:13:12+00:00\",\"breadcrumb\":{\"@id\":\"https:\\\/\\\/adra.md\\\/cea-mai-creativa-atmosfera-de-toamna\\\/#breadcrumb\"},\"inLanguage\":\"ru-RU\",\"potentialAction\":[{\"@type\":\"ReadAction\",\"target\":[\"https:\\\/\\\/adra.md\\\/cea-mai-creativa-atmosfera-de-toamna\\\/\"]}]},{\"@type\":\"ImageObject\",\"inLanguage\":\"ru-RU\",\"@id\":\"https:\\\/\\\/adra.md\\\/cea-mai-creativa-atmosfera-de-toamna\\\/#primaryimage\",\"url\":\"https:\\\/\\\/adra.md\\\/wp-content\\\/uploads\\\/2025\\\/04\\\/463274374_17970774413795376_5772699860188298275_n.jpg\",\"contentUrl\":\"https:\\\/\\\/adra.md\\\/wp-content\\\/uploads\\\/2025\\\/04\\\/463274374_17970774413795376_5772699860188298275_n.jpg\",\"width\":1440,\"height\":1800},{\"@type\":\"BreadcrumbList\",\"@id\":\"https:\\\/\\\/adra.md\\\/cea-mai-creativa-atmosfera-de-toamna\\\/#breadcrumb\",\"itemListElement\":[{\"@type\":\"ListItem\",\"position\":1,\"name\":\"Home\",\"item\":\"https:\\\/\\\/adra.md\\\/\"},{\"@type\":\"ListItem\",\"position\":2,\"name\":\"Cea mai creativ\u0103 atmosfer\u0103 de toamn\u0103\"}]},{\"@type\":\"WebSite\",\"@id\":\"https:\\\/\\\/adra.md\\\/#website\",\"url\":\"https:\\\/\\\/adra.md\\\/\",\"name\":\"ADRA Moldova\",\"description\":\"Agen\u0163ia Adventist\u0103 pentru Dezvoltare, Refacere \u015fi Ajutor\",\"publisher\":{\"@id\":\"https:\\\/\\\/adra.md\\\/#organization\"},\"potentialAction\":[{\"@type\":\"SearchAction\",\"target\":{\"@type\":\"EntryPoint\",\"urlTemplate\":\"https:\\\/\\\/adra.md\\\/?s={search_term_string}\"},\"query-input\":{\"@type\":\"PropertyValueSpecification\",\"valueRequired\":true,\"valueName\":\"search_term_string\"}}],\"inLanguage\":\"ru-RU\"},{\"@type\":\"Organization\",\"@id\":\"https:\\\/\\\/adra.md\\\/#organization\",\"name\":\"ADRA Moldova\",\"url\":\"https:\\\/\\\/adra.md\\\/\",\"logo\":{\"@type\":\"ImageObject\",\"inLanguage\":\"ru-RU\",\"@id\":\"https:\\\/\\\/adra.md\\\/#\\\/schema\\\/logo\\\/image\\\/\",\"url\":\"https:\\\/\\\/adra.md\\\/wp-content\\\/uploads\\\/2019\\\/11\\\/group-435.png\",\"contentUrl\":\"https:\\\/\\\/adra.md\\\/wp-content\\\/uploads\\\/2019\\\/11\\\/group-435.png\",\"width\":500,\"height\":133,\"caption\":\"ADRA Moldova\"},\"image\":{\"@id\":\"https:\\\/\\\/adra.md\\\/#\\\/schema\\\/logo\\\/image\\\/\"}},{\"@type\":\"Person\",\"@id\":\"https:\\\/\\\/adra.md\\\/#\\\/schema\\\/person\\\/b0181e611ee89738cefb7dc2db2bb8d1\",\"name\":\"ADRA Moldova\",\"url\":\"https:\\\/\\\/adra.md\\\/ru\\\/author\\\/andrei-girleanu\\\/\"}]}<\/script>\n<!-- \/ Yoast SEO plugin. -->","yoast_head_json":{"title":"Cea mai creativ\u0103 atmosfer\u0103 de toamn\u0103 - ADRA Moldova","robots":{"index":"index","follow":"follow","max-snippet":"max-snippet:-1","max-image-preview":"max-image-preview:large","max-video-preview":"max-video-preview:-1"},"canonical":"https:\/\/adra.md\/ru\/cea-mai-creativa-atmosfera-de-toamna\/","og_locale":"ru_RU","og_type":"article","og_title":"Cea mai creativ\u0103 atmosfer\u0103 de toamn\u0103 - ADRA Moldova","og_description":"Cre\u0103m \u00eempreun\u0103 cu particpantele refugiate, cea mai creativ\u0103 atmosfer\u0103 de toamn\u0103. Astfel activit\u0103\u021bile handycraft devin mai pl\u0103cute \u0219i a\u0219teptate! Proiect sus\u021binut de NRC &#8211; Norwegian Refugee Council","og_url":"https:\/\/adra.md\/ru\/cea-mai-creativa-atmosfera-de-toamna\/","og_site_name":"ADRA Moldova","article_published_time":"2025-04-06T20:13:12+00:00","og_image":[{"width":1440,"height":1800,"url":"https:\/\/adra.md\/wp-content\/uploads\/2025\/04\/463274374_17970774413795376_5772699860188298275_n.jpg","type":"image\/jpeg"}],"author":"ADRA Moldova","twitter_card":"summary_large_image","twitter_misc":{"\u041d\u0430\u043f\u0438\u0441\u0430\u043d\u043e \u0430\u0432\u0442\u043e\u0440\u043e\u043c":"ADRA Moldova"},"schema":{"@context":"https:\/\/schema.org","@graph":[{"@type":"Article","@id":"https:\/\/adra.md\/cea-mai-creativa-atmosfera-de-toamna\/#article","isPartOf":{"@id":"https:\/\/adra.md\/cea-mai-creativa-atmosfera-de-toamna\/"},"author":{"name":"ADRA Moldova","@id":"https:\/\/adra.md\/#\/schema\/person\/b0181e611ee89738cefb7dc2db2bb8d1"},"headline":"Cea mai creativ\u0103 atmosfer\u0103 de toamn\u0103","datePublished":"2025-04-06T20:13:12+00:00","mainEntityOfPage":{"@id":"https:\/\/adra.md\/cea-mai-creativa-atmosfera-de-toamna\/"},"wordCount":38,"publisher":{"@id":"https:\/\/adra.md\/#organization"},"image":{"@id":"https:\/\/adra.md\/cea-mai-creativa-atmosfera-de-toamna\/#primaryimage"},"thumbnailUrl":"https:\/\/adra.md\/wp-content\/uploads\/2025\/04\/463274374_17970774413795376_5772699860188298275_n.jpg","articleSection":["News"],"inLanguage":"ru-RU"},{"@type":"WebPage","@id":"https:\/\/adra.md\/cea-mai-creativa-atmosfera-de-toamna\/","url":"https:\/\/adra.md\/cea-mai-creativa-atmosfera-de-toamna\/","name":"Cea mai creativ\u0103 atmosfer\u0103 de toamn\u0103 - ADRA Moldova","isPartOf":{"@id":"https:\/\/adra.md\/#website"},"primaryImageOfPage":{"@id":"https:\/\/adra.md\/cea-mai-creativa-atmosfera-de-toamna\/#primaryimage"},"image":{"@id":"https:\/\/adra.md\/cea-mai-creativa-atmosfera-de-toamna\/#primaryimage"},"thumbnailUrl":"https:\/\/adra.md\/wp-content\/uploads\/2025\/04\/463274374_17970774413795376_5772699860188298275_n.jpg","datePublished":"2025-04-06T20:13:12+00:00","breadcrumb":{"@id":"https:\/\/adra.md\/cea-mai-creativa-atmosfera-de-toamna\/#breadcrumb"},"inLanguage":"ru-RU","potentialAction":[{"@type":"ReadAction","target":["https:\/\/adra.md\/cea-mai-creativa-atmosfera-de-toamna\/"]}]},{"@type":"ImageObject","inLanguage":"ru-RU","@id":"https:\/\/adra.md\/cea-mai-creativa-atmosfera-de-toamna\/#primaryimage","url":"https:\/\/adra.md\/wp-content\/uploads\/2025\/04\/463274374_17970774413795376_5772699860188298275_n.jpg","contentUrl":"https:\/\/adra.md\/wp-content\/uploads\/2025\/04\/463274374_17970774413795376_5772699860188298275_n.jpg","width":1440,"height":1800},{"@type":"BreadcrumbList","@id":"https:\/\/adra.md\/cea-mai-creativa-atmosfera-de-toamna\/#breadcrumb","itemListElement":[{"@type":"ListItem","position":1,"name":"Home","item":"https:\/\/adra.md\/"},{"@type":"ListItem","position":2,"name":"Cea mai creativ\u0103 atmosfer\u0103 de toamn\u0103"}]},{"@type":"WebSite","@id":"https:\/\/adra.md\/#website","url":"https:\/\/adra.md\/","name":"ADRA Moldova","description":"Agen\u0163ia Adventist\u0103 pentru Dezvoltare, Refacere \u015fi Ajutor","publisher":{"@id":"https:\/\/adra.md\/#organization"},"potentialAction":[{"@type":"SearchAction","target":{"@type":"EntryPoint","urlTemplate":"https:\/\/adra.md\/?s={search_term_string}"},"query-input":{"@type":"PropertyValueSpecification","valueRequired":true,"valueName":"search_term_string"}}],"inLanguage":"ru-RU"},{"@type":"Organization","@id":"https:\/\/adra.md\/#organization","name":"ADRA Moldova","url":"https:\/\/adra.md\/","logo":{"@type":"ImageObject","inLanguage":"ru-RU","@id":"https:\/\/adra.md\/#\/schema\/logo\/image\/","url":"https:\/\/adra.md\/wp-content\/uploads\/2019\/11\/group-435.png","contentUrl":"https:\/\/adra.md\/wp-content\/uploads\/2019\/11\/group-435.png","width":500,"height":133,"caption":"ADRA Moldova"},"image":{"@id":"https:\/\/adra.md\/#\/schema\/logo\/image\/"}},{"@type":"Person","@id":"https:\/\/adra.md\/#\/schema\/person\/b0181e611ee89738cefb7dc2db2bb8d1","name":"ADRA Moldova","url":"https:\/\/adra.md\/ru\/author\/andrei-girleanu\/"}]}},"_links":{"self":[{"href":"https:\/\/adra.md\/ru\/wp-json\/wp\/v2\/posts\/22143","targetHints":{"allow":["GET"]}}],"collection":[{"href":"https:\/\/adra.md\/ru\/wp-json\/wp\/v2\/posts"}],"about":[{"href":"https:\/\/adra.md\/ru\/wp-json\/wp\/v2\/types\/post"}],"author":[{"embeddable":true,"href":"https:\/\/adra.md\/ru\/wp-json\/wp\/v2\/users\/9"}],"replies":[{"embeddable":true,"href":"https:\/\/adra.md\/ru\/wp-json\/wp\/v2\/comments?post=22143"}],"version-history":[{"count":1,"href":"https:\/\/adra.md\/ru\/wp-json\/wp\/v2\/posts\/22143\/revisions"}],"predecessor-version":[{"id":22151,"href":"https:\/\/adra.md\/ru\/wp-json\/wp\/v2\/posts\/22143\/revisions\/22151"}],"wp:featuredmedia":[{"embeddable":true,"href":"https:\/\/adra.md\/ru\/wp-json\/wp\/v2\/media\/22149"}],"wp:attachment":[{"href":"https:\/\/adra.md\/ru\/wp-json\/wp\/v2\/media?parent=22143"}],"wp:term":[{"taxonomy":"category","embeddable":true,"href":"https:\/\/adra.md\/ru\/wp-json\/wp\/v2\/categories?post=22143"},{"taxonomy":"post_tag","embeddable":true,"href":"https:\/\/adra.md\/ru\/wp-json\/wp\/v2\/tags?post=22143"}],"curies":[{"name":"wp","href":"https:\/\/api.w.org\/{rel}","templated":true}]}}