{"id":22195,"date":"2025-04-06T20:34:40","date_gmt":"2025-04-06T20:34:40","guid":{"rendered":"https:\/\/adra.md\/?p=22195"},"modified":"2025-04-06T20:34:40","modified_gmt":"2025-04-06T20:34:40","slug":"va-multumim-ca-ne-sunteti-alaturi-in-aceasta-misiune","status":"publish","type":"post","link":"https:\/\/adra.md\/ru\/va-multumim-ca-ne-sunteti-alaturi-in-aceasta-misiune\/","title":{"rendered":"V\u0103 mul\u021bumim c\u0103 ne sunte\u021bi al\u0103turi \u00een aceast\u0103 misiune!"},"content":{"rendered":"<div class=\"xdj266r x11i5rnm xat24cr x1mh8g0r x1vvkbs x126k92a\">\n<div dir=\"auto\">Mul\u021bumim din suflet <span class=\"html-span xdj266r x11i5rnm xat24cr x1mh8g0r xexx8yu x4uap5 x18d9i69 xkhd6sd x1hl2dhg x16tdsg8 x1vvkbs\"><a class=\"x1i10hfl xjbqb8w x1ejq31n xd10rxx x1sy0etr x17r0tee x972fbf xcfux6l x1qhh985 xm0m39n x9f619 x1ypdohk xt0psk2 xe8uvvx xdj266r x11i5rnm xat24cr x1mh8g0r xexx8yu x4uap5 x18d9i69 xkhd6sd x16tdsg8 x1hl2dhg xggy1nq x1a2a7pz xkrqix3 x1sur9pj x1fey0fg x1s688f\" tabindex=\"0\" role=\"link\" href=\"https:\/\/www.facebook.com\/danskinternationalnoedhjaelp.dk?__cft__[0]=AZVMNjfAQx4yJx5IdUKTObAOFTeUbMOlg0gezgf7N99NR2Q-Nu0yS2xJZ7qJFmAjdMH89LBf7jELniPHu0iBzq4-S8cgfXeZDnITHkPy138EvSKdGaM0iF7OoMo1GlOzT562ht0JEb4YTzEhIAsdNfhJrKEB5coNAaQxWepSNJ_VzenmJ6p4GQgHGlhUj3SPn_w&amp;__tn__=-]K-R\"><span class=\"xt0psk2\"><span class=\"xjp7ctv\">Dansk International Humanit\u00e6r Hj\u00e6lp<\/span><\/span><\/a><\/span>, pentru sprijinul vostru nepre\u021buit! Datorit\u0103 generozit\u0103\u021bii \u0219i implic\u0103rii voastre, cei mai vulnerabili dintre concet\u0103\u021benii no\u0219tri au acces la ajutorul de care au at\u00e2ta nevoie \u2013 premerg\u0103toare, scaune pentru persoane cu dizabilit\u0103\u021bi, c\u00e2rje \u0219i articole ortopedice ce le ofer\u0103 un strop de independen\u021b\u0103 \u0219i confort.<\/div>\n<\/div>\n<div class=\"x11i5rnm xat24cr x1mh8g0r x1vvkbs xtlvy1s x126k92a\">\n<div dir=\"auto\">De asemenea, suntem recunosc\u0103tori pentru mobilierul oferit multor \u0219coli din Republica Moldova \u2013 mese, scaune, table interactive, calculatoare \u0219i jocuri educative. Aceste resurse sunt o adev\u0103rat\u0103 binecuv\u00e2ntare pentru procesul de \u00eenv\u0103\u021b\u0103m\u00e2nt, facilit\u00e2nd accesul copiilor la educa\u021bie de calitate \u0219i \u00eencuraj\u00e2ndu-i s\u0103 exploreze lumea digital\u0103.<\/div>\n<\/div>\n<div class=\"x11i5rnm xat24cr x1mh8g0r x1vvkbs xtlvy1s x126k92a\">\n<div dir=\"auto\">Cu ajutorul vostru, Danish International Help, facem o diferen\u021b\u0103 real\u0103 \u00een vie\u021bile acestor oameni! V\u0103 mul\u021bumim c\u0103 ne sunte\u021bi al\u0103turi \u00een aceast\u0103 misiune! <span class=\"html-span xexx8yu x4uap5 x18d9i69 xkhd6sd x1hl2dhg x16tdsg8 x1vvkbs x3nfvp2 x1j61x8r x1fcty0u xdj266r xat24cr xgzva0m xhhsvwb xxymvpz xlup9mm x1kky2od\"><img decoding=\"async\" class=\"xz74otr x168nmei x13lgxp2 x5pf9jr xo71vjh\" src=\"https:\/\/static.xx.fbcdn.net\/images\/emoji.php\/v9\/t1f\/2\/16\/1f64f.png\" alt=\"\ud83d\ude4f\" width=\"16\" height=\"16\" \/><\/span><\/div>\n<\/div>\n<div class=\"x11i5rnm xat24cr x1mh8g0r x1vvkbs xtlvy1s x126k92a\">\n<div dir=\"auto\"><span class=\"html-span xexx8yu x4uap5 x18d9i69 xkhd6sd x1hl2dhg x16tdsg8 x1vvkbs x3nfvp2 x1j61x8r x1fcty0u xdj266r xat24cr xgzva0m xhhsvwb xxymvpz xlup9mm x1kky2od\"><img decoding=\"async\" class=\"xz74otr x168nmei x13lgxp2 x5pf9jr xo71vjh\" src=\"https:\/\/static.xx.fbcdn.net\/images\/emoji.php\/v9\/tee\/2\/16\/2600.png\" alt=\"\u2600\ufe0f\" width=\"16\" height=\"16\" \/><\/span> Distribuirea acestui ajutor umanitar este posibil\u0103 datorit\u0103 voluntarilor ADRA, membri ai Bisericii Adventiste de Ziua a \u0218aptea.<\/div>\n<\/div>\n<div class=\"x11i5rnm xat24cr x1mh8g0r x1vvkbs xtlvy1s x126k92a\">\n<div dir=\"auto\"><span class=\"html-span xdj266r x11i5rnm xat24cr x1mh8g0r xexx8yu x4uap5 x18d9i69 xkhd6sd x1hl2dhg x16tdsg8 x1vvkbs\"><a class=\"x1i10hfl xjbqb8w x1ejq31n xd10rxx x1sy0etr x17r0tee x972fbf xcfux6l x1qhh985 xm0m39n x9f619 x1ypdohk xt0psk2 xe8uvvx xdj266r x11i5rnm xat24cr x1mh8g0r xexx8yu x4uap5 x18d9i69 xkhd6sd x16tdsg8 x1hl2dhg xggy1nq x1a2a7pz xkrqix3 x1sur9pj x1fey0fg x1s688f\" tabindex=\"0\" role=\"link\" href=\"https:\/\/www.facebook.com\/hashtag\/adra?__eep__=6&amp;__cft__[0]=AZVMNjfAQx4yJx5IdUKTObAOFTeUbMOlg0gezgf7N99NR2Q-Nu0yS2xJZ7qJFmAjdMH89LBf7jELniPHu0iBzq4-S8cgfXeZDnITHkPy138EvSKdGaM0iF7OoMo1GlOzT562ht0JEb4YTzEhIAsdNfhJrKEB5coNAaQxWepSNJ_VzenmJ6p4GQgHGlhUj3SPn_w&amp;__tn__=*NK-R\">#adra<\/a><\/span> <span class=\"html-span xdj266r x11i5rnm xat24cr x1mh8g0r xexx8yu x4uap5 x18d9i69 xkhd6sd x1hl2dhg x16tdsg8 x1vvkbs\"><a class=\"x1i10hfl xjbqb8w x1ejq31n xd10rxx x1sy0etr x17r0tee x972fbf xcfux6l x1qhh985 xm0m39n x9f619 x1ypdohk xt0psk2 xe8uvvx xdj266r x11i5rnm xat24cr x1mh8g0r xexx8yu x4uap5 x18d9i69 xkhd6sd x16tdsg8 x1hl2dhg xggy1nq x1a2a7pz xkrqix3 x1sur9pj x1fey0fg x1s688f\" tabindex=\"0\" role=\"link\" href=\"https:\/\/www.facebook.com\/hashtag\/adramoldova?__eep__=6&amp;__cft__[0]=AZVMNjfAQx4yJx5IdUKTObAOFTeUbMOlg0gezgf7N99NR2Q-Nu0yS2xJZ7qJFmAjdMH89LBf7jELniPHu0iBzq4-S8cgfXeZDnITHkPy138EvSKdGaM0iF7OoMo1GlOzT562ht0JEb4YTzEhIAsdNfhJrKEB5coNAaQxWepSNJ_VzenmJ6p4GQgHGlhUj3SPn_w&amp;__tn__=*NK-R\">#adramoldova<\/a><\/span> <span class=\"html-span xdj266r x11i5rnm xat24cr x1mh8g0r xexx8yu x4uap5 x18d9i69 xkhd6sd x1hl2dhg x16tdsg8 x1vvkbs\"><a class=\"x1i10hfl xjbqb8w x1ejq31n xd10rxx x1sy0etr x17r0tee x972fbf xcfux6l x1qhh985 xm0m39n x9f619 x1ypdohk xt0psk2 xe8uvvx xdj266r x11i5rnm xat24cr x1mh8g0r xexx8yu x4uap5 x18d9i69 xkhd6sd x16tdsg8 x1hl2dhg xggy1nq x1a2a7pz xkrqix3 x1sur9pj x1fey0fg x1s688f\" tabindex=\"0\" role=\"link\" href=\"https:\/\/www.facebook.com\/hashtag\/danishhelp?__eep__=6&amp;__cft__[0]=AZVMNjfAQx4yJx5IdUKTObAOFTeUbMOlg0gezgf7N99NR2Q-Nu0yS2xJZ7qJFmAjdMH89LBf7jELniPHu0iBzq4-S8cgfXeZDnITHkPy138EvSKdGaM0iF7OoMo1GlOzT562ht0JEb4YTzEhIAsdNfhJrKEB5coNAaQxWepSNJ_VzenmJ6p4GQgHGlhUj3SPn_w&amp;__tn__=*NK-R\">#danishhelp<\/a><\/span> <span class=\"html-span xdj266r x11i5rnm xat24cr x1mh8g0r xexx8yu x4uap5 x18d9i69 xkhd6sd x1hl2dhg x16tdsg8 x1vvkbs\"><a class=\"x1i10hfl xjbqb8w x1ejq31n xd10rxx x1sy0etr x17r0tee x972fbf xcfux6l x1qhh985 xm0m39n x9f619 x1ypdohk xt0psk2 xe8uvvx xdj266r x11i5rnm xat24cr x1mh8g0r xexx8yu x4uap5 x18d9i69 xkhd6sd x16tdsg8 x1hl2dhg xggy1nq x1a2a7pz xkrqix3 x1sur9pj x1fey0fg x1s688f\" tabindex=\"0\" role=\"link\" href=\"https:\/\/www.facebook.com\/hashtag\/danishinternationalhumanitarianaid?__eep__=6&amp;__cft__[0]=AZVMNjfAQx4yJx5IdUKTObAOFTeUbMOlg0gezgf7N99NR2Q-Nu0yS2xJZ7qJFmAjdMH89LBf7jELniPHu0iBzq4-S8cgfXeZDnITHkPy138EvSKdGaM0iF7OoMo1GlOzT562ht0JEb4YTzEhIAsdNfhJrKEB5coNAaQxWepSNJ_VzenmJ6p4GQgHGlhUj3SPn_w&amp;__tn__=*NK-R\">#danishinternationalhumanitarianaid<\/a><\/span><\/div>\n<\/div>\n<div dir=\"auto\"><img fetchpriority=\"high\" decoding=\"async\" class=\"alignnone size-large wp-image-22196\" src=\"https:\/\/adra.md\/wp-content\/uploads\/2025\/04\/465852183_17973546593795376_5680348550081039663_n-1024x580.jpg\" alt=\"\" width=\"800\" height=\"453\" srcset=\"https:\/\/adra.md\/wp-content\/uploads\/2025\/04\/465852183_17973546593795376_5680348550081039663_n-1024x580.jpg 1024w, https:\/\/adra.md\/wp-content\/uploads\/2025\/04\/465852183_17973546593795376_5680348550081039663_n-300x170.jpg 300w, https:\/\/adra.md\/wp-content\/uploads\/2025\/04\/465852183_17973546593795376_5680348550081039663_n-768x435.jpg 768w, https:\/\/adra.md\/wp-content\/uploads\/2025\/04\/465852183_17973546593795376_5680348550081039663_n-18x10.jpg 18w, https:\/\/adra.md\/wp-content\/uploads\/2025\/04\/465852183_17973546593795376_5680348550081039663_n.jpg 1108w\" sizes=\"(max-width: 800px) 100vw, 800px\" \/> <img loading=\"lazy\" decoding=\"async\" class=\"alignnone size-large wp-image-22197\" src=\"https:\/\/adra.md\/wp-content\/uploads\/2025\/04\/465875772_17973546584795376_7853146778052808873_n-1024x581.jpg\" alt=\"\" width=\"800\" height=\"454\" srcset=\"https:\/\/adra.md\/wp-content\/uploads\/2025\/04\/465875772_17973546584795376_7853146778052808873_n-1024x581.jpg 1024w, https:\/\/adra.md\/wp-content\/uploads\/2025\/04\/465875772_17973546584795376_7853146778052808873_n-300x170.jpg 300w, https:\/\/adra.md\/wp-content\/uploads\/2025\/04\/465875772_17973546584795376_7853146778052808873_n-768x436.jpg 768w, https:\/\/adra.md\/wp-content\/uploads\/2025\/04\/465875772_17973546584795376_7853146778052808873_n-18x10.jpg 18w, https:\/\/adra.md\/wp-content\/uploads\/2025\/04\/465875772_17973546584795376_7853146778052808873_n.jpg 1162w\" sizes=\"(max-width: 800px) 100vw, 800px\" \/> <img loading=\"lazy\" decoding=\"async\" class=\"alignnone size-large wp-image-22198\" src=\"https:\/\/adra.md\/wp-content\/uploads\/2025\/04\/465884535_17973546575795376_4799794010217088697_n.jpg\" alt=\"\" width=\"800\" height=\"454\" srcset=\"https:\/\/adra.md\/wp-content\/uploads\/2025\/04\/465884535_17973546575795376_4799794010217088697_n.jpg 983w, https:\/\/adra.md\/wp-content\/uploads\/2025\/04\/465884535_17973546575795376_4799794010217088697_n-300x170.jpg 300w, https:\/\/adra.md\/wp-content\/uploads\/2025\/04\/465884535_17973546575795376_4799794010217088697_n-768x436.jpg 768w, https:\/\/adra.md\/wp-content\/uploads\/2025\/04\/465884535_17973546575795376_4799794010217088697_n-18x10.jpg 18w\" sizes=\"(max-width: 800px) 100vw, 800px\" \/><\/div>\n","protected":false},"excerpt":{"rendered":"<p>Mul\u021bumim din suflet Dansk International Humanit\u00e6r Hj\u00e6lp, pentru sprijinul vostru nepre\u021buit! Datorit\u0103 generozit\u0103\u021bii \u0219i implic\u0103rii voastre, cei mai vulnerabili dintre concet\u0103\u021benii no\u0219tri au acces la ajutorul de care au at\u00e2ta nevoie \u2013 premerg\u0103toare, scaune pentru persoane cu dizabilit\u0103\u021bi, c\u00e2rje \u0219i articole ortopedice ce le ofer\u0103 un strop de independen\u021b\u0103 \u0219i confort. De asemenea, suntem recunosc\u0103tori [&hellip;]<\/p>\n","protected":false},"author":9,"featured_media":22197,"comment_status":"closed","ping_status":"closed","sticky":false,"template":"","format":"standard","meta":{"_acf_changed":false,"footnotes":""},"categories":[294],"tags":[],"class_list":["post-22195","post","type-post","status-publish","format-standard","has-post-thumbnail","hentry","category-news"],"acf":[],"yoast_head":"<!-- This site is optimized with the Yoast SEO plugin v27.4 - https:\/\/yoast.com\/product\/yoast-seo-wordpress\/ -->\n<title>V\u0103 mul\u021bumim c\u0103 ne sunte\u021bi al\u0103turi \u00een aceast\u0103 misiune! - ADRA Moldova<\/title>\n<meta name=\"robots\" content=\"index, follow, max-snippet:-1, max-image-preview:large, max-video-preview:-1\" \/>\n<link rel=\"canonical\" href=\"https:\/\/adra.md\/ru\/va-multumim-ca-ne-sunteti-alaturi-in-aceasta-misiune\/\" \/>\n<meta property=\"og:locale\" content=\"ru_RU\" \/>\n<meta property=\"og:type\" content=\"article\" \/>\n<meta property=\"og:title\" content=\"V\u0103 mul\u021bumim c\u0103 ne sunte\u021bi al\u0103turi \u00een aceast\u0103 misiune! - ADRA Moldova\" \/>\n<meta property=\"og:description\" content=\"Mul\u021bumim din suflet Dansk International Humanit\u00e6r Hj\u00e6lp, pentru sprijinul vostru nepre\u021buit! Datorit\u0103 generozit\u0103\u021bii \u0219i implic\u0103rii voastre, cei mai vulnerabili dintre concet\u0103\u021benii no\u0219tri au acces la ajutorul de care au at\u00e2ta nevoie \u2013 premerg\u0103toare, scaune pentru persoane cu dizabilit\u0103\u021bi, c\u00e2rje \u0219i articole ortopedice ce le ofer\u0103 un strop de independen\u021b\u0103 \u0219i confort. De asemenea, suntem recunosc\u0103tori [&hellip;]\" \/>\n<meta property=\"og:url\" content=\"https:\/\/adra.md\/ru\/va-multumim-ca-ne-sunteti-alaturi-in-aceasta-misiune\/\" \/>\n<meta property=\"og:site_name\" content=\"ADRA Moldova\" \/>\n<meta property=\"article:published_time\" content=\"2025-04-06T20:34:40+00:00\" \/>\n<meta property=\"og:image\" content=\"https:\/\/adra.md\/wp-content\/uploads\/2025\/04\/465875772_17973546584795376_7853146778052808873_n.jpg\" \/>\n\t<meta property=\"og:image:width\" content=\"1162\" \/>\n\t<meta property=\"og:image:height\" content=\"659\" \/>\n\t<meta property=\"og:image:type\" content=\"image\/jpeg\" \/>\n<meta name=\"author\" content=\"ADRA Moldova\" \/>\n<meta name=\"twitter:card\" content=\"summary_large_image\" \/>\n<meta name=\"twitter:label1\" content=\"\u041d\u0430\u043f\u0438\u0441\u0430\u043d\u043e \u0430\u0432\u0442\u043e\u0440\u043e\u043c\" \/>\n\t<meta name=\"twitter:data1\" content=\"ADRA Moldova\" \/>\n\t<meta name=\"twitter:label2\" content=\"\u041f\u0440\u0438\u043c\u0435\u0440\u043d\u043e\u0435 \u0432\u0440\u0435\u043c\u044f \u0434\u043b\u044f \u0447\u0442\u0435\u043d\u0438\u044f\" \/>\n\t<meta name=\"twitter:data2\" content=\"1 \u043c\u0438\u043d\u0443\u0442\u0430\" \/>\n<script type=\"application\/ld+json\" class=\"yoast-schema-graph\">{\"@context\":\"https:\\\/\\\/schema.org\",\"@graph\":[{\"@type\":\"Article\",\"@id\":\"https:\\\/\\\/adra.md\\\/va-multumim-ca-ne-sunteti-alaturi-in-aceasta-misiune\\\/#article\",\"isPartOf\":{\"@id\":\"https:\\\/\\\/adra.md\\\/va-multumim-ca-ne-sunteti-alaturi-in-aceasta-misiune\\\/\"},\"author\":{\"name\":\"ADRA Moldova\",\"@id\":\"https:\\\/\\\/adra.md\\\/#\\\/schema\\\/person\\\/b0181e611ee89738cefb7dc2db2bb8d1\"},\"headline\":\"V\u0103 mul\u021bumim c\u0103 ne sunte\u021bi al\u0103turi \u00een aceast\u0103 misiune!\",\"datePublished\":\"2025-04-06T20:34:40+00:00\",\"mainEntityOfPage\":{\"@id\":\"https:\\\/\\\/adra.md\\\/va-multumim-ca-ne-sunteti-alaturi-in-aceasta-misiune\\\/\"},\"wordCount\":173,\"publisher\":{\"@id\":\"https:\\\/\\\/adra.md\\\/#organization\"},\"image\":{\"@id\":\"https:\\\/\\\/adra.md\\\/va-multumim-ca-ne-sunteti-alaturi-in-aceasta-misiune\\\/#primaryimage\"},\"thumbnailUrl\":\"https:\\\/\\\/adra.md\\\/wp-content\\\/uploads\\\/2025\\\/04\\\/465875772_17973546584795376_7853146778052808873_n.jpg\",\"articleSection\":[\"News\"],\"inLanguage\":\"ru-RU\"},{\"@type\":\"WebPage\",\"@id\":\"https:\\\/\\\/adra.md\\\/va-multumim-ca-ne-sunteti-alaturi-in-aceasta-misiune\\\/\",\"url\":\"https:\\\/\\\/adra.md\\\/va-multumim-ca-ne-sunteti-alaturi-in-aceasta-misiune\\\/\",\"name\":\"V\u0103 mul\u021bumim c\u0103 ne sunte\u021bi al\u0103turi \u00een aceast\u0103 misiune! - ADRA Moldova\",\"isPartOf\":{\"@id\":\"https:\\\/\\\/adra.md\\\/#website\"},\"primaryImageOfPage\":{\"@id\":\"https:\\\/\\\/adra.md\\\/va-multumim-ca-ne-sunteti-alaturi-in-aceasta-misiune\\\/#primaryimage\"},\"image\":{\"@id\":\"https:\\\/\\\/adra.md\\\/va-multumim-ca-ne-sunteti-alaturi-in-aceasta-misiune\\\/#primaryimage\"},\"thumbnailUrl\":\"https:\\\/\\\/adra.md\\\/wp-content\\\/uploads\\\/2025\\\/04\\\/465875772_17973546584795376_7853146778052808873_n.jpg\",\"datePublished\":\"2025-04-06T20:34:40+00:00\",\"breadcrumb\":{\"@id\":\"https:\\\/\\\/adra.md\\\/va-multumim-ca-ne-sunteti-alaturi-in-aceasta-misiune\\\/#breadcrumb\"},\"inLanguage\":\"ru-RU\",\"potentialAction\":[{\"@type\":\"ReadAction\",\"target\":[\"https:\\\/\\\/adra.md\\\/va-multumim-ca-ne-sunteti-alaturi-in-aceasta-misiune\\\/\"]}]},{\"@type\":\"ImageObject\",\"inLanguage\":\"ru-RU\",\"@id\":\"https:\\\/\\\/adra.md\\\/va-multumim-ca-ne-sunteti-alaturi-in-aceasta-misiune\\\/#primaryimage\",\"url\":\"https:\\\/\\\/adra.md\\\/wp-content\\\/uploads\\\/2025\\\/04\\\/465875772_17973546584795376_7853146778052808873_n.jpg\",\"contentUrl\":\"https:\\\/\\\/adra.md\\\/wp-content\\\/uploads\\\/2025\\\/04\\\/465875772_17973546584795376_7853146778052808873_n.jpg\",\"width\":1162,\"height\":659},{\"@type\":\"BreadcrumbList\",\"@id\":\"https:\\\/\\\/adra.md\\\/va-multumim-ca-ne-sunteti-alaturi-in-aceasta-misiune\\\/#breadcrumb\",\"itemListElement\":[{\"@type\":\"ListItem\",\"position\":1,\"name\":\"Home\",\"item\":\"https:\\\/\\\/adra.md\\\/\"},{\"@type\":\"ListItem\",\"position\":2,\"name\":\"V\u0103 mul\u021bumim c\u0103 ne sunte\u021bi al\u0103turi \u00een aceast\u0103 misiune!\"}]},{\"@type\":\"WebSite\",\"@id\":\"https:\\\/\\\/adra.md\\\/#website\",\"url\":\"https:\\\/\\\/adra.md\\\/\",\"name\":\"ADRA Moldova\",\"description\":\"Agen\u0163ia Adventist\u0103 pentru Dezvoltare, Refacere \u015fi Ajutor\",\"publisher\":{\"@id\":\"https:\\\/\\\/adra.md\\\/#organization\"},\"potentialAction\":[{\"@type\":\"SearchAction\",\"target\":{\"@type\":\"EntryPoint\",\"urlTemplate\":\"https:\\\/\\\/adra.md\\\/?s={search_term_string}\"},\"query-input\":{\"@type\":\"PropertyValueSpecification\",\"valueRequired\":true,\"valueName\":\"search_term_string\"}}],\"inLanguage\":\"ru-RU\"},{\"@type\":\"Organization\",\"@id\":\"https:\\\/\\\/adra.md\\\/#organization\",\"name\":\"ADRA Moldova\",\"url\":\"https:\\\/\\\/adra.md\\\/\",\"logo\":{\"@type\":\"ImageObject\",\"inLanguage\":\"ru-RU\",\"@id\":\"https:\\\/\\\/adra.md\\\/#\\\/schema\\\/logo\\\/image\\\/\",\"url\":\"https:\\\/\\\/adra.md\\\/wp-content\\\/uploads\\\/2019\\\/11\\\/group-435.png\",\"contentUrl\":\"https:\\\/\\\/adra.md\\\/wp-content\\\/uploads\\\/2019\\\/11\\\/group-435.png\",\"width\":500,\"height\":133,\"caption\":\"ADRA Moldova\"},\"image\":{\"@id\":\"https:\\\/\\\/adra.md\\\/#\\\/schema\\\/logo\\\/image\\\/\"}},{\"@type\":\"Person\",\"@id\":\"https:\\\/\\\/adra.md\\\/#\\\/schema\\\/person\\\/b0181e611ee89738cefb7dc2db2bb8d1\",\"name\":\"ADRA Moldova\",\"url\":\"https:\\\/\\\/adra.md\\\/ru\\\/author\\\/andrei-girleanu\\\/\"}]}<\/script>\n<!-- \/ Yoast SEO plugin. -->","yoast_head_json":{"title":"V\u0103 mul\u021bumim c\u0103 ne sunte\u021bi al\u0103turi \u00een aceast\u0103 misiune! - ADRA Moldova","robots":{"index":"index","follow":"follow","max-snippet":"max-snippet:-1","max-image-preview":"max-image-preview:large","max-video-preview":"max-video-preview:-1"},"canonical":"https:\/\/adra.md\/ru\/va-multumim-ca-ne-sunteti-alaturi-in-aceasta-misiune\/","og_locale":"ru_RU","og_type":"article","og_title":"V\u0103 mul\u021bumim c\u0103 ne sunte\u021bi al\u0103turi \u00een aceast\u0103 misiune! - ADRA Moldova","og_description":"Mul\u021bumim din suflet Dansk International Humanit\u00e6r Hj\u00e6lp, pentru sprijinul vostru nepre\u021buit! Datorit\u0103 generozit\u0103\u021bii \u0219i implic\u0103rii voastre, cei mai vulnerabili dintre concet\u0103\u021benii no\u0219tri au acces la ajutorul de care au at\u00e2ta nevoie \u2013 premerg\u0103toare, scaune pentru persoane cu dizabilit\u0103\u021bi, c\u00e2rje \u0219i articole ortopedice ce le ofer\u0103 un strop de independen\u021b\u0103 \u0219i confort. De asemenea, suntem recunosc\u0103tori [&hellip;]","og_url":"https:\/\/adra.md\/ru\/va-multumim-ca-ne-sunteti-alaturi-in-aceasta-misiune\/","og_site_name":"ADRA Moldova","article_published_time":"2025-04-06T20:34:40+00:00","og_image":[{"width":1162,"height":659,"url":"https:\/\/adra.md\/wp-content\/uploads\/2025\/04\/465875772_17973546584795376_7853146778052808873_n.jpg","type":"image\/jpeg"}],"author":"ADRA Moldova","twitter_card":"summary_large_image","twitter_misc":{"\u041d\u0430\u043f\u0438\u0441\u0430\u043d\u043e \u0430\u0432\u0442\u043e\u0440\u043e\u043c":"ADRA Moldova","\u041f\u0440\u0438\u043c\u0435\u0440\u043d\u043e\u0435 \u0432\u0440\u0435\u043c\u044f \u0434\u043b\u044f \u0447\u0442\u0435\u043d\u0438\u044f":"1 \u043c\u0438\u043d\u0443\u0442\u0430"},"schema":{"@context":"https:\/\/schema.org","@graph":[{"@type":"Article","@id":"https:\/\/adra.md\/va-multumim-ca-ne-sunteti-alaturi-in-aceasta-misiune\/#article","isPartOf":{"@id":"https:\/\/adra.md\/va-multumim-ca-ne-sunteti-alaturi-in-aceasta-misiune\/"},"author":{"name":"ADRA Moldova","@id":"https:\/\/adra.md\/#\/schema\/person\/b0181e611ee89738cefb7dc2db2bb8d1"},"headline":"V\u0103 mul\u021bumim c\u0103 ne sunte\u021bi al\u0103turi \u00een aceast\u0103 misiune!","datePublished":"2025-04-06T20:34:40+00:00","mainEntityOfPage":{"@id":"https:\/\/adra.md\/va-multumim-ca-ne-sunteti-alaturi-in-aceasta-misiune\/"},"wordCount":173,"publisher":{"@id":"https:\/\/adra.md\/#organization"},"image":{"@id":"https:\/\/adra.md\/va-multumim-ca-ne-sunteti-alaturi-in-aceasta-misiune\/#primaryimage"},"thumbnailUrl":"https:\/\/adra.md\/wp-content\/uploads\/2025\/04\/465875772_17973546584795376_7853146778052808873_n.jpg","articleSection":["News"],"inLanguage":"ru-RU"},{"@type":"WebPage","@id":"https:\/\/adra.md\/va-multumim-ca-ne-sunteti-alaturi-in-aceasta-misiune\/","url":"https:\/\/adra.md\/va-multumim-ca-ne-sunteti-alaturi-in-aceasta-misiune\/","name":"V\u0103 mul\u021bumim c\u0103 ne sunte\u021bi al\u0103turi \u00een aceast\u0103 misiune! - ADRA Moldova","isPartOf":{"@id":"https:\/\/adra.md\/#website"},"primaryImageOfPage":{"@id":"https:\/\/adra.md\/va-multumim-ca-ne-sunteti-alaturi-in-aceasta-misiune\/#primaryimage"},"image":{"@id":"https:\/\/adra.md\/va-multumim-ca-ne-sunteti-alaturi-in-aceasta-misiune\/#primaryimage"},"thumbnailUrl":"https:\/\/adra.md\/wp-content\/uploads\/2025\/04\/465875772_17973546584795376_7853146778052808873_n.jpg","datePublished":"2025-04-06T20:34:40+00:00","breadcrumb":{"@id":"https:\/\/adra.md\/va-multumim-ca-ne-sunteti-alaturi-in-aceasta-misiune\/#breadcrumb"},"inLanguage":"ru-RU","potentialAction":[{"@type":"ReadAction","target":["https:\/\/adra.md\/va-multumim-ca-ne-sunteti-alaturi-in-aceasta-misiune\/"]}]},{"@type":"ImageObject","inLanguage":"ru-RU","@id":"https:\/\/adra.md\/va-multumim-ca-ne-sunteti-alaturi-in-aceasta-misiune\/#primaryimage","url":"https:\/\/adra.md\/wp-content\/uploads\/2025\/04\/465875772_17973546584795376_7853146778052808873_n.jpg","contentUrl":"https:\/\/adra.md\/wp-content\/uploads\/2025\/04\/465875772_17973546584795376_7853146778052808873_n.jpg","width":1162,"height":659},{"@type":"BreadcrumbList","@id":"https:\/\/adra.md\/va-multumim-ca-ne-sunteti-alaturi-in-aceasta-misiune\/#breadcrumb","itemListElement":[{"@type":"ListItem","position":1,"name":"Home","item":"https:\/\/adra.md\/"},{"@type":"ListItem","position":2,"name":"V\u0103 mul\u021bumim c\u0103 ne sunte\u021bi al\u0103turi \u00een aceast\u0103 misiune!"}]},{"@type":"WebSite","@id":"https:\/\/adra.md\/#website","url":"https:\/\/adra.md\/","name":"ADRA Moldova","description":"Agen\u0163ia Adventist\u0103 pentru Dezvoltare, Refacere \u015fi Ajutor","publisher":{"@id":"https:\/\/adra.md\/#organization"},"potentialAction":[{"@type":"SearchAction","target":{"@type":"EntryPoint","urlTemplate":"https:\/\/adra.md\/?s={search_term_string}"},"query-input":{"@type":"PropertyValueSpecification","valueRequired":true,"valueName":"search_term_string"}}],"inLanguage":"ru-RU"},{"@type":"Organization","@id":"https:\/\/adra.md\/#organization","name":"ADRA Moldova","url":"https:\/\/adra.md\/","logo":{"@type":"ImageObject","inLanguage":"ru-RU","@id":"https:\/\/adra.md\/#\/schema\/logo\/image\/","url":"https:\/\/adra.md\/wp-content\/uploads\/2019\/11\/group-435.png","contentUrl":"https:\/\/adra.md\/wp-content\/uploads\/2019\/11\/group-435.png","width":500,"height":133,"caption":"ADRA Moldova"},"image":{"@id":"https:\/\/adra.md\/#\/schema\/logo\/image\/"}},{"@type":"Person","@id":"https:\/\/adra.md\/#\/schema\/person\/b0181e611ee89738cefb7dc2db2bb8d1","name":"ADRA Moldova","url":"https:\/\/adra.md\/ru\/author\/andrei-girleanu\/"}]}},"_links":{"self":[{"href":"https:\/\/adra.md\/ru\/wp-json\/wp\/v2\/posts\/22195","targetHints":{"allow":["GET"]}}],"collection":[{"href":"https:\/\/adra.md\/ru\/wp-json\/wp\/v2\/posts"}],"about":[{"href":"https:\/\/adra.md\/ru\/wp-json\/wp\/v2\/types\/post"}],"author":[{"embeddable":true,"href":"https:\/\/adra.md\/ru\/wp-json\/wp\/v2\/users\/9"}],"replies":[{"embeddable":true,"href":"https:\/\/adra.md\/ru\/wp-json\/wp\/v2\/comments?post=22195"}],"version-history":[{"count":1,"href":"https:\/\/adra.md\/ru\/wp-json\/wp\/v2\/posts\/22195\/revisions"}],"predecessor-version":[{"id":22199,"href":"https:\/\/adra.md\/ru\/wp-json\/wp\/v2\/posts\/22195\/revisions\/22199"}],"wp:featuredmedia":[{"embeddable":true,"href":"https:\/\/adra.md\/ru\/wp-json\/wp\/v2\/media\/22197"}],"wp:attachment":[{"href":"https:\/\/adra.md\/ru\/wp-json\/wp\/v2\/media?parent=22195"}],"wp:term":[{"taxonomy":"category","embeddable":true,"href":"https:\/\/adra.md\/ru\/wp-json\/wp\/v2\/categories?post=22195"},{"taxonomy":"post_tag","embeddable":true,"href":"https:\/\/adra.md\/ru\/wp-json\/wp\/v2\/tags?post=22195"}],"curies":[{"name":"wp","href":"https:\/\/api.w.org\/{rel}","templated":true}]}}